{"id":76007,"date":"2025-11-27T15:33:10","date_gmt":"2025-11-27T14:33:10","guid":{"rendered":"https:\/\/dorogimedence.hu\/?p=76007"},"modified":"2025-11-27T15:33:10","modified_gmt":"2025-11-27T14:33:10","slug":"szabadnapos-langlovag-segitett-a-bajoti-tuzesetnel","status":"publish","type":"post","link":"https:\/\/dorogimedence.hu\/index.php\/2025\/11\/27\/szabadnapos-langlovag-segitett-a-bajoti-tuzesetnel\/","title":{"rendered":"Szabadnapos l\u00e1nglovag seg\u00edtett a baj\u00f3ti t\u0171zesetn\u00e9l"},"content":{"rendered":"<div class=\"article-descript\">\n<p><strong>T\u0171z \u00fct\u00f6tt ki november 27-\u00e9n, cs\u00fct\u00f6rt\u00f6k\u00f6n d\u00e9lut\u00e1n 13 \u00f3ra k\u00f6r\u00fcl egy baj\u00f3ti kaz\u00e1nh\u00e1zban, a Kossuth Lajos utc\u00e1ban. A vegyes t\u00fczel\u00e9s\u0171 kaz\u00e1n mellett felhalmozott pap\u00edrok \u00e9s gyerek\u00fcl\u00e9sek \u00e9gtek.<\/strong><\/p>\n<\/div>\n<div class=\"text\">\n<p>Az \u00e9p\u00fcletb\u0151l ki\u00e1raml\u00f3 s\u0171r\u0171 f\u00fcst\u00f6t Seres Attila t\u0171zolt\u00f3 t\u00f6rzsz\u00e1szl\u00f3s, a nyerges\u00fajfalui hivat\u00e1sos \u00e1llom\u00e1ny tagja \u00e9szlelte, aki \u00e9ppen arra haladt \u00e9s meg\u00e1llt seg\u00edteni. A szabadnapos t\u0171zolt\u00f3 felh\u00edvta a 112-es seg\u00e9lyh\u00edv\u00f3t, \u00e1ramtalan\u00edtott \u00e9s elz\u00e1rta a g\u00e1zt.<\/p>\n<p>A ki\u00e9rkez\u0151 nyerges\u00fajfalui hivat\u00e1sos t\u0171zolt\u00f3k egy v\u00edzsug\u00e1rral megf\u00e9kezt\u00e9k a l\u00e1ngokat, illetve kiszell\u0151ztettek. A h\u00e1zat m\u00e1s m\u00f3don is lehet f\u0171teni, lakoss\u00e1gv\u00e9delmi int\u00e9zked\u00e9sre nem volt sz\u00fcks\u00e9g.<\/p>\n<p><em>Forr\u00e1s: Katasztr\u00f3fav\u00e9delem<\/em><br \/>\n<em>Bor\u00edt\u00f3k\u00e9p: illusztr\u00e1ci\u00f3<\/em><\/p>\n<\/div>\n","protected":false},"excerpt":{"rendered":"<p>T\u0171z \u00fct\u00f6tt ki november 27-\u00e9n, cs\u00fct\u00f6rt\u00f6k\u00f6n d\u00e9lut\u00e1n 13 \u00f3ra k\u00f6r\u00fcl egy baj\u00f3ti kaz\u00e1nh\u00e1zban, a Kossuth Lajos utc\u00e1ban. A vegyes t\u00fczel\u00e9s\u0171 kaz\u00e1n mellett felhalmozott pap\u00edrok \u00e9s gyerek\u00fcl\u00e9sek \u00e9gtek. Az \u00e9p\u00fcletb\u0151l ki\u00e1raml\u00f3 s\u0171r\u0171 f\u00fcst\u00f6t Seres Attila t\u0171zolt\u00f3 t\u00f6rzsz\u00e1szl\u00f3s, a nyerges\u00fajfalui hivat\u00e1sos \u00e1llom\u00e1ny tagja \u00e9szlelte, aki \u00e9ppen arra haladt \u00e9s meg\u00e1llt seg\u00edteni. A szabadnapos t\u0171zolt\u00f3 felh\u00edvta a 112-es<\/p>\n","protected":false},"author":1,"featured_media":73838,"comment_status":"closed","ping_status":"closed","sticky":false,"template":"","format":"standard","meta":{"ngg_post_thumbnail":0,"footnotes":""},"categories":[3,39],"tags":[334,175,365,65],"class_list":{"0":"post-76007","1":"post","2":"type-post","3":"status-publish","4":"format-standard","5":"has-post-thumbnail","7":"category-hirek","8":"category-kek-hirek","9":"tag-bajot","10":"tag-katasztrofavedelem","11":"tag-tuzeset","12":"tag-tuzoltosag"},"yoast_head":"<!-- This site is optimized with the Yoast SEO plugin v27.5 - https:\/\/yoast.com\/product\/yoast-seo-wordpress\/ -->\n<title>Szabadnapos l\u00e1nglovag seg\u00edtett a baj\u00f3ti t\u0171zesetn\u00e9l<\/title>\n<meta name=\"robots\" content=\"index, follow, max-snippet:-1, max-image-preview:large, max-video-preview:-1\" \/>\n<link rel=\"canonical\" href=\"https:\/\/dorogimedence.hu\/index.php\/2025\/11\/27\/szabadnapos-langlovag-segitett-a-bajoti-tuzesetnel\/\" class=\"yoast-seo-meta-tag\" \/>\n<meta property=\"og:locale\" content=\"hu_HU\" class=\"yoast-seo-meta-tag\" \/>\n<meta property=\"og:type\" content=\"article\" class=\"yoast-seo-meta-tag\" \/>\n<meta property=\"og:title\" content=\"Szabadnapos l\u00e1nglovag seg\u00edtett a baj\u00f3ti t\u0171zesetn\u00e9l\" class=\"yoast-seo-meta-tag\" \/>\n<meta property=\"og:description\" content=\"T\u0171z \u00fct\u00f6tt ki november 27-\u00e9n, cs\u00fct\u00f6rt\u00f6k\u00f6n d\u00e9lut\u00e1n 13 \u00f3ra k\u00f6r\u00fcl egy baj\u00f3ti kaz\u00e1nh\u00e1zban, a Kossuth Lajos utc\u00e1ban. A vegyes t\u00fczel\u00e9s\u0171 kaz\u00e1n mellett felhalmozott pap\u00edrok \u00e9s gyerek\u00fcl\u00e9sek \u00e9gtek. Az \u00e9p\u00fcletb\u0151l ki\u00e1raml\u00f3 s\u0171r\u0171 f\u00fcst\u00f6t Seres Attila t\u0171zolt\u00f3 t\u00f6rzsz\u00e1szl\u00f3s, a nyerges\u00fajfalui hivat\u00e1sos \u00e1llom\u00e1ny tagja \u00e9szlelte, aki \u00e9ppen arra haladt \u00e9s meg\u00e1llt seg\u00edteni. A szabadnapos t\u0171zolt\u00f3 felh\u00edvta a 112-es\" class=\"yoast-seo-meta-tag\" \/>\n<meta property=\"og:url\" content=\"https:\/\/dorogimedence.hu\/index.php\/2025\/11\/27\/szabadnapos-langlovag-segitett-a-bajoti-tuzesetnel\/\" class=\"yoast-seo-meta-tag\" \/>\n<meta property=\"og:site_name\" content=\"Dorogi-medence Region\u00e1lis H\u00edrport\u00e1l\" class=\"yoast-seo-meta-tag\" \/>\n<meta property=\"article:publisher\" content=\"https:\/\/www.facebook.com\/dorogimedence\/\" class=\"yoast-seo-meta-tag\" \/>\n<meta property=\"article:published_time\" content=\"2025-11-27T14:33:10+00:00\" class=\"yoast-seo-meta-tag\" \/>\n<meta property=\"og:image\" content=\"https:\/\/dorogimedence.hu\/wp-content\/uploads\/2025\/09\/tuzolto-pexels-firefighter-facing-smoky-scene-scaled.jpg\" class=\"yoast-seo-meta-tag\" \/>\n\t<meta property=\"og:image:width\" content=\"2560\" class=\"yoast-seo-meta-tag\" \/>\n\t<meta property=\"og:image:height\" content=\"1920\" class=\"yoast-seo-meta-tag\" \/>\n\t<meta property=\"og:image:type\" content=\"image\/jpeg\" class=\"yoast-seo-meta-tag\" \/>\n<meta name=\"author\" content=\"dorogimedence.hu\" class=\"yoast-seo-meta-tag\" \/>\n<meta name=\"twitter:card\" content=\"summary_large_image\" class=\"yoast-seo-meta-tag\" \/>\n<meta name=\"twitter:label1\" content=\"Szerz\u0151:\" class=\"yoast-seo-meta-tag\" \/>\n\t<meta name=\"twitter:data1\" content=\"dorogimedence.hu\" class=\"yoast-seo-meta-tag\" \/>\n\t<meta name=\"twitter:label2\" content=\"Becs\u00fclt olvas\u00e1si id\u0151\" class=\"yoast-seo-meta-tag\" \/>\n\t<meta name=\"twitter:data2\" content=\"1 perc\" class=\"yoast-seo-meta-tag\" \/>\n<script type=\"application\/ld+json\" class=\"yoast-schema-graph\">{\"@context\":\"https:\\\/\\\/schema.org\",\"@graph\":[{\"@type\":\"Article\",\"@id\":\"https:\\\/\\\/dorogimedence.hu\\\/index.php\\\/2025\\\/11\\\/27\\\/szabadnapos-langlovag-segitett-a-bajoti-tuzesetnel\\\/#article\",\"isPartOf\":{\"@id\":\"https:\\\/\\\/dorogimedence.hu\\\/index.php\\\/2025\\\/11\\\/27\\\/szabadnapos-langlovag-segitett-a-bajoti-tuzesetnel\\\/\"},\"author\":{\"name\":\"dorogimedence.hu\",\"@id\":\"https:\\\/\\\/dorogimedence.hu\\\/#\\\/schema\\\/person\\\/ce6091eeb7e95ecdc87890d6aa8e0fd4\"},\"headline\":\"Szabadnapos l\u00e1nglovag seg\u00edtett a baj\u00f3ti t\u0171zesetn\u00e9l\",\"datePublished\":\"2025-11-27T14:33:10+00:00\",\"mainEntityOfPage\":{\"@id\":\"https:\\\/\\\/dorogimedence.hu\\\/index.php\\\/2025\\\/11\\\/27\\\/szabadnapos-langlovag-segitett-a-bajoti-tuzesetnel\\\/\"},\"wordCount\":171,\"publisher\":{\"@id\":\"https:\\\/\\\/dorogimedence.hu\\\/#organization\"},\"image\":{\"@id\":\"https:\\\/\\\/dorogimedence.hu\\\/index.php\\\/2025\\\/11\\\/27\\\/szabadnapos-langlovag-segitett-a-bajoti-tuzesetnel\\\/#primaryimage\"},\"thumbnailUrl\":\"https:\\\/\\\/dorogimedence.hu\\\/wp-content\\\/uploads\\\/2025\\\/09\\\/tuzolto-pexels-firefighter-facing-smoky-scene-scaled.jpg\",\"keywords\":[\"Baj\u00f3t\",\"katasztr\u00f3fav\u00e9delem\",\"t\u0171zeset\",\"t\u0171zolt\u00f3s\u00e1g\"],\"articleSection\":[\"H\u00edrek\",\"K\u00e9k h\u00edrek\"],\"inLanguage\":\"hu\"},{\"@type\":\"WebPage\",\"@id\":\"https:\\\/\\\/dorogimedence.hu\\\/index.php\\\/2025\\\/11\\\/27\\\/szabadnapos-langlovag-segitett-a-bajoti-tuzesetnel\\\/\",\"url\":\"https:\\\/\\\/dorogimedence.hu\\\/index.php\\\/2025\\\/11\\\/27\\\/szabadnapos-langlovag-segitett-a-bajoti-tuzesetnel\\\/\",\"name\":\"Szabadnapos l\u00e1nglovag seg\u00edtett a baj\u00f3ti t\u0171zesetn\u00e9l\",\"isPartOf\":{\"@id\":\"https:\\\/\\\/dorogimedence.hu\\\/#website\"},\"primaryImageOfPage\":{\"@id\":\"https:\\\/\\\/dorogimedence.hu\\\/index.php\\\/2025\\\/11\\\/27\\\/szabadnapos-langlovag-segitett-a-bajoti-tuzesetnel\\\/#primaryimage\"},\"image\":{\"@id\":\"https:\\\/\\\/dorogimedence.hu\\\/index.php\\\/2025\\\/11\\\/27\\\/szabadnapos-langlovag-segitett-a-bajoti-tuzesetnel\\\/#primaryimage\"},\"thumbnailUrl\":\"https:\\\/\\\/dorogimedence.hu\\\/wp-content\\\/uploads\\\/2025\\\/09\\\/tuzolto-pexels-firefighter-facing-smoky-scene-scaled.jpg\",\"datePublished\":\"2025-11-27T14:33:10+00:00\",\"breadcrumb\":{\"@id\":\"https:\\\/\\\/dorogimedence.hu\\\/index.php\\\/2025\\\/11\\\/27\\\/szabadnapos-langlovag-segitett-a-bajoti-tuzesetnel\\\/#breadcrumb\"},\"inLanguage\":\"hu\",\"potentialAction\":[{\"@type\":\"ReadAction\",\"target\":[\"https:\\\/\\\/dorogimedence.hu\\\/index.php\\\/2025\\\/11\\\/27\\\/szabadnapos-langlovag-segitett-a-bajoti-tuzesetnel\\\/\"]}]},{\"@type\":\"ImageObject\",\"inLanguage\":\"hu\",\"@id\":\"https:\\\/\\\/dorogimedence.hu\\\/index.php\\\/2025\\\/11\\\/27\\\/szabadnapos-langlovag-segitett-a-bajoti-tuzesetnel\\\/#primaryimage\",\"url\":\"https:\\\/\\\/dorogimedence.hu\\\/wp-content\\\/uploads\\\/2025\\\/09\\\/tuzolto-pexels-firefighter-facing-smoky-scene-scaled.jpg\",\"contentUrl\":\"https:\\\/\\\/dorogimedence.hu\\\/wp-content\\\/uploads\\\/2025\\\/09\\\/tuzolto-pexels-firefighter-facing-smoky-scene-scaled.jpg\",\"width\":2560,\"height\":1920},{\"@type\":\"BreadcrumbList\",\"@id\":\"https:\\\/\\\/dorogimedence.hu\\\/index.php\\\/2025\\\/11\\\/27\\\/szabadnapos-langlovag-segitett-a-bajoti-tuzesetnel\\\/#breadcrumb\",\"itemListElement\":[{\"@type\":\"ListItem\",\"position\":1,\"name\":\"Kezd\u0151lap\",\"item\":\"https:\\\/\\\/dorogimedence.hu\\\/\"},{\"@type\":\"ListItem\",\"position\":2,\"name\":\"Szabadnapos l\u00e1nglovag seg\u00edtett a baj\u00f3ti t\u0171zesetn\u00e9l\"}]},{\"@type\":\"WebSite\",\"@id\":\"https:\\\/\\\/dorogimedence.hu\\\/#website\",\"url\":\"https:\\\/\\\/dorogimedence.hu\\\/\",\"name\":\"Dorogi-medence Region\u00e1lis H\u00edrport\u00e1l\",\"description\":\"Dorog, Keszt\u00f6lc, Le\u00e1nyv\u00e1r, Piliscs\u00e9v, Tokod, Tokodalt\u00e1r\u00f3, Csolnok, Esztergom-kertv\u00e1ros: h\u00edrek, programok\",\"publisher\":{\"@id\":\"https:\\\/\\\/dorogimedence.hu\\\/#organization\"},\"potentialAction\":[{\"@type\":\"SearchAction\",\"target\":{\"@type\":\"EntryPoint\",\"urlTemplate\":\"https:\\\/\\\/dorogimedence.hu\\\/?s={search_term_string}\"},\"query-input\":{\"@type\":\"PropertyValueSpecification\",\"valueRequired\":true,\"valueName\":\"search_term_string\"}}],\"inLanguage\":\"hu\"},{\"@type\":\"Organization\",\"@id\":\"https:\\\/\\\/dorogimedence.hu\\\/#organization\",\"name\":\"Dorogi-medence Region\u00e1lis H\u00edrport\u00e1l\",\"url\":\"https:\\\/\\\/dorogimedence.hu\\\/\",\"logo\":{\"@type\":\"ImageObject\",\"inLanguage\":\"hu\",\"@id\":\"https:\\\/\\\/dorogimedence.hu\\\/#\\\/schema\\\/logo\\\/image\\\/\",\"url\":\"https:\\\/\\\/dorogimedence.hu\\\/wp-content\\\/uploads\\\/2021\\\/04\\\/logo-feher-600.png\",\"contentUrl\":\"https:\\\/\\\/dorogimedence.hu\\\/wp-content\\\/uploads\\\/2021\\\/04\\\/logo-feher-600.png\",\"width\":600,\"height\":100,\"caption\":\"Dorogi-medence Region\u00e1lis H\u00edrport\u00e1l\"},\"image\":{\"@id\":\"https:\\\/\\\/dorogimedence.hu\\\/#\\\/schema\\\/logo\\\/image\\\/\"},\"sameAs\":[\"https:\\\/\\\/www.facebook.com\\\/dorogimedence\\\/\"]},{\"@type\":\"Person\",\"@id\":\"https:\\\/\\\/dorogimedence.hu\\\/#\\\/schema\\\/person\\\/ce6091eeb7e95ecdc87890d6aa8e0fd4\",\"name\":\"dorogimedence.hu\",\"image\":{\"@type\":\"ImageObject\",\"inLanguage\":\"hu\",\"@id\":\"\\\/\\\/www.gravatar.com\\\/avatar\\\/d8d45f8901aadff40a4af72c0b826f1d?s=96&#038;r=g&#038;d=mm\",\"url\":\"\\\/\\\/www.gravatar.com\\\/avatar\\\/d8d45f8901aadff40a4af72c0b826f1d?s=96&#038;r=g&#038;d=mm\",\"contentUrl\":\"\\\/\\\/www.gravatar.com\\\/avatar\\\/d8d45f8901aadff40a4af72c0b826f1d?s=96&#038;r=g&#038;d=mm\",\"caption\":\"dorogimedence.hu\"}}]}<\/script>\n<!-- \/ Yoast SEO plugin. -->","yoast_head_json":{"title":"Szabadnapos l\u00e1nglovag seg\u00edtett a baj\u00f3ti t\u0171zesetn\u00e9l","robots":{"index":"index","follow":"follow","max-snippet":"max-snippet:-1","max-image-preview":"max-image-preview:large","max-video-preview":"max-video-preview:-1"},"canonical":"https:\/\/dorogimedence.hu\/index.php\/2025\/11\/27\/szabadnapos-langlovag-segitett-a-bajoti-tuzesetnel\/","og_locale":"hu_HU","og_type":"article","og_title":"Szabadnapos l\u00e1nglovag seg\u00edtett a baj\u00f3ti t\u0171zesetn\u00e9l","og_description":"T\u0171z \u00fct\u00f6tt ki november 27-\u00e9n, cs\u00fct\u00f6rt\u00f6k\u00f6n d\u00e9lut\u00e1n 13 \u00f3ra k\u00f6r\u00fcl egy baj\u00f3ti kaz\u00e1nh\u00e1zban, a Kossuth Lajos utc\u00e1ban. A vegyes t\u00fczel\u00e9s\u0171 kaz\u00e1n mellett felhalmozott pap\u00edrok \u00e9s gyerek\u00fcl\u00e9sek \u00e9gtek. Az \u00e9p\u00fcletb\u0151l ki\u00e1raml\u00f3 s\u0171r\u0171 f\u00fcst\u00f6t Seres Attila t\u0171zolt\u00f3 t\u00f6rzsz\u00e1szl\u00f3s, a nyerges\u00fajfalui hivat\u00e1sos \u00e1llom\u00e1ny tagja \u00e9szlelte, aki \u00e9ppen arra haladt \u00e9s meg\u00e1llt seg\u00edteni. A szabadnapos t\u0171zolt\u00f3 felh\u00edvta a 112-es","og_url":"https:\/\/dorogimedence.hu\/index.php\/2025\/11\/27\/szabadnapos-langlovag-segitett-a-bajoti-tuzesetnel\/","og_site_name":"Dorogi-medence Region\u00e1lis H\u00edrport\u00e1l","article_publisher":"https:\/\/www.facebook.com\/dorogimedence\/","article_published_time":"2025-11-27T14:33:10+00:00","og_image":[{"width":2560,"height":1920,"url":"https:\/\/dorogimedence.hu\/wp-content\/uploads\/2025\/09\/tuzolto-pexels-firefighter-facing-smoky-scene-scaled.jpg","type":"image\/jpeg"}],"author":"dorogimedence.hu","twitter_card":"summary_large_image","twitter_misc":{"Szerz\u0151:":"dorogimedence.hu","Becs\u00fclt olvas\u00e1si id\u0151":"1 perc"},"schema":{"@context":"https:\/\/schema.org","@graph":[{"@type":"Article","@id":"https:\/\/dorogimedence.hu\/index.php\/2025\/11\/27\/szabadnapos-langlovag-segitett-a-bajoti-tuzesetnel\/#article","isPartOf":{"@id":"https:\/\/dorogimedence.hu\/index.php\/2025\/11\/27\/szabadnapos-langlovag-segitett-a-bajoti-tuzesetnel\/"},"author":{"name":"dorogimedence.hu","@id":"https:\/\/dorogimedence.hu\/#\/schema\/person\/ce6091eeb7e95ecdc87890d6aa8e0fd4"},"headline":"Szabadnapos l\u00e1nglovag seg\u00edtett a baj\u00f3ti t\u0171zesetn\u00e9l","datePublished":"2025-11-27T14:33:10+00:00","mainEntityOfPage":{"@id":"https:\/\/dorogimedence.hu\/index.php\/2025\/11\/27\/szabadnapos-langlovag-segitett-a-bajoti-tuzesetnel\/"},"wordCount":171,"publisher":{"@id":"https:\/\/dorogimedence.hu\/#organization"},"image":{"@id":"https:\/\/dorogimedence.hu\/index.php\/2025\/11\/27\/szabadnapos-langlovag-segitett-a-bajoti-tuzesetnel\/#primaryimage"},"thumbnailUrl":"https:\/\/dorogimedence.hu\/wp-content\/uploads\/2025\/09\/tuzolto-pexels-firefighter-facing-smoky-scene-scaled.jpg","keywords":["Baj\u00f3t","katasztr\u00f3fav\u00e9delem","t\u0171zeset","t\u0171zolt\u00f3s\u00e1g"],"articleSection":["H\u00edrek","K\u00e9k h\u00edrek"],"inLanguage":"hu"},{"@type":"WebPage","@id":"https:\/\/dorogimedence.hu\/index.php\/2025\/11\/27\/szabadnapos-langlovag-segitett-a-bajoti-tuzesetnel\/","url":"https:\/\/dorogimedence.hu\/index.php\/2025\/11\/27\/szabadnapos-langlovag-segitett-a-bajoti-tuzesetnel\/","name":"Szabadnapos l\u00e1nglovag seg\u00edtett a baj\u00f3ti t\u0171zesetn\u00e9l","isPartOf":{"@id":"https:\/\/dorogimedence.hu\/#website"},"primaryImageOfPage":{"@id":"https:\/\/dorogimedence.hu\/index.php\/2025\/11\/27\/szabadnapos-langlovag-segitett-a-bajoti-tuzesetnel\/#primaryimage"},"image":{"@id":"https:\/\/dorogimedence.hu\/index.php\/2025\/11\/27\/szabadnapos-langlovag-segitett-a-bajoti-tuzesetnel\/#primaryimage"},"thumbnailUrl":"https:\/\/dorogimedence.hu\/wp-content\/uploads\/2025\/09\/tuzolto-pexels-firefighter-facing-smoky-scene-scaled.jpg","datePublished":"2025-11-27T14:33:10+00:00","breadcrumb":{"@id":"https:\/\/dorogimedence.hu\/index.php\/2025\/11\/27\/szabadnapos-langlovag-segitett-a-bajoti-tuzesetnel\/#breadcrumb"},"inLanguage":"hu","potentialAction":[{"@type":"ReadAction","target":["https:\/\/dorogimedence.hu\/index.php\/2025\/11\/27\/szabadnapos-langlovag-segitett-a-bajoti-tuzesetnel\/"]}]},{"@type":"ImageObject","inLanguage":"hu","@id":"https:\/\/dorogimedence.hu\/index.php\/2025\/11\/27\/szabadnapos-langlovag-segitett-a-bajoti-tuzesetnel\/#primaryimage","url":"https:\/\/dorogimedence.hu\/wp-content\/uploads\/2025\/09\/tuzolto-pexels-firefighter-facing-smoky-scene-scaled.jpg","contentUrl":"https:\/\/dorogimedence.hu\/wp-content\/uploads\/2025\/09\/tuzolto-pexels-firefighter-facing-smoky-scene-scaled.jpg","width":2560,"height":1920},{"@type":"BreadcrumbList","@id":"https:\/\/dorogimedence.hu\/index.php\/2025\/11\/27\/szabadnapos-langlovag-segitett-a-bajoti-tuzesetnel\/#breadcrumb","itemListElement":[{"@type":"ListItem","position":1,"name":"Kezd\u0151lap","item":"https:\/\/dorogimedence.hu\/"},{"@type":"ListItem","position":2,"name":"Szabadnapos l\u00e1nglovag seg\u00edtett a baj\u00f3ti t\u0171zesetn\u00e9l"}]},{"@type":"WebSite","@id":"https:\/\/dorogimedence.hu\/#website","url":"https:\/\/dorogimedence.hu\/","name":"Dorogi-medence Region\u00e1lis H\u00edrport\u00e1l","description":"Dorog, Keszt\u00f6lc, Le\u00e1nyv\u00e1r, Piliscs\u00e9v, Tokod, Tokodalt\u00e1r\u00f3, Csolnok, Esztergom-kertv\u00e1ros: h\u00edrek, programok","publisher":{"@id":"https:\/\/dorogimedence.hu\/#organization"},"potentialAction":[{"@type":"SearchAction","target":{"@type":"EntryPoint","urlTemplate":"https:\/\/dorogimedence.hu\/?s={search_term_string}"},"query-input":{"@type":"PropertyValueSpecification","valueRequired":true,"valueName":"search_term_string"}}],"inLanguage":"hu"},{"@type":"Organization","@id":"https:\/\/dorogimedence.hu\/#organization","name":"Dorogi-medence Region\u00e1lis H\u00edrport\u00e1l","url":"https:\/\/dorogimedence.hu\/","logo":{"@type":"ImageObject","inLanguage":"hu","@id":"https:\/\/dorogimedence.hu\/#\/schema\/logo\/image\/","url":"https:\/\/dorogimedence.hu\/wp-content\/uploads\/2021\/04\/logo-feher-600.png","contentUrl":"https:\/\/dorogimedence.hu\/wp-content\/uploads\/2021\/04\/logo-feher-600.png","width":600,"height":100,"caption":"Dorogi-medence Region\u00e1lis H\u00edrport\u00e1l"},"image":{"@id":"https:\/\/dorogimedence.hu\/#\/schema\/logo\/image\/"},"sameAs":["https:\/\/www.facebook.com\/dorogimedence\/"]},{"@type":"Person","@id":"https:\/\/dorogimedence.hu\/#\/schema\/person\/ce6091eeb7e95ecdc87890d6aa8e0fd4","name":"dorogimedence.hu","image":{"@type":"ImageObject","inLanguage":"hu","@id":"\/\/www.gravatar.com\/avatar\/d8d45f8901aadff40a4af72c0b826f1d?s=96&#038;r=g&#038;d=mm","url":"\/\/www.gravatar.com\/avatar\/d8d45f8901aadff40a4af72c0b826f1d?s=96&#038;r=g&#038;d=mm","contentUrl":"\/\/www.gravatar.com\/avatar\/d8d45f8901aadff40a4af72c0b826f1d?s=96&#038;r=g&#038;d=mm","caption":"dorogimedence.hu"}}]}},"_links":{"self":[{"href":"https:\/\/dorogimedence.hu\/index.php\/wp-json\/wp\/v2\/posts\/76007","targetHints":{"allow":["GET"]}}],"collection":[{"href":"https:\/\/dorogimedence.hu\/index.php\/wp-json\/wp\/v2\/posts"}],"about":[{"href":"https:\/\/dorogimedence.hu\/index.php\/wp-json\/wp\/v2\/types\/post"}],"author":[{"embeddable":true,"href":"https:\/\/dorogimedence.hu\/index.php\/wp-json\/wp\/v2\/users\/1"}],"replies":[{"embeddable":true,"href":"https:\/\/dorogimedence.hu\/index.php\/wp-json\/wp\/v2\/comments?post=76007"}],"version-history":[{"count":0,"href":"https:\/\/dorogimedence.hu\/index.php\/wp-json\/wp\/v2\/posts\/76007\/revisions"}],"wp:featuredmedia":[{"embeddable":true,"href":"https:\/\/dorogimedence.hu\/index.php\/wp-json\/wp\/v2\/media\/73838"}],"wp:attachment":[{"href":"https:\/\/dorogimedence.hu\/index.php\/wp-json\/wp\/v2\/media?parent=76007"}],"wp:term":[{"taxonomy":"category","embeddable":true,"href":"https:\/\/dorogimedence.hu\/index.php\/wp-json\/wp\/v2\/categories?post=76007"},{"taxonomy":"post_tag","embeddable":true,"href":"https:\/\/dorogimedence.hu\/index.php\/wp-json\/wp\/v2\/tags?post=76007"}],"curies":[{"name":"wp","href":"https:\/\/api.w.org\/{rel}","templated":true}]}}