{"id":75968,"date":"2025-11-26T11:20:50","date_gmt":"2025-11-26T10:20:50","guid":{"rendered":"https:\/\/dorogimedence.hu\/?p=75968"},"modified":"2025-11-26T11:20:50","modified_gmt":"2025-11-26T10:20:50","slug":"elrajtolt-a-korforgalom-fejlesztes-masodik-uteme-esztergomban","status":"publish","type":"post","link":"https:\/\/dorogimedence.hu\/index.php\/2025\/11\/26\/elrajtolt-a-korforgalom-fejlesztes-masodik-uteme-esztergomban\/","title":{"rendered":"Elrajtolt a k\u00f6rforgalom-fejleszt\u00e9s m\u00e1sodik \u00fcteme Esztergomban"},"content":{"rendered":"<p><strong>Megkezd\u0151d\u00f6tt a Dobog\u00f3k\u0151i \u00fat \u2013 Ter\u00e9zia utca \u2013 Pet\u0151fi S\u00e1ndor utca forgalmas csom\u00f3pontj\u00e1ban \u00e9p\u00fcl\u0151 k\u00f6rforgalom fejleszt\u00e9s\u00e9nek m\u00e1sodik \u00fcteme Esztergomban. A munkater\u00fclet hivatalos \u00e1tad\u00e1s\u00e1ra november 24-\u00e9n ker\u00fclt sor, a kivitelez\u0151 pedig november 25-\u00e9n ind\u00edtotta el az els\u0151 konkr\u00e9t \u00e9p\u00edt\u00e9si munk\u00e1latokat.<\/strong><\/p>\n<p>Hern\u00e1di \u00c1d\u00e1m, Esztergom Megyei Jog\u00fa V\u00e1ros polg\u00e1rmestere <a href=\"https:\/\/www.facebook.com\/hernadiadam.esztergom\/posts\/pfbid02as3saQ5mewYWQLkQevArsgJnrmEmvBBeRyRbTHu15NTMXRFGW9ztmKncVPKcyVK9l\" target=\"_blank\" rel=\"noopener\"><span style=\"text-decoration: underline; color: #0000ff;\">k\u00f6z\u00f6ss\u00e9gi oldal\u00e1n<\/span><\/a> t\u00e1j\u00e9koztatta a lakoss\u00e1got, hogy a m\u00e1sodik \u00fctem els\u0151 l\u00e9p\u00e9sek\u00e9nt a Ter\u00e9zia utca bal oldal\u00e1n egy \u00faj parkol\u00f3 \u00e9p\u00edt\u00e9se kezd\u0151dik meg. A beruh\u00e1z\u00e1s c\u00e9lja a k\u00f6rny\u00e9k parkol\u00e1si helyzet\u00e9nek jav\u00edt\u00e1sa \u00e9s a forgalom biztons\u00e1gosabb\u00e1 t\u00e9tele. A kivitelez\u0151 t\u00e1j\u00e9koztat\u00e1sa szerint az \u00faj parkol\u00f3 m\u00e9g az idei \u00e9v v\u00e9g\u00e9ig elk\u00e9sz\u00fcl.<\/p>\n<p>A v\u00e1rosvezet\u0151 kiemelte, hogy a munk\u00e1latok els\u0151 szakasza idej\u00e9n a Ter\u00e9zia utca forgalma \u00e9rdemben nem lesz akad\u00e1lyozva. Forgalomkorl\u00e1toz\u00e1s kiz\u00e1r\u00f3lag a p\u00e1rhuzamos szerviz\u00fat \u00e9s az Erzs\u00e9bet kir\u00e1lyn\u00e9 utca csom\u00f3pontj\u00e1n\u00e1l v\u00e1rhat\u00f3, ugyanakkor az \u00e9rintett ingatlanok megk\u00f6zel\u00edt\u00e9se ezen az id\u0151szakon bel\u00fcl is folyamatosan biztos\u00edtott marad.<\/p>\n<p>Hern\u00e1di \u00c1d\u00e1m megk\u00f6sz\u00f6nte a lakoss\u00e1g t\u00fcrelm\u00e9t \u00e9s meg\u00e9rt\u00e9s\u00e9t a beruh\u00e1z\u00e1s idej\u00e9re, hozz\u00e1t\u00e9ve: a fejleszt\u00e9s hossz\u00fa t\u00e1von a k\u00f6zleked\u00e9s biztons\u00e1g\u00e1t \u00e9s a k\u00f6rny\u00e9k \u00e9lhet\u0151s\u00e9g\u00e9t szolg\u00e1lja.<\/p>\n<p><em>Bor\u00edt\u00f3k\u00e9p, forr\u00e1s: Hern\u00e1di \u00c1d\u00e1m Facebook-oldala<\/em><\/p>\n","protected":false},"excerpt":{"rendered":"<p>Megkezd\u0151d\u00f6tt a Dobog\u00f3k\u0151i \u00fat \u2013 Ter\u00e9zia utca \u2013 Pet\u0151fi S\u00e1ndor utca forgalmas csom\u00f3pontj\u00e1ban \u00e9p\u00fcl\u0151 k\u00f6rforgalom fejleszt\u00e9s\u00e9nek m\u00e1sodik \u00fcteme Esztergomban. A munkater\u00fclet hivatalos \u00e1tad\u00e1s\u00e1ra november 24-\u00e9n ker\u00fclt sor, a kivitelez\u0151 pedig november 25-\u00e9n ind\u00edtotta el az els\u0151 konkr\u00e9t \u00e9p\u00edt\u00e9si munk\u00e1latokat. Hern\u00e1di \u00c1d\u00e1m, Esztergom Megyei Jog\u00fa V\u00e1ros polg\u00e1rmestere k\u00f6z\u00f6ss\u00e9gi oldal\u00e1n t\u00e1j\u00e9koztatta a lakoss\u00e1got, hogy a m\u00e1sodik \u00fctem<\/p>\n","protected":false},"author":1,"featured_media":75969,"comment_status":"closed","ping_status":"closed","sticky":false,"template":"","format":"standard","meta":{"ngg_post_thumbnail":0,"footnotes":""},"categories":[38,3],"tags":[42,1311],"class_list":{"0":"post-75968","1":"post","2":"type-post","3":"status-publish","4":"format-standard","5":"has-post-thumbnail","7":"category-esztergom","8":"category-hirek","9":"tag-esztergom","10":"tag-korforgalom"},"yoast_head":"<!-- This site is optimized with the Yoast SEO plugin v27.5 - https:\/\/yoast.com\/product\/yoast-seo-wordpress\/ -->\n<title>Elrajtolt a k\u00f6rforgalom-fejleszt\u00e9s m\u00e1sodik \u00fcteme Esztergomban<\/title>\n<meta name=\"robots\" content=\"index, follow, max-snippet:-1, max-image-preview:large, max-video-preview:-1\" \/>\n<link rel=\"canonical\" href=\"https:\/\/dorogimedence.hu\/index.php\/2025\/11\/26\/elrajtolt-a-korforgalom-fejlesztes-masodik-uteme-esztergomban\/\" class=\"yoast-seo-meta-tag\" \/>\n<meta property=\"og:locale\" content=\"hu_HU\" class=\"yoast-seo-meta-tag\" \/>\n<meta property=\"og:type\" content=\"article\" class=\"yoast-seo-meta-tag\" \/>\n<meta property=\"og:title\" content=\"Elrajtolt a k\u00f6rforgalom-fejleszt\u00e9s m\u00e1sodik \u00fcteme Esztergomban\" class=\"yoast-seo-meta-tag\" \/>\n<meta property=\"og:description\" content=\"Megkezd\u0151d\u00f6tt a Dobog\u00f3k\u0151i \u00fat \u2013 Ter\u00e9zia utca \u2013 Pet\u0151fi S\u00e1ndor utca forgalmas csom\u00f3pontj\u00e1ban \u00e9p\u00fcl\u0151 k\u00f6rforgalom fejleszt\u00e9s\u00e9nek m\u00e1sodik \u00fcteme Esztergomban. A munkater\u00fclet hivatalos \u00e1tad\u00e1s\u00e1ra november 24-\u00e9n ker\u00fclt sor, a kivitelez\u0151 pedig november 25-\u00e9n ind\u00edtotta el az els\u0151 konkr\u00e9t \u00e9p\u00edt\u00e9si munk\u00e1latokat. Hern\u00e1di \u00c1d\u00e1m, Esztergom Megyei Jog\u00fa V\u00e1ros polg\u00e1rmestere k\u00f6z\u00f6ss\u00e9gi oldal\u00e1n t\u00e1j\u00e9koztatta a lakoss\u00e1got, hogy a m\u00e1sodik \u00fctem\" class=\"yoast-seo-meta-tag\" \/>\n<meta property=\"og:url\" content=\"https:\/\/dorogimedence.hu\/index.php\/2025\/11\/26\/elrajtolt-a-korforgalom-fejlesztes-masodik-uteme-esztergomban\/\" class=\"yoast-seo-meta-tag\" \/>\n<meta property=\"og:site_name\" content=\"Dorogi-medence Region\u00e1lis H\u00edrport\u00e1l\" class=\"yoast-seo-meta-tag\" \/>\n<meta property=\"article:publisher\" content=\"https:\/\/www.facebook.com\/dorogimedence\/\" class=\"yoast-seo-meta-tag\" \/>\n<meta property=\"article:published_time\" content=\"2025-11-26T10:20:50+00:00\" class=\"yoast-seo-meta-tag\" \/>\n<meta property=\"og:image\" content=\"https:\/\/dorogimedence.hu\/wp-content\/uploads\/2025\/11\/korforgalom.jpg\" class=\"yoast-seo-meta-tag\" \/>\n\t<meta property=\"og:image:width\" content=\"1920\" class=\"yoast-seo-meta-tag\" \/>\n\t<meta property=\"og:image:height\" content=\"970\" class=\"yoast-seo-meta-tag\" \/>\n\t<meta property=\"og:image:type\" content=\"image\/jpeg\" class=\"yoast-seo-meta-tag\" \/>\n<meta name=\"author\" content=\"dorogimedence.hu\" class=\"yoast-seo-meta-tag\" \/>\n<meta name=\"twitter:card\" content=\"summary_large_image\" class=\"yoast-seo-meta-tag\" \/>\n<meta name=\"twitter:label1\" content=\"Szerz\u0151:\" class=\"yoast-seo-meta-tag\" \/>\n\t<meta name=\"twitter:data1\" content=\"dorogimedence.hu\" class=\"yoast-seo-meta-tag\" \/>\n\t<meta name=\"twitter:label2\" content=\"Becs\u00fclt olvas\u00e1si id\u0151\" class=\"yoast-seo-meta-tag\" \/>\n\t<meta name=\"twitter:data2\" content=\"1 perc\" class=\"yoast-seo-meta-tag\" \/>\n<script type=\"application\/ld+json\" class=\"yoast-schema-graph\">{\"@context\":\"https:\\\/\\\/schema.org\",\"@graph\":[{\"@type\":\"Article\",\"@id\":\"https:\\\/\\\/dorogimedence.hu\\\/index.php\\\/2025\\\/11\\\/26\\\/elrajtolt-a-korforgalom-fejlesztes-masodik-uteme-esztergomban\\\/#article\",\"isPartOf\":{\"@id\":\"https:\\\/\\\/dorogimedence.hu\\\/index.php\\\/2025\\\/11\\\/26\\\/elrajtolt-a-korforgalom-fejlesztes-masodik-uteme-esztergomban\\\/\"},\"author\":{\"name\":\"dorogimedence.hu\",\"@id\":\"https:\\\/\\\/dorogimedence.hu\\\/#\\\/schema\\\/person\\\/ce6091eeb7e95ecdc87890d6aa8e0fd4\"},\"headline\":\"Elrajtolt a k\u00f6rforgalom-fejleszt\u00e9s m\u00e1sodik \u00fcteme Esztergomban\",\"datePublished\":\"2025-11-26T10:20:50+00:00\",\"mainEntityOfPage\":{\"@id\":\"https:\\\/\\\/dorogimedence.hu\\\/index.php\\\/2025\\\/11\\\/26\\\/elrajtolt-a-korforgalom-fejlesztes-masodik-uteme-esztergomban\\\/\"},\"wordCount\":292,\"publisher\":{\"@id\":\"https:\\\/\\\/dorogimedence.hu\\\/#organization\"},\"image\":{\"@id\":\"https:\\\/\\\/dorogimedence.hu\\\/index.php\\\/2025\\\/11\\\/26\\\/elrajtolt-a-korforgalom-fejlesztes-masodik-uteme-esztergomban\\\/#primaryimage\"},\"thumbnailUrl\":\"https:\\\/\\\/dorogimedence.hu\\\/wp-content\\\/uploads\\\/2025\\\/11\\\/korforgalom.jpg\",\"keywords\":[\"esztergom\",\"k\u00f6rforgalom\"],\"articleSection\":[\"Esztergom\",\"H\u00edrek\"],\"inLanguage\":\"hu\"},{\"@type\":\"WebPage\",\"@id\":\"https:\\\/\\\/dorogimedence.hu\\\/index.php\\\/2025\\\/11\\\/26\\\/elrajtolt-a-korforgalom-fejlesztes-masodik-uteme-esztergomban\\\/\",\"url\":\"https:\\\/\\\/dorogimedence.hu\\\/index.php\\\/2025\\\/11\\\/26\\\/elrajtolt-a-korforgalom-fejlesztes-masodik-uteme-esztergomban\\\/\",\"name\":\"Elrajtolt a k\u00f6rforgalom-fejleszt\u00e9s m\u00e1sodik \u00fcteme Esztergomban\",\"isPartOf\":{\"@id\":\"https:\\\/\\\/dorogimedence.hu\\\/#website\"},\"primaryImageOfPage\":{\"@id\":\"https:\\\/\\\/dorogimedence.hu\\\/index.php\\\/2025\\\/11\\\/26\\\/elrajtolt-a-korforgalom-fejlesztes-masodik-uteme-esztergomban\\\/#primaryimage\"},\"image\":{\"@id\":\"https:\\\/\\\/dorogimedence.hu\\\/index.php\\\/2025\\\/11\\\/26\\\/elrajtolt-a-korforgalom-fejlesztes-masodik-uteme-esztergomban\\\/#primaryimage\"},\"thumbnailUrl\":\"https:\\\/\\\/dorogimedence.hu\\\/wp-content\\\/uploads\\\/2025\\\/11\\\/korforgalom.jpg\",\"datePublished\":\"2025-11-26T10:20:50+00:00\",\"breadcrumb\":{\"@id\":\"https:\\\/\\\/dorogimedence.hu\\\/index.php\\\/2025\\\/11\\\/26\\\/elrajtolt-a-korforgalom-fejlesztes-masodik-uteme-esztergomban\\\/#breadcrumb\"},\"inLanguage\":\"hu\",\"potentialAction\":[{\"@type\":\"ReadAction\",\"target\":[\"https:\\\/\\\/dorogimedence.hu\\\/index.php\\\/2025\\\/11\\\/26\\\/elrajtolt-a-korforgalom-fejlesztes-masodik-uteme-esztergomban\\\/\"]}]},{\"@type\":\"ImageObject\",\"inLanguage\":\"hu\",\"@id\":\"https:\\\/\\\/dorogimedence.hu\\\/index.php\\\/2025\\\/11\\\/26\\\/elrajtolt-a-korforgalom-fejlesztes-masodik-uteme-esztergomban\\\/#primaryimage\",\"url\":\"https:\\\/\\\/dorogimedence.hu\\\/wp-content\\\/uploads\\\/2025\\\/11\\\/korforgalom.jpg\",\"contentUrl\":\"https:\\\/\\\/dorogimedence.hu\\\/wp-content\\\/uploads\\\/2025\\\/11\\\/korforgalom.jpg\",\"width\":1920,\"height\":970},{\"@type\":\"BreadcrumbList\",\"@id\":\"https:\\\/\\\/dorogimedence.hu\\\/index.php\\\/2025\\\/11\\\/26\\\/elrajtolt-a-korforgalom-fejlesztes-masodik-uteme-esztergomban\\\/#breadcrumb\",\"itemListElement\":[{\"@type\":\"ListItem\",\"position\":1,\"name\":\"Kezd\u0151lap\",\"item\":\"https:\\\/\\\/dorogimedence.hu\\\/\"},{\"@type\":\"ListItem\",\"position\":2,\"name\":\"Elrajtolt a k\u00f6rforgalom-fejleszt\u00e9s m\u00e1sodik \u00fcteme Esztergomban\"}]},{\"@type\":\"WebSite\",\"@id\":\"https:\\\/\\\/dorogimedence.hu\\\/#website\",\"url\":\"https:\\\/\\\/dorogimedence.hu\\\/\",\"name\":\"Dorogi-medence Region\u00e1lis H\u00edrport\u00e1l\",\"description\":\"Dorog, Keszt\u00f6lc, Le\u00e1nyv\u00e1r, Piliscs\u00e9v, Tokod, Tokodalt\u00e1r\u00f3, Csolnok, Esztergom-kertv\u00e1ros: h\u00edrek, programok\",\"publisher\":{\"@id\":\"https:\\\/\\\/dorogimedence.hu\\\/#organization\"},\"potentialAction\":[{\"@type\":\"SearchAction\",\"target\":{\"@type\":\"EntryPoint\",\"urlTemplate\":\"https:\\\/\\\/dorogimedence.hu\\\/?s={search_term_string}\"},\"query-input\":{\"@type\":\"PropertyValueSpecification\",\"valueRequired\":true,\"valueName\":\"search_term_string\"}}],\"inLanguage\":\"hu\"},{\"@type\":\"Organization\",\"@id\":\"https:\\\/\\\/dorogimedence.hu\\\/#organization\",\"name\":\"Dorogi-medence Region\u00e1lis H\u00edrport\u00e1l\",\"url\":\"https:\\\/\\\/dorogimedence.hu\\\/\",\"logo\":{\"@type\":\"ImageObject\",\"inLanguage\":\"hu\",\"@id\":\"https:\\\/\\\/dorogimedence.hu\\\/#\\\/schema\\\/logo\\\/image\\\/\",\"url\":\"https:\\\/\\\/dorogimedence.hu\\\/wp-content\\\/uploads\\\/2021\\\/04\\\/logo-feher-600.png\",\"contentUrl\":\"https:\\\/\\\/dorogimedence.hu\\\/wp-content\\\/uploads\\\/2021\\\/04\\\/logo-feher-600.png\",\"width\":600,\"height\":100,\"caption\":\"Dorogi-medence Region\u00e1lis H\u00edrport\u00e1l\"},\"image\":{\"@id\":\"https:\\\/\\\/dorogimedence.hu\\\/#\\\/schema\\\/logo\\\/image\\\/\"},\"sameAs\":[\"https:\\\/\\\/www.facebook.com\\\/dorogimedence\\\/\"]},{\"@type\":\"Person\",\"@id\":\"https:\\\/\\\/dorogimedence.hu\\\/#\\\/schema\\\/person\\\/ce6091eeb7e95ecdc87890d6aa8e0fd4\",\"name\":\"dorogimedence.hu\",\"image\":{\"@type\":\"ImageObject\",\"inLanguage\":\"hu\",\"@id\":\"\\\/\\\/www.gravatar.com\\\/avatar\\\/d8d45f8901aadff40a4af72c0b826f1d?s=96&#038;r=g&#038;d=mm\",\"url\":\"\\\/\\\/www.gravatar.com\\\/avatar\\\/d8d45f8901aadff40a4af72c0b826f1d?s=96&#038;r=g&#038;d=mm\",\"contentUrl\":\"\\\/\\\/www.gravatar.com\\\/avatar\\\/d8d45f8901aadff40a4af72c0b826f1d?s=96&#038;r=g&#038;d=mm\",\"caption\":\"dorogimedence.hu\"}}]}<\/script>\n<!-- \/ Yoast SEO plugin. -->","yoast_head_json":{"title":"Elrajtolt a k\u00f6rforgalom-fejleszt\u00e9s m\u00e1sodik \u00fcteme Esztergomban","robots":{"index":"index","follow":"follow","max-snippet":"max-snippet:-1","max-image-preview":"max-image-preview:large","max-video-preview":"max-video-preview:-1"},"canonical":"https:\/\/dorogimedence.hu\/index.php\/2025\/11\/26\/elrajtolt-a-korforgalom-fejlesztes-masodik-uteme-esztergomban\/","og_locale":"hu_HU","og_type":"article","og_title":"Elrajtolt a k\u00f6rforgalom-fejleszt\u00e9s m\u00e1sodik \u00fcteme Esztergomban","og_description":"Megkezd\u0151d\u00f6tt a Dobog\u00f3k\u0151i \u00fat \u2013 Ter\u00e9zia utca \u2013 Pet\u0151fi S\u00e1ndor utca forgalmas csom\u00f3pontj\u00e1ban \u00e9p\u00fcl\u0151 k\u00f6rforgalom fejleszt\u00e9s\u00e9nek m\u00e1sodik \u00fcteme Esztergomban. A munkater\u00fclet hivatalos \u00e1tad\u00e1s\u00e1ra november 24-\u00e9n ker\u00fclt sor, a kivitelez\u0151 pedig november 25-\u00e9n ind\u00edtotta el az els\u0151 konkr\u00e9t \u00e9p\u00edt\u00e9si munk\u00e1latokat. Hern\u00e1di \u00c1d\u00e1m, Esztergom Megyei Jog\u00fa V\u00e1ros polg\u00e1rmestere k\u00f6z\u00f6ss\u00e9gi oldal\u00e1n t\u00e1j\u00e9koztatta a lakoss\u00e1got, hogy a m\u00e1sodik \u00fctem","og_url":"https:\/\/dorogimedence.hu\/index.php\/2025\/11\/26\/elrajtolt-a-korforgalom-fejlesztes-masodik-uteme-esztergomban\/","og_site_name":"Dorogi-medence Region\u00e1lis H\u00edrport\u00e1l","article_publisher":"https:\/\/www.facebook.com\/dorogimedence\/","article_published_time":"2025-11-26T10:20:50+00:00","og_image":[{"width":1920,"height":970,"url":"https:\/\/dorogimedence.hu\/wp-content\/uploads\/2025\/11\/korforgalom.jpg","type":"image\/jpeg"}],"author":"dorogimedence.hu","twitter_card":"summary_large_image","twitter_misc":{"Szerz\u0151:":"dorogimedence.hu","Becs\u00fclt olvas\u00e1si id\u0151":"1 perc"},"schema":{"@context":"https:\/\/schema.org","@graph":[{"@type":"Article","@id":"https:\/\/dorogimedence.hu\/index.php\/2025\/11\/26\/elrajtolt-a-korforgalom-fejlesztes-masodik-uteme-esztergomban\/#article","isPartOf":{"@id":"https:\/\/dorogimedence.hu\/index.php\/2025\/11\/26\/elrajtolt-a-korforgalom-fejlesztes-masodik-uteme-esztergomban\/"},"author":{"name":"dorogimedence.hu","@id":"https:\/\/dorogimedence.hu\/#\/schema\/person\/ce6091eeb7e95ecdc87890d6aa8e0fd4"},"headline":"Elrajtolt a k\u00f6rforgalom-fejleszt\u00e9s m\u00e1sodik \u00fcteme Esztergomban","datePublished":"2025-11-26T10:20:50+00:00","mainEntityOfPage":{"@id":"https:\/\/dorogimedence.hu\/index.php\/2025\/11\/26\/elrajtolt-a-korforgalom-fejlesztes-masodik-uteme-esztergomban\/"},"wordCount":292,"publisher":{"@id":"https:\/\/dorogimedence.hu\/#organization"},"image":{"@id":"https:\/\/dorogimedence.hu\/index.php\/2025\/11\/26\/elrajtolt-a-korforgalom-fejlesztes-masodik-uteme-esztergomban\/#primaryimage"},"thumbnailUrl":"https:\/\/dorogimedence.hu\/wp-content\/uploads\/2025\/11\/korforgalom.jpg","keywords":["esztergom","k\u00f6rforgalom"],"articleSection":["Esztergom","H\u00edrek"],"inLanguage":"hu"},{"@type":"WebPage","@id":"https:\/\/dorogimedence.hu\/index.php\/2025\/11\/26\/elrajtolt-a-korforgalom-fejlesztes-masodik-uteme-esztergomban\/","url":"https:\/\/dorogimedence.hu\/index.php\/2025\/11\/26\/elrajtolt-a-korforgalom-fejlesztes-masodik-uteme-esztergomban\/","name":"Elrajtolt a k\u00f6rforgalom-fejleszt\u00e9s m\u00e1sodik \u00fcteme Esztergomban","isPartOf":{"@id":"https:\/\/dorogimedence.hu\/#website"},"primaryImageOfPage":{"@id":"https:\/\/dorogimedence.hu\/index.php\/2025\/11\/26\/elrajtolt-a-korforgalom-fejlesztes-masodik-uteme-esztergomban\/#primaryimage"},"image":{"@id":"https:\/\/dorogimedence.hu\/index.php\/2025\/11\/26\/elrajtolt-a-korforgalom-fejlesztes-masodik-uteme-esztergomban\/#primaryimage"},"thumbnailUrl":"https:\/\/dorogimedence.hu\/wp-content\/uploads\/2025\/11\/korforgalom.jpg","datePublished":"2025-11-26T10:20:50+00:00","breadcrumb":{"@id":"https:\/\/dorogimedence.hu\/index.php\/2025\/11\/26\/elrajtolt-a-korforgalom-fejlesztes-masodik-uteme-esztergomban\/#breadcrumb"},"inLanguage":"hu","potentialAction":[{"@type":"ReadAction","target":["https:\/\/dorogimedence.hu\/index.php\/2025\/11\/26\/elrajtolt-a-korforgalom-fejlesztes-masodik-uteme-esztergomban\/"]}]},{"@type":"ImageObject","inLanguage":"hu","@id":"https:\/\/dorogimedence.hu\/index.php\/2025\/11\/26\/elrajtolt-a-korforgalom-fejlesztes-masodik-uteme-esztergomban\/#primaryimage","url":"https:\/\/dorogimedence.hu\/wp-content\/uploads\/2025\/11\/korforgalom.jpg","contentUrl":"https:\/\/dorogimedence.hu\/wp-content\/uploads\/2025\/11\/korforgalom.jpg","width":1920,"height":970},{"@type":"BreadcrumbList","@id":"https:\/\/dorogimedence.hu\/index.php\/2025\/11\/26\/elrajtolt-a-korforgalom-fejlesztes-masodik-uteme-esztergomban\/#breadcrumb","itemListElement":[{"@type":"ListItem","position":1,"name":"Kezd\u0151lap","item":"https:\/\/dorogimedence.hu\/"},{"@type":"ListItem","position":2,"name":"Elrajtolt a k\u00f6rforgalom-fejleszt\u00e9s m\u00e1sodik \u00fcteme Esztergomban"}]},{"@type":"WebSite","@id":"https:\/\/dorogimedence.hu\/#website","url":"https:\/\/dorogimedence.hu\/","name":"Dorogi-medence Region\u00e1lis H\u00edrport\u00e1l","description":"Dorog, Keszt\u00f6lc, Le\u00e1nyv\u00e1r, Piliscs\u00e9v, Tokod, Tokodalt\u00e1r\u00f3, Csolnok, Esztergom-kertv\u00e1ros: h\u00edrek, programok","publisher":{"@id":"https:\/\/dorogimedence.hu\/#organization"},"potentialAction":[{"@type":"SearchAction","target":{"@type":"EntryPoint","urlTemplate":"https:\/\/dorogimedence.hu\/?s={search_term_string}"},"query-input":{"@type":"PropertyValueSpecification","valueRequired":true,"valueName":"search_term_string"}}],"inLanguage":"hu"},{"@type":"Organization","@id":"https:\/\/dorogimedence.hu\/#organization","name":"Dorogi-medence Region\u00e1lis H\u00edrport\u00e1l","url":"https:\/\/dorogimedence.hu\/","logo":{"@type":"ImageObject","inLanguage":"hu","@id":"https:\/\/dorogimedence.hu\/#\/schema\/logo\/image\/","url":"https:\/\/dorogimedence.hu\/wp-content\/uploads\/2021\/04\/logo-feher-600.png","contentUrl":"https:\/\/dorogimedence.hu\/wp-content\/uploads\/2021\/04\/logo-feher-600.png","width":600,"height":100,"caption":"Dorogi-medence Region\u00e1lis H\u00edrport\u00e1l"},"image":{"@id":"https:\/\/dorogimedence.hu\/#\/schema\/logo\/image\/"},"sameAs":["https:\/\/www.facebook.com\/dorogimedence\/"]},{"@type":"Person","@id":"https:\/\/dorogimedence.hu\/#\/schema\/person\/ce6091eeb7e95ecdc87890d6aa8e0fd4","name":"dorogimedence.hu","image":{"@type":"ImageObject","inLanguage":"hu","@id":"\/\/www.gravatar.com\/avatar\/d8d45f8901aadff40a4af72c0b826f1d?s=96&#038;r=g&#038;d=mm","url":"\/\/www.gravatar.com\/avatar\/d8d45f8901aadff40a4af72c0b826f1d?s=96&#038;r=g&#038;d=mm","contentUrl":"\/\/www.gravatar.com\/avatar\/d8d45f8901aadff40a4af72c0b826f1d?s=96&#038;r=g&#038;d=mm","caption":"dorogimedence.hu"}}]}},"_links":{"self":[{"href":"https:\/\/dorogimedence.hu\/index.php\/wp-json\/wp\/v2\/posts\/75968","targetHints":{"allow":["GET"]}}],"collection":[{"href":"https:\/\/dorogimedence.hu\/index.php\/wp-json\/wp\/v2\/posts"}],"about":[{"href":"https:\/\/dorogimedence.hu\/index.php\/wp-json\/wp\/v2\/types\/post"}],"author":[{"embeddable":true,"href":"https:\/\/dorogimedence.hu\/index.php\/wp-json\/wp\/v2\/users\/1"}],"replies":[{"embeddable":true,"href":"https:\/\/dorogimedence.hu\/index.php\/wp-json\/wp\/v2\/comments?post=75968"}],"version-history":[{"count":0,"href":"https:\/\/dorogimedence.hu\/index.php\/wp-json\/wp\/v2\/posts\/75968\/revisions"}],"wp:featuredmedia":[{"embeddable":true,"href":"https:\/\/dorogimedence.hu\/index.php\/wp-json\/wp\/v2\/media\/75969"}],"wp:attachment":[{"href":"https:\/\/dorogimedence.hu\/index.php\/wp-json\/wp\/v2\/media?parent=75968"}],"wp:term":[{"taxonomy":"category","embeddable":true,"href":"https:\/\/dorogimedence.hu\/index.php\/wp-json\/wp\/v2\/categories?post=75968"},{"taxonomy":"post_tag","embeddable":true,"href":"https:\/\/dorogimedence.hu\/index.php\/wp-json\/wp\/v2\/tags?post=75968"}],"curies":[{"name":"wp","href":"https:\/\/api.w.org\/{rel}","templated":true}]}}