{"id":75532,"date":"2025-11-11T09:24:13","date_gmt":"2025-11-11T08:24:13","guid":{"rendered":"https:\/\/dorogimedence.hu\/?p=75532"},"modified":"2025-11-11T09:24:13","modified_gmt":"2025-11-11T08:24:13","slug":"elso-trofeaszemlejet-rendezte-meg-a-pilis-gerecse-vadaszszovetseg","status":"publish","type":"post","link":"https:\/\/dorogimedence.hu\/index.php\/2025\/11\/11\/elso-trofeaszemlejet-rendezte-meg-a-pilis-gerecse-vadaszszovetseg\/","title":{"rendered":"Els\u0151 tr\u00f3feaszeml\u00e9j\u00e9t rendezte meg a Pilis\u2013Gerecse Vad\u00e1szsz\u00f6vets\u00e9g"},"content":{"rendered":"<p><strong>Okt\u00f3ber utols\u00f3 h\u00e9tv\u00e9g\u00e9j\u00e9n Kiscs\u00e9vpuszt\u00e1n, D\u00e1g \u00e9s Csolnok k\u00f6z\u00f6tt tartott\u00e1k meg a Pilis\u2013Gerecse Vad\u00e1szsz\u00f6vets\u00e9g els\u0151 nagyszab\u00e1s\u00fa tr\u00f3feaszeml\u00e9j\u00e9t. Az esem\u00e9nyre a n\u00e9gy szomsz\u00e9dos vad\u00e1szt\u00e1rsas\u00e1g \u2013 az Aranykal\u00e1sz, a Dunakanyar, a Pagony \u00e9s a Gete \u2013 k\u00f6z\u00f6sen vonult fel, \u00e9s \u00f6sszesen 36 g\u00edm-, 8 d\u00e1m- \u00e9s 45 \u0151ztr\u00f3fe\u00e1t \u00e1ll\u00edtottak ki az idei vad\u00e1sz\u00e9vb\u0151l.<\/strong><\/p>\n<p><img fetchpriority=\"high\" decoding=\"async\" class=\"alignnone size-full wp-image-75535\" src=\"https:\/\/dorogimedence.hu\/wp-content\/uploads\/2025\/11\/579218869_866722539227535_3431385805078577155_n.jpg\" alt=\"\" width=\"2048\" height=\"1536\" srcset=\"https:\/\/dorogimedence.hu\/wp-content\/uploads\/2025\/11\/579218869_866722539227535_3431385805078577155_n.jpg 2048w, https:\/\/dorogimedence.hu\/wp-content\/uploads\/2025\/11\/579218869_866722539227535_3431385805078577155_n-600x450.jpg 600w, https:\/\/dorogimedence.hu\/wp-content\/uploads\/2025\/11\/579218869_866722539227535_3431385805078577155_n-1920x1440.jpg 1920w, https:\/\/dorogimedence.hu\/wp-content\/uploads\/2025\/11\/579218869_866722539227535_3431385805078577155_n-768x576.jpg 768w, https:\/\/dorogimedence.hu\/wp-content\/uploads\/2025\/11\/579218869_866722539227535_3431385805078577155_n-1536x1152.jpg 1536w, https:\/\/dorogimedence.hu\/wp-content\/uploads\/2025\/11\/579218869_866722539227535_3431385805078577155_n-150x113.jpg 150w, https:\/\/dorogimedence.hu\/wp-content\/uploads\/2025\/11\/579218869_866722539227535_3431385805078577155_n-450x338.jpg 450w, https:\/\/dorogimedence.hu\/wp-content\/uploads\/2025\/11\/579218869_866722539227535_3431385805078577155_n-1200x900.jpg 1200w\" sizes=\"(max-width: 2048px) 100vw, 2048px\" \/><\/p>\n<p>A frissen megalakult vad\u00e1szsz\u00f6vets\u00e9g c\u00e9lja a t\u00e9rs\u00e9g folyamatosan n\u00f6vekv\u0151 g\u00edmszarvas-\u00e1llom\u00e1ny\u00e1nak fejleszt\u00e9se, valamint a szakmai alapokon nyugv\u00f3, \u00f6sszehangolt vadgazd\u00e1lkod\u00e1s megval\u00f3s\u00edt\u00e1sa a Pilis \u00e9s a Gerecse t\u00e9rs\u00e9g\u00e9ben. A n\u00e9gy t\u00e1rsas\u00e1g mintegy 18 ezer hekt\u00e1ron gazd\u00e1lkodik, ahol az afrikai sert\u00e9spestis hat\u00e1sai miatt egyre ink\u00e1bb a g\u00edmszarvas v\u00e1lt a f\u0151vadd\u00e1.<\/p>\n<p>A rendezv\u00e9nyt Anda B\u00e1lint, a Gete Vad\u00e1szt\u00e1rsas\u00e1g eln\u00f6ke nyitotta meg, aki m\u00e9ltatta a vad\u00e1szt\u00e1rsas\u00e1gok egy\u00fcttm\u0171k\u00f6d\u00e9s\u00e9t \u00e9s azt az elhivatott munk\u00e1t, amelyet a t\u00e9rs\u00e9g vad\u00e1llom\u00e1ny\u00e1nak meg\u0151rz\u00e9se \u00e9s fejleszt\u00e9se \u00e9rdek\u00e9ben v\u00e9geznek. Ezt k\u00f6vet\u0151en Er\u0151s G\u00e1bor, a t\u00e9rs\u00e9g orsz\u00e1ggy\u0171l\u00e9si k\u00e9pvisel\u0151je k\u00f6sz\u00f6nt\u00f6tte a r\u00e9sztvev\u0151ket. Hangs\u00falyozta, hogy b\u00e1r maga nem vad\u00e1sz, nagyra becs\u00fcli a vad\u00e1szat \u00e9s a vadgazd\u00e1lkod\u00e1s szerep\u00e9t a term\u00e9szetv\u00e9delemben \u00e9s a vid\u00e9ki k\u00f6z\u00f6ss\u00e9gek \u00e9let\u00e9ben.<\/p>\n<p><img decoding=\"async\" class=\"alignnone size-full wp-image-75534\" src=\"https:\/\/dorogimedence.hu\/wp-content\/uploads\/2025\/11\/579519859_866722255894230_7965928897383157316_n.jpg\" alt=\"\" width=\"1080\" height=\"608\" srcset=\"https:\/\/dorogimedence.hu\/wp-content\/uploads\/2025\/11\/579519859_866722255894230_7965928897383157316_n.jpg 1080w, https:\/\/dorogimedence.hu\/wp-content\/uploads\/2025\/11\/579519859_866722255894230_7965928897383157316_n-600x338.jpg 600w, https:\/\/dorogimedence.hu\/wp-content\/uploads\/2025\/11\/579519859_866722255894230_7965928897383157316_n-768x432.jpg 768w, https:\/\/dorogimedence.hu\/wp-content\/uploads\/2025\/11\/579519859_866722255894230_7965928897383157316_n-150x84.jpg 150w, https:\/\/dorogimedence.hu\/wp-content\/uploads\/2025\/11\/579519859_866722255894230_7965928897383157316_n-450x253.jpg 450w\" sizes=\"(max-width: 1080px) 100vw, 1080px\" \/><\/p>\n<p>Felsz\u00f3lalt tov\u00e1bb\u00e1 \u00dajhelyi Tam\u00e1s, a Dunazug t\u00e1jegys\u00e9g f\u0151vad\u00e1sza is, aki \u00fcdv\u00f6z\u00f6lte a sz\u00f6vets\u00e9g l\u00e9trej\u00f6tt\u00e9t, \u00e9s kiemelte, hogy az ilyen szakmai \u00f6sszefog\u00e1sok hossz\u00fa t\u00e1von er\u0151s\u00edtik a t\u00e9rs\u00e9g vadgazd\u00e1lkod\u00e1s\u00e1t. A t\u00e1rsas\u00e1gok k\u00e9pvisel\u0151i besz\u00e1moltak az idei \u00e9v eredm\u00e9nyeir\u0151l, majd k\u00f6sz\u00f6netet mondtak a szakszem\u00e9lyzetnek \u00e9s a tags\u00e1gnak az eg\u00e9sz \u00e9ves munk\u00e1\u00e9rt. Az \u00fcnneps\u00e9g sor\u00e1n a sz\u00f6vets\u00e9g legeredm\u00e9nyesebb hivat\u00e1sos vad\u00e1sz\u00e1nak, Kohl J\u00f3zsefnek aj\u00e1nd\u00e9kutalv\u00e1nyt adtak \u00e1t elismer\u00e9sk\u00e9pp.<\/p>\n<p>A programot a Hangvad\u00e1sz K\u00fcrtegy\u00fcttes szign\u00e1ljai tett\u00e9k \u00fcnnep\u00e9lyesebb\u00e9, akik a k\u00f6z\u00f6s eb\u00e9d el\u0151tt k\u00fcrtel\u0151ad\u00e1ssal is meg\u00f6rvendeztett\u00e9k a r\u00e9sztvev\u0151ket.<\/p>\n<p><img decoding=\"async\" class=\"alignnone size-full wp-image-75536\" src=\"https:\/\/dorogimedence.hu\/wp-content\/uploads\/2025\/11\/580998229_866722615894194_5081271719763080872_n.jpg\" alt=\"\" width=\"1080\" height=\"810\" srcset=\"https:\/\/dorogimedence.hu\/wp-content\/uploads\/2025\/11\/580998229_866722615894194_5081271719763080872_n.jpg 1080w, https:\/\/dorogimedence.hu\/wp-content\/uploads\/2025\/11\/580998229_866722615894194_5081271719763080872_n-600x450.jpg 600w, https:\/\/dorogimedence.hu\/wp-content\/uploads\/2025\/11\/580998229_866722615894194_5081271719763080872_n-768x576.jpg 768w, https:\/\/dorogimedence.hu\/wp-content\/uploads\/2025\/11\/580998229_866722615894194_5081271719763080872_n-150x113.jpg 150w, https:\/\/dorogimedence.hu\/wp-content\/uploads\/2025\/11\/580998229_866722615894194_5081271719763080872_n-450x338.jpg 450w\" sizes=\"(max-width: 1080px) 100vw, 1080px\" \/><\/p>\n<p>A l\u00e1togat\u00f3k nagy sz\u00e1mban \u00e9rkeztek a t\u00e9rs\u00e9gb\u0151l, a gyerekek sz\u00e1m\u00e1ra pedig \u00e1llatsimogat\u00f3 \u00e9s lovaskocsik\u00e1z\u00e1s ny\u00fajtott tov\u00e1bbi \u00e9lm\u00e9nyt. A rendezv\u00e9ny bar\u00e1ti hangulatban z\u00e1rult, \u00e9s m\u00e9lt\u00f3 kezdete volt annak a p\u00e9ldamutat\u00f3 egy\u00fcttm\u0171k\u00f6d\u00e9snek, amely a Pilis\u2013Gerecse Vad\u00e1szsz\u00f6vets\u00e9g j\u00f6v\u0151beni munk\u00e1j\u00e1t is jellemzi majd.<\/p>\n<p><em>Fot\u00f3k: Er\u0151s G\u00e1bor Facebook-oldala<\/em><br \/>\n<em>Felhaszn\u00e1lt forr\u00e1sok: <a href=\"https:\/\/nimrod.hu\/hirek\/a-pilis-2\" target=\"_blank\" rel=\"noopener\"><span style=\"text-decoration: underline; color: #0000ff;\">Nimr\u00f3d Vad\u00e1sz\u00fajs\u00e1g<\/span><\/a>, <a href=\"https:\/\/www.facebook.com\/erosgabor.esztergom\" target=\"_blank\" rel=\"noopener\"><span style=\"text-decoration: underline; color: #0000ff;\">Er\u0151s G\u00e1bor Facebook-oldala<\/span><\/a><\/em><\/p>\n","protected":false},"excerpt":{"rendered":"<p>Okt\u00f3ber utols\u00f3 h\u00e9tv\u00e9g\u00e9j\u00e9n Kiscs\u00e9vpuszt\u00e1n, D\u00e1g \u00e9s Csolnok k\u00f6z\u00f6tt tartott\u00e1k meg a Pilis\u2013Gerecse Vad\u00e1szsz\u00f6vets\u00e9g els\u0151 nagyszab\u00e1s\u00fa tr\u00f3feaszeml\u00e9j\u00e9t. Az esem\u00e9nyre a n\u00e9gy szomsz\u00e9dos vad\u00e1szt\u00e1rsas\u00e1g \u2013 az Aranykal\u00e1sz, a Dunakanyar, a Pagony \u00e9s a Gete \u2013 k\u00f6z\u00f6sen vonult fel, \u00e9s \u00f6sszesen 36 g\u00edm-, 8 d\u00e1m- \u00e9s 45 \u0151ztr\u00f3fe\u00e1t \u00e1ll\u00edtottak ki az idei vad\u00e1sz\u00e9vb\u0151l. A frissen megalakult vad\u00e1szsz\u00f6vets\u00e9g c\u00e9lja<\/p>\n","protected":false},"author":1,"featured_media":75533,"comment_status":"closed","ping_status":"closed","sticky":false,"template":"","format":"standard","meta":{"ngg_post_thumbnail":0,"footnotes":""},"categories":[3],"tags":[5624,8608,8609,7519],"class_list":{"0":"post-75532","1":"post","2":"type-post","3":"status-publish","4":"format-standard","5":"has-post-thumbnail","7":"category-hirek","8":"tag-featured","9":"tag-kiscsevpuszta","10":"tag-pilis-gerecse-vadaszszovetseg","11":"tag-trofeaszemle"},"yoast_head":"<!-- This site is optimized with the Yoast SEO plugin v27.5 - https:\/\/yoast.com\/product\/yoast-seo-wordpress\/ -->\n<title>Els\u0151 tr\u00f3feaszeml\u00e9j\u00e9t rendezte meg a Pilis\u2013Gerecse Vad\u00e1szsz\u00f6vets\u00e9g<\/title>\n<meta name=\"robots\" content=\"index, follow, max-snippet:-1, max-image-preview:large, max-video-preview:-1\" \/>\n<link rel=\"canonical\" href=\"https:\/\/dorogimedence.hu\/index.php\/2025\/11\/11\/elso-trofeaszemlejet-rendezte-meg-a-pilis-gerecse-vadaszszovetseg\/\" class=\"yoast-seo-meta-tag\" \/>\n<meta property=\"og:locale\" content=\"hu_HU\" class=\"yoast-seo-meta-tag\" \/>\n<meta property=\"og:type\" content=\"article\" class=\"yoast-seo-meta-tag\" \/>\n<meta property=\"og:title\" content=\"Els\u0151 tr\u00f3feaszeml\u00e9j\u00e9t rendezte meg a Pilis\u2013Gerecse Vad\u00e1szsz\u00f6vets\u00e9g\" class=\"yoast-seo-meta-tag\" \/>\n<meta property=\"og:description\" content=\"Okt\u00f3ber utols\u00f3 h\u00e9tv\u00e9g\u00e9j\u00e9n Kiscs\u00e9vpuszt\u00e1n, D\u00e1g \u00e9s Csolnok k\u00f6z\u00f6tt tartott\u00e1k meg a Pilis\u2013Gerecse Vad\u00e1szsz\u00f6vets\u00e9g els\u0151 nagyszab\u00e1s\u00fa tr\u00f3feaszeml\u00e9j\u00e9t. Az esem\u00e9nyre a n\u00e9gy szomsz\u00e9dos vad\u00e1szt\u00e1rsas\u00e1g \u2013 az Aranykal\u00e1sz, a Dunakanyar, a Pagony \u00e9s a Gete \u2013 k\u00f6z\u00f6sen vonult fel, \u00e9s \u00f6sszesen 36 g\u00edm-, 8 d\u00e1m- \u00e9s 45 \u0151ztr\u00f3fe\u00e1t \u00e1ll\u00edtottak ki az idei vad\u00e1sz\u00e9vb\u0151l. A frissen megalakult vad\u00e1szsz\u00f6vets\u00e9g c\u00e9lja\" class=\"yoast-seo-meta-tag\" \/>\n<meta property=\"og:url\" content=\"https:\/\/dorogimedence.hu\/index.php\/2025\/11\/11\/elso-trofeaszemlejet-rendezte-meg-a-pilis-gerecse-vadaszszovetseg\/\" class=\"yoast-seo-meta-tag\" \/>\n<meta property=\"og:site_name\" content=\"Dorogi-medence Region\u00e1lis H\u00edrport\u00e1l\" class=\"yoast-seo-meta-tag\" \/>\n<meta property=\"article:publisher\" content=\"https:\/\/www.facebook.com\/dorogimedence\/\" class=\"yoast-seo-meta-tag\" \/>\n<meta property=\"article:published_time\" content=\"2025-11-11T08:24:13+00:00\" class=\"yoast-seo-meta-tag\" \/>\n<meta property=\"og:image\" content=\"https:\/\/dorogimedence.hu\/wp-content\/uploads\/2025\/11\/580989247_866722169227572_7739121048832089859_n.jpg\" class=\"yoast-seo-meta-tag\" \/>\n\t<meta property=\"og:image:width\" content=\"2048\" class=\"yoast-seo-meta-tag\" \/>\n\t<meta property=\"og:image:height\" content=\"1536\" class=\"yoast-seo-meta-tag\" \/>\n\t<meta property=\"og:image:type\" content=\"image\/jpeg\" class=\"yoast-seo-meta-tag\" \/>\n<meta name=\"author\" content=\"dorogimedence.hu\" class=\"yoast-seo-meta-tag\" \/>\n<meta name=\"twitter:card\" content=\"summary_large_image\" class=\"yoast-seo-meta-tag\" \/>\n<meta name=\"twitter:label1\" content=\"Szerz\u0151:\" class=\"yoast-seo-meta-tag\" \/>\n\t<meta name=\"twitter:data1\" content=\"dorogimedence.hu\" class=\"yoast-seo-meta-tag\" \/>\n\t<meta name=\"twitter:label2\" content=\"Becs\u00fclt olvas\u00e1si id\u0151\" class=\"yoast-seo-meta-tag\" \/>\n\t<meta name=\"twitter:data2\" content=\"3 perc\" class=\"yoast-seo-meta-tag\" \/>\n<script type=\"application\/ld+json\" class=\"yoast-schema-graph\">{\"@context\":\"https:\\\/\\\/schema.org\",\"@graph\":[{\"@type\":\"Article\",\"@id\":\"https:\\\/\\\/dorogimedence.hu\\\/index.php\\\/2025\\\/11\\\/11\\\/elso-trofeaszemlejet-rendezte-meg-a-pilis-gerecse-vadaszszovetseg\\\/#article\",\"isPartOf\":{\"@id\":\"https:\\\/\\\/dorogimedence.hu\\\/index.php\\\/2025\\\/11\\\/11\\\/elso-trofeaszemlejet-rendezte-meg-a-pilis-gerecse-vadaszszovetseg\\\/\"},\"author\":{\"name\":\"dorogimedence.hu\",\"@id\":\"https:\\\/\\\/dorogimedence.hu\\\/#\\\/schema\\\/person\\\/ce6091eeb7e95ecdc87890d6aa8e0fd4\"},\"headline\":\"Els\u0151 tr\u00f3feaszeml\u00e9j\u00e9t rendezte meg a Pilis\u2013Gerecse Vad\u00e1szsz\u00f6vets\u00e9g\",\"datePublished\":\"2025-11-11T08:24:13+00:00\",\"mainEntityOfPage\":{\"@id\":\"https:\\\/\\\/dorogimedence.hu\\\/index.php\\\/2025\\\/11\\\/11\\\/elso-trofeaszemlejet-rendezte-meg-a-pilis-gerecse-vadaszszovetseg\\\/\"},\"wordCount\":526,\"publisher\":{\"@id\":\"https:\\\/\\\/dorogimedence.hu\\\/#organization\"},\"image\":{\"@id\":\"https:\\\/\\\/dorogimedence.hu\\\/index.php\\\/2025\\\/11\\\/11\\\/elso-trofeaszemlejet-rendezte-meg-a-pilis-gerecse-vadaszszovetseg\\\/#primaryimage\"},\"thumbnailUrl\":\"https:\\\/\\\/dorogimedence.hu\\\/wp-content\\\/uploads\\\/2025\\\/11\\\/580989247_866722169227572_7739121048832089859_n.jpg\",\"keywords\":[\"featured\",\"Kiscs\u00e9vpuszta\",\"Pilis\u2013Gerecse Vad\u00e1szsz\u00f6vets\u00e9g\",\"tr\u00f3feaszemle\"],\"articleSection\":[\"H\u00edrek\"],\"inLanguage\":\"hu\"},{\"@type\":\"WebPage\",\"@id\":\"https:\\\/\\\/dorogimedence.hu\\\/index.php\\\/2025\\\/11\\\/11\\\/elso-trofeaszemlejet-rendezte-meg-a-pilis-gerecse-vadaszszovetseg\\\/\",\"url\":\"https:\\\/\\\/dorogimedence.hu\\\/index.php\\\/2025\\\/11\\\/11\\\/elso-trofeaszemlejet-rendezte-meg-a-pilis-gerecse-vadaszszovetseg\\\/\",\"name\":\"Els\u0151 tr\u00f3feaszeml\u00e9j\u00e9t rendezte meg a Pilis\u2013Gerecse Vad\u00e1szsz\u00f6vets\u00e9g\",\"isPartOf\":{\"@id\":\"https:\\\/\\\/dorogimedence.hu\\\/#website\"},\"primaryImageOfPage\":{\"@id\":\"https:\\\/\\\/dorogimedence.hu\\\/index.php\\\/2025\\\/11\\\/11\\\/elso-trofeaszemlejet-rendezte-meg-a-pilis-gerecse-vadaszszovetseg\\\/#primaryimage\"},\"image\":{\"@id\":\"https:\\\/\\\/dorogimedence.hu\\\/index.php\\\/2025\\\/11\\\/11\\\/elso-trofeaszemlejet-rendezte-meg-a-pilis-gerecse-vadaszszovetseg\\\/#primaryimage\"},\"thumbnailUrl\":\"https:\\\/\\\/dorogimedence.hu\\\/wp-content\\\/uploads\\\/2025\\\/11\\\/580989247_866722169227572_7739121048832089859_n.jpg\",\"datePublished\":\"2025-11-11T08:24:13+00:00\",\"breadcrumb\":{\"@id\":\"https:\\\/\\\/dorogimedence.hu\\\/index.php\\\/2025\\\/11\\\/11\\\/elso-trofeaszemlejet-rendezte-meg-a-pilis-gerecse-vadaszszovetseg\\\/#breadcrumb\"},\"inLanguage\":\"hu\",\"potentialAction\":[{\"@type\":\"ReadAction\",\"target\":[\"https:\\\/\\\/dorogimedence.hu\\\/index.php\\\/2025\\\/11\\\/11\\\/elso-trofeaszemlejet-rendezte-meg-a-pilis-gerecse-vadaszszovetseg\\\/\"]}]},{\"@type\":\"ImageObject\",\"inLanguage\":\"hu\",\"@id\":\"https:\\\/\\\/dorogimedence.hu\\\/index.php\\\/2025\\\/11\\\/11\\\/elso-trofeaszemlejet-rendezte-meg-a-pilis-gerecse-vadaszszovetseg\\\/#primaryimage\",\"url\":\"https:\\\/\\\/dorogimedence.hu\\\/wp-content\\\/uploads\\\/2025\\\/11\\\/580989247_866722169227572_7739121048832089859_n.jpg\",\"contentUrl\":\"https:\\\/\\\/dorogimedence.hu\\\/wp-content\\\/uploads\\\/2025\\\/11\\\/580989247_866722169227572_7739121048832089859_n.jpg\",\"width\":2048,\"height\":1536},{\"@type\":\"BreadcrumbList\",\"@id\":\"https:\\\/\\\/dorogimedence.hu\\\/index.php\\\/2025\\\/11\\\/11\\\/elso-trofeaszemlejet-rendezte-meg-a-pilis-gerecse-vadaszszovetseg\\\/#breadcrumb\",\"itemListElement\":[{\"@type\":\"ListItem\",\"position\":1,\"name\":\"Kezd\u0151lap\",\"item\":\"https:\\\/\\\/dorogimedence.hu\\\/\"},{\"@type\":\"ListItem\",\"position\":2,\"name\":\"Els\u0151 tr\u00f3feaszeml\u00e9j\u00e9t rendezte meg a Pilis\u2013Gerecse Vad\u00e1szsz\u00f6vets\u00e9g\"}]},{\"@type\":\"WebSite\",\"@id\":\"https:\\\/\\\/dorogimedence.hu\\\/#website\",\"url\":\"https:\\\/\\\/dorogimedence.hu\\\/\",\"name\":\"Dorogi-medence Region\u00e1lis H\u00edrport\u00e1l\",\"description\":\"Dorog, Keszt\u00f6lc, Le\u00e1nyv\u00e1r, Piliscs\u00e9v, Tokod, Tokodalt\u00e1r\u00f3, Csolnok, Esztergom-kertv\u00e1ros: h\u00edrek, programok\",\"publisher\":{\"@id\":\"https:\\\/\\\/dorogimedence.hu\\\/#organization\"},\"potentialAction\":[{\"@type\":\"SearchAction\",\"target\":{\"@type\":\"EntryPoint\",\"urlTemplate\":\"https:\\\/\\\/dorogimedence.hu\\\/?s={search_term_string}\"},\"query-input\":{\"@type\":\"PropertyValueSpecification\",\"valueRequired\":true,\"valueName\":\"search_term_string\"}}],\"inLanguage\":\"hu\"},{\"@type\":\"Organization\",\"@id\":\"https:\\\/\\\/dorogimedence.hu\\\/#organization\",\"name\":\"Dorogi-medence Region\u00e1lis H\u00edrport\u00e1l\",\"url\":\"https:\\\/\\\/dorogimedence.hu\\\/\",\"logo\":{\"@type\":\"ImageObject\",\"inLanguage\":\"hu\",\"@id\":\"https:\\\/\\\/dorogimedence.hu\\\/#\\\/schema\\\/logo\\\/image\\\/\",\"url\":\"https:\\\/\\\/dorogimedence.hu\\\/wp-content\\\/uploads\\\/2021\\\/04\\\/logo-feher-600.png\",\"contentUrl\":\"https:\\\/\\\/dorogimedence.hu\\\/wp-content\\\/uploads\\\/2021\\\/04\\\/logo-feher-600.png\",\"width\":600,\"height\":100,\"caption\":\"Dorogi-medence Region\u00e1lis H\u00edrport\u00e1l\"},\"image\":{\"@id\":\"https:\\\/\\\/dorogimedence.hu\\\/#\\\/schema\\\/logo\\\/image\\\/\"},\"sameAs\":[\"https:\\\/\\\/www.facebook.com\\\/dorogimedence\\\/\"]},{\"@type\":\"Person\",\"@id\":\"https:\\\/\\\/dorogimedence.hu\\\/#\\\/schema\\\/person\\\/ce6091eeb7e95ecdc87890d6aa8e0fd4\",\"name\":\"dorogimedence.hu\",\"image\":{\"@type\":\"ImageObject\",\"inLanguage\":\"hu\",\"@id\":\"\\\/\\\/www.gravatar.com\\\/avatar\\\/d8d45f8901aadff40a4af72c0b826f1d?s=96&#038;r=g&#038;d=mm\",\"url\":\"\\\/\\\/www.gravatar.com\\\/avatar\\\/d8d45f8901aadff40a4af72c0b826f1d?s=96&#038;r=g&#038;d=mm\",\"contentUrl\":\"\\\/\\\/www.gravatar.com\\\/avatar\\\/d8d45f8901aadff40a4af72c0b826f1d?s=96&#038;r=g&#038;d=mm\",\"caption\":\"dorogimedence.hu\"}}]}<\/script>\n<!-- \/ Yoast SEO plugin. -->","yoast_head_json":{"title":"Els\u0151 tr\u00f3feaszeml\u00e9j\u00e9t rendezte meg a Pilis\u2013Gerecse Vad\u00e1szsz\u00f6vets\u00e9g","robots":{"index":"index","follow":"follow","max-snippet":"max-snippet:-1","max-image-preview":"max-image-preview:large","max-video-preview":"max-video-preview:-1"},"canonical":"https:\/\/dorogimedence.hu\/index.php\/2025\/11\/11\/elso-trofeaszemlejet-rendezte-meg-a-pilis-gerecse-vadaszszovetseg\/","og_locale":"hu_HU","og_type":"article","og_title":"Els\u0151 tr\u00f3feaszeml\u00e9j\u00e9t rendezte meg a Pilis\u2013Gerecse Vad\u00e1szsz\u00f6vets\u00e9g","og_description":"Okt\u00f3ber utols\u00f3 h\u00e9tv\u00e9g\u00e9j\u00e9n Kiscs\u00e9vpuszt\u00e1n, D\u00e1g \u00e9s Csolnok k\u00f6z\u00f6tt tartott\u00e1k meg a Pilis\u2013Gerecse Vad\u00e1szsz\u00f6vets\u00e9g els\u0151 nagyszab\u00e1s\u00fa tr\u00f3feaszeml\u00e9j\u00e9t. Az esem\u00e9nyre a n\u00e9gy szomsz\u00e9dos vad\u00e1szt\u00e1rsas\u00e1g \u2013 az Aranykal\u00e1sz, a Dunakanyar, a Pagony \u00e9s a Gete \u2013 k\u00f6z\u00f6sen vonult fel, \u00e9s \u00f6sszesen 36 g\u00edm-, 8 d\u00e1m- \u00e9s 45 \u0151ztr\u00f3fe\u00e1t \u00e1ll\u00edtottak ki az idei vad\u00e1sz\u00e9vb\u0151l. A frissen megalakult vad\u00e1szsz\u00f6vets\u00e9g c\u00e9lja","og_url":"https:\/\/dorogimedence.hu\/index.php\/2025\/11\/11\/elso-trofeaszemlejet-rendezte-meg-a-pilis-gerecse-vadaszszovetseg\/","og_site_name":"Dorogi-medence Region\u00e1lis H\u00edrport\u00e1l","article_publisher":"https:\/\/www.facebook.com\/dorogimedence\/","article_published_time":"2025-11-11T08:24:13+00:00","og_image":[{"width":2048,"height":1536,"url":"https:\/\/dorogimedence.hu\/wp-content\/uploads\/2025\/11\/580989247_866722169227572_7739121048832089859_n.jpg","type":"image\/jpeg"}],"author":"dorogimedence.hu","twitter_card":"summary_large_image","twitter_misc":{"Szerz\u0151:":"dorogimedence.hu","Becs\u00fclt olvas\u00e1si id\u0151":"3 perc"},"schema":{"@context":"https:\/\/schema.org","@graph":[{"@type":"Article","@id":"https:\/\/dorogimedence.hu\/index.php\/2025\/11\/11\/elso-trofeaszemlejet-rendezte-meg-a-pilis-gerecse-vadaszszovetseg\/#article","isPartOf":{"@id":"https:\/\/dorogimedence.hu\/index.php\/2025\/11\/11\/elso-trofeaszemlejet-rendezte-meg-a-pilis-gerecse-vadaszszovetseg\/"},"author":{"name":"dorogimedence.hu","@id":"https:\/\/dorogimedence.hu\/#\/schema\/person\/ce6091eeb7e95ecdc87890d6aa8e0fd4"},"headline":"Els\u0151 tr\u00f3feaszeml\u00e9j\u00e9t rendezte meg a Pilis\u2013Gerecse Vad\u00e1szsz\u00f6vets\u00e9g","datePublished":"2025-11-11T08:24:13+00:00","mainEntityOfPage":{"@id":"https:\/\/dorogimedence.hu\/index.php\/2025\/11\/11\/elso-trofeaszemlejet-rendezte-meg-a-pilis-gerecse-vadaszszovetseg\/"},"wordCount":526,"publisher":{"@id":"https:\/\/dorogimedence.hu\/#organization"},"image":{"@id":"https:\/\/dorogimedence.hu\/index.php\/2025\/11\/11\/elso-trofeaszemlejet-rendezte-meg-a-pilis-gerecse-vadaszszovetseg\/#primaryimage"},"thumbnailUrl":"https:\/\/dorogimedence.hu\/wp-content\/uploads\/2025\/11\/580989247_866722169227572_7739121048832089859_n.jpg","keywords":["featured","Kiscs\u00e9vpuszta","Pilis\u2013Gerecse Vad\u00e1szsz\u00f6vets\u00e9g","tr\u00f3feaszemle"],"articleSection":["H\u00edrek"],"inLanguage":"hu"},{"@type":"WebPage","@id":"https:\/\/dorogimedence.hu\/index.php\/2025\/11\/11\/elso-trofeaszemlejet-rendezte-meg-a-pilis-gerecse-vadaszszovetseg\/","url":"https:\/\/dorogimedence.hu\/index.php\/2025\/11\/11\/elso-trofeaszemlejet-rendezte-meg-a-pilis-gerecse-vadaszszovetseg\/","name":"Els\u0151 tr\u00f3feaszeml\u00e9j\u00e9t rendezte meg a Pilis\u2013Gerecse Vad\u00e1szsz\u00f6vets\u00e9g","isPartOf":{"@id":"https:\/\/dorogimedence.hu\/#website"},"primaryImageOfPage":{"@id":"https:\/\/dorogimedence.hu\/index.php\/2025\/11\/11\/elso-trofeaszemlejet-rendezte-meg-a-pilis-gerecse-vadaszszovetseg\/#primaryimage"},"image":{"@id":"https:\/\/dorogimedence.hu\/index.php\/2025\/11\/11\/elso-trofeaszemlejet-rendezte-meg-a-pilis-gerecse-vadaszszovetseg\/#primaryimage"},"thumbnailUrl":"https:\/\/dorogimedence.hu\/wp-content\/uploads\/2025\/11\/580989247_866722169227572_7739121048832089859_n.jpg","datePublished":"2025-11-11T08:24:13+00:00","breadcrumb":{"@id":"https:\/\/dorogimedence.hu\/index.php\/2025\/11\/11\/elso-trofeaszemlejet-rendezte-meg-a-pilis-gerecse-vadaszszovetseg\/#breadcrumb"},"inLanguage":"hu","potentialAction":[{"@type":"ReadAction","target":["https:\/\/dorogimedence.hu\/index.php\/2025\/11\/11\/elso-trofeaszemlejet-rendezte-meg-a-pilis-gerecse-vadaszszovetseg\/"]}]},{"@type":"ImageObject","inLanguage":"hu","@id":"https:\/\/dorogimedence.hu\/index.php\/2025\/11\/11\/elso-trofeaszemlejet-rendezte-meg-a-pilis-gerecse-vadaszszovetseg\/#primaryimage","url":"https:\/\/dorogimedence.hu\/wp-content\/uploads\/2025\/11\/580989247_866722169227572_7739121048832089859_n.jpg","contentUrl":"https:\/\/dorogimedence.hu\/wp-content\/uploads\/2025\/11\/580989247_866722169227572_7739121048832089859_n.jpg","width":2048,"height":1536},{"@type":"BreadcrumbList","@id":"https:\/\/dorogimedence.hu\/index.php\/2025\/11\/11\/elso-trofeaszemlejet-rendezte-meg-a-pilis-gerecse-vadaszszovetseg\/#breadcrumb","itemListElement":[{"@type":"ListItem","position":1,"name":"Kezd\u0151lap","item":"https:\/\/dorogimedence.hu\/"},{"@type":"ListItem","position":2,"name":"Els\u0151 tr\u00f3feaszeml\u00e9j\u00e9t rendezte meg a Pilis\u2013Gerecse Vad\u00e1szsz\u00f6vets\u00e9g"}]},{"@type":"WebSite","@id":"https:\/\/dorogimedence.hu\/#website","url":"https:\/\/dorogimedence.hu\/","name":"Dorogi-medence Region\u00e1lis H\u00edrport\u00e1l","description":"Dorog, Keszt\u00f6lc, Le\u00e1nyv\u00e1r, Piliscs\u00e9v, Tokod, Tokodalt\u00e1r\u00f3, Csolnok, Esztergom-kertv\u00e1ros: h\u00edrek, programok","publisher":{"@id":"https:\/\/dorogimedence.hu\/#organization"},"potentialAction":[{"@type":"SearchAction","target":{"@type":"EntryPoint","urlTemplate":"https:\/\/dorogimedence.hu\/?s={search_term_string}"},"query-input":{"@type":"PropertyValueSpecification","valueRequired":true,"valueName":"search_term_string"}}],"inLanguage":"hu"},{"@type":"Organization","@id":"https:\/\/dorogimedence.hu\/#organization","name":"Dorogi-medence Region\u00e1lis H\u00edrport\u00e1l","url":"https:\/\/dorogimedence.hu\/","logo":{"@type":"ImageObject","inLanguage":"hu","@id":"https:\/\/dorogimedence.hu\/#\/schema\/logo\/image\/","url":"https:\/\/dorogimedence.hu\/wp-content\/uploads\/2021\/04\/logo-feher-600.png","contentUrl":"https:\/\/dorogimedence.hu\/wp-content\/uploads\/2021\/04\/logo-feher-600.png","width":600,"height":100,"caption":"Dorogi-medence Region\u00e1lis H\u00edrport\u00e1l"},"image":{"@id":"https:\/\/dorogimedence.hu\/#\/schema\/logo\/image\/"},"sameAs":["https:\/\/www.facebook.com\/dorogimedence\/"]},{"@type":"Person","@id":"https:\/\/dorogimedence.hu\/#\/schema\/person\/ce6091eeb7e95ecdc87890d6aa8e0fd4","name":"dorogimedence.hu","image":{"@type":"ImageObject","inLanguage":"hu","@id":"\/\/www.gravatar.com\/avatar\/d8d45f8901aadff40a4af72c0b826f1d?s=96&#038;r=g&#038;d=mm","url":"\/\/www.gravatar.com\/avatar\/d8d45f8901aadff40a4af72c0b826f1d?s=96&#038;r=g&#038;d=mm","contentUrl":"\/\/www.gravatar.com\/avatar\/d8d45f8901aadff40a4af72c0b826f1d?s=96&#038;r=g&#038;d=mm","caption":"dorogimedence.hu"}}]}},"_links":{"self":[{"href":"https:\/\/dorogimedence.hu\/index.php\/wp-json\/wp\/v2\/posts\/75532","targetHints":{"allow":["GET"]}}],"collection":[{"href":"https:\/\/dorogimedence.hu\/index.php\/wp-json\/wp\/v2\/posts"}],"about":[{"href":"https:\/\/dorogimedence.hu\/index.php\/wp-json\/wp\/v2\/types\/post"}],"author":[{"embeddable":true,"href":"https:\/\/dorogimedence.hu\/index.php\/wp-json\/wp\/v2\/users\/1"}],"replies":[{"embeddable":true,"href":"https:\/\/dorogimedence.hu\/index.php\/wp-json\/wp\/v2\/comments?post=75532"}],"version-history":[{"count":0,"href":"https:\/\/dorogimedence.hu\/index.php\/wp-json\/wp\/v2\/posts\/75532\/revisions"}],"wp:featuredmedia":[{"embeddable":true,"href":"https:\/\/dorogimedence.hu\/index.php\/wp-json\/wp\/v2\/media\/75533"}],"wp:attachment":[{"href":"https:\/\/dorogimedence.hu\/index.php\/wp-json\/wp\/v2\/media?parent=75532"}],"wp:term":[{"taxonomy":"category","embeddable":true,"href":"https:\/\/dorogimedence.hu\/index.php\/wp-json\/wp\/v2\/categories?post=75532"},{"taxonomy":"post_tag","embeddable":true,"href":"https:\/\/dorogimedence.hu\/index.php\/wp-json\/wp\/v2\/tags?post=75532"}],"curies":[{"name":"wp","href":"https:\/\/api.w.org\/{rel}","templated":true}]}}