{"id":75529,"date":"2025-11-10T16:27:44","date_gmt":"2025-11-10T15:27:44","guid":{"rendered":"https:\/\/dorogimedence.hu\/?p=75529"},"modified":"2025-11-11T09:26:37","modified_gmt":"2025-11-11T08:26:37","slug":"esoben-is-remek-hangulatban-telt-a-liba-nap-a-dorogi-othaz-piacon","status":"publish","type":"post","link":"https:\/\/dorogimedence.hu\/index.php\/2025\/11\/10\/esoben-is-remek-hangulatban-telt-a-liba-nap-a-dorogi-othaz-piacon\/","title":{"rendered":"Es\u0151ben is remek hangulatban telt a Liba-nap a Dorogi \u00d6th\u00e1z Piacon"},"content":{"rendered":"<p><strong>B\u00e1r az id\u0151j\u00e1r\u00e1s ez\u00fattal nem volt kegyes a rendezv\u00e9nyhez, a dorogiak kitart\u00e1sa \u00e9s j\u00f3kedve ez\u00fattal is legy\u0151zte az es\u0151t. November 8-\u00e1n, szombaton tartott\u00e1k meg a Liba-napot a Dorogi \u00d6th\u00e1z Piacon, amely \u00edgy is igazi k\u00f6z\u00f6ss\u00e9gi \u00e9lm\u00e9nyt ny\u00fajtott: t\u00f6bb mint k\u00e9tsz\u00e1zan vettek r\u00e9szt a programokon, a fut\u00e1sokon, a l\u00e1mp\u00e1ski\u00e1ll\u00edt\u00e1son \u00e9s a gasztroudvarban.<\/strong><\/p>\n<p>A rendezv\u00e9nyt S\u00e1rdi Tam\u00e1s, a Dorogi Fut\u00f3k\u00f6r eln\u00f6ke nyitotta meg, majd dr. Tittmann J\u00e1nos, Dorog v\u00e1ros polg\u00e1rmestere \u00e9s Er\u0151s G\u00e1bor, a t\u00e9rs\u00e9g orsz\u00e1ggy\u0171l\u00e9si k\u00e9pvisel\u0151je is k\u00f6sz\u00f6nt\u00f6tte a r\u00e9sztvev\u0151ket. Az esem\u00e9ny k\u00f6z\u00e9ppontj\u00e1ban id\u00e9n is a hagyom\u00e1ny\u0151rz\u00e9s, az eg\u00e9szs\u00e9ges \u00e9letm\u00f3d \u00e9s a k\u00f6z\u00f6ss\u00e9gi \u00f6sszefog\u00e1s \u00e1llt.<\/p>\n<p>A Libakerget\u0151 fut\u00e1s k\u00fcl\u00f6n\u00f6sen nagy sikert aratott \u2013 a gyerekek vid\u00e1man szaladtak gumicsizm\u00e1ban a c\u00e9l fel\u00e9, mik\u00f6zben libazs\u00edros keny\u00e9rrel \u00e9s forr\u00f3 kaka\u00f3val pihent\u00e9k ki a f\u00e1radalmakat. Az \u00d6th\u00e1z H\u00fasbolt t\u00e1mogat\u00e1s\u00e1nak k\u00f6sz\u00f6nhet\u0151en minden r\u00e9sztvev\u0151t jutalom v\u00e1rt, a kicsik pedig boldogan vett\u00e9k \u00e1t lib\u00e1s \u00e9rmeiket. Az \u00e9lm\u00e9nyt tov\u00e1bb fokozta az \u00e9l\u0151 liba l\u00e1tv\u00e1nya, amely sok gyermeket leny\u0171g\u00f6z\u00f6tt.<\/p>\n<p>A Libanapi L\u00e1mp\u00e1s Versenyt \u00e9s Ki\u00e1ll\u00edt\u00e1st J\u00e1szber\u00e9nyi K\u00e1roly alpolg\u00e1rmester nyitotta meg, aki kiemelte: a k\u00f6z\u00f6s alkot\u00e1s \u00e9s a k\u00f6z\u00f6ss\u00e9gi egy\u00fcttm\u0171k\u00f6d\u00e9s ereje teszi k\u00fcl\u00f6nlegess\u00e9 Dorogot. A b\u00f6lcs\u0151dei \u00e9s \u00f3vodai csoportok gy\u00f6ny\u00f6r\u0171 libal\u00e1mp\u00e1sai november 22-ig megtekinthet\u0151k a Time Gate Coffee udvar\u00e1n, ahol a l\u00e1togat\u00f3k szavazhatnak kedvenc\u00fckre \u2013 a h\u00e1rom legt\u00f6bb szavazatot kapott csoport izgalmas nyerem\u00e9nyekben r\u00e9szes\u00fcl majd.<\/p>\n<p>A gasztroudvarban a l\u00e1togat\u00f3k lib\u00e1s finoms\u00e1gokat k\u00f3stolhattak, mik\u00f6zben sparhelten forr\u00f3 tea rotyogott. A Dorogi Nyugd\u00edjas Egyes\u00fclet tagjai lib\u00e1s dekor\u00e1ci\u00f3k k\u00e9sz\u00edt\u00e9s\u00e9re invit\u00e1lt\u00e1k a gyerekeket, a DorogiSport standj\u00e1n pedig a k\u00f6zelg\u0151 Alakreform edz\u00e9sre v\u00e1lthattak jegyet az \u00e9rdekl\u0151d\u0151k. A Time Gate Coffee udvar\u00e1n \u00e9s az \u00d6th\u00e1z Piac ter\u00fclet\u00e9n \u00edgy a borong\u00f3s id\u0151 ellen\u00e9re is bar\u00e1ts\u00e1gos, meghitt hangulat uralkodott.<\/p>\n<p>A szervez\u0151k \u2013 a Dorogi Fut\u00f3k\u00f6r, a DorogiSport \u00e9s a Dorogi \u00d6th\u00e1z Piac \u2013 k\u00f6sz\u00f6netet mondtak mindenkinek, aki az es\u0151s id\u0151 ellen\u00e9re is elj\u00f6tt, futott, alkotott vagy k\u00f3stolt, \u00e9s hozz\u00e1j\u00e1rult ahhoz, hogy a Liba-nap id\u00e9n is felejthetetlen \u00e9lm\u00e9nyt ny\u00fajtson a dorogi k\u00f6z\u00f6ss\u00e9g sz\u00e1m\u00e1ra.<\/p>\n<p>A k\u00f6vetkez\u0151 alkalommal ism\u00e9t \u00fcnnepi hangulat v\u00e1rja a dorogiakat: december 6-\u00e1n az Iskola utc\u00e1ban rendezik meg a T\u00e9li H\u00fctte &amp; Adventi V\u00e1s\u00e1rt \u2013 T\u00e9li var\u00e1zslat Dorogon.<\/p>\n<p>Az esem\u00e9nyr\u0151l k\u00e9sz\u00fclt vide\u00f3s \u00f6sszefoglal\u00f3 <a href=\"https:\/\/www.facebook.com\/reel\/2674279196241235\" target=\"_blank\" rel=\"noopener\"><span style=\"text-decoration: underline; color: #0000ff;\">ide kattintva<\/span><\/a> tekinthet\u0151 meg!<\/p>\n<p><em>Felhaszn\u00e1lt forr\u00e1s: <a href=\"https:\/\/www.facebook.com\/profile.php?id=61556132720919\" target=\"_blank\" rel=\"noopener\"><span style=\"text-decoration: underline; color: #0000ff;\">Dorogi \u00d6th\u00e1z Piac<\/span><\/a><br \/>\nBor\u00edt\u00f3k\u00e9p: Dorogi H\u00edrek<\/em><\/p>\n","protected":false},"excerpt":{"rendered":"<p>B\u00e1r az id\u0151j\u00e1r\u00e1s ez\u00fattal nem volt kegyes a rendezv\u00e9nyhez, a dorogiak kitart\u00e1sa \u00e9s j\u00f3kedve ez\u00fattal is legy\u0151zte az es\u0151t. November 8-\u00e1n, szombaton tartott\u00e1k meg a Liba-napot a Dorogi \u00d6th\u00e1z Piacon, amely \u00edgy is igazi k\u00f6z\u00f6ss\u00e9gi \u00e9lm\u00e9nyt ny\u00fajtott: t\u00f6bb mint k\u00e9tsz\u00e1zan vettek r\u00e9szt a programokon, a fut\u00e1sokon, a l\u00e1mp\u00e1ski\u00e1ll\u00edt\u00e1son \u00e9s a gasztroudvarban. A rendezv\u00e9nyt S\u00e1rdi Tam\u00e1s,<\/p>\n","protected":false},"author":1,"featured_media":75530,"comment_status":"closed","ping_status":"closed","sticky":false,"template":"","format":"standard","meta":{"ngg_post_thumbnail":0,"footnotes":""},"categories":[2,3],"tags":[15,8566,5624,8109],"class_list":{"0":"post-75529","1":"post","2":"type-post","3":"status-publish","4":"format-standard","5":"has-post-thumbnail","7":"category-dorog","8":"category-hirek","9":"tag-dorog","10":"tag-dorogi-othaz-piac","11":"tag-featured","12":"tag-libanap"},"yoast_head":"<!-- This site is optimized with the Yoast SEO plugin v27.5 - https:\/\/yoast.com\/product\/yoast-seo-wordpress\/ -->\n<title>Es\u0151ben is remek hangulatban telt a Liba-nap a Dorogi \u00d6th\u00e1z Piacon<\/title>\n<meta name=\"robots\" content=\"index, follow, max-snippet:-1, max-image-preview:large, max-video-preview:-1\" \/>\n<link rel=\"canonical\" href=\"https:\/\/dorogimedence.hu\/index.php\/2025\/11\/10\/esoben-is-remek-hangulatban-telt-a-liba-nap-a-dorogi-othaz-piacon\/\" class=\"yoast-seo-meta-tag\" \/>\n<meta property=\"og:locale\" content=\"hu_HU\" class=\"yoast-seo-meta-tag\" \/>\n<meta property=\"og:type\" content=\"article\" class=\"yoast-seo-meta-tag\" \/>\n<meta property=\"og:title\" content=\"Es\u0151ben is remek hangulatban telt a Liba-nap a Dorogi \u00d6th\u00e1z Piacon\" class=\"yoast-seo-meta-tag\" \/>\n<meta property=\"og:description\" content=\"B\u00e1r az id\u0151j\u00e1r\u00e1s ez\u00fattal nem volt kegyes a rendezv\u00e9nyhez, a dorogiak kitart\u00e1sa \u00e9s j\u00f3kedve ez\u00fattal is legy\u0151zte az es\u0151t. November 8-\u00e1n, szombaton tartott\u00e1k meg a Liba-napot a Dorogi \u00d6th\u00e1z Piacon, amely \u00edgy is igazi k\u00f6z\u00f6ss\u00e9gi \u00e9lm\u00e9nyt ny\u00fajtott: t\u00f6bb mint k\u00e9tsz\u00e1zan vettek r\u00e9szt a programokon, a fut\u00e1sokon, a l\u00e1mp\u00e1ski\u00e1ll\u00edt\u00e1son \u00e9s a gasztroudvarban. A rendezv\u00e9nyt S\u00e1rdi Tam\u00e1s,\" class=\"yoast-seo-meta-tag\" \/>\n<meta property=\"og:url\" content=\"https:\/\/dorogimedence.hu\/index.php\/2025\/11\/10\/esoben-is-remek-hangulatban-telt-a-liba-nap-a-dorogi-othaz-piacon\/\" class=\"yoast-seo-meta-tag\" \/>\n<meta property=\"og:site_name\" content=\"Dorogi-medence Region\u00e1lis H\u00edrport\u00e1l\" class=\"yoast-seo-meta-tag\" \/>\n<meta property=\"article:publisher\" content=\"https:\/\/www.facebook.com\/dorogimedence\/\" class=\"yoast-seo-meta-tag\" \/>\n<meta property=\"article:published_time\" content=\"2025-11-10T15:27:44+00:00\" class=\"yoast-seo-meta-tag\" \/>\n<meta property=\"article:modified_time\" content=\"2025-11-11T08:26:37+00:00\" class=\"yoast-seo-meta-tag\" \/>\n<meta property=\"og:image\" content=\"https:\/\/dorogimedence.hu\/wp-content\/uploads\/2025\/11\/libafutas.jpg\" class=\"yoast-seo-meta-tag\" \/>\n\t<meta property=\"og:image:width\" content=\"1920\" class=\"yoast-seo-meta-tag\" \/>\n\t<meta property=\"og:image:height\" content=\"970\" class=\"yoast-seo-meta-tag\" \/>\n\t<meta property=\"og:image:type\" content=\"image\/jpeg\" class=\"yoast-seo-meta-tag\" \/>\n<meta name=\"author\" content=\"dorogimedence.hu\" class=\"yoast-seo-meta-tag\" \/>\n<meta name=\"twitter:card\" content=\"summary_large_image\" class=\"yoast-seo-meta-tag\" \/>\n<meta name=\"twitter:label1\" content=\"Szerz\u0151:\" class=\"yoast-seo-meta-tag\" \/>\n\t<meta name=\"twitter:data1\" content=\"dorogimedence.hu\" class=\"yoast-seo-meta-tag\" \/>\n\t<meta name=\"twitter:label2\" content=\"Becs\u00fclt olvas\u00e1si id\u0151\" class=\"yoast-seo-meta-tag\" \/>\n\t<meta name=\"twitter:data2\" content=\"3 perc\" class=\"yoast-seo-meta-tag\" \/>\n<script type=\"application\/ld+json\" class=\"yoast-schema-graph\">{\"@context\":\"https:\\\/\\\/schema.org\",\"@graph\":[{\"@type\":\"Article\",\"@id\":\"https:\\\/\\\/dorogimedence.hu\\\/index.php\\\/2025\\\/11\\\/10\\\/esoben-is-remek-hangulatban-telt-a-liba-nap-a-dorogi-othaz-piacon\\\/#article\",\"isPartOf\":{\"@id\":\"https:\\\/\\\/dorogimedence.hu\\\/index.php\\\/2025\\\/11\\\/10\\\/esoben-is-remek-hangulatban-telt-a-liba-nap-a-dorogi-othaz-piacon\\\/\"},\"author\":{\"name\":\"dorogimedence.hu\",\"@id\":\"https:\\\/\\\/dorogimedence.hu\\\/#\\\/schema\\\/person\\\/ce6091eeb7e95ecdc87890d6aa8e0fd4\"},\"headline\":\"Es\u0151ben is remek hangulatban telt a Liba-nap a Dorogi \u00d6th\u00e1z Piacon\",\"datePublished\":\"2025-11-10T15:27:44+00:00\",\"dateModified\":\"2025-11-11T08:26:37+00:00\",\"mainEntityOfPage\":{\"@id\":\"https:\\\/\\\/dorogimedence.hu\\\/index.php\\\/2025\\\/11\\\/10\\\/esoben-is-remek-hangulatban-telt-a-liba-nap-a-dorogi-othaz-piacon\\\/\"},\"wordCount\":564,\"publisher\":{\"@id\":\"https:\\\/\\\/dorogimedence.hu\\\/#organization\"},\"image\":{\"@id\":\"https:\\\/\\\/dorogimedence.hu\\\/index.php\\\/2025\\\/11\\\/10\\\/esoben-is-remek-hangulatban-telt-a-liba-nap-a-dorogi-othaz-piacon\\\/#primaryimage\"},\"thumbnailUrl\":\"https:\\\/\\\/dorogimedence.hu\\\/wp-content\\\/uploads\\\/2025\\\/11\\\/libafutas.jpg\",\"keywords\":[\"Dorog\",\"Dorogi \u00d6th\u00e1z Piac\",\"featured\",\"libanap\"],\"articleSection\":[\"Dorog\",\"H\u00edrek\"],\"inLanguage\":\"hu\"},{\"@type\":\"WebPage\",\"@id\":\"https:\\\/\\\/dorogimedence.hu\\\/index.php\\\/2025\\\/11\\\/10\\\/esoben-is-remek-hangulatban-telt-a-liba-nap-a-dorogi-othaz-piacon\\\/\",\"url\":\"https:\\\/\\\/dorogimedence.hu\\\/index.php\\\/2025\\\/11\\\/10\\\/esoben-is-remek-hangulatban-telt-a-liba-nap-a-dorogi-othaz-piacon\\\/\",\"name\":\"Es\u0151ben is remek hangulatban telt a Liba-nap a Dorogi \u00d6th\u00e1z Piacon\",\"isPartOf\":{\"@id\":\"https:\\\/\\\/dorogimedence.hu\\\/#website\"},\"primaryImageOfPage\":{\"@id\":\"https:\\\/\\\/dorogimedence.hu\\\/index.php\\\/2025\\\/11\\\/10\\\/esoben-is-remek-hangulatban-telt-a-liba-nap-a-dorogi-othaz-piacon\\\/#primaryimage\"},\"image\":{\"@id\":\"https:\\\/\\\/dorogimedence.hu\\\/index.php\\\/2025\\\/11\\\/10\\\/esoben-is-remek-hangulatban-telt-a-liba-nap-a-dorogi-othaz-piacon\\\/#primaryimage\"},\"thumbnailUrl\":\"https:\\\/\\\/dorogimedence.hu\\\/wp-content\\\/uploads\\\/2025\\\/11\\\/libafutas.jpg\",\"datePublished\":\"2025-11-10T15:27:44+00:00\",\"dateModified\":\"2025-11-11T08:26:37+00:00\",\"breadcrumb\":{\"@id\":\"https:\\\/\\\/dorogimedence.hu\\\/index.php\\\/2025\\\/11\\\/10\\\/esoben-is-remek-hangulatban-telt-a-liba-nap-a-dorogi-othaz-piacon\\\/#breadcrumb\"},\"inLanguage\":\"hu\",\"potentialAction\":[{\"@type\":\"ReadAction\",\"target\":[\"https:\\\/\\\/dorogimedence.hu\\\/index.php\\\/2025\\\/11\\\/10\\\/esoben-is-remek-hangulatban-telt-a-liba-nap-a-dorogi-othaz-piacon\\\/\"]}]},{\"@type\":\"ImageObject\",\"inLanguage\":\"hu\",\"@id\":\"https:\\\/\\\/dorogimedence.hu\\\/index.php\\\/2025\\\/11\\\/10\\\/esoben-is-remek-hangulatban-telt-a-liba-nap-a-dorogi-othaz-piacon\\\/#primaryimage\",\"url\":\"https:\\\/\\\/dorogimedence.hu\\\/wp-content\\\/uploads\\\/2025\\\/11\\\/libafutas.jpg\",\"contentUrl\":\"https:\\\/\\\/dorogimedence.hu\\\/wp-content\\\/uploads\\\/2025\\\/11\\\/libafutas.jpg\",\"width\":1920,\"height\":970},{\"@type\":\"BreadcrumbList\",\"@id\":\"https:\\\/\\\/dorogimedence.hu\\\/index.php\\\/2025\\\/11\\\/10\\\/esoben-is-remek-hangulatban-telt-a-liba-nap-a-dorogi-othaz-piacon\\\/#breadcrumb\",\"itemListElement\":[{\"@type\":\"ListItem\",\"position\":1,\"name\":\"Kezd\u0151lap\",\"item\":\"https:\\\/\\\/dorogimedence.hu\\\/\"},{\"@type\":\"ListItem\",\"position\":2,\"name\":\"Es\u0151ben is remek hangulatban telt a Liba-nap a Dorogi \u00d6th\u00e1z Piacon\"}]},{\"@type\":\"WebSite\",\"@id\":\"https:\\\/\\\/dorogimedence.hu\\\/#website\",\"url\":\"https:\\\/\\\/dorogimedence.hu\\\/\",\"name\":\"Dorogi-medence Region\u00e1lis H\u00edrport\u00e1l\",\"description\":\"Dorog, Keszt\u00f6lc, Le\u00e1nyv\u00e1r, Piliscs\u00e9v, Tokod, Tokodalt\u00e1r\u00f3, Csolnok, Esztergom-kertv\u00e1ros: h\u00edrek, programok\",\"publisher\":{\"@id\":\"https:\\\/\\\/dorogimedence.hu\\\/#organization\"},\"potentialAction\":[{\"@type\":\"SearchAction\",\"target\":{\"@type\":\"EntryPoint\",\"urlTemplate\":\"https:\\\/\\\/dorogimedence.hu\\\/?s={search_term_string}\"},\"query-input\":{\"@type\":\"PropertyValueSpecification\",\"valueRequired\":true,\"valueName\":\"search_term_string\"}}],\"inLanguage\":\"hu\"},{\"@type\":\"Organization\",\"@id\":\"https:\\\/\\\/dorogimedence.hu\\\/#organization\",\"name\":\"Dorogi-medence Region\u00e1lis H\u00edrport\u00e1l\",\"url\":\"https:\\\/\\\/dorogimedence.hu\\\/\",\"logo\":{\"@type\":\"ImageObject\",\"inLanguage\":\"hu\",\"@id\":\"https:\\\/\\\/dorogimedence.hu\\\/#\\\/schema\\\/logo\\\/image\\\/\",\"url\":\"https:\\\/\\\/dorogimedence.hu\\\/wp-content\\\/uploads\\\/2021\\\/04\\\/logo-feher-600.png\",\"contentUrl\":\"https:\\\/\\\/dorogimedence.hu\\\/wp-content\\\/uploads\\\/2021\\\/04\\\/logo-feher-600.png\",\"width\":600,\"height\":100,\"caption\":\"Dorogi-medence Region\u00e1lis H\u00edrport\u00e1l\"},\"image\":{\"@id\":\"https:\\\/\\\/dorogimedence.hu\\\/#\\\/schema\\\/logo\\\/image\\\/\"},\"sameAs\":[\"https:\\\/\\\/www.facebook.com\\\/dorogimedence\\\/\"]},{\"@type\":\"Person\",\"@id\":\"https:\\\/\\\/dorogimedence.hu\\\/#\\\/schema\\\/person\\\/ce6091eeb7e95ecdc87890d6aa8e0fd4\",\"name\":\"dorogimedence.hu\",\"image\":{\"@type\":\"ImageObject\",\"inLanguage\":\"hu\",\"@id\":\"\\\/\\\/www.gravatar.com\\\/avatar\\\/d8d45f8901aadff40a4af72c0b826f1d?s=96&#038;r=g&#038;d=mm\",\"url\":\"\\\/\\\/www.gravatar.com\\\/avatar\\\/d8d45f8901aadff40a4af72c0b826f1d?s=96&#038;r=g&#038;d=mm\",\"contentUrl\":\"\\\/\\\/www.gravatar.com\\\/avatar\\\/d8d45f8901aadff40a4af72c0b826f1d?s=96&#038;r=g&#038;d=mm\",\"caption\":\"dorogimedence.hu\"}}]}<\/script>\n<!-- \/ Yoast SEO plugin. -->","yoast_head_json":{"title":"Es\u0151ben is remek hangulatban telt a Liba-nap a Dorogi \u00d6th\u00e1z Piacon","robots":{"index":"index","follow":"follow","max-snippet":"max-snippet:-1","max-image-preview":"max-image-preview:large","max-video-preview":"max-video-preview:-1"},"canonical":"https:\/\/dorogimedence.hu\/index.php\/2025\/11\/10\/esoben-is-remek-hangulatban-telt-a-liba-nap-a-dorogi-othaz-piacon\/","og_locale":"hu_HU","og_type":"article","og_title":"Es\u0151ben is remek hangulatban telt a Liba-nap a Dorogi \u00d6th\u00e1z Piacon","og_description":"B\u00e1r az id\u0151j\u00e1r\u00e1s ez\u00fattal nem volt kegyes a rendezv\u00e9nyhez, a dorogiak kitart\u00e1sa \u00e9s j\u00f3kedve ez\u00fattal is legy\u0151zte az es\u0151t. November 8-\u00e1n, szombaton tartott\u00e1k meg a Liba-napot a Dorogi \u00d6th\u00e1z Piacon, amely \u00edgy is igazi k\u00f6z\u00f6ss\u00e9gi \u00e9lm\u00e9nyt ny\u00fajtott: t\u00f6bb mint k\u00e9tsz\u00e1zan vettek r\u00e9szt a programokon, a fut\u00e1sokon, a l\u00e1mp\u00e1ski\u00e1ll\u00edt\u00e1son \u00e9s a gasztroudvarban. A rendezv\u00e9nyt S\u00e1rdi Tam\u00e1s,","og_url":"https:\/\/dorogimedence.hu\/index.php\/2025\/11\/10\/esoben-is-remek-hangulatban-telt-a-liba-nap-a-dorogi-othaz-piacon\/","og_site_name":"Dorogi-medence Region\u00e1lis H\u00edrport\u00e1l","article_publisher":"https:\/\/www.facebook.com\/dorogimedence\/","article_published_time":"2025-11-10T15:27:44+00:00","article_modified_time":"2025-11-11T08:26:37+00:00","og_image":[{"width":1920,"height":970,"url":"https:\/\/dorogimedence.hu\/wp-content\/uploads\/2025\/11\/libafutas.jpg","type":"image\/jpeg"}],"author":"dorogimedence.hu","twitter_card":"summary_large_image","twitter_misc":{"Szerz\u0151:":"dorogimedence.hu","Becs\u00fclt olvas\u00e1si id\u0151":"3 perc"},"schema":{"@context":"https:\/\/schema.org","@graph":[{"@type":"Article","@id":"https:\/\/dorogimedence.hu\/index.php\/2025\/11\/10\/esoben-is-remek-hangulatban-telt-a-liba-nap-a-dorogi-othaz-piacon\/#article","isPartOf":{"@id":"https:\/\/dorogimedence.hu\/index.php\/2025\/11\/10\/esoben-is-remek-hangulatban-telt-a-liba-nap-a-dorogi-othaz-piacon\/"},"author":{"name":"dorogimedence.hu","@id":"https:\/\/dorogimedence.hu\/#\/schema\/person\/ce6091eeb7e95ecdc87890d6aa8e0fd4"},"headline":"Es\u0151ben is remek hangulatban telt a Liba-nap a Dorogi \u00d6th\u00e1z Piacon","datePublished":"2025-11-10T15:27:44+00:00","dateModified":"2025-11-11T08:26:37+00:00","mainEntityOfPage":{"@id":"https:\/\/dorogimedence.hu\/index.php\/2025\/11\/10\/esoben-is-remek-hangulatban-telt-a-liba-nap-a-dorogi-othaz-piacon\/"},"wordCount":564,"publisher":{"@id":"https:\/\/dorogimedence.hu\/#organization"},"image":{"@id":"https:\/\/dorogimedence.hu\/index.php\/2025\/11\/10\/esoben-is-remek-hangulatban-telt-a-liba-nap-a-dorogi-othaz-piacon\/#primaryimage"},"thumbnailUrl":"https:\/\/dorogimedence.hu\/wp-content\/uploads\/2025\/11\/libafutas.jpg","keywords":["Dorog","Dorogi \u00d6th\u00e1z Piac","featured","libanap"],"articleSection":["Dorog","H\u00edrek"],"inLanguage":"hu"},{"@type":"WebPage","@id":"https:\/\/dorogimedence.hu\/index.php\/2025\/11\/10\/esoben-is-remek-hangulatban-telt-a-liba-nap-a-dorogi-othaz-piacon\/","url":"https:\/\/dorogimedence.hu\/index.php\/2025\/11\/10\/esoben-is-remek-hangulatban-telt-a-liba-nap-a-dorogi-othaz-piacon\/","name":"Es\u0151ben is remek hangulatban telt a Liba-nap a Dorogi \u00d6th\u00e1z Piacon","isPartOf":{"@id":"https:\/\/dorogimedence.hu\/#website"},"primaryImageOfPage":{"@id":"https:\/\/dorogimedence.hu\/index.php\/2025\/11\/10\/esoben-is-remek-hangulatban-telt-a-liba-nap-a-dorogi-othaz-piacon\/#primaryimage"},"image":{"@id":"https:\/\/dorogimedence.hu\/index.php\/2025\/11\/10\/esoben-is-remek-hangulatban-telt-a-liba-nap-a-dorogi-othaz-piacon\/#primaryimage"},"thumbnailUrl":"https:\/\/dorogimedence.hu\/wp-content\/uploads\/2025\/11\/libafutas.jpg","datePublished":"2025-11-10T15:27:44+00:00","dateModified":"2025-11-11T08:26:37+00:00","breadcrumb":{"@id":"https:\/\/dorogimedence.hu\/index.php\/2025\/11\/10\/esoben-is-remek-hangulatban-telt-a-liba-nap-a-dorogi-othaz-piacon\/#breadcrumb"},"inLanguage":"hu","potentialAction":[{"@type":"ReadAction","target":["https:\/\/dorogimedence.hu\/index.php\/2025\/11\/10\/esoben-is-remek-hangulatban-telt-a-liba-nap-a-dorogi-othaz-piacon\/"]}]},{"@type":"ImageObject","inLanguage":"hu","@id":"https:\/\/dorogimedence.hu\/index.php\/2025\/11\/10\/esoben-is-remek-hangulatban-telt-a-liba-nap-a-dorogi-othaz-piacon\/#primaryimage","url":"https:\/\/dorogimedence.hu\/wp-content\/uploads\/2025\/11\/libafutas.jpg","contentUrl":"https:\/\/dorogimedence.hu\/wp-content\/uploads\/2025\/11\/libafutas.jpg","width":1920,"height":970},{"@type":"BreadcrumbList","@id":"https:\/\/dorogimedence.hu\/index.php\/2025\/11\/10\/esoben-is-remek-hangulatban-telt-a-liba-nap-a-dorogi-othaz-piacon\/#breadcrumb","itemListElement":[{"@type":"ListItem","position":1,"name":"Kezd\u0151lap","item":"https:\/\/dorogimedence.hu\/"},{"@type":"ListItem","position":2,"name":"Es\u0151ben is remek hangulatban telt a Liba-nap a Dorogi \u00d6th\u00e1z Piacon"}]},{"@type":"WebSite","@id":"https:\/\/dorogimedence.hu\/#website","url":"https:\/\/dorogimedence.hu\/","name":"Dorogi-medence Region\u00e1lis H\u00edrport\u00e1l","description":"Dorog, Keszt\u00f6lc, Le\u00e1nyv\u00e1r, Piliscs\u00e9v, Tokod, Tokodalt\u00e1r\u00f3, Csolnok, Esztergom-kertv\u00e1ros: h\u00edrek, programok","publisher":{"@id":"https:\/\/dorogimedence.hu\/#organization"},"potentialAction":[{"@type":"SearchAction","target":{"@type":"EntryPoint","urlTemplate":"https:\/\/dorogimedence.hu\/?s={search_term_string}"},"query-input":{"@type":"PropertyValueSpecification","valueRequired":true,"valueName":"search_term_string"}}],"inLanguage":"hu"},{"@type":"Organization","@id":"https:\/\/dorogimedence.hu\/#organization","name":"Dorogi-medence Region\u00e1lis H\u00edrport\u00e1l","url":"https:\/\/dorogimedence.hu\/","logo":{"@type":"ImageObject","inLanguage":"hu","@id":"https:\/\/dorogimedence.hu\/#\/schema\/logo\/image\/","url":"https:\/\/dorogimedence.hu\/wp-content\/uploads\/2021\/04\/logo-feher-600.png","contentUrl":"https:\/\/dorogimedence.hu\/wp-content\/uploads\/2021\/04\/logo-feher-600.png","width":600,"height":100,"caption":"Dorogi-medence Region\u00e1lis H\u00edrport\u00e1l"},"image":{"@id":"https:\/\/dorogimedence.hu\/#\/schema\/logo\/image\/"},"sameAs":["https:\/\/www.facebook.com\/dorogimedence\/"]},{"@type":"Person","@id":"https:\/\/dorogimedence.hu\/#\/schema\/person\/ce6091eeb7e95ecdc87890d6aa8e0fd4","name":"dorogimedence.hu","image":{"@type":"ImageObject","inLanguage":"hu","@id":"\/\/www.gravatar.com\/avatar\/d8d45f8901aadff40a4af72c0b826f1d?s=96&#038;r=g&#038;d=mm","url":"\/\/www.gravatar.com\/avatar\/d8d45f8901aadff40a4af72c0b826f1d?s=96&#038;r=g&#038;d=mm","contentUrl":"\/\/www.gravatar.com\/avatar\/d8d45f8901aadff40a4af72c0b826f1d?s=96&#038;r=g&#038;d=mm","caption":"dorogimedence.hu"}}]}},"_links":{"self":[{"href":"https:\/\/dorogimedence.hu\/index.php\/wp-json\/wp\/v2\/posts\/75529","targetHints":{"allow":["GET"]}}],"collection":[{"href":"https:\/\/dorogimedence.hu\/index.php\/wp-json\/wp\/v2\/posts"}],"about":[{"href":"https:\/\/dorogimedence.hu\/index.php\/wp-json\/wp\/v2\/types\/post"}],"author":[{"embeddable":true,"href":"https:\/\/dorogimedence.hu\/index.php\/wp-json\/wp\/v2\/users\/1"}],"replies":[{"embeddable":true,"href":"https:\/\/dorogimedence.hu\/index.php\/wp-json\/wp\/v2\/comments?post=75529"}],"version-history":[{"count":0,"href":"https:\/\/dorogimedence.hu\/index.php\/wp-json\/wp\/v2\/posts\/75529\/revisions"}],"wp:featuredmedia":[{"embeddable":true,"href":"https:\/\/dorogimedence.hu\/index.php\/wp-json\/wp\/v2\/media\/75530"}],"wp:attachment":[{"href":"https:\/\/dorogimedence.hu\/index.php\/wp-json\/wp\/v2\/media?parent=75529"}],"wp:term":[{"taxonomy":"category","embeddable":true,"href":"https:\/\/dorogimedence.hu\/index.php\/wp-json\/wp\/v2\/categories?post=75529"},{"taxonomy":"post_tag","embeddable":true,"href":"https:\/\/dorogimedence.hu\/index.php\/wp-json\/wp\/v2\/tags?post=75529"}],"curies":[{"name":"wp","href":"https:\/\/api.w.org\/{rel}","templated":true}]}}