{"id":75486,"date":"2025-11-07T10:16:03","date_gmt":"2025-11-07T09:16:03","guid":{"rendered":"https:\/\/dorogimedence.hu\/?p=75486"},"modified":"2025-11-07T10:16:03","modified_gmt":"2025-11-07T09:16:03","slug":"adomanygyujtest-szervez-a-magyar-voroskereszt-a-penny-ben","status":"publish","type":"post","link":"https:\/\/dorogimedence.hu\/index.php\/2025\/11\/07\/adomanygyujtest-szervez-a-magyar-voroskereszt-a-penny-ben\/","title":{"rendered":"Adom\u00e1nygy\u0171jt\u00e9st szervez a Magyar V\u00f6r\u00f6skereszt a Penny-ben"},"content":{"rendered":"<p><strong>A Magyar V\u00f6r\u00f6skereszt \u00e9s a PENNY Magyarorsz\u00e1g egy\u00fcttm\u0171k\u00f6d\u00e9s\u00e9ben id\u00e9n imm\u00e1r hatodik alkalommal val\u00f3sul meg az a kezdem\u00e9nyez\u00e9s, amely sor\u00e1n a k\u00e9t szervezet tart\u00f3s \u00e9lelmiszereket, tiszt\u00edt\u00f3- \u00e9s tiszt\u00e1lkod\u00e1si szereket gy\u0171jt r\u00e1szorul\u00f3k r\u00e9sz\u00e9re. A kezdem\u00e9nyez\u00e9s c\u00e9lja, hogy a n\u00e9lk\u00fcl\u00f6z\u00e9sben \u00e9l\u0151k is m\u00e9lt\u00f3 k\u00f6r\u00fclm\u00e9nyek k\u00f6z\u00f6tt t\u00f6lthess\u00e9k el az \u00fcnnepeket. November 7-\u00e9n \u00e9s 8-\u00e1n a dorogi Pennyben is szerveznek adom\u00e1nygy\u0171jt\u00e9st.<\/strong><\/p>\n<p>A k\u00e9tnapos akci\u00f3ra 2025. november 7-\u00e9s \u00e9s 8-\u00e1n 10:00 \u00e9s 18:00 \u00f3ra k\u00f6z\u00f6tt ker\u00fcl sor orsz\u00e1gszerte, \u00f6sszesen 143 \u00fczletban. A gy\u0171jt\u0151pontok megtal\u00e1lhat\u00f3ak lesznek az \u00e1ruh\u00e1zak p\u00e9nzt\u00e1rainak k\u00f6zel\u00e9ben.<\/p>\n<p>Az akci\u00f3 az el\u0151z\u0151 \u00e9vekben sz\u00e9p sikereket \u00e9rt el, a szervez\u0151k id\u00e9n is hasonl\u00f3 eredm\u00e9nyeket v\u00e1rnak. 2024-ben a gy\u0171jt\u00f6tt adom\u00e1nyok k\u00f6z\u00f6tt 39.110 kilogramm tart\u00f3s \u00e9lelmiszer, 2231 kilogramm \u00e9dess\u00e9g, 556 kilogramm tiszt\u00e1lkod\u00e1si szer \u00e9s 280 kilogramm vegyi \u00e1ru volt megtal\u00e1lhat\u00f3. Ezekb\u0151l r\u00e1szorul\u00f3 csal\u00e1dok, valamint a legnagyobb hazai humanit\u00e1rius szervezet szoci\u00e1lis ell\u00e1t\u00f3rendszer\u00e9nek \u00e9s int\u00e9zm\u00e9nyeinek az \u00fcgyfelei r\u00e9szes\u00fcltek.<\/p>\n<p>A Magyar V\u00f6r\u00f6skereszt munkat\u00e1rsai \u00e9s \u00f6nk\u00e9ntesei a be\u00e9rkezett k\u00e9szletekb\u0151l \u2013 a kor\u00e1bbi \u00e9vekhez hasonl\u00f3an \u2013 ez\u00fattal is csomagokat k\u00e9sz\u00edtenek majd, amelyet az egyes megyei \u00e9s ter\u00fcleti szervezetek juttatnak el az adott megy\u00e9ben \u00e9l\u0151 r\u00e1szorul\u00f3knak.<\/p>\n<p>\u201e<em>A meg\u00e9lhet\u00e9si neh\u00e9zs\u00e9gek mellett az \u00e9lelmiszereket \u00e9s higi\u00e9niai term\u00e9keket \u00e9rint\u0151 infl\u00e1ci\u00f3 miatt a Magyar V\u00f6r\u00f6skereszthez fordul\u00f3 seg\u00e9lyk\u00e9r\u0151k sz\u00e1ma egyre n\u0151\u201d \u2013 osztja meg Waller-Fekete Judit, a Magyar V\u00f6r\u00f6skereszt szoci\u00e1lis szakmai vezet\u0151je. \u2013 \u201eA hozz\u00e1nk be\u00e9rkez\u0151 ig\u00e9nyek kiel\u00e9g\u00edt\u00e9s\u00e9re egyre kevesebb forr\u00e1s \u00e1ll rendelkez\u00e9sre, ez\u00e9rt is fontos kezdem\u00e9nyez\u00e9s\u00fcnk a PENNY-vel k\u00f6z\u00f6sen szervezett idei els\u0151 tart\u00f3s \u00e9lelmiszer- \u00e9s higi\u00e9niai term\u00e9kadom\u00e1ny gy\u0171jt\u00e9s\u00fcnk. November 7-\u00e9n \u00e9s 8-\u00e1n \u00f6nk\u00e9nteseink \u00e9s munkat\u00e1rsaink k\u00f6zrem\u0171k\u00f6d\u00e9s\u00e9vel seg\u00e9lycsomagokhoz gy\u0171jt\u00fcnk alapanyagokat orsz\u00e1gszerte. B\u00edzunk a\u202flakoss\u00e1g szolidarit\u00e1s\u00e1ban, egy\u00fattal felh\u00edvjuk a figyelmet: a sz\u00e1munkra \u00e1tadott konzerv, rizs vagy t\u00e9szta helyben marad, \u00edgy az adom\u00e1nyoz\u00f3k a magukhoz k\u00f6zel \u00e9l\u0151 r\u00e1szorul\u00f3kat seg\u00edtik.<\/em>\u201d- hangs\u00falyozta Waller-Fekete Judit, a Magyar V\u00f6r\u00f6skereszt szoci\u00e1lis szakmai vezet\u0151je.<\/p>\n<p><em>A PENNY Magyarorsz\u00e1g sz\u00e1m\u00e1ra fontos a r\u00e1szorul\u00f3k t\u00e1mogat\u00e1sa, \u00e9s k\u00fcl\u00f6n \u00f6r\u00f6m sz\u00e1munkra, ha ezt v\u00e1s\u00e1rl\u00f3ink bevon\u00e1s\u00e1val tehetj\u00fck. A Magyar V\u00f6r\u00f6skereszttel k\u00f6z\u00f6sen imm\u00e1r hatodik \u00e9ve gy\u0171jt\u00fcnk adom\u00e1nyokat \u00fczleteinkben, aminek k\u00f6sz\u00f6nhet\u0151en eddig t\u00f6bb t\u00edzezer r\u00e1szorul\u00f3 csal\u00e1d kar\u00e1csony\u00e1t tett\u00fck szebb\u00e9. <\/em><em>Id\u00e9n orsz\u00e1gszerte 143 helysz\u00ednen v\u00e1rjuk a felaj\u00e1nl\u00e1sokat, \u00e9s arra biztatjuk v\u00e1s\u00e1rl\u00f3inkat, ha r\u00e9szt szeretn\u00e9nek venni az adom\u00e1nygy\u0171jt\u0151 akci\u00f3ban, keress\u00e9k a V\u00f6r\u00f6skereszt \u00f6nk\u00e9nteseit a PENNY \u00fczleteiben!<\/em> \u2013 mondta Kazatsay Eszter, a PENNY magyarorsz\u00e1gi kommunik\u00e1ci\u00f3s vezet\u0151je.<\/p>\n<p>A szervez\u0151k minden adom\u00e1nyt sz\u00edvesen fogadnak, amely egy h\u00f3napn\u00e1l tov\u00e1bb meg\u0151rzi a min\u0151s\u00e9g\u00e9t, de az\u00e9rt, hogy megk\u00f6nny\u00edts\u00e9k a d\u00f6nt\u00e9st, k\u00e9sz\u00edtettek egy list\u00e1t. Ezen az adom\u00e1nyoz\u00e1s szempontj\u00e1b\u00f3l leghasznosabb term\u00e9kek vannak felt\u00fcntetve.<\/p>\n<p>Az adom\u00e1nygy\u0171jt\u00e9si helysz\u00ednek <a href=\"https:\/\/preview-assets-eu-01.kc-usercontent.com\/843d8585-7c09-01cb-fcf9-c09b438b114d\/cc60f0db-fd78-40ae-a0b6-8a9f34755535\/Adom%C3%A1nygy%C5%B1jt%C3%A9s%20helysz%C3%ADnek%202025.pdf\" target=\"_blank\" rel=\"noopener\"><span style=\"text-decoration: underline; color: #0000ff;\">ide kattintva<\/span><\/a> \u00e9rhet\u0151k el!<\/p>\n<p><em>Forr\u00e1s: penny.hu<br \/>\nBor\u00edt\u00f3k\u00e9p: voroskereszt.hu<\/em><\/p>\n","protected":false},"excerpt":{"rendered":"<p>A Magyar V\u00f6r\u00f6skereszt \u00e9s a PENNY Magyarorsz\u00e1g egy\u00fcttm\u0171k\u00f6d\u00e9s\u00e9ben id\u00e9n imm\u00e1r hatodik alkalommal val\u00f3sul meg az a kezdem\u00e9nyez\u00e9s, amely sor\u00e1n a k\u00e9t szervezet tart\u00f3s \u00e9lelmiszereket, tiszt\u00edt\u00f3- \u00e9s tiszt\u00e1lkod\u00e1si szereket gy\u0171jt r\u00e1szorul\u00f3k r\u00e9sz\u00e9re. A kezdem\u00e9nyez\u00e9s c\u00e9lja, hogy a n\u00e9lk\u00fcl\u00f6z\u00e9sben \u00e9l\u0151k is m\u00e9lt\u00f3 k\u00f6r\u00fclm\u00e9nyek k\u00f6z\u00f6tt t\u00f6lthess\u00e9k el az \u00fcnnepeket. November 7-\u00e9n \u00e9s 8-\u00e1n a dorogi Pennyben is szerveznek<\/p>\n","protected":false},"author":1,"featured_media":75488,"comment_status":"closed","ping_status":"closed","sticky":false,"template":"","format":"standard","meta":{"ngg_post_thumbnail":0,"footnotes":""},"categories":[2,3],"tags":[1847,904,6224],"class_list":{"0":"post-75486","1":"post","2":"type-post","3":"status-publish","4":"format-standard","5":"has-post-thumbnail","7":"category-dorog","8":"category-hirek","9":"tag-adomanygyujtes","10":"tag-magyar-voroskereszt","11":"tag-penny"},"yoast_head":"<!-- This site is optimized with the Yoast SEO plugin v27.5 - https:\/\/yoast.com\/product\/yoast-seo-wordpress\/ -->\n<title>Adom\u00e1nygy\u0171jt\u00e9st szervez a Magyar V\u00f6r\u00f6skereszt a Penny-ben<\/title>\n<meta name=\"robots\" content=\"index, follow, max-snippet:-1, max-image-preview:large, max-video-preview:-1\" \/>\n<link rel=\"canonical\" href=\"https:\/\/dorogimedence.hu\/index.php\/2025\/11\/07\/adomanygyujtest-szervez-a-magyar-voroskereszt-a-penny-ben\/\" class=\"yoast-seo-meta-tag\" \/>\n<meta property=\"og:locale\" content=\"hu_HU\" class=\"yoast-seo-meta-tag\" \/>\n<meta property=\"og:type\" content=\"article\" class=\"yoast-seo-meta-tag\" \/>\n<meta property=\"og:title\" content=\"Adom\u00e1nygy\u0171jt\u00e9st szervez a Magyar V\u00f6r\u00f6skereszt a Penny-ben\" class=\"yoast-seo-meta-tag\" \/>\n<meta property=\"og:description\" content=\"A Magyar V\u00f6r\u00f6skereszt \u00e9s a PENNY Magyarorsz\u00e1g egy\u00fcttm\u0171k\u00f6d\u00e9s\u00e9ben id\u00e9n imm\u00e1r hatodik alkalommal val\u00f3sul meg az a kezdem\u00e9nyez\u00e9s, amely sor\u00e1n a k\u00e9t szervezet tart\u00f3s \u00e9lelmiszereket, tiszt\u00edt\u00f3- \u00e9s tiszt\u00e1lkod\u00e1si szereket gy\u0171jt r\u00e1szorul\u00f3k r\u00e9sz\u00e9re. A kezdem\u00e9nyez\u00e9s c\u00e9lja, hogy a n\u00e9lk\u00fcl\u00f6z\u00e9sben \u00e9l\u0151k is m\u00e9lt\u00f3 k\u00f6r\u00fclm\u00e9nyek k\u00f6z\u00f6tt t\u00f6lthess\u00e9k el az \u00fcnnepeket. November 7-\u00e9n \u00e9s 8-\u00e1n a dorogi Pennyben is szerveznek\" class=\"yoast-seo-meta-tag\" \/>\n<meta property=\"og:url\" content=\"https:\/\/dorogimedence.hu\/index.php\/2025\/11\/07\/adomanygyujtest-szervez-a-magyar-voroskereszt-a-penny-ben\/\" class=\"yoast-seo-meta-tag\" \/>\n<meta property=\"og:site_name\" content=\"Dorogi-medence Region\u00e1lis H\u00edrport\u00e1l\" class=\"yoast-seo-meta-tag\" \/>\n<meta property=\"article:publisher\" content=\"https:\/\/www.facebook.com\/dorogimedence\/\" class=\"yoast-seo-meta-tag\" \/>\n<meta property=\"article:published_time\" content=\"2025-11-07T09:16:03+00:00\" class=\"yoast-seo-meta-tag\" \/>\n<meta property=\"og:image\" content=\"https:\/\/dorogimedence.hu\/wp-content\/uploads\/2025\/11\/penny-voroskereszt-1.jpg\" class=\"yoast-seo-meta-tag\" \/>\n\t<meta property=\"og:image:width\" content=\"1920\" class=\"yoast-seo-meta-tag\" \/>\n\t<meta property=\"og:image:height\" content=\"970\" class=\"yoast-seo-meta-tag\" \/>\n\t<meta property=\"og:image:type\" content=\"image\/jpeg\" class=\"yoast-seo-meta-tag\" \/>\n<meta name=\"author\" content=\"dorogimedence.hu\" class=\"yoast-seo-meta-tag\" \/>\n<meta name=\"twitter:card\" content=\"summary_large_image\" class=\"yoast-seo-meta-tag\" \/>\n<meta name=\"twitter:label1\" content=\"Szerz\u0151:\" class=\"yoast-seo-meta-tag\" \/>\n\t<meta name=\"twitter:data1\" content=\"dorogimedence.hu\" class=\"yoast-seo-meta-tag\" \/>\n\t<meta name=\"twitter:label2\" content=\"Becs\u00fclt olvas\u00e1si id\u0151\" class=\"yoast-seo-meta-tag\" \/>\n\t<meta name=\"twitter:data2\" content=\"3 perc\" class=\"yoast-seo-meta-tag\" \/>\n<script type=\"application\/ld+json\" class=\"yoast-schema-graph\">{\"@context\":\"https:\\\/\\\/schema.org\",\"@graph\":[{\"@type\":\"Article\",\"@id\":\"https:\\\/\\\/dorogimedence.hu\\\/index.php\\\/2025\\\/11\\\/07\\\/adomanygyujtest-szervez-a-magyar-voroskereszt-a-penny-ben\\\/#article\",\"isPartOf\":{\"@id\":\"https:\\\/\\\/dorogimedence.hu\\\/index.php\\\/2025\\\/11\\\/07\\\/adomanygyujtest-szervez-a-magyar-voroskereszt-a-penny-ben\\\/\"},\"author\":{\"name\":\"dorogimedence.hu\",\"@id\":\"https:\\\/\\\/dorogimedence.hu\\\/#\\\/schema\\\/person\\\/ce6091eeb7e95ecdc87890d6aa8e0fd4\"},\"headline\":\"Adom\u00e1nygy\u0171jt\u00e9st szervez a Magyar V\u00f6r\u00f6skereszt a Penny-ben\",\"datePublished\":\"2025-11-07T09:16:03+00:00\",\"mainEntityOfPage\":{\"@id\":\"https:\\\/\\\/dorogimedence.hu\\\/index.php\\\/2025\\\/11\\\/07\\\/adomanygyujtest-szervez-a-magyar-voroskereszt-a-penny-ben\\\/\"},\"wordCount\":659,\"publisher\":{\"@id\":\"https:\\\/\\\/dorogimedence.hu\\\/#organization\"},\"image\":{\"@id\":\"https:\\\/\\\/dorogimedence.hu\\\/index.php\\\/2025\\\/11\\\/07\\\/adomanygyujtest-szervez-a-magyar-voroskereszt-a-penny-ben\\\/#primaryimage\"},\"thumbnailUrl\":\"https:\\\/\\\/dorogimedence.hu\\\/wp-content\\\/uploads\\\/2025\\\/11\\\/penny-voroskereszt-1.jpg\",\"keywords\":[\"adom\u00e1nygy\u0171jt\u00e9s\",\"Magyar V\u00f6r\u00f6skereszt\",\"Penny\"],\"articleSection\":[\"Dorog\",\"H\u00edrek\"],\"inLanguage\":\"hu\"},{\"@type\":\"WebPage\",\"@id\":\"https:\\\/\\\/dorogimedence.hu\\\/index.php\\\/2025\\\/11\\\/07\\\/adomanygyujtest-szervez-a-magyar-voroskereszt-a-penny-ben\\\/\",\"url\":\"https:\\\/\\\/dorogimedence.hu\\\/index.php\\\/2025\\\/11\\\/07\\\/adomanygyujtest-szervez-a-magyar-voroskereszt-a-penny-ben\\\/\",\"name\":\"Adom\u00e1nygy\u0171jt\u00e9st szervez a Magyar V\u00f6r\u00f6skereszt a Penny-ben\",\"isPartOf\":{\"@id\":\"https:\\\/\\\/dorogimedence.hu\\\/#website\"},\"primaryImageOfPage\":{\"@id\":\"https:\\\/\\\/dorogimedence.hu\\\/index.php\\\/2025\\\/11\\\/07\\\/adomanygyujtest-szervez-a-magyar-voroskereszt-a-penny-ben\\\/#primaryimage\"},\"image\":{\"@id\":\"https:\\\/\\\/dorogimedence.hu\\\/index.php\\\/2025\\\/11\\\/07\\\/adomanygyujtest-szervez-a-magyar-voroskereszt-a-penny-ben\\\/#primaryimage\"},\"thumbnailUrl\":\"https:\\\/\\\/dorogimedence.hu\\\/wp-content\\\/uploads\\\/2025\\\/11\\\/penny-voroskereszt-1.jpg\",\"datePublished\":\"2025-11-07T09:16:03+00:00\",\"breadcrumb\":{\"@id\":\"https:\\\/\\\/dorogimedence.hu\\\/index.php\\\/2025\\\/11\\\/07\\\/adomanygyujtest-szervez-a-magyar-voroskereszt-a-penny-ben\\\/#breadcrumb\"},\"inLanguage\":\"hu\",\"potentialAction\":[{\"@type\":\"ReadAction\",\"target\":[\"https:\\\/\\\/dorogimedence.hu\\\/index.php\\\/2025\\\/11\\\/07\\\/adomanygyujtest-szervez-a-magyar-voroskereszt-a-penny-ben\\\/\"]}]},{\"@type\":\"ImageObject\",\"inLanguage\":\"hu\",\"@id\":\"https:\\\/\\\/dorogimedence.hu\\\/index.php\\\/2025\\\/11\\\/07\\\/adomanygyujtest-szervez-a-magyar-voroskereszt-a-penny-ben\\\/#primaryimage\",\"url\":\"https:\\\/\\\/dorogimedence.hu\\\/wp-content\\\/uploads\\\/2025\\\/11\\\/penny-voroskereszt-1.jpg\",\"contentUrl\":\"https:\\\/\\\/dorogimedence.hu\\\/wp-content\\\/uploads\\\/2025\\\/11\\\/penny-voroskereszt-1.jpg\",\"width\":1920,\"height\":970},{\"@type\":\"BreadcrumbList\",\"@id\":\"https:\\\/\\\/dorogimedence.hu\\\/index.php\\\/2025\\\/11\\\/07\\\/adomanygyujtest-szervez-a-magyar-voroskereszt-a-penny-ben\\\/#breadcrumb\",\"itemListElement\":[{\"@type\":\"ListItem\",\"position\":1,\"name\":\"Kezd\u0151lap\",\"item\":\"https:\\\/\\\/dorogimedence.hu\\\/\"},{\"@type\":\"ListItem\",\"position\":2,\"name\":\"Adom\u00e1nygy\u0171jt\u00e9st szervez a Magyar V\u00f6r\u00f6skereszt a Penny-ben\"}]},{\"@type\":\"WebSite\",\"@id\":\"https:\\\/\\\/dorogimedence.hu\\\/#website\",\"url\":\"https:\\\/\\\/dorogimedence.hu\\\/\",\"name\":\"Dorogi-medence Region\u00e1lis H\u00edrport\u00e1l\",\"description\":\"Dorog, Keszt\u00f6lc, Le\u00e1nyv\u00e1r, Piliscs\u00e9v, Tokod, Tokodalt\u00e1r\u00f3, Csolnok, Esztergom-kertv\u00e1ros: h\u00edrek, programok\",\"publisher\":{\"@id\":\"https:\\\/\\\/dorogimedence.hu\\\/#organization\"},\"potentialAction\":[{\"@type\":\"SearchAction\",\"target\":{\"@type\":\"EntryPoint\",\"urlTemplate\":\"https:\\\/\\\/dorogimedence.hu\\\/?s={search_term_string}\"},\"query-input\":{\"@type\":\"PropertyValueSpecification\",\"valueRequired\":true,\"valueName\":\"search_term_string\"}}],\"inLanguage\":\"hu\"},{\"@type\":\"Organization\",\"@id\":\"https:\\\/\\\/dorogimedence.hu\\\/#organization\",\"name\":\"Dorogi-medence Region\u00e1lis H\u00edrport\u00e1l\",\"url\":\"https:\\\/\\\/dorogimedence.hu\\\/\",\"logo\":{\"@type\":\"ImageObject\",\"inLanguage\":\"hu\",\"@id\":\"https:\\\/\\\/dorogimedence.hu\\\/#\\\/schema\\\/logo\\\/image\\\/\",\"url\":\"https:\\\/\\\/dorogimedence.hu\\\/wp-content\\\/uploads\\\/2021\\\/04\\\/logo-feher-600.png\",\"contentUrl\":\"https:\\\/\\\/dorogimedence.hu\\\/wp-content\\\/uploads\\\/2021\\\/04\\\/logo-feher-600.png\",\"width\":600,\"height\":100,\"caption\":\"Dorogi-medence Region\u00e1lis H\u00edrport\u00e1l\"},\"image\":{\"@id\":\"https:\\\/\\\/dorogimedence.hu\\\/#\\\/schema\\\/logo\\\/image\\\/\"},\"sameAs\":[\"https:\\\/\\\/www.facebook.com\\\/dorogimedence\\\/\"]},{\"@type\":\"Person\",\"@id\":\"https:\\\/\\\/dorogimedence.hu\\\/#\\\/schema\\\/person\\\/ce6091eeb7e95ecdc87890d6aa8e0fd4\",\"name\":\"dorogimedence.hu\",\"image\":{\"@type\":\"ImageObject\",\"inLanguage\":\"hu\",\"@id\":\"\\\/\\\/www.gravatar.com\\\/avatar\\\/d8d45f8901aadff40a4af72c0b826f1d?s=96&#038;r=g&#038;d=mm\",\"url\":\"\\\/\\\/www.gravatar.com\\\/avatar\\\/d8d45f8901aadff40a4af72c0b826f1d?s=96&#038;r=g&#038;d=mm\",\"contentUrl\":\"\\\/\\\/www.gravatar.com\\\/avatar\\\/d8d45f8901aadff40a4af72c0b826f1d?s=96&#038;r=g&#038;d=mm\",\"caption\":\"dorogimedence.hu\"}}]}<\/script>\n<!-- \/ Yoast SEO plugin. -->","yoast_head_json":{"title":"Adom\u00e1nygy\u0171jt\u00e9st szervez a Magyar V\u00f6r\u00f6skereszt a Penny-ben","robots":{"index":"index","follow":"follow","max-snippet":"max-snippet:-1","max-image-preview":"max-image-preview:large","max-video-preview":"max-video-preview:-1"},"canonical":"https:\/\/dorogimedence.hu\/index.php\/2025\/11\/07\/adomanygyujtest-szervez-a-magyar-voroskereszt-a-penny-ben\/","og_locale":"hu_HU","og_type":"article","og_title":"Adom\u00e1nygy\u0171jt\u00e9st szervez a Magyar V\u00f6r\u00f6skereszt a Penny-ben","og_description":"A Magyar V\u00f6r\u00f6skereszt \u00e9s a PENNY Magyarorsz\u00e1g egy\u00fcttm\u0171k\u00f6d\u00e9s\u00e9ben id\u00e9n imm\u00e1r hatodik alkalommal val\u00f3sul meg az a kezdem\u00e9nyez\u00e9s, amely sor\u00e1n a k\u00e9t szervezet tart\u00f3s \u00e9lelmiszereket, tiszt\u00edt\u00f3- \u00e9s tiszt\u00e1lkod\u00e1si szereket gy\u0171jt r\u00e1szorul\u00f3k r\u00e9sz\u00e9re. A kezdem\u00e9nyez\u00e9s c\u00e9lja, hogy a n\u00e9lk\u00fcl\u00f6z\u00e9sben \u00e9l\u0151k is m\u00e9lt\u00f3 k\u00f6r\u00fclm\u00e9nyek k\u00f6z\u00f6tt t\u00f6lthess\u00e9k el az \u00fcnnepeket. November 7-\u00e9n \u00e9s 8-\u00e1n a dorogi Pennyben is szerveznek","og_url":"https:\/\/dorogimedence.hu\/index.php\/2025\/11\/07\/adomanygyujtest-szervez-a-magyar-voroskereszt-a-penny-ben\/","og_site_name":"Dorogi-medence Region\u00e1lis H\u00edrport\u00e1l","article_publisher":"https:\/\/www.facebook.com\/dorogimedence\/","article_published_time":"2025-11-07T09:16:03+00:00","og_image":[{"width":1920,"height":970,"url":"https:\/\/dorogimedence.hu\/wp-content\/uploads\/2025\/11\/penny-voroskereszt-1.jpg","type":"image\/jpeg"}],"author":"dorogimedence.hu","twitter_card":"summary_large_image","twitter_misc":{"Szerz\u0151:":"dorogimedence.hu","Becs\u00fclt olvas\u00e1si id\u0151":"3 perc"},"schema":{"@context":"https:\/\/schema.org","@graph":[{"@type":"Article","@id":"https:\/\/dorogimedence.hu\/index.php\/2025\/11\/07\/adomanygyujtest-szervez-a-magyar-voroskereszt-a-penny-ben\/#article","isPartOf":{"@id":"https:\/\/dorogimedence.hu\/index.php\/2025\/11\/07\/adomanygyujtest-szervez-a-magyar-voroskereszt-a-penny-ben\/"},"author":{"name":"dorogimedence.hu","@id":"https:\/\/dorogimedence.hu\/#\/schema\/person\/ce6091eeb7e95ecdc87890d6aa8e0fd4"},"headline":"Adom\u00e1nygy\u0171jt\u00e9st szervez a Magyar V\u00f6r\u00f6skereszt a Penny-ben","datePublished":"2025-11-07T09:16:03+00:00","mainEntityOfPage":{"@id":"https:\/\/dorogimedence.hu\/index.php\/2025\/11\/07\/adomanygyujtest-szervez-a-magyar-voroskereszt-a-penny-ben\/"},"wordCount":659,"publisher":{"@id":"https:\/\/dorogimedence.hu\/#organization"},"image":{"@id":"https:\/\/dorogimedence.hu\/index.php\/2025\/11\/07\/adomanygyujtest-szervez-a-magyar-voroskereszt-a-penny-ben\/#primaryimage"},"thumbnailUrl":"https:\/\/dorogimedence.hu\/wp-content\/uploads\/2025\/11\/penny-voroskereszt-1.jpg","keywords":["adom\u00e1nygy\u0171jt\u00e9s","Magyar V\u00f6r\u00f6skereszt","Penny"],"articleSection":["Dorog","H\u00edrek"],"inLanguage":"hu"},{"@type":"WebPage","@id":"https:\/\/dorogimedence.hu\/index.php\/2025\/11\/07\/adomanygyujtest-szervez-a-magyar-voroskereszt-a-penny-ben\/","url":"https:\/\/dorogimedence.hu\/index.php\/2025\/11\/07\/adomanygyujtest-szervez-a-magyar-voroskereszt-a-penny-ben\/","name":"Adom\u00e1nygy\u0171jt\u00e9st szervez a Magyar V\u00f6r\u00f6skereszt a Penny-ben","isPartOf":{"@id":"https:\/\/dorogimedence.hu\/#website"},"primaryImageOfPage":{"@id":"https:\/\/dorogimedence.hu\/index.php\/2025\/11\/07\/adomanygyujtest-szervez-a-magyar-voroskereszt-a-penny-ben\/#primaryimage"},"image":{"@id":"https:\/\/dorogimedence.hu\/index.php\/2025\/11\/07\/adomanygyujtest-szervez-a-magyar-voroskereszt-a-penny-ben\/#primaryimage"},"thumbnailUrl":"https:\/\/dorogimedence.hu\/wp-content\/uploads\/2025\/11\/penny-voroskereszt-1.jpg","datePublished":"2025-11-07T09:16:03+00:00","breadcrumb":{"@id":"https:\/\/dorogimedence.hu\/index.php\/2025\/11\/07\/adomanygyujtest-szervez-a-magyar-voroskereszt-a-penny-ben\/#breadcrumb"},"inLanguage":"hu","potentialAction":[{"@type":"ReadAction","target":["https:\/\/dorogimedence.hu\/index.php\/2025\/11\/07\/adomanygyujtest-szervez-a-magyar-voroskereszt-a-penny-ben\/"]}]},{"@type":"ImageObject","inLanguage":"hu","@id":"https:\/\/dorogimedence.hu\/index.php\/2025\/11\/07\/adomanygyujtest-szervez-a-magyar-voroskereszt-a-penny-ben\/#primaryimage","url":"https:\/\/dorogimedence.hu\/wp-content\/uploads\/2025\/11\/penny-voroskereszt-1.jpg","contentUrl":"https:\/\/dorogimedence.hu\/wp-content\/uploads\/2025\/11\/penny-voroskereszt-1.jpg","width":1920,"height":970},{"@type":"BreadcrumbList","@id":"https:\/\/dorogimedence.hu\/index.php\/2025\/11\/07\/adomanygyujtest-szervez-a-magyar-voroskereszt-a-penny-ben\/#breadcrumb","itemListElement":[{"@type":"ListItem","position":1,"name":"Kezd\u0151lap","item":"https:\/\/dorogimedence.hu\/"},{"@type":"ListItem","position":2,"name":"Adom\u00e1nygy\u0171jt\u00e9st szervez a Magyar V\u00f6r\u00f6skereszt a Penny-ben"}]},{"@type":"WebSite","@id":"https:\/\/dorogimedence.hu\/#website","url":"https:\/\/dorogimedence.hu\/","name":"Dorogi-medence Region\u00e1lis H\u00edrport\u00e1l","description":"Dorog, Keszt\u00f6lc, Le\u00e1nyv\u00e1r, Piliscs\u00e9v, Tokod, Tokodalt\u00e1r\u00f3, Csolnok, Esztergom-kertv\u00e1ros: h\u00edrek, programok","publisher":{"@id":"https:\/\/dorogimedence.hu\/#organization"},"potentialAction":[{"@type":"SearchAction","target":{"@type":"EntryPoint","urlTemplate":"https:\/\/dorogimedence.hu\/?s={search_term_string}"},"query-input":{"@type":"PropertyValueSpecification","valueRequired":true,"valueName":"search_term_string"}}],"inLanguage":"hu"},{"@type":"Organization","@id":"https:\/\/dorogimedence.hu\/#organization","name":"Dorogi-medence Region\u00e1lis H\u00edrport\u00e1l","url":"https:\/\/dorogimedence.hu\/","logo":{"@type":"ImageObject","inLanguage":"hu","@id":"https:\/\/dorogimedence.hu\/#\/schema\/logo\/image\/","url":"https:\/\/dorogimedence.hu\/wp-content\/uploads\/2021\/04\/logo-feher-600.png","contentUrl":"https:\/\/dorogimedence.hu\/wp-content\/uploads\/2021\/04\/logo-feher-600.png","width":600,"height":100,"caption":"Dorogi-medence Region\u00e1lis H\u00edrport\u00e1l"},"image":{"@id":"https:\/\/dorogimedence.hu\/#\/schema\/logo\/image\/"},"sameAs":["https:\/\/www.facebook.com\/dorogimedence\/"]},{"@type":"Person","@id":"https:\/\/dorogimedence.hu\/#\/schema\/person\/ce6091eeb7e95ecdc87890d6aa8e0fd4","name":"dorogimedence.hu","image":{"@type":"ImageObject","inLanguage":"hu","@id":"\/\/www.gravatar.com\/avatar\/d8d45f8901aadff40a4af72c0b826f1d?s=96&#038;r=g&#038;d=mm","url":"\/\/www.gravatar.com\/avatar\/d8d45f8901aadff40a4af72c0b826f1d?s=96&#038;r=g&#038;d=mm","contentUrl":"\/\/www.gravatar.com\/avatar\/d8d45f8901aadff40a4af72c0b826f1d?s=96&#038;r=g&#038;d=mm","caption":"dorogimedence.hu"}}]}},"_links":{"self":[{"href":"https:\/\/dorogimedence.hu\/index.php\/wp-json\/wp\/v2\/posts\/75486","targetHints":{"allow":["GET"]}}],"collection":[{"href":"https:\/\/dorogimedence.hu\/index.php\/wp-json\/wp\/v2\/posts"}],"about":[{"href":"https:\/\/dorogimedence.hu\/index.php\/wp-json\/wp\/v2\/types\/post"}],"author":[{"embeddable":true,"href":"https:\/\/dorogimedence.hu\/index.php\/wp-json\/wp\/v2\/users\/1"}],"replies":[{"embeddable":true,"href":"https:\/\/dorogimedence.hu\/index.php\/wp-json\/wp\/v2\/comments?post=75486"}],"version-history":[{"count":0,"href":"https:\/\/dorogimedence.hu\/index.php\/wp-json\/wp\/v2\/posts\/75486\/revisions"}],"wp:featuredmedia":[{"embeddable":true,"href":"https:\/\/dorogimedence.hu\/index.php\/wp-json\/wp\/v2\/media\/75488"}],"wp:attachment":[{"href":"https:\/\/dorogimedence.hu\/index.php\/wp-json\/wp\/v2\/media?parent=75486"}],"wp:term":[{"taxonomy":"category","embeddable":true,"href":"https:\/\/dorogimedence.hu\/index.php\/wp-json\/wp\/v2\/categories?post=75486"},{"taxonomy":"post_tag","embeddable":true,"href":"https:\/\/dorogimedence.hu\/index.php\/wp-json\/wp\/v2\/tags?post=75486"}],"curies":[{"name":"wp","href":"https:\/\/api.w.org\/{rel}","templated":true}]}}