{"id":75322,"date":"2025-10-31T07:50:09","date_gmt":"2025-10-31T06:50:09","guid":{"rendered":"https:\/\/dorogimedence.hu\/?p=75322"},"modified":"2025-10-31T07:50:09","modified_gmt":"2025-10-31T06:50:09","slug":"varmegyenkbe-is-megerkezett-az-influenza-elleni-3fluart-nevu-vakcina","status":"publish","type":"post","link":"https:\/\/dorogimedence.hu\/index.php\/2025\/10\/31\/varmegyenkbe-is-megerkezett-az-influenza-elleni-3fluart-nevu-vakcina\/","title":{"rendered":"V\u00e1rmegy\u00e9nkbe is meg\u00e9rkezett az influenza elleni 3Fluart nev\u0171 vakcina"},"content":{"rendered":"<div class=\"clearfix text-formatted field field--name-field-bevezeto-full field--type-text-long field--label-hidden field__item\">\n<p class=\"text-align-justify\"><strong>Az influenza szezonra t\u00f6rt\u00e9n\u0151 felk\u00e9sz\u00fcl\u00e9s egyik legfontosabb feladata a t\u00e9r\u00edt\u00e9smentes influenza elleni v\u00e9d\u0151olt\u00e1s szervez\u00e9se \u00e9s v\u00e9grehajt\u00e1sa a korm\u00e1nyhivatalok N\u00e9peg\u00e9szs\u00e9g\u00fcgyi Oszt\u00e1lyain. A 43. h\u00e9ten a Kom\u00e1rom-Esztergom V\u00e1rmegyei Korm\u00e1nyhivatalba is meg\u00e9rkezett az influenza elleni 3Fluart nev\u0171 vakcina, majd az olt\u00f3anyagok h\u00e1ziorvosi praxisok fel\u00e9 t\u00f6rt\u00e9n\u0151 kioszt\u00e1sa is megt\u00f6rt\u00e9nt.<\/strong><\/p>\n<\/div>\n<div class=\"node__body\">\n<div class=\"clearfix text-formatted field field--name-body field--type-text-with-summary field--label-hidden field__item\">\n<p class=\"text-align-justify\">Az influenza elleni v\u00e9d\u0151olt\u00e1sok els\u0151dleges c\u00e9lja a s\u00falyos, k\u00f3rh\u00e1zi ell\u00e1t\u00e1st ig\u00e9nyl\u0151 megbeteged\u00e9sek \u00e9s az influenza okozta hal\u00e1lesetek megel\u0151z\u00e9se. Az influenzav\u00edrusok szempontj\u00e1b\u00f3l a kock\u00e1zati csoportba tartoz\u00f3k v\u00e9d\u0151olt\u00e1sa a legfontosabb, vagyis akik \u00e9letkoruk, vagy eg\u00e9szs\u00e9gi \u00e1llapotuk miatt fokozottan vesz\u00e9lyeztetettek, illetve akik ezen szem\u00e9lyeket az influenzav\u00edrus \u00e1tad\u00e1sa r\u00e9v\u00e9n vesz\u00e9lyeztethetik.<\/p>\n<p class=\"text-align-justify\">Az influenzav\u00edrus rendk\u00edv\u00fcl v\u00e1ltoz\u00e9kony, ez\u00e9rt minden szezonra \u00faj olt\u00f3anyagot kell gy\u00e1rtani. A t\u00e9r\u00edt\u00e9smentes olt\u00e1sokhoz felhaszn\u00e1lhat\u00f3 influenza vakcina, a 3Fluart trivalens olt\u00f3anyag, amely a WHO 2025\/2026-os influenzaszezonra vonatkoz\u00f3 aj\u00e1nl\u00e1s\u00e1nak megfelel\u0151en H1N1 \u00e9s H3N2 alt\u00edpus\u00fa influenza A, tov\u00e1bb\u00e1 influenza B v\u00edrusb\u00f3l sz\u00e1rmaz\u00f3 antig\u00e9nt tartalmaz.<\/p>\n<p class=\"text-align-justify\">A 3 \u00e9ven aluli gyermekek olt\u00e1s\u00e1hoz haszn\u00e1latos Vaxigrip vakcina, valamint a 24-35 h\u00f3napos gyermekek olt\u00e1s\u00e1hoz biztos\u00edtott Fluenz szuszpenzi\u00f3s orrspray, amely a korm\u00e1nyhivatalokhoz hamarosan szint\u00e9n meg\u00e9rkezik.<\/p>\n<p class=\"text-align-justify\">A kock\u00e1zati csoportba tartoz\u00f3k ebben az \u00e9vben is t\u00e9r\u00edt\u00e9smentesen ig\u00e9nyelhetik a h\u00e1ziorvosukt\u00f3l az olt\u00f3anyagot.<\/p>\n<p class=\"text-align-justify\">A Kom\u00e1rom-Esztergom V\u00e1rmegyei Korm\u00e1nyhivatal javasolja, hogy tegyen mindenki \u00f6nmaga \u00e9s a csal\u00e1dja eg\u00e9szs\u00e9g\u00e9nek v\u00e9delm\u00e9\u00e9rt \u00e9s ig\u00e9nyelje az olt\u00e1st h\u00e1ziorvos\u00e1n\u00e1l!<\/p>\n<div class=\"forras mb-5\"><em>Forr\u00e1s: Kom\u00e1rom-Esztergom V\u00e1rmegyei Korm\u00e1nyhivatal<br \/>\nBor\u00edt\u00f3k\u00e9p: illusztr\u00e1ci\u00f3 (freepik.com)<\/em><\/div>\n<\/div>\n<\/div>\n","protected":false},"excerpt":{"rendered":"<p>Az influenza szezonra t\u00f6rt\u00e9n\u0151 felk\u00e9sz\u00fcl\u00e9s egyik legfontosabb feladata a t\u00e9r\u00edt\u00e9smentes influenza elleni v\u00e9d\u0151olt\u00e1s szervez\u00e9se \u00e9s v\u00e9grehajt\u00e1sa a korm\u00e1nyhivatalok N\u00e9peg\u00e9szs\u00e9g\u00fcgyi Oszt\u00e1lyain. A 43. h\u00e9ten a Kom\u00e1rom-Esztergom V\u00e1rmegyei Korm\u00e1nyhivatalba is meg\u00e9rkezett az influenza elleni 3Fluart nev\u0171 vakcina, majd az olt\u00f3anyagok h\u00e1ziorvosi praxisok fel\u00e9 t\u00f6rt\u00e9n\u0151 kioszt\u00e1sa is megt\u00f6rt\u00e9nt. Az influenza elleni v\u00e9d\u0151olt\u00e1sok els\u0151dleges c\u00e9lja a s\u00falyos, k\u00f3rh\u00e1zi ell\u00e1t\u00e1st<\/p>\n","protected":false},"author":1,"featured_media":75323,"comment_status":"closed","ping_status":"closed","sticky":false,"template":"","format":"standard","meta":{"ngg_post_thumbnail":0,"footnotes":""},"categories":[3,56],"tags":[50,6890,5238],"class_list":{"0":"post-75322","1":"post","2":"type-post","3":"status-publish","4":"format-standard","5":"has-post-thumbnail","7":"category-hirek","8":"category-komarom-esztergom","9":"tag-influenza","10":"tag-komarom-esztergom-varmegye","11":"tag-vakcina"},"yoast_head":"<!-- This site is optimized with the Yoast SEO plugin v27.4 - https:\/\/yoast.com\/product\/yoast-seo-wordpress\/ -->\n<title>V\u00e1rmegy\u00e9nkbe is meg\u00e9rkezett az influenza elleni 3Fluart nev\u0171 vakcina<\/title>\n<meta name=\"robots\" content=\"index, follow, max-snippet:-1, max-image-preview:large, max-video-preview:-1\" \/>\n<link rel=\"canonical\" href=\"https:\/\/dorogimedence.hu\/index.php\/2025\/10\/31\/varmegyenkbe-is-megerkezett-az-influenza-elleni-3fluart-nevu-vakcina\/\" class=\"yoast-seo-meta-tag\" \/>\n<meta property=\"og:locale\" content=\"hu_HU\" class=\"yoast-seo-meta-tag\" \/>\n<meta property=\"og:type\" content=\"article\" class=\"yoast-seo-meta-tag\" \/>\n<meta property=\"og:title\" content=\"V\u00e1rmegy\u00e9nkbe is meg\u00e9rkezett az influenza elleni 3Fluart nev\u0171 vakcina\" class=\"yoast-seo-meta-tag\" \/>\n<meta property=\"og:description\" content=\"Az influenza szezonra t\u00f6rt\u00e9n\u0151 felk\u00e9sz\u00fcl\u00e9s egyik legfontosabb feladata a t\u00e9r\u00edt\u00e9smentes influenza elleni v\u00e9d\u0151olt\u00e1s szervez\u00e9se \u00e9s v\u00e9grehajt\u00e1sa a korm\u00e1nyhivatalok N\u00e9peg\u00e9szs\u00e9g\u00fcgyi Oszt\u00e1lyain. A 43. h\u00e9ten a Kom\u00e1rom-Esztergom V\u00e1rmegyei Korm\u00e1nyhivatalba is meg\u00e9rkezett az influenza elleni 3Fluart nev\u0171 vakcina, majd az olt\u00f3anyagok h\u00e1ziorvosi praxisok fel\u00e9 t\u00f6rt\u00e9n\u0151 kioszt\u00e1sa is megt\u00f6rt\u00e9nt. Az influenza elleni v\u00e9d\u0151olt\u00e1sok els\u0151dleges c\u00e9lja a s\u00falyos, k\u00f3rh\u00e1zi ell\u00e1t\u00e1st\" class=\"yoast-seo-meta-tag\" \/>\n<meta property=\"og:url\" content=\"https:\/\/dorogimedence.hu\/index.php\/2025\/10\/31\/varmegyenkbe-is-megerkezett-az-influenza-elleni-3fluart-nevu-vakcina\/\" class=\"yoast-seo-meta-tag\" \/>\n<meta property=\"og:site_name\" content=\"Dorogi-medence Region\u00e1lis H\u00edrport\u00e1l\" class=\"yoast-seo-meta-tag\" \/>\n<meta property=\"article:publisher\" content=\"https:\/\/www.facebook.com\/dorogimedence\/\" class=\"yoast-seo-meta-tag\" \/>\n<meta property=\"article:published_time\" content=\"2025-10-31T06:50:09+00:00\" class=\"yoast-seo-meta-tag\" \/>\n<meta property=\"og:image\" content=\"https:\/\/dorogimedence.hu\/wp-content\/uploads\/2025\/10\/2149079584.jpg\" class=\"yoast-seo-meta-tag\" \/>\n\t<meta property=\"og:image:width\" content=\"1500\" class=\"yoast-seo-meta-tag\" \/>\n\t<meta property=\"og:image:height\" content=\"1000\" class=\"yoast-seo-meta-tag\" \/>\n\t<meta property=\"og:image:type\" content=\"image\/jpeg\" class=\"yoast-seo-meta-tag\" \/>\n<meta name=\"author\" content=\"dorogimedence.hu\" class=\"yoast-seo-meta-tag\" \/>\n<meta name=\"twitter:card\" content=\"summary_large_image\" class=\"yoast-seo-meta-tag\" \/>\n<meta name=\"twitter:label1\" content=\"Szerz\u0151:\" class=\"yoast-seo-meta-tag\" \/>\n\t<meta name=\"twitter:data1\" content=\"dorogimedence.hu\" class=\"yoast-seo-meta-tag\" \/>\n\t<meta name=\"twitter:label2\" content=\"Becs\u00fclt olvas\u00e1si id\u0151\" class=\"yoast-seo-meta-tag\" \/>\n\t<meta name=\"twitter:data2\" content=\"2 perc\" class=\"yoast-seo-meta-tag\" \/>\n<script type=\"application\/ld+json\" class=\"yoast-schema-graph\">{\"@context\":\"https:\\\/\\\/schema.org\",\"@graph\":[{\"@type\":\"Article\",\"@id\":\"https:\\\/\\\/dorogimedence.hu\\\/index.php\\\/2025\\\/10\\\/31\\\/varmegyenkbe-is-megerkezett-az-influenza-elleni-3fluart-nevu-vakcina\\\/#article\",\"isPartOf\":{\"@id\":\"https:\\\/\\\/dorogimedence.hu\\\/index.php\\\/2025\\\/10\\\/31\\\/varmegyenkbe-is-megerkezett-az-influenza-elleni-3fluart-nevu-vakcina\\\/\"},\"author\":{\"name\":\"dorogimedence.hu\",\"@id\":\"https:\\\/\\\/dorogimedence.hu\\\/#\\\/schema\\\/person\\\/ce6091eeb7e95ecdc87890d6aa8e0fd4\"},\"headline\":\"V\u00e1rmegy\u00e9nkbe is meg\u00e9rkezett az influenza elleni 3Fluart nev\u0171 vakcina\",\"datePublished\":\"2025-10-31T06:50:09+00:00\",\"mainEntityOfPage\":{\"@id\":\"https:\\\/\\\/dorogimedence.hu\\\/index.php\\\/2025\\\/10\\\/31\\\/varmegyenkbe-is-megerkezett-az-influenza-elleni-3fluart-nevu-vakcina\\\/\"},\"wordCount\":341,\"publisher\":{\"@id\":\"https:\\\/\\\/dorogimedence.hu\\\/#organization\"},\"image\":{\"@id\":\"https:\\\/\\\/dorogimedence.hu\\\/index.php\\\/2025\\\/10\\\/31\\\/varmegyenkbe-is-megerkezett-az-influenza-elleni-3fluart-nevu-vakcina\\\/#primaryimage\"},\"thumbnailUrl\":\"https:\\\/\\\/dorogimedence.hu\\\/wp-content\\\/uploads\\\/2025\\\/10\\\/2149079584.jpg\",\"keywords\":[\"Influenza\",\"Kom\u00e1rom-Esztergom v\u00e1rmegye\",\"vakcina\"],\"articleSection\":[\"H\u00edrek\",\"Kom\u00e1rom-Esztergom\"],\"inLanguage\":\"hu\"},{\"@type\":\"WebPage\",\"@id\":\"https:\\\/\\\/dorogimedence.hu\\\/index.php\\\/2025\\\/10\\\/31\\\/varmegyenkbe-is-megerkezett-az-influenza-elleni-3fluart-nevu-vakcina\\\/\",\"url\":\"https:\\\/\\\/dorogimedence.hu\\\/index.php\\\/2025\\\/10\\\/31\\\/varmegyenkbe-is-megerkezett-az-influenza-elleni-3fluart-nevu-vakcina\\\/\",\"name\":\"V\u00e1rmegy\u00e9nkbe is meg\u00e9rkezett az influenza elleni 3Fluart nev\u0171 vakcina\",\"isPartOf\":{\"@id\":\"https:\\\/\\\/dorogimedence.hu\\\/#website\"},\"primaryImageOfPage\":{\"@id\":\"https:\\\/\\\/dorogimedence.hu\\\/index.php\\\/2025\\\/10\\\/31\\\/varmegyenkbe-is-megerkezett-az-influenza-elleni-3fluart-nevu-vakcina\\\/#primaryimage\"},\"image\":{\"@id\":\"https:\\\/\\\/dorogimedence.hu\\\/index.php\\\/2025\\\/10\\\/31\\\/varmegyenkbe-is-megerkezett-az-influenza-elleni-3fluart-nevu-vakcina\\\/#primaryimage\"},\"thumbnailUrl\":\"https:\\\/\\\/dorogimedence.hu\\\/wp-content\\\/uploads\\\/2025\\\/10\\\/2149079584.jpg\",\"datePublished\":\"2025-10-31T06:50:09+00:00\",\"breadcrumb\":{\"@id\":\"https:\\\/\\\/dorogimedence.hu\\\/index.php\\\/2025\\\/10\\\/31\\\/varmegyenkbe-is-megerkezett-az-influenza-elleni-3fluart-nevu-vakcina\\\/#breadcrumb\"},\"inLanguage\":\"hu\",\"potentialAction\":[{\"@type\":\"ReadAction\",\"target\":[\"https:\\\/\\\/dorogimedence.hu\\\/index.php\\\/2025\\\/10\\\/31\\\/varmegyenkbe-is-megerkezett-az-influenza-elleni-3fluart-nevu-vakcina\\\/\"]}]},{\"@type\":\"ImageObject\",\"inLanguage\":\"hu\",\"@id\":\"https:\\\/\\\/dorogimedence.hu\\\/index.php\\\/2025\\\/10\\\/31\\\/varmegyenkbe-is-megerkezett-az-influenza-elleni-3fluart-nevu-vakcina\\\/#primaryimage\",\"url\":\"https:\\\/\\\/dorogimedence.hu\\\/wp-content\\\/uploads\\\/2025\\\/10\\\/2149079584.jpg\",\"contentUrl\":\"https:\\\/\\\/dorogimedence.hu\\\/wp-content\\\/uploads\\\/2025\\\/10\\\/2149079584.jpg\",\"width\":1500,\"height\":1000},{\"@type\":\"BreadcrumbList\",\"@id\":\"https:\\\/\\\/dorogimedence.hu\\\/index.php\\\/2025\\\/10\\\/31\\\/varmegyenkbe-is-megerkezett-az-influenza-elleni-3fluart-nevu-vakcina\\\/#breadcrumb\",\"itemListElement\":[{\"@type\":\"ListItem\",\"position\":1,\"name\":\"Kezd\u0151lap\",\"item\":\"https:\\\/\\\/dorogimedence.hu\\\/\"},{\"@type\":\"ListItem\",\"position\":2,\"name\":\"V\u00e1rmegy\u00e9nkbe is meg\u00e9rkezett az influenza elleni 3Fluart nev\u0171 vakcina\"}]},{\"@type\":\"WebSite\",\"@id\":\"https:\\\/\\\/dorogimedence.hu\\\/#website\",\"url\":\"https:\\\/\\\/dorogimedence.hu\\\/\",\"name\":\"Dorogi-medence Region\u00e1lis H\u00edrport\u00e1l\",\"description\":\"Dorog, Keszt\u00f6lc, Le\u00e1nyv\u00e1r, Piliscs\u00e9v, Tokod, Tokodalt\u00e1r\u00f3, Csolnok, Esztergom-kertv\u00e1ros: h\u00edrek, programok\",\"publisher\":{\"@id\":\"https:\\\/\\\/dorogimedence.hu\\\/#organization\"},\"potentialAction\":[{\"@type\":\"SearchAction\",\"target\":{\"@type\":\"EntryPoint\",\"urlTemplate\":\"https:\\\/\\\/dorogimedence.hu\\\/?s={search_term_string}\"},\"query-input\":{\"@type\":\"PropertyValueSpecification\",\"valueRequired\":true,\"valueName\":\"search_term_string\"}}],\"inLanguage\":\"hu\"},{\"@type\":\"Organization\",\"@id\":\"https:\\\/\\\/dorogimedence.hu\\\/#organization\",\"name\":\"Dorogi-medence Region\u00e1lis H\u00edrport\u00e1l\",\"url\":\"https:\\\/\\\/dorogimedence.hu\\\/\",\"logo\":{\"@type\":\"ImageObject\",\"inLanguage\":\"hu\",\"@id\":\"https:\\\/\\\/dorogimedence.hu\\\/#\\\/schema\\\/logo\\\/image\\\/\",\"url\":\"https:\\\/\\\/dorogimedence.hu\\\/wp-content\\\/uploads\\\/2021\\\/04\\\/logo-feher-600.png\",\"contentUrl\":\"https:\\\/\\\/dorogimedence.hu\\\/wp-content\\\/uploads\\\/2021\\\/04\\\/logo-feher-600.png\",\"width\":600,\"height\":100,\"caption\":\"Dorogi-medence Region\u00e1lis H\u00edrport\u00e1l\"},\"image\":{\"@id\":\"https:\\\/\\\/dorogimedence.hu\\\/#\\\/schema\\\/logo\\\/image\\\/\"},\"sameAs\":[\"https:\\\/\\\/www.facebook.com\\\/dorogimedence\\\/\"]},{\"@type\":\"Person\",\"@id\":\"https:\\\/\\\/dorogimedence.hu\\\/#\\\/schema\\\/person\\\/ce6091eeb7e95ecdc87890d6aa8e0fd4\",\"name\":\"dorogimedence.hu\",\"image\":{\"@type\":\"ImageObject\",\"inLanguage\":\"hu\",\"@id\":\"\\\/\\\/www.gravatar.com\\\/avatar\\\/d8d45f8901aadff40a4af72c0b826f1d?s=96&#038;r=g&#038;d=mm\",\"url\":\"\\\/\\\/www.gravatar.com\\\/avatar\\\/d8d45f8901aadff40a4af72c0b826f1d?s=96&#038;r=g&#038;d=mm\",\"contentUrl\":\"\\\/\\\/www.gravatar.com\\\/avatar\\\/d8d45f8901aadff40a4af72c0b826f1d?s=96&#038;r=g&#038;d=mm\",\"caption\":\"dorogimedence.hu\"}}]}<\/script>\n<!-- \/ Yoast SEO plugin. -->","yoast_head_json":{"title":"V\u00e1rmegy\u00e9nkbe is meg\u00e9rkezett az influenza elleni 3Fluart nev\u0171 vakcina","robots":{"index":"index","follow":"follow","max-snippet":"max-snippet:-1","max-image-preview":"max-image-preview:large","max-video-preview":"max-video-preview:-1"},"canonical":"https:\/\/dorogimedence.hu\/index.php\/2025\/10\/31\/varmegyenkbe-is-megerkezett-az-influenza-elleni-3fluart-nevu-vakcina\/","og_locale":"hu_HU","og_type":"article","og_title":"V\u00e1rmegy\u00e9nkbe is meg\u00e9rkezett az influenza elleni 3Fluart nev\u0171 vakcina","og_description":"Az influenza szezonra t\u00f6rt\u00e9n\u0151 felk\u00e9sz\u00fcl\u00e9s egyik legfontosabb feladata a t\u00e9r\u00edt\u00e9smentes influenza elleni v\u00e9d\u0151olt\u00e1s szervez\u00e9se \u00e9s v\u00e9grehajt\u00e1sa a korm\u00e1nyhivatalok N\u00e9peg\u00e9szs\u00e9g\u00fcgyi Oszt\u00e1lyain. A 43. h\u00e9ten a Kom\u00e1rom-Esztergom V\u00e1rmegyei Korm\u00e1nyhivatalba is meg\u00e9rkezett az influenza elleni 3Fluart nev\u0171 vakcina, majd az olt\u00f3anyagok h\u00e1ziorvosi praxisok fel\u00e9 t\u00f6rt\u00e9n\u0151 kioszt\u00e1sa is megt\u00f6rt\u00e9nt. Az influenza elleni v\u00e9d\u0151olt\u00e1sok els\u0151dleges c\u00e9lja a s\u00falyos, k\u00f3rh\u00e1zi ell\u00e1t\u00e1st","og_url":"https:\/\/dorogimedence.hu\/index.php\/2025\/10\/31\/varmegyenkbe-is-megerkezett-az-influenza-elleni-3fluart-nevu-vakcina\/","og_site_name":"Dorogi-medence Region\u00e1lis H\u00edrport\u00e1l","article_publisher":"https:\/\/www.facebook.com\/dorogimedence\/","article_published_time":"2025-10-31T06:50:09+00:00","og_image":[{"width":1500,"height":1000,"url":"https:\/\/dorogimedence.hu\/wp-content\/uploads\/2025\/10\/2149079584.jpg","type":"image\/jpeg"}],"author":"dorogimedence.hu","twitter_card":"summary_large_image","twitter_misc":{"Szerz\u0151:":"dorogimedence.hu","Becs\u00fclt olvas\u00e1si id\u0151":"2 perc"},"schema":{"@context":"https:\/\/schema.org","@graph":[{"@type":"Article","@id":"https:\/\/dorogimedence.hu\/index.php\/2025\/10\/31\/varmegyenkbe-is-megerkezett-az-influenza-elleni-3fluart-nevu-vakcina\/#article","isPartOf":{"@id":"https:\/\/dorogimedence.hu\/index.php\/2025\/10\/31\/varmegyenkbe-is-megerkezett-az-influenza-elleni-3fluart-nevu-vakcina\/"},"author":{"name":"dorogimedence.hu","@id":"https:\/\/dorogimedence.hu\/#\/schema\/person\/ce6091eeb7e95ecdc87890d6aa8e0fd4"},"headline":"V\u00e1rmegy\u00e9nkbe is meg\u00e9rkezett az influenza elleni 3Fluart nev\u0171 vakcina","datePublished":"2025-10-31T06:50:09+00:00","mainEntityOfPage":{"@id":"https:\/\/dorogimedence.hu\/index.php\/2025\/10\/31\/varmegyenkbe-is-megerkezett-az-influenza-elleni-3fluart-nevu-vakcina\/"},"wordCount":341,"publisher":{"@id":"https:\/\/dorogimedence.hu\/#organization"},"image":{"@id":"https:\/\/dorogimedence.hu\/index.php\/2025\/10\/31\/varmegyenkbe-is-megerkezett-az-influenza-elleni-3fluart-nevu-vakcina\/#primaryimage"},"thumbnailUrl":"https:\/\/dorogimedence.hu\/wp-content\/uploads\/2025\/10\/2149079584.jpg","keywords":["Influenza","Kom\u00e1rom-Esztergom v\u00e1rmegye","vakcina"],"articleSection":["H\u00edrek","Kom\u00e1rom-Esztergom"],"inLanguage":"hu"},{"@type":"WebPage","@id":"https:\/\/dorogimedence.hu\/index.php\/2025\/10\/31\/varmegyenkbe-is-megerkezett-az-influenza-elleni-3fluart-nevu-vakcina\/","url":"https:\/\/dorogimedence.hu\/index.php\/2025\/10\/31\/varmegyenkbe-is-megerkezett-az-influenza-elleni-3fluart-nevu-vakcina\/","name":"V\u00e1rmegy\u00e9nkbe is meg\u00e9rkezett az influenza elleni 3Fluart nev\u0171 vakcina","isPartOf":{"@id":"https:\/\/dorogimedence.hu\/#website"},"primaryImageOfPage":{"@id":"https:\/\/dorogimedence.hu\/index.php\/2025\/10\/31\/varmegyenkbe-is-megerkezett-az-influenza-elleni-3fluart-nevu-vakcina\/#primaryimage"},"image":{"@id":"https:\/\/dorogimedence.hu\/index.php\/2025\/10\/31\/varmegyenkbe-is-megerkezett-az-influenza-elleni-3fluart-nevu-vakcina\/#primaryimage"},"thumbnailUrl":"https:\/\/dorogimedence.hu\/wp-content\/uploads\/2025\/10\/2149079584.jpg","datePublished":"2025-10-31T06:50:09+00:00","breadcrumb":{"@id":"https:\/\/dorogimedence.hu\/index.php\/2025\/10\/31\/varmegyenkbe-is-megerkezett-az-influenza-elleni-3fluart-nevu-vakcina\/#breadcrumb"},"inLanguage":"hu","potentialAction":[{"@type":"ReadAction","target":["https:\/\/dorogimedence.hu\/index.php\/2025\/10\/31\/varmegyenkbe-is-megerkezett-az-influenza-elleni-3fluart-nevu-vakcina\/"]}]},{"@type":"ImageObject","inLanguage":"hu","@id":"https:\/\/dorogimedence.hu\/index.php\/2025\/10\/31\/varmegyenkbe-is-megerkezett-az-influenza-elleni-3fluart-nevu-vakcina\/#primaryimage","url":"https:\/\/dorogimedence.hu\/wp-content\/uploads\/2025\/10\/2149079584.jpg","contentUrl":"https:\/\/dorogimedence.hu\/wp-content\/uploads\/2025\/10\/2149079584.jpg","width":1500,"height":1000},{"@type":"BreadcrumbList","@id":"https:\/\/dorogimedence.hu\/index.php\/2025\/10\/31\/varmegyenkbe-is-megerkezett-az-influenza-elleni-3fluart-nevu-vakcina\/#breadcrumb","itemListElement":[{"@type":"ListItem","position":1,"name":"Kezd\u0151lap","item":"https:\/\/dorogimedence.hu\/"},{"@type":"ListItem","position":2,"name":"V\u00e1rmegy\u00e9nkbe is meg\u00e9rkezett az influenza elleni 3Fluart nev\u0171 vakcina"}]},{"@type":"WebSite","@id":"https:\/\/dorogimedence.hu\/#website","url":"https:\/\/dorogimedence.hu\/","name":"Dorogi-medence Region\u00e1lis H\u00edrport\u00e1l","description":"Dorog, Keszt\u00f6lc, Le\u00e1nyv\u00e1r, Piliscs\u00e9v, Tokod, Tokodalt\u00e1r\u00f3, Csolnok, Esztergom-kertv\u00e1ros: h\u00edrek, programok","publisher":{"@id":"https:\/\/dorogimedence.hu\/#organization"},"potentialAction":[{"@type":"SearchAction","target":{"@type":"EntryPoint","urlTemplate":"https:\/\/dorogimedence.hu\/?s={search_term_string}"},"query-input":{"@type":"PropertyValueSpecification","valueRequired":true,"valueName":"search_term_string"}}],"inLanguage":"hu"},{"@type":"Organization","@id":"https:\/\/dorogimedence.hu\/#organization","name":"Dorogi-medence Region\u00e1lis H\u00edrport\u00e1l","url":"https:\/\/dorogimedence.hu\/","logo":{"@type":"ImageObject","inLanguage":"hu","@id":"https:\/\/dorogimedence.hu\/#\/schema\/logo\/image\/","url":"https:\/\/dorogimedence.hu\/wp-content\/uploads\/2021\/04\/logo-feher-600.png","contentUrl":"https:\/\/dorogimedence.hu\/wp-content\/uploads\/2021\/04\/logo-feher-600.png","width":600,"height":100,"caption":"Dorogi-medence Region\u00e1lis H\u00edrport\u00e1l"},"image":{"@id":"https:\/\/dorogimedence.hu\/#\/schema\/logo\/image\/"},"sameAs":["https:\/\/www.facebook.com\/dorogimedence\/"]},{"@type":"Person","@id":"https:\/\/dorogimedence.hu\/#\/schema\/person\/ce6091eeb7e95ecdc87890d6aa8e0fd4","name":"dorogimedence.hu","image":{"@type":"ImageObject","inLanguage":"hu","@id":"\/\/www.gravatar.com\/avatar\/d8d45f8901aadff40a4af72c0b826f1d?s=96&#038;r=g&#038;d=mm","url":"\/\/www.gravatar.com\/avatar\/d8d45f8901aadff40a4af72c0b826f1d?s=96&#038;r=g&#038;d=mm","contentUrl":"\/\/www.gravatar.com\/avatar\/d8d45f8901aadff40a4af72c0b826f1d?s=96&#038;r=g&#038;d=mm","caption":"dorogimedence.hu"}}]}},"_links":{"self":[{"href":"https:\/\/dorogimedence.hu\/index.php\/wp-json\/wp\/v2\/posts\/75322","targetHints":{"allow":["GET"]}}],"collection":[{"href":"https:\/\/dorogimedence.hu\/index.php\/wp-json\/wp\/v2\/posts"}],"about":[{"href":"https:\/\/dorogimedence.hu\/index.php\/wp-json\/wp\/v2\/types\/post"}],"author":[{"embeddable":true,"href":"https:\/\/dorogimedence.hu\/index.php\/wp-json\/wp\/v2\/users\/1"}],"replies":[{"embeddable":true,"href":"https:\/\/dorogimedence.hu\/index.php\/wp-json\/wp\/v2\/comments?post=75322"}],"version-history":[{"count":0,"href":"https:\/\/dorogimedence.hu\/index.php\/wp-json\/wp\/v2\/posts\/75322\/revisions"}],"wp:featuredmedia":[{"embeddable":true,"href":"https:\/\/dorogimedence.hu\/index.php\/wp-json\/wp\/v2\/media\/75323"}],"wp:attachment":[{"href":"https:\/\/dorogimedence.hu\/index.php\/wp-json\/wp\/v2\/media?parent=75322"}],"wp:term":[{"taxonomy":"category","embeddable":true,"href":"https:\/\/dorogimedence.hu\/index.php\/wp-json\/wp\/v2\/categories?post=75322"},{"taxonomy":"post_tag","embeddable":true,"href":"https:\/\/dorogimedence.hu\/index.php\/wp-json\/wp\/v2\/tags?post=75322"}],"curies":[{"name":"wp","href":"https:\/\/api.w.org\/{rel}","templated":true}]}}