{"id":75241,"date":"2025-10-28T10:41:30","date_gmt":"2025-10-28T09:41:30","guid":{"rendered":"https:\/\/dorogimedence.hu\/?p=75241"},"modified":"2025-10-28T10:41:30","modified_gmt":"2025-10-28T09:41:30","slug":"farago-lea-szerzodest-hosszabbitott-esztergomban","status":"publish","type":"post","link":"https:\/\/dorogimedence.hu\/index.php\/2025\/10\/28\/farago-lea-szerzodest-hosszabbitott-esztergomban\/","title":{"rendered":"Farag\u00f3 Lea szerz\u0151d\u00e9st hosszabb\u00edtott Esztergomban"},"content":{"rendered":"<p><strong>Farag\u00f3 Lea v\u00e1logatott k\u00e9zilabd\u00e1z\u00f3 meghosszabb\u00edtotta szerz\u0151d\u00e9s\u00e9t a n\u0151i \u00e9lvonalban szerepl\u0151 MOL Esztergom csapat\u00e1n\u00e1l<\/strong> <em>&#8211; \u00edrja a <a href=\"https:\/\/www.nemzetisport.hu\/kezilabda\/2025\/10\/noi-kezilabda-nb-i-farago-lea-szerzodest-hosszabbitott-esztergomban\" target=\"_blank\" rel=\"noopener\"><span style=\"text-decoration: underline; color: #0000ff;\">Nemzeti Sport<\/span><\/a>.<\/em><\/p>\n<p>Az esztergomi klub <a href=\"https:\/\/www.facebook.com\/esztergomhandball\/posts\/122152493528402307\" target=\"_blank\" rel=\"noopener\"><span style=\"text-decoration: underline; color: #0000ff;\">k\u00f6z\u00f6ss\u00e9gi oldal\u00e1n<\/span><\/a> megjelent keddi k\u00f6zlem\u00e9nyben \u00fagy fogalmaznak: a junior vil\u00e1gbajnoki ez\u00fcst\u00e9rmes bal\u00e1tl\u00f6v\u0151 hossz\u00fa t\u00e1vra k\u00f6telezte el mag\u00e1t Esztergomban, ahov\u00e1 tavaly ny\u00e1ron igazolt a NEKA-t\u00f3l.<\/p>\n<p><i>\u201eJ\u00f3l \u00e9rzem magam, az \u00e9let igazolta a d\u00f6nt\u00e9semet, hogy Esztergomot v\u00e1lasztottam. Nagyon boldog vagyok, hogy a klub meghosszabb\u00edtotta a szerz\u0151d\u00e9semet. Sokat kaptam Esztergomt\u00f3l, a csapatt\u00f3l, a szurkol\u00f3kt\u00f3l, szeretn\u00e9m ezt a j\u00f6v\u0151ben is megh\u00e1l\u00e1lni m\u00e9g t\u00f6bb j\u00f3 j\u00e1t\u00e9kkal \u00e9s sok-sok gy\u0151zelemmel<\/i>\u201d \u2013 mondta Farag\u00f3 Lea.<\/p>\n<p>Elek G\u00e1bor vezet\u0151edz\u0151 lesz\u00f6gezte: a 20 \u00e9ves bal\u00e1tl\u00f6v\u0151 megtart\u00e1sa kulcsfontoss\u00e1g\u00fa volt sz\u00e1mukra, hiszen fiatal kora ellen\u00e9re az egyik vez\u00e9re a csapatnak. Az el\u0151z\u0151 id\u00e9nyben bajnoki bronz\u00e9rmes Esztergom imm\u00e1r a nemzetk\u00f6zi porondon is \u00e9rdekelt: j\u00f6v\u0151 szombaton hazai p\u00e1ly\u00e1n, november 15-\u00e9n Belgr\u00e1dban j\u00e1tszik a Crvena zvezd\u00e1val az Eur\u00f3pa-liga-selejtez\u0151 2. fordul\u00f3j\u00e1ban, amelynek t\u00e9tje a csoportk\u00f6rbe jut\u00e1s.<\/p>\n<p><em>Forr\u00e1s: Nemzeti Sport \/ Esztergom Handball Facebook-oldal<\/em><br \/>\n<em>Bor\u00edt\u00f3k\u00e9p: Esztergom Handball Facebook-oldal<\/em><\/p>\n","protected":false},"excerpt":{"rendered":"<p>Farag\u00f3 Lea v\u00e1logatott k\u00e9zilabd\u00e1z\u00f3 meghosszabb\u00edtotta szerz\u0151d\u00e9s\u00e9t a n\u0151i \u00e9lvonalban szerepl\u0151 MOL Esztergom csapat\u00e1n\u00e1l &#8211; \u00edrja a Nemzeti Sport. Az esztergomi klub k\u00f6z\u00f6ss\u00e9gi oldal\u00e1n megjelent keddi k\u00f6zlem\u00e9nyben \u00fagy fogalmaznak: a junior vil\u00e1gbajnoki ez\u00fcst\u00e9rmes bal\u00e1tl\u00f6v\u0151 hossz\u00fa t\u00e1vra k\u00f6telezte el mag\u00e1t Esztergomban, ahov\u00e1 tavaly ny\u00e1ron igazolt a NEKA-t\u00f3l. \u201eJ\u00f3l \u00e9rzem magam, az \u00e9let igazolta a d\u00f6nt\u00e9semet, hogy Esztergomot<\/p>\n","protected":false},"author":1,"featured_media":75242,"comment_status":"closed","ping_status":"closed","sticky":false,"template":"","format":"standard","meta":{"ngg_post_thumbnail":0,"footnotes":""},"categories":[38,3,5],"tags":[42,355,8025,16],"class_list":{"0":"post-75241","1":"post","2":"type-post","3":"status-publish","4":"format-standard","5":"has-post-thumbnail","7":"category-esztergom","8":"category-hirek","9":"category-sport","10":"tag-esztergom","11":"tag-kezilabda","12":"tag-mol-esztergom","13":"tag-sport"},"yoast_head":"<!-- This site is optimized with the Yoast SEO plugin v27.4 - https:\/\/yoast.com\/product\/yoast-seo-wordpress\/ -->\n<title>Farag\u00f3 Lea szerz\u0151d\u00e9st hosszabb\u00edtott Esztergomban<\/title>\n<meta name=\"robots\" content=\"index, follow, max-snippet:-1, max-image-preview:large, max-video-preview:-1\" \/>\n<link rel=\"canonical\" href=\"https:\/\/dorogimedence.hu\/index.php\/2025\/10\/28\/farago-lea-szerzodest-hosszabbitott-esztergomban\/\" class=\"yoast-seo-meta-tag\" \/>\n<meta property=\"og:locale\" content=\"hu_HU\" class=\"yoast-seo-meta-tag\" \/>\n<meta property=\"og:type\" content=\"article\" class=\"yoast-seo-meta-tag\" \/>\n<meta property=\"og:title\" content=\"Farag\u00f3 Lea szerz\u0151d\u00e9st hosszabb\u00edtott Esztergomban\" class=\"yoast-seo-meta-tag\" \/>\n<meta property=\"og:description\" content=\"Farag\u00f3 Lea v\u00e1logatott k\u00e9zilabd\u00e1z\u00f3 meghosszabb\u00edtotta szerz\u0151d\u00e9s\u00e9t a n\u0151i \u00e9lvonalban szerepl\u0151 MOL Esztergom csapat\u00e1n\u00e1l &#8211; \u00edrja a Nemzeti Sport. Az esztergomi klub k\u00f6z\u00f6ss\u00e9gi oldal\u00e1n megjelent keddi k\u00f6zlem\u00e9nyben \u00fagy fogalmaznak: a junior vil\u00e1gbajnoki ez\u00fcst\u00e9rmes bal\u00e1tl\u00f6v\u0151 hossz\u00fa t\u00e1vra k\u00f6telezte el mag\u00e1t Esztergomban, ahov\u00e1 tavaly ny\u00e1ron igazolt a NEKA-t\u00f3l. \u201eJ\u00f3l \u00e9rzem magam, az \u00e9let igazolta a d\u00f6nt\u00e9semet, hogy Esztergomot\" class=\"yoast-seo-meta-tag\" \/>\n<meta property=\"og:url\" content=\"https:\/\/dorogimedence.hu\/index.php\/2025\/10\/28\/farago-lea-szerzodest-hosszabbitott-esztergomban\/\" class=\"yoast-seo-meta-tag\" \/>\n<meta property=\"og:site_name\" content=\"Dorogi-medence Region\u00e1lis H\u00edrport\u00e1l\" class=\"yoast-seo-meta-tag\" \/>\n<meta property=\"article:publisher\" content=\"https:\/\/www.facebook.com\/dorogimedence\/\" class=\"yoast-seo-meta-tag\" \/>\n<meta property=\"article:published_time\" content=\"2025-10-28T09:41:30+00:00\" class=\"yoast-seo-meta-tag\" \/>\n<meta property=\"og:image\" content=\"https:\/\/dorogimedence.hu\/wp-content\/uploads\/2025\/10\/farago-lea.jpg\" class=\"yoast-seo-meta-tag\" \/>\n\t<meta property=\"og:image:width\" content=\"1920\" class=\"yoast-seo-meta-tag\" \/>\n\t<meta property=\"og:image:height\" content=\"970\" class=\"yoast-seo-meta-tag\" \/>\n\t<meta property=\"og:image:type\" content=\"image\/jpeg\" class=\"yoast-seo-meta-tag\" \/>\n<meta name=\"author\" content=\"dorogimedence.hu\" class=\"yoast-seo-meta-tag\" \/>\n<meta name=\"twitter:card\" content=\"summary_large_image\" class=\"yoast-seo-meta-tag\" \/>\n<meta name=\"twitter:label1\" content=\"Szerz\u0151:\" class=\"yoast-seo-meta-tag\" \/>\n\t<meta name=\"twitter:data1\" content=\"dorogimedence.hu\" class=\"yoast-seo-meta-tag\" \/>\n\t<meta name=\"twitter:label2\" content=\"Becs\u00fclt olvas\u00e1si id\u0151\" class=\"yoast-seo-meta-tag\" \/>\n\t<meta name=\"twitter:data2\" content=\"1 perc\" class=\"yoast-seo-meta-tag\" \/>\n<script type=\"application\/ld+json\" class=\"yoast-schema-graph\">{\"@context\":\"https:\\\/\\\/schema.org\",\"@graph\":[{\"@type\":\"Article\",\"@id\":\"https:\\\/\\\/dorogimedence.hu\\\/index.php\\\/2025\\\/10\\\/28\\\/farago-lea-szerzodest-hosszabbitott-esztergomban\\\/#article\",\"isPartOf\":{\"@id\":\"https:\\\/\\\/dorogimedence.hu\\\/index.php\\\/2025\\\/10\\\/28\\\/farago-lea-szerzodest-hosszabbitott-esztergomban\\\/\"},\"author\":{\"name\":\"dorogimedence.hu\",\"@id\":\"https:\\\/\\\/dorogimedence.hu\\\/#\\\/schema\\\/person\\\/ce6091eeb7e95ecdc87890d6aa8e0fd4\"},\"headline\":\"Farag\u00f3 Lea szerz\u0151d\u00e9st hosszabb\u00edtott Esztergomban\",\"datePublished\":\"2025-10-28T09:41:30+00:00\",\"mainEntityOfPage\":{\"@id\":\"https:\\\/\\\/dorogimedence.hu\\\/index.php\\\/2025\\\/10\\\/28\\\/farago-lea-szerzodest-hosszabbitott-esztergomban\\\/\"},\"wordCount\":236,\"publisher\":{\"@id\":\"https:\\\/\\\/dorogimedence.hu\\\/#organization\"},\"image\":{\"@id\":\"https:\\\/\\\/dorogimedence.hu\\\/index.php\\\/2025\\\/10\\\/28\\\/farago-lea-szerzodest-hosszabbitott-esztergomban\\\/#primaryimage\"},\"thumbnailUrl\":\"https:\\\/\\\/dorogimedence.hu\\\/wp-content\\\/uploads\\\/2025\\\/10\\\/farago-lea.jpg\",\"keywords\":[\"esztergom\",\"k\u00e9zilabda\",\"Mol Esztergom\",\"sport\"],\"articleSection\":[\"Esztergom\",\"H\u00edrek\",\"Sport\"],\"inLanguage\":\"hu\"},{\"@type\":\"WebPage\",\"@id\":\"https:\\\/\\\/dorogimedence.hu\\\/index.php\\\/2025\\\/10\\\/28\\\/farago-lea-szerzodest-hosszabbitott-esztergomban\\\/\",\"url\":\"https:\\\/\\\/dorogimedence.hu\\\/index.php\\\/2025\\\/10\\\/28\\\/farago-lea-szerzodest-hosszabbitott-esztergomban\\\/\",\"name\":\"Farag\u00f3 Lea szerz\u0151d\u00e9st hosszabb\u00edtott Esztergomban\",\"isPartOf\":{\"@id\":\"https:\\\/\\\/dorogimedence.hu\\\/#website\"},\"primaryImageOfPage\":{\"@id\":\"https:\\\/\\\/dorogimedence.hu\\\/index.php\\\/2025\\\/10\\\/28\\\/farago-lea-szerzodest-hosszabbitott-esztergomban\\\/#primaryimage\"},\"image\":{\"@id\":\"https:\\\/\\\/dorogimedence.hu\\\/index.php\\\/2025\\\/10\\\/28\\\/farago-lea-szerzodest-hosszabbitott-esztergomban\\\/#primaryimage\"},\"thumbnailUrl\":\"https:\\\/\\\/dorogimedence.hu\\\/wp-content\\\/uploads\\\/2025\\\/10\\\/farago-lea.jpg\",\"datePublished\":\"2025-10-28T09:41:30+00:00\",\"breadcrumb\":{\"@id\":\"https:\\\/\\\/dorogimedence.hu\\\/index.php\\\/2025\\\/10\\\/28\\\/farago-lea-szerzodest-hosszabbitott-esztergomban\\\/#breadcrumb\"},\"inLanguage\":\"hu\",\"potentialAction\":[{\"@type\":\"ReadAction\",\"target\":[\"https:\\\/\\\/dorogimedence.hu\\\/index.php\\\/2025\\\/10\\\/28\\\/farago-lea-szerzodest-hosszabbitott-esztergomban\\\/\"]}]},{\"@type\":\"ImageObject\",\"inLanguage\":\"hu\",\"@id\":\"https:\\\/\\\/dorogimedence.hu\\\/index.php\\\/2025\\\/10\\\/28\\\/farago-lea-szerzodest-hosszabbitott-esztergomban\\\/#primaryimage\",\"url\":\"https:\\\/\\\/dorogimedence.hu\\\/wp-content\\\/uploads\\\/2025\\\/10\\\/farago-lea.jpg\",\"contentUrl\":\"https:\\\/\\\/dorogimedence.hu\\\/wp-content\\\/uploads\\\/2025\\\/10\\\/farago-lea.jpg\",\"width\":1920,\"height\":970},{\"@type\":\"BreadcrumbList\",\"@id\":\"https:\\\/\\\/dorogimedence.hu\\\/index.php\\\/2025\\\/10\\\/28\\\/farago-lea-szerzodest-hosszabbitott-esztergomban\\\/#breadcrumb\",\"itemListElement\":[{\"@type\":\"ListItem\",\"position\":1,\"name\":\"Kezd\u0151lap\",\"item\":\"https:\\\/\\\/dorogimedence.hu\\\/\"},{\"@type\":\"ListItem\",\"position\":2,\"name\":\"Farag\u00f3 Lea szerz\u0151d\u00e9st hosszabb\u00edtott Esztergomban\"}]},{\"@type\":\"WebSite\",\"@id\":\"https:\\\/\\\/dorogimedence.hu\\\/#website\",\"url\":\"https:\\\/\\\/dorogimedence.hu\\\/\",\"name\":\"Dorogi-medence Region\u00e1lis H\u00edrport\u00e1l\",\"description\":\"Dorog, Keszt\u00f6lc, Le\u00e1nyv\u00e1r, Piliscs\u00e9v, Tokod, Tokodalt\u00e1r\u00f3, Csolnok, Esztergom-kertv\u00e1ros: h\u00edrek, programok\",\"publisher\":{\"@id\":\"https:\\\/\\\/dorogimedence.hu\\\/#organization\"},\"potentialAction\":[{\"@type\":\"SearchAction\",\"target\":{\"@type\":\"EntryPoint\",\"urlTemplate\":\"https:\\\/\\\/dorogimedence.hu\\\/?s={search_term_string}\"},\"query-input\":{\"@type\":\"PropertyValueSpecification\",\"valueRequired\":true,\"valueName\":\"search_term_string\"}}],\"inLanguage\":\"hu\"},{\"@type\":\"Organization\",\"@id\":\"https:\\\/\\\/dorogimedence.hu\\\/#organization\",\"name\":\"Dorogi-medence Region\u00e1lis H\u00edrport\u00e1l\",\"url\":\"https:\\\/\\\/dorogimedence.hu\\\/\",\"logo\":{\"@type\":\"ImageObject\",\"inLanguage\":\"hu\",\"@id\":\"https:\\\/\\\/dorogimedence.hu\\\/#\\\/schema\\\/logo\\\/image\\\/\",\"url\":\"https:\\\/\\\/dorogimedence.hu\\\/wp-content\\\/uploads\\\/2021\\\/04\\\/logo-feher-600.png\",\"contentUrl\":\"https:\\\/\\\/dorogimedence.hu\\\/wp-content\\\/uploads\\\/2021\\\/04\\\/logo-feher-600.png\",\"width\":600,\"height\":100,\"caption\":\"Dorogi-medence Region\u00e1lis H\u00edrport\u00e1l\"},\"image\":{\"@id\":\"https:\\\/\\\/dorogimedence.hu\\\/#\\\/schema\\\/logo\\\/image\\\/\"},\"sameAs\":[\"https:\\\/\\\/www.facebook.com\\\/dorogimedence\\\/\"]},{\"@type\":\"Person\",\"@id\":\"https:\\\/\\\/dorogimedence.hu\\\/#\\\/schema\\\/person\\\/ce6091eeb7e95ecdc87890d6aa8e0fd4\",\"name\":\"dorogimedence.hu\",\"image\":{\"@type\":\"ImageObject\",\"inLanguage\":\"hu\",\"@id\":\"\\\/\\\/www.gravatar.com\\\/avatar\\\/d8d45f8901aadff40a4af72c0b826f1d?s=96&#038;r=g&#038;d=mm\",\"url\":\"\\\/\\\/www.gravatar.com\\\/avatar\\\/d8d45f8901aadff40a4af72c0b826f1d?s=96&#038;r=g&#038;d=mm\",\"contentUrl\":\"\\\/\\\/www.gravatar.com\\\/avatar\\\/d8d45f8901aadff40a4af72c0b826f1d?s=96&#038;r=g&#038;d=mm\",\"caption\":\"dorogimedence.hu\"}}]}<\/script>\n<!-- \/ Yoast SEO plugin. -->","yoast_head_json":{"title":"Farag\u00f3 Lea szerz\u0151d\u00e9st hosszabb\u00edtott Esztergomban","robots":{"index":"index","follow":"follow","max-snippet":"max-snippet:-1","max-image-preview":"max-image-preview:large","max-video-preview":"max-video-preview:-1"},"canonical":"https:\/\/dorogimedence.hu\/index.php\/2025\/10\/28\/farago-lea-szerzodest-hosszabbitott-esztergomban\/","og_locale":"hu_HU","og_type":"article","og_title":"Farag\u00f3 Lea szerz\u0151d\u00e9st hosszabb\u00edtott Esztergomban","og_description":"Farag\u00f3 Lea v\u00e1logatott k\u00e9zilabd\u00e1z\u00f3 meghosszabb\u00edtotta szerz\u0151d\u00e9s\u00e9t a n\u0151i \u00e9lvonalban szerepl\u0151 MOL Esztergom csapat\u00e1n\u00e1l &#8211; \u00edrja a Nemzeti Sport. Az esztergomi klub k\u00f6z\u00f6ss\u00e9gi oldal\u00e1n megjelent keddi k\u00f6zlem\u00e9nyben \u00fagy fogalmaznak: a junior vil\u00e1gbajnoki ez\u00fcst\u00e9rmes bal\u00e1tl\u00f6v\u0151 hossz\u00fa t\u00e1vra k\u00f6telezte el mag\u00e1t Esztergomban, ahov\u00e1 tavaly ny\u00e1ron igazolt a NEKA-t\u00f3l. \u201eJ\u00f3l \u00e9rzem magam, az \u00e9let igazolta a d\u00f6nt\u00e9semet, hogy Esztergomot","og_url":"https:\/\/dorogimedence.hu\/index.php\/2025\/10\/28\/farago-lea-szerzodest-hosszabbitott-esztergomban\/","og_site_name":"Dorogi-medence Region\u00e1lis H\u00edrport\u00e1l","article_publisher":"https:\/\/www.facebook.com\/dorogimedence\/","article_published_time":"2025-10-28T09:41:30+00:00","og_image":[{"width":1920,"height":970,"url":"https:\/\/dorogimedence.hu\/wp-content\/uploads\/2025\/10\/farago-lea.jpg","type":"image\/jpeg"}],"author":"dorogimedence.hu","twitter_card":"summary_large_image","twitter_misc":{"Szerz\u0151:":"dorogimedence.hu","Becs\u00fclt olvas\u00e1si id\u0151":"1 perc"},"schema":{"@context":"https:\/\/schema.org","@graph":[{"@type":"Article","@id":"https:\/\/dorogimedence.hu\/index.php\/2025\/10\/28\/farago-lea-szerzodest-hosszabbitott-esztergomban\/#article","isPartOf":{"@id":"https:\/\/dorogimedence.hu\/index.php\/2025\/10\/28\/farago-lea-szerzodest-hosszabbitott-esztergomban\/"},"author":{"name":"dorogimedence.hu","@id":"https:\/\/dorogimedence.hu\/#\/schema\/person\/ce6091eeb7e95ecdc87890d6aa8e0fd4"},"headline":"Farag\u00f3 Lea szerz\u0151d\u00e9st hosszabb\u00edtott Esztergomban","datePublished":"2025-10-28T09:41:30+00:00","mainEntityOfPage":{"@id":"https:\/\/dorogimedence.hu\/index.php\/2025\/10\/28\/farago-lea-szerzodest-hosszabbitott-esztergomban\/"},"wordCount":236,"publisher":{"@id":"https:\/\/dorogimedence.hu\/#organization"},"image":{"@id":"https:\/\/dorogimedence.hu\/index.php\/2025\/10\/28\/farago-lea-szerzodest-hosszabbitott-esztergomban\/#primaryimage"},"thumbnailUrl":"https:\/\/dorogimedence.hu\/wp-content\/uploads\/2025\/10\/farago-lea.jpg","keywords":["esztergom","k\u00e9zilabda","Mol Esztergom","sport"],"articleSection":["Esztergom","H\u00edrek","Sport"],"inLanguage":"hu"},{"@type":"WebPage","@id":"https:\/\/dorogimedence.hu\/index.php\/2025\/10\/28\/farago-lea-szerzodest-hosszabbitott-esztergomban\/","url":"https:\/\/dorogimedence.hu\/index.php\/2025\/10\/28\/farago-lea-szerzodest-hosszabbitott-esztergomban\/","name":"Farag\u00f3 Lea szerz\u0151d\u00e9st hosszabb\u00edtott Esztergomban","isPartOf":{"@id":"https:\/\/dorogimedence.hu\/#website"},"primaryImageOfPage":{"@id":"https:\/\/dorogimedence.hu\/index.php\/2025\/10\/28\/farago-lea-szerzodest-hosszabbitott-esztergomban\/#primaryimage"},"image":{"@id":"https:\/\/dorogimedence.hu\/index.php\/2025\/10\/28\/farago-lea-szerzodest-hosszabbitott-esztergomban\/#primaryimage"},"thumbnailUrl":"https:\/\/dorogimedence.hu\/wp-content\/uploads\/2025\/10\/farago-lea.jpg","datePublished":"2025-10-28T09:41:30+00:00","breadcrumb":{"@id":"https:\/\/dorogimedence.hu\/index.php\/2025\/10\/28\/farago-lea-szerzodest-hosszabbitott-esztergomban\/#breadcrumb"},"inLanguage":"hu","potentialAction":[{"@type":"ReadAction","target":["https:\/\/dorogimedence.hu\/index.php\/2025\/10\/28\/farago-lea-szerzodest-hosszabbitott-esztergomban\/"]}]},{"@type":"ImageObject","inLanguage":"hu","@id":"https:\/\/dorogimedence.hu\/index.php\/2025\/10\/28\/farago-lea-szerzodest-hosszabbitott-esztergomban\/#primaryimage","url":"https:\/\/dorogimedence.hu\/wp-content\/uploads\/2025\/10\/farago-lea.jpg","contentUrl":"https:\/\/dorogimedence.hu\/wp-content\/uploads\/2025\/10\/farago-lea.jpg","width":1920,"height":970},{"@type":"BreadcrumbList","@id":"https:\/\/dorogimedence.hu\/index.php\/2025\/10\/28\/farago-lea-szerzodest-hosszabbitott-esztergomban\/#breadcrumb","itemListElement":[{"@type":"ListItem","position":1,"name":"Kezd\u0151lap","item":"https:\/\/dorogimedence.hu\/"},{"@type":"ListItem","position":2,"name":"Farag\u00f3 Lea szerz\u0151d\u00e9st hosszabb\u00edtott Esztergomban"}]},{"@type":"WebSite","@id":"https:\/\/dorogimedence.hu\/#website","url":"https:\/\/dorogimedence.hu\/","name":"Dorogi-medence Region\u00e1lis H\u00edrport\u00e1l","description":"Dorog, Keszt\u00f6lc, Le\u00e1nyv\u00e1r, Piliscs\u00e9v, Tokod, Tokodalt\u00e1r\u00f3, Csolnok, Esztergom-kertv\u00e1ros: h\u00edrek, programok","publisher":{"@id":"https:\/\/dorogimedence.hu\/#organization"},"potentialAction":[{"@type":"SearchAction","target":{"@type":"EntryPoint","urlTemplate":"https:\/\/dorogimedence.hu\/?s={search_term_string}"},"query-input":{"@type":"PropertyValueSpecification","valueRequired":true,"valueName":"search_term_string"}}],"inLanguage":"hu"},{"@type":"Organization","@id":"https:\/\/dorogimedence.hu\/#organization","name":"Dorogi-medence Region\u00e1lis H\u00edrport\u00e1l","url":"https:\/\/dorogimedence.hu\/","logo":{"@type":"ImageObject","inLanguage":"hu","@id":"https:\/\/dorogimedence.hu\/#\/schema\/logo\/image\/","url":"https:\/\/dorogimedence.hu\/wp-content\/uploads\/2021\/04\/logo-feher-600.png","contentUrl":"https:\/\/dorogimedence.hu\/wp-content\/uploads\/2021\/04\/logo-feher-600.png","width":600,"height":100,"caption":"Dorogi-medence Region\u00e1lis H\u00edrport\u00e1l"},"image":{"@id":"https:\/\/dorogimedence.hu\/#\/schema\/logo\/image\/"},"sameAs":["https:\/\/www.facebook.com\/dorogimedence\/"]},{"@type":"Person","@id":"https:\/\/dorogimedence.hu\/#\/schema\/person\/ce6091eeb7e95ecdc87890d6aa8e0fd4","name":"dorogimedence.hu","image":{"@type":"ImageObject","inLanguage":"hu","@id":"\/\/www.gravatar.com\/avatar\/d8d45f8901aadff40a4af72c0b826f1d?s=96&#038;r=g&#038;d=mm","url":"\/\/www.gravatar.com\/avatar\/d8d45f8901aadff40a4af72c0b826f1d?s=96&#038;r=g&#038;d=mm","contentUrl":"\/\/www.gravatar.com\/avatar\/d8d45f8901aadff40a4af72c0b826f1d?s=96&#038;r=g&#038;d=mm","caption":"dorogimedence.hu"}}]}},"_links":{"self":[{"href":"https:\/\/dorogimedence.hu\/index.php\/wp-json\/wp\/v2\/posts\/75241","targetHints":{"allow":["GET"]}}],"collection":[{"href":"https:\/\/dorogimedence.hu\/index.php\/wp-json\/wp\/v2\/posts"}],"about":[{"href":"https:\/\/dorogimedence.hu\/index.php\/wp-json\/wp\/v2\/types\/post"}],"author":[{"embeddable":true,"href":"https:\/\/dorogimedence.hu\/index.php\/wp-json\/wp\/v2\/users\/1"}],"replies":[{"embeddable":true,"href":"https:\/\/dorogimedence.hu\/index.php\/wp-json\/wp\/v2\/comments?post=75241"}],"version-history":[{"count":0,"href":"https:\/\/dorogimedence.hu\/index.php\/wp-json\/wp\/v2\/posts\/75241\/revisions"}],"wp:featuredmedia":[{"embeddable":true,"href":"https:\/\/dorogimedence.hu\/index.php\/wp-json\/wp\/v2\/media\/75242"}],"wp:attachment":[{"href":"https:\/\/dorogimedence.hu\/index.php\/wp-json\/wp\/v2\/media?parent=75241"}],"wp:term":[{"taxonomy":"category","embeddable":true,"href":"https:\/\/dorogimedence.hu\/index.php\/wp-json\/wp\/v2\/categories?post=75241"},{"taxonomy":"post_tag","embeddable":true,"href":"https:\/\/dorogimedence.hu\/index.php\/wp-json\/wp\/v2\/tags?post=75241"}],"curies":[{"name":"wp","href":"https:\/\/api.w.org\/{rel}","templated":true}]}}