{"id":75201,"date":"2025-10-26T07:51:11","date_gmt":"2025-10-26T06:51:11","guid":{"rendered":"https:\/\/dorogimedence.hu\/?p=75201"},"modified":"2025-10-27T11:46:57","modified_gmt":"2025-10-27T10:46:57","slug":"130-eves-a-buzanszky-stadion-klubszekhaza","status":"publish","type":"post","link":"https:\/\/dorogimedence.hu\/index.php\/2025\/10\/26\/130-eves-a-buzanszky-stadion-klubszekhaza\/","title":{"rendered":"130 \u00e9ves a Buz\u00e1nszky stadion klubsz\u00e9kh\u00e1za"},"content":{"rendered":"<p style=\"text-align: justify;\"><em><strong>1895-ben k\u00e9sz\u00fclt el a Buz\u00e1nszky Jen\u0151 stadion legr\u00e9gebbi objektuma. Eredetileg vas\u00fat\u00e1llom\u00e1snak \u00e9p\u00fclt, azonban a vas\u00fati p\u00e1lya ki\u00e9p\u00edt\u00e9se sor\u00e1n v\u00e1ltoztak a vonalvezet\u00e9si tervek, \u00edgy az \u00e9p\u00fclet a perif\u00e9ri\u00e1ra szorult \u00e9s helyette \u00e9p\u00fclt egy m\u00e1sik, a mai napig is fenn\u00e1ll\u00f3 vas\u00fat\u00e1llom\u00e1s. Ezt k\u00f6vet\u0151en a Csend\u0151rs\u00e9g laktany\u00e1jak\u00e9nt tervezt\u00e9k hasznos\u00edtani, de v\u00e9g\u00fcl a Csend\u0151rs\u00e9g is m\u00e1shol kapott helyet. Amikor 1914-ben Schmidt S\u00e1ndor kijel\u00f6lte a fel\u00e9p\u00fclend\u0151 sporttelep sz\u00e1m\u00e1ra a telket, egy\u00e9rtelm\u0171v\u00e9 v\u00e1lt, hogy az \u00e9p\u00fclet szerves r\u00e9sze lesz a sporttelepnek, ez\u00e1ltal elnyerve v\u00e9gleges funkci\u00f3j\u00e1t.<\/strong><\/em><\/p>\n<p style=\"text-align: justify;\">\u00c9rdekesen alakult a klubsz\u00e9kh\u00e1z t\u00f6rt\u00e9nete. Fenn\u00e1ll\u00e1s\u00e1nak els\u0151 k\u00e9t \u00e9vtized\u00e9ben m\u00e9g bizonytalan volt t\u00e9nyleges k\u00fcldet\u00e9se. K\u00e9t kor\u00e1bbi terv is elvet\u00e9sre ker\u00fclt, ugyanis az eredetileg vas\u00fat\u00e1llom\u00e1snak sz\u00e1nt emeletes \u00e9p\u00fclet a vas\u00fati p\u00e1lya vonal\u00e1nak v\u00e9gleges\u00edt\u00e9sekor messze esett, ez\u00e9rt a megv\u00e1ltozott v\u00e1g\u00e1nyok vonal\u00e1hoz igazodva fel\u00e9p\u00fclt egy m\u00e1sik \u00e1llom\u00e1s\u00e9p\u00fclet, m\u00edg a funkci\u00f3j\u00e1t vesztett \u00e9p\u00edtm\u00e9nyt a Csend\u0151rs\u00e9g kapta volna meg. Azonban ez is csak terv maradt, miut\u00e1n annak is m\u00e1sik helyet tal\u00e1ltak. V\u00e9g\u00fcl a sportegyes\u00fclet megalakul\u00e1sa \u00e1ltal sz\u00fcletett sporttelep \u00e9p\u00edt\u00e9se sor\u00e1n tal\u00e1ltak sz\u00e1m\u00e1ra megfelel\u0151, egyben v\u00e9gleges hasznos\u00edt\u00e1st. Miut\u00e1n dr. Schmidt S\u00e1ndor itt jel\u00f6lte ki a leend\u0151 sporttelep hely\u00e9t, k\u00edn\u00e1lta mag\u00e1t a helyzet adta lehet\u0151s\u00e9g, hogy majd a sporttelep r\u00e9szek\u00e9nt t\u00f6lthet be hasznos, egyben fontos feladatot \u00e9s jelleg\u00e9n\u00e9l fogva a sportegyes\u00fclet egyik reprezentat\u00edv k\u00f6zpontj\u00e1v\u00e1 v\u00e1ljon. Ez\u00e1ltal rendhagy\u00f3 m\u00f3don a dorogi sporttelep els\u0151k\u00e9nt klubh\u00e1zzal rendelkezett, minden egy\u00e9b csak ezut\u00e1n k\u00f6vetkezett.<\/p>\n<p><img fetchpriority=\"high\" decoding=\"async\" class=\"aligncenter wp-image-75206 size-full\" src=\"https:\/\/dorogimedence.hu\/wp-content\/uploads\/2025\/10\/KH_1.jpg\" alt=\"\" width=\"1624\" height=\"1112\" srcset=\"https:\/\/dorogimedence.hu\/wp-content\/uploads\/2025\/10\/KH_1.jpg 1624w, https:\/\/dorogimedence.hu\/wp-content\/uploads\/2025\/10\/KH_1-600x411.jpg 600w, https:\/\/dorogimedence.hu\/wp-content\/uploads\/2025\/10\/KH_1-768x526.jpg 768w, https:\/\/dorogimedence.hu\/wp-content\/uploads\/2025\/10\/KH_1-1536x1052.jpg 1536w, https:\/\/dorogimedence.hu\/wp-content\/uploads\/2025\/10\/KH_1-150x103.jpg 150w, https:\/\/dorogimedence.hu\/wp-content\/uploads\/2025\/10\/KH_1-450x308.jpg 450w, https:\/\/dorogimedence.hu\/wp-content\/uploads\/2025\/10\/KH_1-1200x822.jpg 1200w\" sizes=\"(max-width: 1624px) 100vw, 1624px\" \/><\/p>\n<p style=\"text-align: center;\"><span style=\"font-size: 10pt;\"><em>A klubsz\u00e9kh\u00e1z eredeti form\u00e1j\u00e1ban a k\u00e9t vil\u00e1gh\u00e1bor\u00fa k\u00f6z\u00f6tti id\u0151szakban k\u00e9sz\u00fclt felv\u00e9telen<\/em><\/span><\/p>\n<p style=\"text-align: justify;\">A sporttelep munk\u00e1latai 1914-ben kezd\u0151dtek, majd az I. vil\u00e1gh\u00e1bor\u00fa miatt bek\u00f6vetkezett k\u00e9nyszerpihen\u0151 ut\u00e1n 1918-ban j\u00f6tt az \u00e9rdemi folytat\u00e1s. A sporttelep 1921-ben t\u00f6rt\u00e9nt hivatalos avat\u00f3 \u00fcnneps\u00e9gekor az impoz\u00e1ns l\u00e9tes\u00edtm\u00e9nyben kiv\u00e1l\u00f3an illeszkedett a korabeli \u00e9p\u00fclet, amely a klub sz\u00e9kh\u00e1za lett a k\u00f6zponti irod\u00e1kkal. Tekintve, hogy m\u00e9retei messze meghaladt\u00e1k a kihaszn\u00e1lts\u00e1g\u00e1t, \u00edgy b\u0151ven akadt lehet\u0151s\u00e9g mindig az adott korhoz, vagy megoldand\u00f3 feladatokhoz igaz\u00edtani. Ez\u00e1ltal volt m\u00f3d arra is, hogy az 1927-ben Dorogra igazolt orsz\u00e1gos h\u00edr\u0171 atl\u00e9ta \u00e9s mesteredz\u0151, Solym\u00e1r K\u00e1roly miut\u00e1n a l\u00e9tes\u00edtm\u00e9ny f\u0151gondnok\u00e1nak is kinevezt\u00e9k, r\u00e9sz\u00e9re \u00e9s csal\u00e1dj\u00e1nak szolg\u00e1lati lak\u00e1st is sikeresen tudtak benne kialaktani. Az els\u0151 emeleti r\u00e9szt eg\u00e9sz\u00e9ben a Solym\u00e1r csal\u00e1d vehette birtokba, ahol k\u00e9nyelmes szob\u00e1k \u00e9s a mell\u00e9khelyis\u00e9gek is adottak voltak. A klubh\u00e1z k\u00f6r\u00fcl k\u00f6zvetlen sz\u00e9ps\u00e9ges d\u00edszparkot alak\u00edtottak ki, m\u00edg t\u0151le tisztesebb t\u00e1vols\u00e1gra sportp\u00e1ly\u00e1k sorakoztak, k\u00f6zte kugli-, tenisz- \u00e9s r\u00f6plabdap\u00e1ly\u00e1k. A k\u00f6zponti labdar\u00fag\u00f3p\u00e1lya \u00e9s azt \u00f6vez\u0151 atl\u00e9tikai p\u00e1lya d\u00edszes ker\u00edt\u00e9ssel volt elv\u00e1lasztva \u00e9s k\u00f6rbeker\u00edtve.<\/p>\n<p><img decoding=\"async\" class=\"aligncenter wp-image-75207 \" src=\"https:\/\/dorogimedence.hu\/wp-content\/uploads\/2025\/10\/KH_2.jpg\" alt=\"\" width=\"815\" height=\"540\" srcset=\"https:\/\/dorogimedence.hu\/wp-content\/uploads\/2025\/10\/KH_2.jpg 483w, https:\/\/dorogimedence.hu\/wp-content\/uploads\/2025\/10\/KH_2-150x99.jpg 150w, https:\/\/dorogimedence.hu\/wp-content\/uploads\/2025\/10\/KH_2-450x298.jpg 450w\" sizes=\"(max-width: 815px) 100vw, 815px\" \/><\/p>\n<p style=\"text-align: center;\"><span style=\"font-size: 10pt;\"><em>Az 1970-es \u00e9vek elej\u00e9n t\u00f6rt\u00e9nt \u00e1talak\u00edt\u00e1st k\u00f6vet\u0151en a m\u00e1ig ismeretes form\u00e1j\u00e1ban<\/em><\/span><\/p>\n<p style=\"text-align: justify;\">Az elh\u00faz\u00f3dott II. vil\u00e1gh\u00e1bor\u00fas ostrom sor\u00e1n \u00e1lland\u00f3 t\u0171zvonalba ker\u00fclt \u00e9s a csod\u00e1val hat\u00e1ros m\u00f3don elker\u00fclt\u00e9k a gyakori t\u00fcz\u00e9rs\u00e9gi bel\u00f6v\u00e9sek. A harcok ugyan hagytak cs\u00faf nyomokat rajta, de jelent\u0151s, vagy v\u00e9gzetes k\u00e1r nem keletkezett benne. A h\u00e1bor\u00fat k\u00f6vet\u0151 id\u0151szakban tov\u00e1bb vir\u00e1gzott. Az emeleti szinten a megszaporodott szakoszt\u00e1lyok irod\u00e1iban ser\u00e9ny munka folyt, a klubhelyis\u00e9geiben \u00e9s a b\u00fcf\u00e9ben pedig pezsg\u0151 \u00e9let zajlott. Szint\u00e9n ebben az \u00e9p\u00fcletben m\u0171k\u00f6d\u00f6tt a st\u00fadi\u00f3 is, amely a m\u00e9rk\u0151z\u00e9sek \u00e9s egy\u00e9b rendezv\u00e9nyek sor\u00e1n a zen\u00e9t \u00e9s a hangosbemond\u00f3t sug\u00e1rozta. Az \u00e9p\u00fclet eredeti form\u00e1j\u00e1t eg\u00e9szen a hatvanas\u2013hetvenes \u00e9vek fordul\u00f3j\u00e1ig meg\u0151rizte, m\u00edgnem az 1971-ben beindult jelent\u0151s rekonstrukci\u00f3s munk\u00e1latok sor\u00e1n \u00e1t\u00e9p\u00edt\u00e9sre ker\u00fclt. A keleti \u00e9s nyugati alacsonyabb \u00e9p\u00fcletsz\u00e1rnyat felhozt\u00e1k a homlokzattal egyszintbe \u00e9s a teljes \u00e9p\u00fclet lapostet\u0151zetet kapott. A vil\u00e1gh\u00e1bor\u00fas l\u00e9gv\u00e9delmi szir\u00e9n\u00e1t meg\u0151rizt\u00e9k, amely szint\u00e9n a tet\u0151n kapott helyet. Megt\u00f6rt\u00e9nt a ny\u00edl\u00e1sz\u00e1r\u00f3k cser\u00e9je is, az ablakkeretek egys\u00e9ges\u00edt\u00e9se mellett. Ekkor nyerte el a ma is l\u00e1that\u00f3 v\u00e9gleges form\u00e1j\u00e1t. Az egykori gy\u00f6ny\u00f6r\u0171 parkot felsz\u00e1molt\u00e1k, hogy a meg\u00faj\u00edtott bels\u0151 sportp\u00e1ly\u00e1k, \u00e9l\u00e9n a szabadt\u00e9ri k\u00e9zilabdap\u00e1ly\u00e1nak is kell\u0151 helyet biztos\u00edtsanak, valamint az egykori zenepavilonnak is, amely a k\u00f6zvetlen az \u00e9szaki kapu fel\u00f6li futballkapu m\u00f6g\u00f6tt \u00e1llt, majd a p\u00e1ly\u00e1t \u00f6vez\u0151 ker\u00edt\u00e9sen k\u00edv\u00fclre helyezt\u00e9k \u00e1t. Csak a k\u00fcls\u0151 homlokzata el\u0151tti kis park maradt meg.<\/p>\n<p><img decoding=\"async\" class=\"aligncenter wp-image-75213 size-full\" src=\"https:\/\/dorogimedence.hu\/wp-content\/uploads\/2025\/10\/KH_5.jpg\" alt=\"\" width=\"1407\" height=\"849\" srcset=\"https:\/\/dorogimedence.hu\/wp-content\/uploads\/2025\/10\/KH_5.jpg 1407w, https:\/\/dorogimedence.hu\/wp-content\/uploads\/2025\/10\/KH_5-600x362.jpg 600w, https:\/\/dorogimedence.hu\/wp-content\/uploads\/2025\/10\/KH_5-768x463.jpg 768w, https:\/\/dorogimedence.hu\/wp-content\/uploads\/2025\/10\/KH_5-150x91.jpg 150w, https:\/\/dorogimedence.hu\/wp-content\/uploads\/2025\/10\/KH_5-450x272.jpg 450w, https:\/\/dorogimedence.hu\/wp-content\/uploads\/2025\/10\/KH_5-1200x724.jpg 1200w\" sizes=\"(max-width: 1407px) 100vw, 1407px\" \/><\/p>\n<p style=\"text-align: center;\"><span style=\"font-size: 10pt;\"><em>Ilyen sz\u00ednben pomp\u00e1zott az 1970-es \u00e9vekben<\/em><\/span><\/p>\n<p style=\"text-align: justify;\">1979-ben tatarozt\u00e1k az \u00e9p\u00fcletet, amelyet 1988-ban k\u00f6vette a k\u00f6vetkez\u0151 k\u00fcls\u0151 vakolat fel\u00faj\u00edt\u00e1sa, egyben ekkor t\u00f6rt\u00e9nt az utols\u00f3 jelent\u0151sebbnek sz\u00e1m\u00edt\u00f3 \u00e1talak\u00edt\u00e1s. Eredetileg a l\u00e9pcs\u0151h\u00e1z bej\u00e1rata az utcafrontr\u00f3l ny\u00edlt, a baloldali \u00e9p\u00fcletsz\u00e1rnyb\u00f3l. Ez ekkor befalaz\u00e1sra ker\u00fclt, illetve a l\u00e9pcs\u0151h\u00e1z \u00fcvegablak\u00e1t a f\u00f6ldszint fel\u00e9 meghosszabb\u00edtott\u00e1k. Egyben \u00faj k\u00fcls\u0151 bej\u00e1rat ker\u00fclt kialak\u00edt\u00e1sra, m\u00e9gpedig m\u00e1r az \u00e9szaki f\u0151bej\u00e1rati kapun bel\u00fcl, az \u00e9p\u00fclet baloldal\u00e1ban egy l\u00e9pcs\u0151felj\u00e1r\u00f3val, valamint es\u0151- \u00e9s sz\u00e9lfog\u00f3val keretezett bej\u00e1rati ajt\u00f3t nyitottak. R\u00f6vid, \u00e1tmeneti id\u0151szakig, a bels\u0151 \u00e1talak\u00edt\u00e1si \u00e9s fel\u00faj\u00edt\u00e1si munk\u00e1latok idej\u00e9n a b\u00fcf\u00e9 az els\u0151 emeleten m\u0171k\u00f6d\u00f6tt, hogy azt\u00e1n visszak\u00f6lt\u00f6zhessen eredeti, egyben v\u00e9gleges hely\u00e9re a f\u00f6ldszintre. Kor\u00e1bban a l\u00e9pcs\u0151h\u00e1zi f\u0151bej\u00e1raton kereszt\u00fcl lehetett a b\u00fcf\u00e9t megk\u00f6zel\u00edteni, az \u00e1talak\u00edt\u00e1s sor\u00e1n a b\u00fcf\u00e9 \u00f6n\u00e1ll\u00f3 bej\u00e1rati ajt\u00f3t kapott az utcafrontr\u00f3l, az \u00e9p\u00fclet homlokzati r\u00e9sz\u00e9nek centrum\u00e1ban. 1999-ben a Dorogi Sportm\u00fazeum ker\u00fclt kialak\u00edt\u00e1sa benne.<\/p>\n<p><img loading=\"lazy\" decoding=\"async\" class=\"aligncenter wp-image-75214 size-full\" src=\"https:\/\/dorogimedence.hu\/wp-content\/uploads\/2025\/10\/KH_6.jpg\" alt=\"\" width=\"1040\" height=\"800\" srcset=\"https:\/\/dorogimedence.hu\/wp-content\/uploads\/2025\/10\/KH_6.jpg 1040w, https:\/\/dorogimedence.hu\/wp-content\/uploads\/2025\/10\/KH_6-600x462.jpg 600w, https:\/\/dorogimedence.hu\/wp-content\/uploads\/2025\/10\/KH_6-768x591.jpg 768w, https:\/\/dorogimedence.hu\/wp-content\/uploads\/2025\/10\/KH_6-150x115.jpg 150w, https:\/\/dorogimedence.hu\/wp-content\/uploads\/2025\/10\/KH_6-450x346.jpg 450w\" sizes=\"(max-width: 1040px) 100vw, 1040px\" \/><\/p>\n<p style=\"text-align: center;\"><span style=\"font-size: 10pt;\"><em>\u00cdgy festett az 1988-as tataroz\u00e1s sor\u00e1n<\/em><\/span><\/p>\n<p style=\"text-align: justify;\">A k\u00f6vetkez\u0151 fel\u00faj\u00edt\u00e1s 2001 nyar\u00e1n t\u00f6rt\u00e9nt, amely sor\u00e1n a klubsz\u00e9kh\u00e1z k\u00fcls\u0151 vakol\u00e1sa \u00e9s bels\u0151 fest\u00e9se t\u00f6rt\u00e9nt meg. A k\u00fcls\u0151 burkolat ekkor kapta a ma is l\u00e1that\u00f3 sz\u00edn\u00e9t. Utols\u00f3 \u00e9rdemleges d\u00e1tum, a 2014-ben t\u00f6rt\u00e9nt k\u00fcls\u0151 fest\u00e9s, amely a 2001-es tataroz\u00e1skor kapott sz\u00ednt tov\u00e1bbra is meg\u0151rizte. A klubsz\u00e9kh\u00e1z jelenleg kiel\u00e9g\u00edt\u0151 \u00e1llapotban van, amely nagyban k\u00f6sz\u00f6nhet\u0151 a kell\u0151 gonddal \u00e9s szak\u00e9rtelemmel t\u00f6rt\u00e9nt eredeti meg\u00e9p\u00edt\u00e9s\u00e9nek, ugyanis ez az \u00e9p\u00fclet er\u0151s alapj\u00e1t \u00e9s statik\u00e1j\u00e1t nagyban meghat\u00e1rozta. Ezen fel\u00fcl a viszonylag rendszeresnek mondhat\u00f3 meg\u00faj\u00edt\u00e1s \u00e9s karbantart\u00e1s is nagyban hozz\u00e1j\u00e1rult, hogy bizony meglep\u0151dnek az emberek az \u00e9p\u00fclet kor\u00e1n. Ami viszont \u00e9get\u0151v\u00e9 v\u00e1lt, az a tet\u0151szigetel\u00e9s miel\u0151bbi jav\u00edt\u00e1sa, illetve teljes cser\u00e9je volna. A klubh\u00e1z teljes alapter\u00fclete alatt egy kiv\u00e1l\u00f3an ki\u00e9p\u00edtett pincerendszer h\u00faz\u00f3dik a m\u00e9lyben, amelynek er\u0151s boltozatai t\u00f6bb helyis\u00e9gre tagolj\u00e1k. Els\u0151 oszt\u00e1ly\u00fa rakt\u00e1rk\u00e9nt is hasznos\u00edtott\u00e1k \u00e9s a h\u00e1bor\u00fa sor\u00e1n l\u00e9goltalmi \u00f3v\u00f3helyk\u00e9nt is szolg\u00e1lt. A f\u00f6ldszintet teljes eg\u00e9sz\u00e9ben a Sportb\u00fcf\u00e9 uralja, amelynek L-alak\u00fa f\u0151terme k\u00f6z\u00f6s l\u00e9gter\u0171 a pult el\u0151tti r\u00e9sszel.<\/p>\n<p><img loading=\"lazy\" decoding=\"async\" class=\"aligncenter wp-image-75208 size-full\" src=\"https:\/\/dorogimedence.hu\/wp-content\/uploads\/2025\/10\/KH_3.jpg\" alt=\"\" width=\"2040\" height=\"1560\" srcset=\"https:\/\/dorogimedence.hu\/wp-content\/uploads\/2025\/10\/KH_3.jpg 2040w, https:\/\/dorogimedence.hu\/wp-content\/uploads\/2025\/10\/KH_3-600x459.jpg 600w, https:\/\/dorogimedence.hu\/wp-content\/uploads\/2025\/10\/KH_3-1920x1468.jpg 1920w, https:\/\/dorogimedence.hu\/wp-content\/uploads\/2025\/10\/KH_3-768x587.jpg 768w, https:\/\/dorogimedence.hu\/wp-content\/uploads\/2025\/10\/KH_3-1536x1175.jpg 1536w, https:\/\/dorogimedence.hu\/wp-content\/uploads\/2025\/10\/KH_3-150x115.jpg 150w, https:\/\/dorogimedence.hu\/wp-content\/uploads\/2025\/10\/KH_3-450x344.jpg 450w, https:\/\/dorogimedence.hu\/wp-content\/uploads\/2025\/10\/KH_3-1200x918.jpg 1200w\" sizes=\"(max-width: 2040px) 100vw, 2040px\" \/><\/p>\n<p style=\"text-align: center;\"><span style=\"font-size: 10pt;\"><em>Az \u00c9szaki kapu fel\u00f6li homlokzata az \u00faj \u00e9vezred els\u0151 \u00e9vtized\u00e9ben<\/em><\/span><\/p>\n<p style=\"text-align: justify;\">Ezen fel\u00fcl egy elv\u00e1lasztott k\u00fcl\u00f6nterme is van a b\u00fcf\u00e9nek, amelyb\u0151l mindk\u00e9t nem r\u00e9sz\u00e9re k\u00fcl\u00f6n mosd\u00f3k \u00e9s illemhelyek ny\u00edlnak. Ebb\u0151l a k\u00fcl\u00f6nteremb\u0151l egy bels\u0151 \u00e1tvezet\u0151 ajt\u00f3 ny\u00edlik, amelyen kereszt\u00fcl az \u00e9p\u00fcleten bel\u00fclr\u0151l is a l\u00e9pcs\u0151h\u00e1zba, onnan pedig az emeletekre lehet jutni. Az els\u0151 emeleten a\u00a0 k\u00fcls\u0151 t\u00e1gas l\u00e9pcs\u0151fordul\u00f3 fogadja az \u00e9rkez\u0151t, ahonnan a f\u0151bej\u00e1raton \u00e1t a sportm\u00fazeum \u00f6t term\u00e9be vezet az \u00fat. A termek k\u00f6l\u00f6n\u2013k\u00fcl\u00f6n is megk\u00f6zel\u00edthet\u0151k, vagy ak\u00e1r egy k\u00f6rforgalomhoz hasonl\u00f3 s\u00e9t\u00e1val sorra j\u00e1rhat\u00f3k. A legutols\u00f3 teremb\u0151l egy ajt\u00f3 visszavezet a l\u00e9pcs\u0151h\u00e1zba. A m\u00e1sodik emeleten egy hossz\u00fa keresztfolyos\u00f3 vezet v\u00e9gig \u00e9s onnan ny\u00edlnak a tov\u00e1bbi n\u00e9gy bels\u0151 helyis\u00e9gek ajtajai. Egykor az \u00e9szaki oldal jobboldali \u00e9p\u00fcletsz\u00e1rny\u00e1ban volt az eln\u00f6ki iroda, amelynek ablaka a K\u00f6zt\u00e1rsas\u00e1g \u00fatra, valamint a Schmidt lak\u00f3telepre \u00e9s a Pilis hegycs\u00facsaira n\u00e9z, m\u00edg a titk\u00e1rs\u00e1g \u00e9s a szakoszt\u00e1lyvezet\u0151i iroda ablakaib\u00f3l a p\u00e1ly\u00e1ra \u00e9s a v\u00e1rost d\u00e9lr\u0151l \u00f6vez\u0151 hegyvonulataira ad\u00f3dik nagyszer\u0171 panor\u00e1ma. Mindk\u00e9t emeleti r\u00e9sz egyar\u00e1nt rendelkezik mosd\u00f3val \u00e9s illemhellyel. A m\u00e1sodik emelet folyos\u00f3j\u00e1r\u00f3l egy f\u00e9m f\u00fcgg\u0151l\u00e9tr\u00e1n kereszt\u00fcl ny\u00edlik a kij\u00e1rat a tet\u0151re.<\/p>\n<p><img loading=\"lazy\" decoding=\"async\" class=\"wp-image-75209 size-full aligncenter\" src=\"https:\/\/dorogimedence.hu\/wp-content\/uploads\/2025\/10\/KH_4.jpg\" alt=\"\" width=\"1040\" height=\"800\" srcset=\"https:\/\/dorogimedence.hu\/wp-content\/uploads\/2025\/10\/KH_4.jpg 1040w, https:\/\/dorogimedence.hu\/wp-content\/uploads\/2025\/10\/KH_4-600x462.jpg 600w, https:\/\/dorogimedence.hu\/wp-content\/uploads\/2025\/10\/KH_4-768x591.jpg 768w, https:\/\/dorogimedence.hu\/wp-content\/uploads\/2025\/10\/KH_4-150x115.jpg 150w, https:\/\/dorogimedence.hu\/wp-content\/uploads\/2025\/10\/KH_4-450x346.jpg 450w\" sizes=\"(max-width: 1040px) 100vw, 1040px\" \/><\/p>\n<p style=\"text-align: center;\"><span style=\"font-size: 10pt;\"><em>A p\u00e1ly\u00e1ra n\u00e9z\u0151 oldala a Sportb\u00fcf\u00e9 bels\u0151 kerthelyis\u00e9g\u00e9vel napjainkban<\/em><\/span><\/p>\n<p style=\"text-align: justify;\">A sokat l\u00e1tott \u00e9s meg\u00e9lt klubsz\u00e9kh\u00e1z gazdag sport- \u00e9s helyt\u00f6rt\u00e9neti erekly\u00e9v\u00e9 n\u0151tte ki mag\u00e1t, amelynek falain bel\u00fcl rengeteg vil\u00e1gh\u00edress\u00e9g is megfordult. Tal\u00e1n a v\u00e1ros legl\u00e1togatottabb objektuma volt, s ez\u00e9rt is k\u00fcl\u00f6n kiemelt v\u00e9delmet, s megbecs\u00fcl\u00e9st, egyben kiv\u00e1l\u00f3, felel\u0151s\u00e9gteljes t\u00f6r\u0151d\u00e9st \u00e9rdemelne.<\/p>\n<p><span style=\"text-decoration: underline;\">Bor\u00edt\u00f3k\u00e9p<\/span>: A klubsz\u00e9kh\u00e1z homlokzata a K\u00f6zt\u00e1rsas\u00e1g \u00fat fel\u0151l napjainkban.<\/p>\n<p><em><strong>Szab\u00f3 Gyula<\/strong><\/em><\/p>\n<p>&nbsp;<\/p>\n","protected":false},"excerpt":{"rendered":"<p>1895-ben k\u00e9sz\u00fclt el a Buz\u00e1nszky Jen\u0151 stadion legr\u00e9gebbi objektuma. Eredetileg vas\u00fat\u00e1llom\u00e1snak \u00e9p\u00fclt, azonban a vas\u00fati p\u00e1lya ki\u00e9p\u00edt\u00e9se sor\u00e1n v\u00e1ltoztak a vonalvezet\u00e9si tervek, \u00edgy az \u00e9p\u00fclet a perif\u00e9ri\u00e1ra szorult \u00e9s helyette \u00e9p\u00fclt egy m\u00e1sik, a mai napig is fenn\u00e1ll\u00f3 vas\u00fat\u00e1llom\u00e1s. Ezt k\u00f6vet\u0151en a Csend\u0151rs\u00e9g laktany\u00e1jak\u00e9nt tervezt\u00e9k hasznos\u00edtani, de v\u00e9g\u00fcl a Csend\u0151rs\u00e9g is m\u00e1shol kapott helyet. Amikor<\/p>\n","protected":false},"author":4,"featured_media":75202,"comment_status":"closed","ping_status":"closed","sticky":false,"template":"","format":"standard","meta":{"ngg_post_thumbnail":0,"footnotes":""},"categories":[2,3,6031,5],"tags":[15,37,5624,70,69,72,16],"class_list":{"0":"post-75201","1":"post","2":"type-post","3":"status-publish","4":"format-standard","5":"has-post-thumbnail","7":"category-dorog","8":"category-hirek","9":"category-kerek-evfordulok","10":"category-sport","11":"tag-dorog","12":"tag-dorogi-fc","13":"tag-featured","14":"tag-foci","15":"tag-futball","16":"tag-labdarugas","17":"tag-sport"},"yoast_head":"<!-- This site is optimized with the Yoast SEO plugin v27.5 - https:\/\/yoast.com\/product\/yoast-seo-wordpress\/ -->\n<title>130 \u00e9ves a Buz\u00e1nszky stadion klubsz\u00e9kh\u00e1za<\/title>\n<meta name=\"robots\" content=\"index, follow, max-snippet:-1, max-image-preview:large, max-video-preview:-1\" \/>\n<link rel=\"canonical\" href=\"https:\/\/dorogimedence.hu\/index.php\/2025\/10\/26\/130-eves-a-buzanszky-stadion-klubszekhaza\/\" class=\"yoast-seo-meta-tag\" \/>\n<meta property=\"og:locale\" content=\"hu_HU\" class=\"yoast-seo-meta-tag\" \/>\n<meta property=\"og:type\" content=\"article\" class=\"yoast-seo-meta-tag\" \/>\n<meta property=\"og:title\" content=\"130 \u00e9ves a Buz\u00e1nszky stadion klubsz\u00e9kh\u00e1za\" class=\"yoast-seo-meta-tag\" \/>\n<meta property=\"og:description\" content=\"1895-ben k\u00e9sz\u00fclt el a Buz\u00e1nszky Jen\u0151 stadion legr\u00e9gebbi objektuma. Eredetileg vas\u00fat\u00e1llom\u00e1snak \u00e9p\u00fclt, azonban a vas\u00fati p\u00e1lya ki\u00e9p\u00edt\u00e9se sor\u00e1n v\u00e1ltoztak a vonalvezet\u00e9si tervek, \u00edgy az \u00e9p\u00fclet a perif\u00e9ri\u00e1ra szorult \u00e9s helyette \u00e9p\u00fclt egy m\u00e1sik, a mai napig is fenn\u00e1ll\u00f3 vas\u00fat\u00e1llom\u00e1s. Ezt k\u00f6vet\u0151en a Csend\u0151rs\u00e9g laktany\u00e1jak\u00e9nt tervezt\u00e9k hasznos\u00edtani, de v\u00e9g\u00fcl a Csend\u0151rs\u00e9g is m\u00e1shol kapott helyet. Amikor\" class=\"yoast-seo-meta-tag\" \/>\n<meta property=\"og:url\" content=\"https:\/\/dorogimedence.hu\/index.php\/2025\/10\/26\/130-eves-a-buzanszky-stadion-klubszekhaza\/\" class=\"yoast-seo-meta-tag\" \/>\n<meta property=\"og:site_name\" content=\"Dorogi-medence Region\u00e1lis H\u00edrport\u00e1l\" class=\"yoast-seo-meta-tag\" \/>\n<meta property=\"article:publisher\" content=\"https:\/\/www.facebook.com\/dorogimedence\/\" class=\"yoast-seo-meta-tag\" \/>\n<meta property=\"article:published_time\" content=\"2025-10-26T06:51:11+00:00\" class=\"yoast-seo-meta-tag\" \/>\n<meta property=\"article:modified_time\" content=\"2025-10-27T10:46:57+00:00\" class=\"yoast-seo-meta-tag\" \/>\n<meta property=\"og:image\" content=\"https:\/\/dorogimedence.hu\/wp-content\/uploads\/2025\/10\/49946706_2327082043992972_3002434559426953216_o.jpg\" class=\"yoast-seo-meta-tag\" \/>\n\t<meta property=\"og:image:width\" content=\"1988\" class=\"yoast-seo-meta-tag\" \/>\n\t<meta property=\"og:image:height\" content=\"1491\" class=\"yoast-seo-meta-tag\" \/>\n\t<meta property=\"og:image:type\" content=\"image\/jpeg\" class=\"yoast-seo-meta-tag\" \/>\n<meta name=\"author\" content=\"Szab\u00f3 Gyula\" class=\"yoast-seo-meta-tag\" \/>\n<meta name=\"twitter:card\" content=\"summary_large_image\" class=\"yoast-seo-meta-tag\" \/>\n<meta name=\"twitter:label1\" content=\"Szerz\u0151:\" class=\"yoast-seo-meta-tag\" \/>\n\t<meta name=\"twitter:data1\" content=\"Szab\u00f3 Gyula\" class=\"yoast-seo-meta-tag\" \/>\n\t<meta name=\"twitter:label2\" content=\"Becs\u00fclt olvas\u00e1si id\u0151\" class=\"yoast-seo-meta-tag\" \/>\n\t<meta name=\"twitter:data2\" content=\"9 perc\" class=\"yoast-seo-meta-tag\" \/>\n<script type=\"application\/ld+json\" class=\"yoast-schema-graph\">{\"@context\":\"https:\\\/\\\/schema.org\",\"@graph\":[{\"@type\":\"Article\",\"@id\":\"https:\\\/\\\/dorogimedence.hu\\\/index.php\\\/2025\\\/10\\\/26\\\/130-eves-a-buzanszky-stadion-klubszekhaza\\\/#article\",\"isPartOf\":{\"@id\":\"https:\\\/\\\/dorogimedence.hu\\\/index.php\\\/2025\\\/10\\\/26\\\/130-eves-a-buzanszky-stadion-klubszekhaza\\\/\"},\"author\":{\"name\":\"Szab\u00f3 Gyula\",\"@id\":\"https:\\\/\\\/dorogimedence.hu\\\/#\\\/schema\\\/person\\\/76605e8151ec1b7376385cd184ede973\"},\"headline\":\"130 \u00e9ves a Buz\u00e1nszky stadion klubsz\u00e9kh\u00e1za\",\"datePublished\":\"2025-10-26T06:51:11+00:00\",\"dateModified\":\"2025-10-27T10:46:57+00:00\",\"mainEntityOfPage\":{\"@id\":\"https:\\\/\\\/dorogimedence.hu\\\/index.php\\\/2025\\\/10\\\/26\\\/130-eves-a-buzanszky-stadion-klubszekhaza\\\/\"},\"wordCount\":1829,\"publisher\":{\"@id\":\"https:\\\/\\\/dorogimedence.hu\\\/#organization\"},\"image\":{\"@id\":\"https:\\\/\\\/dorogimedence.hu\\\/index.php\\\/2025\\\/10\\\/26\\\/130-eves-a-buzanszky-stadion-klubszekhaza\\\/#primaryimage\"},\"thumbnailUrl\":\"https:\\\/\\\/dorogimedence.hu\\\/wp-content\\\/uploads\\\/2025\\\/10\\\/49946706_2327082043992972_3002434559426953216_o.jpg\",\"keywords\":[\"Dorog\",\"Dorogi FC\",\"featured\",\"foci\",\"futball\",\"labdar\u00fag\u00e1s\",\"sport\"],\"articleSection\":[\"Dorog\",\"H\u00edrek\",\"Kerek \u00e9vfordul\u00f3k\",\"Sport\"],\"inLanguage\":\"hu\"},{\"@type\":\"WebPage\",\"@id\":\"https:\\\/\\\/dorogimedence.hu\\\/index.php\\\/2025\\\/10\\\/26\\\/130-eves-a-buzanszky-stadion-klubszekhaza\\\/\",\"url\":\"https:\\\/\\\/dorogimedence.hu\\\/index.php\\\/2025\\\/10\\\/26\\\/130-eves-a-buzanszky-stadion-klubszekhaza\\\/\",\"name\":\"130 \u00e9ves a Buz\u00e1nszky stadion klubsz\u00e9kh\u00e1za\",\"isPartOf\":{\"@id\":\"https:\\\/\\\/dorogimedence.hu\\\/#website\"},\"primaryImageOfPage\":{\"@id\":\"https:\\\/\\\/dorogimedence.hu\\\/index.php\\\/2025\\\/10\\\/26\\\/130-eves-a-buzanszky-stadion-klubszekhaza\\\/#primaryimage\"},\"image\":{\"@id\":\"https:\\\/\\\/dorogimedence.hu\\\/index.php\\\/2025\\\/10\\\/26\\\/130-eves-a-buzanszky-stadion-klubszekhaza\\\/#primaryimage\"},\"thumbnailUrl\":\"https:\\\/\\\/dorogimedence.hu\\\/wp-content\\\/uploads\\\/2025\\\/10\\\/49946706_2327082043992972_3002434559426953216_o.jpg\",\"datePublished\":\"2025-10-26T06:51:11+00:00\",\"dateModified\":\"2025-10-27T10:46:57+00:00\",\"breadcrumb\":{\"@id\":\"https:\\\/\\\/dorogimedence.hu\\\/index.php\\\/2025\\\/10\\\/26\\\/130-eves-a-buzanszky-stadion-klubszekhaza\\\/#breadcrumb\"},\"inLanguage\":\"hu\",\"potentialAction\":[{\"@type\":\"ReadAction\",\"target\":[\"https:\\\/\\\/dorogimedence.hu\\\/index.php\\\/2025\\\/10\\\/26\\\/130-eves-a-buzanszky-stadion-klubszekhaza\\\/\"]}]},{\"@type\":\"ImageObject\",\"inLanguage\":\"hu\",\"@id\":\"https:\\\/\\\/dorogimedence.hu\\\/index.php\\\/2025\\\/10\\\/26\\\/130-eves-a-buzanszky-stadion-klubszekhaza\\\/#primaryimage\",\"url\":\"https:\\\/\\\/dorogimedence.hu\\\/wp-content\\\/uploads\\\/2025\\\/10\\\/49946706_2327082043992972_3002434559426953216_o.jpg\",\"contentUrl\":\"https:\\\/\\\/dorogimedence.hu\\\/wp-content\\\/uploads\\\/2025\\\/10\\\/49946706_2327082043992972_3002434559426953216_o.jpg\",\"width\":1988,\"height\":1491},{\"@type\":\"BreadcrumbList\",\"@id\":\"https:\\\/\\\/dorogimedence.hu\\\/index.php\\\/2025\\\/10\\\/26\\\/130-eves-a-buzanszky-stadion-klubszekhaza\\\/#breadcrumb\",\"itemListElement\":[{\"@type\":\"ListItem\",\"position\":1,\"name\":\"Kezd\u0151lap\",\"item\":\"https:\\\/\\\/dorogimedence.hu\\\/\"},{\"@type\":\"ListItem\",\"position\":2,\"name\":\"130 \u00e9ves a Buz\u00e1nszky stadion klubsz\u00e9kh\u00e1za\"}]},{\"@type\":\"WebSite\",\"@id\":\"https:\\\/\\\/dorogimedence.hu\\\/#website\",\"url\":\"https:\\\/\\\/dorogimedence.hu\\\/\",\"name\":\"Dorogi-medence Region\u00e1lis H\u00edrport\u00e1l\",\"description\":\"Dorog, Keszt\u00f6lc, Le\u00e1nyv\u00e1r, Piliscs\u00e9v, Tokod, Tokodalt\u00e1r\u00f3, Csolnok, Esztergom-kertv\u00e1ros: h\u00edrek, programok\",\"publisher\":{\"@id\":\"https:\\\/\\\/dorogimedence.hu\\\/#organization\"},\"potentialAction\":[{\"@type\":\"SearchAction\",\"target\":{\"@type\":\"EntryPoint\",\"urlTemplate\":\"https:\\\/\\\/dorogimedence.hu\\\/?s={search_term_string}\"},\"query-input\":{\"@type\":\"PropertyValueSpecification\",\"valueRequired\":true,\"valueName\":\"search_term_string\"}}],\"inLanguage\":\"hu\"},{\"@type\":\"Organization\",\"@id\":\"https:\\\/\\\/dorogimedence.hu\\\/#organization\",\"name\":\"Dorogi-medence Region\u00e1lis H\u00edrport\u00e1l\",\"url\":\"https:\\\/\\\/dorogimedence.hu\\\/\",\"logo\":{\"@type\":\"ImageObject\",\"inLanguage\":\"hu\",\"@id\":\"https:\\\/\\\/dorogimedence.hu\\\/#\\\/schema\\\/logo\\\/image\\\/\",\"url\":\"https:\\\/\\\/dorogimedence.hu\\\/wp-content\\\/uploads\\\/2021\\\/04\\\/logo-feher-600.png\",\"contentUrl\":\"https:\\\/\\\/dorogimedence.hu\\\/wp-content\\\/uploads\\\/2021\\\/04\\\/logo-feher-600.png\",\"width\":600,\"height\":100,\"caption\":\"Dorogi-medence Region\u00e1lis H\u00edrport\u00e1l\"},\"image\":{\"@id\":\"https:\\\/\\\/dorogimedence.hu\\\/#\\\/schema\\\/logo\\\/image\\\/\"},\"sameAs\":[\"https:\\\/\\\/www.facebook.com\\\/dorogimedence\\\/\"]},{\"@type\":\"Person\",\"@id\":\"https:\\\/\\\/dorogimedence.hu\\\/#\\\/schema\\\/person\\\/76605e8151ec1b7376385cd184ede973\",\"name\":\"Szab\u00f3 Gyula\",\"image\":{\"@type\":\"ImageObject\",\"inLanguage\":\"hu\",\"@id\":\"\\\/\\\/www.gravatar.com\\\/avatar\\\/3e44b6fb2ef9bcea3639958cc2a587cb?s=96&#038;r=g&#038;d=mm\",\"url\":\"\\\/\\\/www.gravatar.com\\\/avatar\\\/3e44b6fb2ef9bcea3639958cc2a587cb?s=96&#038;r=g&#038;d=mm\",\"contentUrl\":\"\\\/\\\/www.gravatar.com\\\/avatar\\\/3e44b6fb2ef9bcea3639958cc2a587cb?s=96&#038;r=g&#038;d=mm\",\"caption\":\"Szab\u00f3 Gyula\"}}]}<\/script>\n<!-- \/ Yoast SEO plugin. -->","yoast_head_json":{"title":"130 \u00e9ves a Buz\u00e1nszky stadion klubsz\u00e9kh\u00e1za","robots":{"index":"index","follow":"follow","max-snippet":"max-snippet:-1","max-image-preview":"max-image-preview:large","max-video-preview":"max-video-preview:-1"},"canonical":"https:\/\/dorogimedence.hu\/index.php\/2025\/10\/26\/130-eves-a-buzanszky-stadion-klubszekhaza\/","og_locale":"hu_HU","og_type":"article","og_title":"130 \u00e9ves a Buz\u00e1nszky stadion klubsz\u00e9kh\u00e1za","og_description":"1895-ben k\u00e9sz\u00fclt el a Buz\u00e1nszky Jen\u0151 stadion legr\u00e9gebbi objektuma. Eredetileg vas\u00fat\u00e1llom\u00e1snak \u00e9p\u00fclt, azonban a vas\u00fati p\u00e1lya ki\u00e9p\u00edt\u00e9se sor\u00e1n v\u00e1ltoztak a vonalvezet\u00e9si tervek, \u00edgy az \u00e9p\u00fclet a perif\u00e9ri\u00e1ra szorult \u00e9s helyette \u00e9p\u00fclt egy m\u00e1sik, a mai napig is fenn\u00e1ll\u00f3 vas\u00fat\u00e1llom\u00e1s. Ezt k\u00f6vet\u0151en a Csend\u0151rs\u00e9g laktany\u00e1jak\u00e9nt tervezt\u00e9k hasznos\u00edtani, de v\u00e9g\u00fcl a Csend\u0151rs\u00e9g is m\u00e1shol kapott helyet. Amikor","og_url":"https:\/\/dorogimedence.hu\/index.php\/2025\/10\/26\/130-eves-a-buzanszky-stadion-klubszekhaza\/","og_site_name":"Dorogi-medence Region\u00e1lis H\u00edrport\u00e1l","article_publisher":"https:\/\/www.facebook.com\/dorogimedence\/","article_published_time":"2025-10-26T06:51:11+00:00","article_modified_time":"2025-10-27T10:46:57+00:00","og_image":[{"width":1988,"height":1491,"url":"https:\/\/dorogimedence.hu\/wp-content\/uploads\/2025\/10\/49946706_2327082043992972_3002434559426953216_o.jpg","type":"image\/jpeg"}],"author":"Szab\u00f3 Gyula","twitter_card":"summary_large_image","twitter_misc":{"Szerz\u0151:":"Szab\u00f3 Gyula","Becs\u00fclt olvas\u00e1si id\u0151":"9 perc"},"schema":{"@context":"https:\/\/schema.org","@graph":[{"@type":"Article","@id":"https:\/\/dorogimedence.hu\/index.php\/2025\/10\/26\/130-eves-a-buzanszky-stadion-klubszekhaza\/#article","isPartOf":{"@id":"https:\/\/dorogimedence.hu\/index.php\/2025\/10\/26\/130-eves-a-buzanszky-stadion-klubszekhaza\/"},"author":{"name":"Szab\u00f3 Gyula","@id":"https:\/\/dorogimedence.hu\/#\/schema\/person\/76605e8151ec1b7376385cd184ede973"},"headline":"130 \u00e9ves a Buz\u00e1nszky stadion klubsz\u00e9kh\u00e1za","datePublished":"2025-10-26T06:51:11+00:00","dateModified":"2025-10-27T10:46:57+00:00","mainEntityOfPage":{"@id":"https:\/\/dorogimedence.hu\/index.php\/2025\/10\/26\/130-eves-a-buzanszky-stadion-klubszekhaza\/"},"wordCount":1829,"publisher":{"@id":"https:\/\/dorogimedence.hu\/#organization"},"image":{"@id":"https:\/\/dorogimedence.hu\/index.php\/2025\/10\/26\/130-eves-a-buzanszky-stadion-klubszekhaza\/#primaryimage"},"thumbnailUrl":"https:\/\/dorogimedence.hu\/wp-content\/uploads\/2025\/10\/49946706_2327082043992972_3002434559426953216_o.jpg","keywords":["Dorog","Dorogi FC","featured","foci","futball","labdar\u00fag\u00e1s","sport"],"articleSection":["Dorog","H\u00edrek","Kerek \u00e9vfordul\u00f3k","Sport"],"inLanguage":"hu"},{"@type":"WebPage","@id":"https:\/\/dorogimedence.hu\/index.php\/2025\/10\/26\/130-eves-a-buzanszky-stadion-klubszekhaza\/","url":"https:\/\/dorogimedence.hu\/index.php\/2025\/10\/26\/130-eves-a-buzanszky-stadion-klubszekhaza\/","name":"130 \u00e9ves a Buz\u00e1nszky stadion klubsz\u00e9kh\u00e1za","isPartOf":{"@id":"https:\/\/dorogimedence.hu\/#website"},"primaryImageOfPage":{"@id":"https:\/\/dorogimedence.hu\/index.php\/2025\/10\/26\/130-eves-a-buzanszky-stadion-klubszekhaza\/#primaryimage"},"image":{"@id":"https:\/\/dorogimedence.hu\/index.php\/2025\/10\/26\/130-eves-a-buzanszky-stadion-klubszekhaza\/#primaryimage"},"thumbnailUrl":"https:\/\/dorogimedence.hu\/wp-content\/uploads\/2025\/10\/49946706_2327082043992972_3002434559426953216_o.jpg","datePublished":"2025-10-26T06:51:11+00:00","dateModified":"2025-10-27T10:46:57+00:00","breadcrumb":{"@id":"https:\/\/dorogimedence.hu\/index.php\/2025\/10\/26\/130-eves-a-buzanszky-stadion-klubszekhaza\/#breadcrumb"},"inLanguage":"hu","potentialAction":[{"@type":"ReadAction","target":["https:\/\/dorogimedence.hu\/index.php\/2025\/10\/26\/130-eves-a-buzanszky-stadion-klubszekhaza\/"]}]},{"@type":"ImageObject","inLanguage":"hu","@id":"https:\/\/dorogimedence.hu\/index.php\/2025\/10\/26\/130-eves-a-buzanszky-stadion-klubszekhaza\/#primaryimage","url":"https:\/\/dorogimedence.hu\/wp-content\/uploads\/2025\/10\/49946706_2327082043992972_3002434559426953216_o.jpg","contentUrl":"https:\/\/dorogimedence.hu\/wp-content\/uploads\/2025\/10\/49946706_2327082043992972_3002434559426953216_o.jpg","width":1988,"height":1491},{"@type":"BreadcrumbList","@id":"https:\/\/dorogimedence.hu\/index.php\/2025\/10\/26\/130-eves-a-buzanszky-stadion-klubszekhaza\/#breadcrumb","itemListElement":[{"@type":"ListItem","position":1,"name":"Kezd\u0151lap","item":"https:\/\/dorogimedence.hu\/"},{"@type":"ListItem","position":2,"name":"130 \u00e9ves a Buz\u00e1nszky stadion klubsz\u00e9kh\u00e1za"}]},{"@type":"WebSite","@id":"https:\/\/dorogimedence.hu\/#website","url":"https:\/\/dorogimedence.hu\/","name":"Dorogi-medence Region\u00e1lis H\u00edrport\u00e1l","description":"Dorog, Keszt\u00f6lc, Le\u00e1nyv\u00e1r, Piliscs\u00e9v, Tokod, Tokodalt\u00e1r\u00f3, Csolnok, Esztergom-kertv\u00e1ros: h\u00edrek, programok","publisher":{"@id":"https:\/\/dorogimedence.hu\/#organization"},"potentialAction":[{"@type":"SearchAction","target":{"@type":"EntryPoint","urlTemplate":"https:\/\/dorogimedence.hu\/?s={search_term_string}"},"query-input":{"@type":"PropertyValueSpecification","valueRequired":true,"valueName":"search_term_string"}}],"inLanguage":"hu"},{"@type":"Organization","@id":"https:\/\/dorogimedence.hu\/#organization","name":"Dorogi-medence Region\u00e1lis H\u00edrport\u00e1l","url":"https:\/\/dorogimedence.hu\/","logo":{"@type":"ImageObject","inLanguage":"hu","@id":"https:\/\/dorogimedence.hu\/#\/schema\/logo\/image\/","url":"https:\/\/dorogimedence.hu\/wp-content\/uploads\/2021\/04\/logo-feher-600.png","contentUrl":"https:\/\/dorogimedence.hu\/wp-content\/uploads\/2021\/04\/logo-feher-600.png","width":600,"height":100,"caption":"Dorogi-medence Region\u00e1lis H\u00edrport\u00e1l"},"image":{"@id":"https:\/\/dorogimedence.hu\/#\/schema\/logo\/image\/"},"sameAs":["https:\/\/www.facebook.com\/dorogimedence\/"]},{"@type":"Person","@id":"https:\/\/dorogimedence.hu\/#\/schema\/person\/76605e8151ec1b7376385cd184ede973","name":"Szab\u00f3 Gyula","image":{"@type":"ImageObject","inLanguage":"hu","@id":"\/\/www.gravatar.com\/avatar\/3e44b6fb2ef9bcea3639958cc2a587cb?s=96&#038;r=g&#038;d=mm","url":"\/\/www.gravatar.com\/avatar\/3e44b6fb2ef9bcea3639958cc2a587cb?s=96&#038;r=g&#038;d=mm","contentUrl":"\/\/www.gravatar.com\/avatar\/3e44b6fb2ef9bcea3639958cc2a587cb?s=96&#038;r=g&#038;d=mm","caption":"Szab\u00f3 Gyula"}}]}},"_links":{"self":[{"href":"https:\/\/dorogimedence.hu\/index.php\/wp-json\/wp\/v2\/posts\/75201","targetHints":{"allow":["GET"]}}],"collection":[{"href":"https:\/\/dorogimedence.hu\/index.php\/wp-json\/wp\/v2\/posts"}],"about":[{"href":"https:\/\/dorogimedence.hu\/index.php\/wp-json\/wp\/v2\/types\/post"}],"author":[{"embeddable":true,"href":"https:\/\/dorogimedence.hu\/index.php\/wp-json\/wp\/v2\/users\/4"}],"replies":[{"embeddable":true,"href":"https:\/\/dorogimedence.hu\/index.php\/wp-json\/wp\/v2\/comments?post=75201"}],"version-history":[{"count":0,"href":"https:\/\/dorogimedence.hu\/index.php\/wp-json\/wp\/v2\/posts\/75201\/revisions"}],"wp:featuredmedia":[{"embeddable":true,"href":"https:\/\/dorogimedence.hu\/index.php\/wp-json\/wp\/v2\/media\/75202"}],"wp:attachment":[{"href":"https:\/\/dorogimedence.hu\/index.php\/wp-json\/wp\/v2\/media?parent=75201"}],"wp:term":[{"taxonomy":"category","embeddable":true,"href":"https:\/\/dorogimedence.hu\/index.php\/wp-json\/wp\/v2\/categories?post=75201"},{"taxonomy":"post_tag","embeddable":true,"href":"https:\/\/dorogimedence.hu\/index.php\/wp-json\/wp\/v2\/tags?post=75201"}],"curies":[{"name":"wp","href":"https:\/\/api.w.org\/{rel}","templated":true}]}}