{"id":7518,"date":"2017-12-30T09:19:42","date_gmt":"2017-12-30T08:19:42","guid":{"rendered":"http:\/\/dorogimedence.hu\/?p=7518"},"modified":"2017-12-30T09:19:42","modified_gmt":"2017-12-30T08:19:42","slug":"januartol-keresre-erkezik-a-kemenysepro","status":"publish","type":"post","link":"https:\/\/dorogimedence.hu\/index.php\/2017\/12\/30\/januartol-keresre-erkezik-a-kemenysepro\/","title":{"rendered":"Janu\u00e1rt\u00f3l k\u00e9r\u00e9sre \u00e9rkezik a k\u00e9m\u00e9nysepr\u0151"},"content":{"rendered":"<p><strong>Az Orsz\u00e1ggy\u0171l\u00e9s d\u00f6nt\u00e9se nyom\u00e1n janu\u00e1r elsej\u00e9vel megv\u00e1ltoznak a k\u00e9m\u00e9nysepr\u00e9s szab\u00e1lyai. A t\u00f6rv\u00e9nym\u00f3dos\u00edt\u00e1s l\u00e9nyege, hogy az egylak\u00e1sos \u00e9p\u00fcletek tulajdonosai az \u00e1ltaluk haszn\u00e1lt t\u00fczel\u0151- f\u0171t\u0151berendez\u00e9s fajt\u00e1j\u00e1t\u00f3l f\u00fcgg\u0151en \u00e9vente, vagy k\u00e9t\u00e9vente, tov\u00e1bbra is ingyenesen, a nekik megfelel\u0151 id\u0151pontban maguk ig\u00e9nyelhetik a k\u00e9m\u00e9nysepr\u0151ipari ellen\u0151rz\u00e9st.<\/strong><\/p>\n<p>A v\u00e1ltoz\u00e1s l\u00e9nyege teh\u00e1t az, hogy az egylak\u00e1sos \u2013 jellemz\u0151en csal\u00e1di h\u00e1zban \u2013 ingatlanban \u00e9l\u0151k 2018. janu\u00e1r elsej\u00e9t k\u00f6vet\u0151en nem kapnak a k\u00e9m\u00e9nysepr\u0151ipari szervt\u0151l, illetve egyes telep\u00fcl\u00e9seken az \u00f6nkorm\u00e1nyzati k\u00f6zszolg\u00e1ltat\u00f3t\u00f3l a k\u00e9m\u00e9nyellen\u0151rz\u00e9s id\u0151pontj\u00e1t megaj\u00e1nl\u00f3 \u00e9rtes\u00edt\u00e9st. A k\u00e9m\u00e9nysepr\u0151 az ingatlantulajdonos kezdem\u00e9nyez\u00e9se nyom\u00e1n \u00e9rkezik majd \u00e9s v\u00e9gzi el a sormunk\u00e1ban el\u0151\u00edrt feladatokat. Az ingatlanhaszn\u00e1l\u00f3 teh\u00e1t szabadon egyeztetheti a ter\u00fcleti szolg\u00e1ltat\u00f3val a k\u00e9m\u00e9nyellen\u0151rz\u00e9s id\u0151pontj\u00e1t \u00e9s nem f\u00fcgg a szolg\u00e1ltat\u00f3 munkav\u00e9gz\u00e9s\u00e9nek menetrendj\u00e9t\u0151l. A lakoss\u00e1gi szektorban tov\u00e1bbra is kiz\u00e1r\u00f3lag a k\u00e9m\u00e9nysepr\u0151ipari szerv, vagy a szerz\u0151d\u00e9ses k\u00f6zszolg\u00e1ltat\u00f3 v\u00e9gezhet k\u00e9m\u00e9nyellen\u0151rz\u00e9st, tiszt\u00edt\u00e1st, vizsg\u00e1latot, \u00edgy a sormunk\u00e1ban meghat\u00e1rozott feladatokat is, amelyek tov\u00e1bbra is ingyenesek maradnak.<\/p>\n<p>Egylak\u00e1sos \u00e9p\u00fclet nem kiz\u00e1r\u00f3lag csal\u00e1di h\u00e1z lehet, minden olyan lak\u00f3ingatlan annak min\u0151s\u00fcl, amely nincs t\u00e1rsash\u00e1zk\u00e9nt, vagy lak\u00e1ssz\u00f6vetkezetk\u00e9nt bejegyezve. A t\u00f6bb lak\u00e1st tartalmaz\u00f3, t\u00f6bbemeletes lak\u00f3h\u00e1z is ide soroland\u00f3, amennyiben nem alakult t\u00e1rsash\u00e1zz\u00e1.<\/p>\n<p>A lakoss\u00e1gi k\u00f6r\u00f6n k\u00edv\u00fcli, azaz gazd\u00e1lkod\u00f3 szervezethez tartoz\u00f3 ingatlanok \u2013 egy\u00e9ni vagy t\u00e1rsas v\u00e1llalkoz\u00e1sok sz\u00e9khelyek\u00e9nt, telephelyek\u00e9nt vagy fi\u00f3ktelephelyk\u00e9nt bejegyzett ingatlanok \u2013 f\u00fcstelvezet\u0151inek ellen\u0151rz\u00e9s\u00e9t \u2013 ahogy jelenleg is \u2013 az adott megy\u00e9ben, illetve ell\u00e1t\u00e1si ter\u00fcleten nyilv\u00e1ntart\u00e1sba vett k\u00e9m\u00e9nysepr\u0151ipari egy\u00e9ni v\u00e1llalkoz\u00f3kt\u00f3l vagy szolg\u00e1ltat\u00f3 c\u00e9gekt\u0151l kell megrendelni, a szakemberek a vizsg\u00e1latot d\u00edjfizet\u00e9s ellen\u00e9ben v\u00e9gzik el.<\/p>\n<p>Nincs v\u00e1ltoz\u00e1s a t\u00e1rsash\u00e1zakat \u00e9s lak\u00f3sz\u00f6vetkezeti ingatlanokat illet\u0151en: a k\u00e9m\u00e9nysepr\u0151k tov\u00e1bbra is tervezett sormunka keret\u00e9ben, a megaj\u00e1nlott id\u0151ben \u00e9rkeznek \u00e9s vizsg\u00e1lj\u00e1k meg az \u00e9p\u00fclethez tartoz\u00f3 \u00e9g\u00e9sterm\u00e9k-elvezet\u0151ket.<\/p>\n<p><em>Forr\u00e1s: komarom.katasztrofavedelem.hu<\/em><\/p>\n","protected":false},"excerpt":{"rendered":"<p>Az Orsz\u00e1ggy\u0171l\u00e9s d\u00f6nt\u00e9se nyom\u00e1n janu\u00e1r elsej\u00e9vel megv\u00e1ltoznak a k\u00e9m\u00e9nysepr\u00e9s szab\u00e1lyai. A t\u00f6rv\u00e9nym\u00f3dos\u00edt\u00e1s l\u00e9nyege, hogy az egylak\u00e1sos \u00e9p\u00fcletek tulajdonosai az \u00e1ltaluk haszn\u00e1lt t\u00fczel\u0151- f\u0171t\u0151berendez\u00e9s fajt\u00e1j\u00e1t\u00f3l f\u00fcgg\u0151en \u00e9vente, vagy k\u00e9t\u00e9vente, tov\u00e1bbra is ingyenesen, a nekik megfelel\u0151 id\u0151pontban maguk ig\u00e9nyelhetik a k\u00e9m\u00e9nysepr\u0151ipari ellen\u0151rz\u00e9st. A v\u00e1ltoz\u00e1s l\u00e9nyege teh\u00e1t az, hogy az egylak\u00e1sos \u2013 jellemz\u0151en csal\u00e1di h\u00e1zban \u2013 ingatlanban \u00e9l\u0151k<\/p>\n","protected":false},"author":1,"featured_media":3174,"comment_status":"closed","ping_status":"closed","sticky":false,"template":"","format":"standard","meta":{"ngg_post_thumbnail":0,"footnotes":""},"categories":[3],"tags":[998,999],"class_list":{"0":"post-7518","1":"post","2":"type-post","3":"status-publish","4":"format-standard","5":"has-post-thumbnail","7":"category-hirek","8":"tag-kemenysepres","9":"tag-kemenysepro"},"yoast_head":"<!-- This site is optimized with the Yoast SEO plugin v27.4 - https:\/\/yoast.com\/product\/yoast-seo-wordpress\/ -->\n<title>Janu\u00e1rt\u00f3l k\u00e9r\u00e9sre \u00e9rkezik a k\u00e9m\u00e9nysepr\u0151<\/title>\n<meta name=\"robots\" content=\"index, follow, max-snippet:-1, max-image-preview:large, max-video-preview:-1\" \/>\n<link rel=\"canonical\" href=\"https:\/\/dorogimedence.hu\/index.php\/2017\/12\/30\/januartol-keresre-erkezik-a-kemenysepro\/\" class=\"yoast-seo-meta-tag\" \/>\n<meta property=\"og:locale\" content=\"hu_HU\" class=\"yoast-seo-meta-tag\" \/>\n<meta property=\"og:type\" content=\"article\" class=\"yoast-seo-meta-tag\" \/>\n<meta property=\"og:title\" content=\"Janu\u00e1rt\u00f3l k\u00e9r\u00e9sre \u00e9rkezik a k\u00e9m\u00e9nysepr\u0151\" class=\"yoast-seo-meta-tag\" \/>\n<meta property=\"og:description\" content=\"Az Orsz\u00e1ggy\u0171l\u00e9s d\u00f6nt\u00e9se nyom\u00e1n janu\u00e1r elsej\u00e9vel megv\u00e1ltoznak a k\u00e9m\u00e9nysepr\u00e9s szab\u00e1lyai. A t\u00f6rv\u00e9nym\u00f3dos\u00edt\u00e1s l\u00e9nyege, hogy az egylak\u00e1sos \u00e9p\u00fcletek tulajdonosai az \u00e1ltaluk haszn\u00e1lt t\u00fczel\u0151- f\u0171t\u0151berendez\u00e9s fajt\u00e1j\u00e1t\u00f3l f\u00fcgg\u0151en \u00e9vente, vagy k\u00e9t\u00e9vente, tov\u00e1bbra is ingyenesen, a nekik megfelel\u0151 id\u0151pontban maguk ig\u00e9nyelhetik a k\u00e9m\u00e9nysepr\u0151ipari ellen\u0151rz\u00e9st. A v\u00e1ltoz\u00e1s l\u00e9nyege teh\u00e1t az, hogy az egylak\u00e1sos \u2013 jellemz\u0151en csal\u00e1di h\u00e1zban \u2013 ingatlanban \u00e9l\u0151k\" class=\"yoast-seo-meta-tag\" \/>\n<meta property=\"og:url\" content=\"https:\/\/dorogimedence.hu\/index.php\/2017\/12\/30\/januartol-keresre-erkezik-a-kemenysepro\/\" class=\"yoast-seo-meta-tag\" \/>\n<meta property=\"og:site_name\" content=\"Dorogi-medence Region\u00e1lis H\u00edrport\u00e1l\" class=\"yoast-seo-meta-tag\" \/>\n<meta property=\"article:publisher\" content=\"https:\/\/www.facebook.com\/dorogimedence\/\" class=\"yoast-seo-meta-tag\" \/>\n<meta property=\"article:published_time\" content=\"2017-12-30T08:19:42+00:00\" class=\"yoast-seo-meta-tag\" \/>\n<meta property=\"og:image\" content=\"https:\/\/i0.wp.com\/dorogimedence.hu\/wp-content\/uploads\/2017\/05\/kemenysepro.jpg?fit=670%2C365&ssl=1\" class=\"yoast-seo-meta-tag\" \/>\n\t<meta property=\"og:image:width\" content=\"670\" class=\"yoast-seo-meta-tag\" \/>\n\t<meta property=\"og:image:height\" content=\"365\" class=\"yoast-seo-meta-tag\" \/>\n\t<meta property=\"og:image:type\" content=\"image\/jpeg\" class=\"yoast-seo-meta-tag\" \/>\n<meta name=\"author\" content=\"dorogimedence.hu\" class=\"yoast-seo-meta-tag\" \/>\n<meta name=\"twitter:card\" content=\"summary_large_image\" class=\"yoast-seo-meta-tag\" \/>\n<meta name=\"twitter:label1\" content=\"Szerz\u0151:\" class=\"yoast-seo-meta-tag\" \/>\n\t<meta name=\"twitter:data1\" content=\"dorogimedence.hu\" class=\"yoast-seo-meta-tag\" \/>\n\t<meta name=\"twitter:label2\" content=\"Becs\u00fclt olvas\u00e1si id\u0151\" class=\"yoast-seo-meta-tag\" \/>\n\t<meta name=\"twitter:data2\" content=\"2 perc\" class=\"yoast-seo-meta-tag\" \/>\n<script type=\"application\/ld+json\" class=\"yoast-schema-graph\">{\"@context\":\"https:\\\/\\\/schema.org\",\"@graph\":[{\"@type\":\"Article\",\"@id\":\"https:\\\/\\\/dorogimedence.hu\\\/index.php\\\/2017\\\/12\\\/30\\\/januartol-keresre-erkezik-a-kemenysepro\\\/#article\",\"isPartOf\":{\"@id\":\"https:\\\/\\\/dorogimedence.hu\\\/index.php\\\/2017\\\/12\\\/30\\\/januartol-keresre-erkezik-a-kemenysepro\\\/\"},\"author\":{\"name\":\"dorogimedence.hu\",\"@id\":\"https:\\\/\\\/dorogimedence.hu\\\/#\\\/schema\\\/person\\\/ce6091eeb7e95ecdc87890d6aa8e0fd4\"},\"headline\":\"Janu\u00e1rt\u00f3l k\u00e9r\u00e9sre \u00e9rkezik a k\u00e9m\u00e9nysepr\u0151\",\"datePublished\":\"2017-12-30T08:19:42+00:00\",\"mainEntityOfPage\":{\"@id\":\"https:\\\/\\\/dorogimedence.hu\\\/index.php\\\/2017\\\/12\\\/30\\\/januartol-keresre-erkezik-a-kemenysepro\\\/\"},\"wordCount\":460,\"publisher\":{\"@id\":\"https:\\\/\\\/dorogimedence.hu\\\/#organization\"},\"image\":{\"@id\":\"https:\\\/\\\/dorogimedence.hu\\\/index.php\\\/2017\\\/12\\\/30\\\/januartol-keresre-erkezik-a-kemenysepro\\\/#primaryimage\"},\"thumbnailUrl\":\"https:\\\/\\\/dorogimedence.hu\\\/wp-content\\\/uploads\\\/2017\\\/05\\\/kemenysepro.jpg\",\"keywords\":[\"k\u00e9m\u00e9nysepr\u00e9s\",\"k\u00e9m\u00e9nysepr\u0151\"],\"articleSection\":[\"H\u00edrek\"],\"inLanguage\":\"hu\"},{\"@type\":\"WebPage\",\"@id\":\"https:\\\/\\\/dorogimedence.hu\\\/index.php\\\/2017\\\/12\\\/30\\\/januartol-keresre-erkezik-a-kemenysepro\\\/\",\"url\":\"https:\\\/\\\/dorogimedence.hu\\\/index.php\\\/2017\\\/12\\\/30\\\/januartol-keresre-erkezik-a-kemenysepro\\\/\",\"name\":\"Janu\u00e1rt\u00f3l k\u00e9r\u00e9sre \u00e9rkezik a k\u00e9m\u00e9nysepr\u0151\",\"isPartOf\":{\"@id\":\"https:\\\/\\\/dorogimedence.hu\\\/#website\"},\"primaryImageOfPage\":{\"@id\":\"https:\\\/\\\/dorogimedence.hu\\\/index.php\\\/2017\\\/12\\\/30\\\/januartol-keresre-erkezik-a-kemenysepro\\\/#primaryimage\"},\"image\":{\"@id\":\"https:\\\/\\\/dorogimedence.hu\\\/index.php\\\/2017\\\/12\\\/30\\\/januartol-keresre-erkezik-a-kemenysepro\\\/#primaryimage\"},\"thumbnailUrl\":\"https:\\\/\\\/dorogimedence.hu\\\/wp-content\\\/uploads\\\/2017\\\/05\\\/kemenysepro.jpg\",\"datePublished\":\"2017-12-30T08:19:42+00:00\",\"breadcrumb\":{\"@id\":\"https:\\\/\\\/dorogimedence.hu\\\/index.php\\\/2017\\\/12\\\/30\\\/januartol-keresre-erkezik-a-kemenysepro\\\/#breadcrumb\"},\"inLanguage\":\"hu\",\"potentialAction\":[{\"@type\":\"ReadAction\",\"target\":[\"https:\\\/\\\/dorogimedence.hu\\\/index.php\\\/2017\\\/12\\\/30\\\/januartol-keresre-erkezik-a-kemenysepro\\\/\"]}]},{\"@type\":\"ImageObject\",\"inLanguage\":\"hu\",\"@id\":\"https:\\\/\\\/dorogimedence.hu\\\/index.php\\\/2017\\\/12\\\/30\\\/januartol-keresre-erkezik-a-kemenysepro\\\/#primaryimage\",\"url\":\"https:\\\/\\\/dorogimedence.hu\\\/wp-content\\\/uploads\\\/2017\\\/05\\\/kemenysepro.jpg\",\"contentUrl\":\"https:\\\/\\\/dorogimedence.hu\\\/wp-content\\\/uploads\\\/2017\\\/05\\\/kemenysepro.jpg\",\"width\":670,\"height\":365},{\"@type\":\"BreadcrumbList\",\"@id\":\"https:\\\/\\\/dorogimedence.hu\\\/index.php\\\/2017\\\/12\\\/30\\\/januartol-keresre-erkezik-a-kemenysepro\\\/#breadcrumb\",\"itemListElement\":[{\"@type\":\"ListItem\",\"position\":1,\"name\":\"Kezd\u0151lap\",\"item\":\"https:\\\/\\\/dorogimedence.hu\\\/\"},{\"@type\":\"ListItem\",\"position\":2,\"name\":\"Janu\u00e1rt\u00f3l k\u00e9r\u00e9sre \u00e9rkezik a k\u00e9m\u00e9nysepr\u0151\"}]},{\"@type\":\"WebSite\",\"@id\":\"https:\\\/\\\/dorogimedence.hu\\\/#website\",\"url\":\"https:\\\/\\\/dorogimedence.hu\\\/\",\"name\":\"Dorogi-medence Region\u00e1lis H\u00edrport\u00e1l\",\"description\":\"Dorog, Keszt\u00f6lc, Le\u00e1nyv\u00e1r, Piliscs\u00e9v, Tokod, Tokodalt\u00e1r\u00f3, Csolnok, Esztergom-kertv\u00e1ros: h\u00edrek, programok\",\"publisher\":{\"@id\":\"https:\\\/\\\/dorogimedence.hu\\\/#organization\"},\"potentialAction\":[{\"@type\":\"SearchAction\",\"target\":{\"@type\":\"EntryPoint\",\"urlTemplate\":\"https:\\\/\\\/dorogimedence.hu\\\/?s={search_term_string}\"},\"query-input\":{\"@type\":\"PropertyValueSpecification\",\"valueRequired\":true,\"valueName\":\"search_term_string\"}}],\"inLanguage\":\"hu\"},{\"@type\":\"Organization\",\"@id\":\"https:\\\/\\\/dorogimedence.hu\\\/#organization\",\"name\":\"Dorogi-medence Region\u00e1lis H\u00edrport\u00e1l\",\"url\":\"https:\\\/\\\/dorogimedence.hu\\\/\",\"logo\":{\"@type\":\"ImageObject\",\"inLanguage\":\"hu\",\"@id\":\"https:\\\/\\\/dorogimedence.hu\\\/#\\\/schema\\\/logo\\\/image\\\/\",\"url\":\"https:\\\/\\\/dorogimedence.hu\\\/wp-content\\\/uploads\\\/2021\\\/04\\\/logo-feher-600.png\",\"contentUrl\":\"https:\\\/\\\/dorogimedence.hu\\\/wp-content\\\/uploads\\\/2021\\\/04\\\/logo-feher-600.png\",\"width\":600,\"height\":100,\"caption\":\"Dorogi-medence Region\u00e1lis H\u00edrport\u00e1l\"},\"image\":{\"@id\":\"https:\\\/\\\/dorogimedence.hu\\\/#\\\/schema\\\/logo\\\/image\\\/\"},\"sameAs\":[\"https:\\\/\\\/www.facebook.com\\\/dorogimedence\\\/\"]},{\"@type\":\"Person\",\"@id\":\"https:\\\/\\\/dorogimedence.hu\\\/#\\\/schema\\\/person\\\/ce6091eeb7e95ecdc87890d6aa8e0fd4\",\"name\":\"dorogimedence.hu\",\"image\":{\"@type\":\"ImageObject\",\"inLanguage\":\"hu\",\"@id\":\"\\\/\\\/www.gravatar.com\\\/avatar\\\/d8d45f8901aadff40a4af72c0b826f1d?s=96&#038;r=g&#038;d=mm\",\"url\":\"\\\/\\\/www.gravatar.com\\\/avatar\\\/d8d45f8901aadff40a4af72c0b826f1d?s=96&#038;r=g&#038;d=mm\",\"contentUrl\":\"\\\/\\\/www.gravatar.com\\\/avatar\\\/d8d45f8901aadff40a4af72c0b826f1d?s=96&#038;r=g&#038;d=mm\",\"caption\":\"dorogimedence.hu\"}}]}<\/script>\n<!-- \/ Yoast SEO plugin. -->","yoast_head_json":{"title":"Janu\u00e1rt\u00f3l k\u00e9r\u00e9sre \u00e9rkezik a k\u00e9m\u00e9nysepr\u0151","robots":{"index":"index","follow":"follow","max-snippet":"max-snippet:-1","max-image-preview":"max-image-preview:large","max-video-preview":"max-video-preview:-1"},"canonical":"https:\/\/dorogimedence.hu\/index.php\/2017\/12\/30\/januartol-keresre-erkezik-a-kemenysepro\/","og_locale":"hu_HU","og_type":"article","og_title":"Janu\u00e1rt\u00f3l k\u00e9r\u00e9sre \u00e9rkezik a k\u00e9m\u00e9nysepr\u0151","og_description":"Az Orsz\u00e1ggy\u0171l\u00e9s d\u00f6nt\u00e9se nyom\u00e1n janu\u00e1r elsej\u00e9vel megv\u00e1ltoznak a k\u00e9m\u00e9nysepr\u00e9s szab\u00e1lyai. A t\u00f6rv\u00e9nym\u00f3dos\u00edt\u00e1s l\u00e9nyege, hogy az egylak\u00e1sos \u00e9p\u00fcletek tulajdonosai az \u00e1ltaluk haszn\u00e1lt t\u00fczel\u0151- f\u0171t\u0151berendez\u00e9s fajt\u00e1j\u00e1t\u00f3l f\u00fcgg\u0151en \u00e9vente, vagy k\u00e9t\u00e9vente, tov\u00e1bbra is ingyenesen, a nekik megfelel\u0151 id\u0151pontban maguk ig\u00e9nyelhetik a k\u00e9m\u00e9nysepr\u0151ipari ellen\u0151rz\u00e9st. A v\u00e1ltoz\u00e1s l\u00e9nyege teh\u00e1t az, hogy az egylak\u00e1sos \u2013 jellemz\u0151en csal\u00e1di h\u00e1zban \u2013 ingatlanban \u00e9l\u0151k","og_url":"https:\/\/dorogimedence.hu\/index.php\/2017\/12\/30\/januartol-keresre-erkezik-a-kemenysepro\/","og_site_name":"Dorogi-medence Region\u00e1lis H\u00edrport\u00e1l","article_publisher":"https:\/\/www.facebook.com\/dorogimedence\/","article_published_time":"2017-12-30T08:19:42+00:00","og_image":[{"width":670,"height":365,"url":"https:\/\/i0.wp.com\/dorogimedence.hu\/wp-content\/uploads\/2017\/05\/kemenysepro.jpg?fit=670%2C365&ssl=1","type":"image\/jpeg"}],"author":"dorogimedence.hu","twitter_card":"summary_large_image","twitter_misc":{"Szerz\u0151:":"dorogimedence.hu","Becs\u00fclt olvas\u00e1si id\u0151":"2 perc"},"schema":{"@context":"https:\/\/schema.org","@graph":[{"@type":"Article","@id":"https:\/\/dorogimedence.hu\/index.php\/2017\/12\/30\/januartol-keresre-erkezik-a-kemenysepro\/#article","isPartOf":{"@id":"https:\/\/dorogimedence.hu\/index.php\/2017\/12\/30\/januartol-keresre-erkezik-a-kemenysepro\/"},"author":{"name":"dorogimedence.hu","@id":"https:\/\/dorogimedence.hu\/#\/schema\/person\/ce6091eeb7e95ecdc87890d6aa8e0fd4"},"headline":"Janu\u00e1rt\u00f3l k\u00e9r\u00e9sre \u00e9rkezik a k\u00e9m\u00e9nysepr\u0151","datePublished":"2017-12-30T08:19:42+00:00","mainEntityOfPage":{"@id":"https:\/\/dorogimedence.hu\/index.php\/2017\/12\/30\/januartol-keresre-erkezik-a-kemenysepro\/"},"wordCount":460,"publisher":{"@id":"https:\/\/dorogimedence.hu\/#organization"},"image":{"@id":"https:\/\/dorogimedence.hu\/index.php\/2017\/12\/30\/januartol-keresre-erkezik-a-kemenysepro\/#primaryimage"},"thumbnailUrl":"https:\/\/dorogimedence.hu\/wp-content\/uploads\/2017\/05\/kemenysepro.jpg","keywords":["k\u00e9m\u00e9nysepr\u00e9s","k\u00e9m\u00e9nysepr\u0151"],"articleSection":["H\u00edrek"],"inLanguage":"hu"},{"@type":"WebPage","@id":"https:\/\/dorogimedence.hu\/index.php\/2017\/12\/30\/januartol-keresre-erkezik-a-kemenysepro\/","url":"https:\/\/dorogimedence.hu\/index.php\/2017\/12\/30\/januartol-keresre-erkezik-a-kemenysepro\/","name":"Janu\u00e1rt\u00f3l k\u00e9r\u00e9sre \u00e9rkezik a k\u00e9m\u00e9nysepr\u0151","isPartOf":{"@id":"https:\/\/dorogimedence.hu\/#website"},"primaryImageOfPage":{"@id":"https:\/\/dorogimedence.hu\/index.php\/2017\/12\/30\/januartol-keresre-erkezik-a-kemenysepro\/#primaryimage"},"image":{"@id":"https:\/\/dorogimedence.hu\/index.php\/2017\/12\/30\/januartol-keresre-erkezik-a-kemenysepro\/#primaryimage"},"thumbnailUrl":"https:\/\/dorogimedence.hu\/wp-content\/uploads\/2017\/05\/kemenysepro.jpg","datePublished":"2017-12-30T08:19:42+00:00","breadcrumb":{"@id":"https:\/\/dorogimedence.hu\/index.php\/2017\/12\/30\/januartol-keresre-erkezik-a-kemenysepro\/#breadcrumb"},"inLanguage":"hu","potentialAction":[{"@type":"ReadAction","target":["https:\/\/dorogimedence.hu\/index.php\/2017\/12\/30\/januartol-keresre-erkezik-a-kemenysepro\/"]}]},{"@type":"ImageObject","inLanguage":"hu","@id":"https:\/\/dorogimedence.hu\/index.php\/2017\/12\/30\/januartol-keresre-erkezik-a-kemenysepro\/#primaryimage","url":"https:\/\/dorogimedence.hu\/wp-content\/uploads\/2017\/05\/kemenysepro.jpg","contentUrl":"https:\/\/dorogimedence.hu\/wp-content\/uploads\/2017\/05\/kemenysepro.jpg","width":670,"height":365},{"@type":"BreadcrumbList","@id":"https:\/\/dorogimedence.hu\/index.php\/2017\/12\/30\/januartol-keresre-erkezik-a-kemenysepro\/#breadcrumb","itemListElement":[{"@type":"ListItem","position":1,"name":"Kezd\u0151lap","item":"https:\/\/dorogimedence.hu\/"},{"@type":"ListItem","position":2,"name":"Janu\u00e1rt\u00f3l k\u00e9r\u00e9sre \u00e9rkezik a k\u00e9m\u00e9nysepr\u0151"}]},{"@type":"WebSite","@id":"https:\/\/dorogimedence.hu\/#website","url":"https:\/\/dorogimedence.hu\/","name":"Dorogi-medence Region\u00e1lis H\u00edrport\u00e1l","description":"Dorog, Keszt\u00f6lc, Le\u00e1nyv\u00e1r, Piliscs\u00e9v, Tokod, Tokodalt\u00e1r\u00f3, Csolnok, Esztergom-kertv\u00e1ros: h\u00edrek, programok","publisher":{"@id":"https:\/\/dorogimedence.hu\/#organization"},"potentialAction":[{"@type":"SearchAction","target":{"@type":"EntryPoint","urlTemplate":"https:\/\/dorogimedence.hu\/?s={search_term_string}"},"query-input":{"@type":"PropertyValueSpecification","valueRequired":true,"valueName":"search_term_string"}}],"inLanguage":"hu"},{"@type":"Organization","@id":"https:\/\/dorogimedence.hu\/#organization","name":"Dorogi-medence Region\u00e1lis H\u00edrport\u00e1l","url":"https:\/\/dorogimedence.hu\/","logo":{"@type":"ImageObject","inLanguage":"hu","@id":"https:\/\/dorogimedence.hu\/#\/schema\/logo\/image\/","url":"https:\/\/dorogimedence.hu\/wp-content\/uploads\/2021\/04\/logo-feher-600.png","contentUrl":"https:\/\/dorogimedence.hu\/wp-content\/uploads\/2021\/04\/logo-feher-600.png","width":600,"height":100,"caption":"Dorogi-medence Region\u00e1lis H\u00edrport\u00e1l"},"image":{"@id":"https:\/\/dorogimedence.hu\/#\/schema\/logo\/image\/"},"sameAs":["https:\/\/www.facebook.com\/dorogimedence\/"]},{"@type":"Person","@id":"https:\/\/dorogimedence.hu\/#\/schema\/person\/ce6091eeb7e95ecdc87890d6aa8e0fd4","name":"dorogimedence.hu","image":{"@type":"ImageObject","inLanguage":"hu","@id":"\/\/www.gravatar.com\/avatar\/d8d45f8901aadff40a4af72c0b826f1d?s=96&#038;r=g&#038;d=mm","url":"\/\/www.gravatar.com\/avatar\/d8d45f8901aadff40a4af72c0b826f1d?s=96&#038;r=g&#038;d=mm","contentUrl":"\/\/www.gravatar.com\/avatar\/d8d45f8901aadff40a4af72c0b826f1d?s=96&#038;r=g&#038;d=mm","caption":"dorogimedence.hu"}}]}},"_links":{"self":[{"href":"https:\/\/dorogimedence.hu\/index.php\/wp-json\/wp\/v2\/posts\/7518","targetHints":{"allow":["GET"]}}],"collection":[{"href":"https:\/\/dorogimedence.hu\/index.php\/wp-json\/wp\/v2\/posts"}],"about":[{"href":"https:\/\/dorogimedence.hu\/index.php\/wp-json\/wp\/v2\/types\/post"}],"author":[{"embeddable":true,"href":"https:\/\/dorogimedence.hu\/index.php\/wp-json\/wp\/v2\/users\/1"}],"replies":[{"embeddable":true,"href":"https:\/\/dorogimedence.hu\/index.php\/wp-json\/wp\/v2\/comments?post=7518"}],"version-history":[{"count":0,"href":"https:\/\/dorogimedence.hu\/index.php\/wp-json\/wp\/v2\/posts\/7518\/revisions"}],"wp:featuredmedia":[{"embeddable":true,"href":"https:\/\/dorogimedence.hu\/index.php\/wp-json\/wp\/v2\/media\/3174"}],"wp:attachment":[{"href":"https:\/\/dorogimedence.hu\/index.php\/wp-json\/wp\/v2\/media?parent=7518"}],"wp:term":[{"taxonomy":"category","embeddable":true,"href":"https:\/\/dorogimedence.hu\/index.php\/wp-json\/wp\/v2\/categories?post=7518"},{"taxonomy":"post_tag","embeddable":true,"href":"https:\/\/dorogimedence.hu\/index.php\/wp-json\/wp\/v2\/tags?post=7518"}],"curies":[{"name":"wp","href":"https:\/\/api.w.org\/{rel}","templated":true}]}}