{"id":75130,"date":"2025-10-22T09:15:00","date_gmt":"2025-10-22T07:15:00","guid":{"rendered":"https:\/\/dorogimedence.hu\/?p=75130"},"modified":"2025-10-22T09:15:00","modified_gmt":"2025-10-22T07:15:00","slug":"meghosszabbitott-nyitvatartas-az-esztergomi-temetokben","status":"publish","type":"post","link":"https:\/\/dorogimedence.hu\/index.php\/2025\/10\/22\/meghosszabbitott-nyitvatartas-az-esztergomi-temetokben\/","title":{"rendered":"Meghosszabb\u00edtott nyitvatart\u00e1s az esztergomi temet\u0151kben"},"content":{"rendered":"<p data-start=\"229\" data-end=\"498\"><strong>A Mindenszentek \u00e9s a Halottak napja k\u00f6zeledt\u00e9vel Esztergom temet\u0151i meghosszabb\u00edtott nyitvatart\u00e1ssal v\u00e1rj\u00e1k a l\u00e1togat\u00f3kat.<\/strong><\/p>\n<p data-start=\"229\" data-end=\"498\">Az \u00f6nkorm\u00e1nyzat t\u00e1j\u00e9koztat\u00e1sa szerint <strong data-start=\"397\" data-end=\"440\">2025. okt\u00f3ber 23. \u00e9s november 2. k\u00f6z\u00f6tt<\/strong> a temet\u0151k \u00e9jjel-nappal, azaz <strong data-start=\"470\" data-end=\"484\">0\u201324 \u00f3r\u00e1ig<\/strong> l\u00e1togathat\u00f3k.<\/p>\n<p data-start=\"500\" data-end=\"522\">Az \u00e9rintett temet\u0151k:<\/p>\n<ul data-start=\"523\" data-end=\"613\">\n<li data-start=\"523\" data-end=\"547\">\n<p data-start=\"525\" data-end=\"547\">Belv\u00e1rosi Temet\u0151<\/p>\n<\/li>\n<li data-start=\"548\" data-end=\"583\">\n<p data-start=\"550\" data-end=\"583\">Esztergom-Kertv\u00e1rosi Temet\u0151<\/p>\n<\/li>\n<li data-start=\"584\" data-end=\"613\">\n<p data-start=\"586\" data-end=\"613\">Szentgy\u00f6rgymez\u0151i Temet\u0151<\/p>\n<\/li>\n<\/ul>\n<p data-start=\"615\" data-end=\"767\">A hosszabb\u00edtott nyitvatart\u00e1s c\u00e9lja, hogy mindenki m\u00e9lt\u00f3 m\u00f3don, nyugodt k\u00f6r\u00fclm\u00e9nyek k\u00f6z\u00f6tt eml\u00e9kezhessen meg elhunyt szeretteir\u0151l a k\u00f6vetkez\u0151 napokban.<\/p>\n<p data-start=\"615\" data-end=\"767\"><em>Forr\u00e1s: esztergom.hu<\/em><br \/>\n<em>Bor\u00edt\u00f3k\u00e9p: illusztr\u00e1ci\u00f3 (pexels.com)<\/em><\/p>\n","protected":false},"excerpt":{"rendered":"<p>A Mindenszentek \u00e9s a Halottak napja k\u00f6zeledt\u00e9vel Esztergom temet\u0151i meghosszabb\u00edtott nyitvatart\u00e1ssal v\u00e1rj\u00e1k a l\u00e1togat\u00f3kat. Az \u00f6nkorm\u00e1nyzat t\u00e1j\u00e9koztat\u00e1sa szerint 2025. okt\u00f3ber 23. \u00e9s november 2. k\u00f6z\u00f6tt a temet\u0151k \u00e9jjel-nappal, azaz 0\u201324 \u00f3r\u00e1ig l\u00e1togathat\u00f3k. Az \u00e9rintett temet\u0151k: Belv\u00e1rosi Temet\u0151 Esztergom-Kertv\u00e1rosi Temet\u0151 Szentgy\u00f6rgymez\u0151i Temet\u0151 A hosszabb\u00edtott nyitvatart\u00e1s c\u00e9lja, hogy mindenki m\u00e9lt\u00f3 m\u00f3don, nyugodt k\u00f6r\u00fclm\u00e9nyek k\u00f6z\u00f6tt eml\u00e9kezhessen meg elhunyt<\/p>\n","protected":false},"author":1,"featured_media":75131,"comment_status":"closed","ping_status":"closed","sticky":false,"template":"","format":"standard","meta":{"ngg_post_thumbnail":0,"footnotes":""},"categories":[38,3],"tags":[42,2652],"class_list":{"0":"post-75130","1":"post","2":"type-post","3":"status-publish","4":"format-standard","5":"has-post-thumbnail","7":"category-esztergom","8":"category-hirek","9":"tag-esztergom","10":"tag-temeto"},"yoast_head":"<!-- This site is optimized with the Yoast SEO plugin v27.4 - https:\/\/yoast.com\/product\/yoast-seo-wordpress\/ -->\n<title>Meghosszabb\u00edtott nyitvatart\u00e1s az esztergomi temet\u0151kben<\/title>\n<meta name=\"robots\" content=\"index, follow, max-snippet:-1, max-image-preview:large, max-video-preview:-1\" \/>\n<link rel=\"canonical\" href=\"https:\/\/dorogimedence.hu\/index.php\/2025\/10\/22\/meghosszabbitott-nyitvatartas-az-esztergomi-temetokben\/\" class=\"yoast-seo-meta-tag\" \/>\n<meta property=\"og:locale\" content=\"hu_HU\" class=\"yoast-seo-meta-tag\" \/>\n<meta property=\"og:type\" content=\"article\" class=\"yoast-seo-meta-tag\" \/>\n<meta property=\"og:title\" content=\"Meghosszabb\u00edtott nyitvatart\u00e1s az esztergomi temet\u0151kben\" class=\"yoast-seo-meta-tag\" \/>\n<meta property=\"og:description\" content=\"A Mindenszentek \u00e9s a Halottak napja k\u00f6zeledt\u00e9vel Esztergom temet\u0151i meghosszabb\u00edtott nyitvatart\u00e1ssal v\u00e1rj\u00e1k a l\u00e1togat\u00f3kat. Az \u00f6nkorm\u00e1nyzat t\u00e1j\u00e9koztat\u00e1sa szerint 2025. okt\u00f3ber 23. \u00e9s november 2. k\u00f6z\u00f6tt a temet\u0151k \u00e9jjel-nappal, azaz 0\u201324 \u00f3r\u00e1ig l\u00e1togathat\u00f3k. Az \u00e9rintett temet\u0151k: Belv\u00e1rosi Temet\u0151 Esztergom-Kertv\u00e1rosi Temet\u0151 Szentgy\u00f6rgymez\u0151i Temet\u0151 A hosszabb\u00edtott nyitvatart\u00e1s c\u00e9lja, hogy mindenki m\u00e9lt\u00f3 m\u00f3don, nyugodt k\u00f6r\u00fclm\u00e9nyek k\u00f6z\u00f6tt eml\u00e9kezhessen meg elhunyt\" class=\"yoast-seo-meta-tag\" \/>\n<meta property=\"og:url\" content=\"https:\/\/dorogimedence.hu\/index.php\/2025\/10\/22\/meghosszabbitott-nyitvatartas-az-esztergomi-temetokben\/\" class=\"yoast-seo-meta-tag\" \/>\n<meta property=\"og:site_name\" content=\"Dorogi-medence Region\u00e1lis H\u00edrport\u00e1l\" class=\"yoast-seo-meta-tag\" \/>\n<meta property=\"article:publisher\" content=\"https:\/\/www.facebook.com\/dorogimedence\/\" class=\"yoast-seo-meta-tag\" \/>\n<meta property=\"article:published_time\" content=\"2025-10-22T07:15:00+00:00\" class=\"yoast-seo-meta-tag\" \/>\n<meta property=\"og:image\" content=\"https:\/\/dorogimedence.hu\/wp-content\/uploads\/2025\/10\/pexels-irina-anastasiu-10540-54512.jpg\" class=\"yoast-seo-meta-tag\" \/>\n\t<meta property=\"og:image:width\" content=\"1920\" class=\"yoast-seo-meta-tag\" \/>\n\t<meta property=\"og:image:height\" content=\"1272\" class=\"yoast-seo-meta-tag\" \/>\n\t<meta property=\"og:image:type\" content=\"image\/jpeg\" class=\"yoast-seo-meta-tag\" \/>\n<meta name=\"author\" content=\"dorogimedence.hu\" class=\"yoast-seo-meta-tag\" \/>\n<meta name=\"twitter:card\" content=\"summary_large_image\" class=\"yoast-seo-meta-tag\" \/>\n<meta name=\"twitter:label1\" content=\"Szerz\u0151:\" class=\"yoast-seo-meta-tag\" \/>\n\t<meta name=\"twitter:data1\" content=\"dorogimedence.hu\" class=\"yoast-seo-meta-tag\" \/>\n\t<meta name=\"twitter:label2\" content=\"Becs\u00fclt olvas\u00e1si id\u0151\" class=\"yoast-seo-meta-tag\" \/>\n\t<meta name=\"twitter:data2\" content=\"1 perc\" class=\"yoast-seo-meta-tag\" \/>\n<script type=\"application\/ld+json\" class=\"yoast-schema-graph\">{\"@context\":\"https:\\\/\\\/schema.org\",\"@graph\":[{\"@type\":\"Article\",\"@id\":\"https:\\\/\\\/dorogimedence.hu\\\/index.php\\\/2025\\\/10\\\/22\\\/meghosszabbitott-nyitvatartas-az-esztergomi-temetokben\\\/#article\",\"isPartOf\":{\"@id\":\"https:\\\/\\\/dorogimedence.hu\\\/index.php\\\/2025\\\/10\\\/22\\\/meghosszabbitott-nyitvatartas-az-esztergomi-temetokben\\\/\"},\"author\":{\"name\":\"dorogimedence.hu\",\"@id\":\"https:\\\/\\\/dorogimedence.hu\\\/#\\\/schema\\\/person\\\/ce6091eeb7e95ecdc87890d6aa8e0fd4\"},\"headline\":\"Meghosszabb\u00edtott nyitvatart\u00e1s az esztergomi temet\u0151kben\",\"datePublished\":\"2025-10-22T07:15:00+00:00\",\"mainEntityOfPage\":{\"@id\":\"https:\\\/\\\/dorogimedence.hu\\\/index.php\\\/2025\\\/10\\\/22\\\/meghosszabbitott-nyitvatartas-az-esztergomi-temetokben\\\/\"},\"wordCount\":113,\"publisher\":{\"@id\":\"https:\\\/\\\/dorogimedence.hu\\\/#organization\"},\"image\":{\"@id\":\"https:\\\/\\\/dorogimedence.hu\\\/index.php\\\/2025\\\/10\\\/22\\\/meghosszabbitott-nyitvatartas-az-esztergomi-temetokben\\\/#primaryimage\"},\"thumbnailUrl\":\"https:\\\/\\\/dorogimedence.hu\\\/wp-content\\\/uploads\\\/2025\\\/10\\\/pexels-irina-anastasiu-10540-54512.jpg\",\"keywords\":[\"esztergom\",\"temet\u0151\"],\"articleSection\":[\"Esztergom\",\"H\u00edrek\"],\"inLanguage\":\"hu\"},{\"@type\":\"WebPage\",\"@id\":\"https:\\\/\\\/dorogimedence.hu\\\/index.php\\\/2025\\\/10\\\/22\\\/meghosszabbitott-nyitvatartas-az-esztergomi-temetokben\\\/\",\"url\":\"https:\\\/\\\/dorogimedence.hu\\\/index.php\\\/2025\\\/10\\\/22\\\/meghosszabbitott-nyitvatartas-az-esztergomi-temetokben\\\/\",\"name\":\"Meghosszabb\u00edtott nyitvatart\u00e1s az esztergomi temet\u0151kben\",\"isPartOf\":{\"@id\":\"https:\\\/\\\/dorogimedence.hu\\\/#website\"},\"primaryImageOfPage\":{\"@id\":\"https:\\\/\\\/dorogimedence.hu\\\/index.php\\\/2025\\\/10\\\/22\\\/meghosszabbitott-nyitvatartas-az-esztergomi-temetokben\\\/#primaryimage\"},\"image\":{\"@id\":\"https:\\\/\\\/dorogimedence.hu\\\/index.php\\\/2025\\\/10\\\/22\\\/meghosszabbitott-nyitvatartas-az-esztergomi-temetokben\\\/#primaryimage\"},\"thumbnailUrl\":\"https:\\\/\\\/dorogimedence.hu\\\/wp-content\\\/uploads\\\/2025\\\/10\\\/pexels-irina-anastasiu-10540-54512.jpg\",\"datePublished\":\"2025-10-22T07:15:00+00:00\",\"breadcrumb\":{\"@id\":\"https:\\\/\\\/dorogimedence.hu\\\/index.php\\\/2025\\\/10\\\/22\\\/meghosszabbitott-nyitvatartas-az-esztergomi-temetokben\\\/#breadcrumb\"},\"inLanguage\":\"hu\",\"potentialAction\":[{\"@type\":\"ReadAction\",\"target\":[\"https:\\\/\\\/dorogimedence.hu\\\/index.php\\\/2025\\\/10\\\/22\\\/meghosszabbitott-nyitvatartas-az-esztergomi-temetokben\\\/\"]}]},{\"@type\":\"ImageObject\",\"inLanguage\":\"hu\",\"@id\":\"https:\\\/\\\/dorogimedence.hu\\\/index.php\\\/2025\\\/10\\\/22\\\/meghosszabbitott-nyitvatartas-az-esztergomi-temetokben\\\/#primaryimage\",\"url\":\"https:\\\/\\\/dorogimedence.hu\\\/wp-content\\\/uploads\\\/2025\\\/10\\\/pexels-irina-anastasiu-10540-54512.jpg\",\"contentUrl\":\"https:\\\/\\\/dorogimedence.hu\\\/wp-content\\\/uploads\\\/2025\\\/10\\\/pexels-irina-anastasiu-10540-54512.jpg\",\"width\":1920,\"height\":1272},{\"@type\":\"BreadcrumbList\",\"@id\":\"https:\\\/\\\/dorogimedence.hu\\\/index.php\\\/2025\\\/10\\\/22\\\/meghosszabbitott-nyitvatartas-az-esztergomi-temetokben\\\/#breadcrumb\",\"itemListElement\":[{\"@type\":\"ListItem\",\"position\":1,\"name\":\"Kezd\u0151lap\",\"item\":\"https:\\\/\\\/dorogimedence.hu\\\/\"},{\"@type\":\"ListItem\",\"position\":2,\"name\":\"Meghosszabb\u00edtott nyitvatart\u00e1s az esztergomi temet\u0151kben\"}]},{\"@type\":\"WebSite\",\"@id\":\"https:\\\/\\\/dorogimedence.hu\\\/#website\",\"url\":\"https:\\\/\\\/dorogimedence.hu\\\/\",\"name\":\"Dorogi-medence Region\u00e1lis H\u00edrport\u00e1l\",\"description\":\"Dorog, Keszt\u00f6lc, Le\u00e1nyv\u00e1r, Piliscs\u00e9v, Tokod, Tokodalt\u00e1r\u00f3, Csolnok, Esztergom-kertv\u00e1ros: h\u00edrek, programok\",\"publisher\":{\"@id\":\"https:\\\/\\\/dorogimedence.hu\\\/#organization\"},\"potentialAction\":[{\"@type\":\"SearchAction\",\"target\":{\"@type\":\"EntryPoint\",\"urlTemplate\":\"https:\\\/\\\/dorogimedence.hu\\\/?s={search_term_string}\"},\"query-input\":{\"@type\":\"PropertyValueSpecification\",\"valueRequired\":true,\"valueName\":\"search_term_string\"}}],\"inLanguage\":\"hu\"},{\"@type\":\"Organization\",\"@id\":\"https:\\\/\\\/dorogimedence.hu\\\/#organization\",\"name\":\"Dorogi-medence Region\u00e1lis H\u00edrport\u00e1l\",\"url\":\"https:\\\/\\\/dorogimedence.hu\\\/\",\"logo\":{\"@type\":\"ImageObject\",\"inLanguage\":\"hu\",\"@id\":\"https:\\\/\\\/dorogimedence.hu\\\/#\\\/schema\\\/logo\\\/image\\\/\",\"url\":\"https:\\\/\\\/dorogimedence.hu\\\/wp-content\\\/uploads\\\/2021\\\/04\\\/logo-feher-600.png\",\"contentUrl\":\"https:\\\/\\\/dorogimedence.hu\\\/wp-content\\\/uploads\\\/2021\\\/04\\\/logo-feher-600.png\",\"width\":600,\"height\":100,\"caption\":\"Dorogi-medence Region\u00e1lis H\u00edrport\u00e1l\"},\"image\":{\"@id\":\"https:\\\/\\\/dorogimedence.hu\\\/#\\\/schema\\\/logo\\\/image\\\/\"},\"sameAs\":[\"https:\\\/\\\/www.facebook.com\\\/dorogimedence\\\/\"]},{\"@type\":\"Person\",\"@id\":\"https:\\\/\\\/dorogimedence.hu\\\/#\\\/schema\\\/person\\\/ce6091eeb7e95ecdc87890d6aa8e0fd4\",\"name\":\"dorogimedence.hu\",\"image\":{\"@type\":\"ImageObject\",\"inLanguage\":\"hu\",\"@id\":\"\\\/\\\/www.gravatar.com\\\/avatar\\\/d8d45f8901aadff40a4af72c0b826f1d?s=96&#038;r=g&#038;d=mm\",\"url\":\"\\\/\\\/www.gravatar.com\\\/avatar\\\/d8d45f8901aadff40a4af72c0b826f1d?s=96&#038;r=g&#038;d=mm\",\"contentUrl\":\"\\\/\\\/www.gravatar.com\\\/avatar\\\/d8d45f8901aadff40a4af72c0b826f1d?s=96&#038;r=g&#038;d=mm\",\"caption\":\"dorogimedence.hu\"}}]}<\/script>\n<!-- \/ Yoast SEO plugin. -->","yoast_head_json":{"title":"Meghosszabb\u00edtott nyitvatart\u00e1s az esztergomi temet\u0151kben","robots":{"index":"index","follow":"follow","max-snippet":"max-snippet:-1","max-image-preview":"max-image-preview:large","max-video-preview":"max-video-preview:-1"},"canonical":"https:\/\/dorogimedence.hu\/index.php\/2025\/10\/22\/meghosszabbitott-nyitvatartas-az-esztergomi-temetokben\/","og_locale":"hu_HU","og_type":"article","og_title":"Meghosszabb\u00edtott nyitvatart\u00e1s az esztergomi temet\u0151kben","og_description":"A Mindenszentek \u00e9s a Halottak napja k\u00f6zeledt\u00e9vel Esztergom temet\u0151i meghosszabb\u00edtott nyitvatart\u00e1ssal v\u00e1rj\u00e1k a l\u00e1togat\u00f3kat. Az \u00f6nkorm\u00e1nyzat t\u00e1j\u00e9koztat\u00e1sa szerint 2025. okt\u00f3ber 23. \u00e9s november 2. k\u00f6z\u00f6tt a temet\u0151k \u00e9jjel-nappal, azaz 0\u201324 \u00f3r\u00e1ig l\u00e1togathat\u00f3k. Az \u00e9rintett temet\u0151k: Belv\u00e1rosi Temet\u0151 Esztergom-Kertv\u00e1rosi Temet\u0151 Szentgy\u00f6rgymez\u0151i Temet\u0151 A hosszabb\u00edtott nyitvatart\u00e1s c\u00e9lja, hogy mindenki m\u00e9lt\u00f3 m\u00f3don, nyugodt k\u00f6r\u00fclm\u00e9nyek k\u00f6z\u00f6tt eml\u00e9kezhessen meg elhunyt","og_url":"https:\/\/dorogimedence.hu\/index.php\/2025\/10\/22\/meghosszabbitott-nyitvatartas-az-esztergomi-temetokben\/","og_site_name":"Dorogi-medence Region\u00e1lis H\u00edrport\u00e1l","article_publisher":"https:\/\/www.facebook.com\/dorogimedence\/","article_published_time":"2025-10-22T07:15:00+00:00","og_image":[{"width":1920,"height":1272,"url":"https:\/\/dorogimedence.hu\/wp-content\/uploads\/2025\/10\/pexels-irina-anastasiu-10540-54512.jpg","type":"image\/jpeg"}],"author":"dorogimedence.hu","twitter_card":"summary_large_image","twitter_misc":{"Szerz\u0151:":"dorogimedence.hu","Becs\u00fclt olvas\u00e1si id\u0151":"1 perc"},"schema":{"@context":"https:\/\/schema.org","@graph":[{"@type":"Article","@id":"https:\/\/dorogimedence.hu\/index.php\/2025\/10\/22\/meghosszabbitott-nyitvatartas-az-esztergomi-temetokben\/#article","isPartOf":{"@id":"https:\/\/dorogimedence.hu\/index.php\/2025\/10\/22\/meghosszabbitott-nyitvatartas-az-esztergomi-temetokben\/"},"author":{"name":"dorogimedence.hu","@id":"https:\/\/dorogimedence.hu\/#\/schema\/person\/ce6091eeb7e95ecdc87890d6aa8e0fd4"},"headline":"Meghosszabb\u00edtott nyitvatart\u00e1s az esztergomi temet\u0151kben","datePublished":"2025-10-22T07:15:00+00:00","mainEntityOfPage":{"@id":"https:\/\/dorogimedence.hu\/index.php\/2025\/10\/22\/meghosszabbitott-nyitvatartas-az-esztergomi-temetokben\/"},"wordCount":113,"publisher":{"@id":"https:\/\/dorogimedence.hu\/#organization"},"image":{"@id":"https:\/\/dorogimedence.hu\/index.php\/2025\/10\/22\/meghosszabbitott-nyitvatartas-az-esztergomi-temetokben\/#primaryimage"},"thumbnailUrl":"https:\/\/dorogimedence.hu\/wp-content\/uploads\/2025\/10\/pexels-irina-anastasiu-10540-54512.jpg","keywords":["esztergom","temet\u0151"],"articleSection":["Esztergom","H\u00edrek"],"inLanguage":"hu"},{"@type":"WebPage","@id":"https:\/\/dorogimedence.hu\/index.php\/2025\/10\/22\/meghosszabbitott-nyitvatartas-az-esztergomi-temetokben\/","url":"https:\/\/dorogimedence.hu\/index.php\/2025\/10\/22\/meghosszabbitott-nyitvatartas-az-esztergomi-temetokben\/","name":"Meghosszabb\u00edtott nyitvatart\u00e1s az esztergomi temet\u0151kben","isPartOf":{"@id":"https:\/\/dorogimedence.hu\/#website"},"primaryImageOfPage":{"@id":"https:\/\/dorogimedence.hu\/index.php\/2025\/10\/22\/meghosszabbitott-nyitvatartas-az-esztergomi-temetokben\/#primaryimage"},"image":{"@id":"https:\/\/dorogimedence.hu\/index.php\/2025\/10\/22\/meghosszabbitott-nyitvatartas-az-esztergomi-temetokben\/#primaryimage"},"thumbnailUrl":"https:\/\/dorogimedence.hu\/wp-content\/uploads\/2025\/10\/pexels-irina-anastasiu-10540-54512.jpg","datePublished":"2025-10-22T07:15:00+00:00","breadcrumb":{"@id":"https:\/\/dorogimedence.hu\/index.php\/2025\/10\/22\/meghosszabbitott-nyitvatartas-az-esztergomi-temetokben\/#breadcrumb"},"inLanguage":"hu","potentialAction":[{"@type":"ReadAction","target":["https:\/\/dorogimedence.hu\/index.php\/2025\/10\/22\/meghosszabbitott-nyitvatartas-az-esztergomi-temetokben\/"]}]},{"@type":"ImageObject","inLanguage":"hu","@id":"https:\/\/dorogimedence.hu\/index.php\/2025\/10\/22\/meghosszabbitott-nyitvatartas-az-esztergomi-temetokben\/#primaryimage","url":"https:\/\/dorogimedence.hu\/wp-content\/uploads\/2025\/10\/pexels-irina-anastasiu-10540-54512.jpg","contentUrl":"https:\/\/dorogimedence.hu\/wp-content\/uploads\/2025\/10\/pexels-irina-anastasiu-10540-54512.jpg","width":1920,"height":1272},{"@type":"BreadcrumbList","@id":"https:\/\/dorogimedence.hu\/index.php\/2025\/10\/22\/meghosszabbitott-nyitvatartas-az-esztergomi-temetokben\/#breadcrumb","itemListElement":[{"@type":"ListItem","position":1,"name":"Kezd\u0151lap","item":"https:\/\/dorogimedence.hu\/"},{"@type":"ListItem","position":2,"name":"Meghosszabb\u00edtott nyitvatart\u00e1s az esztergomi temet\u0151kben"}]},{"@type":"WebSite","@id":"https:\/\/dorogimedence.hu\/#website","url":"https:\/\/dorogimedence.hu\/","name":"Dorogi-medence Region\u00e1lis H\u00edrport\u00e1l","description":"Dorog, Keszt\u00f6lc, Le\u00e1nyv\u00e1r, Piliscs\u00e9v, Tokod, Tokodalt\u00e1r\u00f3, Csolnok, Esztergom-kertv\u00e1ros: h\u00edrek, programok","publisher":{"@id":"https:\/\/dorogimedence.hu\/#organization"},"potentialAction":[{"@type":"SearchAction","target":{"@type":"EntryPoint","urlTemplate":"https:\/\/dorogimedence.hu\/?s={search_term_string}"},"query-input":{"@type":"PropertyValueSpecification","valueRequired":true,"valueName":"search_term_string"}}],"inLanguage":"hu"},{"@type":"Organization","@id":"https:\/\/dorogimedence.hu\/#organization","name":"Dorogi-medence Region\u00e1lis H\u00edrport\u00e1l","url":"https:\/\/dorogimedence.hu\/","logo":{"@type":"ImageObject","inLanguage":"hu","@id":"https:\/\/dorogimedence.hu\/#\/schema\/logo\/image\/","url":"https:\/\/dorogimedence.hu\/wp-content\/uploads\/2021\/04\/logo-feher-600.png","contentUrl":"https:\/\/dorogimedence.hu\/wp-content\/uploads\/2021\/04\/logo-feher-600.png","width":600,"height":100,"caption":"Dorogi-medence Region\u00e1lis H\u00edrport\u00e1l"},"image":{"@id":"https:\/\/dorogimedence.hu\/#\/schema\/logo\/image\/"},"sameAs":["https:\/\/www.facebook.com\/dorogimedence\/"]},{"@type":"Person","@id":"https:\/\/dorogimedence.hu\/#\/schema\/person\/ce6091eeb7e95ecdc87890d6aa8e0fd4","name":"dorogimedence.hu","image":{"@type":"ImageObject","inLanguage":"hu","@id":"\/\/www.gravatar.com\/avatar\/d8d45f8901aadff40a4af72c0b826f1d?s=96&#038;r=g&#038;d=mm","url":"\/\/www.gravatar.com\/avatar\/d8d45f8901aadff40a4af72c0b826f1d?s=96&#038;r=g&#038;d=mm","contentUrl":"\/\/www.gravatar.com\/avatar\/d8d45f8901aadff40a4af72c0b826f1d?s=96&#038;r=g&#038;d=mm","caption":"dorogimedence.hu"}}]}},"_links":{"self":[{"href":"https:\/\/dorogimedence.hu\/index.php\/wp-json\/wp\/v2\/posts\/75130","targetHints":{"allow":["GET"]}}],"collection":[{"href":"https:\/\/dorogimedence.hu\/index.php\/wp-json\/wp\/v2\/posts"}],"about":[{"href":"https:\/\/dorogimedence.hu\/index.php\/wp-json\/wp\/v2\/types\/post"}],"author":[{"embeddable":true,"href":"https:\/\/dorogimedence.hu\/index.php\/wp-json\/wp\/v2\/users\/1"}],"replies":[{"embeddable":true,"href":"https:\/\/dorogimedence.hu\/index.php\/wp-json\/wp\/v2\/comments?post=75130"}],"version-history":[{"count":0,"href":"https:\/\/dorogimedence.hu\/index.php\/wp-json\/wp\/v2\/posts\/75130\/revisions"}],"wp:featuredmedia":[{"embeddable":true,"href":"https:\/\/dorogimedence.hu\/index.php\/wp-json\/wp\/v2\/media\/75131"}],"wp:attachment":[{"href":"https:\/\/dorogimedence.hu\/index.php\/wp-json\/wp\/v2\/media?parent=75130"}],"wp:term":[{"taxonomy":"category","embeddable":true,"href":"https:\/\/dorogimedence.hu\/index.php\/wp-json\/wp\/v2\/categories?post=75130"},{"taxonomy":"post_tag","embeddable":true,"href":"https:\/\/dorogimedence.hu\/index.php\/wp-json\/wp\/v2\/tags?post=75130"}],"curies":[{"name":"wp","href":"https:\/\/api.w.org\/{rel}","templated":true}]}}