{"id":75126,"date":"2025-10-22T09:08:27","date_gmt":"2025-10-22T07:08:27","guid":{"rendered":"https:\/\/dorogimedence.hu\/?p=75126"},"modified":"2025-10-22T09:10:07","modified_gmt":"2025-10-22T07:10:07","slug":"bejarast-tartanak-az-epulo-esztergomi-arvizvedelmi-gatnal","status":"publish","type":"post","link":"https:\/\/dorogimedence.hu\/index.php\/2025\/10\/22\/bejarast-tartanak-az-epulo-esztergomi-arvizvedelmi-gatnal\/","title":{"rendered":"Bej\u00e1r\u00e1st tartanak az \u00e9p\u00fcl\u0151 esztergomi \u00e1rv\u00edzv\u00e9delmi g\u00e1tn\u00e1l"},"content":{"rendered":"<p data-start=\"157\" data-end=\"344\"><strong>Okt\u00f3ber 31-\u00e9n ism\u00e9t lehet\u0151s\u00e9g ny\u00edlik arra, hogy az esztergomiak szakemberek k\u00eds\u00e9ret\u00e9ben bej\u00e1rj\u00e1k az \u00e9p\u00fcl\u0151 \u00e1rv\u00edzv\u00e9delmi g\u00e1tat, \u00e9s szem\u00e9lyesen is megn\u00e9zz\u00e9k, hol tart jelenleg a kivitelez\u00e9s.<\/strong><\/p>\n<p data-start=\"346\" data-end=\"746\">A bej\u00e1r\u00e1s sor\u00e1n a r\u00e9sztvev\u0151k els\u0151 k\u00e9zb\u0151l \u00e9rtes\u00fclhetnek az \u00e9p\u00edtkez\u00e9s aktu\u00e1lis k\u00e9sz\u00fclts\u00e9gi fok\u00e1r\u00f3l, a k\u00f6vetkez\u0151 munkaf\u00e1zisokr\u00f3l, valamint arr\u00f3l is, hogyan fog kin\u00e9zni a teljesen elk\u00e9sz\u00fclt g\u00e1t \u00e9s k\u00f6rnyezete. A helysz\u00ednen jelen l\u00e9v\u0151 szakemberek a felmer\u00fcl\u0151 k\u00e9rd\u00e9sekre is v\u00e1laszolnak, \u00edgy a program egyed\u00fcl\u00e1ll\u00f3 alkalmat k\u00edn\u00e1l arra, hogy k\u00f6zelebbr\u0151l is megismerj\u00fck Esztergom egyik legfontosabb beruh\u00e1z\u00e1s\u00e1t.<\/p>\n<p data-start=\"748\" data-end=\"840\"><strong data-start=\"748\" data-end=\"761\">Helysz\u00edn:<\/strong> Pr\u00edm\u00e1s-sziget, Palkovics pad<br data-start=\"790\" data-end=\"793\"><strong data-start=\"793\" data-end=\"805\">Id\u0151pont:<\/strong> 2025. okt\u00f3ber 31. (p\u00e9ntek) 14:00<\/p>\n<p data-start=\"842\" data-end=\"1210\">Mivel a helysz\u00edn munkater\u00fclet, a bej\u00e1r\u00e1son legfeljebb 50 f\u0151 vehet r\u00e9szt, ez\u00e9rt a r\u00e9szv\u00e9tel el\u0151zetes regisztr\u00e1ci\u00f3hoz k\u00f6t\u00f6tt. Jelentkezni a <a href=\"mailto:varoshaza@esztergom.hu\" target=\"_blank\" rel=\"noopener\"><span style=\"text-decoration: underline; color: #0000ff;\">varoshaza@esztergom.hu<\/span><\/a> e-mail c\u00edmen lehet okt\u00f3ber 28-\u00e1n (kedd) 12:00 \u00f3r\u00e1ig, kiz\u00e1r\u00f3lag 18 \u00e9ven fel\u00fcli, <strong>esztergomi lakc\u00edmk\u00e1rty\u00e1val rendelkez\u0151 szem\u00e9lyeknek<\/strong>. A sikeres regisztr\u00e1ci\u00f3r\u00f3l e-mailes visszajelz\u00e9s \u00e9rkezik m\u00e9g aznap.<\/p>\n<p data-start=\"1212\" data-end=\"1485\">A r\u00e9sztvev\u0151ket arra k\u00e9rik, hogy k\u00e9nyelmes, z\u00e1rt ruh\u00e1zatban \u00e9s z\u00e1rt cip\u0151ben \u00e9rkezzenek. A munkav\u00e9delmi sisakot \u00e9s a l\u00e1that\u00f3s\u00e1gi mell\u00e9nyt a szervez\u0151k biztos\u00edtj\u00e1k, ezek visel\u00e9se a helysz\u00ednen k\u00f6telez\u0151. A bel\u00e9p\u00e9shez szem\u00e9lyi igazolv\u00e1ny \u00e9s lakc\u00edmk\u00e1rtya sz\u00fcks\u00e9ges.<\/p>\n<p data-start=\"1487\" data-end=\"1615\">Az esem\u00e9ny nem sajt\u00f3nyilv\u00e1nos, ugyanakkor felh\u00edvj\u00e1k a figyelmet arra, hogy a bej\u00e1r\u00e1s sor\u00e1n k\u00e9p- \u00e9s hangfelv\u00e9tel k\u00e9sz\u00fclhet.<\/p>\n<p data-start=\"1487\" data-end=\"1615\"><em>Bor\u00edt\u00f3k\u00e9p, forr\u00e1s: <a href=\"https:\/\/www.facebook.com\/photo\/?fbid=1400778972057838&amp;set=a.278950827573997\" target=\"_blank\" rel=\"noopener\"><span style=\"text-decoration: underline; color: #0000ff;\">Hern\u00e1di \u00c1d\u00e1m Facebook-oldala<\/span><\/a> \/ <a href=\"https:\/\/esztergom.hu\/hirek\/2282-ismet_bejaras_lesz_az_epulo_gaton\" target=\"_blank\" rel=\"noopener\"><span style=\"text-decoration: underline; color: #0000ff;\">esztergom.hu<\/span><\/a><\/em><\/p>\n","protected":false},"excerpt":{"rendered":"<p>Okt\u00f3ber 31-\u00e9n ism\u00e9t lehet\u0151s\u00e9g ny\u00edlik arra, hogy az esztergomiak szakemberek k\u00eds\u00e9ret\u00e9ben bej\u00e1rj\u00e1k az \u00e9p\u00fcl\u0151 \u00e1rv\u00edzv\u00e9delmi g\u00e1tat, \u00e9s szem\u00e9lyesen is megn\u00e9zz\u00e9k, hol tart jelenleg a kivitelez\u00e9s. A bej\u00e1r\u00e1s sor\u00e1n a r\u00e9sztvev\u0151k els\u0151 k\u00e9zb\u0151l \u00e9rtes\u00fclhetnek az \u00e9p\u00edtkez\u00e9s aktu\u00e1lis k\u00e9sz\u00fclts\u00e9gi fok\u00e1r\u00f3l, a k\u00f6vetkez\u0151 munkaf\u00e1zisokr\u00f3l, valamint arr\u00f3l is, hogyan fog kin\u00e9zni a teljesen elk\u00e9sz\u00fclt g\u00e1t \u00e9s k\u00f6rnyezete. A helysz\u00ednen<\/p>\n","protected":false},"author":1,"featured_media":75127,"comment_status":"closed","ping_status":"closed","sticky":false,"template":"","format":"standard","meta":{"ngg_post_thumbnail":0,"footnotes":""},"categories":[38,3],"tags":[2805,42],"class_list":{"0":"post-75126","1":"post","2":"type-post","3":"status-publish","4":"format-standard","5":"has-post-thumbnail","7":"category-esztergom","8":"category-hirek","9":"tag-arvizvedelmi-gat","10":"tag-esztergom"},"yoast_head":"<!-- This site is optimized with the Yoast SEO plugin v27.4 - https:\/\/yoast.com\/product\/yoast-seo-wordpress\/ -->\n<title>Bej\u00e1r\u00e1st tartanak az \u00e9p\u00fcl\u0151 esztergomi \u00e1rv\u00edzv\u00e9delmi g\u00e1tn\u00e1l<\/title>\n<meta name=\"robots\" content=\"index, follow, max-snippet:-1, max-image-preview:large, max-video-preview:-1\" \/>\n<link rel=\"canonical\" href=\"https:\/\/dorogimedence.hu\/index.php\/2025\/10\/22\/bejarast-tartanak-az-epulo-esztergomi-arvizvedelmi-gatnal\/\" class=\"yoast-seo-meta-tag\" \/>\n<meta property=\"og:locale\" content=\"hu_HU\" class=\"yoast-seo-meta-tag\" \/>\n<meta property=\"og:type\" content=\"article\" class=\"yoast-seo-meta-tag\" \/>\n<meta property=\"og:title\" content=\"Bej\u00e1r\u00e1st tartanak az \u00e9p\u00fcl\u0151 esztergomi \u00e1rv\u00edzv\u00e9delmi g\u00e1tn\u00e1l\" class=\"yoast-seo-meta-tag\" \/>\n<meta property=\"og:description\" content=\"Okt\u00f3ber 31-\u00e9n ism\u00e9t lehet\u0151s\u00e9g ny\u00edlik arra, hogy az esztergomiak szakemberek k\u00eds\u00e9ret\u00e9ben bej\u00e1rj\u00e1k az \u00e9p\u00fcl\u0151 \u00e1rv\u00edzv\u00e9delmi g\u00e1tat, \u00e9s szem\u00e9lyesen is megn\u00e9zz\u00e9k, hol tart jelenleg a kivitelez\u00e9s. A bej\u00e1r\u00e1s sor\u00e1n a r\u00e9sztvev\u0151k els\u0151 k\u00e9zb\u0151l \u00e9rtes\u00fclhetnek az \u00e9p\u00edtkez\u00e9s aktu\u00e1lis k\u00e9sz\u00fclts\u00e9gi fok\u00e1r\u00f3l, a k\u00f6vetkez\u0151 munkaf\u00e1zisokr\u00f3l, valamint arr\u00f3l is, hogyan fog kin\u00e9zni a teljesen elk\u00e9sz\u00fclt g\u00e1t \u00e9s k\u00f6rnyezete. A helysz\u00ednen\" class=\"yoast-seo-meta-tag\" \/>\n<meta property=\"og:url\" content=\"https:\/\/dorogimedence.hu\/index.php\/2025\/10\/22\/bejarast-tartanak-az-epulo-esztergomi-arvizvedelmi-gatnal\/\" class=\"yoast-seo-meta-tag\" \/>\n<meta property=\"og:site_name\" content=\"Dorogi-medence Region\u00e1lis H\u00edrport\u00e1l\" class=\"yoast-seo-meta-tag\" \/>\n<meta property=\"article:publisher\" content=\"https:\/\/www.facebook.com\/dorogimedence\/\" class=\"yoast-seo-meta-tag\" \/>\n<meta property=\"article:published_time\" content=\"2025-10-22T07:08:27+00:00\" class=\"yoast-seo-meta-tag\" \/>\n<meta property=\"article:modified_time\" content=\"2025-10-22T07:10:07+00:00\" class=\"yoast-seo-meta-tag\" \/>\n<meta property=\"og:image\" content=\"https:\/\/dorogimedence.hu\/wp-content\/uploads\/2025\/10\/568352580_1400778975391171_6353294733250437977_n.jpg\" class=\"yoast-seo-meta-tag\" \/>\n\t<meta property=\"og:image:width\" content=\"1439\" class=\"yoast-seo-meta-tag\" \/>\n\t<meta property=\"og:image:height\" content=\"753\" class=\"yoast-seo-meta-tag\" \/>\n\t<meta property=\"og:image:type\" content=\"image\/jpeg\" class=\"yoast-seo-meta-tag\" \/>\n<meta name=\"author\" content=\"dorogimedence.hu\" class=\"yoast-seo-meta-tag\" \/>\n<meta name=\"twitter:card\" content=\"summary_large_image\" class=\"yoast-seo-meta-tag\" \/>\n<meta name=\"twitter:label1\" content=\"Szerz\u0151:\" class=\"yoast-seo-meta-tag\" \/>\n\t<meta name=\"twitter:data1\" content=\"dorogimedence.hu\" class=\"yoast-seo-meta-tag\" \/>\n\t<meta name=\"twitter:label2\" content=\"Becs\u00fclt olvas\u00e1si id\u0151\" class=\"yoast-seo-meta-tag\" \/>\n\t<meta name=\"twitter:data2\" content=\"2 perc\" class=\"yoast-seo-meta-tag\" \/>\n<script type=\"application\/ld+json\" class=\"yoast-schema-graph\">{\"@context\":\"https:\\\/\\\/schema.org\",\"@graph\":[{\"@type\":\"Article\",\"@id\":\"https:\\\/\\\/dorogimedence.hu\\\/index.php\\\/2025\\\/10\\\/22\\\/bejarast-tartanak-az-epulo-esztergomi-arvizvedelmi-gatnal\\\/#article\",\"isPartOf\":{\"@id\":\"https:\\\/\\\/dorogimedence.hu\\\/index.php\\\/2025\\\/10\\\/22\\\/bejarast-tartanak-az-epulo-esztergomi-arvizvedelmi-gatnal\\\/\"},\"author\":{\"name\":\"dorogimedence.hu\",\"@id\":\"https:\\\/\\\/dorogimedence.hu\\\/#\\\/schema\\\/person\\\/ce6091eeb7e95ecdc87890d6aa8e0fd4\"},\"headline\":\"Bej\u00e1r\u00e1st tartanak az \u00e9p\u00fcl\u0151 esztergomi \u00e1rv\u00edzv\u00e9delmi g\u00e1tn\u00e1l\",\"datePublished\":\"2025-10-22T07:08:27+00:00\",\"dateModified\":\"2025-10-22T07:10:07+00:00\",\"mainEntityOfPage\":{\"@id\":\"https:\\\/\\\/dorogimedence.hu\\\/index.php\\\/2025\\\/10\\\/22\\\/bejarast-tartanak-az-epulo-esztergomi-arvizvedelmi-gatnal\\\/\"},\"wordCount\":340,\"publisher\":{\"@id\":\"https:\\\/\\\/dorogimedence.hu\\\/#organization\"},\"image\":{\"@id\":\"https:\\\/\\\/dorogimedence.hu\\\/index.php\\\/2025\\\/10\\\/22\\\/bejarast-tartanak-az-epulo-esztergomi-arvizvedelmi-gatnal\\\/#primaryimage\"},\"thumbnailUrl\":\"https:\\\/\\\/dorogimedence.hu\\\/wp-content\\\/uploads\\\/2025\\\/10\\\/568352580_1400778975391171_6353294733250437977_n.jpg\",\"keywords\":[\"\u00e1rv\u00edzv\u00e9delmi g\u00e1t\",\"esztergom\"],\"articleSection\":[\"Esztergom\",\"H\u00edrek\"],\"inLanguage\":\"hu\"},{\"@type\":\"WebPage\",\"@id\":\"https:\\\/\\\/dorogimedence.hu\\\/index.php\\\/2025\\\/10\\\/22\\\/bejarast-tartanak-az-epulo-esztergomi-arvizvedelmi-gatnal\\\/\",\"url\":\"https:\\\/\\\/dorogimedence.hu\\\/index.php\\\/2025\\\/10\\\/22\\\/bejarast-tartanak-az-epulo-esztergomi-arvizvedelmi-gatnal\\\/\",\"name\":\"Bej\u00e1r\u00e1st tartanak az \u00e9p\u00fcl\u0151 esztergomi \u00e1rv\u00edzv\u00e9delmi g\u00e1tn\u00e1l\",\"isPartOf\":{\"@id\":\"https:\\\/\\\/dorogimedence.hu\\\/#website\"},\"primaryImageOfPage\":{\"@id\":\"https:\\\/\\\/dorogimedence.hu\\\/index.php\\\/2025\\\/10\\\/22\\\/bejarast-tartanak-az-epulo-esztergomi-arvizvedelmi-gatnal\\\/#primaryimage\"},\"image\":{\"@id\":\"https:\\\/\\\/dorogimedence.hu\\\/index.php\\\/2025\\\/10\\\/22\\\/bejarast-tartanak-az-epulo-esztergomi-arvizvedelmi-gatnal\\\/#primaryimage\"},\"thumbnailUrl\":\"https:\\\/\\\/dorogimedence.hu\\\/wp-content\\\/uploads\\\/2025\\\/10\\\/568352580_1400778975391171_6353294733250437977_n.jpg\",\"datePublished\":\"2025-10-22T07:08:27+00:00\",\"dateModified\":\"2025-10-22T07:10:07+00:00\",\"breadcrumb\":{\"@id\":\"https:\\\/\\\/dorogimedence.hu\\\/index.php\\\/2025\\\/10\\\/22\\\/bejarast-tartanak-az-epulo-esztergomi-arvizvedelmi-gatnal\\\/#breadcrumb\"},\"inLanguage\":\"hu\",\"potentialAction\":[{\"@type\":\"ReadAction\",\"target\":[\"https:\\\/\\\/dorogimedence.hu\\\/index.php\\\/2025\\\/10\\\/22\\\/bejarast-tartanak-az-epulo-esztergomi-arvizvedelmi-gatnal\\\/\"]}]},{\"@type\":\"ImageObject\",\"inLanguage\":\"hu\",\"@id\":\"https:\\\/\\\/dorogimedence.hu\\\/index.php\\\/2025\\\/10\\\/22\\\/bejarast-tartanak-az-epulo-esztergomi-arvizvedelmi-gatnal\\\/#primaryimage\",\"url\":\"https:\\\/\\\/dorogimedence.hu\\\/wp-content\\\/uploads\\\/2025\\\/10\\\/568352580_1400778975391171_6353294733250437977_n.jpg\",\"contentUrl\":\"https:\\\/\\\/dorogimedence.hu\\\/wp-content\\\/uploads\\\/2025\\\/10\\\/568352580_1400778975391171_6353294733250437977_n.jpg\",\"width\":1439,\"height\":753},{\"@type\":\"BreadcrumbList\",\"@id\":\"https:\\\/\\\/dorogimedence.hu\\\/index.php\\\/2025\\\/10\\\/22\\\/bejarast-tartanak-az-epulo-esztergomi-arvizvedelmi-gatnal\\\/#breadcrumb\",\"itemListElement\":[{\"@type\":\"ListItem\",\"position\":1,\"name\":\"Kezd\u0151lap\",\"item\":\"https:\\\/\\\/dorogimedence.hu\\\/\"},{\"@type\":\"ListItem\",\"position\":2,\"name\":\"Bej\u00e1r\u00e1st tartanak az \u00e9p\u00fcl\u0151 esztergomi \u00e1rv\u00edzv\u00e9delmi g\u00e1tn\u00e1l\"}]},{\"@type\":\"WebSite\",\"@id\":\"https:\\\/\\\/dorogimedence.hu\\\/#website\",\"url\":\"https:\\\/\\\/dorogimedence.hu\\\/\",\"name\":\"Dorogi-medence Region\u00e1lis H\u00edrport\u00e1l\",\"description\":\"Dorog, Keszt\u00f6lc, Le\u00e1nyv\u00e1r, Piliscs\u00e9v, Tokod, Tokodalt\u00e1r\u00f3, Csolnok, Esztergom-kertv\u00e1ros: h\u00edrek, programok\",\"publisher\":{\"@id\":\"https:\\\/\\\/dorogimedence.hu\\\/#organization\"},\"potentialAction\":[{\"@type\":\"SearchAction\",\"target\":{\"@type\":\"EntryPoint\",\"urlTemplate\":\"https:\\\/\\\/dorogimedence.hu\\\/?s={search_term_string}\"},\"query-input\":{\"@type\":\"PropertyValueSpecification\",\"valueRequired\":true,\"valueName\":\"search_term_string\"}}],\"inLanguage\":\"hu\"},{\"@type\":\"Organization\",\"@id\":\"https:\\\/\\\/dorogimedence.hu\\\/#organization\",\"name\":\"Dorogi-medence Region\u00e1lis H\u00edrport\u00e1l\",\"url\":\"https:\\\/\\\/dorogimedence.hu\\\/\",\"logo\":{\"@type\":\"ImageObject\",\"inLanguage\":\"hu\",\"@id\":\"https:\\\/\\\/dorogimedence.hu\\\/#\\\/schema\\\/logo\\\/image\\\/\",\"url\":\"https:\\\/\\\/dorogimedence.hu\\\/wp-content\\\/uploads\\\/2021\\\/04\\\/logo-feher-600.png\",\"contentUrl\":\"https:\\\/\\\/dorogimedence.hu\\\/wp-content\\\/uploads\\\/2021\\\/04\\\/logo-feher-600.png\",\"width\":600,\"height\":100,\"caption\":\"Dorogi-medence Region\u00e1lis H\u00edrport\u00e1l\"},\"image\":{\"@id\":\"https:\\\/\\\/dorogimedence.hu\\\/#\\\/schema\\\/logo\\\/image\\\/\"},\"sameAs\":[\"https:\\\/\\\/www.facebook.com\\\/dorogimedence\\\/\"]},{\"@type\":\"Person\",\"@id\":\"https:\\\/\\\/dorogimedence.hu\\\/#\\\/schema\\\/person\\\/ce6091eeb7e95ecdc87890d6aa8e0fd4\",\"name\":\"dorogimedence.hu\",\"image\":{\"@type\":\"ImageObject\",\"inLanguage\":\"hu\",\"@id\":\"\\\/\\\/www.gravatar.com\\\/avatar\\\/d8d45f8901aadff40a4af72c0b826f1d?s=96&#038;r=g&#038;d=mm\",\"url\":\"\\\/\\\/www.gravatar.com\\\/avatar\\\/d8d45f8901aadff40a4af72c0b826f1d?s=96&#038;r=g&#038;d=mm\",\"contentUrl\":\"\\\/\\\/www.gravatar.com\\\/avatar\\\/d8d45f8901aadff40a4af72c0b826f1d?s=96&#038;r=g&#038;d=mm\",\"caption\":\"dorogimedence.hu\"}}]}<\/script>\n<!-- \/ Yoast SEO plugin. -->","yoast_head_json":{"title":"Bej\u00e1r\u00e1st tartanak az \u00e9p\u00fcl\u0151 esztergomi \u00e1rv\u00edzv\u00e9delmi g\u00e1tn\u00e1l","robots":{"index":"index","follow":"follow","max-snippet":"max-snippet:-1","max-image-preview":"max-image-preview:large","max-video-preview":"max-video-preview:-1"},"canonical":"https:\/\/dorogimedence.hu\/index.php\/2025\/10\/22\/bejarast-tartanak-az-epulo-esztergomi-arvizvedelmi-gatnal\/","og_locale":"hu_HU","og_type":"article","og_title":"Bej\u00e1r\u00e1st tartanak az \u00e9p\u00fcl\u0151 esztergomi \u00e1rv\u00edzv\u00e9delmi g\u00e1tn\u00e1l","og_description":"Okt\u00f3ber 31-\u00e9n ism\u00e9t lehet\u0151s\u00e9g ny\u00edlik arra, hogy az esztergomiak szakemberek k\u00eds\u00e9ret\u00e9ben bej\u00e1rj\u00e1k az \u00e9p\u00fcl\u0151 \u00e1rv\u00edzv\u00e9delmi g\u00e1tat, \u00e9s szem\u00e9lyesen is megn\u00e9zz\u00e9k, hol tart jelenleg a kivitelez\u00e9s. A bej\u00e1r\u00e1s sor\u00e1n a r\u00e9sztvev\u0151k els\u0151 k\u00e9zb\u0151l \u00e9rtes\u00fclhetnek az \u00e9p\u00edtkez\u00e9s aktu\u00e1lis k\u00e9sz\u00fclts\u00e9gi fok\u00e1r\u00f3l, a k\u00f6vetkez\u0151 munkaf\u00e1zisokr\u00f3l, valamint arr\u00f3l is, hogyan fog kin\u00e9zni a teljesen elk\u00e9sz\u00fclt g\u00e1t \u00e9s k\u00f6rnyezete. A helysz\u00ednen","og_url":"https:\/\/dorogimedence.hu\/index.php\/2025\/10\/22\/bejarast-tartanak-az-epulo-esztergomi-arvizvedelmi-gatnal\/","og_site_name":"Dorogi-medence Region\u00e1lis H\u00edrport\u00e1l","article_publisher":"https:\/\/www.facebook.com\/dorogimedence\/","article_published_time":"2025-10-22T07:08:27+00:00","article_modified_time":"2025-10-22T07:10:07+00:00","og_image":[{"width":1439,"height":753,"url":"https:\/\/dorogimedence.hu\/wp-content\/uploads\/2025\/10\/568352580_1400778975391171_6353294733250437977_n.jpg","type":"image\/jpeg"}],"author":"dorogimedence.hu","twitter_card":"summary_large_image","twitter_misc":{"Szerz\u0151:":"dorogimedence.hu","Becs\u00fclt olvas\u00e1si id\u0151":"2 perc"},"schema":{"@context":"https:\/\/schema.org","@graph":[{"@type":"Article","@id":"https:\/\/dorogimedence.hu\/index.php\/2025\/10\/22\/bejarast-tartanak-az-epulo-esztergomi-arvizvedelmi-gatnal\/#article","isPartOf":{"@id":"https:\/\/dorogimedence.hu\/index.php\/2025\/10\/22\/bejarast-tartanak-az-epulo-esztergomi-arvizvedelmi-gatnal\/"},"author":{"name":"dorogimedence.hu","@id":"https:\/\/dorogimedence.hu\/#\/schema\/person\/ce6091eeb7e95ecdc87890d6aa8e0fd4"},"headline":"Bej\u00e1r\u00e1st tartanak az \u00e9p\u00fcl\u0151 esztergomi \u00e1rv\u00edzv\u00e9delmi g\u00e1tn\u00e1l","datePublished":"2025-10-22T07:08:27+00:00","dateModified":"2025-10-22T07:10:07+00:00","mainEntityOfPage":{"@id":"https:\/\/dorogimedence.hu\/index.php\/2025\/10\/22\/bejarast-tartanak-az-epulo-esztergomi-arvizvedelmi-gatnal\/"},"wordCount":340,"publisher":{"@id":"https:\/\/dorogimedence.hu\/#organization"},"image":{"@id":"https:\/\/dorogimedence.hu\/index.php\/2025\/10\/22\/bejarast-tartanak-az-epulo-esztergomi-arvizvedelmi-gatnal\/#primaryimage"},"thumbnailUrl":"https:\/\/dorogimedence.hu\/wp-content\/uploads\/2025\/10\/568352580_1400778975391171_6353294733250437977_n.jpg","keywords":["\u00e1rv\u00edzv\u00e9delmi g\u00e1t","esztergom"],"articleSection":["Esztergom","H\u00edrek"],"inLanguage":"hu"},{"@type":"WebPage","@id":"https:\/\/dorogimedence.hu\/index.php\/2025\/10\/22\/bejarast-tartanak-az-epulo-esztergomi-arvizvedelmi-gatnal\/","url":"https:\/\/dorogimedence.hu\/index.php\/2025\/10\/22\/bejarast-tartanak-az-epulo-esztergomi-arvizvedelmi-gatnal\/","name":"Bej\u00e1r\u00e1st tartanak az \u00e9p\u00fcl\u0151 esztergomi \u00e1rv\u00edzv\u00e9delmi g\u00e1tn\u00e1l","isPartOf":{"@id":"https:\/\/dorogimedence.hu\/#website"},"primaryImageOfPage":{"@id":"https:\/\/dorogimedence.hu\/index.php\/2025\/10\/22\/bejarast-tartanak-az-epulo-esztergomi-arvizvedelmi-gatnal\/#primaryimage"},"image":{"@id":"https:\/\/dorogimedence.hu\/index.php\/2025\/10\/22\/bejarast-tartanak-az-epulo-esztergomi-arvizvedelmi-gatnal\/#primaryimage"},"thumbnailUrl":"https:\/\/dorogimedence.hu\/wp-content\/uploads\/2025\/10\/568352580_1400778975391171_6353294733250437977_n.jpg","datePublished":"2025-10-22T07:08:27+00:00","dateModified":"2025-10-22T07:10:07+00:00","breadcrumb":{"@id":"https:\/\/dorogimedence.hu\/index.php\/2025\/10\/22\/bejarast-tartanak-az-epulo-esztergomi-arvizvedelmi-gatnal\/#breadcrumb"},"inLanguage":"hu","potentialAction":[{"@type":"ReadAction","target":["https:\/\/dorogimedence.hu\/index.php\/2025\/10\/22\/bejarast-tartanak-az-epulo-esztergomi-arvizvedelmi-gatnal\/"]}]},{"@type":"ImageObject","inLanguage":"hu","@id":"https:\/\/dorogimedence.hu\/index.php\/2025\/10\/22\/bejarast-tartanak-az-epulo-esztergomi-arvizvedelmi-gatnal\/#primaryimage","url":"https:\/\/dorogimedence.hu\/wp-content\/uploads\/2025\/10\/568352580_1400778975391171_6353294733250437977_n.jpg","contentUrl":"https:\/\/dorogimedence.hu\/wp-content\/uploads\/2025\/10\/568352580_1400778975391171_6353294733250437977_n.jpg","width":1439,"height":753},{"@type":"BreadcrumbList","@id":"https:\/\/dorogimedence.hu\/index.php\/2025\/10\/22\/bejarast-tartanak-az-epulo-esztergomi-arvizvedelmi-gatnal\/#breadcrumb","itemListElement":[{"@type":"ListItem","position":1,"name":"Kezd\u0151lap","item":"https:\/\/dorogimedence.hu\/"},{"@type":"ListItem","position":2,"name":"Bej\u00e1r\u00e1st tartanak az \u00e9p\u00fcl\u0151 esztergomi \u00e1rv\u00edzv\u00e9delmi g\u00e1tn\u00e1l"}]},{"@type":"WebSite","@id":"https:\/\/dorogimedence.hu\/#website","url":"https:\/\/dorogimedence.hu\/","name":"Dorogi-medence Region\u00e1lis H\u00edrport\u00e1l","description":"Dorog, Keszt\u00f6lc, Le\u00e1nyv\u00e1r, Piliscs\u00e9v, Tokod, Tokodalt\u00e1r\u00f3, Csolnok, Esztergom-kertv\u00e1ros: h\u00edrek, programok","publisher":{"@id":"https:\/\/dorogimedence.hu\/#organization"},"potentialAction":[{"@type":"SearchAction","target":{"@type":"EntryPoint","urlTemplate":"https:\/\/dorogimedence.hu\/?s={search_term_string}"},"query-input":{"@type":"PropertyValueSpecification","valueRequired":true,"valueName":"search_term_string"}}],"inLanguage":"hu"},{"@type":"Organization","@id":"https:\/\/dorogimedence.hu\/#organization","name":"Dorogi-medence Region\u00e1lis H\u00edrport\u00e1l","url":"https:\/\/dorogimedence.hu\/","logo":{"@type":"ImageObject","inLanguage":"hu","@id":"https:\/\/dorogimedence.hu\/#\/schema\/logo\/image\/","url":"https:\/\/dorogimedence.hu\/wp-content\/uploads\/2021\/04\/logo-feher-600.png","contentUrl":"https:\/\/dorogimedence.hu\/wp-content\/uploads\/2021\/04\/logo-feher-600.png","width":600,"height":100,"caption":"Dorogi-medence Region\u00e1lis H\u00edrport\u00e1l"},"image":{"@id":"https:\/\/dorogimedence.hu\/#\/schema\/logo\/image\/"},"sameAs":["https:\/\/www.facebook.com\/dorogimedence\/"]},{"@type":"Person","@id":"https:\/\/dorogimedence.hu\/#\/schema\/person\/ce6091eeb7e95ecdc87890d6aa8e0fd4","name":"dorogimedence.hu","image":{"@type":"ImageObject","inLanguage":"hu","@id":"\/\/www.gravatar.com\/avatar\/d8d45f8901aadff40a4af72c0b826f1d?s=96&#038;r=g&#038;d=mm","url":"\/\/www.gravatar.com\/avatar\/d8d45f8901aadff40a4af72c0b826f1d?s=96&#038;r=g&#038;d=mm","contentUrl":"\/\/www.gravatar.com\/avatar\/d8d45f8901aadff40a4af72c0b826f1d?s=96&#038;r=g&#038;d=mm","caption":"dorogimedence.hu"}}]}},"_links":{"self":[{"href":"https:\/\/dorogimedence.hu\/index.php\/wp-json\/wp\/v2\/posts\/75126","targetHints":{"allow":["GET"]}}],"collection":[{"href":"https:\/\/dorogimedence.hu\/index.php\/wp-json\/wp\/v2\/posts"}],"about":[{"href":"https:\/\/dorogimedence.hu\/index.php\/wp-json\/wp\/v2\/types\/post"}],"author":[{"embeddable":true,"href":"https:\/\/dorogimedence.hu\/index.php\/wp-json\/wp\/v2\/users\/1"}],"replies":[{"embeddable":true,"href":"https:\/\/dorogimedence.hu\/index.php\/wp-json\/wp\/v2\/comments?post=75126"}],"version-history":[{"count":0,"href":"https:\/\/dorogimedence.hu\/index.php\/wp-json\/wp\/v2\/posts\/75126\/revisions"}],"wp:featuredmedia":[{"embeddable":true,"href":"https:\/\/dorogimedence.hu\/index.php\/wp-json\/wp\/v2\/media\/75127"}],"wp:attachment":[{"href":"https:\/\/dorogimedence.hu\/index.php\/wp-json\/wp\/v2\/media?parent=75126"}],"wp:term":[{"taxonomy":"category","embeddable":true,"href":"https:\/\/dorogimedence.hu\/index.php\/wp-json\/wp\/v2\/categories?post=75126"},{"taxonomy":"post_tag","embeddable":true,"href":"https:\/\/dorogimedence.hu\/index.php\/wp-json\/wp\/v2\/tags?post=75126"}],"curies":[{"name":"wp","href":"https:\/\/api.w.org\/{rel}","templated":true}]}}