{"id":75087,"date":"2025-10-20T14:39:16","date_gmt":"2025-10-20T12:39:16","guid":{"rendered":"https:\/\/dorogimedence.hu\/?p=75087"},"modified":"2025-10-20T14:39:16","modified_gmt":"2025-10-20T12:39:16","slug":"tobb-szazan-kerestek-fel-az-esztergomi-kepzesi-es-allasborzet","status":"publish","type":"post","link":"https:\/\/dorogimedence.hu\/index.php\/2025\/10\/20\/tobb-szazan-kerestek-fel-az-esztergomi-kepzesi-es-allasborzet\/","title":{"rendered":"T\u00f6bb sz\u00e1zan kerest\u00e9k fel az esztergomi k\u00e9pz\u00e9si \u00e9s \u00e1ll\u00e1sb\u00f6rz\u00e9t"},"content":{"rendered":"<p><strong>Okt\u00f3ber 17-\u00e9n, p\u00e9nteken nagy \u00e9rdekl\u0151d\u00e9s mellett rendezt\u00e9k meg a k\u00e9pz\u00e9si \u00e9s \u00e1ll\u00e1sb\u00f6rz\u00e9t az esztergomi Szent Adalbert Rendezv\u00e9nyk\u00f6zpontban. Az esem\u00e9nyt a Kom\u00e1rom-Esztergom V\u00e1rmegyei Korm\u00e1nyhivatal szervezte a GINOP_Plusz-3.1.1-23 \u201eA munkaer\u0151-k\u00edn\u00e1lat b\u0151v\u00edt\u00e9se \u00e9s fejleszt\u00e9se\u201d c\u00edm\u0171 program keret\u00e9ben, amelynek c\u00e9lja, hogy seg\u00edtse a munkav\u00e1llal\u00f3k \u00e9s a munk\u00e1ltat\u00f3k egym\u00e1sra tal\u00e1l\u00e1s\u00e1t, valamint t\u00e1mogassa az \u00e1ll\u00e1skeres\u0151ket a munka vil\u00e1g\u00e1ba val\u00f3 visszat\u00e9r\u00e9sben.<\/strong><\/p>\n<p><img fetchpriority=\"high\" decoding=\"async\" class=\"alignnone size-full wp-image-75089\" src=\"https:\/\/dorogimedence.hu\/wp-content\/uploads\/2025\/10\/568419237_1242200434610440_6417317011261782952_n.jpg\" alt=\"\" width=\"1264\" height=\"641\" srcset=\"https:\/\/dorogimedence.hu\/wp-content\/uploads\/2025\/10\/568419237_1242200434610440_6417317011261782952_n.jpg 1264w, https:\/\/dorogimedence.hu\/wp-content\/uploads\/2025\/10\/568419237_1242200434610440_6417317011261782952_n-600x304.jpg 600w, https:\/\/dorogimedence.hu\/wp-content\/uploads\/2025\/10\/568419237_1242200434610440_6417317011261782952_n-768x389.jpg 768w, https:\/\/dorogimedence.hu\/wp-content\/uploads\/2025\/10\/568419237_1242200434610440_6417317011261782952_n-150x76.jpg 150w, https:\/\/dorogimedence.hu\/wp-content\/uploads\/2025\/10\/568419237_1242200434610440_6417317011261782952_n-450x228.jpg 450w, https:\/\/dorogimedence.hu\/wp-content\/uploads\/2025\/10\/568419237_1242200434610440_6417317011261782952_n-1200x609.jpg 1200w\" sizes=\"(max-width: 1264px) 100vw, 1264px\" \/><\/p>\n<p>A rendezv\u00e9nyre t\u00f6bb sz\u00e1zan l\u00e1togattak el, ahol 40 ki\u00e1ll\u00edt\u00f3 mutatta be k\u00edn\u00e1lat\u00e1t. A versenyszf\u00e9r\u00e1t k\u00e9pvisel\u0151 v\u00e1llalatok mellett jelen voltak a honv\u00e9ds\u00e9g, a rend\u0151rs\u00e9g \u00e9s a katasztr\u00f3fav\u00e9delem szakemberei is, akik betekint\u00e9st adtak hivat\u00e1suk mindennapjaiba, valamint t\u00e1j\u00e9koztatt\u00e1k az \u00e9rdekl\u0151d\u0151ket a jelentkez\u00e9s felt\u00e9teleir\u0151l. A b\u00f6rz\u00e9n orsz\u00e1gosan m\u0171k\u00f6d\u0151, s\u0151t hat\u00e1ron \u00e1tny\u00fal\u00f3 c\u00e9gek is k\u00e9pviseltett\u00e9k magukat, t\u00f6bb sz\u00e1z bet\u00f6lt\u00e9sre v\u00e1r\u00f3 poz\u00edci\u00f3t k\u00edn\u00e1lva a v\u00e1rmegye munkav\u00e1llal\u00f3inak.<\/p>\n<p>A rendezv\u00e9nyt dr. Kancz Csaba f\u0151isp\u00e1n \u00e9s Steindl Bal\u00e1zs, Esztergom alpolg\u00e1rmestere nyitotta meg. A programon r\u00e9szt vett tov\u00e1bb\u00e1 Romanek Etelka \u00e9s Bors\u00f3 Tibor, a v\u00e1rmegyei \u00f6nkorm\u00e1nyzat aleln\u00f6kei is. A k\u00f6sz\u00f6nt\u0151kben hangs\u00falyozt\u00e1k, hogy a munkaer\u0151piac folyamatosan v\u00e1ltozik, ez\u00e9rt a keresleti \u00e9s k\u00edn\u00e1lati oldal \u00f6sszehangol\u00e1sa kiemelt feladat, amelyhez elengedhetetlen a korm\u00e1nyhivatal k\u00f6zvet\u00edt\u0151 szerepe.<\/p>\n<p><img decoding=\"async\" class=\"alignnone size-full wp-image-75091\" src=\"https:\/\/dorogimedence.hu\/wp-content\/uploads\/2025\/10\/565892241_1242200661277084_2229228958954873312_n.jpg\" alt=\"\" width=\"1280\" height=\"947\" srcset=\"https:\/\/dorogimedence.hu\/wp-content\/uploads\/2025\/10\/565892241_1242200661277084_2229228958954873312_n.jpg 1280w, https:\/\/dorogimedence.hu\/wp-content\/uploads\/2025\/10\/565892241_1242200661277084_2229228958954873312_n-600x444.jpg 600w, https:\/\/dorogimedence.hu\/wp-content\/uploads\/2025\/10\/565892241_1242200661277084_2229228958954873312_n-768x568.jpg 768w, https:\/\/dorogimedence.hu\/wp-content\/uploads\/2025\/10\/565892241_1242200661277084_2229228958954873312_n-150x111.jpg 150w, https:\/\/dorogimedence.hu\/wp-content\/uploads\/2025\/10\/565892241_1242200661277084_2229228958954873312_n-450x333.jpg 450w, https:\/\/dorogimedence.hu\/wp-content\/uploads\/2025\/10\/565892241_1242200661277084_2229228958954873312_n-1200x888.jpg 1200w\" sizes=\"(max-width: 1280px) 100vw, 1280px\" \/><\/p>\n<p>Az esem\u00e9ny nemcsak az \u00e1ll\u00e1skeres\u0151knek, hanem a p\u00e1lyav\u00e1laszt\u00e1s el\u0151tt \u00e1ll\u00f3 fiataloknak is hasznos volt. A jelenl\u00e9v\u0151 k\u00e9pz\u0151 int\u00e9zm\u00e9nyek sz\u00e1mos oktat\u00e1si lehet\u0151s\u00e9get mutattak be \u2013 az alapk\u00e9pz\u00e9sekt\u0151l a m\u0171v\u00e9szeti ir\u00e1nyokig \u2013, valamint t\u00e1j\u00e9koztat\u00e1st adtak a Pill\u00e9r projekt keret\u00e9ben el\u00e9rhet\u0151 t\u00e1mogat\u00e1sokr\u00f3l. A program r\u00e9szek\u00e9nt a jelentkez\u0151k \u00faj szakm\u00e1t is elsaj\u00e1t\u00edthatnak, nappali vagy feln\u0151ttk\u00e9pz\u00e9s form\u00e1j\u00e1ban, mik\u00f6zben \u00e1ll\u00e1skeres\u00e9st \u00f6szt\u00f6nz\u0151 t\u00e1mogat\u00e1sban r\u00e9szes\u00fclhetnek.<\/p>\n<p>A 1,617 milli\u00e1rd forintos vissza nem t\u00e9r\u00edtend\u0151 forr\u00e1sb\u00f3l megval\u00f3sul\u00f3 projekt 2027. augusztus 31-ig biztos\u00edt lehet\u0151s\u00e9get a v\u00e1rmegye lak\u00f3inak munkaer\u0151piaci es\u00e9lyeinek n\u00f6vel\u00e9s\u00e9re. A program a Magyar \u00c1llam t\u00e1mogat\u00e1s\u00e1val, az Eur\u00f3pai Uni\u00f3 t\u00e1rsfinansz\u00edroz\u00e1s\u00e1val val\u00f3sul meg.<\/p>\n<p><img decoding=\"async\" class=\"alignnone size-full wp-image-75090\" src=\"https:\/\/dorogimedence.hu\/wp-content\/uploads\/2025\/10\/565668838_1242200481277102_3628609416070789858_n.jpg\" alt=\"\" width=\"2015\" height=\"1096\" srcset=\"https:\/\/dorogimedence.hu\/wp-content\/uploads\/2025\/10\/565668838_1242200481277102_3628609416070789858_n.jpg 2015w, https:\/\/dorogimedence.hu\/wp-content\/uploads\/2025\/10\/565668838_1242200481277102_3628609416070789858_n-600x326.jpg 600w, https:\/\/dorogimedence.hu\/wp-content\/uploads\/2025\/10\/565668838_1242200481277102_3628609416070789858_n-1920x1044.jpg 1920w, https:\/\/dorogimedence.hu\/wp-content\/uploads\/2025\/10\/565668838_1242200481277102_3628609416070789858_n-768x418.jpg 768w, https:\/\/dorogimedence.hu\/wp-content\/uploads\/2025\/10\/565668838_1242200481277102_3628609416070789858_n-1536x835.jpg 1536w, https:\/\/dorogimedence.hu\/wp-content\/uploads\/2025\/10\/565668838_1242200481277102_3628609416070789858_n-150x82.jpg 150w, https:\/\/dorogimedence.hu\/wp-content\/uploads\/2025\/10\/565668838_1242200481277102_3628609416070789858_n-450x245.jpg 450w, https:\/\/dorogimedence.hu\/wp-content\/uploads\/2025\/10\/565668838_1242200481277102_3628609416070789858_n-1200x653.jpg 1200w\" sizes=\"(max-width: 2015px) 100vw, 2015px\" \/><\/p>\n<p><em>Fot\u00f3k: Kom\u00e1rom-Esztergom V\u00e1rmegye \u00d6nkorm\u00e1nyzata<br \/>\nFelhaszn\u00e1lt forr\u00e1sok: Kom\u00e1rom-Esztergom V\u00e1rmegyei Korm\u00e1nyhivatal honlapja \/ Kom\u00e1rom-Esztergom V\u00e1rmegye \u00d6nkorm\u00e1nyzat Facebook-oldala<\/em><\/p>\n","protected":false},"excerpt":{"rendered":"<p>Okt\u00f3ber 17-\u00e9n, p\u00e9nteken nagy \u00e9rdekl\u0151d\u00e9s mellett rendezt\u00e9k meg a k\u00e9pz\u00e9si \u00e9s \u00e1ll\u00e1sb\u00f6rz\u00e9t az esztergomi Szent Adalbert Rendezv\u00e9nyk\u00f6zpontban. Az esem\u00e9nyt a Kom\u00e1rom-Esztergom V\u00e1rmegyei Korm\u00e1nyhivatal szervezte a GINOP_Plusz-3.1.1-23 \u201eA munkaer\u0151-k\u00edn\u00e1lat b\u0151v\u00edt\u00e9se \u00e9s fejleszt\u00e9se\u201d c\u00edm\u0171 program keret\u00e9ben, amelynek c\u00e9lja, hogy seg\u00edtse a munkav\u00e1llal\u00f3k \u00e9s a munk\u00e1ltat\u00f3k egym\u00e1sra tal\u00e1l\u00e1s\u00e1t, valamint t\u00e1mogassa az \u00e1ll\u00e1skeres\u0151ket a munka vil\u00e1g\u00e1ba val\u00f3 visszat\u00e9r\u00e9sben. A<\/p>\n","protected":false},"author":1,"featured_media":75088,"comment_status":"closed","ping_status":"closed","sticky":false,"template":"","format":"standard","meta":{"ngg_post_thumbnail":0,"footnotes":""},"categories":[38,3,56],"tags":[7224,42,8583,6890],"class_list":{"0":"post-75087","1":"post","2":"type-post","3":"status-publish","4":"format-standard","5":"has-post-thumbnail","7":"category-esztergom","8":"category-hirek","9":"category-komarom-esztergom","10":"tag-allasborze","11":"tag-esztergom","12":"tag-kepzesi-borze","13":"tag-komarom-esztergom-varmegye"},"yoast_head":"<!-- This site is optimized with the Yoast SEO plugin v27.4 - https:\/\/yoast.com\/product\/yoast-seo-wordpress\/ -->\n<title>T\u00f6bb sz\u00e1zan kerest\u00e9k fel az esztergomi k\u00e9pz\u00e9si \u00e9s \u00e1ll\u00e1sb\u00f6rz\u00e9t<\/title>\n<meta name=\"robots\" content=\"index, follow, max-snippet:-1, max-image-preview:large, max-video-preview:-1\" \/>\n<link rel=\"canonical\" href=\"https:\/\/dorogimedence.hu\/index.php\/2025\/10\/20\/tobb-szazan-kerestek-fel-az-esztergomi-kepzesi-es-allasborzet\/\" class=\"yoast-seo-meta-tag\" \/>\n<meta property=\"og:locale\" content=\"hu_HU\" class=\"yoast-seo-meta-tag\" \/>\n<meta property=\"og:type\" content=\"article\" class=\"yoast-seo-meta-tag\" \/>\n<meta property=\"og:title\" content=\"T\u00f6bb sz\u00e1zan kerest\u00e9k fel az esztergomi k\u00e9pz\u00e9si \u00e9s \u00e1ll\u00e1sb\u00f6rz\u00e9t\" class=\"yoast-seo-meta-tag\" \/>\n<meta property=\"og:description\" content=\"Okt\u00f3ber 17-\u00e9n, p\u00e9nteken nagy \u00e9rdekl\u0151d\u00e9s mellett rendezt\u00e9k meg a k\u00e9pz\u00e9si \u00e9s \u00e1ll\u00e1sb\u00f6rz\u00e9t az esztergomi Szent Adalbert Rendezv\u00e9nyk\u00f6zpontban. Az esem\u00e9nyt a Kom\u00e1rom-Esztergom V\u00e1rmegyei Korm\u00e1nyhivatal szervezte a GINOP_Plusz-3.1.1-23 \u201eA munkaer\u0151-k\u00edn\u00e1lat b\u0151v\u00edt\u00e9se \u00e9s fejleszt\u00e9se\u201d c\u00edm\u0171 program keret\u00e9ben, amelynek c\u00e9lja, hogy seg\u00edtse a munkav\u00e1llal\u00f3k \u00e9s a munk\u00e1ltat\u00f3k egym\u00e1sra tal\u00e1l\u00e1s\u00e1t, valamint t\u00e1mogassa az \u00e1ll\u00e1skeres\u0151ket a munka vil\u00e1g\u00e1ba val\u00f3 visszat\u00e9r\u00e9sben. A\" class=\"yoast-seo-meta-tag\" \/>\n<meta property=\"og:url\" content=\"https:\/\/dorogimedence.hu\/index.php\/2025\/10\/20\/tobb-szazan-kerestek-fel-az-esztergomi-kepzesi-es-allasborzet\/\" class=\"yoast-seo-meta-tag\" \/>\n<meta property=\"og:site_name\" content=\"Dorogi-medence Region\u00e1lis H\u00edrport\u00e1l\" class=\"yoast-seo-meta-tag\" \/>\n<meta property=\"article:publisher\" content=\"https:\/\/www.facebook.com\/dorogimedence\/\" class=\"yoast-seo-meta-tag\" \/>\n<meta property=\"article:published_time\" content=\"2025-10-20T12:39:16+00:00\" class=\"yoast-seo-meta-tag\" \/>\n<meta property=\"og:image\" content=\"https:\/\/dorogimedence.hu\/wp-content\/uploads\/2025\/10\/566195605_1242200564610427_4806958497970162145_n.jpg\" class=\"yoast-seo-meta-tag\" \/>\n\t<meta property=\"og:image:width\" content=\"1280\" class=\"yoast-seo-meta-tag\" \/>\n\t<meta property=\"og:image:height\" content=\"853\" class=\"yoast-seo-meta-tag\" \/>\n\t<meta property=\"og:image:type\" content=\"image\/jpeg\" class=\"yoast-seo-meta-tag\" \/>\n<meta name=\"author\" content=\"dorogimedence.hu\" class=\"yoast-seo-meta-tag\" \/>\n<meta name=\"twitter:card\" content=\"summary_large_image\" class=\"yoast-seo-meta-tag\" \/>\n<meta name=\"twitter:label1\" content=\"Szerz\u0151:\" class=\"yoast-seo-meta-tag\" \/>\n\t<meta name=\"twitter:data1\" content=\"dorogimedence.hu\" class=\"yoast-seo-meta-tag\" \/>\n\t<meta name=\"twitter:label2\" content=\"Becs\u00fclt olvas\u00e1si id\u0151\" class=\"yoast-seo-meta-tag\" \/>\n\t<meta name=\"twitter:data2\" content=\"2 perc\" class=\"yoast-seo-meta-tag\" \/>\n<script type=\"application\/ld+json\" class=\"yoast-schema-graph\">{\"@context\":\"https:\\\/\\\/schema.org\",\"@graph\":[{\"@type\":\"Article\",\"@id\":\"https:\\\/\\\/dorogimedence.hu\\\/index.php\\\/2025\\\/10\\\/20\\\/tobb-szazan-kerestek-fel-az-esztergomi-kepzesi-es-allasborzet\\\/#article\",\"isPartOf\":{\"@id\":\"https:\\\/\\\/dorogimedence.hu\\\/index.php\\\/2025\\\/10\\\/20\\\/tobb-szazan-kerestek-fel-az-esztergomi-kepzesi-es-allasborzet\\\/\"},\"author\":{\"name\":\"dorogimedence.hu\",\"@id\":\"https:\\\/\\\/dorogimedence.hu\\\/#\\\/schema\\\/person\\\/ce6091eeb7e95ecdc87890d6aa8e0fd4\"},\"headline\":\"T\u00f6bb sz\u00e1zan kerest\u00e9k fel az esztergomi k\u00e9pz\u00e9si \u00e9s \u00e1ll\u00e1sb\u00f6rz\u00e9t\",\"datePublished\":\"2025-10-20T12:39:16+00:00\",\"mainEntityOfPage\":{\"@id\":\"https:\\\/\\\/dorogimedence.hu\\\/index.php\\\/2025\\\/10\\\/20\\\/tobb-szazan-kerestek-fel-az-esztergomi-kepzesi-es-allasborzet\\\/\"},\"wordCount\":488,\"publisher\":{\"@id\":\"https:\\\/\\\/dorogimedence.hu\\\/#organization\"},\"image\":{\"@id\":\"https:\\\/\\\/dorogimedence.hu\\\/index.php\\\/2025\\\/10\\\/20\\\/tobb-szazan-kerestek-fel-az-esztergomi-kepzesi-es-allasborzet\\\/#primaryimage\"},\"thumbnailUrl\":\"https:\\\/\\\/dorogimedence.hu\\\/wp-content\\\/uploads\\\/2025\\\/10\\\/566195605_1242200564610427_4806958497970162145_n.jpg\",\"keywords\":[\"\u00e1ll\u00e1sb\u00f6rze\",\"esztergom\",\"k\u00e9pz\u00e9si b\u00f6rze\",\"Kom\u00e1rom-Esztergom v\u00e1rmegye\"],\"articleSection\":[\"Esztergom\",\"H\u00edrek\",\"Kom\u00e1rom-Esztergom\"],\"inLanguage\":\"hu\"},{\"@type\":\"WebPage\",\"@id\":\"https:\\\/\\\/dorogimedence.hu\\\/index.php\\\/2025\\\/10\\\/20\\\/tobb-szazan-kerestek-fel-az-esztergomi-kepzesi-es-allasborzet\\\/\",\"url\":\"https:\\\/\\\/dorogimedence.hu\\\/index.php\\\/2025\\\/10\\\/20\\\/tobb-szazan-kerestek-fel-az-esztergomi-kepzesi-es-allasborzet\\\/\",\"name\":\"T\u00f6bb sz\u00e1zan kerest\u00e9k fel az esztergomi k\u00e9pz\u00e9si \u00e9s \u00e1ll\u00e1sb\u00f6rz\u00e9t\",\"isPartOf\":{\"@id\":\"https:\\\/\\\/dorogimedence.hu\\\/#website\"},\"primaryImageOfPage\":{\"@id\":\"https:\\\/\\\/dorogimedence.hu\\\/index.php\\\/2025\\\/10\\\/20\\\/tobb-szazan-kerestek-fel-az-esztergomi-kepzesi-es-allasborzet\\\/#primaryimage\"},\"image\":{\"@id\":\"https:\\\/\\\/dorogimedence.hu\\\/index.php\\\/2025\\\/10\\\/20\\\/tobb-szazan-kerestek-fel-az-esztergomi-kepzesi-es-allasborzet\\\/#primaryimage\"},\"thumbnailUrl\":\"https:\\\/\\\/dorogimedence.hu\\\/wp-content\\\/uploads\\\/2025\\\/10\\\/566195605_1242200564610427_4806958497970162145_n.jpg\",\"datePublished\":\"2025-10-20T12:39:16+00:00\",\"breadcrumb\":{\"@id\":\"https:\\\/\\\/dorogimedence.hu\\\/index.php\\\/2025\\\/10\\\/20\\\/tobb-szazan-kerestek-fel-az-esztergomi-kepzesi-es-allasborzet\\\/#breadcrumb\"},\"inLanguage\":\"hu\",\"potentialAction\":[{\"@type\":\"ReadAction\",\"target\":[\"https:\\\/\\\/dorogimedence.hu\\\/index.php\\\/2025\\\/10\\\/20\\\/tobb-szazan-kerestek-fel-az-esztergomi-kepzesi-es-allasborzet\\\/\"]}]},{\"@type\":\"ImageObject\",\"inLanguage\":\"hu\",\"@id\":\"https:\\\/\\\/dorogimedence.hu\\\/index.php\\\/2025\\\/10\\\/20\\\/tobb-szazan-kerestek-fel-az-esztergomi-kepzesi-es-allasborzet\\\/#primaryimage\",\"url\":\"https:\\\/\\\/dorogimedence.hu\\\/wp-content\\\/uploads\\\/2025\\\/10\\\/566195605_1242200564610427_4806958497970162145_n.jpg\",\"contentUrl\":\"https:\\\/\\\/dorogimedence.hu\\\/wp-content\\\/uploads\\\/2025\\\/10\\\/566195605_1242200564610427_4806958497970162145_n.jpg\",\"width\":1280,\"height\":853},{\"@type\":\"BreadcrumbList\",\"@id\":\"https:\\\/\\\/dorogimedence.hu\\\/index.php\\\/2025\\\/10\\\/20\\\/tobb-szazan-kerestek-fel-az-esztergomi-kepzesi-es-allasborzet\\\/#breadcrumb\",\"itemListElement\":[{\"@type\":\"ListItem\",\"position\":1,\"name\":\"Kezd\u0151lap\",\"item\":\"https:\\\/\\\/dorogimedence.hu\\\/\"},{\"@type\":\"ListItem\",\"position\":2,\"name\":\"T\u00f6bb sz\u00e1zan kerest\u00e9k fel az esztergomi k\u00e9pz\u00e9si \u00e9s \u00e1ll\u00e1sb\u00f6rz\u00e9t\"}]},{\"@type\":\"WebSite\",\"@id\":\"https:\\\/\\\/dorogimedence.hu\\\/#website\",\"url\":\"https:\\\/\\\/dorogimedence.hu\\\/\",\"name\":\"Dorogi-medence Region\u00e1lis H\u00edrport\u00e1l\",\"description\":\"Dorog, Keszt\u00f6lc, Le\u00e1nyv\u00e1r, Piliscs\u00e9v, Tokod, Tokodalt\u00e1r\u00f3, Csolnok, Esztergom-kertv\u00e1ros: h\u00edrek, programok\",\"publisher\":{\"@id\":\"https:\\\/\\\/dorogimedence.hu\\\/#organization\"},\"potentialAction\":[{\"@type\":\"SearchAction\",\"target\":{\"@type\":\"EntryPoint\",\"urlTemplate\":\"https:\\\/\\\/dorogimedence.hu\\\/?s={search_term_string}\"},\"query-input\":{\"@type\":\"PropertyValueSpecification\",\"valueRequired\":true,\"valueName\":\"search_term_string\"}}],\"inLanguage\":\"hu\"},{\"@type\":\"Organization\",\"@id\":\"https:\\\/\\\/dorogimedence.hu\\\/#organization\",\"name\":\"Dorogi-medence Region\u00e1lis H\u00edrport\u00e1l\",\"url\":\"https:\\\/\\\/dorogimedence.hu\\\/\",\"logo\":{\"@type\":\"ImageObject\",\"inLanguage\":\"hu\",\"@id\":\"https:\\\/\\\/dorogimedence.hu\\\/#\\\/schema\\\/logo\\\/image\\\/\",\"url\":\"https:\\\/\\\/dorogimedence.hu\\\/wp-content\\\/uploads\\\/2021\\\/04\\\/logo-feher-600.png\",\"contentUrl\":\"https:\\\/\\\/dorogimedence.hu\\\/wp-content\\\/uploads\\\/2021\\\/04\\\/logo-feher-600.png\",\"width\":600,\"height\":100,\"caption\":\"Dorogi-medence Region\u00e1lis H\u00edrport\u00e1l\"},\"image\":{\"@id\":\"https:\\\/\\\/dorogimedence.hu\\\/#\\\/schema\\\/logo\\\/image\\\/\"},\"sameAs\":[\"https:\\\/\\\/www.facebook.com\\\/dorogimedence\\\/\"]},{\"@type\":\"Person\",\"@id\":\"https:\\\/\\\/dorogimedence.hu\\\/#\\\/schema\\\/person\\\/ce6091eeb7e95ecdc87890d6aa8e0fd4\",\"name\":\"dorogimedence.hu\",\"image\":{\"@type\":\"ImageObject\",\"inLanguage\":\"hu\",\"@id\":\"\\\/\\\/www.gravatar.com\\\/avatar\\\/d8d45f8901aadff40a4af72c0b826f1d?s=96&#038;r=g&#038;d=mm\",\"url\":\"\\\/\\\/www.gravatar.com\\\/avatar\\\/d8d45f8901aadff40a4af72c0b826f1d?s=96&#038;r=g&#038;d=mm\",\"contentUrl\":\"\\\/\\\/www.gravatar.com\\\/avatar\\\/d8d45f8901aadff40a4af72c0b826f1d?s=96&#038;r=g&#038;d=mm\",\"caption\":\"dorogimedence.hu\"}}]}<\/script>\n<!-- \/ Yoast SEO plugin. -->","yoast_head_json":{"title":"T\u00f6bb sz\u00e1zan kerest\u00e9k fel az esztergomi k\u00e9pz\u00e9si \u00e9s \u00e1ll\u00e1sb\u00f6rz\u00e9t","robots":{"index":"index","follow":"follow","max-snippet":"max-snippet:-1","max-image-preview":"max-image-preview:large","max-video-preview":"max-video-preview:-1"},"canonical":"https:\/\/dorogimedence.hu\/index.php\/2025\/10\/20\/tobb-szazan-kerestek-fel-az-esztergomi-kepzesi-es-allasborzet\/","og_locale":"hu_HU","og_type":"article","og_title":"T\u00f6bb sz\u00e1zan kerest\u00e9k fel az esztergomi k\u00e9pz\u00e9si \u00e9s \u00e1ll\u00e1sb\u00f6rz\u00e9t","og_description":"Okt\u00f3ber 17-\u00e9n, p\u00e9nteken nagy \u00e9rdekl\u0151d\u00e9s mellett rendezt\u00e9k meg a k\u00e9pz\u00e9si \u00e9s \u00e1ll\u00e1sb\u00f6rz\u00e9t az esztergomi Szent Adalbert Rendezv\u00e9nyk\u00f6zpontban. Az esem\u00e9nyt a Kom\u00e1rom-Esztergom V\u00e1rmegyei Korm\u00e1nyhivatal szervezte a GINOP_Plusz-3.1.1-23 \u201eA munkaer\u0151-k\u00edn\u00e1lat b\u0151v\u00edt\u00e9se \u00e9s fejleszt\u00e9se\u201d c\u00edm\u0171 program keret\u00e9ben, amelynek c\u00e9lja, hogy seg\u00edtse a munkav\u00e1llal\u00f3k \u00e9s a munk\u00e1ltat\u00f3k egym\u00e1sra tal\u00e1l\u00e1s\u00e1t, valamint t\u00e1mogassa az \u00e1ll\u00e1skeres\u0151ket a munka vil\u00e1g\u00e1ba val\u00f3 visszat\u00e9r\u00e9sben. A","og_url":"https:\/\/dorogimedence.hu\/index.php\/2025\/10\/20\/tobb-szazan-kerestek-fel-az-esztergomi-kepzesi-es-allasborzet\/","og_site_name":"Dorogi-medence Region\u00e1lis H\u00edrport\u00e1l","article_publisher":"https:\/\/www.facebook.com\/dorogimedence\/","article_published_time":"2025-10-20T12:39:16+00:00","og_image":[{"width":1280,"height":853,"url":"https:\/\/dorogimedence.hu\/wp-content\/uploads\/2025\/10\/566195605_1242200564610427_4806958497970162145_n.jpg","type":"image\/jpeg"}],"author":"dorogimedence.hu","twitter_card":"summary_large_image","twitter_misc":{"Szerz\u0151:":"dorogimedence.hu","Becs\u00fclt olvas\u00e1si id\u0151":"2 perc"},"schema":{"@context":"https:\/\/schema.org","@graph":[{"@type":"Article","@id":"https:\/\/dorogimedence.hu\/index.php\/2025\/10\/20\/tobb-szazan-kerestek-fel-az-esztergomi-kepzesi-es-allasborzet\/#article","isPartOf":{"@id":"https:\/\/dorogimedence.hu\/index.php\/2025\/10\/20\/tobb-szazan-kerestek-fel-az-esztergomi-kepzesi-es-allasborzet\/"},"author":{"name":"dorogimedence.hu","@id":"https:\/\/dorogimedence.hu\/#\/schema\/person\/ce6091eeb7e95ecdc87890d6aa8e0fd4"},"headline":"T\u00f6bb sz\u00e1zan kerest\u00e9k fel az esztergomi k\u00e9pz\u00e9si \u00e9s \u00e1ll\u00e1sb\u00f6rz\u00e9t","datePublished":"2025-10-20T12:39:16+00:00","mainEntityOfPage":{"@id":"https:\/\/dorogimedence.hu\/index.php\/2025\/10\/20\/tobb-szazan-kerestek-fel-az-esztergomi-kepzesi-es-allasborzet\/"},"wordCount":488,"publisher":{"@id":"https:\/\/dorogimedence.hu\/#organization"},"image":{"@id":"https:\/\/dorogimedence.hu\/index.php\/2025\/10\/20\/tobb-szazan-kerestek-fel-az-esztergomi-kepzesi-es-allasborzet\/#primaryimage"},"thumbnailUrl":"https:\/\/dorogimedence.hu\/wp-content\/uploads\/2025\/10\/566195605_1242200564610427_4806958497970162145_n.jpg","keywords":["\u00e1ll\u00e1sb\u00f6rze","esztergom","k\u00e9pz\u00e9si b\u00f6rze","Kom\u00e1rom-Esztergom v\u00e1rmegye"],"articleSection":["Esztergom","H\u00edrek","Kom\u00e1rom-Esztergom"],"inLanguage":"hu"},{"@type":"WebPage","@id":"https:\/\/dorogimedence.hu\/index.php\/2025\/10\/20\/tobb-szazan-kerestek-fel-az-esztergomi-kepzesi-es-allasborzet\/","url":"https:\/\/dorogimedence.hu\/index.php\/2025\/10\/20\/tobb-szazan-kerestek-fel-az-esztergomi-kepzesi-es-allasborzet\/","name":"T\u00f6bb sz\u00e1zan kerest\u00e9k fel az esztergomi k\u00e9pz\u00e9si \u00e9s \u00e1ll\u00e1sb\u00f6rz\u00e9t","isPartOf":{"@id":"https:\/\/dorogimedence.hu\/#website"},"primaryImageOfPage":{"@id":"https:\/\/dorogimedence.hu\/index.php\/2025\/10\/20\/tobb-szazan-kerestek-fel-az-esztergomi-kepzesi-es-allasborzet\/#primaryimage"},"image":{"@id":"https:\/\/dorogimedence.hu\/index.php\/2025\/10\/20\/tobb-szazan-kerestek-fel-az-esztergomi-kepzesi-es-allasborzet\/#primaryimage"},"thumbnailUrl":"https:\/\/dorogimedence.hu\/wp-content\/uploads\/2025\/10\/566195605_1242200564610427_4806958497970162145_n.jpg","datePublished":"2025-10-20T12:39:16+00:00","breadcrumb":{"@id":"https:\/\/dorogimedence.hu\/index.php\/2025\/10\/20\/tobb-szazan-kerestek-fel-az-esztergomi-kepzesi-es-allasborzet\/#breadcrumb"},"inLanguage":"hu","potentialAction":[{"@type":"ReadAction","target":["https:\/\/dorogimedence.hu\/index.php\/2025\/10\/20\/tobb-szazan-kerestek-fel-az-esztergomi-kepzesi-es-allasborzet\/"]}]},{"@type":"ImageObject","inLanguage":"hu","@id":"https:\/\/dorogimedence.hu\/index.php\/2025\/10\/20\/tobb-szazan-kerestek-fel-az-esztergomi-kepzesi-es-allasborzet\/#primaryimage","url":"https:\/\/dorogimedence.hu\/wp-content\/uploads\/2025\/10\/566195605_1242200564610427_4806958497970162145_n.jpg","contentUrl":"https:\/\/dorogimedence.hu\/wp-content\/uploads\/2025\/10\/566195605_1242200564610427_4806958497970162145_n.jpg","width":1280,"height":853},{"@type":"BreadcrumbList","@id":"https:\/\/dorogimedence.hu\/index.php\/2025\/10\/20\/tobb-szazan-kerestek-fel-az-esztergomi-kepzesi-es-allasborzet\/#breadcrumb","itemListElement":[{"@type":"ListItem","position":1,"name":"Kezd\u0151lap","item":"https:\/\/dorogimedence.hu\/"},{"@type":"ListItem","position":2,"name":"T\u00f6bb sz\u00e1zan kerest\u00e9k fel az esztergomi k\u00e9pz\u00e9si \u00e9s \u00e1ll\u00e1sb\u00f6rz\u00e9t"}]},{"@type":"WebSite","@id":"https:\/\/dorogimedence.hu\/#website","url":"https:\/\/dorogimedence.hu\/","name":"Dorogi-medence Region\u00e1lis H\u00edrport\u00e1l","description":"Dorog, Keszt\u00f6lc, Le\u00e1nyv\u00e1r, Piliscs\u00e9v, Tokod, Tokodalt\u00e1r\u00f3, Csolnok, Esztergom-kertv\u00e1ros: h\u00edrek, programok","publisher":{"@id":"https:\/\/dorogimedence.hu\/#organization"},"potentialAction":[{"@type":"SearchAction","target":{"@type":"EntryPoint","urlTemplate":"https:\/\/dorogimedence.hu\/?s={search_term_string}"},"query-input":{"@type":"PropertyValueSpecification","valueRequired":true,"valueName":"search_term_string"}}],"inLanguage":"hu"},{"@type":"Organization","@id":"https:\/\/dorogimedence.hu\/#organization","name":"Dorogi-medence Region\u00e1lis H\u00edrport\u00e1l","url":"https:\/\/dorogimedence.hu\/","logo":{"@type":"ImageObject","inLanguage":"hu","@id":"https:\/\/dorogimedence.hu\/#\/schema\/logo\/image\/","url":"https:\/\/dorogimedence.hu\/wp-content\/uploads\/2021\/04\/logo-feher-600.png","contentUrl":"https:\/\/dorogimedence.hu\/wp-content\/uploads\/2021\/04\/logo-feher-600.png","width":600,"height":100,"caption":"Dorogi-medence Region\u00e1lis H\u00edrport\u00e1l"},"image":{"@id":"https:\/\/dorogimedence.hu\/#\/schema\/logo\/image\/"},"sameAs":["https:\/\/www.facebook.com\/dorogimedence\/"]},{"@type":"Person","@id":"https:\/\/dorogimedence.hu\/#\/schema\/person\/ce6091eeb7e95ecdc87890d6aa8e0fd4","name":"dorogimedence.hu","image":{"@type":"ImageObject","inLanguage":"hu","@id":"\/\/www.gravatar.com\/avatar\/d8d45f8901aadff40a4af72c0b826f1d?s=96&#038;r=g&#038;d=mm","url":"\/\/www.gravatar.com\/avatar\/d8d45f8901aadff40a4af72c0b826f1d?s=96&#038;r=g&#038;d=mm","contentUrl":"\/\/www.gravatar.com\/avatar\/d8d45f8901aadff40a4af72c0b826f1d?s=96&#038;r=g&#038;d=mm","caption":"dorogimedence.hu"}}]}},"_links":{"self":[{"href":"https:\/\/dorogimedence.hu\/index.php\/wp-json\/wp\/v2\/posts\/75087","targetHints":{"allow":["GET"]}}],"collection":[{"href":"https:\/\/dorogimedence.hu\/index.php\/wp-json\/wp\/v2\/posts"}],"about":[{"href":"https:\/\/dorogimedence.hu\/index.php\/wp-json\/wp\/v2\/types\/post"}],"author":[{"embeddable":true,"href":"https:\/\/dorogimedence.hu\/index.php\/wp-json\/wp\/v2\/users\/1"}],"replies":[{"embeddable":true,"href":"https:\/\/dorogimedence.hu\/index.php\/wp-json\/wp\/v2\/comments?post=75087"}],"version-history":[{"count":0,"href":"https:\/\/dorogimedence.hu\/index.php\/wp-json\/wp\/v2\/posts\/75087\/revisions"}],"wp:featuredmedia":[{"embeddable":true,"href":"https:\/\/dorogimedence.hu\/index.php\/wp-json\/wp\/v2\/media\/75088"}],"wp:attachment":[{"href":"https:\/\/dorogimedence.hu\/index.php\/wp-json\/wp\/v2\/media?parent=75087"}],"wp:term":[{"taxonomy":"category","embeddable":true,"href":"https:\/\/dorogimedence.hu\/index.php\/wp-json\/wp\/v2\/categories?post=75087"},{"taxonomy":"post_tag","embeddable":true,"href":"https:\/\/dorogimedence.hu\/index.php\/wp-json\/wp\/v2\/tags?post=75087"}],"curies":[{"name":"wp","href":"https:\/\/api.w.org\/{rel}","templated":true}]}}