{"id":74812,"date":"2025-10-09T10:49:06","date_gmt":"2025-10-09T08:49:06","guid":{"rendered":"https:\/\/dorogimedence.hu\/?p=74812"},"modified":"2025-10-09T10:49:06","modified_gmt":"2025-10-09T08:49:06","slug":"magyar-halak-napja-esztergomban","status":"publish","type":"post","link":"https:\/\/dorogimedence.hu\/index.php\/2025\/10\/09\/magyar-halak-napja-esztergomban\/","title":{"rendered":"Magyar Halak Napja Esztergomban"},"content":{"rendered":"<p><strong>Az esztergomi Vasas Horg\u00e1sz Egyes\u00fclet okt\u00f3ber 10-12. k\u00f6z\u00f6tt a B\u00fab\u00e1natv\u00f6lgyben tal\u00e1lhat\u00f3 Kerek-tavi Term\u00e9szeth\u00e1zban \u00e9s k\u00f6rny\u00e9k\u00e9n rendezi meg a hagyom\u00e1nyos Magyar Halak Napja fesztiv\u00e1lt, melynek c\u00e9lja a magyar halak, a halfogyaszt\u00e1s \u00e9s a horg\u00e1szat n\u00e9pszer\u0171s\u00edt\u00e9se a gyermekek \u00e9s feln\u0151ttek r\u00e9sz\u00e9re egyar\u00e1nt.<\/strong><\/p>\n<p>Lehet\u0151s\u00e9g lesz a vend\u00e9gl\u00e1t\u00f3k \u00e1ltal k\u00e9sz\u00edtett \u00e9teleket k\u00f3stol\u00f3 mennyis\u00e9gben is megv\u00e1s\u00e1rolni. A rendezv\u00e9ny sor\u00e1n k\u00f6zel 20 f\u00e9le halas \u00e9telt lehet k\u00f3stolni, illetve megv\u00e1s\u00e1rolni.<\/p>\n<p>A gyermekek spiccbottal horg\u00e1szhatnak, c\u00e9lba dob\u00e1sban \u00e9s uf\u00f3-vad\u00e1szatban, valamint m\u00e1s j\u00e1t\u00e9kos vet\u00e9lked\u0151k\u00f6n pr\u00f3b\u00e1lhatj\u00e1k ki magukat \u00e9s ugr\u00e1l\u00f3v\u00e1rban j\u00e1tszhatnak. Az esem\u00e9nyen helyi zenekarok is fell\u00e9pnek, illetve hal\u00e9tel k\u00e9sz\u00edt\u0151 versenyt is rendeznek a jelentkez\u0151 csapatok k\u00f6z\u00f6tt.<\/p>\n<p>A r\u00e9szletes program <a href=\"https:\/\/visitesztergom.hu\/naptar\/magyar-halak-napja\/\" target=\"_blank\" rel=\"noopener\"><span style=\"text-decoration: underline; color: #0000ff;\">ide kattintva<\/span><\/a> \u00e9rhet\u0151 el, m\u00edg a Facebook-esem\u00e9nyhez <a href=\"https:\/\/www.facebook.com\/events\/1132790562231424\/\" target=\"_blank\" rel=\"noopener\"><span style=\"text-decoration: underline; color: #0000ff;\">itt<\/span><\/a> lehet csatlakozni!<\/p>\n<p><em>Bor\u00edt\u00f3k\u00e9p: illusztr\u00e1ci\u00f3 (freepik.com)<\/em><\/p>\n","protected":false},"excerpt":{"rendered":"<p>Az esztergomi Vasas Horg\u00e1sz Egyes\u00fclet okt\u00f3ber 10-12. k\u00f6z\u00f6tt a B\u00fab\u00e1natv\u00f6lgyben tal\u00e1lhat\u00f3 Kerek-tavi Term\u00e9szeth\u00e1zban \u00e9s k\u00f6rny\u00e9k\u00e9n rendezi meg a hagyom\u00e1nyos Magyar Halak Napja fesztiv\u00e1lt, melynek c\u00e9lja a magyar halak, a halfogyaszt\u00e1s \u00e9s a horg\u00e1szat n\u00e9pszer\u0171s\u00edt\u00e9se a gyermekek \u00e9s feln\u0151ttek r\u00e9sz\u00e9re egyar\u00e1nt. Lehet\u0151s\u00e9g lesz a vend\u00e9gl\u00e1t\u00f3k \u00e1ltal k\u00e9sz\u00edtett \u00e9teleket k\u00f3stol\u00f3 mennyis\u00e9gben is megv\u00e1s\u00e1rolni. A rendezv\u00e9ny sor\u00e1n k\u00f6zel<\/p>\n","protected":false},"author":1,"featured_media":74813,"comment_status":"closed","ping_status":"closed","sticky":false,"template":"","format":"standard","meta":{"ngg_post_thumbnail":0,"footnotes":""},"categories":[38,3,3561],"tags":[42,5983],"class_list":{"0":"post-74812","1":"post","2":"type-post","3":"status-publish","4":"format-standard","5":"has-post-thumbnail","7":"category-esztergom","8":"category-hirek","9":"category-programok","10":"tag-esztergom","11":"tag-magyar-halak-napja"},"yoast_head":"<!-- This site is optimized with the Yoast SEO plugin v27.4 - https:\/\/yoast.com\/product\/yoast-seo-wordpress\/ -->\n<title>Magyar Halak Napja Esztergomban<\/title>\n<meta name=\"robots\" content=\"index, follow, max-snippet:-1, max-image-preview:large, max-video-preview:-1\" \/>\n<link rel=\"canonical\" href=\"https:\/\/dorogimedence.hu\/index.php\/2025\/10\/09\/magyar-halak-napja-esztergomban\/\" class=\"yoast-seo-meta-tag\" \/>\n<meta property=\"og:locale\" content=\"hu_HU\" class=\"yoast-seo-meta-tag\" \/>\n<meta property=\"og:type\" content=\"article\" class=\"yoast-seo-meta-tag\" \/>\n<meta property=\"og:title\" content=\"Magyar Halak Napja Esztergomban\" class=\"yoast-seo-meta-tag\" \/>\n<meta property=\"og:description\" content=\"Az esztergomi Vasas Horg\u00e1sz Egyes\u00fclet okt\u00f3ber 10-12. k\u00f6z\u00f6tt a B\u00fab\u00e1natv\u00f6lgyben tal\u00e1lhat\u00f3 Kerek-tavi Term\u00e9szeth\u00e1zban \u00e9s k\u00f6rny\u00e9k\u00e9n rendezi meg a hagyom\u00e1nyos Magyar Halak Napja fesztiv\u00e1lt, melynek c\u00e9lja a magyar halak, a halfogyaszt\u00e1s \u00e9s a horg\u00e1szat n\u00e9pszer\u0171s\u00edt\u00e9se a gyermekek \u00e9s feln\u0151ttek r\u00e9sz\u00e9re egyar\u00e1nt. Lehet\u0151s\u00e9g lesz a vend\u00e9gl\u00e1t\u00f3k \u00e1ltal k\u00e9sz\u00edtett \u00e9teleket k\u00f3stol\u00f3 mennyis\u00e9gben is megv\u00e1s\u00e1rolni. A rendezv\u00e9ny sor\u00e1n k\u00f6zel\" class=\"yoast-seo-meta-tag\" \/>\n<meta property=\"og:url\" content=\"https:\/\/dorogimedence.hu\/index.php\/2025\/10\/09\/magyar-halak-napja-esztergomban\/\" class=\"yoast-seo-meta-tag\" \/>\n<meta property=\"og:site_name\" content=\"Dorogi-medence Region\u00e1lis H\u00edrport\u00e1l\" class=\"yoast-seo-meta-tag\" \/>\n<meta property=\"article:publisher\" content=\"https:\/\/www.facebook.com\/dorogimedence\/\" class=\"yoast-seo-meta-tag\" \/>\n<meta property=\"article:published_time\" content=\"2025-10-09T08:49:06+00:00\" class=\"yoast-seo-meta-tag\" \/>\n<meta property=\"og:image\" content=\"https:\/\/dorogimedence.hu\/wp-content\/uploads\/2025\/10\/8178.jpg\" class=\"yoast-seo-meta-tag\" \/>\n\t<meta property=\"og:image:width\" content=\"1500\" class=\"yoast-seo-meta-tag\" \/>\n\t<meta property=\"og:image:height\" content=\"1001\" class=\"yoast-seo-meta-tag\" \/>\n\t<meta property=\"og:image:type\" content=\"image\/jpeg\" class=\"yoast-seo-meta-tag\" \/>\n<meta name=\"author\" content=\"dorogimedence.hu\" class=\"yoast-seo-meta-tag\" \/>\n<meta name=\"twitter:card\" content=\"summary_large_image\" class=\"yoast-seo-meta-tag\" \/>\n<meta name=\"twitter:label1\" content=\"Szerz\u0151:\" class=\"yoast-seo-meta-tag\" \/>\n\t<meta name=\"twitter:data1\" content=\"dorogimedence.hu\" class=\"yoast-seo-meta-tag\" \/>\n\t<meta name=\"twitter:label2\" content=\"Becs\u00fclt olvas\u00e1si id\u0151\" class=\"yoast-seo-meta-tag\" \/>\n\t<meta name=\"twitter:data2\" content=\"1 perc\" class=\"yoast-seo-meta-tag\" \/>\n<script type=\"application\/ld+json\" class=\"yoast-schema-graph\">{\"@context\":\"https:\\\/\\\/schema.org\",\"@graph\":[{\"@type\":\"Article\",\"@id\":\"https:\\\/\\\/dorogimedence.hu\\\/index.php\\\/2025\\\/10\\\/09\\\/magyar-halak-napja-esztergomban\\\/#article\",\"isPartOf\":{\"@id\":\"https:\\\/\\\/dorogimedence.hu\\\/index.php\\\/2025\\\/10\\\/09\\\/magyar-halak-napja-esztergomban\\\/\"},\"author\":{\"name\":\"dorogimedence.hu\",\"@id\":\"https:\\\/\\\/dorogimedence.hu\\\/#\\\/schema\\\/person\\\/ce6091eeb7e95ecdc87890d6aa8e0fd4\"},\"headline\":\"Magyar Halak Napja Esztergomban\",\"datePublished\":\"2025-10-09T08:49:06+00:00\",\"mainEntityOfPage\":{\"@id\":\"https:\\\/\\\/dorogimedence.hu\\\/index.php\\\/2025\\\/10\\\/09\\\/magyar-halak-napja-esztergomban\\\/\"},\"wordCount\":194,\"publisher\":{\"@id\":\"https:\\\/\\\/dorogimedence.hu\\\/#organization\"},\"image\":{\"@id\":\"https:\\\/\\\/dorogimedence.hu\\\/index.php\\\/2025\\\/10\\\/09\\\/magyar-halak-napja-esztergomban\\\/#primaryimage\"},\"thumbnailUrl\":\"https:\\\/\\\/dorogimedence.hu\\\/wp-content\\\/uploads\\\/2025\\\/10\\\/8178.jpg\",\"keywords\":[\"esztergom\",\"Magyar Halak Napja\"],\"articleSection\":[\"Esztergom\",\"H\u00edrek\",\"Programok\"],\"inLanguage\":\"hu\"},{\"@type\":\"WebPage\",\"@id\":\"https:\\\/\\\/dorogimedence.hu\\\/index.php\\\/2025\\\/10\\\/09\\\/magyar-halak-napja-esztergomban\\\/\",\"url\":\"https:\\\/\\\/dorogimedence.hu\\\/index.php\\\/2025\\\/10\\\/09\\\/magyar-halak-napja-esztergomban\\\/\",\"name\":\"Magyar Halak Napja Esztergomban\",\"isPartOf\":{\"@id\":\"https:\\\/\\\/dorogimedence.hu\\\/#website\"},\"primaryImageOfPage\":{\"@id\":\"https:\\\/\\\/dorogimedence.hu\\\/index.php\\\/2025\\\/10\\\/09\\\/magyar-halak-napja-esztergomban\\\/#primaryimage\"},\"image\":{\"@id\":\"https:\\\/\\\/dorogimedence.hu\\\/index.php\\\/2025\\\/10\\\/09\\\/magyar-halak-napja-esztergomban\\\/#primaryimage\"},\"thumbnailUrl\":\"https:\\\/\\\/dorogimedence.hu\\\/wp-content\\\/uploads\\\/2025\\\/10\\\/8178.jpg\",\"datePublished\":\"2025-10-09T08:49:06+00:00\",\"breadcrumb\":{\"@id\":\"https:\\\/\\\/dorogimedence.hu\\\/index.php\\\/2025\\\/10\\\/09\\\/magyar-halak-napja-esztergomban\\\/#breadcrumb\"},\"inLanguage\":\"hu\",\"potentialAction\":[{\"@type\":\"ReadAction\",\"target\":[\"https:\\\/\\\/dorogimedence.hu\\\/index.php\\\/2025\\\/10\\\/09\\\/magyar-halak-napja-esztergomban\\\/\"]}]},{\"@type\":\"ImageObject\",\"inLanguage\":\"hu\",\"@id\":\"https:\\\/\\\/dorogimedence.hu\\\/index.php\\\/2025\\\/10\\\/09\\\/magyar-halak-napja-esztergomban\\\/#primaryimage\",\"url\":\"https:\\\/\\\/dorogimedence.hu\\\/wp-content\\\/uploads\\\/2025\\\/10\\\/8178.jpg\",\"contentUrl\":\"https:\\\/\\\/dorogimedence.hu\\\/wp-content\\\/uploads\\\/2025\\\/10\\\/8178.jpg\",\"width\":1500,\"height\":1001},{\"@type\":\"BreadcrumbList\",\"@id\":\"https:\\\/\\\/dorogimedence.hu\\\/index.php\\\/2025\\\/10\\\/09\\\/magyar-halak-napja-esztergomban\\\/#breadcrumb\",\"itemListElement\":[{\"@type\":\"ListItem\",\"position\":1,\"name\":\"Kezd\u0151lap\",\"item\":\"https:\\\/\\\/dorogimedence.hu\\\/\"},{\"@type\":\"ListItem\",\"position\":2,\"name\":\"Magyar Halak Napja Esztergomban\"}]},{\"@type\":\"WebSite\",\"@id\":\"https:\\\/\\\/dorogimedence.hu\\\/#website\",\"url\":\"https:\\\/\\\/dorogimedence.hu\\\/\",\"name\":\"Dorogi-medence Region\u00e1lis H\u00edrport\u00e1l\",\"description\":\"Dorog, Keszt\u00f6lc, Le\u00e1nyv\u00e1r, Piliscs\u00e9v, Tokod, Tokodalt\u00e1r\u00f3, Csolnok, Esztergom-kertv\u00e1ros: h\u00edrek, programok\",\"publisher\":{\"@id\":\"https:\\\/\\\/dorogimedence.hu\\\/#organization\"},\"potentialAction\":[{\"@type\":\"SearchAction\",\"target\":{\"@type\":\"EntryPoint\",\"urlTemplate\":\"https:\\\/\\\/dorogimedence.hu\\\/?s={search_term_string}\"},\"query-input\":{\"@type\":\"PropertyValueSpecification\",\"valueRequired\":true,\"valueName\":\"search_term_string\"}}],\"inLanguage\":\"hu\"},{\"@type\":\"Organization\",\"@id\":\"https:\\\/\\\/dorogimedence.hu\\\/#organization\",\"name\":\"Dorogi-medence Region\u00e1lis H\u00edrport\u00e1l\",\"url\":\"https:\\\/\\\/dorogimedence.hu\\\/\",\"logo\":{\"@type\":\"ImageObject\",\"inLanguage\":\"hu\",\"@id\":\"https:\\\/\\\/dorogimedence.hu\\\/#\\\/schema\\\/logo\\\/image\\\/\",\"url\":\"https:\\\/\\\/dorogimedence.hu\\\/wp-content\\\/uploads\\\/2021\\\/04\\\/logo-feher-600.png\",\"contentUrl\":\"https:\\\/\\\/dorogimedence.hu\\\/wp-content\\\/uploads\\\/2021\\\/04\\\/logo-feher-600.png\",\"width\":600,\"height\":100,\"caption\":\"Dorogi-medence Region\u00e1lis H\u00edrport\u00e1l\"},\"image\":{\"@id\":\"https:\\\/\\\/dorogimedence.hu\\\/#\\\/schema\\\/logo\\\/image\\\/\"},\"sameAs\":[\"https:\\\/\\\/www.facebook.com\\\/dorogimedence\\\/\"]},{\"@type\":\"Person\",\"@id\":\"https:\\\/\\\/dorogimedence.hu\\\/#\\\/schema\\\/person\\\/ce6091eeb7e95ecdc87890d6aa8e0fd4\",\"name\":\"dorogimedence.hu\",\"image\":{\"@type\":\"ImageObject\",\"inLanguage\":\"hu\",\"@id\":\"\\\/\\\/www.gravatar.com\\\/avatar\\\/d8d45f8901aadff40a4af72c0b826f1d?s=96&#038;r=g&#038;d=mm\",\"url\":\"\\\/\\\/www.gravatar.com\\\/avatar\\\/d8d45f8901aadff40a4af72c0b826f1d?s=96&#038;r=g&#038;d=mm\",\"contentUrl\":\"\\\/\\\/www.gravatar.com\\\/avatar\\\/d8d45f8901aadff40a4af72c0b826f1d?s=96&#038;r=g&#038;d=mm\",\"caption\":\"dorogimedence.hu\"}}]}<\/script>\n<!-- \/ Yoast SEO plugin. -->","yoast_head_json":{"title":"Magyar Halak Napja Esztergomban","robots":{"index":"index","follow":"follow","max-snippet":"max-snippet:-1","max-image-preview":"max-image-preview:large","max-video-preview":"max-video-preview:-1"},"canonical":"https:\/\/dorogimedence.hu\/index.php\/2025\/10\/09\/magyar-halak-napja-esztergomban\/","og_locale":"hu_HU","og_type":"article","og_title":"Magyar Halak Napja Esztergomban","og_description":"Az esztergomi Vasas Horg\u00e1sz Egyes\u00fclet okt\u00f3ber 10-12. k\u00f6z\u00f6tt a B\u00fab\u00e1natv\u00f6lgyben tal\u00e1lhat\u00f3 Kerek-tavi Term\u00e9szeth\u00e1zban \u00e9s k\u00f6rny\u00e9k\u00e9n rendezi meg a hagyom\u00e1nyos Magyar Halak Napja fesztiv\u00e1lt, melynek c\u00e9lja a magyar halak, a halfogyaszt\u00e1s \u00e9s a horg\u00e1szat n\u00e9pszer\u0171s\u00edt\u00e9se a gyermekek \u00e9s feln\u0151ttek r\u00e9sz\u00e9re egyar\u00e1nt. Lehet\u0151s\u00e9g lesz a vend\u00e9gl\u00e1t\u00f3k \u00e1ltal k\u00e9sz\u00edtett \u00e9teleket k\u00f3stol\u00f3 mennyis\u00e9gben is megv\u00e1s\u00e1rolni. A rendezv\u00e9ny sor\u00e1n k\u00f6zel","og_url":"https:\/\/dorogimedence.hu\/index.php\/2025\/10\/09\/magyar-halak-napja-esztergomban\/","og_site_name":"Dorogi-medence Region\u00e1lis H\u00edrport\u00e1l","article_publisher":"https:\/\/www.facebook.com\/dorogimedence\/","article_published_time":"2025-10-09T08:49:06+00:00","og_image":[{"width":1500,"height":1001,"url":"https:\/\/dorogimedence.hu\/wp-content\/uploads\/2025\/10\/8178.jpg","type":"image\/jpeg"}],"author":"dorogimedence.hu","twitter_card":"summary_large_image","twitter_misc":{"Szerz\u0151:":"dorogimedence.hu","Becs\u00fclt olvas\u00e1si id\u0151":"1 perc"},"schema":{"@context":"https:\/\/schema.org","@graph":[{"@type":"Article","@id":"https:\/\/dorogimedence.hu\/index.php\/2025\/10\/09\/magyar-halak-napja-esztergomban\/#article","isPartOf":{"@id":"https:\/\/dorogimedence.hu\/index.php\/2025\/10\/09\/magyar-halak-napja-esztergomban\/"},"author":{"name":"dorogimedence.hu","@id":"https:\/\/dorogimedence.hu\/#\/schema\/person\/ce6091eeb7e95ecdc87890d6aa8e0fd4"},"headline":"Magyar Halak Napja Esztergomban","datePublished":"2025-10-09T08:49:06+00:00","mainEntityOfPage":{"@id":"https:\/\/dorogimedence.hu\/index.php\/2025\/10\/09\/magyar-halak-napja-esztergomban\/"},"wordCount":194,"publisher":{"@id":"https:\/\/dorogimedence.hu\/#organization"},"image":{"@id":"https:\/\/dorogimedence.hu\/index.php\/2025\/10\/09\/magyar-halak-napja-esztergomban\/#primaryimage"},"thumbnailUrl":"https:\/\/dorogimedence.hu\/wp-content\/uploads\/2025\/10\/8178.jpg","keywords":["esztergom","Magyar Halak Napja"],"articleSection":["Esztergom","H\u00edrek","Programok"],"inLanguage":"hu"},{"@type":"WebPage","@id":"https:\/\/dorogimedence.hu\/index.php\/2025\/10\/09\/magyar-halak-napja-esztergomban\/","url":"https:\/\/dorogimedence.hu\/index.php\/2025\/10\/09\/magyar-halak-napja-esztergomban\/","name":"Magyar Halak Napja Esztergomban","isPartOf":{"@id":"https:\/\/dorogimedence.hu\/#website"},"primaryImageOfPage":{"@id":"https:\/\/dorogimedence.hu\/index.php\/2025\/10\/09\/magyar-halak-napja-esztergomban\/#primaryimage"},"image":{"@id":"https:\/\/dorogimedence.hu\/index.php\/2025\/10\/09\/magyar-halak-napja-esztergomban\/#primaryimage"},"thumbnailUrl":"https:\/\/dorogimedence.hu\/wp-content\/uploads\/2025\/10\/8178.jpg","datePublished":"2025-10-09T08:49:06+00:00","breadcrumb":{"@id":"https:\/\/dorogimedence.hu\/index.php\/2025\/10\/09\/magyar-halak-napja-esztergomban\/#breadcrumb"},"inLanguage":"hu","potentialAction":[{"@type":"ReadAction","target":["https:\/\/dorogimedence.hu\/index.php\/2025\/10\/09\/magyar-halak-napja-esztergomban\/"]}]},{"@type":"ImageObject","inLanguage":"hu","@id":"https:\/\/dorogimedence.hu\/index.php\/2025\/10\/09\/magyar-halak-napja-esztergomban\/#primaryimage","url":"https:\/\/dorogimedence.hu\/wp-content\/uploads\/2025\/10\/8178.jpg","contentUrl":"https:\/\/dorogimedence.hu\/wp-content\/uploads\/2025\/10\/8178.jpg","width":1500,"height":1001},{"@type":"BreadcrumbList","@id":"https:\/\/dorogimedence.hu\/index.php\/2025\/10\/09\/magyar-halak-napja-esztergomban\/#breadcrumb","itemListElement":[{"@type":"ListItem","position":1,"name":"Kezd\u0151lap","item":"https:\/\/dorogimedence.hu\/"},{"@type":"ListItem","position":2,"name":"Magyar Halak Napja Esztergomban"}]},{"@type":"WebSite","@id":"https:\/\/dorogimedence.hu\/#website","url":"https:\/\/dorogimedence.hu\/","name":"Dorogi-medence Region\u00e1lis H\u00edrport\u00e1l","description":"Dorog, Keszt\u00f6lc, Le\u00e1nyv\u00e1r, Piliscs\u00e9v, Tokod, Tokodalt\u00e1r\u00f3, Csolnok, Esztergom-kertv\u00e1ros: h\u00edrek, programok","publisher":{"@id":"https:\/\/dorogimedence.hu\/#organization"},"potentialAction":[{"@type":"SearchAction","target":{"@type":"EntryPoint","urlTemplate":"https:\/\/dorogimedence.hu\/?s={search_term_string}"},"query-input":{"@type":"PropertyValueSpecification","valueRequired":true,"valueName":"search_term_string"}}],"inLanguage":"hu"},{"@type":"Organization","@id":"https:\/\/dorogimedence.hu\/#organization","name":"Dorogi-medence Region\u00e1lis H\u00edrport\u00e1l","url":"https:\/\/dorogimedence.hu\/","logo":{"@type":"ImageObject","inLanguage":"hu","@id":"https:\/\/dorogimedence.hu\/#\/schema\/logo\/image\/","url":"https:\/\/dorogimedence.hu\/wp-content\/uploads\/2021\/04\/logo-feher-600.png","contentUrl":"https:\/\/dorogimedence.hu\/wp-content\/uploads\/2021\/04\/logo-feher-600.png","width":600,"height":100,"caption":"Dorogi-medence Region\u00e1lis H\u00edrport\u00e1l"},"image":{"@id":"https:\/\/dorogimedence.hu\/#\/schema\/logo\/image\/"},"sameAs":["https:\/\/www.facebook.com\/dorogimedence\/"]},{"@type":"Person","@id":"https:\/\/dorogimedence.hu\/#\/schema\/person\/ce6091eeb7e95ecdc87890d6aa8e0fd4","name":"dorogimedence.hu","image":{"@type":"ImageObject","inLanguage":"hu","@id":"\/\/www.gravatar.com\/avatar\/d8d45f8901aadff40a4af72c0b826f1d?s=96&#038;r=g&#038;d=mm","url":"\/\/www.gravatar.com\/avatar\/d8d45f8901aadff40a4af72c0b826f1d?s=96&#038;r=g&#038;d=mm","contentUrl":"\/\/www.gravatar.com\/avatar\/d8d45f8901aadff40a4af72c0b826f1d?s=96&#038;r=g&#038;d=mm","caption":"dorogimedence.hu"}}]}},"_links":{"self":[{"href":"https:\/\/dorogimedence.hu\/index.php\/wp-json\/wp\/v2\/posts\/74812","targetHints":{"allow":["GET"]}}],"collection":[{"href":"https:\/\/dorogimedence.hu\/index.php\/wp-json\/wp\/v2\/posts"}],"about":[{"href":"https:\/\/dorogimedence.hu\/index.php\/wp-json\/wp\/v2\/types\/post"}],"author":[{"embeddable":true,"href":"https:\/\/dorogimedence.hu\/index.php\/wp-json\/wp\/v2\/users\/1"}],"replies":[{"embeddable":true,"href":"https:\/\/dorogimedence.hu\/index.php\/wp-json\/wp\/v2\/comments?post=74812"}],"version-history":[{"count":0,"href":"https:\/\/dorogimedence.hu\/index.php\/wp-json\/wp\/v2\/posts\/74812\/revisions"}],"wp:featuredmedia":[{"embeddable":true,"href":"https:\/\/dorogimedence.hu\/index.php\/wp-json\/wp\/v2\/media\/74813"}],"wp:attachment":[{"href":"https:\/\/dorogimedence.hu\/index.php\/wp-json\/wp\/v2\/media?parent=74812"}],"wp:term":[{"taxonomy":"category","embeddable":true,"href":"https:\/\/dorogimedence.hu\/index.php\/wp-json\/wp\/v2\/categories?post=74812"},{"taxonomy":"post_tag","embeddable":true,"href":"https:\/\/dorogimedence.hu\/index.php\/wp-json\/wp\/v2\/tags?post=74812"}],"curies":[{"name":"wp","href":"https:\/\/api.w.org\/{rel}","templated":true}]}}