{"id":74741,"date":"2025-10-06T14:32:55","date_gmt":"2025-10-06T12:32:55","guid":{"rendered":"https:\/\/dorogimedence.hu\/?p=74741"},"modified":"2025-10-07T09:20:32","modified_gmt":"2025-10-07T07:20:32","slug":"unnepi-diszdiploma-atado-a-pazmany-btk-n","status":"publish","type":"post","link":"https:\/\/dorogimedence.hu\/index.php\/2025\/10\/06\/unnepi-diszdiploma-atado-a-pazmany-btk-n\/","title":{"rendered":"\u00dcnnepi d\u00edszdiploma-\u00e1tad\u00f3 a P\u00e1zm\u00e1ny BTK-n"},"content":{"rendered":"<p><strong>2025. okt\u00f3ber 4-\u00e9n a P\u00e1zm\u00e1ny P\u00e9ter Katolikus Egyetem B\u00f6lcs\u00e9szet- \u00e9s T\u00e1rsadalomtudom\u00e1nyi Kara Esztergomban rendezte meg \u00fcnnepi d\u00edszdiploma-\u00e1tad\u00f3 \u00fcnneps\u00e9g\u00e9t, ahol azokat a pedag\u00f3gusokat k\u00f6sz\u00f6nt\u00f6tt\u00e9k, akik 50, 60, 65, 70 vagy 75 \u00e9vvel ezel\u0151tt szerezt\u00e9k meg oklevel\u00fcket.<\/strong><\/p>\n<p>Az esem\u00e9ny h\u00e1zigazd\u00e1ja Dr. Mikl\u00f3s \u00c1gnes Kata, az \u00d3v\u00f3- \u00e9s Tan\u00edt\u00f3k\u00e9pz\u0151 Tansz\u00e9k vezet\u0151je volt, aki els\u0151k\u00e9nt k\u00f6sz\u00f6nt\u00f6tte a jelenl\u00e9v\u0151ket. \u0150t k\u00f6vet\u0151en Dr. K\u0151szeghy Mikl\u00f3s, a Kar tudom\u00e1nyos \u00e9s kutat\u00e1si d\u00e9k\u00e1nhelyettese mondott \u00fcnnepi besz\u00e9det, amelyben az Esztergomi Tan\u00edt\u00f3k\u00e9pz\u00e9s gazdag hagyom\u00e1nyait m\u00e9ltatta. Hangs\u00falyozta: a jubil\u00e1l\u00f3 pedag\u00f3gusok p\u00e9ld\u00e1ja \u00e9s visszat\u00e9r\u00e9se k\u00fcl\u00f6n\u00f6s jelent\u0151s\u00e9ggel b\u00edr a fiatalabb nemzed\u00e9kek sz\u00e1m\u00e1ra.<\/p>\n<p>Esztergom v\u00e1ros nev\u00e9ben Dr. Alberi P\u00e9ter alpolg\u00e1rmester k\u00f6sz\u00f6nt\u00f6tte az \u00fcnnepelteket, majd Espasa-Sancho Ramon, a Pr\u00edm\u00e1si Iskolak\u00f6zpont igazgat\u00f3ja osztotta meg gondolatait. Kiemelte a tan\u00e1ri hivat\u00e1s sz\u00e9ps\u00e9g\u00e9t, a di\u00e1kokkal val\u00f3 els\u0151 tal\u00e1lkoz\u00e1s felejthetetlen \u00e9lm\u00e9ny\u00e9t, valamint felid\u00e9zte a gyakorl\u00f3 iskola m\u00faltj\u00e1t, amely ma m\u00e1r a Pr\u00edm\u00e1si Iskolak\u00f6zpont r\u00e9szek\u00e9nt m\u0171k\u00f6dik, \u00faj pedag\u00f3gusokkal gyarapodva.<\/p>\n<p><img fetchpriority=\"high\" decoding=\"async\" class=\"alignnone size-full wp-image-74743\" src=\"https:\/\/dorogimedence.hu\/wp-content\/uploads\/2025\/10\/diszdiploma-04.jpg\" alt=\"\" width=\"1920\" height=\"1280\" srcset=\"https:\/\/dorogimedence.hu\/wp-content\/uploads\/2025\/10\/diszdiploma-04.jpg 1920w, https:\/\/dorogimedence.hu\/wp-content\/uploads\/2025\/10\/diszdiploma-04-600x400.jpg 600w, https:\/\/dorogimedence.hu\/wp-content\/uploads\/2025\/10\/diszdiploma-04-768x512.jpg 768w, https:\/\/dorogimedence.hu\/wp-content\/uploads\/2025\/10\/diszdiploma-04-1536x1024.jpg 1536w, https:\/\/dorogimedence.hu\/wp-content\/uploads\/2025\/10\/diszdiploma-04-150x100.jpg 150w, https:\/\/dorogimedence.hu\/wp-content\/uploads\/2025\/10\/diszdiploma-04-450x300.jpg 450w, https:\/\/dorogimedence.hu\/wp-content\/uploads\/2025\/10\/diszdiploma-04-1200x800.jpg 1200w, https:\/\/dorogimedence.hu\/wp-content\/uploads\/2025\/10\/diszdiploma-04-272x182.jpg 272w\" sizes=\"(max-width: 1920px) 100vw, 1920px\" \/><\/p>\n<p>A k\u00f6sz\u00f6nt\u0151k ut\u00e1n a Pr\u00edm\u00e1si Iskolak\u00f6zpont di\u00e1kjai sz\u00ednes kultur\u00e1lis programmal kedveskedtek: citerazen\u00e9vel \u00e9s zen\u00e9s-t\u00e1ncos m\u0171sorral sz\u00f3rakoztatt\u00e1k a k\u00f6z\u00f6ns\u00e9get. A citer\u00e1sok felk\u00e9sz\u00edt\u0151je Poncs\u00e1k Zsuzsanna tan\u00e1rn\u0151, m\u00edg a n\u00e9met nemzetis\u00e9gi t\u00e1ncot el\u0151ad\u00f3 di\u00e1kokat S\u00e1ndor Szilvia k\u00e9sz\u00edtette fel.<\/p>\n<p>Dr. Mikl\u00f3s \u00c1gnes Kata besz\u00e9d\u00e9ben csal\u00e1di eml\u00e9keket id\u00e9zett fel: nagymam\u00e1ja pedag\u00f3gusi p\u00e1ly\u00e1j\u00e1nak p\u00e9ld\u00e1j\u00e1n kereszt\u00fcl mutatta be azt az \u00e9rt\u00e9krendet \u00e9s m\u00f3dszert, amelyet \u0151 maga is k\u00f6vetett, \u00e9s tov\u00e1bbadott hallgat\u00f3inak.<\/p>\n<p>A m\u0171sort az \u00c9rsekvadkerti Pedag\u00f3gus \u00c9nekkar emelte \u00fcnnep\u00e9lyes hangulat\u00fav\u00e1, M\u00e1ty\u00e1s Levente karnagy, a Magyar Kult\u00fara Lovagja \u00e9s egykori p\u00e1zm\u00e1nyos hallgat\u00f3 vezet\u00e9s\u00e9vel. Az el\u0151ad\u00e1sban klasszikus zenei m\u0171vek is felcsend\u00fcltek, t\u00f6bbek k\u00f6z\u00f6tt Vivaldi, M. Haydn, Werner Lajos \u00e9s Mark Miller darabjai.<\/p>\n<p>Ezt k\u00f6vet\u0151en ker\u00fclt sor a d\u00edszdiplom\u00e1k \u00e1tad\u00e1s\u00e1ra. Dr. K\u0151szeghy Mikl\u00f3s arany-, gy\u00e9m\u00e1nt-, vas-, rubin- \u00e9s gr\u00e1nitdiplom\u00e1kat adott \u00e1t azoknak a pedag\u00f3gusoknak, akik f\u00e9l \u00e9vsz\u00e1zaddal vagy ann\u00e1l r\u00e9gebben szerezt\u00e9k meg diplom\u00e1jukat, \u00e9s p\u00e1lyafut\u00e1suk sor\u00e1n t\u00f6bb \u00e9vtizeden \u00e1t, p\u00e9ldamutat\u00f3an szolg\u00e1lt\u00e1k a k\u00f6z\u00f6ss\u00e9get.<\/p>\n<p><img decoding=\"async\" class=\"alignnone size-full wp-image-74744\" src=\"https:\/\/dorogimedence.hu\/wp-content\/uploads\/2025\/10\/diszdiploma-03.jpg\" alt=\"\" width=\"1920\" height=\"1280\" srcset=\"https:\/\/dorogimedence.hu\/wp-content\/uploads\/2025\/10\/diszdiploma-03.jpg 1920w, https:\/\/dorogimedence.hu\/wp-content\/uploads\/2025\/10\/diszdiploma-03-600x400.jpg 600w, https:\/\/dorogimedence.hu\/wp-content\/uploads\/2025\/10\/diszdiploma-03-768x512.jpg 768w, https:\/\/dorogimedence.hu\/wp-content\/uploads\/2025\/10\/diszdiploma-03-1536x1024.jpg 1536w, https:\/\/dorogimedence.hu\/wp-content\/uploads\/2025\/10\/diszdiploma-03-150x100.jpg 150w, https:\/\/dorogimedence.hu\/wp-content\/uploads\/2025\/10\/diszdiploma-03-450x300.jpg 450w, https:\/\/dorogimedence.hu\/wp-content\/uploads\/2025\/10\/diszdiploma-03-1200x800.jpg 1200w, https:\/\/dorogimedence.hu\/wp-content\/uploads\/2025\/10\/diszdiploma-03-272x182.jpg 272w\" sizes=\"(max-width: 1920px) 100vw, 1920px\" \/><\/p>\n<p>Az \u00fcnneps\u00e9g meghat\u00f3 pillanata volt, amikor Debn\u00e1rik G\u00e9z\u00e1n\u00e9, nyugalmazott, gy\u00e9m\u00e1ntdiplom\u00e1s pedag\u00f3gus k\u00f6sz\u00f6nt\u00f6tte a r\u00e9sztvev\u0151ket. Besz\u00e9d\u00e9ben h\u00e1l\u00e1val tekintett vissza p\u00e1ly\u00e1j\u00e1ra, hangs\u00falyozva, hogy a neh\u00e9zs\u00e9gek ellen\u00e9re boldogan eml\u00e9kszik vissza a tan\u00edt\u00e1ssal t\u00f6lt\u00f6tt \u00e9vekre. Gratul\u00e1ci\u00f3j\u00e1t fejezte ki a most diplom\u00e1z\u00f3knak, \u00e9s Szent-G\u00e1ly Kata szavaival z\u00e1rta gondolatait.<\/p>\n<p>A rendezv\u00e9ny m\u00e9lt\u00f3 f\u0151hajt\u00e1s volt azok el\u0151tt a pedag\u00f3gusok el\u0151tt, akik \u00e9vtizedeken \u00e1t hivat\u00e1sukkal form\u00e1lt\u00e1k a j\u00f6v\u0151 nemzed\u00e9k\u00e9t, \u00e9s p\u00e9ld\u00e1t adtak emberi \u00e9s szakmai elk\u00f6telezetts\u00e9gb\u0151l. Sz\u00edvb\u0151l gratul\u00e1lunk minden \u00fcnnepeltnek!<\/p>\n<p>A rendezv\u00e9nyen k\u00e9sz\u00fclt f\u00e9nyk\u00e9pek a Kar honlapj\u00e1n (<a href=\"http:\/\/www.btk.ppke.hu\" target=\"_blank\" rel=\"noopener\"><span style=\"text-decoration: underline; color: #0000ff;\">www.btk.ppke.hu<\/span><\/a>) tekinthet\u0151k meg. A fot\u00f3kat Juh\u00e1sz Zs\u00f3fia Vanessza k\u00e9sz\u00edtette.<\/p>\n<p><em><strong>Kissn\u00e9 Csorba Erika<\/strong><\/em><\/p>\n","protected":false},"excerpt":{"rendered":"<p>2025. okt\u00f3ber 4-\u00e9n a P\u00e1zm\u00e1ny P\u00e9ter Katolikus Egyetem B\u00f6lcs\u00e9szet- \u00e9s T\u00e1rsadalomtudom\u00e1nyi Kara Esztergomban rendezte meg \u00fcnnepi d\u00edszdiploma-\u00e1tad\u00f3 \u00fcnneps\u00e9g\u00e9t, ahol azokat a pedag\u00f3gusokat k\u00f6sz\u00f6nt\u00f6tt\u00e9k, akik 50, 60, 65, 70 vagy 75 \u00e9vvel ezel\u0151tt szerezt\u00e9k meg oklevel\u00fcket. Az esem\u00e9ny h\u00e1zigazd\u00e1ja Dr. Mikl\u00f3s \u00c1gnes Kata, az \u00d3v\u00f3- \u00e9s Tan\u00edt\u00f3k\u00e9pz\u0151 Tansz\u00e9k vezet\u0151je volt, aki els\u0151k\u00e9nt k\u00f6sz\u00f6nt\u00f6tte a jelenl\u00e9v\u0151ket. \u0150t<\/p>\n","protected":false},"author":1,"featured_media":74742,"comment_status":"closed","ping_status":"closed","sticky":false,"template":"","format":"standard","meta":{"ngg_post_thumbnail":0,"footnotes":""},"categories":[38,3],"tags":[6019,42,5624,1269],"class_list":{"0":"post-74741","1":"post","2":"type-post","3":"status-publish","4":"format-standard","5":"has-post-thumbnail","7":"category-esztergom","8":"category-hirek","9":"tag-diszdiploma","10":"tag-esztergom","11":"tag-featured","12":"tag-pazmany"},"yoast_head":"<!-- This site is optimized with the Yoast SEO plugin v27.5 - https:\/\/yoast.com\/product\/yoast-seo-wordpress\/ -->\n<title>\u00dcnnepi d\u00edszdiploma-\u00e1tad\u00f3 a P\u00e1zm\u00e1ny BTK-n<\/title>\n<meta name=\"robots\" content=\"index, follow, max-snippet:-1, max-image-preview:large, max-video-preview:-1\" \/>\n<link rel=\"canonical\" href=\"https:\/\/dorogimedence.hu\/index.php\/2025\/10\/06\/unnepi-diszdiploma-atado-a-pazmany-btk-n\/\" class=\"yoast-seo-meta-tag\" \/>\n<meta property=\"og:locale\" content=\"hu_HU\" class=\"yoast-seo-meta-tag\" \/>\n<meta property=\"og:type\" content=\"article\" class=\"yoast-seo-meta-tag\" \/>\n<meta property=\"og:title\" content=\"\u00dcnnepi d\u00edszdiploma-\u00e1tad\u00f3 a P\u00e1zm\u00e1ny BTK-n\" class=\"yoast-seo-meta-tag\" \/>\n<meta property=\"og:description\" content=\"2025. okt\u00f3ber 4-\u00e9n a P\u00e1zm\u00e1ny P\u00e9ter Katolikus Egyetem B\u00f6lcs\u00e9szet- \u00e9s T\u00e1rsadalomtudom\u00e1nyi Kara Esztergomban rendezte meg \u00fcnnepi d\u00edszdiploma-\u00e1tad\u00f3 \u00fcnneps\u00e9g\u00e9t, ahol azokat a pedag\u00f3gusokat k\u00f6sz\u00f6nt\u00f6tt\u00e9k, akik 50, 60, 65, 70 vagy 75 \u00e9vvel ezel\u0151tt szerezt\u00e9k meg oklevel\u00fcket. Az esem\u00e9ny h\u00e1zigazd\u00e1ja Dr. Mikl\u00f3s \u00c1gnes Kata, az \u00d3v\u00f3- \u00e9s Tan\u00edt\u00f3k\u00e9pz\u0151 Tansz\u00e9k vezet\u0151je volt, aki els\u0151k\u00e9nt k\u00f6sz\u00f6nt\u00f6tte a jelenl\u00e9v\u0151ket. \u0150t\" class=\"yoast-seo-meta-tag\" \/>\n<meta property=\"og:url\" content=\"https:\/\/dorogimedence.hu\/index.php\/2025\/10\/06\/unnepi-diszdiploma-atado-a-pazmany-btk-n\/\" class=\"yoast-seo-meta-tag\" \/>\n<meta property=\"og:site_name\" content=\"Dorogi-medence Region\u00e1lis H\u00edrport\u00e1l\" class=\"yoast-seo-meta-tag\" \/>\n<meta property=\"article:publisher\" content=\"https:\/\/www.facebook.com\/dorogimedence\/\" class=\"yoast-seo-meta-tag\" \/>\n<meta property=\"article:published_time\" content=\"2025-10-06T12:32:55+00:00\" class=\"yoast-seo-meta-tag\" \/>\n<meta property=\"article:modified_time\" content=\"2025-10-07T07:20:32+00:00\" class=\"yoast-seo-meta-tag\" \/>\n<meta property=\"og:image\" content=\"https:\/\/dorogimedence.hu\/wp-content\/uploads\/2025\/10\/diszdiploma-01.jpg\" class=\"yoast-seo-meta-tag\" \/>\n\t<meta property=\"og:image:width\" content=\"1920\" class=\"yoast-seo-meta-tag\" \/>\n\t<meta property=\"og:image:height\" content=\"970\" class=\"yoast-seo-meta-tag\" \/>\n\t<meta property=\"og:image:type\" content=\"image\/jpeg\" class=\"yoast-seo-meta-tag\" \/>\n<meta name=\"author\" content=\"dorogimedence.hu\" class=\"yoast-seo-meta-tag\" \/>\n<meta name=\"twitter:card\" content=\"summary_large_image\" class=\"yoast-seo-meta-tag\" \/>\n<meta name=\"twitter:label1\" content=\"Szerz\u0151:\" class=\"yoast-seo-meta-tag\" \/>\n\t<meta name=\"twitter:data1\" content=\"dorogimedence.hu\" class=\"yoast-seo-meta-tag\" \/>\n\t<meta name=\"twitter:label2\" content=\"Becs\u00fclt olvas\u00e1si id\u0151\" class=\"yoast-seo-meta-tag\" \/>\n\t<meta name=\"twitter:data2\" content=\"3 perc\" class=\"yoast-seo-meta-tag\" \/>\n<script type=\"application\/ld+json\" class=\"yoast-schema-graph\">{\"@context\":\"https:\\\/\\\/schema.org\",\"@graph\":[{\"@type\":\"Article\",\"@id\":\"https:\\\/\\\/dorogimedence.hu\\\/index.php\\\/2025\\\/10\\\/06\\\/unnepi-diszdiploma-atado-a-pazmany-btk-n\\\/#article\",\"isPartOf\":{\"@id\":\"https:\\\/\\\/dorogimedence.hu\\\/index.php\\\/2025\\\/10\\\/06\\\/unnepi-diszdiploma-atado-a-pazmany-btk-n\\\/\"},\"author\":{\"name\":\"dorogimedence.hu\",\"@id\":\"https:\\\/\\\/dorogimedence.hu\\\/#\\\/schema\\\/person\\\/ce6091eeb7e95ecdc87890d6aa8e0fd4\"},\"headline\":\"\u00dcnnepi d\u00edszdiploma-\u00e1tad\u00f3 a P\u00e1zm\u00e1ny BTK-n\",\"datePublished\":\"2025-10-06T12:32:55+00:00\",\"dateModified\":\"2025-10-07T07:20:32+00:00\",\"mainEntityOfPage\":{\"@id\":\"https:\\\/\\\/dorogimedence.hu\\\/index.php\\\/2025\\\/10\\\/06\\\/unnepi-diszdiploma-atado-a-pazmany-btk-n\\\/\"},\"wordCount\":651,\"publisher\":{\"@id\":\"https:\\\/\\\/dorogimedence.hu\\\/#organization\"},\"image\":{\"@id\":\"https:\\\/\\\/dorogimedence.hu\\\/index.php\\\/2025\\\/10\\\/06\\\/unnepi-diszdiploma-atado-a-pazmany-btk-n\\\/#primaryimage\"},\"thumbnailUrl\":\"https:\\\/\\\/dorogimedence.hu\\\/wp-content\\\/uploads\\\/2025\\\/10\\\/diszdiploma-01.jpg\",\"keywords\":[\"d\u00edszdiploma\",\"esztergom\",\"featured\",\"P\u00e1zm\u00e1ny\"],\"articleSection\":[\"Esztergom\",\"H\u00edrek\"],\"inLanguage\":\"hu\"},{\"@type\":\"WebPage\",\"@id\":\"https:\\\/\\\/dorogimedence.hu\\\/index.php\\\/2025\\\/10\\\/06\\\/unnepi-diszdiploma-atado-a-pazmany-btk-n\\\/\",\"url\":\"https:\\\/\\\/dorogimedence.hu\\\/index.php\\\/2025\\\/10\\\/06\\\/unnepi-diszdiploma-atado-a-pazmany-btk-n\\\/\",\"name\":\"\u00dcnnepi d\u00edszdiploma-\u00e1tad\u00f3 a P\u00e1zm\u00e1ny BTK-n\",\"isPartOf\":{\"@id\":\"https:\\\/\\\/dorogimedence.hu\\\/#website\"},\"primaryImageOfPage\":{\"@id\":\"https:\\\/\\\/dorogimedence.hu\\\/index.php\\\/2025\\\/10\\\/06\\\/unnepi-diszdiploma-atado-a-pazmany-btk-n\\\/#primaryimage\"},\"image\":{\"@id\":\"https:\\\/\\\/dorogimedence.hu\\\/index.php\\\/2025\\\/10\\\/06\\\/unnepi-diszdiploma-atado-a-pazmany-btk-n\\\/#primaryimage\"},\"thumbnailUrl\":\"https:\\\/\\\/dorogimedence.hu\\\/wp-content\\\/uploads\\\/2025\\\/10\\\/diszdiploma-01.jpg\",\"datePublished\":\"2025-10-06T12:32:55+00:00\",\"dateModified\":\"2025-10-07T07:20:32+00:00\",\"breadcrumb\":{\"@id\":\"https:\\\/\\\/dorogimedence.hu\\\/index.php\\\/2025\\\/10\\\/06\\\/unnepi-diszdiploma-atado-a-pazmany-btk-n\\\/#breadcrumb\"},\"inLanguage\":\"hu\",\"potentialAction\":[{\"@type\":\"ReadAction\",\"target\":[\"https:\\\/\\\/dorogimedence.hu\\\/index.php\\\/2025\\\/10\\\/06\\\/unnepi-diszdiploma-atado-a-pazmany-btk-n\\\/\"]}]},{\"@type\":\"ImageObject\",\"inLanguage\":\"hu\",\"@id\":\"https:\\\/\\\/dorogimedence.hu\\\/index.php\\\/2025\\\/10\\\/06\\\/unnepi-diszdiploma-atado-a-pazmany-btk-n\\\/#primaryimage\",\"url\":\"https:\\\/\\\/dorogimedence.hu\\\/wp-content\\\/uploads\\\/2025\\\/10\\\/diszdiploma-01.jpg\",\"contentUrl\":\"https:\\\/\\\/dorogimedence.hu\\\/wp-content\\\/uploads\\\/2025\\\/10\\\/diszdiploma-01.jpg\",\"width\":1920,\"height\":970},{\"@type\":\"BreadcrumbList\",\"@id\":\"https:\\\/\\\/dorogimedence.hu\\\/index.php\\\/2025\\\/10\\\/06\\\/unnepi-diszdiploma-atado-a-pazmany-btk-n\\\/#breadcrumb\",\"itemListElement\":[{\"@type\":\"ListItem\",\"position\":1,\"name\":\"Kezd\u0151lap\",\"item\":\"https:\\\/\\\/dorogimedence.hu\\\/\"},{\"@type\":\"ListItem\",\"position\":2,\"name\":\"\u00dcnnepi d\u00edszdiploma-\u00e1tad\u00f3 a P\u00e1zm\u00e1ny BTK-n\"}]},{\"@type\":\"WebSite\",\"@id\":\"https:\\\/\\\/dorogimedence.hu\\\/#website\",\"url\":\"https:\\\/\\\/dorogimedence.hu\\\/\",\"name\":\"Dorogi-medence Region\u00e1lis H\u00edrport\u00e1l\",\"description\":\"Dorog, Keszt\u00f6lc, Le\u00e1nyv\u00e1r, Piliscs\u00e9v, Tokod, Tokodalt\u00e1r\u00f3, Csolnok, Esztergom-kertv\u00e1ros: h\u00edrek, programok\",\"publisher\":{\"@id\":\"https:\\\/\\\/dorogimedence.hu\\\/#organization\"},\"potentialAction\":[{\"@type\":\"SearchAction\",\"target\":{\"@type\":\"EntryPoint\",\"urlTemplate\":\"https:\\\/\\\/dorogimedence.hu\\\/?s={search_term_string}\"},\"query-input\":{\"@type\":\"PropertyValueSpecification\",\"valueRequired\":true,\"valueName\":\"search_term_string\"}}],\"inLanguage\":\"hu\"},{\"@type\":\"Organization\",\"@id\":\"https:\\\/\\\/dorogimedence.hu\\\/#organization\",\"name\":\"Dorogi-medence Region\u00e1lis H\u00edrport\u00e1l\",\"url\":\"https:\\\/\\\/dorogimedence.hu\\\/\",\"logo\":{\"@type\":\"ImageObject\",\"inLanguage\":\"hu\",\"@id\":\"https:\\\/\\\/dorogimedence.hu\\\/#\\\/schema\\\/logo\\\/image\\\/\",\"url\":\"https:\\\/\\\/dorogimedence.hu\\\/wp-content\\\/uploads\\\/2021\\\/04\\\/logo-feher-600.png\",\"contentUrl\":\"https:\\\/\\\/dorogimedence.hu\\\/wp-content\\\/uploads\\\/2021\\\/04\\\/logo-feher-600.png\",\"width\":600,\"height\":100,\"caption\":\"Dorogi-medence Region\u00e1lis H\u00edrport\u00e1l\"},\"image\":{\"@id\":\"https:\\\/\\\/dorogimedence.hu\\\/#\\\/schema\\\/logo\\\/image\\\/\"},\"sameAs\":[\"https:\\\/\\\/www.facebook.com\\\/dorogimedence\\\/\"]},{\"@type\":\"Person\",\"@id\":\"https:\\\/\\\/dorogimedence.hu\\\/#\\\/schema\\\/person\\\/ce6091eeb7e95ecdc87890d6aa8e0fd4\",\"name\":\"dorogimedence.hu\",\"image\":{\"@type\":\"ImageObject\",\"inLanguage\":\"hu\",\"@id\":\"\\\/\\\/www.gravatar.com\\\/avatar\\\/d8d45f8901aadff40a4af72c0b826f1d?s=96&#038;r=g&#038;d=mm\",\"url\":\"\\\/\\\/www.gravatar.com\\\/avatar\\\/d8d45f8901aadff40a4af72c0b826f1d?s=96&#038;r=g&#038;d=mm\",\"contentUrl\":\"\\\/\\\/www.gravatar.com\\\/avatar\\\/d8d45f8901aadff40a4af72c0b826f1d?s=96&#038;r=g&#038;d=mm\",\"caption\":\"dorogimedence.hu\"}}]}<\/script>\n<!-- \/ Yoast SEO plugin. -->","yoast_head_json":{"title":"\u00dcnnepi d\u00edszdiploma-\u00e1tad\u00f3 a P\u00e1zm\u00e1ny BTK-n","robots":{"index":"index","follow":"follow","max-snippet":"max-snippet:-1","max-image-preview":"max-image-preview:large","max-video-preview":"max-video-preview:-1"},"canonical":"https:\/\/dorogimedence.hu\/index.php\/2025\/10\/06\/unnepi-diszdiploma-atado-a-pazmany-btk-n\/","og_locale":"hu_HU","og_type":"article","og_title":"\u00dcnnepi d\u00edszdiploma-\u00e1tad\u00f3 a P\u00e1zm\u00e1ny BTK-n","og_description":"2025. okt\u00f3ber 4-\u00e9n a P\u00e1zm\u00e1ny P\u00e9ter Katolikus Egyetem B\u00f6lcs\u00e9szet- \u00e9s T\u00e1rsadalomtudom\u00e1nyi Kara Esztergomban rendezte meg \u00fcnnepi d\u00edszdiploma-\u00e1tad\u00f3 \u00fcnneps\u00e9g\u00e9t, ahol azokat a pedag\u00f3gusokat k\u00f6sz\u00f6nt\u00f6tt\u00e9k, akik 50, 60, 65, 70 vagy 75 \u00e9vvel ezel\u0151tt szerezt\u00e9k meg oklevel\u00fcket. Az esem\u00e9ny h\u00e1zigazd\u00e1ja Dr. Mikl\u00f3s \u00c1gnes Kata, az \u00d3v\u00f3- \u00e9s Tan\u00edt\u00f3k\u00e9pz\u0151 Tansz\u00e9k vezet\u0151je volt, aki els\u0151k\u00e9nt k\u00f6sz\u00f6nt\u00f6tte a jelenl\u00e9v\u0151ket. \u0150t","og_url":"https:\/\/dorogimedence.hu\/index.php\/2025\/10\/06\/unnepi-diszdiploma-atado-a-pazmany-btk-n\/","og_site_name":"Dorogi-medence Region\u00e1lis H\u00edrport\u00e1l","article_publisher":"https:\/\/www.facebook.com\/dorogimedence\/","article_published_time":"2025-10-06T12:32:55+00:00","article_modified_time":"2025-10-07T07:20:32+00:00","og_image":[{"width":1920,"height":970,"url":"https:\/\/dorogimedence.hu\/wp-content\/uploads\/2025\/10\/diszdiploma-01.jpg","type":"image\/jpeg"}],"author":"dorogimedence.hu","twitter_card":"summary_large_image","twitter_misc":{"Szerz\u0151:":"dorogimedence.hu","Becs\u00fclt olvas\u00e1si id\u0151":"3 perc"},"schema":{"@context":"https:\/\/schema.org","@graph":[{"@type":"Article","@id":"https:\/\/dorogimedence.hu\/index.php\/2025\/10\/06\/unnepi-diszdiploma-atado-a-pazmany-btk-n\/#article","isPartOf":{"@id":"https:\/\/dorogimedence.hu\/index.php\/2025\/10\/06\/unnepi-diszdiploma-atado-a-pazmany-btk-n\/"},"author":{"name":"dorogimedence.hu","@id":"https:\/\/dorogimedence.hu\/#\/schema\/person\/ce6091eeb7e95ecdc87890d6aa8e0fd4"},"headline":"\u00dcnnepi d\u00edszdiploma-\u00e1tad\u00f3 a P\u00e1zm\u00e1ny BTK-n","datePublished":"2025-10-06T12:32:55+00:00","dateModified":"2025-10-07T07:20:32+00:00","mainEntityOfPage":{"@id":"https:\/\/dorogimedence.hu\/index.php\/2025\/10\/06\/unnepi-diszdiploma-atado-a-pazmany-btk-n\/"},"wordCount":651,"publisher":{"@id":"https:\/\/dorogimedence.hu\/#organization"},"image":{"@id":"https:\/\/dorogimedence.hu\/index.php\/2025\/10\/06\/unnepi-diszdiploma-atado-a-pazmany-btk-n\/#primaryimage"},"thumbnailUrl":"https:\/\/dorogimedence.hu\/wp-content\/uploads\/2025\/10\/diszdiploma-01.jpg","keywords":["d\u00edszdiploma","esztergom","featured","P\u00e1zm\u00e1ny"],"articleSection":["Esztergom","H\u00edrek"],"inLanguage":"hu"},{"@type":"WebPage","@id":"https:\/\/dorogimedence.hu\/index.php\/2025\/10\/06\/unnepi-diszdiploma-atado-a-pazmany-btk-n\/","url":"https:\/\/dorogimedence.hu\/index.php\/2025\/10\/06\/unnepi-diszdiploma-atado-a-pazmany-btk-n\/","name":"\u00dcnnepi d\u00edszdiploma-\u00e1tad\u00f3 a P\u00e1zm\u00e1ny BTK-n","isPartOf":{"@id":"https:\/\/dorogimedence.hu\/#website"},"primaryImageOfPage":{"@id":"https:\/\/dorogimedence.hu\/index.php\/2025\/10\/06\/unnepi-diszdiploma-atado-a-pazmany-btk-n\/#primaryimage"},"image":{"@id":"https:\/\/dorogimedence.hu\/index.php\/2025\/10\/06\/unnepi-diszdiploma-atado-a-pazmany-btk-n\/#primaryimage"},"thumbnailUrl":"https:\/\/dorogimedence.hu\/wp-content\/uploads\/2025\/10\/diszdiploma-01.jpg","datePublished":"2025-10-06T12:32:55+00:00","dateModified":"2025-10-07T07:20:32+00:00","breadcrumb":{"@id":"https:\/\/dorogimedence.hu\/index.php\/2025\/10\/06\/unnepi-diszdiploma-atado-a-pazmany-btk-n\/#breadcrumb"},"inLanguage":"hu","potentialAction":[{"@type":"ReadAction","target":["https:\/\/dorogimedence.hu\/index.php\/2025\/10\/06\/unnepi-diszdiploma-atado-a-pazmany-btk-n\/"]}]},{"@type":"ImageObject","inLanguage":"hu","@id":"https:\/\/dorogimedence.hu\/index.php\/2025\/10\/06\/unnepi-diszdiploma-atado-a-pazmany-btk-n\/#primaryimage","url":"https:\/\/dorogimedence.hu\/wp-content\/uploads\/2025\/10\/diszdiploma-01.jpg","contentUrl":"https:\/\/dorogimedence.hu\/wp-content\/uploads\/2025\/10\/diszdiploma-01.jpg","width":1920,"height":970},{"@type":"BreadcrumbList","@id":"https:\/\/dorogimedence.hu\/index.php\/2025\/10\/06\/unnepi-diszdiploma-atado-a-pazmany-btk-n\/#breadcrumb","itemListElement":[{"@type":"ListItem","position":1,"name":"Kezd\u0151lap","item":"https:\/\/dorogimedence.hu\/"},{"@type":"ListItem","position":2,"name":"\u00dcnnepi d\u00edszdiploma-\u00e1tad\u00f3 a P\u00e1zm\u00e1ny BTK-n"}]},{"@type":"WebSite","@id":"https:\/\/dorogimedence.hu\/#website","url":"https:\/\/dorogimedence.hu\/","name":"Dorogi-medence Region\u00e1lis H\u00edrport\u00e1l","description":"Dorog, Keszt\u00f6lc, Le\u00e1nyv\u00e1r, Piliscs\u00e9v, Tokod, Tokodalt\u00e1r\u00f3, Csolnok, Esztergom-kertv\u00e1ros: h\u00edrek, programok","publisher":{"@id":"https:\/\/dorogimedence.hu\/#organization"},"potentialAction":[{"@type":"SearchAction","target":{"@type":"EntryPoint","urlTemplate":"https:\/\/dorogimedence.hu\/?s={search_term_string}"},"query-input":{"@type":"PropertyValueSpecification","valueRequired":true,"valueName":"search_term_string"}}],"inLanguage":"hu"},{"@type":"Organization","@id":"https:\/\/dorogimedence.hu\/#organization","name":"Dorogi-medence Region\u00e1lis H\u00edrport\u00e1l","url":"https:\/\/dorogimedence.hu\/","logo":{"@type":"ImageObject","inLanguage":"hu","@id":"https:\/\/dorogimedence.hu\/#\/schema\/logo\/image\/","url":"https:\/\/dorogimedence.hu\/wp-content\/uploads\/2021\/04\/logo-feher-600.png","contentUrl":"https:\/\/dorogimedence.hu\/wp-content\/uploads\/2021\/04\/logo-feher-600.png","width":600,"height":100,"caption":"Dorogi-medence Region\u00e1lis H\u00edrport\u00e1l"},"image":{"@id":"https:\/\/dorogimedence.hu\/#\/schema\/logo\/image\/"},"sameAs":["https:\/\/www.facebook.com\/dorogimedence\/"]},{"@type":"Person","@id":"https:\/\/dorogimedence.hu\/#\/schema\/person\/ce6091eeb7e95ecdc87890d6aa8e0fd4","name":"dorogimedence.hu","image":{"@type":"ImageObject","inLanguage":"hu","@id":"\/\/www.gravatar.com\/avatar\/d8d45f8901aadff40a4af72c0b826f1d?s=96&#038;r=g&#038;d=mm","url":"\/\/www.gravatar.com\/avatar\/d8d45f8901aadff40a4af72c0b826f1d?s=96&#038;r=g&#038;d=mm","contentUrl":"\/\/www.gravatar.com\/avatar\/d8d45f8901aadff40a4af72c0b826f1d?s=96&#038;r=g&#038;d=mm","caption":"dorogimedence.hu"}}]}},"_links":{"self":[{"href":"https:\/\/dorogimedence.hu\/index.php\/wp-json\/wp\/v2\/posts\/74741","targetHints":{"allow":["GET"]}}],"collection":[{"href":"https:\/\/dorogimedence.hu\/index.php\/wp-json\/wp\/v2\/posts"}],"about":[{"href":"https:\/\/dorogimedence.hu\/index.php\/wp-json\/wp\/v2\/types\/post"}],"author":[{"embeddable":true,"href":"https:\/\/dorogimedence.hu\/index.php\/wp-json\/wp\/v2\/users\/1"}],"replies":[{"embeddable":true,"href":"https:\/\/dorogimedence.hu\/index.php\/wp-json\/wp\/v2\/comments?post=74741"}],"version-history":[{"count":0,"href":"https:\/\/dorogimedence.hu\/index.php\/wp-json\/wp\/v2\/posts\/74741\/revisions"}],"wp:featuredmedia":[{"embeddable":true,"href":"https:\/\/dorogimedence.hu\/index.php\/wp-json\/wp\/v2\/media\/74742"}],"wp:attachment":[{"href":"https:\/\/dorogimedence.hu\/index.php\/wp-json\/wp\/v2\/media?parent=74741"}],"wp:term":[{"taxonomy":"category","embeddable":true,"href":"https:\/\/dorogimedence.hu\/index.php\/wp-json\/wp\/v2\/categories?post=74741"},{"taxonomy":"post_tag","embeddable":true,"href":"https:\/\/dorogimedence.hu\/index.php\/wp-json\/wp\/v2\/tags?post=74741"}],"curies":[{"name":"wp","href":"https:\/\/api.w.org\/{rel}","templated":true}]}}