{"id":74619,"date":"2025-10-01T10:30:40","date_gmt":"2025-10-01T08:30:40","guid":{"rendered":"https:\/\/dorogimedence.hu\/?p=74619"},"modified":"2025-10-01T10:30:40","modified_gmt":"2025-10-01T08:30:40","slug":"fedezd-fel-az-erdot-az-erdeszekkel-elindult-a-2025-os-erdok-hete","status":"publish","type":"post","link":"https:\/\/dorogimedence.hu\/index.php\/2025\/10\/01\/fedezd-fel-az-erdot-az-erdeszekkel-elindult-a-2025-os-erdok-hete\/","title":{"rendered":"Fedezd fel az erd\u0151t az erd\u00e9szekkel! &#8211; Elindult a 2025-\u00f6s Erd\u0151k Hete"},"content":{"rendered":"<p><strong>1997 \u00f3ta szeptember utols\u00f3 het\u00e9n imm\u00e1r hagyom\u00e1nyosan megrendez\u00e9sre ker\u00fcl az Erd\u0151k Hete, amelynek c\u00e9lja, hogy felh\u00edvja a figyelmet haz\u00e1nk term\u00e9szeti kincseinek meg\u0151rz\u00e9s\u00e9re, k\u00fcl\u00f6n\u00f6sen az erd\u0151k soksz\u00edn\u0171, p\u00f3tolhatatlan szerep\u00e9re az \u00e9let\u00fcnkben.<\/strong><\/p>\n<p>F\u0151 c\u00e9lja, hogy a Magyarorsz\u00e1g ter\u00fclet\u00e9nek egy\u00f6t\u00f6d\u00e9t bor\u00edt\u00f3 erd\u0151\u00e1llom\u00e1ny p\u00e1ratlan gazdags\u00e1g\u00e1t, k\u00f6zj\u00f3l\u00e9ti \u00e9s a nemzeti vagyonban bet\u00f6lt\u00f6tt szerep\u00e9t megismertesse az erd\u00e9szek seg\u00edts\u00e9g\u00e9vel a legsz\u00e9lesebb nyilv\u00e1noss\u00e1ggal. Ennek keret\u00e9ben okt\u00f3ber 5-ig, orsz\u00e1gosan t\u00f6bb mint 100 program fog nagyobb figyelmet ir\u00e1ny\u00edtani a magyar erd\u0151kre. A vezetett, ingyenes t\u00far\u00e1k, az ismeretterjeszt\u0151 el\u0151ad\u00e1sok, fafaj- \u00e9s mad\u00e1rbemutat\u00f3k, interakt\u00edv j\u00e1t\u00e9kok, fa\u00fcltet\u00e9si akci\u00f3k, j\u00e1t\u00e9kos vet\u00e9lked\u0151k mellett erdei koncert, sportverseny \u00e9s tov\u00e1bbi k\u00fcl\u00f6nf\u00e9le akci\u00f3k is sz\u00ednes\u00edtik a k\u00edn\u00e1latot. Az idei programok aj\u00e1nl\u00f3i, h\u00edrei az \u00e1llami erd\u0151gazdas\u00e1gok \u00e9s az erd\u00e9szeti erdei iskol\u00e1k honlapjain, Facebook oldalain, valamint az <strong><u><a href=\"https:\/\/www.facebook.com\/erdeszetiegyesulet\"><span style=\"color: #0000ff;\">Orsz\u00e1gos Erd\u00e9szeti Egyes\u00fclet Facebook oldal\u00e1n<\/span><\/a><\/u><\/strong>&nbsp;ker\u00fclnek megoszt\u00e1sra.&nbsp;<\/p>\n<p>Az Erd\u0151k Hete programsorozatot az Orsz\u00e1gos Erd\u00e9szeti Egyes\u00fclet Erd\u00e9szeti Erdei Iskola Szakoszt\u00e1lya ind\u00edtotta \u00fatj\u00e1ra, ez\u00e9rt a programok alapj\u00e1t az erd\u00e9szeti erdei iskol\u00e1k tananyaga, m\u00f3dszertana adja.&nbsp;&nbsp;Az erd\u0151, mely j\u00f6v\u0151nk z\u00e1loga, arra eml\u00e9keztet benn\u00fcnket, hogy az erd\u0151k nemcsak oxig\u00e9nt adnak, hanem otthont biztos\u00edtanak t\u00f6bb ezer fajnak, hozz\u00e1j\u00e1rulnak a kl\u00edmav\u00e9delemhez, \u00e9s lelki-szellemi felt\u00f6lt\u0151d\u00e9st is ny\u00fajtanak sz\u00e1munkra.&nbsp;<\/p>\n<p>Az Erd\u0151k Hete keret\u00e9ben okt\u00f3ber 1-j\u00e9n ker\u00fcl meghirdet\u00e9sre a <strong><em><u><a href=\"https:\/\/www.oee.hu\/hatizsakbanazerdo2025osz\" target=\"_blank\" rel=\"noopener\"><span style=\"color: #0000ff;\">\u201eH\u00e1tizs\u00e1kban az erd\u0151\u201d<\/span><\/a><\/u><\/em><\/strong>&nbsp;p\u00e1ly\u00e1zatunk az \u00f3vodai int\u00e9zm\u00e9nyek sz\u00e1m\u00e1ra. A p\u00e1ly\u00e1zat erd\u0151pedag\u00f3giai m\u00f3dszereken alapul\u00f3 gy\u0171jtem\u00e9ny\u00e9vel szeretn\u00e9nk ablakot nyitni a term\u00e9szet csod\u00e1ira, az \u00e9lm\u00e9ny \u00fatj\u00e1n t\u00f6rt\u00e9n\u0151 ismeret\u00e1tad\u00e1sra az \u00f3vod\u00e1sok sz\u00e1m\u00e1ra is. C\u00e9lunk, hogy a p\u00e1ly\u00e1zaton elnyerhet\u0151 eszk\u00f6z\u00f6k \u00e9s le\u00edr\u00e1sok seg\u00edts\u00e9g\u00e9vel az \u00f3vodapedag\u00f3gusok saj\u00e1t maguk is k\u00e9pesek legyenek \u00e9lm\u00e9nyteli foglalkoz\u00e1sokat tartani, amennyiben nem \u00e1ll m\u00f3djukban ell\u00e1togatni Min\u0151s\u00edtett Erd\u00e9szeti Erdei Iskol\u00e1inkba. A h\u00e1tizs\u00e1kban tal\u00e1lhat\u00f3 terepi eszk\u00f6z\u00f6k mind a tapasztalati \u00faton t\u00f6rt\u00e9n\u0151 tanul\u00e1st szolg\u00e1lj\u00e1k \u00e9s sz\u00e1mos \u00faj j\u00e1t\u00e9k, feladat, foglalkoz\u00e1s \u00e9p\u00fclhet r\u00e1juk.<\/p>\n<p>Az Erd\u0151k Hete k\u00f6zponti \u00fcnnep\u00e9lyes megnyit\u00f3 esem\u00e9ny\u00e9re 2025. szeptember 25-\u00e9n az <span style=\"color: #0000ff;\"><strong><em><u><a style=\"color: #0000ff;\" href=\"https:\/\/www.oee.hu\/klimakonferencia2025\" target=\"_blank\" rel=\"noopener\">Erd\u0151 \u00e9s v\u00edz \u2013 a kl\u00edmav\u00e1ltoz\u00e1s \u00e1rny\u00e9k\u00e1ban &#8211; OEE Kl\u00edmakonferenci\u00e1<\/a><\/u><\/em><\/strong><\/span>n ker\u00fclt sor. A magyar erd\u0151ket \u00e9rint\u0151 legfontosabb, korszakos probl\u00e9mak\u00f6r sokr\u00e9t\u0171 elemz\u00e9s\u00e9vel, a konkr\u00e9t, gyakorlatba illeszthet\u0151 megold\u00e1sok rendszerbe foglal\u00e1s\u00e1val, valamennyi r\u00e9sz-szakter\u00fclet k\u00e9pvisel\u0151j\u00e9nek el\u0151ad\u00e1sa tudott \u00faj ismereteket \u00e9s perspekt\u00edv\u00e1t adni az erd\u00e9szeti \u00e1gazat sz\u00e1m\u00e1ra. A r\u00e9sztvev\u0151k j\u00f6v\u0151k\u00e9p\u00e9ben az erd\u0151 nem csup\u00e1n t\u00fal\u00e9l\u0151je, hanem alak\u00edt\u00f3ja is a kl\u00edmav\u00e1ltoz\u00e1s korszak\u00e1nak \u2013 a v\u00edz pedig olyan \u00e9rt\u00e9k, amit j\u00f3l ir\u00e1ny\u00edtott, akt\u00edv erd\u0151gazd\u00e1lkod\u00e1ssal meg lehet \u0151rizni.<\/p>\n<p>Kiss L\u00e1szl\u00f3, az OEE eln\u00f6ke a j\u00f6v\u0151re 160 \u00e9ves szervezet t\u00f6rt\u00e9nelmi k\u00fcldet\u00e9sek\u00e9nt utalt a szaktud\u00e1s fejleszt\u00e9s\u00e9re \u00e9s eljuttat\u00e1s\u00e1ra az erd\u0151kezel\u0151kh\u00f6z. Kit\u00e9rt az Egyes\u00fclet <strong><em><u><a href=\"https:\/\/www.oee.hu\/oee-szaktudas-fuzetek\" target=\"_blank\" rel=\"noopener\"><span style=\"color: #0000ff;\">Szaktud\u00e1s F\u00fczetek<\/span><\/a><\/u><\/em><\/strong>&nbsp;sorozat\u00e1ra, melynek a k\u00e9t \u00e9ve megjelent \u201eErd\u0151 \u00e9s v\u00edz \u2013 Erd\u00e9szeti v\u00edzgazd\u00e1lkod\u00e1s\u201d c\u00edm\u0171 k\u00f6tete esszenci\u00e1lisan foglalja \u00f6ssze az ind\u00edt\u00f3 konferencia szakter\u00fcleti alapjait \u00e9s utalt a Szaktud\u00e1s F\u00fczetek m\u00e1r el\u0151k\u00e9sz\u00fcletben l\u00e9v\u0151 k\u00f6vetkez\u0151, az erd\u0151talajokkal foglalkoz\u00f3 fejezet\u00e9re is.&nbsp;<\/p>\n<p>Az Erd\u0151k Hete lehet\u0151s\u00e9get k\u00edn\u00e1l arra, hogy k\u00f6zelebb ker\u00fclj\u00fcnk a term\u00e9szethez \u00e9s belel\u00e1thassunk erd\u00e9szeink munk\u00e1j\u00e1ba. V\u00e1runk benneteket!<\/p>\n<p><em>Bor\u00edt\u00f3k\u00e9p, forr\u00e1s: Orsz\u00e1gos Erd\u00e9szeti Egyes\u00fclet<\/em><\/p>\n","protected":false},"excerpt":{"rendered":"<p>1997 \u00f3ta szeptember utols\u00f3 het\u00e9n imm\u00e1r hagyom\u00e1nyosan megrendez\u00e9sre ker\u00fcl az Erd\u0151k Hete, amelynek c\u00e9lja, hogy felh\u00edvja a figyelmet haz\u00e1nk term\u00e9szeti kincseinek meg\u0151rz\u00e9s\u00e9re, k\u00fcl\u00f6n\u00f6sen az erd\u0151k soksz\u00edn\u0171, p\u00f3tolhatatlan szerep\u00e9re az \u00e9let\u00fcnkben. F\u0151 c\u00e9lja, hogy a Magyarorsz\u00e1g ter\u00fclet\u00e9nek egy\u00f6t\u00f6d\u00e9t bor\u00edt\u00f3 erd\u0151\u00e1llom\u00e1ny p\u00e1ratlan gazdags\u00e1g\u00e1t, k\u00f6zj\u00f3l\u00e9ti \u00e9s a nemzeti vagyonban bet\u00f6lt\u00f6tt szerep\u00e9t megismertesse az erd\u00e9szek seg\u00edts\u00e9g\u00e9vel a legsz\u00e9lesebb nyilv\u00e1noss\u00e1ggal.<\/p>\n","protected":false},"author":1,"featured_media":74620,"comment_status":"closed","ping_status":"closed","sticky":false,"template":"","format":"standard","meta":{"ngg_post_thumbnail":0,"footnotes":""},"categories":[3,6948],"tags":[7490],"class_list":{"0":"post-74619","1":"post","2":"type-post","3":"status-publish","4":"format-standard","5":"has-post-thumbnail","7":"category-hirek","8":"category-szines","9":"tag-erdok-hete"},"yoast_head":"<!-- This site is optimized with the Yoast SEO plugin v27.5 - https:\/\/yoast.com\/product\/yoast-seo-wordpress\/ -->\n<title>Fedezd fel az erd\u0151t az erd\u00e9szekkel! - Elindult a 2025-\u00f6s Erd\u0151k Hete<\/title>\n<meta name=\"robots\" content=\"index, follow, max-snippet:-1, max-image-preview:large, max-video-preview:-1\" \/>\n<link rel=\"canonical\" href=\"https:\/\/dorogimedence.hu\/index.php\/2025\/10\/01\/fedezd-fel-az-erdot-az-erdeszekkel-elindult-a-2025-os-erdok-hete\/\" class=\"yoast-seo-meta-tag\" \/>\n<meta property=\"og:locale\" content=\"hu_HU\" class=\"yoast-seo-meta-tag\" \/>\n<meta property=\"og:type\" content=\"article\" class=\"yoast-seo-meta-tag\" \/>\n<meta property=\"og:title\" content=\"Fedezd fel az erd\u0151t az erd\u00e9szekkel! - Elindult a 2025-\u00f6s Erd\u0151k Hete\" class=\"yoast-seo-meta-tag\" \/>\n<meta property=\"og:description\" content=\"1997 \u00f3ta szeptember utols\u00f3 het\u00e9n imm\u00e1r hagyom\u00e1nyosan megrendez\u00e9sre ker\u00fcl az Erd\u0151k Hete, amelynek c\u00e9lja, hogy felh\u00edvja a figyelmet haz\u00e1nk term\u00e9szeti kincseinek meg\u0151rz\u00e9s\u00e9re, k\u00fcl\u00f6n\u00f6sen az erd\u0151k soksz\u00edn\u0171, p\u00f3tolhatatlan szerep\u00e9re az \u00e9let\u00fcnkben. F\u0151 c\u00e9lja, hogy a Magyarorsz\u00e1g ter\u00fclet\u00e9nek egy\u00f6t\u00f6d\u00e9t bor\u00edt\u00f3 erd\u0151\u00e1llom\u00e1ny p\u00e1ratlan gazdags\u00e1g\u00e1t, k\u00f6zj\u00f3l\u00e9ti \u00e9s a nemzeti vagyonban bet\u00f6lt\u00f6tt szerep\u00e9t megismertesse az erd\u00e9szek seg\u00edts\u00e9g\u00e9vel a legsz\u00e9lesebb nyilv\u00e1noss\u00e1ggal.\" class=\"yoast-seo-meta-tag\" \/>\n<meta property=\"og:url\" content=\"https:\/\/dorogimedence.hu\/index.php\/2025\/10\/01\/fedezd-fel-az-erdot-az-erdeszekkel-elindult-a-2025-os-erdok-hete\/\" class=\"yoast-seo-meta-tag\" \/>\n<meta property=\"og:site_name\" content=\"Dorogi-medence Region\u00e1lis H\u00edrport\u00e1l\" class=\"yoast-seo-meta-tag\" \/>\n<meta property=\"article:publisher\" content=\"https:\/\/www.facebook.com\/dorogimedence\/\" class=\"yoast-seo-meta-tag\" \/>\n<meta property=\"article:published_time\" content=\"2025-10-01T08:30:40+00:00\" class=\"yoast-seo-meta-tag\" \/>\n<meta property=\"og:image\" content=\"https:\/\/dorogimedence.hu\/wp-content\/uploads\/2025\/10\/erdok-hete.jpg\" class=\"yoast-seo-meta-tag\" \/>\n\t<meta property=\"og:image:width\" content=\"1920\" class=\"yoast-seo-meta-tag\" \/>\n\t<meta property=\"og:image:height\" content=\"1081\" class=\"yoast-seo-meta-tag\" \/>\n\t<meta property=\"og:image:type\" content=\"image\/jpeg\" class=\"yoast-seo-meta-tag\" \/>\n<meta name=\"author\" content=\"dorogimedence.hu\" class=\"yoast-seo-meta-tag\" \/>\n<meta name=\"twitter:card\" content=\"summary_large_image\" class=\"yoast-seo-meta-tag\" \/>\n<meta name=\"twitter:label1\" content=\"Szerz\u0151:\" class=\"yoast-seo-meta-tag\" \/>\n\t<meta name=\"twitter:data1\" content=\"dorogimedence.hu\" class=\"yoast-seo-meta-tag\" \/>\n\t<meta name=\"twitter:label2\" content=\"Becs\u00fclt olvas\u00e1si id\u0151\" class=\"yoast-seo-meta-tag\" \/>\n\t<meta name=\"twitter:data2\" content=\"4 perc\" class=\"yoast-seo-meta-tag\" \/>\n<script type=\"application\/ld+json\" class=\"yoast-schema-graph\">{\"@context\":\"https:\\\/\\\/schema.org\",\"@graph\":[{\"@type\":\"Article\",\"@id\":\"https:\\\/\\\/dorogimedence.hu\\\/index.php\\\/2025\\\/10\\\/01\\\/fedezd-fel-az-erdot-az-erdeszekkel-elindult-a-2025-os-erdok-hete\\\/#article\",\"isPartOf\":{\"@id\":\"https:\\\/\\\/dorogimedence.hu\\\/index.php\\\/2025\\\/10\\\/01\\\/fedezd-fel-az-erdot-az-erdeszekkel-elindult-a-2025-os-erdok-hete\\\/\"},\"author\":{\"name\":\"dorogimedence.hu\",\"@id\":\"https:\\\/\\\/dorogimedence.hu\\\/#\\\/schema\\\/person\\\/ce6091eeb7e95ecdc87890d6aa8e0fd4\"},\"headline\":\"Fedezd fel az erd\u0151t az erd\u00e9szekkel! &#8211; Elindult a 2025-\u00f6s Erd\u0151k Hete\",\"datePublished\":\"2025-10-01T08:30:40+00:00\",\"mainEntityOfPage\":{\"@id\":\"https:\\\/\\\/dorogimedence.hu\\\/index.php\\\/2025\\\/10\\\/01\\\/fedezd-fel-az-erdot-az-erdeszekkel-elindult-a-2025-os-erdok-hete\\\/\"},\"wordCount\":765,\"publisher\":{\"@id\":\"https:\\\/\\\/dorogimedence.hu\\\/#organization\"},\"image\":{\"@id\":\"https:\\\/\\\/dorogimedence.hu\\\/index.php\\\/2025\\\/10\\\/01\\\/fedezd-fel-az-erdot-az-erdeszekkel-elindult-a-2025-os-erdok-hete\\\/#primaryimage\"},\"thumbnailUrl\":\"https:\\\/\\\/dorogimedence.hu\\\/wp-content\\\/uploads\\\/2025\\\/10\\\/erdok-hete.jpg\",\"keywords\":[\"Erd\u0151k Hete\"],\"articleSection\":[\"H\u00edrek\",\"Sz\u00ednes\"],\"inLanguage\":\"hu\"},{\"@type\":\"WebPage\",\"@id\":\"https:\\\/\\\/dorogimedence.hu\\\/index.php\\\/2025\\\/10\\\/01\\\/fedezd-fel-az-erdot-az-erdeszekkel-elindult-a-2025-os-erdok-hete\\\/\",\"url\":\"https:\\\/\\\/dorogimedence.hu\\\/index.php\\\/2025\\\/10\\\/01\\\/fedezd-fel-az-erdot-az-erdeszekkel-elindult-a-2025-os-erdok-hete\\\/\",\"name\":\"Fedezd fel az erd\u0151t az erd\u00e9szekkel! - Elindult a 2025-\u00f6s Erd\u0151k Hete\",\"isPartOf\":{\"@id\":\"https:\\\/\\\/dorogimedence.hu\\\/#website\"},\"primaryImageOfPage\":{\"@id\":\"https:\\\/\\\/dorogimedence.hu\\\/index.php\\\/2025\\\/10\\\/01\\\/fedezd-fel-az-erdot-az-erdeszekkel-elindult-a-2025-os-erdok-hete\\\/#primaryimage\"},\"image\":{\"@id\":\"https:\\\/\\\/dorogimedence.hu\\\/index.php\\\/2025\\\/10\\\/01\\\/fedezd-fel-az-erdot-az-erdeszekkel-elindult-a-2025-os-erdok-hete\\\/#primaryimage\"},\"thumbnailUrl\":\"https:\\\/\\\/dorogimedence.hu\\\/wp-content\\\/uploads\\\/2025\\\/10\\\/erdok-hete.jpg\",\"datePublished\":\"2025-10-01T08:30:40+00:00\",\"breadcrumb\":{\"@id\":\"https:\\\/\\\/dorogimedence.hu\\\/index.php\\\/2025\\\/10\\\/01\\\/fedezd-fel-az-erdot-az-erdeszekkel-elindult-a-2025-os-erdok-hete\\\/#breadcrumb\"},\"inLanguage\":\"hu\",\"potentialAction\":[{\"@type\":\"ReadAction\",\"target\":[\"https:\\\/\\\/dorogimedence.hu\\\/index.php\\\/2025\\\/10\\\/01\\\/fedezd-fel-az-erdot-az-erdeszekkel-elindult-a-2025-os-erdok-hete\\\/\"]}]},{\"@type\":\"ImageObject\",\"inLanguage\":\"hu\",\"@id\":\"https:\\\/\\\/dorogimedence.hu\\\/index.php\\\/2025\\\/10\\\/01\\\/fedezd-fel-az-erdot-az-erdeszekkel-elindult-a-2025-os-erdok-hete\\\/#primaryimage\",\"url\":\"https:\\\/\\\/dorogimedence.hu\\\/wp-content\\\/uploads\\\/2025\\\/10\\\/erdok-hete.jpg\",\"contentUrl\":\"https:\\\/\\\/dorogimedence.hu\\\/wp-content\\\/uploads\\\/2025\\\/10\\\/erdok-hete.jpg\",\"width\":1920,\"height\":1081},{\"@type\":\"BreadcrumbList\",\"@id\":\"https:\\\/\\\/dorogimedence.hu\\\/index.php\\\/2025\\\/10\\\/01\\\/fedezd-fel-az-erdot-az-erdeszekkel-elindult-a-2025-os-erdok-hete\\\/#breadcrumb\",\"itemListElement\":[{\"@type\":\"ListItem\",\"position\":1,\"name\":\"Kezd\u0151lap\",\"item\":\"https:\\\/\\\/dorogimedence.hu\\\/\"},{\"@type\":\"ListItem\",\"position\":2,\"name\":\"Fedezd fel az erd\u0151t az erd\u00e9szekkel! &#8211; Elindult a 2025-\u00f6s Erd\u0151k Hete\"}]},{\"@type\":\"WebSite\",\"@id\":\"https:\\\/\\\/dorogimedence.hu\\\/#website\",\"url\":\"https:\\\/\\\/dorogimedence.hu\\\/\",\"name\":\"Dorogi-medence Region\u00e1lis H\u00edrport\u00e1l\",\"description\":\"Dorog, Keszt\u00f6lc, Le\u00e1nyv\u00e1r, Piliscs\u00e9v, Tokod, Tokodalt\u00e1r\u00f3, Csolnok, Esztergom-kertv\u00e1ros: h\u00edrek, programok\",\"publisher\":{\"@id\":\"https:\\\/\\\/dorogimedence.hu\\\/#organization\"},\"potentialAction\":[{\"@type\":\"SearchAction\",\"target\":{\"@type\":\"EntryPoint\",\"urlTemplate\":\"https:\\\/\\\/dorogimedence.hu\\\/?s={search_term_string}\"},\"query-input\":{\"@type\":\"PropertyValueSpecification\",\"valueRequired\":true,\"valueName\":\"search_term_string\"}}],\"inLanguage\":\"hu\"},{\"@type\":\"Organization\",\"@id\":\"https:\\\/\\\/dorogimedence.hu\\\/#organization\",\"name\":\"Dorogi-medence Region\u00e1lis H\u00edrport\u00e1l\",\"url\":\"https:\\\/\\\/dorogimedence.hu\\\/\",\"logo\":{\"@type\":\"ImageObject\",\"inLanguage\":\"hu\",\"@id\":\"https:\\\/\\\/dorogimedence.hu\\\/#\\\/schema\\\/logo\\\/image\\\/\",\"url\":\"https:\\\/\\\/dorogimedence.hu\\\/wp-content\\\/uploads\\\/2021\\\/04\\\/logo-feher-600.png\",\"contentUrl\":\"https:\\\/\\\/dorogimedence.hu\\\/wp-content\\\/uploads\\\/2021\\\/04\\\/logo-feher-600.png\",\"width\":600,\"height\":100,\"caption\":\"Dorogi-medence Region\u00e1lis H\u00edrport\u00e1l\"},\"image\":{\"@id\":\"https:\\\/\\\/dorogimedence.hu\\\/#\\\/schema\\\/logo\\\/image\\\/\"},\"sameAs\":[\"https:\\\/\\\/www.facebook.com\\\/dorogimedence\\\/\"]},{\"@type\":\"Person\",\"@id\":\"https:\\\/\\\/dorogimedence.hu\\\/#\\\/schema\\\/person\\\/ce6091eeb7e95ecdc87890d6aa8e0fd4\",\"name\":\"dorogimedence.hu\",\"image\":{\"@type\":\"ImageObject\",\"inLanguage\":\"hu\",\"@id\":\"\\\/\\\/www.gravatar.com\\\/avatar\\\/d8d45f8901aadff40a4af72c0b826f1d?s=96&#038;r=g&#038;d=mm\",\"url\":\"\\\/\\\/www.gravatar.com\\\/avatar\\\/d8d45f8901aadff40a4af72c0b826f1d?s=96&#038;r=g&#038;d=mm\",\"contentUrl\":\"\\\/\\\/www.gravatar.com\\\/avatar\\\/d8d45f8901aadff40a4af72c0b826f1d?s=96&#038;r=g&#038;d=mm\",\"caption\":\"dorogimedence.hu\"}}]}<\/script>\n<!-- \/ Yoast SEO plugin. -->","yoast_head_json":{"title":"Fedezd fel az erd\u0151t az erd\u00e9szekkel! - Elindult a 2025-\u00f6s Erd\u0151k Hete","robots":{"index":"index","follow":"follow","max-snippet":"max-snippet:-1","max-image-preview":"max-image-preview:large","max-video-preview":"max-video-preview:-1"},"canonical":"https:\/\/dorogimedence.hu\/index.php\/2025\/10\/01\/fedezd-fel-az-erdot-az-erdeszekkel-elindult-a-2025-os-erdok-hete\/","og_locale":"hu_HU","og_type":"article","og_title":"Fedezd fel az erd\u0151t az erd\u00e9szekkel! - Elindult a 2025-\u00f6s Erd\u0151k Hete","og_description":"1997 \u00f3ta szeptember utols\u00f3 het\u00e9n imm\u00e1r hagyom\u00e1nyosan megrendez\u00e9sre ker\u00fcl az Erd\u0151k Hete, amelynek c\u00e9lja, hogy felh\u00edvja a figyelmet haz\u00e1nk term\u00e9szeti kincseinek meg\u0151rz\u00e9s\u00e9re, k\u00fcl\u00f6n\u00f6sen az erd\u0151k soksz\u00edn\u0171, p\u00f3tolhatatlan szerep\u00e9re az \u00e9let\u00fcnkben. F\u0151 c\u00e9lja, hogy a Magyarorsz\u00e1g ter\u00fclet\u00e9nek egy\u00f6t\u00f6d\u00e9t bor\u00edt\u00f3 erd\u0151\u00e1llom\u00e1ny p\u00e1ratlan gazdags\u00e1g\u00e1t, k\u00f6zj\u00f3l\u00e9ti \u00e9s a nemzeti vagyonban bet\u00f6lt\u00f6tt szerep\u00e9t megismertesse az erd\u00e9szek seg\u00edts\u00e9g\u00e9vel a legsz\u00e9lesebb nyilv\u00e1noss\u00e1ggal.","og_url":"https:\/\/dorogimedence.hu\/index.php\/2025\/10\/01\/fedezd-fel-az-erdot-az-erdeszekkel-elindult-a-2025-os-erdok-hete\/","og_site_name":"Dorogi-medence Region\u00e1lis H\u00edrport\u00e1l","article_publisher":"https:\/\/www.facebook.com\/dorogimedence\/","article_published_time":"2025-10-01T08:30:40+00:00","og_image":[{"width":1920,"height":1081,"url":"https:\/\/dorogimedence.hu\/wp-content\/uploads\/2025\/10\/erdok-hete.jpg","type":"image\/jpeg"}],"author":"dorogimedence.hu","twitter_card":"summary_large_image","twitter_misc":{"Szerz\u0151:":"dorogimedence.hu","Becs\u00fclt olvas\u00e1si id\u0151":"4 perc"},"schema":{"@context":"https:\/\/schema.org","@graph":[{"@type":"Article","@id":"https:\/\/dorogimedence.hu\/index.php\/2025\/10\/01\/fedezd-fel-az-erdot-az-erdeszekkel-elindult-a-2025-os-erdok-hete\/#article","isPartOf":{"@id":"https:\/\/dorogimedence.hu\/index.php\/2025\/10\/01\/fedezd-fel-az-erdot-az-erdeszekkel-elindult-a-2025-os-erdok-hete\/"},"author":{"name":"dorogimedence.hu","@id":"https:\/\/dorogimedence.hu\/#\/schema\/person\/ce6091eeb7e95ecdc87890d6aa8e0fd4"},"headline":"Fedezd fel az erd\u0151t az erd\u00e9szekkel! &#8211; Elindult a 2025-\u00f6s Erd\u0151k Hete","datePublished":"2025-10-01T08:30:40+00:00","mainEntityOfPage":{"@id":"https:\/\/dorogimedence.hu\/index.php\/2025\/10\/01\/fedezd-fel-az-erdot-az-erdeszekkel-elindult-a-2025-os-erdok-hete\/"},"wordCount":765,"publisher":{"@id":"https:\/\/dorogimedence.hu\/#organization"},"image":{"@id":"https:\/\/dorogimedence.hu\/index.php\/2025\/10\/01\/fedezd-fel-az-erdot-az-erdeszekkel-elindult-a-2025-os-erdok-hete\/#primaryimage"},"thumbnailUrl":"https:\/\/dorogimedence.hu\/wp-content\/uploads\/2025\/10\/erdok-hete.jpg","keywords":["Erd\u0151k Hete"],"articleSection":["H\u00edrek","Sz\u00ednes"],"inLanguage":"hu"},{"@type":"WebPage","@id":"https:\/\/dorogimedence.hu\/index.php\/2025\/10\/01\/fedezd-fel-az-erdot-az-erdeszekkel-elindult-a-2025-os-erdok-hete\/","url":"https:\/\/dorogimedence.hu\/index.php\/2025\/10\/01\/fedezd-fel-az-erdot-az-erdeszekkel-elindult-a-2025-os-erdok-hete\/","name":"Fedezd fel az erd\u0151t az erd\u00e9szekkel! - Elindult a 2025-\u00f6s Erd\u0151k Hete","isPartOf":{"@id":"https:\/\/dorogimedence.hu\/#website"},"primaryImageOfPage":{"@id":"https:\/\/dorogimedence.hu\/index.php\/2025\/10\/01\/fedezd-fel-az-erdot-az-erdeszekkel-elindult-a-2025-os-erdok-hete\/#primaryimage"},"image":{"@id":"https:\/\/dorogimedence.hu\/index.php\/2025\/10\/01\/fedezd-fel-az-erdot-az-erdeszekkel-elindult-a-2025-os-erdok-hete\/#primaryimage"},"thumbnailUrl":"https:\/\/dorogimedence.hu\/wp-content\/uploads\/2025\/10\/erdok-hete.jpg","datePublished":"2025-10-01T08:30:40+00:00","breadcrumb":{"@id":"https:\/\/dorogimedence.hu\/index.php\/2025\/10\/01\/fedezd-fel-az-erdot-az-erdeszekkel-elindult-a-2025-os-erdok-hete\/#breadcrumb"},"inLanguage":"hu","potentialAction":[{"@type":"ReadAction","target":["https:\/\/dorogimedence.hu\/index.php\/2025\/10\/01\/fedezd-fel-az-erdot-az-erdeszekkel-elindult-a-2025-os-erdok-hete\/"]}]},{"@type":"ImageObject","inLanguage":"hu","@id":"https:\/\/dorogimedence.hu\/index.php\/2025\/10\/01\/fedezd-fel-az-erdot-az-erdeszekkel-elindult-a-2025-os-erdok-hete\/#primaryimage","url":"https:\/\/dorogimedence.hu\/wp-content\/uploads\/2025\/10\/erdok-hete.jpg","contentUrl":"https:\/\/dorogimedence.hu\/wp-content\/uploads\/2025\/10\/erdok-hete.jpg","width":1920,"height":1081},{"@type":"BreadcrumbList","@id":"https:\/\/dorogimedence.hu\/index.php\/2025\/10\/01\/fedezd-fel-az-erdot-az-erdeszekkel-elindult-a-2025-os-erdok-hete\/#breadcrumb","itemListElement":[{"@type":"ListItem","position":1,"name":"Kezd\u0151lap","item":"https:\/\/dorogimedence.hu\/"},{"@type":"ListItem","position":2,"name":"Fedezd fel az erd\u0151t az erd\u00e9szekkel! &#8211; Elindult a 2025-\u00f6s Erd\u0151k Hete"}]},{"@type":"WebSite","@id":"https:\/\/dorogimedence.hu\/#website","url":"https:\/\/dorogimedence.hu\/","name":"Dorogi-medence Region\u00e1lis H\u00edrport\u00e1l","description":"Dorog, Keszt\u00f6lc, Le\u00e1nyv\u00e1r, Piliscs\u00e9v, Tokod, Tokodalt\u00e1r\u00f3, Csolnok, Esztergom-kertv\u00e1ros: h\u00edrek, programok","publisher":{"@id":"https:\/\/dorogimedence.hu\/#organization"},"potentialAction":[{"@type":"SearchAction","target":{"@type":"EntryPoint","urlTemplate":"https:\/\/dorogimedence.hu\/?s={search_term_string}"},"query-input":{"@type":"PropertyValueSpecification","valueRequired":true,"valueName":"search_term_string"}}],"inLanguage":"hu"},{"@type":"Organization","@id":"https:\/\/dorogimedence.hu\/#organization","name":"Dorogi-medence Region\u00e1lis H\u00edrport\u00e1l","url":"https:\/\/dorogimedence.hu\/","logo":{"@type":"ImageObject","inLanguage":"hu","@id":"https:\/\/dorogimedence.hu\/#\/schema\/logo\/image\/","url":"https:\/\/dorogimedence.hu\/wp-content\/uploads\/2021\/04\/logo-feher-600.png","contentUrl":"https:\/\/dorogimedence.hu\/wp-content\/uploads\/2021\/04\/logo-feher-600.png","width":600,"height":100,"caption":"Dorogi-medence Region\u00e1lis H\u00edrport\u00e1l"},"image":{"@id":"https:\/\/dorogimedence.hu\/#\/schema\/logo\/image\/"},"sameAs":["https:\/\/www.facebook.com\/dorogimedence\/"]},{"@type":"Person","@id":"https:\/\/dorogimedence.hu\/#\/schema\/person\/ce6091eeb7e95ecdc87890d6aa8e0fd4","name":"dorogimedence.hu","image":{"@type":"ImageObject","inLanguage":"hu","@id":"\/\/www.gravatar.com\/avatar\/d8d45f8901aadff40a4af72c0b826f1d?s=96&#038;r=g&#038;d=mm","url":"\/\/www.gravatar.com\/avatar\/d8d45f8901aadff40a4af72c0b826f1d?s=96&#038;r=g&#038;d=mm","contentUrl":"\/\/www.gravatar.com\/avatar\/d8d45f8901aadff40a4af72c0b826f1d?s=96&#038;r=g&#038;d=mm","caption":"dorogimedence.hu"}}]}},"_links":{"self":[{"href":"https:\/\/dorogimedence.hu\/index.php\/wp-json\/wp\/v2\/posts\/74619","targetHints":{"allow":["GET"]}}],"collection":[{"href":"https:\/\/dorogimedence.hu\/index.php\/wp-json\/wp\/v2\/posts"}],"about":[{"href":"https:\/\/dorogimedence.hu\/index.php\/wp-json\/wp\/v2\/types\/post"}],"author":[{"embeddable":true,"href":"https:\/\/dorogimedence.hu\/index.php\/wp-json\/wp\/v2\/users\/1"}],"replies":[{"embeddable":true,"href":"https:\/\/dorogimedence.hu\/index.php\/wp-json\/wp\/v2\/comments?post=74619"}],"version-history":[{"count":0,"href":"https:\/\/dorogimedence.hu\/index.php\/wp-json\/wp\/v2\/posts\/74619\/revisions"}],"wp:featuredmedia":[{"embeddable":true,"href":"https:\/\/dorogimedence.hu\/index.php\/wp-json\/wp\/v2\/media\/74620"}],"wp:attachment":[{"href":"https:\/\/dorogimedence.hu\/index.php\/wp-json\/wp\/v2\/media?parent=74619"}],"wp:term":[{"taxonomy":"category","embeddable":true,"href":"https:\/\/dorogimedence.hu\/index.php\/wp-json\/wp\/v2\/categories?post=74619"},{"taxonomy":"post_tag","embeddable":true,"href":"https:\/\/dorogimedence.hu\/index.php\/wp-json\/wp\/v2\/tags?post=74619"}],"curies":[{"name":"wp","href":"https:\/\/api.w.org\/{rel}","templated":true}]}}