{"id":74564,"date":"2025-09-29T11:12:04","date_gmt":"2025-09-29T09:12:04","guid":{"rendered":"https:\/\/dorogimedence.hu\/?p=74564"},"modified":"2025-09-29T11:12:04","modified_gmt":"2025-09-29T09:12:04","slug":"dobogos-helyen-a-kemhesz-halorei-szarvason","status":"publish","type":"post","link":"https:\/\/dorogimedence.hu\/index.php\/2025\/09\/29\/dobogos-helyen-a-kemhesz-halorei-szarvason\/","title":{"rendered":"Dobog\u00f3s helyen a KEMHESZ hal\u0151rei Szarvason"},"content":{"rendered":"<p><strong>Szeptember 15\u201317. k\u00f6z\u00f6tt Szarvason rendezt\u00e9k meg a VIII. Orsz\u00e1gos Hal\u0151ri Szakmai Versenyt \u00e9s Tal\u00e1lkoz\u00f3t, ahol harminc csapat m\u00e9rte \u00f6ssze tud\u00e1s\u00e1t. A rangos esem\u00e9nyen a Kom\u00e1rom-Esztergom V\u00e1rmegyei Horg\u00e1szegyes\u00fcletek Sz\u00f6vets\u00e9ge (KEMHESZ) hal\u0151rei kimagasl\u00f3 teljes\u00edtm\u00e9nnyel a harmadik helyet szerezt\u00e9k meg, ezzel m\u00e9lt\u00f3k\u00e9ppen k\u00e9pviselt\u00e9k v\u00e1rmegy\u00e9nket az orsz\u00e1gos mez\u0151nyben.<\/strong><\/p>\n<p>A verseny h\u00e1rom napon \u00e1t zajlott, er\u0151nl\u00e9ti, elm\u00e9leti, \u00fcgyess\u00e9gi \u00e9s szakmai feladatok v\u00e1rtak a hivat\u00e1sos hal\u0151r\u00f6kre. K\u00fcl\u00f6n\u00f6sen l\u00e1tv\u00e1nyos volt a halment\u00e9s-imit\u00e1ci\u00f3 \u00e9s a csukaivad\u00e9k telep\u00edt\u00e9s\u00e9nek szimul\u00e1ci\u00f3ja, amely sor\u00e1n a csapatok kreat\u00edv megold\u00e1sokat mutattak be.<\/p>\n<p>Emellett v\u00edzparti ellen\u0151rz\u00e9si feladatban is bizony\u00edtani kellett, ahol az elrejtett szab\u00e1lytalans\u00e1gokat kellett felkutatniuk a r\u00e9sztvev\u0151knek. Az er\u0151nl\u00e9tet a halkitart\u00e1sos verseny tette pr\u00f3b\u00e1ra, a j\u00f3kedvr\u0151l \u00e9s \u00fcgyess\u00e9gr\u0151l pedig a \u201em\u00e1gnes peca\u201d gondoskodott.<\/p>\n<p><img fetchpriority=\"high\" decoding=\"async\" class=\"alignnone size-full wp-image-74566\" src=\"https:\/\/dorogimedence.hu\/wp-content\/uploads\/2025\/09\/halor-02.jpg\" alt=\"\" width=\"1920\" height=\"1280\" srcset=\"https:\/\/dorogimedence.hu\/wp-content\/uploads\/2025\/09\/halor-02.jpg 1920w, https:\/\/dorogimedence.hu\/wp-content\/uploads\/2025\/09\/halor-02-600x400.jpg 600w, https:\/\/dorogimedence.hu\/wp-content\/uploads\/2025\/09\/halor-02-768x512.jpg 768w, https:\/\/dorogimedence.hu\/wp-content\/uploads\/2025\/09\/halor-02-1536x1024.jpg 1536w, https:\/\/dorogimedence.hu\/wp-content\/uploads\/2025\/09\/halor-02-150x100.jpg 150w, https:\/\/dorogimedence.hu\/wp-content\/uploads\/2025\/09\/halor-02-450x300.jpg 450w, https:\/\/dorogimedence.hu\/wp-content\/uploads\/2025\/09\/halor-02-1200x800.jpg 1200w, https:\/\/dorogimedence.hu\/wp-content\/uploads\/2025\/09\/halor-02-272x182.jpg 272w\" sizes=\"(max-width: 1920px) 100vw, 1920px\" \/><\/p>\n<p>A versenysz\u00e1mokat szakmai \u00e9s er\u0151nl\u00e9ti, \u00fcgyess\u00e9gi r\u00e9szekre osztott\u00e1k. A KEMHESZ csapata minden sz\u00e1mban az \u00e9lmez\u0151nyben v\u00e9gzett, a szakmai tud\u00e1st d\u00edjaz\u00f3 versenyr\u00e9szben az \u00e9len z\u00e1rtak, az er\u0151nl\u00e9ti, \u00fcgyess\u00e9gi feladatokban pedig a harmadik helyen v\u00e9geztek.<\/p>\n<p>A MOHOSZ \u00e1ltal szervezett program a szakmai versenysz\u00e1mok mellett b\u0151v\u00edtette a hivat\u00e1sos hal\u0151r\u00f6k tud\u00e1s\u00e1t is: sor ker\u00fclt kommunik\u00e1ci\u00f3s tr\u00e9ningre, v\u00edzmin\u0151s\u00e9gi el\u0151ad\u00e1sokra, valamint a hal\u0151ri applik\u00e1ci\u00f3 leg\u00fajabb fejleszt\u00e9seinek bemutat\u00e1s\u00e1ra.<\/p>\n<p>A szoros k\u00fczdelem v\u00e9g\u00e9n alakult ki a v\u00e9geredm\u00e9ny: 1. helyen a N\u00c9BIH \u00c1llami Hal\u0151ri Szolg\u00e1lata, 2. helyen a F\u0151v\u00e1rosi Horg\u00e1szegyes\u00fcletek Sz\u00f6vets\u00e9ge, m\u00edg a 3. helyen a KEMHESZ hal\u0151rei v\u00e9geztek. Csapatunk tagjai: Kov\u00e1cs J\u00f3zsef (Kocs), Maszlav\u00e9r G\u00e1bor \u00e9s Szak\u00e1ly Istv\u00e1n (Nasz\u00e1ly), valamint Osvald Zsolt csapatvezet\u0151.<\/p>\n<p>A dobog\u00f3s eredm\u00e9ny annak bizony\u00edt\u00e9ka, hogy v\u00e1rmegy\u00e9nk hal\u0151rei szakmai felk\u00e9sz\u00fclts\u00e9gben, kitart\u00e1sban \u00e9s csapatszellemben is meg\u00e1llj\u00e1k hely\u00fcket a legjobbak k\u00f6z\u00f6tt.<\/p>\n<p><em>Fot\u00f3k, forr\u00e1s: KEMHESZ<\/em><\/p>\n","protected":false},"excerpt":{"rendered":"<p>Szeptember 15\u201317. k\u00f6z\u00f6tt Szarvason rendezt\u00e9k meg a VIII. Orsz\u00e1gos Hal\u0151ri Szakmai Versenyt \u00e9s Tal\u00e1lkoz\u00f3t, ahol harminc csapat m\u00e9rte \u00f6ssze tud\u00e1s\u00e1t. A rangos esem\u00e9nyen a Kom\u00e1rom-Esztergom V\u00e1rmegyei Horg\u00e1szegyes\u00fcletek Sz\u00f6vets\u00e9ge (KEMHESZ) hal\u0151rei kimagasl\u00f3 teljes\u00edtm\u00e9nnyel a harmadik helyet szerezt\u00e9k meg, ezzel m\u00e9lt\u00f3k\u00e9ppen k\u00e9pviselt\u00e9k v\u00e1rmegy\u00e9nket az orsz\u00e1gos mez\u0151nyben. A verseny h\u00e1rom napon \u00e1t zajlott, er\u0151nl\u00e9ti, elm\u00e9leti, \u00fcgyess\u00e9gi \u00e9s szakmai<\/p>\n","protected":false},"author":1,"featured_media":74565,"comment_status":"closed","ping_status":"closed","sticky":false,"template":"","format":"standard","meta":{"ngg_post_thumbnail":0,"footnotes":""},"categories":[3,56,5],"tags":[4825,598,4398,6890,16],"class_list":{"0":"post-74564","1":"post","2":"type-post","3":"status-publish","4":"format-standard","5":"has-post-thumbnail","7":"category-hirek","8":"category-komarom-esztergom","9":"category-sport","10":"tag-horgasz","11":"tag-horgaszat","12":"tag-kemhesz","13":"tag-komarom-esztergom-varmegye","14":"tag-sport"},"yoast_head":"<!-- This site is optimized with the Yoast SEO plugin v27.4 - https:\/\/yoast.com\/product\/yoast-seo-wordpress\/ -->\n<title>Dobog\u00f3s helyen a KEMHESZ hal\u0151rei Szarvason<\/title>\n<meta name=\"robots\" content=\"index, follow, max-snippet:-1, max-image-preview:large, max-video-preview:-1\" \/>\n<link rel=\"canonical\" href=\"https:\/\/dorogimedence.hu\/index.php\/2025\/09\/29\/dobogos-helyen-a-kemhesz-halorei-szarvason\/\" class=\"yoast-seo-meta-tag\" \/>\n<meta property=\"og:locale\" content=\"hu_HU\" class=\"yoast-seo-meta-tag\" \/>\n<meta property=\"og:type\" content=\"article\" class=\"yoast-seo-meta-tag\" \/>\n<meta property=\"og:title\" content=\"Dobog\u00f3s helyen a KEMHESZ hal\u0151rei Szarvason\" class=\"yoast-seo-meta-tag\" \/>\n<meta property=\"og:description\" content=\"Szeptember 15\u201317. k\u00f6z\u00f6tt Szarvason rendezt\u00e9k meg a VIII. Orsz\u00e1gos Hal\u0151ri Szakmai Versenyt \u00e9s Tal\u00e1lkoz\u00f3t, ahol harminc csapat m\u00e9rte \u00f6ssze tud\u00e1s\u00e1t. A rangos esem\u00e9nyen a Kom\u00e1rom-Esztergom V\u00e1rmegyei Horg\u00e1szegyes\u00fcletek Sz\u00f6vets\u00e9ge (KEMHESZ) hal\u0151rei kimagasl\u00f3 teljes\u00edtm\u00e9nnyel a harmadik helyet szerezt\u00e9k meg, ezzel m\u00e9lt\u00f3k\u00e9ppen k\u00e9pviselt\u00e9k v\u00e1rmegy\u00e9nket az orsz\u00e1gos mez\u0151nyben. A verseny h\u00e1rom napon \u00e1t zajlott, er\u0151nl\u00e9ti, elm\u00e9leti, \u00fcgyess\u00e9gi \u00e9s szakmai\" class=\"yoast-seo-meta-tag\" \/>\n<meta property=\"og:url\" content=\"https:\/\/dorogimedence.hu\/index.php\/2025\/09\/29\/dobogos-helyen-a-kemhesz-halorei-szarvason\/\" class=\"yoast-seo-meta-tag\" \/>\n<meta property=\"og:site_name\" content=\"Dorogi-medence Region\u00e1lis H\u00edrport\u00e1l\" class=\"yoast-seo-meta-tag\" \/>\n<meta property=\"article:publisher\" content=\"https:\/\/www.facebook.com\/dorogimedence\/\" class=\"yoast-seo-meta-tag\" \/>\n<meta property=\"article:published_time\" content=\"2025-09-29T09:12:04+00:00\" class=\"yoast-seo-meta-tag\" \/>\n<meta property=\"og:image\" content=\"https:\/\/dorogimedence.hu\/wp-content\/uploads\/2025\/09\/halor-01.jpg\" class=\"yoast-seo-meta-tag\" \/>\n\t<meta property=\"og:image:width\" content=\"1920\" class=\"yoast-seo-meta-tag\" \/>\n\t<meta property=\"og:image:height\" content=\"970\" class=\"yoast-seo-meta-tag\" \/>\n\t<meta property=\"og:image:type\" content=\"image\/jpeg\" class=\"yoast-seo-meta-tag\" \/>\n<meta name=\"author\" content=\"dorogimedence.hu\" class=\"yoast-seo-meta-tag\" \/>\n<meta name=\"twitter:card\" content=\"summary_large_image\" class=\"yoast-seo-meta-tag\" \/>\n<meta name=\"twitter:label1\" content=\"Szerz\u0151:\" class=\"yoast-seo-meta-tag\" \/>\n\t<meta name=\"twitter:data1\" content=\"dorogimedence.hu\" class=\"yoast-seo-meta-tag\" \/>\n\t<meta name=\"twitter:label2\" content=\"Becs\u00fclt olvas\u00e1si id\u0151\" class=\"yoast-seo-meta-tag\" \/>\n\t<meta name=\"twitter:data2\" content=\"2 perc\" class=\"yoast-seo-meta-tag\" \/>\n<script type=\"application\/ld+json\" class=\"yoast-schema-graph\">{\"@context\":\"https:\\\/\\\/schema.org\",\"@graph\":[{\"@type\":\"Article\",\"@id\":\"https:\\\/\\\/dorogimedence.hu\\\/index.php\\\/2025\\\/09\\\/29\\\/dobogos-helyen-a-kemhesz-halorei-szarvason\\\/#article\",\"isPartOf\":{\"@id\":\"https:\\\/\\\/dorogimedence.hu\\\/index.php\\\/2025\\\/09\\\/29\\\/dobogos-helyen-a-kemhesz-halorei-szarvason\\\/\"},\"author\":{\"name\":\"dorogimedence.hu\",\"@id\":\"https:\\\/\\\/dorogimedence.hu\\\/#\\\/schema\\\/person\\\/ce6091eeb7e95ecdc87890d6aa8e0fd4\"},\"headline\":\"Dobog\u00f3s helyen a KEMHESZ hal\u0151rei Szarvason\",\"datePublished\":\"2025-09-29T09:12:04+00:00\",\"mainEntityOfPage\":{\"@id\":\"https:\\\/\\\/dorogimedence.hu\\\/index.php\\\/2025\\\/09\\\/29\\\/dobogos-helyen-a-kemhesz-halorei-szarvason\\\/\"},\"wordCount\":395,\"publisher\":{\"@id\":\"https:\\\/\\\/dorogimedence.hu\\\/#organization\"},\"image\":{\"@id\":\"https:\\\/\\\/dorogimedence.hu\\\/index.php\\\/2025\\\/09\\\/29\\\/dobogos-helyen-a-kemhesz-halorei-szarvason\\\/#primaryimage\"},\"thumbnailUrl\":\"https:\\\/\\\/dorogimedence.hu\\\/wp-content\\\/uploads\\\/2025\\\/09\\\/halor-01.jpg\",\"keywords\":[\"horg\u00e1sz\",\"horg\u00e1szat\",\"KEMHESZ\",\"Kom\u00e1rom-Esztergom v\u00e1rmegye\",\"sport\"],\"articleSection\":[\"H\u00edrek\",\"Kom\u00e1rom-Esztergom\",\"Sport\"],\"inLanguage\":\"hu\"},{\"@type\":\"WebPage\",\"@id\":\"https:\\\/\\\/dorogimedence.hu\\\/index.php\\\/2025\\\/09\\\/29\\\/dobogos-helyen-a-kemhesz-halorei-szarvason\\\/\",\"url\":\"https:\\\/\\\/dorogimedence.hu\\\/index.php\\\/2025\\\/09\\\/29\\\/dobogos-helyen-a-kemhesz-halorei-szarvason\\\/\",\"name\":\"Dobog\u00f3s helyen a KEMHESZ hal\u0151rei Szarvason\",\"isPartOf\":{\"@id\":\"https:\\\/\\\/dorogimedence.hu\\\/#website\"},\"primaryImageOfPage\":{\"@id\":\"https:\\\/\\\/dorogimedence.hu\\\/index.php\\\/2025\\\/09\\\/29\\\/dobogos-helyen-a-kemhesz-halorei-szarvason\\\/#primaryimage\"},\"image\":{\"@id\":\"https:\\\/\\\/dorogimedence.hu\\\/index.php\\\/2025\\\/09\\\/29\\\/dobogos-helyen-a-kemhesz-halorei-szarvason\\\/#primaryimage\"},\"thumbnailUrl\":\"https:\\\/\\\/dorogimedence.hu\\\/wp-content\\\/uploads\\\/2025\\\/09\\\/halor-01.jpg\",\"datePublished\":\"2025-09-29T09:12:04+00:00\",\"breadcrumb\":{\"@id\":\"https:\\\/\\\/dorogimedence.hu\\\/index.php\\\/2025\\\/09\\\/29\\\/dobogos-helyen-a-kemhesz-halorei-szarvason\\\/#breadcrumb\"},\"inLanguage\":\"hu\",\"potentialAction\":[{\"@type\":\"ReadAction\",\"target\":[\"https:\\\/\\\/dorogimedence.hu\\\/index.php\\\/2025\\\/09\\\/29\\\/dobogos-helyen-a-kemhesz-halorei-szarvason\\\/\"]}]},{\"@type\":\"ImageObject\",\"inLanguage\":\"hu\",\"@id\":\"https:\\\/\\\/dorogimedence.hu\\\/index.php\\\/2025\\\/09\\\/29\\\/dobogos-helyen-a-kemhesz-halorei-szarvason\\\/#primaryimage\",\"url\":\"https:\\\/\\\/dorogimedence.hu\\\/wp-content\\\/uploads\\\/2025\\\/09\\\/halor-01.jpg\",\"contentUrl\":\"https:\\\/\\\/dorogimedence.hu\\\/wp-content\\\/uploads\\\/2025\\\/09\\\/halor-01.jpg\",\"width\":1920,\"height\":970},{\"@type\":\"BreadcrumbList\",\"@id\":\"https:\\\/\\\/dorogimedence.hu\\\/index.php\\\/2025\\\/09\\\/29\\\/dobogos-helyen-a-kemhesz-halorei-szarvason\\\/#breadcrumb\",\"itemListElement\":[{\"@type\":\"ListItem\",\"position\":1,\"name\":\"Kezd\u0151lap\",\"item\":\"https:\\\/\\\/dorogimedence.hu\\\/\"},{\"@type\":\"ListItem\",\"position\":2,\"name\":\"Dobog\u00f3s helyen a KEMHESZ hal\u0151rei Szarvason\"}]},{\"@type\":\"WebSite\",\"@id\":\"https:\\\/\\\/dorogimedence.hu\\\/#website\",\"url\":\"https:\\\/\\\/dorogimedence.hu\\\/\",\"name\":\"Dorogi-medence Region\u00e1lis H\u00edrport\u00e1l\",\"description\":\"Dorog, Keszt\u00f6lc, Le\u00e1nyv\u00e1r, Piliscs\u00e9v, Tokod, Tokodalt\u00e1r\u00f3, Csolnok, Esztergom-kertv\u00e1ros: h\u00edrek, programok\",\"publisher\":{\"@id\":\"https:\\\/\\\/dorogimedence.hu\\\/#organization\"},\"potentialAction\":[{\"@type\":\"SearchAction\",\"target\":{\"@type\":\"EntryPoint\",\"urlTemplate\":\"https:\\\/\\\/dorogimedence.hu\\\/?s={search_term_string}\"},\"query-input\":{\"@type\":\"PropertyValueSpecification\",\"valueRequired\":true,\"valueName\":\"search_term_string\"}}],\"inLanguage\":\"hu\"},{\"@type\":\"Organization\",\"@id\":\"https:\\\/\\\/dorogimedence.hu\\\/#organization\",\"name\":\"Dorogi-medence Region\u00e1lis H\u00edrport\u00e1l\",\"url\":\"https:\\\/\\\/dorogimedence.hu\\\/\",\"logo\":{\"@type\":\"ImageObject\",\"inLanguage\":\"hu\",\"@id\":\"https:\\\/\\\/dorogimedence.hu\\\/#\\\/schema\\\/logo\\\/image\\\/\",\"url\":\"https:\\\/\\\/dorogimedence.hu\\\/wp-content\\\/uploads\\\/2021\\\/04\\\/logo-feher-600.png\",\"contentUrl\":\"https:\\\/\\\/dorogimedence.hu\\\/wp-content\\\/uploads\\\/2021\\\/04\\\/logo-feher-600.png\",\"width\":600,\"height\":100,\"caption\":\"Dorogi-medence Region\u00e1lis H\u00edrport\u00e1l\"},\"image\":{\"@id\":\"https:\\\/\\\/dorogimedence.hu\\\/#\\\/schema\\\/logo\\\/image\\\/\"},\"sameAs\":[\"https:\\\/\\\/www.facebook.com\\\/dorogimedence\\\/\"]},{\"@type\":\"Person\",\"@id\":\"https:\\\/\\\/dorogimedence.hu\\\/#\\\/schema\\\/person\\\/ce6091eeb7e95ecdc87890d6aa8e0fd4\",\"name\":\"dorogimedence.hu\",\"image\":{\"@type\":\"ImageObject\",\"inLanguage\":\"hu\",\"@id\":\"\\\/\\\/www.gravatar.com\\\/avatar\\\/d8d45f8901aadff40a4af72c0b826f1d?s=96&#038;r=g&#038;d=mm\",\"url\":\"\\\/\\\/www.gravatar.com\\\/avatar\\\/d8d45f8901aadff40a4af72c0b826f1d?s=96&#038;r=g&#038;d=mm\",\"contentUrl\":\"\\\/\\\/www.gravatar.com\\\/avatar\\\/d8d45f8901aadff40a4af72c0b826f1d?s=96&#038;r=g&#038;d=mm\",\"caption\":\"dorogimedence.hu\"}}]}<\/script>\n<!-- \/ Yoast SEO plugin. -->","yoast_head_json":{"title":"Dobog\u00f3s helyen a KEMHESZ hal\u0151rei Szarvason","robots":{"index":"index","follow":"follow","max-snippet":"max-snippet:-1","max-image-preview":"max-image-preview:large","max-video-preview":"max-video-preview:-1"},"canonical":"https:\/\/dorogimedence.hu\/index.php\/2025\/09\/29\/dobogos-helyen-a-kemhesz-halorei-szarvason\/","og_locale":"hu_HU","og_type":"article","og_title":"Dobog\u00f3s helyen a KEMHESZ hal\u0151rei Szarvason","og_description":"Szeptember 15\u201317. k\u00f6z\u00f6tt Szarvason rendezt\u00e9k meg a VIII. Orsz\u00e1gos Hal\u0151ri Szakmai Versenyt \u00e9s Tal\u00e1lkoz\u00f3t, ahol harminc csapat m\u00e9rte \u00f6ssze tud\u00e1s\u00e1t. A rangos esem\u00e9nyen a Kom\u00e1rom-Esztergom V\u00e1rmegyei Horg\u00e1szegyes\u00fcletek Sz\u00f6vets\u00e9ge (KEMHESZ) hal\u0151rei kimagasl\u00f3 teljes\u00edtm\u00e9nnyel a harmadik helyet szerezt\u00e9k meg, ezzel m\u00e9lt\u00f3k\u00e9ppen k\u00e9pviselt\u00e9k v\u00e1rmegy\u00e9nket az orsz\u00e1gos mez\u0151nyben. A verseny h\u00e1rom napon \u00e1t zajlott, er\u0151nl\u00e9ti, elm\u00e9leti, \u00fcgyess\u00e9gi \u00e9s szakmai","og_url":"https:\/\/dorogimedence.hu\/index.php\/2025\/09\/29\/dobogos-helyen-a-kemhesz-halorei-szarvason\/","og_site_name":"Dorogi-medence Region\u00e1lis H\u00edrport\u00e1l","article_publisher":"https:\/\/www.facebook.com\/dorogimedence\/","article_published_time":"2025-09-29T09:12:04+00:00","og_image":[{"width":1920,"height":970,"url":"https:\/\/dorogimedence.hu\/wp-content\/uploads\/2025\/09\/halor-01.jpg","type":"image\/jpeg"}],"author":"dorogimedence.hu","twitter_card":"summary_large_image","twitter_misc":{"Szerz\u0151:":"dorogimedence.hu","Becs\u00fclt olvas\u00e1si id\u0151":"2 perc"},"schema":{"@context":"https:\/\/schema.org","@graph":[{"@type":"Article","@id":"https:\/\/dorogimedence.hu\/index.php\/2025\/09\/29\/dobogos-helyen-a-kemhesz-halorei-szarvason\/#article","isPartOf":{"@id":"https:\/\/dorogimedence.hu\/index.php\/2025\/09\/29\/dobogos-helyen-a-kemhesz-halorei-szarvason\/"},"author":{"name":"dorogimedence.hu","@id":"https:\/\/dorogimedence.hu\/#\/schema\/person\/ce6091eeb7e95ecdc87890d6aa8e0fd4"},"headline":"Dobog\u00f3s helyen a KEMHESZ hal\u0151rei Szarvason","datePublished":"2025-09-29T09:12:04+00:00","mainEntityOfPage":{"@id":"https:\/\/dorogimedence.hu\/index.php\/2025\/09\/29\/dobogos-helyen-a-kemhesz-halorei-szarvason\/"},"wordCount":395,"publisher":{"@id":"https:\/\/dorogimedence.hu\/#organization"},"image":{"@id":"https:\/\/dorogimedence.hu\/index.php\/2025\/09\/29\/dobogos-helyen-a-kemhesz-halorei-szarvason\/#primaryimage"},"thumbnailUrl":"https:\/\/dorogimedence.hu\/wp-content\/uploads\/2025\/09\/halor-01.jpg","keywords":["horg\u00e1sz","horg\u00e1szat","KEMHESZ","Kom\u00e1rom-Esztergom v\u00e1rmegye","sport"],"articleSection":["H\u00edrek","Kom\u00e1rom-Esztergom","Sport"],"inLanguage":"hu"},{"@type":"WebPage","@id":"https:\/\/dorogimedence.hu\/index.php\/2025\/09\/29\/dobogos-helyen-a-kemhesz-halorei-szarvason\/","url":"https:\/\/dorogimedence.hu\/index.php\/2025\/09\/29\/dobogos-helyen-a-kemhesz-halorei-szarvason\/","name":"Dobog\u00f3s helyen a KEMHESZ hal\u0151rei Szarvason","isPartOf":{"@id":"https:\/\/dorogimedence.hu\/#website"},"primaryImageOfPage":{"@id":"https:\/\/dorogimedence.hu\/index.php\/2025\/09\/29\/dobogos-helyen-a-kemhesz-halorei-szarvason\/#primaryimage"},"image":{"@id":"https:\/\/dorogimedence.hu\/index.php\/2025\/09\/29\/dobogos-helyen-a-kemhesz-halorei-szarvason\/#primaryimage"},"thumbnailUrl":"https:\/\/dorogimedence.hu\/wp-content\/uploads\/2025\/09\/halor-01.jpg","datePublished":"2025-09-29T09:12:04+00:00","breadcrumb":{"@id":"https:\/\/dorogimedence.hu\/index.php\/2025\/09\/29\/dobogos-helyen-a-kemhesz-halorei-szarvason\/#breadcrumb"},"inLanguage":"hu","potentialAction":[{"@type":"ReadAction","target":["https:\/\/dorogimedence.hu\/index.php\/2025\/09\/29\/dobogos-helyen-a-kemhesz-halorei-szarvason\/"]}]},{"@type":"ImageObject","inLanguage":"hu","@id":"https:\/\/dorogimedence.hu\/index.php\/2025\/09\/29\/dobogos-helyen-a-kemhesz-halorei-szarvason\/#primaryimage","url":"https:\/\/dorogimedence.hu\/wp-content\/uploads\/2025\/09\/halor-01.jpg","contentUrl":"https:\/\/dorogimedence.hu\/wp-content\/uploads\/2025\/09\/halor-01.jpg","width":1920,"height":970},{"@type":"BreadcrumbList","@id":"https:\/\/dorogimedence.hu\/index.php\/2025\/09\/29\/dobogos-helyen-a-kemhesz-halorei-szarvason\/#breadcrumb","itemListElement":[{"@type":"ListItem","position":1,"name":"Kezd\u0151lap","item":"https:\/\/dorogimedence.hu\/"},{"@type":"ListItem","position":2,"name":"Dobog\u00f3s helyen a KEMHESZ hal\u0151rei Szarvason"}]},{"@type":"WebSite","@id":"https:\/\/dorogimedence.hu\/#website","url":"https:\/\/dorogimedence.hu\/","name":"Dorogi-medence Region\u00e1lis H\u00edrport\u00e1l","description":"Dorog, Keszt\u00f6lc, Le\u00e1nyv\u00e1r, Piliscs\u00e9v, Tokod, Tokodalt\u00e1r\u00f3, Csolnok, Esztergom-kertv\u00e1ros: h\u00edrek, programok","publisher":{"@id":"https:\/\/dorogimedence.hu\/#organization"},"potentialAction":[{"@type":"SearchAction","target":{"@type":"EntryPoint","urlTemplate":"https:\/\/dorogimedence.hu\/?s={search_term_string}"},"query-input":{"@type":"PropertyValueSpecification","valueRequired":true,"valueName":"search_term_string"}}],"inLanguage":"hu"},{"@type":"Organization","@id":"https:\/\/dorogimedence.hu\/#organization","name":"Dorogi-medence Region\u00e1lis H\u00edrport\u00e1l","url":"https:\/\/dorogimedence.hu\/","logo":{"@type":"ImageObject","inLanguage":"hu","@id":"https:\/\/dorogimedence.hu\/#\/schema\/logo\/image\/","url":"https:\/\/dorogimedence.hu\/wp-content\/uploads\/2021\/04\/logo-feher-600.png","contentUrl":"https:\/\/dorogimedence.hu\/wp-content\/uploads\/2021\/04\/logo-feher-600.png","width":600,"height":100,"caption":"Dorogi-medence Region\u00e1lis H\u00edrport\u00e1l"},"image":{"@id":"https:\/\/dorogimedence.hu\/#\/schema\/logo\/image\/"},"sameAs":["https:\/\/www.facebook.com\/dorogimedence\/"]},{"@type":"Person","@id":"https:\/\/dorogimedence.hu\/#\/schema\/person\/ce6091eeb7e95ecdc87890d6aa8e0fd4","name":"dorogimedence.hu","image":{"@type":"ImageObject","inLanguage":"hu","@id":"\/\/www.gravatar.com\/avatar\/d8d45f8901aadff40a4af72c0b826f1d?s=96&#038;r=g&#038;d=mm","url":"\/\/www.gravatar.com\/avatar\/d8d45f8901aadff40a4af72c0b826f1d?s=96&#038;r=g&#038;d=mm","contentUrl":"\/\/www.gravatar.com\/avatar\/d8d45f8901aadff40a4af72c0b826f1d?s=96&#038;r=g&#038;d=mm","caption":"dorogimedence.hu"}}]}},"_links":{"self":[{"href":"https:\/\/dorogimedence.hu\/index.php\/wp-json\/wp\/v2\/posts\/74564","targetHints":{"allow":["GET"]}}],"collection":[{"href":"https:\/\/dorogimedence.hu\/index.php\/wp-json\/wp\/v2\/posts"}],"about":[{"href":"https:\/\/dorogimedence.hu\/index.php\/wp-json\/wp\/v2\/types\/post"}],"author":[{"embeddable":true,"href":"https:\/\/dorogimedence.hu\/index.php\/wp-json\/wp\/v2\/users\/1"}],"replies":[{"embeddable":true,"href":"https:\/\/dorogimedence.hu\/index.php\/wp-json\/wp\/v2\/comments?post=74564"}],"version-history":[{"count":0,"href":"https:\/\/dorogimedence.hu\/index.php\/wp-json\/wp\/v2\/posts\/74564\/revisions"}],"wp:featuredmedia":[{"embeddable":true,"href":"https:\/\/dorogimedence.hu\/index.php\/wp-json\/wp\/v2\/media\/74565"}],"wp:attachment":[{"href":"https:\/\/dorogimedence.hu\/index.php\/wp-json\/wp\/v2\/media?parent=74564"}],"wp:term":[{"taxonomy":"category","embeddable":true,"href":"https:\/\/dorogimedence.hu\/index.php\/wp-json\/wp\/v2\/categories?post=74564"},{"taxonomy":"post_tag","embeddable":true,"href":"https:\/\/dorogimedence.hu\/index.php\/wp-json\/wp\/v2\/tags?post=74564"}],"curies":[{"name":"wp","href":"https:\/\/api.w.org\/{rel}","templated":true}]}}