{"id":74383,"date":"2025-09-22T13:25:26","date_gmt":"2025-09-22T11:25:26","guid":{"rendered":"https:\/\/dorogimedence.hu\/?p=74383"},"modified":"2025-09-22T16:19:01","modified_gmt":"2025-09-22T14:19:01","slug":"dorogi-lany-festmenye-disziti-lando-norris-oltozojet","status":"publish","type":"post","link":"https:\/\/dorogimedence.hu\/index.php\/2025\/09\/22\/dorogi-lany-festmenye-disziti-lando-norris-oltozojet\/","title":{"rendered":"Dorogi l\u00e1ny festm\u00e9nye d\u00edsz\u00edti Lando Norris \u00f6lt\u00f6z\u0151j\u00e9t"},"content":{"rendered":"<p><strong>Val\u00f3ra v\u00e1lt egy dorogi di\u00e1kl\u00e1ny \u00e1lma: G\u00f3tzy N\u00f3ra, a 16 \u00e9ves, Esztergomi Dob\u00f3 Katalin Gimn\u00e1zium tanul\u00f3j\u00e1nak alkot\u00e1sa imm\u00e1r a Forma\u20131 egyik legnagyobb szt\u00e1rj\u00e1nak, Lando Norrisnak az \u00f6lt\u00f6z\u0151j\u00e9t d\u00edsz\u00edti.<\/strong><\/p>\n<p>N\u00f3ra 3 \u00e9ve lelkes Forma\u20131 rajong\u00f3, kedvenc pil\u00f3t\u00e1j\u00e1r\u00f3l, Norrisr\u00f3l pedig egy fot\u00f3 alapj\u00e1n k\u00e9sz\u00edtett portr\u00e9t. A k\u00fcl\u00f6nleges m\u0171 az idei Magyar Nagyd\u00edjon jutott el a McLaren versenyz\u0151j\u00e9hez. B\u00e1r N\u00f3ra szem\u00e9lyesen nem adhatta \u00e1t, az alkot\u00e1s \u00edgy is elnyerte Norris tetsz\u00e9s\u00e9t, aki egy al\u00e1\u00edrt sapk\u00e1val k\u00f6sz\u00f6nte meg a figyelmess\u00e9get.<\/p>\n<p>A t\u00f6rt\u00e9net itt azonban nem \u00e9rt v\u00e9get: a dorogi tehets\u00e9ges fiatal legmer\u00e9szebb \u00e1lmaiban sem gondolta volna, hogy festm\u00e9nye v\u00e9g\u00fcl Norris \u00f6lt\u00f6z\u0151j\u00e9nek fal\u00e1ra ker\u00fcl. Az\u00f3ta a YouTube-on megtal\u00e1lhat\u00f3 interj\u00fa tan\u00fas\u00edtja, hogy a portr\u00e9 \u00e1lland\u00f3 helyet kapott a brit pil\u00f3ta priv\u00e1t ter\u00e9ben.<\/p>\n<p>A dorogi l\u00e1ny sikere igazi k\u00f6z\u00f6ss\u00e9gi b\u00fcszkes\u00e9g is: egy tehets\u00e9ges fiatal alkot\u00e1sa most a vil\u00e1g egyik legn\u00e9pszer\u0171bb sport\u00e1g\u00e1ban, a Forma\u20131-ben kapott k\u00fcl\u00f6nleges elismer\u00e9st.<\/p>\n<p><strong>A vide\u00f3ban 1 perc 23 m\u00e1sodpern\u00e9l mutatj\u00e1k az alkot\u00e1st:<\/strong><\/p>\n<p><iframe title=\"Lap of Luxury - McLaren \" width=\"755\" height=\"425\" src=\"https:\/\/www.youtube.com\/embed\/r6koR_MMYF4?feature=oembed\" frameborder=\"0\" allow=\"accelerometer; autoplay; clipboard-write; encrypted-media; gyroscope; picture-in-picture; web-share\" referrerpolicy=\"strict-origin-when-cross-origin\" allowfullscreen><\/iframe><\/p>\n","protected":false},"excerpt":{"rendered":"<p>Val\u00f3ra v\u00e1lt egy dorogi di\u00e1kl\u00e1ny \u00e1lma: G\u00f3tzy N\u00f3ra, a 16 \u00e9ves, Esztergomi Dob\u00f3 Katalin Gimn\u00e1zium tanul\u00f3j\u00e1nak alkot\u00e1sa imm\u00e1r a Forma\u20131 egyik legnagyobb szt\u00e1rj\u00e1nak, Lando Norrisnak az \u00f6lt\u00f6z\u0151j\u00e9t d\u00edsz\u00edti. N\u00f3ra 3 \u00e9ve lelkes Forma\u20131 rajong\u00f3, kedvenc pil\u00f3t\u00e1j\u00e1r\u00f3l, Norrisr\u00f3l pedig egy fot\u00f3 alapj\u00e1n k\u00e9sz\u00edtett portr\u00e9t. A k\u00fcl\u00f6nleges m\u0171 az idei Magyar Nagyd\u00edjon jutott el a McLaren versenyz\u0151j\u00e9hez.<\/p>\n","protected":false},"author":1,"featured_media":74384,"comment_status":"closed","ping_status":"closed","sticky":false,"template":"","format":"standard","meta":{"ngg_post_thumbnail":0,"footnotes":""},"categories":[2,3,6948],"tags":[15,5624,8280],"class_list":{"0":"post-74383","1":"post","2":"type-post","3":"status-publish","4":"format-standard","5":"has-post-thumbnail","7":"category-dorog","8":"category-hirek","9":"category-szines","10":"tag-dorog","11":"tag-featured","12":"tag-forma-1"},"yoast_head":"<!-- This site is optimized with the Yoast SEO plugin v27.4 - https:\/\/yoast.com\/product\/yoast-seo-wordpress\/ -->\n<title>Dorogi l\u00e1ny festm\u00e9nye d\u00edsz\u00edti Lando Norris \u00f6lt\u00f6z\u0151j\u00e9t<\/title>\n<meta name=\"robots\" content=\"index, follow, max-snippet:-1, max-image-preview:large, max-video-preview:-1\" \/>\n<link rel=\"canonical\" href=\"https:\/\/dorogimedence.hu\/index.php\/2025\/09\/22\/dorogi-lany-festmenye-disziti-lando-norris-oltozojet\/\" class=\"yoast-seo-meta-tag\" \/>\n<meta property=\"og:locale\" content=\"hu_HU\" class=\"yoast-seo-meta-tag\" \/>\n<meta property=\"og:type\" content=\"article\" class=\"yoast-seo-meta-tag\" \/>\n<meta property=\"og:title\" content=\"Dorogi l\u00e1ny festm\u00e9nye d\u00edsz\u00edti Lando Norris \u00f6lt\u00f6z\u0151j\u00e9t\" class=\"yoast-seo-meta-tag\" \/>\n<meta property=\"og:description\" content=\"Val\u00f3ra v\u00e1lt egy dorogi di\u00e1kl\u00e1ny \u00e1lma: G\u00f3tzy N\u00f3ra, a 16 \u00e9ves, Esztergomi Dob\u00f3 Katalin Gimn\u00e1zium tanul\u00f3j\u00e1nak alkot\u00e1sa imm\u00e1r a Forma\u20131 egyik legnagyobb szt\u00e1rj\u00e1nak, Lando Norrisnak az \u00f6lt\u00f6z\u0151j\u00e9t d\u00edsz\u00edti. N\u00f3ra 3 \u00e9ve lelkes Forma\u20131 rajong\u00f3, kedvenc pil\u00f3t\u00e1j\u00e1r\u00f3l, Norrisr\u00f3l pedig egy fot\u00f3 alapj\u00e1n k\u00e9sz\u00edtett portr\u00e9t. A k\u00fcl\u00f6nleges m\u0171 az idei Magyar Nagyd\u00edjon jutott el a McLaren versenyz\u0151j\u00e9hez.\" class=\"yoast-seo-meta-tag\" \/>\n<meta property=\"og:url\" content=\"https:\/\/dorogimedence.hu\/index.php\/2025\/09\/22\/dorogi-lany-festmenye-disziti-lando-norris-oltozojet\/\" class=\"yoast-seo-meta-tag\" \/>\n<meta property=\"og:site_name\" content=\"Dorogi-medence Region\u00e1lis H\u00edrport\u00e1l\" class=\"yoast-seo-meta-tag\" \/>\n<meta property=\"article:publisher\" content=\"https:\/\/www.facebook.com\/dorogimedence\/\" class=\"yoast-seo-meta-tag\" \/>\n<meta property=\"article:published_time\" content=\"2025-09-22T11:25:26+00:00\" class=\"yoast-seo-meta-tag\" \/>\n<meta property=\"article:modified_time\" content=\"2025-09-22T14:19:01+00:00\" class=\"yoast-seo-meta-tag\" \/>\n<meta property=\"og:image\" content=\"https:\/\/dorogimedence.hu\/wp-content\/uploads\/2025\/09\/gotzy.jpg\" class=\"yoast-seo-meta-tag\" \/>\n\t<meta property=\"og:image:width\" content=\"1920\" class=\"yoast-seo-meta-tag\" \/>\n\t<meta property=\"og:image:height\" content=\"970\" class=\"yoast-seo-meta-tag\" \/>\n\t<meta property=\"og:image:type\" content=\"image\/jpeg\" class=\"yoast-seo-meta-tag\" \/>\n<meta name=\"author\" content=\"dorogimedence.hu\" class=\"yoast-seo-meta-tag\" \/>\n<meta name=\"twitter:card\" content=\"summary_large_image\" class=\"yoast-seo-meta-tag\" \/>\n<meta name=\"twitter:label1\" content=\"Szerz\u0151:\" class=\"yoast-seo-meta-tag\" \/>\n\t<meta name=\"twitter:data1\" content=\"dorogimedence.hu\" class=\"yoast-seo-meta-tag\" \/>\n\t<meta name=\"twitter:label2\" content=\"Becs\u00fclt olvas\u00e1si id\u0151\" class=\"yoast-seo-meta-tag\" \/>\n\t<meta name=\"twitter:data2\" content=\"1 perc\" class=\"yoast-seo-meta-tag\" \/>\n<script type=\"application\/ld+json\" class=\"yoast-schema-graph\">{\"@context\":\"https:\\\/\\\/schema.org\",\"@graph\":[{\"@type\":\"Article\",\"@id\":\"https:\\\/\\\/dorogimedence.hu\\\/index.php\\\/2025\\\/09\\\/22\\\/dorogi-lany-festmenye-disziti-lando-norris-oltozojet\\\/#article\",\"isPartOf\":{\"@id\":\"https:\\\/\\\/dorogimedence.hu\\\/index.php\\\/2025\\\/09\\\/22\\\/dorogi-lany-festmenye-disziti-lando-norris-oltozojet\\\/\"},\"author\":{\"name\":\"dorogimedence.hu\",\"@id\":\"https:\\\/\\\/dorogimedence.hu\\\/#\\\/schema\\\/person\\\/ce6091eeb7e95ecdc87890d6aa8e0fd4\"},\"headline\":\"Dorogi l\u00e1ny festm\u00e9nye d\u00edsz\u00edti Lando Norris \u00f6lt\u00f6z\u0151j\u00e9t\",\"datePublished\":\"2025-09-22T11:25:26+00:00\",\"dateModified\":\"2025-09-22T14:19:01+00:00\",\"mainEntityOfPage\":{\"@id\":\"https:\\\/\\\/dorogimedence.hu\\\/index.php\\\/2025\\\/09\\\/22\\\/dorogi-lany-festmenye-disziti-lando-norris-oltozojet\\\/\"},\"wordCount\":253,\"publisher\":{\"@id\":\"https:\\\/\\\/dorogimedence.hu\\\/#organization\"},\"image\":{\"@id\":\"https:\\\/\\\/dorogimedence.hu\\\/index.php\\\/2025\\\/09\\\/22\\\/dorogi-lany-festmenye-disziti-lando-norris-oltozojet\\\/#primaryimage\"},\"thumbnailUrl\":\"https:\\\/\\\/dorogimedence.hu\\\/wp-content\\\/uploads\\\/2025\\\/09\\\/gotzy.jpg\",\"keywords\":[\"Dorog\",\"featured\",\"Forma-1\"],\"articleSection\":[\"Dorog\",\"H\u00edrek\",\"Sz\u00ednes\"],\"inLanguage\":\"hu\"},{\"@type\":\"WebPage\",\"@id\":\"https:\\\/\\\/dorogimedence.hu\\\/index.php\\\/2025\\\/09\\\/22\\\/dorogi-lany-festmenye-disziti-lando-norris-oltozojet\\\/\",\"url\":\"https:\\\/\\\/dorogimedence.hu\\\/index.php\\\/2025\\\/09\\\/22\\\/dorogi-lany-festmenye-disziti-lando-norris-oltozojet\\\/\",\"name\":\"Dorogi l\u00e1ny festm\u00e9nye d\u00edsz\u00edti Lando Norris \u00f6lt\u00f6z\u0151j\u00e9t\",\"isPartOf\":{\"@id\":\"https:\\\/\\\/dorogimedence.hu\\\/#website\"},\"primaryImageOfPage\":{\"@id\":\"https:\\\/\\\/dorogimedence.hu\\\/index.php\\\/2025\\\/09\\\/22\\\/dorogi-lany-festmenye-disziti-lando-norris-oltozojet\\\/#primaryimage\"},\"image\":{\"@id\":\"https:\\\/\\\/dorogimedence.hu\\\/index.php\\\/2025\\\/09\\\/22\\\/dorogi-lany-festmenye-disziti-lando-norris-oltozojet\\\/#primaryimage\"},\"thumbnailUrl\":\"https:\\\/\\\/dorogimedence.hu\\\/wp-content\\\/uploads\\\/2025\\\/09\\\/gotzy.jpg\",\"datePublished\":\"2025-09-22T11:25:26+00:00\",\"dateModified\":\"2025-09-22T14:19:01+00:00\",\"breadcrumb\":{\"@id\":\"https:\\\/\\\/dorogimedence.hu\\\/index.php\\\/2025\\\/09\\\/22\\\/dorogi-lany-festmenye-disziti-lando-norris-oltozojet\\\/#breadcrumb\"},\"inLanguage\":\"hu\",\"potentialAction\":[{\"@type\":\"ReadAction\",\"target\":[\"https:\\\/\\\/dorogimedence.hu\\\/index.php\\\/2025\\\/09\\\/22\\\/dorogi-lany-festmenye-disziti-lando-norris-oltozojet\\\/\"]}]},{\"@type\":\"ImageObject\",\"inLanguage\":\"hu\",\"@id\":\"https:\\\/\\\/dorogimedence.hu\\\/index.php\\\/2025\\\/09\\\/22\\\/dorogi-lany-festmenye-disziti-lando-norris-oltozojet\\\/#primaryimage\",\"url\":\"https:\\\/\\\/dorogimedence.hu\\\/wp-content\\\/uploads\\\/2025\\\/09\\\/gotzy.jpg\",\"contentUrl\":\"https:\\\/\\\/dorogimedence.hu\\\/wp-content\\\/uploads\\\/2025\\\/09\\\/gotzy.jpg\",\"width\":1920,\"height\":970},{\"@type\":\"BreadcrumbList\",\"@id\":\"https:\\\/\\\/dorogimedence.hu\\\/index.php\\\/2025\\\/09\\\/22\\\/dorogi-lany-festmenye-disziti-lando-norris-oltozojet\\\/#breadcrumb\",\"itemListElement\":[{\"@type\":\"ListItem\",\"position\":1,\"name\":\"Kezd\u0151lap\",\"item\":\"https:\\\/\\\/dorogimedence.hu\\\/\"},{\"@type\":\"ListItem\",\"position\":2,\"name\":\"Dorogi l\u00e1ny festm\u00e9nye d\u00edsz\u00edti Lando Norris \u00f6lt\u00f6z\u0151j\u00e9t\"}]},{\"@type\":\"WebSite\",\"@id\":\"https:\\\/\\\/dorogimedence.hu\\\/#website\",\"url\":\"https:\\\/\\\/dorogimedence.hu\\\/\",\"name\":\"Dorogi-medence Region\u00e1lis H\u00edrport\u00e1l\",\"description\":\"Dorog, Keszt\u00f6lc, Le\u00e1nyv\u00e1r, Piliscs\u00e9v, Tokod, Tokodalt\u00e1r\u00f3, Csolnok, Esztergom-kertv\u00e1ros: h\u00edrek, programok\",\"publisher\":{\"@id\":\"https:\\\/\\\/dorogimedence.hu\\\/#organization\"},\"potentialAction\":[{\"@type\":\"SearchAction\",\"target\":{\"@type\":\"EntryPoint\",\"urlTemplate\":\"https:\\\/\\\/dorogimedence.hu\\\/?s={search_term_string}\"},\"query-input\":{\"@type\":\"PropertyValueSpecification\",\"valueRequired\":true,\"valueName\":\"search_term_string\"}}],\"inLanguage\":\"hu\"},{\"@type\":\"Organization\",\"@id\":\"https:\\\/\\\/dorogimedence.hu\\\/#organization\",\"name\":\"Dorogi-medence Region\u00e1lis H\u00edrport\u00e1l\",\"url\":\"https:\\\/\\\/dorogimedence.hu\\\/\",\"logo\":{\"@type\":\"ImageObject\",\"inLanguage\":\"hu\",\"@id\":\"https:\\\/\\\/dorogimedence.hu\\\/#\\\/schema\\\/logo\\\/image\\\/\",\"url\":\"https:\\\/\\\/dorogimedence.hu\\\/wp-content\\\/uploads\\\/2021\\\/04\\\/logo-feher-600.png\",\"contentUrl\":\"https:\\\/\\\/dorogimedence.hu\\\/wp-content\\\/uploads\\\/2021\\\/04\\\/logo-feher-600.png\",\"width\":600,\"height\":100,\"caption\":\"Dorogi-medence Region\u00e1lis H\u00edrport\u00e1l\"},\"image\":{\"@id\":\"https:\\\/\\\/dorogimedence.hu\\\/#\\\/schema\\\/logo\\\/image\\\/\"},\"sameAs\":[\"https:\\\/\\\/www.facebook.com\\\/dorogimedence\\\/\"]},{\"@type\":\"Person\",\"@id\":\"https:\\\/\\\/dorogimedence.hu\\\/#\\\/schema\\\/person\\\/ce6091eeb7e95ecdc87890d6aa8e0fd4\",\"name\":\"dorogimedence.hu\",\"image\":{\"@type\":\"ImageObject\",\"inLanguage\":\"hu\",\"@id\":\"\\\/\\\/www.gravatar.com\\\/avatar\\\/d8d45f8901aadff40a4af72c0b826f1d?s=96&#038;r=g&#038;d=mm\",\"url\":\"\\\/\\\/www.gravatar.com\\\/avatar\\\/d8d45f8901aadff40a4af72c0b826f1d?s=96&#038;r=g&#038;d=mm\",\"contentUrl\":\"\\\/\\\/www.gravatar.com\\\/avatar\\\/d8d45f8901aadff40a4af72c0b826f1d?s=96&#038;r=g&#038;d=mm\",\"caption\":\"dorogimedence.hu\"}}]}<\/script>\n<!-- \/ Yoast SEO plugin. -->","yoast_head_json":{"title":"Dorogi l\u00e1ny festm\u00e9nye d\u00edsz\u00edti Lando Norris \u00f6lt\u00f6z\u0151j\u00e9t","robots":{"index":"index","follow":"follow","max-snippet":"max-snippet:-1","max-image-preview":"max-image-preview:large","max-video-preview":"max-video-preview:-1"},"canonical":"https:\/\/dorogimedence.hu\/index.php\/2025\/09\/22\/dorogi-lany-festmenye-disziti-lando-norris-oltozojet\/","og_locale":"hu_HU","og_type":"article","og_title":"Dorogi l\u00e1ny festm\u00e9nye d\u00edsz\u00edti Lando Norris \u00f6lt\u00f6z\u0151j\u00e9t","og_description":"Val\u00f3ra v\u00e1lt egy dorogi di\u00e1kl\u00e1ny \u00e1lma: G\u00f3tzy N\u00f3ra, a 16 \u00e9ves, Esztergomi Dob\u00f3 Katalin Gimn\u00e1zium tanul\u00f3j\u00e1nak alkot\u00e1sa imm\u00e1r a Forma\u20131 egyik legnagyobb szt\u00e1rj\u00e1nak, Lando Norrisnak az \u00f6lt\u00f6z\u0151j\u00e9t d\u00edsz\u00edti. N\u00f3ra 3 \u00e9ve lelkes Forma\u20131 rajong\u00f3, kedvenc pil\u00f3t\u00e1j\u00e1r\u00f3l, Norrisr\u00f3l pedig egy fot\u00f3 alapj\u00e1n k\u00e9sz\u00edtett portr\u00e9t. A k\u00fcl\u00f6nleges m\u0171 az idei Magyar Nagyd\u00edjon jutott el a McLaren versenyz\u0151j\u00e9hez.","og_url":"https:\/\/dorogimedence.hu\/index.php\/2025\/09\/22\/dorogi-lany-festmenye-disziti-lando-norris-oltozojet\/","og_site_name":"Dorogi-medence Region\u00e1lis H\u00edrport\u00e1l","article_publisher":"https:\/\/www.facebook.com\/dorogimedence\/","article_published_time":"2025-09-22T11:25:26+00:00","article_modified_time":"2025-09-22T14:19:01+00:00","og_image":[{"width":1920,"height":970,"url":"https:\/\/dorogimedence.hu\/wp-content\/uploads\/2025\/09\/gotzy.jpg","type":"image\/jpeg"}],"author":"dorogimedence.hu","twitter_card":"summary_large_image","twitter_misc":{"Szerz\u0151:":"dorogimedence.hu","Becs\u00fclt olvas\u00e1si id\u0151":"1 perc"},"schema":{"@context":"https:\/\/schema.org","@graph":[{"@type":"Article","@id":"https:\/\/dorogimedence.hu\/index.php\/2025\/09\/22\/dorogi-lany-festmenye-disziti-lando-norris-oltozojet\/#article","isPartOf":{"@id":"https:\/\/dorogimedence.hu\/index.php\/2025\/09\/22\/dorogi-lany-festmenye-disziti-lando-norris-oltozojet\/"},"author":{"name":"dorogimedence.hu","@id":"https:\/\/dorogimedence.hu\/#\/schema\/person\/ce6091eeb7e95ecdc87890d6aa8e0fd4"},"headline":"Dorogi l\u00e1ny festm\u00e9nye d\u00edsz\u00edti Lando Norris \u00f6lt\u00f6z\u0151j\u00e9t","datePublished":"2025-09-22T11:25:26+00:00","dateModified":"2025-09-22T14:19:01+00:00","mainEntityOfPage":{"@id":"https:\/\/dorogimedence.hu\/index.php\/2025\/09\/22\/dorogi-lany-festmenye-disziti-lando-norris-oltozojet\/"},"wordCount":253,"publisher":{"@id":"https:\/\/dorogimedence.hu\/#organization"},"image":{"@id":"https:\/\/dorogimedence.hu\/index.php\/2025\/09\/22\/dorogi-lany-festmenye-disziti-lando-norris-oltozojet\/#primaryimage"},"thumbnailUrl":"https:\/\/dorogimedence.hu\/wp-content\/uploads\/2025\/09\/gotzy.jpg","keywords":["Dorog","featured","Forma-1"],"articleSection":["Dorog","H\u00edrek","Sz\u00ednes"],"inLanguage":"hu"},{"@type":"WebPage","@id":"https:\/\/dorogimedence.hu\/index.php\/2025\/09\/22\/dorogi-lany-festmenye-disziti-lando-norris-oltozojet\/","url":"https:\/\/dorogimedence.hu\/index.php\/2025\/09\/22\/dorogi-lany-festmenye-disziti-lando-norris-oltozojet\/","name":"Dorogi l\u00e1ny festm\u00e9nye d\u00edsz\u00edti Lando Norris \u00f6lt\u00f6z\u0151j\u00e9t","isPartOf":{"@id":"https:\/\/dorogimedence.hu\/#website"},"primaryImageOfPage":{"@id":"https:\/\/dorogimedence.hu\/index.php\/2025\/09\/22\/dorogi-lany-festmenye-disziti-lando-norris-oltozojet\/#primaryimage"},"image":{"@id":"https:\/\/dorogimedence.hu\/index.php\/2025\/09\/22\/dorogi-lany-festmenye-disziti-lando-norris-oltozojet\/#primaryimage"},"thumbnailUrl":"https:\/\/dorogimedence.hu\/wp-content\/uploads\/2025\/09\/gotzy.jpg","datePublished":"2025-09-22T11:25:26+00:00","dateModified":"2025-09-22T14:19:01+00:00","breadcrumb":{"@id":"https:\/\/dorogimedence.hu\/index.php\/2025\/09\/22\/dorogi-lany-festmenye-disziti-lando-norris-oltozojet\/#breadcrumb"},"inLanguage":"hu","potentialAction":[{"@type":"ReadAction","target":["https:\/\/dorogimedence.hu\/index.php\/2025\/09\/22\/dorogi-lany-festmenye-disziti-lando-norris-oltozojet\/"]}]},{"@type":"ImageObject","inLanguage":"hu","@id":"https:\/\/dorogimedence.hu\/index.php\/2025\/09\/22\/dorogi-lany-festmenye-disziti-lando-norris-oltozojet\/#primaryimage","url":"https:\/\/dorogimedence.hu\/wp-content\/uploads\/2025\/09\/gotzy.jpg","contentUrl":"https:\/\/dorogimedence.hu\/wp-content\/uploads\/2025\/09\/gotzy.jpg","width":1920,"height":970},{"@type":"BreadcrumbList","@id":"https:\/\/dorogimedence.hu\/index.php\/2025\/09\/22\/dorogi-lany-festmenye-disziti-lando-norris-oltozojet\/#breadcrumb","itemListElement":[{"@type":"ListItem","position":1,"name":"Kezd\u0151lap","item":"https:\/\/dorogimedence.hu\/"},{"@type":"ListItem","position":2,"name":"Dorogi l\u00e1ny festm\u00e9nye d\u00edsz\u00edti Lando Norris \u00f6lt\u00f6z\u0151j\u00e9t"}]},{"@type":"WebSite","@id":"https:\/\/dorogimedence.hu\/#website","url":"https:\/\/dorogimedence.hu\/","name":"Dorogi-medence Region\u00e1lis H\u00edrport\u00e1l","description":"Dorog, Keszt\u00f6lc, Le\u00e1nyv\u00e1r, Piliscs\u00e9v, Tokod, Tokodalt\u00e1r\u00f3, Csolnok, Esztergom-kertv\u00e1ros: h\u00edrek, programok","publisher":{"@id":"https:\/\/dorogimedence.hu\/#organization"},"potentialAction":[{"@type":"SearchAction","target":{"@type":"EntryPoint","urlTemplate":"https:\/\/dorogimedence.hu\/?s={search_term_string}"},"query-input":{"@type":"PropertyValueSpecification","valueRequired":true,"valueName":"search_term_string"}}],"inLanguage":"hu"},{"@type":"Organization","@id":"https:\/\/dorogimedence.hu\/#organization","name":"Dorogi-medence Region\u00e1lis H\u00edrport\u00e1l","url":"https:\/\/dorogimedence.hu\/","logo":{"@type":"ImageObject","inLanguage":"hu","@id":"https:\/\/dorogimedence.hu\/#\/schema\/logo\/image\/","url":"https:\/\/dorogimedence.hu\/wp-content\/uploads\/2021\/04\/logo-feher-600.png","contentUrl":"https:\/\/dorogimedence.hu\/wp-content\/uploads\/2021\/04\/logo-feher-600.png","width":600,"height":100,"caption":"Dorogi-medence Region\u00e1lis H\u00edrport\u00e1l"},"image":{"@id":"https:\/\/dorogimedence.hu\/#\/schema\/logo\/image\/"},"sameAs":["https:\/\/www.facebook.com\/dorogimedence\/"]},{"@type":"Person","@id":"https:\/\/dorogimedence.hu\/#\/schema\/person\/ce6091eeb7e95ecdc87890d6aa8e0fd4","name":"dorogimedence.hu","image":{"@type":"ImageObject","inLanguage":"hu","@id":"\/\/www.gravatar.com\/avatar\/d8d45f8901aadff40a4af72c0b826f1d?s=96&#038;r=g&#038;d=mm","url":"\/\/www.gravatar.com\/avatar\/d8d45f8901aadff40a4af72c0b826f1d?s=96&#038;r=g&#038;d=mm","contentUrl":"\/\/www.gravatar.com\/avatar\/d8d45f8901aadff40a4af72c0b826f1d?s=96&#038;r=g&#038;d=mm","caption":"dorogimedence.hu"}}]}},"_links":{"self":[{"href":"https:\/\/dorogimedence.hu\/index.php\/wp-json\/wp\/v2\/posts\/74383","targetHints":{"allow":["GET"]}}],"collection":[{"href":"https:\/\/dorogimedence.hu\/index.php\/wp-json\/wp\/v2\/posts"}],"about":[{"href":"https:\/\/dorogimedence.hu\/index.php\/wp-json\/wp\/v2\/types\/post"}],"author":[{"embeddable":true,"href":"https:\/\/dorogimedence.hu\/index.php\/wp-json\/wp\/v2\/users\/1"}],"replies":[{"embeddable":true,"href":"https:\/\/dorogimedence.hu\/index.php\/wp-json\/wp\/v2\/comments?post=74383"}],"version-history":[{"count":0,"href":"https:\/\/dorogimedence.hu\/index.php\/wp-json\/wp\/v2\/posts\/74383\/revisions"}],"wp:featuredmedia":[{"embeddable":true,"href":"https:\/\/dorogimedence.hu\/index.php\/wp-json\/wp\/v2\/media\/74384"}],"wp:attachment":[{"href":"https:\/\/dorogimedence.hu\/index.php\/wp-json\/wp\/v2\/media?parent=74383"}],"wp:term":[{"taxonomy":"category","embeddable":true,"href":"https:\/\/dorogimedence.hu\/index.php\/wp-json\/wp\/v2\/categories?post=74383"},{"taxonomy":"post_tag","embeddable":true,"href":"https:\/\/dorogimedence.hu\/index.php\/wp-json\/wp\/v2\/tags?post=74383"}],"curies":[{"name":"wp","href":"https:\/\/api.w.org\/{rel}","templated":true}]}}