{"id":7414,"date":"2017-12-21T13:46:50","date_gmt":"2017-12-21T12:46:50","guid":{"rendered":"http:\/\/dorogimedence.hu\/?p=7414"},"modified":"2017-12-21T13:46:50","modified_gmt":"2017-12-21T12:46:50","slug":"hippibol-iro","status":"publish","type":"post","link":"https:\/\/dorogimedence.hu\/index.php\/2017\/12\/21\/hippibol-iro\/","title":{"rendered":"Hippib\u0151l \u00edr\u00f3"},"content":{"rendered":"<p><strong>A keszt\u00f6lci Makovics J\u00e1nos igazi egy\u00e9nis\u00e9gnek sz\u00e1m\u00edt, hiszen a 70-es \u00e9vek v\u00e9g\u00e9n \u00f6nt\u00f6rv\u00e9ny\u0171 hippik\u00e9nt j\u00e1rta az orsz\u00e1got. \u00d6nk\u00e9ntes hajl\u00e9ktalank\u00e9nt ismerkedett meg a hivatalosan el nem ismert val\u00f3diakkal. \u0150 lett sz\u00fcl\u0151faluja \u00e1lland\u00f3 csavarg\u00f3ja. K\u00f6zben hivatalokba \u00e9s sajt\u00f3ba \u00edrt levelekben t\u00e1rta fel a helyi vissz\u00e1ss\u00e1gokat. K\u00e9s\u0151bb k\u00f6lt\u0151, majd \u00edr\u00f3 lett, eddig \u00f6t k\u00f6tete jelent meg.<\/strong><\/p>\n<p><em>Makovics J\u00e1nost k\u00e9rdezt\u00fck a munk\u00e1ss\u00e1g\u00e1r\u00f3l.<\/em><\/p>\n<p><span style=\"color: #ff0000;\"><strong><em>Mi vezette r\u00e1 a k\u00f6lt\u00e9szetre, illetve az \u00edr\u00e1sra?<\/em><\/strong><\/span><\/p>\n<p>Kamaszkorom \u00f3ta \u00edrok: verseket kezdtem, az \u00e1ltal\u00e1nos iskol\u00e1ban Szab\u00f3 J\u00e1nosn\u00e9 magyar irodalom tan\u00e1rn\u0151mnek mutattam meg, \u00e9s b\u00edztatott hogy \u00edrjak. Els\u0151 nyilv\u00e1nos bemutatkoz\u00e1som az iskola fali\u00fajs\u00e1gj\u00e1n jelent meg. K\u00e9s\u0151bb m\u00e1r kamaszk\u00e9nt elkezdtem \u00edrni novell\u00e1kat, \u00e9s cikkeket a versek mellett. El\u0151sz\u00f6r a megyei napilapban jelentek meg \u00edr\u00e1saim, majd egyre t\u00f6bb orsz\u00e1gos lapban, foly\u00f3iratban. \u00c9vek folyam\u00e1n m\u00e1r k\u00fcls\u0151s voltam, orsz\u00e1gos napi, hetilapoknak.Bels\u0151 k\u00e9nyszert \u00e9reztem arra hogy \u00edrjak, mert l\u00e1ttam a val\u00f3 vil\u00e1got ami m\u00e1s volt mint amit r\u00e1nk er\u0151ltettek. Mindig meg\u00edrtam amit gondoltam, sok kellemetlens\u00e9gem sz\u00e1rmazott ezekb\u0151l. Politikailag is el\u00e9g radik\u00e1lis, liber\u00e1lis voltam. Az \u00edr\u00e1s egyfajta menek\u00fcl\u00e9s is volt,\u00e9s egyben kit\u00e1rulkoz\u00e1s,\u00e9s ez a kett\u0151s\u00e9get n\u00e9ha nagyon neh\u00e9z volt \u00e1t\u00e9lni. De megsz\u00e1llottan \u00edrtam, \u00e9s id\u0151k\u00f6zben felvettek a M\u00daOSZ-ba \u00e9s a Magyar \u00cdr\u00f3sz\u00f6vets\u00e9gbe is, ami egyfajta elismer\u00e9s volt sz\u00e1momra. \u00c9s m\u00e9g a Wikip\u00e9di\u00e1ban is szerepelek. Nagyon \u00f6nt\u00f6rv\u00e9ny\u0171 voltam, k\u00f6zismert csavarg\u00f3, aki minduntalan bajokba sodr\u00f3dott. Elsz\u00f6ktem hogy j\u00e1rva az orsz\u00e1got megismerjem az embereket : \u00faton voltam, hippik\u00e9nt \u00e9lve, p\u00e1lyaudvarokon aludva, de nagyon sok \u00e9letst\u00edlust ismertem meg, \u00e9s ez sokat lend\u00edtett kisz\u00e9lesed\u0151 vilgn\u00e9zetemen. Rend\u0151rs\u00e9g vitt haza t\u00f6bbnyire, \u00e9s tiltott hat\u00e1r\u00e1tl\u00e9p\u00e9sem is volt majd \u00e1llamellenes izgat\u00e1s, ami\u00e9rt b\u00f6rt\u00f6nbe z\u00e1rtak. A rendszerv\u00e1ltoz\u00e1skor bocs\u00e1natk\u00e9r\u0151 levelet kaptam. Mikor v\u00e9gre bel\u00fcgyminiszteri enged\u00e9ly nyom\u00e1n megkaptam jogellenesen visszatartott \u00fatlevelemet, v\u00e9gre utazhattam, \u00e9s kiny\u00edlt a vil\u00e1g, P\u00e1rizst\u00f3l R\u00f3m\u00e1ig, Berlint\u0151l Z\u00fcrichig sokfel\u00e9 j\u00e1rtam, \u00e9s v\u00e9gre a tengert is l\u00e1thattam, \u00e9s ezek az \u00fatonlev\u00e9sek Kerouaci \u00e9lm\u00e9nyek voltak. Az \u00fatonlev\u00e9s alapvet\u0151 dolog \u00e9letemben, egyfajta beatniks\u00e9g vibr\u00e1lja lelkem,mert \u00faj dolgokat, embereket ismerhetek meg, \u00e9s nyughatatlans\u00e1gom mindig \u00faj utakra ind\u00edt, amik er\u0151t \u00e9s motiv\u00e1ci\u00f3t is adnak minden tekintetben. \u00cdr\u00e1saimban mindig meg\u00edrtam a k\u00e9nyes dolgokat,amikr\u0151l nem sz\u00edvesen \u00edrtak, de mivel f\u00fcggetlen szabad\u00fasz\u00f3 voltam, nem kellett att\u00f3l tartanom hogy kir\u00fagnak. T\u00fcntet\u00e9seken vettem r\u00e9szt, benne voltam az ellenz\u00e9ki mozgalmakban \u00e9s sz\u00fcl\u0151falumban is sok \u00faj dologban, mint p\u00e9ld\u00e1ul a falu els\u0151 \u00fajs\u00e1gj\u00e1nak l\u00e9trehoz\u00e1s\u00e1ban.<\/p>\n<p>2016-t\u00f3l a <a href=\"http:\/\/kesztolc.hu\/\" target=\"_blank\" rel=\"noopener\"><span style=\"text-decoration: underline; color: #0000ff;\">Keszt\u00f6lc.hu<\/span><\/a> \u00e1lland\u00f3 szerz\u0151je is vagyok. De t\u00f6bb helyen megjelennek verseim, s\u0151t ma m\u00e1r felk\u00e9r\u00e9seket kapok hogy k\u00fcldjek \u00edr\u00e1sokat. Mostans\u00e1g a N\u00e9pszav\u00e1ban is szoktam \u00edrni, irodalmi lapok mellett, melyek t\u00f6bbnyire nagy visszhangokat v\u00e1ltanak ki.<\/p>\n<p><span style=\"color: #ff0000;\"><strong><em>Milyen jelleg<\/em><\/strong><strong><em>\u0171 k\u00f6nyvei jelentek meg eddig?<\/em><\/strong><\/span><\/p>\n<p>\u00d6t \u00f6n\u00e1ll\u00f3 k\u00f6tetem jelent meg :1996-ban Mereng\u00e9s v\u00e1logatott versek, melyet sz\u00fcleimnek aj\u00e1nlottam v\u00edgaszul.<\/p>\n<p>1997-ben Kapcsolatok c\u00edm\u0171 k\u00f6nyvem jelent meg, elbesz\u00e9l\u00e9seket, novell\u00e1kat tartalmazva.<\/p>\n<p>2002-ben \u00c1t\u00e9lhet\u0151 szabads\u00e1g c\u00edm\u0171 novell\u00e1sk\u00f6tetem jelent meg, melynek f\u00fclsz\u00f6veg\u00e9t Bajor Nagy Ern\u0151 \u00e9s Szakonyi K\u00e1roly \u00edrta.<\/p>\n<p>2003-ban \u00c9s akkor mi van? c\u00edm\u0171 essz\u00e9k\u00f6tetem jelent meg,ami a k\u00fcl\u00f6nb\u00f6z\u0151 lapokban megjelent \u00edr\u00e1saim egy r\u00e9sz\u00e9t foglalta \u00f6ssze.<\/p>\n<p>2015-ben NapSziget c\u00edm\u0171 versesk\u00f6tetem jelent meg, amit Wutka Tam\u00e1s bar\u00e1tom eml\u00e9k\u00e9nek aj\u00e1nlottam.<\/p>\n<p>Ezenk\u00edv\u00fcl sz\u00e1mtalan antol\u00f3gi\u00e1ban megjelentem, t\u00f6bb lexikonban, irodalmi \u00e9vk\u00f6nyvekben \u00e9s hasonl\u00f3kban. Mind az \u00f6t k\u00f6tetem benne van a Magyar Elektronikus K\u00f6nyvt\u00e1rban (MEK) a Magyar Digit\u00e1lis K\u00f6nyvt\u00e1rban \u00e9s E-bookban is olvashat\u00f3k, \u00e9s az orsz\u00e1g sz\u00e1mtalan k\u00f6nyvt\u00e1r\u00e1ban. Nagy \u00f6r\u00f6m volt hogy eddig k\u00e9tszer is szerepelhettem az orsz\u00e1gos \u00dcnnepi k\u00f6nyvh\u00e9ten, dedik\u00e1lhattam ,\u00e9s \u00edr\u00f3 &#8211; olvas\u00f3 tal\u00e1lkoz\u00f3im is voltak. Sz\u00e1mtalan lapban kedvez\u0151 recenzi\u00f3kat , kritik\u00e1kat kaptam.<\/p>\n<p><img fetchpriority=\"high\" decoding=\"async\" class=\"alignnone size-full wp-image-7416\" src=\"https:\/\/dorogimedence.hu\/wp-content\/uploads\/2017\/12\/makovics-02.jpg\" alt=\"\" width=\"670\" height=\"811\" srcset=\"https:\/\/dorogimedence.hu\/wp-content\/uploads\/2017\/12\/makovics-02.jpg 670w, https:\/\/dorogimedence.hu\/wp-content\/uploads\/2017\/12\/makovics-02-248x300.jpg 248w\" sizes=\"(max-width: 670px) 100vw, 670px\" \/><\/p>\n<p><span style=\"color: #ff0000;\"><strong><em>Milyen d\u00edjjakkal ismert\u00e9k el eddig a munk\u00e1ss\u00e1g\u00e1t?<\/em><\/strong><\/span><\/p>\n<p>1998-ban Irka d\u00edjat, 2004-ben Kl\u00e1ris N\u00edv\u00f3d\u00edj els\u0151 fokozat\u00e1t, 2016 \u2013 Hargitai\u2013Haitsch Alap\u00edtv\u00e1ny irodalmi p\u00e1ly\u00e1zata, II. d\u00edj\u00e1t kaptam, 2017 \u2013 A <a href=\"https:\/\/mail.google.com\/wiki\/Siketek_%C3%A9s_Nagyothall%C3%B3k_Orsz%C3%A1gos_Sz%C3%B6vets%C3%A9ge\">Sinosz<\/a> vers- \u00e9s novella\u00edr\u00f3 p\u00e1ly\u00e1zat\u00e1nak k\u00fcl\u00f6nd\u00edj\u00e1t.<\/p>\n<p><span style=\"color: #ff0000;\"><strong><em>\u00d6sszefoglalva hogyan jellemezn\u00e9 mag\u00e1t, illetve munk\u00e1ss\u00e1g\u00e1t?<\/em><\/strong><\/span><\/p>\n<p>Halmozottan h\u00e1tr\u00e1nyos vagyok- besz\u00e9dhiba, nagyotthall\u00e1s, stb, \u00e9s ezek miatt rokkantnyugd\u00edjas, lesz\u00e1zal\u00e9kolt, ami azonban a szabads\u00e1got adja meg, ami nagyon fontos sz\u00e1momra, hiszen nem kell alaklmazkodnom, megalkudnom senkivel, semmikor, sehol. De ezek a dolgok meghat\u00e1roz\u00f3ak \u00e9letem sor\u00e1n, \u00edgy megtapasztalhatom milyen &#8222;m\u00e1snak&#8221; lenni egy eg\u00e9zs\u00e9ges t\u00e1rsadalomban. Naponk\u00e9pti megal\u00e1ztat\u00e1s, kirekeszt\u00e9s, el nem fogad\u00e1s, \u00e9s ez \u00e9rz\u00e9kenyes\u00e9get, m\u00e9ly egy\u00fctt\u00e9rz\u00e9st \u00e9s toleranci\u00e1t v\u00e1lt ki bel\u0151lem, mert sokkal jobban \u00e1t\u00e9rzem a fogyat\u00e9kosok t\u00e1rsadalmi elfogad\u00e1s\u00e1nak ellentmond\u00e1sait. Megtapasztaltam hogy mednnyire k\u00e9pmutat\u00f3ak tudnak lenni egyes emberek,akik szemb\u0151l dics\u00e9rnek, h\u00e1tulr\u00f3l t\u00e1madnak. Sokat csal\u00f3dtam, sokan kihaszn\u00e1ltak,de ma m\u00e1r megtanultam nemet is mondani . Optimist\u00e1n vagyok pesszimista, engem nem \u00e9rdekel ki milyen vall\u00e1s\u00fa, faj\u00fa, \u00e9s a t\u00f6bbi , csak az hogy az egyetemes emberi \u00e9rt\u00e9kekhez viszony\u00edtva j\u00f3 vagy rossz ember. Nagyon sokat szenvedtem embert\u00e1rsaim g\u00fanyol\u00f3d\u00e1sai miatt, az el nem fogad\u00e1st\u00f3l, \u00e9s hogy nem tudnak hov\u00e1 tenni, mert egy oszt\u00e1lyhoz sem tartozom igaz\u00e1b\u00f3l, \u00e9s ez megzavarja az \u00e1tlagembereket. Igyekszem h\u0171 lenni magamhoz, mindig azt \u00edrom amit \u00e9rzek, gondolok, f\u00fcggetlen\u00fcl att\u00f3l milyen korm\u00e1ny van hatalmon. \u00d6r\u00f6k ellen\u00e9zi voltam vagyok,maradok, mert sosem azok oldal\u00e1n \u00e1llok akik korm\u00e1nyoznak, hanem akiket korm\u00e1nyoznak.\u00cdr\u00e1saimban a val\u00f3 vil\u00e1got igyekszem meg\u00edrni, \u00fagy ahogy van, \u00e9s ez sokaknak nem tetszik, de sokaknak igen. T\u00e1madnak is eleget, de dics\u00e9rnek is. Vereimnek \u00e9s egy\u00e9bb \u00edr\u00e1saimnak is viszonylag nagy sikerei vannak, felkavarja az olvas\u00f3kat, \u00e9s ez a j\u00f3, mert ha \u00e9rz\u00e9seket, indulatokat tudok kiv\u00e1ltani, akkor volt mondanival\u00f3ja, \u00e9s tov\u00e1bbgondol\u00e1sra k\u00e9sztettem az olvas\u00f3kat. Ma sajnos m\u00e1r alapjaiban v\u00e1ltoztak meg a dolgok, minden tekintetben, \u00e9s nagyon neh\u00e9z &#8222;embernek&#8221; maradni, \u00f6n\u00e1ll\u00f3 gondolatokkal vil\u00e1gn\u00e9zettel, melyek nem v\u00e1ltoznak , hanem egy\u00e9nis\u00e9g\u00fcnk alappill\u00e9rei. De igyekszem a magam m\u00f3dj\u00e1n helyt\u00e1llni \u00e9s seg\u00edteni, \u00e9s \u00edr\u00e1saimban valamint a h\u00e9tk\u00f6znapi \u00e9letben is az \u00e1ltalam helyesnek tartott elvek szerint cselekedni, mert ezt tartom fontosnak. Az \u00edr\u00e1s is fontos de maga az ember az ami alfa \u00e9s omega, mert a vil\u00e1gban egyed\u00fcli \u00e9rt\u00e9k az emberi \u00e9let, \u00e9s azon kell munk\u00e1lkodni, hogy val\u00f3ban hum\u00e1nus, toler\u00e1ns, liber\u00e1lis, elfogad\u00f3 legyen, hogy nem csak az a fajta \u00e9let \u00e9s vil\u00e1gn\u00e9zet &#8211; vall\u00e1s van amit ismer\u00fcnk, hanem sok m\u00e1s is. Az \u00e9let ezerh\u00far\u00fa hangszer, \u00e9s sokf\u00e9le \u00e9letm\u00f3d l\u00e9tezik, nincs jogunk senki vil\u00e1gn\u00e9zet\u00e9t elit\u00e9lni, am\u00edg \u00e9lni hagy m\u00e1s felfog\u00e1s\u00fa embereket is.<\/p>\n<p><span style=\"color: #ff0000;\"><strong><em>K\u00f6sz\u00f6nj\u00fck a v\u00e1laszokat \u00e9s tov\u00e1bbi sikereket k\u00edv\u00e1nunk az \u00edr\u00e1s ter\u00fclet\u00e9n!<\/em><\/strong><\/span><\/p>\n","protected":false},"excerpt":{"rendered":"<p>A keszt\u00f6lci Makovics J\u00e1nos igazi egy\u00e9nis\u00e9gnek sz\u00e1m\u00edt, hiszen a 70-es \u00e9vek v\u00e9g\u00e9n \u00f6nt\u00f6rv\u00e9ny\u0171 hippik\u00e9nt j\u00e1rta az orsz\u00e1got. \u00d6nk\u00e9ntes hajl\u00e9ktalank\u00e9nt ismerkedett meg a hivatalosan el nem ismert val\u00f3diakkal. \u0150 lett sz\u00fcl\u0151faluja \u00e1lland\u00f3 csavarg\u00f3ja. K\u00f6zben hivatalokba \u00e9s sajt\u00f3ba \u00edrt levelekben t\u00e1rta fel a helyi vissz\u00e1ss\u00e1gokat. K\u00e9s\u0151bb k\u00f6lt\u0151, majd \u00edr\u00f3 lett, eddig \u00f6t k\u00f6tete jelent meg. Makovics J\u00e1nost<\/p>\n","protected":false},"author":1,"featured_media":7415,"comment_status":"closed","ping_status":"closed","sticky":false,"template":"","format":"standard","meta":{"ngg_post_thumbnail":0,"footnotes":""},"categories":[3,8],"tags":[1297,1962,129,2011,2010],"class_list":{"0":"post-7414","1":"post","2":"type-post","3":"status-publish","4":"format-standard","5":"has-post-thumbnail","7":"category-hirek","8":"category-kesztolc","9":"tag-interju","10":"tag-iro","11":"tag-kesztolc","12":"tag-kolto","13":"tag-makovics-janos"},"yoast_head":"<!-- This site is optimized with the Yoast SEO plugin v27.4 - https:\/\/yoast.com\/product\/yoast-seo-wordpress\/ -->\n<title>Hippib\u0151l \u00edr\u00f3<\/title>\n<meta name=\"robots\" content=\"index, follow, max-snippet:-1, max-image-preview:large, max-video-preview:-1\" \/>\n<link rel=\"canonical\" href=\"https:\/\/dorogimedence.hu\/index.php\/2017\/12\/21\/hippibol-iro\/\" class=\"yoast-seo-meta-tag\" \/>\n<meta property=\"og:locale\" content=\"hu_HU\" class=\"yoast-seo-meta-tag\" \/>\n<meta property=\"og:type\" content=\"article\" class=\"yoast-seo-meta-tag\" \/>\n<meta property=\"og:title\" content=\"Hippib\u0151l \u00edr\u00f3\" class=\"yoast-seo-meta-tag\" \/>\n<meta property=\"og:description\" content=\"A keszt\u00f6lci Makovics J\u00e1nos igazi egy\u00e9nis\u00e9gnek sz\u00e1m\u00edt, hiszen a 70-es \u00e9vek v\u00e9g\u00e9n \u00f6nt\u00f6rv\u00e9ny\u0171 hippik\u00e9nt j\u00e1rta az orsz\u00e1got. \u00d6nk\u00e9ntes hajl\u00e9ktalank\u00e9nt ismerkedett meg a hivatalosan el nem ismert val\u00f3diakkal. \u0150 lett sz\u00fcl\u0151faluja \u00e1lland\u00f3 csavarg\u00f3ja. K\u00f6zben hivatalokba \u00e9s sajt\u00f3ba \u00edrt levelekben t\u00e1rta fel a helyi vissz\u00e1ss\u00e1gokat. K\u00e9s\u0151bb k\u00f6lt\u0151, majd \u00edr\u00f3 lett, eddig \u00f6t k\u00f6tete jelent meg. Makovics J\u00e1nost\" class=\"yoast-seo-meta-tag\" \/>\n<meta property=\"og:url\" content=\"https:\/\/dorogimedence.hu\/index.php\/2017\/12\/21\/hippibol-iro\/\" class=\"yoast-seo-meta-tag\" \/>\n<meta property=\"og:site_name\" content=\"Dorogi-medence Region\u00e1lis H\u00edrport\u00e1l\" class=\"yoast-seo-meta-tag\" \/>\n<meta property=\"article:publisher\" content=\"https:\/\/www.facebook.com\/dorogimedence\/\" class=\"yoast-seo-meta-tag\" \/>\n<meta property=\"article:published_time\" content=\"2017-12-21T12:46:50+00:00\" class=\"yoast-seo-meta-tag\" \/>\n<meta property=\"og:image\" content=\"https:\/\/i0.wp.com\/dorogimedence.hu\/wp-content\/uploads\/2017\/12\/makovics-01.jpg?fit=670%2C365&ssl=1\" class=\"yoast-seo-meta-tag\" \/>\n\t<meta property=\"og:image:width\" content=\"670\" class=\"yoast-seo-meta-tag\" \/>\n\t<meta property=\"og:image:height\" content=\"365\" class=\"yoast-seo-meta-tag\" \/>\n\t<meta property=\"og:image:type\" content=\"image\/jpeg\" class=\"yoast-seo-meta-tag\" \/>\n<meta name=\"author\" content=\"dorogimedence.hu\" class=\"yoast-seo-meta-tag\" \/>\n<meta name=\"twitter:card\" content=\"summary_large_image\" class=\"yoast-seo-meta-tag\" \/>\n<meta name=\"twitter:label1\" content=\"Szerz\u0151:\" class=\"yoast-seo-meta-tag\" \/>\n\t<meta name=\"twitter:data1\" content=\"dorogimedence.hu\" class=\"yoast-seo-meta-tag\" \/>\n\t<meta name=\"twitter:label2\" content=\"Becs\u00fclt olvas\u00e1si id\u0151\" class=\"yoast-seo-meta-tag\" \/>\n\t<meta name=\"twitter:data2\" content=\"7 perc\" class=\"yoast-seo-meta-tag\" \/>\n<script type=\"application\/ld+json\" class=\"yoast-schema-graph\">{\"@context\":\"https:\\\/\\\/schema.org\",\"@graph\":[{\"@type\":\"Article\",\"@id\":\"https:\\\/\\\/dorogimedence.hu\\\/index.php\\\/2017\\\/12\\\/21\\\/hippibol-iro\\\/#article\",\"isPartOf\":{\"@id\":\"https:\\\/\\\/dorogimedence.hu\\\/index.php\\\/2017\\\/12\\\/21\\\/hippibol-iro\\\/\"},\"author\":{\"name\":\"dorogimedence.hu\",\"@id\":\"https:\\\/\\\/dorogimedence.hu\\\/#\\\/schema\\\/person\\\/ce6091eeb7e95ecdc87890d6aa8e0fd4\"},\"headline\":\"Hippib\u0151l \u00edr\u00f3\",\"datePublished\":\"2017-12-21T12:46:50+00:00\",\"mainEntityOfPage\":{\"@id\":\"https:\\\/\\\/dorogimedence.hu\\\/index.php\\\/2017\\\/12\\\/21\\\/hippibol-iro\\\/\"},\"wordCount\":1355,\"publisher\":{\"@id\":\"https:\\\/\\\/dorogimedence.hu\\\/#organization\"},\"image\":{\"@id\":\"https:\\\/\\\/dorogimedence.hu\\\/index.php\\\/2017\\\/12\\\/21\\\/hippibol-iro\\\/#primaryimage\"},\"thumbnailUrl\":\"https:\\\/\\\/dorogimedence.hu\\\/wp-content\\\/uploads\\\/2017\\\/12\\\/makovics-01.jpg\",\"keywords\":[\"interj\u00fa\",\"\u00edr\u00f3\",\"Keszt\u00f6lc\",\"k\u00f6lt\u0151\",\"Makovics J\u00e1nos\"],\"articleSection\":[\"H\u00edrek\",\"Keszt\u00f6lc\"],\"inLanguage\":\"hu\"},{\"@type\":\"WebPage\",\"@id\":\"https:\\\/\\\/dorogimedence.hu\\\/index.php\\\/2017\\\/12\\\/21\\\/hippibol-iro\\\/\",\"url\":\"https:\\\/\\\/dorogimedence.hu\\\/index.php\\\/2017\\\/12\\\/21\\\/hippibol-iro\\\/\",\"name\":\"Hippib\u0151l \u00edr\u00f3\",\"isPartOf\":{\"@id\":\"https:\\\/\\\/dorogimedence.hu\\\/#website\"},\"primaryImageOfPage\":{\"@id\":\"https:\\\/\\\/dorogimedence.hu\\\/index.php\\\/2017\\\/12\\\/21\\\/hippibol-iro\\\/#primaryimage\"},\"image\":{\"@id\":\"https:\\\/\\\/dorogimedence.hu\\\/index.php\\\/2017\\\/12\\\/21\\\/hippibol-iro\\\/#primaryimage\"},\"thumbnailUrl\":\"https:\\\/\\\/dorogimedence.hu\\\/wp-content\\\/uploads\\\/2017\\\/12\\\/makovics-01.jpg\",\"datePublished\":\"2017-12-21T12:46:50+00:00\",\"breadcrumb\":{\"@id\":\"https:\\\/\\\/dorogimedence.hu\\\/index.php\\\/2017\\\/12\\\/21\\\/hippibol-iro\\\/#breadcrumb\"},\"inLanguage\":\"hu\",\"potentialAction\":[{\"@type\":\"ReadAction\",\"target\":[\"https:\\\/\\\/dorogimedence.hu\\\/index.php\\\/2017\\\/12\\\/21\\\/hippibol-iro\\\/\"]}]},{\"@type\":\"ImageObject\",\"inLanguage\":\"hu\",\"@id\":\"https:\\\/\\\/dorogimedence.hu\\\/index.php\\\/2017\\\/12\\\/21\\\/hippibol-iro\\\/#primaryimage\",\"url\":\"https:\\\/\\\/dorogimedence.hu\\\/wp-content\\\/uploads\\\/2017\\\/12\\\/makovics-01.jpg\",\"contentUrl\":\"https:\\\/\\\/dorogimedence.hu\\\/wp-content\\\/uploads\\\/2017\\\/12\\\/makovics-01.jpg\",\"width\":670,\"height\":365},{\"@type\":\"BreadcrumbList\",\"@id\":\"https:\\\/\\\/dorogimedence.hu\\\/index.php\\\/2017\\\/12\\\/21\\\/hippibol-iro\\\/#breadcrumb\",\"itemListElement\":[{\"@type\":\"ListItem\",\"position\":1,\"name\":\"Kezd\u0151lap\",\"item\":\"https:\\\/\\\/dorogimedence.hu\\\/\"},{\"@type\":\"ListItem\",\"position\":2,\"name\":\"Hippib\u0151l \u00edr\u00f3\"}]},{\"@type\":\"WebSite\",\"@id\":\"https:\\\/\\\/dorogimedence.hu\\\/#website\",\"url\":\"https:\\\/\\\/dorogimedence.hu\\\/\",\"name\":\"Dorogi-medence Region\u00e1lis H\u00edrport\u00e1l\",\"description\":\"Dorog, Keszt\u00f6lc, Le\u00e1nyv\u00e1r, Piliscs\u00e9v, Tokod, Tokodalt\u00e1r\u00f3, Csolnok, Esztergom-kertv\u00e1ros: h\u00edrek, programok\",\"publisher\":{\"@id\":\"https:\\\/\\\/dorogimedence.hu\\\/#organization\"},\"potentialAction\":[{\"@type\":\"SearchAction\",\"target\":{\"@type\":\"EntryPoint\",\"urlTemplate\":\"https:\\\/\\\/dorogimedence.hu\\\/?s={search_term_string}\"},\"query-input\":{\"@type\":\"PropertyValueSpecification\",\"valueRequired\":true,\"valueName\":\"search_term_string\"}}],\"inLanguage\":\"hu\"},{\"@type\":\"Organization\",\"@id\":\"https:\\\/\\\/dorogimedence.hu\\\/#organization\",\"name\":\"Dorogi-medence Region\u00e1lis H\u00edrport\u00e1l\",\"url\":\"https:\\\/\\\/dorogimedence.hu\\\/\",\"logo\":{\"@type\":\"ImageObject\",\"inLanguage\":\"hu\",\"@id\":\"https:\\\/\\\/dorogimedence.hu\\\/#\\\/schema\\\/logo\\\/image\\\/\",\"url\":\"https:\\\/\\\/dorogimedence.hu\\\/wp-content\\\/uploads\\\/2021\\\/04\\\/logo-feher-600.png\",\"contentUrl\":\"https:\\\/\\\/dorogimedence.hu\\\/wp-content\\\/uploads\\\/2021\\\/04\\\/logo-feher-600.png\",\"width\":600,\"height\":100,\"caption\":\"Dorogi-medence Region\u00e1lis H\u00edrport\u00e1l\"},\"image\":{\"@id\":\"https:\\\/\\\/dorogimedence.hu\\\/#\\\/schema\\\/logo\\\/image\\\/\"},\"sameAs\":[\"https:\\\/\\\/www.facebook.com\\\/dorogimedence\\\/\"]},{\"@type\":\"Person\",\"@id\":\"https:\\\/\\\/dorogimedence.hu\\\/#\\\/schema\\\/person\\\/ce6091eeb7e95ecdc87890d6aa8e0fd4\",\"name\":\"dorogimedence.hu\",\"image\":{\"@type\":\"ImageObject\",\"inLanguage\":\"hu\",\"@id\":\"\\\/\\\/www.gravatar.com\\\/avatar\\\/d8d45f8901aadff40a4af72c0b826f1d?s=96&#038;r=g&#038;d=mm\",\"url\":\"\\\/\\\/www.gravatar.com\\\/avatar\\\/d8d45f8901aadff40a4af72c0b826f1d?s=96&#038;r=g&#038;d=mm\",\"contentUrl\":\"\\\/\\\/www.gravatar.com\\\/avatar\\\/d8d45f8901aadff40a4af72c0b826f1d?s=96&#038;r=g&#038;d=mm\",\"caption\":\"dorogimedence.hu\"}}]}<\/script>\n<!-- \/ Yoast SEO plugin. -->","yoast_head_json":{"title":"Hippib\u0151l \u00edr\u00f3","robots":{"index":"index","follow":"follow","max-snippet":"max-snippet:-1","max-image-preview":"max-image-preview:large","max-video-preview":"max-video-preview:-1"},"canonical":"https:\/\/dorogimedence.hu\/index.php\/2017\/12\/21\/hippibol-iro\/","og_locale":"hu_HU","og_type":"article","og_title":"Hippib\u0151l \u00edr\u00f3","og_description":"A keszt\u00f6lci Makovics J\u00e1nos igazi egy\u00e9nis\u00e9gnek sz\u00e1m\u00edt, hiszen a 70-es \u00e9vek v\u00e9g\u00e9n \u00f6nt\u00f6rv\u00e9ny\u0171 hippik\u00e9nt j\u00e1rta az orsz\u00e1got. \u00d6nk\u00e9ntes hajl\u00e9ktalank\u00e9nt ismerkedett meg a hivatalosan el nem ismert val\u00f3diakkal. \u0150 lett sz\u00fcl\u0151faluja \u00e1lland\u00f3 csavarg\u00f3ja. K\u00f6zben hivatalokba \u00e9s sajt\u00f3ba \u00edrt levelekben t\u00e1rta fel a helyi vissz\u00e1ss\u00e1gokat. K\u00e9s\u0151bb k\u00f6lt\u0151, majd \u00edr\u00f3 lett, eddig \u00f6t k\u00f6tete jelent meg. Makovics J\u00e1nost","og_url":"https:\/\/dorogimedence.hu\/index.php\/2017\/12\/21\/hippibol-iro\/","og_site_name":"Dorogi-medence Region\u00e1lis H\u00edrport\u00e1l","article_publisher":"https:\/\/www.facebook.com\/dorogimedence\/","article_published_time":"2017-12-21T12:46:50+00:00","og_image":[{"width":670,"height":365,"url":"https:\/\/i0.wp.com\/dorogimedence.hu\/wp-content\/uploads\/2017\/12\/makovics-01.jpg?fit=670%2C365&ssl=1","type":"image\/jpeg"}],"author":"dorogimedence.hu","twitter_card":"summary_large_image","twitter_misc":{"Szerz\u0151:":"dorogimedence.hu","Becs\u00fclt olvas\u00e1si id\u0151":"7 perc"},"schema":{"@context":"https:\/\/schema.org","@graph":[{"@type":"Article","@id":"https:\/\/dorogimedence.hu\/index.php\/2017\/12\/21\/hippibol-iro\/#article","isPartOf":{"@id":"https:\/\/dorogimedence.hu\/index.php\/2017\/12\/21\/hippibol-iro\/"},"author":{"name":"dorogimedence.hu","@id":"https:\/\/dorogimedence.hu\/#\/schema\/person\/ce6091eeb7e95ecdc87890d6aa8e0fd4"},"headline":"Hippib\u0151l \u00edr\u00f3","datePublished":"2017-12-21T12:46:50+00:00","mainEntityOfPage":{"@id":"https:\/\/dorogimedence.hu\/index.php\/2017\/12\/21\/hippibol-iro\/"},"wordCount":1355,"publisher":{"@id":"https:\/\/dorogimedence.hu\/#organization"},"image":{"@id":"https:\/\/dorogimedence.hu\/index.php\/2017\/12\/21\/hippibol-iro\/#primaryimage"},"thumbnailUrl":"https:\/\/dorogimedence.hu\/wp-content\/uploads\/2017\/12\/makovics-01.jpg","keywords":["interj\u00fa","\u00edr\u00f3","Keszt\u00f6lc","k\u00f6lt\u0151","Makovics J\u00e1nos"],"articleSection":["H\u00edrek","Keszt\u00f6lc"],"inLanguage":"hu"},{"@type":"WebPage","@id":"https:\/\/dorogimedence.hu\/index.php\/2017\/12\/21\/hippibol-iro\/","url":"https:\/\/dorogimedence.hu\/index.php\/2017\/12\/21\/hippibol-iro\/","name":"Hippib\u0151l \u00edr\u00f3","isPartOf":{"@id":"https:\/\/dorogimedence.hu\/#website"},"primaryImageOfPage":{"@id":"https:\/\/dorogimedence.hu\/index.php\/2017\/12\/21\/hippibol-iro\/#primaryimage"},"image":{"@id":"https:\/\/dorogimedence.hu\/index.php\/2017\/12\/21\/hippibol-iro\/#primaryimage"},"thumbnailUrl":"https:\/\/dorogimedence.hu\/wp-content\/uploads\/2017\/12\/makovics-01.jpg","datePublished":"2017-12-21T12:46:50+00:00","breadcrumb":{"@id":"https:\/\/dorogimedence.hu\/index.php\/2017\/12\/21\/hippibol-iro\/#breadcrumb"},"inLanguage":"hu","potentialAction":[{"@type":"ReadAction","target":["https:\/\/dorogimedence.hu\/index.php\/2017\/12\/21\/hippibol-iro\/"]}]},{"@type":"ImageObject","inLanguage":"hu","@id":"https:\/\/dorogimedence.hu\/index.php\/2017\/12\/21\/hippibol-iro\/#primaryimage","url":"https:\/\/dorogimedence.hu\/wp-content\/uploads\/2017\/12\/makovics-01.jpg","contentUrl":"https:\/\/dorogimedence.hu\/wp-content\/uploads\/2017\/12\/makovics-01.jpg","width":670,"height":365},{"@type":"BreadcrumbList","@id":"https:\/\/dorogimedence.hu\/index.php\/2017\/12\/21\/hippibol-iro\/#breadcrumb","itemListElement":[{"@type":"ListItem","position":1,"name":"Kezd\u0151lap","item":"https:\/\/dorogimedence.hu\/"},{"@type":"ListItem","position":2,"name":"Hippib\u0151l \u00edr\u00f3"}]},{"@type":"WebSite","@id":"https:\/\/dorogimedence.hu\/#website","url":"https:\/\/dorogimedence.hu\/","name":"Dorogi-medence Region\u00e1lis H\u00edrport\u00e1l","description":"Dorog, Keszt\u00f6lc, Le\u00e1nyv\u00e1r, Piliscs\u00e9v, Tokod, Tokodalt\u00e1r\u00f3, Csolnok, Esztergom-kertv\u00e1ros: h\u00edrek, programok","publisher":{"@id":"https:\/\/dorogimedence.hu\/#organization"},"potentialAction":[{"@type":"SearchAction","target":{"@type":"EntryPoint","urlTemplate":"https:\/\/dorogimedence.hu\/?s={search_term_string}"},"query-input":{"@type":"PropertyValueSpecification","valueRequired":true,"valueName":"search_term_string"}}],"inLanguage":"hu"},{"@type":"Organization","@id":"https:\/\/dorogimedence.hu\/#organization","name":"Dorogi-medence Region\u00e1lis H\u00edrport\u00e1l","url":"https:\/\/dorogimedence.hu\/","logo":{"@type":"ImageObject","inLanguage":"hu","@id":"https:\/\/dorogimedence.hu\/#\/schema\/logo\/image\/","url":"https:\/\/dorogimedence.hu\/wp-content\/uploads\/2021\/04\/logo-feher-600.png","contentUrl":"https:\/\/dorogimedence.hu\/wp-content\/uploads\/2021\/04\/logo-feher-600.png","width":600,"height":100,"caption":"Dorogi-medence Region\u00e1lis H\u00edrport\u00e1l"},"image":{"@id":"https:\/\/dorogimedence.hu\/#\/schema\/logo\/image\/"},"sameAs":["https:\/\/www.facebook.com\/dorogimedence\/"]},{"@type":"Person","@id":"https:\/\/dorogimedence.hu\/#\/schema\/person\/ce6091eeb7e95ecdc87890d6aa8e0fd4","name":"dorogimedence.hu","image":{"@type":"ImageObject","inLanguage":"hu","@id":"\/\/www.gravatar.com\/avatar\/d8d45f8901aadff40a4af72c0b826f1d?s=96&#038;r=g&#038;d=mm","url":"\/\/www.gravatar.com\/avatar\/d8d45f8901aadff40a4af72c0b826f1d?s=96&#038;r=g&#038;d=mm","contentUrl":"\/\/www.gravatar.com\/avatar\/d8d45f8901aadff40a4af72c0b826f1d?s=96&#038;r=g&#038;d=mm","caption":"dorogimedence.hu"}}]}},"_links":{"self":[{"href":"https:\/\/dorogimedence.hu\/index.php\/wp-json\/wp\/v2\/posts\/7414","targetHints":{"allow":["GET"]}}],"collection":[{"href":"https:\/\/dorogimedence.hu\/index.php\/wp-json\/wp\/v2\/posts"}],"about":[{"href":"https:\/\/dorogimedence.hu\/index.php\/wp-json\/wp\/v2\/types\/post"}],"author":[{"embeddable":true,"href":"https:\/\/dorogimedence.hu\/index.php\/wp-json\/wp\/v2\/users\/1"}],"replies":[{"embeddable":true,"href":"https:\/\/dorogimedence.hu\/index.php\/wp-json\/wp\/v2\/comments?post=7414"}],"version-history":[{"count":0,"href":"https:\/\/dorogimedence.hu\/index.php\/wp-json\/wp\/v2\/posts\/7414\/revisions"}],"wp:featuredmedia":[{"embeddable":true,"href":"https:\/\/dorogimedence.hu\/index.php\/wp-json\/wp\/v2\/media\/7415"}],"wp:attachment":[{"href":"https:\/\/dorogimedence.hu\/index.php\/wp-json\/wp\/v2\/media?parent=7414"}],"wp:term":[{"taxonomy":"category","embeddable":true,"href":"https:\/\/dorogimedence.hu\/index.php\/wp-json\/wp\/v2\/categories?post=7414"},{"taxonomy":"post_tag","embeddable":true,"href":"https:\/\/dorogimedence.hu\/index.php\/wp-json\/wp\/v2\/tags?post=7414"}],"curies":[{"name":"wp","href":"https:\/\/api.w.org\/{rel}","templated":true}]}}