{"id":73964,"date":"2025-09-05T17:52:29","date_gmt":"2025-09-05T15:52:29","guid":{"rendered":"https:\/\/dorogimedence.hu\/?p=73964"},"modified":"2025-09-05T17:52:29","modified_gmt":"2025-09-05T15:52:29","slug":"10-eves-a-nemzeti-kobanyaszati-emlekhely","status":"publish","type":"post","link":"https:\/\/dorogimedence.hu\/index.php\/2025\/09\/05\/10-eves-a-nemzeti-kobanyaszati-emlekhely\/","title":{"rendered":"10 \u00e9ves a Nemzeti K\u0151b\u00e1ny\u00e1szati Eml\u00e9khely"},"content":{"rendered":"<p><strong>K\u00fcl\u00f6nleges m\u00e9rf\u00f6ldk\u0151h\u00f6z \u00e9rkezett id\u00e9n a dorogi b\u00e1ny\u00e1szk\u00f6z\u00f6ss\u00e9g: a 75. B\u00e1ny\u00e1sznap keret\u00e9ben nemcsak a hagyom\u00e1nyos \u00fcnneps\u00e9gsorozatra ker\u00fclt sor, hanem egyben a Nemzeti K\u0151b\u00e1ny\u00e1szati Eml\u00e9khely felavat\u00e1s\u00e1nak tizedik \u00e9vfordul\u00f3j\u00e1t, valamint a dorogi m\u00e9szk\u0151b\u00e1ny\u00e1szat 120 \u00e9ves fenn\u00e1ll\u00e1s\u00e1t is m\u00e9ltatt\u00e1k.<\/strong><\/p>\n<p>Az esem\u00e9ny k\u00f6zponti helysz\u00edne a dorogi k\u0151b\u00e1nya szomsz\u00e9ds\u00e1g\u00e1ban tal\u00e1lhat\u00f3 eml\u00e9khely volt, ahol \u00fcnnep\u00e9lyes megeml\u00e9kez\u00e9st \u00e9s koszor\u00faz\u00e1st tartottak a v\u00e1ros, a v\u00e1rmegye, a szakmai szervezetek \u00e9s a b\u00e1ny\u00e1szati v\u00e1llalatok k\u00e9pvisel\u0151inek r\u00e9szv\u00e9tel\u00e9vel.<\/p>\n<p>Az OMBKE (Orsz\u00e1gos Magyar B\u00e1ny\u00e1szati \u00e9s Koh\u00e1szati Egyes\u00fclet) kezdem\u00e9nyez\u00e9s\u00e9re, a Baumit Kft. \u00e9s t\u00f6bb b\u00e1nyav\u00e1llalat t\u00e1mogat\u00e1s\u00e1val 2015-ben meg\u00e9p\u00fclt eml\u00e9khely az\u00f3ta a B\u00e1ny\u00e1sznap kiemelt helysz\u00edn\u00e9v\u00e9 v\u00e1lt. A Maurer-Klimes Attila tervei alapj\u00e1n k\u00e9sz\u00fclt alkot\u00e1s szimbolikusan is kifejezi a b\u00e1ny\u00e1szat l\u00e9nyeg\u00e9t: a k\u00f6zponti \u00e9k a k\u0151 megmunk\u00e1l\u00e1s\u00e1t, az emberi er\u0151t, kitart\u00e1st \u00e9s akaratot jelk\u00e9pezi \u2013 azokat az \u00e9rt\u00e9keket, amelyek gener\u00e1ci\u00f3kon \u00e1t\u00edvelve form\u00e1lt\u00e1k a k\u00f6z\u00f6ss\u00e9get \u00e9s az ipar\u00e1gat.<\/p>\n<p><img fetchpriority=\"high\" decoding=\"async\" class=\"alignnone size-full wp-image-73966\" src=\"https:\/\/dorogimedence.hu\/wp-content\/uploads\/2025\/09\/IMG_1896.jpg\" alt=\"\" width=\"2048\" height=\"1365\" srcset=\"https:\/\/dorogimedence.hu\/wp-content\/uploads\/2025\/09\/IMG_1896.jpg 2048w, https:\/\/dorogimedence.hu\/wp-content\/uploads\/2025\/09\/IMG_1896-600x400.jpg 600w, https:\/\/dorogimedence.hu\/wp-content\/uploads\/2025\/09\/IMG_1896-1920x1280.jpg 1920w, https:\/\/dorogimedence.hu\/wp-content\/uploads\/2025\/09\/IMG_1896-768x512.jpg 768w, https:\/\/dorogimedence.hu\/wp-content\/uploads\/2025\/09\/IMG_1896-1536x1024.jpg 1536w, https:\/\/dorogimedence.hu\/wp-content\/uploads\/2025\/09\/IMG_1896-150x100.jpg 150w, https:\/\/dorogimedence.hu\/wp-content\/uploads\/2025\/09\/IMG_1896-450x300.jpg 450w, https:\/\/dorogimedence.hu\/wp-content\/uploads\/2025\/09\/IMG_1896-1200x800.jpg 1200w, https:\/\/dorogimedence.hu\/wp-content\/uploads\/2025\/09\/IMG_1896-272x182.jpg 272w\" sizes=\"(max-width: 2048px) 100vw, 2048px\" \/><\/p>\n<p>Az \u00e9vfordul\u00f3s \u00fcnneps\u00e9gen, J\u00e1romi Judit, a Baumit Kft. \u00fcgyvezet\u0151 igazgat\u00f3ja k\u00f6sz\u00f6nt\u00f6tte a r\u00e9sztvev\u0151ket. A besz\u00e9d\u00e9ben kiemelte: <em>\u201eA b\u00e1ny\u00e1szat mindig is k\u00f6z\u00f6ss\u00e9geket form\u00e1lt: megtan\u00edtott az \u00f6sszefog\u00e1sra, a bajt\u00e1rsiass\u00e1gra \u00e9s arra, hogy az igazi \u00e9rt\u00e9k az emberekben, az egy\u00fctt v\u00e9gzett munk\u00e1ban rejlik. Ezeket az \u00e9rt\u00e9keket szeretn\u00e9nk tov\u00e1bbadni mi is \u2013 hiszen a m\u00falt tisztelete ad biztos alapot a j\u00f6v\u0151 \u00e9p\u00edt\u00e9s\u00e9hez.\u201d<\/em><\/p>\n<p><img decoding=\"async\" class=\"alignnone size-full wp-image-73967\" src=\"https:\/\/dorogimedence.hu\/wp-content\/uploads\/2025\/09\/IMG_1907.jpg\" alt=\"\" width=\"2048\" height=\"1365\" srcset=\"https:\/\/dorogimedence.hu\/wp-content\/uploads\/2025\/09\/IMG_1907.jpg 2048w, https:\/\/dorogimedence.hu\/wp-content\/uploads\/2025\/09\/IMG_1907-600x400.jpg 600w, https:\/\/dorogimedence.hu\/wp-content\/uploads\/2025\/09\/IMG_1907-1920x1280.jpg 1920w, https:\/\/dorogimedence.hu\/wp-content\/uploads\/2025\/09\/IMG_1907-768x512.jpg 768w, https:\/\/dorogimedence.hu\/wp-content\/uploads\/2025\/09\/IMG_1907-1536x1024.jpg 1536w, https:\/\/dorogimedence.hu\/wp-content\/uploads\/2025\/09\/IMG_1907-150x100.jpg 150w, https:\/\/dorogimedence.hu\/wp-content\/uploads\/2025\/09\/IMG_1907-450x300.jpg 450w, https:\/\/dorogimedence.hu\/wp-content\/uploads\/2025\/09\/IMG_1907-1200x800.jpg 1200w, https:\/\/dorogimedence.hu\/wp-content\/uploads\/2025\/09\/IMG_1907-272x182.jpg 272w\" sizes=\"(max-width: 2048px) 100vw, 2048px\" \/><\/p>\n<p>Az \u00fcnneps\u00e9gen besz\u00e9det mondott Er\u0151s G\u00e1bor orsz\u00e1ggy\u0171l\u00e9si k\u00e9pvisel\u0151 is, aki hangs\u00falyozta: Dorog t\u00e9rs\u00e9g\u00e9ben ez a h\u00e9t a b\u00e1ny\u00e1szokr\u00f3l sz\u00f3l. Felid\u00e9zte, hogy a sz\u00e9nb\u00e1ny\u00e1szat nagyj\u00e1b\u00f3l 300 \u00e9vre, m\u00edg a k\u0151b\u00e1ny\u00e1szat szinte az id\u0151k kezdet\u00e9ig ny\u00falik vissza. Eml\u00e9keztetett arra is, hogy a Baumit Kft. \u00e9s m\u00e1s hazai k\u0151b\u00e1ny\u00e1szati v\u00e1llalatok t\u00edz \u00e9vvel ezel\u0151tt k\u00f6z\u00f6sen emelt\u00e9k az eml\u00e9km\u0171vet, amely el\u0151tt az\u00f3ta minden \u00e9vben \u00f6sszegy\u0171lnek a sz\u00e9n-, k\u0151- \u00e9s \u00e9rcb\u00e1ny\u00e1szok. <em>\u201eA b\u00e1ny\u00e1szatot mindig a tisztess\u00e9g, a becs\u00fclet, az al\u00e1zat \u00e9s a k\u00f6z\u00f6ss\u00e9gi er\u0151 tartotta \u00f6ssze. B\u00e1ny\u00e1szok ma is vannak, hiszen b\u00e1rhov\u00e1 n\u00e9z\u00fcnk \u2013 utakra, \u00e9p\u00fcletekre \u2013, mindenhol jelen van a b\u00e1ny\u00e1szok munk\u00e1ja, mert ez a l\u00e9t\u00fcnk r\u00e9sze\u201d<\/em> \u2013 fogalmazott a k\u00e9pvisel\u0151. Er\u0151s G\u00e1bor k\u00f6sz\u00f6net\u00e9t fejezte ki a Baumit Kft.-nek, ami\u00e9rt nemcsak munk\u00e1t adnak a t\u00e9rs\u00e9gben sok embernek, hanem folyamatosan t\u00e1mogatj\u00e1k a k\u00f6z\u00f6ss\u00e9geket, k\u00f6zint\u00e9zm\u00e9nyeket \u00e9s \u00f6nkorm\u00e1nyzatokat is. <em>\u201eA b\u00e1ny\u00e1szat k\u00f6telez minket arra, hogy mindenkor sz\u00edv\u00fcnkben tartsuk, tudva, hogy b\u00e1ny\u00e1szat volt, van \u00e9s lesz\u201d<\/em> \u2013 z\u00e1rta gondolatait a k\u00e9pvisel\u0151.<\/p>\n<p><img decoding=\"async\" class=\"alignnone size-full wp-image-73968\" src=\"https:\/\/dorogimedence.hu\/wp-content\/uploads\/2025\/09\/IMG_1916.jpg\" alt=\"\" width=\"2048\" height=\"1365\" srcset=\"https:\/\/dorogimedence.hu\/wp-content\/uploads\/2025\/09\/IMG_1916.jpg 2048w, https:\/\/dorogimedence.hu\/wp-content\/uploads\/2025\/09\/IMG_1916-600x400.jpg 600w, https:\/\/dorogimedence.hu\/wp-content\/uploads\/2025\/09\/IMG_1916-1920x1280.jpg 1920w, https:\/\/dorogimedence.hu\/wp-content\/uploads\/2025\/09\/IMG_1916-768x512.jpg 768w, https:\/\/dorogimedence.hu\/wp-content\/uploads\/2025\/09\/IMG_1916-1536x1024.jpg 1536w, https:\/\/dorogimedence.hu\/wp-content\/uploads\/2025\/09\/IMG_1916-150x100.jpg 150w, https:\/\/dorogimedence.hu\/wp-content\/uploads\/2025\/09\/IMG_1916-450x300.jpg 450w, https:\/\/dorogimedence.hu\/wp-content\/uploads\/2025\/09\/IMG_1916-1200x800.jpg 1200w, https:\/\/dorogimedence.hu\/wp-content\/uploads\/2025\/09\/IMG_1916-272x182.jpg 272w\" sizes=\"(max-width: 2048px) 100vw, 2048px\" \/><\/p>\n<p>Az \u00fcnneps\u00e9gen k\u00f6sz\u00f6nt\u0151t mondott dr. Tittmann J\u00e1nos, Dorog V\u00e1ros polg\u00e1rmestere is, aki hangs\u00falyozta: a 75. B\u00e1ny\u00e1sznap mellett id\u00e9n a k\u0151b\u00e1ny\u00e1szat helyi kezdeteinek 120 \u00e9ves \u00e9vfordul\u00f3j\u00e1ra, valamint az eml\u00e9km\u0171 k\u00f6z\u00f6s fel\u00e1ll\u00edt\u00e1s\u00e1nak 10 \u00e9ves jubileum\u00e1ra is eml\u00e9kez\u00fcnk. Mint mondta, az \u00fcnnepl\u00e9s val\u00f3di tartalm\u00e1t nemcsak a koszor\u00faz\u00e1s \u00e9s a sz\u00f3noklatok adj\u00e1k, hanem a munka is, amely a m\u00e9lt\u00f3 ut\u00f3dl\u00e1s legnagyobb gesztusa. A polg\u00e1rmester kiemelte: Dorog v\u00e1rosfejleszt\u00e9si programjai is ezt a szellemis\u00e9get t\u00fckr\u00f6zik, hiszen minden \u00faj eredm\u00e9ny kapcsol\u00f3dik a b\u00e1ny\u00e1szok \u00e1ltal r\u00e1nk hagyott \u00e9rt\u00e9kekhez. P\u00e9ldak\u00e9nt eml\u00edtette a Munk\u00e1sf\u00fcrd\u0151, a Reimann-alt\u00e1r\u00f3 \u00e9s a Reimann Miniverzum el\u0151tti t\u00e9r meg\u00faj\u00edt\u00e1s\u00e1t, amelyet a tervek szerint Szent Borb\u00e1la napj\u00e1n adnak \u00e1t. Hozz\u00e1tette: az \u00faj v\u00e1rosr\u00e9sz elnevez\u00e9s\u00e9vel \u00e9s szoborparkkal is a t\u00e9rs\u00e9g meghat\u00e1roz\u00f3 alakjainak k\u00edv\u00e1nnak eml\u00e9ket \u00e1ll\u00edtani. Besz\u00e9d\u00e9t azzal z\u00e1rta, hogy Dorog v\u00e1rosa \u00fcnnepnapokon \u00e9s a h\u00e9tk\u00f6znapokban egyar\u00e1nt azon dolgozik, hogy a b\u00e1ny\u00e1sz \u00f6r\u00f6ks\u00e9g szellemis\u00e9g\u00e9t \u00e9letben tartsa.<\/p>\n<p><img loading=\"lazy\" decoding=\"async\" class=\"alignnone size-full wp-image-73969\" src=\"https:\/\/dorogimedence.hu\/wp-content\/uploads\/2025\/09\/IMG_1888.jpg\" alt=\"\" width=\"2048\" height=\"1365\" srcset=\"https:\/\/dorogimedence.hu\/wp-content\/uploads\/2025\/09\/IMG_1888.jpg 2048w, https:\/\/dorogimedence.hu\/wp-content\/uploads\/2025\/09\/IMG_1888-600x400.jpg 600w, https:\/\/dorogimedence.hu\/wp-content\/uploads\/2025\/09\/IMG_1888-1920x1280.jpg 1920w, https:\/\/dorogimedence.hu\/wp-content\/uploads\/2025\/09\/IMG_1888-768x512.jpg 768w, https:\/\/dorogimedence.hu\/wp-content\/uploads\/2025\/09\/IMG_1888-1536x1024.jpg 1536w, https:\/\/dorogimedence.hu\/wp-content\/uploads\/2025\/09\/IMG_1888-150x100.jpg 150w, https:\/\/dorogimedence.hu\/wp-content\/uploads\/2025\/09\/IMG_1888-450x300.jpg 450w, https:\/\/dorogimedence.hu\/wp-content\/uploads\/2025\/09\/IMG_1888-1200x800.jpg 1200w, https:\/\/dorogimedence.hu\/wp-content\/uploads\/2025\/09\/IMG_1888-272x182.jpg 272w\" sizes=\"(max-width: 2048px) 100vw, 2048px\" \/><\/p>\n<p>A Baumit Kft. t\u00f6bb mint 30 \u00e9ve akt\u00edv szerepl\u0151je a dorogi b\u00e1ny\u00e1szatnak, 2000 \u00f3ta m\u0171k\u00f6dteti a helyi m\u00e9szk\u0151b\u00e1ny\u00e1t \u00e9s \u00fczemet. A v\u00e1llalat a m\u00falt \u00f6r\u00f6ks\u00e9g\u00e9t nemcsak \u0151rzi, hanem tov\u00e1bb is gondolja: fenntarthat\u00f3 m\u0171k\u00f6d\u00e9s\u00e9vel, innov\u00e1ci\u00f3ival \u00e9s k\u00f6rnyezettudatos megold\u00e1saival p\u00e9ld\u00e1t k\u00edv\u00e1n mutatni a j\u00f6v\u0151 ipar\u00e1nak. Emellett akt\u00edvan r\u00e9szt v\u00e1llal a v\u00e1ros k\u00f6z\u00f6ss\u00e9gi \u00e9let\u00e9ben \u00e9s fejl\u0151d\u00e9s\u00e9ben is.<\/p>\n<p>A dorogi B\u00e1ny\u00e1sznap \u00e9s az eml\u00e9khely \u00e9vfordul\u00f3ja egyszerre szolg\u00e1lt eml\u00e9kez\u00e9sk\u00e9nt \u00e9s j\u00f6v\u0151be tekint\u0151 \u00fczenetk\u00e9nt: az esem\u00e9ny m\u00e9lt\u00f3 m\u00f3don \u00e1ll\u00edtott eml\u00e9ket azoknak, akik \u00e1ldozatos munk\u00e1jukkal hozz\u00e1j\u00e1rultak Dorog \u00e9s a t\u00e9rs\u00e9g gyarapod\u00e1s\u00e1hoz, mik\u00f6zben meger\u0151s\u00edtette azokat az alap\u00e9rt\u00e9keket \u2013 az \u00f6sszetartoz\u00e1st, a kitart\u00e1st \u00e9s a tiszteletet \u2013, amelyekre a k\u00f6z\u00f6ss\u00e9g ma is \u00e9p\u00edthet.<\/p>\n<p><img loading=\"lazy\" decoding=\"async\" class=\"alignnone size-full wp-image-73971\" src=\"https:\/\/dorogimedence.hu\/wp-content\/uploads\/2025\/09\/IMG_1905.jpg\" alt=\"\" width=\"2048\" height=\"1365\" srcset=\"https:\/\/dorogimedence.hu\/wp-content\/uploads\/2025\/09\/IMG_1905.jpg 2048w, https:\/\/dorogimedence.hu\/wp-content\/uploads\/2025\/09\/IMG_1905-600x400.jpg 600w, https:\/\/dorogimedence.hu\/wp-content\/uploads\/2025\/09\/IMG_1905-1920x1280.jpg 1920w, https:\/\/dorogimedence.hu\/wp-content\/uploads\/2025\/09\/IMG_1905-768x512.jpg 768w, https:\/\/dorogimedence.hu\/wp-content\/uploads\/2025\/09\/IMG_1905-1536x1024.jpg 1536w, https:\/\/dorogimedence.hu\/wp-content\/uploads\/2025\/09\/IMG_1905-150x100.jpg 150w, https:\/\/dorogimedence.hu\/wp-content\/uploads\/2025\/09\/IMG_1905-450x300.jpg 450w, https:\/\/dorogimedence.hu\/wp-content\/uploads\/2025\/09\/IMG_1905-1200x800.jpg 1200w, https:\/\/dorogimedence.hu\/wp-content\/uploads\/2025\/09\/IMG_1905-272x182.jpg 272w\" sizes=\"(max-width: 2048px) 100vw, 2048px\" \/><\/p>\n<p>Az \u00e9vfordul\u00f3s \u00fcnneps\u00e9gen el\u0151sz\u00f6r Er\u0151s G\u00e1bor orsz\u00e1ggy\u0171l\u00e9si k\u00e9pvisel\u0151 helyezte el az eml\u00e9km\u0171n\u00e9l az eml\u00e9kez\u00e9s vir\u00e1gait, \u0151t k\u00f6vette a Kom\u00e1rom-Esztergom V\u00e1rmegyei \u00d6nkorm\u00e1nyzat nev\u00e9ben dr. Szerencs\u00e9s Gergely Istv\u00e1n, a v\u00e1rmegyei k\u00f6zgy\u0171l\u00e9s aleln\u00f6ke. Dorog v\u00e1ros \u00f6nkorm\u00e1nyzata nev\u00e9ben dr. Tittmann J\u00e1nos polg\u00e1rmester \u00e9s J\u00e1szber\u00e9nyi K\u00e1roly alpolg\u00e1rmester koszor\u00fazott.<\/p>\n<p>A Baumit Kft. nev\u00e9ben J\u00e1romi Judit \u00fcgyvezet\u0151 igazgat\u00f3 \u00e9s Mocsnik Imre, a k\u0151b\u00e1nya \u00fczemvezet\u0151je, az Orsz\u00e1gos Magyar B\u00e1ny\u00e1szati \u00e9s Koh\u00e1szati Egyes\u00fclet helyezte el az eml\u00e9kez\u00e9s koszor\u00fait.<\/p>\n<p>Koszor\u00fat helyezett el tov\u00e1bb\u00e1 a B\u00e1nya-, Energia- \u00e9s Ipari Dolgoz\u00f3k Szakszervezete, az OMBKE Dorogi Szervezete, a B\u00e1ny\u00e1sz Szakszervezet \u00e9s a Dorogi Sz\u00e9nmedence Kult\u00far\u00e1j\u00e1\u00e9rt Alap\u00edtv\u00e1ny. Az OMBKE Oroszl\u00e1nyi \u00e9s Tatab\u00e1nyai Szervezete is k\u00e9pviseltette mag\u00e1t.<\/p>\n<p><img loading=\"lazy\" decoding=\"async\" class=\"alignnone size-full wp-image-73970\" src=\"https:\/\/dorogimedence.hu\/wp-content\/uploads\/2025\/09\/IMG_1931.jpg\" alt=\"\" width=\"2048\" height=\"1365\" srcset=\"https:\/\/dorogimedence.hu\/wp-content\/uploads\/2025\/09\/IMG_1931.jpg 2048w, https:\/\/dorogimedence.hu\/wp-content\/uploads\/2025\/09\/IMG_1931-600x400.jpg 600w, https:\/\/dorogimedence.hu\/wp-content\/uploads\/2025\/09\/IMG_1931-1920x1280.jpg 1920w, https:\/\/dorogimedence.hu\/wp-content\/uploads\/2025\/09\/IMG_1931-768x512.jpg 768w, https:\/\/dorogimedence.hu\/wp-content\/uploads\/2025\/09\/IMG_1931-1536x1024.jpg 1536w, https:\/\/dorogimedence.hu\/wp-content\/uploads\/2025\/09\/IMG_1931-150x100.jpg 150w, https:\/\/dorogimedence.hu\/wp-content\/uploads\/2025\/09\/IMG_1931-450x300.jpg 450w, https:\/\/dorogimedence.hu\/wp-content\/uploads\/2025\/09\/IMG_1931-1200x800.jpg 1200w, https:\/\/dorogimedence.hu\/wp-content\/uploads\/2025\/09\/IMG_1931-272x182.jpg 272w\" sizes=\"(max-width: 2048px) 100vw, 2048px\" \/><\/p>\n<p>Az eml\u00e9kez\u00e9s vir\u00e1gait helyezte el tov\u00e1bb\u00e1 a Miskolci Egyetem M\u0171szaki F\u00f6ld- \u00e9s K\u00f6rnyezettudom\u00e1nyi Kara, a Magyar \u00c9p\u00edt\u0151anyag \u00e9s \u00c9p\u00edt\u00e9si Term\u00e9k Sz\u00f6vets\u00e9g, a K\u0150KA K\u0151- \u00e9s Kavicsb\u00e1ny\u00e1szati Kft. Mexik\u00f3v\u00f6lgyi m\u00e9szk\u0151b\u00e1ny\u00e1j\u00e1nak k\u00e9pviselete, a Duna-Dr\u00e1va Cement Kft. \u00e9s a Mikerobb Kft.<\/p>\n<p>Az esem\u00e9ny z\u00e1r\u00e1sak\u00e9nt a r\u00e9sztvev\u0151k r\u00f6vid s\u00e9t\u00e1val l\u00e1togattak el a Baumit Kft. k\u00f6zpontj\u00e1hoz, ahol a v\u00e1llalat vend\u00e9gl\u00e1t\u00e1ssal fogadta az \u00fcnnepl\u0151 k\u00f6z\u00f6ss\u00e9get.<\/p>\n<p><em>Fot\u00f3k: dorogimedence.hu<\/em><br \/>\n<em>Forr\u00e1s: Baumit Kft.<\/em><\/p>\n","protected":false},"excerpt":{"rendered":"<p>K\u00fcl\u00f6nleges m\u00e9rf\u00f6ldk\u0151h\u00f6z \u00e9rkezett id\u00e9n a dorogi b\u00e1ny\u00e1szk\u00f6z\u00f6ss\u00e9g: a 75. B\u00e1ny\u00e1sznap keret\u00e9ben nemcsak a hagyom\u00e1nyos \u00fcnneps\u00e9gsorozatra ker\u00fclt sor, hanem egyben a Nemzeti K\u0151b\u00e1ny\u00e1szati Eml\u00e9khely felavat\u00e1s\u00e1nak tizedik \u00e9vfordul\u00f3j\u00e1t, valamint a dorogi m\u00e9szk\u0151b\u00e1ny\u00e1szat 120 \u00e9ves fenn\u00e1ll\u00e1s\u00e1t is m\u00e9ltatt\u00e1k. Az esem\u00e9ny k\u00f6zponti helysz\u00edne a dorogi k\u0151b\u00e1nya szomsz\u00e9ds\u00e1g\u00e1ban tal\u00e1lhat\u00f3 eml\u00e9khely volt, ahol \u00fcnnep\u00e9lyes megeml\u00e9kez\u00e9st \u00e9s koszor\u00faz\u00e1st tartottak a v\u00e1ros, a<\/p>\n","protected":false},"author":1,"featured_media":73965,"comment_status":"closed","ping_status":"closed","sticky":false,"template":"","format":"standard","meta":{"ngg_post_thumbnail":0,"footnotes":""},"categories":[2,3],"tags":[1242,800,15,5624,1055],"class_list":{"0":"post-73964","1":"post","2":"type-post","3":"status-publish","4":"format-standard","5":"has-post-thumbnail","7":"category-dorog","8":"category-hirek","9":"tag-banyasznap","10":"tag-baumit","11":"tag-dorog","12":"tag-featured","13":"tag-koszoruzas"},"yoast_head":"<!-- This site is optimized with the Yoast SEO plugin v27.4 - https:\/\/yoast.com\/product\/yoast-seo-wordpress\/ -->\n<title>10 \u00e9ves a Nemzeti K\u0151b\u00e1ny\u00e1szati Eml\u00e9khely<\/title>\n<meta name=\"robots\" content=\"index, follow, max-snippet:-1, max-image-preview:large, max-video-preview:-1\" \/>\n<link rel=\"canonical\" href=\"https:\/\/dorogimedence.hu\/index.php\/2025\/09\/05\/10-eves-a-nemzeti-kobanyaszati-emlekhely\/\" class=\"yoast-seo-meta-tag\" \/>\n<meta property=\"og:locale\" content=\"hu_HU\" class=\"yoast-seo-meta-tag\" \/>\n<meta property=\"og:type\" content=\"article\" class=\"yoast-seo-meta-tag\" \/>\n<meta property=\"og:title\" content=\"10 \u00e9ves a Nemzeti K\u0151b\u00e1ny\u00e1szati Eml\u00e9khely\" class=\"yoast-seo-meta-tag\" \/>\n<meta property=\"og:description\" content=\"K\u00fcl\u00f6nleges m\u00e9rf\u00f6ldk\u0151h\u00f6z \u00e9rkezett id\u00e9n a dorogi b\u00e1ny\u00e1szk\u00f6z\u00f6ss\u00e9g: a 75. B\u00e1ny\u00e1sznap keret\u00e9ben nemcsak a hagyom\u00e1nyos \u00fcnneps\u00e9gsorozatra ker\u00fclt sor, hanem egyben a Nemzeti K\u0151b\u00e1ny\u00e1szati Eml\u00e9khely felavat\u00e1s\u00e1nak tizedik \u00e9vfordul\u00f3j\u00e1t, valamint a dorogi m\u00e9szk\u0151b\u00e1ny\u00e1szat 120 \u00e9ves fenn\u00e1ll\u00e1s\u00e1t is m\u00e9ltatt\u00e1k. Az esem\u00e9ny k\u00f6zponti helysz\u00edne a dorogi k\u0151b\u00e1nya szomsz\u00e9ds\u00e1g\u00e1ban tal\u00e1lhat\u00f3 eml\u00e9khely volt, ahol \u00fcnnep\u00e9lyes megeml\u00e9kez\u00e9st \u00e9s koszor\u00faz\u00e1st tartottak a v\u00e1ros, a\" class=\"yoast-seo-meta-tag\" \/>\n<meta property=\"og:url\" content=\"https:\/\/dorogimedence.hu\/index.php\/2025\/09\/05\/10-eves-a-nemzeti-kobanyaszati-emlekhely\/\" class=\"yoast-seo-meta-tag\" \/>\n<meta property=\"og:site_name\" content=\"Dorogi-medence Region\u00e1lis H\u00edrport\u00e1l\" class=\"yoast-seo-meta-tag\" \/>\n<meta property=\"article:publisher\" content=\"https:\/\/www.facebook.com\/dorogimedence\/\" class=\"yoast-seo-meta-tag\" \/>\n<meta property=\"article:published_time\" content=\"2025-09-05T15:52:29+00:00\" class=\"yoast-seo-meta-tag\" \/>\n<meta property=\"og:image\" content=\"https:\/\/dorogimedence.hu\/wp-content\/uploads\/2025\/09\/baumit.jpg\" class=\"yoast-seo-meta-tag\" \/>\n\t<meta property=\"og:image:width\" content=\"1920\" class=\"yoast-seo-meta-tag\" \/>\n\t<meta property=\"og:image:height\" content=\"1126\" class=\"yoast-seo-meta-tag\" \/>\n\t<meta property=\"og:image:type\" content=\"image\/jpeg\" class=\"yoast-seo-meta-tag\" \/>\n<meta name=\"author\" content=\"dorogimedence.hu\" class=\"yoast-seo-meta-tag\" \/>\n<meta name=\"twitter:card\" content=\"summary_large_image\" class=\"yoast-seo-meta-tag\" \/>\n<meta name=\"twitter:label1\" content=\"Szerz\u0151:\" class=\"yoast-seo-meta-tag\" \/>\n\t<meta name=\"twitter:data1\" content=\"dorogimedence.hu\" class=\"yoast-seo-meta-tag\" \/>\n\t<meta name=\"twitter:label2\" content=\"Becs\u00fclt olvas\u00e1si id\u0151\" class=\"yoast-seo-meta-tag\" \/>\n\t<meta name=\"twitter:data2\" content=\"6 perc\" class=\"yoast-seo-meta-tag\" \/>\n<script type=\"application\/ld+json\" class=\"yoast-schema-graph\">{\"@context\":\"https:\\\/\\\/schema.org\",\"@graph\":[{\"@type\":\"Article\",\"@id\":\"https:\\\/\\\/dorogimedence.hu\\\/index.php\\\/2025\\\/09\\\/05\\\/10-eves-a-nemzeti-kobanyaszati-emlekhely\\\/#article\",\"isPartOf\":{\"@id\":\"https:\\\/\\\/dorogimedence.hu\\\/index.php\\\/2025\\\/09\\\/05\\\/10-eves-a-nemzeti-kobanyaszati-emlekhely\\\/\"},\"author\":{\"name\":\"dorogimedence.hu\",\"@id\":\"https:\\\/\\\/dorogimedence.hu\\\/#\\\/schema\\\/person\\\/ce6091eeb7e95ecdc87890d6aa8e0fd4\"},\"headline\":\"10 \u00e9ves a Nemzeti K\u0151b\u00e1ny\u00e1szati Eml\u00e9khely\",\"datePublished\":\"2025-09-05T15:52:29+00:00\",\"mainEntityOfPage\":{\"@id\":\"https:\\\/\\\/dorogimedence.hu\\\/index.php\\\/2025\\\/09\\\/05\\\/10-eves-a-nemzeti-kobanyaszati-emlekhely\\\/\"},\"wordCount\":1259,\"publisher\":{\"@id\":\"https:\\\/\\\/dorogimedence.hu\\\/#organization\"},\"image\":{\"@id\":\"https:\\\/\\\/dorogimedence.hu\\\/index.php\\\/2025\\\/09\\\/05\\\/10-eves-a-nemzeti-kobanyaszati-emlekhely\\\/#primaryimage\"},\"thumbnailUrl\":\"https:\\\/\\\/dorogimedence.hu\\\/wp-content\\\/uploads\\\/2025\\\/09\\\/baumit.jpg\",\"keywords\":[\"B\u00e1ny\u00e1sznap\",\"Baumit\",\"Dorog\",\"featured\",\"koszor\u00faz\u00e1s\"],\"articleSection\":[\"Dorog\",\"H\u00edrek\"],\"inLanguage\":\"hu\"},{\"@type\":\"WebPage\",\"@id\":\"https:\\\/\\\/dorogimedence.hu\\\/index.php\\\/2025\\\/09\\\/05\\\/10-eves-a-nemzeti-kobanyaszati-emlekhely\\\/\",\"url\":\"https:\\\/\\\/dorogimedence.hu\\\/index.php\\\/2025\\\/09\\\/05\\\/10-eves-a-nemzeti-kobanyaszati-emlekhely\\\/\",\"name\":\"10 \u00e9ves a Nemzeti K\u0151b\u00e1ny\u00e1szati Eml\u00e9khely\",\"isPartOf\":{\"@id\":\"https:\\\/\\\/dorogimedence.hu\\\/#website\"},\"primaryImageOfPage\":{\"@id\":\"https:\\\/\\\/dorogimedence.hu\\\/index.php\\\/2025\\\/09\\\/05\\\/10-eves-a-nemzeti-kobanyaszati-emlekhely\\\/#primaryimage\"},\"image\":{\"@id\":\"https:\\\/\\\/dorogimedence.hu\\\/index.php\\\/2025\\\/09\\\/05\\\/10-eves-a-nemzeti-kobanyaszati-emlekhely\\\/#primaryimage\"},\"thumbnailUrl\":\"https:\\\/\\\/dorogimedence.hu\\\/wp-content\\\/uploads\\\/2025\\\/09\\\/baumit.jpg\",\"datePublished\":\"2025-09-05T15:52:29+00:00\",\"breadcrumb\":{\"@id\":\"https:\\\/\\\/dorogimedence.hu\\\/index.php\\\/2025\\\/09\\\/05\\\/10-eves-a-nemzeti-kobanyaszati-emlekhely\\\/#breadcrumb\"},\"inLanguage\":\"hu\",\"potentialAction\":[{\"@type\":\"ReadAction\",\"target\":[\"https:\\\/\\\/dorogimedence.hu\\\/index.php\\\/2025\\\/09\\\/05\\\/10-eves-a-nemzeti-kobanyaszati-emlekhely\\\/\"]}]},{\"@type\":\"ImageObject\",\"inLanguage\":\"hu\",\"@id\":\"https:\\\/\\\/dorogimedence.hu\\\/index.php\\\/2025\\\/09\\\/05\\\/10-eves-a-nemzeti-kobanyaszati-emlekhely\\\/#primaryimage\",\"url\":\"https:\\\/\\\/dorogimedence.hu\\\/wp-content\\\/uploads\\\/2025\\\/09\\\/baumit.jpg\",\"contentUrl\":\"https:\\\/\\\/dorogimedence.hu\\\/wp-content\\\/uploads\\\/2025\\\/09\\\/baumit.jpg\",\"width\":1920,\"height\":1126},{\"@type\":\"BreadcrumbList\",\"@id\":\"https:\\\/\\\/dorogimedence.hu\\\/index.php\\\/2025\\\/09\\\/05\\\/10-eves-a-nemzeti-kobanyaszati-emlekhely\\\/#breadcrumb\",\"itemListElement\":[{\"@type\":\"ListItem\",\"position\":1,\"name\":\"Kezd\u0151lap\",\"item\":\"https:\\\/\\\/dorogimedence.hu\\\/\"},{\"@type\":\"ListItem\",\"position\":2,\"name\":\"10 \u00e9ves a Nemzeti K\u0151b\u00e1ny\u00e1szati Eml\u00e9khely\"}]},{\"@type\":\"WebSite\",\"@id\":\"https:\\\/\\\/dorogimedence.hu\\\/#website\",\"url\":\"https:\\\/\\\/dorogimedence.hu\\\/\",\"name\":\"Dorogi-medence Region\u00e1lis H\u00edrport\u00e1l\",\"description\":\"Dorog, Keszt\u00f6lc, Le\u00e1nyv\u00e1r, Piliscs\u00e9v, Tokod, Tokodalt\u00e1r\u00f3, Csolnok, Esztergom-kertv\u00e1ros: h\u00edrek, programok\",\"publisher\":{\"@id\":\"https:\\\/\\\/dorogimedence.hu\\\/#organization\"},\"potentialAction\":[{\"@type\":\"SearchAction\",\"target\":{\"@type\":\"EntryPoint\",\"urlTemplate\":\"https:\\\/\\\/dorogimedence.hu\\\/?s={search_term_string}\"},\"query-input\":{\"@type\":\"PropertyValueSpecification\",\"valueRequired\":true,\"valueName\":\"search_term_string\"}}],\"inLanguage\":\"hu\"},{\"@type\":\"Organization\",\"@id\":\"https:\\\/\\\/dorogimedence.hu\\\/#organization\",\"name\":\"Dorogi-medence Region\u00e1lis H\u00edrport\u00e1l\",\"url\":\"https:\\\/\\\/dorogimedence.hu\\\/\",\"logo\":{\"@type\":\"ImageObject\",\"inLanguage\":\"hu\",\"@id\":\"https:\\\/\\\/dorogimedence.hu\\\/#\\\/schema\\\/logo\\\/image\\\/\",\"url\":\"https:\\\/\\\/dorogimedence.hu\\\/wp-content\\\/uploads\\\/2021\\\/04\\\/logo-feher-600.png\",\"contentUrl\":\"https:\\\/\\\/dorogimedence.hu\\\/wp-content\\\/uploads\\\/2021\\\/04\\\/logo-feher-600.png\",\"width\":600,\"height\":100,\"caption\":\"Dorogi-medence Region\u00e1lis H\u00edrport\u00e1l\"},\"image\":{\"@id\":\"https:\\\/\\\/dorogimedence.hu\\\/#\\\/schema\\\/logo\\\/image\\\/\"},\"sameAs\":[\"https:\\\/\\\/www.facebook.com\\\/dorogimedence\\\/\"]},{\"@type\":\"Person\",\"@id\":\"https:\\\/\\\/dorogimedence.hu\\\/#\\\/schema\\\/person\\\/ce6091eeb7e95ecdc87890d6aa8e0fd4\",\"name\":\"dorogimedence.hu\",\"image\":{\"@type\":\"ImageObject\",\"inLanguage\":\"hu\",\"@id\":\"\\\/\\\/www.gravatar.com\\\/avatar\\\/d8d45f8901aadff40a4af72c0b826f1d?s=96&#038;r=g&#038;d=mm\",\"url\":\"\\\/\\\/www.gravatar.com\\\/avatar\\\/d8d45f8901aadff40a4af72c0b826f1d?s=96&#038;r=g&#038;d=mm\",\"contentUrl\":\"\\\/\\\/www.gravatar.com\\\/avatar\\\/d8d45f8901aadff40a4af72c0b826f1d?s=96&#038;r=g&#038;d=mm\",\"caption\":\"dorogimedence.hu\"}}]}<\/script>\n<!-- \/ Yoast SEO plugin. -->","yoast_head_json":{"title":"10 \u00e9ves a Nemzeti K\u0151b\u00e1ny\u00e1szati Eml\u00e9khely","robots":{"index":"index","follow":"follow","max-snippet":"max-snippet:-1","max-image-preview":"max-image-preview:large","max-video-preview":"max-video-preview:-1"},"canonical":"https:\/\/dorogimedence.hu\/index.php\/2025\/09\/05\/10-eves-a-nemzeti-kobanyaszati-emlekhely\/","og_locale":"hu_HU","og_type":"article","og_title":"10 \u00e9ves a Nemzeti K\u0151b\u00e1ny\u00e1szati Eml\u00e9khely","og_description":"K\u00fcl\u00f6nleges m\u00e9rf\u00f6ldk\u0151h\u00f6z \u00e9rkezett id\u00e9n a dorogi b\u00e1ny\u00e1szk\u00f6z\u00f6ss\u00e9g: a 75. B\u00e1ny\u00e1sznap keret\u00e9ben nemcsak a hagyom\u00e1nyos \u00fcnneps\u00e9gsorozatra ker\u00fclt sor, hanem egyben a Nemzeti K\u0151b\u00e1ny\u00e1szati Eml\u00e9khely felavat\u00e1s\u00e1nak tizedik \u00e9vfordul\u00f3j\u00e1t, valamint a dorogi m\u00e9szk\u0151b\u00e1ny\u00e1szat 120 \u00e9ves fenn\u00e1ll\u00e1s\u00e1t is m\u00e9ltatt\u00e1k. Az esem\u00e9ny k\u00f6zponti helysz\u00edne a dorogi k\u0151b\u00e1nya szomsz\u00e9ds\u00e1g\u00e1ban tal\u00e1lhat\u00f3 eml\u00e9khely volt, ahol \u00fcnnep\u00e9lyes megeml\u00e9kez\u00e9st \u00e9s koszor\u00faz\u00e1st tartottak a v\u00e1ros, a","og_url":"https:\/\/dorogimedence.hu\/index.php\/2025\/09\/05\/10-eves-a-nemzeti-kobanyaszati-emlekhely\/","og_site_name":"Dorogi-medence Region\u00e1lis H\u00edrport\u00e1l","article_publisher":"https:\/\/www.facebook.com\/dorogimedence\/","article_published_time":"2025-09-05T15:52:29+00:00","og_image":[{"width":1920,"height":1126,"url":"https:\/\/dorogimedence.hu\/wp-content\/uploads\/2025\/09\/baumit.jpg","type":"image\/jpeg"}],"author":"dorogimedence.hu","twitter_card":"summary_large_image","twitter_misc":{"Szerz\u0151:":"dorogimedence.hu","Becs\u00fclt olvas\u00e1si id\u0151":"6 perc"},"schema":{"@context":"https:\/\/schema.org","@graph":[{"@type":"Article","@id":"https:\/\/dorogimedence.hu\/index.php\/2025\/09\/05\/10-eves-a-nemzeti-kobanyaszati-emlekhely\/#article","isPartOf":{"@id":"https:\/\/dorogimedence.hu\/index.php\/2025\/09\/05\/10-eves-a-nemzeti-kobanyaszati-emlekhely\/"},"author":{"name":"dorogimedence.hu","@id":"https:\/\/dorogimedence.hu\/#\/schema\/person\/ce6091eeb7e95ecdc87890d6aa8e0fd4"},"headline":"10 \u00e9ves a Nemzeti K\u0151b\u00e1ny\u00e1szati Eml\u00e9khely","datePublished":"2025-09-05T15:52:29+00:00","mainEntityOfPage":{"@id":"https:\/\/dorogimedence.hu\/index.php\/2025\/09\/05\/10-eves-a-nemzeti-kobanyaszati-emlekhely\/"},"wordCount":1259,"publisher":{"@id":"https:\/\/dorogimedence.hu\/#organization"},"image":{"@id":"https:\/\/dorogimedence.hu\/index.php\/2025\/09\/05\/10-eves-a-nemzeti-kobanyaszati-emlekhely\/#primaryimage"},"thumbnailUrl":"https:\/\/dorogimedence.hu\/wp-content\/uploads\/2025\/09\/baumit.jpg","keywords":["B\u00e1ny\u00e1sznap","Baumit","Dorog","featured","koszor\u00faz\u00e1s"],"articleSection":["Dorog","H\u00edrek"],"inLanguage":"hu"},{"@type":"WebPage","@id":"https:\/\/dorogimedence.hu\/index.php\/2025\/09\/05\/10-eves-a-nemzeti-kobanyaszati-emlekhely\/","url":"https:\/\/dorogimedence.hu\/index.php\/2025\/09\/05\/10-eves-a-nemzeti-kobanyaszati-emlekhely\/","name":"10 \u00e9ves a Nemzeti K\u0151b\u00e1ny\u00e1szati Eml\u00e9khely","isPartOf":{"@id":"https:\/\/dorogimedence.hu\/#website"},"primaryImageOfPage":{"@id":"https:\/\/dorogimedence.hu\/index.php\/2025\/09\/05\/10-eves-a-nemzeti-kobanyaszati-emlekhely\/#primaryimage"},"image":{"@id":"https:\/\/dorogimedence.hu\/index.php\/2025\/09\/05\/10-eves-a-nemzeti-kobanyaszati-emlekhely\/#primaryimage"},"thumbnailUrl":"https:\/\/dorogimedence.hu\/wp-content\/uploads\/2025\/09\/baumit.jpg","datePublished":"2025-09-05T15:52:29+00:00","breadcrumb":{"@id":"https:\/\/dorogimedence.hu\/index.php\/2025\/09\/05\/10-eves-a-nemzeti-kobanyaszati-emlekhely\/#breadcrumb"},"inLanguage":"hu","potentialAction":[{"@type":"ReadAction","target":["https:\/\/dorogimedence.hu\/index.php\/2025\/09\/05\/10-eves-a-nemzeti-kobanyaszati-emlekhely\/"]}]},{"@type":"ImageObject","inLanguage":"hu","@id":"https:\/\/dorogimedence.hu\/index.php\/2025\/09\/05\/10-eves-a-nemzeti-kobanyaszati-emlekhely\/#primaryimage","url":"https:\/\/dorogimedence.hu\/wp-content\/uploads\/2025\/09\/baumit.jpg","contentUrl":"https:\/\/dorogimedence.hu\/wp-content\/uploads\/2025\/09\/baumit.jpg","width":1920,"height":1126},{"@type":"BreadcrumbList","@id":"https:\/\/dorogimedence.hu\/index.php\/2025\/09\/05\/10-eves-a-nemzeti-kobanyaszati-emlekhely\/#breadcrumb","itemListElement":[{"@type":"ListItem","position":1,"name":"Kezd\u0151lap","item":"https:\/\/dorogimedence.hu\/"},{"@type":"ListItem","position":2,"name":"10 \u00e9ves a Nemzeti K\u0151b\u00e1ny\u00e1szati Eml\u00e9khely"}]},{"@type":"WebSite","@id":"https:\/\/dorogimedence.hu\/#website","url":"https:\/\/dorogimedence.hu\/","name":"Dorogi-medence Region\u00e1lis H\u00edrport\u00e1l","description":"Dorog, Keszt\u00f6lc, Le\u00e1nyv\u00e1r, Piliscs\u00e9v, Tokod, Tokodalt\u00e1r\u00f3, Csolnok, Esztergom-kertv\u00e1ros: h\u00edrek, programok","publisher":{"@id":"https:\/\/dorogimedence.hu\/#organization"},"potentialAction":[{"@type":"SearchAction","target":{"@type":"EntryPoint","urlTemplate":"https:\/\/dorogimedence.hu\/?s={search_term_string}"},"query-input":{"@type":"PropertyValueSpecification","valueRequired":true,"valueName":"search_term_string"}}],"inLanguage":"hu"},{"@type":"Organization","@id":"https:\/\/dorogimedence.hu\/#organization","name":"Dorogi-medence Region\u00e1lis H\u00edrport\u00e1l","url":"https:\/\/dorogimedence.hu\/","logo":{"@type":"ImageObject","inLanguage":"hu","@id":"https:\/\/dorogimedence.hu\/#\/schema\/logo\/image\/","url":"https:\/\/dorogimedence.hu\/wp-content\/uploads\/2021\/04\/logo-feher-600.png","contentUrl":"https:\/\/dorogimedence.hu\/wp-content\/uploads\/2021\/04\/logo-feher-600.png","width":600,"height":100,"caption":"Dorogi-medence Region\u00e1lis H\u00edrport\u00e1l"},"image":{"@id":"https:\/\/dorogimedence.hu\/#\/schema\/logo\/image\/"},"sameAs":["https:\/\/www.facebook.com\/dorogimedence\/"]},{"@type":"Person","@id":"https:\/\/dorogimedence.hu\/#\/schema\/person\/ce6091eeb7e95ecdc87890d6aa8e0fd4","name":"dorogimedence.hu","image":{"@type":"ImageObject","inLanguage":"hu","@id":"\/\/www.gravatar.com\/avatar\/d8d45f8901aadff40a4af72c0b826f1d?s=96&#038;r=g&#038;d=mm","url":"\/\/www.gravatar.com\/avatar\/d8d45f8901aadff40a4af72c0b826f1d?s=96&#038;r=g&#038;d=mm","contentUrl":"\/\/www.gravatar.com\/avatar\/d8d45f8901aadff40a4af72c0b826f1d?s=96&#038;r=g&#038;d=mm","caption":"dorogimedence.hu"}}]}},"_links":{"self":[{"href":"https:\/\/dorogimedence.hu\/index.php\/wp-json\/wp\/v2\/posts\/73964","targetHints":{"allow":["GET"]}}],"collection":[{"href":"https:\/\/dorogimedence.hu\/index.php\/wp-json\/wp\/v2\/posts"}],"about":[{"href":"https:\/\/dorogimedence.hu\/index.php\/wp-json\/wp\/v2\/types\/post"}],"author":[{"embeddable":true,"href":"https:\/\/dorogimedence.hu\/index.php\/wp-json\/wp\/v2\/users\/1"}],"replies":[{"embeddable":true,"href":"https:\/\/dorogimedence.hu\/index.php\/wp-json\/wp\/v2\/comments?post=73964"}],"version-history":[{"count":0,"href":"https:\/\/dorogimedence.hu\/index.php\/wp-json\/wp\/v2\/posts\/73964\/revisions"}],"wp:featuredmedia":[{"embeddable":true,"href":"https:\/\/dorogimedence.hu\/index.php\/wp-json\/wp\/v2\/media\/73965"}],"wp:attachment":[{"href":"https:\/\/dorogimedence.hu\/index.php\/wp-json\/wp\/v2\/media?parent=73964"}],"wp:term":[{"taxonomy":"category","embeddable":true,"href":"https:\/\/dorogimedence.hu\/index.php\/wp-json\/wp\/v2\/categories?post=73964"},{"taxonomy":"post_tag","embeddable":true,"href":"https:\/\/dorogimedence.hu\/index.php\/wp-json\/wp\/v2\/tags?post=73964"}],"curies":[{"name":"wp","href":"https:\/\/api.w.org\/{rel}","templated":true}]}}