{"id":73938,"date":"2025-09-05T13:46:31","date_gmt":"2025-09-05T11:46:31","guid":{"rendered":"https:\/\/dorogimedence.hu\/?p=73938"},"modified":"2025-09-05T17:04:53","modified_gmt":"2025-09-05T15:04:53","slug":"ismet-az-esztergomi-korhaznak-gyujtenek-a-motoros-angyalok","status":"publish","type":"post","link":"https:\/\/dorogimedence.hu\/index.php\/2025\/09\/05\/ismet-az-esztergomi-korhaznak-gyujtenek-a-motoros-angyalok\/","title":{"rendered":"Ism\u00e9t az esztergomi k\u00f3rh\u00e1znak gy\u0171jtenek a motoros angyalok"},"content":{"rendered":"<section class=\"elementor-section elementor-top-section elementor-element elementor-element-19aa0824 elementor-section-boxed elementor-section-height-default elementor-section-height-default\" data-id=\"19aa0824\" data-element_type=\"section\" data-settings=\"{&quot;jet_parallax_layout_list&quot;:[]}\">\n<div class=\"elementor-container elementor-column-gap-default\">\n<div class=\"elementor-column elementor-col-100 elementor-top-column elementor-element elementor-element-614ee2b4\" data-id=\"614ee2b4\" data-element_type=\"column\">\n<div class=\"elementor-widget-wrap elementor-element-populated\">\n<div class=\"elementor-element elementor-element-4f660b98 elementor-widget elementor-widget-theme-post-content\" data-id=\"4f660b98\" data-element_type=\"widget\" data-widget_type=\"theme-post-content.default\">\n<div class=\"elementor-widget-container\">\n<p><strong>2025. szeptember 13-\u00e1n, szombaton tizenegyedik alkalommal gy\u0171lnek \u00f6ssze az \u201eutak hulig\u00e1njai\u201d, a motorosok, hogy a r\u00f3luk alkotott t\u00e9ves k\u00e9pet, Angyalsz\u00e1rnyat bontva, sz\u00e9tt\u00e9pj\u00e9k.<\/strong><\/p>\n<p>\u201eA Motorosok is lehetnek Angyalok\u201d elnevez\u00e9s\u0171 j\u00f3t\u00e9konys\u00e1gi felvonul\u00e1s id\u00e9n is regisztr\u00e1ci\u00f3hoz k\u00f6t\u00f6tt, az ehhez sz\u00fcks\u00e9ges matric\u00e1kat az Off Road Motors Lehotay Kft. \u00fczlet\u00e9ben (Dorog, Esztergomi \u00fat 125.) lehet megv\u00e1s\u00e1rolni 3.000 forintos \u00e1ron, nyitvatart\u00e1si id\u0151ben h\u00e9tf\u0151t\u0151l p\u00e9ntekig 9:00-17:00-ig, szombaton 9:00 \u00e9s 12:00 k\u00f6z\u00f6tt, illetve az esem\u00e9ny napj\u00e1n 9-t\u0151l 10:30-ig. A megv\u00e1s\u00e1rolt matric\u00e1t a motorra vagy a sisakra kell felragasztani, ezzel is vil\u00e1goss\u00e1 t\u00e9ve a c\u00e9lt, hogy a r\u00e9sztvev\u0151k j\u00f3t\u00e9konys\u00e1gi motoros felvonul\u00e1ssal ny\u00fajtanak seg\u00edts\u00e9get a k\u00f3rh\u00e1znak.<\/p>\n<p>A matric\u00e1k mellett log\u00f3val ell\u00e1tott kieg\u00e9sz\u00edt\u0151k is v\u00e1s\u00e1rolhat\u00f3k \u2013 p\u00f3l\u00f3, trik\u00f3, t\u00e1ska, b\u00f6gre, baseball sapka, felvarr\u00f3, cs\u0151s\u00e1l \u2013 melyek bev\u00e9tel\u00e9b\u0151l szint\u00e9n a k\u00f3rh\u00e1zat t\u00e1mogatj\u00e1k, \u00edgy ak\u00e1r olyanok is seg\u00edthetnek, akik \u00e9ppen nem tudnak elj\u00f6nni az esem\u00e9nyre, vagy nem motoroznak.<\/p>\n<figure class=\"wp-block-image size-large\"><img fetchpriority=\"high\" decoding=\"async\" class=\"wp-image-32036\" src=\"https:\/\/visitesztergom.hu\/wp-content\/uploads\/2025\/09\/DJI_0963-1024x767.avif\" sizes=\"(max-width: 1024px) 100vw, 1024px\" srcset=\"https:\/\/visitesztergom.hu\/wp-content\/uploads\/2025\/09\/DJI_0963-1024x767.avif 1024w, https:\/\/visitesztergom.hu\/wp-content\/uploads\/2025\/09\/DJI_0963-700x524.avif 700w, https:\/\/visitesztergom.hu\/wp-content\/uploads\/2025\/09\/DJI_0963-768x575.avif 768w, https:\/\/visitesztergom.hu\/wp-content\/uploads\/2025\/09\/DJI_0963-1536x1151.avif 1536w, https:\/\/visitesztergom.hu\/wp-content\/uploads\/2025\/09\/DJI_0963.avif 2048w\" alt=\"\" width=\"1024\" height=\"767\"><\/figure>\n<h3 class=\"wp-block-heading\"><strong>PROGRAMOK<\/strong><\/h3>\n<p>A felvonul\u00e1s a dorogi m\u0171vel\u0151d\u00e9si h\u00e1zt\u00f3l indul, amely az esztergomi Z\u00f6ld parkol\u00f3ban \u00e9r v\u00e9get. A felvonul\u00e1st k\u00f6vet\u0151en a r\u00e9sztvev\u0151ket egy t\u00e1ny\u00e9r finom eb\u00e9ddel vend\u00e9gelik meg. Tov\u00e1bb\u00e1 koncerttel, motoros v\u00e9rad\u00e1ssal, \u00e9s egy meglepet\u00e9s el\u0151ad\u00e1ssal is k\u00e9sz\u00fclnek. Id\u00e9n, a v\u00e9rad\u00e1snak a Vit\u00e9z J\u00e1nos Katolikus Nyelvoktat\u00f3 N\u00e9met Nemzetis\u00e9gi \u00c1ltal\u00e1nos Iskola ad otthont, k\u00f6zvetlen az esztergomi helysz\u00edn mellett, \u00edgy a motorosoknak a helysz\u00ednen van lehet\u0151s\u00e9ge \u201ev\u00e9r\u00fcket adni\u201d. Minden motoros v\u00e9rad\u00f3 kis aj\u00e1nd\u00e9kot is kap a szervez\u0151kt\u0151l.<\/p>\n<h3 class=\"wp-block-heading\"><strong>\u00daTVONAL<\/strong><\/h3>\n<p>A gy\u00fclekez\u0151 09:00 \u00e9s 11:30 k\u00f6z\u00f6tt lesz a dorogi m\u0171vel\u0151d\u00e9si h\u00e1zn\u00e1l, 11:30-kor lez\u00e1rj\u00e1k a parkol\u00f3t. A rend\u0151rs\u00e9gi eligaz\u00edt\u00e1s \u00e9s t\u00e1j\u00e9koztat\u00e1s ut\u00e1n a r\u00e9sztvev\u0151k d\u00e9l k\u00f6r\u00fcl indulnak el az al\u00e1bbi \u00fatvonalon: <strong>DOROG<\/strong> (K\u00f6zt\u00e1rsas\u00e1g \u00fat, Gorkij utca, B\u00e9csi \u00fat) \u2013 <strong>TOKODALT\u00c1R\u00d3<\/strong> (J\u00f3zsef Attila \u00fat) \u2013 <strong>TOKOD<\/strong> (Kossuth Lajos \u00fat, Sz\u00e9chenyi utca, 1118-as sz\u00e1m\u00fa \u00fat, 1119-es sz\u00e1m\u00fa \u00fat) \u2013 <strong>T\u00c1T<\/strong> (Malom d\u0171l\u0151 utca, 10-es sz\u00e1m\u00fa \u00fat, F\u0151 \u00fat, Hal\u00e1szcs\u00e1rda, 117-es sz\u00e1m\u00fa \u00fat, 11-es sz\u00e1m\u00fa \u00fat) \u2013 <strong>ESZTERGOM<\/strong> (T\u00e1ti \u00fat, H\u0151s\u00f6k tere k\u00f6rforgalom, Kossuth Lajos utca, Bajcsy-Zsilinszky \u00fat, Majer Istv\u00e1n utca, Iskola utca, Dobozi Mih\u00e1ly utca, Vaskapui \u00fat, B\u00e1nomi \u00fat, B\u00e1nfi Luk\u00e1cs utca, K\u00f6lcsey Ferenc utca, Pet\u0151fi S\u00e1ndor utca, VASZARY KOLOS K\u00d3RH\u00c1Z, Pet\u0151fi S\u00e1ndor utca, Honv\u00e9d utca, Ter\u00e9zia utca, H\u0151s\u00f6k tere, Kossuth Lajos utca, L\u0151rinc utca, Botty\u00e1n h\u00edd, T\u00e1ncsics Mih\u00e1ly utca, Nagy Duna s\u00e9t\u00e1ny, G\u0151zhaj\u00f3 utca, Z\u00f6ld Parkol\u00f3).<\/p>\n<figure class=\"wp-block-image size-large\"><img decoding=\"async\" class=\"wp-image-32035\" src=\"https:\/\/visitesztergom.hu\/wp-content\/uploads\/2025\/09\/DSC05387-1024x683.avif\" sizes=\"(max-width: 1024px) 100vw, 1024px\" srcset=\"https:\/\/visitesztergom.hu\/wp-content\/uploads\/2025\/09\/DSC05387-1024x683.avif 1024w, https:\/\/visitesztergom.hu\/wp-content\/uploads\/2025\/09\/DSC05387-700x467.avif 700w, https:\/\/visitesztergom.hu\/wp-content\/uploads\/2025\/09\/DSC05387-768x512.avif 768w, https:\/\/visitesztergom.hu\/wp-content\/uploads\/2025\/09\/DSC05387-391x260.avif 391w, https:\/\/visitesztergom.hu\/wp-content\/uploads\/2025\/09\/DSC05387-1536x1025.avif 1536w, https:\/\/visitesztergom.hu\/wp-content\/uploads\/2025\/09\/DSC05387.avif 2048w\" alt=\"\" width=\"1024\" height=\"683\"><\/figure>\n<h3 class=\"wp-block-heading\"><strong>FORGALOMKORL\u00c1TOZ\u00c1S<\/strong><\/h3>\n<p>Az eml\u00edtett \u00fatvonalon 12 \u00e9s 14 \u00f3ra k\u00f6z\u00f6tt a megszokottn\u00e1l lass\u00fabb halad\u00e1sra kell sz\u00e1m\u00edtani. Szeptember 12-\u00e9n, p\u00e9nteken 18 \u00f3r\u00e1t\u00f3l lez\u00e1rj\u00e1k Esztergomban a Z\u00f6ld parkol\u00f3t.<\/p>\n<p>A felvonul\u00e1s ideje alatt a nagy forgalm\u00fa \u00fatkeresztez\u0151d\u00e9sekben a rend\u0151rs\u00e9g \u00e9s a polg\u00e1r\u0151rs\u00e9g forgalomir\u00e1ny\u00edt\u00e1ssal seg\u00edti a motorker\u00e9kp\u00e1rosok halad\u00e1s\u00e1t. A z\u00f6kken\u0151menetes lebonyol\u00edt\u00e1st a PMPSZ motoros polg\u00e1r\u0151r\u00f6k is seg\u00edtik.<\/p>\n<p>Tov\u00e1bbi inform\u00e1ci\u00f3k a <span style=\"text-decoration: underline; color: #0000ff;\"><a style=\"color: #0000ff; text-decoration: underline;\" role=\"link\" href=\"https:\/\/www.facebook.com\/events\/684376574235714\/\" target=\"_blank\" rel=\"noreferrer noopener\">Facebook-esem\u00e9nyn\u00e9l<\/a><\/span> \u00e9s az Off Road Motors Lehotay Kft. <a role=\"link\" href=\"https:\/\/www.facebook.com\/profile.php?id=100063520062391\" target=\"_blank\" rel=\"noreferrer noopener\"><span style=\"text-decoration: underline; color: #0000ff;\">Facebook-oldal\u00e1n<\/span><\/a> tal\u00e1lhat\u00f3k!<\/p>\n<figure class=\"wp-block-image size-large\"><img decoding=\"async\" class=\"wp-image-32034\" src=\"https:\/\/visitesztergom.hu\/wp-content\/uploads\/2025\/09\/DJI_0051-1024x767.avif\" sizes=\"(max-width: 1024px) 100vw, 1024px\" srcset=\"https:\/\/visitesztergom.hu\/wp-content\/uploads\/2025\/09\/DJI_0051-1024x767.avif 1024w, https:\/\/visitesztergom.hu\/wp-content\/uploads\/2025\/09\/DJI_0051-700x524.avif 700w, https:\/\/visitesztergom.hu\/wp-content\/uploads\/2025\/09\/DJI_0051-768x575.avif 768w, https:\/\/visitesztergom.hu\/wp-content\/uploads\/2025\/09\/DJI_0051-1536x1151.avif 1536w, https:\/\/visitesztergom.hu\/wp-content\/uploads\/2025\/09\/DJI_0051.avif 2048w\" alt=\"\" width=\"1024\" height=\"767\"><\/figure>\n<h3 class=\"wp-block-heading\"><strong>H\u00c1TT\u00c9R<\/strong><\/h3>\n<p>A \u201eMotorosok is lehetnek Angyalok\u201d elnevez\u00e9s\u0171 j\u00f3t\u00e9konys\u00e1gi felvonul\u00e1st Lehotay Kata 2014-ben \u00e1lmodta meg, \u00e9s 2015-ben h\u00edvta \u00e9letre. Egy h\u00e1la sz\u00fclte gondolatb\u00f3l indult az eg\u00e9sz. \u201eTestv\u00e9rem az esztergomi k\u00f3rh\u00e1zban fek\u00fcdt \u00f6sszess\u00e9g\u00e9ben k\u00f6zel h\u00e1rom h\u00f3napot, megszak\u00edt\u00e1sokkal. \u00c9n a k\u00f3rh\u00e1zi \u00e1gya mellett \u00fclve t\u00f6lt\u00f6ttem azokat a napokat \u00e9s im\u00e1dkoztam, hogy felgy\u00f3gyuljon. A k\u00f3rh\u00e1zi folyos\u00f3n sz\u00fcletett a gondolat, hogy h\u00e1la nekik, Miki fel\u00e9p\u00fcl, \u00e9s \u00e9n megfogadom, hogy minden \u00e9vben, el\u00e9gedetts\u00e9g\u00fcnk, h\u00e1l\u00e1nk \u00e9s tisztelet\u00fcnk jel\u00e9\u00fcl, a Motorosokat megsz\u00f3l\u00edtva szervezz\u00fck meg a rendezv\u00e9nyt, amib\u0151l az\u00f3ta m\u00e1r hagyom\u00e1ny lett. 2015-ben, az els\u0151 \u00e9vben 189 motoros j\u00f6tt el \u00e9s 389.000 Ft gy\u0171lt \u00f6ssze. T\u00edz \u00e9vvel k\u00e9s\u0151bb, 1273 motoros vett r\u00e9szt a felvonul\u00e1son \u00e9s 6.596.000 Ft-ot gy\u0171jt\u00f6ttek \u00f6ssze.\u201d \u2013 mondta Lehotay Kata.<\/p>\n<p><em>Fot\u00f3k, forr\u00e1s: Visit Esztergom<\/em><\/p>\n<\/div>\n<\/div>\n<\/div>\n<\/div>\n<\/div>\n<\/section>\n","protected":false},"excerpt":{"rendered":"<p>2025. szeptember 13-\u00e1n, szombaton tizenegyedik alkalommal gy\u0171lnek \u00f6ssze az \u201eutak hulig\u00e1njai\u201d, a motorosok, hogy a r\u00f3luk alkotott t\u00e9ves k\u00e9pet, Angyalsz\u00e1rnyat bontva, sz\u00e9tt\u00e9pj\u00e9k. \u201eA Motorosok is lehetnek Angyalok\u201d elnevez\u00e9s\u0171 j\u00f3t\u00e9konys\u00e1gi felvonul\u00e1s id\u00e9n is regisztr\u00e1ci\u00f3hoz k\u00f6t\u00f6tt, az ehhez sz\u00fcks\u00e9ges matric\u00e1kat az Off Road Motors Lehotay Kft. \u00fczlet\u00e9ben (Dorog, Esztergomi \u00fat 125.) lehet megv\u00e1s\u00e1rolni 3.000 forintos \u00e1ron, nyitvatart\u00e1si<\/p>\n","protected":false},"author":1,"featured_media":73939,"comment_status":"closed","ping_status":"closed","sticky":false,"template":"","format":"standard","meta":{"ngg_post_thumbnail":0,"footnotes":""},"categories":[2,38,3,3561],"tags":[2671,15,42,5624,1149],"class_list":{"0":"post-73938","1":"post","2":"type-post","3":"status-publish","4":"format-standard","5":"has-post-thumbnail","7":"category-dorog","8":"category-esztergom","9":"category-hirek","10":"category-programok","11":"tag-a-motorosok-is-lehetnek-angyalok","12":"tag-dorog","13":"tag-esztergom","14":"tag-featured","15":"tag-motoros-felvonulas"},"yoast_head":"<!-- This site is optimized with the Yoast SEO plugin v27.4 - https:\/\/yoast.com\/product\/yoast-seo-wordpress\/ -->\n<title>Ism\u00e9t az esztergomi k\u00f3rh\u00e1znak gy\u0171jtenek a motoros angyalok<\/title>\n<meta name=\"robots\" content=\"index, follow, max-snippet:-1, max-image-preview:large, max-video-preview:-1\" \/>\n<link rel=\"canonical\" href=\"https:\/\/dorogimedence.hu\/index.php\/2025\/09\/05\/ismet-az-esztergomi-korhaznak-gyujtenek-a-motoros-angyalok\/\" class=\"yoast-seo-meta-tag\" \/>\n<meta property=\"og:locale\" content=\"hu_HU\" class=\"yoast-seo-meta-tag\" \/>\n<meta property=\"og:type\" content=\"article\" class=\"yoast-seo-meta-tag\" \/>\n<meta property=\"og:title\" content=\"Ism\u00e9t az esztergomi k\u00f3rh\u00e1znak gy\u0171jtenek a motoros angyalok\" class=\"yoast-seo-meta-tag\" \/>\n<meta property=\"og:description\" content=\"2025. szeptember 13-\u00e1n, szombaton tizenegyedik alkalommal gy\u0171lnek \u00f6ssze az \u201eutak hulig\u00e1njai\u201d, a motorosok, hogy a r\u00f3luk alkotott t\u00e9ves k\u00e9pet, Angyalsz\u00e1rnyat bontva, sz\u00e9tt\u00e9pj\u00e9k. \u201eA Motorosok is lehetnek Angyalok\u201d elnevez\u00e9s\u0171 j\u00f3t\u00e9konys\u00e1gi felvonul\u00e1s id\u00e9n is regisztr\u00e1ci\u00f3hoz k\u00f6t\u00f6tt, az ehhez sz\u00fcks\u00e9ges matric\u00e1kat az Off Road Motors Lehotay Kft. \u00fczlet\u00e9ben (Dorog, Esztergomi \u00fat 125.) lehet megv\u00e1s\u00e1rolni 3.000 forintos \u00e1ron, nyitvatart\u00e1si\" class=\"yoast-seo-meta-tag\" \/>\n<meta property=\"og:url\" content=\"https:\/\/dorogimedence.hu\/index.php\/2025\/09\/05\/ismet-az-esztergomi-korhaznak-gyujtenek-a-motoros-angyalok\/\" class=\"yoast-seo-meta-tag\" \/>\n<meta property=\"og:site_name\" content=\"Dorogi-medence Region\u00e1lis H\u00edrport\u00e1l\" class=\"yoast-seo-meta-tag\" \/>\n<meta property=\"article:publisher\" content=\"https:\/\/www.facebook.com\/dorogimedence\/\" class=\"yoast-seo-meta-tag\" \/>\n<meta property=\"article:published_time\" content=\"2025-09-05T11:46:31+00:00\" class=\"yoast-seo-meta-tag\" \/>\n<meta property=\"article:modified_time\" content=\"2025-09-05T15:04:53+00:00\" class=\"yoast-seo-meta-tag\" \/>\n<meta property=\"og:image\" content=\"https:\/\/dorogimedence.hu\/wp-content\/uploads\/2025\/09\/DJI_0005-1920x1280.jpg\" class=\"yoast-seo-meta-tag\" \/>\n\t<meta property=\"og:image:width\" content=\"1920\" class=\"yoast-seo-meta-tag\" \/>\n\t<meta property=\"og:image:height\" content=\"1280\" class=\"yoast-seo-meta-tag\" \/>\n\t<meta property=\"og:image:type\" content=\"image\/jpeg\" class=\"yoast-seo-meta-tag\" \/>\n<meta name=\"author\" content=\"dorogimedence.hu\" class=\"yoast-seo-meta-tag\" \/>\n<meta name=\"twitter:card\" content=\"summary_large_image\" class=\"yoast-seo-meta-tag\" \/>\n<meta name=\"twitter:label1\" content=\"Szerz\u0151:\" class=\"yoast-seo-meta-tag\" \/>\n\t<meta name=\"twitter:data1\" content=\"dorogimedence.hu\" class=\"yoast-seo-meta-tag\" \/>\n\t<meta name=\"twitter:label2\" content=\"Becs\u00fclt olvas\u00e1si id\u0151\" class=\"yoast-seo-meta-tag\" \/>\n\t<meta name=\"twitter:data2\" content=\"4 perc\" class=\"yoast-seo-meta-tag\" \/>\n<script type=\"application\/ld+json\" class=\"yoast-schema-graph\">{\"@context\":\"https:\\\/\\\/schema.org\",\"@graph\":[{\"@type\":\"Article\",\"@id\":\"https:\\\/\\\/dorogimedence.hu\\\/index.php\\\/2025\\\/09\\\/05\\\/ismet-az-esztergomi-korhaznak-gyujtenek-a-motoros-angyalok\\\/#article\",\"isPartOf\":{\"@id\":\"https:\\\/\\\/dorogimedence.hu\\\/index.php\\\/2025\\\/09\\\/05\\\/ismet-az-esztergomi-korhaznak-gyujtenek-a-motoros-angyalok\\\/\"},\"author\":{\"name\":\"dorogimedence.hu\",\"@id\":\"https:\\\/\\\/dorogimedence.hu\\\/#\\\/schema\\\/person\\\/ce6091eeb7e95ecdc87890d6aa8e0fd4\"},\"headline\":\"Ism\u00e9t az esztergomi k\u00f3rh\u00e1znak gy\u0171jtenek a motoros angyalok\",\"datePublished\":\"2025-09-05T11:46:31+00:00\",\"dateModified\":\"2025-09-05T15:04:53+00:00\",\"mainEntityOfPage\":{\"@id\":\"https:\\\/\\\/dorogimedence.hu\\\/index.php\\\/2025\\\/09\\\/05\\\/ismet-az-esztergomi-korhaznak-gyujtenek-a-motoros-angyalok\\\/\"},\"wordCount\":826,\"publisher\":{\"@id\":\"https:\\\/\\\/dorogimedence.hu\\\/#organization\"},\"image\":{\"@id\":\"https:\\\/\\\/dorogimedence.hu\\\/index.php\\\/2025\\\/09\\\/05\\\/ismet-az-esztergomi-korhaznak-gyujtenek-a-motoros-angyalok\\\/#primaryimage\"},\"thumbnailUrl\":\"https:\\\/\\\/dorogimedence.hu\\\/wp-content\\\/uploads\\\/2025\\\/09\\\/DJI_0005.jpg\",\"keywords\":[\"A Motorosok is lehetnek Angyalok\",\"Dorog\",\"esztergom\",\"featured\",\"motoros felvonul\u00e1s\"],\"articleSection\":[\"Dorog\",\"Esztergom\",\"H\u00edrek\",\"Programok\"],\"inLanguage\":\"hu\"},{\"@type\":\"WebPage\",\"@id\":\"https:\\\/\\\/dorogimedence.hu\\\/index.php\\\/2025\\\/09\\\/05\\\/ismet-az-esztergomi-korhaznak-gyujtenek-a-motoros-angyalok\\\/\",\"url\":\"https:\\\/\\\/dorogimedence.hu\\\/index.php\\\/2025\\\/09\\\/05\\\/ismet-az-esztergomi-korhaznak-gyujtenek-a-motoros-angyalok\\\/\",\"name\":\"Ism\u00e9t az esztergomi k\u00f3rh\u00e1znak gy\u0171jtenek a motoros angyalok\",\"isPartOf\":{\"@id\":\"https:\\\/\\\/dorogimedence.hu\\\/#website\"},\"primaryImageOfPage\":{\"@id\":\"https:\\\/\\\/dorogimedence.hu\\\/index.php\\\/2025\\\/09\\\/05\\\/ismet-az-esztergomi-korhaznak-gyujtenek-a-motoros-angyalok\\\/#primaryimage\"},\"image\":{\"@id\":\"https:\\\/\\\/dorogimedence.hu\\\/index.php\\\/2025\\\/09\\\/05\\\/ismet-az-esztergomi-korhaznak-gyujtenek-a-motoros-angyalok\\\/#primaryimage\"},\"thumbnailUrl\":\"https:\\\/\\\/dorogimedence.hu\\\/wp-content\\\/uploads\\\/2025\\\/09\\\/DJI_0005.jpg\",\"datePublished\":\"2025-09-05T11:46:31+00:00\",\"dateModified\":\"2025-09-05T15:04:53+00:00\",\"breadcrumb\":{\"@id\":\"https:\\\/\\\/dorogimedence.hu\\\/index.php\\\/2025\\\/09\\\/05\\\/ismet-az-esztergomi-korhaznak-gyujtenek-a-motoros-angyalok\\\/#breadcrumb\"},\"inLanguage\":\"hu\",\"potentialAction\":[{\"@type\":\"ReadAction\",\"target\":[\"https:\\\/\\\/dorogimedence.hu\\\/index.php\\\/2025\\\/09\\\/05\\\/ismet-az-esztergomi-korhaznak-gyujtenek-a-motoros-angyalok\\\/\"]}]},{\"@type\":\"ImageObject\",\"inLanguage\":\"hu\",\"@id\":\"https:\\\/\\\/dorogimedence.hu\\\/index.php\\\/2025\\\/09\\\/05\\\/ismet-az-esztergomi-korhaznak-gyujtenek-a-motoros-angyalok\\\/#primaryimage\",\"url\":\"https:\\\/\\\/dorogimedence.hu\\\/wp-content\\\/uploads\\\/2025\\\/09\\\/DJI_0005.jpg\",\"contentUrl\":\"https:\\\/\\\/dorogimedence.hu\\\/wp-content\\\/uploads\\\/2025\\\/09\\\/DJI_0005.jpg\",\"width\":2048,\"height\":1365},{\"@type\":\"BreadcrumbList\",\"@id\":\"https:\\\/\\\/dorogimedence.hu\\\/index.php\\\/2025\\\/09\\\/05\\\/ismet-az-esztergomi-korhaznak-gyujtenek-a-motoros-angyalok\\\/#breadcrumb\",\"itemListElement\":[{\"@type\":\"ListItem\",\"position\":1,\"name\":\"Kezd\u0151lap\",\"item\":\"https:\\\/\\\/dorogimedence.hu\\\/\"},{\"@type\":\"ListItem\",\"position\":2,\"name\":\"Ism\u00e9t az esztergomi k\u00f3rh\u00e1znak gy\u0171jtenek a motoros angyalok\"}]},{\"@type\":\"WebSite\",\"@id\":\"https:\\\/\\\/dorogimedence.hu\\\/#website\",\"url\":\"https:\\\/\\\/dorogimedence.hu\\\/\",\"name\":\"Dorogi-medence Region\u00e1lis H\u00edrport\u00e1l\",\"description\":\"Dorog, Keszt\u00f6lc, Le\u00e1nyv\u00e1r, Piliscs\u00e9v, Tokod, Tokodalt\u00e1r\u00f3, Csolnok, Esztergom-kertv\u00e1ros: h\u00edrek, programok\",\"publisher\":{\"@id\":\"https:\\\/\\\/dorogimedence.hu\\\/#organization\"},\"potentialAction\":[{\"@type\":\"SearchAction\",\"target\":{\"@type\":\"EntryPoint\",\"urlTemplate\":\"https:\\\/\\\/dorogimedence.hu\\\/?s={search_term_string}\"},\"query-input\":{\"@type\":\"PropertyValueSpecification\",\"valueRequired\":true,\"valueName\":\"search_term_string\"}}],\"inLanguage\":\"hu\"},{\"@type\":\"Organization\",\"@id\":\"https:\\\/\\\/dorogimedence.hu\\\/#organization\",\"name\":\"Dorogi-medence Region\u00e1lis H\u00edrport\u00e1l\",\"url\":\"https:\\\/\\\/dorogimedence.hu\\\/\",\"logo\":{\"@type\":\"ImageObject\",\"inLanguage\":\"hu\",\"@id\":\"https:\\\/\\\/dorogimedence.hu\\\/#\\\/schema\\\/logo\\\/image\\\/\",\"url\":\"https:\\\/\\\/dorogimedence.hu\\\/wp-content\\\/uploads\\\/2021\\\/04\\\/logo-feher-600.png\",\"contentUrl\":\"https:\\\/\\\/dorogimedence.hu\\\/wp-content\\\/uploads\\\/2021\\\/04\\\/logo-feher-600.png\",\"width\":600,\"height\":100,\"caption\":\"Dorogi-medence Region\u00e1lis H\u00edrport\u00e1l\"},\"image\":{\"@id\":\"https:\\\/\\\/dorogimedence.hu\\\/#\\\/schema\\\/logo\\\/image\\\/\"},\"sameAs\":[\"https:\\\/\\\/www.facebook.com\\\/dorogimedence\\\/\"]},{\"@type\":\"Person\",\"@id\":\"https:\\\/\\\/dorogimedence.hu\\\/#\\\/schema\\\/person\\\/ce6091eeb7e95ecdc87890d6aa8e0fd4\",\"name\":\"dorogimedence.hu\",\"image\":{\"@type\":\"ImageObject\",\"inLanguage\":\"hu\",\"@id\":\"\\\/\\\/www.gravatar.com\\\/avatar\\\/d8d45f8901aadff40a4af72c0b826f1d?s=96&#038;r=g&#038;d=mm\",\"url\":\"\\\/\\\/www.gravatar.com\\\/avatar\\\/d8d45f8901aadff40a4af72c0b826f1d?s=96&#038;r=g&#038;d=mm\",\"contentUrl\":\"\\\/\\\/www.gravatar.com\\\/avatar\\\/d8d45f8901aadff40a4af72c0b826f1d?s=96&#038;r=g&#038;d=mm\",\"caption\":\"dorogimedence.hu\"}}]}<\/script>\n<!-- \/ Yoast SEO plugin. -->","yoast_head_json":{"title":"Ism\u00e9t az esztergomi k\u00f3rh\u00e1znak gy\u0171jtenek a motoros angyalok","robots":{"index":"index","follow":"follow","max-snippet":"max-snippet:-1","max-image-preview":"max-image-preview:large","max-video-preview":"max-video-preview:-1"},"canonical":"https:\/\/dorogimedence.hu\/index.php\/2025\/09\/05\/ismet-az-esztergomi-korhaznak-gyujtenek-a-motoros-angyalok\/","og_locale":"hu_HU","og_type":"article","og_title":"Ism\u00e9t az esztergomi k\u00f3rh\u00e1znak gy\u0171jtenek a motoros angyalok","og_description":"2025. szeptember 13-\u00e1n, szombaton tizenegyedik alkalommal gy\u0171lnek \u00f6ssze az \u201eutak hulig\u00e1njai\u201d, a motorosok, hogy a r\u00f3luk alkotott t\u00e9ves k\u00e9pet, Angyalsz\u00e1rnyat bontva, sz\u00e9tt\u00e9pj\u00e9k. \u201eA Motorosok is lehetnek Angyalok\u201d elnevez\u00e9s\u0171 j\u00f3t\u00e9konys\u00e1gi felvonul\u00e1s id\u00e9n is regisztr\u00e1ci\u00f3hoz k\u00f6t\u00f6tt, az ehhez sz\u00fcks\u00e9ges matric\u00e1kat az Off Road Motors Lehotay Kft. \u00fczlet\u00e9ben (Dorog, Esztergomi \u00fat 125.) lehet megv\u00e1s\u00e1rolni 3.000 forintos \u00e1ron, nyitvatart\u00e1si","og_url":"https:\/\/dorogimedence.hu\/index.php\/2025\/09\/05\/ismet-az-esztergomi-korhaznak-gyujtenek-a-motoros-angyalok\/","og_site_name":"Dorogi-medence Region\u00e1lis H\u00edrport\u00e1l","article_publisher":"https:\/\/www.facebook.com\/dorogimedence\/","article_published_time":"2025-09-05T11:46:31+00:00","article_modified_time":"2025-09-05T15:04:53+00:00","og_image":[{"width":1920,"height":1280,"url":"https:\/\/dorogimedence.hu\/wp-content\/uploads\/2025\/09\/DJI_0005-1920x1280.jpg","type":"image\/jpeg"}],"author":"dorogimedence.hu","twitter_card":"summary_large_image","twitter_misc":{"Szerz\u0151:":"dorogimedence.hu","Becs\u00fclt olvas\u00e1si id\u0151":"4 perc"},"schema":{"@context":"https:\/\/schema.org","@graph":[{"@type":"Article","@id":"https:\/\/dorogimedence.hu\/index.php\/2025\/09\/05\/ismet-az-esztergomi-korhaznak-gyujtenek-a-motoros-angyalok\/#article","isPartOf":{"@id":"https:\/\/dorogimedence.hu\/index.php\/2025\/09\/05\/ismet-az-esztergomi-korhaznak-gyujtenek-a-motoros-angyalok\/"},"author":{"name":"dorogimedence.hu","@id":"https:\/\/dorogimedence.hu\/#\/schema\/person\/ce6091eeb7e95ecdc87890d6aa8e0fd4"},"headline":"Ism\u00e9t az esztergomi k\u00f3rh\u00e1znak gy\u0171jtenek a motoros angyalok","datePublished":"2025-09-05T11:46:31+00:00","dateModified":"2025-09-05T15:04:53+00:00","mainEntityOfPage":{"@id":"https:\/\/dorogimedence.hu\/index.php\/2025\/09\/05\/ismet-az-esztergomi-korhaznak-gyujtenek-a-motoros-angyalok\/"},"wordCount":826,"publisher":{"@id":"https:\/\/dorogimedence.hu\/#organization"},"image":{"@id":"https:\/\/dorogimedence.hu\/index.php\/2025\/09\/05\/ismet-az-esztergomi-korhaznak-gyujtenek-a-motoros-angyalok\/#primaryimage"},"thumbnailUrl":"https:\/\/dorogimedence.hu\/wp-content\/uploads\/2025\/09\/DJI_0005.jpg","keywords":["A Motorosok is lehetnek Angyalok","Dorog","esztergom","featured","motoros felvonul\u00e1s"],"articleSection":["Dorog","Esztergom","H\u00edrek","Programok"],"inLanguage":"hu"},{"@type":"WebPage","@id":"https:\/\/dorogimedence.hu\/index.php\/2025\/09\/05\/ismet-az-esztergomi-korhaznak-gyujtenek-a-motoros-angyalok\/","url":"https:\/\/dorogimedence.hu\/index.php\/2025\/09\/05\/ismet-az-esztergomi-korhaznak-gyujtenek-a-motoros-angyalok\/","name":"Ism\u00e9t az esztergomi k\u00f3rh\u00e1znak gy\u0171jtenek a motoros angyalok","isPartOf":{"@id":"https:\/\/dorogimedence.hu\/#website"},"primaryImageOfPage":{"@id":"https:\/\/dorogimedence.hu\/index.php\/2025\/09\/05\/ismet-az-esztergomi-korhaznak-gyujtenek-a-motoros-angyalok\/#primaryimage"},"image":{"@id":"https:\/\/dorogimedence.hu\/index.php\/2025\/09\/05\/ismet-az-esztergomi-korhaznak-gyujtenek-a-motoros-angyalok\/#primaryimage"},"thumbnailUrl":"https:\/\/dorogimedence.hu\/wp-content\/uploads\/2025\/09\/DJI_0005.jpg","datePublished":"2025-09-05T11:46:31+00:00","dateModified":"2025-09-05T15:04:53+00:00","breadcrumb":{"@id":"https:\/\/dorogimedence.hu\/index.php\/2025\/09\/05\/ismet-az-esztergomi-korhaznak-gyujtenek-a-motoros-angyalok\/#breadcrumb"},"inLanguage":"hu","potentialAction":[{"@type":"ReadAction","target":["https:\/\/dorogimedence.hu\/index.php\/2025\/09\/05\/ismet-az-esztergomi-korhaznak-gyujtenek-a-motoros-angyalok\/"]}]},{"@type":"ImageObject","inLanguage":"hu","@id":"https:\/\/dorogimedence.hu\/index.php\/2025\/09\/05\/ismet-az-esztergomi-korhaznak-gyujtenek-a-motoros-angyalok\/#primaryimage","url":"https:\/\/dorogimedence.hu\/wp-content\/uploads\/2025\/09\/DJI_0005.jpg","contentUrl":"https:\/\/dorogimedence.hu\/wp-content\/uploads\/2025\/09\/DJI_0005.jpg","width":2048,"height":1365},{"@type":"BreadcrumbList","@id":"https:\/\/dorogimedence.hu\/index.php\/2025\/09\/05\/ismet-az-esztergomi-korhaznak-gyujtenek-a-motoros-angyalok\/#breadcrumb","itemListElement":[{"@type":"ListItem","position":1,"name":"Kezd\u0151lap","item":"https:\/\/dorogimedence.hu\/"},{"@type":"ListItem","position":2,"name":"Ism\u00e9t az esztergomi k\u00f3rh\u00e1znak gy\u0171jtenek a motoros angyalok"}]},{"@type":"WebSite","@id":"https:\/\/dorogimedence.hu\/#website","url":"https:\/\/dorogimedence.hu\/","name":"Dorogi-medence Region\u00e1lis H\u00edrport\u00e1l","description":"Dorog, Keszt\u00f6lc, Le\u00e1nyv\u00e1r, Piliscs\u00e9v, Tokod, Tokodalt\u00e1r\u00f3, Csolnok, Esztergom-kertv\u00e1ros: h\u00edrek, programok","publisher":{"@id":"https:\/\/dorogimedence.hu\/#organization"},"potentialAction":[{"@type":"SearchAction","target":{"@type":"EntryPoint","urlTemplate":"https:\/\/dorogimedence.hu\/?s={search_term_string}"},"query-input":{"@type":"PropertyValueSpecification","valueRequired":true,"valueName":"search_term_string"}}],"inLanguage":"hu"},{"@type":"Organization","@id":"https:\/\/dorogimedence.hu\/#organization","name":"Dorogi-medence Region\u00e1lis H\u00edrport\u00e1l","url":"https:\/\/dorogimedence.hu\/","logo":{"@type":"ImageObject","inLanguage":"hu","@id":"https:\/\/dorogimedence.hu\/#\/schema\/logo\/image\/","url":"https:\/\/dorogimedence.hu\/wp-content\/uploads\/2021\/04\/logo-feher-600.png","contentUrl":"https:\/\/dorogimedence.hu\/wp-content\/uploads\/2021\/04\/logo-feher-600.png","width":600,"height":100,"caption":"Dorogi-medence Region\u00e1lis H\u00edrport\u00e1l"},"image":{"@id":"https:\/\/dorogimedence.hu\/#\/schema\/logo\/image\/"},"sameAs":["https:\/\/www.facebook.com\/dorogimedence\/"]},{"@type":"Person","@id":"https:\/\/dorogimedence.hu\/#\/schema\/person\/ce6091eeb7e95ecdc87890d6aa8e0fd4","name":"dorogimedence.hu","image":{"@type":"ImageObject","inLanguage":"hu","@id":"\/\/www.gravatar.com\/avatar\/d8d45f8901aadff40a4af72c0b826f1d?s=96&#038;r=g&#038;d=mm","url":"\/\/www.gravatar.com\/avatar\/d8d45f8901aadff40a4af72c0b826f1d?s=96&#038;r=g&#038;d=mm","contentUrl":"\/\/www.gravatar.com\/avatar\/d8d45f8901aadff40a4af72c0b826f1d?s=96&#038;r=g&#038;d=mm","caption":"dorogimedence.hu"}}]}},"_links":{"self":[{"href":"https:\/\/dorogimedence.hu\/index.php\/wp-json\/wp\/v2\/posts\/73938","targetHints":{"allow":["GET"]}}],"collection":[{"href":"https:\/\/dorogimedence.hu\/index.php\/wp-json\/wp\/v2\/posts"}],"about":[{"href":"https:\/\/dorogimedence.hu\/index.php\/wp-json\/wp\/v2\/types\/post"}],"author":[{"embeddable":true,"href":"https:\/\/dorogimedence.hu\/index.php\/wp-json\/wp\/v2\/users\/1"}],"replies":[{"embeddable":true,"href":"https:\/\/dorogimedence.hu\/index.php\/wp-json\/wp\/v2\/comments?post=73938"}],"version-history":[{"count":0,"href":"https:\/\/dorogimedence.hu\/index.php\/wp-json\/wp\/v2\/posts\/73938\/revisions"}],"wp:featuredmedia":[{"embeddable":true,"href":"https:\/\/dorogimedence.hu\/index.php\/wp-json\/wp\/v2\/media\/73939"}],"wp:attachment":[{"href":"https:\/\/dorogimedence.hu\/index.php\/wp-json\/wp\/v2\/media?parent=73938"}],"wp:term":[{"taxonomy":"category","embeddable":true,"href":"https:\/\/dorogimedence.hu\/index.php\/wp-json\/wp\/v2\/categories?post=73938"},{"taxonomy":"post_tag","embeddable":true,"href":"https:\/\/dorogimedence.hu\/index.php\/wp-json\/wp\/v2\/tags?post=73938"}],"curies":[{"name":"wp","href":"https:\/\/api.w.org\/{rel}","templated":true}]}}