{"id":73700,"date":"2025-08-27T14:17:33","date_gmt":"2025-08-27T12:17:33","guid":{"rendered":"https:\/\/dorogimedence.hu\/?p=73700"},"modified":"2025-08-27T14:17:33","modified_gmt":"2025-08-27T12:17:33","slug":"indiaban-epiti-fel-legfobb-elektromosauto-gyarat-a-suzuki-de-esztergom-is-jol-jar","status":"publish","type":"post","link":"https:\/\/dorogimedence.hu\/index.php\/2025\/08\/27\/indiaban-epiti-fel-legfobb-elektromosauto-gyarat-a-suzuki-de-esztergom-is-jol-jar\/","title":{"rendered":"Indi\u00e1ban \u00e9p\u00edti fel legf\u0151bb elektromosaut\u00f3-gy\u00e1r\u00e1t a Suzuki, de Esztergom is j\u00f3l j\u00e1r"},"content":{"rendered":"<p><strong>A Suzuki Motor bejelentette, hogy az elk\u00f6vetkez\u0151 \u00f6t-hat \u00e9vben 8 milli\u00e1rd doll\u00e1rnak megfelel\u0151 \u00f6sszeget fektet be Indi\u00e1ban, mik\u00f6zben megindult az e-Vitara nev\u0171 k\u00f6zepes m\u00e9ret\u0171 elektromos aut\u00f3 gy\u00e1rt\u00e1sa<\/strong> <em>&#8211; \u00edrja az <a href=\"https:\/\/autopro.hu\/gyartok\/oriasi-fejleszteseket-jelentett-be-a-suzuki\/1449906\" target=\"_blank\" rel=\"noopener\"><span style=\"text-decoration: underline; color: #0000ff;\">autoapro.hu<\/span><\/a><\/em><\/p>\n<div>\n<p>A Suzuki c\u00e9lja, hogy megv\u00e9dje vezet\u0151 szerep\u00e9t a vil\u00e1g harmadik legnagyobb aut\u00f3piac\u00e1n, amely egyben a legnagyobb piaca az \u00e9rt\u00e9kes\u00edt\u00e9s \u00e9s a bev\u00e9tel tekintet\u00e9ben is, h\u00e1la a Maruti Suzukiban l\u00e9v\u0151 t\u00f6bbs\u00e9gi r\u00e9szesed\u00e9s\u00e9nek.<\/p>\n<p>A fejleszt\u00e9sek nyom\u00e1n India lesz a Suzuki Motor elektromos aut\u00f3inak glob\u00e1lis gy\u00e1rt\u00e1si k\u00f6zpontja, a tervek szerint 100 orsz\u00e1gba export\u00e1lnak majd j\u00e1rm\u0171veket, bele\u00e9rtve Jap\u00e1nt \u00e9s az eur\u00f3pai piacokat is, az elektromos j\u00e1rm\u0171vek \u00e9rt\u00e9kes\u00edt\u00e9s\u00e9nek lassul\u00e1sa ellen\u00e9re.<\/p>\n<h3>Elindult az elektromos Suzukik gy\u00e1rt\u00e1sa<\/h3>\n<p>A Maruti gudzsar\u00e1ti \u00fczem\u00e9ben augusztus 26-\u00e1n kezd\u0151d\u00f6tt meg a k\u00f6zepes m\u00e9ret\u0171 e-Vitara gy\u00e1rt\u00e1sa. A tervek szerint \u00fczem a vil\u00e1g egyik legnagyobb aut\u00f3gy\u00e1rt\u00f3 k\u00f6zpontj\u00e1v\u00e1 v\u00e1lik, a tervezett 1 milli\u00f3 darabos kapacit\u00e1ssal <em>\u2013 mondta Toshihiro Suzuki, a Suzuki Motor eln\u00f6ke.<\/em><\/p>\n<p>A gy\u00e1rt\u00e1s beind\u00edt\u00e1s\u00e1hoz kapcsol\u00f3d\u00f3 rendezv\u00e9nyen r\u00e9szt vett Narendra Modi indiai minisztereln\u00f6k is, aki azt mondta, hogy az \u00fczem \u201enagy ugr\u00e1s\u201d a korm\u00e1ny \u201eMake in India\u201d c\u00e9lkit\u0171z\u00e9se fel\u00e9. Modi, aki a j\u00f6v\u0151 h\u00e9ten Jap\u00e1nba l\u00e1togat, a Marutit eml\u00edtette nagyszer\u0171 p\u00e9ldak\u00e9nt az India \u00e9s Jap\u00e1n k\u00f6z\u00f6tti er\u0151s \u00fczleti \u00e9s szem\u00e9lyes kapcsolatokra <em>\u2013 \u00edrja a Reuters.<\/em><\/p>\n<p>A Suzuki gy\u00e1rt\u00e1sfejleszt\u00e9si \u00e9s energiahat\u00e9konys\u00e1gi beruh\u00e1z\u00e1sa nyom\u00e1n tov\u00e1bb javul a jap\u00e1n aut\u00f3gy\u00e1rt\u00f3 esztergomi \u00fczem\u00e9nek versenyk\u00e9pess\u00e9ge, \u00e9s ez\u00e1ltal tov\u00e1bb er\u0151s\u00f6dik Magyarorsz\u00e1g vezet\u0151 szerepe is a glob\u00e1lis aut\u00f3iparban \u2013 k\u00f6z\u00f6lte a t\u00e1rca t\u00e1j\u00e9koztat\u00e1sa szerint Szijj\u00e1rt\u00f3 P\u00e9ter k\u00fclgazdas\u00e1gi \u00e9s k\u00fcl\u00fcgyminiszter Esztergomban.<\/p>\n<p>A Suzuki 2025-\u00f6s fejleszt\u00e9sei k\u00f6z\u00f6tt kiemelkedik a Suzuki gy\u00e1rt\u00e1sfejleszt\u00e9si \u00e9s energiahat\u00e9konys\u00e1gi beruh\u00e1z\u00e1sa Esztergomban. Az \u00e1llam 1,9 milli\u00e1rd forint t\u00e1mogat\u00e1st adott a jap\u00e1n aut\u00f3gy\u00e1rt\u00f3 t\u00f6bb mint kilencmilli\u00e1rd forintnyi \u00e9rt\u00e9k\u0171 projektj\u00e9hez, amelynek keret\u00e9ben b\u0151v\u00edtett\u00e9k a l\u00f6kh\u00e1r\u00edt\u00f3-, a fest\u0151- \u00e9s a hegeszt\u0151\u00fczem kapacit\u00e1s\u00e1t, illetve nagy l\u00e9p\u00e9st tettek a l\u00e9tes\u00edtm\u00e9ny karbonsemleges m\u0171k\u00f6d\u00e9se fel\u00e9 <em>&#8211; \u00edrja a <a href=\"https:\/\/www.vg.hu\/nemzetkozi-gazdasag\/2025\/08\/suzuki-elektromosauto-gyar-india\" target=\"_blank\" rel=\"noopener\"><span style=\"text-decoration: underline; color: #0000ff;\">vg.hu<\/span><\/a><\/em><\/p>\n<p><em>Forr\u00e1s: autoapro.hu \/ vg.hu \/ Reuters<br \/>\nBor\u00edt\u00f3k\u00e9p: Magyar Suzuki<\/em><\/p>\n<\/div>\n","protected":false},"excerpt":{"rendered":"<p>A Suzuki Motor bejelentette, hogy az elk\u00f6vetkez\u0151 \u00f6t-hat \u00e9vben 8 milli\u00e1rd doll\u00e1rnak megfelel\u0151 \u00f6sszeget fektet be Indi\u00e1ban, mik\u00f6zben megindult az e-Vitara nev\u0171 k\u00f6zepes m\u00e9ret\u0171 elektromos aut\u00f3 gy\u00e1rt\u00e1sa &#8211; \u00edrja az autoapro.hu A Suzuki c\u00e9lja, hogy megv\u00e9dje vezet\u0151 szerep\u00e9t a vil\u00e1g harmadik legnagyobb aut\u00f3piac\u00e1n, amely egyben a legnagyobb piaca az \u00e9rt\u00e9kes\u00edt\u00e9s \u00e9s a bev\u00e9tel tekintet\u00e9ben is,<\/p>\n","protected":false},"author":1,"featured_media":73101,"comment_status":"closed","ping_status":"closed","sticky":false,"template":"","format":"standard","meta":{"ngg_post_thumbnail":0,"footnotes":""},"categories":[38,3],"tags":[42,261],"class_list":{"0":"post-73700","1":"post","2":"type-post","3":"status-publish","4":"format-standard","5":"has-post-thumbnail","7":"category-esztergom","8":"category-hirek","9":"tag-esztergom","10":"tag-suzuki"},"yoast_head":"<!-- This site is optimized with the Yoast SEO plugin v27.4 - https:\/\/yoast.com\/product\/yoast-seo-wordpress\/ -->\n<title>Indi\u00e1ban \u00e9p\u00edti fel legf\u0151bb elektromosaut\u00f3-gy\u00e1r\u00e1t a Suzuki, de Esztergom is j\u00f3l j\u00e1r<\/title>\n<meta name=\"robots\" content=\"index, follow, max-snippet:-1, max-image-preview:large, max-video-preview:-1\" \/>\n<link rel=\"canonical\" href=\"https:\/\/dorogimedence.hu\/index.php\/2025\/08\/27\/indiaban-epiti-fel-legfobb-elektromosauto-gyarat-a-suzuki-de-esztergom-is-jol-jar\/\" class=\"yoast-seo-meta-tag\" \/>\n<meta property=\"og:locale\" content=\"hu_HU\" class=\"yoast-seo-meta-tag\" \/>\n<meta property=\"og:type\" content=\"article\" class=\"yoast-seo-meta-tag\" \/>\n<meta property=\"og:title\" content=\"Indi\u00e1ban \u00e9p\u00edti fel legf\u0151bb elektromosaut\u00f3-gy\u00e1r\u00e1t a Suzuki, de Esztergom is j\u00f3l j\u00e1r\" class=\"yoast-seo-meta-tag\" \/>\n<meta property=\"og:description\" content=\"A Suzuki Motor bejelentette, hogy az elk\u00f6vetkez\u0151 \u00f6t-hat \u00e9vben 8 milli\u00e1rd doll\u00e1rnak megfelel\u0151 \u00f6sszeget fektet be Indi\u00e1ban, mik\u00f6zben megindult az e-Vitara nev\u0171 k\u00f6zepes m\u00e9ret\u0171 elektromos aut\u00f3 gy\u00e1rt\u00e1sa &#8211; \u00edrja az autoapro.hu A Suzuki c\u00e9lja, hogy megv\u00e9dje vezet\u0151 szerep\u00e9t a vil\u00e1g harmadik legnagyobb aut\u00f3piac\u00e1n, amely egyben a legnagyobb piaca az \u00e9rt\u00e9kes\u00edt\u00e9s \u00e9s a bev\u00e9tel tekintet\u00e9ben is,\" class=\"yoast-seo-meta-tag\" \/>\n<meta property=\"og:url\" content=\"https:\/\/dorogimedence.hu\/index.php\/2025\/08\/27\/indiaban-epiti-fel-legfobb-elektromosauto-gyarat-a-suzuki-de-esztergom-is-jol-jar\/\" class=\"yoast-seo-meta-tag\" \/>\n<meta property=\"og:site_name\" content=\"Dorogi-medence Region\u00e1lis H\u00edrport\u00e1l\" class=\"yoast-seo-meta-tag\" \/>\n<meta property=\"article:publisher\" content=\"https:\/\/www.facebook.com\/dorogimedence\/\" class=\"yoast-seo-meta-tag\" \/>\n<meta property=\"article:published_time\" content=\"2025-08-27T12:17:33+00:00\" class=\"yoast-seo-meta-tag\" \/>\n<meta property=\"og:image\" content=\"https:\/\/dorogimedence.hu\/wp-content\/uploads\/2025\/07\/suzuki-04.jpg\" class=\"yoast-seo-meta-tag\" \/>\n\t<meta property=\"og:image:width\" content=\"1920\" class=\"yoast-seo-meta-tag\" \/>\n\t<meta property=\"og:image:height\" content=\"1280\" class=\"yoast-seo-meta-tag\" \/>\n\t<meta property=\"og:image:type\" content=\"image\/jpeg\" class=\"yoast-seo-meta-tag\" \/>\n<meta name=\"author\" content=\"dorogimedence.hu\" class=\"yoast-seo-meta-tag\" \/>\n<meta name=\"twitter:card\" content=\"summary_large_image\" class=\"yoast-seo-meta-tag\" \/>\n<meta name=\"twitter:label1\" content=\"Szerz\u0151:\" class=\"yoast-seo-meta-tag\" \/>\n\t<meta name=\"twitter:data1\" content=\"dorogimedence.hu\" class=\"yoast-seo-meta-tag\" \/>\n\t<meta name=\"twitter:label2\" content=\"Becs\u00fclt olvas\u00e1si id\u0151\" class=\"yoast-seo-meta-tag\" \/>\n\t<meta name=\"twitter:data2\" content=\"2 perc\" class=\"yoast-seo-meta-tag\" \/>\n<script type=\"application\/ld+json\" class=\"yoast-schema-graph\">{\"@context\":\"https:\\\/\\\/schema.org\",\"@graph\":[{\"@type\":\"Article\",\"@id\":\"https:\\\/\\\/dorogimedence.hu\\\/index.php\\\/2025\\\/08\\\/27\\\/indiaban-epiti-fel-legfobb-elektromosauto-gyarat-a-suzuki-de-esztergom-is-jol-jar\\\/#article\",\"isPartOf\":{\"@id\":\"https:\\\/\\\/dorogimedence.hu\\\/index.php\\\/2025\\\/08\\\/27\\\/indiaban-epiti-fel-legfobb-elektromosauto-gyarat-a-suzuki-de-esztergom-is-jol-jar\\\/\"},\"author\":{\"name\":\"dorogimedence.hu\",\"@id\":\"https:\\\/\\\/dorogimedence.hu\\\/#\\\/schema\\\/person\\\/ce6091eeb7e95ecdc87890d6aa8e0fd4\"},\"headline\":\"Indi\u00e1ban \u00e9p\u00edti fel legf\u0151bb elektromosaut\u00f3-gy\u00e1r\u00e1t a Suzuki, de Esztergom is j\u00f3l j\u00e1r\",\"datePublished\":\"2025-08-27T12:17:33+00:00\",\"mainEntityOfPage\":{\"@id\":\"https:\\\/\\\/dorogimedence.hu\\\/index.php\\\/2025\\\/08\\\/27\\\/indiaban-epiti-fel-legfobb-elektromosauto-gyarat-a-suzuki-de-esztergom-is-jol-jar\\\/\"},\"wordCount\":480,\"publisher\":{\"@id\":\"https:\\\/\\\/dorogimedence.hu\\\/#organization\"},\"image\":{\"@id\":\"https:\\\/\\\/dorogimedence.hu\\\/index.php\\\/2025\\\/08\\\/27\\\/indiaban-epiti-fel-legfobb-elektromosauto-gyarat-a-suzuki-de-esztergom-is-jol-jar\\\/#primaryimage\"},\"thumbnailUrl\":\"https:\\\/\\\/dorogimedence.hu\\\/wp-content\\\/uploads\\\/2025\\\/07\\\/suzuki-04.jpg\",\"keywords\":[\"esztergom\",\"Suzuki\"],\"articleSection\":[\"Esztergom\",\"H\u00edrek\"],\"inLanguage\":\"hu\"},{\"@type\":\"WebPage\",\"@id\":\"https:\\\/\\\/dorogimedence.hu\\\/index.php\\\/2025\\\/08\\\/27\\\/indiaban-epiti-fel-legfobb-elektromosauto-gyarat-a-suzuki-de-esztergom-is-jol-jar\\\/\",\"url\":\"https:\\\/\\\/dorogimedence.hu\\\/index.php\\\/2025\\\/08\\\/27\\\/indiaban-epiti-fel-legfobb-elektromosauto-gyarat-a-suzuki-de-esztergom-is-jol-jar\\\/\",\"name\":\"Indi\u00e1ban \u00e9p\u00edti fel legf\u0151bb elektromosaut\u00f3-gy\u00e1r\u00e1t a Suzuki, de Esztergom is j\u00f3l j\u00e1r\",\"isPartOf\":{\"@id\":\"https:\\\/\\\/dorogimedence.hu\\\/#website\"},\"primaryImageOfPage\":{\"@id\":\"https:\\\/\\\/dorogimedence.hu\\\/index.php\\\/2025\\\/08\\\/27\\\/indiaban-epiti-fel-legfobb-elektromosauto-gyarat-a-suzuki-de-esztergom-is-jol-jar\\\/#primaryimage\"},\"image\":{\"@id\":\"https:\\\/\\\/dorogimedence.hu\\\/index.php\\\/2025\\\/08\\\/27\\\/indiaban-epiti-fel-legfobb-elektromosauto-gyarat-a-suzuki-de-esztergom-is-jol-jar\\\/#primaryimage\"},\"thumbnailUrl\":\"https:\\\/\\\/dorogimedence.hu\\\/wp-content\\\/uploads\\\/2025\\\/07\\\/suzuki-04.jpg\",\"datePublished\":\"2025-08-27T12:17:33+00:00\",\"breadcrumb\":{\"@id\":\"https:\\\/\\\/dorogimedence.hu\\\/index.php\\\/2025\\\/08\\\/27\\\/indiaban-epiti-fel-legfobb-elektromosauto-gyarat-a-suzuki-de-esztergom-is-jol-jar\\\/#breadcrumb\"},\"inLanguage\":\"hu\",\"potentialAction\":[{\"@type\":\"ReadAction\",\"target\":[\"https:\\\/\\\/dorogimedence.hu\\\/index.php\\\/2025\\\/08\\\/27\\\/indiaban-epiti-fel-legfobb-elektromosauto-gyarat-a-suzuki-de-esztergom-is-jol-jar\\\/\"]}]},{\"@type\":\"ImageObject\",\"inLanguage\":\"hu\",\"@id\":\"https:\\\/\\\/dorogimedence.hu\\\/index.php\\\/2025\\\/08\\\/27\\\/indiaban-epiti-fel-legfobb-elektromosauto-gyarat-a-suzuki-de-esztergom-is-jol-jar\\\/#primaryimage\",\"url\":\"https:\\\/\\\/dorogimedence.hu\\\/wp-content\\\/uploads\\\/2025\\\/07\\\/suzuki-04.jpg\",\"contentUrl\":\"https:\\\/\\\/dorogimedence.hu\\\/wp-content\\\/uploads\\\/2025\\\/07\\\/suzuki-04.jpg\",\"width\":1920,\"height\":1280},{\"@type\":\"BreadcrumbList\",\"@id\":\"https:\\\/\\\/dorogimedence.hu\\\/index.php\\\/2025\\\/08\\\/27\\\/indiaban-epiti-fel-legfobb-elektromosauto-gyarat-a-suzuki-de-esztergom-is-jol-jar\\\/#breadcrumb\",\"itemListElement\":[{\"@type\":\"ListItem\",\"position\":1,\"name\":\"Kezd\u0151lap\",\"item\":\"https:\\\/\\\/dorogimedence.hu\\\/\"},{\"@type\":\"ListItem\",\"position\":2,\"name\":\"Indi\u00e1ban \u00e9p\u00edti fel legf\u0151bb elektromosaut\u00f3-gy\u00e1r\u00e1t a Suzuki, de Esztergom is j\u00f3l j\u00e1r\"}]},{\"@type\":\"WebSite\",\"@id\":\"https:\\\/\\\/dorogimedence.hu\\\/#website\",\"url\":\"https:\\\/\\\/dorogimedence.hu\\\/\",\"name\":\"Dorogi-medence Region\u00e1lis H\u00edrport\u00e1l\",\"description\":\"Dorog, Keszt\u00f6lc, Le\u00e1nyv\u00e1r, Piliscs\u00e9v, Tokod, Tokodalt\u00e1r\u00f3, Csolnok, Esztergom-kertv\u00e1ros: h\u00edrek, programok\",\"publisher\":{\"@id\":\"https:\\\/\\\/dorogimedence.hu\\\/#organization\"},\"potentialAction\":[{\"@type\":\"SearchAction\",\"target\":{\"@type\":\"EntryPoint\",\"urlTemplate\":\"https:\\\/\\\/dorogimedence.hu\\\/?s={search_term_string}\"},\"query-input\":{\"@type\":\"PropertyValueSpecification\",\"valueRequired\":true,\"valueName\":\"search_term_string\"}}],\"inLanguage\":\"hu\"},{\"@type\":\"Organization\",\"@id\":\"https:\\\/\\\/dorogimedence.hu\\\/#organization\",\"name\":\"Dorogi-medence Region\u00e1lis H\u00edrport\u00e1l\",\"url\":\"https:\\\/\\\/dorogimedence.hu\\\/\",\"logo\":{\"@type\":\"ImageObject\",\"inLanguage\":\"hu\",\"@id\":\"https:\\\/\\\/dorogimedence.hu\\\/#\\\/schema\\\/logo\\\/image\\\/\",\"url\":\"https:\\\/\\\/dorogimedence.hu\\\/wp-content\\\/uploads\\\/2021\\\/04\\\/logo-feher-600.png\",\"contentUrl\":\"https:\\\/\\\/dorogimedence.hu\\\/wp-content\\\/uploads\\\/2021\\\/04\\\/logo-feher-600.png\",\"width\":600,\"height\":100,\"caption\":\"Dorogi-medence Region\u00e1lis H\u00edrport\u00e1l\"},\"image\":{\"@id\":\"https:\\\/\\\/dorogimedence.hu\\\/#\\\/schema\\\/logo\\\/image\\\/\"},\"sameAs\":[\"https:\\\/\\\/www.facebook.com\\\/dorogimedence\\\/\"]},{\"@type\":\"Person\",\"@id\":\"https:\\\/\\\/dorogimedence.hu\\\/#\\\/schema\\\/person\\\/ce6091eeb7e95ecdc87890d6aa8e0fd4\",\"name\":\"dorogimedence.hu\",\"image\":{\"@type\":\"ImageObject\",\"inLanguage\":\"hu\",\"@id\":\"\\\/\\\/www.gravatar.com\\\/avatar\\\/d8d45f8901aadff40a4af72c0b826f1d?s=96&#038;r=g&#038;d=mm\",\"url\":\"\\\/\\\/www.gravatar.com\\\/avatar\\\/d8d45f8901aadff40a4af72c0b826f1d?s=96&#038;r=g&#038;d=mm\",\"contentUrl\":\"\\\/\\\/www.gravatar.com\\\/avatar\\\/d8d45f8901aadff40a4af72c0b826f1d?s=96&#038;r=g&#038;d=mm\",\"caption\":\"dorogimedence.hu\"}}]}<\/script>\n<!-- \/ Yoast SEO plugin. -->","yoast_head_json":{"title":"Indi\u00e1ban \u00e9p\u00edti fel legf\u0151bb elektromosaut\u00f3-gy\u00e1r\u00e1t a Suzuki, de Esztergom is j\u00f3l j\u00e1r","robots":{"index":"index","follow":"follow","max-snippet":"max-snippet:-1","max-image-preview":"max-image-preview:large","max-video-preview":"max-video-preview:-1"},"canonical":"https:\/\/dorogimedence.hu\/index.php\/2025\/08\/27\/indiaban-epiti-fel-legfobb-elektromosauto-gyarat-a-suzuki-de-esztergom-is-jol-jar\/","og_locale":"hu_HU","og_type":"article","og_title":"Indi\u00e1ban \u00e9p\u00edti fel legf\u0151bb elektromosaut\u00f3-gy\u00e1r\u00e1t a Suzuki, de Esztergom is j\u00f3l j\u00e1r","og_description":"A Suzuki Motor bejelentette, hogy az elk\u00f6vetkez\u0151 \u00f6t-hat \u00e9vben 8 milli\u00e1rd doll\u00e1rnak megfelel\u0151 \u00f6sszeget fektet be Indi\u00e1ban, mik\u00f6zben megindult az e-Vitara nev\u0171 k\u00f6zepes m\u00e9ret\u0171 elektromos aut\u00f3 gy\u00e1rt\u00e1sa &#8211; \u00edrja az autoapro.hu A Suzuki c\u00e9lja, hogy megv\u00e9dje vezet\u0151 szerep\u00e9t a vil\u00e1g harmadik legnagyobb aut\u00f3piac\u00e1n, amely egyben a legnagyobb piaca az \u00e9rt\u00e9kes\u00edt\u00e9s \u00e9s a bev\u00e9tel tekintet\u00e9ben is,","og_url":"https:\/\/dorogimedence.hu\/index.php\/2025\/08\/27\/indiaban-epiti-fel-legfobb-elektromosauto-gyarat-a-suzuki-de-esztergom-is-jol-jar\/","og_site_name":"Dorogi-medence Region\u00e1lis H\u00edrport\u00e1l","article_publisher":"https:\/\/www.facebook.com\/dorogimedence\/","article_published_time":"2025-08-27T12:17:33+00:00","og_image":[{"width":1920,"height":1280,"url":"https:\/\/dorogimedence.hu\/wp-content\/uploads\/2025\/07\/suzuki-04.jpg","type":"image\/jpeg"}],"author":"dorogimedence.hu","twitter_card":"summary_large_image","twitter_misc":{"Szerz\u0151:":"dorogimedence.hu","Becs\u00fclt olvas\u00e1si id\u0151":"2 perc"},"schema":{"@context":"https:\/\/schema.org","@graph":[{"@type":"Article","@id":"https:\/\/dorogimedence.hu\/index.php\/2025\/08\/27\/indiaban-epiti-fel-legfobb-elektromosauto-gyarat-a-suzuki-de-esztergom-is-jol-jar\/#article","isPartOf":{"@id":"https:\/\/dorogimedence.hu\/index.php\/2025\/08\/27\/indiaban-epiti-fel-legfobb-elektromosauto-gyarat-a-suzuki-de-esztergom-is-jol-jar\/"},"author":{"name":"dorogimedence.hu","@id":"https:\/\/dorogimedence.hu\/#\/schema\/person\/ce6091eeb7e95ecdc87890d6aa8e0fd4"},"headline":"Indi\u00e1ban \u00e9p\u00edti fel legf\u0151bb elektromosaut\u00f3-gy\u00e1r\u00e1t a Suzuki, de Esztergom is j\u00f3l j\u00e1r","datePublished":"2025-08-27T12:17:33+00:00","mainEntityOfPage":{"@id":"https:\/\/dorogimedence.hu\/index.php\/2025\/08\/27\/indiaban-epiti-fel-legfobb-elektromosauto-gyarat-a-suzuki-de-esztergom-is-jol-jar\/"},"wordCount":480,"publisher":{"@id":"https:\/\/dorogimedence.hu\/#organization"},"image":{"@id":"https:\/\/dorogimedence.hu\/index.php\/2025\/08\/27\/indiaban-epiti-fel-legfobb-elektromosauto-gyarat-a-suzuki-de-esztergom-is-jol-jar\/#primaryimage"},"thumbnailUrl":"https:\/\/dorogimedence.hu\/wp-content\/uploads\/2025\/07\/suzuki-04.jpg","keywords":["esztergom","Suzuki"],"articleSection":["Esztergom","H\u00edrek"],"inLanguage":"hu"},{"@type":"WebPage","@id":"https:\/\/dorogimedence.hu\/index.php\/2025\/08\/27\/indiaban-epiti-fel-legfobb-elektromosauto-gyarat-a-suzuki-de-esztergom-is-jol-jar\/","url":"https:\/\/dorogimedence.hu\/index.php\/2025\/08\/27\/indiaban-epiti-fel-legfobb-elektromosauto-gyarat-a-suzuki-de-esztergom-is-jol-jar\/","name":"Indi\u00e1ban \u00e9p\u00edti fel legf\u0151bb elektromosaut\u00f3-gy\u00e1r\u00e1t a Suzuki, de Esztergom is j\u00f3l j\u00e1r","isPartOf":{"@id":"https:\/\/dorogimedence.hu\/#website"},"primaryImageOfPage":{"@id":"https:\/\/dorogimedence.hu\/index.php\/2025\/08\/27\/indiaban-epiti-fel-legfobb-elektromosauto-gyarat-a-suzuki-de-esztergom-is-jol-jar\/#primaryimage"},"image":{"@id":"https:\/\/dorogimedence.hu\/index.php\/2025\/08\/27\/indiaban-epiti-fel-legfobb-elektromosauto-gyarat-a-suzuki-de-esztergom-is-jol-jar\/#primaryimage"},"thumbnailUrl":"https:\/\/dorogimedence.hu\/wp-content\/uploads\/2025\/07\/suzuki-04.jpg","datePublished":"2025-08-27T12:17:33+00:00","breadcrumb":{"@id":"https:\/\/dorogimedence.hu\/index.php\/2025\/08\/27\/indiaban-epiti-fel-legfobb-elektromosauto-gyarat-a-suzuki-de-esztergom-is-jol-jar\/#breadcrumb"},"inLanguage":"hu","potentialAction":[{"@type":"ReadAction","target":["https:\/\/dorogimedence.hu\/index.php\/2025\/08\/27\/indiaban-epiti-fel-legfobb-elektromosauto-gyarat-a-suzuki-de-esztergom-is-jol-jar\/"]}]},{"@type":"ImageObject","inLanguage":"hu","@id":"https:\/\/dorogimedence.hu\/index.php\/2025\/08\/27\/indiaban-epiti-fel-legfobb-elektromosauto-gyarat-a-suzuki-de-esztergom-is-jol-jar\/#primaryimage","url":"https:\/\/dorogimedence.hu\/wp-content\/uploads\/2025\/07\/suzuki-04.jpg","contentUrl":"https:\/\/dorogimedence.hu\/wp-content\/uploads\/2025\/07\/suzuki-04.jpg","width":1920,"height":1280},{"@type":"BreadcrumbList","@id":"https:\/\/dorogimedence.hu\/index.php\/2025\/08\/27\/indiaban-epiti-fel-legfobb-elektromosauto-gyarat-a-suzuki-de-esztergom-is-jol-jar\/#breadcrumb","itemListElement":[{"@type":"ListItem","position":1,"name":"Kezd\u0151lap","item":"https:\/\/dorogimedence.hu\/"},{"@type":"ListItem","position":2,"name":"Indi\u00e1ban \u00e9p\u00edti fel legf\u0151bb elektromosaut\u00f3-gy\u00e1r\u00e1t a Suzuki, de Esztergom is j\u00f3l j\u00e1r"}]},{"@type":"WebSite","@id":"https:\/\/dorogimedence.hu\/#website","url":"https:\/\/dorogimedence.hu\/","name":"Dorogi-medence Region\u00e1lis H\u00edrport\u00e1l","description":"Dorog, Keszt\u00f6lc, Le\u00e1nyv\u00e1r, Piliscs\u00e9v, Tokod, Tokodalt\u00e1r\u00f3, Csolnok, Esztergom-kertv\u00e1ros: h\u00edrek, programok","publisher":{"@id":"https:\/\/dorogimedence.hu\/#organization"},"potentialAction":[{"@type":"SearchAction","target":{"@type":"EntryPoint","urlTemplate":"https:\/\/dorogimedence.hu\/?s={search_term_string}"},"query-input":{"@type":"PropertyValueSpecification","valueRequired":true,"valueName":"search_term_string"}}],"inLanguage":"hu"},{"@type":"Organization","@id":"https:\/\/dorogimedence.hu\/#organization","name":"Dorogi-medence Region\u00e1lis H\u00edrport\u00e1l","url":"https:\/\/dorogimedence.hu\/","logo":{"@type":"ImageObject","inLanguage":"hu","@id":"https:\/\/dorogimedence.hu\/#\/schema\/logo\/image\/","url":"https:\/\/dorogimedence.hu\/wp-content\/uploads\/2021\/04\/logo-feher-600.png","contentUrl":"https:\/\/dorogimedence.hu\/wp-content\/uploads\/2021\/04\/logo-feher-600.png","width":600,"height":100,"caption":"Dorogi-medence Region\u00e1lis H\u00edrport\u00e1l"},"image":{"@id":"https:\/\/dorogimedence.hu\/#\/schema\/logo\/image\/"},"sameAs":["https:\/\/www.facebook.com\/dorogimedence\/"]},{"@type":"Person","@id":"https:\/\/dorogimedence.hu\/#\/schema\/person\/ce6091eeb7e95ecdc87890d6aa8e0fd4","name":"dorogimedence.hu","image":{"@type":"ImageObject","inLanguage":"hu","@id":"\/\/www.gravatar.com\/avatar\/d8d45f8901aadff40a4af72c0b826f1d?s=96&#038;r=g&#038;d=mm","url":"\/\/www.gravatar.com\/avatar\/d8d45f8901aadff40a4af72c0b826f1d?s=96&#038;r=g&#038;d=mm","contentUrl":"\/\/www.gravatar.com\/avatar\/d8d45f8901aadff40a4af72c0b826f1d?s=96&#038;r=g&#038;d=mm","caption":"dorogimedence.hu"}}]}},"_links":{"self":[{"href":"https:\/\/dorogimedence.hu\/index.php\/wp-json\/wp\/v2\/posts\/73700","targetHints":{"allow":["GET"]}}],"collection":[{"href":"https:\/\/dorogimedence.hu\/index.php\/wp-json\/wp\/v2\/posts"}],"about":[{"href":"https:\/\/dorogimedence.hu\/index.php\/wp-json\/wp\/v2\/types\/post"}],"author":[{"embeddable":true,"href":"https:\/\/dorogimedence.hu\/index.php\/wp-json\/wp\/v2\/users\/1"}],"replies":[{"embeddable":true,"href":"https:\/\/dorogimedence.hu\/index.php\/wp-json\/wp\/v2\/comments?post=73700"}],"version-history":[{"count":0,"href":"https:\/\/dorogimedence.hu\/index.php\/wp-json\/wp\/v2\/posts\/73700\/revisions"}],"wp:featuredmedia":[{"embeddable":true,"href":"https:\/\/dorogimedence.hu\/index.php\/wp-json\/wp\/v2\/media\/73101"}],"wp:attachment":[{"href":"https:\/\/dorogimedence.hu\/index.php\/wp-json\/wp\/v2\/media?parent=73700"}],"wp:term":[{"taxonomy":"category","embeddable":true,"href":"https:\/\/dorogimedence.hu\/index.php\/wp-json\/wp\/v2\/categories?post=73700"},{"taxonomy":"post_tag","embeddable":true,"href":"https:\/\/dorogimedence.hu\/index.php\/wp-json\/wp\/v2\/tags?post=73700"}],"curies":[{"name":"wp","href":"https:\/\/api.w.org\/{rel}","templated":true}]}}