{"id":73634,"date":"2025-08-25T12:20:43","date_gmt":"2025-08-25T10:20:43","guid":{"rendered":"https:\/\/dorogimedence.hu\/?p=73634"},"modified":"2025-08-25T12:20:43","modified_gmt":"2025-08-25T10:20:43","slug":"magyar-voroskereszt-csalok-hirdetnek-hamis-termekeket-cukorbetegeknek","status":"publish","type":"post","link":"https:\/\/dorogimedence.hu\/index.php\/2025\/08\/25\/magyar-voroskereszt-csalok-hirdetnek-hamis-termekeket-cukorbetegeknek\/","title":{"rendered":"Magyar V\u00f6r\u00f6skereszt: csal\u00f3k hirdetnek hamis term\u00e9keket cukorbetegeknek"},"content":{"rendered":"<p><strong>A Magyar V\u00f6r\u00f6skereszt tudom\u00e1s\u00e1ra jutott, hogy ismeretlen szem\u00e9lyek a szervezet nev\u00e9vel \u00e9s jogszab\u00e1lyokban is v\u00e9dett embl\u00e9m\u00e1j\u00e1val \u00e9lnek vissza. A csal\u00f3k cukorbetegek r\u00e9sz\u00e9re hirdetnek term\u00e9ket, sz\u00e1mukra k\u00e9sz\u00edtett gy\u00f3gyszert az interneten kereszt\u00fcl a V\u00f6r\u00f6skereszt neve alatt.<\/strong><\/p>\n<p>A Magyar V\u00f6r\u00f6skereszt felh\u00edvja a lakoss\u00e1g figyelm\u00e9t, hogy a szervezet nem foglalkozik gy\u00f3gyszer-seg\u00e9lyez\u00e9ssel, nem kereskedik gy\u00f3gyszerekkel, \u00edgy kifejezetten cukorbetegek r\u00e9sz\u00e9re gy\u00e1rtott k\u00e9sz\u00edtm\u00e9nyekkel sem.<\/p>\n<p>A V\u00f6r\u00f6skereszt \u00e9s V\u00f6r\u00f6sf\u00e9lhold Nemzeti T\u00e1rsas\u00e1gok embl\u00e9m\u00e1j\u00e1nak haszn\u00e1lat\u00e1t a nemzetk\u00f6zin t\u00fal a hazai jog is szab\u00e1lyozza. Az elm\u00falt id\u0151szakban megn\u00f6vekedett sz\u00e1mban \u00e9rkeztek jelz\u00e9sek a Magyar V\u00f6r\u00f6skereszthez a v\u00f6r\u00f6s kereszt embl\u00e9m\u00e1val val\u00f3 vissza\u00e9l\u00e9sekr\u0151l, megt\u00e9veszt\u0151 hirdet\u00e9sek megjelen\u00e9s\u00e9r\u0151l. A szervezet mindenkit \u00f3vatoss\u00e1gra int a k\u00fcl\u00f6n\u00f6sen a k\u00f6z\u00f6ss\u00e9gim\u00e9dia-fel\u00fcleteken terjed\u0151, f\u00e9lrevezet\u0151 inform\u00e1ci\u00f3kkal kapcsolatban.<\/p>\n<p>Gyan\u00fat kelthet t\u00f6bbek k\u00f6z\u00f6tt, ha a posztot nem a Magyar V\u00f6r\u00f6skereszt vagy valamelyik m\u00e1sik hivatalos szervezet tette k\u00f6zz\u00e9, ha a kattinthat\u00f3 hivatkoz\u00e1s c\u00edme nem \u00e9rtelmezhet\u0151 vagy nem a hirdet\u00e9s t\u00e1rgy\u00e1val kapcsolatos, ha az embl\u00e9ma nem pontosan egyezik a hivatalos \u2013 feh\u00e9r alapon v\u00f6r\u00f6s kereszt \u2013 embl\u00e9m\u00e1val, vagy ha irre\u00e1lis \u00edg\u00e9reteket tartalmaz a sz\u00f6veg.<\/p>\n<p>A feh\u00e9r alapon v\u00f6r\u00f6s kereszt embl\u00e9ma v\u00e9delme mindannyiunk \u00e9rdeke \u00e9s felel\u0151ss\u00e9ge!<\/p>\n<p>K\u00e9rj\u00fck, legyen el\u0151vigy\u00e1zatos! Magyarorsz\u00e1g legnagyobb m\u00falttal rendelkez\u0151 humanit\u00e1rius szervezete minden esetben a hivatalos fel\u00fcletein teszi k\u00f6zz\u00e9 a h\u00edreit. Fontos, hogy minden esetben hiteles forr\u00e1sokb\u00f3l t\u00e1j\u00e9koz\u00f3djanak, a <a href=\"http:\/\/www.voroskereszt.hu\" target=\"_blank\" rel=\"noopener\"><span style=\"text-decoration: underline; color: #0000ff;\">www.voroskereszt.hu<\/span><\/a> oldalr\u00f3l vagy a szervezet k\u00f6z\u00f6ss\u00e9gim\u00e9dia-fel\u00fcleteir\u0151l.<\/p>\n<p>Amennyiben vissza\u00e9l\u00e9ssel tal\u00e1lkozik, k\u00e9rj\u00fck, jelezze azt a <a href=\"https:\/\/voroskereszt.hu\/rolunk\/elerhetosegeink\/\" target=\"_blank\" rel=\"noopener\"><span style=\"text-decoration: underline; color: #0000ff;\">Magyar V\u00f6r\u00f6skereszt hivatalos el\u00e9rhet\u0151s\u00e9gein<\/span><\/a> kereszt\u00fcl!<\/p>\n<p><em>Forr\u00e1s: Magyar V\u00f6r\u00f6skereszt<br \/>\nBor\u00edt\u00f3k\u00e9p: illusztr\u00e1ci\u00f3<\/em><\/p>\n","protected":false},"excerpt":{"rendered":"<p>A Magyar V\u00f6r\u00f6skereszt tudom\u00e1s\u00e1ra jutott, hogy ismeretlen szem\u00e9lyek a szervezet nev\u00e9vel \u00e9s jogszab\u00e1lyokban is v\u00e9dett embl\u00e9m\u00e1j\u00e1val \u00e9lnek vissza. A csal\u00f3k cukorbetegek r\u00e9sz\u00e9re hirdetnek term\u00e9ket, sz\u00e1mukra k\u00e9sz\u00edtett gy\u00f3gyszert az interneten kereszt\u00fcl a V\u00f6r\u00f6skereszt neve alatt. A Magyar V\u00f6r\u00f6skereszt felh\u00edvja a lakoss\u00e1g figyelm\u00e9t, hogy a szervezet nem foglalkozik gy\u00f3gyszer-seg\u00e9lyez\u00e9ssel, nem kereskedik gy\u00f3gyszerekkel, \u00edgy kifejezetten cukorbetegek r\u00e9sz\u00e9re gy\u00e1rtott<\/p>\n","protected":false},"author":1,"featured_media":73635,"comment_status":"closed","ping_status":"closed","sticky":false,"template":"","format":"standard","meta":{"ngg_post_thumbnail":0,"footnotes":""},"categories":[3],"tags":[904],"class_list":{"0":"post-73634","1":"post","2":"type-post","3":"status-publish","4":"format-standard","5":"has-post-thumbnail","7":"category-hirek","8":"tag-magyar-voroskereszt"},"yoast_head":"<!-- This site is optimized with the Yoast SEO plugin v27.5 - https:\/\/yoast.com\/product\/yoast-seo-wordpress\/ -->\n<title>Magyar V\u00f6r\u00f6skereszt: csal\u00f3k hirdetnek hamis term\u00e9keket cukorbetegeknek<\/title>\n<meta name=\"robots\" content=\"index, follow, max-snippet:-1, max-image-preview:large, max-video-preview:-1\" \/>\n<link rel=\"canonical\" href=\"https:\/\/dorogimedence.hu\/index.php\/2025\/08\/25\/magyar-voroskereszt-csalok-hirdetnek-hamis-termekeket-cukorbetegeknek\/\" class=\"yoast-seo-meta-tag\" \/>\n<meta property=\"og:locale\" content=\"hu_HU\" class=\"yoast-seo-meta-tag\" \/>\n<meta property=\"og:type\" content=\"article\" class=\"yoast-seo-meta-tag\" \/>\n<meta property=\"og:title\" content=\"Magyar V\u00f6r\u00f6skereszt: csal\u00f3k hirdetnek hamis term\u00e9keket cukorbetegeknek\" class=\"yoast-seo-meta-tag\" \/>\n<meta property=\"og:description\" content=\"A Magyar V\u00f6r\u00f6skereszt tudom\u00e1s\u00e1ra jutott, hogy ismeretlen szem\u00e9lyek a szervezet nev\u00e9vel \u00e9s jogszab\u00e1lyokban is v\u00e9dett embl\u00e9m\u00e1j\u00e1val \u00e9lnek vissza. A csal\u00f3k cukorbetegek r\u00e9sz\u00e9re hirdetnek term\u00e9ket, sz\u00e1mukra k\u00e9sz\u00edtett gy\u00f3gyszert az interneten kereszt\u00fcl a V\u00f6r\u00f6skereszt neve alatt. A Magyar V\u00f6r\u00f6skereszt felh\u00edvja a lakoss\u00e1g figyelm\u00e9t, hogy a szervezet nem foglalkozik gy\u00f3gyszer-seg\u00e9lyez\u00e9ssel, nem kereskedik gy\u00f3gyszerekkel, \u00edgy kifejezetten cukorbetegek r\u00e9sz\u00e9re gy\u00e1rtott\" class=\"yoast-seo-meta-tag\" \/>\n<meta property=\"og:url\" content=\"https:\/\/dorogimedence.hu\/index.php\/2025\/08\/25\/magyar-voroskereszt-csalok-hirdetnek-hamis-termekeket-cukorbetegeknek\/\" class=\"yoast-seo-meta-tag\" \/>\n<meta property=\"og:site_name\" content=\"Dorogi-medence Region\u00e1lis H\u00edrport\u00e1l\" class=\"yoast-seo-meta-tag\" \/>\n<meta property=\"article:publisher\" content=\"https:\/\/www.facebook.com\/dorogimedence\/\" class=\"yoast-seo-meta-tag\" \/>\n<meta property=\"article:published_time\" content=\"2025-08-25T10:20:43+00:00\" class=\"yoast-seo-meta-tag\" \/>\n<meta property=\"og:image\" content=\"https:\/\/dorogimedence.hu\/wp-content\/uploads\/2025\/08\/14190.jpg\" class=\"yoast-seo-meta-tag\" \/>\n\t<meta property=\"og:image:width\" content=\"1500\" class=\"yoast-seo-meta-tag\" \/>\n\t<meta property=\"og:image:height\" content=\"1001\" class=\"yoast-seo-meta-tag\" \/>\n\t<meta property=\"og:image:type\" content=\"image\/jpeg\" class=\"yoast-seo-meta-tag\" \/>\n<meta name=\"author\" content=\"dorogimedence.hu\" class=\"yoast-seo-meta-tag\" \/>\n<meta name=\"twitter:card\" content=\"summary_large_image\" class=\"yoast-seo-meta-tag\" \/>\n<meta name=\"twitter:label1\" content=\"Szerz\u0151:\" class=\"yoast-seo-meta-tag\" \/>\n\t<meta name=\"twitter:data1\" content=\"dorogimedence.hu\" class=\"yoast-seo-meta-tag\" \/>\n\t<meta name=\"twitter:label2\" content=\"Becs\u00fclt olvas\u00e1si id\u0151\" class=\"yoast-seo-meta-tag\" \/>\n\t<meta name=\"twitter:data2\" content=\"2 perc\" class=\"yoast-seo-meta-tag\" \/>\n<script type=\"application\/ld+json\" class=\"yoast-schema-graph\">{\"@context\":\"https:\\\/\\\/schema.org\",\"@graph\":[{\"@type\":\"Article\",\"@id\":\"https:\\\/\\\/dorogimedence.hu\\\/index.php\\\/2025\\\/08\\\/25\\\/magyar-voroskereszt-csalok-hirdetnek-hamis-termekeket-cukorbetegeknek\\\/#article\",\"isPartOf\":{\"@id\":\"https:\\\/\\\/dorogimedence.hu\\\/index.php\\\/2025\\\/08\\\/25\\\/magyar-voroskereszt-csalok-hirdetnek-hamis-termekeket-cukorbetegeknek\\\/\"},\"author\":{\"name\":\"dorogimedence.hu\",\"@id\":\"https:\\\/\\\/dorogimedence.hu\\\/#\\\/schema\\\/person\\\/ce6091eeb7e95ecdc87890d6aa8e0fd4\"},\"headline\":\"Magyar V\u00f6r\u00f6skereszt: csal\u00f3k hirdetnek hamis term\u00e9keket cukorbetegeknek\",\"datePublished\":\"2025-08-25T10:20:43+00:00\",\"mainEntityOfPage\":{\"@id\":\"https:\\\/\\\/dorogimedence.hu\\\/index.php\\\/2025\\\/08\\\/25\\\/magyar-voroskereszt-csalok-hirdetnek-hamis-termekeket-cukorbetegeknek\\\/\"},\"wordCount\":381,\"publisher\":{\"@id\":\"https:\\\/\\\/dorogimedence.hu\\\/#organization\"},\"image\":{\"@id\":\"https:\\\/\\\/dorogimedence.hu\\\/index.php\\\/2025\\\/08\\\/25\\\/magyar-voroskereszt-csalok-hirdetnek-hamis-termekeket-cukorbetegeknek\\\/#primaryimage\"},\"thumbnailUrl\":\"https:\\\/\\\/dorogimedence.hu\\\/wp-content\\\/uploads\\\/2025\\\/08\\\/14190.jpg\",\"keywords\":[\"Magyar V\u00f6r\u00f6skereszt\"],\"articleSection\":[\"H\u00edrek\"],\"inLanguage\":\"hu\"},{\"@type\":\"WebPage\",\"@id\":\"https:\\\/\\\/dorogimedence.hu\\\/index.php\\\/2025\\\/08\\\/25\\\/magyar-voroskereszt-csalok-hirdetnek-hamis-termekeket-cukorbetegeknek\\\/\",\"url\":\"https:\\\/\\\/dorogimedence.hu\\\/index.php\\\/2025\\\/08\\\/25\\\/magyar-voroskereszt-csalok-hirdetnek-hamis-termekeket-cukorbetegeknek\\\/\",\"name\":\"Magyar V\u00f6r\u00f6skereszt: csal\u00f3k hirdetnek hamis term\u00e9keket cukorbetegeknek\",\"isPartOf\":{\"@id\":\"https:\\\/\\\/dorogimedence.hu\\\/#website\"},\"primaryImageOfPage\":{\"@id\":\"https:\\\/\\\/dorogimedence.hu\\\/index.php\\\/2025\\\/08\\\/25\\\/magyar-voroskereszt-csalok-hirdetnek-hamis-termekeket-cukorbetegeknek\\\/#primaryimage\"},\"image\":{\"@id\":\"https:\\\/\\\/dorogimedence.hu\\\/index.php\\\/2025\\\/08\\\/25\\\/magyar-voroskereszt-csalok-hirdetnek-hamis-termekeket-cukorbetegeknek\\\/#primaryimage\"},\"thumbnailUrl\":\"https:\\\/\\\/dorogimedence.hu\\\/wp-content\\\/uploads\\\/2025\\\/08\\\/14190.jpg\",\"datePublished\":\"2025-08-25T10:20:43+00:00\",\"breadcrumb\":{\"@id\":\"https:\\\/\\\/dorogimedence.hu\\\/index.php\\\/2025\\\/08\\\/25\\\/magyar-voroskereszt-csalok-hirdetnek-hamis-termekeket-cukorbetegeknek\\\/#breadcrumb\"},\"inLanguage\":\"hu\",\"potentialAction\":[{\"@type\":\"ReadAction\",\"target\":[\"https:\\\/\\\/dorogimedence.hu\\\/index.php\\\/2025\\\/08\\\/25\\\/magyar-voroskereszt-csalok-hirdetnek-hamis-termekeket-cukorbetegeknek\\\/\"]}]},{\"@type\":\"ImageObject\",\"inLanguage\":\"hu\",\"@id\":\"https:\\\/\\\/dorogimedence.hu\\\/index.php\\\/2025\\\/08\\\/25\\\/magyar-voroskereszt-csalok-hirdetnek-hamis-termekeket-cukorbetegeknek\\\/#primaryimage\",\"url\":\"https:\\\/\\\/dorogimedence.hu\\\/wp-content\\\/uploads\\\/2025\\\/08\\\/14190.jpg\",\"contentUrl\":\"https:\\\/\\\/dorogimedence.hu\\\/wp-content\\\/uploads\\\/2025\\\/08\\\/14190.jpg\",\"width\":1500,\"height\":1001},{\"@type\":\"BreadcrumbList\",\"@id\":\"https:\\\/\\\/dorogimedence.hu\\\/index.php\\\/2025\\\/08\\\/25\\\/magyar-voroskereszt-csalok-hirdetnek-hamis-termekeket-cukorbetegeknek\\\/#breadcrumb\",\"itemListElement\":[{\"@type\":\"ListItem\",\"position\":1,\"name\":\"Kezd\u0151lap\",\"item\":\"https:\\\/\\\/dorogimedence.hu\\\/\"},{\"@type\":\"ListItem\",\"position\":2,\"name\":\"Magyar V\u00f6r\u00f6skereszt: csal\u00f3k hirdetnek hamis term\u00e9keket cukorbetegeknek\"}]},{\"@type\":\"WebSite\",\"@id\":\"https:\\\/\\\/dorogimedence.hu\\\/#website\",\"url\":\"https:\\\/\\\/dorogimedence.hu\\\/\",\"name\":\"Dorogi-medence Region\u00e1lis H\u00edrport\u00e1l\",\"description\":\"Dorog, Keszt\u00f6lc, Le\u00e1nyv\u00e1r, Piliscs\u00e9v, Tokod, Tokodalt\u00e1r\u00f3, Csolnok, Esztergom-kertv\u00e1ros: h\u00edrek, programok\",\"publisher\":{\"@id\":\"https:\\\/\\\/dorogimedence.hu\\\/#organization\"},\"potentialAction\":[{\"@type\":\"SearchAction\",\"target\":{\"@type\":\"EntryPoint\",\"urlTemplate\":\"https:\\\/\\\/dorogimedence.hu\\\/?s={search_term_string}\"},\"query-input\":{\"@type\":\"PropertyValueSpecification\",\"valueRequired\":true,\"valueName\":\"search_term_string\"}}],\"inLanguage\":\"hu\"},{\"@type\":\"Organization\",\"@id\":\"https:\\\/\\\/dorogimedence.hu\\\/#organization\",\"name\":\"Dorogi-medence Region\u00e1lis H\u00edrport\u00e1l\",\"url\":\"https:\\\/\\\/dorogimedence.hu\\\/\",\"logo\":{\"@type\":\"ImageObject\",\"inLanguage\":\"hu\",\"@id\":\"https:\\\/\\\/dorogimedence.hu\\\/#\\\/schema\\\/logo\\\/image\\\/\",\"url\":\"https:\\\/\\\/dorogimedence.hu\\\/wp-content\\\/uploads\\\/2021\\\/04\\\/logo-feher-600.png\",\"contentUrl\":\"https:\\\/\\\/dorogimedence.hu\\\/wp-content\\\/uploads\\\/2021\\\/04\\\/logo-feher-600.png\",\"width\":600,\"height\":100,\"caption\":\"Dorogi-medence Region\u00e1lis H\u00edrport\u00e1l\"},\"image\":{\"@id\":\"https:\\\/\\\/dorogimedence.hu\\\/#\\\/schema\\\/logo\\\/image\\\/\"},\"sameAs\":[\"https:\\\/\\\/www.facebook.com\\\/dorogimedence\\\/\"]},{\"@type\":\"Person\",\"@id\":\"https:\\\/\\\/dorogimedence.hu\\\/#\\\/schema\\\/person\\\/ce6091eeb7e95ecdc87890d6aa8e0fd4\",\"name\":\"dorogimedence.hu\",\"image\":{\"@type\":\"ImageObject\",\"inLanguage\":\"hu\",\"@id\":\"\\\/\\\/www.gravatar.com\\\/avatar\\\/d8d45f8901aadff40a4af72c0b826f1d?s=96&#038;r=g&#038;d=mm\",\"url\":\"\\\/\\\/www.gravatar.com\\\/avatar\\\/d8d45f8901aadff40a4af72c0b826f1d?s=96&#038;r=g&#038;d=mm\",\"contentUrl\":\"\\\/\\\/www.gravatar.com\\\/avatar\\\/d8d45f8901aadff40a4af72c0b826f1d?s=96&#038;r=g&#038;d=mm\",\"caption\":\"dorogimedence.hu\"}}]}<\/script>\n<!-- \/ Yoast SEO plugin. -->","yoast_head_json":{"title":"Magyar V\u00f6r\u00f6skereszt: csal\u00f3k hirdetnek hamis term\u00e9keket cukorbetegeknek","robots":{"index":"index","follow":"follow","max-snippet":"max-snippet:-1","max-image-preview":"max-image-preview:large","max-video-preview":"max-video-preview:-1"},"canonical":"https:\/\/dorogimedence.hu\/index.php\/2025\/08\/25\/magyar-voroskereszt-csalok-hirdetnek-hamis-termekeket-cukorbetegeknek\/","og_locale":"hu_HU","og_type":"article","og_title":"Magyar V\u00f6r\u00f6skereszt: csal\u00f3k hirdetnek hamis term\u00e9keket cukorbetegeknek","og_description":"A Magyar V\u00f6r\u00f6skereszt tudom\u00e1s\u00e1ra jutott, hogy ismeretlen szem\u00e9lyek a szervezet nev\u00e9vel \u00e9s jogszab\u00e1lyokban is v\u00e9dett embl\u00e9m\u00e1j\u00e1val \u00e9lnek vissza. A csal\u00f3k cukorbetegek r\u00e9sz\u00e9re hirdetnek term\u00e9ket, sz\u00e1mukra k\u00e9sz\u00edtett gy\u00f3gyszert az interneten kereszt\u00fcl a V\u00f6r\u00f6skereszt neve alatt. A Magyar V\u00f6r\u00f6skereszt felh\u00edvja a lakoss\u00e1g figyelm\u00e9t, hogy a szervezet nem foglalkozik gy\u00f3gyszer-seg\u00e9lyez\u00e9ssel, nem kereskedik gy\u00f3gyszerekkel, \u00edgy kifejezetten cukorbetegek r\u00e9sz\u00e9re gy\u00e1rtott","og_url":"https:\/\/dorogimedence.hu\/index.php\/2025\/08\/25\/magyar-voroskereszt-csalok-hirdetnek-hamis-termekeket-cukorbetegeknek\/","og_site_name":"Dorogi-medence Region\u00e1lis H\u00edrport\u00e1l","article_publisher":"https:\/\/www.facebook.com\/dorogimedence\/","article_published_time":"2025-08-25T10:20:43+00:00","og_image":[{"width":1500,"height":1001,"url":"https:\/\/dorogimedence.hu\/wp-content\/uploads\/2025\/08\/14190.jpg","type":"image\/jpeg"}],"author":"dorogimedence.hu","twitter_card":"summary_large_image","twitter_misc":{"Szerz\u0151:":"dorogimedence.hu","Becs\u00fclt olvas\u00e1si id\u0151":"2 perc"},"schema":{"@context":"https:\/\/schema.org","@graph":[{"@type":"Article","@id":"https:\/\/dorogimedence.hu\/index.php\/2025\/08\/25\/magyar-voroskereszt-csalok-hirdetnek-hamis-termekeket-cukorbetegeknek\/#article","isPartOf":{"@id":"https:\/\/dorogimedence.hu\/index.php\/2025\/08\/25\/magyar-voroskereszt-csalok-hirdetnek-hamis-termekeket-cukorbetegeknek\/"},"author":{"name":"dorogimedence.hu","@id":"https:\/\/dorogimedence.hu\/#\/schema\/person\/ce6091eeb7e95ecdc87890d6aa8e0fd4"},"headline":"Magyar V\u00f6r\u00f6skereszt: csal\u00f3k hirdetnek hamis term\u00e9keket cukorbetegeknek","datePublished":"2025-08-25T10:20:43+00:00","mainEntityOfPage":{"@id":"https:\/\/dorogimedence.hu\/index.php\/2025\/08\/25\/magyar-voroskereszt-csalok-hirdetnek-hamis-termekeket-cukorbetegeknek\/"},"wordCount":381,"publisher":{"@id":"https:\/\/dorogimedence.hu\/#organization"},"image":{"@id":"https:\/\/dorogimedence.hu\/index.php\/2025\/08\/25\/magyar-voroskereszt-csalok-hirdetnek-hamis-termekeket-cukorbetegeknek\/#primaryimage"},"thumbnailUrl":"https:\/\/dorogimedence.hu\/wp-content\/uploads\/2025\/08\/14190.jpg","keywords":["Magyar V\u00f6r\u00f6skereszt"],"articleSection":["H\u00edrek"],"inLanguage":"hu"},{"@type":"WebPage","@id":"https:\/\/dorogimedence.hu\/index.php\/2025\/08\/25\/magyar-voroskereszt-csalok-hirdetnek-hamis-termekeket-cukorbetegeknek\/","url":"https:\/\/dorogimedence.hu\/index.php\/2025\/08\/25\/magyar-voroskereszt-csalok-hirdetnek-hamis-termekeket-cukorbetegeknek\/","name":"Magyar V\u00f6r\u00f6skereszt: csal\u00f3k hirdetnek hamis term\u00e9keket cukorbetegeknek","isPartOf":{"@id":"https:\/\/dorogimedence.hu\/#website"},"primaryImageOfPage":{"@id":"https:\/\/dorogimedence.hu\/index.php\/2025\/08\/25\/magyar-voroskereszt-csalok-hirdetnek-hamis-termekeket-cukorbetegeknek\/#primaryimage"},"image":{"@id":"https:\/\/dorogimedence.hu\/index.php\/2025\/08\/25\/magyar-voroskereszt-csalok-hirdetnek-hamis-termekeket-cukorbetegeknek\/#primaryimage"},"thumbnailUrl":"https:\/\/dorogimedence.hu\/wp-content\/uploads\/2025\/08\/14190.jpg","datePublished":"2025-08-25T10:20:43+00:00","breadcrumb":{"@id":"https:\/\/dorogimedence.hu\/index.php\/2025\/08\/25\/magyar-voroskereszt-csalok-hirdetnek-hamis-termekeket-cukorbetegeknek\/#breadcrumb"},"inLanguage":"hu","potentialAction":[{"@type":"ReadAction","target":["https:\/\/dorogimedence.hu\/index.php\/2025\/08\/25\/magyar-voroskereszt-csalok-hirdetnek-hamis-termekeket-cukorbetegeknek\/"]}]},{"@type":"ImageObject","inLanguage":"hu","@id":"https:\/\/dorogimedence.hu\/index.php\/2025\/08\/25\/magyar-voroskereszt-csalok-hirdetnek-hamis-termekeket-cukorbetegeknek\/#primaryimage","url":"https:\/\/dorogimedence.hu\/wp-content\/uploads\/2025\/08\/14190.jpg","contentUrl":"https:\/\/dorogimedence.hu\/wp-content\/uploads\/2025\/08\/14190.jpg","width":1500,"height":1001},{"@type":"BreadcrumbList","@id":"https:\/\/dorogimedence.hu\/index.php\/2025\/08\/25\/magyar-voroskereszt-csalok-hirdetnek-hamis-termekeket-cukorbetegeknek\/#breadcrumb","itemListElement":[{"@type":"ListItem","position":1,"name":"Kezd\u0151lap","item":"https:\/\/dorogimedence.hu\/"},{"@type":"ListItem","position":2,"name":"Magyar V\u00f6r\u00f6skereszt: csal\u00f3k hirdetnek hamis term\u00e9keket cukorbetegeknek"}]},{"@type":"WebSite","@id":"https:\/\/dorogimedence.hu\/#website","url":"https:\/\/dorogimedence.hu\/","name":"Dorogi-medence Region\u00e1lis H\u00edrport\u00e1l","description":"Dorog, Keszt\u00f6lc, Le\u00e1nyv\u00e1r, Piliscs\u00e9v, Tokod, Tokodalt\u00e1r\u00f3, Csolnok, Esztergom-kertv\u00e1ros: h\u00edrek, programok","publisher":{"@id":"https:\/\/dorogimedence.hu\/#organization"},"potentialAction":[{"@type":"SearchAction","target":{"@type":"EntryPoint","urlTemplate":"https:\/\/dorogimedence.hu\/?s={search_term_string}"},"query-input":{"@type":"PropertyValueSpecification","valueRequired":true,"valueName":"search_term_string"}}],"inLanguage":"hu"},{"@type":"Organization","@id":"https:\/\/dorogimedence.hu\/#organization","name":"Dorogi-medence Region\u00e1lis H\u00edrport\u00e1l","url":"https:\/\/dorogimedence.hu\/","logo":{"@type":"ImageObject","inLanguage":"hu","@id":"https:\/\/dorogimedence.hu\/#\/schema\/logo\/image\/","url":"https:\/\/dorogimedence.hu\/wp-content\/uploads\/2021\/04\/logo-feher-600.png","contentUrl":"https:\/\/dorogimedence.hu\/wp-content\/uploads\/2021\/04\/logo-feher-600.png","width":600,"height":100,"caption":"Dorogi-medence Region\u00e1lis H\u00edrport\u00e1l"},"image":{"@id":"https:\/\/dorogimedence.hu\/#\/schema\/logo\/image\/"},"sameAs":["https:\/\/www.facebook.com\/dorogimedence\/"]},{"@type":"Person","@id":"https:\/\/dorogimedence.hu\/#\/schema\/person\/ce6091eeb7e95ecdc87890d6aa8e0fd4","name":"dorogimedence.hu","image":{"@type":"ImageObject","inLanguage":"hu","@id":"\/\/www.gravatar.com\/avatar\/d8d45f8901aadff40a4af72c0b826f1d?s=96&#038;r=g&#038;d=mm","url":"\/\/www.gravatar.com\/avatar\/d8d45f8901aadff40a4af72c0b826f1d?s=96&#038;r=g&#038;d=mm","contentUrl":"\/\/www.gravatar.com\/avatar\/d8d45f8901aadff40a4af72c0b826f1d?s=96&#038;r=g&#038;d=mm","caption":"dorogimedence.hu"}}]}},"_links":{"self":[{"href":"https:\/\/dorogimedence.hu\/index.php\/wp-json\/wp\/v2\/posts\/73634","targetHints":{"allow":["GET"]}}],"collection":[{"href":"https:\/\/dorogimedence.hu\/index.php\/wp-json\/wp\/v2\/posts"}],"about":[{"href":"https:\/\/dorogimedence.hu\/index.php\/wp-json\/wp\/v2\/types\/post"}],"author":[{"embeddable":true,"href":"https:\/\/dorogimedence.hu\/index.php\/wp-json\/wp\/v2\/users\/1"}],"replies":[{"embeddable":true,"href":"https:\/\/dorogimedence.hu\/index.php\/wp-json\/wp\/v2\/comments?post=73634"}],"version-history":[{"count":0,"href":"https:\/\/dorogimedence.hu\/index.php\/wp-json\/wp\/v2\/posts\/73634\/revisions"}],"wp:featuredmedia":[{"embeddable":true,"href":"https:\/\/dorogimedence.hu\/index.php\/wp-json\/wp\/v2\/media\/73635"}],"wp:attachment":[{"href":"https:\/\/dorogimedence.hu\/index.php\/wp-json\/wp\/v2\/media?parent=73634"}],"wp:term":[{"taxonomy":"category","embeddable":true,"href":"https:\/\/dorogimedence.hu\/index.php\/wp-json\/wp\/v2\/categories?post=73634"},{"taxonomy":"post_tag","embeddable":true,"href":"https:\/\/dorogimedence.hu\/index.php\/wp-json\/wp\/v2\/tags?post=73634"}],"curies":[{"name":"wp","href":"https:\/\/api.w.org\/{rel}","templated":true}]}}