{"id":73615,"date":"2025-08-23T11:57:02","date_gmt":"2025-08-23T09:57:02","guid":{"rendered":"https:\/\/dorogimedence.hu\/?p=73615"},"modified":"2025-08-23T11:57:02","modified_gmt":"2025-08-23T09:57:02","slug":"fegyverrel-lott-az-ugato-kutyara-a-tokodaltaroi-ferfi","status":"publish","type":"post","link":"https:\/\/dorogimedence.hu\/index.php\/2025\/08\/23\/fegyverrel-lott-az-ugato-kutyara-a-tokodaltaroi-ferfi\/","title":{"rendered":"Fegyverrel l\u0151tt az ugat\u00f3 kuty\u00e1ra a tokodalt\u00e1r\u00f3i f\u00e9rfi"},"content":{"rendered":"<p><strong>P\u00e9nzb\u00fcntet\u00e9st szabhatnak ki azzal a f\u00e9rfivel szemben, aki az\u00e9rt l\u0151tt le l\u00e9gpusk\u00e1val egy kuty\u00e1t az utc\u00e1n, mert az ugat\u00e1sa d\u00fch\u00edtette. <\/strong><strong>A megsebes\u00fclt kutya ny\u00fcsz\u00edtve elfutott a helysz\u00ednr\u0151l.<\/strong><\/p>\n<p>A v\u00e1dirat szerint az elk\u00f6vet\u0151 2024. j\u00fanius 18-\u00e1n 22 \u00f3ra 15 perc k\u00f6r\u00fcli id\u0151ben a tokodalt\u00e1r\u00f3i h\u00e1z\u00e1ban tart\u00f3zkodott, amikor az utc\u00e1n ugatni kezdett egy kutya. A f\u00e9rfit ez feld\u00fch\u00edtette, mag\u00e1hoz vette a l\u00e9gfegyvert, megt\u00f6lt\u00f6tte azt, \u00e9s kiment a h\u00e1z\u00e1b\u00f3l. A f\u00e9rfi mag\u00e1hoz h\u00edvta a kuty\u00e1t. Amikor az eb a k\u00f6zel\u00e9be \u00e9rt, a fegyvert felemelte \u00e9s \u2013 az \u00e9jszakai, korl\u00e1tozott l\u00e1t\u00e1si viszonyok mellett \u2013 a mozg\u00e1sban l\u00e9v\u0151 kuty\u00e1ra c\u00e9lozva, a kuty\u00e1t\u00f3l 10-15 m\u00e9terre l\u00f6v\u00e9st adott le.<\/p>\n<p>A l\u00f6ved\u00e9k a kutya bal lapock\u00e1ja k\u00f6r\u00fcli ter\u00fcleten az izomba hatolt, ahol a k\u00f6rnyez\u0151 sz\u00f6veteket roncsolta, anyaghi\u00e1nyt \u00e9s folytonoss\u00e1gi hi\u00e1nyt okozott, \u00e9s v\u00e9rezni kezdett. A l\u00f6ved\u00e9k a kutya lapock\u00e1j\u00e1nak a k\u00f6rny\u00e9k\u00e9n elakadt. Ezt k\u00f6vet\u0151en a kutya ny\u00fcsz\u00edtve elfutott a helysz\u00ednr\u0151l. A l\u00f6ved\u00e9k nem \u00e9rintette a kutya l\u00e9tfontoss\u00e1g\u00fa szerveit, azonban a l\u00f6ved\u00e9k becsap\u00f3d\u00e1sa l\u00e9tfontoss\u00e1g\u00fa szervekhez k\u00f6zel volt, a l\u00f6v\u00e9s \u00e9letvesz\u00e9lyes, \u00e9s a kutya \u00e9let\u00e9nek kiolt\u00e1s\u00e1ra alkalmas volt. A cselekm\u00e9ny alkalmas volt arra, hogy a kutya maradand\u00f3 eg\u00e9szs\u00e9gk\u00e1rosod\u00e1s\u00e1t, illetve pusztul\u00e1s\u00e1t okozza.<\/p>\n<p>Az \u00e1llatk\u00ednz\u00e1s v\u00e9ts\u00e9ge miatt indult \u00fcgyben az Esztergomi J\u00e1r\u00e1si \u00dcgy\u00e9szs\u00e9g a v\u00e1diratban arra tett ind\u00edtv\u00e1nyt, hogy az Esztergomi J\u00e1r\u00e1sb\u00edr\u00f3s\u00e1g az elk\u00f6vet\u0151vel szemben t\u00e1rgyal\u00e1s n\u00e9lk\u00fcl p\u00e9nzb\u00fcntet\u00e9st szabjon ki.<\/p>\n<p><em>Forr\u00e1s: Kom\u00e1rom-Esztergom V\u00e1rmegyei F\u0151\u00fcgy\u00e9szs\u00e9g<br \/>\nBor\u00edt\u00f3k\u00e9p: illusztr\u00e1ci\u00f3<\/em><\/p>\n","protected":false},"excerpt":{"rendered":"<p>P\u00e9nzb\u00fcntet\u00e9st szabhatnak ki azzal a f\u00e9rfivel szemben, aki az\u00e9rt l\u0151tt le l\u00e9gpusk\u00e1val egy kuty\u00e1t az utc\u00e1n, mert az ugat\u00e1sa d\u00fch\u00edtette. A megsebes\u00fclt kutya ny\u00fcsz\u00edtve elfutott a helysz\u00ednr\u0151l. A v\u00e1dirat szerint az elk\u00f6vet\u0151 2024. j\u00fanius 18-\u00e1n 22 \u00f3ra 15 perc k\u00f6r\u00fcli id\u0151ben a tokodalt\u00e1r\u00f3i h\u00e1z\u00e1ban tart\u00f3zkodott, amikor az utc\u00e1n ugatni kezdett egy kutya. A f\u00e9rfit ez<\/p>\n","protected":false},"author":1,"featured_media":73616,"comment_status":"closed","ping_status":"closed","sticky":false,"template":"","format":"standard","meta":{"ngg_post_thumbnail":0,"footnotes":""},"categories":[3,39,10],"tags":[1355,1042,61,47,326],"class_list":{"0":"post-73615","1":"post","2":"type-post","3":"status-publish","4":"format-standard","5":"has-post-thumbnail","7":"category-hirek","8":"category-kek-hirek","9":"category-tokodaltaro","10":"tag-allatkinzas","11":"tag-birosag","12":"tag-rendorsegi-hirek","13":"tag-tokodaltaro","14":"tag-ugyeszseg"},"yoast_head":"<!-- This site is optimized with the Yoast SEO plugin v27.4 - https:\/\/yoast.com\/product\/yoast-seo-wordpress\/ -->\n<title>Fegyverrel l\u0151tt az ugat\u00f3 kuty\u00e1ra a tokodalt\u00e1r\u00f3i f\u00e9rfi<\/title>\n<meta name=\"robots\" content=\"index, follow, max-snippet:-1, max-image-preview:large, max-video-preview:-1\" \/>\n<link rel=\"canonical\" href=\"https:\/\/dorogimedence.hu\/index.php\/2025\/08\/23\/fegyverrel-lott-az-ugato-kutyara-a-tokodaltaroi-ferfi\/\" class=\"yoast-seo-meta-tag\" \/>\n<meta property=\"og:locale\" content=\"hu_HU\" class=\"yoast-seo-meta-tag\" \/>\n<meta property=\"og:type\" content=\"article\" class=\"yoast-seo-meta-tag\" \/>\n<meta property=\"og:title\" content=\"Fegyverrel l\u0151tt az ugat\u00f3 kuty\u00e1ra a tokodalt\u00e1r\u00f3i f\u00e9rfi\" class=\"yoast-seo-meta-tag\" \/>\n<meta property=\"og:description\" content=\"P\u00e9nzb\u00fcntet\u00e9st szabhatnak ki azzal a f\u00e9rfivel szemben, aki az\u00e9rt l\u0151tt le l\u00e9gpusk\u00e1val egy kuty\u00e1t az utc\u00e1n, mert az ugat\u00e1sa d\u00fch\u00edtette. A megsebes\u00fclt kutya ny\u00fcsz\u00edtve elfutott a helysz\u00ednr\u0151l. A v\u00e1dirat szerint az elk\u00f6vet\u0151 2024. j\u00fanius 18-\u00e1n 22 \u00f3ra 15 perc k\u00f6r\u00fcli id\u0151ben a tokodalt\u00e1r\u00f3i h\u00e1z\u00e1ban tart\u00f3zkodott, amikor az utc\u00e1n ugatni kezdett egy kutya. A f\u00e9rfit ez\" class=\"yoast-seo-meta-tag\" \/>\n<meta property=\"og:url\" content=\"https:\/\/dorogimedence.hu\/index.php\/2025\/08\/23\/fegyverrel-lott-az-ugato-kutyara-a-tokodaltaroi-ferfi\/\" class=\"yoast-seo-meta-tag\" \/>\n<meta property=\"og:site_name\" content=\"Dorogi-medence Region\u00e1lis H\u00edrport\u00e1l\" class=\"yoast-seo-meta-tag\" \/>\n<meta property=\"article:publisher\" content=\"https:\/\/www.facebook.com\/dorogimedence\/\" class=\"yoast-seo-meta-tag\" \/>\n<meta property=\"article:published_time\" content=\"2025-08-23T09:57:02+00:00\" class=\"yoast-seo-meta-tag\" \/>\n<meta property=\"og:image\" content=\"https:\/\/dorogimedence.hu\/wp-content\/uploads\/2025\/08\/20131.jpg\" class=\"yoast-seo-meta-tag\" \/>\n\t<meta property=\"og:image:width\" content=\"1500\" class=\"yoast-seo-meta-tag\" \/>\n\t<meta property=\"og:image:height\" content=\"844\" class=\"yoast-seo-meta-tag\" \/>\n\t<meta property=\"og:image:type\" content=\"image\/jpeg\" class=\"yoast-seo-meta-tag\" \/>\n<meta name=\"author\" content=\"dorogimedence.hu\" class=\"yoast-seo-meta-tag\" \/>\n<meta name=\"twitter:card\" content=\"summary_large_image\" class=\"yoast-seo-meta-tag\" \/>\n<meta name=\"twitter:label1\" content=\"Szerz\u0151:\" class=\"yoast-seo-meta-tag\" \/>\n\t<meta name=\"twitter:data1\" content=\"dorogimedence.hu\" class=\"yoast-seo-meta-tag\" \/>\n\t<meta name=\"twitter:label2\" content=\"Becs\u00fclt olvas\u00e1si id\u0151\" class=\"yoast-seo-meta-tag\" \/>\n\t<meta name=\"twitter:data2\" content=\"2 perc\" class=\"yoast-seo-meta-tag\" \/>\n<script type=\"application\/ld+json\" class=\"yoast-schema-graph\">{\"@context\":\"https:\\\/\\\/schema.org\",\"@graph\":[{\"@type\":\"Article\",\"@id\":\"https:\\\/\\\/dorogimedence.hu\\\/index.php\\\/2025\\\/08\\\/23\\\/fegyverrel-lott-az-ugato-kutyara-a-tokodaltaroi-ferfi\\\/#article\",\"isPartOf\":{\"@id\":\"https:\\\/\\\/dorogimedence.hu\\\/index.php\\\/2025\\\/08\\\/23\\\/fegyverrel-lott-az-ugato-kutyara-a-tokodaltaroi-ferfi\\\/\"},\"author\":{\"name\":\"dorogimedence.hu\",\"@id\":\"https:\\\/\\\/dorogimedence.hu\\\/#\\\/schema\\\/person\\\/ce6091eeb7e95ecdc87890d6aa8e0fd4\"},\"headline\":\"Fegyverrel l\u0151tt az ugat\u00f3 kuty\u00e1ra a tokodalt\u00e1r\u00f3i f\u00e9rfi\",\"datePublished\":\"2025-08-23T09:57:02+00:00\",\"mainEntityOfPage\":{\"@id\":\"https:\\\/\\\/dorogimedence.hu\\\/index.php\\\/2025\\\/08\\\/23\\\/fegyverrel-lott-az-ugato-kutyara-a-tokodaltaroi-ferfi\\\/\"},\"wordCount\":366,\"publisher\":{\"@id\":\"https:\\\/\\\/dorogimedence.hu\\\/#organization\"},\"image\":{\"@id\":\"https:\\\/\\\/dorogimedence.hu\\\/index.php\\\/2025\\\/08\\\/23\\\/fegyverrel-lott-az-ugato-kutyara-a-tokodaltaroi-ferfi\\\/#primaryimage\"},\"thumbnailUrl\":\"https:\\\/\\\/dorogimedence.hu\\\/wp-content\\\/uploads\\\/2025\\\/08\\\/20131.jpg\",\"keywords\":[\"\u00e1llatk\u00ednz\u00e1s\",\"b\u00edr\u00f3s\u00e1g\",\"rend\u0151rs\u00e9gi h\u00edrek\",\"Tokodalt\u00e1r\u00f3\",\"\u00fcgy\u00e9szs\u00e9g\"],\"articleSection\":[\"H\u00edrek\",\"K\u00e9k h\u00edrek\",\"Tokodalt\u00e1r\u00f3\"],\"inLanguage\":\"hu\"},{\"@type\":\"WebPage\",\"@id\":\"https:\\\/\\\/dorogimedence.hu\\\/index.php\\\/2025\\\/08\\\/23\\\/fegyverrel-lott-az-ugato-kutyara-a-tokodaltaroi-ferfi\\\/\",\"url\":\"https:\\\/\\\/dorogimedence.hu\\\/index.php\\\/2025\\\/08\\\/23\\\/fegyverrel-lott-az-ugato-kutyara-a-tokodaltaroi-ferfi\\\/\",\"name\":\"Fegyverrel l\u0151tt az ugat\u00f3 kuty\u00e1ra a tokodalt\u00e1r\u00f3i f\u00e9rfi\",\"isPartOf\":{\"@id\":\"https:\\\/\\\/dorogimedence.hu\\\/#website\"},\"primaryImageOfPage\":{\"@id\":\"https:\\\/\\\/dorogimedence.hu\\\/index.php\\\/2025\\\/08\\\/23\\\/fegyverrel-lott-az-ugato-kutyara-a-tokodaltaroi-ferfi\\\/#primaryimage\"},\"image\":{\"@id\":\"https:\\\/\\\/dorogimedence.hu\\\/index.php\\\/2025\\\/08\\\/23\\\/fegyverrel-lott-az-ugato-kutyara-a-tokodaltaroi-ferfi\\\/#primaryimage\"},\"thumbnailUrl\":\"https:\\\/\\\/dorogimedence.hu\\\/wp-content\\\/uploads\\\/2025\\\/08\\\/20131.jpg\",\"datePublished\":\"2025-08-23T09:57:02+00:00\",\"breadcrumb\":{\"@id\":\"https:\\\/\\\/dorogimedence.hu\\\/index.php\\\/2025\\\/08\\\/23\\\/fegyverrel-lott-az-ugato-kutyara-a-tokodaltaroi-ferfi\\\/#breadcrumb\"},\"inLanguage\":\"hu\",\"potentialAction\":[{\"@type\":\"ReadAction\",\"target\":[\"https:\\\/\\\/dorogimedence.hu\\\/index.php\\\/2025\\\/08\\\/23\\\/fegyverrel-lott-az-ugato-kutyara-a-tokodaltaroi-ferfi\\\/\"]}]},{\"@type\":\"ImageObject\",\"inLanguage\":\"hu\",\"@id\":\"https:\\\/\\\/dorogimedence.hu\\\/index.php\\\/2025\\\/08\\\/23\\\/fegyverrel-lott-az-ugato-kutyara-a-tokodaltaroi-ferfi\\\/#primaryimage\",\"url\":\"https:\\\/\\\/dorogimedence.hu\\\/wp-content\\\/uploads\\\/2025\\\/08\\\/20131.jpg\",\"contentUrl\":\"https:\\\/\\\/dorogimedence.hu\\\/wp-content\\\/uploads\\\/2025\\\/08\\\/20131.jpg\",\"width\":1500,\"height\":844},{\"@type\":\"BreadcrumbList\",\"@id\":\"https:\\\/\\\/dorogimedence.hu\\\/index.php\\\/2025\\\/08\\\/23\\\/fegyverrel-lott-az-ugato-kutyara-a-tokodaltaroi-ferfi\\\/#breadcrumb\",\"itemListElement\":[{\"@type\":\"ListItem\",\"position\":1,\"name\":\"Kezd\u0151lap\",\"item\":\"https:\\\/\\\/dorogimedence.hu\\\/\"},{\"@type\":\"ListItem\",\"position\":2,\"name\":\"Fegyverrel l\u0151tt az ugat\u00f3 kuty\u00e1ra a tokodalt\u00e1r\u00f3i f\u00e9rfi\"}]},{\"@type\":\"WebSite\",\"@id\":\"https:\\\/\\\/dorogimedence.hu\\\/#website\",\"url\":\"https:\\\/\\\/dorogimedence.hu\\\/\",\"name\":\"Dorogi-medence Region\u00e1lis H\u00edrport\u00e1l\",\"description\":\"Dorog, Keszt\u00f6lc, Le\u00e1nyv\u00e1r, Piliscs\u00e9v, Tokod, Tokodalt\u00e1r\u00f3, Csolnok, Esztergom-kertv\u00e1ros: h\u00edrek, programok\",\"publisher\":{\"@id\":\"https:\\\/\\\/dorogimedence.hu\\\/#organization\"},\"potentialAction\":[{\"@type\":\"SearchAction\",\"target\":{\"@type\":\"EntryPoint\",\"urlTemplate\":\"https:\\\/\\\/dorogimedence.hu\\\/?s={search_term_string}\"},\"query-input\":{\"@type\":\"PropertyValueSpecification\",\"valueRequired\":true,\"valueName\":\"search_term_string\"}}],\"inLanguage\":\"hu\"},{\"@type\":\"Organization\",\"@id\":\"https:\\\/\\\/dorogimedence.hu\\\/#organization\",\"name\":\"Dorogi-medence Region\u00e1lis H\u00edrport\u00e1l\",\"url\":\"https:\\\/\\\/dorogimedence.hu\\\/\",\"logo\":{\"@type\":\"ImageObject\",\"inLanguage\":\"hu\",\"@id\":\"https:\\\/\\\/dorogimedence.hu\\\/#\\\/schema\\\/logo\\\/image\\\/\",\"url\":\"https:\\\/\\\/dorogimedence.hu\\\/wp-content\\\/uploads\\\/2021\\\/04\\\/logo-feher-600.png\",\"contentUrl\":\"https:\\\/\\\/dorogimedence.hu\\\/wp-content\\\/uploads\\\/2021\\\/04\\\/logo-feher-600.png\",\"width\":600,\"height\":100,\"caption\":\"Dorogi-medence Region\u00e1lis H\u00edrport\u00e1l\"},\"image\":{\"@id\":\"https:\\\/\\\/dorogimedence.hu\\\/#\\\/schema\\\/logo\\\/image\\\/\"},\"sameAs\":[\"https:\\\/\\\/www.facebook.com\\\/dorogimedence\\\/\"]},{\"@type\":\"Person\",\"@id\":\"https:\\\/\\\/dorogimedence.hu\\\/#\\\/schema\\\/person\\\/ce6091eeb7e95ecdc87890d6aa8e0fd4\",\"name\":\"dorogimedence.hu\",\"image\":{\"@type\":\"ImageObject\",\"inLanguage\":\"hu\",\"@id\":\"\\\/\\\/www.gravatar.com\\\/avatar\\\/d8d45f8901aadff40a4af72c0b826f1d?s=96&#038;r=g&#038;d=mm\",\"url\":\"\\\/\\\/www.gravatar.com\\\/avatar\\\/d8d45f8901aadff40a4af72c0b826f1d?s=96&#038;r=g&#038;d=mm\",\"contentUrl\":\"\\\/\\\/www.gravatar.com\\\/avatar\\\/d8d45f8901aadff40a4af72c0b826f1d?s=96&#038;r=g&#038;d=mm\",\"caption\":\"dorogimedence.hu\"}}]}<\/script>\n<!-- \/ Yoast SEO plugin. -->","yoast_head_json":{"title":"Fegyverrel l\u0151tt az ugat\u00f3 kuty\u00e1ra a tokodalt\u00e1r\u00f3i f\u00e9rfi","robots":{"index":"index","follow":"follow","max-snippet":"max-snippet:-1","max-image-preview":"max-image-preview:large","max-video-preview":"max-video-preview:-1"},"canonical":"https:\/\/dorogimedence.hu\/index.php\/2025\/08\/23\/fegyverrel-lott-az-ugato-kutyara-a-tokodaltaroi-ferfi\/","og_locale":"hu_HU","og_type":"article","og_title":"Fegyverrel l\u0151tt az ugat\u00f3 kuty\u00e1ra a tokodalt\u00e1r\u00f3i f\u00e9rfi","og_description":"P\u00e9nzb\u00fcntet\u00e9st szabhatnak ki azzal a f\u00e9rfivel szemben, aki az\u00e9rt l\u0151tt le l\u00e9gpusk\u00e1val egy kuty\u00e1t az utc\u00e1n, mert az ugat\u00e1sa d\u00fch\u00edtette. A megsebes\u00fclt kutya ny\u00fcsz\u00edtve elfutott a helysz\u00ednr\u0151l. A v\u00e1dirat szerint az elk\u00f6vet\u0151 2024. j\u00fanius 18-\u00e1n 22 \u00f3ra 15 perc k\u00f6r\u00fcli id\u0151ben a tokodalt\u00e1r\u00f3i h\u00e1z\u00e1ban tart\u00f3zkodott, amikor az utc\u00e1n ugatni kezdett egy kutya. A f\u00e9rfit ez","og_url":"https:\/\/dorogimedence.hu\/index.php\/2025\/08\/23\/fegyverrel-lott-az-ugato-kutyara-a-tokodaltaroi-ferfi\/","og_site_name":"Dorogi-medence Region\u00e1lis H\u00edrport\u00e1l","article_publisher":"https:\/\/www.facebook.com\/dorogimedence\/","article_published_time":"2025-08-23T09:57:02+00:00","og_image":[{"width":1500,"height":844,"url":"https:\/\/dorogimedence.hu\/wp-content\/uploads\/2025\/08\/20131.jpg","type":"image\/jpeg"}],"author":"dorogimedence.hu","twitter_card":"summary_large_image","twitter_misc":{"Szerz\u0151:":"dorogimedence.hu","Becs\u00fclt olvas\u00e1si id\u0151":"2 perc"},"schema":{"@context":"https:\/\/schema.org","@graph":[{"@type":"Article","@id":"https:\/\/dorogimedence.hu\/index.php\/2025\/08\/23\/fegyverrel-lott-az-ugato-kutyara-a-tokodaltaroi-ferfi\/#article","isPartOf":{"@id":"https:\/\/dorogimedence.hu\/index.php\/2025\/08\/23\/fegyverrel-lott-az-ugato-kutyara-a-tokodaltaroi-ferfi\/"},"author":{"name":"dorogimedence.hu","@id":"https:\/\/dorogimedence.hu\/#\/schema\/person\/ce6091eeb7e95ecdc87890d6aa8e0fd4"},"headline":"Fegyverrel l\u0151tt az ugat\u00f3 kuty\u00e1ra a tokodalt\u00e1r\u00f3i f\u00e9rfi","datePublished":"2025-08-23T09:57:02+00:00","mainEntityOfPage":{"@id":"https:\/\/dorogimedence.hu\/index.php\/2025\/08\/23\/fegyverrel-lott-az-ugato-kutyara-a-tokodaltaroi-ferfi\/"},"wordCount":366,"publisher":{"@id":"https:\/\/dorogimedence.hu\/#organization"},"image":{"@id":"https:\/\/dorogimedence.hu\/index.php\/2025\/08\/23\/fegyverrel-lott-az-ugato-kutyara-a-tokodaltaroi-ferfi\/#primaryimage"},"thumbnailUrl":"https:\/\/dorogimedence.hu\/wp-content\/uploads\/2025\/08\/20131.jpg","keywords":["\u00e1llatk\u00ednz\u00e1s","b\u00edr\u00f3s\u00e1g","rend\u0151rs\u00e9gi h\u00edrek","Tokodalt\u00e1r\u00f3","\u00fcgy\u00e9szs\u00e9g"],"articleSection":["H\u00edrek","K\u00e9k h\u00edrek","Tokodalt\u00e1r\u00f3"],"inLanguage":"hu"},{"@type":"WebPage","@id":"https:\/\/dorogimedence.hu\/index.php\/2025\/08\/23\/fegyverrel-lott-az-ugato-kutyara-a-tokodaltaroi-ferfi\/","url":"https:\/\/dorogimedence.hu\/index.php\/2025\/08\/23\/fegyverrel-lott-az-ugato-kutyara-a-tokodaltaroi-ferfi\/","name":"Fegyverrel l\u0151tt az ugat\u00f3 kuty\u00e1ra a tokodalt\u00e1r\u00f3i f\u00e9rfi","isPartOf":{"@id":"https:\/\/dorogimedence.hu\/#website"},"primaryImageOfPage":{"@id":"https:\/\/dorogimedence.hu\/index.php\/2025\/08\/23\/fegyverrel-lott-az-ugato-kutyara-a-tokodaltaroi-ferfi\/#primaryimage"},"image":{"@id":"https:\/\/dorogimedence.hu\/index.php\/2025\/08\/23\/fegyverrel-lott-az-ugato-kutyara-a-tokodaltaroi-ferfi\/#primaryimage"},"thumbnailUrl":"https:\/\/dorogimedence.hu\/wp-content\/uploads\/2025\/08\/20131.jpg","datePublished":"2025-08-23T09:57:02+00:00","breadcrumb":{"@id":"https:\/\/dorogimedence.hu\/index.php\/2025\/08\/23\/fegyverrel-lott-az-ugato-kutyara-a-tokodaltaroi-ferfi\/#breadcrumb"},"inLanguage":"hu","potentialAction":[{"@type":"ReadAction","target":["https:\/\/dorogimedence.hu\/index.php\/2025\/08\/23\/fegyverrel-lott-az-ugato-kutyara-a-tokodaltaroi-ferfi\/"]}]},{"@type":"ImageObject","inLanguage":"hu","@id":"https:\/\/dorogimedence.hu\/index.php\/2025\/08\/23\/fegyverrel-lott-az-ugato-kutyara-a-tokodaltaroi-ferfi\/#primaryimage","url":"https:\/\/dorogimedence.hu\/wp-content\/uploads\/2025\/08\/20131.jpg","contentUrl":"https:\/\/dorogimedence.hu\/wp-content\/uploads\/2025\/08\/20131.jpg","width":1500,"height":844},{"@type":"BreadcrumbList","@id":"https:\/\/dorogimedence.hu\/index.php\/2025\/08\/23\/fegyverrel-lott-az-ugato-kutyara-a-tokodaltaroi-ferfi\/#breadcrumb","itemListElement":[{"@type":"ListItem","position":1,"name":"Kezd\u0151lap","item":"https:\/\/dorogimedence.hu\/"},{"@type":"ListItem","position":2,"name":"Fegyverrel l\u0151tt az ugat\u00f3 kuty\u00e1ra a tokodalt\u00e1r\u00f3i f\u00e9rfi"}]},{"@type":"WebSite","@id":"https:\/\/dorogimedence.hu\/#website","url":"https:\/\/dorogimedence.hu\/","name":"Dorogi-medence Region\u00e1lis H\u00edrport\u00e1l","description":"Dorog, Keszt\u00f6lc, Le\u00e1nyv\u00e1r, Piliscs\u00e9v, Tokod, Tokodalt\u00e1r\u00f3, Csolnok, Esztergom-kertv\u00e1ros: h\u00edrek, programok","publisher":{"@id":"https:\/\/dorogimedence.hu\/#organization"},"potentialAction":[{"@type":"SearchAction","target":{"@type":"EntryPoint","urlTemplate":"https:\/\/dorogimedence.hu\/?s={search_term_string}"},"query-input":{"@type":"PropertyValueSpecification","valueRequired":true,"valueName":"search_term_string"}}],"inLanguage":"hu"},{"@type":"Organization","@id":"https:\/\/dorogimedence.hu\/#organization","name":"Dorogi-medence Region\u00e1lis H\u00edrport\u00e1l","url":"https:\/\/dorogimedence.hu\/","logo":{"@type":"ImageObject","inLanguage":"hu","@id":"https:\/\/dorogimedence.hu\/#\/schema\/logo\/image\/","url":"https:\/\/dorogimedence.hu\/wp-content\/uploads\/2021\/04\/logo-feher-600.png","contentUrl":"https:\/\/dorogimedence.hu\/wp-content\/uploads\/2021\/04\/logo-feher-600.png","width":600,"height":100,"caption":"Dorogi-medence Region\u00e1lis H\u00edrport\u00e1l"},"image":{"@id":"https:\/\/dorogimedence.hu\/#\/schema\/logo\/image\/"},"sameAs":["https:\/\/www.facebook.com\/dorogimedence\/"]},{"@type":"Person","@id":"https:\/\/dorogimedence.hu\/#\/schema\/person\/ce6091eeb7e95ecdc87890d6aa8e0fd4","name":"dorogimedence.hu","image":{"@type":"ImageObject","inLanguage":"hu","@id":"\/\/www.gravatar.com\/avatar\/d8d45f8901aadff40a4af72c0b826f1d?s=96&#038;r=g&#038;d=mm","url":"\/\/www.gravatar.com\/avatar\/d8d45f8901aadff40a4af72c0b826f1d?s=96&#038;r=g&#038;d=mm","contentUrl":"\/\/www.gravatar.com\/avatar\/d8d45f8901aadff40a4af72c0b826f1d?s=96&#038;r=g&#038;d=mm","caption":"dorogimedence.hu"}}]}},"_links":{"self":[{"href":"https:\/\/dorogimedence.hu\/index.php\/wp-json\/wp\/v2\/posts\/73615","targetHints":{"allow":["GET"]}}],"collection":[{"href":"https:\/\/dorogimedence.hu\/index.php\/wp-json\/wp\/v2\/posts"}],"about":[{"href":"https:\/\/dorogimedence.hu\/index.php\/wp-json\/wp\/v2\/types\/post"}],"author":[{"embeddable":true,"href":"https:\/\/dorogimedence.hu\/index.php\/wp-json\/wp\/v2\/users\/1"}],"replies":[{"embeddable":true,"href":"https:\/\/dorogimedence.hu\/index.php\/wp-json\/wp\/v2\/comments?post=73615"}],"version-history":[{"count":0,"href":"https:\/\/dorogimedence.hu\/index.php\/wp-json\/wp\/v2\/posts\/73615\/revisions"}],"wp:featuredmedia":[{"embeddable":true,"href":"https:\/\/dorogimedence.hu\/index.php\/wp-json\/wp\/v2\/media\/73616"}],"wp:attachment":[{"href":"https:\/\/dorogimedence.hu\/index.php\/wp-json\/wp\/v2\/media?parent=73615"}],"wp:term":[{"taxonomy":"category","embeddable":true,"href":"https:\/\/dorogimedence.hu\/index.php\/wp-json\/wp\/v2\/categories?post=73615"},{"taxonomy":"post_tag","embeddable":true,"href":"https:\/\/dorogimedence.hu\/index.php\/wp-json\/wp\/v2\/tags?post=73615"}],"curies":[{"name":"wp","href":"https:\/\/api.w.org\/{rel}","templated":true}]}}