{"id":73553,"date":"2025-08-22T09:05:06","date_gmt":"2025-08-22T07:05:06","guid":{"rendered":"https:\/\/dorogimedence.hu\/?p=73553"},"modified":"2025-08-22T09:05:06","modified_gmt":"2025-08-22T07:05:06","slug":"egy-bajnai-tuzolto-munkajat-is-elismertek","status":"publish","type":"post","link":"https:\/\/dorogimedence.hu\/index.php\/2025\/08\/22\/egy-bajnai-tuzolto-munkajat-is-elismertek\/","title":{"rendered":"Egy bajnai t\u0171zolt\u00f3 munk\u00e1j\u00e1t is elismert\u00e9k"},"content":{"rendered":"<div class=\"article-descript\">\n<p><strong>A Bajnai Katasztr\u00f3fav\u00e9delmi \u0150rs t\u0171zolt\u00f3 g\u00e9pj\u00e1rm\u0171vezet\u0151j\u00e9nek munk\u00e1j\u00e1t a Bel\u00fcgyminiszt\u00e9riumban, k\u00e9t tatab\u00e1nyai t\u0171zolt\u00f3 helyt\u00e1ll\u00e1s\u00e1t a BM Orsz\u00e1gos Katasztr\u00f3fav\u00e9delmi F\u0151igazgat\u00f3s\u00e1gon ismert\u00e9k el a nemzeti \u00fcnnep alkalm\u00e1b\u00f3l<\/strong><\/p>\n<\/div>\n<div class=\"text\">\n<p>Sulyok Tam\u00e1s, Magyarorsz\u00e1g k\u00f6zt\u00e1rsas\u00e1gi eln\u00f6ke \u2013 a bel\u00fcgyminiszter el\u0151terjeszt\u00e9s\u00e9re \u2013 a <strong>Magyar Bronz \u00c9rdemkereszt katonai tagozat\u00e1t<\/strong> adom\u00e1nyozta csaknem k\u00e9t \u00e9vtizedes sz\u00ednvonalas szolg\u00e1lati tev\u00e9kenys\u00e9ge elismer\u00e9sek\u00e9nt <strong>Koll\u00e1r Fl\u00f3ri\u00e1n Tam\u00e1s<\/strong> <strong>t\u0171zolt\u00f3 f\u0151t\u00f6rzs\u0151rmester<\/strong>nek, a Kom\u00e1rom-Esztergom V\u00e1rmegyei Katasztr\u00f3fav\u00e9delmi Igazgat\u00f3s\u00e1g Esztergomi Katasztr\u00f3fav\u00e9delmi Kirendelts\u00e9g Esztergomi Hivat\u00e1sos T\u0171zolt\u00f3-parancsnoks\u00e1g, Bajnai Katasztr\u00f3fav\u00e9delmi \u0150rs <strong>g\u00e9pj\u00e1rm\u0171vezet\u0151<\/strong>j\u00e9nek. Nevezett az elismer\u00e9s\u00e9t a Bel\u00fcgyminiszt\u00e9riumban vette \u00e1t augusztus 19-\u00e9n d\u00e9lel\u0151tt.<\/p>\n<p>Az Orsz\u00e1gos Katasztr\u00f3fav\u00e9delmi F\u0151igazgat\u00f3s\u00e1gon tartott \u00fcnneps\u00e9gen Dr. G\u00f3ra Zolt\u00e1n f\u0151igazgat\u00f3&nbsp;kiemelked\u0151 tev\u00e9kenys\u00e9g\u00fck\u00e9rt <strong>H\u0151sies Helyt\u00e1ll\u00e1s\u00e9rt<\/strong>&nbsp;elismer\u00e9sben r\u00e9szes\u00edtette <strong>Janki Csaba t\u0171zolt\u00f3 z\u00e1szl\u00f3s<\/strong>t, a Tatab\u00e1nyai Hivat\u00e1sos T\u0171zolt\u00f3-parancsnoks\u00e1g k\u00fcl\u00f6nlegesszer-kezel\u0151j\u00e9t \u00e9s <strong>Szab\u00f3 Gyula t\u0171zolt\u00f3 f\u0151t\u00f6rzs\u0151rmester<\/strong>t, a Tatab\u00e1nyai Hivat\u00e1sos T\u0171zolt\u00f3-parancsnoks\u00e1g beosztott t\u0171zolt\u00f3j\u00e1t.<\/p>\n<p>2025. j\u00fanius 13-\u00e1n a d\u00e9lut\u00e1ni \u00f3r\u00e1kban a k\u00e9t t\u0171zolt\u00f3 egym\u00e1st\u00f3l f\u00fcggetlen\u00fcl szabadnapjukon Tata telep\u00fcl\u00e9sen tart\u00f3zkodott, amikor az \u00e9gre n\u00e9zve s\u0171r\u0171 f\u00fcst\u00f6t l\u00e1ttak gomolyogni a k\u00f6zelben. Az els\u0151 gondolatuk az volt, hogy megn\u00e9zik hol keletkezhetett t\u0171z, h\u00e1tha tudnak valamiben seg\u00edteni. Egy t\u00f6bblak\u00e1sos ingatlan mell\u00e9k\u00e9p\u00fclete gyulladt ki. A helysz\u00ednen tart\u00f3zkod\u00f3 lak\u00f3k k\u00f6z\u00fcl n\u00e9h\u00e1nyan megpr\u00f3b\u00e1ltak visszarohanni a t\u0171zzel \u00e9rintett ter\u00fcletre, hogy ments\u00e9k a vagyont\u00e1rgyaikat. Egyik\u00fck kisebb \u00e9g\u00e9si s\u00e9r\u00fcl\u00e9seket szenvedett. Az \u00e9g\u0151 mell\u00e9k\u00e9p\u00fcletben h\u00e1rom prop\u00e1nbut\u00e1n-g\u00e1zpalack volt, ez\u00e9rt koll\u00e9g\u00e1ink gyorsan megkezdt\u00e9k a helysz\u00edn felder\u00edt\u00e9s\u00e9t, lez\u00e1rt\u00e1k azt a lak\u00f3k el\u0151l, valamint ki\u00fcr\u00edtett\u00e9k az ingatlan udvar\u00e1t. Id\u0151k\u00f6zben k\u00e9t palack felrobbant. A ki\u00e9rkez\u0151 hivat\u00e1sos egys\u00e9geket t\u00e1j\u00e9koztatt\u00e1k a megtett int\u00e9zked\u00e9sekr\u0151l, seg\u00edtettek az alapvezet\u00e9k szerel\u00e9s\u00e9ben, \u00e9s felder\u00edtett\u00e9k, hol van a legk\u00f6zelebbi t\u0171zcsap. Gyors reag\u00e1l\u00e1suknak k\u00f6sz\u00f6nhet\u0151en megel\u0151zt\u00e9k, hogy t\u00f6bb lak\u00f3 is megs\u00e9r\u00fclj\u00f6n, emellett megakad\u00e1lyozt\u00e1k a t\u0171z tov\u00e1bbterjed\u00e9s\u00e9t.<\/p>\n<p><em>Forr\u00e1s: Katasztr\u00f3fav\u00e9delem<\/em><br \/>\n<em>Fot\u00f3k: Tobak Ferenc RSOE, BM<\/em><\/p>\n<\/div>\n","protected":false},"excerpt":{"rendered":"<p>A Bajnai Katasztr\u00f3fav\u00e9delmi \u0150rs t\u0171zolt\u00f3 g\u00e9pj\u00e1rm\u0171vezet\u0151j\u00e9nek munk\u00e1j\u00e1t a Bel\u00fcgyminiszt\u00e9riumban, k\u00e9t tatab\u00e1nyai t\u0171zolt\u00f3 helyt\u00e1ll\u00e1s\u00e1t a BM Orsz\u00e1gos Katasztr\u00f3fav\u00e9delmi F\u0151igazgat\u00f3s\u00e1gon ismert\u00e9k el a nemzeti \u00fcnnep alkalm\u00e1b\u00f3l Sulyok Tam\u00e1s, Magyarorsz\u00e1g k\u00f6zt\u00e1rsas\u00e1gi eln\u00f6ke \u2013 a bel\u00fcgyminiszter el\u0151terjeszt\u00e9s\u00e9re \u2013 a Magyar Bronz \u00c9rdemkereszt katonai tagozat\u00e1t adom\u00e1nyozta csaknem k\u00e9t \u00e9vtizedes sz\u00ednvonalas szolg\u00e1lati tev\u00e9kenys\u00e9ge elismer\u00e9sek\u00e9nt Koll\u00e1r Fl\u00f3ri\u00e1n Tam\u00e1s t\u0171zolt\u00f3 f\u0151t\u00f6rzs\u0151rmesternek, a Kom\u00e1rom-Esztergom<\/p>\n","protected":false},"author":1,"featured_media":73554,"comment_status":"closed","ping_status":"closed","sticky":false,"template":"","format":"standard","meta":{"ngg_post_thumbnail":0,"footnotes":""},"categories":[3],"tags":[1260,249,419,175,519,65],"class_list":{"0":"post-73553","1":"post","2":"type-post","3":"status-publish","4":"format-standard","5":"has-post-thumbnail","7":"category-hirek","8":"tag-augusztus-20","9":"tag-bajna","10":"tag-elismeres","11":"tag-katasztrofavedelem","12":"tag-kituntetes","13":"tag-tuzoltosag"},"yoast_head":"<!-- This site is optimized with the Yoast SEO plugin v27.5 - https:\/\/yoast.com\/product\/yoast-seo-wordpress\/ -->\n<title>Egy bajnai t\u0171zolt\u00f3 munk\u00e1j\u00e1t is elismert\u00e9k<\/title>\n<meta name=\"robots\" content=\"index, follow, max-snippet:-1, max-image-preview:large, max-video-preview:-1\" \/>\n<link rel=\"canonical\" href=\"https:\/\/dorogimedence.hu\/index.php\/2025\/08\/22\/egy-bajnai-tuzolto-munkajat-is-elismertek\/\" class=\"yoast-seo-meta-tag\" \/>\n<meta property=\"og:locale\" content=\"hu_HU\" class=\"yoast-seo-meta-tag\" \/>\n<meta property=\"og:type\" content=\"article\" class=\"yoast-seo-meta-tag\" \/>\n<meta property=\"og:title\" content=\"Egy bajnai t\u0171zolt\u00f3 munk\u00e1j\u00e1t is elismert\u00e9k\" class=\"yoast-seo-meta-tag\" \/>\n<meta property=\"og:description\" content=\"A Bajnai Katasztr\u00f3fav\u00e9delmi \u0150rs t\u0171zolt\u00f3 g\u00e9pj\u00e1rm\u0171vezet\u0151j\u00e9nek munk\u00e1j\u00e1t a Bel\u00fcgyminiszt\u00e9riumban, k\u00e9t tatab\u00e1nyai t\u0171zolt\u00f3 helyt\u00e1ll\u00e1s\u00e1t a BM Orsz\u00e1gos Katasztr\u00f3fav\u00e9delmi F\u0151igazgat\u00f3s\u00e1gon ismert\u00e9k el a nemzeti \u00fcnnep alkalm\u00e1b\u00f3l Sulyok Tam\u00e1s, Magyarorsz\u00e1g k\u00f6zt\u00e1rsas\u00e1gi eln\u00f6ke \u2013 a bel\u00fcgyminiszter el\u0151terjeszt\u00e9s\u00e9re \u2013 a Magyar Bronz \u00c9rdemkereszt katonai tagozat\u00e1t adom\u00e1nyozta csaknem k\u00e9t \u00e9vtizedes sz\u00ednvonalas szolg\u00e1lati tev\u00e9kenys\u00e9ge elismer\u00e9sek\u00e9nt Koll\u00e1r Fl\u00f3ri\u00e1n Tam\u00e1s t\u0171zolt\u00f3 f\u0151t\u00f6rzs\u0151rmesternek, a Kom\u00e1rom-Esztergom\" class=\"yoast-seo-meta-tag\" \/>\n<meta property=\"og:url\" content=\"https:\/\/dorogimedence.hu\/index.php\/2025\/08\/22\/egy-bajnai-tuzolto-munkajat-is-elismertek\/\" class=\"yoast-seo-meta-tag\" \/>\n<meta property=\"og:site_name\" content=\"Dorogi-medence Region\u00e1lis H\u00edrport\u00e1l\" class=\"yoast-seo-meta-tag\" \/>\n<meta property=\"article:publisher\" content=\"https:\/\/www.facebook.com\/dorogimedence\/\" class=\"yoast-seo-meta-tag\" \/>\n<meta property=\"article:published_time\" content=\"2025-08-22T07:05:06+00:00\" class=\"yoast-seo-meta-tag\" \/>\n<meta property=\"og:image\" content=\"https:\/\/dorogimedence.hu\/wp-content\/uploads\/2025\/08\/1132519.jpg\" class=\"yoast-seo-meta-tag\" \/>\n\t<meta property=\"og:image:width\" content=\"1024\" class=\"yoast-seo-meta-tag\" \/>\n\t<meta property=\"og:image:height\" content=\"682\" class=\"yoast-seo-meta-tag\" \/>\n\t<meta property=\"og:image:type\" content=\"image\/jpeg\" class=\"yoast-seo-meta-tag\" \/>\n<meta name=\"author\" content=\"dorogimedence.hu\" class=\"yoast-seo-meta-tag\" \/>\n<meta name=\"twitter:card\" content=\"summary_large_image\" class=\"yoast-seo-meta-tag\" \/>\n<meta name=\"twitter:label1\" content=\"Szerz\u0151:\" class=\"yoast-seo-meta-tag\" \/>\n\t<meta name=\"twitter:data1\" content=\"dorogimedence.hu\" class=\"yoast-seo-meta-tag\" \/>\n\t<meta name=\"twitter:label2\" content=\"Becs\u00fclt olvas\u00e1si id\u0151\" class=\"yoast-seo-meta-tag\" \/>\n\t<meta name=\"twitter:data2\" content=\"2 perc\" class=\"yoast-seo-meta-tag\" \/>\n<script type=\"application\/ld+json\" class=\"yoast-schema-graph\">{\"@context\":\"https:\\\/\\\/schema.org\",\"@graph\":[{\"@type\":\"Article\",\"@id\":\"https:\\\/\\\/dorogimedence.hu\\\/index.php\\\/2025\\\/08\\\/22\\\/egy-bajnai-tuzolto-munkajat-is-elismertek\\\/#article\",\"isPartOf\":{\"@id\":\"https:\\\/\\\/dorogimedence.hu\\\/index.php\\\/2025\\\/08\\\/22\\\/egy-bajnai-tuzolto-munkajat-is-elismertek\\\/\"},\"author\":{\"name\":\"dorogimedence.hu\",\"@id\":\"https:\\\/\\\/dorogimedence.hu\\\/#\\\/schema\\\/person\\\/ce6091eeb7e95ecdc87890d6aa8e0fd4\"},\"headline\":\"Egy bajnai t\u0171zolt\u00f3 munk\u00e1j\u00e1t is elismert\u00e9k\",\"datePublished\":\"2025-08-22T07:05:06+00:00\",\"mainEntityOfPage\":{\"@id\":\"https:\\\/\\\/dorogimedence.hu\\\/index.php\\\/2025\\\/08\\\/22\\\/egy-bajnai-tuzolto-munkajat-is-elismertek\\\/\"},\"wordCount\":493,\"publisher\":{\"@id\":\"https:\\\/\\\/dorogimedence.hu\\\/#organization\"},\"image\":{\"@id\":\"https:\\\/\\\/dorogimedence.hu\\\/index.php\\\/2025\\\/08\\\/22\\\/egy-bajnai-tuzolto-munkajat-is-elismertek\\\/#primaryimage\"},\"thumbnailUrl\":\"https:\\\/\\\/dorogimedence.hu\\\/wp-content\\\/uploads\\\/2025\\\/08\\\/1132519.jpg\",\"keywords\":[\"augusztus 20.\",\"Bajna\",\"elismer\u00e9s\",\"katasztr\u00f3fav\u00e9delem\",\"kit\u00fcntet\u00e9s\",\"t\u0171zolt\u00f3s\u00e1g\"],\"articleSection\":[\"H\u00edrek\"],\"inLanguage\":\"hu\"},{\"@type\":\"WebPage\",\"@id\":\"https:\\\/\\\/dorogimedence.hu\\\/index.php\\\/2025\\\/08\\\/22\\\/egy-bajnai-tuzolto-munkajat-is-elismertek\\\/\",\"url\":\"https:\\\/\\\/dorogimedence.hu\\\/index.php\\\/2025\\\/08\\\/22\\\/egy-bajnai-tuzolto-munkajat-is-elismertek\\\/\",\"name\":\"Egy bajnai t\u0171zolt\u00f3 munk\u00e1j\u00e1t is elismert\u00e9k\",\"isPartOf\":{\"@id\":\"https:\\\/\\\/dorogimedence.hu\\\/#website\"},\"primaryImageOfPage\":{\"@id\":\"https:\\\/\\\/dorogimedence.hu\\\/index.php\\\/2025\\\/08\\\/22\\\/egy-bajnai-tuzolto-munkajat-is-elismertek\\\/#primaryimage\"},\"image\":{\"@id\":\"https:\\\/\\\/dorogimedence.hu\\\/index.php\\\/2025\\\/08\\\/22\\\/egy-bajnai-tuzolto-munkajat-is-elismertek\\\/#primaryimage\"},\"thumbnailUrl\":\"https:\\\/\\\/dorogimedence.hu\\\/wp-content\\\/uploads\\\/2025\\\/08\\\/1132519.jpg\",\"datePublished\":\"2025-08-22T07:05:06+00:00\",\"breadcrumb\":{\"@id\":\"https:\\\/\\\/dorogimedence.hu\\\/index.php\\\/2025\\\/08\\\/22\\\/egy-bajnai-tuzolto-munkajat-is-elismertek\\\/#breadcrumb\"},\"inLanguage\":\"hu\",\"potentialAction\":[{\"@type\":\"ReadAction\",\"target\":[\"https:\\\/\\\/dorogimedence.hu\\\/index.php\\\/2025\\\/08\\\/22\\\/egy-bajnai-tuzolto-munkajat-is-elismertek\\\/\"]}]},{\"@type\":\"ImageObject\",\"inLanguage\":\"hu\",\"@id\":\"https:\\\/\\\/dorogimedence.hu\\\/index.php\\\/2025\\\/08\\\/22\\\/egy-bajnai-tuzolto-munkajat-is-elismertek\\\/#primaryimage\",\"url\":\"https:\\\/\\\/dorogimedence.hu\\\/wp-content\\\/uploads\\\/2025\\\/08\\\/1132519.jpg\",\"contentUrl\":\"https:\\\/\\\/dorogimedence.hu\\\/wp-content\\\/uploads\\\/2025\\\/08\\\/1132519.jpg\",\"width\":1024,\"height\":682},{\"@type\":\"BreadcrumbList\",\"@id\":\"https:\\\/\\\/dorogimedence.hu\\\/index.php\\\/2025\\\/08\\\/22\\\/egy-bajnai-tuzolto-munkajat-is-elismertek\\\/#breadcrumb\",\"itemListElement\":[{\"@type\":\"ListItem\",\"position\":1,\"name\":\"Kezd\u0151lap\",\"item\":\"https:\\\/\\\/dorogimedence.hu\\\/\"},{\"@type\":\"ListItem\",\"position\":2,\"name\":\"Egy bajnai t\u0171zolt\u00f3 munk\u00e1j\u00e1t is elismert\u00e9k\"}]},{\"@type\":\"WebSite\",\"@id\":\"https:\\\/\\\/dorogimedence.hu\\\/#website\",\"url\":\"https:\\\/\\\/dorogimedence.hu\\\/\",\"name\":\"Dorogi-medence Region\u00e1lis H\u00edrport\u00e1l\",\"description\":\"Dorog, Keszt\u00f6lc, Le\u00e1nyv\u00e1r, Piliscs\u00e9v, Tokod, Tokodalt\u00e1r\u00f3, Csolnok, Esztergom-kertv\u00e1ros: h\u00edrek, programok\",\"publisher\":{\"@id\":\"https:\\\/\\\/dorogimedence.hu\\\/#organization\"},\"potentialAction\":[{\"@type\":\"SearchAction\",\"target\":{\"@type\":\"EntryPoint\",\"urlTemplate\":\"https:\\\/\\\/dorogimedence.hu\\\/?s={search_term_string}\"},\"query-input\":{\"@type\":\"PropertyValueSpecification\",\"valueRequired\":true,\"valueName\":\"search_term_string\"}}],\"inLanguage\":\"hu\"},{\"@type\":\"Organization\",\"@id\":\"https:\\\/\\\/dorogimedence.hu\\\/#organization\",\"name\":\"Dorogi-medence Region\u00e1lis H\u00edrport\u00e1l\",\"url\":\"https:\\\/\\\/dorogimedence.hu\\\/\",\"logo\":{\"@type\":\"ImageObject\",\"inLanguage\":\"hu\",\"@id\":\"https:\\\/\\\/dorogimedence.hu\\\/#\\\/schema\\\/logo\\\/image\\\/\",\"url\":\"https:\\\/\\\/dorogimedence.hu\\\/wp-content\\\/uploads\\\/2021\\\/04\\\/logo-feher-600.png\",\"contentUrl\":\"https:\\\/\\\/dorogimedence.hu\\\/wp-content\\\/uploads\\\/2021\\\/04\\\/logo-feher-600.png\",\"width\":600,\"height\":100,\"caption\":\"Dorogi-medence Region\u00e1lis H\u00edrport\u00e1l\"},\"image\":{\"@id\":\"https:\\\/\\\/dorogimedence.hu\\\/#\\\/schema\\\/logo\\\/image\\\/\"},\"sameAs\":[\"https:\\\/\\\/www.facebook.com\\\/dorogimedence\\\/\"]},{\"@type\":\"Person\",\"@id\":\"https:\\\/\\\/dorogimedence.hu\\\/#\\\/schema\\\/person\\\/ce6091eeb7e95ecdc87890d6aa8e0fd4\",\"name\":\"dorogimedence.hu\",\"image\":{\"@type\":\"ImageObject\",\"inLanguage\":\"hu\",\"@id\":\"\\\/\\\/www.gravatar.com\\\/avatar\\\/d8d45f8901aadff40a4af72c0b826f1d?s=96&#038;r=g&#038;d=mm\",\"url\":\"\\\/\\\/www.gravatar.com\\\/avatar\\\/d8d45f8901aadff40a4af72c0b826f1d?s=96&#038;r=g&#038;d=mm\",\"contentUrl\":\"\\\/\\\/www.gravatar.com\\\/avatar\\\/d8d45f8901aadff40a4af72c0b826f1d?s=96&#038;r=g&#038;d=mm\",\"caption\":\"dorogimedence.hu\"}}]}<\/script>\n<!-- \/ Yoast SEO plugin. -->","yoast_head_json":{"title":"Egy bajnai t\u0171zolt\u00f3 munk\u00e1j\u00e1t is elismert\u00e9k","robots":{"index":"index","follow":"follow","max-snippet":"max-snippet:-1","max-image-preview":"max-image-preview:large","max-video-preview":"max-video-preview:-1"},"canonical":"https:\/\/dorogimedence.hu\/index.php\/2025\/08\/22\/egy-bajnai-tuzolto-munkajat-is-elismertek\/","og_locale":"hu_HU","og_type":"article","og_title":"Egy bajnai t\u0171zolt\u00f3 munk\u00e1j\u00e1t is elismert\u00e9k","og_description":"A Bajnai Katasztr\u00f3fav\u00e9delmi \u0150rs t\u0171zolt\u00f3 g\u00e9pj\u00e1rm\u0171vezet\u0151j\u00e9nek munk\u00e1j\u00e1t a Bel\u00fcgyminiszt\u00e9riumban, k\u00e9t tatab\u00e1nyai t\u0171zolt\u00f3 helyt\u00e1ll\u00e1s\u00e1t a BM Orsz\u00e1gos Katasztr\u00f3fav\u00e9delmi F\u0151igazgat\u00f3s\u00e1gon ismert\u00e9k el a nemzeti \u00fcnnep alkalm\u00e1b\u00f3l Sulyok Tam\u00e1s, Magyarorsz\u00e1g k\u00f6zt\u00e1rsas\u00e1gi eln\u00f6ke \u2013 a bel\u00fcgyminiszter el\u0151terjeszt\u00e9s\u00e9re \u2013 a Magyar Bronz \u00c9rdemkereszt katonai tagozat\u00e1t adom\u00e1nyozta csaknem k\u00e9t \u00e9vtizedes sz\u00ednvonalas szolg\u00e1lati tev\u00e9kenys\u00e9ge elismer\u00e9sek\u00e9nt Koll\u00e1r Fl\u00f3ri\u00e1n Tam\u00e1s t\u0171zolt\u00f3 f\u0151t\u00f6rzs\u0151rmesternek, a Kom\u00e1rom-Esztergom","og_url":"https:\/\/dorogimedence.hu\/index.php\/2025\/08\/22\/egy-bajnai-tuzolto-munkajat-is-elismertek\/","og_site_name":"Dorogi-medence Region\u00e1lis H\u00edrport\u00e1l","article_publisher":"https:\/\/www.facebook.com\/dorogimedence\/","article_published_time":"2025-08-22T07:05:06+00:00","og_image":[{"width":1024,"height":682,"url":"https:\/\/dorogimedence.hu\/wp-content\/uploads\/2025\/08\/1132519.jpg","type":"image\/jpeg"}],"author":"dorogimedence.hu","twitter_card":"summary_large_image","twitter_misc":{"Szerz\u0151:":"dorogimedence.hu","Becs\u00fclt olvas\u00e1si id\u0151":"2 perc"},"schema":{"@context":"https:\/\/schema.org","@graph":[{"@type":"Article","@id":"https:\/\/dorogimedence.hu\/index.php\/2025\/08\/22\/egy-bajnai-tuzolto-munkajat-is-elismertek\/#article","isPartOf":{"@id":"https:\/\/dorogimedence.hu\/index.php\/2025\/08\/22\/egy-bajnai-tuzolto-munkajat-is-elismertek\/"},"author":{"name":"dorogimedence.hu","@id":"https:\/\/dorogimedence.hu\/#\/schema\/person\/ce6091eeb7e95ecdc87890d6aa8e0fd4"},"headline":"Egy bajnai t\u0171zolt\u00f3 munk\u00e1j\u00e1t is elismert\u00e9k","datePublished":"2025-08-22T07:05:06+00:00","mainEntityOfPage":{"@id":"https:\/\/dorogimedence.hu\/index.php\/2025\/08\/22\/egy-bajnai-tuzolto-munkajat-is-elismertek\/"},"wordCount":493,"publisher":{"@id":"https:\/\/dorogimedence.hu\/#organization"},"image":{"@id":"https:\/\/dorogimedence.hu\/index.php\/2025\/08\/22\/egy-bajnai-tuzolto-munkajat-is-elismertek\/#primaryimage"},"thumbnailUrl":"https:\/\/dorogimedence.hu\/wp-content\/uploads\/2025\/08\/1132519.jpg","keywords":["augusztus 20.","Bajna","elismer\u00e9s","katasztr\u00f3fav\u00e9delem","kit\u00fcntet\u00e9s","t\u0171zolt\u00f3s\u00e1g"],"articleSection":["H\u00edrek"],"inLanguage":"hu"},{"@type":"WebPage","@id":"https:\/\/dorogimedence.hu\/index.php\/2025\/08\/22\/egy-bajnai-tuzolto-munkajat-is-elismertek\/","url":"https:\/\/dorogimedence.hu\/index.php\/2025\/08\/22\/egy-bajnai-tuzolto-munkajat-is-elismertek\/","name":"Egy bajnai t\u0171zolt\u00f3 munk\u00e1j\u00e1t is elismert\u00e9k","isPartOf":{"@id":"https:\/\/dorogimedence.hu\/#website"},"primaryImageOfPage":{"@id":"https:\/\/dorogimedence.hu\/index.php\/2025\/08\/22\/egy-bajnai-tuzolto-munkajat-is-elismertek\/#primaryimage"},"image":{"@id":"https:\/\/dorogimedence.hu\/index.php\/2025\/08\/22\/egy-bajnai-tuzolto-munkajat-is-elismertek\/#primaryimage"},"thumbnailUrl":"https:\/\/dorogimedence.hu\/wp-content\/uploads\/2025\/08\/1132519.jpg","datePublished":"2025-08-22T07:05:06+00:00","breadcrumb":{"@id":"https:\/\/dorogimedence.hu\/index.php\/2025\/08\/22\/egy-bajnai-tuzolto-munkajat-is-elismertek\/#breadcrumb"},"inLanguage":"hu","potentialAction":[{"@type":"ReadAction","target":["https:\/\/dorogimedence.hu\/index.php\/2025\/08\/22\/egy-bajnai-tuzolto-munkajat-is-elismertek\/"]}]},{"@type":"ImageObject","inLanguage":"hu","@id":"https:\/\/dorogimedence.hu\/index.php\/2025\/08\/22\/egy-bajnai-tuzolto-munkajat-is-elismertek\/#primaryimage","url":"https:\/\/dorogimedence.hu\/wp-content\/uploads\/2025\/08\/1132519.jpg","contentUrl":"https:\/\/dorogimedence.hu\/wp-content\/uploads\/2025\/08\/1132519.jpg","width":1024,"height":682},{"@type":"BreadcrumbList","@id":"https:\/\/dorogimedence.hu\/index.php\/2025\/08\/22\/egy-bajnai-tuzolto-munkajat-is-elismertek\/#breadcrumb","itemListElement":[{"@type":"ListItem","position":1,"name":"Kezd\u0151lap","item":"https:\/\/dorogimedence.hu\/"},{"@type":"ListItem","position":2,"name":"Egy bajnai t\u0171zolt\u00f3 munk\u00e1j\u00e1t is elismert\u00e9k"}]},{"@type":"WebSite","@id":"https:\/\/dorogimedence.hu\/#website","url":"https:\/\/dorogimedence.hu\/","name":"Dorogi-medence Region\u00e1lis H\u00edrport\u00e1l","description":"Dorog, Keszt\u00f6lc, Le\u00e1nyv\u00e1r, Piliscs\u00e9v, Tokod, Tokodalt\u00e1r\u00f3, Csolnok, Esztergom-kertv\u00e1ros: h\u00edrek, programok","publisher":{"@id":"https:\/\/dorogimedence.hu\/#organization"},"potentialAction":[{"@type":"SearchAction","target":{"@type":"EntryPoint","urlTemplate":"https:\/\/dorogimedence.hu\/?s={search_term_string}"},"query-input":{"@type":"PropertyValueSpecification","valueRequired":true,"valueName":"search_term_string"}}],"inLanguage":"hu"},{"@type":"Organization","@id":"https:\/\/dorogimedence.hu\/#organization","name":"Dorogi-medence Region\u00e1lis H\u00edrport\u00e1l","url":"https:\/\/dorogimedence.hu\/","logo":{"@type":"ImageObject","inLanguage":"hu","@id":"https:\/\/dorogimedence.hu\/#\/schema\/logo\/image\/","url":"https:\/\/dorogimedence.hu\/wp-content\/uploads\/2021\/04\/logo-feher-600.png","contentUrl":"https:\/\/dorogimedence.hu\/wp-content\/uploads\/2021\/04\/logo-feher-600.png","width":600,"height":100,"caption":"Dorogi-medence Region\u00e1lis H\u00edrport\u00e1l"},"image":{"@id":"https:\/\/dorogimedence.hu\/#\/schema\/logo\/image\/"},"sameAs":["https:\/\/www.facebook.com\/dorogimedence\/"]},{"@type":"Person","@id":"https:\/\/dorogimedence.hu\/#\/schema\/person\/ce6091eeb7e95ecdc87890d6aa8e0fd4","name":"dorogimedence.hu","image":{"@type":"ImageObject","inLanguage":"hu","@id":"\/\/www.gravatar.com\/avatar\/d8d45f8901aadff40a4af72c0b826f1d?s=96&#038;r=g&#038;d=mm","url":"\/\/www.gravatar.com\/avatar\/d8d45f8901aadff40a4af72c0b826f1d?s=96&#038;r=g&#038;d=mm","contentUrl":"\/\/www.gravatar.com\/avatar\/d8d45f8901aadff40a4af72c0b826f1d?s=96&#038;r=g&#038;d=mm","caption":"dorogimedence.hu"}}]}},"_links":{"self":[{"href":"https:\/\/dorogimedence.hu\/index.php\/wp-json\/wp\/v2\/posts\/73553","targetHints":{"allow":["GET"]}}],"collection":[{"href":"https:\/\/dorogimedence.hu\/index.php\/wp-json\/wp\/v2\/posts"}],"about":[{"href":"https:\/\/dorogimedence.hu\/index.php\/wp-json\/wp\/v2\/types\/post"}],"author":[{"embeddable":true,"href":"https:\/\/dorogimedence.hu\/index.php\/wp-json\/wp\/v2\/users\/1"}],"replies":[{"embeddable":true,"href":"https:\/\/dorogimedence.hu\/index.php\/wp-json\/wp\/v2\/comments?post=73553"}],"version-history":[{"count":0,"href":"https:\/\/dorogimedence.hu\/index.php\/wp-json\/wp\/v2\/posts\/73553\/revisions"}],"wp:featuredmedia":[{"embeddable":true,"href":"https:\/\/dorogimedence.hu\/index.php\/wp-json\/wp\/v2\/media\/73554"}],"wp:attachment":[{"href":"https:\/\/dorogimedence.hu\/index.php\/wp-json\/wp\/v2\/media?parent=73553"}],"wp:term":[{"taxonomy":"category","embeddable":true,"href":"https:\/\/dorogimedence.hu\/index.php\/wp-json\/wp\/v2\/categories?post=73553"},{"taxonomy":"post_tag","embeddable":true,"href":"https:\/\/dorogimedence.hu\/index.php\/wp-json\/wp\/v2\/tags?post=73553"}],"curies":[{"name":"wp","href":"https:\/\/api.w.org\/{rel}","templated":true}]}}