{"id":73486,"date":"2025-08-18T10:46:11","date_gmt":"2025-08-18T08:46:11","guid":{"rendered":"https:\/\/dorogimedence.hu\/?p=73486"},"modified":"2025-08-18T10:46:11","modified_gmt":"2025-08-18T08:46:11","slug":"tovabbra-is-veretlen-a-dorog","status":"publish","type":"post","link":"https:\/\/dorogimedence.hu\/index.php\/2025\/08\/18\/tovabbra-is-veretlen-a-dorog\/","title":{"rendered":"Tov\u00e1bbra is veretlen a Dorog"},"content":{"rendered":"<p><strong>A Labdar\u00fag\u00f3 NB III. \u00c9szak-Nyugati csoport 4. fordul\u00f3j\u00e1ban az Ikoba Beton Zs\u00e1mb\u00e9k vend\u00e9ge a Dorogi FC volt augusztus 17-\u00e9n, vas\u00e1rnap d\u00e9lut\u00e1n. A m\u00e9rk\u0151z\u00e9sen a Dorog 2-1-re gy\u0151zte le a hazaiakat.<\/strong><\/p>\n<p>R\u00f6gt\u00f6n az els\u0151 t\u00e1mad\u00e1sb\u00f3l a dorogiak megszerezt\u00e9k a vezet\u00e9st, miut\u00e1n az egyik hazai v\u00e9d\u0151 egy bead\u00e1s ut\u00e1n szerencs\u00e9tlen\u00fcl \u00e9rt a labd\u00e1ba \u00e9s \u00edgy a saj\u00e1t kapuj\u00e1ba r\u00fagta (0-1). A 20. percben egy tizenhatoson bel\u00fcli kavarod\u00e1s ut\u00e1n Tischler Patrik el\u00e9 ker\u00fclt a labda, aki a helyzetet higgadtan \u00e9rt\u00e9kes\u00edtette a vend\u00e9gek r\u00e9sz\u00e9re (0-2). Egy labdaveszt\u00e9st k\u00f6vet\u0151en a Zs\u00e1mb\u00e9k egy sz\u00e9p kontr\u00e1t vezetett, amit \u00e9rt\u00e9kes\u00edtettek is a 62. percben (1-2).<\/p>\n<p>\u201eA v\u00e9geredm\u00e9ny 1-2, nehezen, de megvan a 4. gy\u0151zelm\u00fcnk. Az els\u0151 f\u00e9lid\u0151ben rengeteg helyzetet hagytunk ki, m\u00edg a m\u00e1sodik j\u00e1t\u00e9kr\u00e9szben nem siker\u00fclt a megfelel\u0151 intenzit\u00e1s\u00fa j\u00e1t\u00e9kot hozni, magunkra h\u00faztuk az ellenfelet. A csapong\u00f3 j\u00e1t\u00e9k sor\u00e1n siker\u00fclt sz\u00e9p\u00edteni\u00fck, majd a f\u00e9lid\u0151 tov\u00e1bbi r\u00e9sz\u00e9ben kapusunk t\u00f6bb sz\u00e9p v\u00e9d\u00e9st bemutatott, \u00edgy v\u00e9g\u00fcl a hazai csapat nem tudott egyenl\u00edteni.\u201d \u2013 k\u00f6z\u00f6lte a klub vezet\u0151s\u00e9ge a k\u00f6z\u00f6ss\u00e9gi oldal\u00e1n.<\/p>\n<p>A Dorogi FC 4 fordul\u00f3 ut\u00e1n veretlen\u00fcl, 12 ponttal a tabella 2. hely\u00e9t foglalja el. A m\u00e9rk\u0151z\u00e9s jegyz\u0151k\u00f6nyve <a href=\"https:\/\/adatbank.mlsz.hu\/match\/65\/0\/31783\/4\/2070180.html\" target=\"_blank\" rel=\"noopener\"><span style=\"text-decoration: underline; color: #0000ff;\">ide kattintva<\/span><\/a> tekinthet\u0151 meg.<\/p>\n<p>Augusztus 23-\u00e1n, szombaton a Magyar Kupa m\u00e1sodik fordul\u00f3j\u00e1ban a Dorogi FC a Kapuv\u00e1r otthon\u00e1ba l\u00e1togat, ezt k\u00f6vet\u0151en a bajnoks\u00e1g 5. fordul\u00f3j\u00e1ra augusztus 27-\u00e9n, szerd\u00e1n ker\u00fcl sor, melynek keret\u00e9ben a Dorogi FC vend\u00e9ge a P\u00e1pa csapata lesz.<\/p>\n<p><em>Forr\u00e1s: Dorogi Futball Kft. \/ MLSZ \/ dorogimedence.hu<\/em><\/p>\n","protected":false},"excerpt":{"rendered":"<p>A Labdar\u00fag\u00f3 NB III. \u00c9szak-Nyugati csoport 4. fordul\u00f3j\u00e1ban az Ikoba Beton Zs\u00e1mb\u00e9k vend\u00e9ge a Dorogi FC volt augusztus 17-\u00e9n, vas\u00e1rnap d\u00e9lut\u00e1n. A m\u00e9rk\u0151z\u00e9sen a Dorog 2-1-re gy\u0151zte le a hazaiakat. R\u00f6gt\u00f6n az els\u0151 t\u00e1mad\u00e1sb\u00f3l a dorogiak megszerezt\u00e9k a vezet\u00e9st, miut\u00e1n az egyik hazai v\u00e9d\u0151 egy bead\u00e1s ut\u00e1n szerencs\u00e9tlen\u00fcl \u00e9rt a labd\u00e1ba \u00e9s \u00edgy a saj\u00e1t<\/p>\n","protected":false},"author":1,"featured_media":44596,"comment_status":"closed","ping_status":"closed","sticky":false,"template":"","format":"standard","meta":{"ngg_post_thumbnail":0,"footnotes":""},"categories":[2,3,5],"tags":[15,37,70,69,72,7311,16,945],"class_list":{"0":"post-73486","1":"post","2":"type-post","3":"status-publish","4":"format-standard","5":"has-post-thumbnail","7":"category-dorog","8":"category-hirek","9":"category-sport","10":"tag-dorog","11":"tag-dorogi-fc","12":"tag-foci","13":"tag-futball","14":"tag-labdarugas","15":"tag-nb-iii","16":"tag-sport","17":"tag-zsambek"},"yoast_head":"<!-- This site is optimized with the Yoast SEO plugin v27.4 - https:\/\/yoast.com\/product\/yoast-seo-wordpress\/ -->\n<title>Tov\u00e1bbra is veretlen a Dorog<\/title>\n<meta name=\"robots\" content=\"index, follow, max-snippet:-1, max-image-preview:large, max-video-preview:-1\" \/>\n<link rel=\"canonical\" href=\"https:\/\/dorogimedence.hu\/index.php\/2025\/08\/18\/tovabbra-is-veretlen-a-dorog\/\" class=\"yoast-seo-meta-tag\" \/>\n<meta property=\"og:locale\" content=\"hu_HU\" class=\"yoast-seo-meta-tag\" \/>\n<meta property=\"og:type\" content=\"article\" class=\"yoast-seo-meta-tag\" \/>\n<meta property=\"og:title\" content=\"Tov\u00e1bbra is veretlen a Dorog\" class=\"yoast-seo-meta-tag\" \/>\n<meta property=\"og:description\" content=\"A Labdar\u00fag\u00f3 NB III. \u00c9szak-Nyugati csoport 4. fordul\u00f3j\u00e1ban az Ikoba Beton Zs\u00e1mb\u00e9k vend\u00e9ge a Dorogi FC volt augusztus 17-\u00e9n, vas\u00e1rnap d\u00e9lut\u00e1n. A m\u00e9rk\u0151z\u00e9sen a Dorog 2-1-re gy\u0151zte le a hazaiakat. R\u00f6gt\u00f6n az els\u0151 t\u00e1mad\u00e1sb\u00f3l a dorogiak megszerezt\u00e9k a vezet\u00e9st, miut\u00e1n az egyik hazai v\u00e9d\u0151 egy bead\u00e1s ut\u00e1n szerencs\u00e9tlen\u00fcl \u00e9rt a labd\u00e1ba \u00e9s \u00edgy a saj\u00e1t\" class=\"yoast-seo-meta-tag\" \/>\n<meta property=\"og:url\" content=\"https:\/\/dorogimedence.hu\/index.php\/2025\/08\/18\/tovabbra-is-veretlen-a-dorog\/\" class=\"yoast-seo-meta-tag\" \/>\n<meta property=\"og:site_name\" content=\"Dorogi-medence Region\u00e1lis H\u00edrport\u00e1l\" class=\"yoast-seo-meta-tag\" \/>\n<meta property=\"article:publisher\" content=\"https:\/\/www.facebook.com\/dorogimedence\/\" class=\"yoast-seo-meta-tag\" \/>\n<meta property=\"article:published_time\" content=\"2025-08-18T08:46:11+00:00\" class=\"yoast-seo-meta-tag\" \/>\n<meta property=\"og:image\" content=\"https:\/\/dorogimedence.hu\/wp-content\/uploads\/2022\/07\/focilabda.jpg\" class=\"yoast-seo-meta-tag\" \/>\n\t<meta property=\"og:image:width\" content=\"1920\" class=\"yoast-seo-meta-tag\" \/>\n\t<meta property=\"og:image:height\" content=\"1161\" class=\"yoast-seo-meta-tag\" \/>\n\t<meta property=\"og:image:type\" content=\"image\/jpeg\" class=\"yoast-seo-meta-tag\" \/>\n<meta name=\"author\" content=\"dorogimedence.hu\" class=\"yoast-seo-meta-tag\" \/>\n<meta name=\"twitter:card\" content=\"summary_large_image\" class=\"yoast-seo-meta-tag\" \/>\n<meta name=\"twitter:label1\" content=\"Szerz\u0151:\" class=\"yoast-seo-meta-tag\" \/>\n\t<meta name=\"twitter:data1\" content=\"dorogimedence.hu\" class=\"yoast-seo-meta-tag\" \/>\n\t<meta name=\"twitter:label2\" content=\"Becs\u00fclt olvas\u00e1si id\u0151\" class=\"yoast-seo-meta-tag\" \/>\n\t<meta name=\"twitter:data2\" content=\"2 perc\" class=\"yoast-seo-meta-tag\" \/>\n<script type=\"application\/ld+json\" class=\"yoast-schema-graph\">{\"@context\":\"https:\\\/\\\/schema.org\",\"@graph\":[{\"@type\":\"Article\",\"@id\":\"https:\\\/\\\/dorogimedence.hu\\\/index.php\\\/2025\\\/08\\\/18\\\/tovabbra-is-veretlen-a-dorog\\\/#article\",\"isPartOf\":{\"@id\":\"https:\\\/\\\/dorogimedence.hu\\\/index.php\\\/2025\\\/08\\\/18\\\/tovabbra-is-veretlen-a-dorog\\\/\"},\"author\":{\"name\":\"dorogimedence.hu\",\"@id\":\"https:\\\/\\\/dorogimedence.hu\\\/#\\\/schema\\\/person\\\/ce6091eeb7e95ecdc87890d6aa8e0fd4\"},\"headline\":\"Tov\u00e1bbra is veretlen a Dorog\",\"datePublished\":\"2025-08-18T08:46:11+00:00\",\"mainEntityOfPage\":{\"@id\":\"https:\\\/\\\/dorogimedence.hu\\\/index.php\\\/2025\\\/08\\\/18\\\/tovabbra-is-veretlen-a-dorog\\\/\"},\"wordCount\":341,\"publisher\":{\"@id\":\"https:\\\/\\\/dorogimedence.hu\\\/#organization\"},\"image\":{\"@id\":\"https:\\\/\\\/dorogimedence.hu\\\/index.php\\\/2025\\\/08\\\/18\\\/tovabbra-is-veretlen-a-dorog\\\/#primaryimage\"},\"thumbnailUrl\":\"https:\\\/\\\/dorogimedence.hu\\\/wp-content\\\/uploads\\\/2022\\\/07\\\/focilabda.jpg\",\"keywords\":[\"Dorog\",\"Dorogi FC\",\"foci\",\"futball\",\"labdar\u00fag\u00e1s\",\"NB III\",\"sport\",\"Zs\u00e1mb\u00e9k\"],\"articleSection\":[\"Dorog\",\"H\u00edrek\",\"Sport\"],\"inLanguage\":\"hu\"},{\"@type\":\"WebPage\",\"@id\":\"https:\\\/\\\/dorogimedence.hu\\\/index.php\\\/2025\\\/08\\\/18\\\/tovabbra-is-veretlen-a-dorog\\\/\",\"url\":\"https:\\\/\\\/dorogimedence.hu\\\/index.php\\\/2025\\\/08\\\/18\\\/tovabbra-is-veretlen-a-dorog\\\/\",\"name\":\"Tov\u00e1bbra is veretlen a Dorog\",\"isPartOf\":{\"@id\":\"https:\\\/\\\/dorogimedence.hu\\\/#website\"},\"primaryImageOfPage\":{\"@id\":\"https:\\\/\\\/dorogimedence.hu\\\/index.php\\\/2025\\\/08\\\/18\\\/tovabbra-is-veretlen-a-dorog\\\/#primaryimage\"},\"image\":{\"@id\":\"https:\\\/\\\/dorogimedence.hu\\\/index.php\\\/2025\\\/08\\\/18\\\/tovabbra-is-veretlen-a-dorog\\\/#primaryimage\"},\"thumbnailUrl\":\"https:\\\/\\\/dorogimedence.hu\\\/wp-content\\\/uploads\\\/2022\\\/07\\\/focilabda.jpg\",\"datePublished\":\"2025-08-18T08:46:11+00:00\",\"breadcrumb\":{\"@id\":\"https:\\\/\\\/dorogimedence.hu\\\/index.php\\\/2025\\\/08\\\/18\\\/tovabbra-is-veretlen-a-dorog\\\/#breadcrumb\"},\"inLanguage\":\"hu\",\"potentialAction\":[{\"@type\":\"ReadAction\",\"target\":[\"https:\\\/\\\/dorogimedence.hu\\\/index.php\\\/2025\\\/08\\\/18\\\/tovabbra-is-veretlen-a-dorog\\\/\"]}]},{\"@type\":\"ImageObject\",\"inLanguage\":\"hu\",\"@id\":\"https:\\\/\\\/dorogimedence.hu\\\/index.php\\\/2025\\\/08\\\/18\\\/tovabbra-is-veretlen-a-dorog\\\/#primaryimage\",\"url\":\"https:\\\/\\\/dorogimedence.hu\\\/wp-content\\\/uploads\\\/2022\\\/07\\\/focilabda.jpg\",\"contentUrl\":\"https:\\\/\\\/dorogimedence.hu\\\/wp-content\\\/uploads\\\/2022\\\/07\\\/focilabda.jpg\",\"width\":1920,\"height\":1161},{\"@type\":\"BreadcrumbList\",\"@id\":\"https:\\\/\\\/dorogimedence.hu\\\/index.php\\\/2025\\\/08\\\/18\\\/tovabbra-is-veretlen-a-dorog\\\/#breadcrumb\",\"itemListElement\":[{\"@type\":\"ListItem\",\"position\":1,\"name\":\"Kezd\u0151lap\",\"item\":\"https:\\\/\\\/dorogimedence.hu\\\/\"},{\"@type\":\"ListItem\",\"position\":2,\"name\":\"Tov\u00e1bbra is veretlen a Dorog\"}]},{\"@type\":\"WebSite\",\"@id\":\"https:\\\/\\\/dorogimedence.hu\\\/#website\",\"url\":\"https:\\\/\\\/dorogimedence.hu\\\/\",\"name\":\"Dorogi-medence Region\u00e1lis H\u00edrport\u00e1l\",\"description\":\"Dorog, Keszt\u00f6lc, Le\u00e1nyv\u00e1r, Piliscs\u00e9v, Tokod, Tokodalt\u00e1r\u00f3, Csolnok, Esztergom-kertv\u00e1ros: h\u00edrek, programok\",\"publisher\":{\"@id\":\"https:\\\/\\\/dorogimedence.hu\\\/#organization\"},\"potentialAction\":[{\"@type\":\"SearchAction\",\"target\":{\"@type\":\"EntryPoint\",\"urlTemplate\":\"https:\\\/\\\/dorogimedence.hu\\\/?s={search_term_string}\"},\"query-input\":{\"@type\":\"PropertyValueSpecification\",\"valueRequired\":true,\"valueName\":\"search_term_string\"}}],\"inLanguage\":\"hu\"},{\"@type\":\"Organization\",\"@id\":\"https:\\\/\\\/dorogimedence.hu\\\/#organization\",\"name\":\"Dorogi-medence Region\u00e1lis H\u00edrport\u00e1l\",\"url\":\"https:\\\/\\\/dorogimedence.hu\\\/\",\"logo\":{\"@type\":\"ImageObject\",\"inLanguage\":\"hu\",\"@id\":\"https:\\\/\\\/dorogimedence.hu\\\/#\\\/schema\\\/logo\\\/image\\\/\",\"url\":\"https:\\\/\\\/dorogimedence.hu\\\/wp-content\\\/uploads\\\/2021\\\/04\\\/logo-feher-600.png\",\"contentUrl\":\"https:\\\/\\\/dorogimedence.hu\\\/wp-content\\\/uploads\\\/2021\\\/04\\\/logo-feher-600.png\",\"width\":600,\"height\":100,\"caption\":\"Dorogi-medence Region\u00e1lis H\u00edrport\u00e1l\"},\"image\":{\"@id\":\"https:\\\/\\\/dorogimedence.hu\\\/#\\\/schema\\\/logo\\\/image\\\/\"},\"sameAs\":[\"https:\\\/\\\/www.facebook.com\\\/dorogimedence\\\/\"]},{\"@type\":\"Person\",\"@id\":\"https:\\\/\\\/dorogimedence.hu\\\/#\\\/schema\\\/person\\\/ce6091eeb7e95ecdc87890d6aa8e0fd4\",\"name\":\"dorogimedence.hu\",\"image\":{\"@type\":\"ImageObject\",\"inLanguage\":\"hu\",\"@id\":\"\\\/\\\/www.gravatar.com\\\/avatar\\\/d8d45f8901aadff40a4af72c0b826f1d?s=96&#038;r=g&#038;d=mm\",\"url\":\"\\\/\\\/www.gravatar.com\\\/avatar\\\/d8d45f8901aadff40a4af72c0b826f1d?s=96&#038;r=g&#038;d=mm\",\"contentUrl\":\"\\\/\\\/www.gravatar.com\\\/avatar\\\/d8d45f8901aadff40a4af72c0b826f1d?s=96&#038;r=g&#038;d=mm\",\"caption\":\"dorogimedence.hu\"}}]}<\/script>\n<!-- \/ Yoast SEO plugin. -->","yoast_head_json":{"title":"Tov\u00e1bbra is veretlen a Dorog","robots":{"index":"index","follow":"follow","max-snippet":"max-snippet:-1","max-image-preview":"max-image-preview:large","max-video-preview":"max-video-preview:-1"},"canonical":"https:\/\/dorogimedence.hu\/index.php\/2025\/08\/18\/tovabbra-is-veretlen-a-dorog\/","og_locale":"hu_HU","og_type":"article","og_title":"Tov\u00e1bbra is veretlen a Dorog","og_description":"A Labdar\u00fag\u00f3 NB III. \u00c9szak-Nyugati csoport 4. fordul\u00f3j\u00e1ban az Ikoba Beton Zs\u00e1mb\u00e9k vend\u00e9ge a Dorogi FC volt augusztus 17-\u00e9n, vas\u00e1rnap d\u00e9lut\u00e1n. A m\u00e9rk\u0151z\u00e9sen a Dorog 2-1-re gy\u0151zte le a hazaiakat. R\u00f6gt\u00f6n az els\u0151 t\u00e1mad\u00e1sb\u00f3l a dorogiak megszerezt\u00e9k a vezet\u00e9st, miut\u00e1n az egyik hazai v\u00e9d\u0151 egy bead\u00e1s ut\u00e1n szerencs\u00e9tlen\u00fcl \u00e9rt a labd\u00e1ba \u00e9s \u00edgy a saj\u00e1t","og_url":"https:\/\/dorogimedence.hu\/index.php\/2025\/08\/18\/tovabbra-is-veretlen-a-dorog\/","og_site_name":"Dorogi-medence Region\u00e1lis H\u00edrport\u00e1l","article_publisher":"https:\/\/www.facebook.com\/dorogimedence\/","article_published_time":"2025-08-18T08:46:11+00:00","og_image":[{"width":1920,"height":1161,"url":"https:\/\/dorogimedence.hu\/wp-content\/uploads\/2022\/07\/focilabda.jpg","type":"image\/jpeg"}],"author":"dorogimedence.hu","twitter_card":"summary_large_image","twitter_misc":{"Szerz\u0151:":"dorogimedence.hu","Becs\u00fclt olvas\u00e1si id\u0151":"2 perc"},"schema":{"@context":"https:\/\/schema.org","@graph":[{"@type":"Article","@id":"https:\/\/dorogimedence.hu\/index.php\/2025\/08\/18\/tovabbra-is-veretlen-a-dorog\/#article","isPartOf":{"@id":"https:\/\/dorogimedence.hu\/index.php\/2025\/08\/18\/tovabbra-is-veretlen-a-dorog\/"},"author":{"name":"dorogimedence.hu","@id":"https:\/\/dorogimedence.hu\/#\/schema\/person\/ce6091eeb7e95ecdc87890d6aa8e0fd4"},"headline":"Tov\u00e1bbra is veretlen a Dorog","datePublished":"2025-08-18T08:46:11+00:00","mainEntityOfPage":{"@id":"https:\/\/dorogimedence.hu\/index.php\/2025\/08\/18\/tovabbra-is-veretlen-a-dorog\/"},"wordCount":341,"publisher":{"@id":"https:\/\/dorogimedence.hu\/#organization"},"image":{"@id":"https:\/\/dorogimedence.hu\/index.php\/2025\/08\/18\/tovabbra-is-veretlen-a-dorog\/#primaryimage"},"thumbnailUrl":"https:\/\/dorogimedence.hu\/wp-content\/uploads\/2022\/07\/focilabda.jpg","keywords":["Dorog","Dorogi FC","foci","futball","labdar\u00fag\u00e1s","NB III","sport","Zs\u00e1mb\u00e9k"],"articleSection":["Dorog","H\u00edrek","Sport"],"inLanguage":"hu"},{"@type":"WebPage","@id":"https:\/\/dorogimedence.hu\/index.php\/2025\/08\/18\/tovabbra-is-veretlen-a-dorog\/","url":"https:\/\/dorogimedence.hu\/index.php\/2025\/08\/18\/tovabbra-is-veretlen-a-dorog\/","name":"Tov\u00e1bbra is veretlen a Dorog","isPartOf":{"@id":"https:\/\/dorogimedence.hu\/#website"},"primaryImageOfPage":{"@id":"https:\/\/dorogimedence.hu\/index.php\/2025\/08\/18\/tovabbra-is-veretlen-a-dorog\/#primaryimage"},"image":{"@id":"https:\/\/dorogimedence.hu\/index.php\/2025\/08\/18\/tovabbra-is-veretlen-a-dorog\/#primaryimage"},"thumbnailUrl":"https:\/\/dorogimedence.hu\/wp-content\/uploads\/2022\/07\/focilabda.jpg","datePublished":"2025-08-18T08:46:11+00:00","breadcrumb":{"@id":"https:\/\/dorogimedence.hu\/index.php\/2025\/08\/18\/tovabbra-is-veretlen-a-dorog\/#breadcrumb"},"inLanguage":"hu","potentialAction":[{"@type":"ReadAction","target":["https:\/\/dorogimedence.hu\/index.php\/2025\/08\/18\/tovabbra-is-veretlen-a-dorog\/"]}]},{"@type":"ImageObject","inLanguage":"hu","@id":"https:\/\/dorogimedence.hu\/index.php\/2025\/08\/18\/tovabbra-is-veretlen-a-dorog\/#primaryimage","url":"https:\/\/dorogimedence.hu\/wp-content\/uploads\/2022\/07\/focilabda.jpg","contentUrl":"https:\/\/dorogimedence.hu\/wp-content\/uploads\/2022\/07\/focilabda.jpg","width":1920,"height":1161},{"@type":"BreadcrumbList","@id":"https:\/\/dorogimedence.hu\/index.php\/2025\/08\/18\/tovabbra-is-veretlen-a-dorog\/#breadcrumb","itemListElement":[{"@type":"ListItem","position":1,"name":"Kezd\u0151lap","item":"https:\/\/dorogimedence.hu\/"},{"@type":"ListItem","position":2,"name":"Tov\u00e1bbra is veretlen a Dorog"}]},{"@type":"WebSite","@id":"https:\/\/dorogimedence.hu\/#website","url":"https:\/\/dorogimedence.hu\/","name":"Dorogi-medence Region\u00e1lis H\u00edrport\u00e1l","description":"Dorog, Keszt\u00f6lc, Le\u00e1nyv\u00e1r, Piliscs\u00e9v, Tokod, Tokodalt\u00e1r\u00f3, Csolnok, Esztergom-kertv\u00e1ros: h\u00edrek, programok","publisher":{"@id":"https:\/\/dorogimedence.hu\/#organization"},"potentialAction":[{"@type":"SearchAction","target":{"@type":"EntryPoint","urlTemplate":"https:\/\/dorogimedence.hu\/?s={search_term_string}"},"query-input":{"@type":"PropertyValueSpecification","valueRequired":true,"valueName":"search_term_string"}}],"inLanguage":"hu"},{"@type":"Organization","@id":"https:\/\/dorogimedence.hu\/#organization","name":"Dorogi-medence Region\u00e1lis H\u00edrport\u00e1l","url":"https:\/\/dorogimedence.hu\/","logo":{"@type":"ImageObject","inLanguage":"hu","@id":"https:\/\/dorogimedence.hu\/#\/schema\/logo\/image\/","url":"https:\/\/dorogimedence.hu\/wp-content\/uploads\/2021\/04\/logo-feher-600.png","contentUrl":"https:\/\/dorogimedence.hu\/wp-content\/uploads\/2021\/04\/logo-feher-600.png","width":600,"height":100,"caption":"Dorogi-medence Region\u00e1lis H\u00edrport\u00e1l"},"image":{"@id":"https:\/\/dorogimedence.hu\/#\/schema\/logo\/image\/"},"sameAs":["https:\/\/www.facebook.com\/dorogimedence\/"]},{"@type":"Person","@id":"https:\/\/dorogimedence.hu\/#\/schema\/person\/ce6091eeb7e95ecdc87890d6aa8e0fd4","name":"dorogimedence.hu","image":{"@type":"ImageObject","inLanguage":"hu","@id":"\/\/www.gravatar.com\/avatar\/d8d45f8901aadff40a4af72c0b826f1d?s=96&#038;r=g&#038;d=mm","url":"\/\/www.gravatar.com\/avatar\/d8d45f8901aadff40a4af72c0b826f1d?s=96&#038;r=g&#038;d=mm","contentUrl":"\/\/www.gravatar.com\/avatar\/d8d45f8901aadff40a4af72c0b826f1d?s=96&#038;r=g&#038;d=mm","caption":"dorogimedence.hu"}}]}},"_links":{"self":[{"href":"https:\/\/dorogimedence.hu\/index.php\/wp-json\/wp\/v2\/posts\/73486","targetHints":{"allow":["GET"]}}],"collection":[{"href":"https:\/\/dorogimedence.hu\/index.php\/wp-json\/wp\/v2\/posts"}],"about":[{"href":"https:\/\/dorogimedence.hu\/index.php\/wp-json\/wp\/v2\/types\/post"}],"author":[{"embeddable":true,"href":"https:\/\/dorogimedence.hu\/index.php\/wp-json\/wp\/v2\/users\/1"}],"replies":[{"embeddable":true,"href":"https:\/\/dorogimedence.hu\/index.php\/wp-json\/wp\/v2\/comments?post=73486"}],"version-history":[{"count":0,"href":"https:\/\/dorogimedence.hu\/index.php\/wp-json\/wp\/v2\/posts\/73486\/revisions"}],"wp:featuredmedia":[{"embeddable":true,"href":"https:\/\/dorogimedence.hu\/index.php\/wp-json\/wp\/v2\/media\/44596"}],"wp:attachment":[{"href":"https:\/\/dorogimedence.hu\/index.php\/wp-json\/wp\/v2\/media?parent=73486"}],"wp:term":[{"taxonomy":"category","embeddable":true,"href":"https:\/\/dorogimedence.hu\/index.php\/wp-json\/wp\/v2\/categories?post=73486"},{"taxonomy":"post_tag","embeddable":true,"href":"https:\/\/dorogimedence.hu\/index.php\/wp-json\/wp\/v2\/tags?post=73486"}],"curies":[{"name":"wp","href":"https:\/\/api.w.org\/{rel}","templated":true}]}}