{"id":73399,"date":"2025-08-12T14:20:53","date_gmt":"2025-08-12T12:20:53","guid":{"rendered":"https:\/\/dorogimedence.hu\/?p=73399"},"modified":"2025-08-12T14:20:53","modified_gmt":"2025-08-12T12:20:53","slug":"9-latogatofelmeres-a-pilisi-bioszfera-rezervatumban","status":"publish","type":"post","link":"https:\/\/dorogimedence.hu\/index.php\/2025\/08\/12\/9-latogatofelmeres-a-pilisi-bioszfera-rezervatumban\/","title":{"rendered":"9. L\u00e1togat\u00f3felm\u00e9r\u00e9s a Pilisi Bioszf\u00e9ra Rezerv\u00e1tumban"},"content":{"rendered":"<p><strong>Van olyan, amit m\u00e9g nem tudsz a Pilisr\u0151l, de mindig meg akartad k\u00e9rdezni? 2025 okt\u00f3ber 3-5. k\u00f6z\u00f6tt szervezi meg a Duna-Ipoly Nemzeti Park a bioszf\u00e9ra-rezerv\u00e1tum szok\u00e1sos l\u00e1togat\u00f3felm\u00e9r\u00e9s\u00e9t. Erd\u00e9szek \u00e9s term\u00e9szetv\u00e9delmi szakemberek is r\u00e9szt vesznek a sz\u00e1ml\u00e1l\u00e1sban.<\/strong><\/p>\n<p>Ha \u00e9rdekel a term\u00e9szetv\u00e9delem \u00e9s sz\u00edvesen besz\u00e9lgetsz hozz\u00e1d hasonl\u00f3 emberekkel, akkor csatlakozz a csapathoz k\u00e9rdez\u0151biztosk\u00e9nt a Pilisben!<\/p>\n<p>Kedvcsin\u00e1l\u00f3nak n\u00e9zd meg az el\u0151z\u0151 \u00e9vi felm\u00e9r\u00e9s \u00f6sszefoglal\u00f3j\u00e1t&nbsp;<a href=\"https:\/\/pilisibr.hu\/wp-content\/uploads\/2025\/07\/PBR-latogatomonitoring-2024_osszefoglalo_kicsi.pdf\" target=\"_blank\" rel=\"noopener\"><span style=\"text-decoration: underline;\"><span style=\"color: #0000ff; text-decoration: underline;\">itt<\/span><\/span>.<\/a><\/p>\n<p><strong>Mi a feladat?<\/strong><\/p>\n<p>Ahhoz, hogy nyomon tudj\u00e1k k\u00f6vetni, mekkora a Pilis \u00e9s a Visegr\u00e1di-hegys\u00e9g l\u00e1togatotts\u00e1ga \u00e9s mik a l\u00e1togat\u00f3k szok\u00e1sai, ig\u00e9nyei, \u00e9vr\u0151l-\u00e9vre megsz\u00e1molj\u00e1k a t\u00far\u00e1z\u00f3kat egy okt\u00f3ber elejei h\u00e9tv\u00e9g\u00e9n \u00e9s r\u00f6vid interj\u00fakat k\u00e9sz\u00edtenek vel\u00fck.<\/p>\n<p><strong>Mi az a bioszf\u00e9ra-rezerv\u00e1tum?<\/strong><\/p>\n<p>Az UNESCO v\u00e9detts\u00e9gi kateg\u00f3ri\u00e1ja, ami az ember \u00e9s term\u00e9szet egy\u00fctt\u00e9l\u00e9s\u00e9t, a helyi k\u00f6z\u00f6ss\u00e9gek egy\u00fcttm\u0171k\u00f6d\u00e9s\u00e9t \u00e1ll\u00edtja a k\u00f6zpontba. Erd\u00e9szek, term\u00e9szetv\u00e9d\u0151k, helyi civilek \u00e9s \u00f6nkorm\u00e1nyzatok k\u00f6z\u00f6s platformja, aminek c\u00e9lja, hogy a term\u00e9szetv\u00e9delmi c\u00e9lok \u00fagy val\u00f3suljanak meg, hogy az az itt \u00e9l\u0151knek is j\u00f3 legyen.<\/p>\n<p><strong>Kik a sz\u00e1ml\u00e1l\u00f3k?<\/strong><\/p>\n<p>A Pilisi Parkerd\u0151, a Duna-Ipoly Nemzeti Park \u00e9s a Debreceni Egyetem szakemberei mellett 8 \u00e9ve form\u00e1l\u00f3d\u00f3, jelenleg kb. 100 f\u0151s, lelkes \u00f6nk\u00e9ntesekb\u0151l \u00e1ll\u00f3 csapat. Fiatalok \u00e9s r\u00e9gebb \u00f3ta fiatalok, egyetemist\u00e1k \u00e9s v\u00e1llalkoz\u00f3k, tan\u00e1rok \u00e9s egy\u00e9b szakm\u00e1k k\u00e9pvisel\u0151i. V\u00e1ltozatos, vid\u00e1m \u00e9s elk\u00f6telezett t\u00e1rsas\u00e1g \u2013 kiv\u00e9tel n\u00e9lk\u00fcl \u00e9rdekes emberek!<\/p>\n<p><strong>Miben \u00e1ll a munk\u00e1juk l\u00e9nyege?<\/strong><\/p>\n<p>A hegys\u00e9g egyes pontjain, sz\u00e9p term\u00e9szeti k\u00f6rnyezetben besz\u00e9lgethetsz izgalmas emberekkel, mik\u00f6zben \u00faj dolgokat tanulhatsz a term\u00e9szetv\u00e9delemr\u0151l \u00e9s \u00f6koturizmusr\u00f3l. Aki \u00e9vek \u00f3ta visszaj\u00e1r, az m\u00e1r tudja: ez egy mini nyaral\u00e1s j\u00f3 t\u00e1rsas\u00e1gban, r\u00e1ad\u00e1sul \u00fagy, hogy a sz\u00e1ll\u00e1s \u00e9s \u00e9tkez\u00e9s k\u00f6lts\u00e9geit is \u00e1llj\u00e1k!<\/p>\n<p><strong>Milyennek k\u00e9pzelnek el T\u00e9ged?<\/strong><\/p>\n<p>Szereted a term\u00e9szetet, az id\u0151det szereted a term\u00e9szetben t\u00f6lteni &#8211; gomb\u00e1szol, biciklizel, t\u00far\u00e1zol, vagy \u00e9pp lovagolsz. Fontos sz\u00e1modra a term\u00e9szetv\u00e9delem, ami\u00e9rt sz\u00edvesen teszel is. Sz\u00edvesen besz\u00e9lgetsz emberekkel, nem j\u00f6ssz zavarba att\u00f3l, ha idegeneket kell megsz\u00f3l\u00edtanod.<\/p>\n<p><strong>Mire sz\u00e1m\u00edthatsz a k\u00e9t \u00e9s f\u00e9l nap alatt?<\/strong><\/p>\n<p>Okt\u00f3ber 3-a p\u00e9ntek est\u00e9re v\u00e1rnak a visegr\u00e1di Mogyor\u00f3-hegyre, ahol el\u0151ad\u00e1sok \u00e9s m\u00f3dszertani eligaz\u00edt\u00e1s v\u00e1r, a k\u00f6vetkez\u0151 k\u00e9t napot pedig kettes\u00e9vel kint t\u00f6ltitek a hegys\u00e9g sz\u00e1ml\u00e1l\u00f3pontjain. Az\u00e9rt persze nemcsak munka lesz! \u00c9rdekes el\u0151ad\u00e1sokat hallhatsz, finomakat ehetsz \u00e9s ihatsz, lesz meglepet\u00e9s program, de megtudhatod azt is, mi az a Cinc\u00e9r busz, amivel m\u00e9g utazhatsz is. J\u00f3 lesz, megl\u00e1tod!<\/p>\n<p><strong>Hogyan jelentkezhetsz?<\/strong><\/p>\n<p>\u00cdrj egy e-mailt az&nbsp;<strong>info@pilisibr.hu<\/strong>-ra a kutat\u00e1s vezet\u0151j\u00e9nek, aki minden k\u00e9rd\u00e9sedre v\u00e1laszt ad!&nbsp;<strong>Jelentkez\u00e9si hat\u00e1rid\u0151: 2025. szeptember 19.<\/strong><\/p>\n<p>Az elm\u00falt 8 \u00e9v kutat\u00e1si jelent\u00e9sei&nbsp;<a href=\"https:\/\/pilisibr.hu\/okoturizmus\/termeszetjarok\/\" target=\"_blank\" rel=\"noopener\"><span style=\"text-decoration: underline; color: #0000ff;\">itt<\/span><\/a> el\u00e9rhet\u0151k.<\/p>\n","protected":false},"excerpt":{"rendered":"<p>Van olyan, amit m\u00e9g nem tudsz a Pilisr\u0151l, de mindig meg akartad k\u00e9rdezni? 2025 okt\u00f3ber 3-5. k\u00f6z\u00f6tt szervezi meg a Duna-Ipoly Nemzeti Park a bioszf\u00e9ra-rezerv\u00e1tum szok\u00e1sos l\u00e1togat\u00f3felm\u00e9r\u00e9s\u00e9t. Erd\u00e9szek \u00e9s term\u00e9szetv\u00e9delmi szakemberek is r\u00e9szt vesznek a sz\u00e1ml\u00e1l\u00e1sban. Ha \u00e9rdekel a term\u00e9szetv\u00e9delem \u00e9s sz\u00edvesen besz\u00e9lgetsz hozz\u00e1d hasonl\u00f3 emberekkel, akkor csatlakozz a csapathoz k\u00e9rdez\u0151biztosk\u00e9nt a Pilisben! Kedvcsin\u00e1l\u00f3nak n\u00e9zd<\/p>\n","protected":false},"author":1,"featured_media":73400,"comment_status":"closed","ping_status":"closed","sticky":false,"template":"","format":"standard","meta":{"ngg_post_thumbnail":0,"footnotes":""},"categories":[3,6948],"tags":[208,7970,7969],"class_list":{"0":"post-73399","1":"post","2":"type-post","3":"status-publish","4":"format-standard","5":"has-post-thumbnail","7":"category-hirek","8":"category-szines","9":"tag-duna-ipoly-nemzeti-park","10":"tag-latogatofelmeres","11":"tag-pilisi-bioszfera-rezervatum"},"yoast_head":"<!-- This site is optimized with the Yoast SEO plugin v27.4 - https:\/\/yoast.com\/product\/yoast-seo-wordpress\/ -->\n<title>9. L\u00e1togat\u00f3felm\u00e9r\u00e9s a Pilisi Bioszf\u00e9ra Rezerv\u00e1tumban<\/title>\n<meta name=\"robots\" content=\"index, follow, max-snippet:-1, max-image-preview:large, max-video-preview:-1\" \/>\n<link rel=\"canonical\" href=\"https:\/\/dorogimedence.hu\/index.php\/2025\/08\/12\/9-latogatofelmeres-a-pilisi-bioszfera-rezervatumban\/\" class=\"yoast-seo-meta-tag\" \/>\n<meta property=\"og:locale\" content=\"hu_HU\" class=\"yoast-seo-meta-tag\" \/>\n<meta property=\"og:type\" content=\"article\" class=\"yoast-seo-meta-tag\" \/>\n<meta property=\"og:title\" content=\"9. L\u00e1togat\u00f3felm\u00e9r\u00e9s a Pilisi Bioszf\u00e9ra Rezerv\u00e1tumban\" class=\"yoast-seo-meta-tag\" \/>\n<meta property=\"og:description\" content=\"Van olyan, amit m\u00e9g nem tudsz a Pilisr\u0151l, de mindig meg akartad k\u00e9rdezni? 2025 okt\u00f3ber 3-5. k\u00f6z\u00f6tt szervezi meg a Duna-Ipoly Nemzeti Park a bioszf\u00e9ra-rezerv\u00e1tum szok\u00e1sos l\u00e1togat\u00f3felm\u00e9r\u00e9s\u00e9t. Erd\u00e9szek \u00e9s term\u00e9szetv\u00e9delmi szakemberek is r\u00e9szt vesznek a sz\u00e1ml\u00e1l\u00e1sban. Ha \u00e9rdekel a term\u00e9szetv\u00e9delem \u00e9s sz\u00edvesen besz\u00e9lgetsz hozz\u00e1d hasonl\u00f3 emberekkel, akkor csatlakozz a csapathoz k\u00e9rdez\u0151biztosk\u00e9nt a Pilisben! Kedvcsin\u00e1l\u00f3nak n\u00e9zd\" class=\"yoast-seo-meta-tag\" \/>\n<meta property=\"og:url\" content=\"https:\/\/dorogimedence.hu\/index.php\/2025\/08\/12\/9-latogatofelmeres-a-pilisi-bioszfera-rezervatumban\/\" class=\"yoast-seo-meta-tag\" \/>\n<meta property=\"og:site_name\" content=\"Dorogi-medence Region\u00e1lis H\u00edrport\u00e1l\" class=\"yoast-seo-meta-tag\" \/>\n<meta property=\"article:publisher\" content=\"https:\/\/www.facebook.com\/dorogimedence\/\" class=\"yoast-seo-meta-tag\" \/>\n<meta property=\"article:published_time\" content=\"2025-08-12T12:20:53+00:00\" class=\"yoast-seo-meta-tag\" \/>\n<meta property=\"og:image\" content=\"https:\/\/dorogimedence.hu\/wp-content\/uploads\/2025\/08\/526760960_1394945861620234_4167762520945115905_n.jpg\" class=\"yoast-seo-meta-tag\" \/>\n\t<meta property=\"og:image:width\" content=\"2048\" class=\"yoast-seo-meta-tag\" \/>\n\t<meta property=\"og:image:height\" content=\"1536\" class=\"yoast-seo-meta-tag\" \/>\n\t<meta property=\"og:image:type\" content=\"image\/jpeg\" class=\"yoast-seo-meta-tag\" \/>\n<meta name=\"author\" content=\"dorogimedence.hu\" class=\"yoast-seo-meta-tag\" \/>\n<meta name=\"twitter:card\" content=\"summary_large_image\" class=\"yoast-seo-meta-tag\" \/>\n<meta name=\"twitter:label1\" content=\"Szerz\u0151:\" class=\"yoast-seo-meta-tag\" \/>\n\t<meta name=\"twitter:data1\" content=\"dorogimedence.hu\" class=\"yoast-seo-meta-tag\" \/>\n\t<meta name=\"twitter:label2\" content=\"Becs\u00fclt olvas\u00e1si id\u0151\" class=\"yoast-seo-meta-tag\" \/>\n\t<meta name=\"twitter:data2\" content=\"3 perc\" class=\"yoast-seo-meta-tag\" \/>\n<script type=\"application\/ld+json\" class=\"yoast-schema-graph\">{\"@context\":\"https:\\\/\\\/schema.org\",\"@graph\":[{\"@type\":\"Article\",\"@id\":\"https:\\\/\\\/dorogimedence.hu\\\/index.php\\\/2025\\\/08\\\/12\\\/9-latogatofelmeres-a-pilisi-bioszfera-rezervatumban\\\/#article\",\"isPartOf\":{\"@id\":\"https:\\\/\\\/dorogimedence.hu\\\/index.php\\\/2025\\\/08\\\/12\\\/9-latogatofelmeres-a-pilisi-bioszfera-rezervatumban\\\/\"},\"author\":{\"name\":\"dorogimedence.hu\",\"@id\":\"https:\\\/\\\/dorogimedence.hu\\\/#\\\/schema\\\/person\\\/ce6091eeb7e95ecdc87890d6aa8e0fd4\"},\"headline\":\"9. L\u00e1togat\u00f3felm\u00e9r\u00e9s a Pilisi Bioszf\u00e9ra Rezerv\u00e1tumban\",\"datePublished\":\"2025-08-12T12:20:53+00:00\",\"mainEntityOfPage\":{\"@id\":\"https:\\\/\\\/dorogimedence.hu\\\/index.php\\\/2025\\\/08\\\/12\\\/9-latogatofelmeres-a-pilisi-bioszfera-rezervatumban\\\/\"},\"wordCount\":590,\"publisher\":{\"@id\":\"https:\\\/\\\/dorogimedence.hu\\\/#organization\"},\"image\":{\"@id\":\"https:\\\/\\\/dorogimedence.hu\\\/index.php\\\/2025\\\/08\\\/12\\\/9-latogatofelmeres-a-pilisi-bioszfera-rezervatumban\\\/#primaryimage\"},\"thumbnailUrl\":\"https:\\\/\\\/dorogimedence.hu\\\/wp-content\\\/uploads\\\/2025\\\/08\\\/526760960_1394945861620234_4167762520945115905_n.jpg\",\"keywords\":[\"Duna-Ipoly Nemzeti Park\",\"l\u00e1togat\u00f3felm\u00e9r\u00e9s\",\"Pilisi bioszf\u00e9ra-rezerv\u00e1tum\"],\"articleSection\":[\"H\u00edrek\",\"Sz\u00ednes\"],\"inLanguage\":\"hu\"},{\"@type\":\"WebPage\",\"@id\":\"https:\\\/\\\/dorogimedence.hu\\\/index.php\\\/2025\\\/08\\\/12\\\/9-latogatofelmeres-a-pilisi-bioszfera-rezervatumban\\\/\",\"url\":\"https:\\\/\\\/dorogimedence.hu\\\/index.php\\\/2025\\\/08\\\/12\\\/9-latogatofelmeres-a-pilisi-bioszfera-rezervatumban\\\/\",\"name\":\"9. L\u00e1togat\u00f3felm\u00e9r\u00e9s a Pilisi Bioszf\u00e9ra Rezerv\u00e1tumban\",\"isPartOf\":{\"@id\":\"https:\\\/\\\/dorogimedence.hu\\\/#website\"},\"primaryImageOfPage\":{\"@id\":\"https:\\\/\\\/dorogimedence.hu\\\/index.php\\\/2025\\\/08\\\/12\\\/9-latogatofelmeres-a-pilisi-bioszfera-rezervatumban\\\/#primaryimage\"},\"image\":{\"@id\":\"https:\\\/\\\/dorogimedence.hu\\\/index.php\\\/2025\\\/08\\\/12\\\/9-latogatofelmeres-a-pilisi-bioszfera-rezervatumban\\\/#primaryimage\"},\"thumbnailUrl\":\"https:\\\/\\\/dorogimedence.hu\\\/wp-content\\\/uploads\\\/2025\\\/08\\\/526760960_1394945861620234_4167762520945115905_n.jpg\",\"datePublished\":\"2025-08-12T12:20:53+00:00\",\"breadcrumb\":{\"@id\":\"https:\\\/\\\/dorogimedence.hu\\\/index.php\\\/2025\\\/08\\\/12\\\/9-latogatofelmeres-a-pilisi-bioszfera-rezervatumban\\\/#breadcrumb\"},\"inLanguage\":\"hu\",\"potentialAction\":[{\"@type\":\"ReadAction\",\"target\":[\"https:\\\/\\\/dorogimedence.hu\\\/index.php\\\/2025\\\/08\\\/12\\\/9-latogatofelmeres-a-pilisi-bioszfera-rezervatumban\\\/\"]}]},{\"@type\":\"ImageObject\",\"inLanguage\":\"hu\",\"@id\":\"https:\\\/\\\/dorogimedence.hu\\\/index.php\\\/2025\\\/08\\\/12\\\/9-latogatofelmeres-a-pilisi-bioszfera-rezervatumban\\\/#primaryimage\",\"url\":\"https:\\\/\\\/dorogimedence.hu\\\/wp-content\\\/uploads\\\/2025\\\/08\\\/526760960_1394945861620234_4167762520945115905_n.jpg\",\"contentUrl\":\"https:\\\/\\\/dorogimedence.hu\\\/wp-content\\\/uploads\\\/2025\\\/08\\\/526760960_1394945861620234_4167762520945115905_n.jpg\",\"width\":2048,\"height\":1536},{\"@type\":\"BreadcrumbList\",\"@id\":\"https:\\\/\\\/dorogimedence.hu\\\/index.php\\\/2025\\\/08\\\/12\\\/9-latogatofelmeres-a-pilisi-bioszfera-rezervatumban\\\/#breadcrumb\",\"itemListElement\":[{\"@type\":\"ListItem\",\"position\":1,\"name\":\"Kezd\u0151lap\",\"item\":\"https:\\\/\\\/dorogimedence.hu\\\/\"},{\"@type\":\"ListItem\",\"position\":2,\"name\":\"9. L\u00e1togat\u00f3felm\u00e9r\u00e9s a Pilisi Bioszf\u00e9ra Rezerv\u00e1tumban\"}]},{\"@type\":\"WebSite\",\"@id\":\"https:\\\/\\\/dorogimedence.hu\\\/#website\",\"url\":\"https:\\\/\\\/dorogimedence.hu\\\/\",\"name\":\"Dorogi-medence Region\u00e1lis H\u00edrport\u00e1l\",\"description\":\"Dorog, Keszt\u00f6lc, Le\u00e1nyv\u00e1r, Piliscs\u00e9v, Tokod, Tokodalt\u00e1r\u00f3, Csolnok, Esztergom-kertv\u00e1ros: h\u00edrek, programok\",\"publisher\":{\"@id\":\"https:\\\/\\\/dorogimedence.hu\\\/#organization\"},\"potentialAction\":[{\"@type\":\"SearchAction\",\"target\":{\"@type\":\"EntryPoint\",\"urlTemplate\":\"https:\\\/\\\/dorogimedence.hu\\\/?s={search_term_string}\"},\"query-input\":{\"@type\":\"PropertyValueSpecification\",\"valueRequired\":true,\"valueName\":\"search_term_string\"}}],\"inLanguage\":\"hu\"},{\"@type\":\"Organization\",\"@id\":\"https:\\\/\\\/dorogimedence.hu\\\/#organization\",\"name\":\"Dorogi-medence Region\u00e1lis H\u00edrport\u00e1l\",\"url\":\"https:\\\/\\\/dorogimedence.hu\\\/\",\"logo\":{\"@type\":\"ImageObject\",\"inLanguage\":\"hu\",\"@id\":\"https:\\\/\\\/dorogimedence.hu\\\/#\\\/schema\\\/logo\\\/image\\\/\",\"url\":\"https:\\\/\\\/dorogimedence.hu\\\/wp-content\\\/uploads\\\/2021\\\/04\\\/logo-feher-600.png\",\"contentUrl\":\"https:\\\/\\\/dorogimedence.hu\\\/wp-content\\\/uploads\\\/2021\\\/04\\\/logo-feher-600.png\",\"width\":600,\"height\":100,\"caption\":\"Dorogi-medence Region\u00e1lis H\u00edrport\u00e1l\"},\"image\":{\"@id\":\"https:\\\/\\\/dorogimedence.hu\\\/#\\\/schema\\\/logo\\\/image\\\/\"},\"sameAs\":[\"https:\\\/\\\/www.facebook.com\\\/dorogimedence\\\/\"]},{\"@type\":\"Person\",\"@id\":\"https:\\\/\\\/dorogimedence.hu\\\/#\\\/schema\\\/person\\\/ce6091eeb7e95ecdc87890d6aa8e0fd4\",\"name\":\"dorogimedence.hu\",\"image\":{\"@type\":\"ImageObject\",\"inLanguage\":\"hu\",\"@id\":\"\\\/\\\/www.gravatar.com\\\/avatar\\\/d8d45f8901aadff40a4af72c0b826f1d?s=96&#038;r=g&#038;d=mm\",\"url\":\"\\\/\\\/www.gravatar.com\\\/avatar\\\/d8d45f8901aadff40a4af72c0b826f1d?s=96&#038;r=g&#038;d=mm\",\"contentUrl\":\"\\\/\\\/www.gravatar.com\\\/avatar\\\/d8d45f8901aadff40a4af72c0b826f1d?s=96&#038;r=g&#038;d=mm\",\"caption\":\"dorogimedence.hu\"}}]}<\/script>\n<!-- \/ Yoast SEO plugin. -->","yoast_head_json":{"title":"9. L\u00e1togat\u00f3felm\u00e9r\u00e9s a Pilisi Bioszf\u00e9ra Rezerv\u00e1tumban","robots":{"index":"index","follow":"follow","max-snippet":"max-snippet:-1","max-image-preview":"max-image-preview:large","max-video-preview":"max-video-preview:-1"},"canonical":"https:\/\/dorogimedence.hu\/index.php\/2025\/08\/12\/9-latogatofelmeres-a-pilisi-bioszfera-rezervatumban\/","og_locale":"hu_HU","og_type":"article","og_title":"9. L\u00e1togat\u00f3felm\u00e9r\u00e9s a Pilisi Bioszf\u00e9ra Rezerv\u00e1tumban","og_description":"Van olyan, amit m\u00e9g nem tudsz a Pilisr\u0151l, de mindig meg akartad k\u00e9rdezni? 2025 okt\u00f3ber 3-5. k\u00f6z\u00f6tt szervezi meg a Duna-Ipoly Nemzeti Park a bioszf\u00e9ra-rezerv\u00e1tum szok\u00e1sos l\u00e1togat\u00f3felm\u00e9r\u00e9s\u00e9t. Erd\u00e9szek \u00e9s term\u00e9szetv\u00e9delmi szakemberek is r\u00e9szt vesznek a sz\u00e1ml\u00e1l\u00e1sban. Ha \u00e9rdekel a term\u00e9szetv\u00e9delem \u00e9s sz\u00edvesen besz\u00e9lgetsz hozz\u00e1d hasonl\u00f3 emberekkel, akkor csatlakozz a csapathoz k\u00e9rdez\u0151biztosk\u00e9nt a Pilisben! Kedvcsin\u00e1l\u00f3nak n\u00e9zd","og_url":"https:\/\/dorogimedence.hu\/index.php\/2025\/08\/12\/9-latogatofelmeres-a-pilisi-bioszfera-rezervatumban\/","og_site_name":"Dorogi-medence Region\u00e1lis H\u00edrport\u00e1l","article_publisher":"https:\/\/www.facebook.com\/dorogimedence\/","article_published_time":"2025-08-12T12:20:53+00:00","og_image":[{"width":2048,"height":1536,"url":"https:\/\/dorogimedence.hu\/wp-content\/uploads\/2025\/08\/526760960_1394945861620234_4167762520945115905_n.jpg","type":"image\/jpeg"}],"author":"dorogimedence.hu","twitter_card":"summary_large_image","twitter_misc":{"Szerz\u0151:":"dorogimedence.hu","Becs\u00fclt olvas\u00e1si id\u0151":"3 perc"},"schema":{"@context":"https:\/\/schema.org","@graph":[{"@type":"Article","@id":"https:\/\/dorogimedence.hu\/index.php\/2025\/08\/12\/9-latogatofelmeres-a-pilisi-bioszfera-rezervatumban\/#article","isPartOf":{"@id":"https:\/\/dorogimedence.hu\/index.php\/2025\/08\/12\/9-latogatofelmeres-a-pilisi-bioszfera-rezervatumban\/"},"author":{"name":"dorogimedence.hu","@id":"https:\/\/dorogimedence.hu\/#\/schema\/person\/ce6091eeb7e95ecdc87890d6aa8e0fd4"},"headline":"9. L\u00e1togat\u00f3felm\u00e9r\u00e9s a Pilisi Bioszf\u00e9ra Rezerv\u00e1tumban","datePublished":"2025-08-12T12:20:53+00:00","mainEntityOfPage":{"@id":"https:\/\/dorogimedence.hu\/index.php\/2025\/08\/12\/9-latogatofelmeres-a-pilisi-bioszfera-rezervatumban\/"},"wordCount":590,"publisher":{"@id":"https:\/\/dorogimedence.hu\/#organization"},"image":{"@id":"https:\/\/dorogimedence.hu\/index.php\/2025\/08\/12\/9-latogatofelmeres-a-pilisi-bioszfera-rezervatumban\/#primaryimage"},"thumbnailUrl":"https:\/\/dorogimedence.hu\/wp-content\/uploads\/2025\/08\/526760960_1394945861620234_4167762520945115905_n.jpg","keywords":["Duna-Ipoly Nemzeti Park","l\u00e1togat\u00f3felm\u00e9r\u00e9s","Pilisi bioszf\u00e9ra-rezerv\u00e1tum"],"articleSection":["H\u00edrek","Sz\u00ednes"],"inLanguage":"hu"},{"@type":"WebPage","@id":"https:\/\/dorogimedence.hu\/index.php\/2025\/08\/12\/9-latogatofelmeres-a-pilisi-bioszfera-rezervatumban\/","url":"https:\/\/dorogimedence.hu\/index.php\/2025\/08\/12\/9-latogatofelmeres-a-pilisi-bioszfera-rezervatumban\/","name":"9. L\u00e1togat\u00f3felm\u00e9r\u00e9s a Pilisi Bioszf\u00e9ra Rezerv\u00e1tumban","isPartOf":{"@id":"https:\/\/dorogimedence.hu\/#website"},"primaryImageOfPage":{"@id":"https:\/\/dorogimedence.hu\/index.php\/2025\/08\/12\/9-latogatofelmeres-a-pilisi-bioszfera-rezervatumban\/#primaryimage"},"image":{"@id":"https:\/\/dorogimedence.hu\/index.php\/2025\/08\/12\/9-latogatofelmeres-a-pilisi-bioszfera-rezervatumban\/#primaryimage"},"thumbnailUrl":"https:\/\/dorogimedence.hu\/wp-content\/uploads\/2025\/08\/526760960_1394945861620234_4167762520945115905_n.jpg","datePublished":"2025-08-12T12:20:53+00:00","breadcrumb":{"@id":"https:\/\/dorogimedence.hu\/index.php\/2025\/08\/12\/9-latogatofelmeres-a-pilisi-bioszfera-rezervatumban\/#breadcrumb"},"inLanguage":"hu","potentialAction":[{"@type":"ReadAction","target":["https:\/\/dorogimedence.hu\/index.php\/2025\/08\/12\/9-latogatofelmeres-a-pilisi-bioszfera-rezervatumban\/"]}]},{"@type":"ImageObject","inLanguage":"hu","@id":"https:\/\/dorogimedence.hu\/index.php\/2025\/08\/12\/9-latogatofelmeres-a-pilisi-bioszfera-rezervatumban\/#primaryimage","url":"https:\/\/dorogimedence.hu\/wp-content\/uploads\/2025\/08\/526760960_1394945861620234_4167762520945115905_n.jpg","contentUrl":"https:\/\/dorogimedence.hu\/wp-content\/uploads\/2025\/08\/526760960_1394945861620234_4167762520945115905_n.jpg","width":2048,"height":1536},{"@type":"BreadcrumbList","@id":"https:\/\/dorogimedence.hu\/index.php\/2025\/08\/12\/9-latogatofelmeres-a-pilisi-bioszfera-rezervatumban\/#breadcrumb","itemListElement":[{"@type":"ListItem","position":1,"name":"Kezd\u0151lap","item":"https:\/\/dorogimedence.hu\/"},{"@type":"ListItem","position":2,"name":"9. L\u00e1togat\u00f3felm\u00e9r\u00e9s a Pilisi Bioszf\u00e9ra Rezerv\u00e1tumban"}]},{"@type":"WebSite","@id":"https:\/\/dorogimedence.hu\/#website","url":"https:\/\/dorogimedence.hu\/","name":"Dorogi-medence Region\u00e1lis H\u00edrport\u00e1l","description":"Dorog, Keszt\u00f6lc, Le\u00e1nyv\u00e1r, Piliscs\u00e9v, Tokod, Tokodalt\u00e1r\u00f3, Csolnok, Esztergom-kertv\u00e1ros: h\u00edrek, programok","publisher":{"@id":"https:\/\/dorogimedence.hu\/#organization"},"potentialAction":[{"@type":"SearchAction","target":{"@type":"EntryPoint","urlTemplate":"https:\/\/dorogimedence.hu\/?s={search_term_string}"},"query-input":{"@type":"PropertyValueSpecification","valueRequired":true,"valueName":"search_term_string"}}],"inLanguage":"hu"},{"@type":"Organization","@id":"https:\/\/dorogimedence.hu\/#organization","name":"Dorogi-medence Region\u00e1lis H\u00edrport\u00e1l","url":"https:\/\/dorogimedence.hu\/","logo":{"@type":"ImageObject","inLanguage":"hu","@id":"https:\/\/dorogimedence.hu\/#\/schema\/logo\/image\/","url":"https:\/\/dorogimedence.hu\/wp-content\/uploads\/2021\/04\/logo-feher-600.png","contentUrl":"https:\/\/dorogimedence.hu\/wp-content\/uploads\/2021\/04\/logo-feher-600.png","width":600,"height":100,"caption":"Dorogi-medence Region\u00e1lis H\u00edrport\u00e1l"},"image":{"@id":"https:\/\/dorogimedence.hu\/#\/schema\/logo\/image\/"},"sameAs":["https:\/\/www.facebook.com\/dorogimedence\/"]},{"@type":"Person","@id":"https:\/\/dorogimedence.hu\/#\/schema\/person\/ce6091eeb7e95ecdc87890d6aa8e0fd4","name":"dorogimedence.hu","image":{"@type":"ImageObject","inLanguage":"hu","@id":"\/\/www.gravatar.com\/avatar\/d8d45f8901aadff40a4af72c0b826f1d?s=96&#038;r=g&#038;d=mm","url":"\/\/www.gravatar.com\/avatar\/d8d45f8901aadff40a4af72c0b826f1d?s=96&#038;r=g&#038;d=mm","contentUrl":"\/\/www.gravatar.com\/avatar\/d8d45f8901aadff40a4af72c0b826f1d?s=96&#038;r=g&#038;d=mm","caption":"dorogimedence.hu"}}]}},"_links":{"self":[{"href":"https:\/\/dorogimedence.hu\/index.php\/wp-json\/wp\/v2\/posts\/73399","targetHints":{"allow":["GET"]}}],"collection":[{"href":"https:\/\/dorogimedence.hu\/index.php\/wp-json\/wp\/v2\/posts"}],"about":[{"href":"https:\/\/dorogimedence.hu\/index.php\/wp-json\/wp\/v2\/types\/post"}],"author":[{"embeddable":true,"href":"https:\/\/dorogimedence.hu\/index.php\/wp-json\/wp\/v2\/users\/1"}],"replies":[{"embeddable":true,"href":"https:\/\/dorogimedence.hu\/index.php\/wp-json\/wp\/v2\/comments?post=73399"}],"version-history":[{"count":0,"href":"https:\/\/dorogimedence.hu\/index.php\/wp-json\/wp\/v2\/posts\/73399\/revisions"}],"wp:featuredmedia":[{"embeddable":true,"href":"https:\/\/dorogimedence.hu\/index.php\/wp-json\/wp\/v2\/media\/73400"}],"wp:attachment":[{"href":"https:\/\/dorogimedence.hu\/index.php\/wp-json\/wp\/v2\/media?parent=73399"}],"wp:term":[{"taxonomy":"category","embeddable":true,"href":"https:\/\/dorogimedence.hu\/index.php\/wp-json\/wp\/v2\/categories?post=73399"},{"taxonomy":"post_tag","embeddable":true,"href":"https:\/\/dorogimedence.hu\/index.php\/wp-json\/wp\/v2\/tags?post=73399"}],"curies":[{"name":"wp","href":"https:\/\/api.w.org\/{rel}","templated":true}]}}