{"id":73393,"date":"2025-08-12T12:14:35","date_gmt":"2025-08-12T10:14:35","guid":{"rendered":"https:\/\/dorogimedence.hu\/?p=73393"},"modified":"2025-08-12T20:36:50","modified_gmt":"2025-08-12T18:36:50","slug":"tortenelmi-rongalas","status":"publish","type":"post","link":"https:\/\/dorogimedence.hu\/index.php\/2025\/08\/12\/tortenelmi-rongalas\/","title":{"rendered":"T\u00f6rt\u00e9nelmi rong\u00e1l\u00e1s"},"content":{"rendered":"<p><strong><a href=\"https:\/\/dorogimedence.hu\/index.php\/2025\/07\/25\/az-esztergomi-varmuzeumbol-is-lopott-a-17-eves-mukincstolvaj\/\" target=\"_blank\" rel=\"noopener\"><span style=\"text-decoration: underline; color: #0000ff;\">Kor\u00e1bban \u00edrtuk<\/span><\/a>, hogy egy 17 \u00e9ves fiatal az esztergomi v\u00e1rm\u00fazeumb\u00f3l lopott el m\u0171kincseket. A Zsaru Magazinban most megjelent egy cikk, amib\u0151l \u00fajabb r\u00e9szleteket tudhatunk meg.<\/strong><\/p>\n<div class=\"lead-text\">\n<p>A t\u00f6rt\u00e9nelem az \u00e9let tan\u00edt\u00f3mestere. A mond\u00e1s ez\u00fattal is helyt\u00e1ll\u00f3, igaz, nagyon is gyakorlatias dologra tan\u00edtott meg egy 17 \u00e9ves \u00e9rdi fi\u00fat. Arra, hogy a t\u00f6rt\u00e9nelem ir\u00e1nti rajong\u00e1s nem igazolhatja, ha valaki m\u00fazeumokb\u00f3l m\u00e9goly csek\u00e9ly t\u00e1rgyakat is elemel.<\/p>\n<div class=\"body-text\">\n<p>Jelenleg rong\u00e1l\u00e1s min\u0151s\u00edtett esete miatt folyik ellene elj\u00e1r\u00e1s, de cselekm\u00e9nye lop\u00e1s b\u0171ntett meg\u00e1llap\u00edt\u00e1s\u00e1ra is alkalmas.<\/p>\n<p><img fetchpriority=\"high\" decoding=\"async\" class=\"alignnone size-full wp-image-73395\" src=\"https:\/\/dorogimedence.hu\/wp-content\/uploads\/2025\/08\/repro_Muzeumokbol-lopott_03_Esztergom-rk.jpg\" alt=\"\" width=\"1512\" height=\"1120\" srcset=\"https:\/\/dorogimedence.hu\/wp-content\/uploads\/2025\/08\/repro_Muzeumokbol-lopott_03_Esztergom-rk.jpg 1512w, https:\/\/dorogimedence.hu\/wp-content\/uploads\/2025\/08\/repro_Muzeumokbol-lopott_03_Esztergom-rk-600x444.jpg 600w, https:\/\/dorogimedence.hu\/wp-content\/uploads\/2025\/08\/repro_Muzeumokbol-lopott_03_Esztergom-rk-768x569.jpg 768w, https:\/\/dorogimedence.hu\/wp-content\/uploads\/2025\/08\/repro_Muzeumokbol-lopott_03_Esztergom-rk-150x111.jpg 150w, https:\/\/dorogimedence.hu\/wp-content\/uploads\/2025\/08\/repro_Muzeumokbol-lopott_03_Esztergom-rk-450x333.jpg 450w, https:\/\/dorogimedence.hu\/wp-content\/uploads\/2025\/08\/repro_Muzeumokbol-lopott_03_Esztergom-rk-1200x889.jpg 1200w\" sizes=\"(max-width: 1512px) 100vw, 1512px\" \/><\/p>\n<p>J\u00falius 17-\u00e9n \u00e9rkezett a feljelent\u00e9s az Esztergomi Rend\u0151rkapit\u00e1nys\u00e1ghoz, mely szerint valaki megrong\u00e1lta a Magyar Nemzeti M\u00fazeum Esztergomi V\u00e1rm\u00fazeum\u00e1ban tal\u00e1lhat\u00f3 t\u00f6bb \u00e9vsz\u00e1zados tr\u00f3nsz\u00e9ket, d\u00edsz\u00edt\u00e9s\u00e9b\u0151l mozaikdarabokat pattintott ki, valamint m\u00fazeumi k\u0151t\u00f6red\u00e9ket\/faragv\u00e1nyt is elvitt. A k\u00e1r \u00e9rt\u00e9k\u00e9t nem lehetett azonnal meg\u00e1llap\u00edtani, de a becsl\u00e9s is megd\u00f6bbent\u0151: ak\u00e1r t\u00f6bb t\u00edzmilli\u00f3 forintnyi rong\u00e1l\u00e1s t\u00f6rt\u00e9nhetett. A nyomoz\u00f3k els\u0151k\u00e9nt a v\u00e1rm\u00fazeum kamerak\u00e9peit n\u00e9zt\u00e9k meg alaposabban, azok alapj\u00e1n az elk\u00f6vet\u0151t nem lehetett azonos\u00edtani, de annyit meg lehetett \u00e1llap\u00edtani, hogy mikor t\u00f6rt\u00e9nhetett a cselekm\u00e9ny, \u00e9s azt, hogy az elk\u00f6vet\u0151 fiatal, 18 \u00e9s 25 \u00e9v k\u00f6z\u00f6tti.<\/p>\n<p>\u2013 Amikor a v\u00e1rm\u00fazeum k\u00f6rny\u00e9k\u00e9n l\u00e9v\u0151 kamerak\u00e9peket is megn\u00e9zt\u00fck, azokon ugyancsak felt\u0171nt a fiatalember, \u00e9s a kamerafelv\u00e9telek elemz\u00e9s\u00e9t k\u00f6vet\u0151en az online t\u00e9rben v\u00e9gzett adatgy\u0171jt\u00e9s alapj\u00e1n azonos\u00edtottuk \u2013 mondja Gyebn\u00e1r L\u00e1szl\u00f3 f\u0151t\u00f6rzs\u0151rmester, az Esztergomi Rend\u0151rkapit\u00e1nys\u00e1g nyomoz\u00f3ja. \u2013 \u00cdgy azt\u00e1n a bejelent\u00e9st k\u00f6vet\u0151 napon m\u00e1r ment\u00fcnk is a lak\u00e1s\u00e1ra kutat\u00e1st v\u00e9gezni. Az elk\u00f6vet\u0151, de m\u00e9g a sz\u00fcl\u0151k sem lep\u0151dtek meg k\u00fcl\u00f6n\u00f6sebben, amikor megjelent\u00fcnk.<\/p>\n<p>Az \u00e9rdi lakc\u00edmen v\u00e9gzett kutat\u00e1s eredm\u00e9nye viszont ann\u00e1l meglep\u0151bb volt, \u00e9s nem az\u00e9rt, mert megtal\u00e1lt\u00e1k a keresett m\u0171t\u00e1rgyt\u00f6red\u00e9keket, hanem az\u00e9rt, mert a lak\u00e1sban sok hasonl\u00f3ra is r\u00e1bukkantak. \u00c1m a gondosan t\u00e1rolt k\u00f6vekr\u0151l, mozaikdarabokr\u00f3l, a t\u00e1rgyak t\u00f6bbs\u00e9g\u00e9r\u0151l els\u0151 r\u00e1n\u00e9z\u00e9sre az sem der\u00fclt ki, hogy \u00e9rt\u00e9ktelen k\u0151darab vagy m\u00fazeumb\u00f3l ellopott t\u00e1rgy, esetleg egy r\u00e9gi b\u00e9rh\u00e1z k\u0151d\u00edsz\u00edt\u00e9s\u00e9nek r\u00e9szlete.<\/p>\n<p>\u2013 A fiatalember mindenesetre k\u00e9szs\u00e9gesen megmutatott mindent, \u00e9s azokat a t\u00e1rgyakat is el\u0151vette, amelyeket az Esztergomi V\u00e1rm\u00fazeumb\u00f3l vitt el \u2013 folytatja Pirty\u00e1k Gyula f\u0151t\u00f6rzs\u0151rmester, az Esztergomi Rend\u0151rkapit\u00e1nys\u00e1g nyomoz\u00f3ja. \u2013 \u201eGy\u0171jtem\u00e9ny\u00e9nek\u201d darabjait letakar\u00edtotta, szemmel l\u00e1that\u00f3an gondosan t\u00e1rolta, szekr\u00e9nyben, dobozokban, fi\u00f3kos kisszekr\u00e9nyben. A t\u00e1rgyak t\u00f6bbs\u00e9g\u00e9r\u0151l azt \u00e1ll\u00edtotta, hogy r\u00e9gi b\u00e9rh\u00e1z romjai k\u00f6z\u00f6tt tal\u00e1lta. \u00d6sszesen 81 k\u0151t\u00f6red\u00e9ket foglaltunk le, azokat, amelyekr\u0151l az\u00e9rt meg lehetett \u00e1llap\u00edtani, hogy m\u00fazeumb\u00f3l sz\u00e1rmaznak, vagy amelyekr\u0151l \u0151 maga is bevallotta, hogy m\u00fazeumb\u00f3l, t\u00f6rt\u00e9nelmi eml\u00e9khelyr\u0151l tulajdon\u00edtotta el. \u00cdgy elhoztunk egy, a Gorsium R\u00e9g\u00e9szeti Parkb\u00f3l sz\u00e1rmaz\u00f3, az 1200-as, 1300-as \u00e9vekben k\u00e9sz\u00fclt, k\u0151b\u0151l faragott n\u0151i fejet, valamint a simontornyai v\u00e1rb\u00f3l elvitt k\u00f6veket, faragott ajt\u00f3f\u00e9lf\u00e1t \u00e9s a Kiscelli M\u00fazeumb\u00f3l elhozott t\u00e1rgyakat. El\u0151\u00e1ll\u00edtottuk a fiatalembert, \u00e9s az Esztergomi V\u00e1rm\u00fazeum s\u00e9relm\u00e9re elk\u00f6vetett rong\u00e1l\u00e1s gyan\u00fas\u00edtottjak\u00e9nt hallgattuk ki. Arra a k\u00e9rd\u00e9sre, hogy mi\u00e9rt tette, azt v\u00e1laszolta, hogy szereti a t\u00f6rt\u00e9nelmet. Bevallotta, hogy az Esztergomi V\u00e1rm\u00fazeumb\u00f3l k\u00e9tszer is lopott, a m\u0171kincseket csavarh\u00faz\u00f3val mozd\u00edtotta ki a hely\u00fckr\u0151l. Elmondta azt is, hogy \u00f6t\u00e9ves kora \u00f3ta rajong a t\u00f6rt\u00e9nelem\u00e9rt, \u00e9s semmik\u00e9ppen nem elad\u00e1sra sz\u00e1nta gy\u0171jtem\u00e9nye darabjait, mind\u00f6ssze saj\u00e1t kollekci\u00f3ra v\u00e1gyott.<\/p>\n<p><img decoding=\"async\" class=\"alignnone size-full wp-image-73396\" src=\"https:\/\/dorogimedence.hu\/wp-content\/uploads\/2025\/08\/repro_Muzeumokbol-lopott_02_Esztergom-rk.jpg\" alt=\"\" width=\"1920\" height=\"1255\" srcset=\"https:\/\/dorogimedence.hu\/wp-content\/uploads\/2025\/08\/repro_Muzeumokbol-lopott_02_Esztergom-rk.jpg 1920w, https:\/\/dorogimedence.hu\/wp-content\/uploads\/2025\/08\/repro_Muzeumokbol-lopott_02_Esztergom-rk-600x392.jpg 600w, https:\/\/dorogimedence.hu\/wp-content\/uploads\/2025\/08\/repro_Muzeumokbol-lopott_02_Esztergom-rk-768x502.jpg 768w, https:\/\/dorogimedence.hu\/wp-content\/uploads\/2025\/08\/repro_Muzeumokbol-lopott_02_Esztergom-rk-1536x1004.jpg 1536w, https:\/\/dorogimedence.hu\/wp-content\/uploads\/2025\/08\/repro_Muzeumokbol-lopott_02_Esztergom-rk-150x98.jpg 150w, https:\/\/dorogimedence.hu\/wp-content\/uploads\/2025\/08\/repro_Muzeumokbol-lopott_02_Esztergom-rk-450x294.jpg 450w, https:\/\/dorogimedence.hu\/wp-content\/uploads\/2025\/08\/repro_Muzeumokbol-lopott_02_Esztergom-rk-1200x784.jpg 1200w\" sizes=\"(max-width: 1920px) 100vw, 1920px\" \/><\/p>\n<p>Amikor a Kom\u00e1rom-Esztergom V\u00e1rmegyei Rend\u0151r-f\u0151kapit\u00e1nys\u00e1g sajt\u00f3k\u00f6zlem\u00e9nyben ismertette az esetet, \u00e9s a k\u00f6zlem\u00e9nyhez egy f\u00e9nyk\u00e9pet is mell\u00e9kelt, amelyen a fiatalember \u201egy\u0171jtem\u00e9ny\u00e9nek\u201d darabjai l\u00e1that\u00f3k, akkor der\u00fclt ki, hogy a lefoglalt t\u00e1rgyak k\u00f6z\u00f6tt van olyan, amelynek elt\u0171n\u00e9s\u00e9t m\u00e1r jelezte a rend\u0151rs\u00e9gnek kor\u00e1bban a Budapesti T\u00f6rt\u00e9neti M\u00fazeum, majd a visegr\u00e1di M\u00e1ty\u00e1s Kir\u00e1ly M\u00fazeum is jelentkezett, mert munkat\u00e1rsai felismertek t\u0151l\u00fck ellopott t\u00e1rgyakat. Egyre-m\u00e1sra der\u00fcltek ki a kor\u00e1bbi lop\u00e1sok: az egyik oszlopdarab a Budapest-Belv\u00e1rosi Nagyboldogasszony F\u0151pl\u00e9b\u00e1nia-templomb\u00f3l hi\u00e1nyzott, valamint a budai V\u00e1rb\u00f3l is t\u0171ntek el k\u00f6vek, amelyeket a fiatalember szerint kidobtak, de ezeket m\u00e9g azonos\u00edtani kell. Nem mellesleg m\u00e9g az esztergomi bazilika h\u00e1ts\u00f3 l\u00e9pcs\u0151j\u00e9b\u0151l is kit\u00f6rt egy darabot.<\/p>\n<p>\u2013 Amiket lefoglaltunk, azokat vissza tudt\u00e1k helyezni a szakemberek, de a restaur\u00e1l\u00e1s h\u00e1travan, annak a k\u00f6lts\u00e9gei m\u00e9g nem ismertek \u2013 magyar\u00e1zza Gyebn\u00e1r L\u00e1szl\u00f3. \u2013 Valamint t\u00f6bb olyan d\u00edsz \u00e9s k\u0151darab is van, amelyeket nem tudott kiszedni a hely\u00fckr\u0151l, de m\u00e1r a pr\u00f3b\u00e1lkoz\u00e1ssal is megrong\u00e1lta azokat.<\/p>\n<p>Mivel nagyon sok apr\u00f3s\u00e1g maradt m\u00e9g, amelynek eredete tiszt\u00e1zatlan, azok vizsg\u00e1lata m\u00fazeumi szakemberek feladata lesz. Ebb\u0151l k\u00f6vetkez\u0151en m\u00e9g felmer\u00fclhetnek tov\u00e1bbi m\u00fazeumok, v\u00e1rak, t\u00f6rt\u00e9nelmi eml\u00e9khelyek is, ahonnan sz\u00e1rmazhatnak az elk\u00f6vet\u0151t\u0151l lefoglalt apr\u00f3s\u00e1gok. Az Esztergomi Rend\u0151rkapit\u00e1nys\u00e1g nyomoz\u00f3i j\u00falius 23-\u00e1n visszaadt\u00e1k az Esztergomi V\u00e1rm\u00fazeumb\u00f3l ellopott m\u0171kincseket az igazgat\u00f3nak, dr. Pusztai Tam\u00e1snak. Mivel az elk\u00f6vet\u0151 fiatalkor\u00fa, az \u00fcgyet egy \u00e9ven bel\u00fcl le kell z\u00e1rni, az \u00fcgy\u00e9szs\u00e9gnek v\u00e1dat kell emelnie, de addig m\u00e9g nagyon sok munk\u00e1juk lesz a nyomoz\u00f3knak \u00e9s a szak\u00e9rt\u0151knek. Jelenleg rong\u00e1l\u00e1s min\u0151s\u00edtett esete miatt folyik az elj\u00e1r\u00e1s, de az \u00e1ltala elk\u00f6vetett cselekm\u00e9ny lop\u00e1s b\u0171ntett meg\u00e1llap\u00edt\u00e1s\u00e1ra alkalmas, ez az elj\u00e1r\u00e1s tov\u00e1bbi vizsg\u00e1latai sor\u00e1n fog k\u00f6rvonalaz\u00f3dni.<\/p>\n<p><img decoding=\"async\" class=\"alignnone size-full wp-image-73397\" src=\"https:\/\/dorogimedence.hu\/wp-content\/uploads\/2025\/08\/repro_Muzeumokbol-lopott_01_Esztergom-rk.jpg\" alt=\"\" width=\"1536\" height=\"1747\" srcset=\"https:\/\/dorogimedence.hu\/wp-content\/uploads\/2025\/08\/repro_Muzeumokbol-lopott_01_Esztergom-rk.jpg 1536w, https:\/\/dorogimedence.hu\/wp-content\/uploads\/2025\/08\/repro_Muzeumokbol-lopott_01_Esztergom-rk-528x600.jpg 528w, https:\/\/dorogimedence.hu\/wp-content\/uploads\/2025\/08\/repro_Muzeumokbol-lopott_01_Esztergom-rk-768x874.jpg 768w, https:\/\/dorogimedence.hu\/wp-content\/uploads\/2025\/08\/repro_Muzeumokbol-lopott_01_Esztergom-rk-1350x1536.jpg 1350w, https:\/\/dorogimedence.hu\/wp-content\/uploads\/2025\/08\/repro_Muzeumokbol-lopott_01_Esztergom-rk-150x171.jpg 150w, https:\/\/dorogimedence.hu\/wp-content\/uploads\/2025\/08\/repro_Muzeumokbol-lopott_01_Esztergom-rk-450x512.jpg 450w, https:\/\/dorogimedence.hu\/wp-content\/uploads\/2025\/08\/repro_Muzeumokbol-lopott_01_Esztergom-rk-1200x1365.jpg 1200w\" sizes=\"(max-width: 1536px) 100vw, 1536px\" \/><\/p>\n<p><em>Forr\u00e1s: TRENCS\u00c9NYI ZOLT\u00c1N \/ Zsaru Magazin \/ police.hu<br \/>\nFot\u00f3<\/em><em>: F\u00dcL\u00d6P M\u00c1T\u00c9, REND\u0150RS\u00c9G<\/em><\/p>\n<\/div>\n<\/div>\n","protected":false},"excerpt":{"rendered":"<p>Kor\u00e1bban \u00edrtuk, hogy egy 17 \u00e9ves fiatal az esztergomi v\u00e1rm\u00fazeumb\u00f3l lopott el m\u0171kincseket. A Zsaru Magazinban most megjelent egy cikk, amib\u0151l \u00fajabb r\u00e9szleteket tudhatunk meg. A t\u00f6rt\u00e9nelem az \u00e9let tan\u00edt\u00f3mestere. A mond\u00e1s ez\u00fattal is helyt\u00e1ll\u00f3, igaz, nagyon is gyakorlatias dologra tan\u00edtott meg egy 17 \u00e9ves \u00e9rdi fi\u00fat. Arra, hogy a t\u00f6rt\u00e9nelem ir\u00e1nti rajong\u00e1s nem igazolhatja,<\/p>\n","protected":false},"author":1,"featured_media":73394,"comment_status":"closed","ping_status":"closed","sticky":false,"template":"","format":"standard","meta":{"ngg_post_thumbnail":0,"footnotes":""},"categories":[38,3,39],"tags":[42,61],"class_list":{"0":"post-73393","1":"post","2":"type-post","3":"status-publish","4":"format-standard","5":"has-post-thumbnail","7":"category-esztergom","8":"category-hirek","9":"category-kek-hirek","10":"tag-esztergom","11":"tag-rendorsegi-hirek"},"yoast_head":"<!-- This site is optimized with the Yoast SEO plugin v27.4 - https:\/\/yoast.com\/product\/yoast-seo-wordpress\/ -->\n<title>T\u00f6rt\u00e9nelmi rong\u00e1l\u00e1s<\/title>\n<meta name=\"robots\" content=\"index, follow, max-snippet:-1, max-image-preview:large, max-video-preview:-1\" \/>\n<link rel=\"canonical\" href=\"https:\/\/dorogimedence.hu\/index.php\/2025\/08\/12\/tortenelmi-rongalas\/\" class=\"yoast-seo-meta-tag\" \/>\n<meta property=\"og:locale\" content=\"hu_HU\" class=\"yoast-seo-meta-tag\" \/>\n<meta property=\"og:type\" content=\"article\" class=\"yoast-seo-meta-tag\" \/>\n<meta property=\"og:title\" content=\"T\u00f6rt\u00e9nelmi rong\u00e1l\u00e1s\" class=\"yoast-seo-meta-tag\" \/>\n<meta property=\"og:description\" content=\"Kor\u00e1bban \u00edrtuk, hogy egy 17 \u00e9ves fiatal az esztergomi v\u00e1rm\u00fazeumb\u00f3l lopott el m\u0171kincseket. A Zsaru Magazinban most megjelent egy cikk, amib\u0151l \u00fajabb r\u00e9szleteket tudhatunk meg. A t\u00f6rt\u00e9nelem az \u00e9let tan\u00edt\u00f3mestere. A mond\u00e1s ez\u00fattal is helyt\u00e1ll\u00f3, igaz, nagyon is gyakorlatias dologra tan\u00edtott meg egy 17 \u00e9ves \u00e9rdi fi\u00fat. Arra, hogy a t\u00f6rt\u00e9nelem ir\u00e1nti rajong\u00e1s nem igazolhatja,\" class=\"yoast-seo-meta-tag\" \/>\n<meta property=\"og:url\" content=\"https:\/\/dorogimedence.hu\/index.php\/2025\/08\/12\/tortenelmi-rongalas\/\" class=\"yoast-seo-meta-tag\" \/>\n<meta property=\"og:site_name\" content=\"Dorogi-medence Region\u00e1lis H\u00edrport\u00e1l\" class=\"yoast-seo-meta-tag\" \/>\n<meta property=\"article:publisher\" content=\"https:\/\/www.facebook.com\/dorogimedence\/\" class=\"yoast-seo-meta-tag\" \/>\n<meta property=\"article:published_time\" content=\"2025-08-12T10:14:35+00:00\" class=\"yoast-seo-meta-tag\" \/>\n<meta property=\"article:modified_time\" content=\"2025-08-12T18:36:50+00:00\" class=\"yoast-seo-meta-tag\" \/>\n<meta property=\"og:image\" content=\"https:\/\/dorogimedence.hu\/wp-content\/uploads\/2025\/08\/repro_Muzeumokbol-lopott_04_Esztergom-rk.jpg\" class=\"yoast-seo-meta-tag\" \/>\n\t<meta property=\"og:image:width\" content=\"1807\" class=\"yoast-seo-meta-tag\" \/>\n\t<meta property=\"og:image:height\" content=\"1333\" class=\"yoast-seo-meta-tag\" \/>\n\t<meta property=\"og:image:type\" content=\"image\/jpeg\" class=\"yoast-seo-meta-tag\" \/>\n<meta name=\"author\" content=\"dorogimedence.hu\" class=\"yoast-seo-meta-tag\" \/>\n<meta name=\"twitter:card\" content=\"summary_large_image\" class=\"yoast-seo-meta-tag\" \/>\n<meta name=\"twitter:label1\" content=\"Szerz\u0151:\" class=\"yoast-seo-meta-tag\" \/>\n\t<meta name=\"twitter:data1\" content=\"dorogimedence.hu\" class=\"yoast-seo-meta-tag\" \/>\n\t<meta name=\"twitter:label2\" content=\"Becs\u00fclt olvas\u00e1si id\u0151\" class=\"yoast-seo-meta-tag\" \/>\n\t<meta name=\"twitter:data2\" content=\"6 perc\" class=\"yoast-seo-meta-tag\" \/>\n<script type=\"application\/ld+json\" class=\"yoast-schema-graph\">{\"@context\":\"https:\\\/\\\/schema.org\",\"@graph\":[{\"@type\":\"Article\",\"@id\":\"https:\\\/\\\/dorogimedence.hu\\\/index.php\\\/2025\\\/08\\\/12\\\/tortenelmi-rongalas\\\/#article\",\"isPartOf\":{\"@id\":\"https:\\\/\\\/dorogimedence.hu\\\/index.php\\\/2025\\\/08\\\/12\\\/tortenelmi-rongalas\\\/\"},\"author\":{\"name\":\"dorogimedence.hu\",\"@id\":\"https:\\\/\\\/dorogimedence.hu\\\/#\\\/schema\\\/person\\\/ce6091eeb7e95ecdc87890d6aa8e0fd4\"},\"headline\":\"T\u00f6rt\u00e9nelmi rong\u00e1l\u00e1s\",\"datePublished\":\"2025-08-12T10:14:35+00:00\",\"dateModified\":\"2025-08-12T18:36:50+00:00\",\"mainEntityOfPage\":{\"@id\":\"https:\\\/\\\/dorogimedence.hu\\\/index.php\\\/2025\\\/08\\\/12\\\/tortenelmi-rongalas\\\/\"},\"wordCount\":1163,\"publisher\":{\"@id\":\"https:\\\/\\\/dorogimedence.hu\\\/#organization\"},\"image\":{\"@id\":\"https:\\\/\\\/dorogimedence.hu\\\/index.php\\\/2025\\\/08\\\/12\\\/tortenelmi-rongalas\\\/#primaryimage\"},\"thumbnailUrl\":\"https:\\\/\\\/dorogimedence.hu\\\/wp-content\\\/uploads\\\/2025\\\/08\\\/repro_Muzeumokbol-lopott_04_Esztergom-rk.jpg\",\"keywords\":[\"esztergom\",\"rend\u0151rs\u00e9gi h\u00edrek\"],\"articleSection\":[\"Esztergom\",\"H\u00edrek\",\"K\u00e9k h\u00edrek\"],\"inLanguage\":\"hu\"},{\"@type\":\"WebPage\",\"@id\":\"https:\\\/\\\/dorogimedence.hu\\\/index.php\\\/2025\\\/08\\\/12\\\/tortenelmi-rongalas\\\/\",\"url\":\"https:\\\/\\\/dorogimedence.hu\\\/index.php\\\/2025\\\/08\\\/12\\\/tortenelmi-rongalas\\\/\",\"name\":\"T\u00f6rt\u00e9nelmi rong\u00e1l\u00e1s\",\"isPartOf\":{\"@id\":\"https:\\\/\\\/dorogimedence.hu\\\/#website\"},\"primaryImageOfPage\":{\"@id\":\"https:\\\/\\\/dorogimedence.hu\\\/index.php\\\/2025\\\/08\\\/12\\\/tortenelmi-rongalas\\\/#primaryimage\"},\"image\":{\"@id\":\"https:\\\/\\\/dorogimedence.hu\\\/index.php\\\/2025\\\/08\\\/12\\\/tortenelmi-rongalas\\\/#primaryimage\"},\"thumbnailUrl\":\"https:\\\/\\\/dorogimedence.hu\\\/wp-content\\\/uploads\\\/2025\\\/08\\\/repro_Muzeumokbol-lopott_04_Esztergom-rk.jpg\",\"datePublished\":\"2025-08-12T10:14:35+00:00\",\"dateModified\":\"2025-08-12T18:36:50+00:00\",\"breadcrumb\":{\"@id\":\"https:\\\/\\\/dorogimedence.hu\\\/index.php\\\/2025\\\/08\\\/12\\\/tortenelmi-rongalas\\\/#breadcrumb\"},\"inLanguage\":\"hu\",\"potentialAction\":[{\"@type\":\"ReadAction\",\"target\":[\"https:\\\/\\\/dorogimedence.hu\\\/index.php\\\/2025\\\/08\\\/12\\\/tortenelmi-rongalas\\\/\"]}]},{\"@type\":\"ImageObject\",\"inLanguage\":\"hu\",\"@id\":\"https:\\\/\\\/dorogimedence.hu\\\/index.php\\\/2025\\\/08\\\/12\\\/tortenelmi-rongalas\\\/#primaryimage\",\"url\":\"https:\\\/\\\/dorogimedence.hu\\\/wp-content\\\/uploads\\\/2025\\\/08\\\/repro_Muzeumokbol-lopott_04_Esztergom-rk.jpg\",\"contentUrl\":\"https:\\\/\\\/dorogimedence.hu\\\/wp-content\\\/uploads\\\/2025\\\/08\\\/repro_Muzeumokbol-lopott_04_Esztergom-rk.jpg\",\"width\":1807,\"height\":1333},{\"@type\":\"BreadcrumbList\",\"@id\":\"https:\\\/\\\/dorogimedence.hu\\\/index.php\\\/2025\\\/08\\\/12\\\/tortenelmi-rongalas\\\/#breadcrumb\",\"itemListElement\":[{\"@type\":\"ListItem\",\"position\":1,\"name\":\"Kezd\u0151lap\",\"item\":\"https:\\\/\\\/dorogimedence.hu\\\/\"},{\"@type\":\"ListItem\",\"position\":2,\"name\":\"T\u00f6rt\u00e9nelmi rong\u00e1l\u00e1s\"}]},{\"@type\":\"WebSite\",\"@id\":\"https:\\\/\\\/dorogimedence.hu\\\/#website\",\"url\":\"https:\\\/\\\/dorogimedence.hu\\\/\",\"name\":\"Dorogi-medence Region\u00e1lis H\u00edrport\u00e1l\",\"description\":\"Dorog, Keszt\u00f6lc, Le\u00e1nyv\u00e1r, Piliscs\u00e9v, Tokod, Tokodalt\u00e1r\u00f3, Csolnok, Esztergom-kertv\u00e1ros: h\u00edrek, programok\",\"publisher\":{\"@id\":\"https:\\\/\\\/dorogimedence.hu\\\/#organization\"},\"potentialAction\":[{\"@type\":\"SearchAction\",\"target\":{\"@type\":\"EntryPoint\",\"urlTemplate\":\"https:\\\/\\\/dorogimedence.hu\\\/?s={search_term_string}\"},\"query-input\":{\"@type\":\"PropertyValueSpecification\",\"valueRequired\":true,\"valueName\":\"search_term_string\"}}],\"inLanguage\":\"hu\"},{\"@type\":\"Organization\",\"@id\":\"https:\\\/\\\/dorogimedence.hu\\\/#organization\",\"name\":\"Dorogi-medence Region\u00e1lis H\u00edrport\u00e1l\",\"url\":\"https:\\\/\\\/dorogimedence.hu\\\/\",\"logo\":{\"@type\":\"ImageObject\",\"inLanguage\":\"hu\",\"@id\":\"https:\\\/\\\/dorogimedence.hu\\\/#\\\/schema\\\/logo\\\/image\\\/\",\"url\":\"https:\\\/\\\/dorogimedence.hu\\\/wp-content\\\/uploads\\\/2021\\\/04\\\/logo-feher-600.png\",\"contentUrl\":\"https:\\\/\\\/dorogimedence.hu\\\/wp-content\\\/uploads\\\/2021\\\/04\\\/logo-feher-600.png\",\"width\":600,\"height\":100,\"caption\":\"Dorogi-medence Region\u00e1lis H\u00edrport\u00e1l\"},\"image\":{\"@id\":\"https:\\\/\\\/dorogimedence.hu\\\/#\\\/schema\\\/logo\\\/image\\\/\"},\"sameAs\":[\"https:\\\/\\\/www.facebook.com\\\/dorogimedence\\\/\"]},{\"@type\":\"Person\",\"@id\":\"https:\\\/\\\/dorogimedence.hu\\\/#\\\/schema\\\/person\\\/ce6091eeb7e95ecdc87890d6aa8e0fd4\",\"name\":\"dorogimedence.hu\",\"image\":{\"@type\":\"ImageObject\",\"inLanguage\":\"hu\",\"@id\":\"\\\/\\\/www.gravatar.com\\\/avatar\\\/d8d45f8901aadff40a4af72c0b826f1d?s=96&#038;r=g&#038;d=mm\",\"url\":\"\\\/\\\/www.gravatar.com\\\/avatar\\\/d8d45f8901aadff40a4af72c0b826f1d?s=96&#038;r=g&#038;d=mm\",\"contentUrl\":\"\\\/\\\/www.gravatar.com\\\/avatar\\\/d8d45f8901aadff40a4af72c0b826f1d?s=96&#038;r=g&#038;d=mm\",\"caption\":\"dorogimedence.hu\"}}]}<\/script>\n<!-- \/ Yoast SEO plugin. -->","yoast_head_json":{"title":"T\u00f6rt\u00e9nelmi rong\u00e1l\u00e1s","robots":{"index":"index","follow":"follow","max-snippet":"max-snippet:-1","max-image-preview":"max-image-preview:large","max-video-preview":"max-video-preview:-1"},"canonical":"https:\/\/dorogimedence.hu\/index.php\/2025\/08\/12\/tortenelmi-rongalas\/","og_locale":"hu_HU","og_type":"article","og_title":"T\u00f6rt\u00e9nelmi rong\u00e1l\u00e1s","og_description":"Kor\u00e1bban \u00edrtuk, hogy egy 17 \u00e9ves fiatal az esztergomi v\u00e1rm\u00fazeumb\u00f3l lopott el m\u0171kincseket. A Zsaru Magazinban most megjelent egy cikk, amib\u0151l \u00fajabb r\u00e9szleteket tudhatunk meg. A t\u00f6rt\u00e9nelem az \u00e9let tan\u00edt\u00f3mestere. A mond\u00e1s ez\u00fattal is helyt\u00e1ll\u00f3, igaz, nagyon is gyakorlatias dologra tan\u00edtott meg egy 17 \u00e9ves \u00e9rdi fi\u00fat. Arra, hogy a t\u00f6rt\u00e9nelem ir\u00e1nti rajong\u00e1s nem igazolhatja,","og_url":"https:\/\/dorogimedence.hu\/index.php\/2025\/08\/12\/tortenelmi-rongalas\/","og_site_name":"Dorogi-medence Region\u00e1lis H\u00edrport\u00e1l","article_publisher":"https:\/\/www.facebook.com\/dorogimedence\/","article_published_time":"2025-08-12T10:14:35+00:00","article_modified_time":"2025-08-12T18:36:50+00:00","og_image":[{"width":1807,"height":1333,"url":"https:\/\/dorogimedence.hu\/wp-content\/uploads\/2025\/08\/repro_Muzeumokbol-lopott_04_Esztergom-rk.jpg","type":"image\/jpeg"}],"author":"dorogimedence.hu","twitter_card":"summary_large_image","twitter_misc":{"Szerz\u0151:":"dorogimedence.hu","Becs\u00fclt olvas\u00e1si id\u0151":"6 perc"},"schema":{"@context":"https:\/\/schema.org","@graph":[{"@type":"Article","@id":"https:\/\/dorogimedence.hu\/index.php\/2025\/08\/12\/tortenelmi-rongalas\/#article","isPartOf":{"@id":"https:\/\/dorogimedence.hu\/index.php\/2025\/08\/12\/tortenelmi-rongalas\/"},"author":{"name":"dorogimedence.hu","@id":"https:\/\/dorogimedence.hu\/#\/schema\/person\/ce6091eeb7e95ecdc87890d6aa8e0fd4"},"headline":"T\u00f6rt\u00e9nelmi rong\u00e1l\u00e1s","datePublished":"2025-08-12T10:14:35+00:00","dateModified":"2025-08-12T18:36:50+00:00","mainEntityOfPage":{"@id":"https:\/\/dorogimedence.hu\/index.php\/2025\/08\/12\/tortenelmi-rongalas\/"},"wordCount":1163,"publisher":{"@id":"https:\/\/dorogimedence.hu\/#organization"},"image":{"@id":"https:\/\/dorogimedence.hu\/index.php\/2025\/08\/12\/tortenelmi-rongalas\/#primaryimage"},"thumbnailUrl":"https:\/\/dorogimedence.hu\/wp-content\/uploads\/2025\/08\/repro_Muzeumokbol-lopott_04_Esztergom-rk.jpg","keywords":["esztergom","rend\u0151rs\u00e9gi h\u00edrek"],"articleSection":["Esztergom","H\u00edrek","K\u00e9k h\u00edrek"],"inLanguage":"hu"},{"@type":"WebPage","@id":"https:\/\/dorogimedence.hu\/index.php\/2025\/08\/12\/tortenelmi-rongalas\/","url":"https:\/\/dorogimedence.hu\/index.php\/2025\/08\/12\/tortenelmi-rongalas\/","name":"T\u00f6rt\u00e9nelmi rong\u00e1l\u00e1s","isPartOf":{"@id":"https:\/\/dorogimedence.hu\/#website"},"primaryImageOfPage":{"@id":"https:\/\/dorogimedence.hu\/index.php\/2025\/08\/12\/tortenelmi-rongalas\/#primaryimage"},"image":{"@id":"https:\/\/dorogimedence.hu\/index.php\/2025\/08\/12\/tortenelmi-rongalas\/#primaryimage"},"thumbnailUrl":"https:\/\/dorogimedence.hu\/wp-content\/uploads\/2025\/08\/repro_Muzeumokbol-lopott_04_Esztergom-rk.jpg","datePublished":"2025-08-12T10:14:35+00:00","dateModified":"2025-08-12T18:36:50+00:00","breadcrumb":{"@id":"https:\/\/dorogimedence.hu\/index.php\/2025\/08\/12\/tortenelmi-rongalas\/#breadcrumb"},"inLanguage":"hu","potentialAction":[{"@type":"ReadAction","target":["https:\/\/dorogimedence.hu\/index.php\/2025\/08\/12\/tortenelmi-rongalas\/"]}]},{"@type":"ImageObject","inLanguage":"hu","@id":"https:\/\/dorogimedence.hu\/index.php\/2025\/08\/12\/tortenelmi-rongalas\/#primaryimage","url":"https:\/\/dorogimedence.hu\/wp-content\/uploads\/2025\/08\/repro_Muzeumokbol-lopott_04_Esztergom-rk.jpg","contentUrl":"https:\/\/dorogimedence.hu\/wp-content\/uploads\/2025\/08\/repro_Muzeumokbol-lopott_04_Esztergom-rk.jpg","width":1807,"height":1333},{"@type":"BreadcrumbList","@id":"https:\/\/dorogimedence.hu\/index.php\/2025\/08\/12\/tortenelmi-rongalas\/#breadcrumb","itemListElement":[{"@type":"ListItem","position":1,"name":"Kezd\u0151lap","item":"https:\/\/dorogimedence.hu\/"},{"@type":"ListItem","position":2,"name":"T\u00f6rt\u00e9nelmi rong\u00e1l\u00e1s"}]},{"@type":"WebSite","@id":"https:\/\/dorogimedence.hu\/#website","url":"https:\/\/dorogimedence.hu\/","name":"Dorogi-medence Region\u00e1lis H\u00edrport\u00e1l","description":"Dorog, Keszt\u00f6lc, Le\u00e1nyv\u00e1r, Piliscs\u00e9v, Tokod, Tokodalt\u00e1r\u00f3, Csolnok, Esztergom-kertv\u00e1ros: h\u00edrek, programok","publisher":{"@id":"https:\/\/dorogimedence.hu\/#organization"},"potentialAction":[{"@type":"SearchAction","target":{"@type":"EntryPoint","urlTemplate":"https:\/\/dorogimedence.hu\/?s={search_term_string}"},"query-input":{"@type":"PropertyValueSpecification","valueRequired":true,"valueName":"search_term_string"}}],"inLanguage":"hu"},{"@type":"Organization","@id":"https:\/\/dorogimedence.hu\/#organization","name":"Dorogi-medence Region\u00e1lis H\u00edrport\u00e1l","url":"https:\/\/dorogimedence.hu\/","logo":{"@type":"ImageObject","inLanguage":"hu","@id":"https:\/\/dorogimedence.hu\/#\/schema\/logo\/image\/","url":"https:\/\/dorogimedence.hu\/wp-content\/uploads\/2021\/04\/logo-feher-600.png","contentUrl":"https:\/\/dorogimedence.hu\/wp-content\/uploads\/2021\/04\/logo-feher-600.png","width":600,"height":100,"caption":"Dorogi-medence Region\u00e1lis H\u00edrport\u00e1l"},"image":{"@id":"https:\/\/dorogimedence.hu\/#\/schema\/logo\/image\/"},"sameAs":["https:\/\/www.facebook.com\/dorogimedence\/"]},{"@type":"Person","@id":"https:\/\/dorogimedence.hu\/#\/schema\/person\/ce6091eeb7e95ecdc87890d6aa8e0fd4","name":"dorogimedence.hu","image":{"@type":"ImageObject","inLanguage":"hu","@id":"\/\/www.gravatar.com\/avatar\/d8d45f8901aadff40a4af72c0b826f1d?s=96&#038;r=g&#038;d=mm","url":"\/\/www.gravatar.com\/avatar\/d8d45f8901aadff40a4af72c0b826f1d?s=96&#038;r=g&#038;d=mm","contentUrl":"\/\/www.gravatar.com\/avatar\/d8d45f8901aadff40a4af72c0b826f1d?s=96&#038;r=g&#038;d=mm","caption":"dorogimedence.hu"}}]}},"_links":{"self":[{"href":"https:\/\/dorogimedence.hu\/index.php\/wp-json\/wp\/v2\/posts\/73393","targetHints":{"allow":["GET"]}}],"collection":[{"href":"https:\/\/dorogimedence.hu\/index.php\/wp-json\/wp\/v2\/posts"}],"about":[{"href":"https:\/\/dorogimedence.hu\/index.php\/wp-json\/wp\/v2\/types\/post"}],"author":[{"embeddable":true,"href":"https:\/\/dorogimedence.hu\/index.php\/wp-json\/wp\/v2\/users\/1"}],"replies":[{"embeddable":true,"href":"https:\/\/dorogimedence.hu\/index.php\/wp-json\/wp\/v2\/comments?post=73393"}],"version-history":[{"count":0,"href":"https:\/\/dorogimedence.hu\/index.php\/wp-json\/wp\/v2\/posts\/73393\/revisions"}],"wp:featuredmedia":[{"embeddable":true,"href":"https:\/\/dorogimedence.hu\/index.php\/wp-json\/wp\/v2\/media\/73394"}],"wp:attachment":[{"href":"https:\/\/dorogimedence.hu\/index.php\/wp-json\/wp\/v2\/media?parent=73393"}],"wp:term":[{"taxonomy":"category","embeddable":true,"href":"https:\/\/dorogimedence.hu\/index.php\/wp-json\/wp\/v2\/categories?post=73393"},{"taxonomy":"post_tag","embeddable":true,"href":"https:\/\/dorogimedence.hu\/index.php\/wp-json\/wp\/v2\/tags?post=73393"}],"curies":[{"name":"wp","href":"https:\/\/api.w.org\/{rel}","templated":true}]}}