{"id":73369,"date":"2025-08-11T14:25:47","date_gmt":"2025-08-11T12:25:47","guid":{"rendered":"https:\/\/dorogimedence.hu\/?p=73369"},"modified":"2025-08-11T14:26:27","modified_gmt":"2025-08-11T12:26:27","slug":"eddig-veretlen-az-nb-iii-ban-a-dorog","status":"publish","type":"post","link":"https:\/\/dorogimedence.hu\/index.php\/2025\/08\/11\/eddig-veretlen-az-nb-iii-ban-a-dorog\/","title":{"rendered":"Eddig veretlen az NB III-ban a Dorog"},"content":{"rendered":"<p><strong>Augusztus 10-\u00e9n, vas\u00e1rnap rendezt\u00e9k meg a Labdar\u00fag\u00f3 NB III. \u00c9szak-Nyugati csoport 3. fordul\u00f3j\u00e1t, melynek keret\u00e9ben a Dorogi FC vend\u00e9ge a Szombathelyi Halad\u00e1s volt. A hazaiak 2-1-re nyert\u00e9k meg a m\u00e9rk\u0151z\u00e9st.<\/strong><\/p>\n<p>Az els\u0151 g\u00f3lt mindj\u00e1rt a m\u00e1sodik percben a szombathelyi H\u00e1ri Kevin P\u00e9ter \u00e9rt\u00e9kes\u00edtette (0-1), a v\u00e1lasz viszont csak a 31. percben \u00e9rkezett: Szamosi nagyszer\u0171 elfut\u00e1sa ut\u00e1n Tischler Patrik egyenl\u00edtett egy sz\u00e9p fejessel (1-1). Nem sokkal k\u00e9s\u0151bb a 37. percben Tischler Patrik egy lecsorg\u00f3 labd\u00e1ra csapott le \u00e9s gur\u00edtotta a kapu sark\u00e1ba (2-1).<\/p>\n<p>Tischler Patrik g\u00f3ljaival otthon tartott\u00e1k a h\u00e1rom pontot a dorogiak, \u00edgy tov\u00e1bbra is 100%-osak a bajnoks\u00e1gban. A Dorogi FC jelenleg 9 ponttal a tabella 2. hely\u00e9n \u00e1ll, rajtuk k\u00edv\u00fcl eddig csak a Gyirm\u00f3t veretlen.<\/p>\n<p>Augusztus 17-\u00e9n a bajnoks\u00e1g negyedik fordul\u00f3j\u00e1ban az Ikoba Beton Zs\u00e1mb\u00e9k vend\u00e9ge lesz a Dorogi FC, majd egy MOL Magyar Kupa fordul\u00f3t k\u00f6vet\u0151en a P\u00e1pa g\u00e1rd\u00e1ja \u00e9rkezik Dorogra.<\/p>\n<p><strong>Nikh\u00e1zi M\u00e1rk vezet\u0151edz\u0151 \u00e9rt\u00e9kel\u00e9se:<\/strong> \u201eIsm\u00e9t gratul\u00e1lok a sr\u00e1coknak, nagy gy\u0151zelem volt, r\u00e1ad\u00e1sul \u00fajra h\u00e1tr\u00e1nyb\u00f3l tudtunk ford\u00edtani, egy er\u0151s Hali ellen. A rossz kezd\u00e9s ut\u00e1n tudtunk domin\u00e1lni az eg\u00e9sz els\u0151 f\u00e9lid\u0151ben, a m\u00e1sodikban pedig megszenvedt\u00fcnk a siker\u00e9rt. Sok munka v\u00e1r m\u00e9g r\u00e1nk. \u201e<\/p>\n<p><strong>A m\u00e9rk\u0151z\u00e9s itt n\u00e9zhet\u0151 vissza:<\/strong><\/p>\n<p><iframe title=\"Dorogi FC - Halad\u00e1s | \u00c9L\u0150 k\u00f6zvet\u00edt\u00e9s\" width=\"755\" height=\"425\" src=\"https:\/\/www.youtube.com\/embed\/s_RKZOwczN0?feature=oembed\" frameborder=\"0\" allow=\"accelerometer; autoplay; clipboard-write; encrypted-media; gyroscope; picture-in-picture; web-share\" referrerpolicy=\"strict-origin-when-cross-origin\" allowfullscreen><\/iframe><\/p>\n<p><em>Forr\u00e1s: Dorogi Futball Kft. \/ MLSZ \/ Dorogi-medence<\/em><br \/>\n<em>Bor\u00edt\u00f3k\u00e9p: Vizi L\u00e1szl\u00f3 (Vond) YouTube csatorn\u00e1ja (Tischler Patrik m\u00e1sodik g\u00f3lja)<\/em><\/p>\n","protected":false},"excerpt":{"rendered":"<p>Augusztus 10-\u00e9n, vas\u00e1rnap rendezt\u00e9k meg a Labdar\u00fag\u00f3 NB III. \u00c9szak-Nyugati csoport 3. fordul\u00f3j\u00e1t, melynek keret\u00e9ben a Dorogi FC vend\u00e9ge a Szombathelyi Halad\u00e1s volt. A hazaiak 2-1-re nyert\u00e9k meg a m\u00e9rk\u0151z\u00e9st. Az els\u0151 g\u00f3lt mindj\u00e1rt a m\u00e1sodik percben a szombathelyi H\u00e1ri Kevin P\u00e9ter \u00e9rt\u00e9kes\u00edtette (0-1), a v\u00e1lasz viszont csak a 31. percben \u00e9rkezett: Szamosi nagyszer\u0171 elfut\u00e1sa<\/p>\n","protected":false},"author":1,"featured_media":73370,"comment_status":"closed","ping_status":"closed","sticky":false,"template":"","format":"standard","meta":{"ngg_post_thumbnail":0,"footnotes":""},"categories":[2,3,5],"tags":[15,37,5624,70,69,72,7311,16,2603,4202],"class_list":{"0":"post-73369","1":"post","2":"type-post","3":"status-publish","4":"format-standard","5":"has-post-thumbnail","7":"category-dorog","8":"category-hirek","9":"category-sport","10":"tag-dorog","11":"tag-dorogi-fc","12":"tag-featured","13":"tag-foci","14":"tag-futball","15":"tag-labdarugas","16":"tag-nb-iii","17":"tag-sport","18":"tag-szombathely","19":"tag-szombathelyi-haladas"},"yoast_head":"<!-- This site is optimized with the Yoast SEO plugin v27.5 - https:\/\/yoast.com\/product\/yoast-seo-wordpress\/ -->\n<title>Eddig veretlen az NB III-ban a Dorog<\/title>\n<meta name=\"robots\" content=\"index, follow, max-snippet:-1, max-image-preview:large, max-video-preview:-1\" \/>\n<link rel=\"canonical\" href=\"https:\/\/dorogimedence.hu\/index.php\/2025\/08\/11\/eddig-veretlen-az-nb-iii-ban-a-dorog\/\" class=\"yoast-seo-meta-tag\" \/>\n<meta property=\"og:locale\" content=\"hu_HU\" class=\"yoast-seo-meta-tag\" \/>\n<meta property=\"og:type\" content=\"article\" class=\"yoast-seo-meta-tag\" \/>\n<meta property=\"og:title\" content=\"Eddig veretlen az NB III-ban a Dorog\" class=\"yoast-seo-meta-tag\" \/>\n<meta property=\"og:description\" content=\"Augusztus 10-\u00e9n, vas\u00e1rnap rendezt\u00e9k meg a Labdar\u00fag\u00f3 NB III. \u00c9szak-Nyugati csoport 3. fordul\u00f3j\u00e1t, melynek keret\u00e9ben a Dorogi FC vend\u00e9ge a Szombathelyi Halad\u00e1s volt. A hazaiak 2-1-re nyert\u00e9k meg a m\u00e9rk\u0151z\u00e9st. Az els\u0151 g\u00f3lt mindj\u00e1rt a m\u00e1sodik percben a szombathelyi H\u00e1ri Kevin P\u00e9ter \u00e9rt\u00e9kes\u00edtette (0-1), a v\u00e1lasz viszont csak a 31. percben \u00e9rkezett: Szamosi nagyszer\u0171 elfut\u00e1sa\" class=\"yoast-seo-meta-tag\" \/>\n<meta property=\"og:url\" content=\"https:\/\/dorogimedence.hu\/index.php\/2025\/08\/11\/eddig-veretlen-az-nb-iii-ban-a-dorog\/\" class=\"yoast-seo-meta-tag\" \/>\n<meta property=\"og:site_name\" content=\"Dorogi-medence Region\u00e1lis H\u00edrport\u00e1l\" class=\"yoast-seo-meta-tag\" \/>\n<meta property=\"article:publisher\" content=\"https:\/\/www.facebook.com\/dorogimedence\/\" class=\"yoast-seo-meta-tag\" \/>\n<meta property=\"article:published_time\" content=\"2025-08-11T12:25:47+00:00\" class=\"yoast-seo-meta-tag\" \/>\n<meta property=\"article:modified_time\" content=\"2025-08-11T12:26:27+00:00\" class=\"yoast-seo-meta-tag\" \/>\n<meta property=\"og:image\" content=\"https:\/\/dorogimedence.hu\/wp-content\/uploads\/2025\/08\/dorogifc-1.jpg\" class=\"yoast-seo-meta-tag\" \/>\n\t<meta property=\"og:image:width\" content=\"1920\" class=\"yoast-seo-meta-tag\" \/>\n\t<meta property=\"og:image:height\" content=\"970\" class=\"yoast-seo-meta-tag\" \/>\n\t<meta property=\"og:image:type\" content=\"image\/jpeg\" class=\"yoast-seo-meta-tag\" \/>\n<meta name=\"author\" content=\"dorogimedence.hu\" class=\"yoast-seo-meta-tag\" \/>\n<meta name=\"twitter:card\" content=\"summary_large_image\" class=\"yoast-seo-meta-tag\" \/>\n<meta name=\"twitter:label1\" content=\"Szerz\u0151:\" class=\"yoast-seo-meta-tag\" \/>\n\t<meta name=\"twitter:data1\" content=\"dorogimedence.hu\" class=\"yoast-seo-meta-tag\" \/>\n\t<meta name=\"twitter:label2\" content=\"Becs\u00fclt olvas\u00e1si id\u0151\" class=\"yoast-seo-meta-tag\" \/>\n\t<meta name=\"twitter:data2\" content=\"2 perc\" class=\"yoast-seo-meta-tag\" \/>\n<script type=\"application\/ld+json\" class=\"yoast-schema-graph\">{\"@context\":\"https:\\\/\\\/schema.org\",\"@graph\":[{\"@type\":\"Article\",\"@id\":\"https:\\\/\\\/dorogimedence.hu\\\/index.php\\\/2025\\\/08\\\/11\\\/eddig-veretlen-az-nb-iii-ban-a-dorog\\\/#article\",\"isPartOf\":{\"@id\":\"https:\\\/\\\/dorogimedence.hu\\\/index.php\\\/2025\\\/08\\\/11\\\/eddig-veretlen-az-nb-iii-ban-a-dorog\\\/\"},\"author\":{\"name\":\"dorogimedence.hu\",\"@id\":\"https:\\\/\\\/dorogimedence.hu\\\/#\\\/schema\\\/person\\\/ce6091eeb7e95ecdc87890d6aa8e0fd4\"},\"headline\":\"Eddig veretlen az NB III-ban a Dorog\",\"datePublished\":\"2025-08-11T12:25:47+00:00\",\"dateModified\":\"2025-08-11T12:26:27+00:00\",\"mainEntityOfPage\":{\"@id\":\"https:\\\/\\\/dorogimedence.hu\\\/index.php\\\/2025\\\/08\\\/11\\\/eddig-veretlen-az-nb-iii-ban-a-dorog\\\/\"},\"wordCount\":307,\"publisher\":{\"@id\":\"https:\\\/\\\/dorogimedence.hu\\\/#organization\"},\"image\":{\"@id\":\"https:\\\/\\\/dorogimedence.hu\\\/index.php\\\/2025\\\/08\\\/11\\\/eddig-veretlen-az-nb-iii-ban-a-dorog\\\/#primaryimage\"},\"thumbnailUrl\":\"https:\\\/\\\/dorogimedence.hu\\\/wp-content\\\/uploads\\\/2025\\\/08\\\/dorogifc-1.jpg\",\"keywords\":[\"Dorog\",\"Dorogi FC\",\"featured\",\"foci\",\"futball\",\"labdar\u00fag\u00e1s\",\"NB III\",\"sport\",\"Szombathely\",\"Szombathelyi Halad\u00e1s\"],\"articleSection\":[\"Dorog\",\"H\u00edrek\",\"Sport\"],\"inLanguage\":\"hu\"},{\"@type\":\"WebPage\",\"@id\":\"https:\\\/\\\/dorogimedence.hu\\\/index.php\\\/2025\\\/08\\\/11\\\/eddig-veretlen-az-nb-iii-ban-a-dorog\\\/\",\"url\":\"https:\\\/\\\/dorogimedence.hu\\\/index.php\\\/2025\\\/08\\\/11\\\/eddig-veretlen-az-nb-iii-ban-a-dorog\\\/\",\"name\":\"Eddig veretlen az NB III-ban a Dorog\",\"isPartOf\":{\"@id\":\"https:\\\/\\\/dorogimedence.hu\\\/#website\"},\"primaryImageOfPage\":{\"@id\":\"https:\\\/\\\/dorogimedence.hu\\\/index.php\\\/2025\\\/08\\\/11\\\/eddig-veretlen-az-nb-iii-ban-a-dorog\\\/#primaryimage\"},\"image\":{\"@id\":\"https:\\\/\\\/dorogimedence.hu\\\/index.php\\\/2025\\\/08\\\/11\\\/eddig-veretlen-az-nb-iii-ban-a-dorog\\\/#primaryimage\"},\"thumbnailUrl\":\"https:\\\/\\\/dorogimedence.hu\\\/wp-content\\\/uploads\\\/2025\\\/08\\\/dorogifc-1.jpg\",\"datePublished\":\"2025-08-11T12:25:47+00:00\",\"dateModified\":\"2025-08-11T12:26:27+00:00\",\"breadcrumb\":{\"@id\":\"https:\\\/\\\/dorogimedence.hu\\\/index.php\\\/2025\\\/08\\\/11\\\/eddig-veretlen-az-nb-iii-ban-a-dorog\\\/#breadcrumb\"},\"inLanguage\":\"hu\",\"potentialAction\":[{\"@type\":\"ReadAction\",\"target\":[\"https:\\\/\\\/dorogimedence.hu\\\/index.php\\\/2025\\\/08\\\/11\\\/eddig-veretlen-az-nb-iii-ban-a-dorog\\\/\"]}]},{\"@type\":\"ImageObject\",\"inLanguage\":\"hu\",\"@id\":\"https:\\\/\\\/dorogimedence.hu\\\/index.php\\\/2025\\\/08\\\/11\\\/eddig-veretlen-az-nb-iii-ban-a-dorog\\\/#primaryimage\",\"url\":\"https:\\\/\\\/dorogimedence.hu\\\/wp-content\\\/uploads\\\/2025\\\/08\\\/dorogifc-1.jpg\",\"contentUrl\":\"https:\\\/\\\/dorogimedence.hu\\\/wp-content\\\/uploads\\\/2025\\\/08\\\/dorogifc-1.jpg\",\"width\":1920,\"height\":970},{\"@type\":\"BreadcrumbList\",\"@id\":\"https:\\\/\\\/dorogimedence.hu\\\/index.php\\\/2025\\\/08\\\/11\\\/eddig-veretlen-az-nb-iii-ban-a-dorog\\\/#breadcrumb\",\"itemListElement\":[{\"@type\":\"ListItem\",\"position\":1,\"name\":\"Kezd\u0151lap\",\"item\":\"https:\\\/\\\/dorogimedence.hu\\\/\"},{\"@type\":\"ListItem\",\"position\":2,\"name\":\"Eddig veretlen az NB III-ban a Dorog\"}]},{\"@type\":\"WebSite\",\"@id\":\"https:\\\/\\\/dorogimedence.hu\\\/#website\",\"url\":\"https:\\\/\\\/dorogimedence.hu\\\/\",\"name\":\"Dorogi-medence Region\u00e1lis H\u00edrport\u00e1l\",\"description\":\"Dorog, Keszt\u00f6lc, Le\u00e1nyv\u00e1r, Piliscs\u00e9v, Tokod, Tokodalt\u00e1r\u00f3, Csolnok, Esztergom-kertv\u00e1ros: h\u00edrek, programok\",\"publisher\":{\"@id\":\"https:\\\/\\\/dorogimedence.hu\\\/#organization\"},\"potentialAction\":[{\"@type\":\"SearchAction\",\"target\":{\"@type\":\"EntryPoint\",\"urlTemplate\":\"https:\\\/\\\/dorogimedence.hu\\\/?s={search_term_string}\"},\"query-input\":{\"@type\":\"PropertyValueSpecification\",\"valueRequired\":true,\"valueName\":\"search_term_string\"}}],\"inLanguage\":\"hu\"},{\"@type\":\"Organization\",\"@id\":\"https:\\\/\\\/dorogimedence.hu\\\/#organization\",\"name\":\"Dorogi-medence Region\u00e1lis H\u00edrport\u00e1l\",\"url\":\"https:\\\/\\\/dorogimedence.hu\\\/\",\"logo\":{\"@type\":\"ImageObject\",\"inLanguage\":\"hu\",\"@id\":\"https:\\\/\\\/dorogimedence.hu\\\/#\\\/schema\\\/logo\\\/image\\\/\",\"url\":\"https:\\\/\\\/dorogimedence.hu\\\/wp-content\\\/uploads\\\/2021\\\/04\\\/logo-feher-600.png\",\"contentUrl\":\"https:\\\/\\\/dorogimedence.hu\\\/wp-content\\\/uploads\\\/2021\\\/04\\\/logo-feher-600.png\",\"width\":600,\"height\":100,\"caption\":\"Dorogi-medence Region\u00e1lis H\u00edrport\u00e1l\"},\"image\":{\"@id\":\"https:\\\/\\\/dorogimedence.hu\\\/#\\\/schema\\\/logo\\\/image\\\/\"},\"sameAs\":[\"https:\\\/\\\/www.facebook.com\\\/dorogimedence\\\/\"]},{\"@type\":\"Person\",\"@id\":\"https:\\\/\\\/dorogimedence.hu\\\/#\\\/schema\\\/person\\\/ce6091eeb7e95ecdc87890d6aa8e0fd4\",\"name\":\"dorogimedence.hu\",\"image\":{\"@type\":\"ImageObject\",\"inLanguage\":\"hu\",\"@id\":\"\\\/\\\/www.gravatar.com\\\/avatar\\\/d8d45f8901aadff40a4af72c0b826f1d?s=96&#038;r=g&#038;d=mm\",\"url\":\"\\\/\\\/www.gravatar.com\\\/avatar\\\/d8d45f8901aadff40a4af72c0b826f1d?s=96&#038;r=g&#038;d=mm\",\"contentUrl\":\"\\\/\\\/www.gravatar.com\\\/avatar\\\/d8d45f8901aadff40a4af72c0b826f1d?s=96&#038;r=g&#038;d=mm\",\"caption\":\"dorogimedence.hu\"}}]}<\/script>\n<!-- \/ Yoast SEO plugin. -->","yoast_head_json":{"title":"Eddig veretlen az NB III-ban a Dorog","robots":{"index":"index","follow":"follow","max-snippet":"max-snippet:-1","max-image-preview":"max-image-preview:large","max-video-preview":"max-video-preview:-1"},"canonical":"https:\/\/dorogimedence.hu\/index.php\/2025\/08\/11\/eddig-veretlen-az-nb-iii-ban-a-dorog\/","og_locale":"hu_HU","og_type":"article","og_title":"Eddig veretlen az NB III-ban a Dorog","og_description":"Augusztus 10-\u00e9n, vas\u00e1rnap rendezt\u00e9k meg a Labdar\u00fag\u00f3 NB III. \u00c9szak-Nyugati csoport 3. fordul\u00f3j\u00e1t, melynek keret\u00e9ben a Dorogi FC vend\u00e9ge a Szombathelyi Halad\u00e1s volt. A hazaiak 2-1-re nyert\u00e9k meg a m\u00e9rk\u0151z\u00e9st. Az els\u0151 g\u00f3lt mindj\u00e1rt a m\u00e1sodik percben a szombathelyi H\u00e1ri Kevin P\u00e9ter \u00e9rt\u00e9kes\u00edtette (0-1), a v\u00e1lasz viszont csak a 31. percben \u00e9rkezett: Szamosi nagyszer\u0171 elfut\u00e1sa","og_url":"https:\/\/dorogimedence.hu\/index.php\/2025\/08\/11\/eddig-veretlen-az-nb-iii-ban-a-dorog\/","og_site_name":"Dorogi-medence Region\u00e1lis H\u00edrport\u00e1l","article_publisher":"https:\/\/www.facebook.com\/dorogimedence\/","article_published_time":"2025-08-11T12:25:47+00:00","article_modified_time":"2025-08-11T12:26:27+00:00","og_image":[{"width":1920,"height":970,"url":"https:\/\/dorogimedence.hu\/wp-content\/uploads\/2025\/08\/dorogifc-1.jpg","type":"image\/jpeg"}],"author":"dorogimedence.hu","twitter_card":"summary_large_image","twitter_misc":{"Szerz\u0151:":"dorogimedence.hu","Becs\u00fclt olvas\u00e1si id\u0151":"2 perc"},"schema":{"@context":"https:\/\/schema.org","@graph":[{"@type":"Article","@id":"https:\/\/dorogimedence.hu\/index.php\/2025\/08\/11\/eddig-veretlen-az-nb-iii-ban-a-dorog\/#article","isPartOf":{"@id":"https:\/\/dorogimedence.hu\/index.php\/2025\/08\/11\/eddig-veretlen-az-nb-iii-ban-a-dorog\/"},"author":{"name":"dorogimedence.hu","@id":"https:\/\/dorogimedence.hu\/#\/schema\/person\/ce6091eeb7e95ecdc87890d6aa8e0fd4"},"headline":"Eddig veretlen az NB III-ban a Dorog","datePublished":"2025-08-11T12:25:47+00:00","dateModified":"2025-08-11T12:26:27+00:00","mainEntityOfPage":{"@id":"https:\/\/dorogimedence.hu\/index.php\/2025\/08\/11\/eddig-veretlen-az-nb-iii-ban-a-dorog\/"},"wordCount":307,"publisher":{"@id":"https:\/\/dorogimedence.hu\/#organization"},"image":{"@id":"https:\/\/dorogimedence.hu\/index.php\/2025\/08\/11\/eddig-veretlen-az-nb-iii-ban-a-dorog\/#primaryimage"},"thumbnailUrl":"https:\/\/dorogimedence.hu\/wp-content\/uploads\/2025\/08\/dorogifc-1.jpg","keywords":["Dorog","Dorogi FC","featured","foci","futball","labdar\u00fag\u00e1s","NB III","sport","Szombathely","Szombathelyi Halad\u00e1s"],"articleSection":["Dorog","H\u00edrek","Sport"],"inLanguage":"hu"},{"@type":"WebPage","@id":"https:\/\/dorogimedence.hu\/index.php\/2025\/08\/11\/eddig-veretlen-az-nb-iii-ban-a-dorog\/","url":"https:\/\/dorogimedence.hu\/index.php\/2025\/08\/11\/eddig-veretlen-az-nb-iii-ban-a-dorog\/","name":"Eddig veretlen az NB III-ban a Dorog","isPartOf":{"@id":"https:\/\/dorogimedence.hu\/#website"},"primaryImageOfPage":{"@id":"https:\/\/dorogimedence.hu\/index.php\/2025\/08\/11\/eddig-veretlen-az-nb-iii-ban-a-dorog\/#primaryimage"},"image":{"@id":"https:\/\/dorogimedence.hu\/index.php\/2025\/08\/11\/eddig-veretlen-az-nb-iii-ban-a-dorog\/#primaryimage"},"thumbnailUrl":"https:\/\/dorogimedence.hu\/wp-content\/uploads\/2025\/08\/dorogifc-1.jpg","datePublished":"2025-08-11T12:25:47+00:00","dateModified":"2025-08-11T12:26:27+00:00","breadcrumb":{"@id":"https:\/\/dorogimedence.hu\/index.php\/2025\/08\/11\/eddig-veretlen-az-nb-iii-ban-a-dorog\/#breadcrumb"},"inLanguage":"hu","potentialAction":[{"@type":"ReadAction","target":["https:\/\/dorogimedence.hu\/index.php\/2025\/08\/11\/eddig-veretlen-az-nb-iii-ban-a-dorog\/"]}]},{"@type":"ImageObject","inLanguage":"hu","@id":"https:\/\/dorogimedence.hu\/index.php\/2025\/08\/11\/eddig-veretlen-az-nb-iii-ban-a-dorog\/#primaryimage","url":"https:\/\/dorogimedence.hu\/wp-content\/uploads\/2025\/08\/dorogifc-1.jpg","contentUrl":"https:\/\/dorogimedence.hu\/wp-content\/uploads\/2025\/08\/dorogifc-1.jpg","width":1920,"height":970},{"@type":"BreadcrumbList","@id":"https:\/\/dorogimedence.hu\/index.php\/2025\/08\/11\/eddig-veretlen-az-nb-iii-ban-a-dorog\/#breadcrumb","itemListElement":[{"@type":"ListItem","position":1,"name":"Kezd\u0151lap","item":"https:\/\/dorogimedence.hu\/"},{"@type":"ListItem","position":2,"name":"Eddig veretlen az NB III-ban a Dorog"}]},{"@type":"WebSite","@id":"https:\/\/dorogimedence.hu\/#website","url":"https:\/\/dorogimedence.hu\/","name":"Dorogi-medence Region\u00e1lis H\u00edrport\u00e1l","description":"Dorog, Keszt\u00f6lc, Le\u00e1nyv\u00e1r, Piliscs\u00e9v, Tokod, Tokodalt\u00e1r\u00f3, Csolnok, Esztergom-kertv\u00e1ros: h\u00edrek, programok","publisher":{"@id":"https:\/\/dorogimedence.hu\/#organization"},"potentialAction":[{"@type":"SearchAction","target":{"@type":"EntryPoint","urlTemplate":"https:\/\/dorogimedence.hu\/?s={search_term_string}"},"query-input":{"@type":"PropertyValueSpecification","valueRequired":true,"valueName":"search_term_string"}}],"inLanguage":"hu"},{"@type":"Organization","@id":"https:\/\/dorogimedence.hu\/#organization","name":"Dorogi-medence Region\u00e1lis H\u00edrport\u00e1l","url":"https:\/\/dorogimedence.hu\/","logo":{"@type":"ImageObject","inLanguage":"hu","@id":"https:\/\/dorogimedence.hu\/#\/schema\/logo\/image\/","url":"https:\/\/dorogimedence.hu\/wp-content\/uploads\/2021\/04\/logo-feher-600.png","contentUrl":"https:\/\/dorogimedence.hu\/wp-content\/uploads\/2021\/04\/logo-feher-600.png","width":600,"height":100,"caption":"Dorogi-medence Region\u00e1lis H\u00edrport\u00e1l"},"image":{"@id":"https:\/\/dorogimedence.hu\/#\/schema\/logo\/image\/"},"sameAs":["https:\/\/www.facebook.com\/dorogimedence\/"]},{"@type":"Person","@id":"https:\/\/dorogimedence.hu\/#\/schema\/person\/ce6091eeb7e95ecdc87890d6aa8e0fd4","name":"dorogimedence.hu","image":{"@type":"ImageObject","inLanguage":"hu","@id":"\/\/www.gravatar.com\/avatar\/d8d45f8901aadff40a4af72c0b826f1d?s=96&#038;r=g&#038;d=mm","url":"\/\/www.gravatar.com\/avatar\/d8d45f8901aadff40a4af72c0b826f1d?s=96&#038;r=g&#038;d=mm","contentUrl":"\/\/www.gravatar.com\/avatar\/d8d45f8901aadff40a4af72c0b826f1d?s=96&#038;r=g&#038;d=mm","caption":"dorogimedence.hu"}}]}},"_links":{"self":[{"href":"https:\/\/dorogimedence.hu\/index.php\/wp-json\/wp\/v2\/posts\/73369","targetHints":{"allow":["GET"]}}],"collection":[{"href":"https:\/\/dorogimedence.hu\/index.php\/wp-json\/wp\/v2\/posts"}],"about":[{"href":"https:\/\/dorogimedence.hu\/index.php\/wp-json\/wp\/v2\/types\/post"}],"author":[{"embeddable":true,"href":"https:\/\/dorogimedence.hu\/index.php\/wp-json\/wp\/v2\/users\/1"}],"replies":[{"embeddable":true,"href":"https:\/\/dorogimedence.hu\/index.php\/wp-json\/wp\/v2\/comments?post=73369"}],"version-history":[{"count":0,"href":"https:\/\/dorogimedence.hu\/index.php\/wp-json\/wp\/v2\/posts\/73369\/revisions"}],"wp:featuredmedia":[{"embeddable":true,"href":"https:\/\/dorogimedence.hu\/index.php\/wp-json\/wp\/v2\/media\/73370"}],"wp:attachment":[{"href":"https:\/\/dorogimedence.hu\/index.php\/wp-json\/wp\/v2\/media?parent=73369"}],"wp:term":[{"taxonomy":"category","embeddable":true,"href":"https:\/\/dorogimedence.hu\/index.php\/wp-json\/wp\/v2\/categories?post=73369"},{"taxonomy":"post_tag","embeddable":true,"href":"https:\/\/dorogimedence.hu\/index.php\/wp-json\/wp\/v2\/tags?post=73369"}],"curies":[{"name":"wp","href":"https:\/\/api.w.org\/{rel}","templated":true}]}}