{"id":73140,"date":"2025-07-30T10:12:29","date_gmt":"2025-07-30T08:12:29","guid":{"rendered":"https:\/\/dorogimedence.hu\/?p=73140"},"modified":"2025-07-30T10:14:27","modified_gmt":"2025-07-30T08:14:27","slug":"szazot-iskolaban-epulhet-maszofal-az-orszagban","status":"publish","type":"post","link":"https:\/\/dorogimedence.hu\/index.php\/2025\/07\/30\/szazot-iskolaban-epulhet-maszofal-az-orszagban\/","title":{"rendered":"Sz\u00e1z\u00f6t iskol\u00e1ban \u00e9p\u00fclhet m\u00e1sz\u00f3fal az orsz\u00e1gban"},"content":{"rendered":"<p><strong>Az Akt\u00edv Magyarorsz\u00e1g\u00e9rt Felel\u0151s \u00c1llamtitk\u00e1rs\u00e1g programj\u00e1nak k\u00f6sz\u00f6nhet\u0151en 105 \u00e1ltal\u00e1nos \u00e9s k\u00f6z\u00e9piskol\u00e1ban \u00e9p\u00fclhet m\u00e1sz\u00f3fal a k\u00f6vetkez\u0151 tan\u00e9vben, k\u00f6zt\u00fck Esztergomban, T\u00e1ton \u00e9s Visegr\u00e1don is.<\/strong><\/p>\n<p>Az \u00e1llamtitk\u00e1rs\u00e1g azt k\u00f6z\u00f6lte kedden az MTI-vel, hogy az iskolai m\u00e1sz\u00f3fal\u00e9p\u00edt\u00e9si program c\u00e9lja, hogy az oktat\u00e1si int\u00e9zm\u00e9nyekben \u00fagynevezett boulder m\u00e1sz\u00f3falak \u00e9p\u00fcljenek, amelyek \u00e9lm\u00e9nny\u00e9 teszik a mozg\u00e1st a testnevel\u00e9s \u00f3r\u00e1kon \u00e9s azon k\u00edv\u00fcl. A boulder falakon a gyerekek alacsony magass\u00e1gban, k\u00f6t\u00e9lbiztos\u00edt\u00e1s n\u00e9lk\u00fcl m\u00e1szhatnak, tett\u00e9k hozz\u00e1, azzal egy\u00fctt, hogy biztons\u00e1gos k\u00f6r\u00fclm\u00e9nyek k\u00f6z\u00f6tt m\u00e1szni \u00e9s kih\u00edv\u00e1sokat keresni szinte minden gyermek szeret.<\/p>\n<p>A programban 105 iskol\u00e1nak \u00edt\u00e9ltek meg t\u00e1mogat\u00e1st, a fejleszt\u00e9sek Magyarorsz\u00e1g csaknem \u00f6sszes v\u00e1rmegy\u00e9j\u00e9t \u00e9rintik. Az \u00e9p\u00fcl\u0151 m\u00e1sz\u00f3falak 2,7\u20133,5 m\u00e9ter magass\u00e1g\u00faak, \u00e9s a gyerekek k\u00fcl\u00f6nb\u00f6z\u0151 neh\u00e9zs\u00e9gi fokozatokban gyakorolhatj\u00e1k a m\u00e1sz\u00e1st. A t\u00e1mogat\u00e1s a m\u00e1sz\u00f3fal \u00e9p\u00edt\u00e9s\u00e9n t\u00fal mag\u00e1ban foglalja az es\u00e9st csillap\u00edt\u00f3 szivacsok elhelyez\u00e9s\u00e9t is &#8211; fejtett\u00e9k ki.<\/p>\n<p>Az int\u00e9zm\u00e9nyek legfeljebb 5 milli\u00f3 forint vissza nem t\u00e9r\u00edtend\u0151 t\u00e1mogat\u00e1st kapnak, amelyet magyar forr\u00e1sb\u00f3l biztos\u00edt az Akt\u00edv Magyarorsz\u00e1g\u00e9rt Felel\u0151s \u00c1llamtitk\u00e1rs\u00e1g; a fejleszt\u00e9s a Magyar Hegy- \u00e9s Sportm\u00e1sz\u00f3 Sz\u00f6vets\u00e9g szakmai fel\u00fcgyelet\u00e9vel zajlik, amely pedag\u00f3gusok k\u00e9pz\u00e9s\u00e9t is mag\u00e1ban foglalja.<\/p>\n<p>Kiemelt\u00e9k, hogy a falm\u00e1sz\u00e1s fejleszti a mozg\u00e1skoordin\u00e1ci\u00f3t, er\u0151s\u00edti a teljes testet, k\u00fcl\u00f6n\u00f6sen a t\u00f6rzs- \u00e9s fels\u0151test izomzat\u00e1t, jav\u00edtja a koncentr\u00e1ci\u00f3t \u00e9s a probl\u00e9mamegold\u00f3 gondolkod\u00e1st, valamint \u00f6nbizalmat \u00e9s b\u00e1tors\u00e1got \u00e9p\u00edt, nem v\u00e9letlen, hogy a sportm\u00e1sz\u00e1s az eg\u00e9sz vil\u00e1gon egyre n\u00e9pszer\u0171bb, olimpiai sport\u00e1gg\u00e1 is v\u00e1lt.<\/p>\n<p><strong>A fejleszt\u00e9s \u00e1ltal \u00e9rintett telep\u00fcl\u00e9sek:<\/strong> Albertirsa, Als\u00f3\u00f6rs, Atk\u00e1r, Balatonkenese, Baracska, B\u00e9k\u00e9scsaba, Berzence, Boldog, Budapest (t\u00edz helysz\u00ednen), B\u0151s\u00e1rk\u00e1ny, Cegl\u00e9d, Csabacs\u0171d, Csurg\u00f3, Debrecen, Dombegyh\u00e1z, Eger, <strong>Esztergom<\/strong>, Fert\u0151d, F\u00fczesgyarmat, G\u00e1rdony, Gerjen, G\u00f6d\u00f6ll\u0151, Gyomaendr\u0151d, Gy\u00f6ngy\u00f6s, Gy\u0151r, Gy\u0151rz\u00e1moly, Gyula, Hajd\u00fas\u00e1mson, Hajd\u00faszoboszl\u00f3, Hatvan, H\u00f3dmez\u0151v\u00e1s\u00e1rhely, Isaszeg, J\u00e1szap\u00e1ti, Kerekegyh\u00e1za, Kiskunhalas, Kis\u00fajsz\u00e1ll\u00e1s, Kissz\u00e1ll\u00e1s, Kondoros, Leps\u00e9ny, L\u00e9tav\u00e9rtes, Letenye, L\u0151k\u00f6sh\u00e1za, Magl\u00f3d, Magyarb\u00e1nhegyes, Mak\u00f3, Mez\u0151ber\u00e9ny, Mez\u0151kov\u00e1csh\u00e1za, Mez\u0151t\u00far, Mih\u00e1lyi, Miskolc, Monor, Nagykov\u00e1csi, Ny\u00edr\u00e1br\u00e1ny, Ny\u00edregyh\u00e1za, Ny\u00edrpazony, Ny\u00edrtass, \u00d3csa, Orosh\u00e1za, \u00d3zd, Pacsa, P\u00e1pa, P\u00e1ty, R\u00e9pcelak, Sereg\u00e9lyes, Si\u00f3fok, Szigetv\u00e1r, Szeged, Szeksz\u00e1rd, Szarvas, S\u00fclys\u00e1p, T\u00e1pi\u00f3sz\u0151l\u0151s, <strong>T\u00e1t<\/strong>, Tiszal\u00f6k, \u00dajszilv\u00e1s, V\u00e9szt\u0151, <strong>Visegr\u00e1d<\/strong> \u00e9s Zalaegerszeg &#8211; k\u00f6z\u00f6lte az \u00e1llamtitk\u00e1rs\u00e1g.<\/p>\n<p><em>Forr\u00e1s: MTI \/ Akt\u00edv Magyarorsz\u00e1g\u00e9rt Felel\u0151s \u00c1llamtitk\u00e1rs\u00e1g<\/em><\/p>\n","protected":false},"excerpt":{"rendered":"<p>Az Akt\u00edv Magyarorsz\u00e1g\u00e9rt Felel\u0151s \u00c1llamtitk\u00e1rs\u00e1g programj\u00e1nak k\u00f6sz\u00f6nhet\u0151en 105 \u00e1ltal\u00e1nos \u00e9s k\u00f6z\u00e9piskol\u00e1ban \u00e9p\u00fclhet m\u00e1sz\u00f3fal a k\u00f6vetkez\u0151 tan\u00e9vben, k\u00f6zt\u00fck Esztergomban, T\u00e1ton \u00e9s Visegr\u00e1don is. Az \u00e1llamtitk\u00e1rs\u00e1g azt k\u00f6z\u00f6lte kedden az MTI-vel, hogy az iskolai m\u00e1sz\u00f3fal\u00e9p\u00edt\u00e9si program c\u00e9lja, hogy az oktat\u00e1si int\u00e9zm\u00e9nyekben \u00fagynevezett boulder m\u00e1sz\u00f3falak \u00e9p\u00fcljenek, amelyek \u00e9lm\u00e9nny\u00e9 teszik a mozg\u00e1st a testnevel\u00e9s \u00f3r\u00e1kon \u00e9s azon k\u00edv\u00fcl. A<\/p>\n","protected":false},"author":1,"featured_media":73141,"comment_status":"closed","ping_status":"closed","sticky":false,"template":"","format":"standard","meta":{"ngg_post_thumbnail":0,"footnotes":""},"categories":[38,3,110],"tags":[42,268,8489,111,1426],"class_list":{"0":"post-73140","1":"post","2":"type-post","3":"status-publish","4":"format-standard","5":"has-post-thumbnail","7":"category-esztergom","8":"category-hirek","9":"category-tat","10":"tag-esztergom","11":"tag-iskola","12":"tag-maszofal","13":"tag-tat","14":"tag-visegrad"},"yoast_head":"<!-- This site is optimized with the Yoast SEO plugin v27.5 - https:\/\/yoast.com\/product\/yoast-seo-wordpress\/ -->\n<title>Sz\u00e1z\u00f6t iskol\u00e1ban \u00e9p\u00fclhet m\u00e1sz\u00f3fal az orsz\u00e1gban<\/title>\n<meta name=\"robots\" content=\"index, follow, max-snippet:-1, max-image-preview:large, max-video-preview:-1\" \/>\n<link rel=\"canonical\" href=\"https:\/\/dorogimedence.hu\/index.php\/2025\/07\/30\/szazot-iskolaban-epulhet-maszofal-az-orszagban\/\" class=\"yoast-seo-meta-tag\" \/>\n<meta property=\"og:locale\" content=\"hu_HU\" class=\"yoast-seo-meta-tag\" \/>\n<meta property=\"og:type\" content=\"article\" class=\"yoast-seo-meta-tag\" \/>\n<meta property=\"og:title\" content=\"Sz\u00e1z\u00f6t iskol\u00e1ban \u00e9p\u00fclhet m\u00e1sz\u00f3fal az orsz\u00e1gban\" class=\"yoast-seo-meta-tag\" \/>\n<meta property=\"og:description\" content=\"Az Akt\u00edv Magyarorsz\u00e1g\u00e9rt Felel\u0151s \u00c1llamtitk\u00e1rs\u00e1g programj\u00e1nak k\u00f6sz\u00f6nhet\u0151en 105 \u00e1ltal\u00e1nos \u00e9s k\u00f6z\u00e9piskol\u00e1ban \u00e9p\u00fclhet m\u00e1sz\u00f3fal a k\u00f6vetkez\u0151 tan\u00e9vben, k\u00f6zt\u00fck Esztergomban, T\u00e1ton \u00e9s Visegr\u00e1don is. Az \u00e1llamtitk\u00e1rs\u00e1g azt k\u00f6z\u00f6lte kedden az MTI-vel, hogy az iskolai m\u00e1sz\u00f3fal\u00e9p\u00edt\u00e9si program c\u00e9lja, hogy az oktat\u00e1si int\u00e9zm\u00e9nyekben \u00fagynevezett boulder m\u00e1sz\u00f3falak \u00e9p\u00fcljenek, amelyek \u00e9lm\u00e9nny\u00e9 teszik a mozg\u00e1st a testnevel\u00e9s \u00f3r\u00e1kon \u00e9s azon k\u00edv\u00fcl. A\" class=\"yoast-seo-meta-tag\" \/>\n<meta property=\"og:url\" content=\"https:\/\/dorogimedence.hu\/index.php\/2025\/07\/30\/szazot-iskolaban-epulhet-maszofal-az-orszagban\/\" class=\"yoast-seo-meta-tag\" \/>\n<meta property=\"og:site_name\" content=\"Dorogi-medence Region\u00e1lis H\u00edrport\u00e1l\" class=\"yoast-seo-meta-tag\" \/>\n<meta property=\"article:publisher\" content=\"https:\/\/www.facebook.com\/dorogimedence\/\" class=\"yoast-seo-meta-tag\" \/>\n<meta property=\"article:published_time\" content=\"2025-07-30T08:12:29+00:00\" class=\"yoast-seo-meta-tag\" \/>\n<meta property=\"article:modified_time\" content=\"2025-07-30T08:14:27+00:00\" class=\"yoast-seo-meta-tag\" \/>\n<meta property=\"og:image\" content=\"https:\/\/dorogimedence.hu\/wp-content\/uploads\/2025\/07\/boulder.jpg\" class=\"yoast-seo-meta-tag\" \/>\n\t<meta property=\"og:image:width\" content=\"1920\" class=\"yoast-seo-meta-tag\" \/>\n\t<meta property=\"og:image:height\" content=\"1341\" class=\"yoast-seo-meta-tag\" \/>\n\t<meta property=\"og:image:type\" content=\"image\/jpeg\" class=\"yoast-seo-meta-tag\" \/>\n<meta name=\"author\" content=\"dorogimedence.hu\" class=\"yoast-seo-meta-tag\" \/>\n<meta name=\"twitter:card\" content=\"summary_large_image\" class=\"yoast-seo-meta-tag\" \/>\n<meta name=\"twitter:label1\" content=\"Szerz\u0151:\" class=\"yoast-seo-meta-tag\" \/>\n\t<meta name=\"twitter:data1\" content=\"dorogimedence.hu\" class=\"yoast-seo-meta-tag\" \/>\n\t<meta name=\"twitter:label2\" content=\"Becs\u00fclt olvas\u00e1si id\u0151\" class=\"yoast-seo-meta-tag\" \/>\n\t<meta name=\"twitter:data2\" content=\"3 perc\" class=\"yoast-seo-meta-tag\" \/>\n<script type=\"application\/ld+json\" class=\"yoast-schema-graph\">{\"@context\":\"https:\\\/\\\/schema.org\",\"@graph\":[{\"@type\":\"Article\",\"@id\":\"https:\\\/\\\/dorogimedence.hu\\\/index.php\\\/2025\\\/07\\\/30\\\/szazot-iskolaban-epulhet-maszofal-az-orszagban\\\/#article\",\"isPartOf\":{\"@id\":\"https:\\\/\\\/dorogimedence.hu\\\/index.php\\\/2025\\\/07\\\/30\\\/szazot-iskolaban-epulhet-maszofal-az-orszagban\\\/\"},\"author\":{\"name\":\"dorogimedence.hu\",\"@id\":\"https:\\\/\\\/dorogimedence.hu\\\/#\\\/schema\\\/person\\\/ce6091eeb7e95ecdc87890d6aa8e0fd4\"},\"headline\":\"Sz\u00e1z\u00f6t iskol\u00e1ban \u00e9p\u00fclhet m\u00e1sz\u00f3fal az orsz\u00e1gban\",\"datePublished\":\"2025-07-30T08:12:29+00:00\",\"dateModified\":\"2025-07-30T08:14:27+00:00\",\"mainEntityOfPage\":{\"@id\":\"https:\\\/\\\/dorogimedence.hu\\\/index.php\\\/2025\\\/07\\\/30\\\/szazot-iskolaban-epulhet-maszofal-az-orszagban\\\/\"},\"wordCount\":563,\"publisher\":{\"@id\":\"https:\\\/\\\/dorogimedence.hu\\\/#organization\"},\"image\":{\"@id\":\"https:\\\/\\\/dorogimedence.hu\\\/index.php\\\/2025\\\/07\\\/30\\\/szazot-iskolaban-epulhet-maszofal-az-orszagban\\\/#primaryimage\"},\"thumbnailUrl\":\"https:\\\/\\\/dorogimedence.hu\\\/wp-content\\\/uploads\\\/2025\\\/07\\\/boulder.jpg\",\"keywords\":[\"esztergom\",\"iskola\",\"m\u00e1sz\u00f3fal\",\"T\u00e1t\",\"Visegr\u00e1d\"],\"articleSection\":[\"Esztergom\",\"H\u00edrek\",\"T\u00e1t\"],\"inLanguage\":\"hu\"},{\"@type\":\"WebPage\",\"@id\":\"https:\\\/\\\/dorogimedence.hu\\\/index.php\\\/2025\\\/07\\\/30\\\/szazot-iskolaban-epulhet-maszofal-az-orszagban\\\/\",\"url\":\"https:\\\/\\\/dorogimedence.hu\\\/index.php\\\/2025\\\/07\\\/30\\\/szazot-iskolaban-epulhet-maszofal-az-orszagban\\\/\",\"name\":\"Sz\u00e1z\u00f6t iskol\u00e1ban \u00e9p\u00fclhet m\u00e1sz\u00f3fal az orsz\u00e1gban\",\"isPartOf\":{\"@id\":\"https:\\\/\\\/dorogimedence.hu\\\/#website\"},\"primaryImageOfPage\":{\"@id\":\"https:\\\/\\\/dorogimedence.hu\\\/index.php\\\/2025\\\/07\\\/30\\\/szazot-iskolaban-epulhet-maszofal-az-orszagban\\\/#primaryimage\"},\"image\":{\"@id\":\"https:\\\/\\\/dorogimedence.hu\\\/index.php\\\/2025\\\/07\\\/30\\\/szazot-iskolaban-epulhet-maszofal-az-orszagban\\\/#primaryimage\"},\"thumbnailUrl\":\"https:\\\/\\\/dorogimedence.hu\\\/wp-content\\\/uploads\\\/2025\\\/07\\\/boulder.jpg\",\"datePublished\":\"2025-07-30T08:12:29+00:00\",\"dateModified\":\"2025-07-30T08:14:27+00:00\",\"breadcrumb\":{\"@id\":\"https:\\\/\\\/dorogimedence.hu\\\/index.php\\\/2025\\\/07\\\/30\\\/szazot-iskolaban-epulhet-maszofal-az-orszagban\\\/#breadcrumb\"},\"inLanguage\":\"hu\",\"potentialAction\":[{\"@type\":\"ReadAction\",\"target\":[\"https:\\\/\\\/dorogimedence.hu\\\/index.php\\\/2025\\\/07\\\/30\\\/szazot-iskolaban-epulhet-maszofal-az-orszagban\\\/\"]}]},{\"@type\":\"ImageObject\",\"inLanguage\":\"hu\",\"@id\":\"https:\\\/\\\/dorogimedence.hu\\\/index.php\\\/2025\\\/07\\\/30\\\/szazot-iskolaban-epulhet-maszofal-az-orszagban\\\/#primaryimage\",\"url\":\"https:\\\/\\\/dorogimedence.hu\\\/wp-content\\\/uploads\\\/2025\\\/07\\\/boulder.jpg\",\"contentUrl\":\"https:\\\/\\\/dorogimedence.hu\\\/wp-content\\\/uploads\\\/2025\\\/07\\\/boulder.jpg\",\"width\":1920,\"height\":1341},{\"@type\":\"BreadcrumbList\",\"@id\":\"https:\\\/\\\/dorogimedence.hu\\\/index.php\\\/2025\\\/07\\\/30\\\/szazot-iskolaban-epulhet-maszofal-az-orszagban\\\/#breadcrumb\",\"itemListElement\":[{\"@type\":\"ListItem\",\"position\":1,\"name\":\"Kezd\u0151lap\",\"item\":\"https:\\\/\\\/dorogimedence.hu\\\/\"},{\"@type\":\"ListItem\",\"position\":2,\"name\":\"Sz\u00e1z\u00f6t iskol\u00e1ban \u00e9p\u00fclhet m\u00e1sz\u00f3fal az orsz\u00e1gban\"}]},{\"@type\":\"WebSite\",\"@id\":\"https:\\\/\\\/dorogimedence.hu\\\/#website\",\"url\":\"https:\\\/\\\/dorogimedence.hu\\\/\",\"name\":\"Dorogi-medence Region\u00e1lis H\u00edrport\u00e1l\",\"description\":\"Dorog, Keszt\u00f6lc, Le\u00e1nyv\u00e1r, Piliscs\u00e9v, Tokod, Tokodalt\u00e1r\u00f3, Csolnok, Esztergom-kertv\u00e1ros: h\u00edrek, programok\",\"publisher\":{\"@id\":\"https:\\\/\\\/dorogimedence.hu\\\/#organization\"},\"potentialAction\":[{\"@type\":\"SearchAction\",\"target\":{\"@type\":\"EntryPoint\",\"urlTemplate\":\"https:\\\/\\\/dorogimedence.hu\\\/?s={search_term_string}\"},\"query-input\":{\"@type\":\"PropertyValueSpecification\",\"valueRequired\":true,\"valueName\":\"search_term_string\"}}],\"inLanguage\":\"hu\"},{\"@type\":\"Organization\",\"@id\":\"https:\\\/\\\/dorogimedence.hu\\\/#organization\",\"name\":\"Dorogi-medence Region\u00e1lis H\u00edrport\u00e1l\",\"url\":\"https:\\\/\\\/dorogimedence.hu\\\/\",\"logo\":{\"@type\":\"ImageObject\",\"inLanguage\":\"hu\",\"@id\":\"https:\\\/\\\/dorogimedence.hu\\\/#\\\/schema\\\/logo\\\/image\\\/\",\"url\":\"https:\\\/\\\/dorogimedence.hu\\\/wp-content\\\/uploads\\\/2021\\\/04\\\/logo-feher-600.png\",\"contentUrl\":\"https:\\\/\\\/dorogimedence.hu\\\/wp-content\\\/uploads\\\/2021\\\/04\\\/logo-feher-600.png\",\"width\":600,\"height\":100,\"caption\":\"Dorogi-medence Region\u00e1lis H\u00edrport\u00e1l\"},\"image\":{\"@id\":\"https:\\\/\\\/dorogimedence.hu\\\/#\\\/schema\\\/logo\\\/image\\\/\"},\"sameAs\":[\"https:\\\/\\\/www.facebook.com\\\/dorogimedence\\\/\"]},{\"@type\":\"Person\",\"@id\":\"https:\\\/\\\/dorogimedence.hu\\\/#\\\/schema\\\/person\\\/ce6091eeb7e95ecdc87890d6aa8e0fd4\",\"name\":\"dorogimedence.hu\",\"image\":{\"@type\":\"ImageObject\",\"inLanguage\":\"hu\",\"@id\":\"\\\/\\\/www.gravatar.com\\\/avatar\\\/d8d45f8901aadff40a4af72c0b826f1d?s=96&#038;r=g&#038;d=mm\",\"url\":\"\\\/\\\/www.gravatar.com\\\/avatar\\\/d8d45f8901aadff40a4af72c0b826f1d?s=96&#038;r=g&#038;d=mm\",\"contentUrl\":\"\\\/\\\/www.gravatar.com\\\/avatar\\\/d8d45f8901aadff40a4af72c0b826f1d?s=96&#038;r=g&#038;d=mm\",\"caption\":\"dorogimedence.hu\"}}]}<\/script>\n<!-- \/ Yoast SEO plugin. -->","yoast_head_json":{"title":"Sz\u00e1z\u00f6t iskol\u00e1ban \u00e9p\u00fclhet m\u00e1sz\u00f3fal az orsz\u00e1gban","robots":{"index":"index","follow":"follow","max-snippet":"max-snippet:-1","max-image-preview":"max-image-preview:large","max-video-preview":"max-video-preview:-1"},"canonical":"https:\/\/dorogimedence.hu\/index.php\/2025\/07\/30\/szazot-iskolaban-epulhet-maszofal-az-orszagban\/","og_locale":"hu_HU","og_type":"article","og_title":"Sz\u00e1z\u00f6t iskol\u00e1ban \u00e9p\u00fclhet m\u00e1sz\u00f3fal az orsz\u00e1gban","og_description":"Az Akt\u00edv Magyarorsz\u00e1g\u00e9rt Felel\u0151s \u00c1llamtitk\u00e1rs\u00e1g programj\u00e1nak k\u00f6sz\u00f6nhet\u0151en 105 \u00e1ltal\u00e1nos \u00e9s k\u00f6z\u00e9piskol\u00e1ban \u00e9p\u00fclhet m\u00e1sz\u00f3fal a k\u00f6vetkez\u0151 tan\u00e9vben, k\u00f6zt\u00fck Esztergomban, T\u00e1ton \u00e9s Visegr\u00e1don is. Az \u00e1llamtitk\u00e1rs\u00e1g azt k\u00f6z\u00f6lte kedden az MTI-vel, hogy az iskolai m\u00e1sz\u00f3fal\u00e9p\u00edt\u00e9si program c\u00e9lja, hogy az oktat\u00e1si int\u00e9zm\u00e9nyekben \u00fagynevezett boulder m\u00e1sz\u00f3falak \u00e9p\u00fcljenek, amelyek \u00e9lm\u00e9nny\u00e9 teszik a mozg\u00e1st a testnevel\u00e9s \u00f3r\u00e1kon \u00e9s azon k\u00edv\u00fcl. A","og_url":"https:\/\/dorogimedence.hu\/index.php\/2025\/07\/30\/szazot-iskolaban-epulhet-maszofal-az-orszagban\/","og_site_name":"Dorogi-medence Region\u00e1lis H\u00edrport\u00e1l","article_publisher":"https:\/\/www.facebook.com\/dorogimedence\/","article_published_time":"2025-07-30T08:12:29+00:00","article_modified_time":"2025-07-30T08:14:27+00:00","og_image":[{"width":1920,"height":1341,"url":"https:\/\/dorogimedence.hu\/wp-content\/uploads\/2025\/07\/boulder.jpg","type":"image\/jpeg"}],"author":"dorogimedence.hu","twitter_card":"summary_large_image","twitter_misc":{"Szerz\u0151:":"dorogimedence.hu","Becs\u00fclt olvas\u00e1si id\u0151":"3 perc"},"schema":{"@context":"https:\/\/schema.org","@graph":[{"@type":"Article","@id":"https:\/\/dorogimedence.hu\/index.php\/2025\/07\/30\/szazot-iskolaban-epulhet-maszofal-az-orszagban\/#article","isPartOf":{"@id":"https:\/\/dorogimedence.hu\/index.php\/2025\/07\/30\/szazot-iskolaban-epulhet-maszofal-az-orszagban\/"},"author":{"name":"dorogimedence.hu","@id":"https:\/\/dorogimedence.hu\/#\/schema\/person\/ce6091eeb7e95ecdc87890d6aa8e0fd4"},"headline":"Sz\u00e1z\u00f6t iskol\u00e1ban \u00e9p\u00fclhet m\u00e1sz\u00f3fal az orsz\u00e1gban","datePublished":"2025-07-30T08:12:29+00:00","dateModified":"2025-07-30T08:14:27+00:00","mainEntityOfPage":{"@id":"https:\/\/dorogimedence.hu\/index.php\/2025\/07\/30\/szazot-iskolaban-epulhet-maszofal-az-orszagban\/"},"wordCount":563,"publisher":{"@id":"https:\/\/dorogimedence.hu\/#organization"},"image":{"@id":"https:\/\/dorogimedence.hu\/index.php\/2025\/07\/30\/szazot-iskolaban-epulhet-maszofal-az-orszagban\/#primaryimage"},"thumbnailUrl":"https:\/\/dorogimedence.hu\/wp-content\/uploads\/2025\/07\/boulder.jpg","keywords":["esztergom","iskola","m\u00e1sz\u00f3fal","T\u00e1t","Visegr\u00e1d"],"articleSection":["Esztergom","H\u00edrek","T\u00e1t"],"inLanguage":"hu"},{"@type":"WebPage","@id":"https:\/\/dorogimedence.hu\/index.php\/2025\/07\/30\/szazot-iskolaban-epulhet-maszofal-az-orszagban\/","url":"https:\/\/dorogimedence.hu\/index.php\/2025\/07\/30\/szazot-iskolaban-epulhet-maszofal-az-orszagban\/","name":"Sz\u00e1z\u00f6t iskol\u00e1ban \u00e9p\u00fclhet m\u00e1sz\u00f3fal az orsz\u00e1gban","isPartOf":{"@id":"https:\/\/dorogimedence.hu\/#website"},"primaryImageOfPage":{"@id":"https:\/\/dorogimedence.hu\/index.php\/2025\/07\/30\/szazot-iskolaban-epulhet-maszofal-az-orszagban\/#primaryimage"},"image":{"@id":"https:\/\/dorogimedence.hu\/index.php\/2025\/07\/30\/szazot-iskolaban-epulhet-maszofal-az-orszagban\/#primaryimage"},"thumbnailUrl":"https:\/\/dorogimedence.hu\/wp-content\/uploads\/2025\/07\/boulder.jpg","datePublished":"2025-07-30T08:12:29+00:00","dateModified":"2025-07-30T08:14:27+00:00","breadcrumb":{"@id":"https:\/\/dorogimedence.hu\/index.php\/2025\/07\/30\/szazot-iskolaban-epulhet-maszofal-az-orszagban\/#breadcrumb"},"inLanguage":"hu","potentialAction":[{"@type":"ReadAction","target":["https:\/\/dorogimedence.hu\/index.php\/2025\/07\/30\/szazot-iskolaban-epulhet-maszofal-az-orszagban\/"]}]},{"@type":"ImageObject","inLanguage":"hu","@id":"https:\/\/dorogimedence.hu\/index.php\/2025\/07\/30\/szazot-iskolaban-epulhet-maszofal-az-orszagban\/#primaryimage","url":"https:\/\/dorogimedence.hu\/wp-content\/uploads\/2025\/07\/boulder.jpg","contentUrl":"https:\/\/dorogimedence.hu\/wp-content\/uploads\/2025\/07\/boulder.jpg","width":1920,"height":1341},{"@type":"BreadcrumbList","@id":"https:\/\/dorogimedence.hu\/index.php\/2025\/07\/30\/szazot-iskolaban-epulhet-maszofal-az-orszagban\/#breadcrumb","itemListElement":[{"@type":"ListItem","position":1,"name":"Kezd\u0151lap","item":"https:\/\/dorogimedence.hu\/"},{"@type":"ListItem","position":2,"name":"Sz\u00e1z\u00f6t iskol\u00e1ban \u00e9p\u00fclhet m\u00e1sz\u00f3fal az orsz\u00e1gban"}]},{"@type":"WebSite","@id":"https:\/\/dorogimedence.hu\/#website","url":"https:\/\/dorogimedence.hu\/","name":"Dorogi-medence Region\u00e1lis H\u00edrport\u00e1l","description":"Dorog, Keszt\u00f6lc, Le\u00e1nyv\u00e1r, Piliscs\u00e9v, Tokod, Tokodalt\u00e1r\u00f3, Csolnok, Esztergom-kertv\u00e1ros: h\u00edrek, programok","publisher":{"@id":"https:\/\/dorogimedence.hu\/#organization"},"potentialAction":[{"@type":"SearchAction","target":{"@type":"EntryPoint","urlTemplate":"https:\/\/dorogimedence.hu\/?s={search_term_string}"},"query-input":{"@type":"PropertyValueSpecification","valueRequired":true,"valueName":"search_term_string"}}],"inLanguage":"hu"},{"@type":"Organization","@id":"https:\/\/dorogimedence.hu\/#organization","name":"Dorogi-medence Region\u00e1lis H\u00edrport\u00e1l","url":"https:\/\/dorogimedence.hu\/","logo":{"@type":"ImageObject","inLanguage":"hu","@id":"https:\/\/dorogimedence.hu\/#\/schema\/logo\/image\/","url":"https:\/\/dorogimedence.hu\/wp-content\/uploads\/2021\/04\/logo-feher-600.png","contentUrl":"https:\/\/dorogimedence.hu\/wp-content\/uploads\/2021\/04\/logo-feher-600.png","width":600,"height":100,"caption":"Dorogi-medence Region\u00e1lis H\u00edrport\u00e1l"},"image":{"@id":"https:\/\/dorogimedence.hu\/#\/schema\/logo\/image\/"},"sameAs":["https:\/\/www.facebook.com\/dorogimedence\/"]},{"@type":"Person","@id":"https:\/\/dorogimedence.hu\/#\/schema\/person\/ce6091eeb7e95ecdc87890d6aa8e0fd4","name":"dorogimedence.hu","image":{"@type":"ImageObject","inLanguage":"hu","@id":"\/\/www.gravatar.com\/avatar\/d8d45f8901aadff40a4af72c0b826f1d?s=96&#038;r=g&#038;d=mm","url":"\/\/www.gravatar.com\/avatar\/d8d45f8901aadff40a4af72c0b826f1d?s=96&#038;r=g&#038;d=mm","contentUrl":"\/\/www.gravatar.com\/avatar\/d8d45f8901aadff40a4af72c0b826f1d?s=96&#038;r=g&#038;d=mm","caption":"dorogimedence.hu"}}]}},"_links":{"self":[{"href":"https:\/\/dorogimedence.hu\/index.php\/wp-json\/wp\/v2\/posts\/73140","targetHints":{"allow":["GET"]}}],"collection":[{"href":"https:\/\/dorogimedence.hu\/index.php\/wp-json\/wp\/v2\/posts"}],"about":[{"href":"https:\/\/dorogimedence.hu\/index.php\/wp-json\/wp\/v2\/types\/post"}],"author":[{"embeddable":true,"href":"https:\/\/dorogimedence.hu\/index.php\/wp-json\/wp\/v2\/users\/1"}],"replies":[{"embeddable":true,"href":"https:\/\/dorogimedence.hu\/index.php\/wp-json\/wp\/v2\/comments?post=73140"}],"version-history":[{"count":0,"href":"https:\/\/dorogimedence.hu\/index.php\/wp-json\/wp\/v2\/posts\/73140\/revisions"}],"wp:featuredmedia":[{"embeddable":true,"href":"https:\/\/dorogimedence.hu\/index.php\/wp-json\/wp\/v2\/media\/73141"}],"wp:attachment":[{"href":"https:\/\/dorogimedence.hu\/index.php\/wp-json\/wp\/v2\/media?parent=73140"}],"wp:term":[{"taxonomy":"category","embeddable":true,"href":"https:\/\/dorogimedence.hu\/index.php\/wp-json\/wp\/v2\/categories?post=73140"},{"taxonomy":"post_tag","embeddable":true,"href":"https:\/\/dorogimedence.hu\/index.php\/wp-json\/wp\/v2\/tags?post=73140"}],"curies":[{"name":"wp","href":"https:\/\/api.w.org\/{rel}","templated":true}]}}