{"id":73091,"date":"2025-07-29T13:58:23","date_gmt":"2025-07-29T11:58:23","guid":{"rendered":"https:\/\/dorogimedence.hu\/?p=73091"},"modified":"2025-07-29T13:58:23","modified_gmt":"2025-07-29T11:58:23","slug":"egy-oran-belul-kattant-a-bilincs","status":"publish","type":"post","link":"https:\/\/dorogimedence.hu\/index.php\/2025\/07\/29\/egy-oran-belul-kattant-a-bilincs\/","title":{"rendered":"Egy \u00f3r\u00e1n bel\u00fcl kattant a bilincs"},"content":{"rendered":"<p><strong>Nem \u00f6r\u00fclhetett sok\u00e1ig zs\u00e1km\u00e1ny\u00e1nak az a f\u00e9rfi, aki egy esztergomi fagyiz\u00f3b\u00f3l lopott el \u00fcd\u00edt\u0151italokat.<\/strong><\/p>\n<p>J\u00e1r\u0151rszolg\u00e1latot l\u00e1tott el j\u00falius 24-\u00e9n P\u00e1rvai Attila r. t\u00f6rzsz\u00e1szl\u00f3s \u00e9s Hegyi B\u00e1lint r. \u0151rmester Esztergomban. Mik\u00f6zben egy c\u00edmre siettek, l\u00e1ttak egy f\u00e9rfit s\u00e9t\u00e1lni az utc\u00e1n, h\u00f3na alatt egy zsugor k\u00f3l\u00e1val. Ennek ekkor m\u00e9g nem tulajdon\u00edtottak nagy jelent\u0151s\u00e9get, de amikor meg\u00e9rkeztek a helysz\u00ednre, ahova az \u00fcgyelet ir\u00e1ny\u00edtotta \u0151ket, r\u00f6gt\u00f6n \u00f6ssze\u00e1llt a k\u00e9p.<\/p>\n<p>Kider\u00fclt ugyanis, hogy ismeretlen elk\u00f6vet\u0151 az \u00e9jszaka folyam\u00e1n bet\u00f6rt egy helyi fagyiz\u00f3ba, \u00e9s \u00fcd\u00edt\u0151ket vitt el. Az egyenruh\u00e1sok azonnal a kor\u00e1bban l\u00e1tott f\u00e9rfi felkutat\u00e1s\u00e1ra indultak, akit a R\u00e1k\u00f3czi t\u00e9ren meg is tal\u00e1ltak. A nyomoz\u00e1s sor\u00e1n egy t\u00e1rstettest is azonos\u00edtottak.<\/p>\n<p>A 27 \u00e9s a 29 \u00e9ves f\u00e9rfiak ellen szab\u00e1lys\u00e9rt\u00e9si \u00e9rt\u00e9kre dolog elleni er\u0151szakkal elk\u00f6vetett lop\u00e1s v\u00e9ts\u00e9ge miatt indult b\u00fcntet\u0151elj\u00e1r\u00e1s.<\/p>\n<p><em>Forr\u00e1s: police.hu<\/em><\/p>\n","protected":false},"excerpt":{"rendered":"<p>Nem \u00f6r\u00fclhetett sok\u00e1ig zs\u00e1km\u00e1ny\u00e1nak az a f\u00e9rfi, aki egy esztergomi fagyiz\u00f3b\u00f3l lopott el \u00fcd\u00edt\u0151italokat. J\u00e1r\u0151rszolg\u00e1latot l\u00e1tott el j\u00falius 24-\u00e9n P\u00e1rvai Attila r. t\u00f6rzsz\u00e1szl\u00f3s \u00e9s Hegyi B\u00e1lint r. \u0151rmester Esztergomban. Mik\u00f6zben egy c\u00edmre siettek, l\u00e1ttak egy f\u00e9rfit s\u00e9t\u00e1lni az utc\u00e1n, h\u00f3na alatt egy zsugor k\u00f3l\u00e1val. Ennek ekkor m\u00e9g nem tulajdon\u00edtottak nagy jelent\u0151s\u00e9get, de amikor meg\u00e9rkeztek a<\/p>\n","protected":false},"author":1,"featured_media":54581,"comment_status":"closed","ping_status":"closed","sticky":false,"template":"","format":"standard","meta":{"ngg_post_thumbnail":0,"footnotes":""},"categories":[38,3,39],"tags":[63,42,447,61],"class_list":{"0":"post-73091","1":"post","2":"type-post","3":"status-publish","4":"format-standard","5":"has-post-thumbnail","7":"category-esztergom","8":"category-hirek","9":"category-kek-hirek","10":"tag-buncselekmeny","11":"tag-esztergom","12":"tag-lopas","13":"tag-rendorsegi-hirek"},"yoast_head":"<!-- This site is optimized with the Yoast SEO plugin v27.4 - https:\/\/yoast.com\/product\/yoast-seo-wordpress\/ -->\n<title>Egy \u00f3r\u00e1n bel\u00fcl kattant a bilincs<\/title>\n<meta name=\"robots\" content=\"index, follow, max-snippet:-1, max-image-preview:large, max-video-preview:-1\" \/>\n<link rel=\"canonical\" href=\"https:\/\/dorogimedence.hu\/index.php\/2025\/07\/29\/egy-oran-belul-kattant-a-bilincs\/\" class=\"yoast-seo-meta-tag\" \/>\n<meta property=\"og:locale\" content=\"hu_HU\" class=\"yoast-seo-meta-tag\" \/>\n<meta property=\"og:type\" content=\"article\" class=\"yoast-seo-meta-tag\" \/>\n<meta property=\"og:title\" content=\"Egy \u00f3r\u00e1n bel\u00fcl kattant a bilincs\" class=\"yoast-seo-meta-tag\" \/>\n<meta property=\"og:description\" content=\"Nem \u00f6r\u00fclhetett sok\u00e1ig zs\u00e1km\u00e1ny\u00e1nak az a f\u00e9rfi, aki egy esztergomi fagyiz\u00f3b\u00f3l lopott el \u00fcd\u00edt\u0151italokat. J\u00e1r\u0151rszolg\u00e1latot l\u00e1tott el j\u00falius 24-\u00e9n P\u00e1rvai Attila r. t\u00f6rzsz\u00e1szl\u00f3s \u00e9s Hegyi B\u00e1lint r. \u0151rmester Esztergomban. Mik\u00f6zben egy c\u00edmre siettek, l\u00e1ttak egy f\u00e9rfit s\u00e9t\u00e1lni az utc\u00e1n, h\u00f3na alatt egy zsugor k\u00f3l\u00e1val. Ennek ekkor m\u00e9g nem tulajdon\u00edtottak nagy jelent\u0151s\u00e9get, de amikor meg\u00e9rkeztek a\" class=\"yoast-seo-meta-tag\" \/>\n<meta property=\"og:url\" content=\"https:\/\/dorogimedence.hu\/index.php\/2025\/07\/29\/egy-oran-belul-kattant-a-bilincs\/\" class=\"yoast-seo-meta-tag\" \/>\n<meta property=\"og:site_name\" content=\"Dorogi-medence Region\u00e1lis H\u00edrport\u00e1l\" class=\"yoast-seo-meta-tag\" \/>\n<meta property=\"article:publisher\" content=\"https:\/\/www.facebook.com\/dorogimedence\/\" class=\"yoast-seo-meta-tag\" \/>\n<meta property=\"article:published_time\" content=\"2025-07-29T11:58:23+00:00\" class=\"yoast-seo-meta-tag\" \/>\n<meta property=\"og:image\" content=\"https:\/\/dorogimedence.hu\/wp-content\/uploads\/2023\/06\/rendorauto-05.jpg\" class=\"yoast-seo-meta-tag\" \/>\n\t<meta property=\"og:image:width\" content=\"1920\" class=\"yoast-seo-meta-tag\" \/>\n\t<meta property=\"og:image:height\" content=\"1179\" class=\"yoast-seo-meta-tag\" \/>\n\t<meta property=\"og:image:type\" content=\"image\/jpeg\" class=\"yoast-seo-meta-tag\" \/>\n<meta name=\"author\" content=\"dorogimedence.hu\" class=\"yoast-seo-meta-tag\" \/>\n<meta name=\"twitter:card\" content=\"summary_large_image\" class=\"yoast-seo-meta-tag\" \/>\n<meta name=\"twitter:label1\" content=\"Szerz\u0151:\" class=\"yoast-seo-meta-tag\" \/>\n\t<meta name=\"twitter:data1\" content=\"dorogimedence.hu\" class=\"yoast-seo-meta-tag\" \/>\n\t<meta name=\"twitter:label2\" content=\"Becs\u00fclt olvas\u00e1si id\u0151\" class=\"yoast-seo-meta-tag\" \/>\n\t<meta name=\"twitter:data2\" content=\"1 perc\" class=\"yoast-seo-meta-tag\" \/>\n<script type=\"application\/ld+json\" class=\"yoast-schema-graph\">{\"@context\":\"https:\\\/\\\/schema.org\",\"@graph\":[{\"@type\":\"Article\",\"@id\":\"https:\\\/\\\/dorogimedence.hu\\\/index.php\\\/2025\\\/07\\\/29\\\/egy-oran-belul-kattant-a-bilincs\\\/#article\",\"isPartOf\":{\"@id\":\"https:\\\/\\\/dorogimedence.hu\\\/index.php\\\/2025\\\/07\\\/29\\\/egy-oran-belul-kattant-a-bilincs\\\/\"},\"author\":{\"name\":\"dorogimedence.hu\",\"@id\":\"https:\\\/\\\/dorogimedence.hu\\\/#\\\/schema\\\/person\\\/ce6091eeb7e95ecdc87890d6aa8e0fd4\"},\"headline\":\"Egy \u00f3r\u00e1n bel\u00fcl kattant a bilincs\",\"datePublished\":\"2025-07-29T11:58:23+00:00\",\"mainEntityOfPage\":{\"@id\":\"https:\\\/\\\/dorogimedence.hu\\\/index.php\\\/2025\\\/07\\\/29\\\/egy-oran-belul-kattant-a-bilincs\\\/\"},\"wordCount\":211,\"publisher\":{\"@id\":\"https:\\\/\\\/dorogimedence.hu\\\/#organization\"},\"image\":{\"@id\":\"https:\\\/\\\/dorogimedence.hu\\\/index.php\\\/2025\\\/07\\\/29\\\/egy-oran-belul-kattant-a-bilincs\\\/#primaryimage\"},\"thumbnailUrl\":\"https:\\\/\\\/dorogimedence.hu\\\/wp-content\\\/uploads\\\/2023\\\/06\\\/rendorauto-05.jpg\",\"keywords\":[\"b\u0171ncselekm\u00e9ny\",\"esztergom\",\"lop\u00e1s\",\"rend\u0151rs\u00e9gi h\u00edrek\"],\"articleSection\":[\"Esztergom\",\"H\u00edrek\",\"K\u00e9k h\u00edrek\"],\"inLanguage\":\"hu\"},{\"@type\":\"WebPage\",\"@id\":\"https:\\\/\\\/dorogimedence.hu\\\/index.php\\\/2025\\\/07\\\/29\\\/egy-oran-belul-kattant-a-bilincs\\\/\",\"url\":\"https:\\\/\\\/dorogimedence.hu\\\/index.php\\\/2025\\\/07\\\/29\\\/egy-oran-belul-kattant-a-bilincs\\\/\",\"name\":\"Egy \u00f3r\u00e1n bel\u00fcl kattant a bilincs\",\"isPartOf\":{\"@id\":\"https:\\\/\\\/dorogimedence.hu\\\/#website\"},\"primaryImageOfPage\":{\"@id\":\"https:\\\/\\\/dorogimedence.hu\\\/index.php\\\/2025\\\/07\\\/29\\\/egy-oran-belul-kattant-a-bilincs\\\/#primaryimage\"},\"image\":{\"@id\":\"https:\\\/\\\/dorogimedence.hu\\\/index.php\\\/2025\\\/07\\\/29\\\/egy-oran-belul-kattant-a-bilincs\\\/#primaryimage\"},\"thumbnailUrl\":\"https:\\\/\\\/dorogimedence.hu\\\/wp-content\\\/uploads\\\/2023\\\/06\\\/rendorauto-05.jpg\",\"datePublished\":\"2025-07-29T11:58:23+00:00\",\"breadcrumb\":{\"@id\":\"https:\\\/\\\/dorogimedence.hu\\\/index.php\\\/2025\\\/07\\\/29\\\/egy-oran-belul-kattant-a-bilincs\\\/#breadcrumb\"},\"inLanguage\":\"hu\",\"potentialAction\":[{\"@type\":\"ReadAction\",\"target\":[\"https:\\\/\\\/dorogimedence.hu\\\/index.php\\\/2025\\\/07\\\/29\\\/egy-oran-belul-kattant-a-bilincs\\\/\"]}]},{\"@type\":\"ImageObject\",\"inLanguage\":\"hu\",\"@id\":\"https:\\\/\\\/dorogimedence.hu\\\/index.php\\\/2025\\\/07\\\/29\\\/egy-oran-belul-kattant-a-bilincs\\\/#primaryimage\",\"url\":\"https:\\\/\\\/dorogimedence.hu\\\/wp-content\\\/uploads\\\/2023\\\/06\\\/rendorauto-05.jpg\",\"contentUrl\":\"https:\\\/\\\/dorogimedence.hu\\\/wp-content\\\/uploads\\\/2023\\\/06\\\/rendorauto-05.jpg\",\"width\":1920,\"height\":1179},{\"@type\":\"BreadcrumbList\",\"@id\":\"https:\\\/\\\/dorogimedence.hu\\\/index.php\\\/2025\\\/07\\\/29\\\/egy-oran-belul-kattant-a-bilincs\\\/#breadcrumb\",\"itemListElement\":[{\"@type\":\"ListItem\",\"position\":1,\"name\":\"Kezd\u0151lap\",\"item\":\"https:\\\/\\\/dorogimedence.hu\\\/\"},{\"@type\":\"ListItem\",\"position\":2,\"name\":\"Egy \u00f3r\u00e1n bel\u00fcl kattant a bilincs\"}]},{\"@type\":\"WebSite\",\"@id\":\"https:\\\/\\\/dorogimedence.hu\\\/#website\",\"url\":\"https:\\\/\\\/dorogimedence.hu\\\/\",\"name\":\"Dorogi-medence Region\u00e1lis H\u00edrport\u00e1l\",\"description\":\"Dorog, Keszt\u00f6lc, Le\u00e1nyv\u00e1r, Piliscs\u00e9v, Tokod, Tokodalt\u00e1r\u00f3, Csolnok, Esztergom-kertv\u00e1ros: h\u00edrek, programok\",\"publisher\":{\"@id\":\"https:\\\/\\\/dorogimedence.hu\\\/#organization\"},\"potentialAction\":[{\"@type\":\"SearchAction\",\"target\":{\"@type\":\"EntryPoint\",\"urlTemplate\":\"https:\\\/\\\/dorogimedence.hu\\\/?s={search_term_string}\"},\"query-input\":{\"@type\":\"PropertyValueSpecification\",\"valueRequired\":true,\"valueName\":\"search_term_string\"}}],\"inLanguage\":\"hu\"},{\"@type\":\"Organization\",\"@id\":\"https:\\\/\\\/dorogimedence.hu\\\/#organization\",\"name\":\"Dorogi-medence Region\u00e1lis H\u00edrport\u00e1l\",\"url\":\"https:\\\/\\\/dorogimedence.hu\\\/\",\"logo\":{\"@type\":\"ImageObject\",\"inLanguage\":\"hu\",\"@id\":\"https:\\\/\\\/dorogimedence.hu\\\/#\\\/schema\\\/logo\\\/image\\\/\",\"url\":\"https:\\\/\\\/dorogimedence.hu\\\/wp-content\\\/uploads\\\/2021\\\/04\\\/logo-feher-600.png\",\"contentUrl\":\"https:\\\/\\\/dorogimedence.hu\\\/wp-content\\\/uploads\\\/2021\\\/04\\\/logo-feher-600.png\",\"width\":600,\"height\":100,\"caption\":\"Dorogi-medence Region\u00e1lis H\u00edrport\u00e1l\"},\"image\":{\"@id\":\"https:\\\/\\\/dorogimedence.hu\\\/#\\\/schema\\\/logo\\\/image\\\/\"},\"sameAs\":[\"https:\\\/\\\/www.facebook.com\\\/dorogimedence\\\/\"]},{\"@type\":\"Person\",\"@id\":\"https:\\\/\\\/dorogimedence.hu\\\/#\\\/schema\\\/person\\\/ce6091eeb7e95ecdc87890d6aa8e0fd4\",\"name\":\"dorogimedence.hu\",\"image\":{\"@type\":\"ImageObject\",\"inLanguage\":\"hu\",\"@id\":\"\\\/\\\/www.gravatar.com\\\/avatar\\\/d8d45f8901aadff40a4af72c0b826f1d?s=96&#038;r=g&#038;d=mm\",\"url\":\"\\\/\\\/www.gravatar.com\\\/avatar\\\/d8d45f8901aadff40a4af72c0b826f1d?s=96&#038;r=g&#038;d=mm\",\"contentUrl\":\"\\\/\\\/www.gravatar.com\\\/avatar\\\/d8d45f8901aadff40a4af72c0b826f1d?s=96&#038;r=g&#038;d=mm\",\"caption\":\"dorogimedence.hu\"}}]}<\/script>\n<!-- \/ Yoast SEO plugin. -->","yoast_head_json":{"title":"Egy \u00f3r\u00e1n bel\u00fcl kattant a bilincs","robots":{"index":"index","follow":"follow","max-snippet":"max-snippet:-1","max-image-preview":"max-image-preview:large","max-video-preview":"max-video-preview:-1"},"canonical":"https:\/\/dorogimedence.hu\/index.php\/2025\/07\/29\/egy-oran-belul-kattant-a-bilincs\/","og_locale":"hu_HU","og_type":"article","og_title":"Egy \u00f3r\u00e1n bel\u00fcl kattant a bilincs","og_description":"Nem \u00f6r\u00fclhetett sok\u00e1ig zs\u00e1km\u00e1ny\u00e1nak az a f\u00e9rfi, aki egy esztergomi fagyiz\u00f3b\u00f3l lopott el \u00fcd\u00edt\u0151italokat. J\u00e1r\u0151rszolg\u00e1latot l\u00e1tott el j\u00falius 24-\u00e9n P\u00e1rvai Attila r. t\u00f6rzsz\u00e1szl\u00f3s \u00e9s Hegyi B\u00e1lint r. \u0151rmester Esztergomban. Mik\u00f6zben egy c\u00edmre siettek, l\u00e1ttak egy f\u00e9rfit s\u00e9t\u00e1lni az utc\u00e1n, h\u00f3na alatt egy zsugor k\u00f3l\u00e1val. Ennek ekkor m\u00e9g nem tulajdon\u00edtottak nagy jelent\u0151s\u00e9get, de amikor meg\u00e9rkeztek a","og_url":"https:\/\/dorogimedence.hu\/index.php\/2025\/07\/29\/egy-oran-belul-kattant-a-bilincs\/","og_site_name":"Dorogi-medence Region\u00e1lis H\u00edrport\u00e1l","article_publisher":"https:\/\/www.facebook.com\/dorogimedence\/","article_published_time":"2025-07-29T11:58:23+00:00","og_image":[{"width":1920,"height":1179,"url":"https:\/\/dorogimedence.hu\/wp-content\/uploads\/2023\/06\/rendorauto-05.jpg","type":"image\/jpeg"}],"author":"dorogimedence.hu","twitter_card":"summary_large_image","twitter_misc":{"Szerz\u0151:":"dorogimedence.hu","Becs\u00fclt olvas\u00e1si id\u0151":"1 perc"},"schema":{"@context":"https:\/\/schema.org","@graph":[{"@type":"Article","@id":"https:\/\/dorogimedence.hu\/index.php\/2025\/07\/29\/egy-oran-belul-kattant-a-bilincs\/#article","isPartOf":{"@id":"https:\/\/dorogimedence.hu\/index.php\/2025\/07\/29\/egy-oran-belul-kattant-a-bilincs\/"},"author":{"name":"dorogimedence.hu","@id":"https:\/\/dorogimedence.hu\/#\/schema\/person\/ce6091eeb7e95ecdc87890d6aa8e0fd4"},"headline":"Egy \u00f3r\u00e1n bel\u00fcl kattant a bilincs","datePublished":"2025-07-29T11:58:23+00:00","mainEntityOfPage":{"@id":"https:\/\/dorogimedence.hu\/index.php\/2025\/07\/29\/egy-oran-belul-kattant-a-bilincs\/"},"wordCount":211,"publisher":{"@id":"https:\/\/dorogimedence.hu\/#organization"},"image":{"@id":"https:\/\/dorogimedence.hu\/index.php\/2025\/07\/29\/egy-oran-belul-kattant-a-bilincs\/#primaryimage"},"thumbnailUrl":"https:\/\/dorogimedence.hu\/wp-content\/uploads\/2023\/06\/rendorauto-05.jpg","keywords":["b\u0171ncselekm\u00e9ny","esztergom","lop\u00e1s","rend\u0151rs\u00e9gi h\u00edrek"],"articleSection":["Esztergom","H\u00edrek","K\u00e9k h\u00edrek"],"inLanguage":"hu"},{"@type":"WebPage","@id":"https:\/\/dorogimedence.hu\/index.php\/2025\/07\/29\/egy-oran-belul-kattant-a-bilincs\/","url":"https:\/\/dorogimedence.hu\/index.php\/2025\/07\/29\/egy-oran-belul-kattant-a-bilincs\/","name":"Egy \u00f3r\u00e1n bel\u00fcl kattant a bilincs","isPartOf":{"@id":"https:\/\/dorogimedence.hu\/#website"},"primaryImageOfPage":{"@id":"https:\/\/dorogimedence.hu\/index.php\/2025\/07\/29\/egy-oran-belul-kattant-a-bilincs\/#primaryimage"},"image":{"@id":"https:\/\/dorogimedence.hu\/index.php\/2025\/07\/29\/egy-oran-belul-kattant-a-bilincs\/#primaryimage"},"thumbnailUrl":"https:\/\/dorogimedence.hu\/wp-content\/uploads\/2023\/06\/rendorauto-05.jpg","datePublished":"2025-07-29T11:58:23+00:00","breadcrumb":{"@id":"https:\/\/dorogimedence.hu\/index.php\/2025\/07\/29\/egy-oran-belul-kattant-a-bilincs\/#breadcrumb"},"inLanguage":"hu","potentialAction":[{"@type":"ReadAction","target":["https:\/\/dorogimedence.hu\/index.php\/2025\/07\/29\/egy-oran-belul-kattant-a-bilincs\/"]}]},{"@type":"ImageObject","inLanguage":"hu","@id":"https:\/\/dorogimedence.hu\/index.php\/2025\/07\/29\/egy-oran-belul-kattant-a-bilincs\/#primaryimage","url":"https:\/\/dorogimedence.hu\/wp-content\/uploads\/2023\/06\/rendorauto-05.jpg","contentUrl":"https:\/\/dorogimedence.hu\/wp-content\/uploads\/2023\/06\/rendorauto-05.jpg","width":1920,"height":1179},{"@type":"BreadcrumbList","@id":"https:\/\/dorogimedence.hu\/index.php\/2025\/07\/29\/egy-oran-belul-kattant-a-bilincs\/#breadcrumb","itemListElement":[{"@type":"ListItem","position":1,"name":"Kezd\u0151lap","item":"https:\/\/dorogimedence.hu\/"},{"@type":"ListItem","position":2,"name":"Egy \u00f3r\u00e1n bel\u00fcl kattant a bilincs"}]},{"@type":"WebSite","@id":"https:\/\/dorogimedence.hu\/#website","url":"https:\/\/dorogimedence.hu\/","name":"Dorogi-medence Region\u00e1lis H\u00edrport\u00e1l","description":"Dorog, Keszt\u00f6lc, Le\u00e1nyv\u00e1r, Piliscs\u00e9v, Tokod, Tokodalt\u00e1r\u00f3, Csolnok, Esztergom-kertv\u00e1ros: h\u00edrek, programok","publisher":{"@id":"https:\/\/dorogimedence.hu\/#organization"},"potentialAction":[{"@type":"SearchAction","target":{"@type":"EntryPoint","urlTemplate":"https:\/\/dorogimedence.hu\/?s={search_term_string}"},"query-input":{"@type":"PropertyValueSpecification","valueRequired":true,"valueName":"search_term_string"}}],"inLanguage":"hu"},{"@type":"Organization","@id":"https:\/\/dorogimedence.hu\/#organization","name":"Dorogi-medence Region\u00e1lis H\u00edrport\u00e1l","url":"https:\/\/dorogimedence.hu\/","logo":{"@type":"ImageObject","inLanguage":"hu","@id":"https:\/\/dorogimedence.hu\/#\/schema\/logo\/image\/","url":"https:\/\/dorogimedence.hu\/wp-content\/uploads\/2021\/04\/logo-feher-600.png","contentUrl":"https:\/\/dorogimedence.hu\/wp-content\/uploads\/2021\/04\/logo-feher-600.png","width":600,"height":100,"caption":"Dorogi-medence Region\u00e1lis H\u00edrport\u00e1l"},"image":{"@id":"https:\/\/dorogimedence.hu\/#\/schema\/logo\/image\/"},"sameAs":["https:\/\/www.facebook.com\/dorogimedence\/"]},{"@type":"Person","@id":"https:\/\/dorogimedence.hu\/#\/schema\/person\/ce6091eeb7e95ecdc87890d6aa8e0fd4","name":"dorogimedence.hu","image":{"@type":"ImageObject","inLanguage":"hu","@id":"\/\/www.gravatar.com\/avatar\/d8d45f8901aadff40a4af72c0b826f1d?s=96&#038;r=g&#038;d=mm","url":"\/\/www.gravatar.com\/avatar\/d8d45f8901aadff40a4af72c0b826f1d?s=96&#038;r=g&#038;d=mm","contentUrl":"\/\/www.gravatar.com\/avatar\/d8d45f8901aadff40a4af72c0b826f1d?s=96&#038;r=g&#038;d=mm","caption":"dorogimedence.hu"}}]}},"_links":{"self":[{"href":"https:\/\/dorogimedence.hu\/index.php\/wp-json\/wp\/v2\/posts\/73091","targetHints":{"allow":["GET"]}}],"collection":[{"href":"https:\/\/dorogimedence.hu\/index.php\/wp-json\/wp\/v2\/posts"}],"about":[{"href":"https:\/\/dorogimedence.hu\/index.php\/wp-json\/wp\/v2\/types\/post"}],"author":[{"embeddable":true,"href":"https:\/\/dorogimedence.hu\/index.php\/wp-json\/wp\/v2\/users\/1"}],"replies":[{"embeddable":true,"href":"https:\/\/dorogimedence.hu\/index.php\/wp-json\/wp\/v2\/comments?post=73091"}],"version-history":[{"count":0,"href":"https:\/\/dorogimedence.hu\/index.php\/wp-json\/wp\/v2\/posts\/73091\/revisions"}],"wp:featuredmedia":[{"embeddable":true,"href":"https:\/\/dorogimedence.hu\/index.php\/wp-json\/wp\/v2\/media\/54581"}],"wp:attachment":[{"href":"https:\/\/dorogimedence.hu\/index.php\/wp-json\/wp\/v2\/media?parent=73091"}],"wp:term":[{"taxonomy":"category","embeddable":true,"href":"https:\/\/dorogimedence.hu\/index.php\/wp-json\/wp\/v2\/categories?post=73091"},{"taxonomy":"post_tag","embeddable":true,"href":"https:\/\/dorogimedence.hu\/index.php\/wp-json\/wp\/v2\/tags?post=73091"}],"curies":[{"name":"wp","href":"https:\/\/api.w.org\/{rel}","templated":true}]}}