{"id":72945,"date":"2025-07-23T09:55:24","date_gmt":"2025-07-23T07:55:24","guid":{"rendered":"https:\/\/dorogimedence.hu\/?p=72945"},"modified":"2025-07-23T09:55:24","modified_gmt":"2025-07-23T07:55:24","slug":"rekordot-dontottek-a-varmegyei-horgaszok","status":"publish","type":"post","link":"https:\/\/dorogimedence.hu\/index.php\/2025\/07\/23\/rekordot-dontottek-a-varmegyei-horgaszok\/","title":{"rendered":"Rekordot d\u00f6nt\u00f6ttek a v\u00e1rmegyei horg\u00e1szok"},"content":{"rendered":"<p><strong>A tatai Cseke-tavon a h\u00e9tv\u00e9g\u00e9n a Kom\u00e1rom-Esztergom V\u00e1rmegyei Horg\u00e1szegyes\u00fcletek Sz\u00f6vets\u00e9ge (KEMHESZ) szervez\u00e9s\u00e9ben be\u00e1ll\u00edtott\u00e1k az orsz\u00e1gos rekordot az \u201eegyszerre, egyid\u0151ben horg\u00e1sz\u00f3 csal\u00e1d\u201d kateg\u00f3ri\u00e1ban \u00e9s a legmagasabb v\u00e1rmegyei horg\u00e1sz elismer\u00e9ssel t\u00fcntett\u00e9k ki Heitz Ferencet, a Tatai \u00d6reg-t\u00f3 Hal\u00e1szati Kft. volt \u00fcgyvezet\u0151j\u00e9t.<\/strong><\/p>\n<p>A versenyben olyan p\u00e1rosok vettek r\u00e9szt, ahol az egyik tag 14 \u00e9v alatti gyermek, a m\u00e1sik pedig 18 \u00e9v feletti feln\u0151tt volt &#8211; lehetett sz\u00fcl\u0151, nagysz\u00fcl\u0151, vagy ak\u00e1r nagyb\u00e1csi, nagyn\u00e9ni. A rekordk\u00eds\u00e9rletet siker\u00fclt be\u00e1ll\u00edtani; \u00f6sszesen 70 f\u0151 vett r\u00e9szt a k\u00f6z\u00f6s, szab\u00e1lyosan lebonyol\u00edtott horg\u00e1szatban, ezzel megism\u00e9telve a tavalyi cs\u00facsot.<\/p>\n<p>A Cseke-t\u00f3 partj\u00e1n Heitz Ferencet, a Tatai \u00d6reg-t\u00f3 Hal\u00e1szati Kft. volt \u00fcgyvezet\u0151j\u00e9t a KEMHESZ \u00e9vtizedes munk\u00e1j\u00e1\u00e9rt a Kom\u00e1rom-Esztergom V\u00e1rmegye Term\u00e9szeti K\u00f6rnyezet\u00e9\u00e9rt, valamint Horg\u00e1szsportj\u00e1\u00e9rt Kit\u00fcntet\u0151 C\u00edmben r\u00e9szes\u00edtette.<\/p>\n<p><img fetchpriority=\"high\" decoding=\"async\" class=\"alignnone size-full wp-image-72947\" src=\"https:\/\/dorogimedence.hu\/wp-content\/uploads\/2025\/07\/horgasz-02-2.jpg\" alt=\"\" width=\"1920\" height=\"1274\" srcset=\"https:\/\/dorogimedence.hu\/wp-content\/uploads\/2025\/07\/horgasz-02-2.jpg 1920w, https:\/\/dorogimedence.hu\/wp-content\/uploads\/2025\/07\/horgasz-02-2-600x398.jpg 600w, https:\/\/dorogimedence.hu\/wp-content\/uploads\/2025\/07\/horgasz-02-2-768x510.jpg 768w, https:\/\/dorogimedence.hu\/wp-content\/uploads\/2025\/07\/horgasz-02-2-1536x1019.jpg 1536w, https:\/\/dorogimedence.hu\/wp-content\/uploads\/2025\/07\/horgasz-02-2-150x100.jpg 150w, https:\/\/dorogimedence.hu\/wp-content\/uploads\/2025\/07\/horgasz-02-2-450x299.jpg 450w, https:\/\/dorogimedence.hu\/wp-content\/uploads\/2025\/07\/horgasz-02-2-1200x796.jpg 1200w\" sizes=\"(max-width: 1920px) 100vw, 1920px\" \/><\/p>\n<p>Zoltai D\u00e1niel, a KEMHESZ eln\u00f6ke elmondta az elismer\u00e9ssel az \u00d6reg-t\u00f3 meg\u0151rz\u00e9s\u00e9\u00e9rt v\u00e9gzett munk\u00e1t szerett\u00e9k volna megk\u00f6sz\u00f6nni, majd hozz\u00e1tette, a kit\u00fcntet\u00e9s jelz\u00e9s a tatai k\u00f6z\u00f6ss\u00e9g sz\u00e1m\u00e1ra is, hogy \u00e9rdemes megbecs\u00fclni a v\u00e1ros \u00e9s t\u00e1gabb k\u00f6rnyezet\u00e9nek \u00e9rdek\u00e9ben v\u00e9gzett \u00f6nzetlen \u00e9s elhivatott \u00e9letutat. Az elismer\u00e9s oda\u00edt\u00e9l\u00e9s\u00e9r\u0151l ellenszavazat \u00e9s tart\u00f3zkod\u00e1s n\u00e9lk\u00fcl d\u00f6nt\u00f6tt a KEMHESZ k\u00fcld\u00f6ttgy\u0171l\u00e9se.<\/p>\n<p>A rendezv\u00e9nyen kiemelt hangs\u00falyt kapott a term\u00e9szetv\u00e9delmi szeml\u00e9let form\u00e1l\u00e1sa, hiszen a horg\u00e1szat \u2013 amellett, hogy sport \u00e9s sz\u00f3rakoz\u00e1s \u2013 \u00e9rt\u00e9kes term\u00e9szetk\u00f6zeli \u00e9lm\u00e9ny, amely m\u00e1r kisgyermekkorban is felel\u0151ss\u00e9gre, \u00fcgyess\u00e9gre, t\u00fcrelemre \u00e9s a v\u00edzi vil\u00e1g tisztelet\u00e9re tan\u00edt.<\/p>\n<p>A KEMHESZ munk\u00e1j\u00e1ban kiemelt figyelmet szentelnek a v\u00e1rosnak; hal\u0151ri feladatokat l\u00e1tnak el az \u00d6reg-tavon, ahol t\u00f6bb orvhorg\u00e1szt is elfogtak m\u00e1r, valamint Tat\u00e1r\u00f3l jelentkeztek orsz\u00e1gosan el\u00e9rhet\u0151 on-line halismereti \u00f3r\u00e1val, rendszeresen ismertterjeszt\u00e9st v\u00e9geznek a fesztiv\u00e1lokon \u00e9s halgazd\u00e1lkod\u00e1st folytatnak a R\u00e9ti 8-as tavon, ahol fel\u00faj\u00edtott\u00e1k a ter\u00fcleten tal\u00e1lhat\u00f3 fah\u00e1zat is &#8211; ismertette Zoltai D\u00e1niel.<\/p>\n<p><img decoding=\"async\" class=\"alignnone size-full wp-image-72948\" src=\"https:\/\/dorogimedence.hu\/wp-content\/uploads\/2025\/07\/horgasz-03.jpg\" alt=\"\" width=\"1379\" height=\"589\" srcset=\"https:\/\/dorogimedence.hu\/wp-content\/uploads\/2025\/07\/horgasz-03.jpg 1379w, https:\/\/dorogimedence.hu\/wp-content\/uploads\/2025\/07\/horgasz-03-600x256.jpg 600w, https:\/\/dorogimedence.hu\/wp-content\/uploads\/2025\/07\/horgasz-03-768x328.jpg 768w, https:\/\/dorogimedence.hu\/wp-content\/uploads\/2025\/07\/horgasz-03-150x64.jpg 150w, https:\/\/dorogimedence.hu\/wp-content\/uploads\/2025\/07\/horgasz-03-450x192.jpg 450w, https:\/\/dorogimedence.hu\/wp-content\/uploads\/2025\/07\/horgasz-03-1200x513.jpg 1200w\" sizes=\"(max-width: 1379px) 100vw, 1379px\" \/><\/p>\n<p>A d\u00e9lel\u0151tt folyam\u00e1n a Napvil\u00e1g Zenekar gondoskodott a j\u00f3 hangulatr\u00f3l, ezt k\u00f6vet\u0151en Osvald Zsolt, a sz\u00f6vets\u00e9g \u00fcgyvezet\u0151je a halakr\u00f3l \u00e9s a horg\u00e1szatr\u00f3l tartott ismeretterjeszt\u0151 el\u0151ad\u00e1st. A nap folyam\u00e1n k\u00eds\u00e9r\u0151programok is v\u00e1rt\u00e1k a kil\u00e1togat\u00f3 csal\u00e1dokat: ugr\u00e1l\u00f3v\u00e1r, c\u00e9lba dob\u00e1s, halfelismer\u00e9s, valamint rend\u0151rs\u00e9gi \u00e9s t\u0171zolt\u00f3 j\u00e1rm\u0171bemutat\u00f3 tette sz\u00ednesebb\u00e9 az esem\u00e9nyt.<\/p>\n<p>A program a MOHOSZ t\u00e1mogat\u00e1s\u00e1val val\u00f3sult meg, tov\u00e1bbi t\u00e1mogat\u00f3k; a Tatai Sporthorg\u00e1sz \u00e9s K\u00f6rnyezetv\u00e9d\u0151 Egyes\u00fclet \u00e9s a Tatai V\u00e1rosgazda.<\/p>\n","protected":false},"excerpt":{"rendered":"<p>A tatai Cseke-tavon a h\u00e9tv\u00e9g\u00e9n a Kom\u00e1rom-Esztergom V\u00e1rmegyei Horg\u00e1szegyes\u00fcletek Sz\u00f6vets\u00e9ge (KEMHESZ) szervez\u00e9s\u00e9ben be\u00e1ll\u00edtott\u00e1k az orsz\u00e1gos rekordot az \u201eegyszerre, egyid\u0151ben horg\u00e1sz\u00f3 csal\u00e1d\u201d kateg\u00f3ri\u00e1ban \u00e9s a legmagasabb v\u00e1rmegyei horg\u00e1sz elismer\u00e9ssel t\u00fcntett\u00e9k ki Heitz Ferencet, a Tatai \u00d6reg-t\u00f3 Hal\u00e1szati Kft. volt \u00fcgyvezet\u0151j\u00e9t. A versenyben olyan p\u00e1rosok vettek r\u00e9szt, ahol az egyik tag 14 \u00e9v alatti gyermek, a m\u00e1sik<\/p>\n","protected":false},"author":1,"featured_media":72946,"comment_status":"closed","ping_status":"closed","sticky":false,"template":"","format":"standard","meta":{"ngg_post_thumbnail":0,"footnotes":""},"categories":[3,56,5],"tags":[4825,598,4398,6890],"class_list":{"0":"post-72945","1":"post","2":"type-post","3":"status-publish","4":"format-standard","5":"has-post-thumbnail","7":"category-hirek","8":"category-komarom-esztergom","9":"category-sport","10":"tag-horgasz","11":"tag-horgaszat","12":"tag-kemhesz","13":"tag-komarom-esztergom-varmegye"},"yoast_head":"<!-- This site is optimized with the Yoast SEO plugin v27.4 - https:\/\/yoast.com\/product\/yoast-seo-wordpress\/ -->\n<title>Rekordot d\u00f6nt\u00f6ttek a v\u00e1rmegyei horg\u00e1szok<\/title>\n<meta name=\"robots\" content=\"index, follow, max-snippet:-1, max-image-preview:large, max-video-preview:-1\" \/>\n<link rel=\"canonical\" href=\"https:\/\/dorogimedence.hu\/index.php\/2025\/07\/23\/rekordot-dontottek-a-varmegyei-horgaszok\/\" class=\"yoast-seo-meta-tag\" \/>\n<meta property=\"og:locale\" content=\"hu_HU\" class=\"yoast-seo-meta-tag\" \/>\n<meta property=\"og:type\" content=\"article\" class=\"yoast-seo-meta-tag\" \/>\n<meta property=\"og:title\" content=\"Rekordot d\u00f6nt\u00f6ttek a v\u00e1rmegyei horg\u00e1szok\" class=\"yoast-seo-meta-tag\" \/>\n<meta property=\"og:description\" content=\"A tatai Cseke-tavon a h\u00e9tv\u00e9g\u00e9n a Kom\u00e1rom-Esztergom V\u00e1rmegyei Horg\u00e1szegyes\u00fcletek Sz\u00f6vets\u00e9ge (KEMHESZ) szervez\u00e9s\u00e9ben be\u00e1ll\u00edtott\u00e1k az orsz\u00e1gos rekordot az \u201eegyszerre, egyid\u0151ben horg\u00e1sz\u00f3 csal\u00e1d\u201d kateg\u00f3ri\u00e1ban \u00e9s a legmagasabb v\u00e1rmegyei horg\u00e1sz elismer\u00e9ssel t\u00fcntett\u00e9k ki Heitz Ferencet, a Tatai \u00d6reg-t\u00f3 Hal\u00e1szati Kft. volt \u00fcgyvezet\u0151j\u00e9t. A versenyben olyan p\u00e1rosok vettek r\u00e9szt, ahol az egyik tag 14 \u00e9v alatti gyermek, a m\u00e1sik\" class=\"yoast-seo-meta-tag\" \/>\n<meta property=\"og:url\" content=\"https:\/\/dorogimedence.hu\/index.php\/2025\/07\/23\/rekordot-dontottek-a-varmegyei-horgaszok\/\" class=\"yoast-seo-meta-tag\" \/>\n<meta property=\"og:site_name\" content=\"Dorogi-medence Region\u00e1lis H\u00edrport\u00e1l\" class=\"yoast-seo-meta-tag\" \/>\n<meta property=\"article:publisher\" content=\"https:\/\/www.facebook.com\/dorogimedence\/\" class=\"yoast-seo-meta-tag\" \/>\n<meta property=\"article:published_time\" content=\"2025-07-23T07:55:24+00:00\" class=\"yoast-seo-meta-tag\" \/>\n<meta property=\"og:image\" content=\"https:\/\/dorogimedence.hu\/wp-content\/uploads\/2025\/07\/horgasz-01-2.jpg\" class=\"yoast-seo-meta-tag\" \/>\n\t<meta property=\"og:image:width\" content=\"1920\" class=\"yoast-seo-meta-tag\" \/>\n\t<meta property=\"og:image:height\" content=\"1101\" class=\"yoast-seo-meta-tag\" \/>\n\t<meta property=\"og:image:type\" content=\"image\/jpeg\" class=\"yoast-seo-meta-tag\" \/>\n<meta name=\"author\" content=\"dorogimedence.hu\" class=\"yoast-seo-meta-tag\" \/>\n<meta name=\"twitter:card\" content=\"summary_large_image\" class=\"yoast-seo-meta-tag\" \/>\n<meta name=\"twitter:label1\" content=\"Szerz\u0151:\" class=\"yoast-seo-meta-tag\" \/>\n\t<meta name=\"twitter:data1\" content=\"dorogimedence.hu\" class=\"yoast-seo-meta-tag\" \/>\n\t<meta name=\"twitter:label2\" content=\"Becs\u00fclt olvas\u00e1si id\u0151\" class=\"yoast-seo-meta-tag\" \/>\n\t<meta name=\"twitter:data2\" content=\"3 perc\" class=\"yoast-seo-meta-tag\" \/>\n<script type=\"application\/ld+json\" class=\"yoast-schema-graph\">{\"@context\":\"https:\\\/\\\/schema.org\",\"@graph\":[{\"@type\":\"Article\",\"@id\":\"https:\\\/\\\/dorogimedence.hu\\\/index.php\\\/2025\\\/07\\\/23\\\/rekordot-dontottek-a-varmegyei-horgaszok\\\/#article\",\"isPartOf\":{\"@id\":\"https:\\\/\\\/dorogimedence.hu\\\/index.php\\\/2025\\\/07\\\/23\\\/rekordot-dontottek-a-varmegyei-horgaszok\\\/\"},\"author\":{\"name\":\"dorogimedence.hu\",\"@id\":\"https:\\\/\\\/dorogimedence.hu\\\/#\\\/schema\\\/person\\\/ce6091eeb7e95ecdc87890d6aa8e0fd4\"},\"headline\":\"Rekordot d\u00f6nt\u00f6ttek a v\u00e1rmegyei horg\u00e1szok\",\"datePublished\":\"2025-07-23T07:55:24+00:00\",\"mainEntityOfPage\":{\"@id\":\"https:\\\/\\\/dorogimedence.hu\\\/index.php\\\/2025\\\/07\\\/23\\\/rekordot-dontottek-a-varmegyei-horgaszok\\\/\"},\"wordCount\":528,\"publisher\":{\"@id\":\"https:\\\/\\\/dorogimedence.hu\\\/#organization\"},\"image\":{\"@id\":\"https:\\\/\\\/dorogimedence.hu\\\/index.php\\\/2025\\\/07\\\/23\\\/rekordot-dontottek-a-varmegyei-horgaszok\\\/#primaryimage\"},\"thumbnailUrl\":\"https:\\\/\\\/dorogimedence.hu\\\/wp-content\\\/uploads\\\/2025\\\/07\\\/horgasz-01-2.jpg\",\"keywords\":[\"horg\u00e1sz\",\"horg\u00e1szat\",\"KEMHESZ\",\"Kom\u00e1rom-Esztergom v\u00e1rmegye\"],\"articleSection\":[\"H\u00edrek\",\"Kom\u00e1rom-Esztergom\",\"Sport\"],\"inLanguage\":\"hu\"},{\"@type\":\"WebPage\",\"@id\":\"https:\\\/\\\/dorogimedence.hu\\\/index.php\\\/2025\\\/07\\\/23\\\/rekordot-dontottek-a-varmegyei-horgaszok\\\/\",\"url\":\"https:\\\/\\\/dorogimedence.hu\\\/index.php\\\/2025\\\/07\\\/23\\\/rekordot-dontottek-a-varmegyei-horgaszok\\\/\",\"name\":\"Rekordot d\u00f6nt\u00f6ttek a v\u00e1rmegyei horg\u00e1szok\",\"isPartOf\":{\"@id\":\"https:\\\/\\\/dorogimedence.hu\\\/#website\"},\"primaryImageOfPage\":{\"@id\":\"https:\\\/\\\/dorogimedence.hu\\\/index.php\\\/2025\\\/07\\\/23\\\/rekordot-dontottek-a-varmegyei-horgaszok\\\/#primaryimage\"},\"image\":{\"@id\":\"https:\\\/\\\/dorogimedence.hu\\\/index.php\\\/2025\\\/07\\\/23\\\/rekordot-dontottek-a-varmegyei-horgaszok\\\/#primaryimage\"},\"thumbnailUrl\":\"https:\\\/\\\/dorogimedence.hu\\\/wp-content\\\/uploads\\\/2025\\\/07\\\/horgasz-01-2.jpg\",\"datePublished\":\"2025-07-23T07:55:24+00:00\",\"breadcrumb\":{\"@id\":\"https:\\\/\\\/dorogimedence.hu\\\/index.php\\\/2025\\\/07\\\/23\\\/rekordot-dontottek-a-varmegyei-horgaszok\\\/#breadcrumb\"},\"inLanguage\":\"hu\",\"potentialAction\":[{\"@type\":\"ReadAction\",\"target\":[\"https:\\\/\\\/dorogimedence.hu\\\/index.php\\\/2025\\\/07\\\/23\\\/rekordot-dontottek-a-varmegyei-horgaszok\\\/\"]}]},{\"@type\":\"ImageObject\",\"inLanguage\":\"hu\",\"@id\":\"https:\\\/\\\/dorogimedence.hu\\\/index.php\\\/2025\\\/07\\\/23\\\/rekordot-dontottek-a-varmegyei-horgaszok\\\/#primaryimage\",\"url\":\"https:\\\/\\\/dorogimedence.hu\\\/wp-content\\\/uploads\\\/2025\\\/07\\\/horgasz-01-2.jpg\",\"contentUrl\":\"https:\\\/\\\/dorogimedence.hu\\\/wp-content\\\/uploads\\\/2025\\\/07\\\/horgasz-01-2.jpg\",\"width\":1920,\"height\":1101},{\"@type\":\"BreadcrumbList\",\"@id\":\"https:\\\/\\\/dorogimedence.hu\\\/index.php\\\/2025\\\/07\\\/23\\\/rekordot-dontottek-a-varmegyei-horgaszok\\\/#breadcrumb\",\"itemListElement\":[{\"@type\":\"ListItem\",\"position\":1,\"name\":\"Kezd\u0151lap\",\"item\":\"https:\\\/\\\/dorogimedence.hu\\\/\"},{\"@type\":\"ListItem\",\"position\":2,\"name\":\"Rekordot d\u00f6nt\u00f6ttek a v\u00e1rmegyei horg\u00e1szok\"}]},{\"@type\":\"WebSite\",\"@id\":\"https:\\\/\\\/dorogimedence.hu\\\/#website\",\"url\":\"https:\\\/\\\/dorogimedence.hu\\\/\",\"name\":\"Dorogi-medence Region\u00e1lis H\u00edrport\u00e1l\",\"description\":\"Dorog, Keszt\u00f6lc, Le\u00e1nyv\u00e1r, Piliscs\u00e9v, Tokod, Tokodalt\u00e1r\u00f3, Csolnok, Esztergom-kertv\u00e1ros: h\u00edrek, programok\",\"publisher\":{\"@id\":\"https:\\\/\\\/dorogimedence.hu\\\/#organization\"},\"potentialAction\":[{\"@type\":\"SearchAction\",\"target\":{\"@type\":\"EntryPoint\",\"urlTemplate\":\"https:\\\/\\\/dorogimedence.hu\\\/?s={search_term_string}\"},\"query-input\":{\"@type\":\"PropertyValueSpecification\",\"valueRequired\":true,\"valueName\":\"search_term_string\"}}],\"inLanguage\":\"hu\"},{\"@type\":\"Organization\",\"@id\":\"https:\\\/\\\/dorogimedence.hu\\\/#organization\",\"name\":\"Dorogi-medence Region\u00e1lis H\u00edrport\u00e1l\",\"url\":\"https:\\\/\\\/dorogimedence.hu\\\/\",\"logo\":{\"@type\":\"ImageObject\",\"inLanguage\":\"hu\",\"@id\":\"https:\\\/\\\/dorogimedence.hu\\\/#\\\/schema\\\/logo\\\/image\\\/\",\"url\":\"https:\\\/\\\/dorogimedence.hu\\\/wp-content\\\/uploads\\\/2021\\\/04\\\/logo-feher-600.png\",\"contentUrl\":\"https:\\\/\\\/dorogimedence.hu\\\/wp-content\\\/uploads\\\/2021\\\/04\\\/logo-feher-600.png\",\"width\":600,\"height\":100,\"caption\":\"Dorogi-medence Region\u00e1lis H\u00edrport\u00e1l\"},\"image\":{\"@id\":\"https:\\\/\\\/dorogimedence.hu\\\/#\\\/schema\\\/logo\\\/image\\\/\"},\"sameAs\":[\"https:\\\/\\\/www.facebook.com\\\/dorogimedence\\\/\"]},{\"@type\":\"Person\",\"@id\":\"https:\\\/\\\/dorogimedence.hu\\\/#\\\/schema\\\/person\\\/ce6091eeb7e95ecdc87890d6aa8e0fd4\",\"name\":\"dorogimedence.hu\",\"image\":{\"@type\":\"ImageObject\",\"inLanguage\":\"hu\",\"@id\":\"\\\/\\\/www.gravatar.com\\\/avatar\\\/d8d45f8901aadff40a4af72c0b826f1d?s=96&#038;r=g&#038;d=mm\",\"url\":\"\\\/\\\/www.gravatar.com\\\/avatar\\\/d8d45f8901aadff40a4af72c0b826f1d?s=96&#038;r=g&#038;d=mm\",\"contentUrl\":\"\\\/\\\/www.gravatar.com\\\/avatar\\\/d8d45f8901aadff40a4af72c0b826f1d?s=96&#038;r=g&#038;d=mm\",\"caption\":\"dorogimedence.hu\"}}]}<\/script>\n<!-- \/ Yoast SEO plugin. -->","yoast_head_json":{"title":"Rekordot d\u00f6nt\u00f6ttek a v\u00e1rmegyei horg\u00e1szok","robots":{"index":"index","follow":"follow","max-snippet":"max-snippet:-1","max-image-preview":"max-image-preview:large","max-video-preview":"max-video-preview:-1"},"canonical":"https:\/\/dorogimedence.hu\/index.php\/2025\/07\/23\/rekordot-dontottek-a-varmegyei-horgaszok\/","og_locale":"hu_HU","og_type":"article","og_title":"Rekordot d\u00f6nt\u00f6ttek a v\u00e1rmegyei horg\u00e1szok","og_description":"A tatai Cseke-tavon a h\u00e9tv\u00e9g\u00e9n a Kom\u00e1rom-Esztergom V\u00e1rmegyei Horg\u00e1szegyes\u00fcletek Sz\u00f6vets\u00e9ge (KEMHESZ) szervez\u00e9s\u00e9ben be\u00e1ll\u00edtott\u00e1k az orsz\u00e1gos rekordot az \u201eegyszerre, egyid\u0151ben horg\u00e1sz\u00f3 csal\u00e1d\u201d kateg\u00f3ri\u00e1ban \u00e9s a legmagasabb v\u00e1rmegyei horg\u00e1sz elismer\u00e9ssel t\u00fcntett\u00e9k ki Heitz Ferencet, a Tatai \u00d6reg-t\u00f3 Hal\u00e1szati Kft. volt \u00fcgyvezet\u0151j\u00e9t. A versenyben olyan p\u00e1rosok vettek r\u00e9szt, ahol az egyik tag 14 \u00e9v alatti gyermek, a m\u00e1sik","og_url":"https:\/\/dorogimedence.hu\/index.php\/2025\/07\/23\/rekordot-dontottek-a-varmegyei-horgaszok\/","og_site_name":"Dorogi-medence Region\u00e1lis H\u00edrport\u00e1l","article_publisher":"https:\/\/www.facebook.com\/dorogimedence\/","article_published_time":"2025-07-23T07:55:24+00:00","og_image":[{"width":1920,"height":1101,"url":"https:\/\/dorogimedence.hu\/wp-content\/uploads\/2025\/07\/horgasz-01-2.jpg","type":"image\/jpeg"}],"author":"dorogimedence.hu","twitter_card":"summary_large_image","twitter_misc":{"Szerz\u0151:":"dorogimedence.hu","Becs\u00fclt olvas\u00e1si id\u0151":"3 perc"},"schema":{"@context":"https:\/\/schema.org","@graph":[{"@type":"Article","@id":"https:\/\/dorogimedence.hu\/index.php\/2025\/07\/23\/rekordot-dontottek-a-varmegyei-horgaszok\/#article","isPartOf":{"@id":"https:\/\/dorogimedence.hu\/index.php\/2025\/07\/23\/rekordot-dontottek-a-varmegyei-horgaszok\/"},"author":{"name":"dorogimedence.hu","@id":"https:\/\/dorogimedence.hu\/#\/schema\/person\/ce6091eeb7e95ecdc87890d6aa8e0fd4"},"headline":"Rekordot d\u00f6nt\u00f6ttek a v\u00e1rmegyei horg\u00e1szok","datePublished":"2025-07-23T07:55:24+00:00","mainEntityOfPage":{"@id":"https:\/\/dorogimedence.hu\/index.php\/2025\/07\/23\/rekordot-dontottek-a-varmegyei-horgaszok\/"},"wordCount":528,"publisher":{"@id":"https:\/\/dorogimedence.hu\/#organization"},"image":{"@id":"https:\/\/dorogimedence.hu\/index.php\/2025\/07\/23\/rekordot-dontottek-a-varmegyei-horgaszok\/#primaryimage"},"thumbnailUrl":"https:\/\/dorogimedence.hu\/wp-content\/uploads\/2025\/07\/horgasz-01-2.jpg","keywords":["horg\u00e1sz","horg\u00e1szat","KEMHESZ","Kom\u00e1rom-Esztergom v\u00e1rmegye"],"articleSection":["H\u00edrek","Kom\u00e1rom-Esztergom","Sport"],"inLanguage":"hu"},{"@type":"WebPage","@id":"https:\/\/dorogimedence.hu\/index.php\/2025\/07\/23\/rekordot-dontottek-a-varmegyei-horgaszok\/","url":"https:\/\/dorogimedence.hu\/index.php\/2025\/07\/23\/rekordot-dontottek-a-varmegyei-horgaszok\/","name":"Rekordot d\u00f6nt\u00f6ttek a v\u00e1rmegyei horg\u00e1szok","isPartOf":{"@id":"https:\/\/dorogimedence.hu\/#website"},"primaryImageOfPage":{"@id":"https:\/\/dorogimedence.hu\/index.php\/2025\/07\/23\/rekordot-dontottek-a-varmegyei-horgaszok\/#primaryimage"},"image":{"@id":"https:\/\/dorogimedence.hu\/index.php\/2025\/07\/23\/rekordot-dontottek-a-varmegyei-horgaszok\/#primaryimage"},"thumbnailUrl":"https:\/\/dorogimedence.hu\/wp-content\/uploads\/2025\/07\/horgasz-01-2.jpg","datePublished":"2025-07-23T07:55:24+00:00","breadcrumb":{"@id":"https:\/\/dorogimedence.hu\/index.php\/2025\/07\/23\/rekordot-dontottek-a-varmegyei-horgaszok\/#breadcrumb"},"inLanguage":"hu","potentialAction":[{"@type":"ReadAction","target":["https:\/\/dorogimedence.hu\/index.php\/2025\/07\/23\/rekordot-dontottek-a-varmegyei-horgaszok\/"]}]},{"@type":"ImageObject","inLanguage":"hu","@id":"https:\/\/dorogimedence.hu\/index.php\/2025\/07\/23\/rekordot-dontottek-a-varmegyei-horgaszok\/#primaryimage","url":"https:\/\/dorogimedence.hu\/wp-content\/uploads\/2025\/07\/horgasz-01-2.jpg","contentUrl":"https:\/\/dorogimedence.hu\/wp-content\/uploads\/2025\/07\/horgasz-01-2.jpg","width":1920,"height":1101},{"@type":"BreadcrumbList","@id":"https:\/\/dorogimedence.hu\/index.php\/2025\/07\/23\/rekordot-dontottek-a-varmegyei-horgaszok\/#breadcrumb","itemListElement":[{"@type":"ListItem","position":1,"name":"Kezd\u0151lap","item":"https:\/\/dorogimedence.hu\/"},{"@type":"ListItem","position":2,"name":"Rekordot d\u00f6nt\u00f6ttek a v\u00e1rmegyei horg\u00e1szok"}]},{"@type":"WebSite","@id":"https:\/\/dorogimedence.hu\/#website","url":"https:\/\/dorogimedence.hu\/","name":"Dorogi-medence Region\u00e1lis H\u00edrport\u00e1l","description":"Dorog, Keszt\u00f6lc, Le\u00e1nyv\u00e1r, Piliscs\u00e9v, Tokod, Tokodalt\u00e1r\u00f3, Csolnok, Esztergom-kertv\u00e1ros: h\u00edrek, programok","publisher":{"@id":"https:\/\/dorogimedence.hu\/#organization"},"potentialAction":[{"@type":"SearchAction","target":{"@type":"EntryPoint","urlTemplate":"https:\/\/dorogimedence.hu\/?s={search_term_string}"},"query-input":{"@type":"PropertyValueSpecification","valueRequired":true,"valueName":"search_term_string"}}],"inLanguage":"hu"},{"@type":"Organization","@id":"https:\/\/dorogimedence.hu\/#organization","name":"Dorogi-medence Region\u00e1lis H\u00edrport\u00e1l","url":"https:\/\/dorogimedence.hu\/","logo":{"@type":"ImageObject","inLanguage":"hu","@id":"https:\/\/dorogimedence.hu\/#\/schema\/logo\/image\/","url":"https:\/\/dorogimedence.hu\/wp-content\/uploads\/2021\/04\/logo-feher-600.png","contentUrl":"https:\/\/dorogimedence.hu\/wp-content\/uploads\/2021\/04\/logo-feher-600.png","width":600,"height":100,"caption":"Dorogi-medence Region\u00e1lis H\u00edrport\u00e1l"},"image":{"@id":"https:\/\/dorogimedence.hu\/#\/schema\/logo\/image\/"},"sameAs":["https:\/\/www.facebook.com\/dorogimedence\/"]},{"@type":"Person","@id":"https:\/\/dorogimedence.hu\/#\/schema\/person\/ce6091eeb7e95ecdc87890d6aa8e0fd4","name":"dorogimedence.hu","image":{"@type":"ImageObject","inLanguage":"hu","@id":"\/\/www.gravatar.com\/avatar\/d8d45f8901aadff40a4af72c0b826f1d?s=96&#038;r=g&#038;d=mm","url":"\/\/www.gravatar.com\/avatar\/d8d45f8901aadff40a4af72c0b826f1d?s=96&#038;r=g&#038;d=mm","contentUrl":"\/\/www.gravatar.com\/avatar\/d8d45f8901aadff40a4af72c0b826f1d?s=96&#038;r=g&#038;d=mm","caption":"dorogimedence.hu"}}]}},"_links":{"self":[{"href":"https:\/\/dorogimedence.hu\/index.php\/wp-json\/wp\/v2\/posts\/72945","targetHints":{"allow":["GET"]}}],"collection":[{"href":"https:\/\/dorogimedence.hu\/index.php\/wp-json\/wp\/v2\/posts"}],"about":[{"href":"https:\/\/dorogimedence.hu\/index.php\/wp-json\/wp\/v2\/types\/post"}],"author":[{"embeddable":true,"href":"https:\/\/dorogimedence.hu\/index.php\/wp-json\/wp\/v2\/users\/1"}],"replies":[{"embeddable":true,"href":"https:\/\/dorogimedence.hu\/index.php\/wp-json\/wp\/v2\/comments?post=72945"}],"version-history":[{"count":0,"href":"https:\/\/dorogimedence.hu\/index.php\/wp-json\/wp\/v2\/posts\/72945\/revisions"}],"wp:featuredmedia":[{"embeddable":true,"href":"https:\/\/dorogimedence.hu\/index.php\/wp-json\/wp\/v2\/media\/72946"}],"wp:attachment":[{"href":"https:\/\/dorogimedence.hu\/index.php\/wp-json\/wp\/v2\/media?parent=72945"}],"wp:term":[{"taxonomy":"category","embeddable":true,"href":"https:\/\/dorogimedence.hu\/index.php\/wp-json\/wp\/v2\/categories?post=72945"},{"taxonomy":"post_tag","embeddable":true,"href":"https:\/\/dorogimedence.hu\/index.php\/wp-json\/wp\/v2\/tags?post=72945"}],"curies":[{"name":"wp","href":"https:\/\/api.w.org\/{rel}","templated":true}]}}