{"id":72933,"date":"2025-07-22T11:25:54","date_gmt":"2025-07-22T09:25:54","guid":{"rendered":"https:\/\/dorogimedence.hu\/?p=72933"},"modified":"2025-07-22T11:25:54","modified_gmt":"2025-07-22T09:25:54","slug":"penteken-nyitja-meg-kapuit-a-nyergesgorpark","status":"publish","type":"post","link":"https:\/\/dorogimedence.hu\/index.php\/2025\/07\/22\/penteken-nyitja-meg-kapuit-a-nyergesgorpark\/","title":{"rendered":"P\u00e9nteken nyitja meg kapuit a NyergesG\u00f6rpark"},"content":{"rendered":"<p><strong>A Nyerges\u00fajfalu V\u00e1ros \u00d6nkorm\u00e1nyzat \u00e1ltal v\u00e1llalt \u00f6nr\u00e9sz \u00e9s az Akt\u00edv Magyarorsz\u00e1g p\u00e1ly\u00e1zati t\u00e1mogat\u00e1sa (50-50%) r\u00e9v\u00e9n hivatalosan is megny\u00edlik a v\u00e1ros leg\u00fajabb sport- \u00e9s szabadid\u0151s l\u00e9tes\u00edtm\u00e9nye, a NyergesG\u00f6rpark. Kor\u00e1bban hasonl\u00f3 p\u00e1lya volt a ter\u00fcleten, ami azonban id\u0151vel elhaszn\u00e1l\u00f3dott. Most egy ink\u00e1bb t\u00f6megsportra alkalmas park sz\u00fcletett<\/strong> <em>&#8211; k\u00f6z\u00f6lte a telep\u00fcl\u00e9s \u00f6nkorm\u00e1nyzata a <a href=\"https:\/\/www.facebook.com\/egykisnyerges\/posts\/pfbid0BCeSVXwVdEtr6KNtkeUezZdxy2HnyzPSP1MLEaMUgngmcVDQuy7YF9pEjwLGxc7Bl\" target=\"_blank\" rel=\"noopener\"><span style=\"text-decoration: underline; color: #0000ff;\">k\u00f6z\u00f6ss\u00e9gi oldal\u00e1n<\/span><\/a>.<\/em><\/p>\n<p>A p\u00e1lya \u00e9p\u00edt\u00e9se 2025. \u00e1prilis 1-j\u00e9n kezd\u0151d\u00f6tt, \u00e9s 2025. j\u00fanius 30-\u00e1n fejez\u0151d\u00f6tt be, az\u00f3ta ki\u00e9p\u00fclt a LED-es vil\u00e1g\u00edt\u00e1s is. A 600 m2 alapter\u00fclet\u0171 p\u00e1lya korszer\u0171 elemekkel \u2013 ugrat\u00f3k, r\u00e1mp\u00e1k, korl\u00e1tok \u2013 lett felszerelve, amelyeket profi tervez\u0151k \u00e9s sportol\u00f3k bevon\u00e1s\u00e1val alak\u00edtottak ki. A p\u00e1lyaelemek k\u00f6z\u00f6tt megtal\u00e1lhat\u00f3 egy t\u0171zcsap is, amely a g\u00f6rdeszk\u00e1z\u00e1s gy\u00f6kereire utal. A NyergesG\u00f6rpark k\u00f6rnyezete is meg\u00fajult, padokkal, iv\u00f3kutakkal, \u00e1rny\u00e9kos pihen\u0151r\u00e9szekkel v\u00e1rja a l\u00e1togat\u00f3kat.<\/p>\n<p><img fetchpriority=\"high\" decoding=\"async\" class=\"alignnone size-full wp-image-72935\" src=\"https:\/\/dorogimedence.hu\/wp-content\/uploads\/2025\/07\/gorpark.jpg\" alt=\"\" width=\"2048\" height=\"1144\" srcset=\"https:\/\/dorogimedence.hu\/wp-content\/uploads\/2025\/07\/gorpark.jpg 2048w, https:\/\/dorogimedence.hu\/wp-content\/uploads\/2025\/07\/gorpark-600x335.jpg 600w, https:\/\/dorogimedence.hu\/wp-content\/uploads\/2025\/07\/gorpark-1920x1073.jpg 1920w, https:\/\/dorogimedence.hu\/wp-content\/uploads\/2025\/07\/gorpark-768x429.jpg 768w, https:\/\/dorogimedence.hu\/wp-content\/uploads\/2025\/07\/gorpark-1536x858.jpg 1536w, https:\/\/dorogimedence.hu\/wp-content\/uploads\/2025\/07\/gorpark-150x84.jpg 150w, https:\/\/dorogimedence.hu\/wp-content\/uploads\/2025\/07\/gorpark-450x251.jpg 450w, https:\/\/dorogimedence.hu\/wp-content\/uploads\/2025\/07\/gorpark-1200x670.jpg 1200w\" sizes=\"(max-width: 2048px) 100vw, 2048px\" \/><\/p>\n<p>A l\u00e9tes\u00edtm\u00e9ny megfelel a biztons\u00e1gi el\u0151\u00edr\u00e1soknak, \u00e9s eg\u00e9sz \u00e9vben korl\u00e1tlanul nyitva tart, mivel nincs kapu, a ki\u00e9p\u00edtett vil\u00e1g\u00edt\u00e1snak k\u00f6sz\u00f6nhet\u0151en esti \u00f3r\u00e1kban is haszn\u00e1lhat\u00f3 lesz. Az \u00faj l\u00e9tes\u00edtm\u00e9ny nemcsak a g\u00f6rdeszk\u00e1sok, BMX-esek \u00e9s rolleresek sz\u00e1m\u00e1ra k\u00edn\u00e1l modern \u00e9s biztons\u00e1gos helysz\u00ednt a gyakorl\u00e1shoz, hanem k\u00f6z\u00f6ss\u00e9gi t\u00e9rk\u00e9nt is szolg\u00e1l majd.<\/p>\n<p><strong>A g\u00f6rpark \u00fcnnep\u00e9lyes megnyit\u00f3j\u00e1nak id\u0151pontja: 2025. j\u00falius 25. p\u00e9nteken 16 \u00f3ra \u2013 Nyerges\u00fajfalu, T\u00f3 utca. <\/strong>A megnyit\u00f3n lehet\u0151s\u00e9g lesz megtekinteni helyi \u00e9s k\u00f6rny\u00e9kbeli sportol\u00f3k bemutat\u00f3j\u00e1t, \u00e9s kipr\u00f3b\u00e1lni a p\u00e1ly\u00e1t.<\/p>\n<p>Kivitelez\u0151k, m\u0171szaki ellen\u0151r:<br \/>\nG\u00f6rpark &#8211; T\u00fcnd\u00e9rkert &#8217;97 Kft.<br \/>\nVil\u00e1g\u00edt\u00e1s &#8211; F\u00e9nysport Lux Kft.<br \/>\nM\u0171szaki ellen\u0151r &#8211; Hertlik Istv\u00e1n<\/p>\n<p><em>Fot\u00f3k, forr\u00e1s: Nyerges\u00fajfalu V\u00e1ros \u00d6nkorm\u00e1nyzat\u00e1nak Facebook-oldala<\/em><\/p>\n","protected":false},"excerpt":{"rendered":"<p>A Nyerges\u00fajfalu V\u00e1ros \u00d6nkorm\u00e1nyzat \u00e1ltal v\u00e1llalt \u00f6nr\u00e9sz \u00e9s az Akt\u00edv Magyarorsz\u00e1g p\u00e1ly\u00e1zati t\u00e1mogat\u00e1sa (50-50%) r\u00e9v\u00e9n hivatalosan is megny\u00edlik a v\u00e1ros leg\u00fajabb sport- \u00e9s szabadid\u0151s l\u00e9tes\u00edtm\u00e9nye, a NyergesG\u00f6rpark. Kor\u00e1bban hasonl\u00f3 p\u00e1lya volt a ter\u00fcleten, ami azonban id\u0151vel elhaszn\u00e1l\u00f3dott. Most egy ink\u00e1bb t\u00f6megsportra alkalmas park sz\u00fcletett &#8211; k\u00f6z\u00f6lte a telep\u00fcl\u00e9s \u00f6nkorm\u00e1nyzata a k\u00f6z\u00f6ss\u00e9gi oldal\u00e1n. A p\u00e1lya \u00e9p\u00edt\u00e9se<\/p>\n","protected":false},"author":1,"featured_media":72934,"comment_status":"closed","ping_status":"closed","sticky":false,"template":"","format":"standard","meta":{"ngg_post_thumbnail":0,"footnotes":""},"categories":[3,1390],"tags":[5624,7372,8478,140],"class_list":{"0":"post-72933","1":"post","2":"type-post","3":"status-publish","4":"format-standard","5":"has-post-thumbnail","7":"category-hirek","8":"category-nyergesujfalu","9":"tag-featured","10":"tag-gorpark","11":"tag-nyergesgorpark","12":"tag-nyergesujfalu"},"yoast_head":"<!-- This site is optimized with the Yoast SEO plugin v27.4 - https:\/\/yoast.com\/product\/yoast-seo-wordpress\/ -->\n<title>P\u00e9nteken nyitja meg kapuit a NyergesG\u00f6rpark<\/title>\n<meta name=\"robots\" content=\"index, follow, max-snippet:-1, max-image-preview:large, max-video-preview:-1\" \/>\n<link rel=\"canonical\" href=\"https:\/\/dorogimedence.hu\/index.php\/2025\/07\/22\/penteken-nyitja-meg-kapuit-a-nyergesgorpark\/\" class=\"yoast-seo-meta-tag\" \/>\n<meta property=\"og:locale\" content=\"hu_HU\" class=\"yoast-seo-meta-tag\" \/>\n<meta property=\"og:type\" content=\"article\" class=\"yoast-seo-meta-tag\" \/>\n<meta property=\"og:title\" content=\"P\u00e9nteken nyitja meg kapuit a NyergesG\u00f6rpark\" class=\"yoast-seo-meta-tag\" \/>\n<meta property=\"og:description\" content=\"A Nyerges\u00fajfalu V\u00e1ros \u00d6nkorm\u00e1nyzat \u00e1ltal v\u00e1llalt \u00f6nr\u00e9sz \u00e9s az Akt\u00edv Magyarorsz\u00e1g p\u00e1ly\u00e1zati t\u00e1mogat\u00e1sa (50-50%) r\u00e9v\u00e9n hivatalosan is megny\u00edlik a v\u00e1ros leg\u00fajabb sport- \u00e9s szabadid\u0151s l\u00e9tes\u00edtm\u00e9nye, a NyergesG\u00f6rpark. Kor\u00e1bban hasonl\u00f3 p\u00e1lya volt a ter\u00fcleten, ami azonban id\u0151vel elhaszn\u00e1l\u00f3dott. Most egy ink\u00e1bb t\u00f6megsportra alkalmas park sz\u00fcletett &#8211; k\u00f6z\u00f6lte a telep\u00fcl\u00e9s \u00f6nkorm\u00e1nyzata a k\u00f6z\u00f6ss\u00e9gi oldal\u00e1n. A p\u00e1lya \u00e9p\u00edt\u00e9se\" class=\"yoast-seo-meta-tag\" \/>\n<meta property=\"og:url\" content=\"https:\/\/dorogimedence.hu\/index.php\/2025\/07\/22\/penteken-nyitja-meg-kapuit-a-nyergesgorpark\/\" class=\"yoast-seo-meta-tag\" \/>\n<meta property=\"og:site_name\" content=\"Dorogi-medence Region\u00e1lis H\u00edrport\u00e1l\" class=\"yoast-seo-meta-tag\" \/>\n<meta property=\"article:publisher\" content=\"https:\/\/www.facebook.com\/dorogimedence\/\" class=\"yoast-seo-meta-tag\" \/>\n<meta property=\"article:published_time\" content=\"2025-07-22T09:25:54+00:00\" class=\"yoast-seo-meta-tag\" \/>\n<meta property=\"og:image\" content=\"https:\/\/dorogimedence.hu\/wp-content\/uploads\/2025\/07\/519622539_1055009090114186_683674576566293696_n.jpg\" class=\"yoast-seo-meta-tag\" \/>\n\t<meta property=\"og:image:width\" content=\"2048\" class=\"yoast-seo-meta-tag\" \/>\n\t<meta property=\"og:image:height\" content=\"1536\" class=\"yoast-seo-meta-tag\" \/>\n\t<meta property=\"og:image:type\" content=\"image\/jpeg\" class=\"yoast-seo-meta-tag\" \/>\n<meta name=\"author\" content=\"dorogimedence.hu\" class=\"yoast-seo-meta-tag\" \/>\n<meta name=\"twitter:card\" content=\"summary_large_image\" class=\"yoast-seo-meta-tag\" \/>\n<meta name=\"twitter:label1\" content=\"Szerz\u0151:\" class=\"yoast-seo-meta-tag\" \/>\n\t<meta name=\"twitter:data1\" content=\"dorogimedence.hu\" class=\"yoast-seo-meta-tag\" \/>\n\t<meta name=\"twitter:label2\" content=\"Becs\u00fclt olvas\u00e1si id\u0151\" class=\"yoast-seo-meta-tag\" \/>\n\t<meta name=\"twitter:data2\" content=\"2 perc\" class=\"yoast-seo-meta-tag\" \/>\n<script type=\"application\/ld+json\" class=\"yoast-schema-graph\">{\"@context\":\"https:\\\/\\\/schema.org\",\"@graph\":[{\"@type\":\"Article\",\"@id\":\"https:\\\/\\\/dorogimedence.hu\\\/index.php\\\/2025\\\/07\\\/22\\\/penteken-nyitja-meg-kapuit-a-nyergesgorpark\\\/#article\",\"isPartOf\":{\"@id\":\"https:\\\/\\\/dorogimedence.hu\\\/index.php\\\/2025\\\/07\\\/22\\\/penteken-nyitja-meg-kapuit-a-nyergesgorpark\\\/\"},\"author\":{\"name\":\"dorogimedence.hu\",\"@id\":\"https:\\\/\\\/dorogimedence.hu\\\/#\\\/schema\\\/person\\\/ce6091eeb7e95ecdc87890d6aa8e0fd4\"},\"headline\":\"P\u00e9nteken nyitja meg kapuit a NyergesG\u00f6rpark\",\"datePublished\":\"2025-07-22T09:25:54+00:00\",\"mainEntityOfPage\":{\"@id\":\"https:\\\/\\\/dorogimedence.hu\\\/index.php\\\/2025\\\/07\\\/22\\\/penteken-nyitja-meg-kapuit-a-nyergesgorpark\\\/\"},\"wordCount\":375,\"publisher\":{\"@id\":\"https:\\\/\\\/dorogimedence.hu\\\/#organization\"},\"image\":{\"@id\":\"https:\\\/\\\/dorogimedence.hu\\\/index.php\\\/2025\\\/07\\\/22\\\/penteken-nyitja-meg-kapuit-a-nyergesgorpark\\\/#primaryimage\"},\"thumbnailUrl\":\"https:\\\/\\\/dorogimedence.hu\\\/wp-content\\\/uploads\\\/2025\\\/07\\\/519622539_1055009090114186_683674576566293696_n.jpg\",\"keywords\":[\"featured\",\"g\u00f6rpark\",\"NyergesG\u00f6rpark\",\"Nyerges\u00fajfalu\"],\"articleSection\":[\"H\u00edrek\",\"Nyerges\u00fajfalu\"],\"inLanguage\":\"hu\"},{\"@type\":\"WebPage\",\"@id\":\"https:\\\/\\\/dorogimedence.hu\\\/index.php\\\/2025\\\/07\\\/22\\\/penteken-nyitja-meg-kapuit-a-nyergesgorpark\\\/\",\"url\":\"https:\\\/\\\/dorogimedence.hu\\\/index.php\\\/2025\\\/07\\\/22\\\/penteken-nyitja-meg-kapuit-a-nyergesgorpark\\\/\",\"name\":\"P\u00e9nteken nyitja meg kapuit a NyergesG\u00f6rpark\",\"isPartOf\":{\"@id\":\"https:\\\/\\\/dorogimedence.hu\\\/#website\"},\"primaryImageOfPage\":{\"@id\":\"https:\\\/\\\/dorogimedence.hu\\\/index.php\\\/2025\\\/07\\\/22\\\/penteken-nyitja-meg-kapuit-a-nyergesgorpark\\\/#primaryimage\"},\"image\":{\"@id\":\"https:\\\/\\\/dorogimedence.hu\\\/index.php\\\/2025\\\/07\\\/22\\\/penteken-nyitja-meg-kapuit-a-nyergesgorpark\\\/#primaryimage\"},\"thumbnailUrl\":\"https:\\\/\\\/dorogimedence.hu\\\/wp-content\\\/uploads\\\/2025\\\/07\\\/519622539_1055009090114186_683674576566293696_n.jpg\",\"datePublished\":\"2025-07-22T09:25:54+00:00\",\"breadcrumb\":{\"@id\":\"https:\\\/\\\/dorogimedence.hu\\\/index.php\\\/2025\\\/07\\\/22\\\/penteken-nyitja-meg-kapuit-a-nyergesgorpark\\\/#breadcrumb\"},\"inLanguage\":\"hu\",\"potentialAction\":[{\"@type\":\"ReadAction\",\"target\":[\"https:\\\/\\\/dorogimedence.hu\\\/index.php\\\/2025\\\/07\\\/22\\\/penteken-nyitja-meg-kapuit-a-nyergesgorpark\\\/\"]}]},{\"@type\":\"ImageObject\",\"inLanguage\":\"hu\",\"@id\":\"https:\\\/\\\/dorogimedence.hu\\\/index.php\\\/2025\\\/07\\\/22\\\/penteken-nyitja-meg-kapuit-a-nyergesgorpark\\\/#primaryimage\",\"url\":\"https:\\\/\\\/dorogimedence.hu\\\/wp-content\\\/uploads\\\/2025\\\/07\\\/519622539_1055009090114186_683674576566293696_n.jpg\",\"contentUrl\":\"https:\\\/\\\/dorogimedence.hu\\\/wp-content\\\/uploads\\\/2025\\\/07\\\/519622539_1055009090114186_683674576566293696_n.jpg\",\"width\":2048,\"height\":1536},{\"@type\":\"BreadcrumbList\",\"@id\":\"https:\\\/\\\/dorogimedence.hu\\\/index.php\\\/2025\\\/07\\\/22\\\/penteken-nyitja-meg-kapuit-a-nyergesgorpark\\\/#breadcrumb\",\"itemListElement\":[{\"@type\":\"ListItem\",\"position\":1,\"name\":\"Kezd\u0151lap\",\"item\":\"https:\\\/\\\/dorogimedence.hu\\\/\"},{\"@type\":\"ListItem\",\"position\":2,\"name\":\"P\u00e9nteken nyitja meg kapuit a NyergesG\u00f6rpark\"}]},{\"@type\":\"WebSite\",\"@id\":\"https:\\\/\\\/dorogimedence.hu\\\/#website\",\"url\":\"https:\\\/\\\/dorogimedence.hu\\\/\",\"name\":\"Dorogi-medence Region\u00e1lis H\u00edrport\u00e1l\",\"description\":\"Dorog, Keszt\u00f6lc, Le\u00e1nyv\u00e1r, Piliscs\u00e9v, Tokod, Tokodalt\u00e1r\u00f3, Csolnok, Esztergom-kertv\u00e1ros: h\u00edrek, programok\",\"publisher\":{\"@id\":\"https:\\\/\\\/dorogimedence.hu\\\/#organization\"},\"potentialAction\":[{\"@type\":\"SearchAction\",\"target\":{\"@type\":\"EntryPoint\",\"urlTemplate\":\"https:\\\/\\\/dorogimedence.hu\\\/?s={search_term_string}\"},\"query-input\":{\"@type\":\"PropertyValueSpecification\",\"valueRequired\":true,\"valueName\":\"search_term_string\"}}],\"inLanguage\":\"hu\"},{\"@type\":\"Organization\",\"@id\":\"https:\\\/\\\/dorogimedence.hu\\\/#organization\",\"name\":\"Dorogi-medence Region\u00e1lis H\u00edrport\u00e1l\",\"url\":\"https:\\\/\\\/dorogimedence.hu\\\/\",\"logo\":{\"@type\":\"ImageObject\",\"inLanguage\":\"hu\",\"@id\":\"https:\\\/\\\/dorogimedence.hu\\\/#\\\/schema\\\/logo\\\/image\\\/\",\"url\":\"https:\\\/\\\/dorogimedence.hu\\\/wp-content\\\/uploads\\\/2021\\\/04\\\/logo-feher-600.png\",\"contentUrl\":\"https:\\\/\\\/dorogimedence.hu\\\/wp-content\\\/uploads\\\/2021\\\/04\\\/logo-feher-600.png\",\"width\":600,\"height\":100,\"caption\":\"Dorogi-medence Region\u00e1lis H\u00edrport\u00e1l\"},\"image\":{\"@id\":\"https:\\\/\\\/dorogimedence.hu\\\/#\\\/schema\\\/logo\\\/image\\\/\"},\"sameAs\":[\"https:\\\/\\\/www.facebook.com\\\/dorogimedence\\\/\"]},{\"@type\":\"Person\",\"@id\":\"https:\\\/\\\/dorogimedence.hu\\\/#\\\/schema\\\/person\\\/ce6091eeb7e95ecdc87890d6aa8e0fd4\",\"name\":\"dorogimedence.hu\",\"image\":{\"@type\":\"ImageObject\",\"inLanguage\":\"hu\",\"@id\":\"\\\/\\\/www.gravatar.com\\\/avatar\\\/d8d45f8901aadff40a4af72c0b826f1d?s=96&#038;r=g&#038;d=mm\",\"url\":\"\\\/\\\/www.gravatar.com\\\/avatar\\\/d8d45f8901aadff40a4af72c0b826f1d?s=96&#038;r=g&#038;d=mm\",\"contentUrl\":\"\\\/\\\/www.gravatar.com\\\/avatar\\\/d8d45f8901aadff40a4af72c0b826f1d?s=96&#038;r=g&#038;d=mm\",\"caption\":\"dorogimedence.hu\"}}]}<\/script>\n<!-- \/ Yoast SEO plugin. -->","yoast_head_json":{"title":"P\u00e9nteken nyitja meg kapuit a NyergesG\u00f6rpark","robots":{"index":"index","follow":"follow","max-snippet":"max-snippet:-1","max-image-preview":"max-image-preview:large","max-video-preview":"max-video-preview:-1"},"canonical":"https:\/\/dorogimedence.hu\/index.php\/2025\/07\/22\/penteken-nyitja-meg-kapuit-a-nyergesgorpark\/","og_locale":"hu_HU","og_type":"article","og_title":"P\u00e9nteken nyitja meg kapuit a NyergesG\u00f6rpark","og_description":"A Nyerges\u00fajfalu V\u00e1ros \u00d6nkorm\u00e1nyzat \u00e1ltal v\u00e1llalt \u00f6nr\u00e9sz \u00e9s az Akt\u00edv Magyarorsz\u00e1g p\u00e1ly\u00e1zati t\u00e1mogat\u00e1sa (50-50%) r\u00e9v\u00e9n hivatalosan is megny\u00edlik a v\u00e1ros leg\u00fajabb sport- \u00e9s szabadid\u0151s l\u00e9tes\u00edtm\u00e9nye, a NyergesG\u00f6rpark. Kor\u00e1bban hasonl\u00f3 p\u00e1lya volt a ter\u00fcleten, ami azonban id\u0151vel elhaszn\u00e1l\u00f3dott. Most egy ink\u00e1bb t\u00f6megsportra alkalmas park sz\u00fcletett &#8211; k\u00f6z\u00f6lte a telep\u00fcl\u00e9s \u00f6nkorm\u00e1nyzata a k\u00f6z\u00f6ss\u00e9gi oldal\u00e1n. A p\u00e1lya \u00e9p\u00edt\u00e9se","og_url":"https:\/\/dorogimedence.hu\/index.php\/2025\/07\/22\/penteken-nyitja-meg-kapuit-a-nyergesgorpark\/","og_site_name":"Dorogi-medence Region\u00e1lis H\u00edrport\u00e1l","article_publisher":"https:\/\/www.facebook.com\/dorogimedence\/","article_published_time":"2025-07-22T09:25:54+00:00","og_image":[{"width":2048,"height":1536,"url":"https:\/\/dorogimedence.hu\/wp-content\/uploads\/2025\/07\/519622539_1055009090114186_683674576566293696_n.jpg","type":"image\/jpeg"}],"author":"dorogimedence.hu","twitter_card":"summary_large_image","twitter_misc":{"Szerz\u0151:":"dorogimedence.hu","Becs\u00fclt olvas\u00e1si id\u0151":"2 perc"},"schema":{"@context":"https:\/\/schema.org","@graph":[{"@type":"Article","@id":"https:\/\/dorogimedence.hu\/index.php\/2025\/07\/22\/penteken-nyitja-meg-kapuit-a-nyergesgorpark\/#article","isPartOf":{"@id":"https:\/\/dorogimedence.hu\/index.php\/2025\/07\/22\/penteken-nyitja-meg-kapuit-a-nyergesgorpark\/"},"author":{"name":"dorogimedence.hu","@id":"https:\/\/dorogimedence.hu\/#\/schema\/person\/ce6091eeb7e95ecdc87890d6aa8e0fd4"},"headline":"P\u00e9nteken nyitja meg kapuit a NyergesG\u00f6rpark","datePublished":"2025-07-22T09:25:54+00:00","mainEntityOfPage":{"@id":"https:\/\/dorogimedence.hu\/index.php\/2025\/07\/22\/penteken-nyitja-meg-kapuit-a-nyergesgorpark\/"},"wordCount":375,"publisher":{"@id":"https:\/\/dorogimedence.hu\/#organization"},"image":{"@id":"https:\/\/dorogimedence.hu\/index.php\/2025\/07\/22\/penteken-nyitja-meg-kapuit-a-nyergesgorpark\/#primaryimage"},"thumbnailUrl":"https:\/\/dorogimedence.hu\/wp-content\/uploads\/2025\/07\/519622539_1055009090114186_683674576566293696_n.jpg","keywords":["featured","g\u00f6rpark","NyergesG\u00f6rpark","Nyerges\u00fajfalu"],"articleSection":["H\u00edrek","Nyerges\u00fajfalu"],"inLanguage":"hu"},{"@type":"WebPage","@id":"https:\/\/dorogimedence.hu\/index.php\/2025\/07\/22\/penteken-nyitja-meg-kapuit-a-nyergesgorpark\/","url":"https:\/\/dorogimedence.hu\/index.php\/2025\/07\/22\/penteken-nyitja-meg-kapuit-a-nyergesgorpark\/","name":"P\u00e9nteken nyitja meg kapuit a NyergesG\u00f6rpark","isPartOf":{"@id":"https:\/\/dorogimedence.hu\/#website"},"primaryImageOfPage":{"@id":"https:\/\/dorogimedence.hu\/index.php\/2025\/07\/22\/penteken-nyitja-meg-kapuit-a-nyergesgorpark\/#primaryimage"},"image":{"@id":"https:\/\/dorogimedence.hu\/index.php\/2025\/07\/22\/penteken-nyitja-meg-kapuit-a-nyergesgorpark\/#primaryimage"},"thumbnailUrl":"https:\/\/dorogimedence.hu\/wp-content\/uploads\/2025\/07\/519622539_1055009090114186_683674576566293696_n.jpg","datePublished":"2025-07-22T09:25:54+00:00","breadcrumb":{"@id":"https:\/\/dorogimedence.hu\/index.php\/2025\/07\/22\/penteken-nyitja-meg-kapuit-a-nyergesgorpark\/#breadcrumb"},"inLanguage":"hu","potentialAction":[{"@type":"ReadAction","target":["https:\/\/dorogimedence.hu\/index.php\/2025\/07\/22\/penteken-nyitja-meg-kapuit-a-nyergesgorpark\/"]}]},{"@type":"ImageObject","inLanguage":"hu","@id":"https:\/\/dorogimedence.hu\/index.php\/2025\/07\/22\/penteken-nyitja-meg-kapuit-a-nyergesgorpark\/#primaryimage","url":"https:\/\/dorogimedence.hu\/wp-content\/uploads\/2025\/07\/519622539_1055009090114186_683674576566293696_n.jpg","contentUrl":"https:\/\/dorogimedence.hu\/wp-content\/uploads\/2025\/07\/519622539_1055009090114186_683674576566293696_n.jpg","width":2048,"height":1536},{"@type":"BreadcrumbList","@id":"https:\/\/dorogimedence.hu\/index.php\/2025\/07\/22\/penteken-nyitja-meg-kapuit-a-nyergesgorpark\/#breadcrumb","itemListElement":[{"@type":"ListItem","position":1,"name":"Kezd\u0151lap","item":"https:\/\/dorogimedence.hu\/"},{"@type":"ListItem","position":2,"name":"P\u00e9nteken nyitja meg kapuit a NyergesG\u00f6rpark"}]},{"@type":"WebSite","@id":"https:\/\/dorogimedence.hu\/#website","url":"https:\/\/dorogimedence.hu\/","name":"Dorogi-medence Region\u00e1lis H\u00edrport\u00e1l","description":"Dorog, Keszt\u00f6lc, Le\u00e1nyv\u00e1r, Piliscs\u00e9v, Tokod, Tokodalt\u00e1r\u00f3, Csolnok, Esztergom-kertv\u00e1ros: h\u00edrek, programok","publisher":{"@id":"https:\/\/dorogimedence.hu\/#organization"},"potentialAction":[{"@type":"SearchAction","target":{"@type":"EntryPoint","urlTemplate":"https:\/\/dorogimedence.hu\/?s={search_term_string}"},"query-input":{"@type":"PropertyValueSpecification","valueRequired":true,"valueName":"search_term_string"}}],"inLanguage":"hu"},{"@type":"Organization","@id":"https:\/\/dorogimedence.hu\/#organization","name":"Dorogi-medence Region\u00e1lis H\u00edrport\u00e1l","url":"https:\/\/dorogimedence.hu\/","logo":{"@type":"ImageObject","inLanguage":"hu","@id":"https:\/\/dorogimedence.hu\/#\/schema\/logo\/image\/","url":"https:\/\/dorogimedence.hu\/wp-content\/uploads\/2021\/04\/logo-feher-600.png","contentUrl":"https:\/\/dorogimedence.hu\/wp-content\/uploads\/2021\/04\/logo-feher-600.png","width":600,"height":100,"caption":"Dorogi-medence Region\u00e1lis H\u00edrport\u00e1l"},"image":{"@id":"https:\/\/dorogimedence.hu\/#\/schema\/logo\/image\/"},"sameAs":["https:\/\/www.facebook.com\/dorogimedence\/"]},{"@type":"Person","@id":"https:\/\/dorogimedence.hu\/#\/schema\/person\/ce6091eeb7e95ecdc87890d6aa8e0fd4","name":"dorogimedence.hu","image":{"@type":"ImageObject","inLanguage":"hu","@id":"\/\/www.gravatar.com\/avatar\/d8d45f8901aadff40a4af72c0b826f1d?s=96&#038;r=g&#038;d=mm","url":"\/\/www.gravatar.com\/avatar\/d8d45f8901aadff40a4af72c0b826f1d?s=96&#038;r=g&#038;d=mm","contentUrl":"\/\/www.gravatar.com\/avatar\/d8d45f8901aadff40a4af72c0b826f1d?s=96&#038;r=g&#038;d=mm","caption":"dorogimedence.hu"}}]}},"_links":{"self":[{"href":"https:\/\/dorogimedence.hu\/index.php\/wp-json\/wp\/v2\/posts\/72933","targetHints":{"allow":["GET"]}}],"collection":[{"href":"https:\/\/dorogimedence.hu\/index.php\/wp-json\/wp\/v2\/posts"}],"about":[{"href":"https:\/\/dorogimedence.hu\/index.php\/wp-json\/wp\/v2\/types\/post"}],"author":[{"embeddable":true,"href":"https:\/\/dorogimedence.hu\/index.php\/wp-json\/wp\/v2\/users\/1"}],"replies":[{"embeddable":true,"href":"https:\/\/dorogimedence.hu\/index.php\/wp-json\/wp\/v2\/comments?post=72933"}],"version-history":[{"count":0,"href":"https:\/\/dorogimedence.hu\/index.php\/wp-json\/wp\/v2\/posts\/72933\/revisions"}],"wp:featuredmedia":[{"embeddable":true,"href":"https:\/\/dorogimedence.hu\/index.php\/wp-json\/wp\/v2\/media\/72934"}],"wp:attachment":[{"href":"https:\/\/dorogimedence.hu\/index.php\/wp-json\/wp\/v2\/media?parent=72933"}],"wp:term":[{"taxonomy":"category","embeddable":true,"href":"https:\/\/dorogimedence.hu\/index.php\/wp-json\/wp\/v2\/categories?post=72933"},{"taxonomy":"post_tag","embeddable":true,"href":"https:\/\/dorogimedence.hu\/index.php\/wp-json\/wp\/v2\/tags?post=72933"}],"curies":[{"name":"wp","href":"https:\/\/api.w.org\/{rel}","templated":true}]}}