{"id":72906,"date":"2025-07-21T14:02:26","date_gmt":"2025-07-21T12:02:26","guid":{"rendered":"https:\/\/dorogimedence.hu\/?p=72906"},"modified":"2025-07-21T14:02:26","modified_gmt":"2025-07-21T12:02:26","slug":"esztergomba-vezetett-a-szeged-csanadi-egyhazmegye-idei-apa-fiu-zarandoklata","status":"publish","type":"post","link":"https:\/\/dorogimedence.hu\/index.php\/2025\/07\/21\/esztergomba-vezetett-a-szeged-csanadi-egyhazmegye-idei-apa-fiu-zarandoklata\/","title":{"rendered":"Esztergomba vezetett a Szeged-Csan\u00e1di Egyh\u00e1zmegye idei apa-fi\u00fa zar\u00e1ndoklata"},"content":{"rendered":"<p><strong>J\u00falius 8. \u00e9s 14. k\u00f6z\u00f6tt imm\u00e1r negyedik alkalommal h\u00edvta a Szeged-Csan\u00e1di Egyh\u00e1zmegye Csal\u00e1dK\u00f6zpontja k\u00f6z\u00f6s \u00fatra az \u00e9desap\u00e1kat \u00e9s fiaikat egyhetes apa\u2013fi\u00fa zar\u00e1ndoklatra. A Magyarorsz\u00e1gi Szerzetesel\u00f6lj\u00e1r\u00f3k Konferenci\u00e1inak Irod\u00e1ja Zar\u00e1ndokT\u00e1bor programj\u00e1hoz csatlakozva id\u00e9n Tata \u00e9s Esztergom k\u00f6z\u00f6tt zar\u00e1ndokoltak, gyalogosan haladva v\u00e1ltozatos, gyakran kih\u00edv\u00e1st jelent\u0151 \u00fatvonalon kereszt\u00fcl.<\/strong><\/p>\n<p>A huszonegy f\u0151s egyh\u00e1zmegyei zar\u00e1ndokcsapat sz\u00e1m\u00e1ra a t\u00e1bor szervez\u0151i biztos\u00edtott\u00e1k a kereteket: \u00e9tkez\u00e9st, sz\u00e1ll\u00e1st \u00e9s napi tematiz\u00e1lt programot, ami lehet\u0151v\u00e9 tette, hogy a r\u00e9sztvev\u0151k teljes figyelm\u00fckkel egym\u00e1sra \u00e9s az \u00fat tartalm\u00e1ra figyeljenek.<\/p>\n<p>A napok sor\u00e1n a csendszakaszok adtak lehet\u0151s\u00e9get a bels\u0151 elcsendesed\u00e9sre. K\u00fcl\u00f6n is besz\u00e9lgethettek az ap\u00e1k \u00e9s a fi\u00fak, minden napra jutott id\u0151, amikor kettesben j\u00e1rhatt\u00e1k az utat, el\u0151re aj\u00e1nlott besz\u00e9lget\u00e9st\u00e9m\u00e1k ment\u00e9n kapcsol\u00f3dva: t\u00f6rt\u00e9netek, \u00e9rt\u00e9kek, kapcsolati \u00e9lm\u00e9nyek ker\u00fcltek felsz\u00ednre.<\/p>\n<p>Az egyhetes zar\u00e1ndoklat Esztergomban, a bazilik\u00e1ba \u00e9rve z\u00e1rult. A f\u0151sz\u00e9kesegyh\u00e1z \u201eanyai \u00e9s tan\u00edt\u00f3i\u201d mivolta m\u00e9lt\u00f3 lez\u00e1r\u00e1st adott annak a lelki \u00fatnak, amelyet a r\u00e9sztvev\u0151k v\u00e9gigj\u00e1rtak.<\/p>\n<p>A hazafel\u00e9 vezet\u0151 \u00faton ap\u00e1k \u00e9s fiaik k\u00f6z\u00f6sen fogalmazt\u00e1k meg: hi\u00e1nyp\u00f3tl\u00f3, elm\u00e9ly\u00edt\u0151 \u00e9s meger\u0151s\u00edt\u0151 hetet \u00e9ltek meg egy\u00fctt. A zar\u00e1ndoklat sor\u00e1n sz\u00fcletett kapcsol\u00f3d\u00e1s j\u00f3 alapot teremtett ahhoz, hogy ezt az egym\u00e1s fel\u00e9 fordul\u00e1st a mindennapokban is tov\u00e1bbvigy\u00e9k.<\/p>\n<p><em>Bor\u00edt\u00f3k\u00e9p, forr\u00e1s: <a href=\"http:\/\/szeged-csanad.hu\/2025\/07\/16\/apa-fiu-zarandoklat-2025-kapcsolodas-kihivas-elmelyules\/\" target=\"_blank\" rel=\"noopener\"><span style=\"text-decoration: underline; color: #0000ff;\">Szeged-Csan\u00e1di Egyh\u00e1zmegye<\/span><\/a> \/ <a href=\"https:\/\/www.magyarkurir.hu\/hirek\/esztergomba-vezetett-szeged-csanadi-egyhazmegye-idei-apa-fiu-zarandoklata\" target=\"_blank\" rel=\"noopener\"><span style=\"text-decoration: underline; color: #0000ff;\">Magyar Kur\u00edr<\/span><\/a><\/em><\/p>\n","protected":false},"excerpt":{"rendered":"<p>J\u00falius 8. \u00e9s 14. k\u00f6z\u00f6tt imm\u00e1r negyedik alkalommal h\u00edvta a Szeged-Csan\u00e1di Egyh\u00e1zmegye Csal\u00e1dK\u00f6zpontja k\u00f6z\u00f6s \u00fatra az \u00e9desap\u00e1kat \u00e9s fiaikat egyhetes apa\u2013fi\u00fa zar\u00e1ndoklatra. A Magyarorsz\u00e1gi Szerzetesel\u00f6lj\u00e1r\u00f3k Konferenci\u00e1inak Irod\u00e1ja Zar\u00e1ndokT\u00e1bor programj\u00e1hoz csatlakozva id\u00e9n Tata \u00e9s Esztergom k\u00f6z\u00f6tt zar\u00e1ndokoltak, gyalogosan haladva v\u00e1ltozatos, gyakran kih\u00edv\u00e1st jelent\u0151 \u00fatvonalon kereszt\u00fcl. A huszonegy f\u0151s egyh\u00e1zmegyei zar\u00e1ndokcsapat sz\u00e1m\u00e1ra a t\u00e1bor szervez\u0151i biztos\u00edtott\u00e1k a<\/p>\n","protected":false},"author":1,"featured_media":72907,"comment_status":"closed","ping_status":"closed","sticky":false,"template":"","format":"standard","meta":{"ngg_post_thumbnail":0,"footnotes":""},"categories":[38,3],"tags":[42,6438],"class_list":{"0":"post-72906","1":"post","2":"type-post","3":"status-publish","4":"format-standard","5":"has-post-thumbnail","7":"category-esztergom","8":"category-hirek","9":"tag-esztergom","10":"tag-zarandoklat"},"yoast_head":"<!-- This site is optimized with the Yoast SEO plugin v27.4 - https:\/\/yoast.com\/product\/yoast-seo-wordpress\/ -->\n<title>Esztergomba vezetett a Szeged-Csan\u00e1di Egyh\u00e1zmegye idei apa-fi\u00fa zar\u00e1ndoklata<\/title>\n<meta name=\"robots\" content=\"index, follow, max-snippet:-1, max-image-preview:large, max-video-preview:-1\" \/>\n<link rel=\"canonical\" href=\"https:\/\/dorogimedence.hu\/index.php\/2025\/07\/21\/esztergomba-vezetett-a-szeged-csanadi-egyhazmegye-idei-apa-fiu-zarandoklata\/\" class=\"yoast-seo-meta-tag\" \/>\n<meta property=\"og:locale\" content=\"hu_HU\" class=\"yoast-seo-meta-tag\" \/>\n<meta property=\"og:type\" content=\"article\" class=\"yoast-seo-meta-tag\" \/>\n<meta property=\"og:title\" content=\"Esztergomba vezetett a Szeged-Csan\u00e1di Egyh\u00e1zmegye idei apa-fi\u00fa zar\u00e1ndoklata\" class=\"yoast-seo-meta-tag\" \/>\n<meta property=\"og:description\" content=\"J\u00falius 8. \u00e9s 14. k\u00f6z\u00f6tt imm\u00e1r negyedik alkalommal h\u00edvta a Szeged-Csan\u00e1di Egyh\u00e1zmegye Csal\u00e1dK\u00f6zpontja k\u00f6z\u00f6s \u00fatra az \u00e9desap\u00e1kat \u00e9s fiaikat egyhetes apa\u2013fi\u00fa zar\u00e1ndoklatra. A Magyarorsz\u00e1gi Szerzetesel\u00f6lj\u00e1r\u00f3k Konferenci\u00e1inak Irod\u00e1ja Zar\u00e1ndokT\u00e1bor programj\u00e1hoz csatlakozva id\u00e9n Tata \u00e9s Esztergom k\u00f6z\u00f6tt zar\u00e1ndokoltak, gyalogosan haladva v\u00e1ltozatos, gyakran kih\u00edv\u00e1st jelent\u0151 \u00fatvonalon kereszt\u00fcl. A huszonegy f\u0151s egyh\u00e1zmegyei zar\u00e1ndokcsapat sz\u00e1m\u00e1ra a t\u00e1bor szervez\u0151i biztos\u00edtott\u00e1k a\" class=\"yoast-seo-meta-tag\" \/>\n<meta property=\"og:url\" content=\"https:\/\/dorogimedence.hu\/index.php\/2025\/07\/21\/esztergomba-vezetett-a-szeged-csanadi-egyhazmegye-idei-apa-fiu-zarandoklata\/\" class=\"yoast-seo-meta-tag\" \/>\n<meta property=\"og:site_name\" content=\"Dorogi-medence Region\u00e1lis H\u00edrport\u00e1l\" class=\"yoast-seo-meta-tag\" \/>\n<meta property=\"article:publisher\" content=\"https:\/\/www.facebook.com\/dorogimedence\/\" class=\"yoast-seo-meta-tag\" \/>\n<meta property=\"article:published_time\" content=\"2025-07-21T12:02:26+00:00\" class=\"yoast-seo-meta-tag\" \/>\n<meta property=\"og:image\" content=\"https:\/\/dorogimedence.hu\/wp-content\/uploads\/2025\/07\/szeged.jpg\" class=\"yoast-seo-meta-tag\" \/>\n\t<meta property=\"og:image:width\" content=\"1920\" class=\"yoast-seo-meta-tag\" \/>\n\t<meta property=\"og:image:height\" content=\"970\" class=\"yoast-seo-meta-tag\" \/>\n\t<meta property=\"og:image:type\" content=\"image\/jpeg\" class=\"yoast-seo-meta-tag\" \/>\n<meta name=\"author\" content=\"dorogimedence.hu\" class=\"yoast-seo-meta-tag\" \/>\n<meta name=\"twitter:card\" content=\"summary_large_image\" class=\"yoast-seo-meta-tag\" \/>\n<meta name=\"twitter:label1\" content=\"Szerz\u0151:\" class=\"yoast-seo-meta-tag\" \/>\n\t<meta name=\"twitter:data1\" content=\"dorogimedence.hu\" class=\"yoast-seo-meta-tag\" \/>\n\t<meta name=\"twitter:label2\" content=\"Becs\u00fclt olvas\u00e1si id\u0151\" class=\"yoast-seo-meta-tag\" \/>\n\t<meta name=\"twitter:data2\" content=\"1 perc\" class=\"yoast-seo-meta-tag\" \/>\n<script type=\"application\/ld+json\" class=\"yoast-schema-graph\">{\"@context\":\"https:\\\/\\\/schema.org\",\"@graph\":[{\"@type\":\"Article\",\"@id\":\"https:\\\/\\\/dorogimedence.hu\\\/index.php\\\/2025\\\/07\\\/21\\\/esztergomba-vezetett-a-szeged-csanadi-egyhazmegye-idei-apa-fiu-zarandoklata\\\/#article\",\"isPartOf\":{\"@id\":\"https:\\\/\\\/dorogimedence.hu\\\/index.php\\\/2025\\\/07\\\/21\\\/esztergomba-vezetett-a-szeged-csanadi-egyhazmegye-idei-apa-fiu-zarandoklata\\\/\"},\"author\":{\"name\":\"dorogimedence.hu\",\"@id\":\"https:\\\/\\\/dorogimedence.hu\\\/#\\\/schema\\\/person\\\/ce6091eeb7e95ecdc87890d6aa8e0fd4\"},\"headline\":\"Esztergomba vezetett a Szeged-Csan\u00e1di Egyh\u00e1zmegye idei apa-fi\u00fa zar\u00e1ndoklata\",\"datePublished\":\"2025-07-21T12:02:26+00:00\",\"mainEntityOfPage\":{\"@id\":\"https:\\\/\\\/dorogimedence.hu\\\/index.php\\\/2025\\\/07\\\/21\\\/esztergomba-vezetett-a-szeged-csanadi-egyhazmegye-idei-apa-fiu-zarandoklata\\\/\"},\"wordCount\":308,\"publisher\":{\"@id\":\"https:\\\/\\\/dorogimedence.hu\\\/#organization\"},\"image\":{\"@id\":\"https:\\\/\\\/dorogimedence.hu\\\/index.php\\\/2025\\\/07\\\/21\\\/esztergomba-vezetett-a-szeged-csanadi-egyhazmegye-idei-apa-fiu-zarandoklata\\\/#primaryimage\"},\"thumbnailUrl\":\"https:\\\/\\\/dorogimedence.hu\\\/wp-content\\\/uploads\\\/2025\\\/07\\\/szeged.jpg\",\"keywords\":[\"esztergom\",\"zar\u00e1ndoklat\"],\"articleSection\":[\"Esztergom\",\"H\u00edrek\"],\"inLanguage\":\"hu\"},{\"@type\":\"WebPage\",\"@id\":\"https:\\\/\\\/dorogimedence.hu\\\/index.php\\\/2025\\\/07\\\/21\\\/esztergomba-vezetett-a-szeged-csanadi-egyhazmegye-idei-apa-fiu-zarandoklata\\\/\",\"url\":\"https:\\\/\\\/dorogimedence.hu\\\/index.php\\\/2025\\\/07\\\/21\\\/esztergomba-vezetett-a-szeged-csanadi-egyhazmegye-idei-apa-fiu-zarandoklata\\\/\",\"name\":\"Esztergomba vezetett a Szeged-Csan\u00e1di Egyh\u00e1zmegye idei apa-fi\u00fa zar\u00e1ndoklata\",\"isPartOf\":{\"@id\":\"https:\\\/\\\/dorogimedence.hu\\\/#website\"},\"primaryImageOfPage\":{\"@id\":\"https:\\\/\\\/dorogimedence.hu\\\/index.php\\\/2025\\\/07\\\/21\\\/esztergomba-vezetett-a-szeged-csanadi-egyhazmegye-idei-apa-fiu-zarandoklata\\\/#primaryimage\"},\"image\":{\"@id\":\"https:\\\/\\\/dorogimedence.hu\\\/index.php\\\/2025\\\/07\\\/21\\\/esztergomba-vezetett-a-szeged-csanadi-egyhazmegye-idei-apa-fiu-zarandoklata\\\/#primaryimage\"},\"thumbnailUrl\":\"https:\\\/\\\/dorogimedence.hu\\\/wp-content\\\/uploads\\\/2025\\\/07\\\/szeged.jpg\",\"datePublished\":\"2025-07-21T12:02:26+00:00\",\"breadcrumb\":{\"@id\":\"https:\\\/\\\/dorogimedence.hu\\\/index.php\\\/2025\\\/07\\\/21\\\/esztergomba-vezetett-a-szeged-csanadi-egyhazmegye-idei-apa-fiu-zarandoklata\\\/#breadcrumb\"},\"inLanguage\":\"hu\",\"potentialAction\":[{\"@type\":\"ReadAction\",\"target\":[\"https:\\\/\\\/dorogimedence.hu\\\/index.php\\\/2025\\\/07\\\/21\\\/esztergomba-vezetett-a-szeged-csanadi-egyhazmegye-idei-apa-fiu-zarandoklata\\\/\"]}]},{\"@type\":\"ImageObject\",\"inLanguage\":\"hu\",\"@id\":\"https:\\\/\\\/dorogimedence.hu\\\/index.php\\\/2025\\\/07\\\/21\\\/esztergomba-vezetett-a-szeged-csanadi-egyhazmegye-idei-apa-fiu-zarandoklata\\\/#primaryimage\",\"url\":\"https:\\\/\\\/dorogimedence.hu\\\/wp-content\\\/uploads\\\/2025\\\/07\\\/szeged.jpg\",\"contentUrl\":\"https:\\\/\\\/dorogimedence.hu\\\/wp-content\\\/uploads\\\/2025\\\/07\\\/szeged.jpg\",\"width\":1920,\"height\":970},{\"@type\":\"BreadcrumbList\",\"@id\":\"https:\\\/\\\/dorogimedence.hu\\\/index.php\\\/2025\\\/07\\\/21\\\/esztergomba-vezetett-a-szeged-csanadi-egyhazmegye-idei-apa-fiu-zarandoklata\\\/#breadcrumb\",\"itemListElement\":[{\"@type\":\"ListItem\",\"position\":1,\"name\":\"Kezd\u0151lap\",\"item\":\"https:\\\/\\\/dorogimedence.hu\\\/\"},{\"@type\":\"ListItem\",\"position\":2,\"name\":\"Esztergomba vezetett a Szeged-Csan\u00e1di Egyh\u00e1zmegye idei apa-fi\u00fa zar\u00e1ndoklata\"}]},{\"@type\":\"WebSite\",\"@id\":\"https:\\\/\\\/dorogimedence.hu\\\/#website\",\"url\":\"https:\\\/\\\/dorogimedence.hu\\\/\",\"name\":\"Dorogi-medence Region\u00e1lis H\u00edrport\u00e1l\",\"description\":\"Dorog, Keszt\u00f6lc, Le\u00e1nyv\u00e1r, Piliscs\u00e9v, Tokod, Tokodalt\u00e1r\u00f3, Csolnok, Esztergom-kertv\u00e1ros: h\u00edrek, programok\",\"publisher\":{\"@id\":\"https:\\\/\\\/dorogimedence.hu\\\/#organization\"},\"potentialAction\":[{\"@type\":\"SearchAction\",\"target\":{\"@type\":\"EntryPoint\",\"urlTemplate\":\"https:\\\/\\\/dorogimedence.hu\\\/?s={search_term_string}\"},\"query-input\":{\"@type\":\"PropertyValueSpecification\",\"valueRequired\":true,\"valueName\":\"search_term_string\"}}],\"inLanguage\":\"hu\"},{\"@type\":\"Organization\",\"@id\":\"https:\\\/\\\/dorogimedence.hu\\\/#organization\",\"name\":\"Dorogi-medence Region\u00e1lis H\u00edrport\u00e1l\",\"url\":\"https:\\\/\\\/dorogimedence.hu\\\/\",\"logo\":{\"@type\":\"ImageObject\",\"inLanguage\":\"hu\",\"@id\":\"https:\\\/\\\/dorogimedence.hu\\\/#\\\/schema\\\/logo\\\/image\\\/\",\"url\":\"https:\\\/\\\/dorogimedence.hu\\\/wp-content\\\/uploads\\\/2021\\\/04\\\/logo-feher-600.png\",\"contentUrl\":\"https:\\\/\\\/dorogimedence.hu\\\/wp-content\\\/uploads\\\/2021\\\/04\\\/logo-feher-600.png\",\"width\":600,\"height\":100,\"caption\":\"Dorogi-medence Region\u00e1lis H\u00edrport\u00e1l\"},\"image\":{\"@id\":\"https:\\\/\\\/dorogimedence.hu\\\/#\\\/schema\\\/logo\\\/image\\\/\"},\"sameAs\":[\"https:\\\/\\\/www.facebook.com\\\/dorogimedence\\\/\"]},{\"@type\":\"Person\",\"@id\":\"https:\\\/\\\/dorogimedence.hu\\\/#\\\/schema\\\/person\\\/ce6091eeb7e95ecdc87890d6aa8e0fd4\",\"name\":\"dorogimedence.hu\",\"image\":{\"@type\":\"ImageObject\",\"inLanguage\":\"hu\",\"@id\":\"\\\/\\\/www.gravatar.com\\\/avatar\\\/d8d45f8901aadff40a4af72c0b826f1d?s=96&#038;r=g&#038;d=mm\",\"url\":\"\\\/\\\/www.gravatar.com\\\/avatar\\\/d8d45f8901aadff40a4af72c0b826f1d?s=96&#038;r=g&#038;d=mm\",\"contentUrl\":\"\\\/\\\/www.gravatar.com\\\/avatar\\\/d8d45f8901aadff40a4af72c0b826f1d?s=96&#038;r=g&#038;d=mm\",\"caption\":\"dorogimedence.hu\"}}]}<\/script>\n<!-- \/ Yoast SEO plugin. -->","yoast_head_json":{"title":"Esztergomba vezetett a Szeged-Csan\u00e1di Egyh\u00e1zmegye idei apa-fi\u00fa zar\u00e1ndoklata","robots":{"index":"index","follow":"follow","max-snippet":"max-snippet:-1","max-image-preview":"max-image-preview:large","max-video-preview":"max-video-preview:-1"},"canonical":"https:\/\/dorogimedence.hu\/index.php\/2025\/07\/21\/esztergomba-vezetett-a-szeged-csanadi-egyhazmegye-idei-apa-fiu-zarandoklata\/","og_locale":"hu_HU","og_type":"article","og_title":"Esztergomba vezetett a Szeged-Csan\u00e1di Egyh\u00e1zmegye idei apa-fi\u00fa zar\u00e1ndoklata","og_description":"J\u00falius 8. \u00e9s 14. k\u00f6z\u00f6tt imm\u00e1r negyedik alkalommal h\u00edvta a Szeged-Csan\u00e1di Egyh\u00e1zmegye Csal\u00e1dK\u00f6zpontja k\u00f6z\u00f6s \u00fatra az \u00e9desap\u00e1kat \u00e9s fiaikat egyhetes apa\u2013fi\u00fa zar\u00e1ndoklatra. A Magyarorsz\u00e1gi Szerzetesel\u00f6lj\u00e1r\u00f3k Konferenci\u00e1inak Irod\u00e1ja Zar\u00e1ndokT\u00e1bor programj\u00e1hoz csatlakozva id\u00e9n Tata \u00e9s Esztergom k\u00f6z\u00f6tt zar\u00e1ndokoltak, gyalogosan haladva v\u00e1ltozatos, gyakran kih\u00edv\u00e1st jelent\u0151 \u00fatvonalon kereszt\u00fcl. A huszonegy f\u0151s egyh\u00e1zmegyei zar\u00e1ndokcsapat sz\u00e1m\u00e1ra a t\u00e1bor szervez\u0151i biztos\u00edtott\u00e1k a","og_url":"https:\/\/dorogimedence.hu\/index.php\/2025\/07\/21\/esztergomba-vezetett-a-szeged-csanadi-egyhazmegye-idei-apa-fiu-zarandoklata\/","og_site_name":"Dorogi-medence Region\u00e1lis H\u00edrport\u00e1l","article_publisher":"https:\/\/www.facebook.com\/dorogimedence\/","article_published_time":"2025-07-21T12:02:26+00:00","og_image":[{"width":1920,"height":970,"url":"https:\/\/dorogimedence.hu\/wp-content\/uploads\/2025\/07\/szeged.jpg","type":"image\/jpeg"}],"author":"dorogimedence.hu","twitter_card":"summary_large_image","twitter_misc":{"Szerz\u0151:":"dorogimedence.hu","Becs\u00fclt olvas\u00e1si id\u0151":"1 perc"},"schema":{"@context":"https:\/\/schema.org","@graph":[{"@type":"Article","@id":"https:\/\/dorogimedence.hu\/index.php\/2025\/07\/21\/esztergomba-vezetett-a-szeged-csanadi-egyhazmegye-idei-apa-fiu-zarandoklata\/#article","isPartOf":{"@id":"https:\/\/dorogimedence.hu\/index.php\/2025\/07\/21\/esztergomba-vezetett-a-szeged-csanadi-egyhazmegye-idei-apa-fiu-zarandoklata\/"},"author":{"name":"dorogimedence.hu","@id":"https:\/\/dorogimedence.hu\/#\/schema\/person\/ce6091eeb7e95ecdc87890d6aa8e0fd4"},"headline":"Esztergomba vezetett a Szeged-Csan\u00e1di Egyh\u00e1zmegye idei apa-fi\u00fa zar\u00e1ndoklata","datePublished":"2025-07-21T12:02:26+00:00","mainEntityOfPage":{"@id":"https:\/\/dorogimedence.hu\/index.php\/2025\/07\/21\/esztergomba-vezetett-a-szeged-csanadi-egyhazmegye-idei-apa-fiu-zarandoklata\/"},"wordCount":308,"publisher":{"@id":"https:\/\/dorogimedence.hu\/#organization"},"image":{"@id":"https:\/\/dorogimedence.hu\/index.php\/2025\/07\/21\/esztergomba-vezetett-a-szeged-csanadi-egyhazmegye-idei-apa-fiu-zarandoklata\/#primaryimage"},"thumbnailUrl":"https:\/\/dorogimedence.hu\/wp-content\/uploads\/2025\/07\/szeged.jpg","keywords":["esztergom","zar\u00e1ndoklat"],"articleSection":["Esztergom","H\u00edrek"],"inLanguage":"hu"},{"@type":"WebPage","@id":"https:\/\/dorogimedence.hu\/index.php\/2025\/07\/21\/esztergomba-vezetett-a-szeged-csanadi-egyhazmegye-idei-apa-fiu-zarandoklata\/","url":"https:\/\/dorogimedence.hu\/index.php\/2025\/07\/21\/esztergomba-vezetett-a-szeged-csanadi-egyhazmegye-idei-apa-fiu-zarandoklata\/","name":"Esztergomba vezetett a Szeged-Csan\u00e1di Egyh\u00e1zmegye idei apa-fi\u00fa zar\u00e1ndoklata","isPartOf":{"@id":"https:\/\/dorogimedence.hu\/#website"},"primaryImageOfPage":{"@id":"https:\/\/dorogimedence.hu\/index.php\/2025\/07\/21\/esztergomba-vezetett-a-szeged-csanadi-egyhazmegye-idei-apa-fiu-zarandoklata\/#primaryimage"},"image":{"@id":"https:\/\/dorogimedence.hu\/index.php\/2025\/07\/21\/esztergomba-vezetett-a-szeged-csanadi-egyhazmegye-idei-apa-fiu-zarandoklata\/#primaryimage"},"thumbnailUrl":"https:\/\/dorogimedence.hu\/wp-content\/uploads\/2025\/07\/szeged.jpg","datePublished":"2025-07-21T12:02:26+00:00","breadcrumb":{"@id":"https:\/\/dorogimedence.hu\/index.php\/2025\/07\/21\/esztergomba-vezetett-a-szeged-csanadi-egyhazmegye-idei-apa-fiu-zarandoklata\/#breadcrumb"},"inLanguage":"hu","potentialAction":[{"@type":"ReadAction","target":["https:\/\/dorogimedence.hu\/index.php\/2025\/07\/21\/esztergomba-vezetett-a-szeged-csanadi-egyhazmegye-idei-apa-fiu-zarandoklata\/"]}]},{"@type":"ImageObject","inLanguage":"hu","@id":"https:\/\/dorogimedence.hu\/index.php\/2025\/07\/21\/esztergomba-vezetett-a-szeged-csanadi-egyhazmegye-idei-apa-fiu-zarandoklata\/#primaryimage","url":"https:\/\/dorogimedence.hu\/wp-content\/uploads\/2025\/07\/szeged.jpg","contentUrl":"https:\/\/dorogimedence.hu\/wp-content\/uploads\/2025\/07\/szeged.jpg","width":1920,"height":970},{"@type":"BreadcrumbList","@id":"https:\/\/dorogimedence.hu\/index.php\/2025\/07\/21\/esztergomba-vezetett-a-szeged-csanadi-egyhazmegye-idei-apa-fiu-zarandoklata\/#breadcrumb","itemListElement":[{"@type":"ListItem","position":1,"name":"Kezd\u0151lap","item":"https:\/\/dorogimedence.hu\/"},{"@type":"ListItem","position":2,"name":"Esztergomba vezetett a Szeged-Csan\u00e1di Egyh\u00e1zmegye idei apa-fi\u00fa zar\u00e1ndoklata"}]},{"@type":"WebSite","@id":"https:\/\/dorogimedence.hu\/#website","url":"https:\/\/dorogimedence.hu\/","name":"Dorogi-medence Region\u00e1lis H\u00edrport\u00e1l","description":"Dorog, Keszt\u00f6lc, Le\u00e1nyv\u00e1r, Piliscs\u00e9v, Tokod, Tokodalt\u00e1r\u00f3, Csolnok, Esztergom-kertv\u00e1ros: h\u00edrek, programok","publisher":{"@id":"https:\/\/dorogimedence.hu\/#organization"},"potentialAction":[{"@type":"SearchAction","target":{"@type":"EntryPoint","urlTemplate":"https:\/\/dorogimedence.hu\/?s={search_term_string}"},"query-input":{"@type":"PropertyValueSpecification","valueRequired":true,"valueName":"search_term_string"}}],"inLanguage":"hu"},{"@type":"Organization","@id":"https:\/\/dorogimedence.hu\/#organization","name":"Dorogi-medence Region\u00e1lis H\u00edrport\u00e1l","url":"https:\/\/dorogimedence.hu\/","logo":{"@type":"ImageObject","inLanguage":"hu","@id":"https:\/\/dorogimedence.hu\/#\/schema\/logo\/image\/","url":"https:\/\/dorogimedence.hu\/wp-content\/uploads\/2021\/04\/logo-feher-600.png","contentUrl":"https:\/\/dorogimedence.hu\/wp-content\/uploads\/2021\/04\/logo-feher-600.png","width":600,"height":100,"caption":"Dorogi-medence Region\u00e1lis H\u00edrport\u00e1l"},"image":{"@id":"https:\/\/dorogimedence.hu\/#\/schema\/logo\/image\/"},"sameAs":["https:\/\/www.facebook.com\/dorogimedence\/"]},{"@type":"Person","@id":"https:\/\/dorogimedence.hu\/#\/schema\/person\/ce6091eeb7e95ecdc87890d6aa8e0fd4","name":"dorogimedence.hu","image":{"@type":"ImageObject","inLanguage":"hu","@id":"\/\/www.gravatar.com\/avatar\/d8d45f8901aadff40a4af72c0b826f1d?s=96&#038;r=g&#038;d=mm","url":"\/\/www.gravatar.com\/avatar\/d8d45f8901aadff40a4af72c0b826f1d?s=96&#038;r=g&#038;d=mm","contentUrl":"\/\/www.gravatar.com\/avatar\/d8d45f8901aadff40a4af72c0b826f1d?s=96&#038;r=g&#038;d=mm","caption":"dorogimedence.hu"}}]}},"_links":{"self":[{"href":"https:\/\/dorogimedence.hu\/index.php\/wp-json\/wp\/v2\/posts\/72906","targetHints":{"allow":["GET"]}}],"collection":[{"href":"https:\/\/dorogimedence.hu\/index.php\/wp-json\/wp\/v2\/posts"}],"about":[{"href":"https:\/\/dorogimedence.hu\/index.php\/wp-json\/wp\/v2\/types\/post"}],"author":[{"embeddable":true,"href":"https:\/\/dorogimedence.hu\/index.php\/wp-json\/wp\/v2\/users\/1"}],"replies":[{"embeddable":true,"href":"https:\/\/dorogimedence.hu\/index.php\/wp-json\/wp\/v2\/comments?post=72906"}],"version-history":[{"count":0,"href":"https:\/\/dorogimedence.hu\/index.php\/wp-json\/wp\/v2\/posts\/72906\/revisions"}],"wp:featuredmedia":[{"embeddable":true,"href":"https:\/\/dorogimedence.hu\/index.php\/wp-json\/wp\/v2\/media\/72907"}],"wp:attachment":[{"href":"https:\/\/dorogimedence.hu\/index.php\/wp-json\/wp\/v2\/media?parent=72906"}],"wp:term":[{"taxonomy":"category","embeddable":true,"href":"https:\/\/dorogimedence.hu\/index.php\/wp-json\/wp\/v2\/categories?post=72906"},{"taxonomy":"post_tag","embeddable":true,"href":"https:\/\/dorogimedence.hu\/index.php\/wp-json\/wp\/v2\/tags?post=72906"}],"curies":[{"name":"wp","href":"https:\/\/api.w.org\/{rel}","templated":true}]}}