{"id":72686,"date":"2025-07-11T11:35:56","date_gmt":"2025-07-11T09:35:56","guid":{"rendered":"https:\/\/dorogimedence.hu\/?p=72686"},"modified":"2025-07-11T11:35:56","modified_gmt":"2025-07-11T09:35:56","slug":"tobb-mint-szaz-lakastuz-tortent-fel-ev-alatt-varmegyenkben","status":"publish","type":"post","link":"https:\/\/dorogimedence.hu\/index.php\/2025\/07\/11\/tobb-mint-szaz-lakastuz-tortent-fel-ev-alatt-varmegyenkben\/","title":{"rendered":"T\u00f6bb mint sz\u00e1z lak\u00e1st\u0171z t\u00f6rt\u00e9nt f\u00e9l \u00e9v alatt v\u00e1rmegy\u00e9nkben"},"content":{"rendered":"<p><strong>2025 els\u0151 f\u00e9l\u00e9v\u00e9ben \u00f6sszesen 101 lak\u00f3\u00e9p\u00fclet gyulladt ki Kom\u00e1rom-Esztergom v\u00e1rmegy\u00e9ben, egyik helyen sem volt f\u00fcst\u00e9rz\u00e9kel\u0151. Az \u00e9rintett \u00e9p\u00fcletekben mintegy 1300 n\u00e9gyzetm\u00e9ternyi ter\u00fclet \u00e9gett le vagy semmis\u00fclt meg. A lak\u00e1st\u00fczek k\u00f6vetkezt\u00e9ben tizenh\u00e1rom ember s\u00e9r\u00fclt meg, egy szem\u00e9ly pedig \u00e9let\u00e9t vesztette.<\/strong><\/p>\n<p>A riaszt\u00e1sokhoz \u00f6sszesen <strong>187 t\u0171zolt\u00f3g\u00e9pj\u00e1rm\u0171 vonult<\/strong>, \u00e9s a t\u0171zolt\u00f3k t\u00f6bb mint <strong>53 \u00f3r\u00e1n&nbsp;<\/strong>kereszt\u00fcl dolgoztak a lak\u00e1st\u00fczek olt\u00e1s\u00e1n. A leghosszabb beavatkoz\u00e1s janu\u00e1r k\u00f6zep\u00e9n t\u00f6rt\u00e9nt Kom\u00e1romban, ahol egy k\u00e9tszintes lak\u00f3\u00e9p\u00fclet tet\u0151tere kapott l\u00e1ngra. Az olt\u00e1s t\u00f6bb mint k\u00e9t \u00e9s f\u00e9l \u00f3r\u00e1n \u00e1t tartott.<\/p>\n<p>A legt\u00f6bb t\u0171z a <strong>k\u00e9m\u00e9nyekben<\/strong> (24 sz\u00e1zal\u00e9k), a <strong>konyh\u00e1kban<\/strong> (15 sz\u00e1zal\u00e9k), valamint <strong>t\u00e1rol\u00f3kban<\/strong> (8 sz\u00e1zal\u00e9k) keletkezett. \u00d6t esetben g\u00e1zpalackok is nehez\u00edtett\u00e9k az olt\u00e1si munk\u00e1latokat. A keletkez\u00e9s pontos hely\u00e9nek, ok\u00e1nak \u00e9s idej\u00e9nek tiszt\u00e1z\u00e1sa \u00e9rdek\u00e9ben \u00f6t lak\u00e1st\u0171z \u00fcgy\u00e9ben indult t\u0171zvizsg\u00e1lat. A t\u00fczek leggyakoribb kiv\u00e1lt\u00f3 okai az <strong>elektromos hib\u00e1k, a ny\u00edlt l\u00e1ng haszn\u00e1lata, a f\u0171t\u00e9si rendszer meghib\u00e1sod\u00e1sa, valamint a s\u00fct\u00e9s-f\u0151z\u00e9s, avar- \u00e9s szem\u00e9t\u00e9get\u00e9s.<\/strong><\/p>\n<p>A 101 t\u0171zzel \u00e9rintett otthon k\u00f6z\u00fcl egyetlen lak\u00e1sban sem volt f\u00fcst\u00e9rz\u00e9kel\u0151, pedig ezek a k\u00e9sz\u00fcl\u00e9kek <strong>m\u00e1r a t\u0171z kezdeti szakasz\u00e1ban megb\u00edzhat\u00f3an jeleznek<\/strong>. Ilyenkor m\u00e9g van id\u0151 cselekedni: eloltani a t\u00fczet a kezdeti st\u00e1diumban, vagy biztons\u00e1gosan elhagyni az \u00e9p\u00fcletet \u00e9s \u00e9rtes\u00edteni a t\u0171zolt\u00f3kat.<\/p>\n<p><strong>Sz\u00e9n-monoxid miatt<\/strong> az \u00e9v els\u0151 hat h\u00f3napj\u00e1ban tizenk\u00e9tszer riasztott\u00e1k a v\u00e1rmegye t\u0171zolt\u00f3it, ami n\u00e9ggyel t\u00f6bb eset, mint a tavalyi \u00e9v hasonl\u00f3 id\u0151szak\u00e1ban. Egy szem\u00e9ly szenvedett sz\u00e9n-monoxid-m\u00e9rgez\u00e9st. Ez a vesz\u00e9lyes g\u00e1z z\u00e1rt t\u00e9rben, ny\u00edlt l\u00e1ng haszn\u00e1lata eset\u00e9n keletkezik, ha nem megfelel\u0151 a leveg\u0151-ut\u00e1np\u00f3tl\u00e1s.<\/p>\n<p>Fontos tudni, hogy a <strong>ny\u00e1ri id\u0151szakban is fenn\u00e1ll a sz\u00e9n-monoxid keletkez\u00e9s vesz\u00e9lye<\/strong>: amikor p\u00e9ld\u00e1ul a kinti meleg leveg\u0151 miatt a h\u0171v\u00f6sebb bels\u0151 leveg\u0151 beszorul a k\u00e9m\u00e9nybe, a f\u00fcstg\u00e1z nem tud t\u00e1vozni, vissza\u00e1ramlik a lak\u00f3t\u00e9rbe, \u00e9s sz\u00e9n-monoxid keletkezik \u2013 ak\u00e1r v\u00edzmeleg\u00edt\u00e9s k\u00f6zben is.<\/p>\n<p><em>Forr\u00e1s: Katasztr\u00f3fav\u00e9delem<\/em><\/p>\n","protected":false},"excerpt":{"rendered":"<p>2025 els\u0151 f\u00e9l\u00e9v\u00e9ben \u00f6sszesen 101 lak\u00f3\u00e9p\u00fclet gyulladt ki Kom\u00e1rom-Esztergom v\u00e1rmegy\u00e9ben, egyik helyen sem volt f\u00fcst\u00e9rz\u00e9kel\u0151. Az \u00e9rintett \u00e9p\u00fcletekben mintegy 1300 n\u00e9gyzetm\u00e9ternyi ter\u00fclet \u00e9gett le vagy semmis\u00fclt meg. A lak\u00e1st\u00fczek k\u00f6vetkezt\u00e9ben tizenh\u00e1rom ember s\u00e9r\u00fclt meg, egy szem\u00e9ly pedig \u00e9let\u00e9t vesztette. A riaszt\u00e1sokhoz \u00f6sszesen 187 t\u0171zolt\u00f3g\u00e9pj\u00e1rm\u0171 vonult, \u00e9s a t\u0171zolt\u00f3k t\u00f6bb mint 53 \u00f3r\u00e1n&nbsp;kereszt\u00fcl dolgoztak a lak\u00e1st\u00fczek<\/p>\n","protected":false},"author":1,"featured_media":6614,"comment_status":"closed","ping_status":"closed","sticky":false,"template":"","format":"standard","meta":{"ngg_post_thumbnail":0,"footnotes":""},"categories":[3,39,56],"tags":[41,175,6890,65],"class_list":{"0":"post-72686","1":"post","2":"type-post","3":"status-publish","4":"format-standard","5":"has-post-thumbnail","7":"category-hirek","8":"category-kek-hirek","9":"category-komarom-esztergom","10":"tag-haztuz","11":"tag-katasztrofavedelem","12":"tag-komarom-esztergom-varmegye","13":"tag-tuzoltosag"},"yoast_head":"<!-- This site is optimized with the Yoast SEO plugin v27.5 - https:\/\/yoast.com\/product\/yoast-seo-wordpress\/ -->\n<title>T\u00f6bb mint sz\u00e1z lak\u00e1st\u0171z t\u00f6rt\u00e9nt f\u00e9l \u00e9v alatt v\u00e1rmegy\u00e9nkben<\/title>\n<meta name=\"robots\" content=\"index, follow, max-snippet:-1, max-image-preview:large, max-video-preview:-1\" \/>\n<link rel=\"canonical\" href=\"https:\/\/dorogimedence.hu\/index.php\/2025\/07\/11\/tobb-mint-szaz-lakastuz-tortent-fel-ev-alatt-varmegyenkben\/\" class=\"yoast-seo-meta-tag\" \/>\n<meta property=\"og:locale\" content=\"hu_HU\" class=\"yoast-seo-meta-tag\" \/>\n<meta property=\"og:type\" content=\"article\" class=\"yoast-seo-meta-tag\" \/>\n<meta property=\"og:title\" content=\"T\u00f6bb mint sz\u00e1z lak\u00e1st\u0171z t\u00f6rt\u00e9nt f\u00e9l \u00e9v alatt v\u00e1rmegy\u00e9nkben\" class=\"yoast-seo-meta-tag\" \/>\n<meta property=\"og:description\" content=\"2025 els\u0151 f\u00e9l\u00e9v\u00e9ben \u00f6sszesen 101 lak\u00f3\u00e9p\u00fclet gyulladt ki Kom\u00e1rom-Esztergom v\u00e1rmegy\u00e9ben, egyik helyen sem volt f\u00fcst\u00e9rz\u00e9kel\u0151. Az \u00e9rintett \u00e9p\u00fcletekben mintegy 1300 n\u00e9gyzetm\u00e9ternyi ter\u00fclet \u00e9gett le vagy semmis\u00fclt meg. A lak\u00e1st\u00fczek k\u00f6vetkezt\u00e9ben tizenh\u00e1rom ember s\u00e9r\u00fclt meg, egy szem\u00e9ly pedig \u00e9let\u00e9t vesztette. A riaszt\u00e1sokhoz \u00f6sszesen 187 t\u0171zolt\u00f3g\u00e9pj\u00e1rm\u0171 vonult, \u00e9s a t\u0171zolt\u00f3k t\u00f6bb mint 53 \u00f3r\u00e1n&nbsp;kereszt\u00fcl dolgoztak a lak\u00e1st\u00fczek\" class=\"yoast-seo-meta-tag\" \/>\n<meta property=\"og:url\" content=\"https:\/\/dorogimedence.hu\/index.php\/2025\/07\/11\/tobb-mint-szaz-lakastuz-tortent-fel-ev-alatt-varmegyenkben\/\" class=\"yoast-seo-meta-tag\" \/>\n<meta property=\"og:site_name\" content=\"Dorogi-medence Region\u00e1lis H\u00edrport\u00e1l\" class=\"yoast-seo-meta-tag\" \/>\n<meta property=\"article:publisher\" content=\"https:\/\/www.facebook.com\/dorogimedence\/\" class=\"yoast-seo-meta-tag\" \/>\n<meta property=\"article:published_time\" content=\"2025-07-11T09:35:56+00:00\" class=\"yoast-seo-meta-tag\" \/>\n<meta property=\"og:image\" content=\"https:\/\/dorogimedence.hu\/wp-content\/uploads\/2017\/11\/haztuz-01.jpg\" class=\"yoast-seo-meta-tag\" \/>\n\t<meta property=\"og:image:width\" content=\"670\" class=\"yoast-seo-meta-tag\" \/>\n\t<meta property=\"og:image:height\" content=\"365\" class=\"yoast-seo-meta-tag\" \/>\n\t<meta property=\"og:image:type\" content=\"image\/jpeg\" class=\"yoast-seo-meta-tag\" \/>\n<meta name=\"author\" content=\"dorogimedence.hu\" class=\"yoast-seo-meta-tag\" \/>\n<meta name=\"twitter:card\" content=\"summary_large_image\" class=\"yoast-seo-meta-tag\" \/>\n<meta name=\"twitter:label1\" content=\"Szerz\u0151:\" class=\"yoast-seo-meta-tag\" \/>\n\t<meta name=\"twitter:data1\" content=\"dorogimedence.hu\" class=\"yoast-seo-meta-tag\" \/>\n\t<meta name=\"twitter:label2\" content=\"Becs\u00fclt olvas\u00e1si id\u0151\" class=\"yoast-seo-meta-tag\" \/>\n\t<meta name=\"twitter:data2\" content=\"2 perc\" class=\"yoast-seo-meta-tag\" \/>\n<script type=\"application\/ld+json\" class=\"yoast-schema-graph\">{\"@context\":\"https:\\\/\\\/schema.org\",\"@graph\":[{\"@type\":\"Article\",\"@id\":\"https:\\\/\\\/dorogimedence.hu\\\/index.php\\\/2025\\\/07\\\/11\\\/tobb-mint-szaz-lakastuz-tortent-fel-ev-alatt-varmegyenkben\\\/#article\",\"isPartOf\":{\"@id\":\"https:\\\/\\\/dorogimedence.hu\\\/index.php\\\/2025\\\/07\\\/11\\\/tobb-mint-szaz-lakastuz-tortent-fel-ev-alatt-varmegyenkben\\\/\"},\"author\":{\"name\":\"dorogimedence.hu\",\"@id\":\"https:\\\/\\\/dorogimedence.hu\\\/#\\\/schema\\\/person\\\/ce6091eeb7e95ecdc87890d6aa8e0fd4\"},\"headline\":\"T\u00f6bb mint sz\u00e1z lak\u00e1st\u0171z t\u00f6rt\u00e9nt f\u00e9l \u00e9v alatt v\u00e1rmegy\u00e9nkben\",\"datePublished\":\"2025-07-11T09:35:56+00:00\",\"mainEntityOfPage\":{\"@id\":\"https:\\\/\\\/dorogimedence.hu\\\/index.php\\\/2025\\\/07\\\/11\\\/tobb-mint-szaz-lakastuz-tortent-fel-ev-alatt-varmegyenkben\\\/\"},\"wordCount\":459,\"publisher\":{\"@id\":\"https:\\\/\\\/dorogimedence.hu\\\/#organization\"},\"image\":{\"@id\":\"https:\\\/\\\/dorogimedence.hu\\\/index.php\\\/2025\\\/07\\\/11\\\/tobb-mint-szaz-lakastuz-tortent-fel-ev-alatt-varmegyenkben\\\/#primaryimage\"},\"thumbnailUrl\":\"https:\\\/\\\/dorogimedence.hu\\\/wp-content\\\/uploads\\\/2017\\\/11\\\/haztuz-01.jpg\",\"keywords\":[\"h\u00e1zt\u0171z\",\"katasztr\u00f3fav\u00e9delem\",\"Kom\u00e1rom-Esztergom v\u00e1rmegye\",\"t\u0171zolt\u00f3s\u00e1g\"],\"articleSection\":[\"H\u00edrek\",\"K\u00e9k h\u00edrek\",\"Kom\u00e1rom-Esztergom\"],\"inLanguage\":\"hu\"},{\"@type\":\"WebPage\",\"@id\":\"https:\\\/\\\/dorogimedence.hu\\\/index.php\\\/2025\\\/07\\\/11\\\/tobb-mint-szaz-lakastuz-tortent-fel-ev-alatt-varmegyenkben\\\/\",\"url\":\"https:\\\/\\\/dorogimedence.hu\\\/index.php\\\/2025\\\/07\\\/11\\\/tobb-mint-szaz-lakastuz-tortent-fel-ev-alatt-varmegyenkben\\\/\",\"name\":\"T\u00f6bb mint sz\u00e1z lak\u00e1st\u0171z t\u00f6rt\u00e9nt f\u00e9l \u00e9v alatt v\u00e1rmegy\u00e9nkben\",\"isPartOf\":{\"@id\":\"https:\\\/\\\/dorogimedence.hu\\\/#website\"},\"primaryImageOfPage\":{\"@id\":\"https:\\\/\\\/dorogimedence.hu\\\/index.php\\\/2025\\\/07\\\/11\\\/tobb-mint-szaz-lakastuz-tortent-fel-ev-alatt-varmegyenkben\\\/#primaryimage\"},\"image\":{\"@id\":\"https:\\\/\\\/dorogimedence.hu\\\/index.php\\\/2025\\\/07\\\/11\\\/tobb-mint-szaz-lakastuz-tortent-fel-ev-alatt-varmegyenkben\\\/#primaryimage\"},\"thumbnailUrl\":\"https:\\\/\\\/dorogimedence.hu\\\/wp-content\\\/uploads\\\/2017\\\/11\\\/haztuz-01.jpg\",\"datePublished\":\"2025-07-11T09:35:56+00:00\",\"breadcrumb\":{\"@id\":\"https:\\\/\\\/dorogimedence.hu\\\/index.php\\\/2025\\\/07\\\/11\\\/tobb-mint-szaz-lakastuz-tortent-fel-ev-alatt-varmegyenkben\\\/#breadcrumb\"},\"inLanguage\":\"hu\",\"potentialAction\":[{\"@type\":\"ReadAction\",\"target\":[\"https:\\\/\\\/dorogimedence.hu\\\/index.php\\\/2025\\\/07\\\/11\\\/tobb-mint-szaz-lakastuz-tortent-fel-ev-alatt-varmegyenkben\\\/\"]}]},{\"@type\":\"ImageObject\",\"inLanguage\":\"hu\",\"@id\":\"https:\\\/\\\/dorogimedence.hu\\\/index.php\\\/2025\\\/07\\\/11\\\/tobb-mint-szaz-lakastuz-tortent-fel-ev-alatt-varmegyenkben\\\/#primaryimage\",\"url\":\"https:\\\/\\\/dorogimedence.hu\\\/wp-content\\\/uploads\\\/2017\\\/11\\\/haztuz-01.jpg\",\"contentUrl\":\"https:\\\/\\\/dorogimedence.hu\\\/wp-content\\\/uploads\\\/2017\\\/11\\\/haztuz-01.jpg\",\"width\":670,\"height\":365},{\"@type\":\"BreadcrumbList\",\"@id\":\"https:\\\/\\\/dorogimedence.hu\\\/index.php\\\/2025\\\/07\\\/11\\\/tobb-mint-szaz-lakastuz-tortent-fel-ev-alatt-varmegyenkben\\\/#breadcrumb\",\"itemListElement\":[{\"@type\":\"ListItem\",\"position\":1,\"name\":\"Kezd\u0151lap\",\"item\":\"https:\\\/\\\/dorogimedence.hu\\\/\"},{\"@type\":\"ListItem\",\"position\":2,\"name\":\"T\u00f6bb mint sz\u00e1z lak\u00e1st\u0171z t\u00f6rt\u00e9nt f\u00e9l \u00e9v alatt v\u00e1rmegy\u00e9nkben\"}]},{\"@type\":\"WebSite\",\"@id\":\"https:\\\/\\\/dorogimedence.hu\\\/#website\",\"url\":\"https:\\\/\\\/dorogimedence.hu\\\/\",\"name\":\"Dorogi-medence Region\u00e1lis H\u00edrport\u00e1l\",\"description\":\"Dorog, Keszt\u00f6lc, Le\u00e1nyv\u00e1r, Piliscs\u00e9v, Tokod, Tokodalt\u00e1r\u00f3, Csolnok, Esztergom-kertv\u00e1ros: h\u00edrek, programok\",\"publisher\":{\"@id\":\"https:\\\/\\\/dorogimedence.hu\\\/#organization\"},\"potentialAction\":[{\"@type\":\"SearchAction\",\"target\":{\"@type\":\"EntryPoint\",\"urlTemplate\":\"https:\\\/\\\/dorogimedence.hu\\\/?s={search_term_string}\"},\"query-input\":{\"@type\":\"PropertyValueSpecification\",\"valueRequired\":true,\"valueName\":\"search_term_string\"}}],\"inLanguage\":\"hu\"},{\"@type\":\"Organization\",\"@id\":\"https:\\\/\\\/dorogimedence.hu\\\/#organization\",\"name\":\"Dorogi-medence Region\u00e1lis H\u00edrport\u00e1l\",\"url\":\"https:\\\/\\\/dorogimedence.hu\\\/\",\"logo\":{\"@type\":\"ImageObject\",\"inLanguage\":\"hu\",\"@id\":\"https:\\\/\\\/dorogimedence.hu\\\/#\\\/schema\\\/logo\\\/image\\\/\",\"url\":\"https:\\\/\\\/dorogimedence.hu\\\/wp-content\\\/uploads\\\/2021\\\/04\\\/logo-feher-600.png\",\"contentUrl\":\"https:\\\/\\\/dorogimedence.hu\\\/wp-content\\\/uploads\\\/2021\\\/04\\\/logo-feher-600.png\",\"width\":600,\"height\":100,\"caption\":\"Dorogi-medence Region\u00e1lis H\u00edrport\u00e1l\"},\"image\":{\"@id\":\"https:\\\/\\\/dorogimedence.hu\\\/#\\\/schema\\\/logo\\\/image\\\/\"},\"sameAs\":[\"https:\\\/\\\/www.facebook.com\\\/dorogimedence\\\/\"]},{\"@type\":\"Person\",\"@id\":\"https:\\\/\\\/dorogimedence.hu\\\/#\\\/schema\\\/person\\\/ce6091eeb7e95ecdc87890d6aa8e0fd4\",\"name\":\"dorogimedence.hu\",\"image\":{\"@type\":\"ImageObject\",\"inLanguage\":\"hu\",\"@id\":\"\\\/\\\/www.gravatar.com\\\/avatar\\\/d8d45f8901aadff40a4af72c0b826f1d?s=96&#038;r=g&#038;d=mm\",\"url\":\"\\\/\\\/www.gravatar.com\\\/avatar\\\/d8d45f8901aadff40a4af72c0b826f1d?s=96&#038;r=g&#038;d=mm\",\"contentUrl\":\"\\\/\\\/www.gravatar.com\\\/avatar\\\/d8d45f8901aadff40a4af72c0b826f1d?s=96&#038;r=g&#038;d=mm\",\"caption\":\"dorogimedence.hu\"}}]}<\/script>\n<!-- \/ Yoast SEO plugin. -->","yoast_head_json":{"title":"T\u00f6bb mint sz\u00e1z lak\u00e1st\u0171z t\u00f6rt\u00e9nt f\u00e9l \u00e9v alatt v\u00e1rmegy\u00e9nkben","robots":{"index":"index","follow":"follow","max-snippet":"max-snippet:-1","max-image-preview":"max-image-preview:large","max-video-preview":"max-video-preview:-1"},"canonical":"https:\/\/dorogimedence.hu\/index.php\/2025\/07\/11\/tobb-mint-szaz-lakastuz-tortent-fel-ev-alatt-varmegyenkben\/","og_locale":"hu_HU","og_type":"article","og_title":"T\u00f6bb mint sz\u00e1z lak\u00e1st\u0171z t\u00f6rt\u00e9nt f\u00e9l \u00e9v alatt v\u00e1rmegy\u00e9nkben","og_description":"2025 els\u0151 f\u00e9l\u00e9v\u00e9ben \u00f6sszesen 101 lak\u00f3\u00e9p\u00fclet gyulladt ki Kom\u00e1rom-Esztergom v\u00e1rmegy\u00e9ben, egyik helyen sem volt f\u00fcst\u00e9rz\u00e9kel\u0151. Az \u00e9rintett \u00e9p\u00fcletekben mintegy 1300 n\u00e9gyzetm\u00e9ternyi ter\u00fclet \u00e9gett le vagy semmis\u00fclt meg. A lak\u00e1st\u00fczek k\u00f6vetkezt\u00e9ben tizenh\u00e1rom ember s\u00e9r\u00fclt meg, egy szem\u00e9ly pedig \u00e9let\u00e9t vesztette. A riaszt\u00e1sokhoz \u00f6sszesen 187 t\u0171zolt\u00f3g\u00e9pj\u00e1rm\u0171 vonult, \u00e9s a t\u0171zolt\u00f3k t\u00f6bb mint 53 \u00f3r\u00e1n&nbsp;kereszt\u00fcl dolgoztak a lak\u00e1st\u00fczek","og_url":"https:\/\/dorogimedence.hu\/index.php\/2025\/07\/11\/tobb-mint-szaz-lakastuz-tortent-fel-ev-alatt-varmegyenkben\/","og_site_name":"Dorogi-medence Region\u00e1lis H\u00edrport\u00e1l","article_publisher":"https:\/\/www.facebook.com\/dorogimedence\/","article_published_time":"2025-07-11T09:35:56+00:00","og_image":[{"width":670,"height":365,"url":"https:\/\/dorogimedence.hu\/wp-content\/uploads\/2017\/11\/haztuz-01.jpg","type":"image\/jpeg"}],"author":"dorogimedence.hu","twitter_card":"summary_large_image","twitter_misc":{"Szerz\u0151:":"dorogimedence.hu","Becs\u00fclt olvas\u00e1si id\u0151":"2 perc"},"schema":{"@context":"https:\/\/schema.org","@graph":[{"@type":"Article","@id":"https:\/\/dorogimedence.hu\/index.php\/2025\/07\/11\/tobb-mint-szaz-lakastuz-tortent-fel-ev-alatt-varmegyenkben\/#article","isPartOf":{"@id":"https:\/\/dorogimedence.hu\/index.php\/2025\/07\/11\/tobb-mint-szaz-lakastuz-tortent-fel-ev-alatt-varmegyenkben\/"},"author":{"name":"dorogimedence.hu","@id":"https:\/\/dorogimedence.hu\/#\/schema\/person\/ce6091eeb7e95ecdc87890d6aa8e0fd4"},"headline":"T\u00f6bb mint sz\u00e1z lak\u00e1st\u0171z t\u00f6rt\u00e9nt f\u00e9l \u00e9v alatt v\u00e1rmegy\u00e9nkben","datePublished":"2025-07-11T09:35:56+00:00","mainEntityOfPage":{"@id":"https:\/\/dorogimedence.hu\/index.php\/2025\/07\/11\/tobb-mint-szaz-lakastuz-tortent-fel-ev-alatt-varmegyenkben\/"},"wordCount":459,"publisher":{"@id":"https:\/\/dorogimedence.hu\/#organization"},"image":{"@id":"https:\/\/dorogimedence.hu\/index.php\/2025\/07\/11\/tobb-mint-szaz-lakastuz-tortent-fel-ev-alatt-varmegyenkben\/#primaryimage"},"thumbnailUrl":"https:\/\/dorogimedence.hu\/wp-content\/uploads\/2017\/11\/haztuz-01.jpg","keywords":["h\u00e1zt\u0171z","katasztr\u00f3fav\u00e9delem","Kom\u00e1rom-Esztergom v\u00e1rmegye","t\u0171zolt\u00f3s\u00e1g"],"articleSection":["H\u00edrek","K\u00e9k h\u00edrek","Kom\u00e1rom-Esztergom"],"inLanguage":"hu"},{"@type":"WebPage","@id":"https:\/\/dorogimedence.hu\/index.php\/2025\/07\/11\/tobb-mint-szaz-lakastuz-tortent-fel-ev-alatt-varmegyenkben\/","url":"https:\/\/dorogimedence.hu\/index.php\/2025\/07\/11\/tobb-mint-szaz-lakastuz-tortent-fel-ev-alatt-varmegyenkben\/","name":"T\u00f6bb mint sz\u00e1z lak\u00e1st\u0171z t\u00f6rt\u00e9nt f\u00e9l \u00e9v alatt v\u00e1rmegy\u00e9nkben","isPartOf":{"@id":"https:\/\/dorogimedence.hu\/#website"},"primaryImageOfPage":{"@id":"https:\/\/dorogimedence.hu\/index.php\/2025\/07\/11\/tobb-mint-szaz-lakastuz-tortent-fel-ev-alatt-varmegyenkben\/#primaryimage"},"image":{"@id":"https:\/\/dorogimedence.hu\/index.php\/2025\/07\/11\/tobb-mint-szaz-lakastuz-tortent-fel-ev-alatt-varmegyenkben\/#primaryimage"},"thumbnailUrl":"https:\/\/dorogimedence.hu\/wp-content\/uploads\/2017\/11\/haztuz-01.jpg","datePublished":"2025-07-11T09:35:56+00:00","breadcrumb":{"@id":"https:\/\/dorogimedence.hu\/index.php\/2025\/07\/11\/tobb-mint-szaz-lakastuz-tortent-fel-ev-alatt-varmegyenkben\/#breadcrumb"},"inLanguage":"hu","potentialAction":[{"@type":"ReadAction","target":["https:\/\/dorogimedence.hu\/index.php\/2025\/07\/11\/tobb-mint-szaz-lakastuz-tortent-fel-ev-alatt-varmegyenkben\/"]}]},{"@type":"ImageObject","inLanguage":"hu","@id":"https:\/\/dorogimedence.hu\/index.php\/2025\/07\/11\/tobb-mint-szaz-lakastuz-tortent-fel-ev-alatt-varmegyenkben\/#primaryimage","url":"https:\/\/dorogimedence.hu\/wp-content\/uploads\/2017\/11\/haztuz-01.jpg","contentUrl":"https:\/\/dorogimedence.hu\/wp-content\/uploads\/2017\/11\/haztuz-01.jpg","width":670,"height":365},{"@type":"BreadcrumbList","@id":"https:\/\/dorogimedence.hu\/index.php\/2025\/07\/11\/tobb-mint-szaz-lakastuz-tortent-fel-ev-alatt-varmegyenkben\/#breadcrumb","itemListElement":[{"@type":"ListItem","position":1,"name":"Kezd\u0151lap","item":"https:\/\/dorogimedence.hu\/"},{"@type":"ListItem","position":2,"name":"T\u00f6bb mint sz\u00e1z lak\u00e1st\u0171z t\u00f6rt\u00e9nt f\u00e9l \u00e9v alatt v\u00e1rmegy\u00e9nkben"}]},{"@type":"WebSite","@id":"https:\/\/dorogimedence.hu\/#website","url":"https:\/\/dorogimedence.hu\/","name":"Dorogi-medence Region\u00e1lis H\u00edrport\u00e1l","description":"Dorog, Keszt\u00f6lc, Le\u00e1nyv\u00e1r, Piliscs\u00e9v, Tokod, Tokodalt\u00e1r\u00f3, Csolnok, Esztergom-kertv\u00e1ros: h\u00edrek, programok","publisher":{"@id":"https:\/\/dorogimedence.hu\/#organization"},"potentialAction":[{"@type":"SearchAction","target":{"@type":"EntryPoint","urlTemplate":"https:\/\/dorogimedence.hu\/?s={search_term_string}"},"query-input":{"@type":"PropertyValueSpecification","valueRequired":true,"valueName":"search_term_string"}}],"inLanguage":"hu"},{"@type":"Organization","@id":"https:\/\/dorogimedence.hu\/#organization","name":"Dorogi-medence Region\u00e1lis H\u00edrport\u00e1l","url":"https:\/\/dorogimedence.hu\/","logo":{"@type":"ImageObject","inLanguage":"hu","@id":"https:\/\/dorogimedence.hu\/#\/schema\/logo\/image\/","url":"https:\/\/dorogimedence.hu\/wp-content\/uploads\/2021\/04\/logo-feher-600.png","contentUrl":"https:\/\/dorogimedence.hu\/wp-content\/uploads\/2021\/04\/logo-feher-600.png","width":600,"height":100,"caption":"Dorogi-medence Region\u00e1lis H\u00edrport\u00e1l"},"image":{"@id":"https:\/\/dorogimedence.hu\/#\/schema\/logo\/image\/"},"sameAs":["https:\/\/www.facebook.com\/dorogimedence\/"]},{"@type":"Person","@id":"https:\/\/dorogimedence.hu\/#\/schema\/person\/ce6091eeb7e95ecdc87890d6aa8e0fd4","name":"dorogimedence.hu","image":{"@type":"ImageObject","inLanguage":"hu","@id":"\/\/www.gravatar.com\/avatar\/d8d45f8901aadff40a4af72c0b826f1d?s=96&#038;r=g&#038;d=mm","url":"\/\/www.gravatar.com\/avatar\/d8d45f8901aadff40a4af72c0b826f1d?s=96&#038;r=g&#038;d=mm","contentUrl":"\/\/www.gravatar.com\/avatar\/d8d45f8901aadff40a4af72c0b826f1d?s=96&#038;r=g&#038;d=mm","caption":"dorogimedence.hu"}}]}},"_links":{"self":[{"href":"https:\/\/dorogimedence.hu\/index.php\/wp-json\/wp\/v2\/posts\/72686","targetHints":{"allow":["GET"]}}],"collection":[{"href":"https:\/\/dorogimedence.hu\/index.php\/wp-json\/wp\/v2\/posts"}],"about":[{"href":"https:\/\/dorogimedence.hu\/index.php\/wp-json\/wp\/v2\/types\/post"}],"author":[{"embeddable":true,"href":"https:\/\/dorogimedence.hu\/index.php\/wp-json\/wp\/v2\/users\/1"}],"replies":[{"embeddable":true,"href":"https:\/\/dorogimedence.hu\/index.php\/wp-json\/wp\/v2\/comments?post=72686"}],"version-history":[{"count":0,"href":"https:\/\/dorogimedence.hu\/index.php\/wp-json\/wp\/v2\/posts\/72686\/revisions"}],"wp:featuredmedia":[{"embeddable":true,"href":"https:\/\/dorogimedence.hu\/index.php\/wp-json\/wp\/v2\/media\/6614"}],"wp:attachment":[{"href":"https:\/\/dorogimedence.hu\/index.php\/wp-json\/wp\/v2\/media?parent=72686"}],"wp:term":[{"taxonomy":"category","embeddable":true,"href":"https:\/\/dorogimedence.hu\/index.php\/wp-json\/wp\/v2\/categories?post=72686"},{"taxonomy":"post_tag","embeddable":true,"href":"https:\/\/dorogimedence.hu\/index.php\/wp-json\/wp\/v2\/tags?post=72686"}],"curies":[{"name":"wp","href":"https:\/\/api.w.org\/{rel}","templated":true}]}}