{"id":72661,"date":"2025-07-10T11:46:43","date_gmt":"2025-07-10T09:46:43","guid":{"rendered":"https:\/\/dorogimedence.hu\/?p=72661"},"modified":"2025-07-10T11:46:43","modified_gmt":"2025-07-10T09:46:43","slug":"veszelyes-potencianoveloket-talalt-az-nkfh-a-piacon","status":"publish","type":"post","link":"https:\/\/dorogimedence.hu\/index.php\/2025\/07\/10\/veszelyes-potencianoveloket-talalt-az-nkfh-a-piacon\/","title":{"rendered":"Vesz\u00e9lyes potencian\u00f6vel\u0151ket tal\u00e1lt az NKFH a piacon"},"content":{"rendered":"<div id=\"5128\" class=\"text-text\/neutral\/strong font-medium mb-6\">\n<p class=\"mb-6\"><strong>A Nemzeti Kereskedelmi \u00e9s Fogyaszt\u00f3v\u00e9delmi Hat\u00f3s\u00e1g (NKFH) az elm\u00falt h\u00f3nap hat\u00f3s\u00e1gi ellen\u0151rz\u00e9sei sor\u00e1n t\u00f6bb olyan potencian\u00f6vel\u0151 k\u00e9sz\u00edtm\u00e9nyt azonos\u00edtott, amelyeket \u00e9trend-kieg\u00e9sz\u00edt\u0151k\u00e9nt, \u00e9lelmiszerk\u00e9nt vagy term\u00e9szetes v\u00e1gyfokoz\u00f3k\u00e9nt forgalmaztak, ugyanakkor azok enged\u00e9ly n\u00e9lk\u00fcli gy\u00f3gyszerhat\u00f3anyagokat \u2013 p\u00e9ld\u00e1ul sildenafilt, tadalafilt \u00e9s vardenafilt \u2013 tartalmaztak. Ezek a hat\u00f3anyagok kiz\u00e1r\u00f3lag orvosi rendelv\u00e9nyre, ellen\u0151rz\u00f6tt k\u00f6r\u00fclm\u00e9nyek k\u00f6z\u00f6tt el\u0151\u00e1ll\u00edtott gy\u00f3gyszerekben alkalmazhat\u00f3k. Haszn\u00e1latuk nem megfelel\u0151 k\u00f6r\u00fclm\u00e9nyek k\u00f6z\u00f6tt komoly eg\u00e9szs\u00e9g\u00fcgyi kock\u00e1zatot jelent, ez\u00e9rt tilos azok jelenl\u00e9te az \u00e9lelmiszerekben, \u00e9trend-kieg\u00e9sz\u00edt\u0151kben. A hat\u00f3s\u00e1g az ellen\u0151rz\u00e9skor azt is meg\u00e1llap\u00edtotta, hogy a tiltott hat\u00f3anyagok nem szerepeltek a term\u00e9kek c\u00edmk\u00e9in, mely a fogyaszt\u00f3k megt\u00e9veszt\u00e9s\u00e9nek min\u0151s\u00fcl.<\/strong><\/p>\n<\/div>\n<div id=\"5129\" class=\"text-text\/neutral\/strong font-medium mb-6\">\n<p class=\"mb-6\">A vizsg\u00e1lat sor\u00e1n az al\u00e1bbi term\u00e9kekben mutattak ki tiltott gy\u00f3gyszerhat\u00f3anyagokat: Black Rock Gold, Dragon Power Green, El Diablo, Szuperh\u0151s Blue, valamint Virility Max Plus nev\u0171 \u00e9trend-kieg\u00e9sz\u00edt\u0151k. Ezeket a k\u00e9sz\u00edtm\u00e9nyeket a gy\u00e1rt\u00f3k term\u00e9szetes n\u00f6v\u00e9nyi kivonatk\u00e9nt, gy\u00f3gyn\u00f6v\u00e9nyes \u00e9trend-kieg\u00e9sz\u00edt\u0151k\u00e9nt hirdett\u00e9k, azonban a laborat\u00f3riumi vizsg\u00e1latok bizony\u00edtott\u00e1k, hogy gy\u00f3gyszerhat\u00e1ssal rendelkez\u0151 vegy\u00fcleteket tartalmaznak.<\/p>\n<p class=\"mb-6\">A sz\u00f3ban forg\u00f3 hat\u00f3anyagok \u2013 sildenafil, tadalafil \u00e9s vardenafil \u2013 az \u00fagynevezett foszfodi\u00e9szter\u00e1z-5 (PDE-5) g\u00e1tl\u00f3k csoportj\u00e1ba tartoznak, melyeknek haszn\u00e1lata csak szigor\u00fa orvosi fel\u00fcgyelet mellett biztons\u00e1gos. E vegy\u00fcletek a sz\u00edv- \u00e9s \u00e9rrendszerre hatnak, \u00e9s k\u00fcl\u00f6n\u00f6sen vesz\u00e9lyesek lehetnek m\u00e1s gy\u00f3gyszerekkel \u2013 p\u00e9ld\u00e1ul nitr\u00e1t tartalm\u00fa k\u00e9sz\u00edtm\u00e9nyekkel \u2013 t\u00f6rt\u00e9n\u0151 egy\u00fcttes alkalmaz\u00e1s eset\u00e9n. A mell\u00e9khat\u00e1sok k\u00f6z\u00f6tt szerepelhet fejf\u00e1j\u00e1s, sz\u00e9d\u00fcl\u00e9s, l\u00e1t\u00e1szavar, v\u00e9rnyom\u00e1ses\u00e9s, s\u00falyos esetekben pedig ak\u00e1r sz\u00edvinfarktus is. Mindez k\u00fcl\u00f6n\u00f6sen vesz\u00e9lyes, ha a felhaszn\u00e1l\u00f3 nem is tud arr\u00f3l, hogy tiltott gy\u00f3gyszerhat\u00f3anyagot tartalmaz\u00f3 k\u00e9sz\u00edtm\u00e9nyt fogyasztott.<\/p>\n<p class=\"mb-6\">Fontos tudni, hogy a PDE-5 g\u00e1tl\u00f3k nem fordulnak el\u0151 term\u00e9szetes form\u00e1ban n\u00f6v\u00e9nyi alapanyagokban, ez\u00e9rt ha egy \u00e9trend-kieg\u00e9sz\u00edt\u0151 er\u0151s, gy\u00f3gyszerre eml\u00e9keztet\u0151 hat\u00e1st fejt ki, mik\u00f6zben term\u00e9szetes eredet\u0171k\u00e9nt hirdetik, alapos a gyan\u00fa, hogy illeg\u00e1lisan gy\u00f3gyszerhat\u00f3anyagot tartalmaz. Az ismeretlen \u00f6sszet\u00e9tel, a nem ellen\u0151rz\u00f6tt gy\u00e1rt\u00e1si k\u00f6r\u00fclm\u00e9nyek, illetve a nem megfelel\u0151 adagol\u00e1s jelent\u0151sen n\u00f6veli a t\u00faladagol\u00e1s, az allergi\u00e1s reakci\u00f3k, valamint a sz\u00edv- \u00e9s \u00e9rrendszeri sz\u00f6v\u0151dm\u00e9nyek kock\u00e1zat\u00e1t.<\/p>\n<p class=\"mb-6\">A hat\u00f3s\u00e1g felh\u00edvja a fogyaszt\u00f3k figyelm\u00e9t, hogy kiz\u00e1r\u00f3lag megb\u00edzhat\u00f3, enged\u00e9lyezett forr\u00e1sb\u00f3l sz\u00e1rmaz\u00f3 \u00e9trend-kieg\u00e9sz\u00edt\u0151ket v\u00e1s\u00e1roljanak, ker\u00fclj\u00e9k azokat a term\u00e9keket, amelyek irre\u00e1lisan gyors vagy er\u0151teljes hat\u00e1st \u00edg\u00e9rnek, \u00e9s k\u00fcl\u00f6n\u00f6sen legyenek \u00f3vatosak azokkal a k\u00e9sz\u00edtm\u00e9nyekkel, amelyek term\u00e9szetes n\u00f6v\u00e9nyi \u00f6sszet\u00e9telre hivatkoznak, de gy\u00f3gyszerre jellemz\u0151 hat\u00e1st fejtenek ki. Minden esetben \u00e9rdemes ellen\u0151rizni, hogy a kiv\u00e1lasztott term\u00e9k szerepel-e a Nemzeti N\u00e9peg\u00e9szs\u00e9g\u00fcgyi \u00e9s Gy\u00f3gyszer\u00e9szeti K\u00f6zpont (NNGYK) \u00e1ltal k\u00f6zz\u00e9tett, bejelentett \u00e9trend-kieg\u00e9sz\u00edt\u0151ket tartalmaz\u00f3 adatb\u00e1zisban, illetve hogy nem szerepel-e a forgalomba hozatalt\u00f3l eltiltott term\u00e9kek list\u00e1j\u00e1n. Az ellen\u0151rz\u00e9shez a <a href=\"https:\/\/ogyei.gov.hu\/ETREND_LISTA\/\" target=\"_blank\" rel=\"noopener\"><span style=\"text-decoration: underline; color: #0000ff;\">https:\/\/ogyei.gov.hu\/ETREND_LISTA\/<\/span><\/a> oldalon tal\u00e1lhat\u00f3k naprak\u00e9sz inform\u00e1ci\u00f3k.<\/p>\n<p class=\"mb-6\">Amennyiben valaki a fenti vagy m\u00e1s hasonl\u00f3 term\u00e9k fogyaszt\u00e1sa ut\u00e1n mell\u00e9khat\u00e1sokat tapasztal \u2013 p\u00e9ld\u00e1ul fejf\u00e1j\u00e1st, sz\u00e9d\u00fcl\u00e9st, v\u00e9rnyom\u00e1s-ingadoz\u00e1st, sz\u00edvpanaszokat \u2013, halad\u00e9ktalanul forduljon orvoshoz, \u00e9s jelezze az esetet a Nemzeti Kereskedelmi \u00e9s Fogyaszt\u00f3v\u00e9delmi Hat\u00f3s\u00e1g, a Nemzeti N\u00e9peg\u00e9szs\u00e9g\u00fcgyi \u00e9s Gy\u00f3gyszer\u00e9szeti K\u00f6zpont vagy a ter\u00fcletileg illet\u00e9kes v\u00e1rmegyei korm\u00e1nyhivatal \u00e9lelmiszerl\u00e1nc-fel\u00fcgyeleti vagy n\u00e9peg\u00e9szs\u00e9g\u00fcgyi szervei fel\u00e9. A hat\u00f3s\u00e1g egy\u00fattal arra k\u00e9ri a fogyaszt\u00f3kat, hogy amennyiben a felsorolt vagy hasonl\u00f3 k\u00e9sz\u00edtm\u00e9nyeket megv\u00e1s\u00e1rolt\u00e1k, azokat ne fogyassz\u00e1k el, \u00e9s lehet\u0151s\u00e9g szerint vigy\u00e9k vissza a v\u00e1s\u00e1rl\u00e1s hely\u00e9re.<\/p>\n<p class=\"mb-6\">V\u00e9gezet\u00fcl felh\u00edvj\u00e1k a forgalmaz\u00f3k figyelm\u00e9t, hogy a gy\u00f3gyszerhat\u00f3anyagot jogs\u00e9rt\u0151en tartalmaz\u00f3 term\u00e9kek forgalmaz\u00e1sa nemcsak \u00e9lelmiszer-biztons\u00e1gi szab\u00e1lys\u00e9rt\u00e9snek, hanem hamis\u00edt\u00e1snak \u00e9s b\u0171ncselekm\u00e9nynek min\u0151s\u00fcl, amely szigor\u00fa jogi k\u00f6vetkezm\u00e9nyeket von maga ut\u00e1n.<\/p>\n<p><em>Forr\u00e1s: NKFH<\/em><\/p>\n<\/div>\n","protected":false},"excerpt":{"rendered":"<p>A Nemzeti Kereskedelmi \u00e9s Fogyaszt\u00f3v\u00e9delmi Hat\u00f3s\u00e1g (NKFH) az elm\u00falt h\u00f3nap hat\u00f3s\u00e1gi ellen\u0151rz\u00e9sei sor\u00e1n t\u00f6bb olyan potencian\u00f6vel\u0151 k\u00e9sz\u00edtm\u00e9nyt azonos\u00edtott, amelyeket \u00e9trend-kieg\u00e9sz\u00edt\u0151k\u00e9nt, \u00e9lelmiszerk\u00e9nt vagy term\u00e9szetes v\u00e1gyfokoz\u00f3k\u00e9nt forgalmaztak, ugyanakkor azok enged\u00e9ly n\u00e9lk\u00fcli gy\u00f3gyszerhat\u00f3anyagokat \u2013 p\u00e9ld\u00e1ul sildenafilt, tadalafilt \u00e9s vardenafilt \u2013 tartalmaztak. Ezek a hat\u00f3anyagok kiz\u00e1r\u00f3lag orvosi rendelv\u00e9nyre, ellen\u0151rz\u00f6tt k\u00f6r\u00fclm\u00e9nyek k\u00f6z\u00f6tt el\u0151\u00e1ll\u00edtott gy\u00f3gyszerekben alkalmazhat\u00f3k. Haszn\u00e1latuk nem megfelel\u0151 k\u00f6r\u00fclm\u00e9nyek k\u00f6z\u00f6tt<\/p>\n","protected":false},"author":1,"featured_media":72662,"comment_status":"closed","ping_status":"closed","sticky":false,"template":"","format":"standard","meta":{"ngg_post_thumbnail":0,"footnotes":""},"categories":[3],"tags":[8210,8464],"class_list":{"0":"post-72661","1":"post","2":"type-post","3":"status-publish","4":"format-standard","5":"has-post-thumbnail","7":"category-hirek","8":"tag-nkfh","9":"tag-potencianovelo"},"yoast_head":"<!-- This site is optimized with the Yoast SEO plugin v27.4 - https:\/\/yoast.com\/product\/yoast-seo-wordpress\/ -->\n<title>Vesz\u00e9lyes potencian\u00f6vel\u0151ket tal\u00e1lt az NKFH a piacon<\/title>\n<meta name=\"robots\" content=\"index, follow, max-snippet:-1, max-image-preview:large, max-video-preview:-1\" \/>\n<link rel=\"canonical\" href=\"https:\/\/dorogimedence.hu\/index.php\/2025\/07\/10\/veszelyes-potencianoveloket-talalt-az-nkfh-a-piacon\/\" class=\"yoast-seo-meta-tag\" \/>\n<meta property=\"og:locale\" content=\"hu_HU\" class=\"yoast-seo-meta-tag\" \/>\n<meta property=\"og:type\" content=\"article\" class=\"yoast-seo-meta-tag\" \/>\n<meta property=\"og:title\" content=\"Vesz\u00e9lyes potencian\u00f6vel\u0151ket tal\u00e1lt az NKFH a piacon\" class=\"yoast-seo-meta-tag\" \/>\n<meta property=\"og:description\" content=\"A Nemzeti Kereskedelmi \u00e9s Fogyaszt\u00f3v\u00e9delmi Hat\u00f3s\u00e1g (NKFH) az elm\u00falt h\u00f3nap hat\u00f3s\u00e1gi ellen\u0151rz\u00e9sei sor\u00e1n t\u00f6bb olyan potencian\u00f6vel\u0151 k\u00e9sz\u00edtm\u00e9nyt azonos\u00edtott, amelyeket \u00e9trend-kieg\u00e9sz\u00edt\u0151k\u00e9nt, \u00e9lelmiszerk\u00e9nt vagy term\u00e9szetes v\u00e1gyfokoz\u00f3k\u00e9nt forgalmaztak, ugyanakkor azok enged\u00e9ly n\u00e9lk\u00fcli gy\u00f3gyszerhat\u00f3anyagokat \u2013 p\u00e9ld\u00e1ul sildenafilt, tadalafilt \u00e9s vardenafilt \u2013 tartalmaztak. Ezek a hat\u00f3anyagok kiz\u00e1r\u00f3lag orvosi rendelv\u00e9nyre, ellen\u0151rz\u00f6tt k\u00f6r\u00fclm\u00e9nyek k\u00f6z\u00f6tt el\u0151\u00e1ll\u00edtott gy\u00f3gyszerekben alkalmazhat\u00f3k. Haszn\u00e1latuk nem megfelel\u0151 k\u00f6r\u00fclm\u00e9nyek k\u00f6z\u00f6tt\" class=\"yoast-seo-meta-tag\" \/>\n<meta property=\"og:url\" content=\"https:\/\/dorogimedence.hu\/index.php\/2025\/07\/10\/veszelyes-potencianoveloket-talalt-az-nkfh-a-piacon\/\" class=\"yoast-seo-meta-tag\" \/>\n<meta property=\"og:site_name\" content=\"Dorogi-medence Region\u00e1lis H\u00edrport\u00e1l\" class=\"yoast-seo-meta-tag\" \/>\n<meta property=\"article:publisher\" content=\"https:\/\/www.facebook.com\/dorogimedence\/\" class=\"yoast-seo-meta-tag\" \/>\n<meta property=\"article:published_time\" content=\"2025-07-10T09:46:43+00:00\" class=\"yoast-seo-meta-tag\" \/>\n<meta property=\"og:image\" content=\"https:\/\/dorogimedence.hu\/wp-content\/uploads\/2025\/07\/potencianovelo.jpg\" class=\"yoast-seo-meta-tag\" \/>\n\t<meta property=\"og:image:width\" content=\"1920\" class=\"yoast-seo-meta-tag\" \/>\n\t<meta property=\"og:image:height\" content=\"970\" class=\"yoast-seo-meta-tag\" \/>\n\t<meta property=\"og:image:type\" content=\"image\/jpeg\" class=\"yoast-seo-meta-tag\" \/>\n<meta name=\"author\" content=\"dorogimedence.hu\" class=\"yoast-seo-meta-tag\" \/>\n<meta name=\"twitter:card\" content=\"summary_large_image\" class=\"yoast-seo-meta-tag\" \/>\n<meta name=\"twitter:label1\" content=\"Szerz\u0151:\" class=\"yoast-seo-meta-tag\" \/>\n\t<meta name=\"twitter:data1\" content=\"dorogimedence.hu\" class=\"yoast-seo-meta-tag\" \/>\n\t<meta name=\"twitter:label2\" content=\"Becs\u00fclt olvas\u00e1si id\u0151\" class=\"yoast-seo-meta-tag\" \/>\n\t<meta name=\"twitter:data2\" content=\"4 perc\" class=\"yoast-seo-meta-tag\" \/>\n<script type=\"application\/ld+json\" class=\"yoast-schema-graph\">{\"@context\":\"https:\\\/\\\/schema.org\",\"@graph\":[{\"@type\":\"Article\",\"@id\":\"https:\\\/\\\/dorogimedence.hu\\\/index.php\\\/2025\\\/07\\\/10\\\/veszelyes-potencianoveloket-talalt-az-nkfh-a-piacon\\\/#article\",\"isPartOf\":{\"@id\":\"https:\\\/\\\/dorogimedence.hu\\\/index.php\\\/2025\\\/07\\\/10\\\/veszelyes-potencianoveloket-talalt-az-nkfh-a-piacon\\\/\"},\"author\":{\"name\":\"dorogimedence.hu\",\"@id\":\"https:\\\/\\\/dorogimedence.hu\\\/#\\\/schema\\\/person\\\/ce6091eeb7e95ecdc87890d6aa8e0fd4\"},\"headline\":\"Vesz\u00e9lyes potencian\u00f6vel\u0151ket tal\u00e1lt az NKFH a piacon\",\"datePublished\":\"2025-07-10T09:46:43+00:00\",\"mainEntityOfPage\":{\"@id\":\"https:\\\/\\\/dorogimedence.hu\\\/index.php\\\/2025\\\/07\\\/10\\\/veszelyes-potencianoveloket-talalt-az-nkfh-a-piacon\\\/\"},\"wordCount\":827,\"publisher\":{\"@id\":\"https:\\\/\\\/dorogimedence.hu\\\/#organization\"},\"image\":{\"@id\":\"https:\\\/\\\/dorogimedence.hu\\\/index.php\\\/2025\\\/07\\\/10\\\/veszelyes-potencianoveloket-talalt-az-nkfh-a-piacon\\\/#primaryimage\"},\"thumbnailUrl\":\"https:\\\/\\\/dorogimedence.hu\\\/wp-content\\\/uploads\\\/2025\\\/07\\\/potencianovelo.jpg\",\"keywords\":[\"NKFH\",\"potencian\u00f6vel\u0151\"],\"articleSection\":[\"H\u00edrek\"],\"inLanguage\":\"hu\"},{\"@type\":\"WebPage\",\"@id\":\"https:\\\/\\\/dorogimedence.hu\\\/index.php\\\/2025\\\/07\\\/10\\\/veszelyes-potencianoveloket-talalt-az-nkfh-a-piacon\\\/\",\"url\":\"https:\\\/\\\/dorogimedence.hu\\\/index.php\\\/2025\\\/07\\\/10\\\/veszelyes-potencianoveloket-talalt-az-nkfh-a-piacon\\\/\",\"name\":\"Vesz\u00e9lyes potencian\u00f6vel\u0151ket tal\u00e1lt az NKFH a piacon\",\"isPartOf\":{\"@id\":\"https:\\\/\\\/dorogimedence.hu\\\/#website\"},\"primaryImageOfPage\":{\"@id\":\"https:\\\/\\\/dorogimedence.hu\\\/index.php\\\/2025\\\/07\\\/10\\\/veszelyes-potencianoveloket-talalt-az-nkfh-a-piacon\\\/#primaryimage\"},\"image\":{\"@id\":\"https:\\\/\\\/dorogimedence.hu\\\/index.php\\\/2025\\\/07\\\/10\\\/veszelyes-potencianoveloket-talalt-az-nkfh-a-piacon\\\/#primaryimage\"},\"thumbnailUrl\":\"https:\\\/\\\/dorogimedence.hu\\\/wp-content\\\/uploads\\\/2025\\\/07\\\/potencianovelo.jpg\",\"datePublished\":\"2025-07-10T09:46:43+00:00\",\"breadcrumb\":{\"@id\":\"https:\\\/\\\/dorogimedence.hu\\\/index.php\\\/2025\\\/07\\\/10\\\/veszelyes-potencianoveloket-talalt-az-nkfh-a-piacon\\\/#breadcrumb\"},\"inLanguage\":\"hu\",\"potentialAction\":[{\"@type\":\"ReadAction\",\"target\":[\"https:\\\/\\\/dorogimedence.hu\\\/index.php\\\/2025\\\/07\\\/10\\\/veszelyes-potencianoveloket-talalt-az-nkfh-a-piacon\\\/\"]}]},{\"@type\":\"ImageObject\",\"inLanguage\":\"hu\",\"@id\":\"https:\\\/\\\/dorogimedence.hu\\\/index.php\\\/2025\\\/07\\\/10\\\/veszelyes-potencianoveloket-talalt-az-nkfh-a-piacon\\\/#primaryimage\",\"url\":\"https:\\\/\\\/dorogimedence.hu\\\/wp-content\\\/uploads\\\/2025\\\/07\\\/potencianovelo.jpg\",\"contentUrl\":\"https:\\\/\\\/dorogimedence.hu\\\/wp-content\\\/uploads\\\/2025\\\/07\\\/potencianovelo.jpg\",\"width\":1920,\"height\":970},{\"@type\":\"BreadcrumbList\",\"@id\":\"https:\\\/\\\/dorogimedence.hu\\\/index.php\\\/2025\\\/07\\\/10\\\/veszelyes-potencianoveloket-talalt-az-nkfh-a-piacon\\\/#breadcrumb\",\"itemListElement\":[{\"@type\":\"ListItem\",\"position\":1,\"name\":\"Kezd\u0151lap\",\"item\":\"https:\\\/\\\/dorogimedence.hu\\\/\"},{\"@type\":\"ListItem\",\"position\":2,\"name\":\"Vesz\u00e9lyes potencian\u00f6vel\u0151ket tal\u00e1lt az NKFH a piacon\"}]},{\"@type\":\"WebSite\",\"@id\":\"https:\\\/\\\/dorogimedence.hu\\\/#website\",\"url\":\"https:\\\/\\\/dorogimedence.hu\\\/\",\"name\":\"Dorogi-medence Region\u00e1lis H\u00edrport\u00e1l\",\"description\":\"Dorog, Keszt\u00f6lc, Le\u00e1nyv\u00e1r, Piliscs\u00e9v, Tokod, Tokodalt\u00e1r\u00f3, Csolnok, Esztergom-kertv\u00e1ros: h\u00edrek, programok\",\"publisher\":{\"@id\":\"https:\\\/\\\/dorogimedence.hu\\\/#organization\"},\"potentialAction\":[{\"@type\":\"SearchAction\",\"target\":{\"@type\":\"EntryPoint\",\"urlTemplate\":\"https:\\\/\\\/dorogimedence.hu\\\/?s={search_term_string}\"},\"query-input\":{\"@type\":\"PropertyValueSpecification\",\"valueRequired\":true,\"valueName\":\"search_term_string\"}}],\"inLanguage\":\"hu\"},{\"@type\":\"Organization\",\"@id\":\"https:\\\/\\\/dorogimedence.hu\\\/#organization\",\"name\":\"Dorogi-medence Region\u00e1lis H\u00edrport\u00e1l\",\"url\":\"https:\\\/\\\/dorogimedence.hu\\\/\",\"logo\":{\"@type\":\"ImageObject\",\"inLanguage\":\"hu\",\"@id\":\"https:\\\/\\\/dorogimedence.hu\\\/#\\\/schema\\\/logo\\\/image\\\/\",\"url\":\"https:\\\/\\\/dorogimedence.hu\\\/wp-content\\\/uploads\\\/2021\\\/04\\\/logo-feher-600.png\",\"contentUrl\":\"https:\\\/\\\/dorogimedence.hu\\\/wp-content\\\/uploads\\\/2021\\\/04\\\/logo-feher-600.png\",\"width\":600,\"height\":100,\"caption\":\"Dorogi-medence Region\u00e1lis H\u00edrport\u00e1l\"},\"image\":{\"@id\":\"https:\\\/\\\/dorogimedence.hu\\\/#\\\/schema\\\/logo\\\/image\\\/\"},\"sameAs\":[\"https:\\\/\\\/www.facebook.com\\\/dorogimedence\\\/\"]},{\"@type\":\"Person\",\"@id\":\"https:\\\/\\\/dorogimedence.hu\\\/#\\\/schema\\\/person\\\/ce6091eeb7e95ecdc87890d6aa8e0fd4\",\"name\":\"dorogimedence.hu\",\"image\":{\"@type\":\"ImageObject\",\"inLanguage\":\"hu\",\"@id\":\"\\\/\\\/www.gravatar.com\\\/avatar\\\/d8d45f8901aadff40a4af72c0b826f1d?s=96&#038;r=g&#038;d=mm\",\"url\":\"\\\/\\\/www.gravatar.com\\\/avatar\\\/d8d45f8901aadff40a4af72c0b826f1d?s=96&#038;r=g&#038;d=mm\",\"contentUrl\":\"\\\/\\\/www.gravatar.com\\\/avatar\\\/d8d45f8901aadff40a4af72c0b826f1d?s=96&#038;r=g&#038;d=mm\",\"caption\":\"dorogimedence.hu\"}}]}<\/script>\n<!-- \/ Yoast SEO plugin. -->","yoast_head_json":{"title":"Vesz\u00e9lyes potencian\u00f6vel\u0151ket tal\u00e1lt az NKFH a piacon","robots":{"index":"index","follow":"follow","max-snippet":"max-snippet:-1","max-image-preview":"max-image-preview:large","max-video-preview":"max-video-preview:-1"},"canonical":"https:\/\/dorogimedence.hu\/index.php\/2025\/07\/10\/veszelyes-potencianoveloket-talalt-az-nkfh-a-piacon\/","og_locale":"hu_HU","og_type":"article","og_title":"Vesz\u00e9lyes potencian\u00f6vel\u0151ket tal\u00e1lt az NKFH a piacon","og_description":"A Nemzeti Kereskedelmi \u00e9s Fogyaszt\u00f3v\u00e9delmi Hat\u00f3s\u00e1g (NKFH) az elm\u00falt h\u00f3nap hat\u00f3s\u00e1gi ellen\u0151rz\u00e9sei sor\u00e1n t\u00f6bb olyan potencian\u00f6vel\u0151 k\u00e9sz\u00edtm\u00e9nyt azonos\u00edtott, amelyeket \u00e9trend-kieg\u00e9sz\u00edt\u0151k\u00e9nt, \u00e9lelmiszerk\u00e9nt vagy term\u00e9szetes v\u00e1gyfokoz\u00f3k\u00e9nt forgalmaztak, ugyanakkor azok enged\u00e9ly n\u00e9lk\u00fcli gy\u00f3gyszerhat\u00f3anyagokat \u2013 p\u00e9ld\u00e1ul sildenafilt, tadalafilt \u00e9s vardenafilt \u2013 tartalmaztak. Ezek a hat\u00f3anyagok kiz\u00e1r\u00f3lag orvosi rendelv\u00e9nyre, ellen\u0151rz\u00f6tt k\u00f6r\u00fclm\u00e9nyek k\u00f6z\u00f6tt el\u0151\u00e1ll\u00edtott gy\u00f3gyszerekben alkalmazhat\u00f3k. Haszn\u00e1latuk nem megfelel\u0151 k\u00f6r\u00fclm\u00e9nyek k\u00f6z\u00f6tt","og_url":"https:\/\/dorogimedence.hu\/index.php\/2025\/07\/10\/veszelyes-potencianoveloket-talalt-az-nkfh-a-piacon\/","og_site_name":"Dorogi-medence Region\u00e1lis H\u00edrport\u00e1l","article_publisher":"https:\/\/www.facebook.com\/dorogimedence\/","article_published_time":"2025-07-10T09:46:43+00:00","og_image":[{"width":1920,"height":970,"url":"https:\/\/dorogimedence.hu\/wp-content\/uploads\/2025\/07\/potencianovelo.jpg","type":"image\/jpeg"}],"author":"dorogimedence.hu","twitter_card":"summary_large_image","twitter_misc":{"Szerz\u0151:":"dorogimedence.hu","Becs\u00fclt olvas\u00e1si id\u0151":"4 perc"},"schema":{"@context":"https:\/\/schema.org","@graph":[{"@type":"Article","@id":"https:\/\/dorogimedence.hu\/index.php\/2025\/07\/10\/veszelyes-potencianoveloket-talalt-az-nkfh-a-piacon\/#article","isPartOf":{"@id":"https:\/\/dorogimedence.hu\/index.php\/2025\/07\/10\/veszelyes-potencianoveloket-talalt-az-nkfh-a-piacon\/"},"author":{"name":"dorogimedence.hu","@id":"https:\/\/dorogimedence.hu\/#\/schema\/person\/ce6091eeb7e95ecdc87890d6aa8e0fd4"},"headline":"Vesz\u00e9lyes potencian\u00f6vel\u0151ket tal\u00e1lt az NKFH a piacon","datePublished":"2025-07-10T09:46:43+00:00","mainEntityOfPage":{"@id":"https:\/\/dorogimedence.hu\/index.php\/2025\/07\/10\/veszelyes-potencianoveloket-talalt-az-nkfh-a-piacon\/"},"wordCount":827,"publisher":{"@id":"https:\/\/dorogimedence.hu\/#organization"},"image":{"@id":"https:\/\/dorogimedence.hu\/index.php\/2025\/07\/10\/veszelyes-potencianoveloket-talalt-az-nkfh-a-piacon\/#primaryimage"},"thumbnailUrl":"https:\/\/dorogimedence.hu\/wp-content\/uploads\/2025\/07\/potencianovelo.jpg","keywords":["NKFH","potencian\u00f6vel\u0151"],"articleSection":["H\u00edrek"],"inLanguage":"hu"},{"@type":"WebPage","@id":"https:\/\/dorogimedence.hu\/index.php\/2025\/07\/10\/veszelyes-potencianoveloket-talalt-az-nkfh-a-piacon\/","url":"https:\/\/dorogimedence.hu\/index.php\/2025\/07\/10\/veszelyes-potencianoveloket-talalt-az-nkfh-a-piacon\/","name":"Vesz\u00e9lyes potencian\u00f6vel\u0151ket tal\u00e1lt az NKFH a piacon","isPartOf":{"@id":"https:\/\/dorogimedence.hu\/#website"},"primaryImageOfPage":{"@id":"https:\/\/dorogimedence.hu\/index.php\/2025\/07\/10\/veszelyes-potencianoveloket-talalt-az-nkfh-a-piacon\/#primaryimage"},"image":{"@id":"https:\/\/dorogimedence.hu\/index.php\/2025\/07\/10\/veszelyes-potencianoveloket-talalt-az-nkfh-a-piacon\/#primaryimage"},"thumbnailUrl":"https:\/\/dorogimedence.hu\/wp-content\/uploads\/2025\/07\/potencianovelo.jpg","datePublished":"2025-07-10T09:46:43+00:00","breadcrumb":{"@id":"https:\/\/dorogimedence.hu\/index.php\/2025\/07\/10\/veszelyes-potencianoveloket-talalt-az-nkfh-a-piacon\/#breadcrumb"},"inLanguage":"hu","potentialAction":[{"@type":"ReadAction","target":["https:\/\/dorogimedence.hu\/index.php\/2025\/07\/10\/veszelyes-potencianoveloket-talalt-az-nkfh-a-piacon\/"]}]},{"@type":"ImageObject","inLanguage":"hu","@id":"https:\/\/dorogimedence.hu\/index.php\/2025\/07\/10\/veszelyes-potencianoveloket-talalt-az-nkfh-a-piacon\/#primaryimage","url":"https:\/\/dorogimedence.hu\/wp-content\/uploads\/2025\/07\/potencianovelo.jpg","contentUrl":"https:\/\/dorogimedence.hu\/wp-content\/uploads\/2025\/07\/potencianovelo.jpg","width":1920,"height":970},{"@type":"BreadcrumbList","@id":"https:\/\/dorogimedence.hu\/index.php\/2025\/07\/10\/veszelyes-potencianoveloket-talalt-az-nkfh-a-piacon\/#breadcrumb","itemListElement":[{"@type":"ListItem","position":1,"name":"Kezd\u0151lap","item":"https:\/\/dorogimedence.hu\/"},{"@type":"ListItem","position":2,"name":"Vesz\u00e9lyes potencian\u00f6vel\u0151ket tal\u00e1lt az NKFH a piacon"}]},{"@type":"WebSite","@id":"https:\/\/dorogimedence.hu\/#website","url":"https:\/\/dorogimedence.hu\/","name":"Dorogi-medence Region\u00e1lis H\u00edrport\u00e1l","description":"Dorog, Keszt\u00f6lc, Le\u00e1nyv\u00e1r, Piliscs\u00e9v, Tokod, Tokodalt\u00e1r\u00f3, Csolnok, Esztergom-kertv\u00e1ros: h\u00edrek, programok","publisher":{"@id":"https:\/\/dorogimedence.hu\/#organization"},"potentialAction":[{"@type":"SearchAction","target":{"@type":"EntryPoint","urlTemplate":"https:\/\/dorogimedence.hu\/?s={search_term_string}"},"query-input":{"@type":"PropertyValueSpecification","valueRequired":true,"valueName":"search_term_string"}}],"inLanguage":"hu"},{"@type":"Organization","@id":"https:\/\/dorogimedence.hu\/#organization","name":"Dorogi-medence Region\u00e1lis H\u00edrport\u00e1l","url":"https:\/\/dorogimedence.hu\/","logo":{"@type":"ImageObject","inLanguage":"hu","@id":"https:\/\/dorogimedence.hu\/#\/schema\/logo\/image\/","url":"https:\/\/dorogimedence.hu\/wp-content\/uploads\/2021\/04\/logo-feher-600.png","contentUrl":"https:\/\/dorogimedence.hu\/wp-content\/uploads\/2021\/04\/logo-feher-600.png","width":600,"height":100,"caption":"Dorogi-medence Region\u00e1lis H\u00edrport\u00e1l"},"image":{"@id":"https:\/\/dorogimedence.hu\/#\/schema\/logo\/image\/"},"sameAs":["https:\/\/www.facebook.com\/dorogimedence\/"]},{"@type":"Person","@id":"https:\/\/dorogimedence.hu\/#\/schema\/person\/ce6091eeb7e95ecdc87890d6aa8e0fd4","name":"dorogimedence.hu","image":{"@type":"ImageObject","inLanguage":"hu","@id":"\/\/www.gravatar.com\/avatar\/d8d45f8901aadff40a4af72c0b826f1d?s=96&#038;r=g&#038;d=mm","url":"\/\/www.gravatar.com\/avatar\/d8d45f8901aadff40a4af72c0b826f1d?s=96&#038;r=g&#038;d=mm","contentUrl":"\/\/www.gravatar.com\/avatar\/d8d45f8901aadff40a4af72c0b826f1d?s=96&#038;r=g&#038;d=mm","caption":"dorogimedence.hu"}}]}},"_links":{"self":[{"href":"https:\/\/dorogimedence.hu\/index.php\/wp-json\/wp\/v2\/posts\/72661","targetHints":{"allow":["GET"]}}],"collection":[{"href":"https:\/\/dorogimedence.hu\/index.php\/wp-json\/wp\/v2\/posts"}],"about":[{"href":"https:\/\/dorogimedence.hu\/index.php\/wp-json\/wp\/v2\/types\/post"}],"author":[{"embeddable":true,"href":"https:\/\/dorogimedence.hu\/index.php\/wp-json\/wp\/v2\/users\/1"}],"replies":[{"embeddable":true,"href":"https:\/\/dorogimedence.hu\/index.php\/wp-json\/wp\/v2\/comments?post=72661"}],"version-history":[{"count":0,"href":"https:\/\/dorogimedence.hu\/index.php\/wp-json\/wp\/v2\/posts\/72661\/revisions"}],"wp:featuredmedia":[{"embeddable":true,"href":"https:\/\/dorogimedence.hu\/index.php\/wp-json\/wp\/v2\/media\/72662"}],"wp:attachment":[{"href":"https:\/\/dorogimedence.hu\/index.php\/wp-json\/wp\/v2\/media?parent=72661"}],"wp:term":[{"taxonomy":"category","embeddable":true,"href":"https:\/\/dorogimedence.hu\/index.php\/wp-json\/wp\/v2\/categories?post=72661"},{"taxonomy":"post_tag","embeddable":true,"href":"https:\/\/dorogimedence.hu\/index.php\/wp-json\/wp\/v2\/tags?post=72661"}],"curies":[{"name":"wp","href":"https:\/\/api.w.org\/{rel}","templated":true}]}}