{"id":72659,"date":"2025-07-10T11:28:54","date_gmt":"2025-07-10T09:28:54","guid":{"rendered":"https:\/\/dorogimedence.hu\/?p=72659"},"modified":"2025-07-10T11:28:54","modified_gmt":"2025-07-10T09:28:54","slug":"visszavontak-a-tuzgyujtasi-tilalmat-varmegyenkben","status":"publish","type":"post","link":"https:\/\/dorogimedence.hu\/index.php\/2025\/07\/10\/visszavontak-a-tuzgyujtasi-tilalmat-varmegyenkben\/","title":{"rendered":"Visszavont\u00e1k a t\u0171zgy\u00fajt\u00e1si tilalmat v\u00e1rmegy\u00e9nkben"},"content":{"rendered":"<p class=\"mb-5 text-lg font-normal leading-7.5 lg:mb-7.5 lg:text-xl\"><strong>Az ut\u00f3bbi napok csapad\u00e9kos id\u0151j\u00e1r\u00e1s\u00e1nak hat\u00e1s\u00e1ra jelent\u0151sen cs\u00f6kkent a t\u0171zvesz\u00e9ly az orsz\u00e1g t\u00f6bb t\u00e9rs\u00e9g\u00e9ben. Ennek k\u00f6sz\u00f6nhet\u0151en cs\u00fct\u00f6rt\u00f6k\u00f6n tov\u00e1bbi h\u00e9t v\u00e1rmegy\u00e9ben oldott\u00e1k fel a t\u0171zgy\u00fajt\u00e1si tilalmat, lehet\u0151v\u00e9 t\u00e9ve a szabadt\u00e9ri t\u0171zrak\u00e1st a kijel\u00f6lt helyeken.<\/strong><\/p>\n<p class=\"mb-5 text-lg font-normal leading-7.5 lg:mb-7.5 lg:text-xl\">A lehullott csapad\u00e9knak k\u00f6sz\u00f6nhet\u0151en \u00e1tnedvesedett az \u00e9ghet\u0151 biomassza, ez\u00e9rt a N\u00e9bih a BM Orsz\u00e1gos Katasztr\u00f3fav\u00e9delmi F\u0151igazgat\u00f3s\u00e1g szakmai javaslata alapj\u00e1n visszavonja a t\u0171zgy\u00fajt\u00e1si tilalmat Heves, N\u00f3gr\u00e1d, Fej\u00e9r, Szabolcs-Szatm\u00e1r-Bereg, Kom\u00e1rom-Esztergom, Tolna \u00e9s Somogy v\u00e1rmegy\u00e9ben.<\/p>\n<p class=\"mb-5 text-lg font-normal leading-7.5 lg:mb-7.5 lg:text-xl\">Kedden jelentett\u00e9k be a tilalom visszavon\u00e1s\u00e1t Veszpr\u00e9m, Pest, Vas, Zala \u00e9s Baranya v\u00e1rmegy\u00e9re, illetve Budapestre. A keddi \u00e9s a szerdai bejelent\u00e9s alapj\u00e1n Borsod-Aba\u00faj-Zempl\u00e9n, B\u00e9k\u00e9s, Hajd\u00fa-Bihar, J\u00e1sz-Nagykun-Szolnok, Csongr\u00e1d-Csan\u00e1d \u00e9s B\u00e1cs-Kiskun v\u00e1rmegy\u00e9kben tov\u00e1bbra is \u00e9rv\u00e9nyben van a t\u0171zgy\u00fajt\u00e1si tilalom. Ezt azzal indokolj\u00e1k, hogy a lehullott es\u0151 mennyis\u00e9ge e ter\u00fcleteken nem volt elegend\u0151 a tart\u00f3s sz\u00e1razs\u00e1g okozta probl\u00e9m\u00e1k enyh\u00edt\u00e9s\u00e9re. A kisz\u00e1radt n\u00f6v\u00e9nyzet tov\u00e1bbra is fokozott kock\u00e1zatot jelent, a gyorsan p\u00e1rolg\u00f3 nedvess\u00e9g \u00e9s a meleg nappali h\u0151m\u00e9rs\u00e9klet pedig fenntartja a magas t\u0171zvesz\u00e9lyt.<\/p>\n<p class=\"mb-5 text-lg font-normal leading-7.5 lg:mb-7.5 lg:text-xl\">A t\u0171zgy\u00fajt\u00e1si tilalom felold\u00e1sa nem a t\u0171zvesz\u00e9ly megsz\u0171n\u00e9s\u00e9t jelenti &#8211; hangs\u00falyozt\u00e1k. A szabadt\u00e9ri t\u00fczek jelent\u0151s r\u00e9sze emberi mulaszt\u00e1sb\u00f3l ered, ez\u00e9rt a N\u00e9bih arra figyelmezteti a lakoss\u00e1got, hogy fokozott \u00f3vatoss\u00e1ggal j\u00e1rjanak el, k\u00fcl\u00f6n\u00f6sen az erd\u0151k k\u00f6zel\u00e9ben \u00e9s a sz\u00e1raz n\u00f6v\u00e9nyzettel bor\u00edtott ter\u00fcleteken.<\/p>\n<p class=\"mb-5 text-lg font-normal leading-7.5 lg:mb-7.5 lg:text-xl\">Az \u00e9rv\u00e9nyes t\u0171zgy\u00fajt\u00e1si szab\u00e1lyokr\u00f3l \u00e9s aktu\u00e1lis korl\u00e1toz\u00e1sokr\u00f3l a <span style=\"text-decoration: underline; color: #0000ff;\"><a style=\"color: #0000ff; text-decoration: underline;\" href=\"http:\/\/www.erdotuz.hu\" target=\"_blank\" rel=\"noopener\" data-type=\"URL\" data-id=\"www.erdotuz.hu\">www.erdotuz.hu <\/a><\/span>\u00e9s a <a href=\"http:\/\/www.katasztrofavedelem.hu\" target=\"_blank\" rel=\"noopener\" data-type=\"URL\" data-id=\"www.katasztrofavedelem.hu\"><span style=\"text-decoration: underline; color: #0000ff;\">www.katasztrofavedelem.hu <\/span><\/a>oldalakon lehet t\u00e1j\u00e9koz\u00f3dni.<\/p>\n<p><em>Forr\u00e1s: MTI \/ N\u00e9bih \/ BM Orsz\u00e1gos Katasztr\u00f3fav\u00e9delmi F\u0151igazgat\u00f3s\u00e1g<\/em><\/p>\n","protected":false},"excerpt":{"rendered":"<p>Az ut\u00f3bbi napok csapad\u00e9kos id\u0151j\u00e1r\u00e1s\u00e1nak hat\u00e1s\u00e1ra jelent\u0151sen cs\u00f6kkent a t\u0171zvesz\u00e9ly az orsz\u00e1g t\u00f6bb t\u00e9rs\u00e9g\u00e9ben. Ennek k\u00f6sz\u00f6nhet\u0151en cs\u00fct\u00f6rt\u00f6k\u00f6n tov\u00e1bbi h\u00e9t v\u00e1rmegy\u00e9ben oldott\u00e1k fel a t\u0171zgy\u00fajt\u00e1si tilalmat, lehet\u0151v\u00e9 t\u00e9ve a szabadt\u00e9ri t\u0171zrak\u00e1st a kijel\u00f6lt helyeken. A lehullott csapad\u00e9knak k\u00f6sz\u00f6nhet\u0151en \u00e1tnedvesedett az \u00e9ghet\u0151 biomassza, ez\u00e9rt a N\u00e9bih a BM Orsz\u00e1gos Katasztr\u00f3fav\u00e9delmi F\u0151igazgat\u00f3s\u00e1g szakmai javaslata alapj\u00e1n visszavonja a t\u0171zgy\u00fajt\u00e1si<\/p>\n","protected":false},"author":1,"featured_media":5571,"comment_status":"closed","ping_status":"closed","sticky":false,"template":"","format":"standard","meta":{"ngg_post_thumbnail":0,"footnotes":""},"categories":[6934,3,56],"tags":[175,6890,759],"class_list":{"0":"post-72659","1":"post","2":"type-post","3":"status-publish","4":"format-standard","5":"has-post-thumbnail","7":"category-belfold","8":"category-hirek","9":"category-komarom-esztergom","10":"tag-katasztrofavedelem","11":"tag-komarom-esztergom-varmegye","12":"tag-tuzgyujtasi-tilalom"},"yoast_head":"<!-- This site is optimized with the Yoast SEO plugin v27.4 - https:\/\/yoast.com\/product\/yoast-seo-wordpress\/ -->\n<title>Visszavont\u00e1k a t\u0171zgy\u00fajt\u00e1si tilalmat v\u00e1rmegy\u00e9nkben<\/title>\n<meta name=\"robots\" content=\"index, follow, max-snippet:-1, max-image-preview:large, max-video-preview:-1\" \/>\n<link rel=\"canonical\" href=\"https:\/\/dorogimedence.hu\/index.php\/2025\/07\/10\/visszavontak-a-tuzgyujtasi-tilalmat-varmegyenkben\/\" class=\"yoast-seo-meta-tag\" \/>\n<meta property=\"og:locale\" content=\"hu_HU\" class=\"yoast-seo-meta-tag\" \/>\n<meta property=\"og:type\" content=\"article\" class=\"yoast-seo-meta-tag\" \/>\n<meta property=\"og:title\" content=\"Visszavont\u00e1k a t\u0171zgy\u00fajt\u00e1si tilalmat v\u00e1rmegy\u00e9nkben\" class=\"yoast-seo-meta-tag\" \/>\n<meta property=\"og:description\" content=\"Az ut\u00f3bbi napok csapad\u00e9kos id\u0151j\u00e1r\u00e1s\u00e1nak hat\u00e1s\u00e1ra jelent\u0151sen cs\u00f6kkent a t\u0171zvesz\u00e9ly az orsz\u00e1g t\u00f6bb t\u00e9rs\u00e9g\u00e9ben. Ennek k\u00f6sz\u00f6nhet\u0151en cs\u00fct\u00f6rt\u00f6k\u00f6n tov\u00e1bbi h\u00e9t v\u00e1rmegy\u00e9ben oldott\u00e1k fel a t\u0171zgy\u00fajt\u00e1si tilalmat, lehet\u0151v\u00e9 t\u00e9ve a szabadt\u00e9ri t\u0171zrak\u00e1st a kijel\u00f6lt helyeken. A lehullott csapad\u00e9knak k\u00f6sz\u00f6nhet\u0151en \u00e1tnedvesedett az \u00e9ghet\u0151 biomassza, ez\u00e9rt a N\u00e9bih a BM Orsz\u00e1gos Katasztr\u00f3fav\u00e9delmi F\u0151igazgat\u00f3s\u00e1g szakmai javaslata alapj\u00e1n visszavonja a t\u0171zgy\u00fajt\u00e1si\" class=\"yoast-seo-meta-tag\" \/>\n<meta property=\"og:url\" content=\"https:\/\/dorogimedence.hu\/index.php\/2025\/07\/10\/visszavontak-a-tuzgyujtasi-tilalmat-varmegyenkben\/\" class=\"yoast-seo-meta-tag\" \/>\n<meta property=\"og:site_name\" content=\"Dorogi-medence Region\u00e1lis H\u00edrport\u00e1l\" class=\"yoast-seo-meta-tag\" \/>\n<meta property=\"article:publisher\" content=\"https:\/\/www.facebook.com\/dorogimedence\/\" class=\"yoast-seo-meta-tag\" \/>\n<meta property=\"article:published_time\" content=\"2025-07-10T09:28:54+00:00\" class=\"yoast-seo-meta-tag\" \/>\n<meta property=\"og:image\" content=\"https:\/\/dorogimedence.hu\/wp-content\/uploads\/2017\/09\/tuzgyujtas-01.jpg\" class=\"yoast-seo-meta-tag\" \/>\n\t<meta property=\"og:image:width\" content=\"670\" class=\"yoast-seo-meta-tag\" \/>\n\t<meta property=\"og:image:height\" content=\"365\" class=\"yoast-seo-meta-tag\" \/>\n\t<meta property=\"og:image:type\" content=\"image\/jpeg\" class=\"yoast-seo-meta-tag\" \/>\n<meta name=\"author\" content=\"dorogimedence.hu\" class=\"yoast-seo-meta-tag\" \/>\n<meta name=\"twitter:card\" content=\"summary_large_image\" class=\"yoast-seo-meta-tag\" \/>\n<meta name=\"twitter:label1\" content=\"Szerz\u0151:\" class=\"yoast-seo-meta-tag\" \/>\n\t<meta name=\"twitter:data1\" content=\"dorogimedence.hu\" class=\"yoast-seo-meta-tag\" \/>\n\t<meta name=\"twitter:label2\" content=\"Becs\u00fclt olvas\u00e1si id\u0151\" class=\"yoast-seo-meta-tag\" \/>\n\t<meta name=\"twitter:data2\" content=\"2 perc\" class=\"yoast-seo-meta-tag\" \/>\n<script type=\"application\/ld+json\" class=\"yoast-schema-graph\">{\"@context\":\"https:\\\/\\\/schema.org\",\"@graph\":[{\"@type\":\"Article\",\"@id\":\"https:\\\/\\\/dorogimedence.hu\\\/index.php\\\/2025\\\/07\\\/10\\\/visszavontak-a-tuzgyujtasi-tilalmat-varmegyenkben\\\/#article\",\"isPartOf\":{\"@id\":\"https:\\\/\\\/dorogimedence.hu\\\/index.php\\\/2025\\\/07\\\/10\\\/visszavontak-a-tuzgyujtasi-tilalmat-varmegyenkben\\\/\"},\"author\":{\"name\":\"dorogimedence.hu\",\"@id\":\"https:\\\/\\\/dorogimedence.hu\\\/#\\\/schema\\\/person\\\/ce6091eeb7e95ecdc87890d6aa8e0fd4\"},\"headline\":\"Visszavont\u00e1k a t\u0171zgy\u00fajt\u00e1si tilalmat v\u00e1rmegy\u00e9nkben\",\"datePublished\":\"2025-07-10T09:28:54+00:00\",\"mainEntityOfPage\":{\"@id\":\"https:\\\/\\\/dorogimedence.hu\\\/index.php\\\/2025\\\/07\\\/10\\\/visszavontak-a-tuzgyujtasi-tilalmat-varmegyenkben\\\/\"},\"wordCount\":383,\"publisher\":{\"@id\":\"https:\\\/\\\/dorogimedence.hu\\\/#organization\"},\"image\":{\"@id\":\"https:\\\/\\\/dorogimedence.hu\\\/index.php\\\/2025\\\/07\\\/10\\\/visszavontak-a-tuzgyujtasi-tilalmat-varmegyenkben\\\/#primaryimage\"},\"thumbnailUrl\":\"https:\\\/\\\/dorogimedence.hu\\\/wp-content\\\/uploads\\\/2017\\\/09\\\/tuzgyujtas-01.jpg\",\"keywords\":[\"katasztr\u00f3fav\u00e9delem\",\"Kom\u00e1rom-Esztergom v\u00e1rmegye\",\"t\u0171zgy\u00fajt\u00e1si tilalom\"],\"articleSection\":[\"Belf\u00f6ld, Gazdas\u00e1g\",\"H\u00edrek\",\"Kom\u00e1rom-Esztergom\"],\"inLanguage\":\"hu\"},{\"@type\":\"WebPage\",\"@id\":\"https:\\\/\\\/dorogimedence.hu\\\/index.php\\\/2025\\\/07\\\/10\\\/visszavontak-a-tuzgyujtasi-tilalmat-varmegyenkben\\\/\",\"url\":\"https:\\\/\\\/dorogimedence.hu\\\/index.php\\\/2025\\\/07\\\/10\\\/visszavontak-a-tuzgyujtasi-tilalmat-varmegyenkben\\\/\",\"name\":\"Visszavont\u00e1k a t\u0171zgy\u00fajt\u00e1si tilalmat v\u00e1rmegy\u00e9nkben\",\"isPartOf\":{\"@id\":\"https:\\\/\\\/dorogimedence.hu\\\/#website\"},\"primaryImageOfPage\":{\"@id\":\"https:\\\/\\\/dorogimedence.hu\\\/index.php\\\/2025\\\/07\\\/10\\\/visszavontak-a-tuzgyujtasi-tilalmat-varmegyenkben\\\/#primaryimage\"},\"image\":{\"@id\":\"https:\\\/\\\/dorogimedence.hu\\\/index.php\\\/2025\\\/07\\\/10\\\/visszavontak-a-tuzgyujtasi-tilalmat-varmegyenkben\\\/#primaryimage\"},\"thumbnailUrl\":\"https:\\\/\\\/dorogimedence.hu\\\/wp-content\\\/uploads\\\/2017\\\/09\\\/tuzgyujtas-01.jpg\",\"datePublished\":\"2025-07-10T09:28:54+00:00\",\"breadcrumb\":{\"@id\":\"https:\\\/\\\/dorogimedence.hu\\\/index.php\\\/2025\\\/07\\\/10\\\/visszavontak-a-tuzgyujtasi-tilalmat-varmegyenkben\\\/#breadcrumb\"},\"inLanguage\":\"hu\",\"potentialAction\":[{\"@type\":\"ReadAction\",\"target\":[\"https:\\\/\\\/dorogimedence.hu\\\/index.php\\\/2025\\\/07\\\/10\\\/visszavontak-a-tuzgyujtasi-tilalmat-varmegyenkben\\\/\"]}]},{\"@type\":\"ImageObject\",\"inLanguage\":\"hu\",\"@id\":\"https:\\\/\\\/dorogimedence.hu\\\/index.php\\\/2025\\\/07\\\/10\\\/visszavontak-a-tuzgyujtasi-tilalmat-varmegyenkben\\\/#primaryimage\",\"url\":\"https:\\\/\\\/dorogimedence.hu\\\/wp-content\\\/uploads\\\/2017\\\/09\\\/tuzgyujtas-01.jpg\",\"contentUrl\":\"https:\\\/\\\/dorogimedence.hu\\\/wp-content\\\/uploads\\\/2017\\\/09\\\/tuzgyujtas-01.jpg\",\"width\":670,\"height\":365},{\"@type\":\"BreadcrumbList\",\"@id\":\"https:\\\/\\\/dorogimedence.hu\\\/index.php\\\/2025\\\/07\\\/10\\\/visszavontak-a-tuzgyujtasi-tilalmat-varmegyenkben\\\/#breadcrumb\",\"itemListElement\":[{\"@type\":\"ListItem\",\"position\":1,\"name\":\"Kezd\u0151lap\",\"item\":\"https:\\\/\\\/dorogimedence.hu\\\/\"},{\"@type\":\"ListItem\",\"position\":2,\"name\":\"Visszavont\u00e1k a t\u0171zgy\u00fajt\u00e1si tilalmat v\u00e1rmegy\u00e9nkben\"}]},{\"@type\":\"WebSite\",\"@id\":\"https:\\\/\\\/dorogimedence.hu\\\/#website\",\"url\":\"https:\\\/\\\/dorogimedence.hu\\\/\",\"name\":\"Dorogi-medence Region\u00e1lis H\u00edrport\u00e1l\",\"description\":\"Dorog, Keszt\u00f6lc, Le\u00e1nyv\u00e1r, Piliscs\u00e9v, Tokod, Tokodalt\u00e1r\u00f3, Csolnok, Esztergom-kertv\u00e1ros: h\u00edrek, programok\",\"publisher\":{\"@id\":\"https:\\\/\\\/dorogimedence.hu\\\/#organization\"},\"potentialAction\":[{\"@type\":\"SearchAction\",\"target\":{\"@type\":\"EntryPoint\",\"urlTemplate\":\"https:\\\/\\\/dorogimedence.hu\\\/?s={search_term_string}\"},\"query-input\":{\"@type\":\"PropertyValueSpecification\",\"valueRequired\":true,\"valueName\":\"search_term_string\"}}],\"inLanguage\":\"hu\"},{\"@type\":\"Organization\",\"@id\":\"https:\\\/\\\/dorogimedence.hu\\\/#organization\",\"name\":\"Dorogi-medence Region\u00e1lis H\u00edrport\u00e1l\",\"url\":\"https:\\\/\\\/dorogimedence.hu\\\/\",\"logo\":{\"@type\":\"ImageObject\",\"inLanguage\":\"hu\",\"@id\":\"https:\\\/\\\/dorogimedence.hu\\\/#\\\/schema\\\/logo\\\/image\\\/\",\"url\":\"https:\\\/\\\/dorogimedence.hu\\\/wp-content\\\/uploads\\\/2021\\\/04\\\/logo-feher-600.png\",\"contentUrl\":\"https:\\\/\\\/dorogimedence.hu\\\/wp-content\\\/uploads\\\/2021\\\/04\\\/logo-feher-600.png\",\"width\":600,\"height\":100,\"caption\":\"Dorogi-medence Region\u00e1lis H\u00edrport\u00e1l\"},\"image\":{\"@id\":\"https:\\\/\\\/dorogimedence.hu\\\/#\\\/schema\\\/logo\\\/image\\\/\"},\"sameAs\":[\"https:\\\/\\\/www.facebook.com\\\/dorogimedence\\\/\"]},{\"@type\":\"Person\",\"@id\":\"https:\\\/\\\/dorogimedence.hu\\\/#\\\/schema\\\/person\\\/ce6091eeb7e95ecdc87890d6aa8e0fd4\",\"name\":\"dorogimedence.hu\",\"image\":{\"@type\":\"ImageObject\",\"inLanguage\":\"hu\",\"@id\":\"\\\/\\\/www.gravatar.com\\\/avatar\\\/d8d45f8901aadff40a4af72c0b826f1d?s=96&#038;r=g&#038;d=mm\",\"url\":\"\\\/\\\/www.gravatar.com\\\/avatar\\\/d8d45f8901aadff40a4af72c0b826f1d?s=96&#038;r=g&#038;d=mm\",\"contentUrl\":\"\\\/\\\/www.gravatar.com\\\/avatar\\\/d8d45f8901aadff40a4af72c0b826f1d?s=96&#038;r=g&#038;d=mm\",\"caption\":\"dorogimedence.hu\"}}]}<\/script>\n<!-- \/ Yoast SEO plugin. -->","yoast_head_json":{"title":"Visszavont\u00e1k a t\u0171zgy\u00fajt\u00e1si tilalmat v\u00e1rmegy\u00e9nkben","robots":{"index":"index","follow":"follow","max-snippet":"max-snippet:-1","max-image-preview":"max-image-preview:large","max-video-preview":"max-video-preview:-1"},"canonical":"https:\/\/dorogimedence.hu\/index.php\/2025\/07\/10\/visszavontak-a-tuzgyujtasi-tilalmat-varmegyenkben\/","og_locale":"hu_HU","og_type":"article","og_title":"Visszavont\u00e1k a t\u0171zgy\u00fajt\u00e1si tilalmat v\u00e1rmegy\u00e9nkben","og_description":"Az ut\u00f3bbi napok csapad\u00e9kos id\u0151j\u00e1r\u00e1s\u00e1nak hat\u00e1s\u00e1ra jelent\u0151sen cs\u00f6kkent a t\u0171zvesz\u00e9ly az orsz\u00e1g t\u00f6bb t\u00e9rs\u00e9g\u00e9ben. Ennek k\u00f6sz\u00f6nhet\u0151en cs\u00fct\u00f6rt\u00f6k\u00f6n tov\u00e1bbi h\u00e9t v\u00e1rmegy\u00e9ben oldott\u00e1k fel a t\u0171zgy\u00fajt\u00e1si tilalmat, lehet\u0151v\u00e9 t\u00e9ve a szabadt\u00e9ri t\u0171zrak\u00e1st a kijel\u00f6lt helyeken. A lehullott csapad\u00e9knak k\u00f6sz\u00f6nhet\u0151en \u00e1tnedvesedett az \u00e9ghet\u0151 biomassza, ez\u00e9rt a N\u00e9bih a BM Orsz\u00e1gos Katasztr\u00f3fav\u00e9delmi F\u0151igazgat\u00f3s\u00e1g szakmai javaslata alapj\u00e1n visszavonja a t\u0171zgy\u00fajt\u00e1si","og_url":"https:\/\/dorogimedence.hu\/index.php\/2025\/07\/10\/visszavontak-a-tuzgyujtasi-tilalmat-varmegyenkben\/","og_site_name":"Dorogi-medence Region\u00e1lis H\u00edrport\u00e1l","article_publisher":"https:\/\/www.facebook.com\/dorogimedence\/","article_published_time":"2025-07-10T09:28:54+00:00","og_image":[{"width":670,"height":365,"url":"https:\/\/dorogimedence.hu\/wp-content\/uploads\/2017\/09\/tuzgyujtas-01.jpg","type":"image\/jpeg"}],"author":"dorogimedence.hu","twitter_card":"summary_large_image","twitter_misc":{"Szerz\u0151:":"dorogimedence.hu","Becs\u00fclt olvas\u00e1si id\u0151":"2 perc"},"schema":{"@context":"https:\/\/schema.org","@graph":[{"@type":"Article","@id":"https:\/\/dorogimedence.hu\/index.php\/2025\/07\/10\/visszavontak-a-tuzgyujtasi-tilalmat-varmegyenkben\/#article","isPartOf":{"@id":"https:\/\/dorogimedence.hu\/index.php\/2025\/07\/10\/visszavontak-a-tuzgyujtasi-tilalmat-varmegyenkben\/"},"author":{"name":"dorogimedence.hu","@id":"https:\/\/dorogimedence.hu\/#\/schema\/person\/ce6091eeb7e95ecdc87890d6aa8e0fd4"},"headline":"Visszavont\u00e1k a t\u0171zgy\u00fajt\u00e1si tilalmat v\u00e1rmegy\u00e9nkben","datePublished":"2025-07-10T09:28:54+00:00","mainEntityOfPage":{"@id":"https:\/\/dorogimedence.hu\/index.php\/2025\/07\/10\/visszavontak-a-tuzgyujtasi-tilalmat-varmegyenkben\/"},"wordCount":383,"publisher":{"@id":"https:\/\/dorogimedence.hu\/#organization"},"image":{"@id":"https:\/\/dorogimedence.hu\/index.php\/2025\/07\/10\/visszavontak-a-tuzgyujtasi-tilalmat-varmegyenkben\/#primaryimage"},"thumbnailUrl":"https:\/\/dorogimedence.hu\/wp-content\/uploads\/2017\/09\/tuzgyujtas-01.jpg","keywords":["katasztr\u00f3fav\u00e9delem","Kom\u00e1rom-Esztergom v\u00e1rmegye","t\u0171zgy\u00fajt\u00e1si tilalom"],"articleSection":["Belf\u00f6ld, Gazdas\u00e1g","H\u00edrek","Kom\u00e1rom-Esztergom"],"inLanguage":"hu"},{"@type":"WebPage","@id":"https:\/\/dorogimedence.hu\/index.php\/2025\/07\/10\/visszavontak-a-tuzgyujtasi-tilalmat-varmegyenkben\/","url":"https:\/\/dorogimedence.hu\/index.php\/2025\/07\/10\/visszavontak-a-tuzgyujtasi-tilalmat-varmegyenkben\/","name":"Visszavont\u00e1k a t\u0171zgy\u00fajt\u00e1si tilalmat v\u00e1rmegy\u00e9nkben","isPartOf":{"@id":"https:\/\/dorogimedence.hu\/#website"},"primaryImageOfPage":{"@id":"https:\/\/dorogimedence.hu\/index.php\/2025\/07\/10\/visszavontak-a-tuzgyujtasi-tilalmat-varmegyenkben\/#primaryimage"},"image":{"@id":"https:\/\/dorogimedence.hu\/index.php\/2025\/07\/10\/visszavontak-a-tuzgyujtasi-tilalmat-varmegyenkben\/#primaryimage"},"thumbnailUrl":"https:\/\/dorogimedence.hu\/wp-content\/uploads\/2017\/09\/tuzgyujtas-01.jpg","datePublished":"2025-07-10T09:28:54+00:00","breadcrumb":{"@id":"https:\/\/dorogimedence.hu\/index.php\/2025\/07\/10\/visszavontak-a-tuzgyujtasi-tilalmat-varmegyenkben\/#breadcrumb"},"inLanguage":"hu","potentialAction":[{"@type":"ReadAction","target":["https:\/\/dorogimedence.hu\/index.php\/2025\/07\/10\/visszavontak-a-tuzgyujtasi-tilalmat-varmegyenkben\/"]}]},{"@type":"ImageObject","inLanguage":"hu","@id":"https:\/\/dorogimedence.hu\/index.php\/2025\/07\/10\/visszavontak-a-tuzgyujtasi-tilalmat-varmegyenkben\/#primaryimage","url":"https:\/\/dorogimedence.hu\/wp-content\/uploads\/2017\/09\/tuzgyujtas-01.jpg","contentUrl":"https:\/\/dorogimedence.hu\/wp-content\/uploads\/2017\/09\/tuzgyujtas-01.jpg","width":670,"height":365},{"@type":"BreadcrumbList","@id":"https:\/\/dorogimedence.hu\/index.php\/2025\/07\/10\/visszavontak-a-tuzgyujtasi-tilalmat-varmegyenkben\/#breadcrumb","itemListElement":[{"@type":"ListItem","position":1,"name":"Kezd\u0151lap","item":"https:\/\/dorogimedence.hu\/"},{"@type":"ListItem","position":2,"name":"Visszavont\u00e1k a t\u0171zgy\u00fajt\u00e1si tilalmat v\u00e1rmegy\u00e9nkben"}]},{"@type":"WebSite","@id":"https:\/\/dorogimedence.hu\/#website","url":"https:\/\/dorogimedence.hu\/","name":"Dorogi-medence Region\u00e1lis H\u00edrport\u00e1l","description":"Dorog, Keszt\u00f6lc, Le\u00e1nyv\u00e1r, Piliscs\u00e9v, Tokod, Tokodalt\u00e1r\u00f3, Csolnok, Esztergom-kertv\u00e1ros: h\u00edrek, programok","publisher":{"@id":"https:\/\/dorogimedence.hu\/#organization"},"potentialAction":[{"@type":"SearchAction","target":{"@type":"EntryPoint","urlTemplate":"https:\/\/dorogimedence.hu\/?s={search_term_string}"},"query-input":{"@type":"PropertyValueSpecification","valueRequired":true,"valueName":"search_term_string"}}],"inLanguage":"hu"},{"@type":"Organization","@id":"https:\/\/dorogimedence.hu\/#organization","name":"Dorogi-medence Region\u00e1lis H\u00edrport\u00e1l","url":"https:\/\/dorogimedence.hu\/","logo":{"@type":"ImageObject","inLanguage":"hu","@id":"https:\/\/dorogimedence.hu\/#\/schema\/logo\/image\/","url":"https:\/\/dorogimedence.hu\/wp-content\/uploads\/2021\/04\/logo-feher-600.png","contentUrl":"https:\/\/dorogimedence.hu\/wp-content\/uploads\/2021\/04\/logo-feher-600.png","width":600,"height":100,"caption":"Dorogi-medence Region\u00e1lis H\u00edrport\u00e1l"},"image":{"@id":"https:\/\/dorogimedence.hu\/#\/schema\/logo\/image\/"},"sameAs":["https:\/\/www.facebook.com\/dorogimedence\/"]},{"@type":"Person","@id":"https:\/\/dorogimedence.hu\/#\/schema\/person\/ce6091eeb7e95ecdc87890d6aa8e0fd4","name":"dorogimedence.hu","image":{"@type":"ImageObject","inLanguage":"hu","@id":"\/\/www.gravatar.com\/avatar\/d8d45f8901aadff40a4af72c0b826f1d?s=96&#038;r=g&#038;d=mm","url":"\/\/www.gravatar.com\/avatar\/d8d45f8901aadff40a4af72c0b826f1d?s=96&#038;r=g&#038;d=mm","contentUrl":"\/\/www.gravatar.com\/avatar\/d8d45f8901aadff40a4af72c0b826f1d?s=96&#038;r=g&#038;d=mm","caption":"dorogimedence.hu"}}]}},"_links":{"self":[{"href":"https:\/\/dorogimedence.hu\/index.php\/wp-json\/wp\/v2\/posts\/72659","targetHints":{"allow":["GET"]}}],"collection":[{"href":"https:\/\/dorogimedence.hu\/index.php\/wp-json\/wp\/v2\/posts"}],"about":[{"href":"https:\/\/dorogimedence.hu\/index.php\/wp-json\/wp\/v2\/types\/post"}],"author":[{"embeddable":true,"href":"https:\/\/dorogimedence.hu\/index.php\/wp-json\/wp\/v2\/users\/1"}],"replies":[{"embeddable":true,"href":"https:\/\/dorogimedence.hu\/index.php\/wp-json\/wp\/v2\/comments?post=72659"}],"version-history":[{"count":0,"href":"https:\/\/dorogimedence.hu\/index.php\/wp-json\/wp\/v2\/posts\/72659\/revisions"}],"wp:featuredmedia":[{"embeddable":true,"href":"https:\/\/dorogimedence.hu\/index.php\/wp-json\/wp\/v2\/media\/5571"}],"wp:attachment":[{"href":"https:\/\/dorogimedence.hu\/index.php\/wp-json\/wp\/v2\/media?parent=72659"}],"wp:term":[{"taxonomy":"category","embeddable":true,"href":"https:\/\/dorogimedence.hu\/index.php\/wp-json\/wp\/v2\/categories?post=72659"},{"taxonomy":"post_tag","embeddable":true,"href":"https:\/\/dorogimedence.hu\/index.php\/wp-json\/wp\/v2\/tags?post=72659"}],"curies":[{"name":"wp","href":"https:\/\/api.w.org\/{rel}","templated":true}]}}