{"id":72566,"date":"2025-07-07T10:48:45","date_gmt":"2025-07-07T08:48:45","guid":{"rendered":"https:\/\/dorogimedence.hu\/?p=72566"},"modified":"2025-07-07T10:48:45","modified_gmt":"2025-07-07T08:48:45","slug":"a-bartang-folyo-volgyeben","status":"publish","type":"post","link":"https:\/\/dorogimedence.hu\/index.php\/2025\/07\/07\/a-bartang-folyo-volgyeben\/","title":{"rendered":"A Bartang-foly\u00f3 v\u00f6lgy\u00e9ben"},"content":{"rendered":"<p><strong>Lieber Tam\u00e1s \u201eMes\u00e9l\u0151 t\u00e1jak \u00e9s form\u00e1k \u2013 Egy fot\u00f3 \u00e9s ami m\u00f6g\u00f6tte van\u201d c\u00edm\u0171 <span style=\"text-decoration: underline; color: #0000ff;\"><a style=\"color: #0000ff; text-decoration: underline;\" href=\"https:\/\/dorogimedence.hu\/index.php\/category\/meselo-tajak-es-formak\/\" target=\"_blank\" rel=\"noopener\">sorozat\u00e1nak<\/a><\/span> \u00f6tvennegyedik r\u00e9sz\u00e9ben a Bartang-foly\u00f3 v\u00f6lgy\u00e9vel ismerkedhet\u00fcnk meg.<\/strong><\/p>\n<p>A Pam\u00edr f\u0151v\u00e1ros\u00e1t, a 28 ezres l\u00e9leksz\u00e1m\u00fa Khorog-ot (\u0425\u043e\u0440\u0443\u0493) egy kiad\u00f3s eb\u00e9d ut\u00e1n hagytuk magunk m\u00f6g\u00f6tt, majd a nagyj\u00e1b\u00f3l 70 kilom\u00e9tert 2,5 \u00f3ra alatt megt\u00e9ve \u00e9rkezt\u00fcnk meg a Bartang-foly\u00f3 (\u0411\u0430\u0440\u0442\u0430\u043d\u0433) v\u00f6lgy\u00e9be. A Pam\u00edr Highway, vagyis az egykori hadi\u00fat min\u0151s\u00e9ge \u2013 valljuk be \u2013 hagy n\u00e9mi k\u00edv\u00e1nnival\u00f3t maga ut\u00e1n. A rajta val\u00f3 z\u00f6tyk\u00f6l\u0151d\u00e9s m\u00e9g ezen a viszonylag r\u00f6vid t\u00e1von is az \u201e\u00f6r\u00f6kk\u00e9val\u00f3s\u00e1gig\u201d tartott.<\/p>\n<h3>L\u00e9lekveszt\u0151 a foly\u00f3 f\u00f6l\u00f6tt<\/h3>\n<p>Ahogy k\u00f6zeledt\u00fcnk c\u00e9l\u00e1llom\u00e1sunkhoz, Helga l\u00e1tsz\u00f3lag egyre izgatottabb\u00e1 v\u00e1lt. \u2013 Itt lesz a \u201eh\u00edd\u201d, mindj\u00e1rt, tal\u00e1n a k\u00f6vetkez\u0151 kanyar ut\u00e1n \u2013 hajtogatta az interneten l\u00e1tott fot\u00f3t felid\u00e9zve eml\u00e9keiben.&nbsp; Mint kider\u00fclt, nem alaptalanul tartott t\u0151le. A Bartang, ahogy a t\u00f6bb sz\u00e1z kilom\u00e9teren \u00e1t k\u00f6vetett, T\u00e1dzsikiszt\u00e1nt Afganiszt\u00e1nt\u00f3l elv\u00e1laszt\u00f3 Pandzs-foly\u00f3 is, egy\u00e1ltal\u00e1n nem szel\u00edd v\u00edzfoly\u00e1s. Mintha a t\u00e9rs\u00e9g politikai helyzet\u00e9t t\u00fckr\u00f6zn\u00e9; zavaros \u00e9s vad. Tejesk\u00e1v\u00e9ra eml\u00e9keztet\u0151 sz\u00edn\u00e9t a hegyekb\u0151l lemosott hordal\u00e9ka adja, m\u00edg kisz\u00e1m\u00edthatatlan z\u00fag\u00f3it \u00e9s \u00f6rv\u00e9nyeit a beleoml\u00f3 t\u00f6bb tonn\u00e1s sziklat\u00f6mb\u00f6knek \u00e9s medre meredek lejt\u00e9s\u00e9nek k\u00f6sz\u00f6nheti.<\/p>\n<p>A dr\u00f3tk\u00f6t\u00e9lhidat \u2013 mert, hogy err\u0151l volt sz\u00f3 \u2013 nemsok\u00e1ra teljes val\u00f3j\u00e1ban imm\u00e1ron szabad szemmel is \u00e9szlelt\u00fck, s ahogy k\u00f6zeledt\u00fcnk hozz\u00e1, \u00fagy emelkedett a pulzusunk. Term\u00e9szetesen ezek az \u00e1tkel\u0151k k\u00f6nnyed\u00e9n hint\u00e1znak a sz\u00e9lben, ami egy\u00e9bk\u00e9nt a f\u00fcgg\u0151hidak velej\u00e1r\u00f3 jellemz\u0151je. Ugyanakkor a rozsd\u00e1s kapaszkod\u00f3k\u00f6telek \u00e9s a csikorg\u00f3 deszkapall\u00f3k nem felt\u00e9tlen\u00fcl sz\u00e9riatartoz\u00e9kai az ilyen jelleg\u0171 \u00e9p\u00edtm\u00e9nyeknek. Itt azonban ez is megadatott.<\/p>\n<p>Aut\u00f3inkat h\u00e1trahagyva, a 80 m\u00e9ter sz\u00e9les foly\u00f3 felett \u00f3vatoskodva, a t\u00falparton megk\u00f6nnyeb\u00fclten l\u00e9pt\u00fcnk ism\u00e9t szil\u00e1rd talajra, r\u00f6vid id\u0151re elfelejtve, hogy m\u00e1snap ugyanezt visszafel\u00e9 is meg kell majd tenn\u00fcnk. Nagyj\u00e1b\u00f3l h\u00e1rom \u00f3r\u00e1s kapaszkod\u00f3 v\u00e1rt r\u00e1nk a hegyek k\u00f6z\u00f6tt megb\u00faj\u00f3, a \u201ek\u00fclvil\u00e1gt\u00f3l\u201d sok tekintetben elz\u00e1rt, 2800 m\u00e9teren fekv\u0151 Jizev falucsk\u00e1ig.<\/p>\nngg_shortcode_0_placeholder\n<h3>Tajt\u00e9kz\u00f3 vizek mellett<\/h3>\n<p>Tulajdonk\u00e9ppen a Bartang-foly\u00f3 egyik mell\u00e9kv\u00f6lgy\u00e9ben indultunk el. A foly\u00f3parti lap\u00e1lyt hamarosan mer\u00e9szen emelked\u0151, szikl\u00e1ba v\u00e1jt \u00f6sv\u00e9ny k\u00f6vette. A foly\u00f3 itt kiss\u00e9 sz\u00e9tter\u00fclt, a f\u0151sodort\u00f3l t\u00e1volabb mozg\u00e1sa lelassult, amit lerakott hordal\u00e9kszigetei is jeleztek. A turista\u00fat imm\u00e1ron j\u00f3 10 m\u00e9teres magass\u00e1gban, a szikla perem\u00e9n haladt, s helyenk\u00e9nt 1 m\u00e9teresn\u00e9l keskenyebbre sz\u0171k\u00fclt. \u00d6szt\u00f6n\u00f6sen a fal mell\u00e9 h\u00faztam magam.<\/p>\n<p>Ha az embernek nincs ideje mag\u00e1val foglalkozni, f\u00e9lni is elfelejt. Tal\u00e1n \u00edgy voltam ezzel magam is; a l\u00e1tv\u00e1ny annyira lek\u00f6t\u00f6tt. A hegyek fel\u0151l tiszta viz\u0171 patak \u00e9rkez\u00e9s\u00e9t figyelhett\u00fck meg.<\/p>\n<p>A k\u00e9t elt\u00e9r\u0151 sz\u00edn\u0171 v\u00edz tal\u00e1lkoz\u00e1sa h\u00e1l\u00e1s fot\u00f3t\u00e9m\u00e1nak bizonyult. Hamarosan egy kisebb erecsk\u00e9hez \u00e9rt\u00fcnk, amin k\u00f6vekre l\u00e9pkedve \u2013 vagy \u00e9ppen mez\u00edtl\u00e1b a v\u00edzben \u2013 \u00e1t\u00fcgyeskedt\u00fck magunkat. Utunk hamarosan st\u00edlust v\u00e1ltott, hol durv\u00e1n emelked\u0151, hol enyh\u00e9n lejt\u0151, szil\u00e1nkos, l\u00e9pteink alatt cs\u00f6r\u00f6mp\u00f6l\u0151 gr\u00e1nitt\u00f6rmel\u00e9kkel bor\u00edtott \u00f6sv\u00e9nyen vezetett tov\u00e1bb.<\/p>\n<p>A mellett\u00fcnk fut\u00f3 patak, igazodva a terepviszonyokhoz, egyre zabol\u00e1tlanabb lett. Vize vadul tajt\u00e9kzott, z\u00fag\u00e1sa egyre hangosabb\u00e1 v\u00e1lt. Csapatunk szoros k\u00f6tel\u00e9ke hamar sz\u00e9tbomlott, ki-ki saj\u00e1t temp\u00f3j\u00e1ban haladt, n\u00e9zel\u0151d\u00f6tt, pihent, fot\u00f3zott.<\/p>\n<p>Egyszer csak a patak monoton morajl\u00e1sa abbamaradt, hirtelen szokatlanul cs\u00f6ndes lett a t\u00e1j. Vajon mi t\u00f6rt\u00e9nt? A k\u00e9rd\u00e9sre hamar megtal\u00e1ltuk a v\u00e1laszt: hegyoml\u00e1s z\u00e1rta el a v\u00edz \u00fatj\u00e1t. Persze csak l\u00e1tsz\u00f3lag, mert egy r\u00f6vid szakaszon a t\u00f6rmel\u00e9k k\u00f6z\u00f6tt folytatta \u00fatj\u00e1t. A meredek hegyoldalakr\u00f3l leszakadt sok milli\u00f3 tonn\u00e1nyi t\u00f6rmel\u00e9k az \u0151r\u00fclten tombol\u00f3 patakot t\u00f3v\u00e1 duzzasztotta. Mint k\u00e9s\u0151bb tapasztaltuk, t\u00f6bb ilyen oml\u00e1s is volt a v\u00f6lgyben, emiatt sz\u00e1mos tavat fedezhett\u00fcnk fel. Ezek a term\u00e9szetes t\u00e1roz\u00f3k egy\u00e9bk\u00e9nt hasznosak az itt \u00e9l\u0151k sz\u00e1m\u00e1ra, amolyan \u00e1rv\u00edzi \u201epuffertart\u00e1lyok\u201d; valamelyest visszatartj\u00e1k, k\u00e9sleltetik, az esetlegesen hirtelen lez\u00fadulni \u201esz\u00e1nd\u00e9koz\u00f3\u201d vizeket. Ezeket a hegyi patakokat \u00e9rtelemszer\u0171en a Pam\u00edr gleccserei t\u00e1pl\u00e1lj\u00e1k, \u00edgy teszik ezt \u00e9vezredek \u00f3ta, lehet\u0151v\u00e9 t\u00e9ve az emberek leteleped\u00e9s\u00e9t ebben az egy\u00e9bk\u00e9nt zord, csapad\u00e9kszeg\u00e9ny k\u00f6rnyezetben.<\/p>\n<h3>Egy semmihez sem foghat\u00f3 \u00e9jszaka<\/h3>\n<p>A kietlen, szikl\u00e1s t\u00e1jat hamarosan z\u00f6ld parcell\u00e1k \u00fcde l\u00e1tv\u00e1nya v\u00e1ltotta fel. El\u0151sz\u00f6r a krumplif\u00f6ldet vett\u00fck \u00e9szre, majd egy\u00e9b vetem\u00e9nyesek sora k\u00f6vetkezett, \u00edgy p\u00e9ld\u00e1ul kisebb doh\u00e1ny\u00fcltetv\u00e9ny is. R\u00f6videsen szedett-vedett v\u00e1lyog\u00e9p\u00fcletek; lak\u00f3h\u00e1zak, m\u0171helyek, kar\u00e1mok k\u00f6z\u00f6tt tal\u00e1ltuk magunkat. A h\u00e1zak lapostetej\u0171ek, hiszen a gyakori er\u0151s szelek a lemezzel fedett s\u00e1tortet\u0151ket k\u00f6nnyen megbontan\u00e1k. A kisebb-nagyobb tiszt\u00e1sokon emitt sz\u00e9nak\u00f6tegek, amott teh\u00e9nlep\u00e9nyekb\u0151l form\u00e1zott t\u00e9gl\u00e1k sz\u00e1radnak <em>(ez ut\u00f3bbi nyilv\u00e1nval\u00f3an a t\u00e9li t\u00fczel\u0151)<\/em>. K\u00e9t t\u00e1dzsik t\u00faravezet\u0151nk, Shuhrat \u00e9s Sorbon jelezt\u00e9k, hogy meg\u00e9rkezt\u00fcnk. \u00d6tven-hatvan k\u00f6r\u00fcli h\u00e1zasp\u00e1r \u00e9s k\u00e9t huszon\u00e9ves l\u00e1nyuk fogadott benn\u00fcnket. A kicsiny falut l\u00e1tsz\u00f3lag 2-3 csal\u00e1d lakja. Az egyik\u00fck vend\u00e9gei lett\u00fcnk ezen az \u00e9jszak\u00e1n. A szeg\u00e9nyes \u00e9p\u00fcletek l\u00e1tt\u00e1n elk\u00e9pzelni sem tudtuk, hogy hol fognak elsz\u00e1ll\u00e1solni benn\u00fcnket. Szerencs\u00e9re nem sok\u00e1ig hagytak k\u00e9ts\u00e9gek k\u00f6z\u00f6tt \u0151rl\u0151dni, \u00edgy m\u00e9g vacsoraid\u0151 el\u0151tt megmutatt\u00e1k a vend\u00e9gh\u00e1zat. El\u0151sz\u00f6r nem hitt\u00fcnk a szem\u00fcnknek.<\/p>\n<p>A v\u00e1lyog\u00e9p\u00fcletbe bel\u00e9pve, egy patyolattiszta, sz\u0151nyegekkel fedett helyis\u00e9gbe vezettek. M\u00e1r az el\u0151t\u00e9r is rendben volt, a hatalmas szoba azonban minden k\u00e9pzeletet fel\u00fclm\u00falt. A fekhelyek amolyan \u201ealv\u00f3p\u00e1rk\u00e1nyok\u201d voltak, k\u00f6r\u00fclbel\u00fcl 2 m\u00e9ter sz\u00e9les, vastag sz\u0151nyegekkel bor\u00edtott fa magaslatok. Itt h\u00faszan is elf\u00e9rtek volna, m\u00edg az el\u0151t\u00e9rben is \u00fagy hat-nyolc ember. Mi csup\u00e1n kilencen voltunk <em>(Shuhrat\u00e9k kint aludtak a \u201etohir\u201d-nak nevezett udvari emelv\u00e9nyen, ami \u00e1gy \u00e9s asztal is lehet egyben)<\/em>, \u00edgy a k\u00e9t helyis\u00e9gben k\u00e9t csoportot alkothattunk. A bels\u0151 szob\u00e1ban a horkol\u00f3sok kaptak helyet, m\u00edg az el\u0151t\u00e9rben azok, akik \u00fagy tudt\u00e1k magukr\u00f3l, hogy \u0151k bizony nem horkolnak (DE!).<\/p>\n<p>Szerencs\u00e9re a h\u00e1z mellett z\u00fag\u00f3 patak valamelyest elnyomta a zavar\u00f3 hangokat, a h\u0171s leveg\u0151, a puha matrac, a patyolattiszta \u00e1gynem\u0171 \u00e9s kellemesen meleg gyapj\u00fatakar\u00f3 pedig t\u00e1dzsikiszt\u00e1ni utunk tal\u00e1n legpihentet\u0151bb \u00e9jszak\u00e1j\u00e1val aj\u00e1nd\u00e9kozott meg benn\u00fcnket.<\/p>\n<p>[\u00c9rdekess\u00e9gk\u00e9ppen: A Bartang-foly\u00f3 Afganiszt\u00e1ban, az \u00fagynevezett Wakhan-folyos\u00f3ban ered, fels\u0151 szakasz\u00e1n Murghab \u00e9s Aksu <em>(feh\u00e9r v\u00edz)<\/em> n\u00e9ven ismert. Hossza forr\u00e1s\u00e1t\u00f3l Pandzs-foly\u00f3ba vezet\u0151 torkolat\u00e1ig 528 kilom\u00e9ter, m\u00edg v\u00edzgy\u0171jt\u0151ter\u00fclete 24 700 n\u00e9gyzetkilom\u00e9ter. A Bartang <em>(sz\u0171k \u00e1tj\u00e1r\u00f3)<\/em> nevet a Sarez-t\u00f3b\u00f3l kil\u00e9pve viseli. Maga a t\u00f3 egy 1911-es, egyes v\u00e9lem\u00e9nyek szerint 7,4, m\u00edg m\u00e1sok szerint 9-es er\u0151ss\u00e9g\u0171 f\u00f6ldreng\u00e9s sor\u00e1n keletkezett, amikor t\u00f6bb milli\u00f3 k\u00f6bm\u00e9ter szikla omlott a foly\u00f3ba <em>(eltemetve egy falut is)<\/em>, t\u00f3v\u00e1 duzzasztva azt. A t\u00f3 adatai d\u00f6bbenetesek: Hossza 75, \u00e1tlagos sz\u00e9less\u00e9ge 3,2 kilom\u00e9ter, legnagyobb m\u00e9lys\u00e9ge 500 m\u00e9ter(!), v\u00edzt\u00e9rfogata 17 k\u00f6bkilom\u00e9ter. A szakemberek k\u00f6z\u00fcl t\u00f6bben tartanak att\u00f3l, hogy egy esetleges er\u0151sebb f\u00f6ldreng\u00e9s \u00e1tszak\u00edtja a tavat visszatart\u00f3 term\u00e9szetes g\u00e1tat, aminek katasztrof\u00e1lis k\u00f6vetkezm\u00e9nyei lehetnek az eg\u00e9sz Bartang-v\u00f6lgyre.]<\/p>\n<p>A cikk t\u00e9m\u00e1j\u00e1ul szolg\u00e1l\u00f3 felv\u00e9tel az imbolyg\u00f3 k\u00f6t\u00e9lh\u00eddon vissza\u00faton t\u00f6rt\u00e9n\u0151 \u00e1tkel\u00e9st \u00f6r\u00f6k\u00edtette meg. Itt els\u0151sorban nem a h\u00edd alatti m\u00e9lys\u00e9g adott nek\u00fcnk n\u00e9mi adrenalinl\u00f6ketet, hanem a f\u00e9lelmetesen vad foly\u00f3 l\u00e1tv\u00e1nya.<\/p>\n<p>Ahhoz, hogy k\u00e9pet alkothass a Bartang-v\u00f6lgyr\u0151l \u00e9s a vad foly\u00f3kr\u00f3l, tekintsd meg az al\u00e1bbi videokoll\u00e1zst is. A faluba val\u00f3 meg\u00e9rkez\u00e9s\u00fcnket 3:07-t\u0151l l\u00e1thatod, a sz\u00e1ll\u00e1shely\u00fcnkre t\u00f6rt\u00e9n\u0151 bel\u00e9p\u00e9s\u00fcnket pedig 4:42-t\u0151l. Mi is hozz\u00e1d hasonl\u00f3an megd\u00f6bbent\u00fcnk. Nem pontosan ezt v\u00e1rtuk (kellemes meglepet\u00e9s).<\/p>\n<p><iframe title=\"BARTANG-V\u00d6LGY (Tadzsikiszt\u00e1n)\" width=\"755\" height=\"425\" src=\"https:\/\/www.youtube.com\/embed\/eQFjD4R5Fws?feature=oembed\" frameborder=\"0\" allow=\"accelerometer; autoplay; clipboard-write; encrypted-media; gyroscope; picture-in-picture; web-share\" referrerpolicy=\"strict-origin-when-cross-origin\" allowfullscreen><\/iframe><\/p>\n<p><strong><em>Lieber Tam\u00e1s<\/em><\/strong><\/p>\n","protected":false},"excerpt":{"rendered":"<p>Lieber Tam\u00e1s \u201eMes\u00e9l\u0151 t\u00e1jak \u00e9s form\u00e1k \u2013 Egy fot\u00f3 \u00e9s ami m\u00f6g\u00f6tte van\u201d c\u00edm\u0171 sorozat\u00e1nak \u00f6tvennegyedik r\u00e9sz\u00e9ben a Bartang-foly\u00f3 v\u00f6lgy\u00e9vel ismerkedhet\u00fcnk meg. A Pam\u00edr f\u0151v\u00e1ros\u00e1t, a 28 ezres l\u00e9leksz\u00e1m\u00fa Khorog-ot (\u0425\u043e\u0440\u0443\u0493) egy kiad\u00f3s eb\u00e9d ut\u00e1n hagytuk magunk m\u00f6g\u00f6tt, majd a nagyj\u00e1b\u00f3l 70 kilom\u00e9tert 2,5 \u00f3ra alatt megt\u00e9ve \u00e9rkezt\u00fcnk meg a Bartang-foly\u00f3 (\u0411\u0430\u0440\u0442\u0430\u043d\u0433) v\u00f6lgy\u00e9be. A Pam\u00edr<\/p>\n","protected":false},"author":1,"featured_media":72571,"comment_status":"closed","ping_status":"closed","sticky":false,"template":"","format":"standard","meta":{"ngg_post_thumbnail":0,"footnotes":""},"categories":[3,4923],"tags":[3474,4924],"class_list":{"0":"post-72566","1":"post","2":"type-post","3":"status-publish","4":"format-standard","5":"has-post-thumbnail","7":"category-hirek","8":"category-meselo-tajak-es-formak","9":"tag-lieber-tamas","10":"tag-meselo-tajak-es-formak"},"yoast_head":"<!-- This site is optimized with the Yoast SEO plugin v27.5 - https:\/\/yoast.com\/product\/yoast-seo-wordpress\/ -->\n<title>A Bartang-foly\u00f3 v\u00f6lgy\u00e9ben<\/title>\n<meta name=\"robots\" content=\"index, follow, max-snippet:-1, max-image-preview:large, max-video-preview:-1\" \/>\n<link rel=\"canonical\" href=\"https:\/\/dorogimedence.hu\/index.php\/2025\/07\/07\/a-bartang-folyo-volgyeben\/\" class=\"yoast-seo-meta-tag\" \/>\n<meta property=\"og:locale\" content=\"hu_HU\" class=\"yoast-seo-meta-tag\" \/>\n<meta property=\"og:type\" content=\"article\" class=\"yoast-seo-meta-tag\" \/>\n<meta property=\"og:title\" content=\"A Bartang-foly\u00f3 v\u00f6lgy\u00e9ben\" class=\"yoast-seo-meta-tag\" \/>\n<meta property=\"og:description\" content=\"Lieber Tam\u00e1s \u201eMes\u00e9l\u0151 t\u00e1jak \u00e9s form\u00e1k \u2013 Egy fot\u00f3 \u00e9s ami m\u00f6g\u00f6tte van\u201d c\u00edm\u0171 sorozat\u00e1nak \u00f6tvennegyedik r\u00e9sz\u00e9ben a Bartang-foly\u00f3 v\u00f6lgy\u00e9vel ismerkedhet\u00fcnk meg. A Pam\u00edr f\u0151v\u00e1ros\u00e1t, a 28 ezres l\u00e9leksz\u00e1m\u00fa Khorog-ot (\u0425\u043e\u0440\u0443\u0493) egy kiad\u00f3s eb\u00e9d ut\u00e1n hagytuk magunk m\u00f6g\u00f6tt, majd a nagyj\u00e1b\u00f3l 70 kilom\u00e9tert 2,5 \u00f3ra alatt megt\u00e9ve \u00e9rkezt\u00fcnk meg a Bartang-foly\u00f3 (\u0411\u0430\u0440\u0442\u0430\u043d\u0433) v\u00f6lgy\u00e9be. A Pam\u00edr\" class=\"yoast-seo-meta-tag\" \/>\n<meta property=\"og:url\" content=\"https:\/\/dorogimedence.hu\/index.php\/2025\/07\/07\/a-bartang-folyo-volgyeben\/\" class=\"yoast-seo-meta-tag\" \/>\n<meta property=\"og:site_name\" content=\"Dorogi-medence Region\u00e1lis H\u00edrport\u00e1l\" class=\"yoast-seo-meta-tag\" \/>\n<meta property=\"article:publisher\" content=\"https:\/\/www.facebook.com\/dorogimedence\/\" class=\"yoast-seo-meta-tag\" \/>\n<meta property=\"article:published_time\" content=\"2025-07-07T08:48:45+00:00\" class=\"yoast-seo-meta-tag\" \/>\n<meta property=\"og:image\" content=\"https:\/\/dorogimedence.hu\/wp-content\/uploads\/2025\/07\/bartang.jpg\" class=\"yoast-seo-meta-tag\" \/>\n\t<meta property=\"og:image:width\" content=\"1920\" class=\"yoast-seo-meta-tag\" \/>\n\t<meta property=\"og:image:height\" content=\"970\" class=\"yoast-seo-meta-tag\" \/>\n\t<meta property=\"og:image:type\" content=\"image\/jpeg\" class=\"yoast-seo-meta-tag\" \/>\n<meta name=\"author\" content=\"dorogimedence.hu\" class=\"yoast-seo-meta-tag\" \/>\n<meta name=\"twitter:card\" content=\"summary_large_image\" class=\"yoast-seo-meta-tag\" \/>\n<meta name=\"twitter:label1\" content=\"Szerz\u0151:\" class=\"yoast-seo-meta-tag\" \/>\n\t<meta name=\"twitter:data1\" content=\"dorogimedence.hu\" class=\"yoast-seo-meta-tag\" \/>\n\t<meta name=\"twitter:label2\" content=\"Becs\u00fclt olvas\u00e1si id\u0151\" class=\"yoast-seo-meta-tag\" \/>\n\t<meta name=\"twitter:data2\" content=\"8 perc\" class=\"yoast-seo-meta-tag\" \/>\n<script type=\"application\/ld+json\" class=\"yoast-schema-graph\">{\"@context\":\"https:\\\/\\\/schema.org\",\"@graph\":[{\"@type\":\"Article\",\"@id\":\"https:\\\/\\\/dorogimedence.hu\\\/index.php\\\/2025\\\/07\\\/07\\\/a-bartang-folyo-volgyeben\\\/#article\",\"isPartOf\":{\"@id\":\"https:\\\/\\\/dorogimedence.hu\\\/index.php\\\/2025\\\/07\\\/07\\\/a-bartang-folyo-volgyeben\\\/\"},\"author\":{\"name\":\"dorogimedence.hu\",\"@id\":\"https:\\\/\\\/dorogimedence.hu\\\/#\\\/schema\\\/person\\\/ce6091eeb7e95ecdc87890d6aa8e0fd4\"},\"headline\":\"A Bartang-foly\u00f3 v\u00f6lgy\u00e9ben\",\"datePublished\":\"2025-07-07T08:48:45+00:00\",\"mainEntityOfPage\":{\"@id\":\"https:\\\/\\\/dorogimedence.hu\\\/index.php\\\/2025\\\/07\\\/07\\\/a-bartang-folyo-volgyeben\\\/\"},\"wordCount\":1622,\"publisher\":{\"@id\":\"https:\\\/\\\/dorogimedence.hu\\\/#organization\"},\"image\":{\"@id\":\"https:\\\/\\\/dorogimedence.hu\\\/index.php\\\/2025\\\/07\\\/07\\\/a-bartang-folyo-volgyeben\\\/#primaryimage\"},\"thumbnailUrl\":\"https:\\\/\\\/dorogimedence.hu\\\/wp-content\\\/uploads\\\/2025\\\/07\\\/bartang.jpg\",\"keywords\":[\"Lieber Tam\u00e1s\",\"Mes\u00e9l\u0151 t\u00e1jak \u00e9s form\u00e1k\"],\"articleSection\":[\"H\u00edrek\",\"Mes\u00e9l\u0151 t\u00e1jak \u00e9s form\u00e1k\"],\"inLanguage\":\"hu\"},{\"@type\":\"WebPage\",\"@id\":\"https:\\\/\\\/dorogimedence.hu\\\/index.php\\\/2025\\\/07\\\/07\\\/a-bartang-folyo-volgyeben\\\/\",\"url\":\"https:\\\/\\\/dorogimedence.hu\\\/index.php\\\/2025\\\/07\\\/07\\\/a-bartang-folyo-volgyeben\\\/\",\"name\":\"A Bartang-foly\u00f3 v\u00f6lgy\u00e9ben\",\"isPartOf\":{\"@id\":\"https:\\\/\\\/dorogimedence.hu\\\/#website\"},\"primaryImageOfPage\":{\"@id\":\"https:\\\/\\\/dorogimedence.hu\\\/index.php\\\/2025\\\/07\\\/07\\\/a-bartang-folyo-volgyeben\\\/#primaryimage\"},\"image\":{\"@id\":\"https:\\\/\\\/dorogimedence.hu\\\/index.php\\\/2025\\\/07\\\/07\\\/a-bartang-folyo-volgyeben\\\/#primaryimage\"},\"thumbnailUrl\":\"https:\\\/\\\/dorogimedence.hu\\\/wp-content\\\/uploads\\\/2025\\\/07\\\/bartang.jpg\",\"datePublished\":\"2025-07-07T08:48:45+00:00\",\"breadcrumb\":{\"@id\":\"https:\\\/\\\/dorogimedence.hu\\\/index.php\\\/2025\\\/07\\\/07\\\/a-bartang-folyo-volgyeben\\\/#breadcrumb\"},\"inLanguage\":\"hu\",\"potentialAction\":[{\"@type\":\"ReadAction\",\"target\":[\"https:\\\/\\\/dorogimedence.hu\\\/index.php\\\/2025\\\/07\\\/07\\\/a-bartang-folyo-volgyeben\\\/\"]}]},{\"@type\":\"ImageObject\",\"inLanguage\":\"hu\",\"@id\":\"https:\\\/\\\/dorogimedence.hu\\\/index.php\\\/2025\\\/07\\\/07\\\/a-bartang-folyo-volgyeben\\\/#primaryimage\",\"url\":\"https:\\\/\\\/dorogimedence.hu\\\/wp-content\\\/uploads\\\/2025\\\/07\\\/bartang.jpg\",\"contentUrl\":\"https:\\\/\\\/dorogimedence.hu\\\/wp-content\\\/uploads\\\/2025\\\/07\\\/bartang.jpg\",\"width\":1920,\"height\":970},{\"@type\":\"BreadcrumbList\",\"@id\":\"https:\\\/\\\/dorogimedence.hu\\\/index.php\\\/2025\\\/07\\\/07\\\/a-bartang-folyo-volgyeben\\\/#breadcrumb\",\"itemListElement\":[{\"@type\":\"ListItem\",\"position\":1,\"name\":\"Kezd\u0151lap\",\"item\":\"https:\\\/\\\/dorogimedence.hu\\\/\"},{\"@type\":\"ListItem\",\"position\":2,\"name\":\"A Bartang-foly\u00f3 v\u00f6lgy\u00e9ben\"}]},{\"@type\":\"WebSite\",\"@id\":\"https:\\\/\\\/dorogimedence.hu\\\/#website\",\"url\":\"https:\\\/\\\/dorogimedence.hu\\\/\",\"name\":\"Dorogi-medence Region\u00e1lis H\u00edrport\u00e1l\",\"description\":\"Dorog, Keszt\u00f6lc, Le\u00e1nyv\u00e1r, Piliscs\u00e9v, Tokod, Tokodalt\u00e1r\u00f3, Csolnok, Esztergom-kertv\u00e1ros: h\u00edrek, programok\",\"publisher\":{\"@id\":\"https:\\\/\\\/dorogimedence.hu\\\/#organization\"},\"potentialAction\":[{\"@type\":\"SearchAction\",\"target\":{\"@type\":\"EntryPoint\",\"urlTemplate\":\"https:\\\/\\\/dorogimedence.hu\\\/?s={search_term_string}\"},\"query-input\":{\"@type\":\"PropertyValueSpecification\",\"valueRequired\":true,\"valueName\":\"search_term_string\"}}],\"inLanguage\":\"hu\"},{\"@type\":\"Organization\",\"@id\":\"https:\\\/\\\/dorogimedence.hu\\\/#organization\",\"name\":\"Dorogi-medence Region\u00e1lis H\u00edrport\u00e1l\",\"url\":\"https:\\\/\\\/dorogimedence.hu\\\/\",\"logo\":{\"@type\":\"ImageObject\",\"inLanguage\":\"hu\",\"@id\":\"https:\\\/\\\/dorogimedence.hu\\\/#\\\/schema\\\/logo\\\/image\\\/\",\"url\":\"https:\\\/\\\/dorogimedence.hu\\\/wp-content\\\/uploads\\\/2021\\\/04\\\/logo-feher-600.png\",\"contentUrl\":\"https:\\\/\\\/dorogimedence.hu\\\/wp-content\\\/uploads\\\/2021\\\/04\\\/logo-feher-600.png\",\"width\":600,\"height\":100,\"caption\":\"Dorogi-medence Region\u00e1lis H\u00edrport\u00e1l\"},\"image\":{\"@id\":\"https:\\\/\\\/dorogimedence.hu\\\/#\\\/schema\\\/logo\\\/image\\\/\"},\"sameAs\":[\"https:\\\/\\\/www.facebook.com\\\/dorogimedence\\\/\"]},{\"@type\":\"Person\",\"@id\":\"https:\\\/\\\/dorogimedence.hu\\\/#\\\/schema\\\/person\\\/ce6091eeb7e95ecdc87890d6aa8e0fd4\",\"name\":\"dorogimedence.hu\",\"image\":{\"@type\":\"ImageObject\",\"inLanguage\":\"hu\",\"@id\":\"\\\/\\\/www.gravatar.com\\\/avatar\\\/d8d45f8901aadff40a4af72c0b826f1d?s=96&#038;r=g&#038;d=mm\",\"url\":\"\\\/\\\/www.gravatar.com\\\/avatar\\\/d8d45f8901aadff40a4af72c0b826f1d?s=96&#038;r=g&#038;d=mm\",\"contentUrl\":\"\\\/\\\/www.gravatar.com\\\/avatar\\\/d8d45f8901aadff40a4af72c0b826f1d?s=96&#038;r=g&#038;d=mm\",\"caption\":\"dorogimedence.hu\"}}]}<\/script>\n<!-- \/ Yoast SEO plugin. -->","yoast_head_json":{"title":"A Bartang-foly\u00f3 v\u00f6lgy\u00e9ben","robots":{"index":"index","follow":"follow","max-snippet":"max-snippet:-1","max-image-preview":"max-image-preview:large","max-video-preview":"max-video-preview:-1"},"canonical":"https:\/\/dorogimedence.hu\/index.php\/2025\/07\/07\/a-bartang-folyo-volgyeben\/","og_locale":"hu_HU","og_type":"article","og_title":"A Bartang-foly\u00f3 v\u00f6lgy\u00e9ben","og_description":"Lieber Tam\u00e1s \u201eMes\u00e9l\u0151 t\u00e1jak \u00e9s form\u00e1k \u2013 Egy fot\u00f3 \u00e9s ami m\u00f6g\u00f6tte van\u201d c\u00edm\u0171 sorozat\u00e1nak \u00f6tvennegyedik r\u00e9sz\u00e9ben a Bartang-foly\u00f3 v\u00f6lgy\u00e9vel ismerkedhet\u00fcnk meg. A Pam\u00edr f\u0151v\u00e1ros\u00e1t, a 28 ezres l\u00e9leksz\u00e1m\u00fa Khorog-ot (\u0425\u043e\u0440\u0443\u0493) egy kiad\u00f3s eb\u00e9d ut\u00e1n hagytuk magunk m\u00f6g\u00f6tt, majd a nagyj\u00e1b\u00f3l 70 kilom\u00e9tert 2,5 \u00f3ra alatt megt\u00e9ve \u00e9rkezt\u00fcnk meg a Bartang-foly\u00f3 (\u0411\u0430\u0440\u0442\u0430\u043d\u0433) v\u00f6lgy\u00e9be. A Pam\u00edr","og_url":"https:\/\/dorogimedence.hu\/index.php\/2025\/07\/07\/a-bartang-folyo-volgyeben\/","og_site_name":"Dorogi-medence Region\u00e1lis H\u00edrport\u00e1l","article_publisher":"https:\/\/www.facebook.com\/dorogimedence\/","article_published_time":"2025-07-07T08:48:45+00:00","og_image":[{"width":1920,"height":970,"url":"https:\/\/dorogimedence.hu\/wp-content\/uploads\/2025\/07\/bartang.jpg","type":"image\/jpeg"}],"author":"dorogimedence.hu","twitter_card":"summary_large_image","twitter_misc":{"Szerz\u0151:":"dorogimedence.hu","Becs\u00fclt olvas\u00e1si id\u0151":"8 perc"},"schema":{"@context":"https:\/\/schema.org","@graph":[{"@type":"Article","@id":"https:\/\/dorogimedence.hu\/index.php\/2025\/07\/07\/a-bartang-folyo-volgyeben\/#article","isPartOf":{"@id":"https:\/\/dorogimedence.hu\/index.php\/2025\/07\/07\/a-bartang-folyo-volgyeben\/"},"author":{"name":"dorogimedence.hu","@id":"https:\/\/dorogimedence.hu\/#\/schema\/person\/ce6091eeb7e95ecdc87890d6aa8e0fd4"},"headline":"A Bartang-foly\u00f3 v\u00f6lgy\u00e9ben","datePublished":"2025-07-07T08:48:45+00:00","mainEntityOfPage":{"@id":"https:\/\/dorogimedence.hu\/index.php\/2025\/07\/07\/a-bartang-folyo-volgyeben\/"},"wordCount":1622,"publisher":{"@id":"https:\/\/dorogimedence.hu\/#organization"},"image":{"@id":"https:\/\/dorogimedence.hu\/index.php\/2025\/07\/07\/a-bartang-folyo-volgyeben\/#primaryimage"},"thumbnailUrl":"https:\/\/dorogimedence.hu\/wp-content\/uploads\/2025\/07\/bartang.jpg","keywords":["Lieber Tam\u00e1s","Mes\u00e9l\u0151 t\u00e1jak \u00e9s form\u00e1k"],"articleSection":["H\u00edrek","Mes\u00e9l\u0151 t\u00e1jak \u00e9s form\u00e1k"],"inLanguage":"hu"},{"@type":"WebPage","@id":"https:\/\/dorogimedence.hu\/index.php\/2025\/07\/07\/a-bartang-folyo-volgyeben\/","url":"https:\/\/dorogimedence.hu\/index.php\/2025\/07\/07\/a-bartang-folyo-volgyeben\/","name":"A Bartang-foly\u00f3 v\u00f6lgy\u00e9ben","isPartOf":{"@id":"https:\/\/dorogimedence.hu\/#website"},"primaryImageOfPage":{"@id":"https:\/\/dorogimedence.hu\/index.php\/2025\/07\/07\/a-bartang-folyo-volgyeben\/#primaryimage"},"image":{"@id":"https:\/\/dorogimedence.hu\/index.php\/2025\/07\/07\/a-bartang-folyo-volgyeben\/#primaryimage"},"thumbnailUrl":"https:\/\/dorogimedence.hu\/wp-content\/uploads\/2025\/07\/bartang.jpg","datePublished":"2025-07-07T08:48:45+00:00","breadcrumb":{"@id":"https:\/\/dorogimedence.hu\/index.php\/2025\/07\/07\/a-bartang-folyo-volgyeben\/#breadcrumb"},"inLanguage":"hu","potentialAction":[{"@type":"ReadAction","target":["https:\/\/dorogimedence.hu\/index.php\/2025\/07\/07\/a-bartang-folyo-volgyeben\/"]}]},{"@type":"ImageObject","inLanguage":"hu","@id":"https:\/\/dorogimedence.hu\/index.php\/2025\/07\/07\/a-bartang-folyo-volgyeben\/#primaryimage","url":"https:\/\/dorogimedence.hu\/wp-content\/uploads\/2025\/07\/bartang.jpg","contentUrl":"https:\/\/dorogimedence.hu\/wp-content\/uploads\/2025\/07\/bartang.jpg","width":1920,"height":970},{"@type":"BreadcrumbList","@id":"https:\/\/dorogimedence.hu\/index.php\/2025\/07\/07\/a-bartang-folyo-volgyeben\/#breadcrumb","itemListElement":[{"@type":"ListItem","position":1,"name":"Kezd\u0151lap","item":"https:\/\/dorogimedence.hu\/"},{"@type":"ListItem","position":2,"name":"A Bartang-foly\u00f3 v\u00f6lgy\u00e9ben"}]},{"@type":"WebSite","@id":"https:\/\/dorogimedence.hu\/#website","url":"https:\/\/dorogimedence.hu\/","name":"Dorogi-medence Region\u00e1lis H\u00edrport\u00e1l","description":"Dorog, Keszt\u00f6lc, Le\u00e1nyv\u00e1r, Piliscs\u00e9v, Tokod, Tokodalt\u00e1r\u00f3, Csolnok, Esztergom-kertv\u00e1ros: h\u00edrek, programok","publisher":{"@id":"https:\/\/dorogimedence.hu\/#organization"},"potentialAction":[{"@type":"SearchAction","target":{"@type":"EntryPoint","urlTemplate":"https:\/\/dorogimedence.hu\/?s={search_term_string}"},"query-input":{"@type":"PropertyValueSpecification","valueRequired":true,"valueName":"search_term_string"}}],"inLanguage":"hu"},{"@type":"Organization","@id":"https:\/\/dorogimedence.hu\/#organization","name":"Dorogi-medence Region\u00e1lis H\u00edrport\u00e1l","url":"https:\/\/dorogimedence.hu\/","logo":{"@type":"ImageObject","inLanguage":"hu","@id":"https:\/\/dorogimedence.hu\/#\/schema\/logo\/image\/","url":"https:\/\/dorogimedence.hu\/wp-content\/uploads\/2021\/04\/logo-feher-600.png","contentUrl":"https:\/\/dorogimedence.hu\/wp-content\/uploads\/2021\/04\/logo-feher-600.png","width":600,"height":100,"caption":"Dorogi-medence Region\u00e1lis H\u00edrport\u00e1l"},"image":{"@id":"https:\/\/dorogimedence.hu\/#\/schema\/logo\/image\/"},"sameAs":["https:\/\/www.facebook.com\/dorogimedence\/"]},{"@type":"Person","@id":"https:\/\/dorogimedence.hu\/#\/schema\/person\/ce6091eeb7e95ecdc87890d6aa8e0fd4","name":"dorogimedence.hu","image":{"@type":"ImageObject","inLanguage":"hu","@id":"\/\/www.gravatar.com\/avatar\/d8d45f8901aadff40a4af72c0b826f1d?s=96&#038;r=g&#038;d=mm","url":"\/\/www.gravatar.com\/avatar\/d8d45f8901aadff40a4af72c0b826f1d?s=96&#038;r=g&#038;d=mm","contentUrl":"\/\/www.gravatar.com\/avatar\/d8d45f8901aadff40a4af72c0b826f1d?s=96&#038;r=g&#038;d=mm","caption":"dorogimedence.hu"}}]}},"_links":{"self":[{"href":"https:\/\/dorogimedence.hu\/index.php\/wp-json\/wp\/v2\/posts\/72566","targetHints":{"allow":["GET"]}}],"collection":[{"href":"https:\/\/dorogimedence.hu\/index.php\/wp-json\/wp\/v2\/posts"}],"about":[{"href":"https:\/\/dorogimedence.hu\/index.php\/wp-json\/wp\/v2\/types\/post"}],"author":[{"embeddable":true,"href":"https:\/\/dorogimedence.hu\/index.php\/wp-json\/wp\/v2\/users\/1"}],"replies":[{"embeddable":true,"href":"https:\/\/dorogimedence.hu\/index.php\/wp-json\/wp\/v2\/comments?post=72566"}],"version-history":[{"count":0,"href":"https:\/\/dorogimedence.hu\/index.php\/wp-json\/wp\/v2\/posts\/72566\/revisions"}],"wp:featuredmedia":[{"embeddable":true,"href":"https:\/\/dorogimedence.hu\/index.php\/wp-json\/wp\/v2\/media\/72571"}],"wp:attachment":[{"href":"https:\/\/dorogimedence.hu\/index.php\/wp-json\/wp\/v2\/media?parent=72566"}],"wp:term":[{"taxonomy":"category","embeddable":true,"href":"https:\/\/dorogimedence.hu\/index.php\/wp-json\/wp\/v2\/categories?post=72566"},{"taxonomy":"post_tag","embeddable":true,"href":"https:\/\/dorogimedence.hu\/index.php\/wp-json\/wp\/v2\/tags?post=72566"}],"curies":[{"name":"wp","href":"https:\/\/api.w.org\/{rel}","templated":true}]}}