{"id":72536,"date":"2025-07-05T11:06:09","date_gmt":"2025-07-05T09:06:09","guid":{"rendered":"https:\/\/dorogimedence.hu\/?p=72536"},"modified":"2025-07-05T11:06:09","modified_gmt":"2025-07-05T09:06:09","slug":"multidezo-motoros-talalkozot-szerveznek-esztergomban","status":"publish","type":"post","link":"https:\/\/dorogimedence.hu\/index.php\/2025\/07\/05\/multidezo-motoros-talalkozot-szerveznek-esztergomban\/","title":{"rendered":"M\u00faltid\u00e9z\u0151 Motoros Tal\u00e1lkoz\u00f3t szerveznek Esztergomban"},"content":{"rendered":"<p><strong>A Rangers M.C. Hungary motoros klub 1995-ben alakult, \u00e9s az\u00f3ta is egy folyamatosan m\u0171k\u00f6d\u0151, kitart\u00f3 \u00e9s \u00f6sszetart\u00f3 motoros csapatk\u00e9nt maradt talpon. A klub id\u00e9n \u00fcnnepli fenn\u00e1ll\u00e1s\u00e1nak 30. \u00e9vfordul\u00f3j\u00e1t, melynek keret\u00e9ben h\u00e1romnapos &#8211; j\u00falius 11. \u00e9s 13. k\u00f6z\u00f6tt &#8211; motoros tal\u00e1lkoz\u00f3t szerveznek az esztergomi Gran Campingben.<\/strong><\/p>\n<p>A klubb tagjai a kilencvenes \u00e9vekben, az esztergomi Vadvir\u00e1g Campingben szervezt\u00e9k a motoros tal\u00e1lkoz\u00f3kat \u00e9s nev\u00fckh\u00f6z f\u0171z\u0151dnek a Suzuki \u00faton szervezett gyorsul\u00e1si versenyek is, amikkel megteremtett\u00e9k a magyar gyorsul\u00e1si verseny alapjait.<\/p>\n<p>\u00c9vr\u0151l \u00e9vre n\u0151tt a rendezv\u00e9ny l\u00e1togatotts\u00e1ga, t\u00f6bb ezer ember j\u00f6tt el \u00e9s n\u00e9zte \u00e1mulva az akkoriban m\u00e9g ritkas\u00e1gnak sz\u00e1m\u00edt\u00f3 nagy k\u00f6bcentis jap\u00e1n gyorsas\u00e1gi motorokat \u00e9s \u00e9lvezte, az akkoriban lehetetlennek t\u0171n\u0151 pillanatot, hogy motorok sz\u00e1zai k\u00f6z\u00f6tt s\u00e9t\u00e1lgat \u00e9s testk\u00f6zelb\u0151l l\u00e1tja, hallja \u0151ket. Az utols\u00f3 nagy volumen\u0171 tal\u00e1lkoz\u00f3juk 2002-ben volt, majd hossz\u00fa sz\u00fcnet k\u00f6vetkezett.<\/p>\n<p>Id\u00e9n a jubileumi sz\u00fclet\u00e9snaphoz m\u00e9lt\u00f3 \u00fcnnepl\u00e9ssel k\u00e9sz\u00fclnek a motorosok, akiknek elmond\u00e1sa szerint, sok olyan megkeres\u00e9sben volt r\u00e9sz\u00fck az elm\u00falt hetekben, amelyek sor\u00e1n sz\u00e1mukra idegen, de k\u00f6rny\u00e9kbeli motorosok fejezt\u00e9k ki h\u00e1l\u00e1jukat fel\u00e9j\u00fck, mondv\u00e1n, a klub ind\u00edtotta el benn\u00fck a motoroz\u00e1s szeretet\u00e9t. A Rangers egy hamis\u00edtatlan M\u00faltid\u00e9z\u0151 Motoros Tal\u00e1lkoz\u00f3val szeretn\u00e9 visszaid\u00e9zni m\u00faltjuk egy darabj\u00e1t, \u00fajra \u00e1tadni az \u00e9rdekl\u0151d\u0151knek azt a motoros \u00e9let\u00e9rz\u00e9st, ami a klubot 30 \u00e9ve t\u00f6retlen\u00fcl \u00f6sszetartja.<\/p>\n<p>J\u00falius 11. \u00e9s 13. k\u00f6z\u00f6tt az esztergomi Gran Camping ter\u00fclet\u00e9n strandol\u00e1ssal, s\u00e1toroz\u00e1ssal, koncertekkel, retr\u00f3 vet\u00e9lked\u0151kkel, min\u0151s\u00e9gi \u00e9telekkel \u00e9s italokkal, d\u00f6g\u00f6s csajokkal \u00e9s rengeteg motorral v\u00e1rj\u00e1k mindazokat, akik r\u00e9gen m\u00e1r voltak, \u00e9s hi\u00e1nyzik nekik ez a feeling, illetve azokat is, akik ann\u00f3 m\u00e9g csak a ker\u00edt\u00e9sen k\u00edv\u00fclr\u0151l n\u00e9zt\u00e9k s\u00f3v\u00e1rogva a motorokat \u00e9s most hossz\u00fa \u00e9vek m\u00falt\u00e1n bel\u00e9phetnek a titokzatos, ker\u00edt\u00e9ssel elz\u00e1rt ter\u00fcletre.<\/p>\n<p>A hab a tort\u00e1n, hogy k\u00e9t olyan zenekar is fell\u00e9p a h\u00e9tv\u00e9ge sor\u00e1n, akik szint\u00e9n id\u00e9n jubil\u00e1lnak, mint a 30 \u00e9ves R\u00f3me\u00f3 v\u00e9rzik, \u00e9s a 35 \u00e9ves OMEN zenekar! Fell\u00e9p tov\u00e1bb\u00e1 az APPACS, a YerBlues, a Rock and Roller \u00e9s a M\u00e9rf\u00f6ldk\u0151 zenekar. <strong>A fesztiv\u00e1l f\u00e9nypontja minden bizonnyal a szombat esti tombolah\u00faz\u00e1s lesz, aminek f\u0151nyerem\u00e9nye egy HARLEY-DAVIDSON motorker\u00e9kp\u00e1r!<\/strong><\/p>\n<p>A rendezv\u00e9nyre bel\u00e9p\u0151jegyet a <a href=\"https:\/\/jegy.rock1.hu\/\" target=\"_blank\" rel=\"noopener\"><span style=\"text-decoration: underline; color: #0000ff;\">ROCK1-en<\/span><\/a> kereszt\u00fcl kedvezm\u00e9nyesen tudtok v\u00e1s\u00e1rolni, illetve a helysz\u00ednen is lesz lehet\u0151s\u00e9g bel\u00e9p\u0151t venni. Tombol\u00e1t a rendezv\u00e9ny el\u0151tt m\u00e9g <strong>h\u00e9tf\u0151t\u0151l cs\u00fct\u00f6rt\u00f6kig a dorogi Off Road Motors Lehotay Kft-n\u00e9l lehet v\u00e1s\u00e1rolni<\/strong> (5.000 Ft\/szelv\u00e9ny), majd a rendezv\u00e9ny ideje alatt, szombat este t\u00edz \u00f3r\u00e1ig a helysz\u00ednen.<\/p>\n<p>Kapunyit\u00e1s: j\u00falius 11-\u00e9n, p\u00e9nteken 10.00 \u00f3rakor! Az els\u0151 50 helysz\u00ednen bel\u00e9p\u0151t v\u00e1s\u00e1rl\u00f3 vend\u00e9g 1000 Ft kedvezm\u00e9nyt kap a bel\u00e9p\u0151 \u00e1r\u00e1b\u00f3l!<\/p>\n<p><strong>R\u00c9SZLETES PROGRAM:<\/strong><\/p>\n<p><strong>P\u00e9ntek<\/strong><br \/>\nEg\u00e9sz nap strandol\u00e1s<br \/>\n19:00 APPACS<br \/>\n21:30 R\u00f3me\u00f3 v\u00e9rzik<br \/>\n23:30 YerBlues<\/p>\n<p><strong>Szombat<\/strong><br \/>\nEg\u00e9sz nap strandol\u00e1s<br \/>\n14:00 Vet\u00e9lked\u0151k<br \/>\n18:00 Rock and Roller<br \/>\n20:00 Omen<br \/>\n22:30 torta &amp; meglepet\u00e9s<br \/>\n23:00 Tombola<br \/>\n23:30 M\u00e9rf\u00f6ldk\u0151<\/p>\n<p><strong>Vas\u00e1rnap<\/strong><br \/>\nReggeli, k\u00e1v\u00e9. regener\u00e1l\u00f3d\u00e1s, sok v\u00edz<br \/>\n12:00 indul\u00e1s haza<\/p>\n<p>A RANGERS M.C. szeretettel v\u00e1r minden \u00e9rdekl\u0151d\u0151t! Menj, bulizz \u00e9s gurulj haza egy HARLEY-vel!<\/p>\n<p><a href=\"https:\/\/www.facebook.com\/events\/1992200401308601\/\" target=\"_blank\" rel=\"noopener\"><span style=\"text-decoration: underline; color: #0000ff;\"><strong>Facebook esem\u00e9ny&gt;&gt;<\/strong><\/span><\/a><\/p>\n","protected":false},"excerpt":{"rendered":"<p>A Rangers M.C. Hungary motoros klub 1995-ben alakult, \u00e9s az\u00f3ta is egy folyamatosan m\u0171k\u00f6d\u0151, kitart\u00f3 \u00e9s \u00f6sszetart\u00f3 motoros csapatk\u00e9nt maradt talpon. A klub id\u00e9n \u00fcnnepli fenn\u00e1ll\u00e1s\u00e1nak 30. \u00e9vfordul\u00f3j\u00e1t, melynek keret\u00e9ben h\u00e1romnapos &#8211; j\u00falius 11. \u00e9s 13. k\u00f6z\u00f6tt &#8211; motoros tal\u00e1lkoz\u00f3t szerveznek az esztergomi Gran Campingben. A klubb tagjai a kilencvenes \u00e9vekben, az esztergomi Vadvir\u00e1g Campingben<\/p>\n","protected":false},"author":1,"featured_media":72537,"comment_status":"closed","ping_status":"closed","sticky":false,"template":"","format":"standard","meta":{"ngg_post_thumbnail":0,"footnotes":""},"categories":[38,3,3561],"tags":[42,8455,101,8456],"class_list":{"0":"post-72536","1":"post","2":"type-post","3":"status-publish","4":"format-standard","5":"has-post-thumbnail","7":"category-esztergom","8":"category-hirek","9":"category-programok","10":"tag-esztergom","11":"tag-motoros-talalkozo","12":"tag-program","13":"tag-rangers"},"yoast_head":"<!-- This site is optimized with the Yoast SEO plugin v27.4 - https:\/\/yoast.com\/product\/yoast-seo-wordpress\/ -->\n<title>M\u00faltid\u00e9z\u0151 Motoros Tal\u00e1lkoz\u00f3t szerveznek Esztergomban<\/title>\n<meta name=\"robots\" content=\"index, follow, max-snippet:-1, max-image-preview:large, max-video-preview:-1\" \/>\n<link rel=\"canonical\" href=\"https:\/\/dorogimedence.hu\/index.php\/2025\/07\/05\/multidezo-motoros-talalkozot-szerveznek-esztergomban\/\" class=\"yoast-seo-meta-tag\" \/>\n<meta property=\"og:locale\" content=\"hu_HU\" class=\"yoast-seo-meta-tag\" \/>\n<meta property=\"og:type\" content=\"article\" class=\"yoast-seo-meta-tag\" \/>\n<meta property=\"og:title\" content=\"M\u00faltid\u00e9z\u0151 Motoros Tal\u00e1lkoz\u00f3t szerveznek Esztergomban\" class=\"yoast-seo-meta-tag\" \/>\n<meta property=\"og:description\" content=\"A Rangers M.C. Hungary motoros klub 1995-ben alakult, \u00e9s az\u00f3ta is egy folyamatosan m\u0171k\u00f6d\u0151, kitart\u00f3 \u00e9s \u00f6sszetart\u00f3 motoros csapatk\u00e9nt maradt talpon. A klub id\u00e9n \u00fcnnepli fenn\u00e1ll\u00e1s\u00e1nak 30. \u00e9vfordul\u00f3j\u00e1t, melynek keret\u00e9ben h\u00e1romnapos &#8211; j\u00falius 11. \u00e9s 13. k\u00f6z\u00f6tt &#8211; motoros tal\u00e1lkoz\u00f3t szerveznek az esztergomi Gran Campingben. A klubb tagjai a kilencvenes \u00e9vekben, az esztergomi Vadvir\u00e1g Campingben\" class=\"yoast-seo-meta-tag\" \/>\n<meta property=\"og:url\" content=\"https:\/\/dorogimedence.hu\/index.php\/2025\/07\/05\/multidezo-motoros-talalkozot-szerveznek-esztergomban\/\" class=\"yoast-seo-meta-tag\" \/>\n<meta property=\"og:site_name\" content=\"Dorogi-medence Region\u00e1lis H\u00edrport\u00e1l\" class=\"yoast-seo-meta-tag\" \/>\n<meta property=\"article:publisher\" content=\"https:\/\/www.facebook.com\/dorogimedence\/\" class=\"yoast-seo-meta-tag\" \/>\n<meta property=\"article:published_time\" content=\"2025-07-05T09:06:09+00:00\" class=\"yoast-seo-meta-tag\" \/>\n<meta property=\"og:image\" content=\"https:\/\/dorogimedence.hu\/wp-content\/uploads\/2025\/07\/motoros-talalkozo.jpg\" class=\"yoast-seo-meta-tag\" \/>\n\t<meta property=\"og:image:width\" content=\"1920\" class=\"yoast-seo-meta-tag\" \/>\n\t<meta property=\"og:image:height\" content=\"970\" class=\"yoast-seo-meta-tag\" \/>\n\t<meta property=\"og:image:type\" content=\"image\/jpeg\" class=\"yoast-seo-meta-tag\" \/>\n<meta name=\"author\" content=\"dorogimedence.hu\" class=\"yoast-seo-meta-tag\" \/>\n<meta name=\"twitter:card\" content=\"summary_large_image\" class=\"yoast-seo-meta-tag\" \/>\n<meta name=\"twitter:label1\" content=\"Szerz\u0151:\" class=\"yoast-seo-meta-tag\" \/>\n\t<meta name=\"twitter:data1\" content=\"dorogimedence.hu\" class=\"yoast-seo-meta-tag\" \/>\n\t<meta name=\"twitter:label2\" content=\"Becs\u00fclt olvas\u00e1si id\u0151\" class=\"yoast-seo-meta-tag\" \/>\n\t<meta name=\"twitter:data2\" content=\"3 perc\" class=\"yoast-seo-meta-tag\" \/>\n<script type=\"application\/ld+json\" class=\"yoast-schema-graph\">{\"@context\":\"https:\\\/\\\/schema.org\",\"@graph\":[{\"@type\":\"Article\",\"@id\":\"https:\\\/\\\/dorogimedence.hu\\\/index.php\\\/2025\\\/07\\\/05\\\/multidezo-motoros-talalkozot-szerveznek-esztergomban\\\/#article\",\"isPartOf\":{\"@id\":\"https:\\\/\\\/dorogimedence.hu\\\/index.php\\\/2025\\\/07\\\/05\\\/multidezo-motoros-talalkozot-szerveznek-esztergomban\\\/\"},\"author\":{\"name\":\"dorogimedence.hu\",\"@id\":\"https:\\\/\\\/dorogimedence.hu\\\/#\\\/schema\\\/person\\\/ce6091eeb7e95ecdc87890d6aa8e0fd4\"},\"headline\":\"M\u00faltid\u00e9z\u0151 Motoros Tal\u00e1lkoz\u00f3t szerveznek Esztergomban\",\"datePublished\":\"2025-07-05T09:06:09+00:00\",\"mainEntityOfPage\":{\"@id\":\"https:\\\/\\\/dorogimedence.hu\\\/index.php\\\/2025\\\/07\\\/05\\\/multidezo-motoros-talalkozot-szerveznek-esztergomban\\\/\"},\"wordCount\":654,\"publisher\":{\"@id\":\"https:\\\/\\\/dorogimedence.hu\\\/#organization\"},\"image\":{\"@id\":\"https:\\\/\\\/dorogimedence.hu\\\/index.php\\\/2025\\\/07\\\/05\\\/multidezo-motoros-talalkozot-szerveznek-esztergomban\\\/#primaryimage\"},\"thumbnailUrl\":\"https:\\\/\\\/dorogimedence.hu\\\/wp-content\\\/uploads\\\/2025\\\/07\\\/motoros-talalkozo.jpg\",\"keywords\":[\"esztergom\",\"motoros tal\u00e1lkoz\u00f3\",\"program\",\"Rangers\"],\"articleSection\":[\"Esztergom\",\"H\u00edrek\",\"Programok\"],\"inLanguage\":\"hu\"},{\"@type\":\"WebPage\",\"@id\":\"https:\\\/\\\/dorogimedence.hu\\\/index.php\\\/2025\\\/07\\\/05\\\/multidezo-motoros-talalkozot-szerveznek-esztergomban\\\/\",\"url\":\"https:\\\/\\\/dorogimedence.hu\\\/index.php\\\/2025\\\/07\\\/05\\\/multidezo-motoros-talalkozot-szerveznek-esztergomban\\\/\",\"name\":\"M\u00faltid\u00e9z\u0151 Motoros Tal\u00e1lkoz\u00f3t szerveznek Esztergomban\",\"isPartOf\":{\"@id\":\"https:\\\/\\\/dorogimedence.hu\\\/#website\"},\"primaryImageOfPage\":{\"@id\":\"https:\\\/\\\/dorogimedence.hu\\\/index.php\\\/2025\\\/07\\\/05\\\/multidezo-motoros-talalkozot-szerveznek-esztergomban\\\/#primaryimage\"},\"image\":{\"@id\":\"https:\\\/\\\/dorogimedence.hu\\\/index.php\\\/2025\\\/07\\\/05\\\/multidezo-motoros-talalkozot-szerveznek-esztergomban\\\/#primaryimage\"},\"thumbnailUrl\":\"https:\\\/\\\/dorogimedence.hu\\\/wp-content\\\/uploads\\\/2025\\\/07\\\/motoros-talalkozo.jpg\",\"datePublished\":\"2025-07-05T09:06:09+00:00\",\"breadcrumb\":{\"@id\":\"https:\\\/\\\/dorogimedence.hu\\\/index.php\\\/2025\\\/07\\\/05\\\/multidezo-motoros-talalkozot-szerveznek-esztergomban\\\/#breadcrumb\"},\"inLanguage\":\"hu\",\"potentialAction\":[{\"@type\":\"ReadAction\",\"target\":[\"https:\\\/\\\/dorogimedence.hu\\\/index.php\\\/2025\\\/07\\\/05\\\/multidezo-motoros-talalkozot-szerveznek-esztergomban\\\/\"]}]},{\"@type\":\"ImageObject\",\"inLanguage\":\"hu\",\"@id\":\"https:\\\/\\\/dorogimedence.hu\\\/index.php\\\/2025\\\/07\\\/05\\\/multidezo-motoros-talalkozot-szerveznek-esztergomban\\\/#primaryimage\",\"url\":\"https:\\\/\\\/dorogimedence.hu\\\/wp-content\\\/uploads\\\/2025\\\/07\\\/motoros-talalkozo.jpg\",\"contentUrl\":\"https:\\\/\\\/dorogimedence.hu\\\/wp-content\\\/uploads\\\/2025\\\/07\\\/motoros-talalkozo.jpg\",\"width\":1920,\"height\":970},{\"@type\":\"BreadcrumbList\",\"@id\":\"https:\\\/\\\/dorogimedence.hu\\\/index.php\\\/2025\\\/07\\\/05\\\/multidezo-motoros-talalkozot-szerveznek-esztergomban\\\/#breadcrumb\",\"itemListElement\":[{\"@type\":\"ListItem\",\"position\":1,\"name\":\"Kezd\u0151lap\",\"item\":\"https:\\\/\\\/dorogimedence.hu\\\/\"},{\"@type\":\"ListItem\",\"position\":2,\"name\":\"M\u00faltid\u00e9z\u0151 Motoros Tal\u00e1lkoz\u00f3t szerveznek Esztergomban\"}]},{\"@type\":\"WebSite\",\"@id\":\"https:\\\/\\\/dorogimedence.hu\\\/#website\",\"url\":\"https:\\\/\\\/dorogimedence.hu\\\/\",\"name\":\"Dorogi-medence Region\u00e1lis H\u00edrport\u00e1l\",\"description\":\"Dorog, Keszt\u00f6lc, Le\u00e1nyv\u00e1r, Piliscs\u00e9v, Tokod, Tokodalt\u00e1r\u00f3, Csolnok, Esztergom-kertv\u00e1ros: h\u00edrek, programok\",\"publisher\":{\"@id\":\"https:\\\/\\\/dorogimedence.hu\\\/#organization\"},\"potentialAction\":[{\"@type\":\"SearchAction\",\"target\":{\"@type\":\"EntryPoint\",\"urlTemplate\":\"https:\\\/\\\/dorogimedence.hu\\\/?s={search_term_string}\"},\"query-input\":{\"@type\":\"PropertyValueSpecification\",\"valueRequired\":true,\"valueName\":\"search_term_string\"}}],\"inLanguage\":\"hu\"},{\"@type\":\"Organization\",\"@id\":\"https:\\\/\\\/dorogimedence.hu\\\/#organization\",\"name\":\"Dorogi-medence Region\u00e1lis H\u00edrport\u00e1l\",\"url\":\"https:\\\/\\\/dorogimedence.hu\\\/\",\"logo\":{\"@type\":\"ImageObject\",\"inLanguage\":\"hu\",\"@id\":\"https:\\\/\\\/dorogimedence.hu\\\/#\\\/schema\\\/logo\\\/image\\\/\",\"url\":\"https:\\\/\\\/dorogimedence.hu\\\/wp-content\\\/uploads\\\/2021\\\/04\\\/logo-feher-600.png\",\"contentUrl\":\"https:\\\/\\\/dorogimedence.hu\\\/wp-content\\\/uploads\\\/2021\\\/04\\\/logo-feher-600.png\",\"width\":600,\"height\":100,\"caption\":\"Dorogi-medence Region\u00e1lis H\u00edrport\u00e1l\"},\"image\":{\"@id\":\"https:\\\/\\\/dorogimedence.hu\\\/#\\\/schema\\\/logo\\\/image\\\/\"},\"sameAs\":[\"https:\\\/\\\/www.facebook.com\\\/dorogimedence\\\/\"]},{\"@type\":\"Person\",\"@id\":\"https:\\\/\\\/dorogimedence.hu\\\/#\\\/schema\\\/person\\\/ce6091eeb7e95ecdc87890d6aa8e0fd4\",\"name\":\"dorogimedence.hu\",\"image\":{\"@type\":\"ImageObject\",\"inLanguage\":\"hu\",\"@id\":\"\\\/\\\/www.gravatar.com\\\/avatar\\\/d8d45f8901aadff40a4af72c0b826f1d?s=96&#038;r=g&#038;d=mm\",\"url\":\"\\\/\\\/www.gravatar.com\\\/avatar\\\/d8d45f8901aadff40a4af72c0b826f1d?s=96&#038;r=g&#038;d=mm\",\"contentUrl\":\"\\\/\\\/www.gravatar.com\\\/avatar\\\/d8d45f8901aadff40a4af72c0b826f1d?s=96&#038;r=g&#038;d=mm\",\"caption\":\"dorogimedence.hu\"}}]}<\/script>\n<!-- \/ Yoast SEO plugin. -->","yoast_head_json":{"title":"M\u00faltid\u00e9z\u0151 Motoros Tal\u00e1lkoz\u00f3t szerveznek Esztergomban","robots":{"index":"index","follow":"follow","max-snippet":"max-snippet:-1","max-image-preview":"max-image-preview:large","max-video-preview":"max-video-preview:-1"},"canonical":"https:\/\/dorogimedence.hu\/index.php\/2025\/07\/05\/multidezo-motoros-talalkozot-szerveznek-esztergomban\/","og_locale":"hu_HU","og_type":"article","og_title":"M\u00faltid\u00e9z\u0151 Motoros Tal\u00e1lkoz\u00f3t szerveznek Esztergomban","og_description":"A Rangers M.C. Hungary motoros klub 1995-ben alakult, \u00e9s az\u00f3ta is egy folyamatosan m\u0171k\u00f6d\u0151, kitart\u00f3 \u00e9s \u00f6sszetart\u00f3 motoros csapatk\u00e9nt maradt talpon. A klub id\u00e9n \u00fcnnepli fenn\u00e1ll\u00e1s\u00e1nak 30. \u00e9vfordul\u00f3j\u00e1t, melynek keret\u00e9ben h\u00e1romnapos &#8211; j\u00falius 11. \u00e9s 13. k\u00f6z\u00f6tt &#8211; motoros tal\u00e1lkoz\u00f3t szerveznek az esztergomi Gran Campingben. A klubb tagjai a kilencvenes \u00e9vekben, az esztergomi Vadvir\u00e1g Campingben","og_url":"https:\/\/dorogimedence.hu\/index.php\/2025\/07\/05\/multidezo-motoros-talalkozot-szerveznek-esztergomban\/","og_site_name":"Dorogi-medence Region\u00e1lis H\u00edrport\u00e1l","article_publisher":"https:\/\/www.facebook.com\/dorogimedence\/","article_published_time":"2025-07-05T09:06:09+00:00","og_image":[{"width":1920,"height":970,"url":"https:\/\/dorogimedence.hu\/wp-content\/uploads\/2025\/07\/motoros-talalkozo.jpg","type":"image\/jpeg"}],"author":"dorogimedence.hu","twitter_card":"summary_large_image","twitter_misc":{"Szerz\u0151:":"dorogimedence.hu","Becs\u00fclt olvas\u00e1si id\u0151":"3 perc"},"schema":{"@context":"https:\/\/schema.org","@graph":[{"@type":"Article","@id":"https:\/\/dorogimedence.hu\/index.php\/2025\/07\/05\/multidezo-motoros-talalkozot-szerveznek-esztergomban\/#article","isPartOf":{"@id":"https:\/\/dorogimedence.hu\/index.php\/2025\/07\/05\/multidezo-motoros-talalkozot-szerveznek-esztergomban\/"},"author":{"name":"dorogimedence.hu","@id":"https:\/\/dorogimedence.hu\/#\/schema\/person\/ce6091eeb7e95ecdc87890d6aa8e0fd4"},"headline":"M\u00faltid\u00e9z\u0151 Motoros Tal\u00e1lkoz\u00f3t szerveznek Esztergomban","datePublished":"2025-07-05T09:06:09+00:00","mainEntityOfPage":{"@id":"https:\/\/dorogimedence.hu\/index.php\/2025\/07\/05\/multidezo-motoros-talalkozot-szerveznek-esztergomban\/"},"wordCount":654,"publisher":{"@id":"https:\/\/dorogimedence.hu\/#organization"},"image":{"@id":"https:\/\/dorogimedence.hu\/index.php\/2025\/07\/05\/multidezo-motoros-talalkozot-szerveznek-esztergomban\/#primaryimage"},"thumbnailUrl":"https:\/\/dorogimedence.hu\/wp-content\/uploads\/2025\/07\/motoros-talalkozo.jpg","keywords":["esztergom","motoros tal\u00e1lkoz\u00f3","program","Rangers"],"articleSection":["Esztergom","H\u00edrek","Programok"],"inLanguage":"hu"},{"@type":"WebPage","@id":"https:\/\/dorogimedence.hu\/index.php\/2025\/07\/05\/multidezo-motoros-talalkozot-szerveznek-esztergomban\/","url":"https:\/\/dorogimedence.hu\/index.php\/2025\/07\/05\/multidezo-motoros-talalkozot-szerveznek-esztergomban\/","name":"M\u00faltid\u00e9z\u0151 Motoros Tal\u00e1lkoz\u00f3t szerveznek Esztergomban","isPartOf":{"@id":"https:\/\/dorogimedence.hu\/#website"},"primaryImageOfPage":{"@id":"https:\/\/dorogimedence.hu\/index.php\/2025\/07\/05\/multidezo-motoros-talalkozot-szerveznek-esztergomban\/#primaryimage"},"image":{"@id":"https:\/\/dorogimedence.hu\/index.php\/2025\/07\/05\/multidezo-motoros-talalkozot-szerveznek-esztergomban\/#primaryimage"},"thumbnailUrl":"https:\/\/dorogimedence.hu\/wp-content\/uploads\/2025\/07\/motoros-talalkozo.jpg","datePublished":"2025-07-05T09:06:09+00:00","breadcrumb":{"@id":"https:\/\/dorogimedence.hu\/index.php\/2025\/07\/05\/multidezo-motoros-talalkozot-szerveznek-esztergomban\/#breadcrumb"},"inLanguage":"hu","potentialAction":[{"@type":"ReadAction","target":["https:\/\/dorogimedence.hu\/index.php\/2025\/07\/05\/multidezo-motoros-talalkozot-szerveznek-esztergomban\/"]}]},{"@type":"ImageObject","inLanguage":"hu","@id":"https:\/\/dorogimedence.hu\/index.php\/2025\/07\/05\/multidezo-motoros-talalkozot-szerveznek-esztergomban\/#primaryimage","url":"https:\/\/dorogimedence.hu\/wp-content\/uploads\/2025\/07\/motoros-talalkozo.jpg","contentUrl":"https:\/\/dorogimedence.hu\/wp-content\/uploads\/2025\/07\/motoros-talalkozo.jpg","width":1920,"height":970},{"@type":"BreadcrumbList","@id":"https:\/\/dorogimedence.hu\/index.php\/2025\/07\/05\/multidezo-motoros-talalkozot-szerveznek-esztergomban\/#breadcrumb","itemListElement":[{"@type":"ListItem","position":1,"name":"Kezd\u0151lap","item":"https:\/\/dorogimedence.hu\/"},{"@type":"ListItem","position":2,"name":"M\u00faltid\u00e9z\u0151 Motoros Tal\u00e1lkoz\u00f3t szerveznek Esztergomban"}]},{"@type":"WebSite","@id":"https:\/\/dorogimedence.hu\/#website","url":"https:\/\/dorogimedence.hu\/","name":"Dorogi-medence Region\u00e1lis H\u00edrport\u00e1l","description":"Dorog, Keszt\u00f6lc, Le\u00e1nyv\u00e1r, Piliscs\u00e9v, Tokod, Tokodalt\u00e1r\u00f3, Csolnok, Esztergom-kertv\u00e1ros: h\u00edrek, programok","publisher":{"@id":"https:\/\/dorogimedence.hu\/#organization"},"potentialAction":[{"@type":"SearchAction","target":{"@type":"EntryPoint","urlTemplate":"https:\/\/dorogimedence.hu\/?s={search_term_string}"},"query-input":{"@type":"PropertyValueSpecification","valueRequired":true,"valueName":"search_term_string"}}],"inLanguage":"hu"},{"@type":"Organization","@id":"https:\/\/dorogimedence.hu\/#organization","name":"Dorogi-medence Region\u00e1lis H\u00edrport\u00e1l","url":"https:\/\/dorogimedence.hu\/","logo":{"@type":"ImageObject","inLanguage":"hu","@id":"https:\/\/dorogimedence.hu\/#\/schema\/logo\/image\/","url":"https:\/\/dorogimedence.hu\/wp-content\/uploads\/2021\/04\/logo-feher-600.png","contentUrl":"https:\/\/dorogimedence.hu\/wp-content\/uploads\/2021\/04\/logo-feher-600.png","width":600,"height":100,"caption":"Dorogi-medence Region\u00e1lis H\u00edrport\u00e1l"},"image":{"@id":"https:\/\/dorogimedence.hu\/#\/schema\/logo\/image\/"},"sameAs":["https:\/\/www.facebook.com\/dorogimedence\/"]},{"@type":"Person","@id":"https:\/\/dorogimedence.hu\/#\/schema\/person\/ce6091eeb7e95ecdc87890d6aa8e0fd4","name":"dorogimedence.hu","image":{"@type":"ImageObject","inLanguage":"hu","@id":"\/\/www.gravatar.com\/avatar\/d8d45f8901aadff40a4af72c0b826f1d?s=96&#038;r=g&#038;d=mm","url":"\/\/www.gravatar.com\/avatar\/d8d45f8901aadff40a4af72c0b826f1d?s=96&#038;r=g&#038;d=mm","contentUrl":"\/\/www.gravatar.com\/avatar\/d8d45f8901aadff40a4af72c0b826f1d?s=96&#038;r=g&#038;d=mm","caption":"dorogimedence.hu"}}]}},"_links":{"self":[{"href":"https:\/\/dorogimedence.hu\/index.php\/wp-json\/wp\/v2\/posts\/72536","targetHints":{"allow":["GET"]}}],"collection":[{"href":"https:\/\/dorogimedence.hu\/index.php\/wp-json\/wp\/v2\/posts"}],"about":[{"href":"https:\/\/dorogimedence.hu\/index.php\/wp-json\/wp\/v2\/types\/post"}],"author":[{"embeddable":true,"href":"https:\/\/dorogimedence.hu\/index.php\/wp-json\/wp\/v2\/users\/1"}],"replies":[{"embeddable":true,"href":"https:\/\/dorogimedence.hu\/index.php\/wp-json\/wp\/v2\/comments?post=72536"}],"version-history":[{"count":0,"href":"https:\/\/dorogimedence.hu\/index.php\/wp-json\/wp\/v2\/posts\/72536\/revisions"}],"wp:featuredmedia":[{"embeddable":true,"href":"https:\/\/dorogimedence.hu\/index.php\/wp-json\/wp\/v2\/media\/72537"}],"wp:attachment":[{"href":"https:\/\/dorogimedence.hu\/index.php\/wp-json\/wp\/v2\/media?parent=72536"}],"wp:term":[{"taxonomy":"category","embeddable":true,"href":"https:\/\/dorogimedence.hu\/index.php\/wp-json\/wp\/v2\/categories?post=72536"},{"taxonomy":"post_tag","embeddable":true,"href":"https:\/\/dorogimedence.hu\/index.php\/wp-json\/wp\/v2\/tags?post=72536"}],"curies":[{"name":"wp","href":"https:\/\/api.w.org\/{rel}","templated":true}]}}