{"id":72533,"date":"2025-07-05T10:22:06","date_gmt":"2025-07-05T08:22:06","guid":{"rendered":"https:\/\/dorogimedence.hu\/?p=72533"},"modified":"2025-07-05T10:22:06","modified_gmt":"2025-07-05T08:22:06","slug":"esztergomi-horgaszok-nyertek-meg-az-ifjusagi-csapatbajnoksagot","status":"publish","type":"post","link":"https:\/\/dorogimedence.hu\/index.php\/2025\/07\/05\/esztergomi-horgaszok-nyertek-meg-az-ifjusagi-csapatbajnoksagot\/","title":{"rendered":"Esztergomi horg\u00e1szok nyert\u00e9k meg az ifj\u00fas\u00e1gi csapatbajnoks\u00e1got"},"content":{"rendered":"<p><strong>Megy\u00e9nk ifj\u00fa horg\u00e1szai k\u00f6z\u00f6tt rendezett csapatbajnoks\u00e1got a KEMHESZ \u00e9s a Kocsi Horg\u00e1sz Egyes\u00fclet. A verseny 33 r\u00e9szvev\u0151je j\u00f3l \u00e9lt a vend\u00e9gl\u00e1t\u00f3k \u00e1ltal el\u0151k\u00e9sz\u00edtett versenyp\u00e1ly\u00e1val, a fiatalok felk\u00e9sz\u00fclts\u00e9g\u00e9t az is mutatja, hogy t\u00f6bb halat fogtak, mint az itt rendezett legut\u00f3bbi feln\u0151tt verseny r\u00e9sztvev\u0151i.<\/strong><\/p>\n<p>A mez\u0151ny 8 \u00e9s 18 \u00e9v k\u00f6z\u00f6tti fiatal horg\u00e1szokb\u00f3l \u00e1llt. A tizenegy csapat h\u00e1rom k\u00fcl\u00f6n szektorban m\u00e9rte \u00f6ssze tud\u00e1s\u00e1t, hogy elnyerje a v\u00e1rmegye legjobb ifj\u00fas\u00e1gi horg\u00e1szcsapata c\u00edmet. A zs\u00e1km\u00e1nyt f\u0151leg 10-20 dek\u00e1s keszegek tett\u00e9k ki, egy egy nagyobb ponty k\u00eds\u00e9ret\u00e9ben.<\/p>\n<p><strong>Eredm\u00e9nyek:<\/strong><\/p>\n<ol>\n<li><strong> Vasas HE. Esztergom I. csapat, 10,6 kilogramm<\/strong>&nbsp;(K\u00f3sa Csongor, Kugler Vince, Troll M\u00e1t\u00e9)<\/li>\n<\/ol>\n<ol start=\"2\">\n<li><strong> Kom\u00e1romi HE. I. csapat, 10,3 kilogramm <\/strong>(Bocska D\u00e1niel, Csaja Vince, Gregus Marcell)<\/li>\n<\/ol>\n<ol start=\"3\">\n<li><strong> Mocsai SHE. I. csapat 10 kilogramm <\/strong>(H\u00f6r\u00f6mp\u00f6li Kata, Kiss Zal\u00e1n, L\u00e1z\u00e1r Bence)<\/li>\n<\/ol>\n<p>Mindh\u00e1rom dobog\u00f3s helyezett (Vasas I., Kom\u00e1romi I. \u00e9s Mocsai SHE. I.) \u00e1tl\u00e9pte a 10 kilogrammos hat\u00e1rt, ami kiemelked\u0151 teljes\u00edtm\u00e9nyk\u00e9nt mutatja a megyei \u00e9lmez\u0151ny er\u0151ss\u00e9g\u00e9t. A 4\u20136. helyezett csapatok k\u00f6z\u00f6tt minim\u00e1lis, 1\u20132 pontos k\u00fcl\u00f6nbs\u00e9gek d\u00f6nt\u00f6ttek a sorrendr\u0151l, ami rendk\u00edv\u00fcl szoros mez\u0151nyt jelzett.<\/p>\n<p>A verseny teljes halfog\u00e1sa a megyei ifj\u00fas\u00e1gi csapatok r\u00e9sz\u00e9r\u0151l \u00f6sszesen 78,3 kilogramm volt, ez csapatonk\u00e9nt \u00e1tlagosan k\u00f6zel 7,1 kilogrammot jelentett a r\u00e9sztvev\u0151k kitart\u00e1s\u00e1nak \u00e9s felk\u00e9sz\u00fclts\u00e9g\u00e9nek k\u00f6sz\u00f6nhet\u0151en.<\/p>\n<p>A versenyen az els\u0151 h\u00e1rom helyezett csapat \u00e9rt\u00e9kes kup\u00e1t nyert egyes\u00fcleti d\u00edjk\u00e9nt, a gy\u0151ztes versenyz\u0151k nyak\u00e1ba \u00e9rem ker\u00fclt. A d\u00edjakat Osvald Zsolt, a KEMHESZ \u00fcgyvezet\u0151je adta \u00e1t a nyerteseknek.<\/p>\n<p>Zoltai D\u00e1niel, a KEMEHSZ eln\u00f6ke elmondta, a sz\u00f6vets\u00e9g sz\u00e1m\u00e1ra kiemelten fontos a fiatalokkal val\u00f3 foglalkoz\u00e1s, mely a term\u00e9szet szeretet\u00e9re \u00e9s v\u00e9delm\u00e9re tan\u00edt, \u00e9s a r\u00e9szvev\u0151 gyerekek k\u00f6z\u00fcl ker\u00fcl majd ki a sport\u00e1g ut\u00e1np\u00f3tl\u00e1sa, a j\u00f6v\u0151 horg\u00e1szai.<\/p>\n<p>A gyermekek sz\u00e1m\u00e1ra kedveszm\u00e9nyes \u00e1ron v\u00e1lthat\u00f3 ki a Dun\u00e1ra sz\u00f3l\u00f3 horg\u00e1szenged\u00e9ly \u00e9s sz\u00e1mukra az orsz\u00e1gos horg\u00e1szjegy kiv\u00e1lt\u00e1sa is csak n\u00e9h\u00e1ny ezer forintba ker\u00fcl.<\/p>\n","protected":false},"excerpt":{"rendered":"<p>Megy\u00e9nk ifj\u00fa horg\u00e1szai k\u00f6z\u00f6tt rendezett csapatbajnoks\u00e1got a KEMHESZ \u00e9s a Kocsi Horg\u00e1sz Egyes\u00fclet. A verseny 33 r\u00e9szvev\u0151je j\u00f3l \u00e9lt a vend\u00e9gl\u00e1t\u00f3k \u00e1ltal el\u0151k\u00e9sz\u00edtett versenyp\u00e1ly\u00e1val, a fiatalok felk\u00e9sz\u00fclts\u00e9g\u00e9t az is mutatja, hogy t\u00f6bb halat fogtak, mint az itt rendezett legut\u00f3bbi feln\u0151tt verseny r\u00e9sztvev\u0151i. A mez\u0151ny 8 \u00e9s 18 \u00e9v k\u00f6z\u00f6tti fiatal horg\u00e1szokb\u00f3l \u00e1llt. A tizenegy csapat<\/p>\n","protected":false},"author":1,"featured_media":72534,"comment_status":"closed","ping_status":"closed","sticky":false,"template":"","format":"standard","meta":{"ngg_post_thumbnail":0,"footnotes":""},"categories":[38,3,56,5],"tags":[42,4825,598,4398,6890,16],"class_list":{"0":"post-72533","1":"post","2":"type-post","3":"status-publish","4":"format-standard","5":"has-post-thumbnail","7":"category-esztergom","8":"category-hirek","9":"category-komarom-esztergom","10":"category-sport","11":"tag-esztergom","12":"tag-horgasz","13":"tag-horgaszat","14":"tag-kemhesz","15":"tag-komarom-esztergom-varmegye","16":"tag-sport"},"yoast_head":"<!-- This site is optimized with the Yoast SEO plugin v27.4 - https:\/\/yoast.com\/product\/yoast-seo-wordpress\/ -->\n<title>Esztergomi horg\u00e1szok nyert\u00e9k meg az ifj\u00fas\u00e1gi csapatbajnoks\u00e1got<\/title>\n<meta name=\"robots\" content=\"index, follow, max-snippet:-1, max-image-preview:large, max-video-preview:-1\" \/>\n<link rel=\"canonical\" href=\"https:\/\/dorogimedence.hu\/index.php\/2025\/07\/05\/esztergomi-horgaszok-nyertek-meg-az-ifjusagi-csapatbajnoksagot\/\" class=\"yoast-seo-meta-tag\" \/>\n<meta property=\"og:locale\" content=\"hu_HU\" class=\"yoast-seo-meta-tag\" \/>\n<meta property=\"og:type\" content=\"article\" class=\"yoast-seo-meta-tag\" \/>\n<meta property=\"og:title\" content=\"Esztergomi horg\u00e1szok nyert\u00e9k meg az ifj\u00fas\u00e1gi csapatbajnoks\u00e1got\" class=\"yoast-seo-meta-tag\" \/>\n<meta property=\"og:description\" content=\"Megy\u00e9nk ifj\u00fa horg\u00e1szai k\u00f6z\u00f6tt rendezett csapatbajnoks\u00e1got a KEMHESZ \u00e9s a Kocsi Horg\u00e1sz Egyes\u00fclet. A verseny 33 r\u00e9szvev\u0151je j\u00f3l \u00e9lt a vend\u00e9gl\u00e1t\u00f3k \u00e1ltal el\u0151k\u00e9sz\u00edtett versenyp\u00e1ly\u00e1val, a fiatalok felk\u00e9sz\u00fclts\u00e9g\u00e9t az is mutatja, hogy t\u00f6bb halat fogtak, mint az itt rendezett legut\u00f3bbi feln\u0151tt verseny r\u00e9sztvev\u0151i. A mez\u0151ny 8 \u00e9s 18 \u00e9v k\u00f6z\u00f6tti fiatal horg\u00e1szokb\u00f3l \u00e1llt. A tizenegy csapat\" class=\"yoast-seo-meta-tag\" \/>\n<meta property=\"og:url\" content=\"https:\/\/dorogimedence.hu\/index.php\/2025\/07\/05\/esztergomi-horgaszok-nyertek-meg-az-ifjusagi-csapatbajnoksagot\/\" class=\"yoast-seo-meta-tag\" \/>\n<meta property=\"og:site_name\" content=\"Dorogi-medence Region\u00e1lis H\u00edrport\u00e1l\" class=\"yoast-seo-meta-tag\" \/>\n<meta property=\"article:publisher\" content=\"https:\/\/www.facebook.com\/dorogimedence\/\" class=\"yoast-seo-meta-tag\" \/>\n<meta property=\"article:published_time\" content=\"2025-07-05T08:22:06+00:00\" class=\"yoast-seo-meta-tag\" \/>\n<meta property=\"og:image\" content=\"https:\/\/dorogimedence.hu\/wp-content\/uploads\/2025\/07\/egom-horgaszok.jpg\" class=\"yoast-seo-meta-tag\" \/>\n\t<meta property=\"og:image:width\" content=\"1920\" class=\"yoast-seo-meta-tag\" \/>\n\t<meta property=\"og:image:height\" content=\"970\" class=\"yoast-seo-meta-tag\" \/>\n\t<meta property=\"og:image:type\" content=\"image\/jpeg\" class=\"yoast-seo-meta-tag\" \/>\n<meta name=\"author\" content=\"dorogimedence.hu\" class=\"yoast-seo-meta-tag\" \/>\n<meta name=\"twitter:card\" content=\"summary_large_image\" class=\"yoast-seo-meta-tag\" \/>\n<meta name=\"twitter:label1\" content=\"Szerz\u0151:\" class=\"yoast-seo-meta-tag\" \/>\n\t<meta name=\"twitter:data1\" content=\"dorogimedence.hu\" class=\"yoast-seo-meta-tag\" \/>\n\t<meta name=\"twitter:label2\" content=\"Becs\u00fclt olvas\u00e1si id\u0151\" class=\"yoast-seo-meta-tag\" \/>\n\t<meta name=\"twitter:data2\" content=\"2 perc\" class=\"yoast-seo-meta-tag\" \/>\n<script type=\"application\/ld+json\" class=\"yoast-schema-graph\">{\"@context\":\"https:\\\/\\\/schema.org\",\"@graph\":[{\"@type\":\"Article\",\"@id\":\"https:\\\/\\\/dorogimedence.hu\\\/index.php\\\/2025\\\/07\\\/05\\\/esztergomi-horgaszok-nyertek-meg-az-ifjusagi-csapatbajnoksagot\\\/#article\",\"isPartOf\":{\"@id\":\"https:\\\/\\\/dorogimedence.hu\\\/index.php\\\/2025\\\/07\\\/05\\\/esztergomi-horgaszok-nyertek-meg-az-ifjusagi-csapatbajnoksagot\\\/\"},\"author\":{\"name\":\"dorogimedence.hu\",\"@id\":\"https:\\\/\\\/dorogimedence.hu\\\/#\\\/schema\\\/person\\\/ce6091eeb7e95ecdc87890d6aa8e0fd4\"},\"headline\":\"Esztergomi horg\u00e1szok nyert\u00e9k meg az ifj\u00fas\u00e1gi csapatbajnoks\u00e1got\",\"datePublished\":\"2025-07-05T08:22:06+00:00\",\"mainEntityOfPage\":{\"@id\":\"https:\\\/\\\/dorogimedence.hu\\\/index.php\\\/2025\\\/07\\\/05\\\/esztergomi-horgaszok-nyertek-meg-az-ifjusagi-csapatbajnoksagot\\\/\"},\"wordCount\":432,\"publisher\":{\"@id\":\"https:\\\/\\\/dorogimedence.hu\\\/#organization\"},\"image\":{\"@id\":\"https:\\\/\\\/dorogimedence.hu\\\/index.php\\\/2025\\\/07\\\/05\\\/esztergomi-horgaszok-nyertek-meg-az-ifjusagi-csapatbajnoksagot\\\/#primaryimage\"},\"thumbnailUrl\":\"https:\\\/\\\/dorogimedence.hu\\\/wp-content\\\/uploads\\\/2025\\\/07\\\/egom-horgaszok.jpg\",\"keywords\":[\"esztergom\",\"horg\u00e1sz\",\"horg\u00e1szat\",\"KEMHESZ\",\"Kom\u00e1rom-Esztergom v\u00e1rmegye\",\"sport\"],\"articleSection\":[\"Esztergom\",\"H\u00edrek\",\"Kom\u00e1rom-Esztergom\",\"Sport\"],\"inLanguage\":\"hu\"},{\"@type\":\"WebPage\",\"@id\":\"https:\\\/\\\/dorogimedence.hu\\\/index.php\\\/2025\\\/07\\\/05\\\/esztergomi-horgaszok-nyertek-meg-az-ifjusagi-csapatbajnoksagot\\\/\",\"url\":\"https:\\\/\\\/dorogimedence.hu\\\/index.php\\\/2025\\\/07\\\/05\\\/esztergomi-horgaszok-nyertek-meg-az-ifjusagi-csapatbajnoksagot\\\/\",\"name\":\"Esztergomi horg\u00e1szok nyert\u00e9k meg az ifj\u00fas\u00e1gi csapatbajnoks\u00e1got\",\"isPartOf\":{\"@id\":\"https:\\\/\\\/dorogimedence.hu\\\/#website\"},\"primaryImageOfPage\":{\"@id\":\"https:\\\/\\\/dorogimedence.hu\\\/index.php\\\/2025\\\/07\\\/05\\\/esztergomi-horgaszok-nyertek-meg-az-ifjusagi-csapatbajnoksagot\\\/#primaryimage\"},\"image\":{\"@id\":\"https:\\\/\\\/dorogimedence.hu\\\/index.php\\\/2025\\\/07\\\/05\\\/esztergomi-horgaszok-nyertek-meg-az-ifjusagi-csapatbajnoksagot\\\/#primaryimage\"},\"thumbnailUrl\":\"https:\\\/\\\/dorogimedence.hu\\\/wp-content\\\/uploads\\\/2025\\\/07\\\/egom-horgaszok.jpg\",\"datePublished\":\"2025-07-05T08:22:06+00:00\",\"breadcrumb\":{\"@id\":\"https:\\\/\\\/dorogimedence.hu\\\/index.php\\\/2025\\\/07\\\/05\\\/esztergomi-horgaszok-nyertek-meg-az-ifjusagi-csapatbajnoksagot\\\/#breadcrumb\"},\"inLanguage\":\"hu\",\"potentialAction\":[{\"@type\":\"ReadAction\",\"target\":[\"https:\\\/\\\/dorogimedence.hu\\\/index.php\\\/2025\\\/07\\\/05\\\/esztergomi-horgaszok-nyertek-meg-az-ifjusagi-csapatbajnoksagot\\\/\"]}]},{\"@type\":\"ImageObject\",\"inLanguage\":\"hu\",\"@id\":\"https:\\\/\\\/dorogimedence.hu\\\/index.php\\\/2025\\\/07\\\/05\\\/esztergomi-horgaszok-nyertek-meg-az-ifjusagi-csapatbajnoksagot\\\/#primaryimage\",\"url\":\"https:\\\/\\\/dorogimedence.hu\\\/wp-content\\\/uploads\\\/2025\\\/07\\\/egom-horgaszok.jpg\",\"contentUrl\":\"https:\\\/\\\/dorogimedence.hu\\\/wp-content\\\/uploads\\\/2025\\\/07\\\/egom-horgaszok.jpg\",\"width\":1920,\"height\":970},{\"@type\":\"BreadcrumbList\",\"@id\":\"https:\\\/\\\/dorogimedence.hu\\\/index.php\\\/2025\\\/07\\\/05\\\/esztergomi-horgaszok-nyertek-meg-az-ifjusagi-csapatbajnoksagot\\\/#breadcrumb\",\"itemListElement\":[{\"@type\":\"ListItem\",\"position\":1,\"name\":\"Kezd\u0151lap\",\"item\":\"https:\\\/\\\/dorogimedence.hu\\\/\"},{\"@type\":\"ListItem\",\"position\":2,\"name\":\"Esztergomi horg\u00e1szok nyert\u00e9k meg az ifj\u00fas\u00e1gi csapatbajnoks\u00e1got\"}]},{\"@type\":\"WebSite\",\"@id\":\"https:\\\/\\\/dorogimedence.hu\\\/#website\",\"url\":\"https:\\\/\\\/dorogimedence.hu\\\/\",\"name\":\"Dorogi-medence Region\u00e1lis H\u00edrport\u00e1l\",\"description\":\"Dorog, Keszt\u00f6lc, Le\u00e1nyv\u00e1r, Piliscs\u00e9v, Tokod, Tokodalt\u00e1r\u00f3, Csolnok, Esztergom-kertv\u00e1ros: h\u00edrek, programok\",\"publisher\":{\"@id\":\"https:\\\/\\\/dorogimedence.hu\\\/#organization\"},\"potentialAction\":[{\"@type\":\"SearchAction\",\"target\":{\"@type\":\"EntryPoint\",\"urlTemplate\":\"https:\\\/\\\/dorogimedence.hu\\\/?s={search_term_string}\"},\"query-input\":{\"@type\":\"PropertyValueSpecification\",\"valueRequired\":true,\"valueName\":\"search_term_string\"}}],\"inLanguage\":\"hu\"},{\"@type\":\"Organization\",\"@id\":\"https:\\\/\\\/dorogimedence.hu\\\/#organization\",\"name\":\"Dorogi-medence Region\u00e1lis H\u00edrport\u00e1l\",\"url\":\"https:\\\/\\\/dorogimedence.hu\\\/\",\"logo\":{\"@type\":\"ImageObject\",\"inLanguage\":\"hu\",\"@id\":\"https:\\\/\\\/dorogimedence.hu\\\/#\\\/schema\\\/logo\\\/image\\\/\",\"url\":\"https:\\\/\\\/dorogimedence.hu\\\/wp-content\\\/uploads\\\/2021\\\/04\\\/logo-feher-600.png\",\"contentUrl\":\"https:\\\/\\\/dorogimedence.hu\\\/wp-content\\\/uploads\\\/2021\\\/04\\\/logo-feher-600.png\",\"width\":600,\"height\":100,\"caption\":\"Dorogi-medence Region\u00e1lis H\u00edrport\u00e1l\"},\"image\":{\"@id\":\"https:\\\/\\\/dorogimedence.hu\\\/#\\\/schema\\\/logo\\\/image\\\/\"},\"sameAs\":[\"https:\\\/\\\/www.facebook.com\\\/dorogimedence\\\/\"]},{\"@type\":\"Person\",\"@id\":\"https:\\\/\\\/dorogimedence.hu\\\/#\\\/schema\\\/person\\\/ce6091eeb7e95ecdc87890d6aa8e0fd4\",\"name\":\"dorogimedence.hu\",\"image\":{\"@type\":\"ImageObject\",\"inLanguage\":\"hu\",\"@id\":\"\\\/\\\/www.gravatar.com\\\/avatar\\\/d8d45f8901aadff40a4af72c0b826f1d?s=96&#038;r=g&#038;d=mm\",\"url\":\"\\\/\\\/www.gravatar.com\\\/avatar\\\/d8d45f8901aadff40a4af72c0b826f1d?s=96&#038;r=g&#038;d=mm\",\"contentUrl\":\"\\\/\\\/www.gravatar.com\\\/avatar\\\/d8d45f8901aadff40a4af72c0b826f1d?s=96&#038;r=g&#038;d=mm\",\"caption\":\"dorogimedence.hu\"}}]}<\/script>\n<!-- \/ Yoast SEO plugin. -->","yoast_head_json":{"title":"Esztergomi horg\u00e1szok nyert\u00e9k meg az ifj\u00fas\u00e1gi csapatbajnoks\u00e1got","robots":{"index":"index","follow":"follow","max-snippet":"max-snippet:-1","max-image-preview":"max-image-preview:large","max-video-preview":"max-video-preview:-1"},"canonical":"https:\/\/dorogimedence.hu\/index.php\/2025\/07\/05\/esztergomi-horgaszok-nyertek-meg-az-ifjusagi-csapatbajnoksagot\/","og_locale":"hu_HU","og_type":"article","og_title":"Esztergomi horg\u00e1szok nyert\u00e9k meg az ifj\u00fas\u00e1gi csapatbajnoks\u00e1got","og_description":"Megy\u00e9nk ifj\u00fa horg\u00e1szai k\u00f6z\u00f6tt rendezett csapatbajnoks\u00e1got a KEMHESZ \u00e9s a Kocsi Horg\u00e1sz Egyes\u00fclet. A verseny 33 r\u00e9szvev\u0151je j\u00f3l \u00e9lt a vend\u00e9gl\u00e1t\u00f3k \u00e1ltal el\u0151k\u00e9sz\u00edtett versenyp\u00e1ly\u00e1val, a fiatalok felk\u00e9sz\u00fclts\u00e9g\u00e9t az is mutatja, hogy t\u00f6bb halat fogtak, mint az itt rendezett legut\u00f3bbi feln\u0151tt verseny r\u00e9sztvev\u0151i. A mez\u0151ny 8 \u00e9s 18 \u00e9v k\u00f6z\u00f6tti fiatal horg\u00e1szokb\u00f3l \u00e1llt. A tizenegy csapat","og_url":"https:\/\/dorogimedence.hu\/index.php\/2025\/07\/05\/esztergomi-horgaszok-nyertek-meg-az-ifjusagi-csapatbajnoksagot\/","og_site_name":"Dorogi-medence Region\u00e1lis H\u00edrport\u00e1l","article_publisher":"https:\/\/www.facebook.com\/dorogimedence\/","article_published_time":"2025-07-05T08:22:06+00:00","og_image":[{"width":1920,"height":970,"url":"https:\/\/dorogimedence.hu\/wp-content\/uploads\/2025\/07\/egom-horgaszok.jpg","type":"image\/jpeg"}],"author":"dorogimedence.hu","twitter_card":"summary_large_image","twitter_misc":{"Szerz\u0151:":"dorogimedence.hu","Becs\u00fclt olvas\u00e1si id\u0151":"2 perc"},"schema":{"@context":"https:\/\/schema.org","@graph":[{"@type":"Article","@id":"https:\/\/dorogimedence.hu\/index.php\/2025\/07\/05\/esztergomi-horgaszok-nyertek-meg-az-ifjusagi-csapatbajnoksagot\/#article","isPartOf":{"@id":"https:\/\/dorogimedence.hu\/index.php\/2025\/07\/05\/esztergomi-horgaszok-nyertek-meg-az-ifjusagi-csapatbajnoksagot\/"},"author":{"name":"dorogimedence.hu","@id":"https:\/\/dorogimedence.hu\/#\/schema\/person\/ce6091eeb7e95ecdc87890d6aa8e0fd4"},"headline":"Esztergomi horg\u00e1szok nyert\u00e9k meg az ifj\u00fas\u00e1gi csapatbajnoks\u00e1got","datePublished":"2025-07-05T08:22:06+00:00","mainEntityOfPage":{"@id":"https:\/\/dorogimedence.hu\/index.php\/2025\/07\/05\/esztergomi-horgaszok-nyertek-meg-az-ifjusagi-csapatbajnoksagot\/"},"wordCount":432,"publisher":{"@id":"https:\/\/dorogimedence.hu\/#organization"},"image":{"@id":"https:\/\/dorogimedence.hu\/index.php\/2025\/07\/05\/esztergomi-horgaszok-nyertek-meg-az-ifjusagi-csapatbajnoksagot\/#primaryimage"},"thumbnailUrl":"https:\/\/dorogimedence.hu\/wp-content\/uploads\/2025\/07\/egom-horgaszok.jpg","keywords":["esztergom","horg\u00e1sz","horg\u00e1szat","KEMHESZ","Kom\u00e1rom-Esztergom v\u00e1rmegye","sport"],"articleSection":["Esztergom","H\u00edrek","Kom\u00e1rom-Esztergom","Sport"],"inLanguage":"hu"},{"@type":"WebPage","@id":"https:\/\/dorogimedence.hu\/index.php\/2025\/07\/05\/esztergomi-horgaszok-nyertek-meg-az-ifjusagi-csapatbajnoksagot\/","url":"https:\/\/dorogimedence.hu\/index.php\/2025\/07\/05\/esztergomi-horgaszok-nyertek-meg-az-ifjusagi-csapatbajnoksagot\/","name":"Esztergomi horg\u00e1szok nyert\u00e9k meg az ifj\u00fas\u00e1gi csapatbajnoks\u00e1got","isPartOf":{"@id":"https:\/\/dorogimedence.hu\/#website"},"primaryImageOfPage":{"@id":"https:\/\/dorogimedence.hu\/index.php\/2025\/07\/05\/esztergomi-horgaszok-nyertek-meg-az-ifjusagi-csapatbajnoksagot\/#primaryimage"},"image":{"@id":"https:\/\/dorogimedence.hu\/index.php\/2025\/07\/05\/esztergomi-horgaszok-nyertek-meg-az-ifjusagi-csapatbajnoksagot\/#primaryimage"},"thumbnailUrl":"https:\/\/dorogimedence.hu\/wp-content\/uploads\/2025\/07\/egom-horgaszok.jpg","datePublished":"2025-07-05T08:22:06+00:00","breadcrumb":{"@id":"https:\/\/dorogimedence.hu\/index.php\/2025\/07\/05\/esztergomi-horgaszok-nyertek-meg-az-ifjusagi-csapatbajnoksagot\/#breadcrumb"},"inLanguage":"hu","potentialAction":[{"@type":"ReadAction","target":["https:\/\/dorogimedence.hu\/index.php\/2025\/07\/05\/esztergomi-horgaszok-nyertek-meg-az-ifjusagi-csapatbajnoksagot\/"]}]},{"@type":"ImageObject","inLanguage":"hu","@id":"https:\/\/dorogimedence.hu\/index.php\/2025\/07\/05\/esztergomi-horgaszok-nyertek-meg-az-ifjusagi-csapatbajnoksagot\/#primaryimage","url":"https:\/\/dorogimedence.hu\/wp-content\/uploads\/2025\/07\/egom-horgaszok.jpg","contentUrl":"https:\/\/dorogimedence.hu\/wp-content\/uploads\/2025\/07\/egom-horgaszok.jpg","width":1920,"height":970},{"@type":"BreadcrumbList","@id":"https:\/\/dorogimedence.hu\/index.php\/2025\/07\/05\/esztergomi-horgaszok-nyertek-meg-az-ifjusagi-csapatbajnoksagot\/#breadcrumb","itemListElement":[{"@type":"ListItem","position":1,"name":"Kezd\u0151lap","item":"https:\/\/dorogimedence.hu\/"},{"@type":"ListItem","position":2,"name":"Esztergomi horg\u00e1szok nyert\u00e9k meg az ifj\u00fas\u00e1gi csapatbajnoks\u00e1got"}]},{"@type":"WebSite","@id":"https:\/\/dorogimedence.hu\/#website","url":"https:\/\/dorogimedence.hu\/","name":"Dorogi-medence Region\u00e1lis H\u00edrport\u00e1l","description":"Dorog, Keszt\u00f6lc, Le\u00e1nyv\u00e1r, Piliscs\u00e9v, Tokod, Tokodalt\u00e1r\u00f3, Csolnok, Esztergom-kertv\u00e1ros: h\u00edrek, programok","publisher":{"@id":"https:\/\/dorogimedence.hu\/#organization"},"potentialAction":[{"@type":"SearchAction","target":{"@type":"EntryPoint","urlTemplate":"https:\/\/dorogimedence.hu\/?s={search_term_string}"},"query-input":{"@type":"PropertyValueSpecification","valueRequired":true,"valueName":"search_term_string"}}],"inLanguage":"hu"},{"@type":"Organization","@id":"https:\/\/dorogimedence.hu\/#organization","name":"Dorogi-medence Region\u00e1lis H\u00edrport\u00e1l","url":"https:\/\/dorogimedence.hu\/","logo":{"@type":"ImageObject","inLanguage":"hu","@id":"https:\/\/dorogimedence.hu\/#\/schema\/logo\/image\/","url":"https:\/\/dorogimedence.hu\/wp-content\/uploads\/2021\/04\/logo-feher-600.png","contentUrl":"https:\/\/dorogimedence.hu\/wp-content\/uploads\/2021\/04\/logo-feher-600.png","width":600,"height":100,"caption":"Dorogi-medence Region\u00e1lis H\u00edrport\u00e1l"},"image":{"@id":"https:\/\/dorogimedence.hu\/#\/schema\/logo\/image\/"},"sameAs":["https:\/\/www.facebook.com\/dorogimedence\/"]},{"@type":"Person","@id":"https:\/\/dorogimedence.hu\/#\/schema\/person\/ce6091eeb7e95ecdc87890d6aa8e0fd4","name":"dorogimedence.hu","image":{"@type":"ImageObject","inLanguage":"hu","@id":"\/\/www.gravatar.com\/avatar\/d8d45f8901aadff40a4af72c0b826f1d?s=96&#038;r=g&#038;d=mm","url":"\/\/www.gravatar.com\/avatar\/d8d45f8901aadff40a4af72c0b826f1d?s=96&#038;r=g&#038;d=mm","contentUrl":"\/\/www.gravatar.com\/avatar\/d8d45f8901aadff40a4af72c0b826f1d?s=96&#038;r=g&#038;d=mm","caption":"dorogimedence.hu"}}]}},"_links":{"self":[{"href":"https:\/\/dorogimedence.hu\/index.php\/wp-json\/wp\/v2\/posts\/72533","targetHints":{"allow":["GET"]}}],"collection":[{"href":"https:\/\/dorogimedence.hu\/index.php\/wp-json\/wp\/v2\/posts"}],"about":[{"href":"https:\/\/dorogimedence.hu\/index.php\/wp-json\/wp\/v2\/types\/post"}],"author":[{"embeddable":true,"href":"https:\/\/dorogimedence.hu\/index.php\/wp-json\/wp\/v2\/users\/1"}],"replies":[{"embeddable":true,"href":"https:\/\/dorogimedence.hu\/index.php\/wp-json\/wp\/v2\/comments?post=72533"}],"version-history":[{"count":0,"href":"https:\/\/dorogimedence.hu\/index.php\/wp-json\/wp\/v2\/posts\/72533\/revisions"}],"wp:featuredmedia":[{"embeddable":true,"href":"https:\/\/dorogimedence.hu\/index.php\/wp-json\/wp\/v2\/media\/72534"}],"wp:attachment":[{"href":"https:\/\/dorogimedence.hu\/index.php\/wp-json\/wp\/v2\/media?parent=72533"}],"wp:term":[{"taxonomy":"category","embeddable":true,"href":"https:\/\/dorogimedence.hu\/index.php\/wp-json\/wp\/v2\/categories?post=72533"},{"taxonomy":"post_tag","embeddable":true,"href":"https:\/\/dorogimedence.hu\/index.php\/wp-json\/wp\/v2\/tags?post=72533"}],"curies":[{"name":"wp","href":"https:\/\/api.w.org\/{rel}","templated":true}]}}