{"id":72523,"date":"2025-07-04T14:34:10","date_gmt":"2025-07-04T12:34:10","guid":{"rendered":"https:\/\/dorogimedence.hu\/?p=72523"},"modified":"2025-07-04T14:34:10","modified_gmt":"2025-07-04T12:34:10","slug":"dobogos-helyen-vegzett-a-magyar-csapat-a-horgasz-europa-bajnoksagon","status":"publish","type":"post","link":"https:\/\/dorogimedence.hu\/index.php\/2025\/07\/04\/dobogos-helyen-vegzett-a-magyar-csapat-a-horgasz-europa-bajnoksagon\/","title":{"rendered":"Dobog\u00f3s helyen v\u00e9gzett a magyar csapat a horg\u00e1sz Eur\u00f3pa-bajnoks\u00e1gon"},"content":{"rendered":"<p><strong>Szlov\u00e1ki\u00e1ban, a P\u00f6sty\u00e9n melletti Sinava-v\u00edzt\u00e1roz\u00f3n rendezte meg a FIPSed a 29. Horg\u00e1sz Eur\u00f3pa-bajnoks\u00e1got. A 21 nemzetet felvonultat\u00f3 versenyen az els\u0151 fordul\u00f3 szoros eredm\u00e9nye ut\u00e1n, nagyon kem\u00e9ny csat\u00e1ban v\u00e9g\u00fcl siker\u00fclt megszereznie a bronz\u00e9rmet a magyar horg\u00e1szv\u00e1logatottnak.<\/strong><\/p>\n<p>Az \u00e9rmes helyen v\u00e9gzett csapat tagja volt az esztergomi Cs\u00f6regi Bal\u00e1zs \u00e9s seg\u00edt\u0151je Eichardt L\u00e1szl\u00f3 is. Cs\u00f6regi Bal\u00e1zs elmondta, hogy m\u00e1r a verseny el\u0151tt tartottak edz\u00e9seket a v\u00edzt\u00e1roz\u00f3n\u00e1l, melyben kimondottan sok hal volt. Nagyon er\u0151s, 1-1,5 kil\u00f3s d\u00e9v\u00e9reket lehetett fogni, emellett kisebb pontyok, valamint szilvaorr\u00fa \u00e9s karika keszeg akadt m\u00e9g horogra.<\/p>\n<p><img fetchpriority=\"high\" decoding=\"async\" class=\"alignnone size-full wp-image-72525\" src=\"https:\/\/dorogimedence.hu\/wp-content\/uploads\/2025\/07\/horgasz-02.jpg\" alt=\"\" width=\"1200\" height=\"470\" srcset=\"https:\/\/dorogimedence.hu\/wp-content\/uploads\/2025\/07\/horgasz-02.jpg 1200w, https:\/\/dorogimedence.hu\/wp-content\/uploads\/2025\/07\/horgasz-02-600x235.jpg 600w, https:\/\/dorogimedence.hu\/wp-content\/uploads\/2025\/07\/horgasz-02-768x301.jpg 768w, https:\/\/dorogimedence.hu\/wp-content\/uploads\/2025\/07\/horgasz-02-150x59.jpg 150w, https:\/\/dorogimedence.hu\/wp-content\/uploads\/2025\/07\/horgasz-02-450x176.jpg 450w\" sizes=\"(max-width: 1200px) 100vw, 1200px\" \/><\/p>\n<p>A v\u00edzt\u00e1roz\u00f3ra jellemz\u0151 d\u00e9v\u00e9rkeszegek fog\u00e1s\u00e1ban Belgium csapata jeleskedett a legjobban, \u00edgy \u0151k lettek 2025-ben az Eur\u00f3pa-bajnokok 45 ponttal. A m\u00e1sodik helyen a Cseh K\u00f6zt\u00e1rsas\u00e1g csapata v\u00e9gzett 54 ponttal, m\u00edg a harmadik helyet 57 ponttal Magyarorsz\u00e1g csapata szerezte meg.<\/p>\n<p>A csapat tagjai: Nagy Kriszti\u00e1n kapit\u00e1ny, Tim\u00e1r D\u00e1niel m\u00e1sodkapit\u00e1ny, Poly\u00e1k Csaba sz\u00f6vets\u00e9gi deleg\u00e1lt; Csillag L\u00e1szl\u00f3, Cs\u00f6regi Bal\u00e1zs, Kal\u00f3 Zolt\u00e1n, Nagy Andr\u00e1s, Sz\u00e1kovics Imre, Tim\u00e1r Szabolcs versenyz\u0151k; \u00c1goston Lajos, Bajcsi Andr\u00e1s, Bakos Hunor \u00e9s Eichardt L\u00e1szl\u00f3 seg\u00edt\u0151k.<\/p>\n<p>A legeredm\u00e9nyesebb magyar versenyz\u0151 ez\u00fattal Kal\u00f3 Zolt\u00e1n volt, aki az egy\u00e9ni rangsorban a 10. helyen v\u00e9gzett.<\/p>\n","protected":false},"excerpt":{"rendered":"<p>Szlov\u00e1ki\u00e1ban, a P\u00f6sty\u00e9n melletti Sinava-v\u00edzt\u00e1roz\u00f3n rendezte meg a FIPSed a 29. Horg\u00e1sz Eur\u00f3pa-bajnoks\u00e1got. A 21 nemzetet felvonultat\u00f3 versenyen az els\u0151 fordul\u00f3 szoros eredm\u00e9nye ut\u00e1n, nagyon kem\u00e9ny csat\u00e1ban v\u00e9g\u00fcl siker\u00fclt megszereznie a bronz\u00e9rmet a magyar horg\u00e1szv\u00e1logatottnak. Az \u00e9rmes helyen v\u00e9gzett csapat tagja volt az esztergomi Cs\u00f6regi Bal\u00e1zs \u00e9s seg\u00edt\u0151je Eichardt L\u00e1szl\u00f3 is. Cs\u00f6regi Bal\u00e1zs elmondta, hogy<\/p>\n","protected":false},"author":1,"featured_media":72524,"comment_status":"closed","ping_status":"closed","sticky":false,"template":"","format":"standard","meta":{"ngg_post_thumbnail":0,"footnotes":""},"categories":[38,3,5],"tags":[2834,4825,598,4398,16],"class_list":{"0":"post-72523","1":"post","2":"type-post","3":"status-publish","4":"format-standard","5":"has-post-thumbnail","7":"category-esztergom","8":"category-hirek","9":"category-sport","10":"tag-europa-bajnoksag","11":"tag-horgasz","12":"tag-horgaszat","13":"tag-kemhesz","14":"tag-sport"},"yoast_head":"<!-- This site is optimized with the Yoast SEO plugin v27.4 - https:\/\/yoast.com\/product\/yoast-seo-wordpress\/ -->\n<title>Dobog\u00f3s helyen v\u00e9gzett a magyar csapat a horg\u00e1sz Eur\u00f3pa-bajnoks\u00e1gon<\/title>\n<meta name=\"robots\" content=\"index, follow, max-snippet:-1, max-image-preview:large, max-video-preview:-1\" \/>\n<link rel=\"canonical\" href=\"https:\/\/dorogimedence.hu\/index.php\/2025\/07\/04\/dobogos-helyen-vegzett-a-magyar-csapat-a-horgasz-europa-bajnoksagon\/\" class=\"yoast-seo-meta-tag\" \/>\n<meta property=\"og:locale\" content=\"hu_HU\" class=\"yoast-seo-meta-tag\" \/>\n<meta property=\"og:type\" content=\"article\" class=\"yoast-seo-meta-tag\" \/>\n<meta property=\"og:title\" content=\"Dobog\u00f3s helyen v\u00e9gzett a magyar csapat a horg\u00e1sz Eur\u00f3pa-bajnoks\u00e1gon\" class=\"yoast-seo-meta-tag\" \/>\n<meta property=\"og:description\" content=\"Szlov\u00e1ki\u00e1ban, a P\u00f6sty\u00e9n melletti Sinava-v\u00edzt\u00e1roz\u00f3n rendezte meg a FIPSed a 29. Horg\u00e1sz Eur\u00f3pa-bajnoks\u00e1got. A 21 nemzetet felvonultat\u00f3 versenyen az els\u0151 fordul\u00f3 szoros eredm\u00e9nye ut\u00e1n, nagyon kem\u00e9ny csat\u00e1ban v\u00e9g\u00fcl siker\u00fclt megszereznie a bronz\u00e9rmet a magyar horg\u00e1szv\u00e1logatottnak. Az \u00e9rmes helyen v\u00e9gzett csapat tagja volt az esztergomi Cs\u00f6regi Bal\u00e1zs \u00e9s seg\u00edt\u0151je Eichardt L\u00e1szl\u00f3 is. Cs\u00f6regi Bal\u00e1zs elmondta, hogy\" class=\"yoast-seo-meta-tag\" \/>\n<meta property=\"og:url\" content=\"https:\/\/dorogimedence.hu\/index.php\/2025\/07\/04\/dobogos-helyen-vegzett-a-magyar-csapat-a-horgasz-europa-bajnoksagon\/\" class=\"yoast-seo-meta-tag\" \/>\n<meta property=\"og:site_name\" content=\"Dorogi-medence Region\u00e1lis H\u00edrport\u00e1l\" class=\"yoast-seo-meta-tag\" \/>\n<meta property=\"article:publisher\" content=\"https:\/\/www.facebook.com\/dorogimedence\/\" class=\"yoast-seo-meta-tag\" \/>\n<meta property=\"article:published_time\" content=\"2025-07-04T12:34:10+00:00\" class=\"yoast-seo-meta-tag\" \/>\n<meta property=\"og:image\" content=\"https:\/\/dorogimedence.hu\/wp-content\/uploads\/2025\/07\/horgasz-01.jpg\" class=\"yoast-seo-meta-tag\" \/>\n\t<meta property=\"og:image:width\" content=\"1920\" class=\"yoast-seo-meta-tag\" \/>\n\t<meta property=\"og:image:height\" content=\"970\" class=\"yoast-seo-meta-tag\" \/>\n\t<meta property=\"og:image:type\" content=\"image\/jpeg\" class=\"yoast-seo-meta-tag\" \/>\n<meta name=\"author\" content=\"dorogimedence.hu\" class=\"yoast-seo-meta-tag\" \/>\n<meta name=\"twitter:card\" content=\"summary_large_image\" class=\"yoast-seo-meta-tag\" \/>\n<meta name=\"twitter:label1\" content=\"Szerz\u0151:\" class=\"yoast-seo-meta-tag\" \/>\n\t<meta name=\"twitter:data1\" content=\"dorogimedence.hu\" class=\"yoast-seo-meta-tag\" \/>\n\t<meta name=\"twitter:label2\" content=\"Becs\u00fclt olvas\u00e1si id\u0151\" class=\"yoast-seo-meta-tag\" \/>\n\t<meta name=\"twitter:data2\" content=\"1 perc\" class=\"yoast-seo-meta-tag\" \/>\n<script type=\"application\/ld+json\" class=\"yoast-schema-graph\">{\"@context\":\"https:\\\/\\\/schema.org\",\"@graph\":[{\"@type\":\"Article\",\"@id\":\"https:\\\/\\\/dorogimedence.hu\\\/index.php\\\/2025\\\/07\\\/04\\\/dobogos-helyen-vegzett-a-magyar-csapat-a-horgasz-europa-bajnoksagon\\\/#article\",\"isPartOf\":{\"@id\":\"https:\\\/\\\/dorogimedence.hu\\\/index.php\\\/2025\\\/07\\\/04\\\/dobogos-helyen-vegzett-a-magyar-csapat-a-horgasz-europa-bajnoksagon\\\/\"},\"author\":{\"name\":\"dorogimedence.hu\",\"@id\":\"https:\\\/\\\/dorogimedence.hu\\\/#\\\/schema\\\/person\\\/ce6091eeb7e95ecdc87890d6aa8e0fd4\"},\"headline\":\"Dobog\u00f3s helyen v\u00e9gzett a magyar csapat a horg\u00e1sz Eur\u00f3pa-bajnoks\u00e1gon\",\"datePublished\":\"2025-07-04T12:34:10+00:00\",\"mainEntityOfPage\":{\"@id\":\"https:\\\/\\\/dorogimedence.hu\\\/index.php\\\/2025\\\/07\\\/04\\\/dobogos-helyen-vegzett-a-magyar-csapat-a-horgasz-europa-bajnoksagon\\\/\"},\"wordCount\":266,\"publisher\":{\"@id\":\"https:\\\/\\\/dorogimedence.hu\\\/#organization\"},\"image\":{\"@id\":\"https:\\\/\\\/dorogimedence.hu\\\/index.php\\\/2025\\\/07\\\/04\\\/dobogos-helyen-vegzett-a-magyar-csapat-a-horgasz-europa-bajnoksagon\\\/#primaryimage\"},\"thumbnailUrl\":\"https:\\\/\\\/dorogimedence.hu\\\/wp-content\\\/uploads\\\/2025\\\/07\\\/horgasz-01.jpg\",\"keywords\":[\"Eur\u00f3pa-bajnoks\u00e1g\",\"horg\u00e1sz\",\"horg\u00e1szat\",\"KEMHESZ\",\"sport\"],\"articleSection\":[\"Esztergom\",\"H\u00edrek\",\"Sport\"],\"inLanguage\":\"hu\"},{\"@type\":\"WebPage\",\"@id\":\"https:\\\/\\\/dorogimedence.hu\\\/index.php\\\/2025\\\/07\\\/04\\\/dobogos-helyen-vegzett-a-magyar-csapat-a-horgasz-europa-bajnoksagon\\\/\",\"url\":\"https:\\\/\\\/dorogimedence.hu\\\/index.php\\\/2025\\\/07\\\/04\\\/dobogos-helyen-vegzett-a-magyar-csapat-a-horgasz-europa-bajnoksagon\\\/\",\"name\":\"Dobog\u00f3s helyen v\u00e9gzett a magyar csapat a horg\u00e1sz Eur\u00f3pa-bajnoks\u00e1gon\",\"isPartOf\":{\"@id\":\"https:\\\/\\\/dorogimedence.hu\\\/#website\"},\"primaryImageOfPage\":{\"@id\":\"https:\\\/\\\/dorogimedence.hu\\\/index.php\\\/2025\\\/07\\\/04\\\/dobogos-helyen-vegzett-a-magyar-csapat-a-horgasz-europa-bajnoksagon\\\/#primaryimage\"},\"image\":{\"@id\":\"https:\\\/\\\/dorogimedence.hu\\\/index.php\\\/2025\\\/07\\\/04\\\/dobogos-helyen-vegzett-a-magyar-csapat-a-horgasz-europa-bajnoksagon\\\/#primaryimage\"},\"thumbnailUrl\":\"https:\\\/\\\/dorogimedence.hu\\\/wp-content\\\/uploads\\\/2025\\\/07\\\/horgasz-01.jpg\",\"datePublished\":\"2025-07-04T12:34:10+00:00\",\"breadcrumb\":{\"@id\":\"https:\\\/\\\/dorogimedence.hu\\\/index.php\\\/2025\\\/07\\\/04\\\/dobogos-helyen-vegzett-a-magyar-csapat-a-horgasz-europa-bajnoksagon\\\/#breadcrumb\"},\"inLanguage\":\"hu\",\"potentialAction\":[{\"@type\":\"ReadAction\",\"target\":[\"https:\\\/\\\/dorogimedence.hu\\\/index.php\\\/2025\\\/07\\\/04\\\/dobogos-helyen-vegzett-a-magyar-csapat-a-horgasz-europa-bajnoksagon\\\/\"]}]},{\"@type\":\"ImageObject\",\"inLanguage\":\"hu\",\"@id\":\"https:\\\/\\\/dorogimedence.hu\\\/index.php\\\/2025\\\/07\\\/04\\\/dobogos-helyen-vegzett-a-magyar-csapat-a-horgasz-europa-bajnoksagon\\\/#primaryimage\",\"url\":\"https:\\\/\\\/dorogimedence.hu\\\/wp-content\\\/uploads\\\/2025\\\/07\\\/horgasz-01.jpg\",\"contentUrl\":\"https:\\\/\\\/dorogimedence.hu\\\/wp-content\\\/uploads\\\/2025\\\/07\\\/horgasz-01.jpg\",\"width\":1920,\"height\":970},{\"@type\":\"BreadcrumbList\",\"@id\":\"https:\\\/\\\/dorogimedence.hu\\\/index.php\\\/2025\\\/07\\\/04\\\/dobogos-helyen-vegzett-a-magyar-csapat-a-horgasz-europa-bajnoksagon\\\/#breadcrumb\",\"itemListElement\":[{\"@type\":\"ListItem\",\"position\":1,\"name\":\"Kezd\u0151lap\",\"item\":\"https:\\\/\\\/dorogimedence.hu\\\/\"},{\"@type\":\"ListItem\",\"position\":2,\"name\":\"Dobog\u00f3s helyen v\u00e9gzett a magyar csapat a horg\u00e1sz Eur\u00f3pa-bajnoks\u00e1gon\"}]},{\"@type\":\"WebSite\",\"@id\":\"https:\\\/\\\/dorogimedence.hu\\\/#website\",\"url\":\"https:\\\/\\\/dorogimedence.hu\\\/\",\"name\":\"Dorogi-medence Region\u00e1lis H\u00edrport\u00e1l\",\"description\":\"Dorog, Keszt\u00f6lc, Le\u00e1nyv\u00e1r, Piliscs\u00e9v, Tokod, Tokodalt\u00e1r\u00f3, Csolnok, Esztergom-kertv\u00e1ros: h\u00edrek, programok\",\"publisher\":{\"@id\":\"https:\\\/\\\/dorogimedence.hu\\\/#organization\"},\"potentialAction\":[{\"@type\":\"SearchAction\",\"target\":{\"@type\":\"EntryPoint\",\"urlTemplate\":\"https:\\\/\\\/dorogimedence.hu\\\/?s={search_term_string}\"},\"query-input\":{\"@type\":\"PropertyValueSpecification\",\"valueRequired\":true,\"valueName\":\"search_term_string\"}}],\"inLanguage\":\"hu\"},{\"@type\":\"Organization\",\"@id\":\"https:\\\/\\\/dorogimedence.hu\\\/#organization\",\"name\":\"Dorogi-medence Region\u00e1lis H\u00edrport\u00e1l\",\"url\":\"https:\\\/\\\/dorogimedence.hu\\\/\",\"logo\":{\"@type\":\"ImageObject\",\"inLanguage\":\"hu\",\"@id\":\"https:\\\/\\\/dorogimedence.hu\\\/#\\\/schema\\\/logo\\\/image\\\/\",\"url\":\"https:\\\/\\\/dorogimedence.hu\\\/wp-content\\\/uploads\\\/2021\\\/04\\\/logo-feher-600.png\",\"contentUrl\":\"https:\\\/\\\/dorogimedence.hu\\\/wp-content\\\/uploads\\\/2021\\\/04\\\/logo-feher-600.png\",\"width\":600,\"height\":100,\"caption\":\"Dorogi-medence Region\u00e1lis H\u00edrport\u00e1l\"},\"image\":{\"@id\":\"https:\\\/\\\/dorogimedence.hu\\\/#\\\/schema\\\/logo\\\/image\\\/\"},\"sameAs\":[\"https:\\\/\\\/www.facebook.com\\\/dorogimedence\\\/\"]},{\"@type\":\"Person\",\"@id\":\"https:\\\/\\\/dorogimedence.hu\\\/#\\\/schema\\\/person\\\/ce6091eeb7e95ecdc87890d6aa8e0fd4\",\"name\":\"dorogimedence.hu\",\"image\":{\"@type\":\"ImageObject\",\"inLanguage\":\"hu\",\"@id\":\"\\\/\\\/www.gravatar.com\\\/avatar\\\/d8d45f8901aadff40a4af72c0b826f1d?s=96&#038;r=g&#038;d=mm\",\"url\":\"\\\/\\\/www.gravatar.com\\\/avatar\\\/d8d45f8901aadff40a4af72c0b826f1d?s=96&#038;r=g&#038;d=mm\",\"contentUrl\":\"\\\/\\\/www.gravatar.com\\\/avatar\\\/d8d45f8901aadff40a4af72c0b826f1d?s=96&#038;r=g&#038;d=mm\",\"caption\":\"dorogimedence.hu\"}}]}<\/script>\n<!-- \/ Yoast SEO plugin. -->","yoast_head_json":{"title":"Dobog\u00f3s helyen v\u00e9gzett a magyar csapat a horg\u00e1sz Eur\u00f3pa-bajnoks\u00e1gon","robots":{"index":"index","follow":"follow","max-snippet":"max-snippet:-1","max-image-preview":"max-image-preview:large","max-video-preview":"max-video-preview:-1"},"canonical":"https:\/\/dorogimedence.hu\/index.php\/2025\/07\/04\/dobogos-helyen-vegzett-a-magyar-csapat-a-horgasz-europa-bajnoksagon\/","og_locale":"hu_HU","og_type":"article","og_title":"Dobog\u00f3s helyen v\u00e9gzett a magyar csapat a horg\u00e1sz Eur\u00f3pa-bajnoks\u00e1gon","og_description":"Szlov\u00e1ki\u00e1ban, a P\u00f6sty\u00e9n melletti Sinava-v\u00edzt\u00e1roz\u00f3n rendezte meg a FIPSed a 29. Horg\u00e1sz Eur\u00f3pa-bajnoks\u00e1got. A 21 nemzetet felvonultat\u00f3 versenyen az els\u0151 fordul\u00f3 szoros eredm\u00e9nye ut\u00e1n, nagyon kem\u00e9ny csat\u00e1ban v\u00e9g\u00fcl siker\u00fclt megszereznie a bronz\u00e9rmet a magyar horg\u00e1szv\u00e1logatottnak. Az \u00e9rmes helyen v\u00e9gzett csapat tagja volt az esztergomi Cs\u00f6regi Bal\u00e1zs \u00e9s seg\u00edt\u0151je Eichardt L\u00e1szl\u00f3 is. Cs\u00f6regi Bal\u00e1zs elmondta, hogy","og_url":"https:\/\/dorogimedence.hu\/index.php\/2025\/07\/04\/dobogos-helyen-vegzett-a-magyar-csapat-a-horgasz-europa-bajnoksagon\/","og_site_name":"Dorogi-medence Region\u00e1lis H\u00edrport\u00e1l","article_publisher":"https:\/\/www.facebook.com\/dorogimedence\/","article_published_time":"2025-07-04T12:34:10+00:00","og_image":[{"width":1920,"height":970,"url":"https:\/\/dorogimedence.hu\/wp-content\/uploads\/2025\/07\/horgasz-01.jpg","type":"image\/jpeg"}],"author":"dorogimedence.hu","twitter_card":"summary_large_image","twitter_misc":{"Szerz\u0151:":"dorogimedence.hu","Becs\u00fclt olvas\u00e1si id\u0151":"1 perc"},"schema":{"@context":"https:\/\/schema.org","@graph":[{"@type":"Article","@id":"https:\/\/dorogimedence.hu\/index.php\/2025\/07\/04\/dobogos-helyen-vegzett-a-magyar-csapat-a-horgasz-europa-bajnoksagon\/#article","isPartOf":{"@id":"https:\/\/dorogimedence.hu\/index.php\/2025\/07\/04\/dobogos-helyen-vegzett-a-magyar-csapat-a-horgasz-europa-bajnoksagon\/"},"author":{"name":"dorogimedence.hu","@id":"https:\/\/dorogimedence.hu\/#\/schema\/person\/ce6091eeb7e95ecdc87890d6aa8e0fd4"},"headline":"Dobog\u00f3s helyen v\u00e9gzett a magyar csapat a horg\u00e1sz Eur\u00f3pa-bajnoks\u00e1gon","datePublished":"2025-07-04T12:34:10+00:00","mainEntityOfPage":{"@id":"https:\/\/dorogimedence.hu\/index.php\/2025\/07\/04\/dobogos-helyen-vegzett-a-magyar-csapat-a-horgasz-europa-bajnoksagon\/"},"wordCount":266,"publisher":{"@id":"https:\/\/dorogimedence.hu\/#organization"},"image":{"@id":"https:\/\/dorogimedence.hu\/index.php\/2025\/07\/04\/dobogos-helyen-vegzett-a-magyar-csapat-a-horgasz-europa-bajnoksagon\/#primaryimage"},"thumbnailUrl":"https:\/\/dorogimedence.hu\/wp-content\/uploads\/2025\/07\/horgasz-01.jpg","keywords":["Eur\u00f3pa-bajnoks\u00e1g","horg\u00e1sz","horg\u00e1szat","KEMHESZ","sport"],"articleSection":["Esztergom","H\u00edrek","Sport"],"inLanguage":"hu"},{"@type":"WebPage","@id":"https:\/\/dorogimedence.hu\/index.php\/2025\/07\/04\/dobogos-helyen-vegzett-a-magyar-csapat-a-horgasz-europa-bajnoksagon\/","url":"https:\/\/dorogimedence.hu\/index.php\/2025\/07\/04\/dobogos-helyen-vegzett-a-magyar-csapat-a-horgasz-europa-bajnoksagon\/","name":"Dobog\u00f3s helyen v\u00e9gzett a magyar csapat a horg\u00e1sz Eur\u00f3pa-bajnoks\u00e1gon","isPartOf":{"@id":"https:\/\/dorogimedence.hu\/#website"},"primaryImageOfPage":{"@id":"https:\/\/dorogimedence.hu\/index.php\/2025\/07\/04\/dobogos-helyen-vegzett-a-magyar-csapat-a-horgasz-europa-bajnoksagon\/#primaryimage"},"image":{"@id":"https:\/\/dorogimedence.hu\/index.php\/2025\/07\/04\/dobogos-helyen-vegzett-a-magyar-csapat-a-horgasz-europa-bajnoksagon\/#primaryimage"},"thumbnailUrl":"https:\/\/dorogimedence.hu\/wp-content\/uploads\/2025\/07\/horgasz-01.jpg","datePublished":"2025-07-04T12:34:10+00:00","breadcrumb":{"@id":"https:\/\/dorogimedence.hu\/index.php\/2025\/07\/04\/dobogos-helyen-vegzett-a-magyar-csapat-a-horgasz-europa-bajnoksagon\/#breadcrumb"},"inLanguage":"hu","potentialAction":[{"@type":"ReadAction","target":["https:\/\/dorogimedence.hu\/index.php\/2025\/07\/04\/dobogos-helyen-vegzett-a-magyar-csapat-a-horgasz-europa-bajnoksagon\/"]}]},{"@type":"ImageObject","inLanguage":"hu","@id":"https:\/\/dorogimedence.hu\/index.php\/2025\/07\/04\/dobogos-helyen-vegzett-a-magyar-csapat-a-horgasz-europa-bajnoksagon\/#primaryimage","url":"https:\/\/dorogimedence.hu\/wp-content\/uploads\/2025\/07\/horgasz-01.jpg","contentUrl":"https:\/\/dorogimedence.hu\/wp-content\/uploads\/2025\/07\/horgasz-01.jpg","width":1920,"height":970},{"@type":"BreadcrumbList","@id":"https:\/\/dorogimedence.hu\/index.php\/2025\/07\/04\/dobogos-helyen-vegzett-a-magyar-csapat-a-horgasz-europa-bajnoksagon\/#breadcrumb","itemListElement":[{"@type":"ListItem","position":1,"name":"Kezd\u0151lap","item":"https:\/\/dorogimedence.hu\/"},{"@type":"ListItem","position":2,"name":"Dobog\u00f3s helyen v\u00e9gzett a magyar csapat a horg\u00e1sz Eur\u00f3pa-bajnoks\u00e1gon"}]},{"@type":"WebSite","@id":"https:\/\/dorogimedence.hu\/#website","url":"https:\/\/dorogimedence.hu\/","name":"Dorogi-medence Region\u00e1lis H\u00edrport\u00e1l","description":"Dorog, Keszt\u00f6lc, Le\u00e1nyv\u00e1r, Piliscs\u00e9v, Tokod, Tokodalt\u00e1r\u00f3, Csolnok, Esztergom-kertv\u00e1ros: h\u00edrek, programok","publisher":{"@id":"https:\/\/dorogimedence.hu\/#organization"},"potentialAction":[{"@type":"SearchAction","target":{"@type":"EntryPoint","urlTemplate":"https:\/\/dorogimedence.hu\/?s={search_term_string}"},"query-input":{"@type":"PropertyValueSpecification","valueRequired":true,"valueName":"search_term_string"}}],"inLanguage":"hu"},{"@type":"Organization","@id":"https:\/\/dorogimedence.hu\/#organization","name":"Dorogi-medence Region\u00e1lis H\u00edrport\u00e1l","url":"https:\/\/dorogimedence.hu\/","logo":{"@type":"ImageObject","inLanguage":"hu","@id":"https:\/\/dorogimedence.hu\/#\/schema\/logo\/image\/","url":"https:\/\/dorogimedence.hu\/wp-content\/uploads\/2021\/04\/logo-feher-600.png","contentUrl":"https:\/\/dorogimedence.hu\/wp-content\/uploads\/2021\/04\/logo-feher-600.png","width":600,"height":100,"caption":"Dorogi-medence Region\u00e1lis H\u00edrport\u00e1l"},"image":{"@id":"https:\/\/dorogimedence.hu\/#\/schema\/logo\/image\/"},"sameAs":["https:\/\/www.facebook.com\/dorogimedence\/"]},{"@type":"Person","@id":"https:\/\/dorogimedence.hu\/#\/schema\/person\/ce6091eeb7e95ecdc87890d6aa8e0fd4","name":"dorogimedence.hu","image":{"@type":"ImageObject","inLanguage":"hu","@id":"\/\/www.gravatar.com\/avatar\/d8d45f8901aadff40a4af72c0b826f1d?s=96&#038;r=g&#038;d=mm","url":"\/\/www.gravatar.com\/avatar\/d8d45f8901aadff40a4af72c0b826f1d?s=96&#038;r=g&#038;d=mm","contentUrl":"\/\/www.gravatar.com\/avatar\/d8d45f8901aadff40a4af72c0b826f1d?s=96&#038;r=g&#038;d=mm","caption":"dorogimedence.hu"}}]}},"_links":{"self":[{"href":"https:\/\/dorogimedence.hu\/index.php\/wp-json\/wp\/v2\/posts\/72523","targetHints":{"allow":["GET"]}}],"collection":[{"href":"https:\/\/dorogimedence.hu\/index.php\/wp-json\/wp\/v2\/posts"}],"about":[{"href":"https:\/\/dorogimedence.hu\/index.php\/wp-json\/wp\/v2\/types\/post"}],"author":[{"embeddable":true,"href":"https:\/\/dorogimedence.hu\/index.php\/wp-json\/wp\/v2\/users\/1"}],"replies":[{"embeddable":true,"href":"https:\/\/dorogimedence.hu\/index.php\/wp-json\/wp\/v2\/comments?post=72523"}],"version-history":[{"count":0,"href":"https:\/\/dorogimedence.hu\/index.php\/wp-json\/wp\/v2\/posts\/72523\/revisions"}],"wp:featuredmedia":[{"embeddable":true,"href":"https:\/\/dorogimedence.hu\/index.php\/wp-json\/wp\/v2\/media\/72524"}],"wp:attachment":[{"href":"https:\/\/dorogimedence.hu\/index.php\/wp-json\/wp\/v2\/media?parent=72523"}],"wp:term":[{"taxonomy":"category","embeddable":true,"href":"https:\/\/dorogimedence.hu\/index.php\/wp-json\/wp\/v2\/categories?post=72523"},{"taxonomy":"post_tag","embeddable":true,"href":"https:\/\/dorogimedence.hu\/index.php\/wp-json\/wp\/v2\/tags?post=72523"}],"curies":[{"name":"wp","href":"https:\/\/api.w.org\/{rel}","templated":true}]}}