{"id":72501,"date":"2025-07-04T07:43:22","date_gmt":"2025-07-04T05:43:22","guid":{"rendered":"https:\/\/dorogimedence.hu\/?p=72501"},"modified":"2025-07-04T07:48:31","modified_gmt":"2025-07-04T05:48:31","slug":"bemutatotermet-hoznak-letre-az-esztergomi-var-feher-tornyaban","status":"publish","type":"post","link":"https:\/\/dorogimedence.hu\/index.php\/2025\/07\/04\/bemutatotermet-hoznak-letre-az-esztergomi-var-feher-tornyaban\/","title":{"rendered":"Bemutat\u00f3termet hoznak l\u00e9tre az esztergomi v\u00e1r Feh\u00e9r torny\u00e1ban"},"content":{"rendered":"<p><strong>Az Interreg Magyarorsz\u00e1g\u2013Szlov\u00e1kia Egy\u00fcttm\u0171k\u00f6d\u00e9si Program t\u00e1mogat\u00e1s\u00e1val 2024. j\u00falius 1-j\u00e9n elindult az \u201eEgy\u00fcttm\u0171k\u00f6d\u00e9s az esztergomi V\u00e1r Studiol\u00f3j\u00e1nak \u00e9s a zsel\u00edzi Esterh\u00e1zy-kast\u00e9ly d\u00e9lnyugati r\u00e9sz\u00e9nek az \u00fajranyit\u00e1s\u00e1\u00e9rt\u201d c\u00edm\u0171, #CoMEin2 elnevez\u00e9s\u0171 projekt (HUSK\/2302\/2.4\/015). A projekt f\u0151 c\u00e9lja Esztergom v\u00e1ra egyed\u00fcl\u00e1ll\u00f3 \u00e9rt\u00e9keinek meg\u0151rz\u00e9se, a Studiolo terem p\u00e1ratlan fresk\u00f3inak bemutat\u00e1sa, valamint a zsel\u00edzi Esterh\u00e1zy-kast\u00e9ly d\u00e9lnyugati sz\u00e1rny\u00e1nak fel\u00faj\u00edt\u00e1sa<\/strong> <em>&#8211; \u00edrja a <a href=\"https:\/\/kultura.hu\/megnyilik-az-esztergomi-var-studioloja-es-megujul-az-esterhazy-kastely-a-comein2-projekt-kereteben\/\" target=\"_blank\" rel=\"noopener\"><span style=\"text-decoration: underline; color: #0000ff;\">kult\u00fara.hu<\/span><\/a><\/em><\/p>\n<p>A projektet a Magyar Nemzeti M\u00fazeum K\u00f6zgy\u0171jtem\u00e9nyi K\u00f6zpont (vezet\u0151 partner) \u00e9s Zsel\u00edz V\u00e1ros \u00d6nkorm\u00e1nyzata k\u00f6z\u00f6sen val\u00f3s\u00edtja meg. A beruh\u00e1z\u00e1s teljes k\u00f6lts\u00e9gvet\u00e9se 2 089 176 eur\u00f3, amelyhez az Eur\u00f3pai Uni\u00f3 1 671 341 eur\u00f3val j\u00e1rul hozz\u00e1. A Magyar Nemzeti M\u00fazeum K\u00f6zgy\u0171jtem\u00e9nyi K\u00f6zpont \u00f6n\u00e1ll\u00f3 projektr\u00e9sz\u00e9nek k\u00f6lts\u00e9gvet\u00e9se 1 120 710 eur\u00f3, ebb\u0151l 896 568 eur\u00f3 az uni\u00f3s, 224 142 eur\u00f3 pedig a nemzeti hozz\u00e1j\u00e1rul\u00e1s.<\/p>\n<h3 class=\"subtitle\">Esztergom v\u00e1ra \u00e9s a Studiolo terem: egy renesz\u00e1nsz kincs \u00fajj\u00e1sz\u00fclet\u00e9se<\/h3>\n<p>A projekt legk\u00fcl\u00f6nlegesebb eleme a Studiolo terem megnyit\u00e1sa a nagyk\u00f6z\u00f6ns\u00e9g sz\u00e1m\u00e1ra. A Studiolo a Feh\u00e9r torony belsej\u00e9ben tal\u00e1lhat\u00f3, \u00e9s p\u00e1ratlan fresk\u00f3ival az esztergomi renesz\u00e1nsz egyik legrejtettebb kincs\u00e9t \u0151rzi. A terem fresk\u00f3it a m\u0171v\u00e9szett\u00f6rt\u00e9n\u00e9szek Botticelli iskol\u00e1j\u00e1hoz k\u00f6tik; a mitol\u00f3giai \u00e9s allegorikus jeleneteket eddig csak restaur\u00e1torok \u00e9s szak\u00e9rt\u0151k l\u00e1thatt\u00e1k. A CoMEin2 projekt keret\u00e9ben most egy innovat\u00edv, \u00fcvegszerkezetes bemutat\u00f3t\u00e9r j\u00f6n l\u00e9tre, amely nemcsak a fresk\u00f3k \u00e9ps\u00e9g\u00e9t \u00f3vja, hanem lehet\u0151v\u00e9 teszi, hogy a l\u00e1togat\u00f3k k\u00f6zelr\u0151l csod\u00e1lhass\u00e1k meg ezeket az egyed\u00fcl\u00e1ll\u00f3 m\u0171alkot\u00e1sokat.<\/p>\n<p>A Studiolo kialak\u00edt\u00e1sa sor\u00e1n k\u00fcl\u00f6n\u00f6s hangs\u00falyt kap az \u00e9lm\u00e9nyszer\u0171s\u00e9g; multim\u00e9di\u00e1s megold\u00e1sok, f\u00e9nyj\u00e1t\u00e9kok \u00e9s audiovizu\u00e1lis tartalmak seg\u00edts\u00e9g\u00e9vel elevenednek meg a t\u00f6rt\u00e9netek a falakon. A terem nem csup\u00e1n t\u00f6rt\u00e9neti \u00e9rt\u00e9k\u00e9n\u00e9l fogva jelent\u0151s, hanem m\u0171v\u00e9szeti \u00e9s turisztikai szempontb\u00f3l is \u00faj t\u00e1vlatokat nyit Esztergom kultur\u00e1lis \u00e9let\u00e9ben: a Studiolo val\u00f3di zar\u00e1ndokhelly\u00e9 v\u00e1lhat az it\u00e1liai renesz\u00e1nsz szerelmesei sz\u00e1m\u00e1ra.<\/p>\n<p>A fejleszt\u00e9s szerves r\u00e9sz\u00e9t k\u00e9pezi a Studiolo \u00e9s k\u00f6rnyezet\u00e9nek szerkezeti meger\u0151s\u00edt\u00e9se \u00e9s v\u00edzszigetel\u00e9se, amely hossz\u00fa t\u00e1von biztos\u00edtja az esztergomi v\u00e1r ezen szakasz\u00e1nak \u00e1llagmeg\u00f3v\u00e1s\u00e1t. A Beatrix-terem, a Kir\u00e1lypince, valamint a Studiol\u00f3val egy egys\u00e9get alkot\u00f3 k\u00f6nyvt\u00e1rszoba \u00faj install\u00e1ci\u00f3kkal, korszer\u0171 vil\u00e1g\u00edt\u00e1ssal \u00e9s digit\u00e1lis inform\u00e1ci\u00f3s pontokkal gazdagodik. A l\u00e1togat\u00f3k \u00edgy egy komplex t\u00f6rt\u00e9nelmi \u00e9s kultur\u00e1lis \u00e9lm\u00e9ny r\u00e9szesei lehetnek, ahol az \u00e9p\u00edtett \u00f6r\u00f6ks\u00e9g modern bemutat\u00e1si technol\u00f3gi\u00e1kkal tal\u00e1lkozik.<\/p>\n<h3 class=\"subtitle\">Zsel\u00edzi Esterh\u00e1zy-kast\u00e9ly: \u00e9lm\u00e9nypont \u00e9s k\u00e1v\u00e9z\u00f3 a meg\u00fajul\u00f3 t\u00f6rt\u00e9nelmi t\u00e9rben<\/h3>\n<p>A zsel\u00edzi fejleszt\u00e9s r\u00e9szek\u00e9nt megval\u00f3sul az Esterh\u00e1zy T\u00f6rt\u00e9nelmi \u00c9lm\u00e9nyk\u00f6zpont (EHEP), egy turisztikai inform\u00e1ci\u00f3s pont, valamint egy hangulatos k\u00e1v\u00e9z\u00f3 az egykori kast\u00e9lykonyha hely\u00e9n, ahol Eduard Sacher is dolgozott. A projekt c\u00e9lja, hogy hozz\u00e1j\u00e1ruljon Zsel\u00edz kultur\u00e1lis \u00e9let\u00e9nek fellend\u00edt\u00e9s\u00e9hez, \u00e9s az Esterh\u00e1zy-\u00f6r\u00f6ks\u00e9g \u00fajra\u00e9lhet\u0151, \u00e9l\u0151 r\u00e9sz\u00e9v\u00e9 v\u00e1ljon a l\u00e1togat\u00f3k sz\u00e1m\u00e1ra.<\/p>\n<h3 class=\"subtitle\">Kultur\u00e1lis csereprogram \u00e9s fenntarthat\u00f3s\u00e1g<\/h3>\n<p>A projekt r\u00e9szek\u00e9nt Esztergomban \u00e9s Zsel\u00edzen is megrendeznek egy-egy nemzetk\u00f6zi kultur\u00e1lis esem\u00e9nyt, amelyek c\u00e9lja a hossz\u00fa t\u00e1v\u00fa, fenntarthat\u00f3 partners\u00e9gek megalapoz\u00e1sa. A z\u00e1r\u00f3 rendezv\u00e9nyeken bemutatkoznak a fel\u00faj\u00edtott terek, az Esterh\u00e1zy T\u00f6rt\u00e9nelmi \u00c9lm\u00e9nyk\u00f6zpont \u00faj szolg\u00e1ltat\u00e1sai, valamint a Studiolo k\u00fcl\u00f6nleges fresk\u00f3kkal d\u00edsz\u00edtett tere.<\/p>\n<p><em>Forr\u00e1s: kultura.hu<\/em><br \/>\n<em>Bor\u00edt\u00f3k\u00e9p: Visit Esztergom<\/em><\/p>\n","protected":false},"excerpt":{"rendered":"<p>Az Interreg Magyarorsz\u00e1g\u2013Szlov\u00e1kia Egy\u00fcttm\u0171k\u00f6d\u00e9si Program t\u00e1mogat\u00e1s\u00e1val 2024. j\u00falius 1-j\u00e9n elindult az \u201eEgy\u00fcttm\u0171k\u00f6d\u00e9s az esztergomi V\u00e1r Studiol\u00f3j\u00e1nak \u00e9s a zsel\u00edzi Esterh\u00e1zy-kast\u00e9ly d\u00e9lnyugati r\u00e9sz\u00e9nek az \u00fajranyit\u00e1s\u00e1\u00e9rt\u201d c\u00edm\u0171, #CoMEin2 elnevez\u00e9s\u0171 projekt (HUSK\/2302\/2.4\/015). A projekt f\u0151 c\u00e9lja Esztergom v\u00e1ra egyed\u00fcl\u00e1ll\u00f3 \u00e9rt\u00e9keinek meg\u0151rz\u00e9se, a Studiolo terem p\u00e1ratlan fresk\u00f3inak bemutat\u00e1sa, valamint a zsel\u00edzi Esterh\u00e1zy-kast\u00e9ly d\u00e9lnyugati sz\u00e1rny\u00e1nak fel\u00faj\u00edt\u00e1sa &#8211; \u00edrja a kult\u00fara.hu<\/p>\n","protected":false},"author":1,"featured_media":72502,"comment_status":"closed","ping_status":"closed","sticky":false,"template":"","format":"standard","meta":{"ngg_post_thumbnail":0,"footnotes":""},"categories":[38,3],"tags":[42,1183],"class_list":{"0":"post-72501","1":"post","2":"type-post","3":"status-publish","4":"format-standard","5":"has-post-thumbnail","7":"category-esztergom","8":"category-hirek","9":"tag-esztergom","10":"tag-esztergomi-var"},"yoast_head":"<!-- This site is optimized with the Yoast SEO plugin v27.4 - https:\/\/yoast.com\/product\/yoast-seo-wordpress\/ -->\n<title>Bemutat\u00f3termet hoznak l\u00e9tre az esztergomi v\u00e1r Feh\u00e9r torny\u00e1ban<\/title>\n<meta name=\"robots\" content=\"index, follow, max-snippet:-1, max-image-preview:large, max-video-preview:-1\" \/>\n<link rel=\"canonical\" href=\"https:\/\/dorogimedence.hu\/index.php\/2025\/07\/04\/bemutatotermet-hoznak-letre-az-esztergomi-var-feher-tornyaban\/\" class=\"yoast-seo-meta-tag\" \/>\n<meta property=\"og:locale\" content=\"hu_HU\" class=\"yoast-seo-meta-tag\" \/>\n<meta property=\"og:type\" content=\"article\" class=\"yoast-seo-meta-tag\" \/>\n<meta property=\"og:title\" content=\"Bemutat\u00f3termet hoznak l\u00e9tre az esztergomi v\u00e1r Feh\u00e9r torny\u00e1ban\" class=\"yoast-seo-meta-tag\" \/>\n<meta property=\"og:description\" content=\"Az Interreg Magyarorsz\u00e1g\u2013Szlov\u00e1kia Egy\u00fcttm\u0171k\u00f6d\u00e9si Program t\u00e1mogat\u00e1s\u00e1val 2024. j\u00falius 1-j\u00e9n elindult az \u201eEgy\u00fcttm\u0171k\u00f6d\u00e9s az esztergomi V\u00e1r Studiol\u00f3j\u00e1nak \u00e9s a zsel\u00edzi Esterh\u00e1zy-kast\u00e9ly d\u00e9lnyugati r\u00e9sz\u00e9nek az \u00fajranyit\u00e1s\u00e1\u00e9rt\u201d c\u00edm\u0171, #CoMEin2 elnevez\u00e9s\u0171 projekt (HUSK\/2302\/2.4\/015). A projekt f\u0151 c\u00e9lja Esztergom v\u00e1ra egyed\u00fcl\u00e1ll\u00f3 \u00e9rt\u00e9keinek meg\u0151rz\u00e9se, a Studiolo terem p\u00e1ratlan fresk\u00f3inak bemutat\u00e1sa, valamint a zsel\u00edzi Esterh\u00e1zy-kast\u00e9ly d\u00e9lnyugati sz\u00e1rny\u00e1nak fel\u00faj\u00edt\u00e1sa &#8211; \u00edrja a kult\u00fara.hu\" class=\"yoast-seo-meta-tag\" \/>\n<meta property=\"og:url\" content=\"https:\/\/dorogimedence.hu\/index.php\/2025\/07\/04\/bemutatotermet-hoznak-letre-az-esztergomi-var-feher-tornyaban\/\" class=\"yoast-seo-meta-tag\" \/>\n<meta property=\"og:site_name\" content=\"Dorogi-medence Region\u00e1lis H\u00edrport\u00e1l\" class=\"yoast-seo-meta-tag\" \/>\n<meta property=\"article:publisher\" content=\"https:\/\/www.facebook.com\/dorogimedence\/\" class=\"yoast-seo-meta-tag\" \/>\n<meta property=\"article:published_time\" content=\"2025-07-04T05:43:22+00:00\" class=\"yoast-seo-meta-tag\" \/>\n<meta property=\"article:modified_time\" content=\"2025-07-04T05:48:31+00:00\" class=\"yoast-seo-meta-tag\" \/>\n<meta property=\"og:image\" content=\"https:\/\/dorogimedence.hu\/wp-content\/uploads\/2025\/07\/esztergomi-var-bazilika.jpg\" class=\"yoast-seo-meta-tag\" \/>\n\t<meta property=\"og:image:width\" content=\"1920\" class=\"yoast-seo-meta-tag\" \/>\n\t<meta property=\"og:image:height\" content=\"970\" class=\"yoast-seo-meta-tag\" \/>\n\t<meta property=\"og:image:type\" content=\"image\/jpeg\" class=\"yoast-seo-meta-tag\" \/>\n<meta name=\"author\" content=\"dorogimedence.hu\" class=\"yoast-seo-meta-tag\" \/>\n<meta name=\"twitter:card\" content=\"summary_large_image\" class=\"yoast-seo-meta-tag\" \/>\n<meta name=\"twitter:label1\" content=\"Szerz\u0151:\" class=\"yoast-seo-meta-tag\" \/>\n\t<meta name=\"twitter:data1\" content=\"dorogimedence.hu\" class=\"yoast-seo-meta-tag\" \/>\n\t<meta name=\"twitter:label2\" content=\"Becs\u00fclt olvas\u00e1si id\u0151\" class=\"yoast-seo-meta-tag\" \/>\n\t<meta name=\"twitter:data2\" content=\"4 perc\" class=\"yoast-seo-meta-tag\" \/>\n<script type=\"application\/ld+json\" class=\"yoast-schema-graph\">{\"@context\":\"https:\\\/\\\/schema.org\",\"@graph\":[{\"@type\":\"Article\",\"@id\":\"https:\\\/\\\/dorogimedence.hu\\\/index.php\\\/2025\\\/07\\\/04\\\/bemutatotermet-hoznak-letre-az-esztergomi-var-feher-tornyaban\\\/#article\",\"isPartOf\":{\"@id\":\"https:\\\/\\\/dorogimedence.hu\\\/index.php\\\/2025\\\/07\\\/04\\\/bemutatotermet-hoznak-letre-az-esztergomi-var-feher-tornyaban\\\/\"},\"author\":{\"name\":\"dorogimedence.hu\",\"@id\":\"https:\\\/\\\/dorogimedence.hu\\\/#\\\/schema\\\/person\\\/ce6091eeb7e95ecdc87890d6aa8e0fd4\"},\"headline\":\"Bemutat\u00f3termet hoznak l\u00e9tre az esztergomi v\u00e1r Feh\u00e9r torny\u00e1ban\",\"datePublished\":\"2025-07-04T05:43:22+00:00\",\"dateModified\":\"2025-07-04T05:48:31+00:00\",\"mainEntityOfPage\":{\"@id\":\"https:\\\/\\\/dorogimedence.hu\\\/index.php\\\/2025\\\/07\\\/04\\\/bemutatotermet-hoznak-letre-az-esztergomi-var-feher-tornyaban\\\/\"},\"wordCount\":729,\"publisher\":{\"@id\":\"https:\\\/\\\/dorogimedence.hu\\\/#organization\"},\"image\":{\"@id\":\"https:\\\/\\\/dorogimedence.hu\\\/index.php\\\/2025\\\/07\\\/04\\\/bemutatotermet-hoznak-letre-az-esztergomi-var-feher-tornyaban\\\/#primaryimage\"},\"thumbnailUrl\":\"https:\\\/\\\/dorogimedence.hu\\\/wp-content\\\/uploads\\\/2025\\\/07\\\/esztergomi-var-bazilika.jpg\",\"keywords\":[\"esztergom\",\"Esztergomi V\u00e1r\"],\"articleSection\":[\"Esztergom\",\"H\u00edrek\"],\"inLanguage\":\"hu\"},{\"@type\":\"WebPage\",\"@id\":\"https:\\\/\\\/dorogimedence.hu\\\/index.php\\\/2025\\\/07\\\/04\\\/bemutatotermet-hoznak-letre-az-esztergomi-var-feher-tornyaban\\\/\",\"url\":\"https:\\\/\\\/dorogimedence.hu\\\/index.php\\\/2025\\\/07\\\/04\\\/bemutatotermet-hoznak-letre-az-esztergomi-var-feher-tornyaban\\\/\",\"name\":\"Bemutat\u00f3termet hoznak l\u00e9tre az esztergomi v\u00e1r Feh\u00e9r torny\u00e1ban\",\"isPartOf\":{\"@id\":\"https:\\\/\\\/dorogimedence.hu\\\/#website\"},\"primaryImageOfPage\":{\"@id\":\"https:\\\/\\\/dorogimedence.hu\\\/index.php\\\/2025\\\/07\\\/04\\\/bemutatotermet-hoznak-letre-az-esztergomi-var-feher-tornyaban\\\/#primaryimage\"},\"image\":{\"@id\":\"https:\\\/\\\/dorogimedence.hu\\\/index.php\\\/2025\\\/07\\\/04\\\/bemutatotermet-hoznak-letre-az-esztergomi-var-feher-tornyaban\\\/#primaryimage\"},\"thumbnailUrl\":\"https:\\\/\\\/dorogimedence.hu\\\/wp-content\\\/uploads\\\/2025\\\/07\\\/esztergomi-var-bazilika.jpg\",\"datePublished\":\"2025-07-04T05:43:22+00:00\",\"dateModified\":\"2025-07-04T05:48:31+00:00\",\"breadcrumb\":{\"@id\":\"https:\\\/\\\/dorogimedence.hu\\\/index.php\\\/2025\\\/07\\\/04\\\/bemutatotermet-hoznak-letre-az-esztergomi-var-feher-tornyaban\\\/#breadcrumb\"},\"inLanguage\":\"hu\",\"potentialAction\":[{\"@type\":\"ReadAction\",\"target\":[\"https:\\\/\\\/dorogimedence.hu\\\/index.php\\\/2025\\\/07\\\/04\\\/bemutatotermet-hoznak-letre-az-esztergomi-var-feher-tornyaban\\\/\"]}]},{\"@type\":\"ImageObject\",\"inLanguage\":\"hu\",\"@id\":\"https:\\\/\\\/dorogimedence.hu\\\/index.php\\\/2025\\\/07\\\/04\\\/bemutatotermet-hoznak-letre-az-esztergomi-var-feher-tornyaban\\\/#primaryimage\",\"url\":\"https:\\\/\\\/dorogimedence.hu\\\/wp-content\\\/uploads\\\/2025\\\/07\\\/esztergomi-var-bazilika.jpg\",\"contentUrl\":\"https:\\\/\\\/dorogimedence.hu\\\/wp-content\\\/uploads\\\/2025\\\/07\\\/esztergomi-var-bazilika.jpg\",\"width\":1920,\"height\":970},{\"@type\":\"BreadcrumbList\",\"@id\":\"https:\\\/\\\/dorogimedence.hu\\\/index.php\\\/2025\\\/07\\\/04\\\/bemutatotermet-hoznak-letre-az-esztergomi-var-feher-tornyaban\\\/#breadcrumb\",\"itemListElement\":[{\"@type\":\"ListItem\",\"position\":1,\"name\":\"Kezd\u0151lap\",\"item\":\"https:\\\/\\\/dorogimedence.hu\\\/\"},{\"@type\":\"ListItem\",\"position\":2,\"name\":\"Bemutat\u00f3termet hoznak l\u00e9tre az esztergomi v\u00e1r Feh\u00e9r torny\u00e1ban\"}]},{\"@type\":\"WebSite\",\"@id\":\"https:\\\/\\\/dorogimedence.hu\\\/#website\",\"url\":\"https:\\\/\\\/dorogimedence.hu\\\/\",\"name\":\"Dorogi-medence Region\u00e1lis H\u00edrport\u00e1l\",\"description\":\"Dorog, Keszt\u00f6lc, Le\u00e1nyv\u00e1r, Piliscs\u00e9v, Tokod, Tokodalt\u00e1r\u00f3, Csolnok, Esztergom-kertv\u00e1ros: h\u00edrek, programok\",\"publisher\":{\"@id\":\"https:\\\/\\\/dorogimedence.hu\\\/#organization\"},\"potentialAction\":[{\"@type\":\"SearchAction\",\"target\":{\"@type\":\"EntryPoint\",\"urlTemplate\":\"https:\\\/\\\/dorogimedence.hu\\\/?s={search_term_string}\"},\"query-input\":{\"@type\":\"PropertyValueSpecification\",\"valueRequired\":true,\"valueName\":\"search_term_string\"}}],\"inLanguage\":\"hu\"},{\"@type\":\"Organization\",\"@id\":\"https:\\\/\\\/dorogimedence.hu\\\/#organization\",\"name\":\"Dorogi-medence Region\u00e1lis H\u00edrport\u00e1l\",\"url\":\"https:\\\/\\\/dorogimedence.hu\\\/\",\"logo\":{\"@type\":\"ImageObject\",\"inLanguage\":\"hu\",\"@id\":\"https:\\\/\\\/dorogimedence.hu\\\/#\\\/schema\\\/logo\\\/image\\\/\",\"url\":\"https:\\\/\\\/dorogimedence.hu\\\/wp-content\\\/uploads\\\/2021\\\/04\\\/logo-feher-600.png\",\"contentUrl\":\"https:\\\/\\\/dorogimedence.hu\\\/wp-content\\\/uploads\\\/2021\\\/04\\\/logo-feher-600.png\",\"width\":600,\"height\":100,\"caption\":\"Dorogi-medence Region\u00e1lis H\u00edrport\u00e1l\"},\"image\":{\"@id\":\"https:\\\/\\\/dorogimedence.hu\\\/#\\\/schema\\\/logo\\\/image\\\/\"},\"sameAs\":[\"https:\\\/\\\/www.facebook.com\\\/dorogimedence\\\/\"]},{\"@type\":\"Person\",\"@id\":\"https:\\\/\\\/dorogimedence.hu\\\/#\\\/schema\\\/person\\\/ce6091eeb7e95ecdc87890d6aa8e0fd4\",\"name\":\"dorogimedence.hu\",\"image\":{\"@type\":\"ImageObject\",\"inLanguage\":\"hu\",\"@id\":\"\\\/\\\/www.gravatar.com\\\/avatar\\\/d8d45f8901aadff40a4af72c0b826f1d?s=96&#038;r=g&#038;d=mm\",\"url\":\"\\\/\\\/www.gravatar.com\\\/avatar\\\/d8d45f8901aadff40a4af72c0b826f1d?s=96&#038;r=g&#038;d=mm\",\"contentUrl\":\"\\\/\\\/www.gravatar.com\\\/avatar\\\/d8d45f8901aadff40a4af72c0b826f1d?s=96&#038;r=g&#038;d=mm\",\"caption\":\"dorogimedence.hu\"}}]}<\/script>\n<!-- \/ Yoast SEO plugin. -->","yoast_head_json":{"title":"Bemutat\u00f3termet hoznak l\u00e9tre az esztergomi v\u00e1r Feh\u00e9r torny\u00e1ban","robots":{"index":"index","follow":"follow","max-snippet":"max-snippet:-1","max-image-preview":"max-image-preview:large","max-video-preview":"max-video-preview:-1"},"canonical":"https:\/\/dorogimedence.hu\/index.php\/2025\/07\/04\/bemutatotermet-hoznak-letre-az-esztergomi-var-feher-tornyaban\/","og_locale":"hu_HU","og_type":"article","og_title":"Bemutat\u00f3termet hoznak l\u00e9tre az esztergomi v\u00e1r Feh\u00e9r torny\u00e1ban","og_description":"Az Interreg Magyarorsz\u00e1g\u2013Szlov\u00e1kia Egy\u00fcttm\u0171k\u00f6d\u00e9si Program t\u00e1mogat\u00e1s\u00e1val 2024. j\u00falius 1-j\u00e9n elindult az \u201eEgy\u00fcttm\u0171k\u00f6d\u00e9s az esztergomi V\u00e1r Studiol\u00f3j\u00e1nak \u00e9s a zsel\u00edzi Esterh\u00e1zy-kast\u00e9ly d\u00e9lnyugati r\u00e9sz\u00e9nek az \u00fajranyit\u00e1s\u00e1\u00e9rt\u201d c\u00edm\u0171, #CoMEin2 elnevez\u00e9s\u0171 projekt (HUSK\/2302\/2.4\/015). A projekt f\u0151 c\u00e9lja Esztergom v\u00e1ra egyed\u00fcl\u00e1ll\u00f3 \u00e9rt\u00e9keinek meg\u0151rz\u00e9se, a Studiolo terem p\u00e1ratlan fresk\u00f3inak bemutat\u00e1sa, valamint a zsel\u00edzi Esterh\u00e1zy-kast\u00e9ly d\u00e9lnyugati sz\u00e1rny\u00e1nak fel\u00faj\u00edt\u00e1sa &#8211; \u00edrja a kult\u00fara.hu","og_url":"https:\/\/dorogimedence.hu\/index.php\/2025\/07\/04\/bemutatotermet-hoznak-letre-az-esztergomi-var-feher-tornyaban\/","og_site_name":"Dorogi-medence Region\u00e1lis H\u00edrport\u00e1l","article_publisher":"https:\/\/www.facebook.com\/dorogimedence\/","article_published_time":"2025-07-04T05:43:22+00:00","article_modified_time":"2025-07-04T05:48:31+00:00","og_image":[{"width":1920,"height":970,"url":"https:\/\/dorogimedence.hu\/wp-content\/uploads\/2025\/07\/esztergomi-var-bazilika.jpg","type":"image\/jpeg"}],"author":"dorogimedence.hu","twitter_card":"summary_large_image","twitter_misc":{"Szerz\u0151:":"dorogimedence.hu","Becs\u00fclt olvas\u00e1si id\u0151":"4 perc"},"schema":{"@context":"https:\/\/schema.org","@graph":[{"@type":"Article","@id":"https:\/\/dorogimedence.hu\/index.php\/2025\/07\/04\/bemutatotermet-hoznak-letre-az-esztergomi-var-feher-tornyaban\/#article","isPartOf":{"@id":"https:\/\/dorogimedence.hu\/index.php\/2025\/07\/04\/bemutatotermet-hoznak-letre-az-esztergomi-var-feher-tornyaban\/"},"author":{"name":"dorogimedence.hu","@id":"https:\/\/dorogimedence.hu\/#\/schema\/person\/ce6091eeb7e95ecdc87890d6aa8e0fd4"},"headline":"Bemutat\u00f3termet hoznak l\u00e9tre az esztergomi v\u00e1r Feh\u00e9r torny\u00e1ban","datePublished":"2025-07-04T05:43:22+00:00","dateModified":"2025-07-04T05:48:31+00:00","mainEntityOfPage":{"@id":"https:\/\/dorogimedence.hu\/index.php\/2025\/07\/04\/bemutatotermet-hoznak-letre-az-esztergomi-var-feher-tornyaban\/"},"wordCount":729,"publisher":{"@id":"https:\/\/dorogimedence.hu\/#organization"},"image":{"@id":"https:\/\/dorogimedence.hu\/index.php\/2025\/07\/04\/bemutatotermet-hoznak-letre-az-esztergomi-var-feher-tornyaban\/#primaryimage"},"thumbnailUrl":"https:\/\/dorogimedence.hu\/wp-content\/uploads\/2025\/07\/esztergomi-var-bazilika.jpg","keywords":["esztergom","Esztergomi V\u00e1r"],"articleSection":["Esztergom","H\u00edrek"],"inLanguage":"hu"},{"@type":"WebPage","@id":"https:\/\/dorogimedence.hu\/index.php\/2025\/07\/04\/bemutatotermet-hoznak-letre-az-esztergomi-var-feher-tornyaban\/","url":"https:\/\/dorogimedence.hu\/index.php\/2025\/07\/04\/bemutatotermet-hoznak-letre-az-esztergomi-var-feher-tornyaban\/","name":"Bemutat\u00f3termet hoznak l\u00e9tre az esztergomi v\u00e1r Feh\u00e9r torny\u00e1ban","isPartOf":{"@id":"https:\/\/dorogimedence.hu\/#website"},"primaryImageOfPage":{"@id":"https:\/\/dorogimedence.hu\/index.php\/2025\/07\/04\/bemutatotermet-hoznak-letre-az-esztergomi-var-feher-tornyaban\/#primaryimage"},"image":{"@id":"https:\/\/dorogimedence.hu\/index.php\/2025\/07\/04\/bemutatotermet-hoznak-letre-az-esztergomi-var-feher-tornyaban\/#primaryimage"},"thumbnailUrl":"https:\/\/dorogimedence.hu\/wp-content\/uploads\/2025\/07\/esztergomi-var-bazilika.jpg","datePublished":"2025-07-04T05:43:22+00:00","dateModified":"2025-07-04T05:48:31+00:00","breadcrumb":{"@id":"https:\/\/dorogimedence.hu\/index.php\/2025\/07\/04\/bemutatotermet-hoznak-letre-az-esztergomi-var-feher-tornyaban\/#breadcrumb"},"inLanguage":"hu","potentialAction":[{"@type":"ReadAction","target":["https:\/\/dorogimedence.hu\/index.php\/2025\/07\/04\/bemutatotermet-hoznak-letre-az-esztergomi-var-feher-tornyaban\/"]}]},{"@type":"ImageObject","inLanguage":"hu","@id":"https:\/\/dorogimedence.hu\/index.php\/2025\/07\/04\/bemutatotermet-hoznak-letre-az-esztergomi-var-feher-tornyaban\/#primaryimage","url":"https:\/\/dorogimedence.hu\/wp-content\/uploads\/2025\/07\/esztergomi-var-bazilika.jpg","contentUrl":"https:\/\/dorogimedence.hu\/wp-content\/uploads\/2025\/07\/esztergomi-var-bazilika.jpg","width":1920,"height":970},{"@type":"BreadcrumbList","@id":"https:\/\/dorogimedence.hu\/index.php\/2025\/07\/04\/bemutatotermet-hoznak-letre-az-esztergomi-var-feher-tornyaban\/#breadcrumb","itemListElement":[{"@type":"ListItem","position":1,"name":"Kezd\u0151lap","item":"https:\/\/dorogimedence.hu\/"},{"@type":"ListItem","position":2,"name":"Bemutat\u00f3termet hoznak l\u00e9tre az esztergomi v\u00e1r Feh\u00e9r torny\u00e1ban"}]},{"@type":"WebSite","@id":"https:\/\/dorogimedence.hu\/#website","url":"https:\/\/dorogimedence.hu\/","name":"Dorogi-medence Region\u00e1lis H\u00edrport\u00e1l","description":"Dorog, Keszt\u00f6lc, Le\u00e1nyv\u00e1r, Piliscs\u00e9v, Tokod, Tokodalt\u00e1r\u00f3, Csolnok, Esztergom-kertv\u00e1ros: h\u00edrek, programok","publisher":{"@id":"https:\/\/dorogimedence.hu\/#organization"},"potentialAction":[{"@type":"SearchAction","target":{"@type":"EntryPoint","urlTemplate":"https:\/\/dorogimedence.hu\/?s={search_term_string}"},"query-input":{"@type":"PropertyValueSpecification","valueRequired":true,"valueName":"search_term_string"}}],"inLanguage":"hu"},{"@type":"Organization","@id":"https:\/\/dorogimedence.hu\/#organization","name":"Dorogi-medence Region\u00e1lis H\u00edrport\u00e1l","url":"https:\/\/dorogimedence.hu\/","logo":{"@type":"ImageObject","inLanguage":"hu","@id":"https:\/\/dorogimedence.hu\/#\/schema\/logo\/image\/","url":"https:\/\/dorogimedence.hu\/wp-content\/uploads\/2021\/04\/logo-feher-600.png","contentUrl":"https:\/\/dorogimedence.hu\/wp-content\/uploads\/2021\/04\/logo-feher-600.png","width":600,"height":100,"caption":"Dorogi-medence Region\u00e1lis H\u00edrport\u00e1l"},"image":{"@id":"https:\/\/dorogimedence.hu\/#\/schema\/logo\/image\/"},"sameAs":["https:\/\/www.facebook.com\/dorogimedence\/"]},{"@type":"Person","@id":"https:\/\/dorogimedence.hu\/#\/schema\/person\/ce6091eeb7e95ecdc87890d6aa8e0fd4","name":"dorogimedence.hu","image":{"@type":"ImageObject","inLanguage":"hu","@id":"\/\/www.gravatar.com\/avatar\/d8d45f8901aadff40a4af72c0b826f1d?s=96&#038;r=g&#038;d=mm","url":"\/\/www.gravatar.com\/avatar\/d8d45f8901aadff40a4af72c0b826f1d?s=96&#038;r=g&#038;d=mm","contentUrl":"\/\/www.gravatar.com\/avatar\/d8d45f8901aadff40a4af72c0b826f1d?s=96&#038;r=g&#038;d=mm","caption":"dorogimedence.hu"}}]}},"_links":{"self":[{"href":"https:\/\/dorogimedence.hu\/index.php\/wp-json\/wp\/v2\/posts\/72501","targetHints":{"allow":["GET"]}}],"collection":[{"href":"https:\/\/dorogimedence.hu\/index.php\/wp-json\/wp\/v2\/posts"}],"about":[{"href":"https:\/\/dorogimedence.hu\/index.php\/wp-json\/wp\/v2\/types\/post"}],"author":[{"embeddable":true,"href":"https:\/\/dorogimedence.hu\/index.php\/wp-json\/wp\/v2\/users\/1"}],"replies":[{"embeddable":true,"href":"https:\/\/dorogimedence.hu\/index.php\/wp-json\/wp\/v2\/comments?post=72501"}],"version-history":[{"count":0,"href":"https:\/\/dorogimedence.hu\/index.php\/wp-json\/wp\/v2\/posts\/72501\/revisions"}],"wp:featuredmedia":[{"embeddable":true,"href":"https:\/\/dorogimedence.hu\/index.php\/wp-json\/wp\/v2\/media\/72502"}],"wp:attachment":[{"href":"https:\/\/dorogimedence.hu\/index.php\/wp-json\/wp\/v2\/media?parent=72501"}],"wp:term":[{"taxonomy":"category","embeddable":true,"href":"https:\/\/dorogimedence.hu\/index.php\/wp-json\/wp\/v2\/categories?post=72501"},{"taxonomy":"post_tag","embeddable":true,"href":"https:\/\/dorogimedence.hu\/index.php\/wp-json\/wp\/v2\/tags?post=72501"}],"curies":[{"name":"wp","href":"https:\/\/api.w.org\/{rel}","templated":true}]}}