{"id":72481,"date":"2025-07-03T16:29:54","date_gmt":"2025-07-03T14:29:54","guid":{"rendered":"https:\/\/dorogimedence.hu\/?p=72481"},"modified":"2025-07-03T16:29:54","modified_gmt":"2025-07-03T14:29:54","slug":"meghosszabbitottak-a-masodfoku-hosegriasztast","status":"publish","type":"post","link":"https:\/\/dorogimedence.hu\/index.php\/2025\/07\/03\/meghosszabbitottak-a-masodfoku-hosegriasztast\/","title":{"rendered":"Meghosszabb\u00edtott\u00e1k a m\u00e1sodfok\u00fa h\u0151s\u00e9griaszt\u00e1st"},"content":{"rendered":"<p><strong>Az Orsz\u00e1gos Tisztif\u0151orvos a HungaroMet Magyar Meteorol\u00f3giai Szolg\u00e1ltat\u00f3 Nonprofit Zrt. legfrissebb el\u0151rejelz\u00e9se alapj\u00e1n a j\u00fanius 30-\u00e1n (h\u00e9tf\u0151) 00 \u00f3r\u00e1t\u00f3l j\u00falius 4-\u00e9n (p\u00e9ntek) 24 \u00f3r\u00e1ig \u00e9rv\u00e9nyben l\u00e9v\u0151 orsz\u00e1gos m\u00e1sodfok\u00fa h\u0151s\u00e9griaszt\u00e1st j\u00falius 7-\u00e9n (h\u00e9tf\u0151) 24 \u00f3r\u00e1ig meghosszabb\u00edtja. Ez id\u0151 alatt az orsz\u00e1g teljes ter\u00fclet\u00e9n \u00e9rv\u00e9nyben marad a h\u0151s\u00e9griaszt\u00e1s.<\/strong><\/p>\n<p>A tart\u00f3san magas h\u0151m\u00e9rs\u00e9klet megterheli a szervezetet, k\u00fcl\u00f6n\u00f6sen akkor, ha az \u00e9jszakai leh\u0171l\u00e9s sem hoz felfriss\u00fcl\u00e9st. Az elm\u00falt \u00e9vek tapasztalatai alapj\u00e1n a h\u0151hull\u00e1mok idej\u00e9n emelkedik a ment\u0151szolg\u00e1lat riaszt\u00e1sainak a sz\u00e1ma, k\u00fcl\u00f6n\u00f6sen az \u00e1jul\u00e1sos rosszull\u00e9tek, kering\u00e9si rendelleness\u00e9gek \u00e9s kisz\u00e1rad\u00e1s miatt.<\/p>\n<p>Ez\u00e9rt a lakoss\u00e1got tov\u00e1bbra is fokozottan k\u00e9rj\u00fck, hogy a k\u00f6vetkez\u0151 napokban:<\/p>\n<ul>\n<li>Lehet\u0151s\u00e9g szerint h\u0171v\u00f6s, \u00e1rny\u00e9kos k\u00f6rnyezetben tart\u00f3zkodjanak, a fizikai megterhel\u00e9st korl\u00e1tozz\u00e1k a kora reggeli \u00e9s esti \u00f3r\u00e1kra.<\/li>\n<\/ul>\n<p>P\u00f3tolj\u00e1k az elvesz\u00edtett folyad\u00e9kot \u00e9s \u00e1sv\u00e1nyi anyagokat.<\/p>\n<ul>\n<li>Az id\u0151sebb vagy kr\u00f3nikus beteg csal\u00e1dtagokat rendszeresen l\u00e1togass\u00e1k meg, \u00e9s ellen\u0151rizz\u00e9k, hogy elegend\u0151 folyad\u00e9kot fogyasztanak-e.<\/li>\n<li>Akik kl\u00edmaberendez\u00e9st haszn\u00e1lnak, \u00fcgyeljenek arra, hogy ne legyen t\u00fal nagy h\u0151m\u00e9rs\u00e9klet-k\u00fcl\u00f6nbs\u00e9g a kinti \u00e9s benti leveg\u0151 k\u00f6z\u00f6tt (az aj\u00e1nlott k\u00fcl\u00f6nbs\u00e9g legfeljebb 6-8 \u00b0C,&nbsp;ne \u00e1ll\u00edts\u00e1k 25\u00b0C-n\u00e1l h\u0171v\u00f6sebbre).<\/li>\n<\/ul>\n<p>Strandol\u00e1skor v\u00e9dj\u00e9k b\u0151r\u00fcket az er\u0151s UV sug\u00e1rz\u00e1st\u00f3l legal\u00e1bb 30 faktoros napv\u00e9d\u0151 kr\u00e9mmel, amelyet naponta t\u00f6bbsz\u00f6r is haszn\u00e1ljanak. Felhev\u00fclt testtel ne ugorjanak be a v\u00edzbe.<\/p>\n<p>A nagy meleg hat\u00e1ssal van az alv\u00e1smin\u0151s\u00e9gre is. Ha \u00e9jszaka sem tudjuk kipihenni magunkat, m\u00e1snap n\u0151 a f\u00e1radts\u00e1gb\u00f3l fakad\u00f3 hib\u00e1k es\u00e9lye a munkahelyen, otthon \u00e9s k\u00f6zleked\u00e9s sor\u00e1n. Ez\u00e9rt fontos, hogy a munk\u00e1ltat\u00f3k \u00e9s int\u00e9zm\u00e9nyvezet\u0151k is fokozott figyelmet ford\u00edtsanak a h\u0151hull\u00e1m idej\u00e9n dolgoz\u00f3k v\u00e9delm\u00e9re, p\u00e9ld\u00e1ul iv\u00f3v\u00edz biztos\u00edt\u00e1s\u00e1val, pihen\u0151id\u0151kkel, vagy rugalmasabb munkarenddel.<\/p>\n<p>Felh\u00edvjuk a figyelmet arra is, hogy a meleg napokon a k\u00fclt\u00e9ri leveg\u0151min\u0151s\u00e9g is romolhat: a magas \u00f3zonkoncentr\u00e1ci\u00f3 l\u00e9g\u00fati t\u00fcneteket okozhat. Lehet\u0151leg kora reggel vagy este szell\u0151ztess\u00fcnk.<\/p>\n<p>Id\u00e9n m\u00e1r csaknem hatezer szabadt\u00e9ri t\u0171zh\u00f6z riasztott\u00e1k a t\u0171zolt\u00f3kat, ezekn\u00e9l harminchatan megs\u00e9r\u00fcltek, 55 milli\u00f3 n\u00e9gyzetm\u00e9ternyi ter\u00fclet le\u00e9gett. Naponta sz\u00e1z\u00e1val keletkeznek t\u00fczek, amelyek nemcsak a term\u00e9szetes, hanem az \u00e9p\u00edtett k\u00f6rnyezetet \u00e9s a mez\u0151gazdas\u00e1got is vesz\u00e9lyeztetik. Tov\u00e1bbra is t\u0171zgy\u00fajt\u00e1si tilalom van \u00e9rv\u00e9nyben az eg\u00e9sz orsz\u00e1gban. A nagy h\u0151s\u00e9gben senki ne gy\u00fajtson t\u00fczet a szabadban. Saj\u00e1t kertben lehet bogr\u00e1csozni, grillezni, de a t\u00fczet egy percre sem szabad fel\u00fcgyelet n\u00e9lk\u00fcl hagyni.<\/p>\n<p>A melegben cs\u00f6kkenhet a k\u00e9m\u00e9nyek huzathat\u00e1sa, amely miatt a ny\u00edlt \u00e9g\u00e9ster\u0171 v\u00edzmeleg\u00edt\u0151k k\u00f6rnyezet\u00e9ben sz\u00e9n-monoxid keletkezhet. Id\u00e9n ny\u00e1ron m\u00e1r 129 helyre h\u00edvt\u00e1k a t\u0171zolt\u00f3kat sz\u00e9n-monoxid miatt.<\/p>\n<p>K\u00e9rj\u00fck, hogy tov\u00e1bbra is figyelj\u00fcnk magunkra \u00e9s egym\u00e1sra, \u00e9s ne feledj\u00fck: a h\u0151s\u00e9g nem csup\u00e1n kellemetlens\u00e9g, hanem eg\u00e9szs\u00e9g\u00fcgyi kock\u00e1zat, amely tudatos magatart\u00e1ssal cs\u00f6kkenthet\u0151!<\/p>\n<p>Tov\u00e1bbi r\u00e9szletes \u00e9s naprak\u00e9sz inform\u00e1ci\u00f3k, illetve figyelmeztet\u00e9sek el\u00e9rhet\u0151k a katasztr\u00f3fav\u00e9delem hivatalos honlapj\u00e1n \u00e9s a V\u00c9SZ applik\u00e1ci\u00f3n kereszt\u00fcl.<\/p>\n<p><em>Forr\u00e1s: Katasztr\u00f3fav\u00e9delem<\/em><\/p>\n","protected":false},"excerpt":{"rendered":"<p>Az Orsz\u00e1gos Tisztif\u0151orvos a HungaroMet Magyar Meteorol\u00f3giai Szolg\u00e1ltat\u00f3 Nonprofit Zrt. legfrissebb el\u0151rejelz\u00e9se alapj\u00e1n a j\u00fanius 30-\u00e1n (h\u00e9tf\u0151) 00 \u00f3r\u00e1t\u00f3l j\u00falius 4-\u00e9n (p\u00e9ntek) 24 \u00f3r\u00e1ig \u00e9rv\u00e9nyben l\u00e9v\u0151 orsz\u00e1gos m\u00e1sodfok\u00fa h\u0151s\u00e9griaszt\u00e1st j\u00falius 7-\u00e9n (h\u00e9tf\u0151) 24 \u00f3r\u00e1ig meghosszabb\u00edtja. Ez id\u0151 alatt az orsz\u00e1g teljes ter\u00fclet\u00e9n \u00e9rv\u00e9nyben marad a h\u0151s\u00e9griaszt\u00e1s. A tart\u00f3san magas h\u0151m\u00e9rs\u00e9klet megterheli a szervezetet, k\u00fcl\u00f6n\u00f6sen akkor,<\/p>\n","protected":false},"author":1,"featured_media":34265,"comment_status":"closed","ping_status":"closed","sticky":false,"template":"","format":"standard","meta":{"ngg_post_thumbnail":0,"footnotes":""},"categories":[3],"tags":[1173,2876],"class_list":{"0":"post-72481","1":"post","2":"type-post","3":"status-publish","4":"format-standard","5":"has-post-thumbnail","7":"category-hirek","8":"tag-hoseg","9":"tag-hosegriasztas"},"yoast_head":"<!-- This site is optimized with the Yoast SEO plugin v27.5 - https:\/\/yoast.com\/product\/yoast-seo-wordpress\/ -->\n<title>Meghosszabb\u00edtott\u00e1k a m\u00e1sodfok\u00fa h\u0151s\u00e9griaszt\u00e1st<\/title>\n<meta name=\"robots\" content=\"index, follow, max-snippet:-1, max-image-preview:large, max-video-preview:-1\" \/>\n<link rel=\"canonical\" href=\"https:\/\/dorogimedence.hu\/index.php\/2025\/07\/03\/meghosszabbitottak-a-masodfoku-hosegriasztast\/\" class=\"yoast-seo-meta-tag\" \/>\n<meta property=\"og:locale\" content=\"hu_HU\" class=\"yoast-seo-meta-tag\" \/>\n<meta property=\"og:type\" content=\"article\" class=\"yoast-seo-meta-tag\" \/>\n<meta property=\"og:title\" content=\"Meghosszabb\u00edtott\u00e1k a m\u00e1sodfok\u00fa h\u0151s\u00e9griaszt\u00e1st\" class=\"yoast-seo-meta-tag\" \/>\n<meta property=\"og:description\" content=\"Az Orsz\u00e1gos Tisztif\u0151orvos a HungaroMet Magyar Meteorol\u00f3giai Szolg\u00e1ltat\u00f3 Nonprofit Zrt. legfrissebb el\u0151rejelz\u00e9se alapj\u00e1n a j\u00fanius 30-\u00e1n (h\u00e9tf\u0151) 00 \u00f3r\u00e1t\u00f3l j\u00falius 4-\u00e9n (p\u00e9ntek) 24 \u00f3r\u00e1ig \u00e9rv\u00e9nyben l\u00e9v\u0151 orsz\u00e1gos m\u00e1sodfok\u00fa h\u0151s\u00e9griaszt\u00e1st j\u00falius 7-\u00e9n (h\u00e9tf\u0151) 24 \u00f3r\u00e1ig meghosszabb\u00edtja. Ez id\u0151 alatt az orsz\u00e1g teljes ter\u00fclet\u00e9n \u00e9rv\u00e9nyben marad a h\u0151s\u00e9griaszt\u00e1s. A tart\u00f3san magas h\u0151m\u00e9rs\u00e9klet megterheli a szervezetet, k\u00fcl\u00f6n\u00f6sen akkor,\" class=\"yoast-seo-meta-tag\" \/>\n<meta property=\"og:url\" content=\"https:\/\/dorogimedence.hu\/index.php\/2025\/07\/03\/meghosszabbitottak-a-masodfoku-hosegriasztast\/\" class=\"yoast-seo-meta-tag\" \/>\n<meta property=\"og:site_name\" content=\"Dorogi-medence Region\u00e1lis H\u00edrport\u00e1l\" class=\"yoast-seo-meta-tag\" \/>\n<meta property=\"article:publisher\" content=\"https:\/\/www.facebook.com\/dorogimedence\/\" class=\"yoast-seo-meta-tag\" \/>\n<meta property=\"article:published_time\" content=\"2025-07-03T14:29:54+00:00\" class=\"yoast-seo-meta-tag\" \/>\n<meta property=\"og:image\" content=\"https:\/\/dorogimedence.hu\/wp-content\/uploads\/2021\/06\/homero.jpg\" class=\"yoast-seo-meta-tag\" \/>\n\t<meta property=\"og:image:width\" content=\"1200\" class=\"yoast-seo-meta-tag\" \/>\n\t<meta property=\"og:image:height\" content=\"858\" class=\"yoast-seo-meta-tag\" \/>\n\t<meta property=\"og:image:type\" content=\"image\/jpeg\" class=\"yoast-seo-meta-tag\" \/>\n<meta name=\"author\" content=\"dorogimedence.hu\" class=\"yoast-seo-meta-tag\" \/>\n<meta name=\"twitter:card\" content=\"summary_large_image\" class=\"yoast-seo-meta-tag\" \/>\n<meta name=\"twitter:label1\" content=\"Szerz\u0151:\" class=\"yoast-seo-meta-tag\" \/>\n\t<meta name=\"twitter:data1\" content=\"dorogimedence.hu\" class=\"yoast-seo-meta-tag\" \/>\n\t<meta name=\"twitter:label2\" content=\"Becs\u00fclt olvas\u00e1si id\u0151\" class=\"yoast-seo-meta-tag\" \/>\n\t<meta name=\"twitter:data2\" content=\"3 perc\" class=\"yoast-seo-meta-tag\" \/>\n<script type=\"application\/ld+json\" class=\"yoast-schema-graph\">{\"@context\":\"https:\\\/\\\/schema.org\",\"@graph\":[{\"@type\":\"Article\",\"@id\":\"https:\\\/\\\/dorogimedence.hu\\\/index.php\\\/2025\\\/07\\\/03\\\/meghosszabbitottak-a-masodfoku-hosegriasztast\\\/#article\",\"isPartOf\":{\"@id\":\"https:\\\/\\\/dorogimedence.hu\\\/index.php\\\/2025\\\/07\\\/03\\\/meghosszabbitottak-a-masodfoku-hosegriasztast\\\/\"},\"author\":{\"name\":\"dorogimedence.hu\",\"@id\":\"https:\\\/\\\/dorogimedence.hu\\\/#\\\/schema\\\/person\\\/ce6091eeb7e95ecdc87890d6aa8e0fd4\"},\"headline\":\"Meghosszabb\u00edtott\u00e1k a m\u00e1sodfok\u00fa h\u0151s\u00e9griaszt\u00e1st\",\"datePublished\":\"2025-07-03T14:29:54+00:00\",\"mainEntityOfPage\":{\"@id\":\"https:\\\/\\\/dorogimedence.hu\\\/index.php\\\/2025\\\/07\\\/03\\\/meghosszabbitottak-a-masodfoku-hosegriasztast\\\/\"},\"wordCount\":675,\"publisher\":{\"@id\":\"https:\\\/\\\/dorogimedence.hu\\\/#organization\"},\"image\":{\"@id\":\"https:\\\/\\\/dorogimedence.hu\\\/index.php\\\/2025\\\/07\\\/03\\\/meghosszabbitottak-a-masodfoku-hosegriasztast\\\/#primaryimage\"},\"thumbnailUrl\":\"https:\\\/\\\/dorogimedence.hu\\\/wp-content\\\/uploads\\\/2021\\\/06\\\/homero.jpg\",\"keywords\":[\"h\u0151s\u00e9g\",\"h\u0151s\u00e9griaszt\u00e1s\"],\"articleSection\":[\"H\u00edrek\"],\"inLanguage\":\"hu\"},{\"@type\":\"WebPage\",\"@id\":\"https:\\\/\\\/dorogimedence.hu\\\/index.php\\\/2025\\\/07\\\/03\\\/meghosszabbitottak-a-masodfoku-hosegriasztast\\\/\",\"url\":\"https:\\\/\\\/dorogimedence.hu\\\/index.php\\\/2025\\\/07\\\/03\\\/meghosszabbitottak-a-masodfoku-hosegriasztast\\\/\",\"name\":\"Meghosszabb\u00edtott\u00e1k a m\u00e1sodfok\u00fa h\u0151s\u00e9griaszt\u00e1st\",\"isPartOf\":{\"@id\":\"https:\\\/\\\/dorogimedence.hu\\\/#website\"},\"primaryImageOfPage\":{\"@id\":\"https:\\\/\\\/dorogimedence.hu\\\/index.php\\\/2025\\\/07\\\/03\\\/meghosszabbitottak-a-masodfoku-hosegriasztast\\\/#primaryimage\"},\"image\":{\"@id\":\"https:\\\/\\\/dorogimedence.hu\\\/index.php\\\/2025\\\/07\\\/03\\\/meghosszabbitottak-a-masodfoku-hosegriasztast\\\/#primaryimage\"},\"thumbnailUrl\":\"https:\\\/\\\/dorogimedence.hu\\\/wp-content\\\/uploads\\\/2021\\\/06\\\/homero.jpg\",\"datePublished\":\"2025-07-03T14:29:54+00:00\",\"breadcrumb\":{\"@id\":\"https:\\\/\\\/dorogimedence.hu\\\/index.php\\\/2025\\\/07\\\/03\\\/meghosszabbitottak-a-masodfoku-hosegriasztast\\\/#breadcrumb\"},\"inLanguage\":\"hu\",\"potentialAction\":[{\"@type\":\"ReadAction\",\"target\":[\"https:\\\/\\\/dorogimedence.hu\\\/index.php\\\/2025\\\/07\\\/03\\\/meghosszabbitottak-a-masodfoku-hosegriasztast\\\/\"]}]},{\"@type\":\"ImageObject\",\"inLanguage\":\"hu\",\"@id\":\"https:\\\/\\\/dorogimedence.hu\\\/index.php\\\/2025\\\/07\\\/03\\\/meghosszabbitottak-a-masodfoku-hosegriasztast\\\/#primaryimage\",\"url\":\"https:\\\/\\\/dorogimedence.hu\\\/wp-content\\\/uploads\\\/2021\\\/06\\\/homero.jpg\",\"contentUrl\":\"https:\\\/\\\/dorogimedence.hu\\\/wp-content\\\/uploads\\\/2021\\\/06\\\/homero.jpg\",\"width\":1200,\"height\":858},{\"@type\":\"BreadcrumbList\",\"@id\":\"https:\\\/\\\/dorogimedence.hu\\\/index.php\\\/2025\\\/07\\\/03\\\/meghosszabbitottak-a-masodfoku-hosegriasztast\\\/#breadcrumb\",\"itemListElement\":[{\"@type\":\"ListItem\",\"position\":1,\"name\":\"Kezd\u0151lap\",\"item\":\"https:\\\/\\\/dorogimedence.hu\\\/\"},{\"@type\":\"ListItem\",\"position\":2,\"name\":\"Meghosszabb\u00edtott\u00e1k a m\u00e1sodfok\u00fa h\u0151s\u00e9griaszt\u00e1st\"}]},{\"@type\":\"WebSite\",\"@id\":\"https:\\\/\\\/dorogimedence.hu\\\/#website\",\"url\":\"https:\\\/\\\/dorogimedence.hu\\\/\",\"name\":\"Dorogi-medence Region\u00e1lis H\u00edrport\u00e1l\",\"description\":\"Dorog, Keszt\u00f6lc, Le\u00e1nyv\u00e1r, Piliscs\u00e9v, Tokod, Tokodalt\u00e1r\u00f3, Csolnok, Esztergom-kertv\u00e1ros: h\u00edrek, programok\",\"publisher\":{\"@id\":\"https:\\\/\\\/dorogimedence.hu\\\/#organization\"},\"potentialAction\":[{\"@type\":\"SearchAction\",\"target\":{\"@type\":\"EntryPoint\",\"urlTemplate\":\"https:\\\/\\\/dorogimedence.hu\\\/?s={search_term_string}\"},\"query-input\":{\"@type\":\"PropertyValueSpecification\",\"valueRequired\":true,\"valueName\":\"search_term_string\"}}],\"inLanguage\":\"hu\"},{\"@type\":\"Organization\",\"@id\":\"https:\\\/\\\/dorogimedence.hu\\\/#organization\",\"name\":\"Dorogi-medence Region\u00e1lis H\u00edrport\u00e1l\",\"url\":\"https:\\\/\\\/dorogimedence.hu\\\/\",\"logo\":{\"@type\":\"ImageObject\",\"inLanguage\":\"hu\",\"@id\":\"https:\\\/\\\/dorogimedence.hu\\\/#\\\/schema\\\/logo\\\/image\\\/\",\"url\":\"https:\\\/\\\/dorogimedence.hu\\\/wp-content\\\/uploads\\\/2021\\\/04\\\/logo-feher-600.png\",\"contentUrl\":\"https:\\\/\\\/dorogimedence.hu\\\/wp-content\\\/uploads\\\/2021\\\/04\\\/logo-feher-600.png\",\"width\":600,\"height\":100,\"caption\":\"Dorogi-medence Region\u00e1lis H\u00edrport\u00e1l\"},\"image\":{\"@id\":\"https:\\\/\\\/dorogimedence.hu\\\/#\\\/schema\\\/logo\\\/image\\\/\"},\"sameAs\":[\"https:\\\/\\\/www.facebook.com\\\/dorogimedence\\\/\"]},{\"@type\":\"Person\",\"@id\":\"https:\\\/\\\/dorogimedence.hu\\\/#\\\/schema\\\/person\\\/ce6091eeb7e95ecdc87890d6aa8e0fd4\",\"name\":\"dorogimedence.hu\",\"image\":{\"@type\":\"ImageObject\",\"inLanguage\":\"hu\",\"@id\":\"\\\/\\\/www.gravatar.com\\\/avatar\\\/d8d45f8901aadff40a4af72c0b826f1d?s=96&#038;r=g&#038;d=mm\",\"url\":\"\\\/\\\/www.gravatar.com\\\/avatar\\\/d8d45f8901aadff40a4af72c0b826f1d?s=96&#038;r=g&#038;d=mm\",\"contentUrl\":\"\\\/\\\/www.gravatar.com\\\/avatar\\\/d8d45f8901aadff40a4af72c0b826f1d?s=96&#038;r=g&#038;d=mm\",\"caption\":\"dorogimedence.hu\"}}]}<\/script>\n<!-- \/ Yoast SEO plugin. -->","yoast_head_json":{"title":"Meghosszabb\u00edtott\u00e1k a m\u00e1sodfok\u00fa h\u0151s\u00e9griaszt\u00e1st","robots":{"index":"index","follow":"follow","max-snippet":"max-snippet:-1","max-image-preview":"max-image-preview:large","max-video-preview":"max-video-preview:-1"},"canonical":"https:\/\/dorogimedence.hu\/index.php\/2025\/07\/03\/meghosszabbitottak-a-masodfoku-hosegriasztast\/","og_locale":"hu_HU","og_type":"article","og_title":"Meghosszabb\u00edtott\u00e1k a m\u00e1sodfok\u00fa h\u0151s\u00e9griaszt\u00e1st","og_description":"Az Orsz\u00e1gos Tisztif\u0151orvos a HungaroMet Magyar Meteorol\u00f3giai Szolg\u00e1ltat\u00f3 Nonprofit Zrt. legfrissebb el\u0151rejelz\u00e9se alapj\u00e1n a j\u00fanius 30-\u00e1n (h\u00e9tf\u0151) 00 \u00f3r\u00e1t\u00f3l j\u00falius 4-\u00e9n (p\u00e9ntek) 24 \u00f3r\u00e1ig \u00e9rv\u00e9nyben l\u00e9v\u0151 orsz\u00e1gos m\u00e1sodfok\u00fa h\u0151s\u00e9griaszt\u00e1st j\u00falius 7-\u00e9n (h\u00e9tf\u0151) 24 \u00f3r\u00e1ig meghosszabb\u00edtja. Ez id\u0151 alatt az orsz\u00e1g teljes ter\u00fclet\u00e9n \u00e9rv\u00e9nyben marad a h\u0151s\u00e9griaszt\u00e1s. A tart\u00f3san magas h\u0151m\u00e9rs\u00e9klet megterheli a szervezetet, k\u00fcl\u00f6n\u00f6sen akkor,","og_url":"https:\/\/dorogimedence.hu\/index.php\/2025\/07\/03\/meghosszabbitottak-a-masodfoku-hosegriasztast\/","og_site_name":"Dorogi-medence Region\u00e1lis H\u00edrport\u00e1l","article_publisher":"https:\/\/www.facebook.com\/dorogimedence\/","article_published_time":"2025-07-03T14:29:54+00:00","og_image":[{"width":1200,"height":858,"url":"https:\/\/dorogimedence.hu\/wp-content\/uploads\/2021\/06\/homero.jpg","type":"image\/jpeg"}],"author":"dorogimedence.hu","twitter_card":"summary_large_image","twitter_misc":{"Szerz\u0151:":"dorogimedence.hu","Becs\u00fclt olvas\u00e1si id\u0151":"3 perc"},"schema":{"@context":"https:\/\/schema.org","@graph":[{"@type":"Article","@id":"https:\/\/dorogimedence.hu\/index.php\/2025\/07\/03\/meghosszabbitottak-a-masodfoku-hosegriasztast\/#article","isPartOf":{"@id":"https:\/\/dorogimedence.hu\/index.php\/2025\/07\/03\/meghosszabbitottak-a-masodfoku-hosegriasztast\/"},"author":{"name":"dorogimedence.hu","@id":"https:\/\/dorogimedence.hu\/#\/schema\/person\/ce6091eeb7e95ecdc87890d6aa8e0fd4"},"headline":"Meghosszabb\u00edtott\u00e1k a m\u00e1sodfok\u00fa h\u0151s\u00e9griaszt\u00e1st","datePublished":"2025-07-03T14:29:54+00:00","mainEntityOfPage":{"@id":"https:\/\/dorogimedence.hu\/index.php\/2025\/07\/03\/meghosszabbitottak-a-masodfoku-hosegriasztast\/"},"wordCount":675,"publisher":{"@id":"https:\/\/dorogimedence.hu\/#organization"},"image":{"@id":"https:\/\/dorogimedence.hu\/index.php\/2025\/07\/03\/meghosszabbitottak-a-masodfoku-hosegriasztast\/#primaryimage"},"thumbnailUrl":"https:\/\/dorogimedence.hu\/wp-content\/uploads\/2021\/06\/homero.jpg","keywords":["h\u0151s\u00e9g","h\u0151s\u00e9griaszt\u00e1s"],"articleSection":["H\u00edrek"],"inLanguage":"hu"},{"@type":"WebPage","@id":"https:\/\/dorogimedence.hu\/index.php\/2025\/07\/03\/meghosszabbitottak-a-masodfoku-hosegriasztast\/","url":"https:\/\/dorogimedence.hu\/index.php\/2025\/07\/03\/meghosszabbitottak-a-masodfoku-hosegriasztast\/","name":"Meghosszabb\u00edtott\u00e1k a m\u00e1sodfok\u00fa h\u0151s\u00e9griaszt\u00e1st","isPartOf":{"@id":"https:\/\/dorogimedence.hu\/#website"},"primaryImageOfPage":{"@id":"https:\/\/dorogimedence.hu\/index.php\/2025\/07\/03\/meghosszabbitottak-a-masodfoku-hosegriasztast\/#primaryimage"},"image":{"@id":"https:\/\/dorogimedence.hu\/index.php\/2025\/07\/03\/meghosszabbitottak-a-masodfoku-hosegriasztast\/#primaryimage"},"thumbnailUrl":"https:\/\/dorogimedence.hu\/wp-content\/uploads\/2021\/06\/homero.jpg","datePublished":"2025-07-03T14:29:54+00:00","breadcrumb":{"@id":"https:\/\/dorogimedence.hu\/index.php\/2025\/07\/03\/meghosszabbitottak-a-masodfoku-hosegriasztast\/#breadcrumb"},"inLanguage":"hu","potentialAction":[{"@type":"ReadAction","target":["https:\/\/dorogimedence.hu\/index.php\/2025\/07\/03\/meghosszabbitottak-a-masodfoku-hosegriasztast\/"]}]},{"@type":"ImageObject","inLanguage":"hu","@id":"https:\/\/dorogimedence.hu\/index.php\/2025\/07\/03\/meghosszabbitottak-a-masodfoku-hosegriasztast\/#primaryimage","url":"https:\/\/dorogimedence.hu\/wp-content\/uploads\/2021\/06\/homero.jpg","contentUrl":"https:\/\/dorogimedence.hu\/wp-content\/uploads\/2021\/06\/homero.jpg","width":1200,"height":858},{"@type":"BreadcrumbList","@id":"https:\/\/dorogimedence.hu\/index.php\/2025\/07\/03\/meghosszabbitottak-a-masodfoku-hosegriasztast\/#breadcrumb","itemListElement":[{"@type":"ListItem","position":1,"name":"Kezd\u0151lap","item":"https:\/\/dorogimedence.hu\/"},{"@type":"ListItem","position":2,"name":"Meghosszabb\u00edtott\u00e1k a m\u00e1sodfok\u00fa h\u0151s\u00e9griaszt\u00e1st"}]},{"@type":"WebSite","@id":"https:\/\/dorogimedence.hu\/#website","url":"https:\/\/dorogimedence.hu\/","name":"Dorogi-medence Region\u00e1lis H\u00edrport\u00e1l","description":"Dorog, Keszt\u00f6lc, Le\u00e1nyv\u00e1r, Piliscs\u00e9v, Tokod, Tokodalt\u00e1r\u00f3, Csolnok, Esztergom-kertv\u00e1ros: h\u00edrek, programok","publisher":{"@id":"https:\/\/dorogimedence.hu\/#organization"},"potentialAction":[{"@type":"SearchAction","target":{"@type":"EntryPoint","urlTemplate":"https:\/\/dorogimedence.hu\/?s={search_term_string}"},"query-input":{"@type":"PropertyValueSpecification","valueRequired":true,"valueName":"search_term_string"}}],"inLanguage":"hu"},{"@type":"Organization","@id":"https:\/\/dorogimedence.hu\/#organization","name":"Dorogi-medence Region\u00e1lis H\u00edrport\u00e1l","url":"https:\/\/dorogimedence.hu\/","logo":{"@type":"ImageObject","inLanguage":"hu","@id":"https:\/\/dorogimedence.hu\/#\/schema\/logo\/image\/","url":"https:\/\/dorogimedence.hu\/wp-content\/uploads\/2021\/04\/logo-feher-600.png","contentUrl":"https:\/\/dorogimedence.hu\/wp-content\/uploads\/2021\/04\/logo-feher-600.png","width":600,"height":100,"caption":"Dorogi-medence Region\u00e1lis H\u00edrport\u00e1l"},"image":{"@id":"https:\/\/dorogimedence.hu\/#\/schema\/logo\/image\/"},"sameAs":["https:\/\/www.facebook.com\/dorogimedence\/"]},{"@type":"Person","@id":"https:\/\/dorogimedence.hu\/#\/schema\/person\/ce6091eeb7e95ecdc87890d6aa8e0fd4","name":"dorogimedence.hu","image":{"@type":"ImageObject","inLanguage":"hu","@id":"\/\/www.gravatar.com\/avatar\/d8d45f8901aadff40a4af72c0b826f1d?s=96&#038;r=g&#038;d=mm","url":"\/\/www.gravatar.com\/avatar\/d8d45f8901aadff40a4af72c0b826f1d?s=96&#038;r=g&#038;d=mm","contentUrl":"\/\/www.gravatar.com\/avatar\/d8d45f8901aadff40a4af72c0b826f1d?s=96&#038;r=g&#038;d=mm","caption":"dorogimedence.hu"}}]}},"_links":{"self":[{"href":"https:\/\/dorogimedence.hu\/index.php\/wp-json\/wp\/v2\/posts\/72481","targetHints":{"allow":["GET"]}}],"collection":[{"href":"https:\/\/dorogimedence.hu\/index.php\/wp-json\/wp\/v2\/posts"}],"about":[{"href":"https:\/\/dorogimedence.hu\/index.php\/wp-json\/wp\/v2\/types\/post"}],"author":[{"embeddable":true,"href":"https:\/\/dorogimedence.hu\/index.php\/wp-json\/wp\/v2\/users\/1"}],"replies":[{"embeddable":true,"href":"https:\/\/dorogimedence.hu\/index.php\/wp-json\/wp\/v2\/comments?post=72481"}],"version-history":[{"count":0,"href":"https:\/\/dorogimedence.hu\/index.php\/wp-json\/wp\/v2\/posts\/72481\/revisions"}],"wp:featuredmedia":[{"embeddable":true,"href":"https:\/\/dorogimedence.hu\/index.php\/wp-json\/wp\/v2\/media\/34265"}],"wp:attachment":[{"href":"https:\/\/dorogimedence.hu\/index.php\/wp-json\/wp\/v2\/media?parent=72481"}],"wp:term":[{"taxonomy":"category","embeddable":true,"href":"https:\/\/dorogimedence.hu\/index.php\/wp-json\/wp\/v2\/categories?post=72481"},{"taxonomy":"post_tag","embeddable":true,"href":"https:\/\/dorogimedence.hu\/index.php\/wp-json\/wp\/v2\/tags?post=72481"}],"curies":[{"name":"wp","href":"https:\/\/api.w.org\/{rel}","templated":true}]}}