{"id":72475,"date":"2025-07-03T12:09:20","date_gmt":"2025-07-03T10:09:20","guid":{"rendered":"https:\/\/dorogimedence.hu\/?p=72475"},"modified":"2025-07-03T12:09:20","modified_gmt":"2025-07-03T10:09:20","slug":"sikeresen-palyaztak-a-varmegyei-onkentes-tuzoltok","status":"publish","type":"post","link":"https:\/\/dorogimedence.hu\/index.php\/2025\/07\/03\/sikeresen-palyaztak-a-varmegyei-onkentes-tuzoltok\/","title":{"rendered":"Sikeresen p\u00e1ly\u00e1ztak a v\u00e1rmegyei \u00f6nk\u00e9ntes t\u0171zolt\u00f3k"},"content":{"rendered":"<p><strong>Id\u00e9n is eredm\u00e9nyesen szerepeltek Kom\u00e1rom-Esztergom v\u00e1rmegye \u00f6nk\u00e9ntes t\u0171zolt\u00f3 egyes\u00fcletei a Bel\u00fcgyminiszt\u00e9rium Orsz\u00e1gos Katasztr\u00f3fav\u00e9delmi F\u0151igazgat\u00f3s\u00e1ga \u00e1ltal meghirdetett p\u00e1ly\u00e1zaton. Az egyes\u00fcletek a k\u00f6zponti k\u00f6lts\u00e9gvet\u00e9s fejezeti kezel\u00e9s\u0171 el\u0151ir\u00e1nyzata terh\u00e9re ny\u00fajthattak be p\u00e1ly\u00e1zatot m\u0171k\u00f6d\u00e9si k\u00f6lts\u00e9geikre, t\u0171zolt\u00e1stechnikai eszk\u00f6z\u00f6k, v\u00e9d\u0151felszerel\u00e9sek beszerz\u00e9s\u00e9re, valamint j\u00e1rm\u0171- \u00e9s szert\u00e1rfejleszt\u00e9sre.<\/strong><\/p>\n<p>Kom\u00e1rom-Esztergom v\u00e1rmegy\u00e9ben \u00f6sszesen harmincnyolc \u00f6nk\u00e9ntes t\u0171zolt\u00f3 egyes\u00fclet kapott t\u00e1mogat\u00e1st, \u00f6sszesen 29,68 milli\u00f3 forint \u00e9rt\u00e9kben. A meg\u00edt\u00e9lt \u00f6sszegekb\u0151l egyes\u00fcletenk\u00e9nt elt\u00e9r\u0151 c\u00e9lokat val\u00f3s\u00edtanak meg: van, ahol \u00faj v\u00e9d\u0151ruh\u00e1zatot \u00e9s k\u00e9ziszersz\u00e1mokat szereznek be, m\u00e1shol g\u00e9pj\u00e1rm\u0171-fel\u00faj\u00edt\u00e1s vagy \u00e9pp a m\u0171k\u00f6d\u00e9shez sz\u00fcks\u00e9ges alapvet\u0151 k\u00f6lts\u00e9gek finansz\u00edroz\u00e1sa t\u00f6rt\u00e9nik.<\/p>\n<p>A t\u00e1mogat\u00e1s elb\u00edr\u00e1l\u00e1s\u00e1ban az orsz\u00e1gos katasztr\u00f3fav\u00e9delem munkat\u00e1rsai mellett a Magyar T\u0171zolt\u00f3 Sz\u00f6vets\u00e9g deleg\u00e1ltjai is r\u00e9szt vettek.<\/p>\n<p><strong>T\u00e9rs\u00e9g\u00fcnkb\u0151l az al\u00e1bbi \u00f6nk\u00e9ntes t\u0171zolt\u00f3 szervezetek kaptak t\u00e1mogat\u00e1st:<\/strong><\/p>\n<ul>\n<li>Nyerges\u00fajfalu \u00d6nk\u00e9ntes T\u0171zolt\u00f3 Egyes\u00fclet &#8211; 700.000 Ft.<\/li>\n<li>S\u00fctt\u0151i \u00d6nk\u00e9ntes T\u0171zolt\u00f3 Egyes\u00fclet &#8211; 709.250 Ft.<\/li>\n<li>\u00d6nk\u00e9ntes T\u0171zolt\u00f3 Egyes\u00fclet Keszt\u00f6lc &#8211; 875.000 Ft.<\/li>\n<li>\u00d6nk\u00e9ntes T\u0171zolt\u00f3 Egyes\u00fclet S\u00e1ris\u00e1p &#8211; 875.000 Ft.<\/li>\n<li>Tokod \u00d6nk\u00e9ntes T\u0171zolt\u00f3 Egyes\u00fclet &#8211; 875.000 Ft.<\/li>\n<li>Csolnoki Polg\u00e1r\u0151r \u00e9s \u00d6nk\u00e9ntes T\u0171zolt\u00f3 Egyes\u00fclet &#8211; 700.000 Ft.<\/li>\n<\/ul>\n<p><strong>A teljes lista <a href=\"https:\/\/komarom.katasztrofavedelem.hu\/application\/uploads\/documents\/2025-07\/86184.html\" target=\"_blank\" rel=\"noopener\"><span style=\"text-decoration: underline; color: #0000ff;\">ide kattintva<\/span><\/a> tekinthet\u0151 meg.<\/strong><\/p>\n<p><em>Forr\u00e1s: Katasztr\u00f3fav\u00e9delem<br \/>\nBor\u00edt\u00f3k\u00e9p: Katasztr\u00f3fav\u00e9delem (arch\u00edv fot\u00f3)<\/em><\/p>\n","protected":false},"excerpt":{"rendered":"<p>Id\u00e9n is eredm\u00e9nyesen szerepeltek Kom\u00e1rom-Esztergom v\u00e1rmegye \u00f6nk\u00e9ntes t\u0171zolt\u00f3 egyes\u00fcletei a Bel\u00fcgyminiszt\u00e9rium Orsz\u00e1gos Katasztr\u00f3fav\u00e9delmi F\u0151igazgat\u00f3s\u00e1ga \u00e1ltal meghirdetett p\u00e1ly\u00e1zaton. Az egyes\u00fcletek a k\u00f6zponti k\u00f6lts\u00e9gvet\u00e9s fejezeti kezel\u00e9s\u0171 el\u0151ir\u00e1nyzata terh\u00e9re ny\u00fajthattak be p\u00e1ly\u00e1zatot m\u0171k\u00f6d\u00e9si k\u00f6lts\u00e9geikre, t\u0171zolt\u00e1stechnikai eszk\u00f6z\u00f6k, v\u00e9d\u0151felszerel\u00e9sek beszerz\u00e9s\u00e9re, valamint j\u00e1rm\u0171- \u00e9s szert\u00e1rfejleszt\u00e9sre. Kom\u00e1rom-Esztergom v\u00e1rmegy\u00e9ben \u00f6sszesen harmincnyolc \u00f6nk\u00e9ntes t\u0171zolt\u00f3 egyes\u00fclet kapott t\u00e1mogat\u00e1st, \u00f6sszesen 29,68 milli\u00f3 forint \u00e9rt\u00e9kben. A meg\u00edt\u00e9lt<\/p>\n","protected":false},"author":1,"featured_media":63603,"comment_status":"closed","ping_status":"closed","sticky":false,"template":"","format":"standard","meta":{"ngg_post_thumbnail":0,"footnotes":""},"categories":[3,56],"tags":[175,6890,1030,65],"class_list":{"0":"post-72475","1":"post","2":"type-post","3":"status-publish","4":"format-standard","5":"has-post-thumbnail","7":"category-hirek","8":"category-komarom-esztergom","9":"tag-katasztrofavedelem","10":"tag-komarom-esztergom-varmegye","11":"tag-onkentes-tuzoltok","12":"tag-tuzoltosag"},"yoast_head":"<!-- This site is optimized with the Yoast SEO plugin v27.5 - https:\/\/yoast.com\/product\/yoast-seo-wordpress\/ -->\n<title>Sikeresen p\u00e1ly\u00e1ztak a v\u00e1rmegyei \u00f6nk\u00e9ntes t\u0171zolt\u00f3k<\/title>\n<meta name=\"robots\" content=\"index, follow, max-snippet:-1, max-image-preview:large, max-video-preview:-1\" \/>\n<link rel=\"canonical\" href=\"https:\/\/dorogimedence.hu\/index.php\/2025\/07\/03\/sikeresen-palyaztak-a-varmegyei-onkentes-tuzoltok\/\" class=\"yoast-seo-meta-tag\" \/>\n<meta property=\"og:locale\" content=\"hu_HU\" class=\"yoast-seo-meta-tag\" \/>\n<meta property=\"og:type\" content=\"article\" class=\"yoast-seo-meta-tag\" \/>\n<meta property=\"og:title\" content=\"Sikeresen p\u00e1ly\u00e1ztak a v\u00e1rmegyei \u00f6nk\u00e9ntes t\u0171zolt\u00f3k\" class=\"yoast-seo-meta-tag\" \/>\n<meta property=\"og:description\" content=\"Id\u00e9n is eredm\u00e9nyesen szerepeltek Kom\u00e1rom-Esztergom v\u00e1rmegye \u00f6nk\u00e9ntes t\u0171zolt\u00f3 egyes\u00fcletei a Bel\u00fcgyminiszt\u00e9rium Orsz\u00e1gos Katasztr\u00f3fav\u00e9delmi F\u0151igazgat\u00f3s\u00e1ga \u00e1ltal meghirdetett p\u00e1ly\u00e1zaton. Az egyes\u00fcletek a k\u00f6zponti k\u00f6lts\u00e9gvet\u00e9s fejezeti kezel\u00e9s\u0171 el\u0151ir\u00e1nyzata terh\u00e9re ny\u00fajthattak be p\u00e1ly\u00e1zatot m\u0171k\u00f6d\u00e9si k\u00f6lts\u00e9geikre, t\u0171zolt\u00e1stechnikai eszk\u00f6z\u00f6k, v\u00e9d\u0151felszerel\u00e9sek beszerz\u00e9s\u00e9re, valamint j\u00e1rm\u0171- \u00e9s szert\u00e1rfejleszt\u00e9sre. Kom\u00e1rom-Esztergom v\u00e1rmegy\u00e9ben \u00f6sszesen harmincnyolc \u00f6nk\u00e9ntes t\u0171zolt\u00f3 egyes\u00fclet kapott t\u00e1mogat\u00e1st, \u00f6sszesen 29,68 milli\u00f3 forint \u00e9rt\u00e9kben. A meg\u00edt\u00e9lt\" class=\"yoast-seo-meta-tag\" \/>\n<meta property=\"og:url\" content=\"https:\/\/dorogimedence.hu\/index.php\/2025\/07\/03\/sikeresen-palyaztak-a-varmegyei-onkentes-tuzoltok\/\" class=\"yoast-seo-meta-tag\" \/>\n<meta property=\"og:site_name\" content=\"Dorogi-medence Region\u00e1lis H\u00edrport\u00e1l\" class=\"yoast-seo-meta-tag\" \/>\n<meta property=\"article:publisher\" content=\"https:\/\/www.facebook.com\/dorogimedence\/\" class=\"yoast-seo-meta-tag\" \/>\n<meta property=\"article:published_time\" content=\"2025-07-03T10:09:20+00:00\" class=\"yoast-seo-meta-tag\" \/>\n<meta property=\"og:image\" content=\"https:\/\/dorogimedence.hu\/wp-content\/uploads\/2024\/07\/komarom.katasztrofavedelem-1.jpg\" class=\"yoast-seo-meta-tag\" \/>\n\t<meta property=\"og:image:width\" content=\"1024\" class=\"yoast-seo-meta-tag\" \/>\n\t<meta property=\"og:image:height\" content=\"680\" class=\"yoast-seo-meta-tag\" \/>\n\t<meta property=\"og:image:type\" content=\"image\/jpeg\" class=\"yoast-seo-meta-tag\" \/>\n<meta name=\"author\" content=\"dorogimedence.hu\" class=\"yoast-seo-meta-tag\" \/>\n<meta name=\"twitter:card\" content=\"summary_large_image\" class=\"yoast-seo-meta-tag\" \/>\n<meta name=\"twitter:label1\" content=\"Szerz\u0151:\" class=\"yoast-seo-meta-tag\" \/>\n\t<meta name=\"twitter:data1\" content=\"dorogimedence.hu\" class=\"yoast-seo-meta-tag\" \/>\n\t<meta name=\"twitter:label2\" content=\"Becs\u00fclt olvas\u00e1si id\u0151\" class=\"yoast-seo-meta-tag\" \/>\n\t<meta name=\"twitter:data2\" content=\"2 perc\" class=\"yoast-seo-meta-tag\" \/>\n<script type=\"application\/ld+json\" class=\"yoast-schema-graph\">{\"@context\":\"https:\\\/\\\/schema.org\",\"@graph\":[{\"@type\":\"Article\",\"@id\":\"https:\\\/\\\/dorogimedence.hu\\\/index.php\\\/2025\\\/07\\\/03\\\/sikeresen-palyaztak-a-varmegyei-onkentes-tuzoltok\\\/#article\",\"isPartOf\":{\"@id\":\"https:\\\/\\\/dorogimedence.hu\\\/index.php\\\/2025\\\/07\\\/03\\\/sikeresen-palyaztak-a-varmegyei-onkentes-tuzoltok\\\/\"},\"author\":{\"name\":\"dorogimedence.hu\",\"@id\":\"https:\\\/\\\/dorogimedence.hu\\\/#\\\/schema\\\/person\\\/ce6091eeb7e95ecdc87890d6aa8e0fd4\"},\"headline\":\"Sikeresen p\u00e1ly\u00e1ztak a v\u00e1rmegyei \u00f6nk\u00e9ntes t\u0171zolt\u00f3k\",\"datePublished\":\"2025-07-03T10:09:20+00:00\",\"mainEntityOfPage\":{\"@id\":\"https:\\\/\\\/dorogimedence.hu\\\/index.php\\\/2025\\\/07\\\/03\\\/sikeresen-palyaztak-a-varmegyei-onkentes-tuzoltok\\\/\"},\"wordCount\":313,\"publisher\":{\"@id\":\"https:\\\/\\\/dorogimedence.hu\\\/#organization\"},\"image\":{\"@id\":\"https:\\\/\\\/dorogimedence.hu\\\/index.php\\\/2025\\\/07\\\/03\\\/sikeresen-palyaztak-a-varmegyei-onkentes-tuzoltok\\\/#primaryimage\"},\"thumbnailUrl\":\"https:\\\/\\\/dorogimedence.hu\\\/wp-content\\\/uploads\\\/2024\\\/07\\\/komarom.katasztrofavedelem-1.jpg\",\"keywords\":[\"katasztr\u00f3fav\u00e9delem\",\"Kom\u00e1rom-Esztergom v\u00e1rmegye\",\"\u00f6nk\u00e9ntes t\u0171zolt\u00f3k\",\"t\u0171zolt\u00f3s\u00e1g\"],\"articleSection\":[\"H\u00edrek\",\"Kom\u00e1rom-Esztergom\"],\"inLanguage\":\"hu\"},{\"@type\":\"WebPage\",\"@id\":\"https:\\\/\\\/dorogimedence.hu\\\/index.php\\\/2025\\\/07\\\/03\\\/sikeresen-palyaztak-a-varmegyei-onkentes-tuzoltok\\\/\",\"url\":\"https:\\\/\\\/dorogimedence.hu\\\/index.php\\\/2025\\\/07\\\/03\\\/sikeresen-palyaztak-a-varmegyei-onkentes-tuzoltok\\\/\",\"name\":\"Sikeresen p\u00e1ly\u00e1ztak a v\u00e1rmegyei \u00f6nk\u00e9ntes t\u0171zolt\u00f3k\",\"isPartOf\":{\"@id\":\"https:\\\/\\\/dorogimedence.hu\\\/#website\"},\"primaryImageOfPage\":{\"@id\":\"https:\\\/\\\/dorogimedence.hu\\\/index.php\\\/2025\\\/07\\\/03\\\/sikeresen-palyaztak-a-varmegyei-onkentes-tuzoltok\\\/#primaryimage\"},\"image\":{\"@id\":\"https:\\\/\\\/dorogimedence.hu\\\/index.php\\\/2025\\\/07\\\/03\\\/sikeresen-palyaztak-a-varmegyei-onkentes-tuzoltok\\\/#primaryimage\"},\"thumbnailUrl\":\"https:\\\/\\\/dorogimedence.hu\\\/wp-content\\\/uploads\\\/2024\\\/07\\\/komarom.katasztrofavedelem-1.jpg\",\"datePublished\":\"2025-07-03T10:09:20+00:00\",\"breadcrumb\":{\"@id\":\"https:\\\/\\\/dorogimedence.hu\\\/index.php\\\/2025\\\/07\\\/03\\\/sikeresen-palyaztak-a-varmegyei-onkentes-tuzoltok\\\/#breadcrumb\"},\"inLanguage\":\"hu\",\"potentialAction\":[{\"@type\":\"ReadAction\",\"target\":[\"https:\\\/\\\/dorogimedence.hu\\\/index.php\\\/2025\\\/07\\\/03\\\/sikeresen-palyaztak-a-varmegyei-onkentes-tuzoltok\\\/\"]}]},{\"@type\":\"ImageObject\",\"inLanguage\":\"hu\",\"@id\":\"https:\\\/\\\/dorogimedence.hu\\\/index.php\\\/2025\\\/07\\\/03\\\/sikeresen-palyaztak-a-varmegyei-onkentes-tuzoltok\\\/#primaryimage\",\"url\":\"https:\\\/\\\/dorogimedence.hu\\\/wp-content\\\/uploads\\\/2024\\\/07\\\/komarom.katasztrofavedelem-1.jpg\",\"contentUrl\":\"https:\\\/\\\/dorogimedence.hu\\\/wp-content\\\/uploads\\\/2024\\\/07\\\/komarom.katasztrofavedelem-1.jpg\",\"width\":1024,\"height\":680},{\"@type\":\"BreadcrumbList\",\"@id\":\"https:\\\/\\\/dorogimedence.hu\\\/index.php\\\/2025\\\/07\\\/03\\\/sikeresen-palyaztak-a-varmegyei-onkentes-tuzoltok\\\/#breadcrumb\",\"itemListElement\":[{\"@type\":\"ListItem\",\"position\":1,\"name\":\"Kezd\u0151lap\",\"item\":\"https:\\\/\\\/dorogimedence.hu\\\/\"},{\"@type\":\"ListItem\",\"position\":2,\"name\":\"Sikeresen p\u00e1ly\u00e1ztak a v\u00e1rmegyei \u00f6nk\u00e9ntes t\u0171zolt\u00f3k\"}]},{\"@type\":\"WebSite\",\"@id\":\"https:\\\/\\\/dorogimedence.hu\\\/#website\",\"url\":\"https:\\\/\\\/dorogimedence.hu\\\/\",\"name\":\"Dorogi-medence Region\u00e1lis H\u00edrport\u00e1l\",\"description\":\"Dorog, Keszt\u00f6lc, Le\u00e1nyv\u00e1r, Piliscs\u00e9v, Tokod, Tokodalt\u00e1r\u00f3, Csolnok, Esztergom-kertv\u00e1ros: h\u00edrek, programok\",\"publisher\":{\"@id\":\"https:\\\/\\\/dorogimedence.hu\\\/#organization\"},\"potentialAction\":[{\"@type\":\"SearchAction\",\"target\":{\"@type\":\"EntryPoint\",\"urlTemplate\":\"https:\\\/\\\/dorogimedence.hu\\\/?s={search_term_string}\"},\"query-input\":{\"@type\":\"PropertyValueSpecification\",\"valueRequired\":true,\"valueName\":\"search_term_string\"}}],\"inLanguage\":\"hu\"},{\"@type\":\"Organization\",\"@id\":\"https:\\\/\\\/dorogimedence.hu\\\/#organization\",\"name\":\"Dorogi-medence Region\u00e1lis H\u00edrport\u00e1l\",\"url\":\"https:\\\/\\\/dorogimedence.hu\\\/\",\"logo\":{\"@type\":\"ImageObject\",\"inLanguage\":\"hu\",\"@id\":\"https:\\\/\\\/dorogimedence.hu\\\/#\\\/schema\\\/logo\\\/image\\\/\",\"url\":\"https:\\\/\\\/dorogimedence.hu\\\/wp-content\\\/uploads\\\/2021\\\/04\\\/logo-feher-600.png\",\"contentUrl\":\"https:\\\/\\\/dorogimedence.hu\\\/wp-content\\\/uploads\\\/2021\\\/04\\\/logo-feher-600.png\",\"width\":600,\"height\":100,\"caption\":\"Dorogi-medence Region\u00e1lis H\u00edrport\u00e1l\"},\"image\":{\"@id\":\"https:\\\/\\\/dorogimedence.hu\\\/#\\\/schema\\\/logo\\\/image\\\/\"},\"sameAs\":[\"https:\\\/\\\/www.facebook.com\\\/dorogimedence\\\/\"]},{\"@type\":\"Person\",\"@id\":\"https:\\\/\\\/dorogimedence.hu\\\/#\\\/schema\\\/person\\\/ce6091eeb7e95ecdc87890d6aa8e0fd4\",\"name\":\"dorogimedence.hu\",\"image\":{\"@type\":\"ImageObject\",\"inLanguage\":\"hu\",\"@id\":\"\\\/\\\/www.gravatar.com\\\/avatar\\\/d8d45f8901aadff40a4af72c0b826f1d?s=96&#038;r=g&#038;d=mm\",\"url\":\"\\\/\\\/www.gravatar.com\\\/avatar\\\/d8d45f8901aadff40a4af72c0b826f1d?s=96&#038;r=g&#038;d=mm\",\"contentUrl\":\"\\\/\\\/www.gravatar.com\\\/avatar\\\/d8d45f8901aadff40a4af72c0b826f1d?s=96&#038;r=g&#038;d=mm\",\"caption\":\"dorogimedence.hu\"}}]}<\/script>\n<!-- \/ Yoast SEO plugin. -->","yoast_head_json":{"title":"Sikeresen p\u00e1ly\u00e1ztak a v\u00e1rmegyei \u00f6nk\u00e9ntes t\u0171zolt\u00f3k","robots":{"index":"index","follow":"follow","max-snippet":"max-snippet:-1","max-image-preview":"max-image-preview:large","max-video-preview":"max-video-preview:-1"},"canonical":"https:\/\/dorogimedence.hu\/index.php\/2025\/07\/03\/sikeresen-palyaztak-a-varmegyei-onkentes-tuzoltok\/","og_locale":"hu_HU","og_type":"article","og_title":"Sikeresen p\u00e1ly\u00e1ztak a v\u00e1rmegyei \u00f6nk\u00e9ntes t\u0171zolt\u00f3k","og_description":"Id\u00e9n is eredm\u00e9nyesen szerepeltek Kom\u00e1rom-Esztergom v\u00e1rmegye \u00f6nk\u00e9ntes t\u0171zolt\u00f3 egyes\u00fcletei a Bel\u00fcgyminiszt\u00e9rium Orsz\u00e1gos Katasztr\u00f3fav\u00e9delmi F\u0151igazgat\u00f3s\u00e1ga \u00e1ltal meghirdetett p\u00e1ly\u00e1zaton. Az egyes\u00fcletek a k\u00f6zponti k\u00f6lts\u00e9gvet\u00e9s fejezeti kezel\u00e9s\u0171 el\u0151ir\u00e1nyzata terh\u00e9re ny\u00fajthattak be p\u00e1ly\u00e1zatot m\u0171k\u00f6d\u00e9si k\u00f6lts\u00e9geikre, t\u0171zolt\u00e1stechnikai eszk\u00f6z\u00f6k, v\u00e9d\u0151felszerel\u00e9sek beszerz\u00e9s\u00e9re, valamint j\u00e1rm\u0171- \u00e9s szert\u00e1rfejleszt\u00e9sre. Kom\u00e1rom-Esztergom v\u00e1rmegy\u00e9ben \u00f6sszesen harmincnyolc \u00f6nk\u00e9ntes t\u0171zolt\u00f3 egyes\u00fclet kapott t\u00e1mogat\u00e1st, \u00f6sszesen 29,68 milli\u00f3 forint \u00e9rt\u00e9kben. A meg\u00edt\u00e9lt","og_url":"https:\/\/dorogimedence.hu\/index.php\/2025\/07\/03\/sikeresen-palyaztak-a-varmegyei-onkentes-tuzoltok\/","og_site_name":"Dorogi-medence Region\u00e1lis H\u00edrport\u00e1l","article_publisher":"https:\/\/www.facebook.com\/dorogimedence\/","article_published_time":"2025-07-03T10:09:20+00:00","og_image":[{"width":1024,"height":680,"url":"https:\/\/dorogimedence.hu\/wp-content\/uploads\/2024\/07\/komarom.katasztrofavedelem-1.jpg","type":"image\/jpeg"}],"author":"dorogimedence.hu","twitter_card":"summary_large_image","twitter_misc":{"Szerz\u0151:":"dorogimedence.hu","Becs\u00fclt olvas\u00e1si id\u0151":"2 perc"},"schema":{"@context":"https:\/\/schema.org","@graph":[{"@type":"Article","@id":"https:\/\/dorogimedence.hu\/index.php\/2025\/07\/03\/sikeresen-palyaztak-a-varmegyei-onkentes-tuzoltok\/#article","isPartOf":{"@id":"https:\/\/dorogimedence.hu\/index.php\/2025\/07\/03\/sikeresen-palyaztak-a-varmegyei-onkentes-tuzoltok\/"},"author":{"name":"dorogimedence.hu","@id":"https:\/\/dorogimedence.hu\/#\/schema\/person\/ce6091eeb7e95ecdc87890d6aa8e0fd4"},"headline":"Sikeresen p\u00e1ly\u00e1ztak a v\u00e1rmegyei \u00f6nk\u00e9ntes t\u0171zolt\u00f3k","datePublished":"2025-07-03T10:09:20+00:00","mainEntityOfPage":{"@id":"https:\/\/dorogimedence.hu\/index.php\/2025\/07\/03\/sikeresen-palyaztak-a-varmegyei-onkentes-tuzoltok\/"},"wordCount":313,"publisher":{"@id":"https:\/\/dorogimedence.hu\/#organization"},"image":{"@id":"https:\/\/dorogimedence.hu\/index.php\/2025\/07\/03\/sikeresen-palyaztak-a-varmegyei-onkentes-tuzoltok\/#primaryimage"},"thumbnailUrl":"https:\/\/dorogimedence.hu\/wp-content\/uploads\/2024\/07\/komarom.katasztrofavedelem-1.jpg","keywords":["katasztr\u00f3fav\u00e9delem","Kom\u00e1rom-Esztergom v\u00e1rmegye","\u00f6nk\u00e9ntes t\u0171zolt\u00f3k","t\u0171zolt\u00f3s\u00e1g"],"articleSection":["H\u00edrek","Kom\u00e1rom-Esztergom"],"inLanguage":"hu"},{"@type":"WebPage","@id":"https:\/\/dorogimedence.hu\/index.php\/2025\/07\/03\/sikeresen-palyaztak-a-varmegyei-onkentes-tuzoltok\/","url":"https:\/\/dorogimedence.hu\/index.php\/2025\/07\/03\/sikeresen-palyaztak-a-varmegyei-onkentes-tuzoltok\/","name":"Sikeresen p\u00e1ly\u00e1ztak a v\u00e1rmegyei \u00f6nk\u00e9ntes t\u0171zolt\u00f3k","isPartOf":{"@id":"https:\/\/dorogimedence.hu\/#website"},"primaryImageOfPage":{"@id":"https:\/\/dorogimedence.hu\/index.php\/2025\/07\/03\/sikeresen-palyaztak-a-varmegyei-onkentes-tuzoltok\/#primaryimage"},"image":{"@id":"https:\/\/dorogimedence.hu\/index.php\/2025\/07\/03\/sikeresen-palyaztak-a-varmegyei-onkentes-tuzoltok\/#primaryimage"},"thumbnailUrl":"https:\/\/dorogimedence.hu\/wp-content\/uploads\/2024\/07\/komarom.katasztrofavedelem-1.jpg","datePublished":"2025-07-03T10:09:20+00:00","breadcrumb":{"@id":"https:\/\/dorogimedence.hu\/index.php\/2025\/07\/03\/sikeresen-palyaztak-a-varmegyei-onkentes-tuzoltok\/#breadcrumb"},"inLanguage":"hu","potentialAction":[{"@type":"ReadAction","target":["https:\/\/dorogimedence.hu\/index.php\/2025\/07\/03\/sikeresen-palyaztak-a-varmegyei-onkentes-tuzoltok\/"]}]},{"@type":"ImageObject","inLanguage":"hu","@id":"https:\/\/dorogimedence.hu\/index.php\/2025\/07\/03\/sikeresen-palyaztak-a-varmegyei-onkentes-tuzoltok\/#primaryimage","url":"https:\/\/dorogimedence.hu\/wp-content\/uploads\/2024\/07\/komarom.katasztrofavedelem-1.jpg","contentUrl":"https:\/\/dorogimedence.hu\/wp-content\/uploads\/2024\/07\/komarom.katasztrofavedelem-1.jpg","width":1024,"height":680},{"@type":"BreadcrumbList","@id":"https:\/\/dorogimedence.hu\/index.php\/2025\/07\/03\/sikeresen-palyaztak-a-varmegyei-onkentes-tuzoltok\/#breadcrumb","itemListElement":[{"@type":"ListItem","position":1,"name":"Kezd\u0151lap","item":"https:\/\/dorogimedence.hu\/"},{"@type":"ListItem","position":2,"name":"Sikeresen p\u00e1ly\u00e1ztak a v\u00e1rmegyei \u00f6nk\u00e9ntes t\u0171zolt\u00f3k"}]},{"@type":"WebSite","@id":"https:\/\/dorogimedence.hu\/#website","url":"https:\/\/dorogimedence.hu\/","name":"Dorogi-medence Region\u00e1lis H\u00edrport\u00e1l","description":"Dorog, Keszt\u00f6lc, Le\u00e1nyv\u00e1r, Piliscs\u00e9v, Tokod, Tokodalt\u00e1r\u00f3, Csolnok, Esztergom-kertv\u00e1ros: h\u00edrek, programok","publisher":{"@id":"https:\/\/dorogimedence.hu\/#organization"},"potentialAction":[{"@type":"SearchAction","target":{"@type":"EntryPoint","urlTemplate":"https:\/\/dorogimedence.hu\/?s={search_term_string}"},"query-input":{"@type":"PropertyValueSpecification","valueRequired":true,"valueName":"search_term_string"}}],"inLanguage":"hu"},{"@type":"Organization","@id":"https:\/\/dorogimedence.hu\/#organization","name":"Dorogi-medence Region\u00e1lis H\u00edrport\u00e1l","url":"https:\/\/dorogimedence.hu\/","logo":{"@type":"ImageObject","inLanguage":"hu","@id":"https:\/\/dorogimedence.hu\/#\/schema\/logo\/image\/","url":"https:\/\/dorogimedence.hu\/wp-content\/uploads\/2021\/04\/logo-feher-600.png","contentUrl":"https:\/\/dorogimedence.hu\/wp-content\/uploads\/2021\/04\/logo-feher-600.png","width":600,"height":100,"caption":"Dorogi-medence Region\u00e1lis H\u00edrport\u00e1l"},"image":{"@id":"https:\/\/dorogimedence.hu\/#\/schema\/logo\/image\/"},"sameAs":["https:\/\/www.facebook.com\/dorogimedence\/"]},{"@type":"Person","@id":"https:\/\/dorogimedence.hu\/#\/schema\/person\/ce6091eeb7e95ecdc87890d6aa8e0fd4","name":"dorogimedence.hu","image":{"@type":"ImageObject","inLanguage":"hu","@id":"\/\/www.gravatar.com\/avatar\/d8d45f8901aadff40a4af72c0b826f1d?s=96&#038;r=g&#038;d=mm","url":"\/\/www.gravatar.com\/avatar\/d8d45f8901aadff40a4af72c0b826f1d?s=96&#038;r=g&#038;d=mm","contentUrl":"\/\/www.gravatar.com\/avatar\/d8d45f8901aadff40a4af72c0b826f1d?s=96&#038;r=g&#038;d=mm","caption":"dorogimedence.hu"}}]}},"_links":{"self":[{"href":"https:\/\/dorogimedence.hu\/index.php\/wp-json\/wp\/v2\/posts\/72475","targetHints":{"allow":["GET"]}}],"collection":[{"href":"https:\/\/dorogimedence.hu\/index.php\/wp-json\/wp\/v2\/posts"}],"about":[{"href":"https:\/\/dorogimedence.hu\/index.php\/wp-json\/wp\/v2\/types\/post"}],"author":[{"embeddable":true,"href":"https:\/\/dorogimedence.hu\/index.php\/wp-json\/wp\/v2\/users\/1"}],"replies":[{"embeddable":true,"href":"https:\/\/dorogimedence.hu\/index.php\/wp-json\/wp\/v2\/comments?post=72475"}],"version-history":[{"count":0,"href":"https:\/\/dorogimedence.hu\/index.php\/wp-json\/wp\/v2\/posts\/72475\/revisions"}],"wp:featuredmedia":[{"embeddable":true,"href":"https:\/\/dorogimedence.hu\/index.php\/wp-json\/wp\/v2\/media\/63603"}],"wp:attachment":[{"href":"https:\/\/dorogimedence.hu\/index.php\/wp-json\/wp\/v2\/media?parent=72475"}],"wp:term":[{"taxonomy":"category","embeddable":true,"href":"https:\/\/dorogimedence.hu\/index.php\/wp-json\/wp\/v2\/categories?post=72475"},{"taxonomy":"post_tag","embeddable":true,"href":"https:\/\/dorogimedence.hu\/index.php\/wp-json\/wp\/v2\/tags?post=72475"}],"curies":[{"name":"wp","href":"https:\/\/api.w.org\/{rel}","templated":true}]}}