{"id":72455,"date":"2025-07-02T13:43:50","date_gmt":"2025-07-02T11:43:50","guid":{"rendered":"https:\/\/dorogimedence.hu\/?p=72455"},"modified":"2025-07-02T14:06:00","modified_gmt":"2025-07-02T12:06:00","slug":"csaladbarat-munkahely-dijat-kapott-a-csolnoki-onkormanyzat","status":"publish","type":"post","link":"https:\/\/dorogimedence.hu\/index.php\/2025\/07\/02\/csaladbarat-munkahely-dijat-kapott-a-csolnoki-onkormanyzat\/","title":{"rendered":"Csal\u00e1dbar\u00e1t Munkahely d\u00edjat kapott a Csolnoki \u00d6nkorm\u00e1nyzat"},"content":{"rendered":"<p><strong>J\u00fanius 27-\u00e9n, p\u00e9nteken adt\u00e1k \u00e1t a Csal\u00e1dbar\u00e1t Munkahely d\u00edjakat, a B\u00f6lcs\u0151d\u00e9k\u00e9rt d\u00edjakat, valamint az \u00c9v N\u0151i Menedzsere d\u00edjat Budapesten. Id\u00e9n 67 telep\u00fcl\u00e9sr\u0151l 90 szervezet kapott Csal\u00e1dbar\u00e1t Munkahely elismer\u00e9st, k\u00f6zt\u00fck Csolnok K\u00f6zs\u00e9g \u00d6nkorm\u00e1nyzata, a Kom\u00e1rom-Esztergom V\u00e1rmegyei Rend\u0151r-f\u0151kapit\u00e1nys\u00e1g, valamint a pilisszentkereszti B\u00fcntet\u00e9s-v\u00e9grehajt\u00e1si Szervezet Oktat\u00e1si, Tov\u00e1bbk\u00e9pz\u00e9si \u00e9s Rehabilit\u00e1ci\u00f3s K\u00f6zpont.<\/strong><\/p>\n<p>Az esem\u00e9nyen Koncz Zs\u00f3fia, csal\u00e1dok\u00e9rt felel\u0151s \u00e1llamtitk\u00e1r k\u00f6sz\u00f6nt\u0151 besz\u00e9d\u00e9ben hangs\u00falyozta: a korm\u00e1ny 2010 \u00f3ta csal\u00e1dbar\u00e1t orsz\u00e1got \u00e9p\u00edt, \u00e9s folyamatosan a csal\u00e1dokra f\u00f3kusz\u00e1l. &#8222;Ma olyan szem\u00e9lyeket, szervezeteket fogunk d\u00edjaz\u00e1sban r\u00e9szes\u00edteni, akik ebben a munk\u00e1ban seg\u00edtenek nek\u00fcnk&#8221; &#8211; mondta. Kiemelte: a korm\u00e1ny folyamatosan b\u0151v\u00edti, alak\u00edtja a t\u00e1mogat\u00e1si rendszert, de igaz\u00e1n csak \u00fagy lehet sikeres, ha vannak olyan szem\u00e9lyek, \u00f6nkorm\u00e1nyzatok, munk\u00e1ltat\u00f3k, int\u00e9zm\u00e9nyek, c\u00e9gek, amelyek szint\u00e9n fontosnak tartj\u00e1k, hogy odafigyeljenek a csal\u00e1dokra, k\u00fcl\u00f6n\u00f6sen a kisgyermekesekre.<\/p>\n<p>Koncz Zs\u00f3fia szavai szerint 2010-ben k\u00e9t ir\u00e1nyt v\u00e1lasztott a korm\u00e1ny: eld\u00f6nt\u00f6tt\u00e9k, hogy l\u00e9trehoznak egymilli\u00f3 munkahelyet, valamint azt is, hogy folyamatosan seg\u00edteni fogj\u00e1k a csal\u00e1dokat. A csal\u00e1dt\u00e1mogat\u00e1si rendszer h\u00e1rom f\u0151 pill\u00e9ren nyugszik: a csal\u00e1dok anyagi helyzet\u00e9nek jav\u00edt\u00e1s\u00e1n, az otthonteremt\u00e9s t\u00e1mogat\u00e1s\u00e1n, valamint a munka \u00e9s csal\u00e1d k\u00f6zit egyens\u00faly megteremt\u00e9s\u00e9nek t\u00e1mogat\u00e1s\u00e1n &#8211; magyar\u00e1zta az \u00e1llamtitk\u00e1r, aki a B\u00f6lcs\u0151d\u00e9k\u00e9rt-d\u00edjak oda\u00edt\u00e9l\u00e9se kapcs\u00e1n r\u00f6gz\u00edtette: a korm\u00e1ny sz\u00e1m\u00e1ra k\u00fcl\u00f6n\u00f6sen fontos a a b\u00f6lcs\u0151dei h\u00e1l\u00f3zat fejleszt\u00e9s.<\/p>\n<p><img fetchpriority=\"high\" decoding=\"async\" class=\"alignnone size-full wp-image-72456\" src=\"https:\/\/dorogimedence.hu\/wp-content\/uploads\/2025\/07\/D_NOE20250627014.jpg\" alt=\"\" width=\"800\" height=\"533\" srcset=\"https:\/\/dorogimedence.hu\/wp-content\/uploads\/2025\/07\/D_NOE20250627014.jpg 800w, https:\/\/dorogimedence.hu\/wp-content\/uploads\/2025\/07\/D_NOE20250627014-600x400.jpg 600w, https:\/\/dorogimedence.hu\/wp-content\/uploads\/2025\/07\/D_NOE20250627014-768x512.jpg 768w, https:\/\/dorogimedence.hu\/wp-content\/uploads\/2025\/07\/D_NOE20250627014-150x100.jpg 150w, https:\/\/dorogimedence.hu\/wp-content\/uploads\/2025\/07\/D_NOE20250627014-450x300.jpg 450w, https:\/\/dorogimedence.hu\/wp-content\/uploads\/2025\/07\/D_NOE20250627014-272x182.jpg 272w\" sizes=\"(max-width: 800px) 100vw, 800px\" \/><\/p>\n<p>Mint mondta, ahogy a munkahelyek sz\u00e1m\u00e1t elkezdt\u00e9k n\u00f6velni, \u00fagy a n\u0151i foglalkoztat\u00e1s is folyamatosan n\u00f6vekedett, 2010-hez k\u00e9pest 66-r\u00f3l 80 sz\u00e1zal\u00e9kra. Hozz\u00e1tette: 2010-ben csak 326 telep\u00fcl\u00e9sen volt b\u00f6lcs\u0151de, most viszont 910 olyan telep\u00fcl\u00e9s van, ahol akkor m\u00e9g nem volt, ma pedig m\u00e1r van b\u00f6lcs\u0151de. &#8222;Most k\u00f6r\u00fclbel\u00fcl 1230 telep\u00fcl\u00e9sn\u00e9l j\u00e1runk, ahol biztos\u00edtott a b\u00f6lcs\u0151dei szolg\u00e1ltat\u00e1s, a f\u00e9r\u0151helyek sz\u00e1m\u00e1t pedig megdupl\u00e1ztuk, 32 ezerr\u0151l 70 ezerre emelt\u00fck &#8221; &#8211; ismertette az \u00e1llamtitk\u00e1r.<\/p>\n<p>Koncz Zs\u00f3fia besz\u00e1molt arr\u00f3l is, hogy jelenleg h\u00e1rom p\u00e1ly\u00e1zat is fut ezen a ter\u00fcleten. Ezek k\u00f6z\u00fcl az egyik a sz\u00fcl\u0151k sz\u00e1m\u00e1ra el\u00e9rhet\u0151, t\u00e9r\u00edt\u00e9si d\u00edj t\u00e1mogat\u00e1s\u00e1ra ir\u00e1nyul\u00f3 p\u00e1ly\u00e1zat, amelynek keret\u00e9ben ak\u00e1r 50 ezer, s\u0151t, a gyermek\u00fcket egyed\u00fcl nevel\u0151 sz\u00fcl\u0151k eset\u00e9ben havi 65 ezer forintot lehet ig\u00e9nyelni.<\/p>\n<p>A programra biztos\u00edtott 5,5 milli\u00e1rd forintos uni\u00f3s keret &#8222;\u00f6t h\u00f3nap alatt kifogyott&#8221;, ez\u00e9rt a korm\u00e1ny \u00fagy d\u00f6nt\u00f6tt, hogy hazai forr\u00e1sb\u00f3l tov\u00e1bbi 6,6 milli\u00e1rdot m\u00e9g hozz\u00e1tesz a t\u00e1mogat\u00e1sok folytat\u00e1sa \u00e9rdek\u00e9ben &#8211; jegyezte meg.<\/p>\n<p><img decoding=\"async\" class=\"alignnone size-full wp-image-72457\" src=\"https:\/\/dorogimedence.hu\/wp-content\/uploads\/2025\/07\/D_NOE20250627030.jpg\" alt=\"\" width=\"800\" height=\"533\" srcset=\"https:\/\/dorogimedence.hu\/wp-content\/uploads\/2025\/07\/D_NOE20250627030.jpg 800w, https:\/\/dorogimedence.hu\/wp-content\/uploads\/2025\/07\/D_NOE20250627030-600x400.jpg 600w, https:\/\/dorogimedence.hu\/wp-content\/uploads\/2025\/07\/D_NOE20250627030-768x512.jpg 768w, https:\/\/dorogimedence.hu\/wp-content\/uploads\/2025\/07\/D_NOE20250627030-150x100.jpg 150w, https:\/\/dorogimedence.hu\/wp-content\/uploads\/2025\/07\/D_NOE20250627030-450x300.jpg 450w, https:\/\/dorogimedence.hu\/wp-content\/uploads\/2025\/07\/D_NOE20250627030-272x182.jpg 272w\" sizes=\"(max-width: 800px) 100vw, 800px\" \/><\/p>\n<p>Az \u00e1llamtitk\u00e1r kit\u00e9rt arra is, hogy a szakember ut\u00e1np\u00f3tl\u00e1s biztos\u00edt\u00e1sa \u00e9rdek\u00e9ben \u00f6szt\u00f6nd\u00edjprogramot ind\u00edtottak el tavaly: a kisgyermeknevel\u0151 k\u00e9pz\u00e9sekben r\u00e9sztvev\u0151k a fels\u0151oktat\u00e1sban 125 ezer forintot, technikumban pedig 59 ezer forintot ig\u00e9nyelhetnek havonta &#8211; tudatta.<\/p>\n<p>Koncz Zs\u00f3fia elmondta tov\u00e1bb\u00e1, hogy mostant\u00f3l \u00e9rhet\u0151 el a munkahelyi b\u00f6lcs\u0151de p\u00e1ly\u00e1zat, amelyet 1,3 milli\u00e1rd forintos kerettel hirdettek meg.<\/p>\n<p>Az \u00c9v N\u0151i Menedzsere d\u00edj kapcs\u00e1n kiemelte: csaknem t\u00edzezer szavazat alapj\u00e1n n\u00e9gy jel\u00f6lt jutott be a d\u00f6nt\u0151be. A kiv\u00e1laszt\u00e1sn\u00e1l k\u00fcl\u00f6n figyelembe vett\u00e9k, hogy a jel\u00f6ltek vezet\u0151k\u00e9nt mennyire figyelnek a csal\u00e1dbar\u00e1t szeml\u00e9let megval\u00f3s\u00edt\u00e1s\u00e1ra a mindennapokban, csal\u00e1dk\u00f6zpont\u00fa v\u00e1llalati kult\u00far\u00e1t k\u00e9pviselnek-e &#8211; fogalmazott.<\/p>\n<p>A Csal\u00e1dbar\u00e1t Munkahely d\u00edjr\u00f3l az \u00e1llamtitk\u00e1r elmondta: 15. alkalommal hirdett\u00e9k meg a felh\u00edv\u00e1st, amire t\u00f6bbek k\u00f6z\u00f6tt munkahelyi j\u00e1tsz\u00f3szob\u00e1k kialak\u00edt\u00e1s\u00e1val is lehetett p\u00e1ly\u00e1zni. &#8222;67 telep\u00fcl\u00e9sr\u0151l 90 d\u00edjazottunk van ebben a kateg\u00f3ri\u00e1ban, de a d\u00edj megalap\u00edt\u00e1sa \u00f3ta m\u00e1r 3486 p\u00e1ly\u00e1zatot ny\u00fajtottak be, amelyek k\u00f6z\u00fcl 765 p\u00e1ly\u00e1zat volt nyertes&#8221; &#8211; sorolta.<\/p>\n<p><strong>T\u00e1mogatott szervezetek t\u00e9rs\u00e9g\u00fcnkben:<\/strong><\/p>\n<ul>\n<li>Csolnok K\u00f6zs\u00e9g \u00d6nkorm\u00e1nyzata (Csolnok) \u2013 T\u00e1mogat\u00e1si c\u00e9l: Csal\u00e1dbar\u00e1t hivatal Csolnokon. Meg\u00edt\u00e9lt t\u00e1mogat\u00e1s: 2 250 000 Ft.<\/li>\n<li>Kom\u00e1rom-Esztergom V\u00e1rmegyei Rend\u0151r-f\u0151kapit\u00e1nys\u00e1g (Tatab\u00e1nya) \u2013 T\u00e1mogat\u00e1si c\u00e9l: Csal\u00e1dbar\u00e1t Rend\u0151rs\u00e9g. Meg\u00edt\u00e9lt t\u00e1mogat\u00e1s: 2 250 000 Ft.<\/li>\n<li>B\u00fcntet\u00e9s-v\u00e9grehajt\u00e1si Szervezet Oktat\u00e1si, Tov\u00e1bbk\u00e9pz\u00e9si \u00e9s Rehabilit\u00e1ci\u00f3s K\u00f6zpontja (Pilisszentkereszt) \u2013 T\u00e1mogat\u00e1si c\u00e9l: Munka \u00e9s csal\u00e1d. Meg\u00edt\u00e9lt t\u00e1mogat\u00e1s: 2 250 000 Ft.<\/li>\n<\/ul>\n<p>Kolonics P\u00e9tern\u00e9, Csolnok polg\u00e1rmestere megkeres\u00e9s\u00fcnkre elmondta, hogy a projekt keret\u00e9ben k\u00f6z\u00f6ss\u00e9get \u00f6sszekov\u00e1csol\u00f3 rendezv\u00e9nyek, valamint gener\u00e1ci\u00f3k k\u00f6z\u00f6tti \u00f6sszetart\u00e1st er\u0151s\u00edt\u0151 programok val\u00f3sulnak meg. Tov\u00e1bb\u00e1 munkav\u00e9gz\u00e9st seg\u00edt\u0151 eszk\u00f6z\u00f6ket szereznek be, illetve jav\u00edtj\u00e1k a dolgoz\u00f3k munkak\u00f6r\u00fclm\u00e9nyeit \u00e9s seg\u00edtik a kisgyermekes munkav\u00e1llal\u00f3k munkav\u00e9gz\u00e9s\u00e9t.<\/p>\n<p><strong>A teljes lista <a href=\"https:\/\/dorogimedence.hu\/wp-content\/uploads\/2025\/07\/CSP-CSBM-25_Dontesi-lista.pdf\" target=\"_blank\" rel=\"noopener\"><span style=\"text-decoration: underline; color: #3366ff;\">IDE KATTINTVA<\/span><\/a> t\u00f6lthet\u0151 le!<\/strong><\/p>\n<p><em>Forr\u00e1s: <a href=\"https:\/\/mti.hu\/hirek\/2025\/06\/27\/koncz-zsofia-magyar-csaladpolitika-ugy-lehet-sikeres-ha-minden-elethelyzetben\" target=\"_blank\" rel=\"noopener\"><span style=\"text-decoration: underline; color: #3366ff;\">MTI<\/span><\/a> \/ kormany.hu \/ dorogimedence.hu<br \/>\nBor\u00edt\u00f3k\u00e9p: Csolnok K\u00f6zs\u00e9g \u00d6nkorm\u00e1nyzata<br \/>\nTov\u00e1bbi fot\u00f3k: MTI\/Bruz\u00e1k No\u00e9mi<\/em><\/p>\n","protected":false},"excerpt":{"rendered":"<p>J\u00fanius 27-\u00e9n, p\u00e9nteken adt\u00e1k \u00e1t a Csal\u00e1dbar\u00e1t Munkahely d\u00edjakat, a B\u00f6lcs\u0151d\u00e9k\u00e9rt d\u00edjakat, valamint az \u00c9v N\u0151i Menedzsere d\u00edjat Budapesten. Id\u00e9n 67 telep\u00fcl\u00e9sr\u0151l 90 szervezet kapott Csal\u00e1dbar\u00e1t Munkahely elismer\u00e9st, k\u00f6zt\u00fck Csolnok K\u00f6zs\u00e9g \u00d6nkorm\u00e1nyzata, a Kom\u00e1rom-Esztergom V\u00e1rmegyei Rend\u0151r-f\u0151kapit\u00e1nys\u00e1g, valamint a pilisszentkereszti B\u00fcntet\u00e9s-v\u00e9grehajt\u00e1si Szervezet Oktat\u00e1si, Tov\u00e1bbk\u00e9pz\u00e9si \u00e9s Rehabilit\u00e1ci\u00f3s K\u00f6zpont. Az esem\u00e9nyen Koncz Zs\u00f3fia, csal\u00e1dok\u00e9rt felel\u0151s \u00e1llamtitk\u00e1r k\u00f6sz\u00f6nt\u0151 besz\u00e9d\u00e9ben<\/p>\n","protected":false},"author":1,"featured_media":72458,"comment_status":"closed","ping_status":"closed","sticky":false,"template":"","format":"standard","meta":{"ngg_post_thumbnail":0,"footnotes":""},"categories":[64,3],"tags":[8453,6553,66,5624],"class_list":{"0":"post-72455","1":"post","2":"type-post","3":"status-publish","4":"format-standard","5":"has-post-thumbnail","7":"category-csolnok","8":"category-hirek","9":"tag-csaladbarat-dijatado","10":"tag-csaladbarat-munkahely","11":"tag-csolnok","12":"tag-featured"},"yoast_head":"<!-- This site is optimized with the Yoast SEO plugin v27.4 - https:\/\/yoast.com\/product\/yoast-seo-wordpress\/ -->\n<title>Csal\u00e1dbar\u00e1t Munkahely d\u00edjat kapott a Csolnoki \u00d6nkorm\u00e1nyzat<\/title>\n<meta name=\"robots\" content=\"index, follow, max-snippet:-1, max-image-preview:large, max-video-preview:-1\" \/>\n<link rel=\"canonical\" href=\"https:\/\/dorogimedence.hu\/index.php\/2025\/07\/02\/csaladbarat-munkahely-dijat-kapott-a-csolnoki-onkormanyzat\/\" class=\"yoast-seo-meta-tag\" \/>\n<meta property=\"og:locale\" content=\"hu_HU\" class=\"yoast-seo-meta-tag\" \/>\n<meta property=\"og:type\" content=\"article\" class=\"yoast-seo-meta-tag\" \/>\n<meta property=\"og:title\" content=\"Csal\u00e1dbar\u00e1t Munkahely d\u00edjat kapott a Csolnoki \u00d6nkorm\u00e1nyzat\" class=\"yoast-seo-meta-tag\" \/>\n<meta property=\"og:description\" content=\"J\u00fanius 27-\u00e9n, p\u00e9nteken adt\u00e1k \u00e1t a Csal\u00e1dbar\u00e1t Munkahely d\u00edjakat, a B\u00f6lcs\u0151d\u00e9k\u00e9rt d\u00edjakat, valamint az \u00c9v N\u0151i Menedzsere d\u00edjat Budapesten. Id\u00e9n 67 telep\u00fcl\u00e9sr\u0151l 90 szervezet kapott Csal\u00e1dbar\u00e1t Munkahely elismer\u00e9st, k\u00f6zt\u00fck Csolnok K\u00f6zs\u00e9g \u00d6nkorm\u00e1nyzata, a Kom\u00e1rom-Esztergom V\u00e1rmegyei Rend\u0151r-f\u0151kapit\u00e1nys\u00e1g, valamint a pilisszentkereszti B\u00fcntet\u00e9s-v\u00e9grehajt\u00e1si Szervezet Oktat\u00e1si, Tov\u00e1bbk\u00e9pz\u00e9si \u00e9s Rehabilit\u00e1ci\u00f3s K\u00f6zpont. Az esem\u00e9nyen Koncz Zs\u00f3fia, csal\u00e1dok\u00e9rt felel\u0151s \u00e1llamtitk\u00e1r k\u00f6sz\u00f6nt\u0151 besz\u00e9d\u00e9ben\" class=\"yoast-seo-meta-tag\" \/>\n<meta property=\"og:url\" content=\"https:\/\/dorogimedence.hu\/index.php\/2025\/07\/02\/csaladbarat-munkahely-dijat-kapott-a-csolnoki-onkormanyzat\/\" class=\"yoast-seo-meta-tag\" \/>\n<meta property=\"og:site_name\" content=\"Dorogi-medence Region\u00e1lis H\u00edrport\u00e1l\" class=\"yoast-seo-meta-tag\" \/>\n<meta property=\"article:publisher\" content=\"https:\/\/www.facebook.com\/dorogimedence\/\" class=\"yoast-seo-meta-tag\" \/>\n<meta property=\"article:published_time\" content=\"2025-07-02T11:43:50+00:00\" class=\"yoast-seo-meta-tag\" \/>\n<meta property=\"article:modified_time\" content=\"2025-07-02T12:06:00+00:00\" class=\"yoast-seo-meta-tag\" \/>\n<meta property=\"og:image\" content=\"https:\/\/dorogimedence.hu\/wp-content\/uploads\/2025\/07\/csolnok.jpg\" class=\"yoast-seo-meta-tag\" \/>\n\t<meta property=\"og:image:width\" content=\"1920\" class=\"yoast-seo-meta-tag\" \/>\n\t<meta property=\"og:image:height\" content=\"970\" class=\"yoast-seo-meta-tag\" \/>\n\t<meta property=\"og:image:type\" content=\"image\/jpeg\" class=\"yoast-seo-meta-tag\" \/>\n<meta name=\"author\" content=\"dorogimedence.hu\" class=\"yoast-seo-meta-tag\" \/>\n<meta name=\"twitter:card\" content=\"summary_large_image\" class=\"yoast-seo-meta-tag\" \/>\n<meta name=\"twitter:label1\" content=\"Szerz\u0151:\" class=\"yoast-seo-meta-tag\" \/>\n\t<meta name=\"twitter:data1\" content=\"dorogimedence.hu\" class=\"yoast-seo-meta-tag\" \/>\n\t<meta name=\"twitter:label2\" content=\"Becs\u00fclt olvas\u00e1si id\u0151\" class=\"yoast-seo-meta-tag\" \/>\n\t<meta name=\"twitter:data2\" content=\"5 perc\" class=\"yoast-seo-meta-tag\" \/>\n<script type=\"application\/ld+json\" class=\"yoast-schema-graph\">{\"@context\":\"https:\\\/\\\/schema.org\",\"@graph\":[{\"@type\":\"Article\",\"@id\":\"https:\\\/\\\/dorogimedence.hu\\\/index.php\\\/2025\\\/07\\\/02\\\/csaladbarat-munkahely-dijat-kapott-a-csolnoki-onkormanyzat\\\/#article\",\"isPartOf\":{\"@id\":\"https:\\\/\\\/dorogimedence.hu\\\/index.php\\\/2025\\\/07\\\/02\\\/csaladbarat-munkahely-dijat-kapott-a-csolnoki-onkormanyzat\\\/\"},\"author\":{\"name\":\"dorogimedence.hu\",\"@id\":\"https:\\\/\\\/dorogimedence.hu\\\/#\\\/schema\\\/person\\\/ce6091eeb7e95ecdc87890d6aa8e0fd4\"},\"headline\":\"Csal\u00e1dbar\u00e1t Munkahely d\u00edjat kapott a Csolnoki \u00d6nkorm\u00e1nyzat\",\"datePublished\":\"2025-07-02T11:43:50+00:00\",\"dateModified\":\"2025-07-02T12:06:00+00:00\",\"mainEntityOfPage\":{\"@id\":\"https:\\\/\\\/dorogimedence.hu\\\/index.php\\\/2025\\\/07\\\/02\\\/csaladbarat-munkahely-dijat-kapott-a-csolnoki-onkormanyzat\\\/\"},\"wordCount\":996,\"publisher\":{\"@id\":\"https:\\\/\\\/dorogimedence.hu\\\/#organization\"},\"image\":{\"@id\":\"https:\\\/\\\/dorogimedence.hu\\\/index.php\\\/2025\\\/07\\\/02\\\/csaladbarat-munkahely-dijat-kapott-a-csolnoki-onkormanyzat\\\/#primaryimage\"},\"thumbnailUrl\":\"https:\\\/\\\/dorogimedence.hu\\\/wp-content\\\/uploads\\\/2025\\\/07\\\/csolnok.jpg\",\"keywords\":[\"Csal\u00e1dbar\u00e1t d\u00edj\u00e1tad\u00f3\",\"csal\u00e1dbar\u00e1t munkahely\",\"Csolnok\",\"featured\"],\"articleSection\":[\"Csolnok\",\"H\u00edrek\"],\"inLanguage\":\"hu\"},{\"@type\":\"WebPage\",\"@id\":\"https:\\\/\\\/dorogimedence.hu\\\/index.php\\\/2025\\\/07\\\/02\\\/csaladbarat-munkahely-dijat-kapott-a-csolnoki-onkormanyzat\\\/\",\"url\":\"https:\\\/\\\/dorogimedence.hu\\\/index.php\\\/2025\\\/07\\\/02\\\/csaladbarat-munkahely-dijat-kapott-a-csolnoki-onkormanyzat\\\/\",\"name\":\"Csal\u00e1dbar\u00e1t Munkahely d\u00edjat kapott a Csolnoki \u00d6nkorm\u00e1nyzat\",\"isPartOf\":{\"@id\":\"https:\\\/\\\/dorogimedence.hu\\\/#website\"},\"primaryImageOfPage\":{\"@id\":\"https:\\\/\\\/dorogimedence.hu\\\/index.php\\\/2025\\\/07\\\/02\\\/csaladbarat-munkahely-dijat-kapott-a-csolnoki-onkormanyzat\\\/#primaryimage\"},\"image\":{\"@id\":\"https:\\\/\\\/dorogimedence.hu\\\/index.php\\\/2025\\\/07\\\/02\\\/csaladbarat-munkahely-dijat-kapott-a-csolnoki-onkormanyzat\\\/#primaryimage\"},\"thumbnailUrl\":\"https:\\\/\\\/dorogimedence.hu\\\/wp-content\\\/uploads\\\/2025\\\/07\\\/csolnok.jpg\",\"datePublished\":\"2025-07-02T11:43:50+00:00\",\"dateModified\":\"2025-07-02T12:06:00+00:00\",\"breadcrumb\":{\"@id\":\"https:\\\/\\\/dorogimedence.hu\\\/index.php\\\/2025\\\/07\\\/02\\\/csaladbarat-munkahely-dijat-kapott-a-csolnoki-onkormanyzat\\\/#breadcrumb\"},\"inLanguage\":\"hu\",\"potentialAction\":[{\"@type\":\"ReadAction\",\"target\":[\"https:\\\/\\\/dorogimedence.hu\\\/index.php\\\/2025\\\/07\\\/02\\\/csaladbarat-munkahely-dijat-kapott-a-csolnoki-onkormanyzat\\\/\"]}]},{\"@type\":\"ImageObject\",\"inLanguage\":\"hu\",\"@id\":\"https:\\\/\\\/dorogimedence.hu\\\/index.php\\\/2025\\\/07\\\/02\\\/csaladbarat-munkahely-dijat-kapott-a-csolnoki-onkormanyzat\\\/#primaryimage\",\"url\":\"https:\\\/\\\/dorogimedence.hu\\\/wp-content\\\/uploads\\\/2025\\\/07\\\/csolnok.jpg\",\"contentUrl\":\"https:\\\/\\\/dorogimedence.hu\\\/wp-content\\\/uploads\\\/2025\\\/07\\\/csolnok.jpg\",\"width\":1920,\"height\":970},{\"@type\":\"BreadcrumbList\",\"@id\":\"https:\\\/\\\/dorogimedence.hu\\\/index.php\\\/2025\\\/07\\\/02\\\/csaladbarat-munkahely-dijat-kapott-a-csolnoki-onkormanyzat\\\/#breadcrumb\",\"itemListElement\":[{\"@type\":\"ListItem\",\"position\":1,\"name\":\"Kezd\u0151lap\",\"item\":\"https:\\\/\\\/dorogimedence.hu\\\/\"},{\"@type\":\"ListItem\",\"position\":2,\"name\":\"Csal\u00e1dbar\u00e1t Munkahely d\u00edjat kapott a Csolnoki \u00d6nkorm\u00e1nyzat\"}]},{\"@type\":\"WebSite\",\"@id\":\"https:\\\/\\\/dorogimedence.hu\\\/#website\",\"url\":\"https:\\\/\\\/dorogimedence.hu\\\/\",\"name\":\"Dorogi-medence Region\u00e1lis H\u00edrport\u00e1l\",\"description\":\"Dorog, Keszt\u00f6lc, Le\u00e1nyv\u00e1r, Piliscs\u00e9v, Tokod, Tokodalt\u00e1r\u00f3, Csolnok, Esztergom-kertv\u00e1ros: h\u00edrek, programok\",\"publisher\":{\"@id\":\"https:\\\/\\\/dorogimedence.hu\\\/#organization\"},\"potentialAction\":[{\"@type\":\"SearchAction\",\"target\":{\"@type\":\"EntryPoint\",\"urlTemplate\":\"https:\\\/\\\/dorogimedence.hu\\\/?s={search_term_string}\"},\"query-input\":{\"@type\":\"PropertyValueSpecification\",\"valueRequired\":true,\"valueName\":\"search_term_string\"}}],\"inLanguage\":\"hu\"},{\"@type\":\"Organization\",\"@id\":\"https:\\\/\\\/dorogimedence.hu\\\/#organization\",\"name\":\"Dorogi-medence Region\u00e1lis H\u00edrport\u00e1l\",\"url\":\"https:\\\/\\\/dorogimedence.hu\\\/\",\"logo\":{\"@type\":\"ImageObject\",\"inLanguage\":\"hu\",\"@id\":\"https:\\\/\\\/dorogimedence.hu\\\/#\\\/schema\\\/logo\\\/image\\\/\",\"url\":\"https:\\\/\\\/dorogimedence.hu\\\/wp-content\\\/uploads\\\/2021\\\/04\\\/logo-feher-600.png\",\"contentUrl\":\"https:\\\/\\\/dorogimedence.hu\\\/wp-content\\\/uploads\\\/2021\\\/04\\\/logo-feher-600.png\",\"width\":600,\"height\":100,\"caption\":\"Dorogi-medence Region\u00e1lis H\u00edrport\u00e1l\"},\"image\":{\"@id\":\"https:\\\/\\\/dorogimedence.hu\\\/#\\\/schema\\\/logo\\\/image\\\/\"},\"sameAs\":[\"https:\\\/\\\/www.facebook.com\\\/dorogimedence\\\/\"]},{\"@type\":\"Person\",\"@id\":\"https:\\\/\\\/dorogimedence.hu\\\/#\\\/schema\\\/person\\\/ce6091eeb7e95ecdc87890d6aa8e0fd4\",\"name\":\"dorogimedence.hu\",\"image\":{\"@type\":\"ImageObject\",\"inLanguage\":\"hu\",\"@id\":\"\\\/\\\/www.gravatar.com\\\/avatar\\\/d8d45f8901aadff40a4af72c0b826f1d?s=96&#038;r=g&#038;d=mm\",\"url\":\"\\\/\\\/www.gravatar.com\\\/avatar\\\/d8d45f8901aadff40a4af72c0b826f1d?s=96&#038;r=g&#038;d=mm\",\"contentUrl\":\"\\\/\\\/www.gravatar.com\\\/avatar\\\/d8d45f8901aadff40a4af72c0b826f1d?s=96&#038;r=g&#038;d=mm\",\"caption\":\"dorogimedence.hu\"}}]}<\/script>\n<!-- \/ Yoast SEO plugin. -->","yoast_head_json":{"title":"Csal\u00e1dbar\u00e1t Munkahely d\u00edjat kapott a Csolnoki \u00d6nkorm\u00e1nyzat","robots":{"index":"index","follow":"follow","max-snippet":"max-snippet:-1","max-image-preview":"max-image-preview:large","max-video-preview":"max-video-preview:-1"},"canonical":"https:\/\/dorogimedence.hu\/index.php\/2025\/07\/02\/csaladbarat-munkahely-dijat-kapott-a-csolnoki-onkormanyzat\/","og_locale":"hu_HU","og_type":"article","og_title":"Csal\u00e1dbar\u00e1t Munkahely d\u00edjat kapott a Csolnoki \u00d6nkorm\u00e1nyzat","og_description":"J\u00fanius 27-\u00e9n, p\u00e9nteken adt\u00e1k \u00e1t a Csal\u00e1dbar\u00e1t Munkahely d\u00edjakat, a B\u00f6lcs\u0151d\u00e9k\u00e9rt d\u00edjakat, valamint az \u00c9v N\u0151i Menedzsere d\u00edjat Budapesten. Id\u00e9n 67 telep\u00fcl\u00e9sr\u0151l 90 szervezet kapott Csal\u00e1dbar\u00e1t Munkahely elismer\u00e9st, k\u00f6zt\u00fck Csolnok K\u00f6zs\u00e9g \u00d6nkorm\u00e1nyzata, a Kom\u00e1rom-Esztergom V\u00e1rmegyei Rend\u0151r-f\u0151kapit\u00e1nys\u00e1g, valamint a pilisszentkereszti B\u00fcntet\u00e9s-v\u00e9grehajt\u00e1si Szervezet Oktat\u00e1si, Tov\u00e1bbk\u00e9pz\u00e9si \u00e9s Rehabilit\u00e1ci\u00f3s K\u00f6zpont. Az esem\u00e9nyen Koncz Zs\u00f3fia, csal\u00e1dok\u00e9rt felel\u0151s \u00e1llamtitk\u00e1r k\u00f6sz\u00f6nt\u0151 besz\u00e9d\u00e9ben","og_url":"https:\/\/dorogimedence.hu\/index.php\/2025\/07\/02\/csaladbarat-munkahely-dijat-kapott-a-csolnoki-onkormanyzat\/","og_site_name":"Dorogi-medence Region\u00e1lis H\u00edrport\u00e1l","article_publisher":"https:\/\/www.facebook.com\/dorogimedence\/","article_published_time":"2025-07-02T11:43:50+00:00","article_modified_time":"2025-07-02T12:06:00+00:00","og_image":[{"width":1920,"height":970,"url":"https:\/\/dorogimedence.hu\/wp-content\/uploads\/2025\/07\/csolnok.jpg","type":"image\/jpeg"}],"author":"dorogimedence.hu","twitter_card":"summary_large_image","twitter_misc":{"Szerz\u0151:":"dorogimedence.hu","Becs\u00fclt olvas\u00e1si id\u0151":"5 perc"},"schema":{"@context":"https:\/\/schema.org","@graph":[{"@type":"Article","@id":"https:\/\/dorogimedence.hu\/index.php\/2025\/07\/02\/csaladbarat-munkahely-dijat-kapott-a-csolnoki-onkormanyzat\/#article","isPartOf":{"@id":"https:\/\/dorogimedence.hu\/index.php\/2025\/07\/02\/csaladbarat-munkahely-dijat-kapott-a-csolnoki-onkormanyzat\/"},"author":{"name":"dorogimedence.hu","@id":"https:\/\/dorogimedence.hu\/#\/schema\/person\/ce6091eeb7e95ecdc87890d6aa8e0fd4"},"headline":"Csal\u00e1dbar\u00e1t Munkahely d\u00edjat kapott a Csolnoki \u00d6nkorm\u00e1nyzat","datePublished":"2025-07-02T11:43:50+00:00","dateModified":"2025-07-02T12:06:00+00:00","mainEntityOfPage":{"@id":"https:\/\/dorogimedence.hu\/index.php\/2025\/07\/02\/csaladbarat-munkahely-dijat-kapott-a-csolnoki-onkormanyzat\/"},"wordCount":996,"publisher":{"@id":"https:\/\/dorogimedence.hu\/#organization"},"image":{"@id":"https:\/\/dorogimedence.hu\/index.php\/2025\/07\/02\/csaladbarat-munkahely-dijat-kapott-a-csolnoki-onkormanyzat\/#primaryimage"},"thumbnailUrl":"https:\/\/dorogimedence.hu\/wp-content\/uploads\/2025\/07\/csolnok.jpg","keywords":["Csal\u00e1dbar\u00e1t d\u00edj\u00e1tad\u00f3","csal\u00e1dbar\u00e1t munkahely","Csolnok","featured"],"articleSection":["Csolnok","H\u00edrek"],"inLanguage":"hu"},{"@type":"WebPage","@id":"https:\/\/dorogimedence.hu\/index.php\/2025\/07\/02\/csaladbarat-munkahely-dijat-kapott-a-csolnoki-onkormanyzat\/","url":"https:\/\/dorogimedence.hu\/index.php\/2025\/07\/02\/csaladbarat-munkahely-dijat-kapott-a-csolnoki-onkormanyzat\/","name":"Csal\u00e1dbar\u00e1t Munkahely d\u00edjat kapott a Csolnoki \u00d6nkorm\u00e1nyzat","isPartOf":{"@id":"https:\/\/dorogimedence.hu\/#website"},"primaryImageOfPage":{"@id":"https:\/\/dorogimedence.hu\/index.php\/2025\/07\/02\/csaladbarat-munkahely-dijat-kapott-a-csolnoki-onkormanyzat\/#primaryimage"},"image":{"@id":"https:\/\/dorogimedence.hu\/index.php\/2025\/07\/02\/csaladbarat-munkahely-dijat-kapott-a-csolnoki-onkormanyzat\/#primaryimage"},"thumbnailUrl":"https:\/\/dorogimedence.hu\/wp-content\/uploads\/2025\/07\/csolnok.jpg","datePublished":"2025-07-02T11:43:50+00:00","dateModified":"2025-07-02T12:06:00+00:00","breadcrumb":{"@id":"https:\/\/dorogimedence.hu\/index.php\/2025\/07\/02\/csaladbarat-munkahely-dijat-kapott-a-csolnoki-onkormanyzat\/#breadcrumb"},"inLanguage":"hu","potentialAction":[{"@type":"ReadAction","target":["https:\/\/dorogimedence.hu\/index.php\/2025\/07\/02\/csaladbarat-munkahely-dijat-kapott-a-csolnoki-onkormanyzat\/"]}]},{"@type":"ImageObject","inLanguage":"hu","@id":"https:\/\/dorogimedence.hu\/index.php\/2025\/07\/02\/csaladbarat-munkahely-dijat-kapott-a-csolnoki-onkormanyzat\/#primaryimage","url":"https:\/\/dorogimedence.hu\/wp-content\/uploads\/2025\/07\/csolnok.jpg","contentUrl":"https:\/\/dorogimedence.hu\/wp-content\/uploads\/2025\/07\/csolnok.jpg","width":1920,"height":970},{"@type":"BreadcrumbList","@id":"https:\/\/dorogimedence.hu\/index.php\/2025\/07\/02\/csaladbarat-munkahely-dijat-kapott-a-csolnoki-onkormanyzat\/#breadcrumb","itemListElement":[{"@type":"ListItem","position":1,"name":"Kezd\u0151lap","item":"https:\/\/dorogimedence.hu\/"},{"@type":"ListItem","position":2,"name":"Csal\u00e1dbar\u00e1t Munkahely d\u00edjat kapott a Csolnoki \u00d6nkorm\u00e1nyzat"}]},{"@type":"WebSite","@id":"https:\/\/dorogimedence.hu\/#website","url":"https:\/\/dorogimedence.hu\/","name":"Dorogi-medence Region\u00e1lis H\u00edrport\u00e1l","description":"Dorog, Keszt\u00f6lc, Le\u00e1nyv\u00e1r, Piliscs\u00e9v, Tokod, Tokodalt\u00e1r\u00f3, Csolnok, Esztergom-kertv\u00e1ros: h\u00edrek, programok","publisher":{"@id":"https:\/\/dorogimedence.hu\/#organization"},"potentialAction":[{"@type":"SearchAction","target":{"@type":"EntryPoint","urlTemplate":"https:\/\/dorogimedence.hu\/?s={search_term_string}"},"query-input":{"@type":"PropertyValueSpecification","valueRequired":true,"valueName":"search_term_string"}}],"inLanguage":"hu"},{"@type":"Organization","@id":"https:\/\/dorogimedence.hu\/#organization","name":"Dorogi-medence Region\u00e1lis H\u00edrport\u00e1l","url":"https:\/\/dorogimedence.hu\/","logo":{"@type":"ImageObject","inLanguage":"hu","@id":"https:\/\/dorogimedence.hu\/#\/schema\/logo\/image\/","url":"https:\/\/dorogimedence.hu\/wp-content\/uploads\/2021\/04\/logo-feher-600.png","contentUrl":"https:\/\/dorogimedence.hu\/wp-content\/uploads\/2021\/04\/logo-feher-600.png","width":600,"height":100,"caption":"Dorogi-medence Region\u00e1lis H\u00edrport\u00e1l"},"image":{"@id":"https:\/\/dorogimedence.hu\/#\/schema\/logo\/image\/"},"sameAs":["https:\/\/www.facebook.com\/dorogimedence\/"]},{"@type":"Person","@id":"https:\/\/dorogimedence.hu\/#\/schema\/person\/ce6091eeb7e95ecdc87890d6aa8e0fd4","name":"dorogimedence.hu","image":{"@type":"ImageObject","inLanguage":"hu","@id":"\/\/www.gravatar.com\/avatar\/d8d45f8901aadff40a4af72c0b826f1d?s=96&#038;r=g&#038;d=mm","url":"\/\/www.gravatar.com\/avatar\/d8d45f8901aadff40a4af72c0b826f1d?s=96&#038;r=g&#038;d=mm","contentUrl":"\/\/www.gravatar.com\/avatar\/d8d45f8901aadff40a4af72c0b826f1d?s=96&#038;r=g&#038;d=mm","caption":"dorogimedence.hu"}}]}},"_links":{"self":[{"href":"https:\/\/dorogimedence.hu\/index.php\/wp-json\/wp\/v2\/posts\/72455","targetHints":{"allow":["GET"]}}],"collection":[{"href":"https:\/\/dorogimedence.hu\/index.php\/wp-json\/wp\/v2\/posts"}],"about":[{"href":"https:\/\/dorogimedence.hu\/index.php\/wp-json\/wp\/v2\/types\/post"}],"author":[{"embeddable":true,"href":"https:\/\/dorogimedence.hu\/index.php\/wp-json\/wp\/v2\/users\/1"}],"replies":[{"embeddable":true,"href":"https:\/\/dorogimedence.hu\/index.php\/wp-json\/wp\/v2\/comments?post=72455"}],"version-history":[{"count":0,"href":"https:\/\/dorogimedence.hu\/index.php\/wp-json\/wp\/v2\/posts\/72455\/revisions"}],"wp:featuredmedia":[{"embeddable":true,"href":"https:\/\/dorogimedence.hu\/index.php\/wp-json\/wp\/v2\/media\/72458"}],"wp:attachment":[{"href":"https:\/\/dorogimedence.hu\/index.php\/wp-json\/wp\/v2\/media?parent=72455"}],"wp:term":[{"taxonomy":"category","embeddable":true,"href":"https:\/\/dorogimedence.hu\/index.php\/wp-json\/wp\/v2\/categories?post=72455"},{"taxonomy":"post_tag","embeddable":true,"href":"https:\/\/dorogimedence.hu\/index.php\/wp-json\/wp\/v2\/tags?post=72455"}],"curies":[{"name":"wp","href":"https:\/\/api.w.org\/{rel}","templated":true}]}}