{"id":72182,"date":"2025-06-23T16:19:19","date_gmt":"2025-06-23T14:19:19","guid":{"rendered":"https:\/\/dorogimedence.hu\/?p=72182"},"modified":"2025-06-23T16:19:19","modified_gmt":"2025-06-23T14:19:19","slug":"a-muzeumok-ejszakaja-egyik-legnepszerubb-esztergomi-programja-iden-is-a-richter-tudomanyos-show-volt","status":"publish","type":"post","link":"https:\/\/dorogimedence.hu\/index.php\/2025\/06\/23\/a-muzeumok-ejszakaja-egyik-legnepszerubb-esztergomi-programja-iden-is-a-richter-tudomanyos-show-volt\/","title":{"rendered":"A M\u00fazeumok \u00c9jszak\u00e1ja egyik legn\u00e9pszer\u0171bb esztergomi programja id\u00e9n is a Richter Tudom\u00e1nyos Show volt"},"content":{"rendered":"<section class=\"elementor-section elementor-top-section elementor-element elementor-element-19aa0824 elementor-section-boxed elementor-section-height-default elementor-section-height-default\" data-id=\"19aa0824\" data-element_type=\"section\" data-settings=\"{&quot;jet_parallax_layout_list&quot;:[]}\">\n<div class=\"elementor-container elementor-column-gap-default\">\n<div class=\"elementor-column elementor-col-100 elementor-top-column elementor-element elementor-element-614ee2b4\" data-id=\"614ee2b4\" data-element_type=\"column\">\n<div class=\"elementor-widget-wrap elementor-element-populated\">\n<div class=\"elementor-element elementor-element-4f660b98 elementor-widget elementor-widget-theme-post-content\" data-id=\"4f660b98\" data-element_type=\"widget\" data-widget_type=\"theme-post-content.default\">\n<div class=\"elementor-widget-container\">\n<p><strong>Izz\u00f3 tudom\u00e1nyos k\u00eds\u00e9rlet, l\u00e9legzetel\u00e1ll\u00edt\u00f3 f\u00e9nyfest\u00e9s, csod\u00e1s orgonakoncert, megelevened\u0151 t\u00f6rt\u00e9nelem \u00e9s elragad\u00f3 ki\u00e1ll\u00edt\u00e1sok \u2013 j\u00fanius 21-\u00e9n Magyarorsz\u00e1g els\u0151 v\u00e1rosa \u00fajra megmutatta, mi\u00e9rt szerethet\u0151 a M\u00fazeumok \u00c9jszak\u00e1ja. A Visit Esztergom <a href=\"https:\/\/visitesztergom.hu\/muzeumok-ejszakaja-esztergomban-kozosseg-kultura-varazslat\/\" target=\"_blank\" rel=\"noopener\"><span style=\"text-decoration: underline; color: #0000ff;\">besz\u00e1mol\u00f3j\u00e1t<\/span><\/a> olvashatj\u00e1k!<\/strong><\/p>\n<p>Huszonharmadik alkalommal rendezt\u00e9k meg az orsz\u00e1g legnagyobb \u00e9s legn\u00e9pszer\u0171bb kultur\u00e1lis programj\u00e1t, a M\u00fazeumok \u00c9jszak\u00e1j\u00e1t. A ny\u00e1r egyik legpezsd\u00edt\u0151bb kultur\u00e1lis esem\u00e9ny\u00e9n Esztergom m\u00e1r napnyugta el\u0151tt k\u00fcl\u00f6nleges hangulatot \u00e1rasztott. 13 esztergomi m\u00fazeum \u00e9s l\u00e1togat\u00f3k\u00f6zpont, valamint egy p\u00e1rk\u00e1nyi t\u00e1rlat t\u00e1rta ki kapuit a k\u00edv\u00e1ncsi l\u00e1togat\u00f3k el\u0151tt, akik ism\u00e9t birtokba vett\u00e9k a m\u00falt \u00e9s jelen tal\u00e1lkoz\u00e1si pontjait \u2013 id\u00e9n is egyetlen karszalaggal. A v\u00e1ros zegzugos utc\u00e1i, valamint a t\u00f6rt\u00e9nelmi \u00e9s modern ki\u00e1ll\u00edt\u00f3helyek k\u00e9s\u0151 estig l\u00fcktettek az \u00e9lett\u0151l. S\u0151t, a Richter Gedeon Nyrt. j\u00f3volt\u00e1b\u00f3l a l\u00e1togat\u00f3k ingyenes kisvonattal k\u00f6zlekedhettek a helysz\u00ednek k\u00f6z\u00f6tt.<\/p>\n<figure class=\"wp-block-image size-large\"><img fetchpriority=\"high\" decoding=\"async\" class=\"wp-image-31157\" src=\"https:\/\/visitesztergom.hu\/wp-content\/uploads\/2025\/06\/001-1024x683.avif\" sizes=\"(max-width: 1024px) 100vw, 1024px\" srcset=\"https:\/\/visitesztergom.hu\/wp-content\/uploads\/2025\/06\/001-1024x683.avif 1024w, https:\/\/visitesztergom.hu\/wp-content\/uploads\/2025\/06\/001-700x467.avif 700w, https:\/\/visitesztergom.hu\/wp-content\/uploads\/2025\/06\/001-768x512.avif 768w, https:\/\/visitesztergom.hu\/wp-content\/uploads\/2025\/06\/001-391x260.avif 391w, https:\/\/visitesztergom.hu\/wp-content\/uploads\/2025\/06\/001-1536x1024.avif 1536w, https:\/\/visitesztergom.hu\/wp-content\/uploads\/2025\/06\/001.avif 2048w\" alt=\"\" width=\"1024\" height=\"683\"><\/figure>\n<p>A <strong>Kereszt\u00e9ny M\u00fazeum<\/strong> \u00daj szerzem\u00e9nyek c\u00edm\u0171 id\u0151szaki ki\u00e1ll\u00edt\u00e1s\u00e1nak \u00fcnnep\u00e9lyes megnyit\u00f3j\u00e1val kezd\u0151d\u00f6tt el a M\u00fazeumok \u00c9jszak\u00e1ja Esztergomban, ahol az \u00fajonnan restaur\u00e1lt m\u0171vek bemutat\u00f3ja, t\u00e1rlatvezet\u00e9s \u00e9s zenei m\u0171sor sz\u00ednes\u00edtette a programot. A Balassa M\u00fazeumban pedig gyermekrajzokb\u00f3l \u00e1ll\u00f3 ki\u00e1ll\u00edt\u00e1st nyitottak meg, ahol k\u00f6nyvturi, k\u00e9zm\u0171ves foglalkoz\u00e1s \u00e9s fuvolakoncert is v\u00e1rta az \u00e9rdekl\u0151d\u0151ket.<\/p>\n<p>A csal\u00e1dokat a <strong>P\u00e1zm\u00e1nyon<\/strong> n\u00e9pi kalandj\u00e1t\u00e9kokkal, foglalkoz\u00e1sokkal \u00e9s a mikroorganizmusok rejt\u00e9lyes vil\u00e1g\u00e1val v\u00e1rt\u00e1k, m\u00edg a <strong>Geod\u00e1ban<\/strong> aranyat moshattak, \u00e1sv\u00e1nyokat kutathattak \u00e9s \u00e9kszereket k\u00e9sz\u00edthettek a kisebbek \u00e9s a nagyobbak. A Duna m\u00e1sik partj\u00e1n, a <strong>P\u00e1rk\u00e1nyi V\u00e1rosi M\u00fazeumban<\/strong> az Osztr\u00e1k-Magyar Monarchia kor\u00e1ba rep\u00edtett\u00e9k vissza a l\u00e1togat\u00f3kat, m\u00edg az udvaron Sink\u00f3 Gyula zen\u00e9s, boros, irodalmi m\u0171sor\u00e1ba hallgathattak bele az \u00e9rdekl\u0151d\u0151k.<\/p>\n<figure class=\"wp-block-image size-large\"><img decoding=\"async\" class=\"wp-image-31156\" src=\"https:\/\/visitesztergom.hu\/wp-content\/uploads\/2025\/06\/pazmany-01-1024x683.avif\" sizes=\"(max-width: 1024px) 100vw, 1024px\" srcset=\"https:\/\/visitesztergom.hu\/wp-content\/uploads\/2025\/06\/pazmany-01-1024x683.avif 1024w, https:\/\/visitesztergom.hu\/wp-content\/uploads\/2025\/06\/pazmany-01-700x467.avif 700w, https:\/\/visitesztergom.hu\/wp-content\/uploads\/2025\/06\/pazmany-01-768x512.avif 768w, https:\/\/visitesztergom.hu\/wp-content\/uploads\/2025\/06\/pazmany-01-391x260.avif 391w, https:\/\/visitesztergom.hu\/wp-content\/uploads\/2025\/06\/pazmany-01-1536x1024.avif 1536w, https:\/\/visitesztergom.hu\/wp-content\/uploads\/2025\/06\/pazmany-01.avif 2048w\" alt=\"\" width=\"1024\" height=\"683\"><\/figure>\n<p>K\u00e9ts\u00e9gtelen\u00fcl az este egyik legl\u00e1tv\u00e1nyosabb \u00e9s legn\u00e9pszer\u0171bb esem\u00e9nye a Richter Tudom\u00e1nyos Show volt, amely szinte laborat\u00f3riumm\u00e1 var\u00e1zsolta a <strong>Duna M\u00fazeum<\/strong> udvar\u00e1t. Az \u00e9rdekl\u0151d\u0151k t\u0171k\u00f6n \u00fclve figyelt\u00e9k, ahogy a s\u00f6t\u00e9tben neonf\u00e9nyek, robban\u00e1sok \u00e9s f\u00fcstfelh\u0151k festett\u00e9k meg a tudom\u00e1ny vil\u00e1g\u00e1t. A show nemcsak l\u00e1tv\u00e1nyos volt, hanem edukat\u00edv is \u2013 Pilling D\u00e1vid, a Richter dorogi gy\u00e1regys\u00e9g\u00e9nek \u00fczemvezet\u0151je k\u00f6nnyed humorral \u00e9s \u00e9rthet\u0151 magyar\u00e1zatokkal hozta k\u00f6zel a k\u00e9mi\u00e1t kicsikhez \u00e9s nagyokhoz egyar\u00e1nt. \u201eEz volt a legmen\u0151bb dolog, amit valaha l\u00e1ttam egy m\u00fazeumban!\u201d \u2013 mondta egy tizen\u00e9ves fi\u00fa, aki bar\u00e1taival egy\u00fctt a show minden perc\u00e9t vide\u00f3ra vette.<\/p>\n<figure class=\"wp-block-image size-large\"><img decoding=\"async\" class=\"wp-image-31152\" src=\"https:\/\/visitesztergom.hu\/wp-content\/uploads\/2025\/06\/duna-02-1024x683.avif\" sizes=\"(max-width: 1024px) 100vw, 1024px\" srcset=\"https:\/\/visitesztergom.hu\/wp-content\/uploads\/2025\/06\/duna-02-1024x683.avif 1024w, https:\/\/visitesztergom.hu\/wp-content\/uploads\/2025\/06\/duna-02-700x467.avif 700w, https:\/\/visitesztergom.hu\/wp-content\/uploads\/2025\/06\/duna-02-768x512.avif 768w, https:\/\/visitesztergom.hu\/wp-content\/uploads\/2025\/06\/duna-02-391x260.avif 391w, https:\/\/visitesztergom.hu\/wp-content\/uploads\/2025\/06\/duna-02-1536x1024.avif 1536w, https:\/\/visitesztergom.hu\/wp-content\/uploads\/2025\/06\/duna-02.avif 2048w\" alt=\"\" width=\"1024\" height=\"683\"><\/figure>\n<p>Az <strong>Esztergomi V\u00e1rm\u00fazeum<\/strong> programjai k\u00f6z\u00fcl k\u00fcl\u00f6n\u00f6sen n\u00e9pszer\u0171 volt a \u201eMit evett III. B\u00e9la?\u201d c\u00edm\u0171 gasztrot\u00f6rt\u00e9neti bemutat\u00f3, ahol t\u00f6bbek k\u00f6z\u00f6tt megismerhett\u00fck hogyan zajlott egy lakoma a kir\u00e1lyi udvarban. Kider\u00fclt, hogy ezek az \u00edzek nem is \u00e1llnak olyan t\u00e1vol a mai \u00edzl\u00e9s\u00fcnkt\u0151l \u2013 csak egy kicsit t\u00f6bb f\u0171szerrel sz\u00e1moljunk. A V\u00e1r m\u00e1sik nagy dob\u00e1sa a \u201eR\u00e9g\u00e9szt vagy rend\u0151rt?\u201d interakt\u00edv program volt, ahol a gyerekek igazi nyomoz\u00f3k\u00e9nt vizsg\u00e1lhatt\u00e1k meg a f\u00f6ldb\u0151l el\u0151ker\u00fclt \u201ebizony\u00edt\u00e9kokat\u201d. A s\u00f6t\u00e9ted\u00e9s ut\u00e1n a szemek az \u00e9jszakai \u00e9gboltra szegez\u0151dtek \u2013 az esztergomi csillag\u00e1szok t\u00e1vcs\u00f6vek seg\u00edts\u00e9g\u00e9vel hozt\u00e1k k\u00f6zelebb a k\u00fcl\u00f6nb\u00f6z\u0151 \u00e9gitesteket. Mindek\u00f6zben a <strong>V\u00e1rmegyei Lev\u00e9lt\u00e1rban<\/strong> igazi retro hangulat uralkodott, ahol r\u00e9gi \u00e9s nem olyan r\u00e9gi t\u00e1rgyakat \u00e9s relikvi\u00e1kat csod\u00e1lhattunk meg, s\u0151t, Esztergom V\u00e1ros 1708-as Kiv\u00e1lts\u00e1glevel\u00e9t is bemutatt\u00e1k.<\/p>\n<figure class=\"wp-block-image size-large\"><img loading=\"lazy\" decoding=\"async\" class=\"wp-image-31153\" src=\"https:\/\/visitesztergom.hu\/wp-content\/uploads\/2025\/06\/mnm-var-01-1024x683.avif\" sizes=\"(max-width: 1024px) 100vw, 1024px\" srcset=\"https:\/\/visitesztergom.hu\/wp-content\/uploads\/2025\/06\/mnm-var-01-1024x683.avif 1024w, https:\/\/visitesztergom.hu\/wp-content\/uploads\/2025\/06\/mnm-var-01-700x467.avif 700w, https:\/\/visitesztergom.hu\/wp-content\/uploads\/2025\/06\/mnm-var-01-768x512.avif 768w, https:\/\/visitesztergom.hu\/wp-content\/uploads\/2025\/06\/mnm-var-01-391x260.avif 391w, https:\/\/visitesztergom.hu\/wp-content\/uploads\/2025\/06\/mnm-var-01-1536x1024.avif 1536w, https:\/\/visitesztergom.hu\/wp-content\/uploads\/2025\/06\/mnm-var-01.avif 2048w\" alt=\"\" width=\"1024\" height=\"683\"><\/figure>\n<p>A <strong>Bibliothec\u00e1ban<\/strong> Magyarorsz\u00e1g legnagyobb k\u00f3dexe, a Bak\u00f3cz-gradu\u00e1l\u00e9, a Majer-gy\u0171jtem\u00e9ny, a Fugger-gy\u0171jtem\u00e9ny, valamint Batthy\u00e1ny J\u00f3zsef \u00e9rsek k\u00e9ziratgy\u0171jtem\u00e9nye is megcsod\u00e1lhat\u00f3 volt, m\u00edg az \u201eIstennek kintses t\u00e1rh\u00e1za\u2026\u201d c\u00edmet visel\u0151 id\u0151szakos ki\u00e1ll\u00edt\u00e1s a k\u00f6nyvt\u00e1r ferences vonatkoz\u00e1s\u00fa ritkas\u00e1gaiba ny\u00fajtott bepillant\u00e1st. A <strong>Baptista Imah\u00e1zban<\/strong> \u00e9s a <strong>K\u00e1konyi Asztrik Gal\u00e9ri\u00e1ban<\/strong> pedig csod\u00e1latos festm\u00e9nyek \u00e9s grafik\u00e1kat tekinthett\u00fcnk meg.<\/p>\n<p>Az <strong>Esztergomi Bazilika<\/strong> esti orgonakoncertj\u00e9t sok \u00e9rdekl\u0151d\u0151 f\u00fcl hallgatta meg. Az \u00e9vsz\u00e1zados falak k\u00f6z\u00f6tt felcsend\u00fcl\u0151 dallamok mindenkit elcsendes\u00edtettek \u2013 a h\u0171v\u00f6s bels\u0151 t\u00e9r, a sz\u00ednes f\u00e9nyt\u00f6r\u00e9sek \u00e9s a tiszta hangz\u00e1s egy\u00fctt id\u0151tlenn\u00e9 tette ezt a k\u00fcl\u00f6nleges \u00f3r\u00e1t. A koncert v\u00e9g\u00e9n percekig sz\u00f3lt a taps, amelynek visszhangja sok\u00e1ig ott maradt a kupol\u00e1k alatt.Az <strong>Esztergomi<\/strong> <strong>M\u0171v\u00e9szek C\u00e9he<\/strong> pedig id\u00e9n is elk\u00e9peszt\u0151 vizu\u00e1lis \u00e9lm\u00e9nnyel k\u00e9sz\u00fclt. A <strong>f\u00e9nyfest\u00e9s<\/strong> nem csup\u00e1n dekor\u00e1ci\u00f3 volt, hanem \u00f6n\u00e1ll\u00f3 m\u0171alkot\u00e1sk\u00e9nt \u00f6lt\u00f6ztette \u00faj f\u00e9nybe a Kapcsolatok H\u00e1za falait, melyet egy harmonik\u00e1s m\u0171sora sz\u00ednes\u00edtett.<\/p>\n<figure class=\"wp-block-image size-large\"><img loading=\"lazy\" decoding=\"async\" class=\"wp-image-31154\" src=\"https:\/\/visitesztergom.hu\/wp-content\/uploads\/2025\/06\/muveszek-cehe-02-1024x683.avif\" sizes=\"(max-width: 1024px) 100vw, 1024px\" srcset=\"https:\/\/visitesztergom.hu\/wp-content\/uploads\/2025\/06\/muveszek-cehe-02-1024x683.avif 1024w, https:\/\/visitesztergom.hu\/wp-content\/uploads\/2025\/06\/muveszek-cehe-02-700x467.avif 700w, https:\/\/visitesztergom.hu\/wp-content\/uploads\/2025\/06\/muveszek-cehe-02-768x512.avif 768w, https:\/\/visitesztergom.hu\/wp-content\/uploads\/2025\/06\/muveszek-cehe-02-391x260.avif 391w, https:\/\/visitesztergom.hu\/wp-content\/uploads\/2025\/06\/muveszek-cehe-02-1536x1024.avif 1536w, https:\/\/visitesztergom.hu\/wp-content\/uploads\/2025\/06\/muveszek-cehe-02.avif 2048w\" alt=\"\" width=\"1024\" height=\"683\"><\/figure>\n<p>A <strong>Babits Mih\u00e1ly Sz\u00ednh\u00e1z<\/strong> t\u00e1rsulat\u00e1nak \u00e9s az <strong>SZFE hallgat\u00f3inak<\/strong> k\u00f6z\u00f6s m\u0171sora egyszerre volt szem\u00e9lyes \u00e9s k\u00f6z\u00f6ss\u00e9gi. Az este folyam\u00e1n egy sz\u00ednh\u00e1zi el\u0151ad\u00e1s kalauzolta v\u00e9gig a n\u00e9z\u0151ket a <strong>Kereszt\u00e9ny M\u00fazeumt\u00f3l<\/strong> <strong>a <\/strong><strong>Kaleidoszk\u00f3p H\u00e1zon, a V\u00e1rm\u00fazeumon, a M\u0171vel\u0151d\u00e9si H\u00e1zon kereszt\u00fcl a Babits Mih\u00e1ly Eml\u00e9kh\u00e1zig.<\/strong> A z\u00e1r\u00f3 etapban Babits a hal\u00e1los \u00e1gy\u00e1n fek\u00fcdt, majd r\u00e9m\u00e1lm\u00e1b\u00f3l felriadva h\u00edvta mag\u00e1hoz T\u00f6r\u00f6k Sophiet \u00e9s \u00f6r\u00f6kbefogadott l\u00e1nyukat Babits Ildik\u00f3t. Az \u00e1lom igaz\u00e1n k\u00fcl\u00f6n\u00f6s volt, hiszen a k\u00f6lt\u0151 arr\u00f3l sz\u00e1molt be, hogy a j\u00f6v\u0151ben j\u00e1rt, ahol az emberek a telefonjukat mindenhov\u00e1 magukkal viszik \u00e9s folyamatosan azt n\u00e9zik.<\/p>\n<figure class=\"wp-block-image size-large\"><img loading=\"lazy\" decoding=\"async\" class=\"wp-image-31155\" src=\"https:\/\/visitesztergom.hu\/wp-content\/uploads\/2025\/06\/mnm-babits-02-1024x683.avif\" sizes=\"(max-width: 1024px) 100vw, 1024px\" srcset=\"https:\/\/visitesztergom.hu\/wp-content\/uploads\/2025\/06\/mnm-babits-02-1024x683.avif 1024w, https:\/\/visitesztergom.hu\/wp-content\/uploads\/2025\/06\/mnm-babits-02-700x467.avif 700w, https:\/\/visitesztergom.hu\/wp-content\/uploads\/2025\/06\/mnm-babits-02-768x512.avif 768w, https:\/\/visitesztergom.hu\/wp-content\/uploads\/2025\/06\/mnm-babits-02-391x260.avif 391w, https:\/\/visitesztergom.hu\/wp-content\/uploads\/2025\/06\/mnm-babits-02-1536x1024.avif 1536w, https:\/\/visitesztergom.hu\/wp-content\/uploads\/2025\/06\/mnm-babits-02.avif 2048w\" alt=\"\" width=\"1024\" height=\"683\"><\/figure>\n<p>\u00d6sszess\u00e9g\u00e9ben Esztergom \u00fajra bizony\u00edtotta: a M\u00fazeumok \u00c9jszak\u00e1ja nem csak a m\u00fazeumokr\u00f3l sz\u00f3l. Hanem az emberekr\u0151l, a k\u00f6z\u00f6ss\u00e9gr\u0151l, az \u00e9lm\u00e9nyr\u0151l \u2013 arr\u00f3l a k\u00fcl\u00f6n\u00f6s vibr\u00e1l\u00e1sr\u00f3l, amit csak ilyenkor \u00e9rez az ember, mik\u00f6zben m\u00falt \u00e9s jelen \u00f6ssze\u00e9r. A kisvonatok \u00e9jf\u00e9lig sz\u00e1ll\u00edtott\u00e1k az utasokat egyik \u00e9lm\u00e9nyt\u0151l a m\u00e1sikig, mik\u00f6zben valami k\u00fcl\u00f6nleges sz\u00f6v\u0151d\u00f6tt a v\u00e1ros \u00e9s a l\u00e1togat\u00f3k k\u00f6z\u00f6tt: eml\u00e9k.<\/p>\n<p><em>Fot\u00f3k, forr\u00e1s: Visit Esztergom<\/em><\/p>\n<\/div>\n<\/div>\n<\/div>\n<\/div>\n<\/div>\n<\/section>\n","protected":false},"excerpt":{"rendered":"<p>Izz\u00f3 tudom\u00e1nyos k\u00eds\u00e9rlet, l\u00e9legzetel\u00e1ll\u00edt\u00f3 f\u00e9nyfest\u00e9s, csod\u00e1s orgonakoncert, megelevened\u0151 t\u00f6rt\u00e9nelem \u00e9s elragad\u00f3 ki\u00e1ll\u00edt\u00e1sok \u2013 j\u00fanius 21-\u00e9n Magyarorsz\u00e1g els\u0151 v\u00e1rosa \u00fajra megmutatta, mi\u00e9rt szerethet\u0151 a M\u00fazeumok \u00c9jszak\u00e1ja. A Visit Esztergom besz\u00e1mol\u00f3j\u00e1t olvashatj\u00e1k! Huszonharmadik alkalommal rendezt\u00e9k meg az orsz\u00e1g legnagyobb \u00e9s legn\u00e9pszer\u0171bb kultur\u00e1lis programj\u00e1t, a M\u00fazeumok \u00c9jszak\u00e1j\u00e1t. A ny\u00e1r egyik legpezsd\u00edt\u0151bb kultur\u00e1lis esem\u00e9ny\u00e9n Esztergom m\u00e1r napnyugta el\u0151tt k\u00fcl\u00f6nleges<\/p>\n","protected":false},"author":1,"featured_media":72183,"comment_status":"closed","ping_status":"closed","sticky":false,"template":"","format":"standard","meta":{"ngg_post_thumbnail":0,"footnotes":""},"categories":[38,3],"tags":[42,1167,101],"class_list":{"0":"post-72182","1":"post","2":"type-post","3":"status-publish","4":"format-standard","5":"has-post-thumbnail","7":"category-esztergom","8":"category-hirek","9":"tag-esztergom","10":"tag-muzeumok-ejszakaja","11":"tag-program"},"yoast_head":"<!-- This site is optimized with the Yoast SEO plugin v27.4 - https:\/\/yoast.com\/product\/yoast-seo-wordpress\/ -->\n<title>A M\u00fazeumok \u00c9jszak\u00e1ja egyik legn\u00e9pszer\u0171bb esztergomi programja id\u00e9n is a Richter Tudom\u00e1nyos Show volt<\/title>\n<meta name=\"robots\" content=\"index, follow, max-snippet:-1, max-image-preview:large, max-video-preview:-1\" \/>\n<link rel=\"canonical\" href=\"https:\/\/dorogimedence.hu\/index.php\/2025\/06\/23\/a-muzeumok-ejszakaja-egyik-legnepszerubb-esztergomi-programja-iden-is-a-richter-tudomanyos-show-volt\/\" class=\"yoast-seo-meta-tag\" \/>\n<meta property=\"og:locale\" content=\"hu_HU\" class=\"yoast-seo-meta-tag\" \/>\n<meta property=\"og:type\" content=\"article\" class=\"yoast-seo-meta-tag\" \/>\n<meta property=\"og:title\" content=\"A M\u00fazeumok \u00c9jszak\u00e1ja egyik legn\u00e9pszer\u0171bb esztergomi programja id\u00e9n is a Richter Tudom\u00e1nyos Show volt\" class=\"yoast-seo-meta-tag\" \/>\n<meta property=\"og:description\" content=\"Izz\u00f3 tudom\u00e1nyos k\u00eds\u00e9rlet, l\u00e9legzetel\u00e1ll\u00edt\u00f3 f\u00e9nyfest\u00e9s, csod\u00e1s orgonakoncert, megelevened\u0151 t\u00f6rt\u00e9nelem \u00e9s elragad\u00f3 ki\u00e1ll\u00edt\u00e1sok \u2013 j\u00fanius 21-\u00e9n Magyarorsz\u00e1g els\u0151 v\u00e1rosa \u00fajra megmutatta, mi\u00e9rt szerethet\u0151 a M\u00fazeumok \u00c9jszak\u00e1ja. A Visit Esztergom besz\u00e1mol\u00f3j\u00e1t olvashatj\u00e1k! Huszonharmadik alkalommal rendezt\u00e9k meg az orsz\u00e1g legnagyobb \u00e9s legn\u00e9pszer\u0171bb kultur\u00e1lis programj\u00e1t, a M\u00fazeumok \u00c9jszak\u00e1j\u00e1t. A ny\u00e1r egyik legpezsd\u00edt\u0151bb kultur\u00e1lis esem\u00e9ny\u00e9n Esztergom m\u00e1r napnyugta el\u0151tt k\u00fcl\u00f6nleges\" class=\"yoast-seo-meta-tag\" \/>\n<meta property=\"og:url\" content=\"https:\/\/dorogimedence.hu\/index.php\/2025\/06\/23\/a-muzeumok-ejszakaja-egyik-legnepszerubb-esztergomi-programja-iden-is-a-richter-tudomanyos-show-volt\/\" class=\"yoast-seo-meta-tag\" \/>\n<meta property=\"og:site_name\" content=\"Dorogi-medence Region\u00e1lis H\u00edrport\u00e1l\" class=\"yoast-seo-meta-tag\" \/>\n<meta property=\"article:publisher\" content=\"https:\/\/www.facebook.com\/dorogimedence\/\" class=\"yoast-seo-meta-tag\" \/>\n<meta property=\"article:published_time\" content=\"2025-06-23T14:19:19+00:00\" class=\"yoast-seo-meta-tag\" \/>\n<meta property=\"og:image\" content=\"https:\/\/dorogimedence.hu\/wp-content\/uploads\/2025\/06\/muzej.jpg\" class=\"yoast-seo-meta-tag\" \/>\n\t<meta property=\"og:image:width\" content=\"1920\" class=\"yoast-seo-meta-tag\" \/>\n\t<meta property=\"og:image:height\" content=\"970\" class=\"yoast-seo-meta-tag\" \/>\n\t<meta property=\"og:image:type\" content=\"image\/jpeg\" class=\"yoast-seo-meta-tag\" \/>\n<meta name=\"author\" content=\"dorogimedence.hu\" class=\"yoast-seo-meta-tag\" \/>\n<meta name=\"twitter:card\" content=\"summary_large_image\" class=\"yoast-seo-meta-tag\" \/>\n<meta name=\"twitter:label1\" content=\"Szerz\u0151:\" class=\"yoast-seo-meta-tag\" \/>\n\t<meta name=\"twitter:data1\" content=\"dorogimedence.hu\" class=\"yoast-seo-meta-tag\" \/>\n\t<meta name=\"twitter:label2\" content=\"Becs\u00fclt olvas\u00e1si id\u0151\" class=\"yoast-seo-meta-tag\" \/>\n\t<meta name=\"twitter:data2\" content=\"6 perc\" class=\"yoast-seo-meta-tag\" \/>\n<script type=\"application\/ld+json\" class=\"yoast-schema-graph\">{\"@context\":\"https:\\\/\\\/schema.org\",\"@graph\":[{\"@type\":\"Article\",\"@id\":\"https:\\\/\\\/dorogimedence.hu\\\/index.php\\\/2025\\\/06\\\/23\\\/a-muzeumok-ejszakaja-egyik-legnepszerubb-esztergomi-programja-iden-is-a-richter-tudomanyos-show-volt\\\/#article\",\"isPartOf\":{\"@id\":\"https:\\\/\\\/dorogimedence.hu\\\/index.php\\\/2025\\\/06\\\/23\\\/a-muzeumok-ejszakaja-egyik-legnepszerubb-esztergomi-programja-iden-is-a-richter-tudomanyos-show-volt\\\/\"},\"author\":{\"name\":\"dorogimedence.hu\",\"@id\":\"https:\\\/\\\/dorogimedence.hu\\\/#\\\/schema\\\/person\\\/ce6091eeb7e95ecdc87890d6aa8e0fd4\"},\"headline\":\"A M\u00fazeumok \u00c9jszak\u00e1ja egyik legn\u00e9pszer\u0171bb esztergomi programja id\u00e9n is a Richter Tudom\u00e1nyos Show volt\",\"datePublished\":\"2025-06-23T14:19:19+00:00\",\"mainEntityOfPage\":{\"@id\":\"https:\\\/\\\/dorogimedence.hu\\\/index.php\\\/2025\\\/06\\\/23\\\/a-muzeumok-ejszakaja-egyik-legnepszerubb-esztergomi-programja-iden-is-a-richter-tudomanyos-show-volt\\\/\"},\"wordCount\":1195,\"publisher\":{\"@id\":\"https:\\\/\\\/dorogimedence.hu\\\/#organization\"},\"image\":{\"@id\":\"https:\\\/\\\/dorogimedence.hu\\\/index.php\\\/2025\\\/06\\\/23\\\/a-muzeumok-ejszakaja-egyik-legnepszerubb-esztergomi-programja-iden-is-a-richter-tudomanyos-show-volt\\\/#primaryimage\"},\"thumbnailUrl\":\"https:\\\/\\\/dorogimedence.hu\\\/wp-content\\\/uploads\\\/2025\\\/06\\\/muzej.jpg\",\"keywords\":[\"esztergom\",\"M\u00fazeumok \u00c9jszak\u00e1ja\",\"program\"],\"articleSection\":[\"Esztergom\",\"H\u00edrek\"],\"inLanguage\":\"hu\"},{\"@type\":\"WebPage\",\"@id\":\"https:\\\/\\\/dorogimedence.hu\\\/index.php\\\/2025\\\/06\\\/23\\\/a-muzeumok-ejszakaja-egyik-legnepszerubb-esztergomi-programja-iden-is-a-richter-tudomanyos-show-volt\\\/\",\"url\":\"https:\\\/\\\/dorogimedence.hu\\\/index.php\\\/2025\\\/06\\\/23\\\/a-muzeumok-ejszakaja-egyik-legnepszerubb-esztergomi-programja-iden-is-a-richter-tudomanyos-show-volt\\\/\",\"name\":\"A M\u00fazeumok \u00c9jszak\u00e1ja egyik legn\u00e9pszer\u0171bb esztergomi programja id\u00e9n is a Richter Tudom\u00e1nyos Show volt\",\"isPartOf\":{\"@id\":\"https:\\\/\\\/dorogimedence.hu\\\/#website\"},\"primaryImageOfPage\":{\"@id\":\"https:\\\/\\\/dorogimedence.hu\\\/index.php\\\/2025\\\/06\\\/23\\\/a-muzeumok-ejszakaja-egyik-legnepszerubb-esztergomi-programja-iden-is-a-richter-tudomanyos-show-volt\\\/#primaryimage\"},\"image\":{\"@id\":\"https:\\\/\\\/dorogimedence.hu\\\/index.php\\\/2025\\\/06\\\/23\\\/a-muzeumok-ejszakaja-egyik-legnepszerubb-esztergomi-programja-iden-is-a-richter-tudomanyos-show-volt\\\/#primaryimage\"},\"thumbnailUrl\":\"https:\\\/\\\/dorogimedence.hu\\\/wp-content\\\/uploads\\\/2025\\\/06\\\/muzej.jpg\",\"datePublished\":\"2025-06-23T14:19:19+00:00\",\"breadcrumb\":{\"@id\":\"https:\\\/\\\/dorogimedence.hu\\\/index.php\\\/2025\\\/06\\\/23\\\/a-muzeumok-ejszakaja-egyik-legnepszerubb-esztergomi-programja-iden-is-a-richter-tudomanyos-show-volt\\\/#breadcrumb\"},\"inLanguage\":\"hu\",\"potentialAction\":[{\"@type\":\"ReadAction\",\"target\":[\"https:\\\/\\\/dorogimedence.hu\\\/index.php\\\/2025\\\/06\\\/23\\\/a-muzeumok-ejszakaja-egyik-legnepszerubb-esztergomi-programja-iden-is-a-richter-tudomanyos-show-volt\\\/\"]}]},{\"@type\":\"ImageObject\",\"inLanguage\":\"hu\",\"@id\":\"https:\\\/\\\/dorogimedence.hu\\\/index.php\\\/2025\\\/06\\\/23\\\/a-muzeumok-ejszakaja-egyik-legnepszerubb-esztergomi-programja-iden-is-a-richter-tudomanyos-show-volt\\\/#primaryimage\",\"url\":\"https:\\\/\\\/dorogimedence.hu\\\/wp-content\\\/uploads\\\/2025\\\/06\\\/muzej.jpg\",\"contentUrl\":\"https:\\\/\\\/dorogimedence.hu\\\/wp-content\\\/uploads\\\/2025\\\/06\\\/muzej.jpg\",\"width\":1920,\"height\":970},{\"@type\":\"BreadcrumbList\",\"@id\":\"https:\\\/\\\/dorogimedence.hu\\\/index.php\\\/2025\\\/06\\\/23\\\/a-muzeumok-ejszakaja-egyik-legnepszerubb-esztergomi-programja-iden-is-a-richter-tudomanyos-show-volt\\\/#breadcrumb\",\"itemListElement\":[{\"@type\":\"ListItem\",\"position\":1,\"name\":\"Kezd\u0151lap\",\"item\":\"https:\\\/\\\/dorogimedence.hu\\\/\"},{\"@type\":\"ListItem\",\"position\":2,\"name\":\"A M\u00fazeumok \u00c9jszak\u00e1ja egyik legn\u00e9pszer\u0171bb esztergomi programja id\u00e9n is a Richter Tudom\u00e1nyos Show volt\"}]},{\"@type\":\"WebSite\",\"@id\":\"https:\\\/\\\/dorogimedence.hu\\\/#website\",\"url\":\"https:\\\/\\\/dorogimedence.hu\\\/\",\"name\":\"Dorogi-medence Region\u00e1lis H\u00edrport\u00e1l\",\"description\":\"Dorog, Keszt\u00f6lc, Le\u00e1nyv\u00e1r, Piliscs\u00e9v, Tokod, Tokodalt\u00e1r\u00f3, Csolnok, Esztergom-kertv\u00e1ros: h\u00edrek, programok\",\"publisher\":{\"@id\":\"https:\\\/\\\/dorogimedence.hu\\\/#organization\"},\"potentialAction\":[{\"@type\":\"SearchAction\",\"target\":{\"@type\":\"EntryPoint\",\"urlTemplate\":\"https:\\\/\\\/dorogimedence.hu\\\/?s={search_term_string}\"},\"query-input\":{\"@type\":\"PropertyValueSpecification\",\"valueRequired\":true,\"valueName\":\"search_term_string\"}}],\"inLanguage\":\"hu\"},{\"@type\":\"Organization\",\"@id\":\"https:\\\/\\\/dorogimedence.hu\\\/#organization\",\"name\":\"Dorogi-medence Region\u00e1lis H\u00edrport\u00e1l\",\"url\":\"https:\\\/\\\/dorogimedence.hu\\\/\",\"logo\":{\"@type\":\"ImageObject\",\"inLanguage\":\"hu\",\"@id\":\"https:\\\/\\\/dorogimedence.hu\\\/#\\\/schema\\\/logo\\\/image\\\/\",\"url\":\"https:\\\/\\\/dorogimedence.hu\\\/wp-content\\\/uploads\\\/2021\\\/04\\\/logo-feher-600.png\",\"contentUrl\":\"https:\\\/\\\/dorogimedence.hu\\\/wp-content\\\/uploads\\\/2021\\\/04\\\/logo-feher-600.png\",\"width\":600,\"height\":100,\"caption\":\"Dorogi-medence Region\u00e1lis H\u00edrport\u00e1l\"},\"image\":{\"@id\":\"https:\\\/\\\/dorogimedence.hu\\\/#\\\/schema\\\/logo\\\/image\\\/\"},\"sameAs\":[\"https:\\\/\\\/www.facebook.com\\\/dorogimedence\\\/\"]},{\"@type\":\"Person\",\"@id\":\"https:\\\/\\\/dorogimedence.hu\\\/#\\\/schema\\\/person\\\/ce6091eeb7e95ecdc87890d6aa8e0fd4\",\"name\":\"dorogimedence.hu\",\"image\":{\"@type\":\"ImageObject\",\"inLanguage\":\"hu\",\"@id\":\"\\\/\\\/www.gravatar.com\\\/avatar\\\/d8d45f8901aadff40a4af72c0b826f1d?s=96&#038;r=g&#038;d=mm\",\"url\":\"\\\/\\\/www.gravatar.com\\\/avatar\\\/d8d45f8901aadff40a4af72c0b826f1d?s=96&#038;r=g&#038;d=mm\",\"contentUrl\":\"\\\/\\\/www.gravatar.com\\\/avatar\\\/d8d45f8901aadff40a4af72c0b826f1d?s=96&#038;r=g&#038;d=mm\",\"caption\":\"dorogimedence.hu\"}}]}<\/script>\n<!-- \/ Yoast SEO plugin. -->","yoast_head_json":{"title":"A M\u00fazeumok \u00c9jszak\u00e1ja egyik legn\u00e9pszer\u0171bb esztergomi programja id\u00e9n is a Richter Tudom\u00e1nyos Show volt","robots":{"index":"index","follow":"follow","max-snippet":"max-snippet:-1","max-image-preview":"max-image-preview:large","max-video-preview":"max-video-preview:-1"},"canonical":"https:\/\/dorogimedence.hu\/index.php\/2025\/06\/23\/a-muzeumok-ejszakaja-egyik-legnepszerubb-esztergomi-programja-iden-is-a-richter-tudomanyos-show-volt\/","og_locale":"hu_HU","og_type":"article","og_title":"A M\u00fazeumok \u00c9jszak\u00e1ja egyik legn\u00e9pszer\u0171bb esztergomi programja id\u00e9n is a Richter Tudom\u00e1nyos Show volt","og_description":"Izz\u00f3 tudom\u00e1nyos k\u00eds\u00e9rlet, l\u00e9legzetel\u00e1ll\u00edt\u00f3 f\u00e9nyfest\u00e9s, csod\u00e1s orgonakoncert, megelevened\u0151 t\u00f6rt\u00e9nelem \u00e9s elragad\u00f3 ki\u00e1ll\u00edt\u00e1sok \u2013 j\u00fanius 21-\u00e9n Magyarorsz\u00e1g els\u0151 v\u00e1rosa \u00fajra megmutatta, mi\u00e9rt szerethet\u0151 a M\u00fazeumok \u00c9jszak\u00e1ja. A Visit Esztergom besz\u00e1mol\u00f3j\u00e1t olvashatj\u00e1k! Huszonharmadik alkalommal rendezt\u00e9k meg az orsz\u00e1g legnagyobb \u00e9s legn\u00e9pszer\u0171bb kultur\u00e1lis programj\u00e1t, a M\u00fazeumok \u00c9jszak\u00e1j\u00e1t. A ny\u00e1r egyik legpezsd\u00edt\u0151bb kultur\u00e1lis esem\u00e9ny\u00e9n Esztergom m\u00e1r napnyugta el\u0151tt k\u00fcl\u00f6nleges","og_url":"https:\/\/dorogimedence.hu\/index.php\/2025\/06\/23\/a-muzeumok-ejszakaja-egyik-legnepszerubb-esztergomi-programja-iden-is-a-richter-tudomanyos-show-volt\/","og_site_name":"Dorogi-medence Region\u00e1lis H\u00edrport\u00e1l","article_publisher":"https:\/\/www.facebook.com\/dorogimedence\/","article_published_time":"2025-06-23T14:19:19+00:00","og_image":[{"width":1920,"height":970,"url":"https:\/\/dorogimedence.hu\/wp-content\/uploads\/2025\/06\/muzej.jpg","type":"image\/jpeg"}],"author":"dorogimedence.hu","twitter_card":"summary_large_image","twitter_misc":{"Szerz\u0151:":"dorogimedence.hu","Becs\u00fclt olvas\u00e1si id\u0151":"6 perc"},"schema":{"@context":"https:\/\/schema.org","@graph":[{"@type":"Article","@id":"https:\/\/dorogimedence.hu\/index.php\/2025\/06\/23\/a-muzeumok-ejszakaja-egyik-legnepszerubb-esztergomi-programja-iden-is-a-richter-tudomanyos-show-volt\/#article","isPartOf":{"@id":"https:\/\/dorogimedence.hu\/index.php\/2025\/06\/23\/a-muzeumok-ejszakaja-egyik-legnepszerubb-esztergomi-programja-iden-is-a-richter-tudomanyos-show-volt\/"},"author":{"name":"dorogimedence.hu","@id":"https:\/\/dorogimedence.hu\/#\/schema\/person\/ce6091eeb7e95ecdc87890d6aa8e0fd4"},"headline":"A M\u00fazeumok \u00c9jszak\u00e1ja egyik legn\u00e9pszer\u0171bb esztergomi programja id\u00e9n is a Richter Tudom\u00e1nyos Show volt","datePublished":"2025-06-23T14:19:19+00:00","mainEntityOfPage":{"@id":"https:\/\/dorogimedence.hu\/index.php\/2025\/06\/23\/a-muzeumok-ejszakaja-egyik-legnepszerubb-esztergomi-programja-iden-is-a-richter-tudomanyos-show-volt\/"},"wordCount":1195,"publisher":{"@id":"https:\/\/dorogimedence.hu\/#organization"},"image":{"@id":"https:\/\/dorogimedence.hu\/index.php\/2025\/06\/23\/a-muzeumok-ejszakaja-egyik-legnepszerubb-esztergomi-programja-iden-is-a-richter-tudomanyos-show-volt\/#primaryimage"},"thumbnailUrl":"https:\/\/dorogimedence.hu\/wp-content\/uploads\/2025\/06\/muzej.jpg","keywords":["esztergom","M\u00fazeumok \u00c9jszak\u00e1ja","program"],"articleSection":["Esztergom","H\u00edrek"],"inLanguage":"hu"},{"@type":"WebPage","@id":"https:\/\/dorogimedence.hu\/index.php\/2025\/06\/23\/a-muzeumok-ejszakaja-egyik-legnepszerubb-esztergomi-programja-iden-is-a-richter-tudomanyos-show-volt\/","url":"https:\/\/dorogimedence.hu\/index.php\/2025\/06\/23\/a-muzeumok-ejszakaja-egyik-legnepszerubb-esztergomi-programja-iden-is-a-richter-tudomanyos-show-volt\/","name":"A M\u00fazeumok \u00c9jszak\u00e1ja egyik legn\u00e9pszer\u0171bb esztergomi programja id\u00e9n is a Richter Tudom\u00e1nyos Show volt","isPartOf":{"@id":"https:\/\/dorogimedence.hu\/#website"},"primaryImageOfPage":{"@id":"https:\/\/dorogimedence.hu\/index.php\/2025\/06\/23\/a-muzeumok-ejszakaja-egyik-legnepszerubb-esztergomi-programja-iden-is-a-richter-tudomanyos-show-volt\/#primaryimage"},"image":{"@id":"https:\/\/dorogimedence.hu\/index.php\/2025\/06\/23\/a-muzeumok-ejszakaja-egyik-legnepszerubb-esztergomi-programja-iden-is-a-richter-tudomanyos-show-volt\/#primaryimage"},"thumbnailUrl":"https:\/\/dorogimedence.hu\/wp-content\/uploads\/2025\/06\/muzej.jpg","datePublished":"2025-06-23T14:19:19+00:00","breadcrumb":{"@id":"https:\/\/dorogimedence.hu\/index.php\/2025\/06\/23\/a-muzeumok-ejszakaja-egyik-legnepszerubb-esztergomi-programja-iden-is-a-richter-tudomanyos-show-volt\/#breadcrumb"},"inLanguage":"hu","potentialAction":[{"@type":"ReadAction","target":["https:\/\/dorogimedence.hu\/index.php\/2025\/06\/23\/a-muzeumok-ejszakaja-egyik-legnepszerubb-esztergomi-programja-iden-is-a-richter-tudomanyos-show-volt\/"]}]},{"@type":"ImageObject","inLanguage":"hu","@id":"https:\/\/dorogimedence.hu\/index.php\/2025\/06\/23\/a-muzeumok-ejszakaja-egyik-legnepszerubb-esztergomi-programja-iden-is-a-richter-tudomanyos-show-volt\/#primaryimage","url":"https:\/\/dorogimedence.hu\/wp-content\/uploads\/2025\/06\/muzej.jpg","contentUrl":"https:\/\/dorogimedence.hu\/wp-content\/uploads\/2025\/06\/muzej.jpg","width":1920,"height":970},{"@type":"BreadcrumbList","@id":"https:\/\/dorogimedence.hu\/index.php\/2025\/06\/23\/a-muzeumok-ejszakaja-egyik-legnepszerubb-esztergomi-programja-iden-is-a-richter-tudomanyos-show-volt\/#breadcrumb","itemListElement":[{"@type":"ListItem","position":1,"name":"Kezd\u0151lap","item":"https:\/\/dorogimedence.hu\/"},{"@type":"ListItem","position":2,"name":"A M\u00fazeumok \u00c9jszak\u00e1ja egyik legn\u00e9pszer\u0171bb esztergomi programja id\u00e9n is a Richter Tudom\u00e1nyos Show volt"}]},{"@type":"WebSite","@id":"https:\/\/dorogimedence.hu\/#website","url":"https:\/\/dorogimedence.hu\/","name":"Dorogi-medence Region\u00e1lis H\u00edrport\u00e1l","description":"Dorog, Keszt\u00f6lc, Le\u00e1nyv\u00e1r, Piliscs\u00e9v, Tokod, Tokodalt\u00e1r\u00f3, Csolnok, Esztergom-kertv\u00e1ros: h\u00edrek, programok","publisher":{"@id":"https:\/\/dorogimedence.hu\/#organization"},"potentialAction":[{"@type":"SearchAction","target":{"@type":"EntryPoint","urlTemplate":"https:\/\/dorogimedence.hu\/?s={search_term_string}"},"query-input":{"@type":"PropertyValueSpecification","valueRequired":true,"valueName":"search_term_string"}}],"inLanguage":"hu"},{"@type":"Organization","@id":"https:\/\/dorogimedence.hu\/#organization","name":"Dorogi-medence Region\u00e1lis H\u00edrport\u00e1l","url":"https:\/\/dorogimedence.hu\/","logo":{"@type":"ImageObject","inLanguage":"hu","@id":"https:\/\/dorogimedence.hu\/#\/schema\/logo\/image\/","url":"https:\/\/dorogimedence.hu\/wp-content\/uploads\/2021\/04\/logo-feher-600.png","contentUrl":"https:\/\/dorogimedence.hu\/wp-content\/uploads\/2021\/04\/logo-feher-600.png","width":600,"height":100,"caption":"Dorogi-medence Region\u00e1lis H\u00edrport\u00e1l"},"image":{"@id":"https:\/\/dorogimedence.hu\/#\/schema\/logo\/image\/"},"sameAs":["https:\/\/www.facebook.com\/dorogimedence\/"]},{"@type":"Person","@id":"https:\/\/dorogimedence.hu\/#\/schema\/person\/ce6091eeb7e95ecdc87890d6aa8e0fd4","name":"dorogimedence.hu","image":{"@type":"ImageObject","inLanguage":"hu","@id":"\/\/www.gravatar.com\/avatar\/d8d45f8901aadff40a4af72c0b826f1d?s=96&#038;r=g&#038;d=mm","url":"\/\/www.gravatar.com\/avatar\/d8d45f8901aadff40a4af72c0b826f1d?s=96&#038;r=g&#038;d=mm","contentUrl":"\/\/www.gravatar.com\/avatar\/d8d45f8901aadff40a4af72c0b826f1d?s=96&#038;r=g&#038;d=mm","caption":"dorogimedence.hu"}}]}},"_links":{"self":[{"href":"https:\/\/dorogimedence.hu\/index.php\/wp-json\/wp\/v2\/posts\/72182","targetHints":{"allow":["GET"]}}],"collection":[{"href":"https:\/\/dorogimedence.hu\/index.php\/wp-json\/wp\/v2\/posts"}],"about":[{"href":"https:\/\/dorogimedence.hu\/index.php\/wp-json\/wp\/v2\/types\/post"}],"author":[{"embeddable":true,"href":"https:\/\/dorogimedence.hu\/index.php\/wp-json\/wp\/v2\/users\/1"}],"replies":[{"embeddable":true,"href":"https:\/\/dorogimedence.hu\/index.php\/wp-json\/wp\/v2\/comments?post=72182"}],"version-history":[{"count":0,"href":"https:\/\/dorogimedence.hu\/index.php\/wp-json\/wp\/v2\/posts\/72182\/revisions"}],"wp:featuredmedia":[{"embeddable":true,"href":"https:\/\/dorogimedence.hu\/index.php\/wp-json\/wp\/v2\/media\/72183"}],"wp:attachment":[{"href":"https:\/\/dorogimedence.hu\/index.php\/wp-json\/wp\/v2\/media?parent=72182"}],"wp:term":[{"taxonomy":"category","embeddable":true,"href":"https:\/\/dorogimedence.hu\/index.php\/wp-json\/wp\/v2\/categories?post=72182"},{"taxonomy":"post_tag","embeddable":true,"href":"https:\/\/dorogimedence.hu\/index.php\/wp-json\/wp\/v2\/tags?post=72182"}],"curies":[{"name":"wp","href":"https:\/\/api.w.org\/{rel}","templated":true}]}}