{"id":72173,"date":"2025-06-23T09:13:21","date_gmt":"2025-06-23T07:13:21","guid":{"rendered":"https:\/\/dorogimedence.hu\/?p=72173"},"modified":"2025-06-23T09:15:07","modified_gmt":"2025-06-23T07:15:07","slug":"csikos-zsoka-a-harmadik-eb-aranyermet-szerezte-meg","status":"publish","type":"post","link":"https:\/\/dorogimedence.hu\/index.php\/2025\/06\/23\/csikos-zsoka-a-harmadik-eb-aranyermet-szerezte-meg\/","title":{"rendered":"Csik\u00f3s Zs\u00f3ka a harmadik Eb-arany\u00e9rm\u00e9t szerezte meg"},"content":{"rendered":"<p><strong>Csik\u00f3s Zs\u00f3ka az 500 \u00e9s az 1000 m\u00e9ter egyest k\u00f6vet\u0151en K\u20131 5000 m\u00e9teren is arany\u00e9rmet szerzett a racicei kajak-kenu Eur\u00f3pa-bajnoks\u00e1g vas\u00e1rnapi z\u00e1r\u00f3 napj\u00e1n. Az esztergomi sportol\u00f3 h\u00e1rom arany\u00e9rm\u00e9vel az Eur\u00f3pa-bajnoks\u00e1g legeredm\u00e9nyesebb versenyz\u0151je!<\/strong><\/p>\n<p>Az 500 \u00e9s 1000 egyesben egyar\u00e1nt Eur\u00f3pa-bajnok Csik\u00f3s Zs\u00f3ka a harmadik sz\u00e1m\u00e1ban, 5000 m\u00e9teren is nyerni szeretett volna. Es\u00e9lyeshez m\u00e9lt\u00f3 m\u00f3don r\u00f6gt\u00f6n az \u00e9lre \u00e1llt, s \u00f6tf\u0151s csoporttal egy\u00fctt haladt, szinte v\u00e9gig \u0151 \u00e1llt az els\u0151 helyen, p\u00e1r sz\u00e1z m\u00e9ter volt csup\u00e1n, amikor a sv\u00e9d Melin Andersson \u00e1tvette t\u0151le a vezet\u00e9st. De Csik\u00f3s Zs\u00f3k\u00e1t ebben a sz\u00e1mban sem lehetett megverni ezen az Eur\u00f3pa-bajnoks\u00e1gon, megszerezte a harmadik arany\u00e9rm\u00e9t is Csehorsz\u00e1gban!<\/p>\n<p><em>\u201eH\u00e1rom \u00e9rmet szerettem volna, de azt semmik\u00e9ppen sem gondoltam, hogy mindh\u00e1rom arany lehet. \u00d6tsz\u00e1zon \u00fagy voltam vele, hogy j\u00f3 lenne a dobog\u00f3, az ezret szerettem volna legjobban megnyerni, \u00e9s \u00f6tezer is olyan, hogy mindig benne van a hibalehet\u0151s\u00e9g. A rajtom nem siker\u00fclt j\u00f3l most, \u00e9reztem, hogy lehet, kicsit gyakorolni kellett volna. T\u00f6bben haladtunk egy\u00fctt, min\u00e9l t\u00f6bben vagyunk, ann\u00e1l nagyobb az es\u00e9lye annak, hogy valami t\u00f6rt\u00e9nik, szerencs\u00e9re nem volt most ilyen, a hajr\u00e1hoz is kellett er\u0151, szerencs\u00e9re j\u00f3l siker\u00fclt\u201d <\/em>\u2013 \u00e9rt\u00e9kelt Csik\u00f3s.<\/p>\n<p><em>Forr\u00e1s: Nemzeti Sport<br \/>\nFot\u00f3: MKKSZ\/Szalm\u00e1s P\u00e9ter<br \/>\n<\/em><\/p>\n","protected":false},"excerpt":{"rendered":"<p>Csik\u00f3s Zs\u00f3ka az 500 \u00e9s az 1000 m\u00e9ter egyest k\u00f6vet\u0151en K\u20131 5000 m\u00e9teren is arany\u00e9rmet szerzett a racicei kajak-kenu Eur\u00f3pa-bajnoks\u00e1g vas\u00e1rnapi z\u00e1r\u00f3 napj\u00e1n. Az esztergomi sportol\u00f3 h\u00e1rom arany\u00e9rm\u00e9vel az Eur\u00f3pa-bajnoks\u00e1g legeredm\u00e9nyesebb versenyz\u0151je! Az 500 \u00e9s 1000 egyesben egyar\u00e1nt Eur\u00f3pa-bajnok Csik\u00f3s Zs\u00f3ka a harmadik sz\u00e1m\u00e1ban, 5000 m\u00e9teren is nyerni szeretett volna. Es\u00e9lyeshez m\u00e9lt\u00f3 m\u00f3don r\u00f6gt\u00f6n az<\/p>\n","protected":false},"author":1,"featured_media":72174,"comment_status":"closed","ping_status":"closed","sticky":false,"template":"","format":"standard","meta":{"ngg_post_thumbnail":0,"footnotes":""},"categories":[38,3,5],"tags":[42,2834,5624,3646,16],"class_list":{"0":"post-72173","1":"post","2":"type-post","3":"status-publish","4":"format-standard","5":"has-post-thumbnail","7":"category-esztergom","8":"category-hirek","9":"category-sport","10":"tag-esztergom","11":"tag-europa-bajnoksag","12":"tag-featured","13":"tag-kajak-kenu","14":"tag-sport"},"yoast_head":"<!-- This site is optimized with the Yoast SEO plugin v27.5 - https:\/\/yoast.com\/product\/yoast-seo-wordpress\/ -->\n<title>Csik\u00f3s Zs\u00f3ka a harmadik Eb-arany\u00e9rm\u00e9t szerezte meg<\/title>\n<meta name=\"robots\" content=\"index, follow, max-snippet:-1, max-image-preview:large, max-video-preview:-1\" \/>\n<link rel=\"canonical\" href=\"https:\/\/dorogimedence.hu\/index.php\/2025\/06\/23\/csikos-zsoka-a-harmadik-eb-aranyermet-szerezte-meg\/\" class=\"yoast-seo-meta-tag\" \/>\n<meta property=\"og:locale\" content=\"hu_HU\" class=\"yoast-seo-meta-tag\" \/>\n<meta property=\"og:type\" content=\"article\" class=\"yoast-seo-meta-tag\" \/>\n<meta property=\"og:title\" content=\"Csik\u00f3s Zs\u00f3ka a harmadik Eb-arany\u00e9rm\u00e9t szerezte meg\" class=\"yoast-seo-meta-tag\" \/>\n<meta property=\"og:description\" content=\"Csik\u00f3s Zs\u00f3ka az 500 \u00e9s az 1000 m\u00e9ter egyest k\u00f6vet\u0151en K\u20131 5000 m\u00e9teren is arany\u00e9rmet szerzett a racicei kajak-kenu Eur\u00f3pa-bajnoks\u00e1g vas\u00e1rnapi z\u00e1r\u00f3 napj\u00e1n. Az esztergomi sportol\u00f3 h\u00e1rom arany\u00e9rm\u00e9vel az Eur\u00f3pa-bajnoks\u00e1g legeredm\u00e9nyesebb versenyz\u0151je! Az 500 \u00e9s 1000 egyesben egyar\u00e1nt Eur\u00f3pa-bajnok Csik\u00f3s Zs\u00f3ka a harmadik sz\u00e1m\u00e1ban, 5000 m\u00e9teren is nyerni szeretett volna. Es\u00e9lyeshez m\u00e9lt\u00f3 m\u00f3don r\u00f6gt\u00f6n az\" class=\"yoast-seo-meta-tag\" \/>\n<meta property=\"og:url\" content=\"https:\/\/dorogimedence.hu\/index.php\/2025\/06\/23\/csikos-zsoka-a-harmadik-eb-aranyermet-szerezte-meg\/\" class=\"yoast-seo-meta-tag\" \/>\n<meta property=\"og:site_name\" content=\"Dorogi-medence Region\u00e1lis H\u00edrport\u00e1l\" class=\"yoast-seo-meta-tag\" \/>\n<meta property=\"article:publisher\" content=\"https:\/\/www.facebook.com\/dorogimedence\/\" class=\"yoast-seo-meta-tag\" \/>\n<meta property=\"article:published_time\" content=\"2025-06-23T07:13:21+00:00\" class=\"yoast-seo-meta-tag\" \/>\n<meta property=\"article:modified_time\" content=\"2025-06-23T07:15:07+00:00\" class=\"yoast-seo-meta-tag\" \/>\n<meta property=\"og:image\" content=\"https:\/\/dorogimedence.hu\/wp-content\/uploads\/2025\/06\/csikos.jpg\" class=\"yoast-seo-meta-tag\" \/>\n\t<meta property=\"og:image:width\" content=\"1347\" class=\"yoast-seo-meta-tag\" \/>\n\t<meta property=\"og:image:height\" content=\"758\" class=\"yoast-seo-meta-tag\" \/>\n\t<meta property=\"og:image:type\" content=\"image\/jpeg\" class=\"yoast-seo-meta-tag\" \/>\n<meta name=\"author\" content=\"dorogimedence.hu\" class=\"yoast-seo-meta-tag\" \/>\n<meta name=\"twitter:card\" content=\"summary_large_image\" class=\"yoast-seo-meta-tag\" \/>\n<meta name=\"twitter:label1\" content=\"Szerz\u0151:\" class=\"yoast-seo-meta-tag\" \/>\n\t<meta name=\"twitter:data1\" content=\"dorogimedence.hu\" class=\"yoast-seo-meta-tag\" \/>\n\t<meta name=\"twitter:label2\" content=\"Becs\u00fclt olvas\u00e1si id\u0151\" class=\"yoast-seo-meta-tag\" \/>\n\t<meta name=\"twitter:data2\" content=\"1 perc\" class=\"yoast-seo-meta-tag\" \/>\n<script type=\"application\/ld+json\" class=\"yoast-schema-graph\">{\"@context\":\"https:\\\/\\\/schema.org\",\"@graph\":[{\"@type\":\"Article\",\"@id\":\"https:\\\/\\\/dorogimedence.hu\\\/index.php\\\/2025\\\/06\\\/23\\\/csikos-zsoka-a-harmadik-eb-aranyermet-szerezte-meg\\\/#article\",\"isPartOf\":{\"@id\":\"https:\\\/\\\/dorogimedence.hu\\\/index.php\\\/2025\\\/06\\\/23\\\/csikos-zsoka-a-harmadik-eb-aranyermet-szerezte-meg\\\/\"},\"author\":{\"name\":\"dorogimedence.hu\",\"@id\":\"https:\\\/\\\/dorogimedence.hu\\\/#\\\/schema\\\/person\\\/ce6091eeb7e95ecdc87890d6aa8e0fd4\"},\"headline\":\"Csik\u00f3s Zs\u00f3ka a harmadik Eb-arany\u00e9rm\u00e9t szerezte meg\",\"datePublished\":\"2025-06-23T07:13:21+00:00\",\"dateModified\":\"2025-06-23T07:15:07+00:00\",\"mainEntityOfPage\":{\"@id\":\"https:\\\/\\\/dorogimedence.hu\\\/index.php\\\/2025\\\/06\\\/23\\\/csikos-zsoka-a-harmadik-eb-aranyermet-szerezte-meg\\\/\"},\"wordCount\":268,\"publisher\":{\"@id\":\"https:\\\/\\\/dorogimedence.hu\\\/#organization\"},\"image\":{\"@id\":\"https:\\\/\\\/dorogimedence.hu\\\/index.php\\\/2025\\\/06\\\/23\\\/csikos-zsoka-a-harmadik-eb-aranyermet-szerezte-meg\\\/#primaryimage\"},\"thumbnailUrl\":\"https:\\\/\\\/dorogimedence.hu\\\/wp-content\\\/uploads\\\/2025\\\/06\\\/csikos.jpg\",\"keywords\":[\"esztergom\",\"Eur\u00f3pa-bajnoks\u00e1g\",\"featured\",\"kajak-kenu\",\"sport\"],\"articleSection\":[\"Esztergom\",\"H\u00edrek\",\"Sport\"],\"inLanguage\":\"hu\"},{\"@type\":\"WebPage\",\"@id\":\"https:\\\/\\\/dorogimedence.hu\\\/index.php\\\/2025\\\/06\\\/23\\\/csikos-zsoka-a-harmadik-eb-aranyermet-szerezte-meg\\\/\",\"url\":\"https:\\\/\\\/dorogimedence.hu\\\/index.php\\\/2025\\\/06\\\/23\\\/csikos-zsoka-a-harmadik-eb-aranyermet-szerezte-meg\\\/\",\"name\":\"Csik\u00f3s Zs\u00f3ka a harmadik Eb-arany\u00e9rm\u00e9t szerezte meg\",\"isPartOf\":{\"@id\":\"https:\\\/\\\/dorogimedence.hu\\\/#website\"},\"primaryImageOfPage\":{\"@id\":\"https:\\\/\\\/dorogimedence.hu\\\/index.php\\\/2025\\\/06\\\/23\\\/csikos-zsoka-a-harmadik-eb-aranyermet-szerezte-meg\\\/#primaryimage\"},\"image\":{\"@id\":\"https:\\\/\\\/dorogimedence.hu\\\/index.php\\\/2025\\\/06\\\/23\\\/csikos-zsoka-a-harmadik-eb-aranyermet-szerezte-meg\\\/#primaryimage\"},\"thumbnailUrl\":\"https:\\\/\\\/dorogimedence.hu\\\/wp-content\\\/uploads\\\/2025\\\/06\\\/csikos.jpg\",\"datePublished\":\"2025-06-23T07:13:21+00:00\",\"dateModified\":\"2025-06-23T07:15:07+00:00\",\"breadcrumb\":{\"@id\":\"https:\\\/\\\/dorogimedence.hu\\\/index.php\\\/2025\\\/06\\\/23\\\/csikos-zsoka-a-harmadik-eb-aranyermet-szerezte-meg\\\/#breadcrumb\"},\"inLanguage\":\"hu\",\"potentialAction\":[{\"@type\":\"ReadAction\",\"target\":[\"https:\\\/\\\/dorogimedence.hu\\\/index.php\\\/2025\\\/06\\\/23\\\/csikos-zsoka-a-harmadik-eb-aranyermet-szerezte-meg\\\/\"]}]},{\"@type\":\"ImageObject\",\"inLanguage\":\"hu\",\"@id\":\"https:\\\/\\\/dorogimedence.hu\\\/index.php\\\/2025\\\/06\\\/23\\\/csikos-zsoka-a-harmadik-eb-aranyermet-szerezte-meg\\\/#primaryimage\",\"url\":\"https:\\\/\\\/dorogimedence.hu\\\/wp-content\\\/uploads\\\/2025\\\/06\\\/csikos.jpg\",\"contentUrl\":\"https:\\\/\\\/dorogimedence.hu\\\/wp-content\\\/uploads\\\/2025\\\/06\\\/csikos.jpg\",\"width\":1347,\"height\":758},{\"@type\":\"BreadcrumbList\",\"@id\":\"https:\\\/\\\/dorogimedence.hu\\\/index.php\\\/2025\\\/06\\\/23\\\/csikos-zsoka-a-harmadik-eb-aranyermet-szerezte-meg\\\/#breadcrumb\",\"itemListElement\":[{\"@type\":\"ListItem\",\"position\":1,\"name\":\"Kezd\u0151lap\",\"item\":\"https:\\\/\\\/dorogimedence.hu\\\/\"},{\"@type\":\"ListItem\",\"position\":2,\"name\":\"Csik\u00f3s Zs\u00f3ka a harmadik Eb-arany\u00e9rm\u00e9t szerezte meg\"}]},{\"@type\":\"WebSite\",\"@id\":\"https:\\\/\\\/dorogimedence.hu\\\/#website\",\"url\":\"https:\\\/\\\/dorogimedence.hu\\\/\",\"name\":\"Dorogi-medence Region\u00e1lis H\u00edrport\u00e1l\",\"description\":\"Dorog, Keszt\u00f6lc, Le\u00e1nyv\u00e1r, Piliscs\u00e9v, Tokod, Tokodalt\u00e1r\u00f3, Csolnok, Esztergom-kertv\u00e1ros: h\u00edrek, programok\",\"publisher\":{\"@id\":\"https:\\\/\\\/dorogimedence.hu\\\/#organization\"},\"potentialAction\":[{\"@type\":\"SearchAction\",\"target\":{\"@type\":\"EntryPoint\",\"urlTemplate\":\"https:\\\/\\\/dorogimedence.hu\\\/?s={search_term_string}\"},\"query-input\":{\"@type\":\"PropertyValueSpecification\",\"valueRequired\":true,\"valueName\":\"search_term_string\"}}],\"inLanguage\":\"hu\"},{\"@type\":\"Organization\",\"@id\":\"https:\\\/\\\/dorogimedence.hu\\\/#organization\",\"name\":\"Dorogi-medence Region\u00e1lis H\u00edrport\u00e1l\",\"url\":\"https:\\\/\\\/dorogimedence.hu\\\/\",\"logo\":{\"@type\":\"ImageObject\",\"inLanguage\":\"hu\",\"@id\":\"https:\\\/\\\/dorogimedence.hu\\\/#\\\/schema\\\/logo\\\/image\\\/\",\"url\":\"https:\\\/\\\/dorogimedence.hu\\\/wp-content\\\/uploads\\\/2021\\\/04\\\/logo-feher-600.png\",\"contentUrl\":\"https:\\\/\\\/dorogimedence.hu\\\/wp-content\\\/uploads\\\/2021\\\/04\\\/logo-feher-600.png\",\"width\":600,\"height\":100,\"caption\":\"Dorogi-medence Region\u00e1lis H\u00edrport\u00e1l\"},\"image\":{\"@id\":\"https:\\\/\\\/dorogimedence.hu\\\/#\\\/schema\\\/logo\\\/image\\\/\"},\"sameAs\":[\"https:\\\/\\\/www.facebook.com\\\/dorogimedence\\\/\"]},{\"@type\":\"Person\",\"@id\":\"https:\\\/\\\/dorogimedence.hu\\\/#\\\/schema\\\/person\\\/ce6091eeb7e95ecdc87890d6aa8e0fd4\",\"name\":\"dorogimedence.hu\",\"image\":{\"@type\":\"ImageObject\",\"inLanguage\":\"hu\",\"@id\":\"\\\/\\\/www.gravatar.com\\\/avatar\\\/d8d45f8901aadff40a4af72c0b826f1d?s=96&#038;r=g&#038;d=mm\",\"url\":\"\\\/\\\/www.gravatar.com\\\/avatar\\\/d8d45f8901aadff40a4af72c0b826f1d?s=96&#038;r=g&#038;d=mm\",\"contentUrl\":\"\\\/\\\/www.gravatar.com\\\/avatar\\\/d8d45f8901aadff40a4af72c0b826f1d?s=96&#038;r=g&#038;d=mm\",\"caption\":\"dorogimedence.hu\"}}]}<\/script>\n<!-- \/ Yoast SEO plugin. -->","yoast_head_json":{"title":"Csik\u00f3s Zs\u00f3ka a harmadik Eb-arany\u00e9rm\u00e9t szerezte meg","robots":{"index":"index","follow":"follow","max-snippet":"max-snippet:-1","max-image-preview":"max-image-preview:large","max-video-preview":"max-video-preview:-1"},"canonical":"https:\/\/dorogimedence.hu\/index.php\/2025\/06\/23\/csikos-zsoka-a-harmadik-eb-aranyermet-szerezte-meg\/","og_locale":"hu_HU","og_type":"article","og_title":"Csik\u00f3s Zs\u00f3ka a harmadik Eb-arany\u00e9rm\u00e9t szerezte meg","og_description":"Csik\u00f3s Zs\u00f3ka az 500 \u00e9s az 1000 m\u00e9ter egyest k\u00f6vet\u0151en K\u20131 5000 m\u00e9teren is arany\u00e9rmet szerzett a racicei kajak-kenu Eur\u00f3pa-bajnoks\u00e1g vas\u00e1rnapi z\u00e1r\u00f3 napj\u00e1n. Az esztergomi sportol\u00f3 h\u00e1rom arany\u00e9rm\u00e9vel az Eur\u00f3pa-bajnoks\u00e1g legeredm\u00e9nyesebb versenyz\u0151je! Az 500 \u00e9s 1000 egyesben egyar\u00e1nt Eur\u00f3pa-bajnok Csik\u00f3s Zs\u00f3ka a harmadik sz\u00e1m\u00e1ban, 5000 m\u00e9teren is nyerni szeretett volna. Es\u00e9lyeshez m\u00e9lt\u00f3 m\u00f3don r\u00f6gt\u00f6n az","og_url":"https:\/\/dorogimedence.hu\/index.php\/2025\/06\/23\/csikos-zsoka-a-harmadik-eb-aranyermet-szerezte-meg\/","og_site_name":"Dorogi-medence Region\u00e1lis H\u00edrport\u00e1l","article_publisher":"https:\/\/www.facebook.com\/dorogimedence\/","article_published_time":"2025-06-23T07:13:21+00:00","article_modified_time":"2025-06-23T07:15:07+00:00","og_image":[{"width":1347,"height":758,"url":"https:\/\/dorogimedence.hu\/wp-content\/uploads\/2025\/06\/csikos.jpg","type":"image\/jpeg"}],"author":"dorogimedence.hu","twitter_card":"summary_large_image","twitter_misc":{"Szerz\u0151:":"dorogimedence.hu","Becs\u00fclt olvas\u00e1si id\u0151":"1 perc"},"schema":{"@context":"https:\/\/schema.org","@graph":[{"@type":"Article","@id":"https:\/\/dorogimedence.hu\/index.php\/2025\/06\/23\/csikos-zsoka-a-harmadik-eb-aranyermet-szerezte-meg\/#article","isPartOf":{"@id":"https:\/\/dorogimedence.hu\/index.php\/2025\/06\/23\/csikos-zsoka-a-harmadik-eb-aranyermet-szerezte-meg\/"},"author":{"name":"dorogimedence.hu","@id":"https:\/\/dorogimedence.hu\/#\/schema\/person\/ce6091eeb7e95ecdc87890d6aa8e0fd4"},"headline":"Csik\u00f3s Zs\u00f3ka a harmadik Eb-arany\u00e9rm\u00e9t szerezte meg","datePublished":"2025-06-23T07:13:21+00:00","dateModified":"2025-06-23T07:15:07+00:00","mainEntityOfPage":{"@id":"https:\/\/dorogimedence.hu\/index.php\/2025\/06\/23\/csikos-zsoka-a-harmadik-eb-aranyermet-szerezte-meg\/"},"wordCount":268,"publisher":{"@id":"https:\/\/dorogimedence.hu\/#organization"},"image":{"@id":"https:\/\/dorogimedence.hu\/index.php\/2025\/06\/23\/csikos-zsoka-a-harmadik-eb-aranyermet-szerezte-meg\/#primaryimage"},"thumbnailUrl":"https:\/\/dorogimedence.hu\/wp-content\/uploads\/2025\/06\/csikos.jpg","keywords":["esztergom","Eur\u00f3pa-bajnoks\u00e1g","featured","kajak-kenu","sport"],"articleSection":["Esztergom","H\u00edrek","Sport"],"inLanguage":"hu"},{"@type":"WebPage","@id":"https:\/\/dorogimedence.hu\/index.php\/2025\/06\/23\/csikos-zsoka-a-harmadik-eb-aranyermet-szerezte-meg\/","url":"https:\/\/dorogimedence.hu\/index.php\/2025\/06\/23\/csikos-zsoka-a-harmadik-eb-aranyermet-szerezte-meg\/","name":"Csik\u00f3s Zs\u00f3ka a harmadik Eb-arany\u00e9rm\u00e9t szerezte meg","isPartOf":{"@id":"https:\/\/dorogimedence.hu\/#website"},"primaryImageOfPage":{"@id":"https:\/\/dorogimedence.hu\/index.php\/2025\/06\/23\/csikos-zsoka-a-harmadik-eb-aranyermet-szerezte-meg\/#primaryimage"},"image":{"@id":"https:\/\/dorogimedence.hu\/index.php\/2025\/06\/23\/csikos-zsoka-a-harmadik-eb-aranyermet-szerezte-meg\/#primaryimage"},"thumbnailUrl":"https:\/\/dorogimedence.hu\/wp-content\/uploads\/2025\/06\/csikos.jpg","datePublished":"2025-06-23T07:13:21+00:00","dateModified":"2025-06-23T07:15:07+00:00","breadcrumb":{"@id":"https:\/\/dorogimedence.hu\/index.php\/2025\/06\/23\/csikos-zsoka-a-harmadik-eb-aranyermet-szerezte-meg\/#breadcrumb"},"inLanguage":"hu","potentialAction":[{"@type":"ReadAction","target":["https:\/\/dorogimedence.hu\/index.php\/2025\/06\/23\/csikos-zsoka-a-harmadik-eb-aranyermet-szerezte-meg\/"]}]},{"@type":"ImageObject","inLanguage":"hu","@id":"https:\/\/dorogimedence.hu\/index.php\/2025\/06\/23\/csikos-zsoka-a-harmadik-eb-aranyermet-szerezte-meg\/#primaryimage","url":"https:\/\/dorogimedence.hu\/wp-content\/uploads\/2025\/06\/csikos.jpg","contentUrl":"https:\/\/dorogimedence.hu\/wp-content\/uploads\/2025\/06\/csikos.jpg","width":1347,"height":758},{"@type":"BreadcrumbList","@id":"https:\/\/dorogimedence.hu\/index.php\/2025\/06\/23\/csikos-zsoka-a-harmadik-eb-aranyermet-szerezte-meg\/#breadcrumb","itemListElement":[{"@type":"ListItem","position":1,"name":"Kezd\u0151lap","item":"https:\/\/dorogimedence.hu\/"},{"@type":"ListItem","position":2,"name":"Csik\u00f3s Zs\u00f3ka a harmadik Eb-arany\u00e9rm\u00e9t szerezte meg"}]},{"@type":"WebSite","@id":"https:\/\/dorogimedence.hu\/#website","url":"https:\/\/dorogimedence.hu\/","name":"Dorogi-medence Region\u00e1lis H\u00edrport\u00e1l","description":"Dorog, Keszt\u00f6lc, Le\u00e1nyv\u00e1r, Piliscs\u00e9v, Tokod, Tokodalt\u00e1r\u00f3, Csolnok, Esztergom-kertv\u00e1ros: h\u00edrek, programok","publisher":{"@id":"https:\/\/dorogimedence.hu\/#organization"},"potentialAction":[{"@type":"SearchAction","target":{"@type":"EntryPoint","urlTemplate":"https:\/\/dorogimedence.hu\/?s={search_term_string}"},"query-input":{"@type":"PropertyValueSpecification","valueRequired":true,"valueName":"search_term_string"}}],"inLanguage":"hu"},{"@type":"Organization","@id":"https:\/\/dorogimedence.hu\/#organization","name":"Dorogi-medence Region\u00e1lis H\u00edrport\u00e1l","url":"https:\/\/dorogimedence.hu\/","logo":{"@type":"ImageObject","inLanguage":"hu","@id":"https:\/\/dorogimedence.hu\/#\/schema\/logo\/image\/","url":"https:\/\/dorogimedence.hu\/wp-content\/uploads\/2021\/04\/logo-feher-600.png","contentUrl":"https:\/\/dorogimedence.hu\/wp-content\/uploads\/2021\/04\/logo-feher-600.png","width":600,"height":100,"caption":"Dorogi-medence Region\u00e1lis H\u00edrport\u00e1l"},"image":{"@id":"https:\/\/dorogimedence.hu\/#\/schema\/logo\/image\/"},"sameAs":["https:\/\/www.facebook.com\/dorogimedence\/"]},{"@type":"Person","@id":"https:\/\/dorogimedence.hu\/#\/schema\/person\/ce6091eeb7e95ecdc87890d6aa8e0fd4","name":"dorogimedence.hu","image":{"@type":"ImageObject","inLanguage":"hu","@id":"\/\/www.gravatar.com\/avatar\/d8d45f8901aadff40a4af72c0b826f1d?s=96&#038;r=g&#038;d=mm","url":"\/\/www.gravatar.com\/avatar\/d8d45f8901aadff40a4af72c0b826f1d?s=96&#038;r=g&#038;d=mm","contentUrl":"\/\/www.gravatar.com\/avatar\/d8d45f8901aadff40a4af72c0b826f1d?s=96&#038;r=g&#038;d=mm","caption":"dorogimedence.hu"}}]}},"_links":{"self":[{"href":"https:\/\/dorogimedence.hu\/index.php\/wp-json\/wp\/v2\/posts\/72173","targetHints":{"allow":["GET"]}}],"collection":[{"href":"https:\/\/dorogimedence.hu\/index.php\/wp-json\/wp\/v2\/posts"}],"about":[{"href":"https:\/\/dorogimedence.hu\/index.php\/wp-json\/wp\/v2\/types\/post"}],"author":[{"embeddable":true,"href":"https:\/\/dorogimedence.hu\/index.php\/wp-json\/wp\/v2\/users\/1"}],"replies":[{"embeddable":true,"href":"https:\/\/dorogimedence.hu\/index.php\/wp-json\/wp\/v2\/comments?post=72173"}],"version-history":[{"count":0,"href":"https:\/\/dorogimedence.hu\/index.php\/wp-json\/wp\/v2\/posts\/72173\/revisions"}],"wp:featuredmedia":[{"embeddable":true,"href":"https:\/\/dorogimedence.hu\/index.php\/wp-json\/wp\/v2\/media\/72174"}],"wp:attachment":[{"href":"https:\/\/dorogimedence.hu\/index.php\/wp-json\/wp\/v2\/media?parent=72173"}],"wp:term":[{"taxonomy":"category","embeddable":true,"href":"https:\/\/dorogimedence.hu\/index.php\/wp-json\/wp\/v2\/categories?post=72173"},{"taxonomy":"post_tag","embeddable":true,"href":"https:\/\/dorogimedence.hu\/index.php\/wp-json\/wp\/v2\/tags?post=72173"}],"curies":[{"name":"wp","href":"https:\/\/api.w.org\/{rel}","templated":true}]}}