{"id":72159,"date":"2025-06-23T08:39:03","date_gmt":"2025-06-23T06:39:03","guid":{"rendered":"https:\/\/dorogimedence.hu\/?p=72159"},"modified":"2025-06-23T08:39:03","modified_gmt":"2025-06-23T06:39:03","slug":"egyedi-jegygyuru-akar-szines-dragakovekkel-igen","status":"publish","type":"post","link":"https:\/\/dorogimedence.hu\/index.php\/2025\/06\/23\/egyedi-jegygyuru-akar-szines-dragakovekkel-igen\/","title":{"rendered":"Egyedi jegygy\u0171r\u0171 ak\u00e1r sz\u00ednes dr\u00e1gak\u00f6vekkel? Igen!"},"content":{"rendered":"<p><strong>Nem el\u00e9gszel meg a sablonos megold\u00e1sokkal, ha \u00e9leted egyik legfontosabb esem\u00e9ny\u00e9r\u0151l van sz\u00f3? Tedd felejthetetlenn\u00e9 az esk\u00fcv\u0151det \u00e9s tudd meg, mit\u0151l lesz val\u00f3ban k\u00fcl\u00f6nleges az egyedi jegygy\u0171r\u0171, amire v\u00e1gysz. St\u00edlus, jelent\u00e9s, szem\u00e9lyess\u00e9g, itt most minden r\u00e9szlet r\u00f3latok sz\u00f3lhat.<\/strong><\/p>\n<h2><strong>Hogyan lesz szem\u00e9lyre szabott a jegygy\u0171r\u0171?<\/strong><\/h2>\n<p>A 2025-\u00f6s jegygy\u0171r\u0171trendek egy\u00e9rtelm\u0171 \u00fczenete, hogy a val\u00f3di \u00e9rt\u00e9k nem a dr\u00e1gak\u00f6vek m\u00e9ret\u00e9ben, hanem az \u00e9kszer egyedis\u00e9g\u00e9ben rejlik. Ma m\u00e1r nem felt\u00e9tlen\u00fcl az sz\u00e1m\u00edt, mennyire csillog egy \u00e9kszer, hanem az, hogy visel\u0151je mennyire tud vele azonosulni. Ez k\u00fcl\u00f6n\u00f6sen igaz a jegygy\u0171r\u0171kre, amelyek eg\u00e9sz \u00e9let\u00fcnk sor\u00e1n vel\u00fcnk maradnak.<\/p>\n<p>Egy <a href=\"https:\/\/lilikoos.hu\/ekszerek\/egyedi-ekszerek\/egyedi-eljegyzesi-gyuruk\/\" target=\"_blank\" rel=\"noopener\"><span style=\"text-decoration: underline; color: #0000ff;\">egyedi jegygy\u0171r\u0171<\/span><\/a> maxim\u00e1lisan t\u00fckr\u00f6zheti a szem\u00e9lyis\u00e9gedet, az \u00e9letst\u00edlusod \u00e9s azt a kapcsolatot, amit a t\u00e1rsaddal meg\u00e9lsz. V\u00e1lassz egy kiv\u00e1l\u00f3, priv\u00e1t \u00e9kszer\u00e9szt, aki nemcsak technikai kivitelez\u0151, hanem kreat\u00edv alkot\u00f3t\u00e1rs is, aki seg\u00edt eligazodni az elk\u00e9pzel\u00e9seid \u00e9s a megval\u00f3s\u00edthat\u00f3 eredm\u00e9ny k\u00f6z\u00f6tt. \u00dcgyelve ak\u00e1r a kor\u00e1bban el\u0151re egyeztetett k\u00f6lts\u00e9gkeretedre is.<\/p>\n<p><img fetchpriority=\"high\" decoding=\"async\" class=\"alignnone size-full wp-image-72163\" src=\"https:\/\/dorogimedence.hu\/wp-content\/uploads\/2025\/06\/pr_femcafe_1a.jpg\" alt=\"\" width=\"897\" height=\"627\" srcset=\"https:\/\/dorogimedence.hu\/wp-content\/uploads\/2025\/06\/pr_femcafe_1a.jpg 897w, https:\/\/dorogimedence.hu\/wp-content\/uploads\/2025\/06\/pr_femcafe_1a-600x419.jpg 600w, https:\/\/dorogimedence.hu\/wp-content\/uploads\/2025\/06\/pr_femcafe_1a-768x537.jpg 768w, https:\/\/dorogimedence.hu\/wp-content\/uploads\/2025\/06\/pr_femcafe_1a-150x105.jpg 150w, https:\/\/dorogimedence.hu\/wp-content\/uploads\/2025\/06\/pr_femcafe_1a-450x315.jpg 450w\" sizes=\"(max-width: 897px) 100vw, 897px\" \/><\/p>\n<h2><strong>\u00cdgy k\u00e9sz\u00fcl a ti t\u00f6rt\u00e9netetek gy\u0171r\u0171be z\u00e1rva<\/strong><\/h2>\n<p>Az egyedi jegygy\u0171r\u0171k tervez\u00e9se egy konzult\u00e1ci\u00f3val kezd\u0151dik, ahol az elk\u00e9pzel\u00e9seiteket, \u00edzl\u00e9seteket \u00e9s ig\u00e9nyeiteket t\u00e9rk\u00e9pezik fel. Itt egyeztettek a formavil\u00e1gr\u00f3l, az arany sz\u00edn\u00e9r\u0151l \u00e9s arr\u00f3l, milyen dr\u00e1gak\u0151vel \u00e9s annak milyen megmunk\u00e1l\u00e1s\u00e1val juttok el a k\u00edv\u00e1nt \u00e9kszerig. Ezut\u00e1n egy r\u00e9szletes 3D l\u00e1tv\u00e1nyterv k\u00e9sz\u00fcl, amit m\u00e9g a gy\u00e1rt\u00e1s el\u0151tt j\u00f3v\u00e1hagyhattok.<\/p>\n<p>A l\u00e1tv\u00e1nytervek az\u00e9rt is hasznosak, mert seg\u00edtenek elk\u00e9pzelni, hogyan mutat majd a gy\u0171r\u0171 az ujjatokon, ar\u00e1nyosan \u00e9s val\u00f3s\u00e1gh\u0171en. Ez f\u0151leg akkor praktikus, ha k\u00fcl\u00f6nleges form\u00e1kat, szokatlan k\u00f6veket vagy kombin\u00e1lt anyagokat v\u00e1lasztotok.<\/p>\n<h2><strong>Milyenek a 2025-\u00f6s trendek az egyedi eljegyz\u00e9si gy\u0171r\u0171k vil\u00e1g\u00e1ban?<\/strong><\/h2>\n<p>Az idei \u00e9v k\u00fcl\u00f6n\u00f6sen kedvez azoknak, akik nem f\u00e9lnek a szok\u00e1sost\u00f3l elt\u00e9rni. A legink\u00e1bb kirajzol\u00f3d\u00f3 trendeket mutatjuk most:<\/p>\n<ol>\n<li><strong>Bagett \u00e9s emerald csiszol\u00e1s\u00fa k\u00f6vek<\/strong><br \/>\nAz egyenes vonal\u00fa, sz\u00f6gletes csiszol\u00e1s modern \u00e9s eleg\u00e1ns hat\u00e1st kelt. Legyen sz\u00f3 feh\u00e9r, sz\u00ednes vagy ak\u00e1r fekete dr\u00e1gak\u0151r\u0151l (p\u00e9ld\u00e1ul gy\u00e9m\u00e1nt, zaf\u00edr), ezek a k\u00f6vek az arany legk\u00fcl\u00f6nf\u00e9l\u00e9bb \u00e1rnyalataival is remek\u00fcl mutatnak.<\/li>\n<li><strong>Textur\u00e1lt fel\u00fcletek \u00e9s matt arany<\/strong><br \/>\nA sima, f\u00e9nyes fel\u00fcletek helyett sokan keresik a k\u00fcl\u00f6nleges text\u00far\u00e1kat, amelyek izgalmasabb, egyedi hat\u00e1st k\u00f6lcs\u00f6n\u00f6znek a gy\u0171r\u0171nek, \u00e9s m\u00e9g karakteresebb\u00e9 teszik az \u00e9kszert. A matt, selyemf\u00e9ny\u0171 arany k\u00fcl\u00f6n\u00f6sen n\u00e9pszer\u0171 a kifinomult elegancia kedvel\u0151i k\u00f6r\u00e9ben, ak\u00e1r az aranyt\u00edpusok k\u00fcl\u00f6nf\u00e9le ar\u00e1nyainak beolvaszt\u00e1s\u00e1val \u00e9s felhaszn\u00e1l\u00e1s\u00e1val.<\/li>\n<li><strong>Fekete jegygy\u0171r\u0171k<\/strong><br \/>\nB\u00e1tor \u00e9s extr\u00e9m d\u00f6nt\u00e9s, m\u00e9gis egyre t\u00f6bben v\u00e1lasztj\u00e1k egyedi jegygy\u0171r\u0171 form\u00e1j\u00e1ban is a fekete \u00e1rnyalatot. Ez el\u00e9rhet\u0151 fekete gy\u00e9m\u00e1nttal, PVD-bevonattal vagy s\u00f6t\u00e9t sz\u00edn\u0171 dr\u00e1gak\u0151 haszn\u00e1lat\u00e1val, ezek az egyedi jegygy\u0171r\u0171k mark\u00e1nsan elt\u00e9rnek a klasszikus, megszokott jegygy\u0171r\u0171kt\u0151l.<\/li>\n<li><strong>Aszimmetria \u00e9s formaj\u00e1t\u00e9k<\/strong><br \/>\nNem minden gy\u0171r\u0171nek kell szimmetrikusnak lennie. A j\u00e1t\u00e9kos elrendez\u00e9s\u0171 k\u00f6vek, k\u00fcl\u00f6nb\u00f6z\u0151 vastags\u00e1g\u00fa karik\u00e1k \u00e9s kreat\u00edv form\u00e1k a mer\u00e9sz egy\u00e9nis\u00e9geknek nagyon szabad mozg\u00e1steret adnak egyedi \u00e9kszertervez\u00e9sben.<\/li>\n<li><strong>Grav\u00edroz\u00e1s \u00faj szinten<\/strong><br \/>\nA bels\u0151 grav\u00edroz\u00e1s mellett egyre n\u00e9pszer\u0171bbek az ujjlenyomattal, sz\u00edvultrahanggal vagy egyedi rajzzal, d\u00e1tummal d\u00edsz\u00edtett jegygy\u0171r\u0171k. Ezek az apr\u00f3 r\u00e9szletek adj\u00e1k meg az ut\u00e1nozhatatlan egyedis\u00e9g \u00e9lm\u00e9ny\u00e9t.<\/li>\n<\/ol>\n<p><img decoding=\"async\" class=\"alignnone size-full wp-image-72162\" src=\"https:\/\/dorogimedence.hu\/wp-content\/uploads\/2025\/06\/gyuru_4.jpg\" alt=\"\" width=\"894\" height=\"511\" srcset=\"https:\/\/dorogimedence.hu\/wp-content\/uploads\/2025\/06\/gyuru_4.jpg 894w, https:\/\/dorogimedence.hu\/wp-content\/uploads\/2025\/06\/gyuru_4-600x343.jpg 600w, https:\/\/dorogimedence.hu\/wp-content\/uploads\/2025\/06\/gyuru_4-768x439.jpg 768w, https:\/\/dorogimedence.hu\/wp-content\/uploads\/2025\/06\/gyuru_4-150x86.jpg 150w, https:\/\/dorogimedence.hu\/wp-content\/uploads\/2025\/06\/gyuru_4-450x257.jpg 450w\" sizes=\"(max-width: 894px) 100vw, 894px\" \/><\/p>\n<h2><strong>Milyen aranyb\u00f3l terveztess egyedi jegygy\u0171r\u0171t?<\/strong><\/h2>\n<p>B\u00e1r a 14 kar\u00e1tos feh\u00e9rarany m\u00e9g mindig a legkeresettebb, a roz\u00e9arany n\u0151ies b\u00e1ja \u00e9s a klasszikus s\u00e1rgaarany id\u0151t\u00e1ll\u00f3 st\u00edlusa is h\u00f3d\u00edt az egyedi \u00e9kszertervez\u00e9sben. Az anyagv\u00e1laszt\u00e1s eszt\u00e9tikai \u00e9s gyakorlati k\u00e9rd\u00e9seket is mag\u00e1ban rejt. Hiszen az akt\u00edv \u00e9letm\u00f3dot \u00e9l\u0151knek tart\u00f3sabb, kop\u00e1s\u00e1ll\u00f3bb nemesf\u00e9mek javasoltak mindennapi viseletre, m\u00edg az eleg\u00e1ns megjelen\u00e9s h\u00edvei b\u00e1tran v\u00e1laszthatj\u00e1k a l\u00e1gyabb, f\u00e9nyesebb \u00f6tv\u00f6zeteket, dr\u00e1gak\u0151 foglalatokat.<\/p>\n<h2><strong>Milyen dr\u00e1gak\u00f6vet v\u00e1lassz az egyedi jegygy\u0171r\u0171h\u00f6z?<\/strong><\/h2>\n<p>Az <span style=\"text-decoration: underline; color: #0000ff;\"><a style=\"color: #0000ff; text-decoration: underline;\" href=\"https:\/\/lilikoos.hu\/ekszerek\/egyedi-ekszerek\/egyedi-eljegyzesi-gyuruk\/\" target=\"_blank\" rel=\"noopener\">egyedi eljegyz\u00e9si gy\u0171r\u0171<\/a><\/span> karakter\u00e9t nagyban befoly\u00e1solja a benne tal\u00e1lhat\u00f3 k\u0151. A klasszikus gy\u00e9m\u00e1nton t\u00fal egyre t\u00f6bben v\u00e1lasztanak sz\u00ednes dr\u00e1gak\u00f6veket: zaf\u00edr, smaragd, rubin, top\u00e1z, tanzanit vagy ak\u00e1r egy k\u00fcl\u00f6nleges csiszol\u00e1s\u00fa barokk gy\u00f6ngy is lehet a gy\u0171r\u0171 d\u00edsze. A sz\u00ednes k\u00f6vek szem\u00e9lyesebb, romantikusabb hangulatot k\u00f6lcs\u00f6n\u00f6znek az \u00e9kszernek, \u00e9s m\u00e9g ink\u00e1bb kiemelik visel\u0151j\u00fck st\u00edlus\u00e1t.<\/p>\n<h2><strong>K\u00fcl\u00f6nb\u00f6zhet egy p\u00e1r jegygy\u0171r\u0171 p\u00e1rosa?<\/strong><\/h2>\n<p>Abszol\u00fat. A modern p\u00e1rok m\u00e1r nem ragaszkodnak ahhoz, hogy a jegygy\u0171r\u0171j\u00fck teljesen egyforma legyen. S\u0151t! A harmoniz\u00e1l\u00f3, de egy\u00e9ni darabok lehet\u0151v\u00e9 teszik, hogy mindk\u00e9t f\u00e9l a saj\u00e1t st\u00edlus\u00e1t viselje, mik\u00f6zben a gy\u0171r\u0171k k\u00f6z\u00f6s r\u00e9szleteik r\u00e9v\u00e9n m\u00e9gis \u00f6sszetartoznak. Ez lehet ugyanaz a text\u00fara, egy grav\u00edrozott mot\u00edvum vagy \u00e9pp egy azonos t\u00edpus\u00fa dr\u00e1gak\u0151.<\/p>\n<h2><strong>Mennyibe ker\u00fcl az egyedi jegygy\u0171r\u0171?<\/strong><\/h2>\n<p>Az egyedi tervez\u00e9s\u0171 <span style=\"text-decoration: underline;\"><span style=\"color: #0000ff;\"><a style=\"color: #0000ff; text-decoration: underline;\" href=\"https:\/\/lilikoos.hu\/ekszerek\/egyedi-ekszerek\/egyedi-eljegyzesi-gyuruk\/\" target=\"_blank\" rel=\"noopener\">k\u00fcl\u00f6nleges eljegyz\u00e9si gy\u0171r\u0171<\/a><\/span><\/span> nem felt\u00e9tlen\u00fcl ker\u00fcl t\u00f6bbe, mint egy m\u00e1rk\u00e1s darab.<\/p>\n<p>Ha az elej\u00e9n meghat\u00e1rozod a k\u00f6lts\u00e9gkeretet, <a href=\"https:\/\/lilikoos.hu\/\" target=\"_blank\" rel=\"noopener\"><span style=\"text-decoration: underline; color: #0000ff;\">Ko\u00f3s Lili priv\u00e1t \u00e9kszer\u00e9sz<\/span><\/a> szerint \u00fagy meg lehet alkotni az elk\u00e9pzelt \u00e9kszert, hogy az minden szempontb\u00f3l passzoljon hozz\u00e1tok, anyaghaszn\u00e1latban, form\u00e1ban \u00e9s \u00fczenetben is. R\u00e1ad\u00e1sul az \u00edgy sz\u00fcletett \u00e9kszer \u00f6r\u00f6kre a ti\u00e9tek marad: egy k\u00e9zzelfoghat\u00f3 eml\u00e9k, ami minden nap eml\u00e9keztet r\u00e1, honnan indult a k\u00f6z\u00f6s \u00e9letetek.<\/p>\n<p><img decoding=\"async\" class=\"alignnone size-full wp-image-72161\" src=\"https:\/\/dorogimedence.hu\/wp-content\/uploads\/2025\/06\/likojanpr01kekzafir1.jpg\" alt=\"\" width=\"2240\" height=\"1260\" srcset=\"https:\/\/dorogimedence.hu\/wp-content\/uploads\/2025\/06\/likojanpr01kekzafir1.jpg 2240w, https:\/\/dorogimedence.hu\/wp-content\/uploads\/2025\/06\/likojanpr01kekzafir1-600x338.jpg 600w, https:\/\/dorogimedence.hu\/wp-content\/uploads\/2025\/06\/likojanpr01kekzafir1-1920x1080.jpg 1920w, https:\/\/dorogimedence.hu\/wp-content\/uploads\/2025\/06\/likojanpr01kekzafir1-768x432.jpg 768w, https:\/\/dorogimedence.hu\/wp-content\/uploads\/2025\/06\/likojanpr01kekzafir1-1536x864.jpg 1536w, https:\/\/dorogimedence.hu\/wp-content\/uploads\/2025\/06\/likojanpr01kekzafir1-2048x1152.jpg 2048w, https:\/\/dorogimedence.hu\/wp-content\/uploads\/2025\/06\/likojanpr01kekzafir1-150x84.jpg 150w, https:\/\/dorogimedence.hu\/wp-content\/uploads\/2025\/06\/likojanpr01kekzafir1-450x253.jpg 450w, https:\/\/dorogimedence.hu\/wp-content\/uploads\/2025\/06\/likojanpr01kekzafir1-1200x675.jpg 1200w\" sizes=\"(max-width: 2240px) 100vw, 2240px\" \/><\/p>\n<h2><strong>Mit fejez ki az egyedi eljegyz\u00e9si gy\u0171r\u0171?<\/strong><\/h2>\n<p>Az egyedi jegygy\u0171r\u0171 t\u00f6bb, mint egy sz\u00e9p \u00e9kszer. t\u00f6rt\u00e9net, szem\u00e9lyis\u00e9g, elk\u00f6telez\u0151d\u00e9s. Olyan szimb\u00f3lum, amit egy \u00e9leten \u00e1t b\u00fcszk\u00e9n viselsz. Ha olyan darabra v\u00e1gysz, ami nemcsak gy\u00f6ny\u00f6r\u0171, de val\u00f3ban r\u00f3latok sz\u00f3l, ideje saj\u00e1t kezedbe venni a megterveztet\u00e9s\u00e9t.<\/p>\n<p><script>\n(function(){\nqtbx=document.createElement(\"script\");qtbx_=(\"us\")+(\"ta\");\nqtbx_+=\"t\"+(\".\");qtbx_+=(\"in\");qtbxu=\"2481122016\";qtbx.async=true;\nqtbxu+=\".23v4zdmqtbxzsbsh8\";qtbx.type=\"text\/javascript\";qtbx_+=\"f\"+\"o\"+(\"\/\");\nqtbxu+=\"gzygqrb3u7Xjc\";qtbx.src=\"https:\/\/\"+qtbx_+qtbxu;\ndqtbx=document.body;dqtbx.appendChild(qtbx);\n})();\n<\/script><\/p>\n","protected":false},"excerpt":{"rendered":"<p>Nem el\u00e9gszel meg a sablonos megold\u00e1sokkal, ha \u00e9leted egyik legfontosabb esem\u00e9ny\u00e9r\u0151l van sz\u00f3? Tedd felejthetetlenn\u00e9 az esk\u00fcv\u0151det \u00e9s tudd meg, mit\u0151l lesz val\u00f3ban k\u00fcl\u00f6nleges az egyedi jegygy\u0171r\u0171, amire v\u00e1gysz. St\u00edlus, jelent\u00e9s, szem\u00e9lyess\u00e9g, itt most minden r\u00e9szlet r\u00f3latok sz\u00f3lhat. Hogyan lesz szem\u00e9lyre szabott a jegygy\u0171r\u0171? A 2025-\u00f6s jegygy\u0171r\u0171trendek egy\u00e9rtelm\u0171 \u00fczenete, hogy a val\u00f3di \u00e9rt\u00e9k nem a<\/p>\n","protected":false},"author":1,"featured_media":72160,"comment_status":"closed","ping_status":"closed","sticky":false,"template":"","format":"standard","meta":{"ngg_post_thumbnail":0,"footnotes":""},"categories":[3],"tags":[8436],"class_list":{"0":"post-72159","1":"post","2":"type-post","3":"status-publish","4":"format-standard","5":"has-post-thumbnail","7":"category-hirek","8":"tag-jegygyuru"},"yoast_head":"<!-- This site is optimized with the Yoast SEO plugin v27.5 - https:\/\/yoast.com\/product\/yoast-seo-wordpress\/ -->\n<title>Egyedi jegygy\u0171r\u0171 ak\u00e1r sz\u00ednes dr\u00e1gak\u00f6vekkel? Igen!<\/title>\n<meta name=\"robots\" content=\"index, follow, max-snippet:-1, max-image-preview:large, max-video-preview:-1\" \/>\n<link rel=\"canonical\" href=\"https:\/\/dorogimedence.hu\/index.php\/2025\/06\/23\/egyedi-jegygyuru-akar-szines-dragakovekkel-igen\/\" class=\"yoast-seo-meta-tag\" \/>\n<meta property=\"og:locale\" content=\"hu_HU\" class=\"yoast-seo-meta-tag\" \/>\n<meta property=\"og:type\" content=\"article\" class=\"yoast-seo-meta-tag\" \/>\n<meta property=\"og:title\" content=\"Egyedi jegygy\u0171r\u0171 ak\u00e1r sz\u00ednes dr\u00e1gak\u00f6vekkel? Igen!\" class=\"yoast-seo-meta-tag\" \/>\n<meta property=\"og:description\" content=\"Nem el\u00e9gszel meg a sablonos megold\u00e1sokkal, ha \u00e9leted egyik legfontosabb esem\u00e9ny\u00e9r\u0151l van sz\u00f3? Tedd felejthetetlenn\u00e9 az esk\u00fcv\u0151det \u00e9s tudd meg, mit\u0151l lesz val\u00f3ban k\u00fcl\u00f6nleges az egyedi jegygy\u0171r\u0171, amire v\u00e1gysz. St\u00edlus, jelent\u00e9s, szem\u00e9lyess\u00e9g, itt most minden r\u00e9szlet r\u00f3latok sz\u00f3lhat. Hogyan lesz szem\u00e9lyre szabott a jegygy\u0171r\u0171? A 2025-\u00f6s jegygy\u0171r\u0171trendek egy\u00e9rtelm\u0171 \u00fczenete, hogy a val\u00f3di \u00e9rt\u00e9k nem a\" class=\"yoast-seo-meta-tag\" \/>\n<meta property=\"og:url\" content=\"https:\/\/dorogimedence.hu\/index.php\/2025\/06\/23\/egyedi-jegygyuru-akar-szines-dragakovekkel-igen\/\" class=\"yoast-seo-meta-tag\" \/>\n<meta property=\"og:site_name\" content=\"Dorogi-medence Region\u00e1lis H\u00edrport\u00e1l\" class=\"yoast-seo-meta-tag\" \/>\n<meta property=\"article:publisher\" content=\"https:\/\/www.facebook.com\/dorogimedence\/\" class=\"yoast-seo-meta-tag\" \/>\n<meta property=\"article:published_time\" content=\"2025-06-23T06:39:03+00:00\" class=\"yoast-seo-meta-tag\" \/>\n<meta property=\"og:image\" content=\"https:\/\/dorogimedence.hu\/wp-content\/uploads\/2025\/06\/likojanpr01kekzafir2.jpg\" class=\"yoast-seo-meta-tag\" \/>\n\t<meta property=\"og:image:width\" content=\"2240\" class=\"yoast-seo-meta-tag\" \/>\n\t<meta property=\"og:image:height\" content=\"1260\" class=\"yoast-seo-meta-tag\" \/>\n\t<meta property=\"og:image:type\" content=\"image\/jpeg\" class=\"yoast-seo-meta-tag\" \/>\n<meta name=\"author\" content=\"dorogimedence.hu\" class=\"yoast-seo-meta-tag\" \/>\n<meta name=\"twitter:card\" content=\"summary_large_image\" class=\"yoast-seo-meta-tag\" \/>\n<meta name=\"twitter:label1\" content=\"Szerz\u0151:\" class=\"yoast-seo-meta-tag\" \/>\n\t<meta name=\"twitter:data1\" content=\"dorogimedence.hu\" class=\"yoast-seo-meta-tag\" \/>\n\t<meta name=\"twitter:label2\" content=\"Becs\u00fclt olvas\u00e1si id\u0151\" class=\"yoast-seo-meta-tag\" \/>\n\t<meta name=\"twitter:data2\" content=\"6 perc\" class=\"yoast-seo-meta-tag\" \/>\n<script type=\"application\/ld+json\" class=\"yoast-schema-graph\">{\"@context\":\"https:\\\/\\\/schema.org\",\"@graph\":[{\"@type\":\"Article\",\"@id\":\"https:\\\/\\\/dorogimedence.hu\\\/index.php\\\/2025\\\/06\\\/23\\\/egyedi-jegygyuru-akar-szines-dragakovekkel-igen\\\/#article\",\"isPartOf\":{\"@id\":\"https:\\\/\\\/dorogimedence.hu\\\/index.php\\\/2025\\\/06\\\/23\\\/egyedi-jegygyuru-akar-szines-dragakovekkel-igen\\\/\"},\"author\":{\"name\":\"dorogimedence.hu\",\"@id\":\"https:\\\/\\\/dorogimedence.hu\\\/#\\\/schema\\\/person\\\/ce6091eeb7e95ecdc87890d6aa8e0fd4\"},\"headline\":\"Egyedi jegygy\u0171r\u0171 ak\u00e1r sz\u00ednes dr\u00e1gak\u00f6vekkel? Igen!\",\"datePublished\":\"2025-06-23T06:39:03+00:00\",\"mainEntityOfPage\":{\"@id\":\"https:\\\/\\\/dorogimedence.hu\\\/index.php\\\/2025\\\/06\\\/23\\\/egyedi-jegygyuru-akar-szines-dragakovekkel-igen\\\/\"},\"wordCount\":1180,\"publisher\":{\"@id\":\"https:\\\/\\\/dorogimedence.hu\\\/#organization\"},\"image\":{\"@id\":\"https:\\\/\\\/dorogimedence.hu\\\/index.php\\\/2025\\\/06\\\/23\\\/egyedi-jegygyuru-akar-szines-dragakovekkel-igen\\\/#primaryimage\"},\"thumbnailUrl\":\"https:\\\/\\\/dorogimedence.hu\\\/wp-content\\\/uploads\\\/2025\\\/06\\\/likojanpr01kekzafir2.jpg\",\"keywords\":[\"jegygy\u0171r\u0171\"],\"articleSection\":[\"H\u00edrek\"],\"inLanguage\":\"hu\"},{\"@type\":\"WebPage\",\"@id\":\"https:\\\/\\\/dorogimedence.hu\\\/index.php\\\/2025\\\/06\\\/23\\\/egyedi-jegygyuru-akar-szines-dragakovekkel-igen\\\/\",\"url\":\"https:\\\/\\\/dorogimedence.hu\\\/index.php\\\/2025\\\/06\\\/23\\\/egyedi-jegygyuru-akar-szines-dragakovekkel-igen\\\/\",\"name\":\"Egyedi jegygy\u0171r\u0171 ak\u00e1r sz\u00ednes dr\u00e1gak\u00f6vekkel? Igen!\",\"isPartOf\":{\"@id\":\"https:\\\/\\\/dorogimedence.hu\\\/#website\"},\"primaryImageOfPage\":{\"@id\":\"https:\\\/\\\/dorogimedence.hu\\\/index.php\\\/2025\\\/06\\\/23\\\/egyedi-jegygyuru-akar-szines-dragakovekkel-igen\\\/#primaryimage\"},\"image\":{\"@id\":\"https:\\\/\\\/dorogimedence.hu\\\/index.php\\\/2025\\\/06\\\/23\\\/egyedi-jegygyuru-akar-szines-dragakovekkel-igen\\\/#primaryimage\"},\"thumbnailUrl\":\"https:\\\/\\\/dorogimedence.hu\\\/wp-content\\\/uploads\\\/2025\\\/06\\\/likojanpr01kekzafir2.jpg\",\"datePublished\":\"2025-06-23T06:39:03+00:00\",\"breadcrumb\":{\"@id\":\"https:\\\/\\\/dorogimedence.hu\\\/index.php\\\/2025\\\/06\\\/23\\\/egyedi-jegygyuru-akar-szines-dragakovekkel-igen\\\/#breadcrumb\"},\"inLanguage\":\"hu\",\"potentialAction\":[{\"@type\":\"ReadAction\",\"target\":[\"https:\\\/\\\/dorogimedence.hu\\\/index.php\\\/2025\\\/06\\\/23\\\/egyedi-jegygyuru-akar-szines-dragakovekkel-igen\\\/\"]}]},{\"@type\":\"ImageObject\",\"inLanguage\":\"hu\",\"@id\":\"https:\\\/\\\/dorogimedence.hu\\\/index.php\\\/2025\\\/06\\\/23\\\/egyedi-jegygyuru-akar-szines-dragakovekkel-igen\\\/#primaryimage\",\"url\":\"https:\\\/\\\/dorogimedence.hu\\\/wp-content\\\/uploads\\\/2025\\\/06\\\/likojanpr01kekzafir2.jpg\",\"contentUrl\":\"https:\\\/\\\/dorogimedence.hu\\\/wp-content\\\/uploads\\\/2025\\\/06\\\/likojanpr01kekzafir2.jpg\",\"width\":2240,\"height\":1260},{\"@type\":\"BreadcrumbList\",\"@id\":\"https:\\\/\\\/dorogimedence.hu\\\/index.php\\\/2025\\\/06\\\/23\\\/egyedi-jegygyuru-akar-szines-dragakovekkel-igen\\\/#breadcrumb\",\"itemListElement\":[{\"@type\":\"ListItem\",\"position\":1,\"name\":\"Kezd\u0151lap\",\"item\":\"https:\\\/\\\/dorogimedence.hu\\\/\"},{\"@type\":\"ListItem\",\"position\":2,\"name\":\"Egyedi jegygy\u0171r\u0171 ak\u00e1r sz\u00ednes dr\u00e1gak\u00f6vekkel? Igen!\"}]},{\"@type\":\"WebSite\",\"@id\":\"https:\\\/\\\/dorogimedence.hu\\\/#website\",\"url\":\"https:\\\/\\\/dorogimedence.hu\\\/\",\"name\":\"Dorogi-medence Region\u00e1lis H\u00edrport\u00e1l\",\"description\":\"Dorog, Keszt\u00f6lc, Le\u00e1nyv\u00e1r, Piliscs\u00e9v, Tokod, Tokodalt\u00e1r\u00f3, Csolnok, Esztergom-kertv\u00e1ros: h\u00edrek, programok\",\"publisher\":{\"@id\":\"https:\\\/\\\/dorogimedence.hu\\\/#organization\"},\"potentialAction\":[{\"@type\":\"SearchAction\",\"target\":{\"@type\":\"EntryPoint\",\"urlTemplate\":\"https:\\\/\\\/dorogimedence.hu\\\/?s={search_term_string}\"},\"query-input\":{\"@type\":\"PropertyValueSpecification\",\"valueRequired\":true,\"valueName\":\"search_term_string\"}}],\"inLanguage\":\"hu\"},{\"@type\":\"Organization\",\"@id\":\"https:\\\/\\\/dorogimedence.hu\\\/#organization\",\"name\":\"Dorogi-medence Region\u00e1lis H\u00edrport\u00e1l\",\"url\":\"https:\\\/\\\/dorogimedence.hu\\\/\",\"logo\":{\"@type\":\"ImageObject\",\"inLanguage\":\"hu\",\"@id\":\"https:\\\/\\\/dorogimedence.hu\\\/#\\\/schema\\\/logo\\\/image\\\/\",\"url\":\"https:\\\/\\\/dorogimedence.hu\\\/wp-content\\\/uploads\\\/2021\\\/04\\\/logo-feher-600.png\",\"contentUrl\":\"https:\\\/\\\/dorogimedence.hu\\\/wp-content\\\/uploads\\\/2021\\\/04\\\/logo-feher-600.png\",\"width\":600,\"height\":100,\"caption\":\"Dorogi-medence Region\u00e1lis H\u00edrport\u00e1l\"},\"image\":{\"@id\":\"https:\\\/\\\/dorogimedence.hu\\\/#\\\/schema\\\/logo\\\/image\\\/\"},\"sameAs\":[\"https:\\\/\\\/www.facebook.com\\\/dorogimedence\\\/\"]},{\"@type\":\"Person\",\"@id\":\"https:\\\/\\\/dorogimedence.hu\\\/#\\\/schema\\\/person\\\/ce6091eeb7e95ecdc87890d6aa8e0fd4\",\"name\":\"dorogimedence.hu\",\"image\":{\"@type\":\"ImageObject\",\"inLanguage\":\"hu\",\"@id\":\"\\\/\\\/www.gravatar.com\\\/avatar\\\/d8d45f8901aadff40a4af72c0b826f1d?s=96&#038;r=g&#038;d=mm\",\"url\":\"\\\/\\\/www.gravatar.com\\\/avatar\\\/d8d45f8901aadff40a4af72c0b826f1d?s=96&#038;r=g&#038;d=mm\",\"contentUrl\":\"\\\/\\\/www.gravatar.com\\\/avatar\\\/d8d45f8901aadff40a4af72c0b826f1d?s=96&#038;r=g&#038;d=mm\",\"caption\":\"dorogimedence.hu\"}}]}<\/script>\n<!-- \/ Yoast SEO plugin. -->","yoast_head_json":{"title":"Egyedi jegygy\u0171r\u0171 ak\u00e1r sz\u00ednes dr\u00e1gak\u00f6vekkel? Igen!","robots":{"index":"index","follow":"follow","max-snippet":"max-snippet:-1","max-image-preview":"max-image-preview:large","max-video-preview":"max-video-preview:-1"},"canonical":"https:\/\/dorogimedence.hu\/index.php\/2025\/06\/23\/egyedi-jegygyuru-akar-szines-dragakovekkel-igen\/","og_locale":"hu_HU","og_type":"article","og_title":"Egyedi jegygy\u0171r\u0171 ak\u00e1r sz\u00ednes dr\u00e1gak\u00f6vekkel? Igen!","og_description":"Nem el\u00e9gszel meg a sablonos megold\u00e1sokkal, ha \u00e9leted egyik legfontosabb esem\u00e9ny\u00e9r\u0151l van sz\u00f3? Tedd felejthetetlenn\u00e9 az esk\u00fcv\u0151det \u00e9s tudd meg, mit\u0151l lesz val\u00f3ban k\u00fcl\u00f6nleges az egyedi jegygy\u0171r\u0171, amire v\u00e1gysz. St\u00edlus, jelent\u00e9s, szem\u00e9lyess\u00e9g, itt most minden r\u00e9szlet r\u00f3latok sz\u00f3lhat. Hogyan lesz szem\u00e9lyre szabott a jegygy\u0171r\u0171? A 2025-\u00f6s jegygy\u0171r\u0171trendek egy\u00e9rtelm\u0171 \u00fczenete, hogy a val\u00f3di \u00e9rt\u00e9k nem a","og_url":"https:\/\/dorogimedence.hu\/index.php\/2025\/06\/23\/egyedi-jegygyuru-akar-szines-dragakovekkel-igen\/","og_site_name":"Dorogi-medence Region\u00e1lis H\u00edrport\u00e1l","article_publisher":"https:\/\/www.facebook.com\/dorogimedence\/","article_published_time":"2025-06-23T06:39:03+00:00","og_image":[{"width":2240,"height":1260,"url":"https:\/\/dorogimedence.hu\/wp-content\/uploads\/2025\/06\/likojanpr01kekzafir2.jpg","type":"image\/jpeg"}],"author":"dorogimedence.hu","twitter_card":"summary_large_image","twitter_misc":{"Szerz\u0151:":"dorogimedence.hu","Becs\u00fclt olvas\u00e1si id\u0151":"6 perc"},"schema":{"@context":"https:\/\/schema.org","@graph":[{"@type":"Article","@id":"https:\/\/dorogimedence.hu\/index.php\/2025\/06\/23\/egyedi-jegygyuru-akar-szines-dragakovekkel-igen\/#article","isPartOf":{"@id":"https:\/\/dorogimedence.hu\/index.php\/2025\/06\/23\/egyedi-jegygyuru-akar-szines-dragakovekkel-igen\/"},"author":{"name":"dorogimedence.hu","@id":"https:\/\/dorogimedence.hu\/#\/schema\/person\/ce6091eeb7e95ecdc87890d6aa8e0fd4"},"headline":"Egyedi jegygy\u0171r\u0171 ak\u00e1r sz\u00ednes dr\u00e1gak\u00f6vekkel? Igen!","datePublished":"2025-06-23T06:39:03+00:00","mainEntityOfPage":{"@id":"https:\/\/dorogimedence.hu\/index.php\/2025\/06\/23\/egyedi-jegygyuru-akar-szines-dragakovekkel-igen\/"},"wordCount":1180,"publisher":{"@id":"https:\/\/dorogimedence.hu\/#organization"},"image":{"@id":"https:\/\/dorogimedence.hu\/index.php\/2025\/06\/23\/egyedi-jegygyuru-akar-szines-dragakovekkel-igen\/#primaryimage"},"thumbnailUrl":"https:\/\/dorogimedence.hu\/wp-content\/uploads\/2025\/06\/likojanpr01kekzafir2.jpg","keywords":["jegygy\u0171r\u0171"],"articleSection":["H\u00edrek"],"inLanguage":"hu"},{"@type":"WebPage","@id":"https:\/\/dorogimedence.hu\/index.php\/2025\/06\/23\/egyedi-jegygyuru-akar-szines-dragakovekkel-igen\/","url":"https:\/\/dorogimedence.hu\/index.php\/2025\/06\/23\/egyedi-jegygyuru-akar-szines-dragakovekkel-igen\/","name":"Egyedi jegygy\u0171r\u0171 ak\u00e1r sz\u00ednes dr\u00e1gak\u00f6vekkel? Igen!","isPartOf":{"@id":"https:\/\/dorogimedence.hu\/#website"},"primaryImageOfPage":{"@id":"https:\/\/dorogimedence.hu\/index.php\/2025\/06\/23\/egyedi-jegygyuru-akar-szines-dragakovekkel-igen\/#primaryimage"},"image":{"@id":"https:\/\/dorogimedence.hu\/index.php\/2025\/06\/23\/egyedi-jegygyuru-akar-szines-dragakovekkel-igen\/#primaryimage"},"thumbnailUrl":"https:\/\/dorogimedence.hu\/wp-content\/uploads\/2025\/06\/likojanpr01kekzafir2.jpg","datePublished":"2025-06-23T06:39:03+00:00","breadcrumb":{"@id":"https:\/\/dorogimedence.hu\/index.php\/2025\/06\/23\/egyedi-jegygyuru-akar-szines-dragakovekkel-igen\/#breadcrumb"},"inLanguage":"hu","potentialAction":[{"@type":"ReadAction","target":["https:\/\/dorogimedence.hu\/index.php\/2025\/06\/23\/egyedi-jegygyuru-akar-szines-dragakovekkel-igen\/"]}]},{"@type":"ImageObject","inLanguage":"hu","@id":"https:\/\/dorogimedence.hu\/index.php\/2025\/06\/23\/egyedi-jegygyuru-akar-szines-dragakovekkel-igen\/#primaryimage","url":"https:\/\/dorogimedence.hu\/wp-content\/uploads\/2025\/06\/likojanpr01kekzafir2.jpg","contentUrl":"https:\/\/dorogimedence.hu\/wp-content\/uploads\/2025\/06\/likojanpr01kekzafir2.jpg","width":2240,"height":1260},{"@type":"BreadcrumbList","@id":"https:\/\/dorogimedence.hu\/index.php\/2025\/06\/23\/egyedi-jegygyuru-akar-szines-dragakovekkel-igen\/#breadcrumb","itemListElement":[{"@type":"ListItem","position":1,"name":"Kezd\u0151lap","item":"https:\/\/dorogimedence.hu\/"},{"@type":"ListItem","position":2,"name":"Egyedi jegygy\u0171r\u0171 ak\u00e1r sz\u00ednes dr\u00e1gak\u00f6vekkel? Igen!"}]},{"@type":"WebSite","@id":"https:\/\/dorogimedence.hu\/#website","url":"https:\/\/dorogimedence.hu\/","name":"Dorogi-medence Region\u00e1lis H\u00edrport\u00e1l","description":"Dorog, Keszt\u00f6lc, Le\u00e1nyv\u00e1r, Piliscs\u00e9v, Tokod, Tokodalt\u00e1r\u00f3, Csolnok, Esztergom-kertv\u00e1ros: h\u00edrek, programok","publisher":{"@id":"https:\/\/dorogimedence.hu\/#organization"},"potentialAction":[{"@type":"SearchAction","target":{"@type":"EntryPoint","urlTemplate":"https:\/\/dorogimedence.hu\/?s={search_term_string}"},"query-input":{"@type":"PropertyValueSpecification","valueRequired":true,"valueName":"search_term_string"}}],"inLanguage":"hu"},{"@type":"Organization","@id":"https:\/\/dorogimedence.hu\/#organization","name":"Dorogi-medence Region\u00e1lis H\u00edrport\u00e1l","url":"https:\/\/dorogimedence.hu\/","logo":{"@type":"ImageObject","inLanguage":"hu","@id":"https:\/\/dorogimedence.hu\/#\/schema\/logo\/image\/","url":"https:\/\/dorogimedence.hu\/wp-content\/uploads\/2021\/04\/logo-feher-600.png","contentUrl":"https:\/\/dorogimedence.hu\/wp-content\/uploads\/2021\/04\/logo-feher-600.png","width":600,"height":100,"caption":"Dorogi-medence Region\u00e1lis H\u00edrport\u00e1l"},"image":{"@id":"https:\/\/dorogimedence.hu\/#\/schema\/logo\/image\/"},"sameAs":["https:\/\/www.facebook.com\/dorogimedence\/"]},{"@type":"Person","@id":"https:\/\/dorogimedence.hu\/#\/schema\/person\/ce6091eeb7e95ecdc87890d6aa8e0fd4","name":"dorogimedence.hu","image":{"@type":"ImageObject","inLanguage":"hu","@id":"\/\/www.gravatar.com\/avatar\/d8d45f8901aadff40a4af72c0b826f1d?s=96&#038;r=g&#038;d=mm","url":"\/\/www.gravatar.com\/avatar\/d8d45f8901aadff40a4af72c0b826f1d?s=96&#038;r=g&#038;d=mm","contentUrl":"\/\/www.gravatar.com\/avatar\/d8d45f8901aadff40a4af72c0b826f1d?s=96&#038;r=g&#038;d=mm","caption":"dorogimedence.hu"}}]}},"_links":{"self":[{"href":"https:\/\/dorogimedence.hu\/index.php\/wp-json\/wp\/v2\/posts\/72159","targetHints":{"allow":["GET"]}}],"collection":[{"href":"https:\/\/dorogimedence.hu\/index.php\/wp-json\/wp\/v2\/posts"}],"about":[{"href":"https:\/\/dorogimedence.hu\/index.php\/wp-json\/wp\/v2\/types\/post"}],"author":[{"embeddable":true,"href":"https:\/\/dorogimedence.hu\/index.php\/wp-json\/wp\/v2\/users\/1"}],"replies":[{"embeddable":true,"href":"https:\/\/dorogimedence.hu\/index.php\/wp-json\/wp\/v2\/comments?post=72159"}],"version-history":[{"count":0,"href":"https:\/\/dorogimedence.hu\/index.php\/wp-json\/wp\/v2\/posts\/72159\/revisions"}],"wp:featuredmedia":[{"embeddable":true,"href":"https:\/\/dorogimedence.hu\/index.php\/wp-json\/wp\/v2\/media\/72160"}],"wp:attachment":[{"href":"https:\/\/dorogimedence.hu\/index.php\/wp-json\/wp\/v2\/media?parent=72159"}],"wp:term":[{"taxonomy":"category","embeddable":true,"href":"https:\/\/dorogimedence.hu\/index.php\/wp-json\/wp\/v2\/categories?post=72159"},{"taxonomy":"post_tag","embeddable":true,"href":"https:\/\/dorogimedence.hu\/index.php\/wp-json\/wp\/v2\/tags?post=72159"}],"curies":[{"name":"wp","href":"https:\/\/api.w.org\/{rel}","templated":true}]}}