{"id":72108,"date":"2025-06-21T14:32:26","date_gmt":"2025-06-21T12:32:26","guid":{"rendered":"https:\/\/dorogimedence.hu\/?p=72108"},"modified":"2025-06-21T15:34:51","modified_gmt":"2025-06-21T13:34:51","slug":"atadtak-az-aknatorony-kilatot-dorogon","status":"publish","type":"post","link":"https:\/\/dorogimedence.hu\/index.php\/2025\/06\/21\/atadtak-az-aknatorony-kilatot-dorogon\/","title":{"rendered":"\u00c1tadt\u00e1k az Aknatorony-kil\u00e1t\u00f3t Dorogon"},"content":{"rendered":"<p><strong>J\u00fanius 21-\u00e9n, szombaton d\u00e9lel\u0151tt \u00fcnnep\u00e9lyes keretek k\u00f6z\u00f6tt adt\u00e1k \u00e1t az Aknatorony-kil\u00e1t\u00f3t Dorogon, amely a Kom\u00e1rom-Esztergom V\u00e1rmegyei \u00d6nkorm\u00e1nyzat \u00e1ltal koordin\u00e1lt Ter\u00fclet- \u00e9s Telep\u00fcl\u00e9sfejleszt\u00e9si Operat\u00edv Program Plusz (TOP Plusz) keret\u00e9ben val\u00f3sult meg.<\/strong><\/p>\n<p><img fetchpriority=\"high\" decoding=\"async\" class=\"alignnone size-full wp-image-72110\" src=\"https:\/\/dorogimedence.hu\/wp-content\/uploads\/2025\/06\/IMG_1473.jpg\" alt=\"\" width=\"1920\" height=\"1280\" srcset=\"https:\/\/dorogimedence.hu\/wp-content\/uploads\/2025\/06\/IMG_1473.jpg 1920w, https:\/\/dorogimedence.hu\/wp-content\/uploads\/2025\/06\/IMG_1473-600x400.jpg 600w, https:\/\/dorogimedence.hu\/wp-content\/uploads\/2025\/06\/IMG_1473-768x512.jpg 768w, https:\/\/dorogimedence.hu\/wp-content\/uploads\/2025\/06\/IMG_1473-1536x1024.jpg 1536w, https:\/\/dorogimedence.hu\/wp-content\/uploads\/2025\/06\/IMG_1473-150x100.jpg 150w, https:\/\/dorogimedence.hu\/wp-content\/uploads\/2025\/06\/IMG_1473-450x300.jpg 450w, https:\/\/dorogimedence.hu\/wp-content\/uploads\/2025\/06\/IMG_1473-1200x800.jpg 1200w, https:\/\/dorogimedence.hu\/wp-content\/uploads\/2025\/06\/IMG_1473-272x182.jpg 272w\" sizes=\"(max-width: 1920px) 100vw, 1920px\" \/><\/p>\n<p>Az esem\u00e9ny a G\u00e1thy Zolt\u00e1n V\u00e1rosi K\u00f6nyvt\u00e1r emeleti gal\u00e9ri\u00e1j\u00e1ban kezd\u0151d\u00f6tt, ahol dr. Tittmann J\u00e1nos, Dorog polg\u00e1rmestere a K\u00e1lv\u00e1ria 100 \u00e9ves t\u00f6rt\u00e9net\u00e9r\u0151l tartott el\u0151ad\u00e1st. Az el\u0151ad\u00e1s ut\u00e1n az \u00fcnneps\u00e9g az Aknatorony-kil\u00e1t\u00f3n\u00e1l folytat\u00f3dott, melyen dr. Tittmann J\u00e1nos mellett Er\u0151s G\u00e1bor, a t\u00e9rs\u00e9g orsz\u00e1ggy\u0171l\u00e9si k\u00e9pvisel\u0151je, Popovics Gy\u00f6rgy, a v\u00e1rmegyei k\u00f6zgy\u0171l\u00e9s eln\u00f6ke, Kancz Csaba f\u0151isp\u00e1n, valamint dr. Martos Levente Bal\u00e1zs seg\u00e9d p\u00fcsp\u00f6k is r\u00e9szt vett a helyi egyh\u00e1zi vezet\u0151kkel egyetemben. Az \u00fcnneps\u00e9gen k\u00f6zrem\u0171k\u00f6dtek az Erkel Ferenc Zeneiskola tan\u00e1ra \u00e9s di\u00e1kjai.<\/p>\n<p><img decoding=\"async\" class=\"alignnone size-full wp-image-72111\" src=\"https:\/\/dorogimedence.hu\/wp-content\/uploads\/2025\/06\/IMG_1493.jpg\" alt=\"\" width=\"1920\" height=\"1280\" srcset=\"https:\/\/dorogimedence.hu\/wp-content\/uploads\/2025\/06\/IMG_1493.jpg 1920w, https:\/\/dorogimedence.hu\/wp-content\/uploads\/2025\/06\/IMG_1493-600x400.jpg 600w, https:\/\/dorogimedence.hu\/wp-content\/uploads\/2025\/06\/IMG_1493-768x512.jpg 768w, https:\/\/dorogimedence.hu\/wp-content\/uploads\/2025\/06\/IMG_1493-1536x1024.jpg 1536w, https:\/\/dorogimedence.hu\/wp-content\/uploads\/2025\/06\/IMG_1493-150x100.jpg 150w, https:\/\/dorogimedence.hu\/wp-content\/uploads\/2025\/06\/IMG_1493-450x300.jpg 450w, https:\/\/dorogimedence.hu\/wp-content\/uploads\/2025\/06\/IMG_1493-1200x800.jpg 1200w, https:\/\/dorogimedence.hu\/wp-content\/uploads\/2025\/06\/IMG_1493-272x182.jpg 272w\" sizes=\"(max-width: 1920px) 100vw, 1920px\" \/><\/p>\n<p>\u201eNagyon nagy \u00f6r\u00f6mmel j\u00f6ttem Dorogra a mai napon, hiszen egy olyan beruh\u00e1z\u00e1st tudunk ma \u00e1tadni, ami p\u00e1rj\u00e1t ritk\u00edtja ebben a v\u00e1rmegy\u00e9ben. A v\u00e1rmegyei \u00f6nkorm\u00e1nyzat \u00f3ri\u00e1si hangs\u00falyt fektet a turisztikai jelleg\u0171 \u00e9s a szakr\u00e1lis jelleg\u0171 beruh\u00e1z\u00e1sokra, ezen bel\u00fcl a dorogi fejleszt\u00e9sekre is. Ez egy k\u00f6z\u00f6s munka eredm\u00e9nye, ahova ma eljutottunk, \u00e9s k\u00fcl\u00f6n \u00f6r\u00f6m sz\u00e1momra, hogy az akt\u00edv turisztikai fejleszt\u00e9sek \u00e9s a szakr\u00e1lis fejleszt\u00e9sek \u00f6sszekapcsol\u00f3dnak.\u201d \u2013 mondta besz\u00e9d\u00e9ben Popovics Gy\u00f6rgy, majd hozz\u00e1tette, hogy a TOP \u00e9s a TOP Plusz keret\u00e9ben Dorogon m\u00e1r t\u00f6bb mint 2 milli\u00e1rd forintot ford\u00edtottak \u00faj beruh\u00e1z\u00e1sokra \u00e9s fel\u00faj\u00edt\u00e1sokra.<\/p>\n<p><img decoding=\"async\" class=\"alignnone size-full wp-image-72112\" src=\"https:\/\/dorogimedence.hu\/wp-content\/uploads\/2025\/06\/IMG_1506.jpg\" alt=\"\" width=\"1920\" height=\"1280\" srcset=\"https:\/\/dorogimedence.hu\/wp-content\/uploads\/2025\/06\/IMG_1506.jpg 1920w, https:\/\/dorogimedence.hu\/wp-content\/uploads\/2025\/06\/IMG_1506-600x400.jpg 600w, https:\/\/dorogimedence.hu\/wp-content\/uploads\/2025\/06\/IMG_1506-768x512.jpg 768w, https:\/\/dorogimedence.hu\/wp-content\/uploads\/2025\/06\/IMG_1506-1536x1024.jpg 1536w, https:\/\/dorogimedence.hu\/wp-content\/uploads\/2025\/06\/IMG_1506-150x100.jpg 150w, https:\/\/dorogimedence.hu\/wp-content\/uploads\/2025\/06\/IMG_1506-450x300.jpg 450w, https:\/\/dorogimedence.hu\/wp-content\/uploads\/2025\/06\/IMG_1506-1200x800.jpg 1200w, https:\/\/dorogimedence.hu\/wp-content\/uploads\/2025\/06\/IMG_1506-272x182.jpg 272w\" sizes=\"(max-width: 1920px) 100vw, 1920px\" \/><\/p>\n<p>\u201eA m\u00falt, a jelen \u00e9s a j\u00f6v\u0151 tal\u00e1lkozik. A m\u00falt a b\u00e1ny\u00e1szati \u00f6r\u00f6ks\u00e9g, \u00e9s egy olyan kil\u00e1t\u00f3, ami annak idej\u00e9n egy ipari l\u00e9tes\u00edtm\u00e9ny volt, egy aknatorony, ami a lefel\u00e9 utat mutatta. Ahova nap mint nap lementek a b\u00e1ny\u00e1szok, nap mint nap kem\u00e9ny munk\u00e1val Dorogot \u00e9s a t\u00e9rs\u00e9g j\u00f6v\u0151j\u00e9t \u00e9p\u00edtett\u00e9k. De most a jelenben vagyunk, \u00e9s ez az aktatorony \u00faj \u00e9rtelmet kap. Most m\u00e1r a j\u00f6v\u0151be mutat. Tal\u00e1n ahogy az \u0151s\u00f6k is szerett\u00e9k volna, hogy igenis kell, hogy legyen j\u00f6v\u0151.\u201d \u2013 \u00edgy kezdte besz\u00e9d\u00e9t Er\u0151s G\u00e1bor, majd hozz\u00e1tette, hogy ez az aknatorony most m\u00e1r kil\u00e1t\u00f3k\u00e9nt fog funkcion\u00e1lni, \u00e9s most m\u00e1r \u00fagy fog itt lenni, mint egy k\u00f6z\u00f6ss\u00e9gi t\u00e9r, amelynek \u00fczenete is van, ami azt s\u00fagja nek\u00fcnk, hogy ne felejts\u00fck el a hagyom\u00e1nyainkat, a m\u00faltunkat, \u00e9s azokat igenis \u00e1polni kell \u00e9s meg\u00faj\u00edtani, mert \u00faj \u00e9rtelmeket tudnak nyerni.<\/p>\n<p><img loading=\"lazy\" decoding=\"async\" class=\"alignnone size-full wp-image-72113\" src=\"https:\/\/dorogimedence.hu\/wp-content\/uploads\/2025\/06\/IMG_1519.jpg\" alt=\"\" width=\"1920\" height=\"1280\" srcset=\"https:\/\/dorogimedence.hu\/wp-content\/uploads\/2025\/06\/IMG_1519.jpg 1920w, https:\/\/dorogimedence.hu\/wp-content\/uploads\/2025\/06\/IMG_1519-600x400.jpg 600w, https:\/\/dorogimedence.hu\/wp-content\/uploads\/2025\/06\/IMG_1519-768x512.jpg 768w, https:\/\/dorogimedence.hu\/wp-content\/uploads\/2025\/06\/IMG_1519-1536x1024.jpg 1536w, https:\/\/dorogimedence.hu\/wp-content\/uploads\/2025\/06\/IMG_1519-150x100.jpg 150w, https:\/\/dorogimedence.hu\/wp-content\/uploads\/2025\/06\/IMG_1519-450x300.jpg 450w, https:\/\/dorogimedence.hu\/wp-content\/uploads\/2025\/06\/IMG_1519-1200x800.jpg 1200w, https:\/\/dorogimedence.hu\/wp-content\/uploads\/2025\/06\/IMG_1519-272x182.jpg 272w\" sizes=\"(max-width: 1920px) 100vw, 1920px\" \/><\/p>\n<p>Harmadikk\u00e9nt dr. Tittmann J\u00e1nos j\u00e1rult a mikrofonokhoz, aki megk\u00f6sz\u00f6nte a t\u00e1mogat\u00e1st a v\u00e1rmegyei \u00f6nkorm\u00e1nyzatnak, valamint elismer\u00e9seket adott \u00e1t azoknak, akik r\u00e9szt vettek a K\u00e1lv\u00e1ria fel\u00faj\u00edt\u00e1s\u00e1ban, illetve az Aknatorony-kil\u00e1t\u00f3 megval\u00f3s\u00edt\u00e1s\u00e1ban. A polg\u00e1rmester ut\u00e1n dr. Martos Levente Bal\u00e1zs szentbesz\u00e9d\u00e9t hallgathatt\u00e1k meg az \u00e9rdekl\u0151d\u0151k, ami a K\u00e1lv\u00e1ria meg\u00e1ld\u00e1s\u00e1val z\u00e1rult. Ezt k\u00f6vet\u0151en el\u00e9rkezett a v\u00e1rva v\u00e1rt pillanat: dr. Tittmann J\u00e1nos kinyitotta a kil\u00e1t\u00f3 kapuj\u00e1t. A kil\u00e1t\u00f3 mostant\u00f3l szabadon l\u00e1togathat\u00f3 b\u00e1rmely napszakban.<\/p>\n<p><img loading=\"lazy\" decoding=\"async\" class=\"alignnone size-full wp-image-72114\" src=\"https:\/\/dorogimedence.hu\/wp-content\/uploads\/2025\/06\/IMG_1543.jpg\" alt=\"\" width=\"1920\" height=\"1280\" srcset=\"https:\/\/dorogimedence.hu\/wp-content\/uploads\/2025\/06\/IMG_1543.jpg 1920w, https:\/\/dorogimedence.hu\/wp-content\/uploads\/2025\/06\/IMG_1543-600x400.jpg 600w, https:\/\/dorogimedence.hu\/wp-content\/uploads\/2025\/06\/IMG_1543-768x512.jpg 768w, https:\/\/dorogimedence.hu\/wp-content\/uploads\/2025\/06\/IMG_1543-1536x1024.jpg 1536w, https:\/\/dorogimedence.hu\/wp-content\/uploads\/2025\/06\/IMG_1543-150x100.jpg 150w, https:\/\/dorogimedence.hu\/wp-content\/uploads\/2025\/06\/IMG_1543-450x300.jpg 450w, https:\/\/dorogimedence.hu\/wp-content\/uploads\/2025\/06\/IMG_1543-1200x800.jpg 1200w, https:\/\/dorogimedence.hu\/wp-content\/uploads\/2025\/06\/IMG_1543-272x182.jpg 272w\" sizes=\"(max-width: 1920px) 100vw, 1920px\" \/><\/p>\n<p>A beruh\u00e1z\u00e1sr\u00f3l: a K\u00e1lv\u00e1ri\u00e1n tal\u00e1lhat\u00f3 16 m\u00e9ter magas l\u00e9tes\u00edtm\u00e9ny \u00e1t\u00e9p\u00edt\u00e9se sor\u00e1n a torony megl\u00e9v\u0151 szerkezet\u00e9nek min\u00e9l nagyobb m\u00e9rt\u00e9k\u0171 megtart\u00e1sa mellett alak\u00edtott\u00e1k kil\u00e1t\u00f3terassz\u00e1 az \u00e9p\u00edtm\u00e9ny fels\u0151 szintj\u00e9t. A feljut\u00e1st biztos\u00edt\u00f3 l\u00e9pcs\u0151 a k\u00fcls\u0151 kont\u00farhoz illeszkedve halad, a \u201eszintenk\u00e9nti\u201d pihen\u0151ket a v\u00e1ros fel\u0151li oldalon \u00e9p\u00edtett\u00e9k ki. A torony megl\u00e9v\u0151 f\u00e9nyei megmaradtak, de \u00e9jszakai haszn\u00e1latot biztos\u00edt\u00f3 megvil\u00e1g\u00edt\u00e1ssal is ell\u00e1tt\u00e1k. A kil\u00e1t\u00f3 mellett a keresztek \u00e9s a st\u00e1ci\u00f3k is meg\u00fajultak, valamint \u00faj l\u00e9pcs\u0151sort \u00e9s j\u00e1rd\u00e1t alak\u00edtottak ki megvil\u00e1g\u00edt\u00e1ssal. A TOP_PLUSZ-1.1.3-21-KO1-2022-00004 azonos\u00edt\u00f3sz\u00e1m\u00fa,&nbsp;Dorogi B\u00e1ny\u00e1sz Eml\u00e9km\u0171-Kil\u00e1t\u00f3 kialak\u00edt\u00e1sa a K\u00e1lv\u00e1ria dombon c\u00edm\u0171 projekt 207 milli\u00f3 forint eur\u00f3pai uni\u00f3s t\u00e1mogat\u00e1sb\u00f3l val\u00f3sult meg.<\/p>\n<p><iframe title=\"Dorogi K\u00e1lv\u00e1ria \u00e9s Aknatorony kil\u00e1t\u00f3 1.\" width=\"755\" height=\"425\" src=\"https:\/\/www.youtube.com\/embed\/O2y3cS9HRcU?feature=oembed\" frameborder=\"0\" allow=\"accelerometer; autoplay; clipboard-write; encrypted-media; gyroscope; picture-in-picture; web-share\" referrerpolicy=\"strict-origin-when-cross-origin\" allowfullscreen><\/iframe><\/p>\n<p><iframe title=\"Dorogi K\u00e1lv\u00e1ria \u00e9s Aknatorony kil\u00e1t\u00f3 2. (FPV)\" width=\"755\" height=\"425\" src=\"https:\/\/www.youtube.com\/embed\/Jv6B5-FK8UM?feature=oembed\" frameborder=\"0\" allow=\"accelerometer; autoplay; clipboard-write; encrypted-media; gyroscope; picture-in-picture; web-share\" referrerpolicy=\"strict-origin-when-cross-origin\" allowfullscreen><\/iframe><\/p>\n<p><em>Fot\u00f3k, vide\u00f3k: dorogimedence.hu<\/em><\/p>\n","protected":false},"excerpt":{"rendered":"<p>J\u00fanius 21-\u00e9n, szombaton d\u00e9lel\u0151tt \u00fcnnep\u00e9lyes keretek k\u00f6z\u00f6tt adt\u00e1k \u00e1t az Aknatorony-kil\u00e1t\u00f3t Dorogon, amely a Kom\u00e1rom-Esztergom V\u00e1rmegyei \u00d6nkorm\u00e1nyzat \u00e1ltal koordin\u00e1lt Ter\u00fclet- \u00e9s Telep\u00fcl\u00e9sfejleszt\u00e9si Operat\u00edv Program Plusz (TOP Plusz) keret\u00e9ben val\u00f3sult meg. Az esem\u00e9ny a G\u00e1thy Zolt\u00e1n V\u00e1rosi K\u00f6nyvt\u00e1r emeleti gal\u00e9ri\u00e1j\u00e1ban kezd\u0151d\u00f6tt, ahol dr. Tittmann J\u00e1nos, Dorog polg\u00e1rmestere a K\u00e1lv\u00e1ria 100 \u00e9ves t\u00f6rt\u00e9net\u00e9r\u0151l tartott el\u0151ad\u00e1st. Az el\u0151ad\u00e1s<\/p>\n","protected":false},"author":1,"featured_media":72109,"comment_status":"closed","ping_status":"closed","sticky":false,"template":"","format":"standard","meta":{"ngg_post_thumbnail":0,"footnotes":""},"categories":[2,3],"tags":[8416,15,5624],"class_list":{"0":"post-72108","1":"post","2":"type-post","3":"status-publish","4":"format-standard","5":"has-post-thumbnail","7":"category-dorog","8":"category-hirek","9":"tag-aknatorony-kilato","10":"tag-dorog","11":"tag-featured"},"yoast_head":"<!-- This site is optimized with the Yoast SEO plugin v27.4 - https:\/\/yoast.com\/product\/yoast-seo-wordpress\/ -->\n<title>\u00c1tadt\u00e1k az Aknatorony-kil\u00e1t\u00f3t Dorogon<\/title>\n<meta name=\"robots\" content=\"index, follow, max-snippet:-1, max-image-preview:large, max-video-preview:-1\" \/>\n<link rel=\"canonical\" href=\"https:\/\/dorogimedence.hu\/index.php\/2025\/06\/21\/atadtak-az-aknatorony-kilatot-dorogon\/\" class=\"yoast-seo-meta-tag\" \/>\n<meta property=\"og:locale\" content=\"hu_HU\" class=\"yoast-seo-meta-tag\" \/>\n<meta property=\"og:type\" content=\"article\" class=\"yoast-seo-meta-tag\" \/>\n<meta property=\"og:title\" content=\"\u00c1tadt\u00e1k az Aknatorony-kil\u00e1t\u00f3t Dorogon\" class=\"yoast-seo-meta-tag\" \/>\n<meta property=\"og:description\" content=\"J\u00fanius 21-\u00e9n, szombaton d\u00e9lel\u0151tt \u00fcnnep\u00e9lyes keretek k\u00f6z\u00f6tt adt\u00e1k \u00e1t az Aknatorony-kil\u00e1t\u00f3t Dorogon, amely a Kom\u00e1rom-Esztergom V\u00e1rmegyei \u00d6nkorm\u00e1nyzat \u00e1ltal koordin\u00e1lt Ter\u00fclet- \u00e9s Telep\u00fcl\u00e9sfejleszt\u00e9si Operat\u00edv Program Plusz (TOP Plusz) keret\u00e9ben val\u00f3sult meg. Az esem\u00e9ny a G\u00e1thy Zolt\u00e1n V\u00e1rosi K\u00f6nyvt\u00e1r emeleti gal\u00e9ri\u00e1j\u00e1ban kezd\u0151d\u00f6tt, ahol dr. Tittmann J\u00e1nos, Dorog polg\u00e1rmestere a K\u00e1lv\u00e1ria 100 \u00e9ves t\u00f6rt\u00e9net\u00e9r\u0151l tartott el\u0151ad\u00e1st. Az el\u0151ad\u00e1s\" class=\"yoast-seo-meta-tag\" \/>\n<meta property=\"og:url\" content=\"https:\/\/dorogimedence.hu\/index.php\/2025\/06\/21\/atadtak-az-aknatorony-kilatot-dorogon\/\" class=\"yoast-seo-meta-tag\" \/>\n<meta property=\"og:site_name\" content=\"Dorogi-medence Region\u00e1lis H\u00edrport\u00e1l\" class=\"yoast-seo-meta-tag\" \/>\n<meta property=\"article:publisher\" content=\"https:\/\/www.facebook.com\/dorogimedence\/\" class=\"yoast-seo-meta-tag\" \/>\n<meta property=\"article:published_time\" content=\"2025-06-21T12:32:26+00:00\" class=\"yoast-seo-meta-tag\" \/>\n<meta property=\"article:modified_time\" content=\"2025-06-21T13:34:51+00:00\" class=\"yoast-seo-meta-tag\" \/>\n<meta property=\"og:image\" content=\"https:\/\/dorogimedence.hu\/wp-content\/uploads\/2025\/06\/aknatorony-01.jpg\" class=\"yoast-seo-meta-tag\" \/>\n\t<meta property=\"og:image:width\" content=\"1920\" class=\"yoast-seo-meta-tag\" \/>\n\t<meta property=\"og:image:height\" content=\"970\" class=\"yoast-seo-meta-tag\" \/>\n\t<meta property=\"og:image:type\" content=\"image\/jpeg\" class=\"yoast-seo-meta-tag\" \/>\n<meta name=\"author\" content=\"dorogimedence.hu\" class=\"yoast-seo-meta-tag\" \/>\n<meta name=\"twitter:card\" content=\"summary_large_image\" class=\"yoast-seo-meta-tag\" \/>\n<meta name=\"twitter:label1\" content=\"Szerz\u0151:\" class=\"yoast-seo-meta-tag\" \/>\n\t<meta name=\"twitter:data1\" content=\"dorogimedence.hu\" class=\"yoast-seo-meta-tag\" \/>\n\t<meta name=\"twitter:label2\" content=\"Becs\u00fclt olvas\u00e1si id\u0151\" class=\"yoast-seo-meta-tag\" \/>\n\t<meta name=\"twitter:data2\" content=\"4 perc\" class=\"yoast-seo-meta-tag\" \/>\n<script type=\"application\/ld+json\" class=\"yoast-schema-graph\">{\"@context\":\"https:\\\/\\\/schema.org\",\"@graph\":[{\"@type\":\"Article\",\"@id\":\"https:\\\/\\\/dorogimedence.hu\\\/index.php\\\/2025\\\/06\\\/21\\\/atadtak-az-aknatorony-kilatot-dorogon\\\/#article\",\"isPartOf\":{\"@id\":\"https:\\\/\\\/dorogimedence.hu\\\/index.php\\\/2025\\\/06\\\/21\\\/atadtak-az-aknatorony-kilatot-dorogon\\\/\"},\"author\":{\"name\":\"dorogimedence.hu\",\"@id\":\"https:\\\/\\\/dorogimedence.hu\\\/#\\\/schema\\\/person\\\/ce6091eeb7e95ecdc87890d6aa8e0fd4\"},\"headline\":\"\u00c1tadt\u00e1k az Aknatorony-kil\u00e1t\u00f3t Dorogon\",\"datePublished\":\"2025-06-21T12:32:26+00:00\",\"dateModified\":\"2025-06-21T13:34:51+00:00\",\"mainEntityOfPage\":{\"@id\":\"https:\\\/\\\/dorogimedence.hu\\\/index.php\\\/2025\\\/06\\\/21\\\/atadtak-az-aknatorony-kilatot-dorogon\\\/\"},\"wordCount\":824,\"publisher\":{\"@id\":\"https:\\\/\\\/dorogimedence.hu\\\/#organization\"},\"image\":{\"@id\":\"https:\\\/\\\/dorogimedence.hu\\\/index.php\\\/2025\\\/06\\\/21\\\/atadtak-az-aknatorony-kilatot-dorogon\\\/#primaryimage\"},\"thumbnailUrl\":\"https:\\\/\\\/dorogimedence.hu\\\/wp-content\\\/uploads\\\/2025\\\/06\\\/aknatorony-01.jpg\",\"keywords\":[\"Aknatorony-kil\u00e1t\u00f3\",\"Dorog\",\"featured\"],\"articleSection\":[\"Dorog\",\"H\u00edrek\"],\"inLanguage\":\"hu\"},{\"@type\":\"WebPage\",\"@id\":\"https:\\\/\\\/dorogimedence.hu\\\/index.php\\\/2025\\\/06\\\/21\\\/atadtak-az-aknatorony-kilatot-dorogon\\\/\",\"url\":\"https:\\\/\\\/dorogimedence.hu\\\/index.php\\\/2025\\\/06\\\/21\\\/atadtak-az-aknatorony-kilatot-dorogon\\\/\",\"name\":\"\u00c1tadt\u00e1k az Aknatorony-kil\u00e1t\u00f3t Dorogon\",\"isPartOf\":{\"@id\":\"https:\\\/\\\/dorogimedence.hu\\\/#website\"},\"primaryImageOfPage\":{\"@id\":\"https:\\\/\\\/dorogimedence.hu\\\/index.php\\\/2025\\\/06\\\/21\\\/atadtak-az-aknatorony-kilatot-dorogon\\\/#primaryimage\"},\"image\":{\"@id\":\"https:\\\/\\\/dorogimedence.hu\\\/index.php\\\/2025\\\/06\\\/21\\\/atadtak-az-aknatorony-kilatot-dorogon\\\/#primaryimage\"},\"thumbnailUrl\":\"https:\\\/\\\/dorogimedence.hu\\\/wp-content\\\/uploads\\\/2025\\\/06\\\/aknatorony-01.jpg\",\"datePublished\":\"2025-06-21T12:32:26+00:00\",\"dateModified\":\"2025-06-21T13:34:51+00:00\",\"breadcrumb\":{\"@id\":\"https:\\\/\\\/dorogimedence.hu\\\/index.php\\\/2025\\\/06\\\/21\\\/atadtak-az-aknatorony-kilatot-dorogon\\\/#breadcrumb\"},\"inLanguage\":\"hu\",\"potentialAction\":[{\"@type\":\"ReadAction\",\"target\":[\"https:\\\/\\\/dorogimedence.hu\\\/index.php\\\/2025\\\/06\\\/21\\\/atadtak-az-aknatorony-kilatot-dorogon\\\/\"]}]},{\"@type\":\"ImageObject\",\"inLanguage\":\"hu\",\"@id\":\"https:\\\/\\\/dorogimedence.hu\\\/index.php\\\/2025\\\/06\\\/21\\\/atadtak-az-aknatorony-kilatot-dorogon\\\/#primaryimage\",\"url\":\"https:\\\/\\\/dorogimedence.hu\\\/wp-content\\\/uploads\\\/2025\\\/06\\\/aknatorony-01.jpg\",\"contentUrl\":\"https:\\\/\\\/dorogimedence.hu\\\/wp-content\\\/uploads\\\/2025\\\/06\\\/aknatorony-01.jpg\",\"width\":1920,\"height\":970},{\"@type\":\"BreadcrumbList\",\"@id\":\"https:\\\/\\\/dorogimedence.hu\\\/index.php\\\/2025\\\/06\\\/21\\\/atadtak-az-aknatorony-kilatot-dorogon\\\/#breadcrumb\",\"itemListElement\":[{\"@type\":\"ListItem\",\"position\":1,\"name\":\"Kezd\u0151lap\",\"item\":\"https:\\\/\\\/dorogimedence.hu\\\/\"},{\"@type\":\"ListItem\",\"position\":2,\"name\":\"\u00c1tadt\u00e1k az Aknatorony-kil\u00e1t\u00f3t Dorogon\"}]},{\"@type\":\"WebSite\",\"@id\":\"https:\\\/\\\/dorogimedence.hu\\\/#website\",\"url\":\"https:\\\/\\\/dorogimedence.hu\\\/\",\"name\":\"Dorogi-medence Region\u00e1lis H\u00edrport\u00e1l\",\"description\":\"Dorog, Keszt\u00f6lc, Le\u00e1nyv\u00e1r, Piliscs\u00e9v, Tokod, Tokodalt\u00e1r\u00f3, Csolnok, Esztergom-kertv\u00e1ros: h\u00edrek, programok\",\"publisher\":{\"@id\":\"https:\\\/\\\/dorogimedence.hu\\\/#organization\"},\"potentialAction\":[{\"@type\":\"SearchAction\",\"target\":{\"@type\":\"EntryPoint\",\"urlTemplate\":\"https:\\\/\\\/dorogimedence.hu\\\/?s={search_term_string}\"},\"query-input\":{\"@type\":\"PropertyValueSpecification\",\"valueRequired\":true,\"valueName\":\"search_term_string\"}}],\"inLanguage\":\"hu\"},{\"@type\":\"Organization\",\"@id\":\"https:\\\/\\\/dorogimedence.hu\\\/#organization\",\"name\":\"Dorogi-medence Region\u00e1lis H\u00edrport\u00e1l\",\"url\":\"https:\\\/\\\/dorogimedence.hu\\\/\",\"logo\":{\"@type\":\"ImageObject\",\"inLanguage\":\"hu\",\"@id\":\"https:\\\/\\\/dorogimedence.hu\\\/#\\\/schema\\\/logo\\\/image\\\/\",\"url\":\"https:\\\/\\\/dorogimedence.hu\\\/wp-content\\\/uploads\\\/2021\\\/04\\\/logo-feher-600.png\",\"contentUrl\":\"https:\\\/\\\/dorogimedence.hu\\\/wp-content\\\/uploads\\\/2021\\\/04\\\/logo-feher-600.png\",\"width\":600,\"height\":100,\"caption\":\"Dorogi-medence Region\u00e1lis H\u00edrport\u00e1l\"},\"image\":{\"@id\":\"https:\\\/\\\/dorogimedence.hu\\\/#\\\/schema\\\/logo\\\/image\\\/\"},\"sameAs\":[\"https:\\\/\\\/www.facebook.com\\\/dorogimedence\\\/\"]},{\"@type\":\"Person\",\"@id\":\"https:\\\/\\\/dorogimedence.hu\\\/#\\\/schema\\\/person\\\/ce6091eeb7e95ecdc87890d6aa8e0fd4\",\"name\":\"dorogimedence.hu\",\"image\":{\"@type\":\"ImageObject\",\"inLanguage\":\"hu\",\"@id\":\"\\\/\\\/www.gravatar.com\\\/avatar\\\/d8d45f8901aadff40a4af72c0b826f1d?s=96&#038;r=g&#038;d=mm\",\"url\":\"\\\/\\\/www.gravatar.com\\\/avatar\\\/d8d45f8901aadff40a4af72c0b826f1d?s=96&#038;r=g&#038;d=mm\",\"contentUrl\":\"\\\/\\\/www.gravatar.com\\\/avatar\\\/d8d45f8901aadff40a4af72c0b826f1d?s=96&#038;r=g&#038;d=mm\",\"caption\":\"dorogimedence.hu\"}}]}<\/script>\n<!-- \/ Yoast SEO plugin. -->","yoast_head_json":{"title":"\u00c1tadt\u00e1k az Aknatorony-kil\u00e1t\u00f3t Dorogon","robots":{"index":"index","follow":"follow","max-snippet":"max-snippet:-1","max-image-preview":"max-image-preview:large","max-video-preview":"max-video-preview:-1"},"canonical":"https:\/\/dorogimedence.hu\/index.php\/2025\/06\/21\/atadtak-az-aknatorony-kilatot-dorogon\/","og_locale":"hu_HU","og_type":"article","og_title":"\u00c1tadt\u00e1k az Aknatorony-kil\u00e1t\u00f3t Dorogon","og_description":"J\u00fanius 21-\u00e9n, szombaton d\u00e9lel\u0151tt \u00fcnnep\u00e9lyes keretek k\u00f6z\u00f6tt adt\u00e1k \u00e1t az Aknatorony-kil\u00e1t\u00f3t Dorogon, amely a Kom\u00e1rom-Esztergom V\u00e1rmegyei \u00d6nkorm\u00e1nyzat \u00e1ltal koordin\u00e1lt Ter\u00fclet- \u00e9s Telep\u00fcl\u00e9sfejleszt\u00e9si Operat\u00edv Program Plusz (TOP Plusz) keret\u00e9ben val\u00f3sult meg. Az esem\u00e9ny a G\u00e1thy Zolt\u00e1n V\u00e1rosi K\u00f6nyvt\u00e1r emeleti gal\u00e9ri\u00e1j\u00e1ban kezd\u0151d\u00f6tt, ahol dr. Tittmann J\u00e1nos, Dorog polg\u00e1rmestere a K\u00e1lv\u00e1ria 100 \u00e9ves t\u00f6rt\u00e9net\u00e9r\u0151l tartott el\u0151ad\u00e1st. Az el\u0151ad\u00e1s","og_url":"https:\/\/dorogimedence.hu\/index.php\/2025\/06\/21\/atadtak-az-aknatorony-kilatot-dorogon\/","og_site_name":"Dorogi-medence Region\u00e1lis H\u00edrport\u00e1l","article_publisher":"https:\/\/www.facebook.com\/dorogimedence\/","article_published_time":"2025-06-21T12:32:26+00:00","article_modified_time":"2025-06-21T13:34:51+00:00","og_image":[{"width":1920,"height":970,"url":"https:\/\/dorogimedence.hu\/wp-content\/uploads\/2025\/06\/aknatorony-01.jpg","type":"image\/jpeg"}],"author":"dorogimedence.hu","twitter_card":"summary_large_image","twitter_misc":{"Szerz\u0151:":"dorogimedence.hu","Becs\u00fclt olvas\u00e1si id\u0151":"4 perc"},"schema":{"@context":"https:\/\/schema.org","@graph":[{"@type":"Article","@id":"https:\/\/dorogimedence.hu\/index.php\/2025\/06\/21\/atadtak-az-aknatorony-kilatot-dorogon\/#article","isPartOf":{"@id":"https:\/\/dorogimedence.hu\/index.php\/2025\/06\/21\/atadtak-az-aknatorony-kilatot-dorogon\/"},"author":{"name":"dorogimedence.hu","@id":"https:\/\/dorogimedence.hu\/#\/schema\/person\/ce6091eeb7e95ecdc87890d6aa8e0fd4"},"headline":"\u00c1tadt\u00e1k az Aknatorony-kil\u00e1t\u00f3t Dorogon","datePublished":"2025-06-21T12:32:26+00:00","dateModified":"2025-06-21T13:34:51+00:00","mainEntityOfPage":{"@id":"https:\/\/dorogimedence.hu\/index.php\/2025\/06\/21\/atadtak-az-aknatorony-kilatot-dorogon\/"},"wordCount":824,"publisher":{"@id":"https:\/\/dorogimedence.hu\/#organization"},"image":{"@id":"https:\/\/dorogimedence.hu\/index.php\/2025\/06\/21\/atadtak-az-aknatorony-kilatot-dorogon\/#primaryimage"},"thumbnailUrl":"https:\/\/dorogimedence.hu\/wp-content\/uploads\/2025\/06\/aknatorony-01.jpg","keywords":["Aknatorony-kil\u00e1t\u00f3","Dorog","featured"],"articleSection":["Dorog","H\u00edrek"],"inLanguage":"hu"},{"@type":"WebPage","@id":"https:\/\/dorogimedence.hu\/index.php\/2025\/06\/21\/atadtak-az-aknatorony-kilatot-dorogon\/","url":"https:\/\/dorogimedence.hu\/index.php\/2025\/06\/21\/atadtak-az-aknatorony-kilatot-dorogon\/","name":"\u00c1tadt\u00e1k az Aknatorony-kil\u00e1t\u00f3t Dorogon","isPartOf":{"@id":"https:\/\/dorogimedence.hu\/#website"},"primaryImageOfPage":{"@id":"https:\/\/dorogimedence.hu\/index.php\/2025\/06\/21\/atadtak-az-aknatorony-kilatot-dorogon\/#primaryimage"},"image":{"@id":"https:\/\/dorogimedence.hu\/index.php\/2025\/06\/21\/atadtak-az-aknatorony-kilatot-dorogon\/#primaryimage"},"thumbnailUrl":"https:\/\/dorogimedence.hu\/wp-content\/uploads\/2025\/06\/aknatorony-01.jpg","datePublished":"2025-06-21T12:32:26+00:00","dateModified":"2025-06-21T13:34:51+00:00","breadcrumb":{"@id":"https:\/\/dorogimedence.hu\/index.php\/2025\/06\/21\/atadtak-az-aknatorony-kilatot-dorogon\/#breadcrumb"},"inLanguage":"hu","potentialAction":[{"@type":"ReadAction","target":["https:\/\/dorogimedence.hu\/index.php\/2025\/06\/21\/atadtak-az-aknatorony-kilatot-dorogon\/"]}]},{"@type":"ImageObject","inLanguage":"hu","@id":"https:\/\/dorogimedence.hu\/index.php\/2025\/06\/21\/atadtak-az-aknatorony-kilatot-dorogon\/#primaryimage","url":"https:\/\/dorogimedence.hu\/wp-content\/uploads\/2025\/06\/aknatorony-01.jpg","contentUrl":"https:\/\/dorogimedence.hu\/wp-content\/uploads\/2025\/06\/aknatorony-01.jpg","width":1920,"height":970},{"@type":"BreadcrumbList","@id":"https:\/\/dorogimedence.hu\/index.php\/2025\/06\/21\/atadtak-az-aknatorony-kilatot-dorogon\/#breadcrumb","itemListElement":[{"@type":"ListItem","position":1,"name":"Kezd\u0151lap","item":"https:\/\/dorogimedence.hu\/"},{"@type":"ListItem","position":2,"name":"\u00c1tadt\u00e1k az Aknatorony-kil\u00e1t\u00f3t Dorogon"}]},{"@type":"WebSite","@id":"https:\/\/dorogimedence.hu\/#website","url":"https:\/\/dorogimedence.hu\/","name":"Dorogi-medence Region\u00e1lis H\u00edrport\u00e1l","description":"Dorog, Keszt\u00f6lc, Le\u00e1nyv\u00e1r, Piliscs\u00e9v, Tokod, Tokodalt\u00e1r\u00f3, Csolnok, Esztergom-kertv\u00e1ros: h\u00edrek, programok","publisher":{"@id":"https:\/\/dorogimedence.hu\/#organization"},"potentialAction":[{"@type":"SearchAction","target":{"@type":"EntryPoint","urlTemplate":"https:\/\/dorogimedence.hu\/?s={search_term_string}"},"query-input":{"@type":"PropertyValueSpecification","valueRequired":true,"valueName":"search_term_string"}}],"inLanguage":"hu"},{"@type":"Organization","@id":"https:\/\/dorogimedence.hu\/#organization","name":"Dorogi-medence Region\u00e1lis H\u00edrport\u00e1l","url":"https:\/\/dorogimedence.hu\/","logo":{"@type":"ImageObject","inLanguage":"hu","@id":"https:\/\/dorogimedence.hu\/#\/schema\/logo\/image\/","url":"https:\/\/dorogimedence.hu\/wp-content\/uploads\/2021\/04\/logo-feher-600.png","contentUrl":"https:\/\/dorogimedence.hu\/wp-content\/uploads\/2021\/04\/logo-feher-600.png","width":600,"height":100,"caption":"Dorogi-medence Region\u00e1lis H\u00edrport\u00e1l"},"image":{"@id":"https:\/\/dorogimedence.hu\/#\/schema\/logo\/image\/"},"sameAs":["https:\/\/www.facebook.com\/dorogimedence\/"]},{"@type":"Person","@id":"https:\/\/dorogimedence.hu\/#\/schema\/person\/ce6091eeb7e95ecdc87890d6aa8e0fd4","name":"dorogimedence.hu","image":{"@type":"ImageObject","inLanguage":"hu","@id":"\/\/www.gravatar.com\/avatar\/d8d45f8901aadff40a4af72c0b826f1d?s=96&#038;r=g&#038;d=mm","url":"\/\/www.gravatar.com\/avatar\/d8d45f8901aadff40a4af72c0b826f1d?s=96&#038;r=g&#038;d=mm","contentUrl":"\/\/www.gravatar.com\/avatar\/d8d45f8901aadff40a4af72c0b826f1d?s=96&#038;r=g&#038;d=mm","caption":"dorogimedence.hu"}}]}},"_links":{"self":[{"href":"https:\/\/dorogimedence.hu\/index.php\/wp-json\/wp\/v2\/posts\/72108","targetHints":{"allow":["GET"]}}],"collection":[{"href":"https:\/\/dorogimedence.hu\/index.php\/wp-json\/wp\/v2\/posts"}],"about":[{"href":"https:\/\/dorogimedence.hu\/index.php\/wp-json\/wp\/v2\/types\/post"}],"author":[{"embeddable":true,"href":"https:\/\/dorogimedence.hu\/index.php\/wp-json\/wp\/v2\/users\/1"}],"replies":[{"embeddable":true,"href":"https:\/\/dorogimedence.hu\/index.php\/wp-json\/wp\/v2\/comments?post=72108"}],"version-history":[{"count":0,"href":"https:\/\/dorogimedence.hu\/index.php\/wp-json\/wp\/v2\/posts\/72108\/revisions"}],"wp:featuredmedia":[{"embeddable":true,"href":"https:\/\/dorogimedence.hu\/index.php\/wp-json\/wp\/v2\/media\/72109"}],"wp:attachment":[{"href":"https:\/\/dorogimedence.hu\/index.php\/wp-json\/wp\/v2\/media?parent=72108"}],"wp:term":[{"taxonomy":"category","embeddable":true,"href":"https:\/\/dorogimedence.hu\/index.php\/wp-json\/wp\/v2\/categories?post=72108"},{"taxonomy":"post_tag","embeddable":true,"href":"https:\/\/dorogimedence.hu\/index.php\/wp-json\/wp\/v2\/tags?post=72108"}],"curies":[{"name":"wp","href":"https:\/\/api.w.org\/{rel}","templated":true}]}}